{"id":10065,"date":"2023-11-24T18:00:00","date_gmt":"2023-11-24T17:00:00","guid":{"rendered":"https:\/\/dieter-jenz.de\/lc\/?p=10065"},"modified":"2023-11-24T17:40:27","modified_gmt":"2023-11-24T16:40:27","slug":"wann-entsteht-das-individuelle-selbst","status":"publish","type":"post","link":"https:\/\/dieter-jenz.de\/lc\/wann-entsteht-das-individuelle-selbst\/","title":{"rendered":"Wann entsteht das individuelle Selbst?"},"content":{"rendered":"<div class=\"yoast-breadcrumbs\"><span><span><a href=\"https:\/\/dieter-jenz.de\/lc\/\">Home<\/a><\/span> \u00bb <span><a href=\"https:\/\/dieter-jenz.de\/lc\/category\/lebensfragen\/\">Lebensfragen<\/a><\/span> \u00bb <span class=\"breadcrumb_last\" aria-current=\"page\"><strong>Wann entsteht das individuelle Selbst?<\/strong><\/span><\/span><\/div>\n\n\n<div style=\"height:40px\" aria-hidden=\"true\" class=\"wp-block-spacer\"><\/div>\n\n\n\n<p>Wann entsteht das individuelle Selbst? Beginnt der Prozess der Entwicklung des individuellen Selbst schon im Mutterleib? Falls ja: Ab wann kann ein Kind im Mutterleib seelische Regungen zeigen, Reize aufnehmen, sie auch erleben und auf sie reagieren?<\/p>\n\n\n\n<p>Es ist zwar noch ein weiter Weg, bis die Selbstwahrnehmung des Kindes ausreift und es wei\u00df, dass es ein eigenst\u00e4ndiges Wesen ist. Dies wird erst im Alter von 18-24 Monaten soweit sein. Dennoch: nicht nur der K\u00f6rper entwickelt sich, sondern auch das individuelle Selbst.<\/p>\n\n\n\n<!--more-->\n\n\n\n<p><strong>Inhalte:<\/strong><\/p>\n\n\n\n<nav class=\"wp-block-table-of-contents\"><ol><li><a class=\"wp-block-table-of-contents__entry\" href=\"https:\/\/dieter-jenz.de\/lc\/wann-entsteht-das-individuelle-selbst\/#markante-entwicklungsschritte-des-physischen-korpers\">Markante Entwicklungsschritte des physischen K\u00f6rpers<\/a><\/li><li><a class=\"wp-block-table-of-contents__entry\" href=\"https:\/\/dieter-jenz.de\/lc\/wann-entsteht-das-individuelle-selbst\/#markante-entwicklungsschritte-des-individuellen-selbst\">Markante Entwicklungsschritte des individuellen Selbst<\/a><\/li><li><a class=\"wp-block-table-of-contents__entry\" href=\"https:\/\/dieter-jenz.de\/lc\/wann-entsteht-das-individuelle-selbst\/#die-frage-der-beseelung\">Die Frage der Beseelung<\/a><ol><li><a class=\"wp-block-table-of-contents__entry\" href=\"https:\/\/dieter-jenz.de\/lc\/wann-entsteht-das-individuelle-selbst\/#das-konzept-der-sukzessiven-beseelung\">Das Konzept der sukzessiven Beseelung<\/a><\/li><li><a class=\"wp-block-table-of-contents__entry\" href=\"https:\/\/dieter-jenz.de\/lc\/wann-entsteht-das-individuelle-selbst\/#das-konzept-der-beseelung-in-den-offenbarungsreligionen\">Das Konzept der Beseelung in den Offenbarungsreligionen<\/a><\/li><li><a class=\"wp-block-table-of-contents__entry\" href=\"https:\/\/dieter-jenz.de\/lc\/wann-entsteht-das-individuelle-selbst\/#fortschritte-in-wissenschaft-und-forschung\">Fortschritte in Wissenschaft und Forschung<\/a><\/li><li><a class=\"wp-block-table-of-contents__entry\" href=\"https:\/\/dieter-jenz.de\/lc\/wann-entsteht-das-individuelle-selbst\/#argumente-gegen-das-konzept-der-beseelung\">Argumente gegen das Konzept der Beseelung<\/a><\/li><\/ol><\/li><\/ol><\/nav>\n\n\n\n<div class=\"wp-block-media-text is-stacked-on-mobile has-background-background-color has-background\" style=\"grid-template-columns:15% auto\"><figure class=\"wp-block-media-text__media\"><a href=\"https:\/\/dieter-jenz.de\/lc\/was-geschieht-mit-mir-wenn-ich-sterbe\/\"><img loading=\"lazy\" decoding=\"async\" width=\"800\" height=\"800\" src=\"https:\/\/dieter-jenz.de\/lc\/wp-content\/uploads\/2022\/03\/Beitragsbild-Was-geschieht-mit-mir-wenn-ich-sterbe.jpeg\" alt=\"Was geschieht mit mir wenn ich sterbe - Gestaltung: privat\" class=\"wp-image-7029 size-full\" srcset=\"https:\/\/dieter-jenz.de\/lc\/wp-content\/uploads\/2022\/03\/Beitragsbild-Was-geschieht-mit-mir-wenn-ich-sterbe.jpeg 800w, https:\/\/dieter-jenz.de\/lc\/wp-content\/uploads\/2022\/03\/Beitragsbild-Was-geschieht-mit-mir-wenn-ich-sterbe-300x300.jpeg 300w, https:\/\/dieter-jenz.de\/lc\/wp-content\/uploads\/2022\/03\/Beitragsbild-Was-geschieht-mit-mir-wenn-ich-sterbe-150x150.jpeg 150w, https:\/\/dieter-jenz.de\/lc\/wp-content\/uploads\/2022\/03\/Beitragsbild-Was-geschieht-mit-mir-wenn-ich-sterbe-768x768.jpeg 768w, https:\/\/dieter-jenz.de\/lc\/wp-content\/uploads\/2022\/03\/Beitragsbild-Was-geschieht-mit-mir-wenn-ich-sterbe-540x540.jpeg 540w\" sizes=\"(max-width: 800px) 100vw, 800px\" \/><\/a><\/figure><div class=\"wp-block-media-text__content\">\n<p class=\"has-border-background-color has-background has-normal-font-size\">Dieser Beitrag ist Teil der Serie &#8222;<em>Was geschieht mit mir wenn ich sterbe?<\/em>&#8220; <br>Grobes <a href=\"https:\/\/dieter-jenz.de\/lc\/was-geschieht-mit-mir-wenn-ich-sterbe\/\" target=\"_blank\" rel=\"noreferrer noopener\">Inhaltsverzeichnis<\/a><\/p>\n<\/div><\/div>\n\n\n\n<p>Der Lebenszyklus, dem der physische K\u00f6rper unterliegt, beginnt mit der Entstehung der Zygote. Diese, eine diploide Zelle mit vollst\u00e4ndigem Chromosomensatz (23 Chromosomenpaare, entsprechend 46 Chromosomen), entsteht bei der Vereinigung von weiblicher Eizelle und m\u00e4nnlichem Spermium zu einer Zelle. Eine befruchtete Zelle enth\u00e4lt demnach einen doppelten Chromosomensatz aus m\u00fctterlichen und v\u00e4terlichen Erbanlagen.<\/p>\n\n\n\n<p>Chromosomen, die jedes Lebewesen im Kern jeder einzelnen Zelle besitzt, sind Tr\u00e4ger von Erbanlagen. Sie bestehen aus Desoxyribonukleins\u00e4ure (engl.: deoxyribonucleic acid, DNA) und Proteinen. Auf der DNA befinden sich in einzelnen Abschnitten die Gene. Ein Chromosom enth\u00e4lt mehrere Hundert bis mehrere Tausend Gene. Die Chromosomen unterscheiden sich somit deutlich voneinander. W\u00e4hrend das gr\u00f6\u00dfte Chromosom (Chromosom 1) nahezu 3000 Gene umfasst, sind es auf dem kleinsten (Y-Chromosom) nur 231.<\/p>\n\n\n\n<p>Der Bauplan des biologischen Lebens liegt in den Genen. Doch gibt es auch eine Art \u201eBauplan\u201c des individuellen Selbst? Und was hat welchen Einfluss auf das individuelle Selbst? Inwieweit bestimmen beispielsweise die Gene, ob jemand selbstbewusst oder eher scheu ist? Werden auch Charaktereigenschaften vererbt? Was wird vererbt, was wird erlernt? Was das individuelle Selbst anbelangt, sind noch viele Fragen offen.<\/p>\n\n\n\n<p>Um Antworten n\u00e4herzukommen, erscheint es zielf\u00fchrend zu sein, markante Entwicklungsschritte in der pr\u00e4natalen Phase und neuere Erkenntnisse aus Wissenschaft und Forschung kurz zu betrachten. Dar\u00fcber hinaus erscheint f\u00fcr das Verst\u00e4ndnis hilfreich, das Konzept der Beseelung ebenfalls in K\u00fcrze zu beleuchten.<\/p>\n\n\n\n<h3 class=\"wp-block-heading\" id=\"markante-entwicklungsschritte-des-physischen-korpers\"><strong>Markante Entwicklungsschritte des physischen K\u00f6rpers<\/strong><\/h3>\n\n\n\n<p>Aus der Zygote entwickelt sich ein neuer Organismus, der Embryo. Das Embryonalstadium w\u00e4hrt vom ersten Tag nach der Befruchtung bis zur achten Schwangerschaftswoche. W\u00e4hrend dieser Zeit werden immer mehr Zellen produziert. Die Basis f\u00fcr alle K\u00f6rperstrukturen und Organe wird geschaffen.<\/p>\n\n\n\n<p>Die Entwicklung von Gehirn und Nervensystem beginnt mit der dritten Schwangerschaftswoche. In der folgenden Woche sind die beiden Gehirnh\u00e4lften sichtbar. In der sechsten Schwangerschaftswoche sind erste Hirnstrukturen, darunter das Kleinhirn und die Gro\u00dfhirnrinde, entstanden. Bis zum Ende der achten Schwangerschaftswoche sind Gehirn und R\u00fcckenmark fast vollst\u00e4ndig angelegt.<\/p>\n\n\n\n<p>Bereits ab dem 22. Tag der Schwangerschaft beginnt das Herz zu schlagen. Ab der sechsten Schwangerschaftswoche ist der Herzschlag auch auf dem Ultraschall nachweisbar.<\/p>\n\n\n\n<p>Die Entwicklung der Lunge beginnt bereits um den 28. Tag der Schwangerschaft. Die Lunge beginnt mit Ausdehnung und Kontraktion. Jedoch haben diese Ausdehnungs- und Kontraktionsbewegungen noch nichts mit dem eigentlichen Atmungsvorgang zu tun. Bis zur Geburt \u00fcbernimmt die Mutter die Sauerstoffversorgung des Kindes.<\/p>\n\n\n<div class=\"su-box su-box-style-default\" id=\"\" style=\"border-color:#000000;border-radius:3px;\"><div class=\"su-box-title\" style=\"background-color:#333333;color:#FFFFFF;border-top-left-radius:1px;border-top-right-radius:1px\">Letzte Beitr\u00e4ge <\/div><div class=\"su-box-content su-u-clearfix su-u-trim\" style=\"border-bottom-left-radius:1px;border-bottom-right-radius:1px\"><div class=\"su-expand su-expand-collapsed su-expand-link-style-default\" data-height=\"100\"><div class=\"su-expand-content su-u-trim\" style=\"color:#333333;max-height:100px;overflow:hidden\">\n\n<div class=\"su-posts su-posts-teaser-loop \">\n\n\t\t\t\t\t\t\n\t\t\t\n\t\t\t<div id=\"su-post-12357\" class=\"su-post \">\n\t\t\t\t\t\t\t\t\t<a class=\"su-post-thumbnail\" href=\"https:\/\/dieter-jenz.de\/lc\/die-realitaet-das-individuelle-selbst-befindet-sich-nicht-im-gehirn\/\"><img loading=\"lazy\" decoding=\"async\" width=\"800\" height=\"800\" src=\"https:\/\/dieter-jenz.de\/lc\/wp-content\/uploads\/2024\/11\/Beitragsbild-Realitaet-Individuelles-Selbst-nicht-im-Gehirn.jpeg\" class=\"attachment-post-thumbnail size-post-thumbnail wp-post-image\" alt=\"Realit\u00e4t Das individuelle Selbst befindet sich nicht im Gehirn - Gestaltung: privat\" \/><\/a>\n\t\t\t\t\t\t\t\t<h2 class=\"su-post-title\"><a href=\"https:\/\/dieter-jenz.de\/lc\/die-realitaet-das-individuelle-selbst-befindet-sich-nicht-im-gehirn\/\">Die Realit\u00e4t: Das individuelle Selbst befindet sich nicht im Gehirn<\/a><\/h2>\n\t\t\t<\/div>\n\n\t\t\t\t\t\n\t\t\t\n\t\t\t<div id=\"su-post-12328\" class=\"su-post \">\n\t\t\t\t\t\t\t\t\t<a class=\"su-post-thumbnail\" href=\"https:\/\/dieter-jenz.de\/lc\/verifikation-der-eis-hypothese-ungewoehnliche-erinnerungen\/\"><img loading=\"lazy\" decoding=\"async\" width=\"800\" height=\"800\" src=\"https:\/\/dieter-jenz.de\/lc\/wp-content\/uploads\/2024\/11\/Beitragsbild-Verifikation-EIS-Hypothese-Ungewoehnliche-Erinnerungen.jpeg\" class=\"attachment-post-thumbnail size-post-thumbnail wp-post-image\" alt=\"Verifikation frt EIS-Hypothese: Ungew\u00f6hnliche Erinnerungen - Gestaltung: privat\" \/><\/a>\n\t\t\t\t\t\t\t\t<h2 class=\"su-post-title\"><a href=\"https:\/\/dieter-jenz.de\/lc\/verifikation-der-eis-hypothese-ungewoehnliche-erinnerungen\/\">Verifikation der EIS-Hypothese: Ungew\u00f6hnliche Erinnerungen<\/a><\/h2>\n\t\t\t<\/div>\n\n\t\t\t\t\t\n\t\t\t\n\t\t\t<div id=\"su-post-12313\" class=\"su-post \">\n\t\t\t\t\t\t\t\t\t<a class=\"su-post-thumbnail\" href=\"https:\/\/dieter-jenz.de\/lc\/verifikation-der-eis-hypothese-terminale-geistesklarheit\/\"><img loading=\"lazy\" decoding=\"async\" width=\"800\" height=\"800\" src=\"https:\/\/dieter-jenz.de\/lc\/wp-content\/uploads\/2024\/11\/Beitragsbild-Verifikation-EIS-Hypothese-Terminale-Geistesklarheit.jpeg\" class=\"attachment-post-thumbnail size-post-thumbnail wp-post-image\" alt=\"Verifikation der EIS-Hypothese: Terminale Geistesklarheit - Gestaltung: privat\" \/><\/a>\n\t\t\t\t\t\t\t\t<h2 class=\"su-post-title\"><a href=\"https:\/\/dieter-jenz.de\/lc\/verifikation-der-eis-hypothese-terminale-geistesklarheit\/\">Verifikation der EIS-Hypothese: Terminale Geistesklarheit<\/a><\/h2>\n\t\t\t<\/div>\n\n\t\t\t\t\t\n\t\t\t\n\t\t\t<div id=\"su-post-12248\" class=\"su-post \">\n\t\t\t\t\t\t\t\t\t<a class=\"su-post-thumbnail\" href=\"https:\/\/dieter-jenz.de\/lc\/verifikation-der-eis-hypothese-nahtoderfahrung\/\"><img loading=\"lazy\" decoding=\"async\" width=\"800\" height=\"800\" src=\"https:\/\/dieter-jenz.de\/lc\/wp-content\/uploads\/2024\/10\/Beitragsbild-Verifikation-EIS-Hypothese-Nahtoderfahrung.jpeg\" class=\"attachment-post-thumbnail size-post-thumbnail wp-post-image\" alt=\"Verifikation der EIS-Hypothese: Nahtoderfahrung - Gestaltung: privat\" \/><\/a>\n\t\t\t\t\t\t\t\t<h2 class=\"su-post-title\"><a href=\"https:\/\/dieter-jenz.de\/lc\/verifikation-der-eis-hypothese-nahtoderfahrung\/\">Verifikation der EIS-Hypothese: Nahtoderfahrung<\/a><\/h2>\n\t\t\t<\/div>\n\n\t\t\t\t\t\n\t\t\t\n\t\t\t<div id=\"su-post-12193\" class=\"su-post \">\n\t\t\t\t\t\t\t\t\t<a class=\"su-post-thumbnail\" href=\"https:\/\/dieter-jenz.de\/lc\/das-losloesungsszenario-ist-es-plausibel\/\"><img loading=\"lazy\" decoding=\"async\" width=\"800\" height=\"800\" src=\"https:\/\/dieter-jenz.de\/lc\/wp-content\/uploads\/2024\/09\/Beitragsbild-Losloesungsszenario.jpeg\" class=\"attachment-post-thumbnail size-post-thumbnail wp-post-image\" alt=\"Losl\u00f6sungsszenario - Gestaltung: privat\" \/><\/a>\n\t\t\t\t\t\t\t\t<h2 class=\"su-post-title\"><a href=\"https:\/\/dieter-jenz.de\/lc\/das-losloesungsszenario-ist-es-plausibel\/\">Das Losl\u00f6sungsszenario &#8211; ist es plausibel?<\/a><\/h2>\n\t\t\t<\/div>\n\n\t\t\t\t\t\n\t\t\t\n\t\t\t<div id=\"su-post-12174\" class=\"su-post \">\n\t\t\t\t\t\t\t\t\t<a class=\"su-post-thumbnail\" href=\"https:\/\/dieter-jenz.de\/lc\/das-evakuierungsszenario-ist-es-plausibel\/\"><img loading=\"lazy\" decoding=\"async\" width=\"800\" height=\"800\" src=\"https:\/\/dieter-jenz.de\/lc\/wp-content\/uploads\/2024\/09\/Beitragsbild-Evakuierungsszenario.jpeg\" class=\"attachment-post-thumbnail size-post-thumbnail wp-post-image\" alt=\"Evakuierungsszenario - Gestaltung: privat\" \/><\/a>\n\t\t\t\t\t\t\t\t<h2 class=\"su-post-title\"><a href=\"https:\/\/dieter-jenz.de\/lc\/das-evakuierungsszenario-ist-es-plausibel\/\">Das Evakuierungsszenario &#8211; ist es plausibel?<\/a><\/h2>\n\t\t\t<\/div>\n\n\t\t\t\t\t\n\t\t\t\n\t\t\t<div id=\"su-post-12136\" class=\"su-post \">\n\t\t\t\t\t\t\t\t\t<a class=\"su-post-thumbnail\" href=\"https:\/\/dieter-jenz.de\/lc\/das-erloeschungsszenario-ist-es-plausibel\/\"><img loading=\"lazy\" decoding=\"async\" width=\"800\" height=\"800\" src=\"https:\/\/dieter-jenz.de\/lc\/wp-content\/uploads\/2024\/09\/Beitragsbild-Erloeschungsszenario.jpeg\" class=\"attachment-post-thumbnail size-post-thumbnail wp-post-image\" alt=\"Erl\u00f6schungsszenario - Gestaltung: privat\" \/><\/a>\n\t\t\t\t\t\t\t\t<h2 class=\"su-post-title\"><a href=\"https:\/\/dieter-jenz.de\/lc\/das-erloeschungsszenario-ist-es-plausibel\/\">Das Erl\u00f6schungsszenario &#8211; ist es plausibel?<\/a><\/h2>\n\t\t\t<\/div>\n\n\t\t\t\t\t\n\t\t\t\n\t\t\t<div id=\"su-post-11981\" class=\"su-post \">\n\t\t\t\t\t\t\t\t\t<a class=\"su-post-thumbnail\" href=\"https:\/\/dieter-jenz.de\/lc\/was-sind-nahtoderfahrungenwie-werden-sie-erlebt\/\"><img loading=\"lazy\" decoding=\"async\" width=\"800\" height=\"800\" src=\"https:\/\/dieter-jenz.de\/lc\/wp-content\/uploads\/2024\/07\/Beitragsbild-Was-sind-Nahtoderfahrungen.jpeg\" class=\"attachment-post-thumbnail size-post-thumbnail wp-post-image\" alt=\"Was sind Nahtoderfahrungen - Gestaltung: privat\" \/><\/a>\n\t\t\t\t\t\t\t\t<h2 class=\"su-post-title\"><a href=\"https:\/\/dieter-jenz.de\/lc\/was-sind-nahtoderfahrungenwie-werden-sie-erlebt\/\">Was sind Nahtoderfahrungen? Wie werden sie erlebt?<\/a><\/h2>\n\t\t\t<\/div>\n\n\t\t\t\t\t\n\t\t\t\n\t\t\t<div id=\"su-post-11947\" class=\"su-post \">\n\t\t\t\t\t\t\t\t\t<a class=\"su-post-thumbnail\" href=\"https:\/\/dieter-jenz.de\/lc\/taktile-kommunikation-was-verbirgt-sich-dahinter\/\"><img loading=\"lazy\" decoding=\"async\" width=\"800\" height=\"800\" src=\"https:\/\/dieter-jenz.de\/lc\/wp-content\/uploads\/2024\/07\/Beitragsbild-Taktile-Kommunikation.jpeg\" class=\"attachment-post-thumbnail size-post-thumbnail wp-post-image\" alt=\"Taktile Kommunikation - Gestaltung: privat\" \/><\/a>\n\t\t\t\t\t\t\t\t<h2 class=\"su-post-title\"><a href=\"https:\/\/dieter-jenz.de\/lc\/taktile-kommunikation-was-verbirgt-sich-dahinter\/\">Taktile Kommunikation \u2013 was verbirgt sich dahinter?<\/a><\/h2>\n\t\t\t<\/div>\n\n\t\t\t\t\t\n\t\t\t\n\t\t\t<div id=\"su-post-11943\" class=\"su-post \">\n\t\t\t\t\t\t\t\t\t<a class=\"su-post-thumbnail\" href=\"https:\/\/dieter-jenz.de\/lc\/olfaktorische-kommunikation-was-verbirgt-sich-dahinter\/\"><img loading=\"lazy\" decoding=\"async\" width=\"800\" height=\"800\" src=\"https:\/\/dieter-jenz.de\/lc\/wp-content\/uploads\/2024\/07\/Beitragsbild-Olfaktorische-Kommunikation.jpeg\" class=\"attachment-post-thumbnail size-post-thumbnail wp-post-image\" alt=\"Olfaktorische Kommunikation - Gestaltung: privat\" \/><\/a>\n\t\t\t\t\t\t\t\t<h2 class=\"su-post-title\"><a href=\"https:\/\/dieter-jenz.de\/lc\/olfaktorische-kommunikation-was-verbirgt-sich-dahinter\/\">Olfaktorische Kommunikation \u2013 was verbirgt sich dahinter?<\/a><\/h2>\n\t\t\t<\/div>\n\n\t\t\t\n<\/div>\n  <\/div><div class=\"su-expand-link su-expand-link-more\" style=\"text-align:left\"><a href=\"javascript:;\" style=\"color:#0088FF;border-color:#0088FF\"><span style=\"border-color:#0088FF\">Mehr anzeigen<\/span><\/a><\/div><div class=\"su-expand-link su-expand-link-less\" style=\"text-align:left\"><a href=\"javascript:;\" style=\"color:#0088FF;border-color:#0088FF\"><span style=\"border-color:#0088FF\">Weniger anzeigen<\/span><\/a><\/div><\/div><\/div><\/div>\n\n\n\n<p>In der neunten Schwangerschaftswoche geht das Embryonalstadium in das Fetalstadium \u00fcber, das als l\u00e4ngste pr\u00e4natale Phase bis zur Geburt dauert. Jetzt w\u00e4chst der F\u00f6tus rapide und erh\u00e4lt langsam das Aussehen eines Babys. Die K\u00f6rperstrukturen und Organe wachsen und werden weiter ausgebildet. Ein Schlaf-Wach-Zyklus beginnt. Auch die sinnliche Erfahrung und das \u201eLernen\u201c setzen ein.<\/p>\n\n\n\n<p>In der 12. Schwangerschaftswoche ist der F\u00f6tus etwa 6&nbsp;cm lang und 15&nbsp;g schwer. Sein Herz schl\u00e4gt 120-160&nbsp;mal pro Minute. Der Herzschlag ist auch mit einem Stethoskop h\u00f6rbar. Die \u00e4u\u00dferen Geschlechtsorgane sind ausgebildet. Arme, Finger und Beine sind sichtbar.<\/p>\n\n\n\n<p>Etwa ab diesem Zeitpunkt in der Schwangerschaft lassen sich einige Reflexe beobachten, wie Saugen, Schlucken und Greifen. Die meisten Bewegungen, die auch sp\u00e4ter bei der Geburt beobachtbar sind, sind bereits jetzt schon aufgetreten.<\/p>\n\n\n\n<p>Zu Beginn der 13. Schwangerschaftswoche sind alle Organe ausgebildet. Sie m\u00fcssen nun noch an Gr\u00f6\u00dfe zunehmen und zu ihrer vollen Funktionsf\u00e4higkeit gelangen. Die Bauchspeicheldr\u00fcse hat bereits mit der Produktion von Insulin begonnen, einem Hormon, das der menschliche K\u00f6rper f\u00fcr die Aufspaltung von Zucker ben\u00f6tigt. Auch der Darm ist in dieser Schwangerschaftswoche bereits vollst\u00e4ndig vorhanden. Der F\u00f6tus bekommt zum ersten Mal Stuhlgang. Dabei ist er immer noch nur etwa 6-7&nbsp;cm gro\u00df und wiegt rund 20&nbsp;g.<\/p>\n\n\n\n<p>Im Hinblick auf das Ohr bildet sich um die 15. Schwangerschaftswoche die H\u00f6rschnecke im Mittelohr des F\u00f6tus aus. Etwa sieben Wochen sp\u00e4ter, um die 22. Schwangerschaftswoche, ist das Ohr des F\u00f6tus soweit ausgebildet, dass es erste H\u00f6rerlebnisse sammeln kann. Ab der 28. Schwangerschaftswoche kann das H\u00f6rverm\u00f6gen sicher vorausgesetzt werden.<\/p>\n\n\n\n<p>Etwa nach 28 Schwangerschaftswochen gilt ein F\u00f6tus als au\u00dferhalb des Mutterleibs lebensf\u00e4hig. Das heranwachsende Kind kann jetzt h\u00f6ren, die Augen \u00f6ffnen und das der REM-Schlaf (eine Schlafphase, die unter anderem durch schnelle Augenbewegungen bei geschlossenen Lidern gekennzeichnet ist) l\u00e4sst sich beobachten.<\/p>\n\n\n\n<p>Bei normalem Verlauf dauert die Schwangerschaft durchschnittlich 38 Wochen, gerechnet ab dem Tag der Befruchtung. Dann wird das Kind hoffentlich gesund zur Welt gebracht. Es ist zwar k\u00f6rperlich vollst\u00e4ndig entwickelt, f\u00fcr einige Jahre jedoch auf die F\u00fcrsorge einer oder mehrerer Bezugspersonen, insbesondere die Mutter, angewiesen.<\/p>\n\n\n\n<div class=\"wp-block-group\"><div class=\"wp-block-group__inner-container is-layout-constrained wp-block-group-is-layout-constrained\">\n<figure class=\"wp-block-gallery has-nested-images columns-4 is-cropped wp-block-gallery-1 is-layout-flex wp-block-gallery-is-layout-flex\">\n<figure class=\"wp-block-image size-large\"><a href=\"https:\/\/dieter-jenz.de\/lc\/portal-lebensweisheiten\/\" target=\"_blank\" rel=\"noreferrer noopener\"><img loading=\"lazy\" decoding=\"async\" width=\"800\" height=\"800\" data-id=\"10179\" src=\"https:\/\/dieter-jenz.de\/lc\/wp-content\/uploads\/2023\/12\/Lebensweisheiten.jpeg\" alt=\"Lebensweisheiten - Gestaltung: privat\" class=\"wp-image-10179\" srcset=\"https:\/\/dieter-jenz.de\/lc\/wp-content\/uploads\/2023\/12\/Lebensweisheiten.jpeg 800w, https:\/\/dieter-jenz.de\/lc\/wp-content\/uploads\/2023\/12\/Lebensweisheiten-300x300.jpeg 300w, https:\/\/dieter-jenz.de\/lc\/wp-content\/uploads\/2023\/12\/Lebensweisheiten-150x150.jpeg 150w, https:\/\/dieter-jenz.de\/lc\/wp-content\/uploads\/2023\/12\/Lebensweisheiten-768x768.jpeg 768w, https:\/\/dieter-jenz.de\/lc\/wp-content\/uploads\/2023\/12\/Lebensweisheiten-540x540.jpeg 540w\" sizes=\"(max-width: 800px) 100vw, 800px\" \/><\/a><figcaption class=\"wp-element-caption\">Gestaltung: privat<\/figcaption><\/figure>\n\n\n\n<figure class=\"wp-block-image size-large\"><a href=\"https:\/\/dieter-jenz.de\/lc\/portal-evergreen-themen\/\" target=\"_blank\" rel=\"noreferrer noopener\"><img loading=\"lazy\" decoding=\"async\" width=\"800\" height=\"800\" data-id=\"10200\" src=\"https:\/\/dieter-jenz.de\/lc\/wp-content\/uploads\/2023\/12\/Evergreen-Themen.jpeg\" alt=\"Evergreen-Themen - Gestaltung: privat\" class=\"wp-image-10200\" srcset=\"https:\/\/dieter-jenz.de\/lc\/wp-content\/uploads\/2023\/12\/Evergreen-Themen.jpeg 800w, https:\/\/dieter-jenz.de\/lc\/wp-content\/uploads\/2023\/12\/Evergreen-Themen-300x300.jpeg 300w, https:\/\/dieter-jenz.de\/lc\/wp-content\/uploads\/2023\/12\/Evergreen-Themen-150x150.jpeg 150w, https:\/\/dieter-jenz.de\/lc\/wp-content\/uploads\/2023\/12\/Evergreen-Themen-768x768.jpeg 768w, https:\/\/dieter-jenz.de\/lc\/wp-content\/uploads\/2023\/12\/Evergreen-Themen-540x540.jpeg 540w\" sizes=\"(max-width: 800px) 100vw, 800px\" \/><\/a><figcaption class=\"wp-element-caption\">Gestaltung: privat<\/figcaption><\/figure>\n\n\n\n<figure class=\"wp-block-image size-large\"><a href=\"https:\/\/dieter-jenz.de\/lc\/portal-wissensdurst\/\" target=\"_blank\" rel=\"noreferrer noopener\"><img loading=\"lazy\" decoding=\"async\" width=\"800\" height=\"800\" data-id=\"10177\" src=\"https:\/\/dieter-jenz.de\/lc\/wp-content\/uploads\/2023\/12\/Wissensdurst-Blick-durch-den-Tuerspalt.jpeg\" alt=\"Wissensdurst, Blick durch den T\u00fcrspalt - Gestaltung: privat\" class=\"wp-image-10177\" srcset=\"https:\/\/dieter-jenz.de\/lc\/wp-content\/uploads\/2023\/12\/Wissensdurst-Blick-durch-den-Tuerspalt.jpeg 800w, https:\/\/dieter-jenz.de\/lc\/wp-content\/uploads\/2023\/12\/Wissensdurst-Blick-durch-den-Tuerspalt-300x300.jpeg 300w, https:\/\/dieter-jenz.de\/lc\/wp-content\/uploads\/2023\/12\/Wissensdurst-Blick-durch-den-Tuerspalt-150x150.jpeg 150w, https:\/\/dieter-jenz.de\/lc\/wp-content\/uploads\/2023\/12\/Wissensdurst-Blick-durch-den-Tuerspalt-768x768.jpeg 768w, https:\/\/dieter-jenz.de\/lc\/wp-content\/uploads\/2023\/12\/Wissensdurst-Blick-durch-den-Tuerspalt-540x540.jpeg 540w\" sizes=\"(max-width: 800px) 100vw, 800px\" \/><\/a><figcaption class=\"wp-element-caption\">Gestaltung: privat<\/figcaption><\/figure>\n<\/figure>\n<\/div><\/div>\n\n\n\n<h3 class=\"wp-block-heading\" id=\"markante-entwicklungsschritte-des-individuellen-selbst\"><strong>Markante Entwicklungsschritte des individuellen Selbst<\/strong><\/h3>\n\n\n\n<p>W\u00e4hrend der Schwangerschaft lassen sich die K\u00f6rperfunktionen mit medizinischen Ger\u00e4tschaften beobachten, messen, aufzeichnen und \u00fcberwachen. Doch wie steht es um das individuelle Selbst, in dieser Untersuchung vereinfachend als das Zusammenwirken von Geist, Seele und Bewusstsein betrachtet? An dieser Stelle sei erneut auf die Schwierigkeiten hingewiesen, die einzelnen Konzepte klar und eindeutig voneinander abzugrenzen. F\u00fcr die Zwecke dieser Untersuchung reicht es aus, den Begriff des individuellen Selbst zu verwenden. Gleichwohl liegt ein gewisser Schwerpunkt auf dem seelischen Geschehen.<\/p>\n\n\n\n<p>Im Unterschied zu K\u00f6rperfunktionen sind die \u201eFunktionen\u201c des individuellen Selbst \u2013 wenn \u00fcberhaupt \u2013 nur mit Einschr\u00e4nkungen objektiv messbar. W\u00e4hrend beispielsweise die Herzschlagfrequenz exakt messbar ist, entzieht sich das Gef\u00fchl der Abneigung jeglicher objektiven Messbarkeit.<\/p>\n\n\n\n<p>Jede Gef\u00fchlsregung ist seelisches Geschehen. Doch wann zeigt sich das erste seelische Geschehen und wie entwickelt es sich im Verlauf der Schwangerschaft?<\/p>\n\n\n\n<p>\u00dcber die Nabelschnur, die um die vierte Schwangerschaftswoche gebildet wird und ab der siebten Woche zu wachsen beginnt, wird der Embryo bzw. sp\u00e4ter der F\u00f6tus mit N\u00e4hrstoffen versorgt. Die Versorgung \u00fcber die Nabelschnur beschr\u00e4nkt sich jedoch nicht auf N\u00e4hrstoffe. Die Mutter gibt auch ihre Stimmungslage, wie beispielsweise Wohlbefinden, Stress, Angst und Aggression, an das ungeborene Kind weiter. Sie transportiert ihr seelisches Geschehen und l\u00f6st physiologische Reaktionen beim Kind aus.<\/p>\n\n\n\n<p>F\u00fchlt sich die Mutter beispielsweise \u00e4ngstlich oder auch gestresst, kommt es zur vermehrten Aussch\u00fcttung sogenannter Stresshormone wie Adrenalin und Cortisol. In der Konsequenz kommt es dazu, dass der F\u00f6tus den unverarbeiteten Stress der Mutter nicht nur aus der Gegenwart, sondern auch aus der Vergangenheit, ganz unmittelbar miterlebt. Leidet eine Mutter beispielsweise unter einer Depression, zeigen sich beim Ungeborenen die typischen Ver\u00e4nderungen des Hormonhaushalts: ein erh\u00f6hter Cortisol- und ein erniedrigter Dopaminspiegel. Das noch unreife Gehirn des Ungeborenen kann damit bei weitem nicht so gut umgehen als das Gehirn eines Erwachsenen.<\/p>\n\n\n\n<p>Andererseits \u201eerlebt\u201c das Ungeborene positive Gef\u00fchle der werdenden Mutter, wenn sie sich freut, Gl\u00fcck empfindet, mit. Im Gehirn sind Rezeptoren f\u00fcr die sogenannten \u201eGl\u00fcckshormone\u201c (die bekanntesten sind Dopamin, Serotonin, Oxytocin und Endorphin) schon fr\u00fch und gut ausgereift. F\u00fchlt sich die Mutter beispielsweise ausgeglichen und wohl und streichelt ihren Bauch, wird das Hormon Oxytocin ausgesch\u00fcttet.<\/p>\n\n\n\n<p>Hormone \u00fcberwinden die Plazentaschranke, die den m\u00fctterlichen Blutkreislauf vom fetalen Blutkreislauf trennt, und f\u00fchren zu einer Ver\u00e4nderung im Hormonhaushalt des F\u00f6tus. Mit nur kurzer Verz\u00f6gerung gibt die Mutter somit ihre Befindlichkeit und ihre Gef\u00fchle an das Kind weiter und verursacht beim Kind nicht nur die bereits erw\u00e4hnten physiologischen Reaktionen, sondern auch seelische Regungen. Das Kind nimmt am emotionalen Erleben seiner Mutter Anteil und teilt gewisserma\u00dfen deren Freud und Leid.<\/p>\n\n\n\n<p>Schon gegen Ende des Embryonalstadiums, um die achte Schwangerschaftswoche, entwickelt sich der Tastsinn. Der zu diesem Zeitpunkt etwa 2,5&nbsp;cm gro\u00dfe Embryo kann sp\u00fcren, wenn sein Gesicht oder seine Lippen etwas ber\u00fchren und darauf reagieren. Und es kann sp\u00fcren, wenn eine Hand liebevoll auf den Bauch der Mutter gelegt wird. Etwa um dieselbe Zeit kann das heranwachsende Baby auch riechen und das Fruchtwasser schmecken.<\/p>\n\n\n\n<p>Wie bereits erw\u00e4hnt, kann der F\u00f6tus um die 22. Schwangerschaftswoche erste H\u00f6rerlebnisse sammeln. Der F\u00f6tus zeigt eine Reaktion auf Ger\u00e4usche, beispielsweise auf den Herzschlag, die Atemger\u00e4usche und die Stimme der Mutter. Manche Ger\u00e4usche, wie beispielsweise ein lauter Knall, k\u00f6nnen auch Schreckreaktionen ausl\u00f6sen. Auch Stimmen anderer Menschen sind f\u00fcr den F\u00f6tus jetzt wahrnehmbar. Er kann sogar schon freundliche von aggressiven Stimmen unterscheiden. Ab der 28. Schwangerschaftswoche ist das H\u00f6rverm\u00f6gen sicher vorhanden.<\/p>\n\n\n\n<p>Im Hinblick auf den Aspekt der Sprache ist f\u00fcr den F\u00f6tus die Stimme der Mutter besonders wichtig. Studien konnten zeigen, dass neugeborene Babys bei gesprochenen Worten mehr Hirnaktivit\u00e4t aufwiesen als bei sinnfreien Worten oder gar Stille. Es wird vermutet, dass auch schon ein F\u00f6tus Sprachmuster innerhalb der Muttersprache erkennen kann. H\u00e4ufige Wiederholungen, beispielsweise durch das Vorsingen von Kinderliedern, beg\u00fcnstigen das Erkennen von Sprachmustern.<\/p>\n\n\n<div class=\"su-box su-box-style-default\" id=\"\" style=\"border-color:#000000;border-radius:3px;\"><div class=\"su-box-title\" style=\"background-color:#333333;color:#FFFFFF;border-top-left-radius:1px;border-top-right-radius:1px\">Weitere Informationen und Ressourcen <\/div><div class=\"su-box-content su-u-clearfix su-u-trim\" style=\"border-bottom-left-radius:1px;border-bottom-right-radius:1px\"> <div class=\"su-list\" style=\"margin-left:0px\"> <\/p>\n<ul>\n<li><i class=\"sui sui-info-circle\" style=\"color:#333\"><\/i> <a href=\"https:\/\/dieter-jenz.de\/lc\/ausgangssituation-ziel-vorgehensweise-aktueller-stand\/\" title=\"Ausgangssituation, Ziel, Vorgehensweise\" target=\"_blank\" rel=\"\" class=\"\">Ausgangssituation, Ziel, Vorgehensweise, aktueller Stand<\/a> <\/li>\n<\/ul>\n<p> <\/div> <div class=\"su-list\" style=\"margin-left:0px\"> <\/p>\n<ul>\n<li><i class=\"sui sui-info-circle\" style=\"color:#333\"><\/i> <a href=\"https:\/\/dieter-jenz.de\/lc\/was-kommt-nach-dem-tod-erstes-zwischenfazit\/\" title=\"Erstes Zwischenfazit\" target=\"_blank\" rel=\"\" class=\"\">Was kommt nach dem Tod? &#8211; Erstes Zwischenfazit<\/a> <\/li>\n<\/ul>\n<p> <\/div> <div class=\"su-list\" style=\"margin-left:0px\"> <\/p>\n<ul>\n<li><i class=\"sui sui-info-circle\" style=\"color:#333\"><\/i> <a href=\"https:\/\/dieter-jenz.de\/lc\/ressourcen-wie-geht-es-nach-dem-tod-weiter\/\" title=\"Literatur und sonstige Ressourcen\" target=\"_blank\" rel=\"\" class=\"\">Literatur und sonstige Ressourcen<\/a> <\/li>\n<\/ul>\n<p> <\/div> <div class=\"su-list\" style=\"margin-left:0px\"> <\/p>\n<ul>\n<li><i class=\"sui sui-info-circle\" style=\"color:#333\"><\/i> <a href=\"https:\/\/dieter-jenz.de\/lc\/glossar-begriffe-transzendenzerfahrungen-lebensfragen\/\" title=\"Glossar der Begriffe zu Transzendenzerfahrungen\" target=\"_blank\" rel=\"\" class=\"\">Glossar der Begriffe im Kontext von Transzendenzerfahrungen<\/a> <\/li>\n<\/ul>\n<p> <\/div> <div class=\"su-list\" style=\"margin-left:0px\"> <\/p>\n<ul>\n<li><i class=\"sui sui-info-circle\" style=\"color:#333\"><\/i> <a href=\"https:\/\/dieter-jenz.de\/lc\/faq-haeufig-gestellte-fragen-was-kommt-nach-dem-tod\/\" title=\"FAQ (H\u00e4ufig gestellte Fragen)\" target=\"_blank\" rel=\"\" class=\"\">H\u00e4ufig gestellte Fragen (FAQ) &#8211; Was kommt nach dem Tod?<\/a> <\/li>\n<\/ul>\n<p> <\/div>   <\/div><\/div>\n\n\n\n<h3 class=\"wp-block-heading\" id=\"die-frage-der-beseelung\"><strong>Die Frage der Beseelung<\/strong><\/h3>\n\n\n\n<p>Die Frage, wann menschliches Leben beginnt, besch\u00e4ftigt Wissenschaft und Medizin schon seit vielen Jahrhunderten. Den Beobachtungen des griechischen Universalgelehrten Aristoteles (384-322&nbsp;v.&nbsp;Chr.) zufolge begannen m\u00e4nnliche F\u00f6ten am 40. Tag mit sp\u00fcrbaren Bewegungen, weibliche hingegen erst am 90. Tag. Auf Aristoteles l\u00e4sst sich der Gedanke der sukzessiven Beseelung zur\u00fcckf\u00fchren.<\/p>\n\n\n\n<h4 class=\"wp-block-heading\" id=\"das-konzept-der-sukzessiven-beseelung\"><strong>Das Konzept der sukzessiven Beseelung<\/strong><\/h4>\n\n\n\n<p>Aristoteles ging von drei unterscheidbaren Stufen des Belebten aus und ordnete jeder Belebtheitsstufe eine bestimmte Form der Seele zu: den Pflanzen eine vegetative, den Tieren eine animalisch-sensitive und den Menschen eine noetische (denkf\u00e4hige, erkenntnisf\u00e4hige, vernunftbegabte) Seele. Eine h\u00f6here Stufe enth\u00e4lt Eigenschaften dieser Stufe und au\u00dferdem die Eigenschaften aller darunterliegenden Stufen.<\/p>\n\n\n\n<p>Dieser Auffassung zufolge f\u00fchrt das im Mutterleib heranwachsende Kind zun\u00e4chst eine Art Pflanzenleben und besitzt eine vegetative Seele. Die vegetative Seele umfasst die Funktion der Ern\u00e4hrung, des Stoffwechsels, des Wachstums und des Vergehens. Sp\u00e4testens mit Bildung des Herzens (ab dem 22. Tag der Schwangerschaft) beginnt das Stadium des animalisch-sensitiven Lebens. Die animalisch-sensitive Seele ist zus\u00e4tzlich zu Wahrnehmung, Vorstellungen, Lust- und Schmerzempfindungen, Begehren und Bewegung f\u00e4hig. Erst wenn der Embryo menschliche Gestalt angenommen hat, kann das dritte und letzte Stadium beginnen: das Stadium der noetischen Seele. Er ist f\u00fcr die Aufnahme der Geist- oder Vernunftseele bereit. Die noetische Seele verf\u00fcgt zus\u00e4tzlich \u00fcber Denkverm\u00f6gen.<\/p>\n\n\n\n<p>Die Geist- oder Vernunftseele kann nach Auffassung von Aristoteles nicht vom Erzeuger auf den Embryo \u00fcbertragen werden, sondern muss von au\u00dfen eingegeben werden. Als Zeitpunkt daf\u00fcr bestimmte Aristoteles bei m\u00e4nnlichen Embryonen den 40. Tag. In der sechsten Schwangerschaftswoche ist der Embryo etwa 2-3&nbsp;mm gro\u00df, so gro\u00df wie etwa eine Linse. Das Herz schl\u00e4gt bereits. Bei weiblichen F\u00f6ten bestimmte er ungef\u00e4hr den 80. Tag nach der Empf\u00e4ngnis als Tag der Beseelung. In der 12. Schwangerschaftswoche hat der F\u00f6tus in etwa die Gr\u00f6\u00dfe einer Limette. F\u00fcr Aristoteles galt das Ungeborene ab diesem Zeitpunkt vollumf\u00e4nglich als Mensch.<\/p>\n\n\n\n<h4 class=\"wp-block-heading\" id=\"das-konzept-der-beseelung-in-den-offenbarungsreligionen\"><strong>Das Konzept der Beseelung in den Offenbarungsreligionen<\/strong><\/h4>\n\n\n\n<p>Die Auffassung, dass ein im Mutterleib heranwachsendes Kind erst einige Zeit nach der Empf\u00e4ngnis als vollg\u00fcltiger Mensch anzusehen ist, hielt sich \u00fcber Jahrhunderte. Sie fand auch Eingang in die Auffassungen der Offenbarungsreligionen (Judentum, Islam, Christentum).<\/p>\n\n\n\n<p>Im Judentum erh\u00e4lt das werdende Kind 40 Tage nach der Befruchtung vom Sch\u00f6pfer seine Seele. Vor diesem Zeitpunkt ist zwar Leben vorhanden, jedoch es ist kein menschliches Leben.<\/p>\n\n\n\n<p>Im Islam finden sich \u00e4hnliche Vorstellungen. Das ungeborene Leben durchl\u00e4uft drei Stadien: das Tropfenstadium (40. Tag), das Blutstadium (80. Tag), und das sogenannte Fleischkl\u00fcmpchenstadium (120. Tag). Die Beseelung durch Gott (Allah) geschieht fr\u00fchestens am 40. Tag. Es bleibt jedoch nicht genau bestimmt, wann sie abgeschlossen ist. Es erfolgte jedoch mehrheitlich eine Einigung darauf, dass die Beseelung am 120. Tag nach der Empf\u00e4ngnis stattfindet. Aufgrund des bis dahin erreichten Entwicklungsstandes des Gehirns wird von der Existenz eines Willens ausgegangen. Dies wiederum setzt das Vorhandensein einer Seele voraus. In weiterer Konsequenz besitzt das Ungeborene ein individuelles Selbst. Ein Embryo ist, wie im Judentum, vor dem 40. Tag nur ein potenzieller Mensch.<\/p>\n\n\n\n<p>Auch in der christlichen Tradition wurde \u00fcber Jahrhunderte hinweg ebenfalls die Annahme der Sukzessivbeseelung gelehrt. Heute wird die Sukzessivbeseelung nicht zuletzt unter dem Einfluss wissenschaftlicher Erkenntnisse nicht mehr vertreten. Vielmehr setzte sich die konkurrierende Auffassung der sogenannten Simultanbeseelung durch, die schlie\u00dflich im Jahr 1869 von Papst Pius IX. zur Grundlage des katholischen Umgangs mit dem menschlichen Leben erhoben wurde. Die Beseelung erfolgt dieser Auffassung zufolge bei der Einnistung der aus der befruchteten Eizelle hervorgegangenen Blastozyste in die Geb\u00e4rmutterschleimhaut. Die Einnistung (Nidation) beginnt beim Menschen am f\u00fcnften oder sechsten Tag nach der Befruchtung der Eizelle.<\/p>\n\n\n\n<div class=\"wp-block-group\"><div class=\"wp-block-group__inner-container is-layout-constrained wp-block-group-is-layout-constrained\">\n<div class=\"wp-block-group has-background\" style=\"background:radial-gradient(rgba(252,185,0,0.25) 0%,rgba(255,106,0,0.11) 100%)\"><div class=\"wp-block-group__inner-container is-layout-constrained wp-block-group-is-layout-constrained\">\n<p><strong>Gutes und Sinnvolles  tun &#8211; ganz praktisch<\/strong><\/p>\n\n\n<div class=\"wp-block-image\">\n<figure class=\"aligncenter size-full is-resized\"><a href=\"https:\/\/dieter-jenz.de\/lc\/gutes-tun-ganz-praktisch\/\" target=\"_blank\" rel=\"noreferrer noopener\"><img loading=\"lazy\" decoding=\"async\" width=\"600\" height=\"450\" src=\"https:\/\/dieter-jenz.de\/lc\/wp-content\/uploads\/2023\/11\/Geschenk-mit-Text.jpeg\" alt=\"Geschenk mit Text - Gestaltung: privat\" class=\"wp-image-9969\" style=\"width:300px\" srcset=\"https:\/\/dieter-jenz.de\/lc\/wp-content\/uploads\/2023\/11\/Geschenk-mit-Text.jpeg 600w, https:\/\/dieter-jenz.de\/lc\/wp-content\/uploads\/2023\/11\/Geschenk-mit-Text-300x225.jpeg 300w, https:\/\/dieter-jenz.de\/lc\/wp-content\/uploads\/2023\/11\/Geschenk-mit-Text-540x405.jpeg 540w, https:\/\/dieter-jenz.de\/lc\/wp-content\/uploads\/2023\/11\/Geschenk-mit-Text-150x113.jpeg 150w\" sizes=\"(max-width: 600px) 100vw, 600px\" \/><\/a><figcaption class=\"wp-element-caption\">Gestaltung: privat<\/figcaption><\/figure><\/div>\n\n\n<p>Mit einem Klick auf das Bild gelangen Sie zum zugeh\u00f6rigen Text.<\/p>\n<\/div><\/div>\n<\/div><\/div>\n\n\n\n<h4 class=\"wp-block-heading\" id=\"fortschritte-in-wissenschaft-und-forschung\"><strong>Fortschritte in Wissenschaft und Forschung<\/strong><\/h4>\n\n\n\n<p>Aristoteles verf\u00fcgte zu seiner Zeit nicht \u00fcber die Mittel moderner medizinischer Forschung und Diagnostik. Es sollte noch viele Jahre dauern, bis grundlegende Mechanismen der Fortpflanzung entdeckt und schlie\u00dflich verstanden wurden. Erst im Jahr 1827 gelang Karl Ernst Ritter von Baer, Mediziner und Naturforscher, die Entdeckung der Eizelle. Im Jahr 1843 beobachtete der britische Mediziner, Embryologe und Histologe Martin Barry erstmals unter dem Mikroskop das Vorhandensein eines Spermiums in einer Eizelle und entdeckte den Mechanismus der Empf\u00e4ngnis. Oskar Hertwig, Anatom, Zoologe und Entwicklungsbiologe, konnte 1875 erstmals am nahezu durchsichtigen Seeigel-Ei in seinen einzelnen Stadien unter dem Mikroskop die Befruchtung einer weiblichen Eizelle durch eine m\u00e4nnliche Samenzelle beobachten.<\/p>\n\n\n\n<p>Heute ist weitgehend unstrittig, dass mit der Verschmelzung von Ei und Spermium neues menschliches Leben entsteht. Wenn ein diploides Erbgut vorhanden ist beginnt eine humanspezifische Entwicklung.<\/p>\n\n\n\n<p>Auch von der Genetik, der Lehre der Vererbung, konnte Aristoteles noch keine Kenntnis haben. Die Genetik ist eine relativ junge Wissenschaft. Sie besch\u00e4ftigt sich mit der Ausbildung von erblichen Merkmalen sowie der Weitergabe von Genen an die Folgegeneration. Als \u201eVater\u201c der modernen Genetik gilt der Augustinerm\u00f6nch Gregor Johann Mendel, der im Jahr 1865 die sogenannten Mendelschen Regeln formulierte.<\/p>\n\n\n\n<p>Erst recht konnte Arostoteles noch nichts von Epigenetik wissen. Dieses Teilgebiet der Biologie besch\u00e4ftigt sich mit zellul\u00e4ren Prozessen, die die Aktivit\u00e4t von Genen beeinflussen, nicht aber auf einer \u00c4nderung der DNA-Sequenz beruhen. Die Epigenetik gewann erst in den 1940er Jahren an Bedeutung.<\/p>\n\n\n\n<h4 class=\"wp-block-heading\" id=\"argumente-gegen-das-konzept-der-beseelung\"><strong>Argumente gegen das Konzept der Beseelung<\/strong><\/h4>\n\n\n\n<p>Die bisher gewonnenen Erkenntnisse in der Epigenetik lassen den Schluss zu, dass die Mutter epigenetische Markierungen an ihr Kind weitervererben kann. Epigenetische Informationen, beispielsweise durch Traumata \u201ecodiert\u201c, k\u00f6nnen somit die Grenze der Generationen \u00fcberschreiten.<\/p>\n\n\n\n<p>Wie bereits erw\u00e4hnt, transportiert die werdende Mutter \u00fcber die Nabelschnur ihr seelisches Geschehen an das Ungeborene und l\u00f6st physiologische Reaktionen bei ihm aus. Vor dem Hintergrund der Reaktionsmuster beim Kind im Mutterleib kann gesichert davon ausgegangen werden, dass das seelische Geschehen der Mutter auch auf das seelische Geschehen des Kindes wirkt.<\/p>\n\n\n\n<p>Neuere Untersuchungen konnten beispielsweise zeigen, dass Eltern psychische St\u00f6rungen, wie beispielsweise Depressionen und \u00c4ngste, an ihre Kinder weitergeben k\u00f6nnen. Wenn ein Elternteil unter einer Depression leidet, besitzt das Kind ein drei bis f\u00fcnfmal h\u00f6heres Risiko, selbst an einer Depression zu erkranken. Leiden beide Elternteile unter Depressionen, liegt die Wahrscheinlichkeit noch h\u00f6her. Auch bei Angstst\u00f6rungen konnten \u00e4hnliche Folgen beobachtet werden. Allerdings werden Angstst\u00f6rungen geschlechtsspezifisch weitergegeben: M\u00fctter geben ihre \u00c4ngste in erster Linie an ihre T\u00f6chter weiter, V\u00e4ter an ihre S\u00f6hne.<\/p>\n\n\n\n<p>In der Konsequenz erscheint das Konzept der Beseelung durch eine externe Instanz \u201evon au\u00dfen\u201c als nicht schl\u00fcssig. Vielmehr kann davon ausgegangen werden, dass das Kind im Mutterleib ohne Einwirkung \u201evon au\u00dfen\u201c schon fr\u00fchzeitig ein eigenes individuelles Selbst entwickelt, das jedoch ma\u00dfgeblich von den Eltern, insbesondere der Mutter, beeinflusst wird.<\/p>\n","protected":false},"excerpt":{"rendered":"<p>Wann entsteht das individuelle Selbst? Beginnt der Prozess der Entwicklung des individuellen Selbst schon im Mutterleib? Falls ja: Ab wann kann ein Kind im Mutterleib seelische Regungen zeigen,&hellip;<\/p>\n","protected":false},"author":2,"featured_media":10070,"comment_status":"closed","ping_status":"open","sticky":false,"template":"template-full-width-only-content.php","format":"standard","meta":{"footnotes":""},"categories":[212],"tags":[],"yoast_head":"<!-- This site is optimized with the Yoast SEO plugin v24.5 - https:\/\/yoast.com\/wordpress\/plugins\/seo\/ -->\n<title>Wann entsteht das individuelle Selbst?<\/title>\n<meta name=\"description\" content=\"Wann entsteht das individuelle Selbst? Beginnt der Prozess der Entwicklung des individuellen Selbst schon im Mutterleib?\" \/>\n<meta name=\"robots\" content=\"index, follow, max-snippet:-1, max-image-preview:large, max-video-preview:-1\" \/>\n<link rel=\"canonical\" href=\"https:\/\/dieter-jenz.de\/lc\/wann-entsteht-das-individuelle-selbst\/\" \/>\n<meta property=\"og:locale\" content=\"de_DE\" \/>\n<meta property=\"og:type\" content=\"article\" \/>\n<meta property=\"og:title\" content=\"Wann entsteht das individuelle Selbst?\" \/>\n<meta property=\"og:description\" content=\"Wann entsteht das individuelle Selbst? Beginnt der Prozess der Entwicklung des individuellen Selbst schon im Mutterleib?\" \/>\n<meta property=\"og:url\" content=\"https:\/\/dieter-jenz.de\/lc\/wann-entsteht-das-individuelle-selbst\/\" \/>\n<meta property=\"og:site_name\" content=\"Dieter Jenz, Begleitung und Coaching\" \/>\n<meta property=\"article:publisher\" content=\"https:\/\/www.facebook.com\/dieter.jenz.inspiration\" \/>\n<meta property=\"article:author\" content=\"https:\/\/www.facebook.com\/dieter.jenz.inspiration\" \/>\n<meta property=\"article:published_time\" content=\"2023-11-24T17:00:00+00:00\" \/>\n<meta property=\"og:image\" content=\"https:\/\/dieter-jenz.de\/lc\/wp-content\/uploads\/2023\/11\/Beitragsbild-Wann-entsteht-das-individuelle-Selbst.jpeg\" \/>\n\t<meta property=\"og:image:width\" content=\"800\" \/>\n\t<meta property=\"og:image:height\" content=\"800\" \/>\n\t<meta property=\"og:image:type\" content=\"image\/jpeg\" \/>\n<meta name=\"author\" content=\"Dieter Jenz\" \/>\n<meta name=\"twitter:card\" content=\"summary_large_image\" \/>\n<meta name=\"twitter:creator\" content=\"@https:\/\/twitter.com\/dieterjenz\" \/>\n<meta name=\"twitter:site\" content=\"@dieterjenz\" \/>\n<meta name=\"twitter:label1\" content=\"Verfasst von\" \/>\n\t<meta name=\"twitter:data1\" content=\"Dieter Jenz\" \/>\n\t<meta name=\"twitter:label2\" content=\"Gesch\u00e4tzte Lesezeit\" \/>\n\t<meta name=\"twitter:data2\" content=\"14\u00a0Minuten\" \/>\n<script type=\"application\/ld+json\" class=\"yoast-schema-graph\">{\"@context\":\"https:\/\/schema.org\",\"@graph\":[{\"@type\":\"Article\",\"@id\":\"https:\/\/dieter-jenz.de\/lc\/wann-entsteht-das-individuelle-selbst\/#article\",\"isPartOf\":{\"@id\":\"https:\/\/dieter-jenz.de\/lc\/wann-entsteht-das-individuelle-selbst\/\"},\"author\":{\"name\":\"Dieter Jenz\",\"@id\":\"https:\/\/dieter-jenz.de\/lc\/#\/schema\/person\/618cfd5c289d0a23930cb258a43679ab\"},\"headline\":\"Wann entsteht das individuelle Selbst?\",\"datePublished\":\"2023-11-24T17:00:00+00:00\",\"mainEntityOfPage\":{\"@id\":\"https:\/\/dieter-jenz.de\/lc\/wann-entsteht-das-individuelle-selbst\/\"},\"wordCount\":2655,\"publisher\":{\"@id\":\"https:\/\/dieter-jenz.de\/lc\/#\/schema\/person\/618cfd5c289d0a23930cb258a43679ab\"},\"image\":{\"@id\":\"https:\/\/dieter-jenz.de\/lc\/wann-entsteht-das-individuelle-selbst\/#primaryimage\"},\"thumbnailUrl\":\"https:\/\/dieter-jenz.de\/lc\/wp-content\/uploads\/2023\/11\/Beitragsbild-Wann-entsteht-das-individuelle-Selbst.jpeg\",\"articleSection\":[\"Lebensfragen\"],\"inLanguage\":\"de\"},{\"@type\":\"WebPage\",\"@id\":\"https:\/\/dieter-jenz.de\/lc\/wann-entsteht-das-individuelle-selbst\/\",\"url\":\"https:\/\/dieter-jenz.de\/lc\/wann-entsteht-das-individuelle-selbst\/\",\"name\":\"Wann entsteht das individuelle Selbst?\",\"isPartOf\":{\"@id\":\"https:\/\/dieter-jenz.de\/lc\/#website\"},\"primaryImageOfPage\":{\"@id\":\"https:\/\/dieter-jenz.de\/lc\/wann-entsteht-das-individuelle-selbst\/#primaryimage\"},\"image\":{\"@id\":\"https:\/\/dieter-jenz.de\/lc\/wann-entsteht-das-individuelle-selbst\/#primaryimage\"},\"thumbnailUrl\":\"https:\/\/dieter-jenz.de\/lc\/wp-content\/uploads\/2023\/11\/Beitragsbild-Wann-entsteht-das-individuelle-Selbst.jpeg\",\"datePublished\":\"2023-11-24T17:00:00+00:00\",\"description\":\"Wann entsteht das individuelle Selbst? Beginnt der Prozess der Entwicklung des individuellen Selbst schon im Mutterleib?\",\"breadcrumb\":{\"@id\":\"https:\/\/dieter-jenz.de\/lc\/wann-entsteht-das-individuelle-selbst\/#breadcrumb\"},\"inLanguage\":\"de\",\"potentialAction\":[{\"@type\":\"ReadAction\",\"target\":[\"https:\/\/dieter-jenz.de\/lc\/wann-entsteht-das-individuelle-selbst\/\"]}]},{\"@type\":\"ImageObject\",\"inLanguage\":\"de\",\"@id\":\"https:\/\/dieter-jenz.de\/lc\/wann-entsteht-das-individuelle-selbst\/#primaryimage\",\"url\":\"https:\/\/dieter-jenz.de\/lc\/wp-content\/uploads\/2023\/11\/Beitragsbild-Wann-entsteht-das-individuelle-Selbst.jpeg\",\"contentUrl\":\"https:\/\/dieter-jenz.de\/lc\/wp-content\/uploads\/2023\/11\/Beitragsbild-Wann-entsteht-das-individuelle-Selbst.jpeg\",\"width\":800,\"height\":800,\"caption\":\"Gestaltung: privat\"},{\"@type\":\"BreadcrumbList\",\"@id\":\"https:\/\/dieter-jenz.de\/lc\/wann-entsteht-das-individuelle-selbst\/#breadcrumb\",\"itemListElement\":[{\"@type\":\"ListItem\",\"position\":1,\"name\":\"Home\",\"item\":\"https:\/\/dieter-jenz.de\/lc\/\"},{\"@type\":\"ListItem\",\"position\":2,\"name\":\"Lebensfragen\",\"item\":\"https:\/\/dieter-jenz.de\/lc\/category\/lebensfragen\/\"},{\"@type\":\"ListItem\",\"position\":3,\"name\":\"Wann entsteht das individuelle Selbst?\"}]},{\"@type\":\"WebSite\",\"@id\":\"https:\/\/dieter-jenz.de\/lc\/#website\",\"url\":\"https:\/\/dieter-jenz.de\/lc\/\",\"name\":\"Dieter Jenz, Begleitung und Coaching\",\"description\":\"Die andere, neue Sichtweise entdecken - auftanken - neue Wege gehen\",\"publisher\":{\"@id\":\"https:\/\/dieter-jenz.de\/lc\/#\/schema\/person\/618cfd5c289d0a23930cb258a43679ab\"},\"potentialAction\":[{\"@type\":\"SearchAction\",\"target\":{\"@type\":\"EntryPoint\",\"urlTemplate\":\"https:\/\/dieter-jenz.de\/lc\/?s={search_term_string}\"},\"query-input\":{\"@type\":\"PropertyValueSpecification\",\"valueRequired\":true,\"valueName\":\"search_term_string\"}}],\"inLanguage\":\"de\"},{\"@type\":[\"Person\",\"Organization\"],\"@id\":\"https:\/\/dieter-jenz.de\/lc\/#\/schema\/person\/618cfd5c289d0a23930cb258a43679ab\",\"name\":\"Dieter Jenz\",\"image\":{\"@type\":\"ImageObject\",\"inLanguage\":\"de\",\"@id\":\"https:\/\/dieter-jenz.de\/lc\/#\/schema\/person\/image\/\",\"url\":\"https:\/\/dieter-jenz.de\/lc\/wp-content\/uploads\/2020\/01\/Logo-Coaching-und-Begleitung.png\",\"contentUrl\":\"https:\/\/dieter-jenz.de\/lc\/wp-content\/uploads\/2020\/01\/Logo-Coaching-und-Begleitung.png\",\"width\":320,\"height\":240,\"caption\":\"Dieter Jenz\"},\"logo\":{\"@id\":\"https:\/\/dieter-jenz.de\/lc\/#\/schema\/person\/image\/\"},\"description\":\"Ich bin Dieter Jenz, Begleiter, Berater und Coach mit Leidenschaft. \u00dcber viele Jahre hinweg habe ich einen reichen Schatz an Kompetenz und Erfahrung erworben. Meine Themen sind die \\\"4L\\\": Lebensaufgabe, Lebensplanung, Lebensnavigation und Lebensqualit\u00e4t.\",\"sameAs\":[\"https:\/\/www.facebook.com\/dieter.jenz.inspiration\",\"https:\/\/www.pinterest.de\/dieterjenz\/\",\"https:\/\/x.com\/https:\/\/twitter.com\/dieterjenz\"],\"url\":\"https:\/\/dieter-jenz.de\/lc\/author\/dieter\/\"}]}<\/script>\n<!-- \/ Yoast SEO plugin. -->","yoast_head_json":{"title":"Wann entsteht das individuelle Selbst?","description":"Wann entsteht das individuelle Selbst? Beginnt der Prozess der Entwicklung des individuellen Selbst schon im Mutterleib?","robots":{"index":"index","follow":"follow","max-snippet":"max-snippet:-1","max-image-preview":"max-image-preview:large","max-video-preview":"max-video-preview:-1"},"canonical":"https:\/\/dieter-jenz.de\/lc\/wann-entsteht-das-individuelle-selbst\/","og_locale":"de_DE","og_type":"article","og_title":"Wann entsteht das individuelle Selbst?","og_description":"Wann entsteht das individuelle Selbst? Beginnt der Prozess der Entwicklung des individuellen Selbst schon im Mutterleib?","og_url":"https:\/\/dieter-jenz.de\/lc\/wann-entsteht-das-individuelle-selbst\/","og_site_name":"Dieter Jenz, Begleitung und Coaching","article_publisher":"https:\/\/www.facebook.com\/dieter.jenz.inspiration","article_author":"https:\/\/www.facebook.com\/dieter.jenz.inspiration","article_published_time":"2023-11-24T17:00:00+00:00","og_image":[{"width":800,"height":800,"url":"https:\/\/dieter-jenz.de\/lc\/wp-content\/uploads\/2023\/11\/Beitragsbild-Wann-entsteht-das-individuelle-Selbst.jpeg","type":"image\/jpeg"}],"author":"Dieter Jenz","twitter_card":"summary_large_image","twitter_creator":"@https:\/\/twitter.com\/dieterjenz","twitter_site":"@dieterjenz","twitter_misc":{"Verfasst von":"Dieter Jenz","Gesch\u00e4tzte Lesezeit":"14\u00a0Minuten"},"schema":{"@context":"https:\/\/schema.org","@graph":[{"@type":"Article","@id":"https:\/\/dieter-jenz.de\/lc\/wann-entsteht-das-individuelle-selbst\/#article","isPartOf":{"@id":"https:\/\/dieter-jenz.de\/lc\/wann-entsteht-das-individuelle-selbst\/"},"author":{"name":"Dieter Jenz","@id":"https:\/\/dieter-jenz.de\/lc\/#\/schema\/person\/618cfd5c289d0a23930cb258a43679ab"},"headline":"Wann entsteht das individuelle Selbst?","datePublished":"2023-11-24T17:00:00+00:00","mainEntityOfPage":{"@id":"https:\/\/dieter-jenz.de\/lc\/wann-entsteht-das-individuelle-selbst\/"},"wordCount":2655,"publisher":{"@id":"https:\/\/dieter-jenz.de\/lc\/#\/schema\/person\/618cfd5c289d0a23930cb258a43679ab"},"image":{"@id":"https:\/\/dieter-jenz.de\/lc\/wann-entsteht-das-individuelle-selbst\/#primaryimage"},"thumbnailUrl":"https:\/\/dieter-jenz.de\/lc\/wp-content\/uploads\/2023\/11\/Beitragsbild-Wann-entsteht-das-individuelle-Selbst.jpeg","articleSection":["Lebensfragen"],"inLanguage":"de"},{"@type":"WebPage","@id":"https:\/\/dieter-jenz.de\/lc\/wann-entsteht-das-individuelle-selbst\/","url":"https:\/\/dieter-jenz.de\/lc\/wann-entsteht-das-individuelle-selbst\/","name":"Wann entsteht das individuelle Selbst?","isPartOf":{"@id":"https:\/\/dieter-jenz.de\/lc\/#website"},"primaryImageOfPage":{"@id":"https:\/\/dieter-jenz.de\/lc\/wann-entsteht-das-individuelle-selbst\/#primaryimage"},"image":{"@id":"https:\/\/dieter-jenz.de\/lc\/wann-entsteht-das-individuelle-selbst\/#primaryimage"},"thumbnailUrl":"https:\/\/dieter-jenz.de\/lc\/wp-content\/uploads\/2023\/11\/Beitragsbild-Wann-entsteht-das-individuelle-Selbst.jpeg","datePublished":"2023-11-24T17:00:00+00:00","description":"Wann entsteht das individuelle Selbst? Beginnt der Prozess der Entwicklung des individuellen Selbst schon im Mutterleib?","breadcrumb":{"@id":"https:\/\/dieter-jenz.de\/lc\/wann-entsteht-das-individuelle-selbst\/#breadcrumb"},"inLanguage":"de","potentialAction":[{"@type":"ReadAction","target":["https:\/\/dieter-jenz.de\/lc\/wann-entsteht-das-individuelle-selbst\/"]}]},{"@type":"ImageObject","inLanguage":"de","@id":"https:\/\/dieter-jenz.de\/lc\/wann-entsteht-das-individuelle-selbst\/#primaryimage","url":"https:\/\/dieter-jenz.de\/lc\/wp-content\/uploads\/2023\/11\/Beitragsbild-Wann-entsteht-das-individuelle-Selbst.jpeg","contentUrl":"https:\/\/dieter-jenz.de\/lc\/wp-content\/uploads\/2023\/11\/Beitragsbild-Wann-entsteht-das-individuelle-Selbst.jpeg","width":800,"height":800,"caption":"Gestaltung: privat"},{"@type":"BreadcrumbList","@id":"https:\/\/dieter-jenz.de\/lc\/wann-entsteht-das-individuelle-selbst\/#breadcrumb","itemListElement":[{"@type":"ListItem","position":1,"name":"Home","item":"https:\/\/dieter-jenz.de\/lc\/"},{"@type":"ListItem","position":2,"name":"Lebensfragen","item":"https:\/\/dieter-jenz.de\/lc\/category\/lebensfragen\/"},{"@type":"ListItem","position":3,"name":"Wann entsteht das individuelle Selbst?"}]},{"@type":"WebSite","@id":"https:\/\/dieter-jenz.de\/lc\/#website","url":"https:\/\/dieter-jenz.de\/lc\/","name":"Dieter Jenz, Begleitung und Coaching","description":"Die andere, neue Sichtweise entdecken - auftanken - neue Wege gehen","publisher":{"@id":"https:\/\/dieter-jenz.de\/lc\/#\/schema\/person\/618cfd5c289d0a23930cb258a43679ab"},"potentialAction":[{"@type":"SearchAction","target":{"@type":"EntryPoint","urlTemplate":"https:\/\/dieter-jenz.de\/lc\/?s={search_term_string}"},"query-input":{"@type":"PropertyValueSpecification","valueRequired":true,"valueName":"search_term_string"}}],"inLanguage":"de"},{"@type":["Person","Organization"],"@id":"https:\/\/dieter-jenz.de\/lc\/#\/schema\/person\/618cfd5c289d0a23930cb258a43679ab","name":"Dieter Jenz","image":{"@type":"ImageObject","inLanguage":"de","@id":"https:\/\/dieter-jenz.de\/lc\/#\/schema\/person\/image\/","url":"https:\/\/dieter-jenz.de\/lc\/wp-content\/uploads\/2020\/01\/Logo-Coaching-und-Begleitung.png","contentUrl":"https:\/\/dieter-jenz.de\/lc\/wp-content\/uploads\/2020\/01\/Logo-Coaching-und-Begleitung.png","width":320,"height":240,"caption":"Dieter Jenz"},"logo":{"@id":"https:\/\/dieter-jenz.de\/lc\/#\/schema\/person\/image\/"},"description":"Ich bin Dieter Jenz, Begleiter, Berater und Coach mit Leidenschaft. \u00dcber viele Jahre hinweg habe ich einen reichen Schatz an Kompetenz und Erfahrung erworben. Meine Themen sind die \"4L\": Lebensaufgabe, Lebensplanung, Lebensnavigation und Lebensqualit\u00e4t.","sameAs":["https:\/\/www.facebook.com\/dieter.jenz.inspiration","https:\/\/www.pinterest.de\/dieterjenz\/","https:\/\/x.com\/https:\/\/twitter.com\/dieterjenz"],"url":"https:\/\/dieter-jenz.de\/lc\/author\/dieter\/"}]}},"_links":{"self":[{"href":"https:\/\/dieter-jenz.de\/lc\/wp-json\/wp\/v2\/posts\/10065"}],"collection":[{"href":"https:\/\/dieter-jenz.de\/lc\/wp-json\/wp\/v2\/posts"}],"about":[{"href":"https:\/\/dieter-jenz.de\/lc\/wp-json\/wp\/v2\/types\/post"}],"author":[{"embeddable":true,"href":"https:\/\/dieter-jenz.de\/lc\/wp-json\/wp\/v2\/users\/2"}],"replies":[{"embeddable":true,"href":"https:\/\/dieter-jenz.de\/lc\/wp-json\/wp\/v2\/comments?post=10065"}],"version-history":[{"count":5,"href":"https:\/\/dieter-jenz.de\/lc\/wp-json\/wp\/v2\/posts\/10065\/revisions"}],"predecessor-version":[{"id":10072,"href":"https:\/\/dieter-jenz.de\/lc\/wp-json\/wp\/v2\/posts\/10065\/revisions\/10072"}],"wp:featuredmedia":[{"embeddable":true,"href":"https:\/\/dieter-jenz.de\/lc\/wp-json\/wp\/v2\/media\/10070"}],"wp:attachment":[{"href":"https:\/\/dieter-jenz.de\/lc\/wp-json\/wp\/v2\/media?parent=10065"}],"wp:term":[{"taxonomy":"category","embeddable":true,"href":"https:\/\/dieter-jenz.de\/lc\/wp-json\/wp\/v2\/categories?post=10065"},{"taxonomy":"post_tag","embeddable":true,"href":"https:\/\/dieter-jenz.de\/lc\/wp-json\/wp\/v2\/tags?post=10065"}],"curies":[{"name":"wp","href":"https:\/\/api.w.org\/{rel}","templated":true}]}}