{"id":10530,"date":"2024-01-05T13:00:00","date_gmt":"2024-01-05T12:00:00","guid":{"rendered":"https:\/\/dieter-jenz.de\/lc\/?p=10530"},"modified":"2024-07-10T17:02:12","modified_gmt":"2024-07-10T15:02:12","slug":"markante-aspekte-psychischer-entwicklungen","status":"publish","type":"post","link":"https:\/\/dieter-jenz.de\/lc\/markante-aspekte-psychischer-entwicklungen\/","title":{"rendered":"Markante Aspekte psychischer Entwicklungen"},"content":{"rendered":"<div class=\"yoast-breadcrumbs\"><span><span><a href=\"https:\/\/dieter-jenz.de\/lc\/\">Home<\/a><\/span> \u00bb <span><a href=\"https:\/\/dieter-jenz.de\/lc\/category\/lebensfragen\/\">Lebensfragen<\/a><\/span> \u00bb <span class=\"breadcrumb_last\" aria-current=\"page\"><strong>Markante Aspekte psychischer Entwicklungen<\/strong><\/span><\/span><\/div>\n\n\n<div style=\"height:40px\" aria-hidden=\"true\" class=\"wp-block-spacer\"><\/div>\n\n\n\n<p>Das menschliche Leben ist von kontinuierlichen psychischen Entwicklungen gepr\u00e4gt. Welches sind die markanten Aspekte?<\/p>\n\n\n\n<p><strong>Inhalte:<\/strong><\/p>\n\n\n\n<nav class=\"wp-block-table-of-contents\"><ol><li><a class=\"wp-block-table-of-contents__entry\" href=\"https:\/\/dieter-jenz.de\/lc\/markante-aspekte-psychischer-entwicklungen\/#babyalter\">Babyalter<\/a><\/li><li><a class=\"wp-block-table-of-contents__entry\" href=\"https:\/\/dieter-jenz.de\/lc\/markante-aspekte-psychischer-entwicklungen\/#kleinkindalter\">Kleinkindalter<\/a><\/li><li><a class=\"wp-block-table-of-contents__entry\" href=\"https:\/\/dieter-jenz.de\/lc\/markante-aspekte-psychischer-entwicklungen\/#kindesalter\">Kindesalter<\/a><\/li><li><a class=\"wp-block-table-of-contents__entry\" href=\"https:\/\/dieter-jenz.de\/lc\/markante-aspekte-psychischer-entwicklungen\/#adoleszenzphase\">Adoleszenzphase<\/a><\/li><li><a class=\"wp-block-table-of-contents__entry\" href=\"https:\/\/dieter-jenz.de\/lc\/markante-aspekte-psychischer-entwicklungen\/#erwachsenenalter\">Erwachsenenalter<\/a><\/li><\/ol><\/nav>\n\n\n\n<div class=\"wp-block-media-text is-stacked-on-mobile has-background-background-color has-background\" style=\"grid-template-columns:15% auto\"><figure class=\"wp-block-media-text__media\"><a href=\"https:\/\/dieter-jenz.de\/lc\/was-geschieht-mit-mir-wenn-ich-sterbe\/\"><img loading=\"lazy\" decoding=\"async\" width=\"800\" height=\"800\" src=\"https:\/\/dieter-jenz.de\/lc\/wp-content\/uploads\/2022\/03\/Beitragsbild-Was-geschieht-mit-mir-wenn-ich-sterbe.jpeg\" alt=\"Was geschieht mit mir wenn ich sterbe - Gestaltung: privat\" class=\"wp-image-7029 size-full\" srcset=\"https:\/\/dieter-jenz.de\/lc\/wp-content\/uploads\/2022\/03\/Beitragsbild-Was-geschieht-mit-mir-wenn-ich-sterbe.jpeg 800w, https:\/\/dieter-jenz.de\/lc\/wp-content\/uploads\/2022\/03\/Beitragsbild-Was-geschieht-mit-mir-wenn-ich-sterbe-300x300.jpeg 300w, https:\/\/dieter-jenz.de\/lc\/wp-content\/uploads\/2022\/03\/Beitragsbild-Was-geschieht-mit-mir-wenn-ich-sterbe-150x150.jpeg 150w, https:\/\/dieter-jenz.de\/lc\/wp-content\/uploads\/2022\/03\/Beitragsbild-Was-geschieht-mit-mir-wenn-ich-sterbe-768x768.jpeg 768w, https:\/\/dieter-jenz.de\/lc\/wp-content\/uploads\/2022\/03\/Beitragsbild-Was-geschieht-mit-mir-wenn-ich-sterbe-540x540.jpeg 540w\" sizes=\"(max-width: 800px) 100vw, 800px\" \/><\/a><\/figure><div class=\"wp-block-media-text__content\">\n<p class=\"has-border-background-color has-background has-normal-font-size\">Dieser Beitrag ist Teil der Serie &#8222;<em>Was geschieht mit mir wenn ich sterbe?<\/em>&#8220; <br>Grobes <a href=\"https:\/\/dieter-jenz.de\/lc\/was-geschieht-mit-mir-wenn-ich-sterbe\/\" target=\"_blank\" rel=\"noreferrer noopener\">Inhaltsverzeichnis<\/a><\/p>\n<\/div><\/div>\n\n\n\n<p>Schon bei Babys (S\u00e4uglingen) sind unterschiedliche Pr\u00e4gungen hinsichtlich ihres Wesens erkennbar. Wie bereits deutlich wurde, ist ein Neugeborenes keineswegs ein \u201eunbeschriebenes Blatt\u201c. Babys unterscheiden sich grundlegend voneinander, selbst innerhalb einer Familie (siehe auch: \u201e<a href=\"https:\/\/dieter-jenz.de\/lc\/wodurch-wird-das-individuelle-selbst-des-ungeborenen-beeinflusst\/\">Wodurch wird das individuelle Selbst des Ungeborenen beeinflusst?<\/a>\u201c). Manche Babys erscheinen als offen und neugierig, andere wiederum sind eher zur\u00fcckhaltend und \u00e4ngstlich. Manche machen freudig neue Erfahrungen, w\u00e4hrend andere eher eine innere Unruhe ausstrahlen und verunsichert erscheinen. Jedes Baby ist ein einzigartiges Individuum.<\/p>\n\n\n<div class=\"su-box su-box-style-default\" id=\"\" style=\"border-color:#000000;border-radius:3px;\"><div class=\"su-box-title\" style=\"background-color:#333333;color:#FFFFFF;border-top-left-radius:1px;border-top-right-radius:1px\">Letzte Beitr\u00e4ge <\/div><div class=\"su-box-content su-u-clearfix su-u-trim\" style=\"border-bottom-left-radius:1px;border-bottom-right-radius:1px\"><div class=\"su-expand su-expand-collapsed su-expand-link-style-default\" data-height=\"100\"><div class=\"su-expand-content su-u-trim\" style=\"color:#333333;max-height:100px;overflow:hidden\">\n\n<div class=\"su-posts su-posts-teaser-loop \">\n\n\t\t\t\t\t\t\n\t\t\t\n\t\t\t<div id=\"su-post-12357\" class=\"su-post \">\n\t\t\t\t\t\t\t\t\t<a class=\"su-post-thumbnail\" href=\"https:\/\/dieter-jenz.de\/lc\/die-realitaet-das-individuelle-selbst-befindet-sich-nicht-im-gehirn\/\"><img loading=\"lazy\" decoding=\"async\" width=\"800\" height=\"800\" src=\"https:\/\/dieter-jenz.de\/lc\/wp-content\/uploads\/2024\/11\/Beitragsbild-Realitaet-Individuelles-Selbst-nicht-im-Gehirn.jpeg\" class=\"attachment-post-thumbnail size-post-thumbnail wp-post-image\" alt=\"Realit\u00e4t Das individuelle Selbst befindet sich nicht im Gehirn - Gestaltung: privat\" \/><\/a>\n\t\t\t\t\t\t\t\t<h2 class=\"su-post-title\"><a href=\"https:\/\/dieter-jenz.de\/lc\/die-realitaet-das-individuelle-selbst-befindet-sich-nicht-im-gehirn\/\">Die Realit\u00e4t: Das individuelle Selbst befindet sich nicht im Gehirn<\/a><\/h2>\n\t\t\t<\/div>\n\n\t\t\t\t\t\n\t\t\t\n\t\t\t<div id=\"su-post-12328\" class=\"su-post \">\n\t\t\t\t\t\t\t\t\t<a class=\"su-post-thumbnail\" href=\"https:\/\/dieter-jenz.de\/lc\/verifikation-der-eis-hypothese-ungewoehnliche-erinnerungen\/\"><img loading=\"lazy\" decoding=\"async\" width=\"800\" height=\"800\" src=\"https:\/\/dieter-jenz.de\/lc\/wp-content\/uploads\/2024\/11\/Beitragsbild-Verifikation-EIS-Hypothese-Ungewoehnliche-Erinnerungen.jpeg\" class=\"attachment-post-thumbnail size-post-thumbnail wp-post-image\" alt=\"Verifikation frt EIS-Hypothese: Ungew\u00f6hnliche Erinnerungen - Gestaltung: privat\" \/><\/a>\n\t\t\t\t\t\t\t\t<h2 class=\"su-post-title\"><a href=\"https:\/\/dieter-jenz.de\/lc\/verifikation-der-eis-hypothese-ungewoehnliche-erinnerungen\/\">Verifikation der EIS-Hypothese: Ungew\u00f6hnliche Erinnerungen<\/a><\/h2>\n\t\t\t<\/div>\n\n\t\t\t\t\t\n\t\t\t\n\t\t\t<div id=\"su-post-12313\" class=\"su-post \">\n\t\t\t\t\t\t\t\t\t<a class=\"su-post-thumbnail\" href=\"https:\/\/dieter-jenz.de\/lc\/verifikation-der-eis-hypothese-terminale-geistesklarheit\/\"><img loading=\"lazy\" decoding=\"async\" width=\"800\" height=\"800\" src=\"https:\/\/dieter-jenz.de\/lc\/wp-content\/uploads\/2024\/11\/Beitragsbild-Verifikation-EIS-Hypothese-Terminale-Geistesklarheit.jpeg\" class=\"attachment-post-thumbnail size-post-thumbnail wp-post-image\" alt=\"Verifikation der EIS-Hypothese: Terminale Geistesklarheit - Gestaltung: privat\" \/><\/a>\n\t\t\t\t\t\t\t\t<h2 class=\"su-post-title\"><a href=\"https:\/\/dieter-jenz.de\/lc\/verifikation-der-eis-hypothese-terminale-geistesklarheit\/\">Verifikation der EIS-Hypothese: Terminale Geistesklarheit<\/a><\/h2>\n\t\t\t<\/div>\n\n\t\t\t\t\t\n\t\t\t\n\t\t\t<div id=\"su-post-12248\" class=\"su-post \">\n\t\t\t\t\t\t\t\t\t<a class=\"su-post-thumbnail\" href=\"https:\/\/dieter-jenz.de\/lc\/verifikation-der-eis-hypothese-nahtoderfahrung\/\"><img loading=\"lazy\" decoding=\"async\" width=\"800\" height=\"800\" src=\"https:\/\/dieter-jenz.de\/lc\/wp-content\/uploads\/2024\/10\/Beitragsbild-Verifikation-EIS-Hypothese-Nahtoderfahrung.jpeg\" class=\"attachment-post-thumbnail size-post-thumbnail wp-post-image\" alt=\"Verifikation der EIS-Hypothese: Nahtoderfahrung - Gestaltung: privat\" \/><\/a>\n\t\t\t\t\t\t\t\t<h2 class=\"su-post-title\"><a href=\"https:\/\/dieter-jenz.de\/lc\/verifikation-der-eis-hypothese-nahtoderfahrung\/\">Verifikation der EIS-Hypothese: Nahtoderfahrung<\/a><\/h2>\n\t\t\t<\/div>\n\n\t\t\t\t\t\n\t\t\t\n\t\t\t<div id=\"su-post-12193\" class=\"su-post \">\n\t\t\t\t\t\t\t\t\t<a class=\"su-post-thumbnail\" href=\"https:\/\/dieter-jenz.de\/lc\/das-losloesungsszenario-ist-es-plausibel\/\"><img loading=\"lazy\" decoding=\"async\" width=\"800\" height=\"800\" src=\"https:\/\/dieter-jenz.de\/lc\/wp-content\/uploads\/2024\/09\/Beitragsbild-Losloesungsszenario.jpeg\" class=\"attachment-post-thumbnail size-post-thumbnail wp-post-image\" alt=\"Losl\u00f6sungsszenario - Gestaltung: privat\" \/><\/a>\n\t\t\t\t\t\t\t\t<h2 class=\"su-post-title\"><a href=\"https:\/\/dieter-jenz.de\/lc\/das-losloesungsszenario-ist-es-plausibel\/\">Das Losl\u00f6sungsszenario &#8211; ist es plausibel?<\/a><\/h2>\n\t\t\t<\/div>\n\n\t\t\t\t\t\n\t\t\t\n\t\t\t<div id=\"su-post-12174\" class=\"su-post \">\n\t\t\t\t\t\t\t\t\t<a class=\"su-post-thumbnail\" href=\"https:\/\/dieter-jenz.de\/lc\/das-evakuierungsszenario-ist-es-plausibel\/\"><img loading=\"lazy\" decoding=\"async\" width=\"800\" height=\"800\" src=\"https:\/\/dieter-jenz.de\/lc\/wp-content\/uploads\/2024\/09\/Beitragsbild-Evakuierungsszenario.jpeg\" class=\"attachment-post-thumbnail size-post-thumbnail wp-post-image\" alt=\"Evakuierungsszenario - Gestaltung: privat\" \/><\/a>\n\t\t\t\t\t\t\t\t<h2 class=\"su-post-title\"><a href=\"https:\/\/dieter-jenz.de\/lc\/das-evakuierungsszenario-ist-es-plausibel\/\">Das Evakuierungsszenario &#8211; ist es plausibel?<\/a><\/h2>\n\t\t\t<\/div>\n\n\t\t\t\t\t\n\t\t\t\n\t\t\t<div id=\"su-post-12136\" class=\"su-post \">\n\t\t\t\t\t\t\t\t\t<a class=\"su-post-thumbnail\" href=\"https:\/\/dieter-jenz.de\/lc\/das-erloeschungsszenario-ist-es-plausibel\/\"><img loading=\"lazy\" decoding=\"async\" width=\"800\" height=\"800\" src=\"https:\/\/dieter-jenz.de\/lc\/wp-content\/uploads\/2024\/09\/Beitragsbild-Erloeschungsszenario.jpeg\" class=\"attachment-post-thumbnail size-post-thumbnail wp-post-image\" alt=\"Erl\u00f6schungsszenario - Gestaltung: privat\" \/><\/a>\n\t\t\t\t\t\t\t\t<h2 class=\"su-post-title\"><a href=\"https:\/\/dieter-jenz.de\/lc\/das-erloeschungsszenario-ist-es-plausibel\/\">Das Erl\u00f6schungsszenario &#8211; ist es plausibel?<\/a><\/h2>\n\t\t\t<\/div>\n\n\t\t\t\t\t\n\t\t\t\n\t\t\t<div id=\"su-post-11981\" class=\"su-post \">\n\t\t\t\t\t\t\t\t\t<a class=\"su-post-thumbnail\" href=\"https:\/\/dieter-jenz.de\/lc\/was-sind-nahtoderfahrungenwie-werden-sie-erlebt\/\"><img loading=\"lazy\" decoding=\"async\" width=\"800\" height=\"800\" src=\"https:\/\/dieter-jenz.de\/lc\/wp-content\/uploads\/2024\/07\/Beitragsbild-Was-sind-Nahtoderfahrungen.jpeg\" class=\"attachment-post-thumbnail size-post-thumbnail wp-post-image\" alt=\"Was sind Nahtoderfahrungen - Gestaltung: privat\" \/><\/a>\n\t\t\t\t\t\t\t\t<h2 class=\"su-post-title\"><a href=\"https:\/\/dieter-jenz.de\/lc\/was-sind-nahtoderfahrungenwie-werden-sie-erlebt\/\">Was sind Nahtoderfahrungen? Wie werden sie erlebt?<\/a><\/h2>\n\t\t\t<\/div>\n\n\t\t\t\t\t\n\t\t\t\n\t\t\t<div id=\"su-post-11947\" class=\"su-post \">\n\t\t\t\t\t\t\t\t\t<a class=\"su-post-thumbnail\" href=\"https:\/\/dieter-jenz.de\/lc\/taktile-kommunikation-was-verbirgt-sich-dahinter\/\"><img loading=\"lazy\" decoding=\"async\" width=\"800\" height=\"800\" src=\"https:\/\/dieter-jenz.de\/lc\/wp-content\/uploads\/2024\/07\/Beitragsbild-Taktile-Kommunikation.jpeg\" class=\"attachment-post-thumbnail size-post-thumbnail wp-post-image\" alt=\"Taktile Kommunikation - Gestaltung: privat\" \/><\/a>\n\t\t\t\t\t\t\t\t<h2 class=\"su-post-title\"><a href=\"https:\/\/dieter-jenz.de\/lc\/taktile-kommunikation-was-verbirgt-sich-dahinter\/\">Taktile Kommunikation \u2013 was verbirgt sich dahinter?<\/a><\/h2>\n\t\t\t<\/div>\n\n\t\t\t\t\t\n\t\t\t\n\t\t\t<div id=\"su-post-11943\" class=\"su-post \">\n\t\t\t\t\t\t\t\t\t<a class=\"su-post-thumbnail\" href=\"https:\/\/dieter-jenz.de\/lc\/olfaktorische-kommunikation-was-verbirgt-sich-dahinter\/\"><img loading=\"lazy\" decoding=\"async\" width=\"800\" height=\"800\" src=\"https:\/\/dieter-jenz.de\/lc\/wp-content\/uploads\/2024\/07\/Beitragsbild-Olfaktorische-Kommunikation.jpeg\" class=\"attachment-post-thumbnail size-post-thumbnail wp-post-image\" alt=\"Olfaktorische Kommunikation - Gestaltung: privat\" \/><\/a>\n\t\t\t\t\t\t\t\t<h2 class=\"su-post-title\"><a href=\"https:\/\/dieter-jenz.de\/lc\/olfaktorische-kommunikation-was-verbirgt-sich-dahinter\/\">Olfaktorische Kommunikation \u2013 was verbirgt sich dahinter?<\/a><\/h2>\n\t\t\t<\/div>\n\n\t\t\t\n<\/div>\n  <\/div><div class=\"su-expand-link su-expand-link-more\" style=\"text-align:left\"><a href=\"javascript:;\" style=\"color:#0088FF;border-color:#0088FF\"><span style=\"border-color:#0088FF\">Mehr anzeigen<\/span><\/a><\/div><div class=\"su-expand-link su-expand-link-less\" style=\"text-align:left\"><a href=\"javascript:;\" style=\"color:#0088FF;border-color:#0088FF\"><span style=\"border-color:#0088FF\">Weniger anzeigen<\/span><\/a><\/div><\/div><\/div><\/div>\n\n\n\n<h3 class=\"wp-block-heading\" id=\"babyalter\"><strong>Babyalter<\/strong><\/h3>\n\n\n\n<p>Babys haben im engen wissenschaftlichen Sinn noch keine Pers\u00f6nlichkeit, so wie sie sich bei Erwachsenen beobachten l\u00e4sst. Der Grund daf\u00fcr, noch nicht von Pers\u00f6nlichkeit zu sprechen, liegt darin begr\u00fcndet, dass Pers\u00f6nlichkeit in der Wissenschaft als etwas Stabiles verstanden wird. Im Babyalter wird deshalb bevorzugt der Begriff \u201eTemperament\u201c verwendet, der in der Entwicklungspsychologie als biologienaher Anteil der Pers\u00f6nlichkeit verstanden wird. Das Temperament ist angeboren, ma\u00dfgeblich bestimmt von der Erbanlage und den verschiedenen Einfl\u00fcssen w\u00e4hrend der Zeit im Mutterleib.<\/p>\n\n\n\n<p>Insgesamt sechs Aspekte machen das Temperament eines Babys aus: Aktivit\u00e4t (wie aktiv ein Baby ist), Rhythmus (wie regelm\u00e4\u00dfig etwas geschieht, zeigt sich beispielsweise im Schlafrhythmus), Aufmerksamkeit (wie aufmerksam das Baby gegen\u00fcber neuen Stimuli ist, zeigt sich beispielsweise daran, wie lange ein Bild betrachtet wird), \u00c4ngstlichkeit (wie \u00e4ngstlich das Baby auf unbekannte Reize reagiert), Unbehaglichkeit (was ein Kind nicht mag, beispielsweise das Baden, wie schnell es \u201egenervt\u201c ist), und Grundstimmung (die \u00fcberwiegend vorherrschende Stimmung des Babys, wie beispielsweise fr\u00f6hlich, misstrauisch oder \u00e4ngstlich).<\/p>\n\n\n\n<p>Das Formen der Pers\u00f6nlichkeit geschieht mit permanenten Ver\u00e4nderungen in einem jahrelangen Prozess, der bis in die Pubert\u00e4t und Adoleszenz hineinreicht. Erst dann kann von Pers\u00f6nlichkeit gesprochen werden.<\/p>\n\n\n\n<p>Schon fr\u00fchzeitig macht ein Baby die Erfahrung, dass es durch sein Verhalten etwas bewirken kann. Wenn es beispielsweise hungrig ist schreit, macht es normalerweise die Erfahrung, dass jemand aktiv wird \u2013 meist die Mutter &#8211; und seinen Hunger stillt.<\/p>\n\n\n\n<p>Bis zum Ende des ersten Lebensjahres, gleichzeitig auch Ende des Baby- oder S\u00e4uglingsalters, pr\u00e4gt sich das k\u00f6rperliche Selbstgef\u00fchl des Babys immer st\u00e4rker aus. Es begreift sich zunehmend als eigenst\u00e4ndige Person, entwickelt eine Vorstellung von sich selbst. Es nimmt wahr, dass es etwas bewirken und auch selbst bewerkstelligen kann.<\/p>\n\n\n\n<div class=\"wp-block-group\"><div class=\"wp-block-group__inner-container is-layout-constrained wp-block-group-is-layout-constrained\">\n<figure class=\"wp-block-gallery has-nested-images columns-4 is-cropped wp-block-gallery-1 is-layout-flex wp-block-gallery-is-layout-flex\">\n<figure class=\"wp-block-image size-large\"><a href=\"https:\/\/dieter-jenz.de\/lc\/portal-lebensweisheiten\/\" target=\"_blank\" rel=\"noreferrer noopener\"><img loading=\"lazy\" decoding=\"async\" width=\"800\" height=\"800\" data-id=\"10179\" src=\"https:\/\/dieter-jenz.de\/lc\/wp-content\/uploads\/2023\/12\/Lebensweisheiten.jpeg\" alt=\"Lebensweisheiten - Gestaltung: privat\" class=\"wp-image-10179\" srcset=\"https:\/\/dieter-jenz.de\/lc\/wp-content\/uploads\/2023\/12\/Lebensweisheiten.jpeg 800w, https:\/\/dieter-jenz.de\/lc\/wp-content\/uploads\/2023\/12\/Lebensweisheiten-300x300.jpeg 300w, https:\/\/dieter-jenz.de\/lc\/wp-content\/uploads\/2023\/12\/Lebensweisheiten-150x150.jpeg 150w, https:\/\/dieter-jenz.de\/lc\/wp-content\/uploads\/2023\/12\/Lebensweisheiten-768x768.jpeg 768w, https:\/\/dieter-jenz.de\/lc\/wp-content\/uploads\/2023\/12\/Lebensweisheiten-540x540.jpeg 540w\" sizes=\"(max-width: 800px) 100vw, 800px\" \/><\/a><figcaption class=\"wp-element-caption\">Gestaltung: privat<\/figcaption><\/figure>\n\n\n\n<figure class=\"wp-block-image size-large\"><a href=\"https:\/\/dieter-jenz.de\/lc\/portal-evergreen-themen\/\" target=\"_blank\" rel=\"noreferrer noopener\"><img loading=\"lazy\" decoding=\"async\" width=\"800\" height=\"800\" data-id=\"10200\" src=\"https:\/\/dieter-jenz.de\/lc\/wp-content\/uploads\/2023\/12\/Evergreen-Themen.jpeg\" alt=\"Evergreen-Themen - Gestaltung: privat\" class=\"wp-image-10200\" srcset=\"https:\/\/dieter-jenz.de\/lc\/wp-content\/uploads\/2023\/12\/Evergreen-Themen.jpeg 800w, https:\/\/dieter-jenz.de\/lc\/wp-content\/uploads\/2023\/12\/Evergreen-Themen-300x300.jpeg 300w, https:\/\/dieter-jenz.de\/lc\/wp-content\/uploads\/2023\/12\/Evergreen-Themen-150x150.jpeg 150w, https:\/\/dieter-jenz.de\/lc\/wp-content\/uploads\/2023\/12\/Evergreen-Themen-768x768.jpeg 768w, https:\/\/dieter-jenz.de\/lc\/wp-content\/uploads\/2023\/12\/Evergreen-Themen-540x540.jpeg 540w\" sizes=\"(max-width: 800px) 100vw, 800px\" \/><\/a><figcaption class=\"wp-element-caption\">Gestaltung: privat<\/figcaption><\/figure>\n\n\n\n<figure class=\"wp-block-image size-large\"><a href=\"https:\/\/dieter-jenz.de\/lc\/portal-wissensdurst\/\" target=\"_blank\" rel=\"noreferrer noopener\"><img loading=\"lazy\" decoding=\"async\" width=\"800\" height=\"800\" data-id=\"10177\" src=\"https:\/\/dieter-jenz.de\/lc\/wp-content\/uploads\/2023\/12\/Wissensdurst-Blick-durch-den-Tuerspalt.jpeg\" alt=\"Wissensdurst, Blick durch den T\u00fcrspalt - Gestaltung: privat\" class=\"wp-image-10177\" srcset=\"https:\/\/dieter-jenz.de\/lc\/wp-content\/uploads\/2023\/12\/Wissensdurst-Blick-durch-den-Tuerspalt.jpeg 800w, https:\/\/dieter-jenz.de\/lc\/wp-content\/uploads\/2023\/12\/Wissensdurst-Blick-durch-den-Tuerspalt-300x300.jpeg 300w, https:\/\/dieter-jenz.de\/lc\/wp-content\/uploads\/2023\/12\/Wissensdurst-Blick-durch-den-Tuerspalt-150x150.jpeg 150w, https:\/\/dieter-jenz.de\/lc\/wp-content\/uploads\/2023\/12\/Wissensdurst-Blick-durch-den-Tuerspalt-768x768.jpeg 768w, https:\/\/dieter-jenz.de\/lc\/wp-content\/uploads\/2023\/12\/Wissensdurst-Blick-durch-den-Tuerspalt-540x540.jpeg 540w\" sizes=\"(max-width: 800px) 100vw, 800px\" \/><\/a><figcaption class=\"wp-element-caption\">Gestaltung: privat<\/figcaption><\/figure>\n<\/figure>\n<\/div><\/div>\n\n\n\n<h3 class=\"wp-block-heading\" id=\"kleinkindalter\"><strong>Kleinkindalter<\/strong><\/h3>\n\n\n\n<p>Schon mit Beginn des zweiten Lebensjahres, nunmehr im Kleinkindalter, entwickelt das Kind seinen eigenen Willen. Es wird auch wahrnehmen (m\u00fcssen), dass ihm Grenzen gesetzt werden. Wenn es beispielsweise die interessanten Inhalte von Schubladen entdeckt und sich gerne ans Ausr\u00e4umen machen will, wird es mit einem Verbot umgehen m\u00fcssen.<\/p>\n\n\n\n<p>Gegen Ende seines zweiten Lebensjahres kann sich das Kind erstmals im Spiegel selbst erkennen. Jetzt wei\u00df es: das bin ich. Auch wenn das Kind noch nicht \u201eich\u201c sagt, wenn es von sich redet \u2013 dies kann noch einige Monate dauern, &#8211; nimmt es wahr, dass es etwas wollen, selbst etwas machen und auch oft zwischen mehreren M\u00f6glichkeiten w\u00e4hlen und sich dann entscheiden kann. Es kann sich von den Eltern mit einer Trotzreaktion abgrenzen. Die sogenannte Autonomie- oder Trotzphase dauert etwa vier Jahre lang.<\/p>\n\n\n\n<p>Im dritten Lebensjahr \u00e4u\u00dfert das Kleinkind W\u00fcnsche in der \u201eIch-Form\u201c. Es zeigt auch seinen eigenen Willen, indem es \u201eNein\u201c sagt. Es liebt, Dinge selbst zu bewerkstelligen, nimmt aber Hilfe an, wenn es etwas (noch) nicht kann. Ferner kann es verschiedene Gef\u00fchle sprachlich ausdr\u00fccken.<\/p>\n\n\n\n<h3 class=\"wp-block-heading\" id=\"kindesalter\"><strong>Kindesalter<\/strong><\/h3>\n\n\n\n<p>In den folgenden Lebensjahren (ab dem vierten Lebensjahr nun kein Kleinkind mehr) entwickelt sich das Kind z\u00fcgig weiter. Es kann seine Affekte regulieren und akzeptiert (meistens) ein \u201eNein\u201c. Auf Babyfotos kann es sich selbst erkennen. Im Alter von etwa f\u00fcnf Jahren kann das Kind seine Stimmungen benennen. Im darauffolgenden Lebensjahr kann es seine Bed\u00fcrfnisse verbal \u00e4u\u00dfern. Es lernt immer besser, Wege zu finden, mit seinen Gef\u00fchlen umzugehen. So kann es beispielsweise auch mit Frustrationen umgehen, wenn einmal ein Wunsch nicht erf\u00fcllt wird. Au\u00dferdem kann es sich in andere Menschen hineinversetzen. In gewisser Weise kann das Kind \u201eAbstand von sich selbst\u201c bekommen.<\/p>\n\n\n\n<p>Im Grundschulalter, im Allgemeinen eine eher ruhige und stabile Entwicklungsphase, festigt sich das Kind psychisch. Seine F\u00e4higkeit zur Selbstkontrolle und zur Regulierung eigener Gef\u00fchle nehmen stetig zu. Es besitzt zunehmend ein differenzierteres Wissen \u00fcber Gef\u00fchle und ihre Ausdrucksweisen. Schon im Alter von sechs Jahren wei\u00df das Kind, dass sich \u201ewahre\u201c Gef\u00fchle einer Person von den in den k\u00f6rperlichen Verhaltensweisen dieser Person (z.&nbsp;B. Mimik, Gestik als Ausdruck psychischen Empfindens) gezeigten Gef\u00fchlen unterscheiden k\u00f6nnen. In der Konsequenz wei\u00df es auch, dass sich Gef\u00fchle verbergen lassen.<\/p>\n\n\n\n<p>Das Kind kann jetzt auch Bed\u00fcrfnisse aufschieben und handelt nicht mehr prim\u00e4r von seinen eigenen Gef\u00fchlen und Bed\u00fcrfnissen gesteuert. Au\u00dferdem entwickelt das Kind ein Zeitgef\u00fchl. Langsam beginnt es damit, die Bindung zu den Eltern zu lockern und sich aus der Familie zu l\u00f6sen. Das Kind betrachtet seine Eltern mit einer gewissen kritischen Distanz und mehr Sachlichkeit.<\/p>\n\n\n<div class=\"su-box su-box-style-default\" id=\"\" style=\"border-color:#000000;border-radius:3px;\"><div class=\"su-box-title\" style=\"background-color:#333333;color:#FFFFFF;border-top-left-radius:1px;border-top-right-radius:1px\">Weitere Informationen und Ressourcen <\/div><div class=\"su-box-content su-u-clearfix su-u-trim\" style=\"border-bottom-left-radius:1px;border-bottom-right-radius:1px\"> <div class=\"su-list\" style=\"margin-left:0px\"> <\/p>\n<ul>\n<li><i class=\"sui sui-info-circle\" style=\"color:#333\"><\/i> <a href=\"https:\/\/dieter-jenz.de\/lc\/ausgangssituation-ziel-vorgehensweise-aktueller-stand\/\" title=\"Ausgangssituation, Ziel, Vorgehensweise\" target=\"_blank\" rel=\"\" class=\"\">Ausgangssituation, Ziel, Vorgehensweise, aktueller Stand<\/a> <\/li>\n<\/ul>\n<p> <\/div> <div class=\"su-list\" style=\"margin-left:0px\"> <\/p>\n<ul>\n<li><i class=\"sui sui-info-circle\" style=\"color:#333\"><\/i> <a href=\"https:\/\/dieter-jenz.de\/lc\/was-kommt-nach-dem-tod-erstes-zwischenfazit\/\" title=\"Erstes Zwischenfazit\" target=\"_blank\" rel=\"\" class=\"\">Was kommt nach dem Tod? &#8211; Erstes Zwischenfazit<\/a> <\/li>\n<\/ul>\n<p> <\/div> <div class=\"su-list\" style=\"margin-left:0px\"> <\/p>\n<ul>\n<li><i class=\"sui sui-info-circle\" style=\"color:#333\"><\/i> <a href=\"https:\/\/dieter-jenz.de\/lc\/ressourcen-wie-geht-es-nach-dem-tod-weiter\/\" title=\"Literatur und sonstige Ressourcen\" target=\"_blank\" rel=\"\" class=\"\">Literatur und sonstige Ressourcen<\/a> <\/li>\n<\/ul>\n<p> <\/div> <div class=\"su-list\" style=\"margin-left:0px\"> <\/p>\n<ul>\n<li><i class=\"sui sui-info-circle\" style=\"color:#333\"><\/i> <a href=\"https:\/\/dieter-jenz.de\/lc\/glossar-begriffe-transzendenzerfahrungen-lebensfragen\/\" title=\"Glossar der Begriffe zu Transzendenzerfahrungen\" target=\"_blank\" rel=\"\" class=\"\">Glossar der Begriffe im Kontext von Transzendenzerfahrungen<\/a> <\/li>\n<\/ul>\n<p> <\/div> <div class=\"su-list\" style=\"margin-left:0px\"> <\/p>\n<ul>\n<li><i class=\"sui sui-info-circle\" style=\"color:#333\"><\/i> <a href=\"https:\/\/dieter-jenz.de\/lc\/faq-haeufig-gestellte-fragen-was-kommt-nach-dem-tod\/\" title=\"FAQ (H\u00e4ufig gestellte Fragen)\" target=\"_blank\" rel=\"\" class=\"\">H\u00e4ufig gestellte Fragen (FAQ) &#8211; Was kommt nach dem Tod?<\/a> <\/li>\n<\/ul>\n<p> <\/div>   <\/div><\/div>\n\n\n\n<h3 class=\"wp-block-heading\" id=\"adoleszenzphase\"><strong>Adoleszenzphase<\/strong><\/h3>\n\n\n\n<p>Mit dem Einsetzen der Pubert\u00e4t, einem Teilbereich der etwa im Alter von zehn Jahren beginnenden Adoleszenz, beginnt eine herausfordernde Zeit nicht nur f\u00fcr die Eltern, sondern auch f\u00fcr das Kind. Das bisher \u201eliebe\u201c Kind entwickelt sich zusehends zu einem \u201erebellischen\u201c Wesen. Ma\u00dfgeblich verantwortlich daf\u00fcr sind hormonelle Umstellungen. Sie sorgen daf\u00fcr, dass die Stimmung innerhalb kurzer Zeit stark schwanken kann.<\/p>\n\n\n\n<p>Gef\u00fchle spielen in dieser Lebensphase eine wichtige Rolle und bewirken eine Unstetigkeit im Hinblick auf Interessen, Besch\u00e4ftigungen und der Weltsicht. Diese Unstetigkeit und Wechselhaftigkeit dr\u00fccken sich in sehr unterschiedlichen Aspekten aus wie beispielsweise Misstrauen, Starrsinn und einem leicht irritierbaren Charakter.<\/p>\n\n\n\n<p>Die Entwicklung w\u00e4hrend der Pubert\u00e4t, die gew\u00f6hnlich etwa f\u00fcnf bis sechs Jahre dauert, vollzieht sich zwischen zwei Polen: Bindung und Trennung. Davon abgesehen \u00fcberschreitet das Kind im Verlauf der Pubert\u00e4t zudem die Grenze vom Kind zum Jugendlichen (ab dem 13. Lebensjahr), h\u00e4ufig auch als Teenager bezeichnet.<\/p>\n\n\n\n<p>W\u00e4hrend der Pubert\u00e4t kommt es zu Konflikten, die sich insbesondere im Inneren eines Teenagers zeigen. \u201eWer bin ich?\u201c, \u201eWie bin ich?\u201c, \u201eWie m\u00f6chte ich sein?\u201c, oder \u201eF\u00fcr wen halten mich andere?\u201c sind einige der Hauptfragen in dieser Lebensphase. Es kann zu einem Gef\u00fchlschaos kommen, wenn eine Kluft zwischen dem eigenen Ist-Bild und dem Soll-Bild wahrgenommen wird.<\/p>\n\n\n\n<p>In dieser Konfliktphase, die durch erh\u00f6hte Sensibilit\u00e4t und Launenhaftigkeit gekennzeichnet ist, stellt sich ein Teenager der Herausforderung, gewisserma\u00dfen eine passende Identit\u00e4t f\u00fcr sich zu finden. Dies geschieht nicht zuletzt auch durch Vergleichen mit Menschen, die bewundert werden (insbesondere prominente Personen) und dadurch eine Orientierung vermitteln. Au\u00dferdem entwickelt der Teenager eigene Weltanschauungen und Zukunftsperspektiven.<\/p>\n\n\n\n<p>Die Auswirkungen im \u00c4u\u00dferen werden durch das intensiver werdende Streben nach Autonomie wahrnehmbar. Der Teenager widersetzt sich heftig den von seinen Eltern gesetzten Grenzen. Oft l\u00e4sst sich beobachten, dass Gegenpositionen zu den moralischen Vorstellungen, Werten und Normen der Eltern eingenommen werden. Dies hat jedoch nicht zur Folge, dass sich ein Teenager grunds\u00e4tzlich von den Wertvorstellungen der Eltern l\u00f6st. Gleichzeitig besteht aber auch der Wunsch nach N\u00e4he und Unterst\u00fctzung seitens der Eltern.<\/p>\n\n\n\n<p>Diese Konfliktphase mit den Eltern ist, so heftig sie zuweilen sowohl vom Teenager als auch den Eltern empfunden werden mag, f\u00fcr die Pers\u00f6nlichkeitsentwicklung des Teenagers notwendig. Der Teenager folgt naturgem\u00e4\u00df dem Bed\u00fcrfnis, sich unabh\u00e4ngig zu f\u00fchlen und eigene Entscheidungen zu treffen.<\/p>\n\n\n\n<p>In der Teenagerzeit werden verschiedenste soziale Erfahrungen erlebt. Teenager lernen, sich in unterschiedlichen sozialen Kontexten zu verorten. Viele orientieren sich vermehrt an Gleichaltrigen. Diese Verortung und Orientierung bleiben nicht ohne Einfluss auf ihr Selbstwertgef\u00fchl. Es wird gest\u00e4rkt, wenn ein Teenager wahrnehmbar Anerkennung erf\u00e4hrt, und geschw\u00e4cht, wenn Anerkennung ausbleibt.<\/p>\n\n\n\n<p>Nicht zuletzt entwickeln, ver\u00e4ndern und verfestigen sich individuelle Interessenprofile und Moralvorstellungen. Dies geschieht auch in der Auseinandersetzung mit der gesellschaftlichen Moral, den Werten und Regeln, die in einer Gesellschaft allgemein anerkannt sind. Nicht zuletzt formt sich auch die sexuelle Orientierung.<\/p>\n\n\n\n<p>In der Adoleszenzphase mit allen ihren Konflikten und Krisen k\u00f6nnen sich auch psychische Auff\u00e4lligkeiten mit ihren Folgewirkungen zeigen. Dazu z\u00e4hlen beispielsweise depressive Episoden, Angstst\u00f6rungen (wenn Angstreaktionen in eigentlich ungef\u00e4hrlichen Situationen auftreten), Essst\u00f6rungen, selbstverletzendes Verhalten (freiwillige, direkte Zerst\u00f6rung oder Ver\u00e4nderung des K\u00f6rpergewebes ohne suizidale Absicht), Alkohol- und Drogenkonsum, und ein gest\u00f6rtes Sozialverhalten. Dies kann, abh\u00e4ngig von der jeweiligen Auspr\u00e4gung dazu f\u00fchren, dass ein davon Betroffener auf dem Weg in die Selbstst\u00e4ndigkeit an bestimmten Meilensteinen wie Schulabschluss oder Berufsausbildung (zun\u00e4chst) scheitert.<\/p>\n\n\n\n<div class=\"wp-block-group\"><div class=\"wp-block-group__inner-container is-layout-constrained wp-block-group-is-layout-constrained\">\n<div class=\"wp-block-group has-background\" style=\"background:radial-gradient(rgba(252,185,0,0.25) 0%,rgba(255,106,0,0.11) 100%)\"><div class=\"wp-block-group__inner-container is-layout-constrained wp-block-group-is-layout-constrained\">\n<p><strong>Gutes und Sinnvolles  tun &#8211; ganz praktisch<\/strong><\/p>\n\n\n<div class=\"wp-block-image\">\n<figure class=\"aligncenter size-full is-resized\"><a href=\"https:\/\/dieter-jenz.de\/lc\/gutes-tun-ganz-praktisch\/\" target=\"_blank\" rel=\"noreferrer noopener\"><img loading=\"lazy\" decoding=\"async\" width=\"600\" height=\"450\" src=\"https:\/\/dieter-jenz.de\/lc\/wp-content\/uploads\/2023\/11\/Geschenk-mit-Text.jpeg\" alt=\"Geschenk mit Text - Gestaltung: privat\" class=\"wp-image-9969\" style=\"width:300px\" srcset=\"https:\/\/dieter-jenz.de\/lc\/wp-content\/uploads\/2023\/11\/Geschenk-mit-Text.jpeg 600w, https:\/\/dieter-jenz.de\/lc\/wp-content\/uploads\/2023\/11\/Geschenk-mit-Text-300x225.jpeg 300w, https:\/\/dieter-jenz.de\/lc\/wp-content\/uploads\/2023\/11\/Geschenk-mit-Text-540x405.jpeg 540w, https:\/\/dieter-jenz.de\/lc\/wp-content\/uploads\/2023\/11\/Geschenk-mit-Text-150x113.jpeg 150w\" sizes=\"(max-width: 600px) 100vw, 600px\" \/><\/a><figcaption class=\"wp-element-caption\">Gestaltung: privat<\/figcaption><\/figure><\/div>\n\n\n<p>Mit einem Klick auf das Bild gelangen Sie zum zugeh\u00f6rigen Text.<\/p>\n<\/div><\/div>\n<\/div><\/div>\n\n\n\n<h3 class=\"wp-block-heading\" id=\"erwachsenenalter\"><strong>Erwachsenenalter<\/strong><\/h3>\n\n\n\n<p>Mit dem Ende der Adoleszenzphase, im Alter von etwa 20 Jahren, ist die Pers\u00f6nlichkeitsentwicklung noch keineswegs abgeschlossen. Auch im Alter kann sich die Pers\u00f6nlichkeit genauso stark ver\u00e4ndern wie in der Adoleszenzphase. Untersuchungen konnten die naheliegende Annahme, dass die Pers\u00f6nlichkeit im Laufe des Lebens zunehmend stabiler wird, widerlegen. In Wirklichkeit ist die Pers\u00f6nlichkeitsentwicklung nie abgeschlossen.<\/p>\n\n\n\n<p>Eine Studie (\u201e<a href=\"https:\/\/psycnet.apa.org\/record\/2011-18537-001\">Stability and change of personality across the life course: The impact of age and major life events on mean-level and rank-order stability of the Big Five<\/a>\u201c) konnte zeigen, dass sich etwa jeder F\u00fcnfte nach dem 60. Geburtstag noch einmal stark ver\u00e4ndert. Kleinere Ver\u00e4nderungen sind typischer. Pers\u00f6nlichkeitsver\u00e4nderungen sind, verglichen mit den von jedem Teenager durchlebten Umbr\u00fcchen w\u00e4hrend der Zeit der sich formenden Pers\u00f6nlichkeit, im fortgeschrittenen Alter sehr individuell.<\/p>\n\n\n\n<p>Sp\u00e4testens im Alter von etwa 30 Jahren sind etwa 50&nbsp;% der Pers\u00f6nlichkeitseigenschaften von der Umwelt abh\u00e4ngig. Mit zunehmendem Lebensalter l\u00e4sst sich nicht mehr hinreichend genau unterscheiden, ob Gene oder Umwelt die Pers\u00f6nlichkeit eines Menschen geformt haben. In der Konsequenz unterscheiden sich selbst eineiige Zwillinge im Alter hinsichtlich ihrer Pers\u00f6nlichkeitseigenschaften.<\/p>\n","protected":false},"excerpt":{"rendered":"<p>Das menschliche Leben ist von kontinuierlichen psychischen Entwicklungen gepr\u00e4gt. Welches sind die markanten Aspekte? Schon bei Babys (S\u00e4uglingen) sind unterschiedliche Pr\u00e4gungen hinsichtlich ihres Wesens erkennbar. Wie bereits deutlich&hellip;<\/p>\n","protected":false},"author":2,"featured_media":10536,"comment_status":"closed","ping_status":"open","sticky":false,"template":"template-full-width-only-content.php","format":"standard","meta":{"footnotes":""},"categories":[212],"tags":[],"yoast_head":"<!-- This site is optimized with the Yoast SEO plugin v24.5 - https:\/\/yoast.com\/wordpress\/plugins\/seo\/ -->\n<title>Markante Aspekte psychischer Entwicklungen<\/title>\n<meta name=\"description\" content=\"Das menschliche Leben ist von kontinuierlichen psychischen Entwicklungen gepr\u00e4gt. Welches sind die markanten Aspekte?\" \/>\n<meta name=\"robots\" content=\"index, follow, max-snippet:-1, max-image-preview:large, max-video-preview:-1\" \/>\n<link rel=\"canonical\" href=\"https:\/\/dieter-jenz.de\/lc\/markante-aspekte-psychischer-entwicklungen\/\" \/>\n<meta property=\"og:locale\" content=\"de_DE\" \/>\n<meta property=\"og:type\" content=\"article\" \/>\n<meta property=\"og:title\" content=\"Markante Aspekte psychischer Entwicklungen\" \/>\n<meta property=\"og:description\" content=\"Das menschliche Leben ist von kontinuierlichen psychischen Entwicklungen gepr\u00e4gt. Welches sind die markanten Aspekte?\" \/>\n<meta property=\"og:url\" content=\"https:\/\/dieter-jenz.de\/lc\/markante-aspekte-psychischer-entwicklungen\/\" \/>\n<meta property=\"og:site_name\" content=\"Dieter Jenz, Begleitung und Coaching\" \/>\n<meta property=\"article:publisher\" content=\"https:\/\/www.facebook.com\/dieter.jenz.inspiration\" \/>\n<meta property=\"article:author\" content=\"https:\/\/www.facebook.com\/dieter.jenz.inspiration\" \/>\n<meta property=\"article:published_time\" content=\"2024-01-05T12:00:00+00:00\" \/>\n<meta property=\"article:modified_time\" content=\"2024-07-10T15:02:12+00:00\" \/>\n<meta property=\"og:image\" content=\"https:\/\/dieter-jenz.de\/lc\/wp-content\/uploads\/2024\/01\/Beitragsbild-Markante-Aspekte-psychischer-Entwicklungen.jpeg\" \/>\n\t<meta property=\"og:image:width\" content=\"800\" \/>\n\t<meta property=\"og:image:height\" content=\"800\" \/>\n\t<meta property=\"og:image:type\" content=\"image\/jpeg\" \/>\n<meta name=\"author\" content=\"Dieter Jenz\" \/>\n<meta name=\"twitter:card\" content=\"summary_large_image\" \/>\n<meta name=\"twitter:creator\" content=\"@https:\/\/twitter.com\/dieterjenz\" \/>\n<meta name=\"twitter:site\" content=\"@dieterjenz\" \/>\n<meta name=\"twitter:label1\" content=\"Verfasst von\" \/>\n\t<meta name=\"twitter:data1\" content=\"Dieter Jenz\" \/>\n\t<meta name=\"twitter:label2\" content=\"Gesch\u00e4tzte Lesezeit\" \/>\n\t<meta name=\"twitter:data2\" content=\"10\u00a0Minuten\" \/>\n<script type=\"application\/ld+json\" class=\"yoast-schema-graph\">{\"@context\":\"https:\/\/schema.org\",\"@graph\":[{\"@type\":\"Article\",\"@id\":\"https:\/\/dieter-jenz.de\/lc\/markante-aspekte-psychischer-entwicklungen\/#article\",\"isPartOf\":{\"@id\":\"https:\/\/dieter-jenz.de\/lc\/markante-aspekte-psychischer-entwicklungen\/\"},\"author\":{\"name\":\"Dieter Jenz\",\"@id\":\"https:\/\/dieter-jenz.de\/lc\/#\/schema\/person\/618cfd5c289d0a23930cb258a43679ab\"},\"headline\":\"Markante Aspekte psychischer Entwicklungen\",\"datePublished\":\"2024-01-05T12:00:00+00:00\",\"dateModified\":\"2024-07-10T15:02:12+00:00\",\"mainEntityOfPage\":{\"@id\":\"https:\/\/dieter-jenz.de\/lc\/markante-aspekte-psychischer-entwicklungen\/\"},\"wordCount\":1628,\"publisher\":{\"@id\":\"https:\/\/dieter-jenz.de\/lc\/#\/schema\/person\/618cfd5c289d0a23930cb258a43679ab\"},\"image\":{\"@id\":\"https:\/\/dieter-jenz.de\/lc\/markante-aspekte-psychischer-entwicklungen\/#primaryimage\"},\"thumbnailUrl\":\"https:\/\/dieter-jenz.de\/lc\/wp-content\/uploads\/2024\/01\/Beitragsbild-Markante-Aspekte-psychischer-Entwicklungen.jpeg\",\"articleSection\":[\"Lebensfragen\"],\"inLanguage\":\"de\"},{\"@type\":\"WebPage\",\"@id\":\"https:\/\/dieter-jenz.de\/lc\/markante-aspekte-psychischer-entwicklungen\/\",\"url\":\"https:\/\/dieter-jenz.de\/lc\/markante-aspekte-psychischer-entwicklungen\/\",\"name\":\"Markante Aspekte psychischer Entwicklungen\",\"isPartOf\":{\"@id\":\"https:\/\/dieter-jenz.de\/lc\/#website\"},\"primaryImageOfPage\":{\"@id\":\"https:\/\/dieter-jenz.de\/lc\/markante-aspekte-psychischer-entwicklungen\/#primaryimage\"},\"image\":{\"@id\":\"https:\/\/dieter-jenz.de\/lc\/markante-aspekte-psychischer-entwicklungen\/#primaryimage\"},\"thumbnailUrl\":\"https:\/\/dieter-jenz.de\/lc\/wp-content\/uploads\/2024\/01\/Beitragsbild-Markante-Aspekte-psychischer-Entwicklungen.jpeg\",\"datePublished\":\"2024-01-05T12:00:00+00:00\",\"dateModified\":\"2024-07-10T15:02:12+00:00\",\"description\":\"Das menschliche Leben ist von kontinuierlichen psychischen Entwicklungen gepr\u00e4gt. Welches sind die markanten Aspekte?\",\"breadcrumb\":{\"@id\":\"https:\/\/dieter-jenz.de\/lc\/markante-aspekte-psychischer-entwicklungen\/#breadcrumb\"},\"inLanguage\":\"de\",\"potentialAction\":[{\"@type\":\"ReadAction\",\"target\":[\"https:\/\/dieter-jenz.de\/lc\/markante-aspekte-psychischer-entwicklungen\/\"]}]},{\"@type\":\"ImageObject\",\"inLanguage\":\"de\",\"@id\":\"https:\/\/dieter-jenz.de\/lc\/markante-aspekte-psychischer-entwicklungen\/#primaryimage\",\"url\":\"https:\/\/dieter-jenz.de\/lc\/wp-content\/uploads\/2024\/01\/Beitragsbild-Markante-Aspekte-psychischer-Entwicklungen.jpeg\",\"contentUrl\":\"https:\/\/dieter-jenz.de\/lc\/wp-content\/uploads\/2024\/01\/Beitragsbild-Markante-Aspekte-psychischer-Entwicklungen.jpeg\",\"width\":800,\"height\":800,\"caption\":\"Gestaltung: privat\"},{\"@type\":\"BreadcrumbList\",\"@id\":\"https:\/\/dieter-jenz.de\/lc\/markante-aspekte-psychischer-entwicklungen\/#breadcrumb\",\"itemListElement\":[{\"@type\":\"ListItem\",\"position\":1,\"name\":\"Home\",\"item\":\"https:\/\/dieter-jenz.de\/lc\/\"},{\"@type\":\"ListItem\",\"position\":2,\"name\":\"Lebensfragen\",\"item\":\"https:\/\/dieter-jenz.de\/lc\/category\/lebensfragen\/\"},{\"@type\":\"ListItem\",\"position\":3,\"name\":\"Markante Aspekte psychischer Entwicklungen\"}]},{\"@type\":\"WebSite\",\"@id\":\"https:\/\/dieter-jenz.de\/lc\/#website\",\"url\":\"https:\/\/dieter-jenz.de\/lc\/\",\"name\":\"Dieter Jenz, Begleitung und Coaching\",\"description\":\"Die andere, neue Sichtweise entdecken - auftanken - neue Wege gehen\",\"publisher\":{\"@id\":\"https:\/\/dieter-jenz.de\/lc\/#\/schema\/person\/618cfd5c289d0a23930cb258a43679ab\"},\"potentialAction\":[{\"@type\":\"SearchAction\",\"target\":{\"@type\":\"EntryPoint\",\"urlTemplate\":\"https:\/\/dieter-jenz.de\/lc\/?s={search_term_string}\"},\"query-input\":{\"@type\":\"PropertyValueSpecification\",\"valueRequired\":true,\"valueName\":\"search_term_string\"}}],\"inLanguage\":\"de\"},{\"@type\":[\"Person\",\"Organization\"],\"@id\":\"https:\/\/dieter-jenz.de\/lc\/#\/schema\/person\/618cfd5c289d0a23930cb258a43679ab\",\"name\":\"Dieter Jenz\",\"image\":{\"@type\":\"ImageObject\",\"inLanguage\":\"de\",\"@id\":\"https:\/\/dieter-jenz.de\/lc\/#\/schema\/person\/image\/\",\"url\":\"https:\/\/dieter-jenz.de\/lc\/wp-content\/uploads\/2020\/01\/Logo-Coaching-und-Begleitung.png\",\"contentUrl\":\"https:\/\/dieter-jenz.de\/lc\/wp-content\/uploads\/2020\/01\/Logo-Coaching-und-Begleitung.png\",\"width\":320,\"height\":240,\"caption\":\"Dieter Jenz\"},\"logo\":{\"@id\":\"https:\/\/dieter-jenz.de\/lc\/#\/schema\/person\/image\/\"},\"description\":\"Ich bin Dieter Jenz, Begleiter, Berater und Coach mit Leidenschaft. \u00dcber viele Jahre hinweg habe ich einen reichen Schatz an Kompetenz und Erfahrung erworben. Meine Themen sind die \\\"4L\\\": Lebensaufgabe, Lebensplanung, Lebensnavigation und Lebensqualit\u00e4t.\",\"sameAs\":[\"https:\/\/www.facebook.com\/dieter.jenz.inspiration\",\"https:\/\/www.pinterest.de\/dieterjenz\/\",\"https:\/\/x.com\/https:\/\/twitter.com\/dieterjenz\"],\"url\":\"https:\/\/dieter-jenz.de\/lc\/author\/dieter\/\"}]}<\/script>\n<!-- \/ Yoast SEO plugin. -->","yoast_head_json":{"title":"Markante Aspekte psychischer Entwicklungen","description":"Das menschliche Leben ist von kontinuierlichen psychischen Entwicklungen gepr\u00e4gt. Welches sind die markanten Aspekte?","robots":{"index":"index","follow":"follow","max-snippet":"max-snippet:-1","max-image-preview":"max-image-preview:large","max-video-preview":"max-video-preview:-1"},"canonical":"https:\/\/dieter-jenz.de\/lc\/markante-aspekte-psychischer-entwicklungen\/","og_locale":"de_DE","og_type":"article","og_title":"Markante Aspekte psychischer Entwicklungen","og_description":"Das menschliche Leben ist von kontinuierlichen psychischen Entwicklungen gepr\u00e4gt. Welches sind die markanten Aspekte?","og_url":"https:\/\/dieter-jenz.de\/lc\/markante-aspekte-psychischer-entwicklungen\/","og_site_name":"Dieter Jenz, Begleitung und Coaching","article_publisher":"https:\/\/www.facebook.com\/dieter.jenz.inspiration","article_author":"https:\/\/www.facebook.com\/dieter.jenz.inspiration","article_published_time":"2024-01-05T12:00:00+00:00","article_modified_time":"2024-07-10T15:02:12+00:00","og_image":[{"width":800,"height":800,"url":"https:\/\/dieter-jenz.de\/lc\/wp-content\/uploads\/2024\/01\/Beitragsbild-Markante-Aspekte-psychischer-Entwicklungen.jpeg","type":"image\/jpeg"}],"author":"Dieter Jenz","twitter_card":"summary_large_image","twitter_creator":"@https:\/\/twitter.com\/dieterjenz","twitter_site":"@dieterjenz","twitter_misc":{"Verfasst von":"Dieter Jenz","Gesch\u00e4tzte Lesezeit":"10\u00a0Minuten"},"schema":{"@context":"https:\/\/schema.org","@graph":[{"@type":"Article","@id":"https:\/\/dieter-jenz.de\/lc\/markante-aspekte-psychischer-entwicklungen\/#article","isPartOf":{"@id":"https:\/\/dieter-jenz.de\/lc\/markante-aspekte-psychischer-entwicklungen\/"},"author":{"name":"Dieter Jenz","@id":"https:\/\/dieter-jenz.de\/lc\/#\/schema\/person\/618cfd5c289d0a23930cb258a43679ab"},"headline":"Markante Aspekte psychischer Entwicklungen","datePublished":"2024-01-05T12:00:00+00:00","dateModified":"2024-07-10T15:02:12+00:00","mainEntityOfPage":{"@id":"https:\/\/dieter-jenz.de\/lc\/markante-aspekte-psychischer-entwicklungen\/"},"wordCount":1628,"publisher":{"@id":"https:\/\/dieter-jenz.de\/lc\/#\/schema\/person\/618cfd5c289d0a23930cb258a43679ab"},"image":{"@id":"https:\/\/dieter-jenz.de\/lc\/markante-aspekte-psychischer-entwicklungen\/#primaryimage"},"thumbnailUrl":"https:\/\/dieter-jenz.de\/lc\/wp-content\/uploads\/2024\/01\/Beitragsbild-Markante-Aspekte-psychischer-Entwicklungen.jpeg","articleSection":["Lebensfragen"],"inLanguage":"de"},{"@type":"WebPage","@id":"https:\/\/dieter-jenz.de\/lc\/markante-aspekte-psychischer-entwicklungen\/","url":"https:\/\/dieter-jenz.de\/lc\/markante-aspekte-psychischer-entwicklungen\/","name":"Markante Aspekte psychischer Entwicklungen","isPartOf":{"@id":"https:\/\/dieter-jenz.de\/lc\/#website"},"primaryImageOfPage":{"@id":"https:\/\/dieter-jenz.de\/lc\/markante-aspekte-psychischer-entwicklungen\/#primaryimage"},"image":{"@id":"https:\/\/dieter-jenz.de\/lc\/markante-aspekte-psychischer-entwicklungen\/#primaryimage"},"thumbnailUrl":"https:\/\/dieter-jenz.de\/lc\/wp-content\/uploads\/2024\/01\/Beitragsbild-Markante-Aspekte-psychischer-Entwicklungen.jpeg","datePublished":"2024-01-05T12:00:00+00:00","dateModified":"2024-07-10T15:02:12+00:00","description":"Das menschliche Leben ist von kontinuierlichen psychischen Entwicklungen gepr\u00e4gt. Welches sind die markanten Aspekte?","breadcrumb":{"@id":"https:\/\/dieter-jenz.de\/lc\/markante-aspekte-psychischer-entwicklungen\/#breadcrumb"},"inLanguage":"de","potentialAction":[{"@type":"ReadAction","target":["https:\/\/dieter-jenz.de\/lc\/markante-aspekte-psychischer-entwicklungen\/"]}]},{"@type":"ImageObject","inLanguage":"de","@id":"https:\/\/dieter-jenz.de\/lc\/markante-aspekte-psychischer-entwicklungen\/#primaryimage","url":"https:\/\/dieter-jenz.de\/lc\/wp-content\/uploads\/2024\/01\/Beitragsbild-Markante-Aspekte-psychischer-Entwicklungen.jpeg","contentUrl":"https:\/\/dieter-jenz.de\/lc\/wp-content\/uploads\/2024\/01\/Beitragsbild-Markante-Aspekte-psychischer-Entwicklungen.jpeg","width":800,"height":800,"caption":"Gestaltung: privat"},{"@type":"BreadcrumbList","@id":"https:\/\/dieter-jenz.de\/lc\/markante-aspekte-psychischer-entwicklungen\/#breadcrumb","itemListElement":[{"@type":"ListItem","position":1,"name":"Home","item":"https:\/\/dieter-jenz.de\/lc\/"},{"@type":"ListItem","position":2,"name":"Lebensfragen","item":"https:\/\/dieter-jenz.de\/lc\/category\/lebensfragen\/"},{"@type":"ListItem","position":3,"name":"Markante Aspekte psychischer Entwicklungen"}]},{"@type":"WebSite","@id":"https:\/\/dieter-jenz.de\/lc\/#website","url":"https:\/\/dieter-jenz.de\/lc\/","name":"Dieter Jenz, Begleitung und Coaching","description":"Die andere, neue Sichtweise entdecken - auftanken - neue Wege gehen","publisher":{"@id":"https:\/\/dieter-jenz.de\/lc\/#\/schema\/person\/618cfd5c289d0a23930cb258a43679ab"},"potentialAction":[{"@type":"SearchAction","target":{"@type":"EntryPoint","urlTemplate":"https:\/\/dieter-jenz.de\/lc\/?s={search_term_string}"},"query-input":{"@type":"PropertyValueSpecification","valueRequired":true,"valueName":"search_term_string"}}],"inLanguage":"de"},{"@type":["Person","Organization"],"@id":"https:\/\/dieter-jenz.de\/lc\/#\/schema\/person\/618cfd5c289d0a23930cb258a43679ab","name":"Dieter Jenz","image":{"@type":"ImageObject","inLanguage":"de","@id":"https:\/\/dieter-jenz.de\/lc\/#\/schema\/person\/image\/","url":"https:\/\/dieter-jenz.de\/lc\/wp-content\/uploads\/2020\/01\/Logo-Coaching-und-Begleitung.png","contentUrl":"https:\/\/dieter-jenz.de\/lc\/wp-content\/uploads\/2020\/01\/Logo-Coaching-und-Begleitung.png","width":320,"height":240,"caption":"Dieter Jenz"},"logo":{"@id":"https:\/\/dieter-jenz.de\/lc\/#\/schema\/person\/image\/"},"description":"Ich bin Dieter Jenz, Begleiter, Berater und Coach mit Leidenschaft. \u00dcber viele Jahre hinweg habe ich einen reichen Schatz an Kompetenz und Erfahrung erworben. Meine Themen sind die \"4L\": Lebensaufgabe, Lebensplanung, Lebensnavigation und Lebensqualit\u00e4t.","sameAs":["https:\/\/www.facebook.com\/dieter.jenz.inspiration","https:\/\/www.pinterest.de\/dieterjenz\/","https:\/\/x.com\/https:\/\/twitter.com\/dieterjenz"],"url":"https:\/\/dieter-jenz.de\/lc\/author\/dieter\/"}]}},"_links":{"self":[{"href":"https:\/\/dieter-jenz.de\/lc\/wp-json\/wp\/v2\/posts\/10530"}],"collection":[{"href":"https:\/\/dieter-jenz.de\/lc\/wp-json\/wp\/v2\/posts"}],"about":[{"href":"https:\/\/dieter-jenz.de\/lc\/wp-json\/wp\/v2\/types\/post"}],"author":[{"embeddable":true,"href":"https:\/\/dieter-jenz.de\/lc\/wp-json\/wp\/v2\/users\/2"}],"replies":[{"embeddable":true,"href":"https:\/\/dieter-jenz.de\/lc\/wp-json\/wp\/v2\/comments?post=10530"}],"version-history":[{"count":5,"href":"https:\/\/dieter-jenz.de\/lc\/wp-json\/wp\/v2\/posts\/10530\/revisions"}],"predecessor-version":[{"id":11932,"href":"https:\/\/dieter-jenz.de\/lc\/wp-json\/wp\/v2\/posts\/10530\/revisions\/11932"}],"wp:featuredmedia":[{"embeddable":true,"href":"https:\/\/dieter-jenz.de\/lc\/wp-json\/wp\/v2\/media\/10536"}],"wp:attachment":[{"href":"https:\/\/dieter-jenz.de\/lc\/wp-json\/wp\/v2\/media?parent=10530"}],"wp:term":[{"taxonomy":"category","embeddable":true,"href":"https:\/\/dieter-jenz.de\/lc\/wp-json\/wp\/v2\/categories?post=10530"},{"taxonomy":"post_tag","embeddable":true,"href":"https:\/\/dieter-jenz.de\/lc\/wp-json\/wp\/v2\/tags?post=10530"}],"curies":[{"name":"wp","href":"https:\/\/api.w.org\/{rel}","templated":true}]}}