{"id":10569,"date":"2024-01-12T11:00:00","date_gmt":"2024-01-12T10:00:00","guid":{"rendered":"https:\/\/dieter-jenz.de\/lc\/?p=10569"},"modified":"2024-01-12T10:22:58","modified_gmt":"2024-01-12T09:22:58","slug":"vorgehensweise-und-methodik","status":"publish","type":"post","link":"https:\/\/dieter-jenz.de\/lc\/vorgehensweise-und-methodik\/","title":{"rendered":"Vorgehensweise und Methodik"},"content":{"rendered":"<div class=\"yoast-breadcrumbs\"><span><span><a href=\"https:\/\/dieter-jenz.de\/lc\/\">Home<\/a><\/span> \u00bb <span><a href=\"https:\/\/dieter-jenz.de\/lc\/category\/lebensfragen\/\">Lebensfragen<\/a><\/span> \u00bb <span class=\"breadcrumb_last\" aria-current=\"page\"><strong>Vorgehensweise und Methodik<\/strong><\/span><\/span><\/div>\n\n\n<div style=\"height:40px\" aria-hidden=\"true\" class=\"wp-block-spacer\"><\/div>\n\n\n\n<p>Eine systematische Vorgehensweise und Methodik sind unverzichtbar, wenn ein derart komplexes Diskursuniversum mit vielf\u00e4ltigen kausalen Zusammenh\u00e4ngen zu durchdringen ist.<\/p>\n\n\n\n<p><strong>Inhalte:<\/strong><\/p>\n\n\n\n<nav class=\"wp-block-table-of-contents\"><ol><li><a class=\"wp-block-table-of-contents__entry\" href=\"https:\/\/dieter-jenz.de\/lc\/vorgehensweise-und-methodik\/#vorgehensweise\">Vorgehensweise<\/a><\/li><li><a class=\"wp-block-table-of-contents__entry\" href=\"https:\/\/dieter-jenz.de\/lc\/vorgehensweise-und-methodik\/#methodik\">Methodik<\/a><ol><li><a class=\"wp-block-table-of-contents__entry\" href=\"https:\/\/dieter-jenz.de\/lc\/vorgehensweise-und-methodik\/#phanomenologie\">Ph\u00e4nomenologie<\/a><\/li><li><a class=\"wp-block-table-of-contents__entry\" href=\"https:\/\/dieter-jenz.de\/lc\/vorgehensweise-und-methodik\/#taxonomien-ontologien-und-prozesse\">Taxonomien, Ontologien und Prozesse<\/a><ol><li><a class=\"wp-block-table-of-contents__entry\" href=\"https:\/\/dieter-jenz.de\/lc\/vorgehensweise-und-methodik\/#taxonomie\">Taxonomie<\/a><\/li><li><a class=\"wp-block-table-of-contents__entry\" href=\"https:\/\/dieter-jenz.de\/lc\/vorgehensweise-und-methodik\/#ontologie\">Ontologie<\/a><\/li><li><a class=\"wp-block-table-of-contents__entry\" href=\"https:\/\/dieter-jenz.de\/lc\/vorgehensweise-und-methodik\/#prozess\">Prozess<\/a><\/li><\/ol><\/li><li><a class=\"wp-block-table-of-contents__entry\" href=\"https:\/\/dieter-jenz.de\/lc\/vorgehensweise-und-methodik\/#open-world-reasoning\">Open World Reasoning<\/a><\/li><\/ol><\/li><\/ol><\/nav>\n\n\n\n<div class=\"wp-block-media-text is-stacked-on-mobile has-background-background-color has-background\" style=\"grid-template-columns:15% auto\"><figure class=\"wp-block-media-text__media\"><a href=\"https:\/\/dieter-jenz.de\/lc\/was-geschieht-mit-mir-wenn-ich-sterbe\/\"><img loading=\"lazy\" decoding=\"async\" width=\"800\" height=\"800\" src=\"https:\/\/dieter-jenz.de\/lc\/wp-content\/uploads\/2022\/03\/Beitragsbild-Was-geschieht-mit-mir-wenn-ich-sterbe.jpeg\" alt=\"Was geschieht mit mir wenn ich sterbe - Gestaltung: privat\" class=\"wp-image-7029 size-full\" srcset=\"https:\/\/dieter-jenz.de\/lc\/wp-content\/uploads\/2022\/03\/Beitragsbild-Was-geschieht-mit-mir-wenn-ich-sterbe.jpeg 800w, https:\/\/dieter-jenz.de\/lc\/wp-content\/uploads\/2022\/03\/Beitragsbild-Was-geschieht-mit-mir-wenn-ich-sterbe-300x300.jpeg 300w, https:\/\/dieter-jenz.de\/lc\/wp-content\/uploads\/2022\/03\/Beitragsbild-Was-geschieht-mit-mir-wenn-ich-sterbe-150x150.jpeg 150w, https:\/\/dieter-jenz.de\/lc\/wp-content\/uploads\/2022\/03\/Beitragsbild-Was-geschieht-mit-mir-wenn-ich-sterbe-768x768.jpeg 768w, https:\/\/dieter-jenz.de\/lc\/wp-content\/uploads\/2022\/03\/Beitragsbild-Was-geschieht-mit-mir-wenn-ich-sterbe-540x540.jpeg 540w\" sizes=\"(max-width: 800px) 100vw, 800px\" \/><\/a><\/figure><div class=\"wp-block-media-text__content\">\n<p class=\"has-border-background-color has-background has-normal-font-size\">Dieser Beitrag ist Teil der Serie &#8222;<em>Was geschieht mit mir wenn ich sterbe?<\/em>&#8220; <br>Grobes <a href=\"https:\/\/dieter-jenz.de\/lc\/was-geschieht-mit-mir-wenn-ich-sterbe\/\" target=\"_blank\" rel=\"noreferrer noopener\">Inhaltsverzeichnis<\/a><\/p>\n<\/div><\/div>\n\n\n\n<p>Das Diskursuniversum erweist sich schon von Vornherein als \u00fcberaus komplex. Um das Diskursuniversum zu durchdringen und zu belastbaren Erkenntnissen gelangen zu k\u00f6nnen, kommt einer strukturierten, nachvollziehbaren und wiederholbaren Vorgehensweise gro\u00dfe Bedeutung zu. Die gew\u00e4hlte Vorgehensweise muss im Interesse der Nachvollziehbarkeit durch eine geeignete Methodik gest\u00fctzt werden.<\/p>\n\n\n<div class=\"su-box su-box-style-default\" id=\"\" style=\"border-color:#000000;border-radius:3px;\"><div class=\"su-box-title\" style=\"background-color:#333333;color:#FFFFFF;border-top-left-radius:1px;border-top-right-radius:1px\">Letzte Beitr\u00e4ge <\/div><div class=\"su-box-content su-u-clearfix su-u-trim\" style=\"border-bottom-left-radius:1px;border-bottom-right-radius:1px\"><div class=\"su-expand su-expand-collapsed su-expand-link-style-default\" data-height=\"100\"><div class=\"su-expand-content su-u-trim\" style=\"color:#333333;max-height:100px;overflow:hidden\">\n\n<div class=\"su-posts su-posts-teaser-loop \">\n\n\t\t\t\t\t\t\n\t\t\t\n\t\t\t<div id=\"su-post-12357\" class=\"su-post \">\n\t\t\t\t\t\t\t\t\t<a class=\"su-post-thumbnail\" href=\"https:\/\/dieter-jenz.de\/lc\/die-realitaet-das-individuelle-selbst-befindet-sich-nicht-im-gehirn\/\"><img loading=\"lazy\" decoding=\"async\" width=\"800\" height=\"800\" src=\"https:\/\/dieter-jenz.de\/lc\/wp-content\/uploads\/2024\/11\/Beitragsbild-Realitaet-Individuelles-Selbst-nicht-im-Gehirn.jpeg\" class=\"attachment-post-thumbnail size-post-thumbnail wp-post-image\" alt=\"Realit\u00e4t Das individuelle Selbst befindet sich nicht im Gehirn - Gestaltung: privat\" \/><\/a>\n\t\t\t\t\t\t\t\t<h2 class=\"su-post-title\"><a href=\"https:\/\/dieter-jenz.de\/lc\/die-realitaet-das-individuelle-selbst-befindet-sich-nicht-im-gehirn\/\">Die Realit\u00e4t: Das individuelle Selbst befindet sich nicht im Gehirn<\/a><\/h2>\n\t\t\t<\/div>\n\n\t\t\t\t\t\n\t\t\t\n\t\t\t<div id=\"su-post-12328\" class=\"su-post \">\n\t\t\t\t\t\t\t\t\t<a class=\"su-post-thumbnail\" href=\"https:\/\/dieter-jenz.de\/lc\/verifikation-der-eis-hypothese-ungewoehnliche-erinnerungen\/\"><img loading=\"lazy\" decoding=\"async\" width=\"800\" height=\"800\" src=\"https:\/\/dieter-jenz.de\/lc\/wp-content\/uploads\/2024\/11\/Beitragsbild-Verifikation-EIS-Hypothese-Ungewoehnliche-Erinnerungen.jpeg\" class=\"attachment-post-thumbnail size-post-thumbnail wp-post-image\" alt=\"Verifikation frt EIS-Hypothese: Ungew\u00f6hnliche Erinnerungen - Gestaltung: privat\" \/><\/a>\n\t\t\t\t\t\t\t\t<h2 class=\"su-post-title\"><a href=\"https:\/\/dieter-jenz.de\/lc\/verifikation-der-eis-hypothese-ungewoehnliche-erinnerungen\/\">Verifikation der EIS-Hypothese: Ungew\u00f6hnliche Erinnerungen<\/a><\/h2>\n\t\t\t<\/div>\n\n\t\t\t\t\t\n\t\t\t\n\t\t\t<div id=\"su-post-12313\" class=\"su-post \">\n\t\t\t\t\t\t\t\t\t<a class=\"su-post-thumbnail\" href=\"https:\/\/dieter-jenz.de\/lc\/verifikation-der-eis-hypothese-terminale-geistesklarheit\/\"><img loading=\"lazy\" decoding=\"async\" width=\"800\" height=\"800\" src=\"https:\/\/dieter-jenz.de\/lc\/wp-content\/uploads\/2024\/11\/Beitragsbild-Verifikation-EIS-Hypothese-Terminale-Geistesklarheit.jpeg\" class=\"attachment-post-thumbnail size-post-thumbnail wp-post-image\" alt=\"Verifikation der EIS-Hypothese: Terminale Geistesklarheit - Gestaltung: privat\" \/><\/a>\n\t\t\t\t\t\t\t\t<h2 class=\"su-post-title\"><a href=\"https:\/\/dieter-jenz.de\/lc\/verifikation-der-eis-hypothese-terminale-geistesklarheit\/\">Verifikation der EIS-Hypothese: Terminale Geistesklarheit<\/a><\/h2>\n\t\t\t<\/div>\n\n\t\t\t\t\t\n\t\t\t\n\t\t\t<div id=\"su-post-12248\" class=\"su-post \">\n\t\t\t\t\t\t\t\t\t<a class=\"su-post-thumbnail\" href=\"https:\/\/dieter-jenz.de\/lc\/verifikation-der-eis-hypothese-nahtoderfahrung\/\"><img loading=\"lazy\" decoding=\"async\" width=\"800\" height=\"800\" src=\"https:\/\/dieter-jenz.de\/lc\/wp-content\/uploads\/2024\/10\/Beitragsbild-Verifikation-EIS-Hypothese-Nahtoderfahrung.jpeg\" class=\"attachment-post-thumbnail size-post-thumbnail wp-post-image\" alt=\"Verifikation der EIS-Hypothese: Nahtoderfahrung - Gestaltung: privat\" \/><\/a>\n\t\t\t\t\t\t\t\t<h2 class=\"su-post-title\"><a href=\"https:\/\/dieter-jenz.de\/lc\/verifikation-der-eis-hypothese-nahtoderfahrung\/\">Verifikation der EIS-Hypothese: Nahtoderfahrung<\/a><\/h2>\n\t\t\t<\/div>\n\n\t\t\t\t\t\n\t\t\t\n\t\t\t<div id=\"su-post-12193\" class=\"su-post \">\n\t\t\t\t\t\t\t\t\t<a class=\"su-post-thumbnail\" href=\"https:\/\/dieter-jenz.de\/lc\/das-losloesungsszenario-ist-es-plausibel\/\"><img loading=\"lazy\" decoding=\"async\" width=\"800\" height=\"800\" src=\"https:\/\/dieter-jenz.de\/lc\/wp-content\/uploads\/2024\/09\/Beitragsbild-Losloesungsszenario.jpeg\" class=\"attachment-post-thumbnail size-post-thumbnail wp-post-image\" alt=\"Losl\u00f6sungsszenario - Gestaltung: privat\" \/><\/a>\n\t\t\t\t\t\t\t\t<h2 class=\"su-post-title\"><a href=\"https:\/\/dieter-jenz.de\/lc\/das-losloesungsszenario-ist-es-plausibel\/\">Das Losl\u00f6sungsszenario &#8211; ist es plausibel?<\/a><\/h2>\n\t\t\t<\/div>\n\n\t\t\t\t\t\n\t\t\t\n\t\t\t<div id=\"su-post-12174\" class=\"su-post \">\n\t\t\t\t\t\t\t\t\t<a class=\"su-post-thumbnail\" href=\"https:\/\/dieter-jenz.de\/lc\/das-evakuierungsszenario-ist-es-plausibel\/\"><img loading=\"lazy\" decoding=\"async\" width=\"800\" height=\"800\" src=\"https:\/\/dieter-jenz.de\/lc\/wp-content\/uploads\/2024\/09\/Beitragsbild-Evakuierungsszenario.jpeg\" class=\"attachment-post-thumbnail size-post-thumbnail wp-post-image\" alt=\"Evakuierungsszenario - Gestaltung: privat\" \/><\/a>\n\t\t\t\t\t\t\t\t<h2 class=\"su-post-title\"><a href=\"https:\/\/dieter-jenz.de\/lc\/das-evakuierungsszenario-ist-es-plausibel\/\">Das Evakuierungsszenario &#8211; ist es plausibel?<\/a><\/h2>\n\t\t\t<\/div>\n\n\t\t\t\t\t\n\t\t\t\n\t\t\t<div id=\"su-post-12136\" class=\"su-post \">\n\t\t\t\t\t\t\t\t\t<a class=\"su-post-thumbnail\" href=\"https:\/\/dieter-jenz.de\/lc\/das-erloeschungsszenario-ist-es-plausibel\/\"><img loading=\"lazy\" decoding=\"async\" width=\"800\" height=\"800\" src=\"https:\/\/dieter-jenz.de\/lc\/wp-content\/uploads\/2024\/09\/Beitragsbild-Erloeschungsszenario.jpeg\" class=\"attachment-post-thumbnail size-post-thumbnail wp-post-image\" alt=\"Erl\u00f6schungsszenario - Gestaltung: privat\" \/><\/a>\n\t\t\t\t\t\t\t\t<h2 class=\"su-post-title\"><a href=\"https:\/\/dieter-jenz.de\/lc\/das-erloeschungsszenario-ist-es-plausibel\/\">Das Erl\u00f6schungsszenario &#8211; ist es plausibel?<\/a><\/h2>\n\t\t\t<\/div>\n\n\t\t\t\t\t\n\t\t\t\n\t\t\t<div id=\"su-post-11981\" class=\"su-post \">\n\t\t\t\t\t\t\t\t\t<a class=\"su-post-thumbnail\" href=\"https:\/\/dieter-jenz.de\/lc\/was-sind-nahtoderfahrungenwie-werden-sie-erlebt\/\"><img loading=\"lazy\" decoding=\"async\" width=\"800\" height=\"800\" src=\"https:\/\/dieter-jenz.de\/lc\/wp-content\/uploads\/2024\/07\/Beitragsbild-Was-sind-Nahtoderfahrungen.jpeg\" class=\"attachment-post-thumbnail size-post-thumbnail wp-post-image\" alt=\"Was sind Nahtoderfahrungen - Gestaltung: privat\" \/><\/a>\n\t\t\t\t\t\t\t\t<h2 class=\"su-post-title\"><a href=\"https:\/\/dieter-jenz.de\/lc\/was-sind-nahtoderfahrungenwie-werden-sie-erlebt\/\">Was sind Nahtoderfahrungen? Wie werden sie erlebt?<\/a><\/h2>\n\t\t\t<\/div>\n\n\t\t\t\t\t\n\t\t\t\n\t\t\t<div id=\"su-post-11947\" class=\"su-post \">\n\t\t\t\t\t\t\t\t\t<a class=\"su-post-thumbnail\" href=\"https:\/\/dieter-jenz.de\/lc\/taktile-kommunikation-was-verbirgt-sich-dahinter\/\"><img loading=\"lazy\" decoding=\"async\" width=\"800\" height=\"800\" src=\"https:\/\/dieter-jenz.de\/lc\/wp-content\/uploads\/2024\/07\/Beitragsbild-Taktile-Kommunikation.jpeg\" class=\"attachment-post-thumbnail size-post-thumbnail wp-post-image\" alt=\"Taktile Kommunikation - Gestaltung: privat\" \/><\/a>\n\t\t\t\t\t\t\t\t<h2 class=\"su-post-title\"><a href=\"https:\/\/dieter-jenz.de\/lc\/taktile-kommunikation-was-verbirgt-sich-dahinter\/\">Taktile Kommunikation \u2013 was verbirgt sich dahinter?<\/a><\/h2>\n\t\t\t<\/div>\n\n\t\t\t\t\t\n\t\t\t\n\t\t\t<div id=\"su-post-11943\" class=\"su-post \">\n\t\t\t\t\t\t\t\t\t<a class=\"su-post-thumbnail\" href=\"https:\/\/dieter-jenz.de\/lc\/olfaktorische-kommunikation-was-verbirgt-sich-dahinter\/\"><img loading=\"lazy\" decoding=\"async\" width=\"800\" height=\"800\" src=\"https:\/\/dieter-jenz.de\/lc\/wp-content\/uploads\/2024\/07\/Beitragsbild-Olfaktorische-Kommunikation.jpeg\" class=\"attachment-post-thumbnail size-post-thumbnail wp-post-image\" alt=\"Olfaktorische Kommunikation - Gestaltung: privat\" \/><\/a>\n\t\t\t\t\t\t\t\t<h2 class=\"su-post-title\"><a href=\"https:\/\/dieter-jenz.de\/lc\/olfaktorische-kommunikation-was-verbirgt-sich-dahinter\/\">Olfaktorische Kommunikation \u2013 was verbirgt sich dahinter?<\/a><\/h2>\n\t\t\t<\/div>\n\n\t\t\t\n<\/div>\n  <\/div><div class=\"su-expand-link su-expand-link-more\" style=\"text-align:left\"><a href=\"javascript:;\" style=\"color:#0088FF;border-color:#0088FF\"><span style=\"border-color:#0088FF\">Mehr anzeigen<\/span><\/a><\/div><div class=\"su-expand-link su-expand-link-less\" style=\"text-align:left\"><a href=\"javascript:;\" style=\"color:#0088FF;border-color:#0088FF\"><span style=\"border-color:#0088FF\">Weniger anzeigen<\/span><\/a><\/div><\/div><\/div><\/div>\n\n\n\n<h3 class=\"wp-block-heading\" id=\"vorgehensweise\"><strong>Vorgehensweise<\/strong><\/h3>\n\n\n\n<p>Meine berufliche Laufbahn f\u00fchrte mich nach dem Studium der Betriebswirtschaft ziemlich bald in die Informatik. Auf diesem Feld war ich in verschiedenen Rollen (u. a. Business Analyst, Software-Architekt, Software-Entwickler) mehrere Jahrzehnte lang t\u00e4tig. In den sp\u00e4teren Jahren meiner beruflichen Laufbahn bildeten Taxonomien (Klassifikationen), Ontologien (Netzwerk von Informationen mit logischen Beziehungen zur Wissensrepr\u00e4sentation) und Gesch\u00e4ftsprozesse einen Schwerpunkt. All dies hat mein Denken gepr\u00e4gt und gesch\u00e4rft.<\/p>\n\n\n\n<p>Meine Herangehens- und Vorgehensweise entspricht der w\u00e4hrend meines Berufslebens gewisserma\u00dfen einge\u00fcbten. Dies bedeutet, zun\u00e4chst Klarheit dar\u00fcber zu gewinnen, worum es geht und ein Ziel zu definieren. Der n\u00e4chste Schritt fokussiert auf die Eingrenzung des Themenfeldes.<\/p>\n\n\n\n<p>Diese Untersuchung befasst sich mit Ph\u00e4nomenen nur insoweit sie zielrelevant sind. Dies hat zur Folge, dass s\u00e4mtliche Ph\u00e4nomene, die keinen direkten Bezug zur Fragestellung dieser Untersuchung haben, au\u00dfer Acht bleiben. Zu den Typen von Ph\u00e4nomenen, mit denen sich diese Untersuchung demnach nicht besch\u00e4ftigt, z\u00e4hlen insbesondere die sogenannten Spukph\u00e4nomene mit allen ihren akustischen, sensorischen wie optischen Erscheinungen. Bekannt sind in diesem Zusammenhang vor allem Poltergeist-Ph\u00e4nomene, wie beispielsweise Klopfger\u00e4usche und umherfliegende M\u00f6bel.<\/p>\n\n\n\n<p>Die Eingrenzung des Themenfelds geht mit der Formulierung von Pr\u00e4missen einher. Je weniger Pr\u00e4missen formuliert werden, desto breiter gestaltet sich das Themenfeld. F\u00fcr diese Untersuchung wird lediglich die Pr\u00e4misse formuliert, dass es ein Diesseits und ein Jenseits gibt. Die M\u00f6glichkeit, die Existenz des Jenseits im Verlauf der Untersuchung zu falsifizieren, bleibt unbenommen.<\/p>\n\n\n\n<p>Als N\u00e4chstes folgt die inhaltliche Strukturierung. In diesem Zusammenhang sind auch Begriffe und ihre jeweilige Bedeutung zu kl\u00e4ren. Schon fr\u00fchzeitig stellte sich heraus, dass selbst h\u00e4ufig verwendete Begriffe bzw. Konzepte, wie beispielsweise \u201eSeele\u201c und \u201eBewusstsein\u201c, keineswegs klar definiert sind. Deshalb lie\u00df es sich im Interesse einer einheitlichen Begrifflichkeit im Rahmen dieser Untersuchung nicht umgehen, einige neue Begriffe einzuf\u00fchren.<\/p>\n\n\n\n<p>Im Rahmen meiner Untersuchung habe mich f\u00fcr folgende Vorgehensweise entschieden, um zu m\u00f6glichst belastbaren Erkenntnissen zu gelangen:<\/p>\n\n\n\n<ul>\n<li>Ermittlung und Beschreibung des Ist-Zustands,<\/li>\n\n\n\n<li>Einzel- und Queranalyse,<\/li>\n\n\n\n<li>Folgerungen und Synthese.<\/li>\n<\/ul>\n\n\n\n<p>Ermittlung und Beschreibung des Ist-Zustands fokussieren auf Sammlung, Abgrenzung und Typisierung untersuchungsrelevanter Ph\u00e4nomene. Daraus ergibt sich ein Gesamtbild, das den Ist-Zustand reflektiert und die Frage beantwortet: welche Ph\u00e4nomene sind relevant?<\/p>\n\n\n\n<p>Die Einzel- und Queranalyse hat das Ziel, die einzelnen Ph\u00e4nomene im Licht bisheriger interdisziplin\u00e4rer Erkenntnisse auf Plausibilit\u00e4t zu pr\u00fcfen. Im Mittelpunkt steht die Frage, ob und ggf. unter welchen Bedingungen Schilderungen von Ph\u00e4nomenen als glaubw\u00fcrdig eingestuft werden k\u00f6nnen.<\/p>\n\n\n\n<p>Die Queranalyse bereitet den Boden, um Schl\u00fcsse zu ziehen und Folgerungen abzuleiten. Es wird bewusst in Kauf genommen, dass sich Schl\u00fcsse und Folgerungen mit den Methoden und Verfahren der heutigen Wissenschaft m\u00f6glicherweise (noch) nicht beweisen lassen.<\/p>\n\n\n\n<p>Die Untersuchung schreitet nicht sequentiell, Kapitel f\u00fcr Kapitel, von vorne nach hinten, voran. Vielmehr gehe ich, wie w\u00e4hrend meiner beruflichen Laufbahn praktiziert, iterativ-inkrementell vor. Dies bedeutet, dass der Text in einem zyklischen Vorgehen immer weiter anwachsen, verbessert und verfeinert wird. Dadurch wird auch das Einarbeiten von neuen Fragestellungen und wissenschaftlichen Erkenntnisse erleichtert, denn st\u00e4ndig kommen neue hinzu und sind zu ber\u00fccksichtigen.<\/p>\n\n\n\n<div class=\"wp-block-group\"><div class=\"wp-block-group__inner-container is-layout-constrained wp-block-group-is-layout-constrained\">\n<figure class=\"wp-block-gallery has-nested-images columns-4 is-cropped wp-block-gallery-1 is-layout-flex wp-block-gallery-is-layout-flex\">\n<figure class=\"wp-block-image size-large\"><a href=\"https:\/\/dieter-jenz.de\/lc\/portal-lebensweisheiten\/\" target=\"_blank\" rel=\"noreferrer noopener\"><img loading=\"lazy\" decoding=\"async\" width=\"800\" height=\"800\" data-id=\"10179\" src=\"https:\/\/dieter-jenz.de\/lc\/wp-content\/uploads\/2023\/12\/Lebensweisheiten.jpeg\" alt=\"Lebensweisheiten - Gestaltung: privat\" class=\"wp-image-10179\" srcset=\"https:\/\/dieter-jenz.de\/lc\/wp-content\/uploads\/2023\/12\/Lebensweisheiten.jpeg 800w, https:\/\/dieter-jenz.de\/lc\/wp-content\/uploads\/2023\/12\/Lebensweisheiten-300x300.jpeg 300w, https:\/\/dieter-jenz.de\/lc\/wp-content\/uploads\/2023\/12\/Lebensweisheiten-150x150.jpeg 150w, https:\/\/dieter-jenz.de\/lc\/wp-content\/uploads\/2023\/12\/Lebensweisheiten-768x768.jpeg 768w, https:\/\/dieter-jenz.de\/lc\/wp-content\/uploads\/2023\/12\/Lebensweisheiten-540x540.jpeg 540w\" sizes=\"(max-width: 800px) 100vw, 800px\" \/><\/a><figcaption class=\"wp-element-caption\">Gestaltung: privat<\/figcaption><\/figure>\n\n\n\n<figure class=\"wp-block-image size-large\"><a href=\"https:\/\/dieter-jenz.de\/lc\/portal-evergreen-themen\/\" target=\"_blank\" rel=\"noreferrer noopener\"><img loading=\"lazy\" decoding=\"async\" width=\"800\" height=\"800\" data-id=\"10200\" src=\"https:\/\/dieter-jenz.de\/lc\/wp-content\/uploads\/2023\/12\/Evergreen-Themen.jpeg\" alt=\"Evergreen-Themen - Gestaltung: privat\" class=\"wp-image-10200\" srcset=\"https:\/\/dieter-jenz.de\/lc\/wp-content\/uploads\/2023\/12\/Evergreen-Themen.jpeg 800w, https:\/\/dieter-jenz.de\/lc\/wp-content\/uploads\/2023\/12\/Evergreen-Themen-300x300.jpeg 300w, https:\/\/dieter-jenz.de\/lc\/wp-content\/uploads\/2023\/12\/Evergreen-Themen-150x150.jpeg 150w, https:\/\/dieter-jenz.de\/lc\/wp-content\/uploads\/2023\/12\/Evergreen-Themen-768x768.jpeg 768w, https:\/\/dieter-jenz.de\/lc\/wp-content\/uploads\/2023\/12\/Evergreen-Themen-540x540.jpeg 540w\" sizes=\"(max-width: 800px) 100vw, 800px\" \/><\/a><figcaption class=\"wp-element-caption\">Gestaltung: privat<\/figcaption><\/figure>\n\n\n\n<figure class=\"wp-block-image size-large\"><a href=\"https:\/\/dieter-jenz.de\/lc\/portal-wissensdurst\/\" target=\"_blank\" rel=\"noreferrer noopener\"><img loading=\"lazy\" decoding=\"async\" width=\"800\" height=\"800\" data-id=\"10177\" src=\"https:\/\/dieter-jenz.de\/lc\/wp-content\/uploads\/2023\/12\/Wissensdurst-Blick-durch-den-Tuerspalt.jpeg\" alt=\"Wissensdurst, Blick durch den T\u00fcrspalt - Gestaltung: privat\" class=\"wp-image-10177\" srcset=\"https:\/\/dieter-jenz.de\/lc\/wp-content\/uploads\/2023\/12\/Wissensdurst-Blick-durch-den-Tuerspalt.jpeg 800w, https:\/\/dieter-jenz.de\/lc\/wp-content\/uploads\/2023\/12\/Wissensdurst-Blick-durch-den-Tuerspalt-300x300.jpeg 300w, https:\/\/dieter-jenz.de\/lc\/wp-content\/uploads\/2023\/12\/Wissensdurst-Blick-durch-den-Tuerspalt-150x150.jpeg 150w, https:\/\/dieter-jenz.de\/lc\/wp-content\/uploads\/2023\/12\/Wissensdurst-Blick-durch-den-Tuerspalt-768x768.jpeg 768w, https:\/\/dieter-jenz.de\/lc\/wp-content\/uploads\/2023\/12\/Wissensdurst-Blick-durch-den-Tuerspalt-540x540.jpeg 540w\" sizes=\"(max-width: 800px) 100vw, 800px\" \/><\/a><figcaption class=\"wp-element-caption\">Gestaltung: privat<\/figcaption><\/figure>\n<\/figure>\n<\/div><\/div>\n\n\n\n<h3 class=\"wp-block-heading\" id=\"methodik\"><strong>Methodik<\/strong><\/h3>\n\n\n\n<p>Eine Methodik bezeichnet die Gesamtheit aller systematischen und planm\u00e4\u00dfigen Vorgehensweisen bei der Gewinnung von Erkenntnissen im Rahmen eines vorgegebenen Ziels. Schon zu Beginn dieser Untersuchung stellt sich eine Grundsatzfrage. Soll vom aktuellen Stand wissenschaftlicher Erkenntnisse ausgegangen werden, um daraus dann Schl\u00fcsse zur Weiterexistenz nach dem biologischen Tod zu ziehen? Oder ist die Vorgehensweise, Ph\u00e4nomene zu sammeln, zu kategorisieren, zu analysieren und dann zu Schl\u00fcssen zu gelangen, der geeignetere Ansatz?<\/p>\n\n\n\n<p>Wird vom aktuellen Stand wissenschaftlicher Erkenntnisse ausgegangen, um Ph\u00e4nomene zu erkl\u00e4ren, muss jederzeit damit gerechnet werden, dass Erkl\u00e4rungen durch neuere Erkenntnisse invalidiert werden. So sind beispielsweise Exoplaneten (planetare Himmelsk\u00f6rper au\u00dferhalb unseres Sonnensystems) erst seit den 1980er Jahren bekannt. Sie existierten schon vorher, jedoch erst 2004 gelang es Forschenden, mit dem Hubble-Weltraumteleskop einen Exoplaneten direkt zu beobachten. Auch die Geschichte der Epigenetik (ein Fachgebiet der Biologie, das sich mit zellul\u00e4ren Prozessen besch\u00e4ftigt, die die Aktivit\u00e4t von Genen beeinflussen, nicht aber auf einer \u00c4nderung der DNA-Sequenz beruhen) begann erst in den 1940er Jahren und gewann etwa ab dem Jahr 2000 gr\u00f6\u00dfere Bedeutung (in diesem Jahr pr\u00e4sentierte Bill Clinton, damaliger US-Pr\u00e4sident, das erste entzifferte Human-Genom). Epigenetische Prozesse gab es nat\u00fcrlich auch schon vor Tausenden von Jahren.<\/p>\n\n\n\n<p>Die wissenschaftliche Forschung bringt in mehr oder weniger kurzen Abst\u00e4nden immer wieder Neues hervor. Schon eine einzelne neue Erkenntnis in irgendeiner wissenschaftlichen Disziplin kann sich als bahnbrechend erweisen und somit das bisherige \u201eErkl\u00e4rungsgeb\u00e4ude\u201c vollst\u00e4ndig zusammenst\u00fcrzen lassen.<\/p>\n\n\n\n<p>Demgegen\u00fcber konzentriert sich der ph\u00e4nomenologische Ansatz auf das Wahrnehmare und Erlebbare. Erst wenn ein konsolidiertes Gesamtbild der Ph\u00e4nomene gewonnen ist, wird nach wissenschaftlich fundierten Erkl\u00e4rungen gesucht. Die Wahrscheinlichkeit, dass neue, bisher v\u00f6llig unbekannte Ph\u00e4nomene auftreten ist relativ gering. Gleichwohl bleibt sehr wahrscheinlich, dass m\u00f6gliche Erkl\u00e4rungen f\u00fcr einzelne Ph\u00e4nomene zu \u00fcberarbeiten sind.<\/p>\n\n\n\n<p>Die hier gew\u00e4hlte Methodik ist vornehmlich darauf ausgerichtet, im Kontext des Diskursuniversums relevante Beobachtungen und Pr\u00e4missen zu erfassen und zu strukturieren. Sodann werden im Rahmen einer Queranalyse des gesammelten und strukturierten Materials Erkenntnisse abgeleitet und daraus Schlussfolgerungen gezogen.<\/p>\n\n\n\n<p>Die wichtigsten methodischen Eckpfeiler in den Prozessen von Erkenntnisgewinnung und Schlussfolgerung sind in dieser Untersuchung die Ph\u00e4nomenologie, das Denken in Taxonomien, Ontologien und Prozessen, sowie das \u201eOpen World Reasoning\u201c.<\/p>\n\n\n<div class=\"su-box su-box-style-default\" id=\"\" style=\"border-color:#000000;border-radius:3px;\"><div class=\"su-box-title\" style=\"background-color:#333333;color:#FFFFFF;border-top-left-radius:1px;border-top-right-radius:1px\">Weitere Informationen und Ressourcen <\/div><div class=\"su-box-content su-u-clearfix su-u-trim\" style=\"border-bottom-left-radius:1px;border-bottom-right-radius:1px\"> <div class=\"su-list\" style=\"margin-left:0px\"> <\/p>\n<ul>\n<li><i class=\"sui sui-info-circle\" style=\"color:#333\"><\/i> <a href=\"https:\/\/dieter-jenz.de\/lc\/ausgangssituation-ziel-vorgehensweise-aktueller-stand\/\" title=\"Ausgangssituation, Ziel, Vorgehensweise\" target=\"_blank\" rel=\"\" class=\"\">Ausgangssituation, Ziel, Vorgehensweise, aktueller Stand<\/a> <\/li>\n<\/ul>\n<p> <\/div> <div class=\"su-list\" style=\"margin-left:0px\"> <\/p>\n<ul>\n<li><i class=\"sui sui-info-circle\" style=\"color:#333\"><\/i> <a href=\"https:\/\/dieter-jenz.de\/lc\/was-kommt-nach-dem-tod-erstes-zwischenfazit\/\" title=\"Erstes Zwischenfazit\" target=\"_blank\" rel=\"\" class=\"\">Was kommt nach dem Tod? &#8211; Erstes Zwischenfazit<\/a> <\/li>\n<\/ul>\n<p> <\/div> <div class=\"su-list\" style=\"margin-left:0px\"> <\/p>\n<ul>\n<li><i class=\"sui sui-info-circle\" style=\"color:#333\"><\/i> <a href=\"https:\/\/dieter-jenz.de\/lc\/ressourcen-wie-geht-es-nach-dem-tod-weiter\/\" title=\"Literatur und sonstige Ressourcen\" target=\"_blank\" rel=\"\" class=\"\">Literatur und sonstige Ressourcen<\/a> <\/li>\n<\/ul>\n<p> <\/div> <div class=\"su-list\" style=\"margin-left:0px\"> <\/p>\n<ul>\n<li><i class=\"sui sui-info-circle\" style=\"color:#333\"><\/i> <a href=\"https:\/\/dieter-jenz.de\/lc\/glossar-begriffe-transzendenzerfahrungen-lebensfragen\/\" title=\"Glossar der Begriffe zu Transzendenzerfahrungen\" target=\"_blank\" rel=\"\" class=\"\">Glossar der Begriffe im Kontext von Transzendenzerfahrungen<\/a> <\/li>\n<\/ul>\n<p> <\/div> <div class=\"su-list\" style=\"margin-left:0px\"> <\/p>\n<ul>\n<li><i class=\"sui sui-info-circle\" style=\"color:#333\"><\/i> <a href=\"https:\/\/dieter-jenz.de\/lc\/faq-haeufig-gestellte-fragen-was-kommt-nach-dem-tod\/\" title=\"FAQ (H\u00e4ufig gestellte Fragen)\" target=\"_blank\" rel=\"\" class=\"\">H\u00e4ufig gestellte Fragen (FAQ) &#8211; Was kommt nach dem Tod?<\/a> <\/li>\n<\/ul>\n<p> <\/div>   <\/div><\/div>\n\n\n\n<h4 class=\"wp-block-heading\" id=\"phanomenologie\"><strong><strong>Ph\u00e4nomenologie<\/strong><\/strong><\/h4>\n\n\n\n<p>Die Ph\u00e4nomenologie ist eine beschreibende (deskriptive) Wissenschaft. Sie beschreibt wahrnehmbare Erscheinungen (Ph\u00e4nomene), teilt ein und ordnet zu. Ein simples Beispiel ist der in der Natur wahrnehmbare Vegetationszyklus. Ein einzelnes Ph\u00e4nomen, d. h. ein in mit den Sinnen wahrnehmbares einzelnes Ereignis, w\u00e4re beispielsweise die im Fr\u00fchjahr an einem bestimmten Ort zu einem bestimmten Zeitpunkt einsetzende Haselbl\u00fcte.<\/p>\n\n\n\n<p>Im Verlauf der Menschheitsgeschichte wurden und werden immer wieder au\u00dfergew\u00f6hnliche Ereignisse und Zust\u00e4nde berichtet, die sich mit wissenschaftlichen Methoden nicht erkl\u00e4ren lassen. Das individuelle Selbst, oft auch als Geistseele o.&nbsp;\u00e4. bezeichnet, kann sich durch ph\u00e4nomenologische Ereignisse bemerkbar machen, wie viele Berichte immer wieder nahelegen. In den letzten Jahrhunderten haben sich eine Vielzahl von Berichten zu ph\u00e4nomenologischen Ereignissen, wie beispielsweise sichtbare und wahrnehmbare Erscheinungen verstorbener wie noch lebender Personen, angesammelt.<\/p>\n\n\n\n<p>Die Frage, wie diese Berichte und Erz\u00e4hlungen zu einzuordnen sind, ob sie als glaubw\u00fcrdig erachtet werden oder nicht, stellt sich mit aller Konsequenz. Nicht selten erweisen sich Berichte und Darstellungen als implausibel, als Versuch einer Gesch\u00e4ftemacherei oder schlichtweg als eklatanter Betrug. Sorgf\u00e4ltiges Pr\u00fcfen ist im Rahmen der M\u00f6glichkeiten unabdingbar. Dennoch bleibt h\u00e4ufig ein gro\u00dfes Ma\u00df an Restunsicherheit, insbesondere dann, wenn keine unbefangenen Zeugen zugegen waren.<\/p>\n\n\n\n<h4 class=\"wp-block-heading\" id=\"taxonomien-ontologien-und-prozesse\"><strong><strong>Taxonomien, Ontologien und Prozesse<\/strong><\/strong><\/h4>\n\n\n\n<p>Ph\u00e4nomene lassen sich Typen zuordnen, wobei jeder Typ modellhaft mit seinen Eigenschaften und seinem Verhalten beschrieben werden kann. Derartige Ph\u00e4nomentypen sind beispielsweise Geburt und Pubert\u00e4t. Jeder Mensch erlebt die Geburt und auch die Pubert\u00e4t. Allerdings erlebt jeder Mensch ein Ph\u00e4nomen individuell, erlebt gewisserma\u00dfen eine Instanz eines Ph\u00e4nomentyps (z.&nbsp;B. die in Raum und Zeit einzigartige individuelle Nahtoderfahrung).<\/p>\n\n\n\n<p>Wie Ph\u00e4nomene lassen sich auch alle weiteren \u201eDinge\u201c der realen Welt (z.&nbsp;B. Himmelsk\u00f6rper, Lebewesen) ebenso modellhaft mit Eigenschaften und Verhalten beschreiben und hierarchisch strukturieren. \u201eHimmelsk\u00f6rper\u201c ist beispielsweise Gattungsbegriff f\u00fcr \u201ePlanet\u201c, \u201eZwergplanet\u201c, \u201ePlanetoid\u201c, \u201eMeteoroid\u201c, \u201eMond\u201c und \u201eKomet\u201c. Hierarchisch untergeordnete \u201eDingtypen\u201c erben Eigenschaften und Verhalten des \u00fcberordneten \u201eDingtyps\u201c. Jeder \u201eDingtyp\u201c kann mehrere Instanzen umfassen (z.&nbsp;B. \u201eSaturn\u201c, \u201eJupiter\u201c und \u201eVenus\u201c sind Instanzen von \u201ePlanet\u201c).<\/p>\n\n\n\n<p>Zur strukturierten Beschreibung von Typen, ihrer Eigenschaften, ihres Verhaltens, und auch der Beziehungen untereinander, erweisen sich Taxonomien, Ontologien und Prozesse als sehr hilfreich. Nicht zuletzt wird dadurch auch das Verst\u00e4ndnis komplexer Zusammenh\u00e4nge erleichtert.<\/p>\n\n\n\n<div class=\"wp-block-group\"><div class=\"wp-block-group__inner-container is-layout-constrained wp-block-group-is-layout-constrained\">\n<div class=\"wp-block-group has-background\" style=\"background:radial-gradient(rgba(252,185,0,0.25) 0%,rgba(255,106,0,0.11) 100%)\"><div class=\"wp-block-group__inner-container is-layout-constrained wp-block-group-is-layout-constrained\">\n<p><strong>Gutes und Sinnvolles  tun &#8211; ganz praktisch<\/strong><\/p>\n\n\n<div class=\"wp-block-image\">\n<figure class=\"aligncenter size-full is-resized\"><a href=\"https:\/\/dieter-jenz.de\/lc\/gutes-tun-ganz-praktisch\/\" target=\"_blank\" rel=\"noreferrer noopener\"><img loading=\"lazy\" decoding=\"async\" width=\"600\" height=\"450\" src=\"https:\/\/dieter-jenz.de\/lc\/wp-content\/uploads\/2023\/11\/Geschenk-mit-Text.jpeg\" alt=\"Geschenk mit Text - Gestaltung: privat\" class=\"wp-image-9969\" style=\"width:300px\" srcset=\"https:\/\/dieter-jenz.de\/lc\/wp-content\/uploads\/2023\/11\/Geschenk-mit-Text.jpeg 600w, https:\/\/dieter-jenz.de\/lc\/wp-content\/uploads\/2023\/11\/Geschenk-mit-Text-300x225.jpeg 300w, https:\/\/dieter-jenz.de\/lc\/wp-content\/uploads\/2023\/11\/Geschenk-mit-Text-540x405.jpeg 540w, https:\/\/dieter-jenz.de\/lc\/wp-content\/uploads\/2023\/11\/Geschenk-mit-Text-150x113.jpeg 150w\" sizes=\"(max-width: 600px) 100vw, 600px\" \/><\/a><figcaption class=\"wp-element-caption\">Gestaltung: privat<\/figcaption><\/figure><\/div>\n\n\n<p>Mit einem Klick auf das Bild gelangen Sie zum zugeh\u00f6rigen Text.<\/p>\n<\/div><\/div>\n<\/div><\/div>\n\n\n\n<h5 class=\"wp-block-heading\" id=\"taxonomie\"><strong><strong>Taxonomie<\/strong><\/strong><\/h5>\n\n\n\n<p>Der Begriff der Taxonomie geht zur\u00fcck auf den schwedischen Naturwissenschaftler Carl von Linn\u00e9. In seinem Werk \u201aSystema Naturae\u2018 entwarf er im 18. Jahrhundert eine hierarchische Klassifikation f\u00fcr Lebewesen \u00fcber sechs Stufen: Reich, Klasse, Ordnung, Gattung, Art und Variet\u00e4t. Noch heute wird sie in weiterentwickelter Form in der Biologie verwendet.<\/p>\n\n\n\n<p>Eine Taxonomie wird in einer Baumstruktur ausgedr\u00fcckt. Die Analogie zu einem Stammbaum liegt nahe. Es gibt ein eindeutiges Wurzelelement, von dem aus, vom Allgemeinen zum Besonderen fortschreitend, weiter untergliedert wird. Auf diese Weise entsteht eine Begriffsklassifikation, eine Klassifikation von Termini, die gleichzeitig auch ein kontrolliertes Vokabular verk\u00f6rpert.<\/p>\n\n\n\n<p>Im Zeitverlauf fanden Taxonomien auch in weiteren Bereichen Anwendung, so beispielsweise in der Sprach-, der Bibliotheks- und Informationswissenschaft. Der Grund liegt vor allem darin, dass sich gro\u00dfe Mengen an Informationen anhand gemeinsamer Charkteristika strukturieren lassen.<\/p>\n\n\n\n<h5 class=\"wp-block-heading\" id=\"ontologie\"><strong>Ontologie<\/strong><\/h5>\n\n\n\n<p>Im Unterschied zu einer Taxonomie, die nur eine hierarchische Untergliederung bildet, stellt eine Ontologie ein Netzwerk von Informationen mit logischen Beziehungen (Relationen) dar.<\/p>\n\n\n\n<p>In der Wissenschaft ist die Ontologie ein Fachbereich der Philosophie. Sie befasst sich mit elementaren Fragen zu allem Seienden. Dabei beschr\u00e4nkt sie sich nicht nur auf das mit den Sinnen erfassbare und dessen Wesen, Begrifflichkeit und Ordnung. Auch was nicht mit den Sinnen erfasst werden kann, wird von der Ontologie beschrieben und eingeordnet. Die Begriffe \u201eOntologie\u201c und \u201eMetaphysik\u201c werden oft synonym verwendet.<\/p>\n\n\n\n<p>In der Informatik, dem Gebiet, auf dem ich lange t\u00e4tig war, werden formale Repr\u00e4sentationssysteme, angelehnt an den philosophischen Begriff, als \u201eOntologien\u201c bezeichnet. Hier geht es um die Aufgabe, Seiendes, Erkanntes und Erdachtes strukturiert zu repr\u00e4sentieren und Wissen zu kommunizieren.<\/p>\n\n\n\n<p>Eine Ontologie bezeichnet eine formale Beschreibung von Konzepten innerhalb einer Wissensdom\u00e4ne. Mit Ontologien k\u00f6nnen Wissensdom\u00e4nen auf Basis von Wissensrepr\u00e4sentationssprachen (oft auch als Ontologiesprachen bezeichnet) in maschinenlesbarer Form modelliert werden. Softwaresysteme k\u00f6nnen dann mithilfe solcher Sprachen automatisch Schl\u00fcsse ziehen.<\/p>\n\n\n\n<h5 class=\"wp-block-heading\" id=\"prozess\"><strong>Prozess<\/strong><\/h5>\n\n\n\n<p>Ein Prozess bezeichnet im allgemeinen einen zusammenh\u00e4ngenden, zielgerichteten und zeitlichen Ablauf von Aktivit\u00e4ten. In einem Prozess wirken Ereignisse auf Aktivit\u00e4ten und erzeugen Zust\u00e4nde. Mit Aktivit\u00e4ten k\u00f6nnen Rollen, die Aktivit\u00e4ten ausf\u00fchren, verkn\u00fcpft sein.<\/p>\n\n\n\n<p>Ein praktisches Beispiel f\u00fcr einen Prozess ist die Kontoer\u00f6ffnung bei einem Kreditinstitut, das hier in Ans\u00e4tzen und sehr vereinfacht kurz skizziert wird. Das Ereignis \u201eAnforderung zur Kontoer\u00f6ffnung eingegangen\u201c f\u00fchrt zur Aktivit\u00e4t \u201eAnforderung zur Kontoer\u00f6ffnung formal pr\u00fcfen\u201c und zum Zustand \u201eAnforderung zur Kontoer\u00f6ffnung formal gepr\u00fcft\u201c. Je nachdem, ob die Pr\u00fcfung erfolgreich war, folgen weitere Aktivit\u00e4ten. Ist die Anforderung beispielsweise unvollst\u00e4ndig oder unplausibel, folgt die Aktivit\u00e4t \u201e\u00dcberpr\u00fcfung durch Anforderer ausl\u00f6sen\u201c. Ist die Anforderung formal vollst\u00e4ndig und plausibel, folgt die Aktivit\u00e4t \u201eKontoer\u00f6ffnung pr\u00fcfen\u201c.<\/p>\n\n\n\n<p>Normalerweise unterliegt jeder Prozess einem Lebenszyklus. Ein Prozess wird durch ein bestimmtes Ereignis gestartet und endet mit einem definierten Zustand. Beispielsweise beginnt der Prozess \u201eKonto er\u00f6ffnen\u201c mit dem bereits erw\u00e4hnten Ereignis \u201eAnforderung zur Kontoer\u00f6ffnung eingegangen\u201c. Er endet mit einem der Zust\u00e4nde \u201eKonto er\u00f6ffnet\u201c oder \u201eKonto nicht er\u00f6ffnet\u201c.<\/p>\n\n\n\n<p>Auch jedes an einem Prozess beteiligte Objekt (z.&nbsp;B. \u201eAntrag\u201c) unterliegt einem Lebenszyklus. Ein Antrag wird erstellt und exisiert damit. Irgendwann, nach dem Ende der Archivierungspflicht, wird der Antrag gel\u00f6scht (digital) oder vernichtet (analog) und der Lebenszyklus endet.<\/p>\n\n\n\n<p>Taxonomien, Ontologien und Prozesse sind Themen, mit denen ich mich beruflich \u00fcber Jahre hinweg besch\u00e4ftigt habe. Von daher ist es nur nat\u00fcrlich, dass ich dieses Denken auch in diese Untersuchung einbringe.<\/p>\n\n\n\n<h4 class=\"wp-block-heading\" id=\"open-world-reasoning\"><strong>Open World Reasoning<\/strong><\/h4>\n\n\n\n<p>Naturgem\u00e4\u00df stellt sich die Frage, wie Schl\u00fcsse zu ziehen sind und welche Methodik dabei angewandt wird. Wann ist etwas \u201ewahr\u201c, wann ist etwas \u201efalsch\u201c, und wann ist unbekannt, ob etwas \u201ewahr\u201c oder \u201efalsch\u201c ist?<\/p>\n\n\n\n<p>In dieser Untersuchung wird dem Prinzip des \u201eOpen-World Reasoning\u201c gefolgt. Im Gegensatz zu \u201eClosed-World Reasoning\u201c (zu Deutsch etwa \u201eArgumentation auf Grundlage einer abgeschlossenen Welt\u201c) geht \u201eOpen-World Reasoning\u201c (zu Deutsch etwa \u201eArgumentation auf Grundlage einer offenen Welt\u201c) davon aus, dass etwas nicht Beweisbares nicht konsequenterweise als falsch bezeichnet werden muss.<\/p>\n\n\n\n<p>Ein kleines, vereinfachtes Beispiel mag das Prinzip veranschaulichen. Die Aussage lautet: \u201eAndreas hat in Stuttgart einen Festnetzanschluss\u201c. Wenn gefragt wird: \u201eHat Paula in Stuttgart einen Festnetzanschluss?\u201c, dann ist bei Argumentation auf Grundlage einer abgeschlossenen Welt \u2013 wenn Paula im Telefonbuch nicht eingetragen ist \u2013 die Antwort \u201eNein\u201c. Bei Argumentation auf Grundlage einer offenen Welt ist die Antwort \u201eUnbekannt\u201c, da Paula durchaus einen Festnetzanschluss haben kann, dieser jedoch im Telefonbuch nicht eingetragen ist.<\/p>\n\n\n\n<p>Ein anderes Beispiel bezieht sich auf die Essvorlieben einer Person: Christian wird gebeten, s\u00e4mtliche seiner Lieblingsgerichte in einer Liste zu notieren. Wenn dann gefragt wird: \u201eGeh\u00f6rt Wiener Schnitzel mit Pommes Frites zu seinen Lieblingsgerichten?\u201c, lautet die Antwort bei Argumentation auf Grundlage einer abgeschlossenen Welt \u2013 wenn Wiener Schnitzel mit Pommes Frites in Christians Liste nicht auftaucht \u2013 \u201eNein\u201c. Bei Argumentation auf Grundlage einer offenen Welt ist die Antwort \u201eUnbekannt\u201c. Es k\u00f6nnte ja sein, dass Christian einfach vergessen hat, das Gericht in die Liste einzutragen.<\/p>\n\n\n\n<p>Vereinfacht ausgedr\u00fcckt, folgt diese Untersuchung somit auch den Prinzipen der Wissenschaft. Denen zufolge muss etwas, was nicht explizit als wahr bewiesen werden kann, nicht zwingend als falsch bezeichnet werden. Vielleicht ist einfach der Zeitpunkt f\u00fcr den Wahrheits- oder Falschheitsbeweis noch nicht gekommen. In der Wissenschaft gilt solange etwas als wahr oder falsch, solange noch nichts anderes bewiesen wurde.<\/p>\n\n\n\n<p>Auf Basis des in der Welt der Wissenschaft vorherrschenden Prinzips des \u201eOpen-World Reasoning\u201c, der Argumentation auf Grundlage einer offenen Welt, sind Untersuchungen von \u00fcbersinnlichen Ph\u00e4nomenen nicht von vornherein auszuschlie\u00dfen. Nicht beweisbare Ereignisse und Zust\u00e4nde m\u00fcssen nicht zur\u00fcckgewiesen werden. Das \u201eOpen-World Reasoning\u201c l\u00e4sst die M\u00f6glichkeit von \u201eUnbekannt\u201c als Antwort offen.<\/p>\n","protected":false},"excerpt":{"rendered":"<p>Eine systematische Vorgehensweise und Methodik sind unverzichtbar, wenn ein derart komplexes Diskursuniversum mit vielf\u00e4ltigen kausalen Zusammenh\u00e4ngen zu durchdringen ist. Das Diskursuniversum erweist sich schon von Vornherein als \u00fcberaus&hellip;<\/p>\n","protected":false},"author":2,"featured_media":10539,"comment_status":"closed","ping_status":"open","sticky":false,"template":"template-full-width-only-content.php","format":"standard","meta":{"footnotes":""},"categories":[212],"tags":[],"yoast_head":"<!-- This site is optimized with the Yoast SEO plugin v24.5 - https:\/\/yoast.com\/wordpress\/plugins\/seo\/ -->\n<title>Vorgehensweise und Methodik<\/title>\n<meta name=\"description\" content=\"Eine systematische Vorgehensweise und Methodik sind unverzichtbar, doch welche Vorgehensweise, welche Methoden sind geeignet?\" \/>\n<meta name=\"robots\" content=\"index, follow, max-snippet:-1, max-image-preview:large, max-video-preview:-1\" \/>\n<link rel=\"canonical\" href=\"https:\/\/dieter-jenz.de\/lc\/vorgehensweise-und-methodik\/\" \/>\n<meta property=\"og:locale\" content=\"de_DE\" \/>\n<meta property=\"og:type\" content=\"article\" \/>\n<meta property=\"og:title\" content=\"Vorgehensweise und Methodik\" \/>\n<meta property=\"og:description\" content=\"Eine systematische Vorgehensweise und Methodik sind unverzichtbar, doch welche Vorgehensweise, welche Methoden sind geeignet?\" \/>\n<meta property=\"og:url\" content=\"https:\/\/dieter-jenz.de\/lc\/vorgehensweise-und-methodik\/\" \/>\n<meta property=\"og:site_name\" content=\"Dieter Jenz, Begleitung und Coaching\" \/>\n<meta property=\"article:publisher\" content=\"https:\/\/www.facebook.com\/dieter.jenz.inspiration\" \/>\n<meta property=\"article:author\" content=\"https:\/\/www.facebook.com\/dieter.jenz.inspiration\" \/>\n<meta property=\"article:published_time\" content=\"2024-01-12T10:00:00+00:00\" \/>\n<meta property=\"og:image\" content=\"https:\/\/dieter-jenz.de\/lc\/wp-content\/uploads\/2024\/01\/Beitragsbild-Vorgehensweise-und-Methodik.jpeg\" \/>\n\t<meta property=\"og:image:width\" content=\"800\" \/>\n\t<meta property=\"og:image:height\" content=\"800\" \/>\n\t<meta property=\"og:image:type\" content=\"image\/jpeg\" \/>\n<meta name=\"author\" content=\"Dieter Jenz\" \/>\n<meta name=\"twitter:card\" content=\"summary_large_image\" \/>\n<meta name=\"twitter:creator\" content=\"@https:\/\/twitter.com\/dieterjenz\" \/>\n<meta name=\"twitter:site\" content=\"@dieterjenz\" \/>\n<meta name=\"twitter:label1\" content=\"Verfasst von\" \/>\n\t<meta name=\"twitter:data1\" content=\"Dieter Jenz\" \/>\n\t<meta name=\"twitter:label2\" content=\"Gesch\u00e4tzte Lesezeit\" \/>\n\t<meta name=\"twitter:data2\" content=\"13\u00a0Minuten\" \/>\n<script type=\"application\/ld+json\" class=\"yoast-schema-graph\">{\"@context\":\"https:\/\/schema.org\",\"@graph\":[{\"@type\":\"Article\",\"@id\":\"https:\/\/dieter-jenz.de\/lc\/vorgehensweise-und-methodik\/#article\",\"isPartOf\":{\"@id\":\"https:\/\/dieter-jenz.de\/lc\/vorgehensweise-und-methodik\/\"},\"author\":{\"name\":\"Dieter Jenz\",\"@id\":\"https:\/\/dieter-jenz.de\/lc\/#\/schema\/person\/618cfd5c289d0a23930cb258a43679ab\"},\"headline\":\"Vorgehensweise und Methodik\",\"datePublished\":\"2024-01-12T10:00:00+00:00\",\"mainEntityOfPage\":{\"@id\":\"https:\/\/dieter-jenz.de\/lc\/vorgehensweise-und-methodik\/\"},\"wordCount\":2313,\"publisher\":{\"@id\":\"https:\/\/dieter-jenz.de\/lc\/#\/schema\/person\/618cfd5c289d0a23930cb258a43679ab\"},\"image\":{\"@id\":\"https:\/\/dieter-jenz.de\/lc\/vorgehensweise-und-methodik\/#primaryimage\"},\"thumbnailUrl\":\"https:\/\/dieter-jenz.de\/lc\/wp-content\/uploads\/2024\/01\/Beitragsbild-Vorgehensweise-und-Methodik.jpeg\",\"articleSection\":[\"Lebensfragen\"],\"inLanguage\":\"de\"},{\"@type\":\"WebPage\",\"@id\":\"https:\/\/dieter-jenz.de\/lc\/vorgehensweise-und-methodik\/\",\"url\":\"https:\/\/dieter-jenz.de\/lc\/vorgehensweise-und-methodik\/\",\"name\":\"Vorgehensweise und Methodik\",\"isPartOf\":{\"@id\":\"https:\/\/dieter-jenz.de\/lc\/#website\"},\"primaryImageOfPage\":{\"@id\":\"https:\/\/dieter-jenz.de\/lc\/vorgehensweise-und-methodik\/#primaryimage\"},\"image\":{\"@id\":\"https:\/\/dieter-jenz.de\/lc\/vorgehensweise-und-methodik\/#primaryimage\"},\"thumbnailUrl\":\"https:\/\/dieter-jenz.de\/lc\/wp-content\/uploads\/2024\/01\/Beitragsbild-Vorgehensweise-und-Methodik.jpeg\",\"datePublished\":\"2024-01-12T10:00:00+00:00\",\"description\":\"Eine systematische Vorgehensweise und Methodik sind unverzichtbar, doch welche Vorgehensweise, welche Methoden sind geeignet?\",\"breadcrumb\":{\"@id\":\"https:\/\/dieter-jenz.de\/lc\/vorgehensweise-und-methodik\/#breadcrumb\"},\"inLanguage\":\"de\",\"potentialAction\":[{\"@type\":\"ReadAction\",\"target\":[\"https:\/\/dieter-jenz.de\/lc\/vorgehensweise-und-methodik\/\"]}]},{\"@type\":\"ImageObject\",\"inLanguage\":\"de\",\"@id\":\"https:\/\/dieter-jenz.de\/lc\/vorgehensweise-und-methodik\/#primaryimage\",\"url\":\"https:\/\/dieter-jenz.de\/lc\/wp-content\/uploads\/2024\/01\/Beitragsbild-Vorgehensweise-und-Methodik.jpeg\",\"contentUrl\":\"https:\/\/dieter-jenz.de\/lc\/wp-content\/uploads\/2024\/01\/Beitragsbild-Vorgehensweise-und-Methodik.jpeg\",\"width\":800,\"height\":800,\"caption\":\"Gestaltung: privat\"},{\"@type\":\"BreadcrumbList\",\"@id\":\"https:\/\/dieter-jenz.de\/lc\/vorgehensweise-und-methodik\/#breadcrumb\",\"itemListElement\":[{\"@type\":\"ListItem\",\"position\":1,\"name\":\"Home\",\"item\":\"https:\/\/dieter-jenz.de\/lc\/\"},{\"@type\":\"ListItem\",\"position\":2,\"name\":\"Lebensfragen\",\"item\":\"https:\/\/dieter-jenz.de\/lc\/category\/lebensfragen\/\"},{\"@type\":\"ListItem\",\"position\":3,\"name\":\"Vorgehensweise und Methodik\"}]},{\"@type\":\"WebSite\",\"@id\":\"https:\/\/dieter-jenz.de\/lc\/#website\",\"url\":\"https:\/\/dieter-jenz.de\/lc\/\",\"name\":\"Dieter Jenz, Begleitung und Coaching\",\"description\":\"Die andere, neue Sichtweise entdecken - auftanken - neue Wege gehen\",\"publisher\":{\"@id\":\"https:\/\/dieter-jenz.de\/lc\/#\/schema\/person\/618cfd5c289d0a23930cb258a43679ab\"},\"potentialAction\":[{\"@type\":\"SearchAction\",\"target\":{\"@type\":\"EntryPoint\",\"urlTemplate\":\"https:\/\/dieter-jenz.de\/lc\/?s={search_term_string}\"},\"query-input\":{\"@type\":\"PropertyValueSpecification\",\"valueRequired\":true,\"valueName\":\"search_term_string\"}}],\"inLanguage\":\"de\"},{\"@type\":[\"Person\",\"Organization\"],\"@id\":\"https:\/\/dieter-jenz.de\/lc\/#\/schema\/person\/618cfd5c289d0a23930cb258a43679ab\",\"name\":\"Dieter Jenz\",\"image\":{\"@type\":\"ImageObject\",\"inLanguage\":\"de\",\"@id\":\"https:\/\/dieter-jenz.de\/lc\/#\/schema\/person\/image\/\",\"url\":\"https:\/\/dieter-jenz.de\/lc\/wp-content\/uploads\/2020\/01\/Logo-Coaching-und-Begleitung.png\",\"contentUrl\":\"https:\/\/dieter-jenz.de\/lc\/wp-content\/uploads\/2020\/01\/Logo-Coaching-und-Begleitung.png\",\"width\":320,\"height\":240,\"caption\":\"Dieter Jenz\"},\"logo\":{\"@id\":\"https:\/\/dieter-jenz.de\/lc\/#\/schema\/person\/image\/\"},\"description\":\"Ich bin Dieter Jenz, Begleiter, Berater und Coach mit Leidenschaft. \u00dcber viele Jahre hinweg habe ich einen reichen Schatz an Kompetenz und Erfahrung erworben. Meine Themen sind die \\\"4L\\\": Lebensaufgabe, Lebensplanung, Lebensnavigation und Lebensqualit\u00e4t.\",\"sameAs\":[\"https:\/\/www.facebook.com\/dieter.jenz.inspiration\",\"https:\/\/www.pinterest.de\/dieterjenz\/\",\"https:\/\/x.com\/https:\/\/twitter.com\/dieterjenz\"],\"url\":\"https:\/\/dieter-jenz.de\/lc\/author\/dieter\/\"}]}<\/script>\n<!-- \/ Yoast SEO plugin. -->","yoast_head_json":{"title":"Vorgehensweise und Methodik","description":"Eine systematische Vorgehensweise und Methodik sind unverzichtbar, doch welche Vorgehensweise, welche Methoden sind geeignet?","robots":{"index":"index","follow":"follow","max-snippet":"max-snippet:-1","max-image-preview":"max-image-preview:large","max-video-preview":"max-video-preview:-1"},"canonical":"https:\/\/dieter-jenz.de\/lc\/vorgehensweise-und-methodik\/","og_locale":"de_DE","og_type":"article","og_title":"Vorgehensweise und Methodik","og_description":"Eine systematische Vorgehensweise und Methodik sind unverzichtbar, doch welche Vorgehensweise, welche Methoden sind geeignet?","og_url":"https:\/\/dieter-jenz.de\/lc\/vorgehensweise-und-methodik\/","og_site_name":"Dieter Jenz, Begleitung und Coaching","article_publisher":"https:\/\/www.facebook.com\/dieter.jenz.inspiration","article_author":"https:\/\/www.facebook.com\/dieter.jenz.inspiration","article_published_time":"2024-01-12T10:00:00+00:00","og_image":[{"width":800,"height":800,"url":"https:\/\/dieter-jenz.de\/lc\/wp-content\/uploads\/2024\/01\/Beitragsbild-Vorgehensweise-und-Methodik.jpeg","type":"image\/jpeg"}],"author":"Dieter Jenz","twitter_card":"summary_large_image","twitter_creator":"@https:\/\/twitter.com\/dieterjenz","twitter_site":"@dieterjenz","twitter_misc":{"Verfasst von":"Dieter Jenz","Gesch\u00e4tzte Lesezeit":"13\u00a0Minuten"},"schema":{"@context":"https:\/\/schema.org","@graph":[{"@type":"Article","@id":"https:\/\/dieter-jenz.de\/lc\/vorgehensweise-und-methodik\/#article","isPartOf":{"@id":"https:\/\/dieter-jenz.de\/lc\/vorgehensweise-und-methodik\/"},"author":{"name":"Dieter Jenz","@id":"https:\/\/dieter-jenz.de\/lc\/#\/schema\/person\/618cfd5c289d0a23930cb258a43679ab"},"headline":"Vorgehensweise und Methodik","datePublished":"2024-01-12T10:00:00+00:00","mainEntityOfPage":{"@id":"https:\/\/dieter-jenz.de\/lc\/vorgehensweise-und-methodik\/"},"wordCount":2313,"publisher":{"@id":"https:\/\/dieter-jenz.de\/lc\/#\/schema\/person\/618cfd5c289d0a23930cb258a43679ab"},"image":{"@id":"https:\/\/dieter-jenz.de\/lc\/vorgehensweise-und-methodik\/#primaryimage"},"thumbnailUrl":"https:\/\/dieter-jenz.de\/lc\/wp-content\/uploads\/2024\/01\/Beitragsbild-Vorgehensweise-und-Methodik.jpeg","articleSection":["Lebensfragen"],"inLanguage":"de"},{"@type":"WebPage","@id":"https:\/\/dieter-jenz.de\/lc\/vorgehensweise-und-methodik\/","url":"https:\/\/dieter-jenz.de\/lc\/vorgehensweise-und-methodik\/","name":"Vorgehensweise und Methodik","isPartOf":{"@id":"https:\/\/dieter-jenz.de\/lc\/#website"},"primaryImageOfPage":{"@id":"https:\/\/dieter-jenz.de\/lc\/vorgehensweise-und-methodik\/#primaryimage"},"image":{"@id":"https:\/\/dieter-jenz.de\/lc\/vorgehensweise-und-methodik\/#primaryimage"},"thumbnailUrl":"https:\/\/dieter-jenz.de\/lc\/wp-content\/uploads\/2024\/01\/Beitragsbild-Vorgehensweise-und-Methodik.jpeg","datePublished":"2024-01-12T10:00:00+00:00","description":"Eine systematische Vorgehensweise und Methodik sind unverzichtbar, doch welche Vorgehensweise, welche Methoden sind geeignet?","breadcrumb":{"@id":"https:\/\/dieter-jenz.de\/lc\/vorgehensweise-und-methodik\/#breadcrumb"},"inLanguage":"de","potentialAction":[{"@type":"ReadAction","target":["https:\/\/dieter-jenz.de\/lc\/vorgehensweise-und-methodik\/"]}]},{"@type":"ImageObject","inLanguage":"de","@id":"https:\/\/dieter-jenz.de\/lc\/vorgehensweise-und-methodik\/#primaryimage","url":"https:\/\/dieter-jenz.de\/lc\/wp-content\/uploads\/2024\/01\/Beitragsbild-Vorgehensweise-und-Methodik.jpeg","contentUrl":"https:\/\/dieter-jenz.de\/lc\/wp-content\/uploads\/2024\/01\/Beitragsbild-Vorgehensweise-und-Methodik.jpeg","width":800,"height":800,"caption":"Gestaltung: privat"},{"@type":"BreadcrumbList","@id":"https:\/\/dieter-jenz.de\/lc\/vorgehensweise-und-methodik\/#breadcrumb","itemListElement":[{"@type":"ListItem","position":1,"name":"Home","item":"https:\/\/dieter-jenz.de\/lc\/"},{"@type":"ListItem","position":2,"name":"Lebensfragen","item":"https:\/\/dieter-jenz.de\/lc\/category\/lebensfragen\/"},{"@type":"ListItem","position":3,"name":"Vorgehensweise und Methodik"}]},{"@type":"WebSite","@id":"https:\/\/dieter-jenz.de\/lc\/#website","url":"https:\/\/dieter-jenz.de\/lc\/","name":"Dieter Jenz, Begleitung und Coaching","description":"Die andere, neue Sichtweise entdecken - auftanken - neue Wege gehen","publisher":{"@id":"https:\/\/dieter-jenz.de\/lc\/#\/schema\/person\/618cfd5c289d0a23930cb258a43679ab"},"potentialAction":[{"@type":"SearchAction","target":{"@type":"EntryPoint","urlTemplate":"https:\/\/dieter-jenz.de\/lc\/?s={search_term_string}"},"query-input":{"@type":"PropertyValueSpecification","valueRequired":true,"valueName":"search_term_string"}}],"inLanguage":"de"},{"@type":["Person","Organization"],"@id":"https:\/\/dieter-jenz.de\/lc\/#\/schema\/person\/618cfd5c289d0a23930cb258a43679ab","name":"Dieter Jenz","image":{"@type":"ImageObject","inLanguage":"de","@id":"https:\/\/dieter-jenz.de\/lc\/#\/schema\/person\/image\/","url":"https:\/\/dieter-jenz.de\/lc\/wp-content\/uploads\/2020\/01\/Logo-Coaching-und-Begleitung.png","contentUrl":"https:\/\/dieter-jenz.de\/lc\/wp-content\/uploads\/2020\/01\/Logo-Coaching-und-Begleitung.png","width":320,"height":240,"caption":"Dieter Jenz"},"logo":{"@id":"https:\/\/dieter-jenz.de\/lc\/#\/schema\/person\/image\/"},"description":"Ich bin Dieter Jenz, Begleiter, Berater und Coach mit Leidenschaft. \u00dcber viele Jahre hinweg habe ich einen reichen Schatz an Kompetenz und Erfahrung erworben. Meine Themen sind die \"4L\": Lebensaufgabe, Lebensplanung, Lebensnavigation und Lebensqualit\u00e4t.","sameAs":["https:\/\/www.facebook.com\/dieter.jenz.inspiration","https:\/\/www.pinterest.de\/dieterjenz\/","https:\/\/x.com\/https:\/\/twitter.com\/dieterjenz"],"url":"https:\/\/dieter-jenz.de\/lc\/author\/dieter\/"}]}},"_links":{"self":[{"href":"https:\/\/dieter-jenz.de\/lc\/wp-json\/wp\/v2\/posts\/10569"}],"collection":[{"href":"https:\/\/dieter-jenz.de\/lc\/wp-json\/wp\/v2\/posts"}],"about":[{"href":"https:\/\/dieter-jenz.de\/lc\/wp-json\/wp\/v2\/types\/post"}],"author":[{"embeddable":true,"href":"https:\/\/dieter-jenz.de\/lc\/wp-json\/wp\/v2\/users\/2"}],"replies":[{"embeddable":true,"href":"https:\/\/dieter-jenz.de\/lc\/wp-json\/wp\/v2\/comments?post=10569"}],"version-history":[{"count":4,"href":"https:\/\/dieter-jenz.de\/lc\/wp-json\/wp\/v2\/posts\/10569\/revisions"}],"predecessor-version":[{"id":10575,"href":"https:\/\/dieter-jenz.de\/lc\/wp-json\/wp\/v2\/posts\/10569\/revisions\/10575"}],"wp:featuredmedia":[{"embeddable":true,"href":"https:\/\/dieter-jenz.de\/lc\/wp-json\/wp\/v2\/media\/10539"}],"wp:attachment":[{"href":"https:\/\/dieter-jenz.de\/lc\/wp-json\/wp\/v2\/media?parent=10569"}],"wp:term":[{"taxonomy":"category","embeddable":true,"href":"https:\/\/dieter-jenz.de\/lc\/wp-json\/wp\/v2\/categories?post=10569"},{"taxonomy":"post_tag","embeddable":true,"href":"https:\/\/dieter-jenz.de\/lc\/wp-json\/wp\/v2\/tags?post=10569"}],"curies":[{"name":"wp","href":"https:\/\/api.w.org\/{rel}","templated":true}]}}