{"id":10607,"date":"2024-01-17T17:00:00","date_gmt":"2024-01-17T16:00:00","guid":{"rendered":"https:\/\/dieter-jenz.de\/lc\/?p=10607"},"modified":"2024-01-17T17:32:34","modified_gmt":"2024-01-17T16:32:34","slug":"diskursuniversum-was-kommt-nach-dem-tod","status":"publish","type":"post","link":"https:\/\/dieter-jenz.de\/lc\/diskursuniversum-was-kommt-nach-dem-tod\/","title":{"rendered":"Das Diskursuniversum"},"content":{"rendered":"<div class=\"yoast-breadcrumbs\"><span><span><a href=\"https:\/\/dieter-jenz.de\/lc\/\">Home<\/a><\/span> \u00bb <span><a href=\"https:\/\/dieter-jenz.de\/lc\/category\/lebensfragen\/\">Lebensfragen<\/a><\/span> \u00bb <span class=\"breadcrumb_last\" aria-current=\"page\"><strong>Das Diskursuniversum<\/strong><\/span><\/span><\/div>\n\n\n<div style=\"height:40px\" aria-hidden=\"true\" class=\"wp-block-spacer\"><\/div>\n\n\n\n<p>Ein Diskursuniversum beschreibt im Allgemeinen einen Gegenstandsbereich mit der Gesamtheit aller Objekte, f\u00fcr die Aussagen gemacht werden. Hier sind es Objekte im Zusammenhang mit der Frage: Was kommt nach dem Tod?<\/p>\n\n\n\n<p><strong>Inhalte:<\/strong><\/p>\n\n\n\n<nav class=\"wp-block-table-of-contents\"><ol><li><a class=\"wp-block-table-of-contents__entry\" href=\"https:\/\/dieter-jenz.de\/lc\/diskursuniversum-was-kommt-nach-dem-tod\/#leitaspekte\">Leitaspekte<\/a><ol><li><a class=\"wp-block-table-of-contents__entry\" href=\"https:\/\/dieter-jenz.de\/lc\/diskursuniversum-was-kommt-nach-dem-tod\/#religion\">Religion<\/a><\/li><li><a class=\"wp-block-table-of-contents__entry\" href=\"https:\/\/dieter-jenz.de\/lc\/diskursuniversum-was-kommt-nach-dem-tod\/#wissenschaft\">Wissenschaft<\/a><\/li><li><a class=\"wp-block-table-of-contents__entry\" href=\"https:\/\/dieter-jenz.de\/lc\/diskursuniversum-was-kommt-nach-dem-tod\/#ontologische-fragen\">Ontologische Fragen<\/a><\/li><\/ol><\/li><li><a class=\"wp-block-table-of-contents__entry\" href=\"https:\/\/dieter-jenz.de\/lc\/diskursuniversum-was-kommt-nach-dem-tod\/#ausma\u00df-des-diskursuniversums\">Ausma\u00df des Diskursuniversums<\/a><ol><li><a class=\"wp-block-table-of-contents__entry\" href=\"https:\/\/dieter-jenz.de\/lc\/diskursuniversum-was-kommt-nach-dem-tod\/#prototypische-exploration\">Prototypische Exploration<\/a><\/li><li><a class=\"wp-block-table-of-contents__entry\" href=\"https:\/\/dieter-jenz.de\/lc\/diskursuniversum-was-kommt-nach-dem-tod\/#der-rahmen\">Der Rahmen<\/a><\/li><\/ol><\/li><\/ol><\/nav>\n\n\n\n<div class=\"wp-block-media-text is-stacked-on-mobile has-background-background-color has-background\" style=\"grid-template-columns:15% auto\"><figure class=\"wp-block-media-text__media\"><a href=\"https:\/\/dieter-jenz.de\/lc\/was-geschieht-mit-mir-wenn-ich-sterbe\/\"><img loading=\"lazy\" decoding=\"async\" width=\"800\" height=\"800\" src=\"https:\/\/dieter-jenz.de\/lc\/wp-content\/uploads\/2022\/03\/Beitragsbild-Was-geschieht-mit-mir-wenn-ich-sterbe.jpeg\" alt=\"Was geschieht mit mir wenn ich sterbe - Gestaltung: privat\" class=\"wp-image-7029 size-full\" srcset=\"https:\/\/dieter-jenz.de\/lc\/wp-content\/uploads\/2022\/03\/Beitragsbild-Was-geschieht-mit-mir-wenn-ich-sterbe.jpeg 800w, https:\/\/dieter-jenz.de\/lc\/wp-content\/uploads\/2022\/03\/Beitragsbild-Was-geschieht-mit-mir-wenn-ich-sterbe-300x300.jpeg 300w, https:\/\/dieter-jenz.de\/lc\/wp-content\/uploads\/2022\/03\/Beitragsbild-Was-geschieht-mit-mir-wenn-ich-sterbe-150x150.jpeg 150w, https:\/\/dieter-jenz.de\/lc\/wp-content\/uploads\/2022\/03\/Beitragsbild-Was-geschieht-mit-mir-wenn-ich-sterbe-768x768.jpeg 768w, https:\/\/dieter-jenz.de\/lc\/wp-content\/uploads\/2022\/03\/Beitragsbild-Was-geschieht-mit-mir-wenn-ich-sterbe-540x540.jpeg 540w\" sizes=\"(max-width: 800px) 100vw, 800px\" \/><\/a><\/figure><div class=\"wp-block-media-text__content\">\n<p class=\"has-border-background-color has-background has-normal-font-size\">Dieser Beitrag ist Teil der Serie &#8222;<em>Was geschieht mit mir wenn ich sterbe?<\/em>&#8220; <br>Grobes <a href=\"https:\/\/dieter-jenz.de\/lc\/was-geschieht-mit-mir-wenn-ich-sterbe\/\" target=\"_blank\" rel=\"noreferrer noopener\">Inhaltsverzeichnis<\/a><\/p>\n<\/div><\/div>\n\n\n\n<p>Anliegen dieser Untersuchung ist es, mehr Klarheit dar\u00fcber zu gewinnen, ob der Mensch mit dem biologischen Tod aufh\u00f6rt zu existieren oder ob er auf irgendeine Art und Weise seine Existenz fortsetzt. Falls eine Weiterexistenz angenommen werden kann, folgen unmittelbar weitere Fragen, so etwa die Frage nach dem \u201ewo\u201c und die nach dem \u201ewie\u201c.<\/p>\n\n\n\n<p>Um Antworten n\u00e4herzukommen, muss das Feld dieser Untersuchung breit angelegt werden. Erkenntnisse sowohl aus unterschiedlichen Zeitepochen als auch unterschiedlichen Disziplinen m\u00fcssen in die Untersuchung einflie\u00dfen, um ein m\u00f6glichst stimmiges Gesamtbild entwerfen und schlie\u00dflich zu belastbaren Schlussfolgerungen gelangen zu k\u00f6nnen.<\/p>\n\n\n<div class=\"su-box su-box-style-default\" id=\"\" style=\"border-color:#000000;border-radius:3px;\"><div class=\"su-box-title\" style=\"background-color:#333333;color:#FFFFFF;border-top-left-radius:1px;border-top-right-radius:1px\">Letzte Beitr\u00e4ge <\/div><div class=\"su-box-content su-u-clearfix su-u-trim\" style=\"border-bottom-left-radius:1px;border-bottom-right-radius:1px\"><div class=\"su-expand su-expand-collapsed su-expand-link-style-default\" data-height=\"100\"><div class=\"su-expand-content su-u-trim\" style=\"color:#333333;max-height:100px;overflow:hidden\">\n\n<div class=\"su-posts su-posts-teaser-loop \">\n\n\t\t\t\t\t\t\n\t\t\t\n\t\t\t<div id=\"su-post-12357\" class=\"su-post \">\n\t\t\t\t\t\t\t\t\t<a class=\"su-post-thumbnail\" href=\"https:\/\/dieter-jenz.de\/lc\/die-realitaet-das-individuelle-selbst-befindet-sich-nicht-im-gehirn\/\"><img loading=\"lazy\" decoding=\"async\" width=\"800\" height=\"800\" src=\"https:\/\/dieter-jenz.de\/lc\/wp-content\/uploads\/2024\/11\/Beitragsbild-Realitaet-Individuelles-Selbst-nicht-im-Gehirn.jpeg\" class=\"attachment-post-thumbnail size-post-thumbnail wp-post-image\" alt=\"Realit\u00e4t Das individuelle Selbst befindet sich nicht im Gehirn - Gestaltung: privat\" \/><\/a>\n\t\t\t\t\t\t\t\t<h2 class=\"su-post-title\"><a href=\"https:\/\/dieter-jenz.de\/lc\/die-realitaet-das-individuelle-selbst-befindet-sich-nicht-im-gehirn\/\">Die Realit\u00e4t: Das individuelle Selbst befindet sich nicht im Gehirn<\/a><\/h2>\n\t\t\t<\/div>\n\n\t\t\t\t\t\n\t\t\t\n\t\t\t<div id=\"su-post-12328\" class=\"su-post \">\n\t\t\t\t\t\t\t\t\t<a class=\"su-post-thumbnail\" href=\"https:\/\/dieter-jenz.de\/lc\/verifikation-der-eis-hypothese-ungewoehnliche-erinnerungen\/\"><img loading=\"lazy\" decoding=\"async\" width=\"800\" height=\"800\" src=\"https:\/\/dieter-jenz.de\/lc\/wp-content\/uploads\/2024\/11\/Beitragsbild-Verifikation-EIS-Hypothese-Ungewoehnliche-Erinnerungen.jpeg\" class=\"attachment-post-thumbnail size-post-thumbnail wp-post-image\" alt=\"Verifikation frt EIS-Hypothese: Ungew\u00f6hnliche Erinnerungen - Gestaltung: privat\" \/><\/a>\n\t\t\t\t\t\t\t\t<h2 class=\"su-post-title\"><a href=\"https:\/\/dieter-jenz.de\/lc\/verifikation-der-eis-hypothese-ungewoehnliche-erinnerungen\/\">Verifikation der EIS-Hypothese: Ungew\u00f6hnliche Erinnerungen<\/a><\/h2>\n\t\t\t<\/div>\n\n\t\t\t\t\t\n\t\t\t\n\t\t\t<div id=\"su-post-12313\" class=\"su-post \">\n\t\t\t\t\t\t\t\t\t<a class=\"su-post-thumbnail\" href=\"https:\/\/dieter-jenz.de\/lc\/verifikation-der-eis-hypothese-terminale-geistesklarheit\/\"><img loading=\"lazy\" decoding=\"async\" width=\"800\" height=\"800\" src=\"https:\/\/dieter-jenz.de\/lc\/wp-content\/uploads\/2024\/11\/Beitragsbild-Verifikation-EIS-Hypothese-Terminale-Geistesklarheit.jpeg\" class=\"attachment-post-thumbnail size-post-thumbnail wp-post-image\" alt=\"Verifikation der EIS-Hypothese: Terminale Geistesklarheit - Gestaltung: privat\" \/><\/a>\n\t\t\t\t\t\t\t\t<h2 class=\"su-post-title\"><a href=\"https:\/\/dieter-jenz.de\/lc\/verifikation-der-eis-hypothese-terminale-geistesklarheit\/\">Verifikation der EIS-Hypothese: Terminale Geistesklarheit<\/a><\/h2>\n\t\t\t<\/div>\n\n\t\t\t\t\t\n\t\t\t\n\t\t\t<div id=\"su-post-12248\" class=\"su-post \">\n\t\t\t\t\t\t\t\t\t<a class=\"su-post-thumbnail\" href=\"https:\/\/dieter-jenz.de\/lc\/verifikation-der-eis-hypothese-nahtoderfahrung\/\"><img loading=\"lazy\" decoding=\"async\" width=\"800\" height=\"800\" src=\"https:\/\/dieter-jenz.de\/lc\/wp-content\/uploads\/2024\/10\/Beitragsbild-Verifikation-EIS-Hypothese-Nahtoderfahrung.jpeg\" class=\"attachment-post-thumbnail size-post-thumbnail wp-post-image\" alt=\"Verifikation der EIS-Hypothese: Nahtoderfahrung - Gestaltung: privat\" \/><\/a>\n\t\t\t\t\t\t\t\t<h2 class=\"su-post-title\"><a href=\"https:\/\/dieter-jenz.de\/lc\/verifikation-der-eis-hypothese-nahtoderfahrung\/\">Verifikation der EIS-Hypothese: Nahtoderfahrung<\/a><\/h2>\n\t\t\t<\/div>\n\n\t\t\t\t\t\n\t\t\t\n\t\t\t<div id=\"su-post-12193\" class=\"su-post \">\n\t\t\t\t\t\t\t\t\t<a class=\"su-post-thumbnail\" href=\"https:\/\/dieter-jenz.de\/lc\/das-losloesungsszenario-ist-es-plausibel\/\"><img loading=\"lazy\" decoding=\"async\" width=\"800\" height=\"800\" src=\"https:\/\/dieter-jenz.de\/lc\/wp-content\/uploads\/2024\/09\/Beitragsbild-Losloesungsszenario.jpeg\" class=\"attachment-post-thumbnail size-post-thumbnail wp-post-image\" alt=\"Losl\u00f6sungsszenario - Gestaltung: privat\" \/><\/a>\n\t\t\t\t\t\t\t\t<h2 class=\"su-post-title\"><a href=\"https:\/\/dieter-jenz.de\/lc\/das-losloesungsszenario-ist-es-plausibel\/\">Das Losl\u00f6sungsszenario &#8211; ist es plausibel?<\/a><\/h2>\n\t\t\t<\/div>\n\n\t\t\t\t\t\n\t\t\t\n\t\t\t<div id=\"su-post-12174\" class=\"su-post \">\n\t\t\t\t\t\t\t\t\t<a class=\"su-post-thumbnail\" href=\"https:\/\/dieter-jenz.de\/lc\/das-evakuierungsszenario-ist-es-plausibel\/\"><img loading=\"lazy\" decoding=\"async\" width=\"800\" height=\"800\" src=\"https:\/\/dieter-jenz.de\/lc\/wp-content\/uploads\/2024\/09\/Beitragsbild-Evakuierungsszenario.jpeg\" class=\"attachment-post-thumbnail size-post-thumbnail wp-post-image\" alt=\"Evakuierungsszenario - Gestaltung: privat\" \/><\/a>\n\t\t\t\t\t\t\t\t<h2 class=\"su-post-title\"><a href=\"https:\/\/dieter-jenz.de\/lc\/das-evakuierungsszenario-ist-es-plausibel\/\">Das Evakuierungsszenario &#8211; ist es plausibel?<\/a><\/h2>\n\t\t\t<\/div>\n\n\t\t\t\t\t\n\t\t\t\n\t\t\t<div id=\"su-post-12136\" class=\"su-post \">\n\t\t\t\t\t\t\t\t\t<a class=\"su-post-thumbnail\" href=\"https:\/\/dieter-jenz.de\/lc\/das-erloeschungsszenario-ist-es-plausibel\/\"><img loading=\"lazy\" decoding=\"async\" width=\"800\" height=\"800\" src=\"https:\/\/dieter-jenz.de\/lc\/wp-content\/uploads\/2024\/09\/Beitragsbild-Erloeschungsszenario.jpeg\" class=\"attachment-post-thumbnail size-post-thumbnail wp-post-image\" alt=\"Erl\u00f6schungsszenario - Gestaltung: privat\" \/><\/a>\n\t\t\t\t\t\t\t\t<h2 class=\"su-post-title\"><a href=\"https:\/\/dieter-jenz.de\/lc\/das-erloeschungsszenario-ist-es-plausibel\/\">Das Erl\u00f6schungsszenario &#8211; ist es plausibel?<\/a><\/h2>\n\t\t\t<\/div>\n\n\t\t\t\t\t\n\t\t\t\n\t\t\t<div id=\"su-post-11981\" class=\"su-post \">\n\t\t\t\t\t\t\t\t\t<a class=\"su-post-thumbnail\" href=\"https:\/\/dieter-jenz.de\/lc\/was-sind-nahtoderfahrungenwie-werden-sie-erlebt\/\"><img loading=\"lazy\" decoding=\"async\" width=\"800\" height=\"800\" src=\"https:\/\/dieter-jenz.de\/lc\/wp-content\/uploads\/2024\/07\/Beitragsbild-Was-sind-Nahtoderfahrungen.jpeg\" class=\"attachment-post-thumbnail size-post-thumbnail wp-post-image\" alt=\"Was sind Nahtoderfahrungen - Gestaltung: privat\" \/><\/a>\n\t\t\t\t\t\t\t\t<h2 class=\"su-post-title\"><a href=\"https:\/\/dieter-jenz.de\/lc\/was-sind-nahtoderfahrungenwie-werden-sie-erlebt\/\">Was sind Nahtoderfahrungen? Wie werden sie erlebt?<\/a><\/h2>\n\t\t\t<\/div>\n\n\t\t\t\t\t\n\t\t\t\n\t\t\t<div id=\"su-post-11947\" class=\"su-post \">\n\t\t\t\t\t\t\t\t\t<a class=\"su-post-thumbnail\" href=\"https:\/\/dieter-jenz.de\/lc\/taktile-kommunikation-was-verbirgt-sich-dahinter\/\"><img loading=\"lazy\" decoding=\"async\" width=\"800\" height=\"800\" src=\"https:\/\/dieter-jenz.de\/lc\/wp-content\/uploads\/2024\/07\/Beitragsbild-Taktile-Kommunikation.jpeg\" class=\"attachment-post-thumbnail size-post-thumbnail wp-post-image\" alt=\"Taktile Kommunikation - Gestaltung: privat\" \/><\/a>\n\t\t\t\t\t\t\t\t<h2 class=\"su-post-title\"><a href=\"https:\/\/dieter-jenz.de\/lc\/taktile-kommunikation-was-verbirgt-sich-dahinter\/\">Taktile Kommunikation \u2013 was verbirgt sich dahinter?<\/a><\/h2>\n\t\t\t<\/div>\n\n\t\t\t\t\t\n\t\t\t\n\t\t\t<div id=\"su-post-11943\" class=\"su-post \">\n\t\t\t\t\t\t\t\t\t<a class=\"su-post-thumbnail\" href=\"https:\/\/dieter-jenz.de\/lc\/olfaktorische-kommunikation-was-verbirgt-sich-dahinter\/\"><img loading=\"lazy\" decoding=\"async\" width=\"800\" height=\"800\" src=\"https:\/\/dieter-jenz.de\/lc\/wp-content\/uploads\/2024\/07\/Beitragsbild-Olfaktorische-Kommunikation.jpeg\" class=\"attachment-post-thumbnail size-post-thumbnail wp-post-image\" alt=\"Olfaktorische Kommunikation - Gestaltung: privat\" \/><\/a>\n\t\t\t\t\t\t\t\t<h2 class=\"su-post-title\"><a href=\"https:\/\/dieter-jenz.de\/lc\/olfaktorische-kommunikation-was-verbirgt-sich-dahinter\/\">Olfaktorische Kommunikation \u2013 was verbirgt sich dahinter?<\/a><\/h2>\n\t\t\t<\/div>\n\n\t\t\t\n<\/div>\n  <\/div><div class=\"su-expand-link su-expand-link-more\" style=\"text-align:left\"><a href=\"javascript:;\" style=\"color:#0088FF;border-color:#0088FF\"><span style=\"border-color:#0088FF\">Mehr anzeigen<\/span><\/a><\/div><div class=\"su-expand-link su-expand-link-less\" style=\"text-align:left\"><a href=\"javascript:;\" style=\"color:#0088FF;border-color:#0088FF\"><span style=\"border-color:#0088FF\">Weniger anzeigen<\/span><\/a><\/div><\/div><\/div><\/div>\n\n\n\n<h3 class=\"wp-block-heading\" id=\"leitaspekte\"><strong><strong>Leitaspekte<\/strong><\/strong><\/h3>\n\n\n\n<p>Auf dieser Linie erscheinen drei Aspekte als wesentlich, um zu einer Bestimmung des Diskursuniversums f\u00fcr diese Untersuchung zu gelangen: Religion, Wissenschaft und ontologische Fragen. In ihrer Gesamtheit formen sie dieses Diskursuniversum.<\/p>\n\n\n\n<h4 class=\"wp-block-heading\" id=\"religion\"><strong>Religion<\/strong><\/h4>\n\n\n\n<p>Religion, als Glaubenssystem oder auch Weltanschauung verstanden, spielt in der Menschheitsgeschichte schon seit jeher und in allen Kulturen eine mehr oder weniger pr\u00e4gende Rolle. Zumindest seit Schriftbelege vorliegen, lassen sich Bez\u00fcge zu einem Glauben an bestimmte transzendente (\u00fcbernat\u00fcrliche, \u00fcbersinnliche, \u00fcberirdische) Wesen oder Kr\u00e4fte finden.<\/p>\n\n\n\n<p>Im Lauf der Geschichte entwickelten sich eine Vielzahl von Religionen. Sie lassen sich grob in zwei Kategorien einteilen: die Erfahrungs- und die Offenbarungsreligionen.<\/p>\n\n\n\n<p>Erfahrungsreligionen basieren auf der Erwartung, dass Glaubenss\u00e4tze im menschlichen Leben erfahrbar und best\u00e4tigbar sind. Ziel ist es, durch die dem Menschen bereits innewohnende F\u00e4higkeit zur Erleuchtung den eigenen Geist zu entwickeln und Vollkommenheit zu erlangen. Dieses Konzept findet sich im Hinduismus und Buddhismus, die zu den wichtigsten Erfahrungsreligionen z\u00e4hlen. Beide Religionen postulieren, dass jede Seele viele Geburten und Tode erlebt, bevor sie dieses Ziel erreicht. In der Konsequenz muss jede Seele mehrmals wiedergeboren werden und sich in einem materiellen Wesen \u2013 nicht unbedingt ein Lebewesen &#8211; inkarnieren. Dieses Konzept des erneuten \u00dcbergangs der Seele in ein materielles Wesen wird als Reinkarnation bezeichnet.<\/p>\n\n\n\n<p>Offenbarungsreligionen berufen sich im Gegensatz dazu auf eine von Gott als \u00fcbernat\u00fcrliches Wesen erhaltene Offenbarung. Sie kann durch prophetische Mitteilungen, Eingebungen, Weisungen oder Visionen erg\u00e4nzt werden. Als die bedeutendsten Offenbarungsreligionen gelten Judentum, Christentum und Islam. F\u00fcr jede dieser Religionen ist die Offenbarung schriftlich festgehalten, f\u00fcr das Judentum im Tanach (Sammlung heiliger Schriften des Judentums), f\u00fcr das Christentum in der Bibel (Altes und Neues Testament), und f\u00fcr den Islam im Koran.<\/p>\n\n\n\n<p>Sowohl Erfahrungs- als auch Offenbarungsreligionen gehen von der Existenz eines nicht beobachtbaren Raums aus, in dem sich Seelen nach dem biologischen Tod aufhalten. Menschen legen demnach bei Eintritt des biologischen Todes lediglich ihren K\u00f6rper als \u201eH\u00fclle\u201c ab, w\u00e4hrend die Seele weiterexistiert. F\u00fcr Erfahrungsreligionen ist dieser Raum ein vor\u00fcbergehender Aufenthaltsort, zumindest solange das Stadium der Vollkommenheit noch nicht erreicht ist. F\u00fcr Offenbarungsreligionen ist dieser Raum endg\u00fcltiger Aufenthaltsort.<\/p>\n\n\n\n<div class=\"wp-block-group\"><div class=\"wp-block-group__inner-container is-layout-constrained wp-block-group-is-layout-constrained\">\n<figure class=\"wp-block-gallery has-nested-images columns-4 is-cropped wp-block-gallery-1 is-layout-flex wp-block-gallery-is-layout-flex\">\n<figure class=\"wp-block-image size-large\"><a href=\"https:\/\/dieter-jenz.de\/lc\/portal-lebensweisheiten\/\" target=\"_blank\" rel=\"noreferrer noopener\"><img loading=\"lazy\" decoding=\"async\" width=\"800\" height=\"800\" data-id=\"10179\" src=\"https:\/\/dieter-jenz.de\/lc\/wp-content\/uploads\/2023\/12\/Lebensweisheiten.jpeg\" alt=\"Lebensweisheiten - Gestaltung: privat\" class=\"wp-image-10179\" srcset=\"https:\/\/dieter-jenz.de\/lc\/wp-content\/uploads\/2023\/12\/Lebensweisheiten.jpeg 800w, https:\/\/dieter-jenz.de\/lc\/wp-content\/uploads\/2023\/12\/Lebensweisheiten-300x300.jpeg 300w, https:\/\/dieter-jenz.de\/lc\/wp-content\/uploads\/2023\/12\/Lebensweisheiten-150x150.jpeg 150w, https:\/\/dieter-jenz.de\/lc\/wp-content\/uploads\/2023\/12\/Lebensweisheiten-768x768.jpeg 768w, https:\/\/dieter-jenz.de\/lc\/wp-content\/uploads\/2023\/12\/Lebensweisheiten-540x540.jpeg 540w\" sizes=\"(max-width: 800px) 100vw, 800px\" \/><\/a><figcaption class=\"wp-element-caption\">Gestaltung: privat<\/figcaption><\/figure>\n\n\n\n<figure class=\"wp-block-image size-large\"><a href=\"https:\/\/dieter-jenz.de\/lc\/portal-evergreen-themen\/\" target=\"_blank\" rel=\"noreferrer noopener\"><img loading=\"lazy\" decoding=\"async\" width=\"800\" height=\"800\" data-id=\"10200\" src=\"https:\/\/dieter-jenz.de\/lc\/wp-content\/uploads\/2023\/12\/Evergreen-Themen.jpeg\" alt=\"Evergreen-Themen - Gestaltung: privat\" class=\"wp-image-10200\" srcset=\"https:\/\/dieter-jenz.de\/lc\/wp-content\/uploads\/2023\/12\/Evergreen-Themen.jpeg 800w, https:\/\/dieter-jenz.de\/lc\/wp-content\/uploads\/2023\/12\/Evergreen-Themen-300x300.jpeg 300w, https:\/\/dieter-jenz.de\/lc\/wp-content\/uploads\/2023\/12\/Evergreen-Themen-150x150.jpeg 150w, https:\/\/dieter-jenz.de\/lc\/wp-content\/uploads\/2023\/12\/Evergreen-Themen-768x768.jpeg 768w, https:\/\/dieter-jenz.de\/lc\/wp-content\/uploads\/2023\/12\/Evergreen-Themen-540x540.jpeg 540w\" sizes=\"(max-width: 800px) 100vw, 800px\" \/><\/a><figcaption class=\"wp-element-caption\">Gestaltung: privat<\/figcaption><\/figure>\n\n\n\n<figure class=\"wp-block-image size-large\"><a href=\"https:\/\/dieter-jenz.de\/lc\/portal-wissensdurst\/\" target=\"_blank\" rel=\"noreferrer noopener\"><img loading=\"lazy\" decoding=\"async\" width=\"800\" height=\"800\" data-id=\"10177\" src=\"https:\/\/dieter-jenz.de\/lc\/wp-content\/uploads\/2023\/12\/Wissensdurst-Blick-durch-den-Tuerspalt.jpeg\" alt=\"Wissensdurst, Blick durch den T\u00fcrspalt - Gestaltung: privat\" class=\"wp-image-10177\" srcset=\"https:\/\/dieter-jenz.de\/lc\/wp-content\/uploads\/2023\/12\/Wissensdurst-Blick-durch-den-Tuerspalt.jpeg 800w, https:\/\/dieter-jenz.de\/lc\/wp-content\/uploads\/2023\/12\/Wissensdurst-Blick-durch-den-Tuerspalt-300x300.jpeg 300w, https:\/\/dieter-jenz.de\/lc\/wp-content\/uploads\/2023\/12\/Wissensdurst-Blick-durch-den-Tuerspalt-150x150.jpeg 150w, https:\/\/dieter-jenz.de\/lc\/wp-content\/uploads\/2023\/12\/Wissensdurst-Blick-durch-den-Tuerspalt-768x768.jpeg 768w, https:\/\/dieter-jenz.de\/lc\/wp-content\/uploads\/2023\/12\/Wissensdurst-Blick-durch-den-Tuerspalt-540x540.jpeg 540w\" sizes=\"(max-width: 800px) 100vw, 800px\" \/><\/a><figcaption class=\"wp-element-caption\">Gestaltung: privat<\/figcaption><\/figure>\n<\/figure>\n<\/div><\/div>\n\n\n\n<h4 class=\"wp-block-heading\" id=\"wissenschaft\"><strong><strong>Wissenschaft<\/strong><\/strong><\/h4>\n\n\n\n<p>Die Wissenschaft l\u00e4sst sich als ein System der Erkenntnisse \u00fcber die wesentlichen Eigenschaften, kausalen Zusammenh\u00e4nge und Gesetzm\u00e4\u00dfigkeiten der Natur, Technik, Gesellschaft und des Denkens auffassen. Dieses System wird in Form von Begriffen, Kategorien, Ma\u00dfbestimmungen, Gesetzen, Theorien und Hypothesen zum Ausdruck gebracht.<\/p>\n\n\n\n<p>Aus einem etwas anderen Blickwinkel betrachtet, bezeichnet Wissenschaft die Gesamtheit des bisher gewonnenen menschlichen Wissens, der Erkenntnisse und der Erfahrungen. Dieses Wissen wird nach anerkannten und g\u00fcltigen Methoden durch neue Erkenntnisse und Erfahrungen systematisch erweitert, dauerhaft gespeichert, gelehrt und weitergegeben.<\/p>\n\n\n\n<p>Die Wissenschaft umfasst eine weiterhin wachsende Anzahl an Disziplinen und Einzelwissenschaften. Zu den wissenschaftlichen Disziplinen z\u00e4hlen u.&nbsp;a. die Physik (widmet sich der unbelebten Natur), die Biologie (erforscht die belebte Natur), und die Psychologie (erforscht menschliches Erleben, Verhalten und Bewusstsein). Als Einzelwissenschaften gelten beispielsweise Astronomie (Einzelwissenschaft innerhalb der Physik, die sich auf die Erforschung von Sternen, Planeten und Galaxien konzentriert), Biotechnologie (Einzelwissenschaft innerhalb der Biologie mit Schwerpunkt auf der Anwendung von Technologie zur Verbesserung der Gesundheit und Umwelt) und die Mikrobiologie (Einzelwissenschaft innerhalb der Biologie mit Schwerpunkt auf der Erforschung von Mikroorganismen und ihrer Interaktion mit der Umwelt).<\/p>\n\n\n\n<p>Unter den Gesichtspunkten der T\u00e4tigkeit und des Handelns bezeichnet Wissenschaft eine Wissen bzw. Erkenntnisgewinn hervorbringende forschende T\u00e4tigkeit, die sich auf bestimmte Werte gr\u00fcndet. Diese Werte, wie beispielsweise Objektivit\u00e4t und \u00dcberpr\u00fcfbarkeit, sind darauf ausgerichtet, eine m\u00f6glichst pr\u00e4zise und wertefreie Beschreibung des Analysierten zu erbringen.<\/p>\n\n\n\n<p>Naturgem\u00e4\u00df beschr\u00e4nkt sich Wissenschaft auf das beobachtbare Universum. Im Standardmodell der Kosmologie bezeichnet das beobachtbare Universum den Teil des Universums, der im Prinzip von der Erde durch Beobachtung zug\u00e4nglich ist. Ein von den Religionen postulierter nicht-beobachtbarer Raum entzieht sich den Methoden der Wissenschaft. In der Konsequenz kann die Wissenschaft religi\u00f6sen Erkl\u00e4rungsmodellen nicht folgen.<\/p>\n\n\n<div class=\"su-box su-box-style-default\" id=\"\" style=\"border-color:#000000;border-radius:3px;\"><div class=\"su-box-title\" style=\"background-color:#333333;color:#FFFFFF;border-top-left-radius:1px;border-top-right-radius:1px\">Weitere Informationen und Ressourcen <\/div><div class=\"su-box-content su-u-clearfix su-u-trim\" style=\"border-bottom-left-radius:1px;border-bottom-right-radius:1px\"> <div class=\"su-list\" style=\"margin-left:0px\"> <\/p>\n<ul>\n<li><i class=\"sui sui-info-circle\" style=\"color:#333\"><\/i> <a href=\"https:\/\/dieter-jenz.de\/lc\/ausgangssituation-ziel-vorgehensweise-aktueller-stand\/\" title=\"Ausgangssituation, Ziel, Vorgehensweise\" target=\"_blank\" rel=\"\" class=\"\">Ausgangssituation, Ziel, Vorgehensweise, aktueller Stand<\/a> <\/li>\n<\/ul>\n<p> <\/div> <div class=\"su-list\" style=\"margin-left:0px\"> <\/p>\n<ul>\n<li><i class=\"sui sui-info-circle\" style=\"color:#333\"><\/i> <a href=\"https:\/\/dieter-jenz.de\/lc\/was-kommt-nach-dem-tod-erstes-zwischenfazit\/\" title=\"Erstes Zwischenfazit\" target=\"_blank\" rel=\"\" class=\"\">Was kommt nach dem Tod? &#8211; Erstes Zwischenfazit<\/a> <\/li>\n<\/ul>\n<p> <\/div> <div class=\"su-list\" style=\"margin-left:0px\"> <\/p>\n<ul>\n<li><i class=\"sui sui-info-circle\" style=\"color:#333\"><\/i> <a href=\"https:\/\/dieter-jenz.de\/lc\/ressourcen-wie-geht-es-nach-dem-tod-weiter\/\" title=\"Literatur und sonstige Ressourcen\" target=\"_blank\" rel=\"\" class=\"\">Literatur und sonstige Ressourcen<\/a> <\/li>\n<\/ul>\n<p> <\/div> <div class=\"su-list\" style=\"margin-left:0px\"> <\/p>\n<ul>\n<li><i class=\"sui sui-info-circle\" style=\"color:#333\"><\/i> <a href=\"https:\/\/dieter-jenz.de\/lc\/glossar-begriffe-transzendenzerfahrungen-lebensfragen\/\" title=\"Glossar der Begriffe zu Transzendenzerfahrungen\" target=\"_blank\" rel=\"\" class=\"\">Glossar der Begriffe im Kontext von Transzendenzerfahrungen<\/a> <\/li>\n<\/ul>\n<p> <\/div> <div class=\"su-list\" style=\"margin-left:0px\"> <\/p>\n<ul>\n<li><i class=\"sui sui-info-circle\" style=\"color:#333\"><\/i> <a href=\"https:\/\/dieter-jenz.de\/lc\/faq-haeufig-gestellte-fragen-was-kommt-nach-dem-tod\/\" title=\"FAQ (H\u00e4ufig gestellte Fragen)\" target=\"_blank\" rel=\"\" class=\"\">H\u00e4ufig gestellte Fragen (FAQ) &#8211; Was kommt nach dem Tod?<\/a> <\/li>\n<\/ul>\n<p> <\/div>   <\/div><\/div>\n\n\n\n<h4 class=\"wp-block-heading\" id=\"ontologische-fragen\"><strong><strong><strong>Ontologische Fragen<\/strong><\/strong><\/strong><\/h4>\n\n\n\n<p>Ontologie l\u00e4sst sich als Lehre davon was es in der Welt gibt bezeichnen. Sie befasst sich mit elementaren Fragen zu allem Seienden. Zum Seienden z\u00e4hlt auch, was nicht mit den Sinnen erfassbar ist. Beispielhafte ontologische Fragestellungen sind \u201eGibt es einen Gott?\u201c oder \u201eHat das Universum einen Anfang?\u201c. Ontologische Fragen k\u00f6nnen nicht mit den Methoden der Wissenschaft beantwortet werden.<\/p>\n\n\n\n<p>M\u00f6gliche Antworten auf ontologische Fragen sind stets von zus\u00e4tzlichen Annahmen, Meinungen, \u00dcberzeugungen, Einstellungen, Theorien, Hypothesen o.&nbsp;\u00e4. abh\u00e4ngig. So impliziert beispielsweise jede Aussage dar\u00fcber, was Reinkarnation sei, einen ontologischen Standpunkt, der gleichzeitig stets auch ideologischer Standpunkt ist. Antworten lassen sich deshalb auch weder wissenschaftlich beweisen noch widerlegen.<\/p>\n\n\n\n<p>Epistemologie (Erkenntnistheorie) ist demgegen\u00fcber die Lehre von der Art und Weise, wie die Welt erkannt werden kann. Beide, Ontologie und Epistemologie, erg\u00e4nzen sich. Die Aussage \u201eReinkarnation gibt es\u201c ist eine ontologische Aussage, w\u00e4hrend es sich bei der Frage \u201eWie kann erkannt werden, dass ein Mensch eine Reinkarnation erlebt hat?\u201c um eine epistemologische (erkenntnistheoretische) Fragestellung handelt.<\/p>\n\n\n\n<h3 class=\"wp-block-heading\" id=\"ausma\u00df-des-diskursuniversums\"><strong><strong><strong>Ausma\u00df des Diskursuniversums<\/strong><\/strong><\/strong><\/h3>\n\n\n\n<p>Die Frage, ob der Mensch nach dem biologischen Tod auf irgendeine Art und Weise seine Existenz fortsetzt, ber\u00fchrt sowohl Religion, Wissenschaft als auch Ontologie. In der Konsequenz muss das Diskursuniversum weit gefasst werden.<\/p>\n\n\n\n<p>Die Untersuchung kann sich nicht allein auf die beobachtbare Welt beschr\u00e4nken, sondern muss auch eine nicht beobachtbare Welt als zumindest theoretisch existent annehmen und sie in die Betrachtung einbeziehen. Au\u00dferdem m\u00fcssen neben relevanten Fakten zur Welt- und Menschheitsgeschichte auch die Narrative der gro\u00dfen Weltreligionen zu Vergangenheit, Gegenwart und Zukunft von Welt und Menschheit als Elemente in den Diskurs einflie\u00dfen. Schlie\u00dflich spielte Religion im weitesten Sinne vorliegenden schriftlichen Belegen zufolge schon vor Jahrtausenden eine Rolle.<\/p>\n\n\n\n<p>In diesem so skizzierten Diskursuniversum traten und treten Ereignisse und Ph\u00e4nomene auf, die Anhaltspunkte, Hinweise und Nachweise f\u00fcr den Erkenntnisgewinn liefern. Eine geeignete Vorgehensweise und Methodik unterst\u00fctzt dabei, das Diskursuniversum zu durchdringen und zu nachvollziehbaren Schlussfolgerungen zu gelangen.<\/p>\n\n\n\n<div class=\"wp-block-group\"><div class=\"wp-block-group__inner-container is-layout-constrained wp-block-group-is-layout-constrained\">\n<div class=\"wp-block-group has-background\" style=\"background:radial-gradient(rgba(252,185,0,0.25) 0%,rgba(255,106,0,0.11) 100%)\"><div class=\"wp-block-group__inner-container is-layout-constrained wp-block-group-is-layout-constrained\">\n<p><strong>Gutes und Sinnvolles  tun &#8211; ganz praktisch<\/strong><\/p>\n\n\n<div class=\"wp-block-image\">\n<figure class=\"aligncenter size-full is-resized\"><a href=\"https:\/\/dieter-jenz.de\/lc\/gutes-tun-ganz-praktisch\/\" target=\"_blank\" rel=\"noreferrer noopener\"><img loading=\"lazy\" decoding=\"async\" width=\"600\" height=\"450\" src=\"https:\/\/dieter-jenz.de\/lc\/wp-content\/uploads\/2023\/11\/Geschenk-mit-Text.jpeg\" alt=\"Geschenk mit Text - Gestaltung: privat\" class=\"wp-image-9969\" style=\"width:300px\" srcset=\"https:\/\/dieter-jenz.de\/lc\/wp-content\/uploads\/2023\/11\/Geschenk-mit-Text.jpeg 600w, https:\/\/dieter-jenz.de\/lc\/wp-content\/uploads\/2023\/11\/Geschenk-mit-Text-300x225.jpeg 300w, https:\/\/dieter-jenz.de\/lc\/wp-content\/uploads\/2023\/11\/Geschenk-mit-Text-540x405.jpeg 540w, https:\/\/dieter-jenz.de\/lc\/wp-content\/uploads\/2023\/11\/Geschenk-mit-Text-150x113.jpeg 150w\" sizes=\"(max-width: 600px) 100vw, 600px\" \/><\/a><figcaption class=\"wp-element-caption\">Gestaltung: privat<\/figcaption><\/figure><\/div>\n\n\n<p>Mit einem Klick auf das Bild gelangen Sie zum zugeh\u00f6rigen Text.<\/p>\n<\/div><\/div>\n<\/div><\/div>\n\n\n\n<h4 class=\"wp-block-heading\" id=\"prototypische-exploration\"><strong><strong><strong>Prototypische Exploration<\/strong><\/strong><\/strong><\/h4>\n\n\n\n<p>Das m\u00f6gliche Ausma\u00df des Diskursuniversums l\u00e4sst sich durch prototypische Exploration schon recht gut ermessen. F\u00fcr diese Exploration eignet sich im Grunde eine beliebige ontologische Frage, beispielsweise im Zusammenhang mit einem bestimmten Konzept, wie dem Reinkarnationskonzept.<\/p>\n\n\n\n<p>Wenn der Wahrheitsgehalt der ontologischen Aussage \u201eReinkarnation gibt es\u201c ermittelt werden soll, greifen alle drei Aspekte (Religion, Wissenschaft und ontologische Fragen) ineinander. Bei Betrachtung eines jeden Aspekts ergibt sich ein mehr oder weniger bedeutender Erkenntnisgewinn, wobei die Summe aller Erkenntnisgewinne eine besser begr\u00fcndete Beurteilung zul\u00e4sst, ob die ontologische Aussage zutrifft.<\/p>\n\n\n\n<p>Erfahrungsreligionen postulieren, dass ein Mensch auf dem Weg zur Vollkommenheit mehrere Reinkarnationen (Wiedergeburten) erlebt. Zeiten in der beobachtbaren und in der nicht-beobachtbaren Welt wechseln einander ab. Jede Wiedergeburt ist gewisserma\u00dfen eine Lerneinheit, wobei ein Wiedergeborener sein Leben ohne Vorwissen fr\u00fcherer Existenzen, gewisserma\u00dfen als \u201eleeres Blatt\u201c, beginnt. Auf dieses Reinkarnationskonzept wird im weiteren Verlauf dieser Untersuchung ausf\u00fchrlich eingegangen.<\/p>\n\n\n\n<p>Um zu einer Antwort zu finden, lassen sich erkenntnistheoretisch motivierte Fragen stellen, beispielsweise: \u201eWie kann erkannt werden, dass ein Mensch eine Reinkarnation erlebt hat?\u201c oder \u201eWie kann ein Zusammenhang zwischen der Existenz in der beobachtbaren und der nicht-beocbachtbaren Welt hergestellt werden?\u201c.<\/p>\n\n\n\n<p>Aus dem Blickwinkel der Wissenschaft stellt sich u.\u00a0a. die Frage, ob es m\u00f6glich ist, ein neues Leben als \u201eleeres Blatt\u201c zu beginnen. Antworten k\u00f6nnen die Genetik (ein Fachgebiet der Biologie, die sich mit Vererbung besch\u00e4ftigt) und die Epigentetik (ebenfalls ein Fachgebiet der Biologie, das sich mit der Frage befasst, welche Faktoren die Aktivit\u00e4t eines Gens und damit die Entwicklung der Zelle zeitweilig festlegen) beitragen.<\/p>\n\n\n\n<p>Eine weitere Frage aus dem Blickwinkel der Wissenschaft w\u00e4re beispielsweise, welche Auswirkung sich durch das Reinkarnationskonzept auf die Weltbev\u00f6lkerung ergibt. Die Demografie (Bev\u00f6lkerungswissenschaft) kann Indizien liefern, die f\u00fcr oder gegen die ontologische Aussage \u201eReinkarnation gibt es\u201c sprechen.<\/p>\n\n\n\n<h4 class=\"wp-block-heading\" id=\"der-rahmen\"><strong>Der Rahmen<\/strong><\/h4>\n\n\n\n<p>Jede Untersuchung kann sich ins Uferlose verlieren, wenn kein Rahmen bestimmt wird, innerhalb dessen Grenzen sich die Untersuchung bewegt. F\u00fcr diese Untersuchung werden unter dem Diskursuniversum als Rahmen die Gesamtheit der Gegenst\u00e4nde bzw. Objekte, aber unter pragmatischen Gesichtspunkten auch Konzepte und Begriffe verstanden, auf die sich Aussagen beziehen.<\/p>\n\n\n\n<p>Wie sich bereits andeutete, muss das Diskursuniversum f\u00fcr diese Untersuchung weit gespannt werden. Fragestellungen unter unterschiedlichen Aspekten richten sich an ganz unterschiedliche Disziplinen, wobei jede dieser Disziplinen ein eigenes Diskursuniversum besitzt. Das Diskursuniversum der Physik, als Beispiel, reglementiert Sinngehalte. S\u00e4mtliche Aussagen und Gedanken werden im Kontext dieses Universums interpretiert.<\/p>\n\n\n\n<p>Diese Untersuchung ber\u00fchrt eine Vielzahl voneinander unterscheidbarer Diskursuniversen. Diese lassen sich oft nicht exakt voneinander abgrenzen, sondern \u00fcberlappen sich teilweise. Ein Beispiel daf\u00fcr sind die Diskursuniversen \u201eReligion\u201c und \u201eTheologie\u201c. Da sich die Semantiken der Objekte, Konzepte und Begriffe zwischen den Diskursuniversen unterscheiden, wird es in der Konsequenz f\u00fcr diese Untersuchung erforderlich, neue Konzepte und Begriffe mit jeweils definierter Semantik einzuf\u00fchren.<\/p>\n\n\n\n<p>Das Diskursuniversum dieser Untersuchung lie\u00dfe sich als Ontologie (im informationstechnischen Sinne) repr\u00e4sentieren. Die Semantik ergibt sich aus den Objekten und ihren Relationen, wobei Objekte und Relationen (Beziehungen) sowie auch einzuhaltende Restriktionen eindeutig zu beschreiben sind. Allerdings w\u00fcrde dies den Rahmen dieser Untersuchung bei weitem sprengen.<\/p>\n","protected":false},"excerpt":{"rendered":"<p>Ein Diskursuniversum beschreibt im Allgemeinen einen Gegenstandsbereich mit der Gesamtheit aller Objekte, f\u00fcr die Aussagen gemacht werden. Hier sind es Objekte im Zusammenhang mit der Frage: Was kommt&hellip;<\/p>\n","protected":false},"author":2,"featured_media":10613,"comment_status":"closed","ping_status":"open","sticky":false,"template":"template-full-width-only-content.php","format":"standard","meta":{"footnotes":""},"categories":[212],"tags":[],"yoast_head":"<!-- This site is optimized with the Yoast SEO plugin v24.5 - https:\/\/yoast.com\/wordpress\/plugins\/seo\/ -->\n<title>Das Diskursuniversum<\/title>\n<meta name=\"description\" content=\"Das Diskursuniversum beschreibt einen Gegenstandsbereich mit der Gesamtheit der Objekte in dieser Untersuchung.\" \/>\n<meta name=\"robots\" content=\"index, follow, max-snippet:-1, max-image-preview:large, max-video-preview:-1\" \/>\n<link rel=\"canonical\" href=\"https:\/\/dieter-jenz.de\/lc\/diskursuniversum-was-kommt-nach-dem-tod\/\" \/>\n<meta property=\"og:locale\" content=\"de_DE\" \/>\n<meta property=\"og:type\" content=\"article\" \/>\n<meta property=\"og:title\" content=\"Das Diskursuniversum\" \/>\n<meta property=\"og:description\" content=\"Das Diskursuniversum beschreibt einen Gegenstandsbereich mit der Gesamtheit der Objekte in dieser Untersuchung.\" \/>\n<meta property=\"og:url\" content=\"https:\/\/dieter-jenz.de\/lc\/diskursuniversum-was-kommt-nach-dem-tod\/\" \/>\n<meta property=\"og:site_name\" content=\"Dieter Jenz, Begleitung und Coaching\" \/>\n<meta property=\"article:publisher\" content=\"https:\/\/www.facebook.com\/dieter.jenz.inspiration\" \/>\n<meta property=\"article:author\" content=\"https:\/\/www.facebook.com\/dieter.jenz.inspiration\" \/>\n<meta property=\"article:published_time\" content=\"2024-01-17T16:00:00+00:00\" \/>\n<meta property=\"article:modified_time\" content=\"2024-01-17T16:32:34+00:00\" \/>\n<meta property=\"og:image\" content=\"https:\/\/dieter-jenz.de\/lc\/wp-content\/uploads\/2024\/01\/Beitragsbild-Diskursuniversum.jpeg\" \/>\n\t<meta property=\"og:image:width\" content=\"800\" \/>\n\t<meta property=\"og:image:height\" content=\"800\" \/>\n\t<meta property=\"og:image:type\" content=\"image\/jpeg\" \/>\n<meta name=\"author\" content=\"Dieter Jenz\" \/>\n<meta name=\"twitter:card\" content=\"summary_large_image\" \/>\n<meta name=\"twitter:creator\" content=\"@https:\/\/twitter.com\/dieterjenz\" \/>\n<meta name=\"twitter:site\" content=\"@dieterjenz\" \/>\n<meta name=\"twitter:label1\" content=\"Verfasst von\" \/>\n\t<meta name=\"twitter:data1\" content=\"Dieter Jenz\" \/>\n\t<meta name=\"twitter:label2\" content=\"Gesch\u00e4tzte Lesezeit\" \/>\n\t<meta name=\"twitter:data2\" content=\"61\u00a0Minuten\" \/>\n<script type=\"application\/ld+json\" class=\"yoast-schema-graph\">{\"@context\":\"https:\/\/schema.org\",\"@graph\":[{\"@type\":\"Article\",\"@id\":\"https:\/\/dieter-jenz.de\/lc\/diskursuniversum-was-kommt-nach-dem-tod\/#article\",\"isPartOf\":{\"@id\":\"https:\/\/dieter-jenz.de\/lc\/diskursuniversum-was-kommt-nach-dem-tod\/\"},\"author\":{\"name\":\"Dieter Jenz\",\"@id\":\"https:\/\/dieter-jenz.de\/lc\/#\/schema\/person\/618cfd5c289d0a23930cb258a43679ab\"},\"headline\":\"Das Diskursuniversum\",\"datePublished\":\"2024-01-17T16:00:00+00:00\",\"dateModified\":\"2024-01-17T16:32:34+00:00\",\"mainEntityOfPage\":{\"@id\":\"https:\/\/dieter-jenz.de\/lc\/diskursuniversum-was-kommt-nach-dem-tod\/\"},\"wordCount\":1648,\"publisher\":{\"@id\":\"https:\/\/dieter-jenz.de\/lc\/#\/schema\/person\/618cfd5c289d0a23930cb258a43679ab\"},\"image\":{\"@id\":\"https:\/\/dieter-jenz.de\/lc\/diskursuniversum-was-kommt-nach-dem-tod\/#primaryimage\"},\"thumbnailUrl\":\"https:\/\/dieter-jenz.de\/lc\/wp-content\/uploads\/2024\/01\/Beitragsbild-Diskursuniversum.jpeg\",\"articleSection\":[\"Lebensfragen\"],\"inLanguage\":\"de\"},{\"@type\":\"WebPage\",\"@id\":\"https:\/\/dieter-jenz.de\/lc\/diskursuniversum-was-kommt-nach-dem-tod\/\",\"url\":\"https:\/\/dieter-jenz.de\/lc\/diskursuniversum-was-kommt-nach-dem-tod\/\",\"name\":\"Das Diskursuniversum\",\"isPartOf\":{\"@id\":\"https:\/\/dieter-jenz.de\/lc\/#website\"},\"primaryImageOfPage\":{\"@id\":\"https:\/\/dieter-jenz.de\/lc\/diskursuniversum-was-kommt-nach-dem-tod\/#primaryimage\"},\"image\":{\"@id\":\"https:\/\/dieter-jenz.de\/lc\/diskursuniversum-was-kommt-nach-dem-tod\/#primaryimage\"},\"thumbnailUrl\":\"https:\/\/dieter-jenz.de\/lc\/wp-content\/uploads\/2024\/01\/Beitragsbild-Diskursuniversum.jpeg\",\"datePublished\":\"2024-01-17T16:00:00+00:00\",\"dateModified\":\"2024-01-17T16:32:34+00:00\",\"description\":\"Das Diskursuniversum beschreibt einen Gegenstandsbereich mit der Gesamtheit der Objekte in dieser Untersuchung.\",\"breadcrumb\":{\"@id\":\"https:\/\/dieter-jenz.de\/lc\/diskursuniversum-was-kommt-nach-dem-tod\/#breadcrumb\"},\"inLanguage\":\"de\",\"potentialAction\":[{\"@type\":\"ReadAction\",\"target\":[\"https:\/\/dieter-jenz.de\/lc\/diskursuniversum-was-kommt-nach-dem-tod\/\"]}]},{\"@type\":\"ImageObject\",\"inLanguage\":\"de\",\"@id\":\"https:\/\/dieter-jenz.de\/lc\/diskursuniversum-was-kommt-nach-dem-tod\/#primaryimage\",\"url\":\"https:\/\/dieter-jenz.de\/lc\/wp-content\/uploads\/2024\/01\/Beitragsbild-Diskursuniversum.jpeg\",\"contentUrl\":\"https:\/\/dieter-jenz.de\/lc\/wp-content\/uploads\/2024\/01\/Beitragsbild-Diskursuniversum.jpeg\",\"width\":800,\"height\":800,\"caption\":\"Gestaltung: privat\"},{\"@type\":\"BreadcrumbList\",\"@id\":\"https:\/\/dieter-jenz.de\/lc\/diskursuniversum-was-kommt-nach-dem-tod\/#breadcrumb\",\"itemListElement\":[{\"@type\":\"ListItem\",\"position\":1,\"name\":\"Home\",\"item\":\"https:\/\/dieter-jenz.de\/lc\/\"},{\"@type\":\"ListItem\",\"position\":2,\"name\":\"Lebensfragen\",\"item\":\"https:\/\/dieter-jenz.de\/lc\/category\/lebensfragen\/\"},{\"@type\":\"ListItem\",\"position\":3,\"name\":\"Das Diskursuniversum\"}]},{\"@type\":\"WebSite\",\"@id\":\"https:\/\/dieter-jenz.de\/lc\/#website\",\"url\":\"https:\/\/dieter-jenz.de\/lc\/\",\"name\":\"Dieter Jenz, Begleitung und Coaching\",\"description\":\"Die andere, neue Sichtweise entdecken - auftanken - neue Wege gehen\",\"publisher\":{\"@id\":\"https:\/\/dieter-jenz.de\/lc\/#\/schema\/person\/618cfd5c289d0a23930cb258a43679ab\"},\"potentialAction\":[{\"@type\":\"SearchAction\",\"target\":{\"@type\":\"EntryPoint\",\"urlTemplate\":\"https:\/\/dieter-jenz.de\/lc\/?s={search_term_string}\"},\"query-input\":{\"@type\":\"PropertyValueSpecification\",\"valueRequired\":true,\"valueName\":\"search_term_string\"}}],\"inLanguage\":\"de\"},{\"@type\":[\"Person\",\"Organization\"],\"@id\":\"https:\/\/dieter-jenz.de\/lc\/#\/schema\/person\/618cfd5c289d0a23930cb258a43679ab\",\"name\":\"Dieter Jenz\",\"image\":{\"@type\":\"ImageObject\",\"inLanguage\":\"de\",\"@id\":\"https:\/\/dieter-jenz.de\/lc\/#\/schema\/person\/image\/\",\"url\":\"https:\/\/dieter-jenz.de\/lc\/wp-content\/uploads\/2020\/01\/Logo-Coaching-und-Begleitung.png\",\"contentUrl\":\"https:\/\/dieter-jenz.de\/lc\/wp-content\/uploads\/2020\/01\/Logo-Coaching-und-Begleitung.png\",\"width\":320,\"height\":240,\"caption\":\"Dieter Jenz\"},\"logo\":{\"@id\":\"https:\/\/dieter-jenz.de\/lc\/#\/schema\/person\/image\/\"},\"description\":\"Ich bin Dieter Jenz, Begleiter, Berater und Coach mit Leidenschaft. \u00dcber viele Jahre hinweg habe ich einen reichen Schatz an Kompetenz und Erfahrung erworben. Meine Themen sind die \\\"4L\\\": Lebensaufgabe, Lebensplanung, Lebensnavigation und Lebensqualit\u00e4t.\",\"sameAs\":[\"https:\/\/www.facebook.com\/dieter.jenz.inspiration\",\"https:\/\/www.pinterest.de\/dieterjenz\/\",\"https:\/\/x.com\/https:\/\/twitter.com\/dieterjenz\"],\"url\":\"https:\/\/dieter-jenz.de\/lc\/author\/dieter\/\"}]}<\/script>\n<!-- \/ Yoast SEO plugin. -->","yoast_head_json":{"title":"Das Diskursuniversum","description":"Das Diskursuniversum beschreibt einen Gegenstandsbereich mit der Gesamtheit der Objekte in dieser Untersuchung.","robots":{"index":"index","follow":"follow","max-snippet":"max-snippet:-1","max-image-preview":"max-image-preview:large","max-video-preview":"max-video-preview:-1"},"canonical":"https:\/\/dieter-jenz.de\/lc\/diskursuniversum-was-kommt-nach-dem-tod\/","og_locale":"de_DE","og_type":"article","og_title":"Das Diskursuniversum","og_description":"Das Diskursuniversum beschreibt einen Gegenstandsbereich mit der Gesamtheit der Objekte in dieser Untersuchung.","og_url":"https:\/\/dieter-jenz.de\/lc\/diskursuniversum-was-kommt-nach-dem-tod\/","og_site_name":"Dieter Jenz, Begleitung und Coaching","article_publisher":"https:\/\/www.facebook.com\/dieter.jenz.inspiration","article_author":"https:\/\/www.facebook.com\/dieter.jenz.inspiration","article_published_time":"2024-01-17T16:00:00+00:00","article_modified_time":"2024-01-17T16:32:34+00:00","og_image":[{"width":800,"height":800,"url":"https:\/\/dieter-jenz.de\/lc\/wp-content\/uploads\/2024\/01\/Beitragsbild-Diskursuniversum.jpeg","type":"image\/jpeg"}],"author":"Dieter Jenz","twitter_card":"summary_large_image","twitter_creator":"@https:\/\/twitter.com\/dieterjenz","twitter_site":"@dieterjenz","twitter_misc":{"Verfasst von":"Dieter Jenz","Gesch\u00e4tzte Lesezeit":"61\u00a0Minuten"},"schema":{"@context":"https:\/\/schema.org","@graph":[{"@type":"Article","@id":"https:\/\/dieter-jenz.de\/lc\/diskursuniversum-was-kommt-nach-dem-tod\/#article","isPartOf":{"@id":"https:\/\/dieter-jenz.de\/lc\/diskursuniversum-was-kommt-nach-dem-tod\/"},"author":{"name":"Dieter Jenz","@id":"https:\/\/dieter-jenz.de\/lc\/#\/schema\/person\/618cfd5c289d0a23930cb258a43679ab"},"headline":"Das Diskursuniversum","datePublished":"2024-01-17T16:00:00+00:00","dateModified":"2024-01-17T16:32:34+00:00","mainEntityOfPage":{"@id":"https:\/\/dieter-jenz.de\/lc\/diskursuniversum-was-kommt-nach-dem-tod\/"},"wordCount":1648,"publisher":{"@id":"https:\/\/dieter-jenz.de\/lc\/#\/schema\/person\/618cfd5c289d0a23930cb258a43679ab"},"image":{"@id":"https:\/\/dieter-jenz.de\/lc\/diskursuniversum-was-kommt-nach-dem-tod\/#primaryimage"},"thumbnailUrl":"https:\/\/dieter-jenz.de\/lc\/wp-content\/uploads\/2024\/01\/Beitragsbild-Diskursuniversum.jpeg","articleSection":["Lebensfragen"],"inLanguage":"de"},{"@type":"WebPage","@id":"https:\/\/dieter-jenz.de\/lc\/diskursuniversum-was-kommt-nach-dem-tod\/","url":"https:\/\/dieter-jenz.de\/lc\/diskursuniversum-was-kommt-nach-dem-tod\/","name":"Das Diskursuniversum","isPartOf":{"@id":"https:\/\/dieter-jenz.de\/lc\/#website"},"primaryImageOfPage":{"@id":"https:\/\/dieter-jenz.de\/lc\/diskursuniversum-was-kommt-nach-dem-tod\/#primaryimage"},"image":{"@id":"https:\/\/dieter-jenz.de\/lc\/diskursuniversum-was-kommt-nach-dem-tod\/#primaryimage"},"thumbnailUrl":"https:\/\/dieter-jenz.de\/lc\/wp-content\/uploads\/2024\/01\/Beitragsbild-Diskursuniversum.jpeg","datePublished":"2024-01-17T16:00:00+00:00","dateModified":"2024-01-17T16:32:34+00:00","description":"Das Diskursuniversum beschreibt einen Gegenstandsbereich mit der Gesamtheit der Objekte in dieser Untersuchung.","breadcrumb":{"@id":"https:\/\/dieter-jenz.de\/lc\/diskursuniversum-was-kommt-nach-dem-tod\/#breadcrumb"},"inLanguage":"de","potentialAction":[{"@type":"ReadAction","target":["https:\/\/dieter-jenz.de\/lc\/diskursuniversum-was-kommt-nach-dem-tod\/"]}]},{"@type":"ImageObject","inLanguage":"de","@id":"https:\/\/dieter-jenz.de\/lc\/diskursuniversum-was-kommt-nach-dem-tod\/#primaryimage","url":"https:\/\/dieter-jenz.de\/lc\/wp-content\/uploads\/2024\/01\/Beitragsbild-Diskursuniversum.jpeg","contentUrl":"https:\/\/dieter-jenz.de\/lc\/wp-content\/uploads\/2024\/01\/Beitragsbild-Diskursuniversum.jpeg","width":800,"height":800,"caption":"Gestaltung: privat"},{"@type":"BreadcrumbList","@id":"https:\/\/dieter-jenz.de\/lc\/diskursuniversum-was-kommt-nach-dem-tod\/#breadcrumb","itemListElement":[{"@type":"ListItem","position":1,"name":"Home","item":"https:\/\/dieter-jenz.de\/lc\/"},{"@type":"ListItem","position":2,"name":"Lebensfragen","item":"https:\/\/dieter-jenz.de\/lc\/category\/lebensfragen\/"},{"@type":"ListItem","position":3,"name":"Das Diskursuniversum"}]},{"@type":"WebSite","@id":"https:\/\/dieter-jenz.de\/lc\/#website","url":"https:\/\/dieter-jenz.de\/lc\/","name":"Dieter Jenz, Begleitung und Coaching","description":"Die andere, neue Sichtweise entdecken - auftanken - neue Wege gehen","publisher":{"@id":"https:\/\/dieter-jenz.de\/lc\/#\/schema\/person\/618cfd5c289d0a23930cb258a43679ab"},"potentialAction":[{"@type":"SearchAction","target":{"@type":"EntryPoint","urlTemplate":"https:\/\/dieter-jenz.de\/lc\/?s={search_term_string}"},"query-input":{"@type":"PropertyValueSpecification","valueRequired":true,"valueName":"search_term_string"}}],"inLanguage":"de"},{"@type":["Person","Organization"],"@id":"https:\/\/dieter-jenz.de\/lc\/#\/schema\/person\/618cfd5c289d0a23930cb258a43679ab","name":"Dieter Jenz","image":{"@type":"ImageObject","inLanguage":"de","@id":"https:\/\/dieter-jenz.de\/lc\/#\/schema\/person\/image\/","url":"https:\/\/dieter-jenz.de\/lc\/wp-content\/uploads\/2020\/01\/Logo-Coaching-und-Begleitung.png","contentUrl":"https:\/\/dieter-jenz.de\/lc\/wp-content\/uploads\/2020\/01\/Logo-Coaching-und-Begleitung.png","width":320,"height":240,"caption":"Dieter Jenz"},"logo":{"@id":"https:\/\/dieter-jenz.de\/lc\/#\/schema\/person\/image\/"},"description":"Ich bin Dieter Jenz, Begleiter, Berater und Coach mit Leidenschaft. \u00dcber viele Jahre hinweg habe ich einen reichen Schatz an Kompetenz und Erfahrung erworben. Meine Themen sind die \"4L\": Lebensaufgabe, Lebensplanung, Lebensnavigation und Lebensqualit\u00e4t.","sameAs":["https:\/\/www.facebook.com\/dieter.jenz.inspiration","https:\/\/www.pinterest.de\/dieterjenz\/","https:\/\/x.com\/https:\/\/twitter.com\/dieterjenz"],"url":"https:\/\/dieter-jenz.de\/lc\/author\/dieter\/"}]}},"_links":{"self":[{"href":"https:\/\/dieter-jenz.de\/lc\/wp-json\/wp\/v2\/posts\/10607"}],"collection":[{"href":"https:\/\/dieter-jenz.de\/lc\/wp-json\/wp\/v2\/posts"}],"about":[{"href":"https:\/\/dieter-jenz.de\/lc\/wp-json\/wp\/v2\/types\/post"}],"author":[{"embeddable":true,"href":"https:\/\/dieter-jenz.de\/lc\/wp-json\/wp\/v2\/users\/2"}],"replies":[{"embeddable":true,"href":"https:\/\/dieter-jenz.de\/lc\/wp-json\/wp\/v2\/comments?post=10607"}],"version-history":[{"count":4,"href":"https:\/\/dieter-jenz.de\/lc\/wp-json\/wp\/v2\/posts\/10607\/revisions"}],"predecessor-version":[{"id":10617,"href":"https:\/\/dieter-jenz.de\/lc\/wp-json\/wp\/v2\/posts\/10607\/revisions\/10617"}],"wp:featuredmedia":[{"embeddable":true,"href":"https:\/\/dieter-jenz.de\/lc\/wp-json\/wp\/v2\/media\/10613"}],"wp:attachment":[{"href":"https:\/\/dieter-jenz.de\/lc\/wp-json\/wp\/v2\/media?parent=10607"}],"wp:term":[{"taxonomy":"category","embeddable":true,"href":"https:\/\/dieter-jenz.de\/lc\/wp-json\/wp\/v2\/categories?post=10607"},{"taxonomy":"post_tag","embeddable":true,"href":"https:\/\/dieter-jenz.de\/lc\/wp-json\/wp\/v2\/tags?post=10607"}],"curies":[{"name":"wp","href":"https:\/\/api.w.org\/{rel}","templated":true}]}}