{"id":10810,"date":"2024-01-25T13:00:00","date_gmt":"2024-01-25T12:00:00","guid":{"rendered":"https:\/\/dieter-jenz.de\/lc\/?p=10810"},"modified":"2024-01-25T14:32:24","modified_gmt":"2024-01-25T13:32:24","slug":"transgenerationale-epigenetische-vererbung","status":"publish","type":"post","link":"https:\/\/dieter-jenz.de\/lc\/transgenerationale-epigenetische-vererbung\/","title":{"rendered":"Transgenerationale epigenetische Vererbung"},"content":{"rendered":"<div class=\"yoast-breadcrumbs\"><span><span><a href=\"https:\/\/dieter-jenz.de\/lc\/\">Home<\/a><\/span> \u00bb <span><a href=\"https:\/\/dieter-jenz.de\/lc\/category\/lebensfragen\/\">Lebensfragen<\/a><\/span> \u00bb <span class=\"breadcrumb_last\" aria-current=\"page\"><strong>Transgenerationale epigenetische Vererbung<\/strong><\/span><\/span><\/div>\n\n\n<div style=\"height:40px\" aria-hidden=\"true\" class=\"wp-block-spacer\"><\/div>\n\n\n\n<p>Transgenerationale epigenetische Vererbung \u2013 k\u00f6nnen epigenetische Markierungen tats\u00e4chlich an Nachfolgegenerationen weitervererbt werden, beispielsweise auch durch Traumata verursachte Markierungen? Falls ja, h\u00e4tte dies weitreichende Konsequenzen!<\/p>\n\n\n\n<p><strong>Inhalte:<\/strong><\/p>\n\n\n\n<nav class=\"wp-block-table-of-contents\"><ol><li><a class=\"wp-block-table-of-contents__entry\" href=\"https:\/\/dieter-jenz.de\/lc\/transgenerationale-epigenetische-vererbung\/#epigenetische-vererbung\">Epigenetische Vererbung<\/a><ol><li><a class=\"wp-block-table-of-contents__entry\" href=\"https:\/\/dieter-jenz.de\/lc\/transgenerationale-epigenetische-vererbung\/#vererbung-von-traumata-in-tierversuchen\">Vererbung von Traumata in Tierversuchen<\/a><\/li><li><a class=\"wp-block-table-of-contents__entry\" href=\"https:\/\/dieter-jenz.de\/lc\/transgenerationale-epigenetische-vererbung\/#vererbung-von-gesundheitsrisiken-in-tierversuchen\">Vererbung von Gesundheitsrisiken in Tierversuchen<\/a><\/li><\/ol><\/li><li><a class=\"wp-block-table-of-contents__entry\" href=\"https:\/\/dieter-jenz.de\/lc\/transgenerationale-epigenetische-vererbung\/#anwendbarkeit-auf-menschen\">Anwendbarkeit auf Menschen<\/a><\/li><li><a class=\"wp-block-table-of-contents__entry\" href=\"https:\/\/dieter-jenz.de\/lc\/transgenerationale-epigenetische-vererbung\/#folgerungen-und-konsequenzen\">Folgerungen und Konsequenzen<\/a><\/li><\/ol><\/nav>\n\n\n\n<div class=\"wp-block-media-text is-stacked-on-mobile has-background-background-color has-background\" style=\"grid-template-columns:15% auto\"><figure class=\"wp-block-media-text__media\"><a href=\"https:\/\/dieter-jenz.de\/lc\/was-geschieht-mit-mir-wenn-ich-sterbe\/\"><img loading=\"lazy\" decoding=\"async\" width=\"800\" height=\"800\" src=\"https:\/\/dieter-jenz.de\/lc\/wp-content\/uploads\/2022\/03\/Beitragsbild-Was-geschieht-mit-mir-wenn-ich-sterbe.jpeg\" alt=\"Was geschieht mit mir wenn ich sterbe - Gestaltung: privat\" class=\"wp-image-7029 size-full\" srcset=\"https:\/\/dieter-jenz.de\/lc\/wp-content\/uploads\/2022\/03\/Beitragsbild-Was-geschieht-mit-mir-wenn-ich-sterbe.jpeg 800w, https:\/\/dieter-jenz.de\/lc\/wp-content\/uploads\/2022\/03\/Beitragsbild-Was-geschieht-mit-mir-wenn-ich-sterbe-300x300.jpeg 300w, https:\/\/dieter-jenz.de\/lc\/wp-content\/uploads\/2022\/03\/Beitragsbild-Was-geschieht-mit-mir-wenn-ich-sterbe-150x150.jpeg 150w, https:\/\/dieter-jenz.de\/lc\/wp-content\/uploads\/2022\/03\/Beitragsbild-Was-geschieht-mit-mir-wenn-ich-sterbe-768x768.jpeg 768w, https:\/\/dieter-jenz.de\/lc\/wp-content\/uploads\/2022\/03\/Beitragsbild-Was-geschieht-mit-mir-wenn-ich-sterbe-540x540.jpeg 540w\" sizes=\"(max-width: 800px) 100vw, 800px\" \/><\/a><\/figure><div class=\"wp-block-media-text__content\">\n<p class=\"has-border-background-color has-background has-normal-font-size\">Dieser Beitrag ist Teil der Serie &#8222;<em>Was geschieht mit mir wenn ich sterbe?<\/em>&#8220; <br>Grobes <a href=\"https:\/\/dieter-jenz.de\/lc\/was-geschieht-mit-mir-wenn-ich-sterbe\/\" target=\"_blank\" rel=\"noreferrer noopener\">Inhaltsverzeichnis<\/a><\/p>\n<\/div><\/div>\n\n\n\n<p>Wie bereits erw\u00e4hnt, erlebt der noch ungeborene F\u00f6tus im Mutterleib den unverarbeiteten Stress der Mutter aus Vergangenheit und Gegenwart ganz unmittelbar mit (siehe \u201e<a href=\"https:\/\/dieter-jenz.de\/lc\/wodurch-wird-das-individuelle-selbst-des-ungeborenen-beeinflusst\/\">Wodurch wird das individuelle Selbst des Ungeborenen beeinflusst?<\/a>\u201c). Auch Angst wird im fetalen Gehirn \u00e4hnlich verarbeitet wie Stress. \u00dcber den Blutkreislauf der Mutter greifen, bildlich ausgedr\u00fcckt, deren Stresshormone wie Adrenalin und Cortisol auf den F\u00f6tus \u00fcber.<\/p>\n\n\n\n<p>In gewisser Weise wirken Umwelteinfl\u00fcsse, denen die Mutter w\u00e4hrend der Schwangerschaft &#8211; und auch schon zuvor &#8211; ausgesetzt war, nicht nur auf den ungeborenen F\u00f6tus, sondern wirken auch auf das bereits geborene Kind. Besonders eindr\u00fccklich l\u00e4sst sich dies an Stresserfahrungen im Zusammenhang mit Kriegsfolgen veranschaulichen.<\/p>\n\n\n\n<p>\u201eWenn wir von den Kriegsfolgen sprechen, sprechen wir von Stresserfahrungen massivster Art. Forschungsergebnisse belegen, dass solche Stresserfahrungen vor allem dann Auswirkungen auf die Folgegeneration haben, wenn sie unverarbeitet weiterwirken. Traumafolgest\u00f6rungen sind Stressverarbeitungsst\u00f6rungen.\u201c, verdeutlicht Christian Firus, Arzt und Psychotherapeut, in seinem Buch \u201eDer lange Schatten der Kindheit\u201c (S.&nbsp;63) im Zusammenhang mit nach dem Zweiten Weltkrieg \u00fcber Jahrzehnte hinweg fehlender Erkennung und Behandlung traumatischer Erlebnisse.<\/p>\n\n\n\n<p>Indirekt \u00fcber die Mutter gestresste Kinder zeigen nicht selten \u201enach der Geburt dann ein auff\u00e4lliges Verhalten, wie beispielsweise vermehrtes Schreien, was wiederum die Beziehung zwischen Mutter und Kind belastet. Eine Mutter, die mit eigenen unverarbeiteten Stresserfahrungen besch\u00e4ftigt ist, steht in der Gefahr, dem Verhalten des Kindes nicht einf\u00fchlsam und tr\u00f6stend, sondern zur\u00fcckweisend und aggressiv zu begegnen. Die Konsequenzen sind erheblich, ein Teufelskreis schlie\u00dft sich.\u201c (S. 63&nbsp;f.). Stresserfahrungen der Mutter aus der Zeit vor der Geburt wirken h\u00e4ufig nach der Geburt im Kind noch nach.<\/p>\n\n\n<div class=\"su-box su-box-style-default\" id=\"\" style=\"border-color:#000000;border-radius:3px;\"><div class=\"su-box-title\" style=\"background-color:#333333;color:#FFFFFF;border-top-left-radius:1px;border-top-right-radius:1px\">Letzte Beitr\u00e4ge <\/div><div class=\"su-box-content su-u-clearfix su-u-trim\" style=\"border-bottom-left-radius:1px;border-bottom-right-radius:1px\"><div class=\"su-expand su-expand-collapsed su-expand-link-style-default\" data-height=\"100\"><div class=\"su-expand-content su-u-trim\" style=\"color:#333333;max-height:100px;overflow:hidden\">\n\n<div class=\"su-posts su-posts-teaser-loop \">\n\n\t\t\t\t\t\t\n\t\t\t\n\t\t\t<div id=\"su-post-12357\" class=\"su-post \">\n\t\t\t\t\t\t\t\t\t<a class=\"su-post-thumbnail\" href=\"https:\/\/dieter-jenz.de\/lc\/die-realitaet-das-individuelle-selbst-befindet-sich-nicht-im-gehirn\/\"><img loading=\"lazy\" decoding=\"async\" width=\"800\" height=\"800\" src=\"https:\/\/dieter-jenz.de\/lc\/wp-content\/uploads\/2024\/11\/Beitragsbild-Realitaet-Individuelles-Selbst-nicht-im-Gehirn.jpeg\" class=\"attachment-post-thumbnail size-post-thumbnail wp-post-image\" alt=\"Realit\u00e4t Das individuelle Selbst befindet sich nicht im Gehirn - Gestaltung: privat\" \/><\/a>\n\t\t\t\t\t\t\t\t<h2 class=\"su-post-title\"><a href=\"https:\/\/dieter-jenz.de\/lc\/die-realitaet-das-individuelle-selbst-befindet-sich-nicht-im-gehirn\/\">Die Realit\u00e4t: Das individuelle Selbst befindet sich nicht im Gehirn<\/a><\/h2>\n\t\t\t<\/div>\n\n\t\t\t\t\t\n\t\t\t\n\t\t\t<div id=\"su-post-12328\" class=\"su-post \">\n\t\t\t\t\t\t\t\t\t<a class=\"su-post-thumbnail\" href=\"https:\/\/dieter-jenz.de\/lc\/verifikation-der-eis-hypothese-ungewoehnliche-erinnerungen\/\"><img loading=\"lazy\" decoding=\"async\" width=\"800\" height=\"800\" src=\"https:\/\/dieter-jenz.de\/lc\/wp-content\/uploads\/2024\/11\/Beitragsbild-Verifikation-EIS-Hypothese-Ungewoehnliche-Erinnerungen.jpeg\" class=\"attachment-post-thumbnail size-post-thumbnail wp-post-image\" alt=\"Verifikation frt EIS-Hypothese: Ungew\u00f6hnliche Erinnerungen - Gestaltung: privat\" \/><\/a>\n\t\t\t\t\t\t\t\t<h2 class=\"su-post-title\"><a href=\"https:\/\/dieter-jenz.de\/lc\/verifikation-der-eis-hypothese-ungewoehnliche-erinnerungen\/\">Verifikation der EIS-Hypothese: Ungew\u00f6hnliche Erinnerungen<\/a><\/h2>\n\t\t\t<\/div>\n\n\t\t\t\t\t\n\t\t\t\n\t\t\t<div id=\"su-post-12313\" class=\"su-post \">\n\t\t\t\t\t\t\t\t\t<a class=\"su-post-thumbnail\" href=\"https:\/\/dieter-jenz.de\/lc\/verifikation-der-eis-hypothese-terminale-geistesklarheit\/\"><img loading=\"lazy\" decoding=\"async\" width=\"800\" height=\"800\" src=\"https:\/\/dieter-jenz.de\/lc\/wp-content\/uploads\/2024\/11\/Beitragsbild-Verifikation-EIS-Hypothese-Terminale-Geistesklarheit.jpeg\" class=\"attachment-post-thumbnail size-post-thumbnail wp-post-image\" alt=\"Verifikation der EIS-Hypothese: Terminale Geistesklarheit - Gestaltung: privat\" \/><\/a>\n\t\t\t\t\t\t\t\t<h2 class=\"su-post-title\"><a href=\"https:\/\/dieter-jenz.de\/lc\/verifikation-der-eis-hypothese-terminale-geistesklarheit\/\">Verifikation der EIS-Hypothese: Terminale Geistesklarheit<\/a><\/h2>\n\t\t\t<\/div>\n\n\t\t\t\t\t\n\t\t\t\n\t\t\t<div id=\"su-post-12248\" class=\"su-post \">\n\t\t\t\t\t\t\t\t\t<a class=\"su-post-thumbnail\" href=\"https:\/\/dieter-jenz.de\/lc\/verifikation-der-eis-hypothese-nahtoderfahrung\/\"><img loading=\"lazy\" decoding=\"async\" width=\"800\" height=\"800\" src=\"https:\/\/dieter-jenz.de\/lc\/wp-content\/uploads\/2024\/10\/Beitragsbild-Verifikation-EIS-Hypothese-Nahtoderfahrung.jpeg\" class=\"attachment-post-thumbnail size-post-thumbnail wp-post-image\" alt=\"Verifikation der EIS-Hypothese: Nahtoderfahrung - Gestaltung: privat\" \/><\/a>\n\t\t\t\t\t\t\t\t<h2 class=\"su-post-title\"><a href=\"https:\/\/dieter-jenz.de\/lc\/verifikation-der-eis-hypothese-nahtoderfahrung\/\">Verifikation der EIS-Hypothese: Nahtoderfahrung<\/a><\/h2>\n\t\t\t<\/div>\n\n\t\t\t\t\t\n\t\t\t\n\t\t\t<div id=\"su-post-12193\" class=\"su-post \">\n\t\t\t\t\t\t\t\t\t<a class=\"su-post-thumbnail\" href=\"https:\/\/dieter-jenz.de\/lc\/das-losloesungsszenario-ist-es-plausibel\/\"><img loading=\"lazy\" decoding=\"async\" width=\"800\" height=\"800\" src=\"https:\/\/dieter-jenz.de\/lc\/wp-content\/uploads\/2024\/09\/Beitragsbild-Losloesungsszenario.jpeg\" class=\"attachment-post-thumbnail size-post-thumbnail wp-post-image\" alt=\"Losl\u00f6sungsszenario - Gestaltung: privat\" \/><\/a>\n\t\t\t\t\t\t\t\t<h2 class=\"su-post-title\"><a href=\"https:\/\/dieter-jenz.de\/lc\/das-losloesungsszenario-ist-es-plausibel\/\">Das Losl\u00f6sungsszenario &#8211; ist es plausibel?<\/a><\/h2>\n\t\t\t<\/div>\n\n\t\t\t\t\t\n\t\t\t\n\t\t\t<div id=\"su-post-12174\" class=\"su-post \">\n\t\t\t\t\t\t\t\t\t<a class=\"su-post-thumbnail\" href=\"https:\/\/dieter-jenz.de\/lc\/das-evakuierungsszenario-ist-es-plausibel\/\"><img loading=\"lazy\" decoding=\"async\" width=\"800\" height=\"800\" src=\"https:\/\/dieter-jenz.de\/lc\/wp-content\/uploads\/2024\/09\/Beitragsbild-Evakuierungsszenario.jpeg\" class=\"attachment-post-thumbnail size-post-thumbnail wp-post-image\" alt=\"Evakuierungsszenario - Gestaltung: privat\" \/><\/a>\n\t\t\t\t\t\t\t\t<h2 class=\"su-post-title\"><a href=\"https:\/\/dieter-jenz.de\/lc\/das-evakuierungsszenario-ist-es-plausibel\/\">Das Evakuierungsszenario &#8211; ist es plausibel?<\/a><\/h2>\n\t\t\t<\/div>\n\n\t\t\t\t\t\n\t\t\t\n\t\t\t<div id=\"su-post-12136\" class=\"su-post \">\n\t\t\t\t\t\t\t\t\t<a class=\"su-post-thumbnail\" href=\"https:\/\/dieter-jenz.de\/lc\/das-erloeschungsszenario-ist-es-plausibel\/\"><img loading=\"lazy\" decoding=\"async\" width=\"800\" height=\"800\" src=\"https:\/\/dieter-jenz.de\/lc\/wp-content\/uploads\/2024\/09\/Beitragsbild-Erloeschungsszenario.jpeg\" class=\"attachment-post-thumbnail size-post-thumbnail wp-post-image\" alt=\"Erl\u00f6schungsszenario - Gestaltung: privat\" \/><\/a>\n\t\t\t\t\t\t\t\t<h2 class=\"su-post-title\"><a href=\"https:\/\/dieter-jenz.de\/lc\/das-erloeschungsszenario-ist-es-plausibel\/\">Das Erl\u00f6schungsszenario &#8211; ist es plausibel?<\/a><\/h2>\n\t\t\t<\/div>\n\n\t\t\t\t\t\n\t\t\t\n\t\t\t<div id=\"su-post-11981\" class=\"su-post \">\n\t\t\t\t\t\t\t\t\t<a class=\"su-post-thumbnail\" href=\"https:\/\/dieter-jenz.de\/lc\/was-sind-nahtoderfahrungenwie-werden-sie-erlebt\/\"><img loading=\"lazy\" decoding=\"async\" width=\"800\" height=\"800\" src=\"https:\/\/dieter-jenz.de\/lc\/wp-content\/uploads\/2024\/07\/Beitragsbild-Was-sind-Nahtoderfahrungen.jpeg\" class=\"attachment-post-thumbnail size-post-thumbnail wp-post-image\" alt=\"Was sind Nahtoderfahrungen - Gestaltung: privat\" \/><\/a>\n\t\t\t\t\t\t\t\t<h2 class=\"su-post-title\"><a href=\"https:\/\/dieter-jenz.de\/lc\/was-sind-nahtoderfahrungenwie-werden-sie-erlebt\/\">Was sind Nahtoderfahrungen? Wie werden sie erlebt?<\/a><\/h2>\n\t\t\t<\/div>\n\n\t\t\t\t\t\n\t\t\t\n\t\t\t<div id=\"su-post-11947\" class=\"su-post \">\n\t\t\t\t\t\t\t\t\t<a class=\"su-post-thumbnail\" href=\"https:\/\/dieter-jenz.de\/lc\/taktile-kommunikation-was-verbirgt-sich-dahinter\/\"><img loading=\"lazy\" decoding=\"async\" width=\"800\" height=\"800\" src=\"https:\/\/dieter-jenz.de\/lc\/wp-content\/uploads\/2024\/07\/Beitragsbild-Taktile-Kommunikation.jpeg\" class=\"attachment-post-thumbnail size-post-thumbnail wp-post-image\" alt=\"Taktile Kommunikation - Gestaltung: privat\" \/><\/a>\n\t\t\t\t\t\t\t\t<h2 class=\"su-post-title\"><a href=\"https:\/\/dieter-jenz.de\/lc\/taktile-kommunikation-was-verbirgt-sich-dahinter\/\">Taktile Kommunikation \u2013 was verbirgt sich dahinter?<\/a><\/h2>\n\t\t\t<\/div>\n\n\t\t\t\t\t\n\t\t\t\n\t\t\t<div id=\"su-post-11943\" class=\"su-post \">\n\t\t\t\t\t\t\t\t\t<a class=\"su-post-thumbnail\" href=\"https:\/\/dieter-jenz.de\/lc\/olfaktorische-kommunikation-was-verbirgt-sich-dahinter\/\"><img loading=\"lazy\" decoding=\"async\" width=\"800\" height=\"800\" src=\"https:\/\/dieter-jenz.de\/lc\/wp-content\/uploads\/2024\/07\/Beitragsbild-Olfaktorische-Kommunikation.jpeg\" class=\"attachment-post-thumbnail size-post-thumbnail wp-post-image\" alt=\"Olfaktorische Kommunikation - Gestaltung: privat\" \/><\/a>\n\t\t\t\t\t\t\t\t<h2 class=\"su-post-title\"><a href=\"https:\/\/dieter-jenz.de\/lc\/olfaktorische-kommunikation-was-verbirgt-sich-dahinter\/\">Olfaktorische Kommunikation \u2013 was verbirgt sich dahinter?<\/a><\/h2>\n\t\t\t<\/div>\n\n\t\t\t\n<\/div>\n  <\/div><div class=\"su-expand-link su-expand-link-more\" style=\"text-align:left\"><a href=\"javascript:;\" style=\"color:#0088FF;border-color:#0088FF\"><span style=\"border-color:#0088FF\">Mehr anzeigen<\/span><\/a><\/div><div class=\"su-expand-link su-expand-link-less\" style=\"text-align:left\"><a href=\"javascript:;\" style=\"color:#0088FF;border-color:#0088FF\"><span style=\"border-color:#0088FF\">Weniger anzeigen<\/span><\/a><\/div><\/div><\/div><\/div>\n\n\n\n<h3 class=\"wp-block-heading\" id=\"epigenetische-vererbung\"><strong><strong><strong>Epigenetische Vererbung<\/strong><\/strong><\/strong><\/h3>\n\n\n\n<p>Die Epigenetik (ein Fachgebiet der Biologie, das sich mit zellul\u00e4ren Prozessen besch\u00e4ftigt, die die Aktivit\u00e4t von Genen beeinflussen, nicht aber auf einer \u00c4nderung der DNA-Sequenz beruhen) gilt als das Bindeglied zwischen Umwelteinfl\u00fcssen und Genen. Sie liefert Hinweise darauf, dass \u00e4u\u00dfere Umst\u00e4nde im Leben eines Menschen das Anf\u00fcgen oder Entfernen von chemischen Markern auf der DNA beeinflussen k\u00f6nnen, die Gene an- und ausschalten. Die \u00e4u\u00dferen Umst\u00e4nde k\u00f6nnen sehr vielf\u00e4ltig sein: m\u00fctterlicher Stress, \u00c4ngste, mangelnde m\u00fctterliche Zuwendung, erlebter Missbrauch und \u00e4hnliches.<\/p>\n\n\n\n<p>Menschliche Beziehungen \u2013 dies wurde bereits \u00fcberaus deutlich &#8211; haben schon im Mutterleib nachhaltigen Einfluss auf das Leben und die Gesundheit eines Kindes. Dies gilt nat\u00fcrlich auch nach der Geburt. Wenn bei einem S\u00e4ugling die \u201eStress-Gene\u201c aktiviert sind, ist er durch eine stressbelastete Umgebung deutlich st\u00e4rker belastet als ein Baby ohne aktivierte \u201eStress-Gene\u201c.<\/p>\n\n\n\n<p>Erst recht k\u00f6nnen sich psychische Ausnahmesituationen (Traumata), wie beispielsweise psychische, k\u00f6rperliche oder sexualisierte Gewalt, nicht nur auf einen Betroffenen selbst, sondern durchaus auch auf dessen Nachfahren auswirken. Ein bekanntes Anschauungsbeispiel f\u00fcr eine derartige generationen\u00fcbergreifende epigenetische Vererbung sind schwangere Holl\u00e4nderinnen im sogenannten Hungerwinter 1944\/1945. Im Oktober 1944 wurden von deutscher Seite Nahrungsmitteltransporte in die Niederlande blockiert. Frauen, die w\u00e4hrend dieser Hungerzeit (Oktober 1944 bis April 1945) schwanger waren, brachten untergewichtige Babys zur Welt. Sie litten nicht nur selbst, auch ihre noch ungeborenen Kinder nahmen Schaden.<\/p>\n\n\n\n<p>Obwohl die betroffenen Kinder in sp\u00e4teren Jahren immer genug zu essen hatten, wiesen sie ein anderes Gesundheitsprofil auf als ihre Geschwister, die im Mutterleib keinen Mangel leiden mussten. Im Durchschnitt f\u00fchrte der Mangel zu erh\u00f6hten Werten beim Blutzuckerspiegel, den Blutfetten und dem Cholesterin, und somit tendenziell zu \u00dcbergewicht und Diabetes. Sie litten auch \u00fcberdurchschnittlich h\u00e4ufig an Depressionen oder Schizophrenie. Ungew\u00f6hnlich fr\u00fch traten bei ihnen auch Herzprobleme auf.<\/p>\n\n\n\n<p>Es schien als h\u00e4tten sich die Gene der Enkel an die extremen Hungermonate ihrer Gro\u00dfm\u00fctter erinnert. Die S\u00f6hne der im Hungerwinter schwangeren Frauen hatten, wie eine weitere Untersuchung zeigen konnte, vorwiegend \u00fcbergewichtigen Nachwuchs. Auch dies w\u00e4re ein Hinweis darauf, dass die Erbsubstanz der Enkel auch Informationen \u00fcber die Lebensbedingungen ihrer Gro\u00dfeltern enthielt.<\/p>\n\n\n\n<div class=\"wp-block-group\"><div class=\"wp-block-group__inner-container is-layout-constrained wp-block-group-is-layout-constrained\">\n<figure class=\"wp-block-gallery has-nested-images columns-4 is-cropped wp-block-gallery-1 is-layout-flex wp-block-gallery-is-layout-flex\">\n<figure class=\"wp-block-image size-large\"><a href=\"https:\/\/dieter-jenz.de\/lc\/portal-lebensweisheiten\/\" target=\"_blank\" rel=\"noreferrer noopener\"><img loading=\"lazy\" decoding=\"async\" width=\"800\" height=\"800\" data-id=\"10179\" src=\"https:\/\/dieter-jenz.de\/lc\/wp-content\/uploads\/2023\/12\/Lebensweisheiten.jpeg\" alt=\"Lebensweisheiten - Gestaltung: privat\" class=\"wp-image-10179\" srcset=\"https:\/\/dieter-jenz.de\/lc\/wp-content\/uploads\/2023\/12\/Lebensweisheiten.jpeg 800w, https:\/\/dieter-jenz.de\/lc\/wp-content\/uploads\/2023\/12\/Lebensweisheiten-300x300.jpeg 300w, https:\/\/dieter-jenz.de\/lc\/wp-content\/uploads\/2023\/12\/Lebensweisheiten-150x150.jpeg 150w, https:\/\/dieter-jenz.de\/lc\/wp-content\/uploads\/2023\/12\/Lebensweisheiten-768x768.jpeg 768w, https:\/\/dieter-jenz.de\/lc\/wp-content\/uploads\/2023\/12\/Lebensweisheiten-540x540.jpeg 540w\" sizes=\"(max-width: 800px) 100vw, 800px\" \/><\/a><figcaption class=\"wp-element-caption\">Gestaltung: privat<\/figcaption><\/figure>\n\n\n\n<figure class=\"wp-block-image size-large\"><a href=\"https:\/\/dieter-jenz.de\/lc\/portal-evergreen-themen\/\" target=\"_blank\" rel=\"noreferrer noopener\"><img loading=\"lazy\" decoding=\"async\" width=\"800\" height=\"800\" data-id=\"10200\" src=\"https:\/\/dieter-jenz.de\/lc\/wp-content\/uploads\/2023\/12\/Evergreen-Themen.jpeg\" alt=\"Evergreen-Themen - Gestaltung: privat\" class=\"wp-image-10200\" srcset=\"https:\/\/dieter-jenz.de\/lc\/wp-content\/uploads\/2023\/12\/Evergreen-Themen.jpeg 800w, https:\/\/dieter-jenz.de\/lc\/wp-content\/uploads\/2023\/12\/Evergreen-Themen-300x300.jpeg 300w, https:\/\/dieter-jenz.de\/lc\/wp-content\/uploads\/2023\/12\/Evergreen-Themen-150x150.jpeg 150w, https:\/\/dieter-jenz.de\/lc\/wp-content\/uploads\/2023\/12\/Evergreen-Themen-768x768.jpeg 768w, https:\/\/dieter-jenz.de\/lc\/wp-content\/uploads\/2023\/12\/Evergreen-Themen-540x540.jpeg 540w\" sizes=\"(max-width: 800px) 100vw, 800px\" \/><\/a><figcaption class=\"wp-element-caption\">Gestaltung: privat<\/figcaption><\/figure>\n\n\n\n<figure class=\"wp-block-image size-large\"><a href=\"https:\/\/dieter-jenz.de\/lc\/portal-wissensdurst\/\" target=\"_blank\" rel=\"noreferrer noopener\"><img loading=\"lazy\" decoding=\"async\" width=\"800\" height=\"800\" data-id=\"10177\" src=\"https:\/\/dieter-jenz.de\/lc\/wp-content\/uploads\/2023\/12\/Wissensdurst-Blick-durch-den-Tuerspalt.jpeg\" alt=\"Wissensdurst, Blick durch den T\u00fcrspalt - Gestaltung: privat\" class=\"wp-image-10177\" srcset=\"https:\/\/dieter-jenz.de\/lc\/wp-content\/uploads\/2023\/12\/Wissensdurst-Blick-durch-den-Tuerspalt.jpeg 800w, https:\/\/dieter-jenz.de\/lc\/wp-content\/uploads\/2023\/12\/Wissensdurst-Blick-durch-den-Tuerspalt-300x300.jpeg 300w, https:\/\/dieter-jenz.de\/lc\/wp-content\/uploads\/2023\/12\/Wissensdurst-Blick-durch-den-Tuerspalt-150x150.jpeg 150w, https:\/\/dieter-jenz.de\/lc\/wp-content\/uploads\/2023\/12\/Wissensdurst-Blick-durch-den-Tuerspalt-768x768.jpeg 768w, https:\/\/dieter-jenz.de\/lc\/wp-content\/uploads\/2023\/12\/Wissensdurst-Blick-durch-den-Tuerspalt-540x540.jpeg 540w\" sizes=\"(max-width: 800px) 100vw, 800px\" \/><\/a><figcaption class=\"wp-element-caption\">Gestaltung: privat<\/figcaption><\/figure>\n<\/figure>\n<\/div><\/div>\n\n\n\n<h4 class=\"wp-block-heading\" id=\"vererbung-von-traumata-in-tierversuchen\"><strong><strong><strong>Vererbung von Traumata in Tierversuchen<\/strong><\/strong><\/strong><\/h4>\n\n\n\n<p>In Tierversuchen konnte die Vererbung von Traumata bereits nachgewiesen werden. Experimente mit M\u00e4usen zeigen, dass schlechte Erfahrungen \u00fcber Generationen weiter vererbt werden k\u00f6nnen. Der Neurowissenschafter Brian Dias und sein Kollege Kerry Ressler lie\u00dfen M\u00e4use Kirschbl\u00fctenduft schnuppern und verabreichten ihnen gleichzeitig einen milden elektrischen Schock. Auf diese Weise lernten die Tiere, den Duft zu f\u00fcrchten. Sie erstarrten schon, wenn sie auch nur den Duft der Kirschbl\u00fcten rochen. Nachdem sich dieses Verhalten manifestiert hatte durften die M\u00e4use Nachkommen zeugen.<\/p>\n\n\n\n<p>\u00dcberraschenderweise zeigten die direkten Nachkommen und sogar die zweite Generation die Schreckreaktion, obwohl die Tiere der Nachfolgegenerationen die Elektroschocks weder selbst versp\u00fcrt noch beobachtet hatten. Weitere Untersuchungen konnten zeigen, dass bei den M\u00e4usen der ersten Generation und ihren Nachkommen die Struktur bestimmter Hirnregionen ver\u00e4ndert war.<\/p>\n\n\n\n<p>Die negative Erfahrung des Elektroschocks in Verbindung mit dem Kirschbl\u00fctenduft hatte zudem daf\u00fcr gesorgt, dass das Gen f\u00fcr die Wahrnehmung des Dufts st\u00e4rker aktiviert wurde, d.&nbsp;h. ein Gen zur Erkennung von D\u00fcften war bei den Gro\u00dfv\u00e4tern und ihren Kindern deutlich weniger methyliert als \u00fcblich. Dies kann als Best\u00e4tigung daf\u00fcr gelten, dass Erfahrungen in der Tat auch auf biologischem Weg vererbt werden.<\/p>\n\n\n\n<p>Epigenetische Ver\u00e4nderungen wurden auch an einem Gen im Sperma der M\u00e4use entdeckt. Wie genau die angstbesetzten Erfahrungen an das Sperma weitergegeben und verschl\u00fcsselt werden, blieb noch unklar.<\/p>\n\n\n<div class=\"su-box su-box-style-default\" id=\"\" style=\"border-color:#000000;border-radius:3px;\"><div class=\"su-box-title\" style=\"background-color:#333333;color:#FFFFFF;border-top-left-radius:1px;border-top-right-radius:1px\">Weitere Informationen und Ressourcen <\/div><div class=\"su-box-content su-u-clearfix su-u-trim\" style=\"border-bottom-left-radius:1px;border-bottom-right-radius:1px\"> <div class=\"su-list\" style=\"margin-left:0px\"> <\/p>\n<ul>\n<li><i class=\"sui sui-info-circle\" style=\"color:#333\"><\/i> <a href=\"https:\/\/dieter-jenz.de\/lc\/ausgangssituation-ziel-vorgehensweise-aktueller-stand\/\" title=\"Ausgangssituation, Ziel, Vorgehensweise\" target=\"_blank\" rel=\"\" class=\"\">Ausgangssituation, Ziel, Vorgehensweise, aktueller Stand<\/a> <\/li>\n<\/ul>\n<p> <\/div> <div class=\"su-list\" style=\"margin-left:0px\"> <\/p>\n<ul>\n<li><i class=\"sui sui-info-circle\" style=\"color:#333\"><\/i> <a href=\"https:\/\/dieter-jenz.de\/lc\/was-kommt-nach-dem-tod-erstes-zwischenfazit\/\" title=\"Erstes Zwischenfazit\" target=\"_blank\" rel=\"\" class=\"\">Was kommt nach dem Tod? &#8211; Erstes Zwischenfazit<\/a> <\/li>\n<\/ul>\n<p> <\/div> <div class=\"su-list\" style=\"margin-left:0px\"> <\/p>\n<ul>\n<li><i class=\"sui sui-info-circle\" style=\"color:#333\"><\/i> <a href=\"https:\/\/dieter-jenz.de\/lc\/ressourcen-wie-geht-es-nach-dem-tod-weiter\/\" title=\"Literatur und sonstige Ressourcen\" target=\"_blank\" rel=\"\" class=\"\">Literatur und sonstige Ressourcen<\/a> <\/li>\n<\/ul>\n<p> <\/div> <div class=\"su-list\" style=\"margin-left:0px\"> <\/p>\n<ul>\n<li><i class=\"sui sui-info-circle\" style=\"color:#333\"><\/i> <a href=\"https:\/\/dieter-jenz.de\/lc\/glossar-begriffe-transzendenzerfahrungen-lebensfragen\/\" title=\"Glossar der Begriffe zu Transzendenzerfahrungen\" target=\"_blank\" rel=\"\" class=\"\">Glossar der Begriffe im Kontext von Transzendenzerfahrungen<\/a> <\/li>\n<\/ul>\n<p> <\/div> <div class=\"su-list\" style=\"margin-left:0px\"> <\/p>\n<ul>\n<li><i class=\"sui sui-info-circle\" style=\"color:#333\"><\/i> <a href=\"https:\/\/dieter-jenz.de\/lc\/faq-haeufig-gestellte-fragen-was-kommt-nach-dem-tod\/\" title=\"FAQ (H\u00e4ufig gestellte Fragen)\" target=\"_blank\" rel=\"\" class=\"\">H\u00e4ufig gestellte Fragen (FAQ) &#8211; Was kommt nach dem Tod?<\/a> <\/li>\n<\/ul>\n<p> <\/div>   <\/div><\/div>\n\n\n\n<h4 class=\"wp-block-heading\" id=\"vererbung-von-gesundheitsrisiken-in-tierversuchen\"><strong><strong><strong><strong>Vererbung von Gesundheitsrisiken in Tierversuchen<\/strong><\/strong><\/strong><\/strong><\/h4>\n\n\n\n<p>Auch der Biologe Michael K. Skinner f\u00fchrte an der Washington State University mehrere Studien zur generations\u00fcbergreifenden epigenetischen Vererbung durch. Diese Studien konnten zeigen, dass nicht nur die Kinder eines Elternpaares, sondern auch deren Enkel und Urenkel von ihnen epigenetische Informationen erbten. Wie die DNA befinden sich epigenetische Informationen in den Chromosomen im Kern der Zelle und regulieren deren Funktionen. Im Unterschied zur DNA reagieren epigenetische Informationen stark auf Umwelteinfl\u00fcsse.<\/p>\n\n\n\n<p>Bestimmte Substanzen wie in der Landwirtschaft verwendete Chemikalien und einige h\u00e4ufig verwendete Kunststoffe k\u00f6nnen, wie Untersuchungen an M\u00e4usen und Ratten zeigen konnten, das Erbgut epigenetisch ver\u00e4ndern. Die eigentliche DNA-Sequenz der Tiere bleibt davon unber\u00fchrt. Krankheiten und Fruchtbarkeitsst\u00f6rungen sind m\u00f6gliche Folgen.<\/p>\n\n\n\n<p>Eine weitere Beobachtung \u00fcberraschte besonders: Wenn derartige Epimutationen in Eizellen und Spermien auftreten, k\u00f6nnen sie dort anscheinend fest \u201eeingebaut\u201c und auf diese Weise auf nachfolgende Generationen \u00fcbertragen werden. Mit anderen Worten: Gesundheitsrisiken k\u00f6nnen von den Eltern auf ihre Nachkommen \u00fcbertragen werden.<\/p>\n\n\n\n<h3 class=\"wp-block-heading\" id=\"anwendbarkeit-auf-menschen\"><strong><strong><strong><strong>Anwendbarkeit auf Menschen<\/strong><\/strong><\/strong><\/strong><\/h3>\n\n\n\n<p>Es erscheint verlockend, die in Tierversuchen entdeckten Prozesse auf den Menschen zu \u00fcbertragen. Dies ist jedoch aus verschiedenen Gr\u00fcnden nicht ohne weiteres m\u00f6glich. Selbstverst\u00e4ndlich w\u00fcrden Menschenversuche unter Laborbedingungen gegen jegliche ethischen Ma\u00dfst\u00e4be versto\u00dfen. Insofern bleibt lediglich die M\u00f6glichkeit, Menschen, die besonderen Belastungssituationen ausgesetzt waren, auf freiwilliger Basis in Studien einzubeziehen.<\/p>\n\n\n\n<p>Eine Reihe von Untersuchungen widmeten sich der Beantwortung der Frage, ob sich bei Nachfahren von Holocaust-\u00dcberlebenden Auff\u00e4lligkeiten beobachten lassen, aus denen sich auf eine transgenerationale epigenetische Vererbung schlie\u00dfen l\u00e4sst. In der Tat fanden derartige Untersuchungen bei Nachfahren von Holocaust-\u00dcberlebenden h\u00e4ufiger Anzeichen von Depressionen, \u00c4ngsten und erh\u00f6hter Stressanf\u00e4lligkeit als in einer Vergleichsgruppe. Doch manche Untersuchungen sind nicht frei von methodischen Defiziten, indem beispielsweise nur Personen untersucht wurden, die sich in eine Klinik begaben. Untersuchungsergebnisse weisen eine h\u00f6here Qualit\u00e4t und Verl\u00e4sslichkeit auf, wenn ein repr\u00e4sentativer Querschnitt einer zu untersuchenden Gruppe zugrunde liegt. Dazu h\u00e4tten im Prinzip alle Holocaust-\u00dcberlebenden mit einbezogen werden m\u00fcssen.<\/p>\n\n\n\n<p>Eine vom Institut f\u00fcr Hirnforschung der Universit\u00e4t Z\u00fcrich erarbeitete <a href=\"https:\/\/www.news.uzh.ch\/de\/articles\/2020\/Trauma.html\" target=\"_blank\" rel=\"noreferrer noopener\">Studie<\/a> konnte zeigen, dass ein Kindheitstrauma sowohl bei M\u00e4usen als auch bei Menschen zur Ver\u00e4nderung von Blutfaktoren f\u00fchrt. Die Forschenden identifizierten einen biologischen Mechanismus, durch den die traumatischen Erfahrungen in die Keimbahn eingebettet werden.<\/p>\n\n\n\n<p>Die Biologin Isabelle Mansuy konnte mit ihrem Team nachweisen, dass ein Trauma in der Kindheit lebenslang die Zusammensetzung des Blutes beeinflusst und dass diese Ver\u00e4nderungen auch an die Nachkommen vererbt werden. In der Konsequenz lassen sich fr\u00fch erlebte Traumata mit Stoffwechselkrankheiten bei Nachkommen in Verbindung bringen.<\/p>\n\n\n\n<p>Nach Tierversuchen, mit denen nachgewiesen werden konnte, dass das Blut Stressbotschaften an die Keimzellen weiterleitet, stellte sich die Frage, ob sich bei Menschen \u00e4hnliche Effekte zeigen. Um zu einer Antwort zugelangen, analysierten die Forschenden in einem pakistanischen SOS-Kinderdorf Blut und Speichel von 25 Kindern, deren Vater gestorben war und die getrennt von der Mutter aufwuchsen. Im Vergleich zu Kindern aus intakten Familien waren bei diesen Waisenkindern ebenfalls mehrere Faktoren des Fettstoffwechsels erh\u00f6ht. Ferner zeigte sich, dass die Konzentration zweier microRNAs im Erwachsenenalter im Sperma der erwachsenen Studienteilnehmer auff\u00e4llig ist und sich von der einer Vergleichsgruppe unterscheidet.<\/p>\n\n\n\n<div class=\"wp-block-group\"><div class=\"wp-block-group__inner-container is-layout-constrained wp-block-group-is-layout-constrained\">\n<div class=\"wp-block-group has-background\" style=\"background:radial-gradient(rgba(252,185,0,0.25) 0%,rgba(255,106,0,0.11) 100%)\"><div class=\"wp-block-group__inner-container is-layout-constrained wp-block-group-is-layout-constrained\">\n<p><strong>Gutes und Sinnvolles  tun &#8211; ganz praktisch<\/strong><\/p>\n\n\n<div class=\"wp-block-image\">\n<figure class=\"aligncenter size-full is-resized\"><a href=\"https:\/\/dieter-jenz.de\/lc\/gutes-tun-ganz-praktisch\/\" target=\"_blank\" rel=\"noreferrer noopener\"><img loading=\"lazy\" decoding=\"async\" width=\"600\" height=\"450\" src=\"https:\/\/dieter-jenz.de\/lc\/wp-content\/uploads\/2023\/11\/Geschenk-mit-Text.jpeg\" alt=\"Geschenk mit Text - Gestaltung: privat\" class=\"wp-image-9969\" style=\"width:300px\" srcset=\"https:\/\/dieter-jenz.de\/lc\/wp-content\/uploads\/2023\/11\/Geschenk-mit-Text.jpeg 600w, https:\/\/dieter-jenz.de\/lc\/wp-content\/uploads\/2023\/11\/Geschenk-mit-Text-300x225.jpeg 300w, https:\/\/dieter-jenz.de\/lc\/wp-content\/uploads\/2023\/11\/Geschenk-mit-Text-540x405.jpeg 540w, https:\/\/dieter-jenz.de\/lc\/wp-content\/uploads\/2023\/11\/Geschenk-mit-Text-150x113.jpeg 150w\" sizes=\"(max-width: 600px) 100vw, 600px\" \/><\/a><figcaption class=\"wp-element-caption\">Gestaltung: privat<\/figcaption><\/figure><\/div>\n\n\n<p>Mit einem Klick auf das Bild gelangen Sie zum zugeh\u00f6rigen Text.<\/p>\n<\/div><\/div>\n<\/div><\/div>\n\n\n\n<h3 class=\"wp-block-heading\" id=\"folgerungen-und-konsequenzen\"><strong><strong><strong><strong>Folgerungen und Konsequenzen<\/strong><\/strong><\/strong><\/strong><\/h3>\n\n\n\n<p>Der Evolutionstheorie zufolge ergeben sich Anpassungen an die Umwelt durch Ver\u00e4nderungen im Genom (Erbgut), die durch zuf\u00e4llige und ungerichtete Mutationen entstehen, demnach also nicht als Reaktion auf eine Umweltver\u00e4nderung. Jede Anpassung ist das Resultat einer Selektion der geeigneten Mutation. F\u00fcr eine Anpassung an eine Umweltver\u00e4nderung werden mehr als ein oder zwei Generationen ben\u00f6tigt. In der Konsequenz liegt der Schluss nahe, dass auf Erfahrungen zu Lebzeiten zur\u00fcckzuf\u00fchrende biochemische Ver\u00e4nderungen nicht zu vererbbaren Folgen f\u00fchren.<\/p>\n\n\n\n<p>Der noch relativ junge Forschungszweig der Biologie, die Epigenetik, kann jedoch zeigen, dass Umweltfaktoren im weitesten Sinne auf die Vererbung wirken und dass eine transgenerationale epigenetische Vererbung auch beim Menschen m\u00f6glich ist. Allerdings sind noch viele Abl\u00e4ufe und Zusammenh\u00e4nge ungekl\u00e4rt. Die Erforschung der genauen Zusammenh\u00e4nge erweist sich als schwierig und die Ergebnisse sind teilweise auch widerspr\u00fcchlich. Die Forschung schreitet jedoch dynamisch voran.<\/p>\n\n\n\n<p>F\u00fcr von transgenerationaler epigenetischer Vererbung in negativer Hinsicht Betroffene besteht durchaus Hoffnung. Falls beispielsweise ein Trauma epigenetisch \u00fcber die Aktivit\u00e4t der Gene vererbt wurde, l\u00e4sst sich eine derartige Pr\u00e4gung auch gewisserma\u00dfen wieder \u201eheilen\u201c. M\u00f6glichkeiten hierzu bestehen beispielsweise durch psychotherapeutische Behandlung, Verhaltens\u00e4nderungen oder Ern\u00e4hrungsumstellung.<\/p>\n\n\n\n<p>Die M\u00f6glichkeit transgenerationaler epigenetischer Vererbung wirkt auch auf das Konzept der Reinkarnation. In der Konsequenz wird ein Mensch nicht unbedingt als \u201eunbeschriebenes Blatt\u201c wiedergeboren, sondern tr\u00e4gt die Belastungen der Vorfahren mit sich.<\/p>\n\n\n\n<p>Nicht zuletzt wird erkennbar, dass der Mensch durch seine Lebensgestaltung und sein Verhalten die physische wie psychische Gesundheit von Nachkommen beeinflussen kann und auch tats\u00e4chlich beeinflusst. Aus dieser Erkenntnis erw\u00e4chst eine besondere Verantwortung.<\/p>\n","protected":false},"excerpt":{"rendered":"<p>Transgenerationale epigenetische Vererbung \u2013 k\u00f6nnen epigenetische Markierungen tats\u00e4chlich an Nachfolgegenerationen weitervererbt werden, beispielsweise auch durch Traumata verursachte Markierungen? Falls ja, h\u00e4tte dies weitreichende Konsequenzen! Wie bereits erw\u00e4hnt, erlebt&hellip;<\/p>\n","protected":false},"author":2,"featured_media":10813,"comment_status":"closed","ping_status":"open","sticky":false,"template":"template-full-width-only-content.php","format":"standard","meta":{"footnotes":""},"categories":[212],"tags":[],"yoast_head":"<!-- This site is optimized with the Yoast SEO plugin v24.5 - https:\/\/yoast.com\/wordpress\/plugins\/seo\/ -->\n<title>Transgenerationale epigenetische Vererbung<\/title>\n<meta name=\"description\" content=\"Transgenerationale epigenetische Vererbung \u2013 k\u00f6nnen epigenetische Markierungen tats\u00e4chlich an Nachfolgegenerationen weitervererbt werden?\" \/>\n<meta name=\"robots\" content=\"index, follow, max-snippet:-1, max-image-preview:large, max-video-preview:-1\" \/>\n<link rel=\"canonical\" href=\"https:\/\/dieter-jenz.de\/lc\/transgenerationale-epigenetische-vererbung\/\" \/>\n<meta property=\"og:locale\" content=\"de_DE\" \/>\n<meta property=\"og:type\" content=\"article\" \/>\n<meta property=\"og:title\" content=\"Transgenerationale epigenetische Vererbung\" \/>\n<meta property=\"og:description\" content=\"Transgenerationale epigenetische Vererbung \u2013 k\u00f6nnen epigenetische Markierungen tats\u00e4chlich an Nachfolgegenerationen weitervererbt werden?\" \/>\n<meta property=\"og:url\" content=\"https:\/\/dieter-jenz.de\/lc\/transgenerationale-epigenetische-vererbung\/\" \/>\n<meta property=\"og:site_name\" content=\"Dieter Jenz, Begleitung und Coaching\" \/>\n<meta property=\"article:publisher\" content=\"https:\/\/www.facebook.com\/dieter.jenz.inspiration\" \/>\n<meta property=\"article:author\" content=\"https:\/\/www.facebook.com\/dieter.jenz.inspiration\" \/>\n<meta property=\"article:published_time\" content=\"2024-01-25T12:00:00+00:00\" \/>\n<meta property=\"article:modified_time\" content=\"2024-01-25T13:32:24+00:00\" \/>\n<meta property=\"og:image\" content=\"https:\/\/dieter-jenz.de\/lc\/wp-content\/uploads\/2024\/01\/Beitragsbild-Transgenerationale-epigenetische-Vererbung.jpeg\" \/>\n\t<meta property=\"og:image:width\" content=\"800\" \/>\n\t<meta property=\"og:image:height\" content=\"800\" \/>\n\t<meta property=\"og:image:type\" content=\"image\/jpeg\" \/>\n<meta name=\"author\" content=\"Dieter Jenz\" \/>\n<meta name=\"twitter:card\" content=\"summary_large_image\" \/>\n<meta name=\"twitter:creator\" content=\"@https:\/\/twitter.com\/dieterjenz\" \/>\n<meta name=\"twitter:site\" content=\"@dieterjenz\" \/>\n<meta name=\"twitter:label1\" content=\"Verfasst von\" \/>\n\t<meta name=\"twitter:data1\" content=\"Dieter Jenz\" \/>\n\t<meta name=\"twitter:label2\" content=\"Gesch\u00e4tzte Lesezeit\" \/>\n\t<meta name=\"twitter:data2\" content=\"10\u00a0Minuten\" \/>\n<script type=\"application\/ld+json\" class=\"yoast-schema-graph\">{\"@context\":\"https:\/\/schema.org\",\"@graph\":[{\"@type\":\"Article\",\"@id\":\"https:\/\/dieter-jenz.de\/lc\/transgenerationale-epigenetische-vererbung\/#article\",\"isPartOf\":{\"@id\":\"https:\/\/dieter-jenz.de\/lc\/transgenerationale-epigenetische-vererbung\/\"},\"author\":{\"name\":\"Dieter Jenz\",\"@id\":\"https:\/\/dieter-jenz.de\/lc\/#\/schema\/person\/618cfd5c289d0a23930cb258a43679ab\"},\"headline\":\"Transgenerationale epigenetische Vererbung\",\"datePublished\":\"2024-01-25T12:00:00+00:00\",\"dateModified\":\"2024-01-25T13:32:24+00:00\",\"mainEntityOfPage\":{\"@id\":\"https:\/\/dieter-jenz.de\/lc\/transgenerationale-epigenetische-vererbung\/\"},\"wordCount\":1736,\"publisher\":{\"@id\":\"https:\/\/dieter-jenz.de\/lc\/#\/schema\/person\/618cfd5c289d0a23930cb258a43679ab\"},\"image\":{\"@id\":\"https:\/\/dieter-jenz.de\/lc\/transgenerationale-epigenetische-vererbung\/#primaryimage\"},\"thumbnailUrl\":\"https:\/\/dieter-jenz.de\/lc\/wp-content\/uploads\/2024\/01\/Beitragsbild-Transgenerationale-epigenetische-Vererbung.jpeg\",\"articleSection\":[\"Lebensfragen\"],\"inLanguage\":\"de\"},{\"@type\":\"WebPage\",\"@id\":\"https:\/\/dieter-jenz.de\/lc\/transgenerationale-epigenetische-vererbung\/\",\"url\":\"https:\/\/dieter-jenz.de\/lc\/transgenerationale-epigenetische-vererbung\/\",\"name\":\"Transgenerationale epigenetische Vererbung\",\"isPartOf\":{\"@id\":\"https:\/\/dieter-jenz.de\/lc\/#website\"},\"primaryImageOfPage\":{\"@id\":\"https:\/\/dieter-jenz.de\/lc\/transgenerationale-epigenetische-vererbung\/#primaryimage\"},\"image\":{\"@id\":\"https:\/\/dieter-jenz.de\/lc\/transgenerationale-epigenetische-vererbung\/#primaryimage\"},\"thumbnailUrl\":\"https:\/\/dieter-jenz.de\/lc\/wp-content\/uploads\/2024\/01\/Beitragsbild-Transgenerationale-epigenetische-Vererbung.jpeg\",\"datePublished\":\"2024-01-25T12:00:00+00:00\",\"dateModified\":\"2024-01-25T13:32:24+00:00\",\"description\":\"Transgenerationale epigenetische Vererbung \u2013 k\u00f6nnen epigenetische Markierungen tats\u00e4chlich an Nachfolgegenerationen weitervererbt werden?\",\"breadcrumb\":{\"@id\":\"https:\/\/dieter-jenz.de\/lc\/transgenerationale-epigenetische-vererbung\/#breadcrumb\"},\"inLanguage\":\"de\",\"potentialAction\":[{\"@type\":\"ReadAction\",\"target\":[\"https:\/\/dieter-jenz.de\/lc\/transgenerationale-epigenetische-vererbung\/\"]}]},{\"@type\":\"ImageObject\",\"inLanguage\":\"de\",\"@id\":\"https:\/\/dieter-jenz.de\/lc\/transgenerationale-epigenetische-vererbung\/#primaryimage\",\"url\":\"https:\/\/dieter-jenz.de\/lc\/wp-content\/uploads\/2024\/01\/Beitragsbild-Transgenerationale-epigenetische-Vererbung.jpeg\",\"contentUrl\":\"https:\/\/dieter-jenz.de\/lc\/wp-content\/uploads\/2024\/01\/Beitragsbild-Transgenerationale-epigenetische-Vererbung.jpeg\",\"width\":800,\"height\":800,\"caption\":\"Gestaltung: privat\"},{\"@type\":\"BreadcrumbList\",\"@id\":\"https:\/\/dieter-jenz.de\/lc\/transgenerationale-epigenetische-vererbung\/#breadcrumb\",\"itemListElement\":[{\"@type\":\"ListItem\",\"position\":1,\"name\":\"Home\",\"item\":\"https:\/\/dieter-jenz.de\/lc\/\"},{\"@type\":\"ListItem\",\"position\":2,\"name\":\"Lebensfragen\",\"item\":\"https:\/\/dieter-jenz.de\/lc\/category\/lebensfragen\/\"},{\"@type\":\"ListItem\",\"position\":3,\"name\":\"Transgenerationale epigenetische Vererbung\"}]},{\"@type\":\"WebSite\",\"@id\":\"https:\/\/dieter-jenz.de\/lc\/#website\",\"url\":\"https:\/\/dieter-jenz.de\/lc\/\",\"name\":\"Dieter Jenz, Begleitung und Coaching\",\"description\":\"Die andere, neue Sichtweise entdecken - auftanken - neue Wege gehen\",\"publisher\":{\"@id\":\"https:\/\/dieter-jenz.de\/lc\/#\/schema\/person\/618cfd5c289d0a23930cb258a43679ab\"},\"potentialAction\":[{\"@type\":\"SearchAction\",\"target\":{\"@type\":\"EntryPoint\",\"urlTemplate\":\"https:\/\/dieter-jenz.de\/lc\/?s={search_term_string}\"},\"query-input\":{\"@type\":\"PropertyValueSpecification\",\"valueRequired\":true,\"valueName\":\"search_term_string\"}}],\"inLanguage\":\"de\"},{\"@type\":[\"Person\",\"Organization\"],\"@id\":\"https:\/\/dieter-jenz.de\/lc\/#\/schema\/person\/618cfd5c289d0a23930cb258a43679ab\",\"name\":\"Dieter Jenz\",\"image\":{\"@type\":\"ImageObject\",\"inLanguage\":\"de\",\"@id\":\"https:\/\/dieter-jenz.de\/lc\/#\/schema\/person\/image\/\",\"url\":\"https:\/\/dieter-jenz.de\/lc\/wp-content\/uploads\/2020\/01\/Logo-Coaching-und-Begleitung.png\",\"contentUrl\":\"https:\/\/dieter-jenz.de\/lc\/wp-content\/uploads\/2020\/01\/Logo-Coaching-und-Begleitung.png\",\"width\":320,\"height\":240,\"caption\":\"Dieter Jenz\"},\"logo\":{\"@id\":\"https:\/\/dieter-jenz.de\/lc\/#\/schema\/person\/image\/\"},\"description\":\"Ich bin Dieter Jenz, Begleiter, Berater und Coach mit Leidenschaft. \u00dcber viele Jahre hinweg habe ich einen reichen Schatz an Kompetenz und Erfahrung erworben. Meine Themen sind die \\\"4L\\\": Lebensaufgabe, Lebensplanung, Lebensnavigation und Lebensqualit\u00e4t.\",\"sameAs\":[\"https:\/\/www.facebook.com\/dieter.jenz.inspiration\",\"https:\/\/www.pinterest.de\/dieterjenz\/\",\"https:\/\/x.com\/https:\/\/twitter.com\/dieterjenz\"],\"url\":\"https:\/\/dieter-jenz.de\/lc\/author\/dieter\/\"}]}<\/script>\n<!-- \/ Yoast SEO plugin. -->","yoast_head_json":{"title":"Transgenerationale epigenetische Vererbung","description":"Transgenerationale epigenetische Vererbung \u2013 k\u00f6nnen epigenetische Markierungen tats\u00e4chlich an Nachfolgegenerationen weitervererbt werden?","robots":{"index":"index","follow":"follow","max-snippet":"max-snippet:-1","max-image-preview":"max-image-preview:large","max-video-preview":"max-video-preview:-1"},"canonical":"https:\/\/dieter-jenz.de\/lc\/transgenerationale-epigenetische-vererbung\/","og_locale":"de_DE","og_type":"article","og_title":"Transgenerationale epigenetische Vererbung","og_description":"Transgenerationale epigenetische Vererbung \u2013 k\u00f6nnen epigenetische Markierungen tats\u00e4chlich an Nachfolgegenerationen weitervererbt werden?","og_url":"https:\/\/dieter-jenz.de\/lc\/transgenerationale-epigenetische-vererbung\/","og_site_name":"Dieter Jenz, Begleitung und Coaching","article_publisher":"https:\/\/www.facebook.com\/dieter.jenz.inspiration","article_author":"https:\/\/www.facebook.com\/dieter.jenz.inspiration","article_published_time":"2024-01-25T12:00:00+00:00","article_modified_time":"2024-01-25T13:32:24+00:00","og_image":[{"width":800,"height":800,"url":"https:\/\/dieter-jenz.de\/lc\/wp-content\/uploads\/2024\/01\/Beitragsbild-Transgenerationale-epigenetische-Vererbung.jpeg","type":"image\/jpeg"}],"author":"Dieter Jenz","twitter_card":"summary_large_image","twitter_creator":"@https:\/\/twitter.com\/dieterjenz","twitter_site":"@dieterjenz","twitter_misc":{"Verfasst von":"Dieter Jenz","Gesch\u00e4tzte Lesezeit":"10\u00a0Minuten"},"schema":{"@context":"https:\/\/schema.org","@graph":[{"@type":"Article","@id":"https:\/\/dieter-jenz.de\/lc\/transgenerationale-epigenetische-vererbung\/#article","isPartOf":{"@id":"https:\/\/dieter-jenz.de\/lc\/transgenerationale-epigenetische-vererbung\/"},"author":{"name":"Dieter Jenz","@id":"https:\/\/dieter-jenz.de\/lc\/#\/schema\/person\/618cfd5c289d0a23930cb258a43679ab"},"headline":"Transgenerationale epigenetische Vererbung","datePublished":"2024-01-25T12:00:00+00:00","dateModified":"2024-01-25T13:32:24+00:00","mainEntityOfPage":{"@id":"https:\/\/dieter-jenz.de\/lc\/transgenerationale-epigenetische-vererbung\/"},"wordCount":1736,"publisher":{"@id":"https:\/\/dieter-jenz.de\/lc\/#\/schema\/person\/618cfd5c289d0a23930cb258a43679ab"},"image":{"@id":"https:\/\/dieter-jenz.de\/lc\/transgenerationale-epigenetische-vererbung\/#primaryimage"},"thumbnailUrl":"https:\/\/dieter-jenz.de\/lc\/wp-content\/uploads\/2024\/01\/Beitragsbild-Transgenerationale-epigenetische-Vererbung.jpeg","articleSection":["Lebensfragen"],"inLanguage":"de"},{"@type":"WebPage","@id":"https:\/\/dieter-jenz.de\/lc\/transgenerationale-epigenetische-vererbung\/","url":"https:\/\/dieter-jenz.de\/lc\/transgenerationale-epigenetische-vererbung\/","name":"Transgenerationale epigenetische Vererbung","isPartOf":{"@id":"https:\/\/dieter-jenz.de\/lc\/#website"},"primaryImageOfPage":{"@id":"https:\/\/dieter-jenz.de\/lc\/transgenerationale-epigenetische-vererbung\/#primaryimage"},"image":{"@id":"https:\/\/dieter-jenz.de\/lc\/transgenerationale-epigenetische-vererbung\/#primaryimage"},"thumbnailUrl":"https:\/\/dieter-jenz.de\/lc\/wp-content\/uploads\/2024\/01\/Beitragsbild-Transgenerationale-epigenetische-Vererbung.jpeg","datePublished":"2024-01-25T12:00:00+00:00","dateModified":"2024-01-25T13:32:24+00:00","description":"Transgenerationale epigenetische Vererbung \u2013 k\u00f6nnen epigenetische Markierungen tats\u00e4chlich an Nachfolgegenerationen weitervererbt werden?","breadcrumb":{"@id":"https:\/\/dieter-jenz.de\/lc\/transgenerationale-epigenetische-vererbung\/#breadcrumb"},"inLanguage":"de","potentialAction":[{"@type":"ReadAction","target":["https:\/\/dieter-jenz.de\/lc\/transgenerationale-epigenetische-vererbung\/"]}]},{"@type":"ImageObject","inLanguage":"de","@id":"https:\/\/dieter-jenz.de\/lc\/transgenerationale-epigenetische-vererbung\/#primaryimage","url":"https:\/\/dieter-jenz.de\/lc\/wp-content\/uploads\/2024\/01\/Beitragsbild-Transgenerationale-epigenetische-Vererbung.jpeg","contentUrl":"https:\/\/dieter-jenz.de\/lc\/wp-content\/uploads\/2024\/01\/Beitragsbild-Transgenerationale-epigenetische-Vererbung.jpeg","width":800,"height":800,"caption":"Gestaltung: privat"},{"@type":"BreadcrumbList","@id":"https:\/\/dieter-jenz.de\/lc\/transgenerationale-epigenetische-vererbung\/#breadcrumb","itemListElement":[{"@type":"ListItem","position":1,"name":"Home","item":"https:\/\/dieter-jenz.de\/lc\/"},{"@type":"ListItem","position":2,"name":"Lebensfragen","item":"https:\/\/dieter-jenz.de\/lc\/category\/lebensfragen\/"},{"@type":"ListItem","position":3,"name":"Transgenerationale epigenetische Vererbung"}]},{"@type":"WebSite","@id":"https:\/\/dieter-jenz.de\/lc\/#website","url":"https:\/\/dieter-jenz.de\/lc\/","name":"Dieter Jenz, Begleitung und Coaching","description":"Die andere, neue Sichtweise entdecken - auftanken - neue Wege gehen","publisher":{"@id":"https:\/\/dieter-jenz.de\/lc\/#\/schema\/person\/618cfd5c289d0a23930cb258a43679ab"},"potentialAction":[{"@type":"SearchAction","target":{"@type":"EntryPoint","urlTemplate":"https:\/\/dieter-jenz.de\/lc\/?s={search_term_string}"},"query-input":{"@type":"PropertyValueSpecification","valueRequired":true,"valueName":"search_term_string"}}],"inLanguage":"de"},{"@type":["Person","Organization"],"@id":"https:\/\/dieter-jenz.de\/lc\/#\/schema\/person\/618cfd5c289d0a23930cb258a43679ab","name":"Dieter Jenz","image":{"@type":"ImageObject","inLanguage":"de","@id":"https:\/\/dieter-jenz.de\/lc\/#\/schema\/person\/image\/","url":"https:\/\/dieter-jenz.de\/lc\/wp-content\/uploads\/2020\/01\/Logo-Coaching-und-Begleitung.png","contentUrl":"https:\/\/dieter-jenz.de\/lc\/wp-content\/uploads\/2020\/01\/Logo-Coaching-und-Begleitung.png","width":320,"height":240,"caption":"Dieter Jenz"},"logo":{"@id":"https:\/\/dieter-jenz.de\/lc\/#\/schema\/person\/image\/"},"description":"Ich bin Dieter Jenz, Begleiter, Berater und Coach mit Leidenschaft. \u00dcber viele Jahre hinweg habe ich einen reichen Schatz an Kompetenz und Erfahrung erworben. Meine Themen sind die \"4L\": Lebensaufgabe, Lebensplanung, Lebensnavigation und Lebensqualit\u00e4t.","sameAs":["https:\/\/www.facebook.com\/dieter.jenz.inspiration","https:\/\/www.pinterest.de\/dieterjenz\/","https:\/\/x.com\/https:\/\/twitter.com\/dieterjenz"],"url":"https:\/\/dieter-jenz.de\/lc\/author\/dieter\/"}]}},"_links":{"self":[{"href":"https:\/\/dieter-jenz.de\/lc\/wp-json\/wp\/v2\/posts\/10810"}],"collection":[{"href":"https:\/\/dieter-jenz.de\/lc\/wp-json\/wp\/v2\/posts"}],"about":[{"href":"https:\/\/dieter-jenz.de\/lc\/wp-json\/wp\/v2\/types\/post"}],"author":[{"embeddable":true,"href":"https:\/\/dieter-jenz.de\/lc\/wp-json\/wp\/v2\/users\/2"}],"replies":[{"embeddable":true,"href":"https:\/\/dieter-jenz.de\/lc\/wp-json\/wp\/v2\/comments?post=10810"}],"version-history":[{"count":5,"href":"https:\/\/dieter-jenz.de\/lc\/wp-json\/wp\/v2\/posts\/10810\/revisions"}],"predecessor-version":[{"id":10828,"href":"https:\/\/dieter-jenz.de\/lc\/wp-json\/wp\/v2\/posts\/10810\/revisions\/10828"}],"wp:featuredmedia":[{"embeddable":true,"href":"https:\/\/dieter-jenz.de\/lc\/wp-json\/wp\/v2\/media\/10813"}],"wp:attachment":[{"href":"https:\/\/dieter-jenz.de\/lc\/wp-json\/wp\/v2\/media?parent=10810"}],"wp:term":[{"taxonomy":"category","embeddable":true,"href":"https:\/\/dieter-jenz.de\/lc\/wp-json\/wp\/v2\/categories?post=10810"},{"taxonomy":"post_tag","embeddable":true,"href":"https:\/\/dieter-jenz.de\/lc\/wp-json\/wp\/v2\/tags?post=10810"}],"curies":[{"name":"wp","href":"https:\/\/api.w.org\/{rel}","templated":true}]}}