{"id":11118,"date":"2024-02-02T11:00:00","date_gmt":"2024-02-02T10:00:00","guid":{"rendered":"https:\/\/dieter-jenz.de\/lc\/?p=11118"},"modified":"2024-03-08T14:58:55","modified_gmt":"2024-03-08T13:58:55","slug":"grenzueberschreitende-erfahrungen","status":"publish","type":"post","link":"https:\/\/dieter-jenz.de\/lc\/grenzueberschreitende-erfahrungen\/","title":{"rendered":"Grenz\u00fcberschreitende Erfahrungen \u2013 was ist m\u00f6glich?"},"content":{"rendered":"<div class=\"yoast-breadcrumbs\"><span><span><a href=\"https:\/\/dieter-jenz.de\/lc\/\">Home<\/a><\/span> \u00bb <span><a href=\"https:\/\/dieter-jenz.de\/lc\/category\/lebensfragen\/\">Lebensfragen<\/a><\/span> \u00bb <span class=\"breadcrumb_last\" aria-current=\"page\"><strong>Grenz\u00fcberschreitende Erfahrungen \u2013 was ist m\u00f6glich?<\/strong><\/span><\/span><\/div>\n\n\n<div style=\"height:40px\" aria-hidden=\"true\" class=\"wp-block-spacer\"><\/div>\n\n\n\n<p>Grenz\u00fcberschreitende Erfahrungen setzen die Durchl\u00e4ssigkeit der Grenze zwischen dem Diesseits und dem Jenseits voraus. Ist die Grenze in beiden Richtungen durchl\u00e4ssig?<\/p>\n\n\n\n<p><strong>Inhalte:<\/strong><\/p>\n\n\n\n<nav class=\"wp-block-table-of-contents\"><ol><li><a class=\"wp-block-table-of-contents__entry\" href=\"https:\/\/dieter-jenz.de\/lc\/grenzueberschreitende-erfahrungen\/#durchlassigkeit-der-grenze-zwischen-diesseits-und-jenseits\">Durchl\u00e4ssigkeit der Grenze zwischen Diesseits und Jenseits<\/a><ol><li><a class=\"wp-block-table-of-contents__entry\" href=\"https:\/\/dieter-jenz.de\/lc\/grenzueberschreitende-erfahrungen\/#wiederverkorperung-bereits-verstorbener\">Wiederverk\u00f6rperung bereits Verstorbener<\/a><\/li><li><a class=\"wp-block-table-of-contents__entry\" href=\"https:\/\/dieter-jenz.de\/lc\/grenzueberschreitende-erfahrungen\/#verkorperung-von-geistwesen-im-diesseits\">Verk\u00f6rperung von Geistwesen im Diesseits<\/a><\/li><li><a class=\"wp-block-table-of-contents__entry\" href=\"https:\/\/dieter-jenz.de\/lc\/grenzueberschreitende-erfahrungen\/#ausflug-in-das-jenseits\">\u201eAusflug\u201c in das Jenseits<\/a><\/li><\/ol><\/li><li><a class=\"wp-block-table-of-contents__entry\" href=\"https:\/\/dieter-jenz.de\/lc\/grenzueberschreitende-erfahrungen\/#grenzuberschreitung-und-kommunikation\">Grenz\u00fcberschreitung und Kommunikation<\/a><ol><li><a class=\"wp-block-table-of-contents__entry\" href=\"https:\/\/dieter-jenz.de\/lc\/grenzueberschreitende-erfahrungen\/#transzendenzerfahrungen\">Transzendenzerfahrungen<\/a><\/li><li><a class=\"wp-block-table-of-contents__entry\" href=\"https:\/\/dieter-jenz.de\/lc\/grenzueberschreitende-erfahrungen\/#supranaturale-kommunikationserfahrungen\">Supranaturale Kommunikationserfahrungen<\/a><\/li><\/ol><\/li><li><a class=\"wp-block-table-of-contents__entry\" href=\"https:\/\/dieter-jenz.de\/lc\/grenzueberschreitende-erfahrungen\/#abgrenzung-zu-psychischen-storungen\">Abgrenzung zu psychischen St\u00f6rungen<\/a><\/li><\/ol><\/nav>\n\n\n\n<div class=\"wp-block-media-text is-stacked-on-mobile has-background-background-color has-background\" style=\"grid-template-columns:15% auto\"><figure class=\"wp-block-media-text__media\"><a href=\"https:\/\/dieter-jenz.de\/lc\/was-geschieht-mit-mir-wenn-ich-sterbe\/\"><img loading=\"lazy\" decoding=\"async\" width=\"800\" height=\"800\" src=\"https:\/\/dieter-jenz.de\/lc\/wp-content\/uploads\/2022\/03\/Beitragsbild-Was-geschieht-mit-mir-wenn-ich-sterbe.jpeg\" alt=\"Was geschieht mit mir wenn ich sterbe - Gestaltung: privat\" class=\"wp-image-7029 size-full\" srcset=\"https:\/\/dieter-jenz.de\/lc\/wp-content\/uploads\/2022\/03\/Beitragsbild-Was-geschieht-mit-mir-wenn-ich-sterbe.jpeg 800w, https:\/\/dieter-jenz.de\/lc\/wp-content\/uploads\/2022\/03\/Beitragsbild-Was-geschieht-mit-mir-wenn-ich-sterbe-300x300.jpeg 300w, https:\/\/dieter-jenz.de\/lc\/wp-content\/uploads\/2022\/03\/Beitragsbild-Was-geschieht-mit-mir-wenn-ich-sterbe-150x150.jpeg 150w, https:\/\/dieter-jenz.de\/lc\/wp-content\/uploads\/2022\/03\/Beitragsbild-Was-geschieht-mit-mir-wenn-ich-sterbe-768x768.jpeg 768w, https:\/\/dieter-jenz.de\/lc\/wp-content\/uploads\/2022\/03\/Beitragsbild-Was-geschieht-mit-mir-wenn-ich-sterbe-540x540.jpeg 540w\" sizes=\"(max-width: 800px) 100vw, 800px\" \/><\/a><\/figure><div class=\"wp-block-media-text__content\">\n<p class=\"has-border-background-color has-background has-normal-font-size\">Dieser Beitrag ist Teil der Serie &#8222;<em>Was geschieht mit mir wenn ich sterbe?<\/em>&#8220; <br>Grobes <a href=\"https:\/\/dieter-jenz.de\/lc\/was-geschieht-mit-mir-wenn-ich-sterbe\/\" target=\"_blank\" rel=\"noreferrer noopener\">Inhaltsverzeichnis<\/a><\/p>\n<\/div><\/div>\n\n\n\n<p>Schon vor Jahrtausenden hatten Menschen zumindest eine Ahnung, dass Verstorbene nach dem biologischen Tod an einem anderen, nicht mehr beobachtbaren Ort weiterleben. Bestattungsgewohnheiten lassen diesen Schluss zu (siehe: \u201e<a href=\"https:\/\/dieter-jenz.de\/lc\/weiterleben-nach-dem-tod-seit-wann-weiss-der-mensch-davon\/\" target=\"_blank\" rel=\"noreferrer noopener\">Weiterleben nach dem Tod \u2013 Seit wann wei\u00df der Mensch davon?<\/a>\u201c).<\/p>\n\n\n\n<p>Alle gro\u00dfen Weltreligionen, Erfahrungs- wie auch Offenbarungsreligionen, unterscheiden zwei Existenzr\u00e4ume: das Diesseits als Lebensraum von Menschen, Tieren und Pflanzen, und das Jenseits als Lebensraum von Geistwesen im weitesten Sinne: Gott bzw. G\u00f6tter, Satan (Teufel), Engel, D\u00e4monen und die immateriellen Repr\u00e4sentanten auf der Erde verstorbener Lebewesen. Das Diesseits bezieht sich im Allgemeinen auf die Erde. Im Hinblick auf das Jenseits unterscheiden sich, wie bereits erw\u00e4hnt, die Vorstellungen zwischen Erfahrungs- und Offenbarungsreligionen grundlegend. Die Offenbarungsreligionen (Judentum, Christentum, Islam) kennen zwei Existenzr\u00e4ume im Jenseits: das Paradies als Existenzraum Gottes und der in seinem Herrschaftsbereich befindlichen Geistwesen, und die H\u00f6lle (Ort der Verdammnis) als Existenzraum des Widersachers Gottes und der in seinem Herrschaftsbereich befindlichen Geistwesen.<\/p>\n\n\n\n<p>Der Begriff \u201eGeistwesen\u201c bedarf einer weiteren Qualifizierung. Nach der durch den biologischen Tod bewirkten Migration des individuellen Selbst in den extrauniversalen Existenzraum l\u00e4sst sich dieses individuelle Selbst auch als Geistwesen verstehen. Im Unterschied zu den im extrauniversalen Existenzraum \u201ebeheimateten\u201c Geistwesen ist es ein \u201eeingewandertes\u201c Geistwesen. Insofern ist die Unterscheidung in autochthone Geistwesen (einheimische Geistwesen) und allochthone Geistwesen (eingewanderte bzw. immigrierte Geistwesen) angebracht.<\/p>\n\n\n<div class=\"su-box su-box-style-default\" id=\"\" style=\"border-color:#000000;border-radius:3px;\"><div class=\"su-box-title\" style=\"background-color:#333333;color:#FFFFFF;border-top-left-radius:1px;border-top-right-radius:1px\">Letzte Beitr\u00e4ge <\/div><div class=\"su-box-content su-u-clearfix su-u-trim\" style=\"border-bottom-left-radius:1px;border-bottom-right-radius:1px\"><div class=\"su-expand su-expand-collapsed su-expand-link-style-default\" data-height=\"100\"><div class=\"su-expand-content su-u-trim\" style=\"color:#333333;max-height:100px;overflow:hidden\">\n\n<div class=\"su-posts su-posts-teaser-loop \">\n\n\t\t\t\t\t\t\n\t\t\t\n\t\t\t<div id=\"su-post-12357\" class=\"su-post \">\n\t\t\t\t\t\t\t\t\t<a class=\"su-post-thumbnail\" href=\"https:\/\/dieter-jenz.de\/lc\/die-realitaet-das-individuelle-selbst-befindet-sich-nicht-im-gehirn\/\"><img loading=\"lazy\" decoding=\"async\" width=\"800\" height=\"800\" src=\"https:\/\/dieter-jenz.de\/lc\/wp-content\/uploads\/2024\/11\/Beitragsbild-Realitaet-Individuelles-Selbst-nicht-im-Gehirn.jpeg\" class=\"attachment-post-thumbnail size-post-thumbnail wp-post-image\" alt=\"Realit\u00e4t Das individuelle Selbst befindet sich nicht im Gehirn - Gestaltung: privat\" \/><\/a>\n\t\t\t\t\t\t\t\t<h2 class=\"su-post-title\"><a href=\"https:\/\/dieter-jenz.de\/lc\/die-realitaet-das-individuelle-selbst-befindet-sich-nicht-im-gehirn\/\">Die Realit\u00e4t: Das individuelle Selbst befindet sich nicht im Gehirn<\/a><\/h2>\n\t\t\t<\/div>\n\n\t\t\t\t\t\n\t\t\t\n\t\t\t<div id=\"su-post-12328\" class=\"su-post \">\n\t\t\t\t\t\t\t\t\t<a class=\"su-post-thumbnail\" href=\"https:\/\/dieter-jenz.de\/lc\/verifikation-der-eis-hypothese-ungewoehnliche-erinnerungen\/\"><img loading=\"lazy\" decoding=\"async\" width=\"800\" height=\"800\" src=\"https:\/\/dieter-jenz.de\/lc\/wp-content\/uploads\/2024\/11\/Beitragsbild-Verifikation-EIS-Hypothese-Ungewoehnliche-Erinnerungen.jpeg\" class=\"attachment-post-thumbnail size-post-thumbnail wp-post-image\" alt=\"Verifikation frt EIS-Hypothese: Ungew\u00f6hnliche Erinnerungen - Gestaltung: privat\" \/><\/a>\n\t\t\t\t\t\t\t\t<h2 class=\"su-post-title\"><a href=\"https:\/\/dieter-jenz.de\/lc\/verifikation-der-eis-hypothese-ungewoehnliche-erinnerungen\/\">Verifikation der EIS-Hypothese: Ungew\u00f6hnliche Erinnerungen<\/a><\/h2>\n\t\t\t<\/div>\n\n\t\t\t\t\t\n\t\t\t\n\t\t\t<div id=\"su-post-12313\" class=\"su-post \">\n\t\t\t\t\t\t\t\t\t<a class=\"su-post-thumbnail\" href=\"https:\/\/dieter-jenz.de\/lc\/verifikation-der-eis-hypothese-terminale-geistesklarheit\/\"><img loading=\"lazy\" decoding=\"async\" width=\"800\" height=\"800\" src=\"https:\/\/dieter-jenz.de\/lc\/wp-content\/uploads\/2024\/11\/Beitragsbild-Verifikation-EIS-Hypothese-Terminale-Geistesklarheit.jpeg\" class=\"attachment-post-thumbnail size-post-thumbnail wp-post-image\" alt=\"Verifikation der EIS-Hypothese: Terminale Geistesklarheit - Gestaltung: privat\" \/><\/a>\n\t\t\t\t\t\t\t\t<h2 class=\"su-post-title\"><a href=\"https:\/\/dieter-jenz.de\/lc\/verifikation-der-eis-hypothese-terminale-geistesklarheit\/\">Verifikation der EIS-Hypothese: Terminale Geistesklarheit<\/a><\/h2>\n\t\t\t<\/div>\n\n\t\t\t\t\t\n\t\t\t\n\t\t\t<div id=\"su-post-12248\" class=\"su-post \">\n\t\t\t\t\t\t\t\t\t<a class=\"su-post-thumbnail\" href=\"https:\/\/dieter-jenz.de\/lc\/verifikation-der-eis-hypothese-nahtoderfahrung\/\"><img loading=\"lazy\" decoding=\"async\" width=\"800\" height=\"800\" src=\"https:\/\/dieter-jenz.de\/lc\/wp-content\/uploads\/2024\/10\/Beitragsbild-Verifikation-EIS-Hypothese-Nahtoderfahrung.jpeg\" class=\"attachment-post-thumbnail size-post-thumbnail wp-post-image\" alt=\"Verifikation der EIS-Hypothese: Nahtoderfahrung - Gestaltung: privat\" \/><\/a>\n\t\t\t\t\t\t\t\t<h2 class=\"su-post-title\"><a href=\"https:\/\/dieter-jenz.de\/lc\/verifikation-der-eis-hypothese-nahtoderfahrung\/\">Verifikation der EIS-Hypothese: Nahtoderfahrung<\/a><\/h2>\n\t\t\t<\/div>\n\n\t\t\t\t\t\n\t\t\t\n\t\t\t<div id=\"su-post-12193\" class=\"su-post \">\n\t\t\t\t\t\t\t\t\t<a class=\"su-post-thumbnail\" href=\"https:\/\/dieter-jenz.de\/lc\/das-losloesungsszenario-ist-es-plausibel\/\"><img loading=\"lazy\" decoding=\"async\" width=\"800\" height=\"800\" src=\"https:\/\/dieter-jenz.de\/lc\/wp-content\/uploads\/2024\/09\/Beitragsbild-Losloesungsszenario.jpeg\" class=\"attachment-post-thumbnail size-post-thumbnail wp-post-image\" alt=\"Losl\u00f6sungsszenario - Gestaltung: privat\" \/><\/a>\n\t\t\t\t\t\t\t\t<h2 class=\"su-post-title\"><a href=\"https:\/\/dieter-jenz.de\/lc\/das-losloesungsszenario-ist-es-plausibel\/\">Das Losl\u00f6sungsszenario &#8211; ist es plausibel?<\/a><\/h2>\n\t\t\t<\/div>\n\n\t\t\t\t\t\n\t\t\t\n\t\t\t<div id=\"su-post-12174\" class=\"su-post \">\n\t\t\t\t\t\t\t\t\t<a class=\"su-post-thumbnail\" href=\"https:\/\/dieter-jenz.de\/lc\/das-evakuierungsszenario-ist-es-plausibel\/\"><img loading=\"lazy\" decoding=\"async\" width=\"800\" height=\"800\" src=\"https:\/\/dieter-jenz.de\/lc\/wp-content\/uploads\/2024\/09\/Beitragsbild-Evakuierungsszenario.jpeg\" class=\"attachment-post-thumbnail size-post-thumbnail wp-post-image\" alt=\"Evakuierungsszenario - Gestaltung: privat\" \/><\/a>\n\t\t\t\t\t\t\t\t<h2 class=\"su-post-title\"><a href=\"https:\/\/dieter-jenz.de\/lc\/das-evakuierungsszenario-ist-es-plausibel\/\">Das Evakuierungsszenario &#8211; ist es plausibel?<\/a><\/h2>\n\t\t\t<\/div>\n\n\t\t\t\t\t\n\t\t\t\n\t\t\t<div id=\"su-post-12136\" class=\"su-post \">\n\t\t\t\t\t\t\t\t\t<a class=\"su-post-thumbnail\" href=\"https:\/\/dieter-jenz.de\/lc\/das-erloeschungsszenario-ist-es-plausibel\/\"><img loading=\"lazy\" decoding=\"async\" width=\"800\" height=\"800\" src=\"https:\/\/dieter-jenz.de\/lc\/wp-content\/uploads\/2024\/09\/Beitragsbild-Erloeschungsszenario.jpeg\" class=\"attachment-post-thumbnail size-post-thumbnail wp-post-image\" alt=\"Erl\u00f6schungsszenario - Gestaltung: privat\" \/><\/a>\n\t\t\t\t\t\t\t\t<h2 class=\"su-post-title\"><a href=\"https:\/\/dieter-jenz.de\/lc\/das-erloeschungsszenario-ist-es-plausibel\/\">Das Erl\u00f6schungsszenario &#8211; ist es plausibel?<\/a><\/h2>\n\t\t\t<\/div>\n\n\t\t\t\t\t\n\t\t\t\n\t\t\t<div id=\"su-post-11981\" class=\"su-post \">\n\t\t\t\t\t\t\t\t\t<a class=\"su-post-thumbnail\" href=\"https:\/\/dieter-jenz.de\/lc\/was-sind-nahtoderfahrungenwie-werden-sie-erlebt\/\"><img loading=\"lazy\" decoding=\"async\" width=\"800\" height=\"800\" src=\"https:\/\/dieter-jenz.de\/lc\/wp-content\/uploads\/2024\/07\/Beitragsbild-Was-sind-Nahtoderfahrungen.jpeg\" class=\"attachment-post-thumbnail size-post-thumbnail wp-post-image\" alt=\"Was sind Nahtoderfahrungen - Gestaltung: privat\" \/><\/a>\n\t\t\t\t\t\t\t\t<h2 class=\"su-post-title\"><a href=\"https:\/\/dieter-jenz.de\/lc\/was-sind-nahtoderfahrungenwie-werden-sie-erlebt\/\">Was sind Nahtoderfahrungen? Wie werden sie erlebt?<\/a><\/h2>\n\t\t\t<\/div>\n\n\t\t\t\t\t\n\t\t\t\n\t\t\t<div id=\"su-post-11947\" class=\"su-post \">\n\t\t\t\t\t\t\t\t\t<a class=\"su-post-thumbnail\" href=\"https:\/\/dieter-jenz.de\/lc\/taktile-kommunikation-was-verbirgt-sich-dahinter\/\"><img loading=\"lazy\" decoding=\"async\" width=\"800\" height=\"800\" src=\"https:\/\/dieter-jenz.de\/lc\/wp-content\/uploads\/2024\/07\/Beitragsbild-Taktile-Kommunikation.jpeg\" class=\"attachment-post-thumbnail size-post-thumbnail wp-post-image\" alt=\"Taktile Kommunikation - Gestaltung: privat\" \/><\/a>\n\t\t\t\t\t\t\t\t<h2 class=\"su-post-title\"><a href=\"https:\/\/dieter-jenz.de\/lc\/taktile-kommunikation-was-verbirgt-sich-dahinter\/\">Taktile Kommunikation \u2013 was verbirgt sich dahinter?<\/a><\/h2>\n\t\t\t<\/div>\n\n\t\t\t\t\t\n\t\t\t\n\t\t\t<div id=\"su-post-11943\" class=\"su-post \">\n\t\t\t\t\t\t\t\t\t<a class=\"su-post-thumbnail\" href=\"https:\/\/dieter-jenz.de\/lc\/olfaktorische-kommunikation-was-verbirgt-sich-dahinter\/\"><img loading=\"lazy\" decoding=\"async\" width=\"800\" height=\"800\" src=\"https:\/\/dieter-jenz.de\/lc\/wp-content\/uploads\/2024\/07\/Beitragsbild-Olfaktorische-Kommunikation.jpeg\" class=\"attachment-post-thumbnail size-post-thumbnail wp-post-image\" alt=\"Olfaktorische Kommunikation - Gestaltung: privat\" \/><\/a>\n\t\t\t\t\t\t\t\t<h2 class=\"su-post-title\"><a href=\"https:\/\/dieter-jenz.de\/lc\/olfaktorische-kommunikation-was-verbirgt-sich-dahinter\/\">Olfaktorische Kommunikation \u2013 was verbirgt sich dahinter?<\/a><\/h2>\n\t\t\t<\/div>\n\n\t\t\t\n<\/div>\n  <\/div><div class=\"su-expand-link su-expand-link-more\" style=\"text-align:left\"><a href=\"javascript:;\" style=\"color:#0088FF;border-color:#0088FF\"><span style=\"border-color:#0088FF\">Mehr anzeigen<\/span><\/a><\/div><div class=\"su-expand-link su-expand-link-less\" style=\"text-align:left\"><a href=\"javascript:;\" style=\"color:#0088FF;border-color:#0088FF\"><span style=\"border-color:#0088FF\">Weniger anzeigen<\/span><\/a><\/div><\/div><\/div><\/div>\n\n\n\n<h3 class=\"wp-block-heading\" id=\"durchlassigkeit-der-grenze-zwischen-diesseits-und-jenseits\"><strong><strong><strong><strong>Durchl\u00e4ssigkeit der Grenze zwischen Diesseits und Jenseits<\/strong><\/strong><\/strong><\/strong><\/h3>\n\n\n\n<p>Aus den religi\u00f6sen Schriften der Offenbarungsreligionen geht hervor, dass die Grenze zwischen dem intrauniversalen und dem extrauniversalen Existenzraum, zwischen Diesseits und Jenseits, durchaus durchl\u00e4ssig ist. Diese Durchl\u00e4ssigkeit ist nicht nur auf eine Richtung beschr\u00e4nkt.<\/p>\n\n\n\n<p>Nach dem biologischen Tod migriert das individuelle Selbst vom intrauniversalen in den extrauniversalen Existenzraum. Der physische K\u00f6rper bleibt zur\u00fcck und ist der Verwesung preisgegeben. Das religi\u00f6se Schrifttum enth\u00e4lt Schilderungen, was nach dem \u00dcbergang in den extrauniversalen Existenzraum geschieht. Verstorbene besitzen demnach als Geistwesen einen Geistleib und bleiben weiterhin erkennbar und identifizierbar.<\/p>\n\n\n\n<p>Dar\u00fcber hinaus wird auch die M\u00f6glichkeit geschildert, dass ein Individuum den intrauniversalen Existenzraum verl\u00e4sst, sich tempor\u00e4r im extrauniversalen Existenzraum aufh\u00e4lt, und danach wieder zur\u00fcckkehrt. Lediglich dem individuellen Selbst, nicht aber dem physischen K\u00f6rper, ist dieser Grenz\u00fcbertritt nach bisherigem Wissensstand m\u00f6glich.<\/p>\n\n\n\n<div class=\"wp-block-group\"><div class=\"wp-block-group__inner-container is-layout-constrained wp-block-group-is-layout-constrained\">\n<figure class=\"wp-block-gallery has-nested-images columns-4 is-cropped wp-block-gallery-1 is-layout-flex wp-block-gallery-is-layout-flex\">\n<figure class=\"wp-block-image size-large\"><a href=\"https:\/\/dieter-jenz.de\/lc\/portal-lebensweisheiten\/\" target=\"_blank\" rel=\"noreferrer noopener\"><img loading=\"lazy\" decoding=\"async\" width=\"800\" height=\"800\" data-id=\"10179\" src=\"https:\/\/dieter-jenz.de\/lc\/wp-content\/uploads\/2023\/12\/Lebensweisheiten.jpeg\" alt=\"Lebensweisheiten - Gestaltung: privat\" class=\"wp-image-10179\" srcset=\"https:\/\/dieter-jenz.de\/lc\/wp-content\/uploads\/2023\/12\/Lebensweisheiten.jpeg 800w, https:\/\/dieter-jenz.de\/lc\/wp-content\/uploads\/2023\/12\/Lebensweisheiten-300x300.jpeg 300w, https:\/\/dieter-jenz.de\/lc\/wp-content\/uploads\/2023\/12\/Lebensweisheiten-150x150.jpeg 150w, https:\/\/dieter-jenz.de\/lc\/wp-content\/uploads\/2023\/12\/Lebensweisheiten-768x768.jpeg 768w, https:\/\/dieter-jenz.de\/lc\/wp-content\/uploads\/2023\/12\/Lebensweisheiten-540x540.jpeg 540w\" sizes=\"(max-width: 800px) 100vw, 800px\" \/><\/a><figcaption class=\"wp-element-caption\">Gestaltung: privat<\/figcaption><\/figure>\n\n\n\n<figure class=\"wp-block-image size-large\"><a href=\"https:\/\/dieter-jenz.de\/lc\/portal-evergreen-themen\/\" target=\"_blank\" rel=\"noreferrer noopener\"><img loading=\"lazy\" decoding=\"async\" width=\"800\" height=\"800\" data-id=\"10200\" src=\"https:\/\/dieter-jenz.de\/lc\/wp-content\/uploads\/2023\/12\/Evergreen-Themen.jpeg\" alt=\"Evergreen-Themen - Gestaltung: privat\" class=\"wp-image-10200\" srcset=\"https:\/\/dieter-jenz.de\/lc\/wp-content\/uploads\/2023\/12\/Evergreen-Themen.jpeg 800w, https:\/\/dieter-jenz.de\/lc\/wp-content\/uploads\/2023\/12\/Evergreen-Themen-300x300.jpeg 300w, https:\/\/dieter-jenz.de\/lc\/wp-content\/uploads\/2023\/12\/Evergreen-Themen-150x150.jpeg 150w, https:\/\/dieter-jenz.de\/lc\/wp-content\/uploads\/2023\/12\/Evergreen-Themen-768x768.jpeg 768w, https:\/\/dieter-jenz.de\/lc\/wp-content\/uploads\/2023\/12\/Evergreen-Themen-540x540.jpeg 540w\" sizes=\"(max-width: 800px) 100vw, 800px\" \/><\/a><figcaption class=\"wp-element-caption\">Gestaltung: privat<\/figcaption><\/figure>\n\n\n\n<figure class=\"wp-block-image size-large\"><a href=\"https:\/\/dieter-jenz.de\/lc\/portal-wissensdurst\/\" target=\"_blank\" rel=\"noreferrer noopener\"><img loading=\"lazy\" decoding=\"async\" width=\"800\" height=\"800\" data-id=\"10177\" src=\"https:\/\/dieter-jenz.de\/lc\/wp-content\/uploads\/2023\/12\/Wissensdurst-Blick-durch-den-Tuerspalt.jpeg\" alt=\"Wissensdurst, Blick durch den T\u00fcrspalt - Gestaltung: privat\" class=\"wp-image-10177\" srcset=\"https:\/\/dieter-jenz.de\/lc\/wp-content\/uploads\/2023\/12\/Wissensdurst-Blick-durch-den-Tuerspalt.jpeg 800w, https:\/\/dieter-jenz.de\/lc\/wp-content\/uploads\/2023\/12\/Wissensdurst-Blick-durch-den-Tuerspalt-300x300.jpeg 300w, https:\/\/dieter-jenz.de\/lc\/wp-content\/uploads\/2023\/12\/Wissensdurst-Blick-durch-den-Tuerspalt-150x150.jpeg 150w, https:\/\/dieter-jenz.de\/lc\/wp-content\/uploads\/2023\/12\/Wissensdurst-Blick-durch-den-Tuerspalt-768x768.jpeg 768w, https:\/\/dieter-jenz.de\/lc\/wp-content\/uploads\/2023\/12\/Wissensdurst-Blick-durch-den-Tuerspalt-540x540.jpeg 540w\" sizes=\"(max-width: 800px) 100vw, 800px\" \/><\/a><figcaption class=\"wp-element-caption\">Gestaltung: privat<\/figcaption><\/figure>\n<\/figure>\n<\/div><\/div>\n\n\n\n<h4 class=\"wp-block-heading\" id=\"wiederverkorperung-bereits-verstorbener\"><strong><strong><strong><strong>Wiederverk\u00f6rperung bereits Verstorbener<\/strong><\/strong><\/strong><\/strong><\/h4>\n\n\n\n<p>Im Neuen Testament der Bibel finden sich Schilderungen einer Wiederkehr bereits Verstorbener. Die Verstorbenen waren mit dem K\u00f6rper wahrnehmbar, den sie zu ihren Lebzeiten hatten. Ob es sich dabei um einen realen physischen K\u00f6rper oder um die Illusion eines physischen K\u00f6rpers handelte, l\u00e4sst sich nicht erschlie\u00dfen. Da die Vitalfunktionen unwiderruflich erloschen waren und der Verwesungsprozess eingesetzt hatte, bestehen zwei M\u00f6glichkeiten: entweder kann der physische K\u00f6rper aus dem Geistleib wieder rekonstruiert werden oder es ist m\u00f6glich, einen Geistleib wie einen physischen K\u00f6rper erscheinen zu lassen. Ersteres w\u00fcrde bedeuten, dass ein Replikat des fr\u00fcheren physischen K\u00f6rpers erzeugt wird.<\/p>\n\n\n\n<p>Stellvertretend sei ein Ereignis der Wiederverk\u00f6rperung angef\u00fchrt, das im Zusammenhang mit der Auferstehung Jesu Christi \u00fcberliefert ist (Matth. 27,&nbsp;52-53): \u201eDie Gr\u00e4ber \u00f6ffneten sich und die Leiber vieler Heiligen, die entschlafen waren, wurden auferweckt. Nach der Auferstehung Jesu verlie\u00dfen sie ihre Gr\u00e4ber, kamen in die Heilige Stadt [Jerusalem, Anm. des Autors] und erschienen vielen.\u201c Wie lange diese Individuen, deren individuelles Selbst die Grenze vom Jenseits zum Diesseits \u00fcberschritten hatten, noch als im Diesseits lebende Menschen erkennbar waren, ist nicht \u00fcberliefert und bleibt folglich im Ungewissen.<\/p>\n\n\n\n<p>Wenn Individuen mit oder nach dem \u201eGrenz\u00fcbertritt\u201c ihren fr\u00fcheren K\u00f6rper wieder annehmen k\u00f6nnen, liegt die Vorstellung nicht fern, dass sie die Grenze auch als Geistwesen \u00fcberschreiten k\u00f6nnen. Sie w\u00e4ren dann im Diesseits pr\u00e4sent, jedoch nicht unbedingt visuell wahrnehmbar.<\/p>\n\n\n<div class=\"su-box su-box-style-default\" id=\"\" style=\"border-color:#000000;border-radius:3px;\"><div class=\"su-box-title\" style=\"background-color:#333333;color:#FFFFFF;border-top-left-radius:1px;border-top-right-radius:1px\">Weitere Informationen und Ressourcen <\/div><div class=\"su-box-content su-u-clearfix su-u-trim\" style=\"border-bottom-left-radius:1px;border-bottom-right-radius:1px\"> <div class=\"su-list\" style=\"margin-left:0px\"> <\/p>\n<ul>\n<li><i class=\"sui sui-info-circle\" style=\"color:#333\"><\/i> <a href=\"https:\/\/dieter-jenz.de\/lc\/ausgangssituation-ziel-vorgehensweise-aktueller-stand\/\" title=\"Ausgangssituation, Ziel, Vorgehensweise\" target=\"_blank\" rel=\"\" class=\"\">Ausgangssituation, Ziel, Vorgehensweise, aktueller Stand<\/a> <\/li>\n<\/ul>\n<p> <\/div> <div class=\"su-list\" style=\"margin-left:0px\"> <\/p>\n<ul>\n<li><i class=\"sui sui-info-circle\" style=\"color:#333\"><\/i> <a href=\"https:\/\/dieter-jenz.de\/lc\/was-kommt-nach-dem-tod-erstes-zwischenfazit\/\" title=\"Erstes Zwischenfazit\" target=\"_blank\" rel=\"\" class=\"\">Was kommt nach dem Tod? &#8211; Erstes Zwischenfazit<\/a> <\/li>\n<\/ul>\n<p> <\/div> <div class=\"su-list\" style=\"margin-left:0px\"> <\/p>\n<ul>\n<li><i class=\"sui sui-info-circle\" style=\"color:#333\"><\/i> <a href=\"https:\/\/dieter-jenz.de\/lc\/ressourcen-wie-geht-es-nach-dem-tod-weiter\/\" title=\"Literatur und sonstige Ressourcen\" target=\"_blank\" rel=\"\" class=\"\">Literatur und sonstige Ressourcen<\/a> <\/li>\n<\/ul>\n<p> <\/div> <div class=\"su-list\" style=\"margin-left:0px\"> <\/p>\n<ul>\n<li><i class=\"sui sui-info-circle\" style=\"color:#333\"><\/i> <a href=\"https:\/\/dieter-jenz.de\/lc\/glossar-begriffe-transzendenzerfahrungen-lebensfragen\/\" title=\"Glossar der Begriffe zu Transzendenzerfahrungen\" target=\"_blank\" rel=\"\" class=\"\">Glossar der Begriffe im Kontext von Transzendenzerfahrungen<\/a> <\/li>\n<\/ul>\n<p> <\/div> <div class=\"su-list\" style=\"margin-left:0px\"> <\/p>\n<ul>\n<li><i class=\"sui sui-info-circle\" style=\"color:#333\"><\/i> <a href=\"https:\/\/dieter-jenz.de\/lc\/faq-haeufig-gestellte-fragen-was-kommt-nach-dem-tod\/\" title=\"FAQ (H\u00e4ufig gestellte Fragen)\" target=\"_blank\" rel=\"\" class=\"\">H\u00e4ufig gestellte Fragen (FAQ) &#8211; Was kommt nach dem Tod?<\/a> <\/li>\n<\/ul>\n<p> <\/div>   <\/div><\/div>\n\n\n\n<h4 class=\"wp-block-heading\" id=\"verkorperung-von-geistwesen-im-diesseits\"><strong><strong><strong><strong><strong>Verk\u00f6rperung von Geistwesen im Diesseits<\/strong><\/strong><\/strong><\/strong><\/strong><\/h4>\n\n\n\n<p>Im religi\u00f6sen Schrifttum finden sich auch Schilderungen, aus denen hervorgeht, dass sich im Jenseits beheimatete Geistwesen im Diesseits materialisieren und in einem menschlichen K\u00f6rper erscheinen k\u00f6nnen. Somit sind sie nicht als Geistwesen erkennbar, es sei denn sie geben sich selbst zu erkennen.<\/p>\n\n\n\n<p>Stellvertretend sei eine Schilderung aus dem Neuen Testament der Bibel wiedergegeben. In dem um das Jahr 90 n. Chr. entstandenen Buch der Apostelgeschichte wird die \u00fcbernat\u00fcrliche Befreiung des Petrus, der einer der zw\u00f6lf J\u00fcnger von Jesus Christus war, geschildert (Apostelgeschichte Kap.&nbsp;12,&nbsp;4-11): \u201eEr [Herodes, Anm. des Autors] nahm ihn also fest und warf ihn ins Gef\u00e4ngnis. Die Bewachung \u00fcbertrug er vier Abteilungen von je vier Soldaten. Er beabsichtigte, ihn nach dem Paschafest dem Volk vorf\u00fchren zu lassen. Petrus wurde also im Gef\u00e4ngnis bewacht. Die Gemeinde aber betete inst\u00e4ndig f\u00fcr ihn zu Gott. In der Nacht, ehe Herodes ihn vorf\u00fchren lassen wollte, schlief Petrus, mit zwei Ketten gefesselt, zwischen zwei Soldaten; vor der T\u00fcr aber bewachten Posten den Kerker. Pl\u00f6tzlich trat ein Engel des Herrn ein und ein helles Licht strahlte in den Raum. Er stie\u00df Petrus in die Seite, weckte ihn und sagte: Schnell, steh auf! Da fielen die Ketten von seinen H\u00e4nden. Der Engel aber sagte zu ihm: G\u00fcrte dich und zieh deine Sandalen an! Er tat es. Und der Engel sagte zu ihm: Wirf deinen Mantel um und folge mir! Dann ging er hinaus und Petrus folgte ihm, ohne zu wissen, dass es Wirklichkeit war, was durch den Engel geschah; es kam ihm vor, als habe er eine Vision. Sie gingen an der ersten und an der zweiten Wache vorbei und kamen an das eiserne Tor, das in die Stadt f\u00fchrt; es \u00f6ffnete sich ihnen von selbst. Sie traten hinaus und gingen eine Gasse weit; und auf einmal verlie\u00df ihn der Engel. Da kam Petrus zu sich und sagte: Nun wei\u00df ich wahrhaftig, dass der Herr seinen Engel gesandt und mich der Hand des Herodes entrissen hat und all dem, was das Volk der Juden erhofft hat.\u201c<\/p>\n\n\n\n<p>Aus der Schilderung l\u00e4sst sich erschlie\u00dfen, dass der Engel (das Geistwesen) einen physischen K\u00f6rper annehmen konnte. Er stie\u00df Petrus in die Seite, worauf dieser aufwachte, und sprach ihn auch mit f\u00fcr Petrus verst\u00e4ndlichen Worten an. Wie genau der Engel in die Zelle gelangte und wie genau er Petrus verlie\u00df, wird nicht geschildert. Der Schluss liegt jedoch nahe, dass sich der Engel in der Zelle materialisierte, da er sonst den Wachen h\u00e4tte auffallen m\u00fcssen. M\u00f6glicherweise dematerialisierte er sich, als er Petrus verlie\u00df. Genauso vorstellbar w\u00e4re auch, dass er einfach um eine Ecke bog.<\/p>\n\n\n\n<p>Die Schilderung der Ereignisse konnte nur von Petrus selbst stammen. Wenn davon ausgegangen wird, dass die Bewacher nicht erwachten, gab es keine Zeugen. Erwachten sie jedoch, waren sie Zeugen und h\u00e4tten vermutlich einen Mann gesehen, gegen den sie nicht ankommen konnten. Davon abgesehen stellt sich die Frage, ob sie es gewagt h\u00e4tten, ihren Vorgesetzten eine derartige Geschichte \u201eaufzutischen\u201c oder ihre Schilderung \u00f6ffentlich zu machen.<\/p>\n\n\n\n<h4 class=\"wp-block-heading\" id=\"ausflug-in-das-jenseits\"><strong><strong><strong><strong><strong>\u201eAusflug\u201c in das Jenseits<\/strong><\/strong><\/strong><\/strong><\/strong><\/h4>\n\n\n\n<p>Wiederum im Neuen Testament der Bibel findet sich eine kurze Schilderung des Apostels Paulus (2. Korinther-Brief, Kap.&nbsp;12,&nbsp;2\u20114): \u201eIch kenne jemand, einen Diener Christi, der vor vierzehn Jahren bis in den dritten Himmel entr\u00fcckt wurde; ich wei\u00df allerdings nicht, ob es mit dem Leib oder ohne den Leib geschah, nur Gott wei\u00df es. Und ich wei\u00df, dass dieser Mensch in das Paradies entr\u00fcckt wurde; ob es mit dem Leib oder ohne den Leib geschah, wei\u00df ich nicht, nur Gott wei\u00df es. Er h\u00f6rte unsagbare Worte, die ein Mensch nicht aussprechen kann.\u201c Theologen gehen davon aus, dass Paulus von sich selbst sprach.<\/p>\n\n\n\n<p>Obwohl Paulus offenlie\u00df, ob er sich mit oder ohne physischen K\u00f6rper im extrauniversalen Existenzraum befand, d\u00fcrfte es kaum m\u00f6glich gewesen sein, sich mit dem K\u00f6rper im Jenseits aufzuhalten, wenn auch nur vor\u00fcbergehend. Denkbar ist, dass sich das individuelle Selbst auf Initiative eines nicht genannten Wesens vom physischen K\u00f6rper trennte und sp\u00e4ter wieder in ihn zur\u00fcckkehrte.<\/p>\n\n\n\n<div class=\"wp-block-group\"><div class=\"wp-block-group__inner-container is-layout-constrained wp-block-group-is-layout-constrained\">\n<div class=\"wp-block-group has-background\" style=\"background:radial-gradient(rgba(252,185,0,0.25) 0%,rgba(255,106,0,0.11) 100%)\"><div class=\"wp-block-group__inner-container is-layout-constrained wp-block-group-is-layout-constrained\">\n<p><strong>Gutes und Sinnvolles  tun &#8211; ganz praktisch<\/strong><\/p>\n\n\n<div class=\"wp-block-image\">\n<figure class=\"aligncenter size-full is-resized\"><a href=\"https:\/\/dieter-jenz.de\/lc\/gutes-tun-ganz-praktisch\/\" target=\"_blank\" rel=\"noreferrer noopener\"><img loading=\"lazy\" decoding=\"async\" width=\"600\" height=\"450\" src=\"https:\/\/dieter-jenz.de\/lc\/wp-content\/uploads\/2023\/11\/Geschenk-mit-Text.jpeg\" alt=\"Geschenk mit Text - Gestaltung: privat\" class=\"wp-image-9969\" style=\"width:300px\" srcset=\"https:\/\/dieter-jenz.de\/lc\/wp-content\/uploads\/2023\/11\/Geschenk-mit-Text.jpeg 600w, https:\/\/dieter-jenz.de\/lc\/wp-content\/uploads\/2023\/11\/Geschenk-mit-Text-300x225.jpeg 300w, https:\/\/dieter-jenz.de\/lc\/wp-content\/uploads\/2023\/11\/Geschenk-mit-Text-540x405.jpeg 540w, https:\/\/dieter-jenz.de\/lc\/wp-content\/uploads\/2023\/11\/Geschenk-mit-Text-150x113.jpeg 150w\" sizes=\"(max-width: 600px) 100vw, 600px\" \/><\/a><figcaption class=\"wp-element-caption\">Gestaltung: privat<\/figcaption><\/figure><\/div>\n\n\n<p>Mit einem Klick auf das Bild gelangen Sie zum zugeh\u00f6rigen Text.<\/p>\n<\/div><\/div>\n<\/div><\/div>\n\n\n\n<h3 class=\"wp-block-heading\" id=\"grenzuberschreitung-und-kommunikation\"><strong><strong><strong><strong><strong>Grenz\u00fcberschreitung und Kommunikation<\/strong><\/strong><\/strong><\/strong><\/strong><\/h3>\n\n\n\n<p>Ob die im religi\u00f6sen Schrifttum \u00fcberlieferten Ereignisse tats\u00e4chlich so wie berichtet stattfanden, l\u00e4sst sich mit wissenschaftlichen Methoden nicht mehr kl\u00e4ren. Dass es sich um reine Fantasiegeschichten eines Einzelnen oder einer Gruppe mit bestimmten Interessen handelt, ist jedoch kaum anzunehmen. Schlie\u00dflich wurden die religi\u00f6sen Schriften, zumindest diejenigen des Alten und Neuen Testaments der Bibel, von einer im weitesten Sinne aus Theologen bestehenden Redaktion bearbeitet. Aus diesem Grund ist kaum denkbar, dass Schilderungen, die schon damals als offensichtlich frei erfunden, unglaubw\u00fcrdig oder gar absurd galten, in diese Schriften aufgenommen werden konnten.<\/p>\n\n\n\n<p>Aussagen zur Durchl\u00e4ssigkeit der Grenze zwischen Diesseits und Jenseits lassen sich nicht nur im religi\u00f6sen Schrifttum finden. Auch in s\u00e4kularen Schriften finden sich von der vorchristlichen Zeit bis heute eine Vielzahl von anekdotischen Schilderungen zu Ph\u00e4nomenen im Grenzbereich zwischen den Existenzr\u00e4umen und auch dar\u00fcber hinaus.<\/p>\n\n\n\n<p>Interuniversale Ph\u00e4nomene beschr\u00e4nken sich nicht unbedingt auf die Grenz\u00fcberschreitung und die dabei erlebten Sinneseindr\u00fccke. Auch eine Kommunikation zwischen in unterschiedlichen Existenzr\u00e4umen beheimateten Wesen kann erfolgen. Insofern erscheint die Unterscheidung zweier unterschiedlicher Arten von Erfahrungen als sinnvoll.<\/p>\n\n\n\n<h4 class=\"wp-block-heading\" id=\"transzendenzerfahrungen\"><strong>Transzendenzerfahrungen<\/strong><\/h4>\n\n\n\n<p>Jedes erlebte Ph\u00e4nomen, das als interuniversales Ph\u00e4nomen im Zusammenhang mit dem \u00dcberschreiten der Grenze zwischen den Existenzr\u00e4umen erlebt wird, \u00fcberschreitet auch die Grenzen menschlicher Erfahrung im Diesseits. Eine derartige Erfahrung l\u00e4sst sich auch als Transzendenzerfahrung bezeichnen.<\/p>\n\n\n\n<p>Als Transzendenzerfahrung wird aus der Perspektive des Diesseits eine Erfahrung verstanden, die zwar ausschlie\u00dflich oder doch zumindest \u00fcberwiegend im Diesseits, dem diesseitigen Raum-Zeit-Kontinuum, wahrzunehmen ist, jedoch ohne Einwirkung aus einem extrauniversalen Existenzraum nicht erkl\u00e4rbar ist. Sie kann passiv erlebt, jedoch durchaus auch aktiv initiiert werden.<\/p>\n\n\n\n<p>Als Beispiel f\u00fcr eine Transzendenzerfahrung mag die bereits erw\u00e4hnte Schilderung des Apostels Paulus dienen. Der Erlebende bewegte sich vom intrauniversalen hin zu einem extrauniversalen Existenzraum. Er \u00fcberschritt die Grenze zu diesem Existenzraum und konnte gewisserma\u00dfen einen Blick in diesen, das Jenseits, werfen. Der extrauniversale Existenzraum wurde mit den Sinnen wahrgenommen \u2013 Paulus konnte h\u00f6ren -, allerdings wurde die Grenze nicht endg\u00fcltig \u00fcberschritten. Das individuelle Selbst kehrte nach dieser Erfahrung wieder in den physischen K\u00f6rper zur\u00fcck. Mit dem Begriff \u201eerweitertes Bewusstsein\u201c w\u00e4re eine derartige Transzendenzerfahrung nicht hinreichend beschrieben.<\/p>\n\n\n\n<h4 class=\"wp-block-heading\" id=\"supranaturale-kommunikationserfahrungen\"><strong>Supranaturale Kommunikationserfahrungen<\/strong><\/h4>\n\n\n\n<p>Eine supranaturale Kommunikationserfahrung bezeichnet eine \u00fcbernat\u00fcrliche Kommunikationserfahrung zwischen zwei oder mehr Wesen, die den bekannten Naturgesetzen nicht unterworfen ist. Eine Transzendenzerfahrung kann mit einer supranaturalen Kommunikationserfahrung einhergehen, jedoch ist dies keineswegs Bedingung. Wenn ein die Grenze \u00fcberschreitendes Wesen lediglich visuelle Wahrnehmungen erlebt, ist keine Kommunikation erforderlich. Erfolgt jedoch eine Kommunikation zwischen Wesen \u00fcber die Grenze hinweg, kann die Verst\u00e4ndigung nur auf \u00fcbernat\u00fcrliche Art und Weise geschehen.<\/p>\n\n\n\n<p>Die Kommunikation zwischen dem Engel und Petrus dient als Beispiel f\u00fcr eine supranaturale Kommunikationserfahrung des Petrus. Offensichtlich konnte er den Engel nicht nur akustisch klar und deutlich verstehen, sondern auch den Sinn dessen, was der Engel ihm zu sagen hatte. Dies l\u00e4sst den Schluss zu, dass der Engel in der Muttersprache des Petrus kommunizierte.<\/p>\n\n\n\n<h3 class=\"wp-block-heading\" id=\"abgrenzung-zu-psychischen-storungen\"><strong>Abgrenzung zu psychischen St\u00f6rungen<\/strong><\/h3>\n\n\n\n<p>Bei der Betrachtung von Transzendenzerfahrungen und supranaturalen Kommunikationserfahrungen ist stets auch zu bedenken, dass m\u00f6glicherweise bei einem Berichtenden eine psychische St\u00f6rung, insbesondere eine Psychose, vorliegen k\u00f6nnte. Ein Symptomkomplex der Psychose besteht in ungew\u00f6hnlichen Wahrnehmungen und Vorstellungen. Wahnvorstellungen und Halluzinationen gelten als typische Anzeichen f\u00fcr eine Psychose, wobei \u201ePsychose\u201c als Sammelbegriff f\u00fcr schwere psychische St\u00f6rungen zu verstehen ist.<\/p>\n\n\n\n<p>Betroffene verlieren vor\u00fcbergehend oder anhaltend den Bezug zur Realit\u00e4t. Sie haben mitunter das Gef\u00fchl, Dinge zu h\u00f6ren, zu sehen, zu riechen oder zu schmecken, die Mitmenschen so nicht wahrnehmen. Dabei gehen Betroffene davon aus, dass allein ihre Wahrnehmung die \u201eRichtige\u201c ist und alle ihrer Mitmenschen eine falsche Wahrnehmung haben. Insofern geht eine Psychose mit schwerwiegenden Denkst\u00f6rungen einher.<\/p>\n","protected":false},"excerpt":{"rendered":"<p>Grenz\u00fcberschreitende Erfahrungen setzen die Durchl\u00e4ssigkeit der Grenze zwischen dem Diesseits und dem Jenseits voraus. Ist die Grenze in beiden Richtungen durchl\u00e4ssig? Schon vor Jahrtausenden hatten Menschen zumindest eine&hellip;<\/p>\n","protected":false},"author":2,"featured_media":11124,"comment_status":"closed","ping_status":"open","sticky":false,"template":"template-full-width-only-content.php","format":"standard","meta":{"footnotes":""},"categories":[212],"tags":[],"yoast_head":"<!-- This site is optimized with the Yoast SEO plugin v24.5 - https:\/\/yoast.com\/wordpress\/plugins\/seo\/ -->\n<title>Grenz\u00fcberschreitende Erfahrungen \u2013 was ist m\u00f6glich?<\/title>\n<meta name=\"description\" content=\"Grenz\u00fcberschreitende Erfahrungen setzen die Durchl\u00e4ssigkeit der Grenze zwischen Diesseits und Jenseits voraus. Wie durchl\u00e4ssig ist sie?\" \/>\n<meta name=\"robots\" content=\"index, follow, max-snippet:-1, max-image-preview:large, max-video-preview:-1\" \/>\n<link rel=\"canonical\" href=\"https:\/\/dieter-jenz.de\/lc\/grenzueberschreitende-erfahrungen\/\" \/>\n<meta property=\"og:locale\" content=\"de_DE\" \/>\n<meta property=\"og:type\" content=\"article\" \/>\n<meta property=\"og:title\" content=\"Grenz\u00fcberschreitende Erfahrungen \u2013 was ist m\u00f6glich?\" \/>\n<meta property=\"og:description\" content=\"Grenz\u00fcberschreitende Erfahrungen setzen die Durchl\u00e4ssigkeit der Grenze zwischen Diesseits und Jenseits voraus. Wie durchl\u00e4ssig ist sie?\" \/>\n<meta property=\"og:url\" content=\"https:\/\/dieter-jenz.de\/lc\/grenzueberschreitende-erfahrungen\/\" \/>\n<meta property=\"og:site_name\" content=\"Dieter Jenz, Begleitung und Coaching\" \/>\n<meta property=\"article:publisher\" content=\"https:\/\/www.facebook.com\/dieter.jenz.inspiration\" \/>\n<meta property=\"article:author\" content=\"https:\/\/www.facebook.com\/dieter.jenz.inspiration\" \/>\n<meta property=\"article:published_time\" content=\"2024-02-02T10:00:00+00:00\" \/>\n<meta property=\"article:modified_time\" content=\"2024-03-08T13:58:55+00:00\" \/>\n<meta property=\"og:image\" content=\"https:\/\/dieter-jenz.de\/lc\/wp-content\/uploads\/2024\/02\/Beitragsbild-Grenzueberschreitende-Erfahrungen.jpeg\" \/>\n\t<meta property=\"og:image:width\" content=\"800\" \/>\n\t<meta property=\"og:image:height\" content=\"800\" \/>\n\t<meta property=\"og:image:type\" content=\"image\/jpeg\" \/>\n<meta name=\"author\" content=\"Dieter Jenz\" \/>\n<meta name=\"twitter:card\" content=\"summary_large_image\" \/>\n<meta name=\"twitter:creator\" content=\"@https:\/\/twitter.com\/dieterjenz\" \/>\n<meta name=\"twitter:site\" content=\"@dieterjenz\" \/>\n<meta name=\"twitter:label1\" content=\"Verfasst von\" \/>\n\t<meta name=\"twitter:data1\" content=\"Dieter Jenz\" \/>\n\t<meta name=\"twitter:label2\" content=\"Gesch\u00e4tzte Lesezeit\" \/>\n\t<meta name=\"twitter:data2\" content=\"12\u00a0Minuten\" \/>\n<script type=\"application\/ld+json\" class=\"yoast-schema-graph\">{\"@context\":\"https:\/\/schema.org\",\"@graph\":[{\"@type\":\"Article\",\"@id\":\"https:\/\/dieter-jenz.de\/lc\/grenzueberschreitende-erfahrungen\/#article\",\"isPartOf\":{\"@id\":\"https:\/\/dieter-jenz.de\/lc\/grenzueberschreitende-erfahrungen\/\"},\"author\":{\"name\":\"Dieter Jenz\",\"@id\":\"https:\/\/dieter-jenz.de\/lc\/#\/schema\/person\/618cfd5c289d0a23930cb258a43679ab\"},\"headline\":\"Grenz\u00fcberschreitende Erfahrungen \u2013 was ist m\u00f6glich?\",\"datePublished\":\"2024-02-02T10:00:00+00:00\",\"dateModified\":\"2024-03-08T13:58:55+00:00\",\"mainEntityOfPage\":{\"@id\":\"https:\/\/dieter-jenz.de\/lc\/grenzueberschreitende-erfahrungen\/\"},\"wordCount\":2007,\"publisher\":{\"@id\":\"https:\/\/dieter-jenz.de\/lc\/#\/schema\/person\/618cfd5c289d0a23930cb258a43679ab\"},\"image\":{\"@id\":\"https:\/\/dieter-jenz.de\/lc\/grenzueberschreitende-erfahrungen\/#primaryimage\"},\"thumbnailUrl\":\"https:\/\/dieter-jenz.de\/lc\/wp-content\/uploads\/2024\/02\/Beitragsbild-Grenzueberschreitende-Erfahrungen.jpeg\",\"articleSection\":[\"Lebensfragen\"],\"inLanguage\":\"de\"},{\"@type\":\"WebPage\",\"@id\":\"https:\/\/dieter-jenz.de\/lc\/grenzueberschreitende-erfahrungen\/\",\"url\":\"https:\/\/dieter-jenz.de\/lc\/grenzueberschreitende-erfahrungen\/\",\"name\":\"Grenz\u00fcberschreitende Erfahrungen \u2013 was ist m\u00f6glich?\",\"isPartOf\":{\"@id\":\"https:\/\/dieter-jenz.de\/lc\/#website\"},\"primaryImageOfPage\":{\"@id\":\"https:\/\/dieter-jenz.de\/lc\/grenzueberschreitende-erfahrungen\/#primaryimage\"},\"image\":{\"@id\":\"https:\/\/dieter-jenz.de\/lc\/grenzueberschreitende-erfahrungen\/#primaryimage\"},\"thumbnailUrl\":\"https:\/\/dieter-jenz.de\/lc\/wp-content\/uploads\/2024\/02\/Beitragsbild-Grenzueberschreitende-Erfahrungen.jpeg\",\"datePublished\":\"2024-02-02T10:00:00+00:00\",\"dateModified\":\"2024-03-08T13:58:55+00:00\",\"description\":\"Grenz\u00fcberschreitende Erfahrungen setzen die Durchl\u00e4ssigkeit der Grenze zwischen Diesseits und Jenseits voraus. Wie durchl\u00e4ssig ist sie?\",\"breadcrumb\":{\"@id\":\"https:\/\/dieter-jenz.de\/lc\/grenzueberschreitende-erfahrungen\/#breadcrumb\"},\"inLanguage\":\"de\",\"potentialAction\":[{\"@type\":\"ReadAction\",\"target\":[\"https:\/\/dieter-jenz.de\/lc\/grenzueberschreitende-erfahrungen\/\"]}]},{\"@type\":\"ImageObject\",\"inLanguage\":\"de\",\"@id\":\"https:\/\/dieter-jenz.de\/lc\/grenzueberschreitende-erfahrungen\/#primaryimage\",\"url\":\"https:\/\/dieter-jenz.de\/lc\/wp-content\/uploads\/2024\/02\/Beitragsbild-Grenzueberschreitende-Erfahrungen.jpeg\",\"contentUrl\":\"https:\/\/dieter-jenz.de\/lc\/wp-content\/uploads\/2024\/02\/Beitragsbild-Grenzueberschreitende-Erfahrungen.jpeg\",\"width\":800,\"height\":800,\"caption\":\"Gestaltung: privat\"},{\"@type\":\"BreadcrumbList\",\"@id\":\"https:\/\/dieter-jenz.de\/lc\/grenzueberschreitende-erfahrungen\/#breadcrumb\",\"itemListElement\":[{\"@type\":\"ListItem\",\"position\":1,\"name\":\"Home\",\"item\":\"https:\/\/dieter-jenz.de\/lc\/\"},{\"@type\":\"ListItem\",\"position\":2,\"name\":\"Lebensfragen\",\"item\":\"https:\/\/dieter-jenz.de\/lc\/category\/lebensfragen\/\"},{\"@type\":\"ListItem\",\"position\":3,\"name\":\"Grenz\u00fcberschreitende Erfahrungen \u2013 was ist m\u00f6glich?\"}]},{\"@type\":\"WebSite\",\"@id\":\"https:\/\/dieter-jenz.de\/lc\/#website\",\"url\":\"https:\/\/dieter-jenz.de\/lc\/\",\"name\":\"Dieter Jenz, Begleitung und Coaching\",\"description\":\"Die andere, neue Sichtweise entdecken - auftanken - neue Wege gehen\",\"publisher\":{\"@id\":\"https:\/\/dieter-jenz.de\/lc\/#\/schema\/person\/618cfd5c289d0a23930cb258a43679ab\"},\"potentialAction\":[{\"@type\":\"SearchAction\",\"target\":{\"@type\":\"EntryPoint\",\"urlTemplate\":\"https:\/\/dieter-jenz.de\/lc\/?s={search_term_string}\"},\"query-input\":{\"@type\":\"PropertyValueSpecification\",\"valueRequired\":true,\"valueName\":\"search_term_string\"}}],\"inLanguage\":\"de\"},{\"@type\":[\"Person\",\"Organization\"],\"@id\":\"https:\/\/dieter-jenz.de\/lc\/#\/schema\/person\/618cfd5c289d0a23930cb258a43679ab\",\"name\":\"Dieter Jenz\",\"image\":{\"@type\":\"ImageObject\",\"inLanguage\":\"de\",\"@id\":\"https:\/\/dieter-jenz.de\/lc\/#\/schema\/person\/image\/\",\"url\":\"https:\/\/dieter-jenz.de\/lc\/wp-content\/uploads\/2020\/01\/Logo-Coaching-und-Begleitung.png\",\"contentUrl\":\"https:\/\/dieter-jenz.de\/lc\/wp-content\/uploads\/2020\/01\/Logo-Coaching-und-Begleitung.png\",\"width\":320,\"height\":240,\"caption\":\"Dieter Jenz\"},\"logo\":{\"@id\":\"https:\/\/dieter-jenz.de\/lc\/#\/schema\/person\/image\/\"},\"description\":\"Ich bin Dieter Jenz, Begleiter, Berater und Coach mit Leidenschaft. \u00dcber viele Jahre hinweg habe ich einen reichen Schatz an Kompetenz und Erfahrung erworben. Meine Themen sind die \\\"4L\\\": Lebensaufgabe, Lebensplanung, Lebensnavigation und Lebensqualit\u00e4t.\",\"sameAs\":[\"https:\/\/www.facebook.com\/dieter.jenz.inspiration\",\"https:\/\/www.pinterest.de\/dieterjenz\/\",\"https:\/\/x.com\/https:\/\/twitter.com\/dieterjenz\"],\"url\":\"https:\/\/dieter-jenz.de\/lc\/author\/dieter\/\"}]}<\/script>\n<!-- \/ Yoast SEO plugin. -->","yoast_head_json":{"title":"Grenz\u00fcberschreitende Erfahrungen \u2013 was ist m\u00f6glich?","description":"Grenz\u00fcberschreitende Erfahrungen setzen die Durchl\u00e4ssigkeit der Grenze zwischen Diesseits und Jenseits voraus. Wie durchl\u00e4ssig ist sie?","robots":{"index":"index","follow":"follow","max-snippet":"max-snippet:-1","max-image-preview":"max-image-preview:large","max-video-preview":"max-video-preview:-1"},"canonical":"https:\/\/dieter-jenz.de\/lc\/grenzueberschreitende-erfahrungen\/","og_locale":"de_DE","og_type":"article","og_title":"Grenz\u00fcberschreitende Erfahrungen \u2013 was ist m\u00f6glich?","og_description":"Grenz\u00fcberschreitende Erfahrungen setzen die Durchl\u00e4ssigkeit der Grenze zwischen Diesseits und Jenseits voraus. Wie durchl\u00e4ssig ist sie?","og_url":"https:\/\/dieter-jenz.de\/lc\/grenzueberschreitende-erfahrungen\/","og_site_name":"Dieter Jenz, Begleitung und Coaching","article_publisher":"https:\/\/www.facebook.com\/dieter.jenz.inspiration","article_author":"https:\/\/www.facebook.com\/dieter.jenz.inspiration","article_published_time":"2024-02-02T10:00:00+00:00","article_modified_time":"2024-03-08T13:58:55+00:00","og_image":[{"width":800,"height":800,"url":"https:\/\/dieter-jenz.de\/lc\/wp-content\/uploads\/2024\/02\/Beitragsbild-Grenzueberschreitende-Erfahrungen.jpeg","type":"image\/jpeg"}],"author":"Dieter Jenz","twitter_card":"summary_large_image","twitter_creator":"@https:\/\/twitter.com\/dieterjenz","twitter_site":"@dieterjenz","twitter_misc":{"Verfasst von":"Dieter Jenz","Gesch\u00e4tzte Lesezeit":"12\u00a0Minuten"},"schema":{"@context":"https:\/\/schema.org","@graph":[{"@type":"Article","@id":"https:\/\/dieter-jenz.de\/lc\/grenzueberschreitende-erfahrungen\/#article","isPartOf":{"@id":"https:\/\/dieter-jenz.de\/lc\/grenzueberschreitende-erfahrungen\/"},"author":{"name":"Dieter Jenz","@id":"https:\/\/dieter-jenz.de\/lc\/#\/schema\/person\/618cfd5c289d0a23930cb258a43679ab"},"headline":"Grenz\u00fcberschreitende Erfahrungen \u2013 was ist m\u00f6glich?","datePublished":"2024-02-02T10:00:00+00:00","dateModified":"2024-03-08T13:58:55+00:00","mainEntityOfPage":{"@id":"https:\/\/dieter-jenz.de\/lc\/grenzueberschreitende-erfahrungen\/"},"wordCount":2007,"publisher":{"@id":"https:\/\/dieter-jenz.de\/lc\/#\/schema\/person\/618cfd5c289d0a23930cb258a43679ab"},"image":{"@id":"https:\/\/dieter-jenz.de\/lc\/grenzueberschreitende-erfahrungen\/#primaryimage"},"thumbnailUrl":"https:\/\/dieter-jenz.de\/lc\/wp-content\/uploads\/2024\/02\/Beitragsbild-Grenzueberschreitende-Erfahrungen.jpeg","articleSection":["Lebensfragen"],"inLanguage":"de"},{"@type":"WebPage","@id":"https:\/\/dieter-jenz.de\/lc\/grenzueberschreitende-erfahrungen\/","url":"https:\/\/dieter-jenz.de\/lc\/grenzueberschreitende-erfahrungen\/","name":"Grenz\u00fcberschreitende Erfahrungen \u2013 was ist m\u00f6glich?","isPartOf":{"@id":"https:\/\/dieter-jenz.de\/lc\/#website"},"primaryImageOfPage":{"@id":"https:\/\/dieter-jenz.de\/lc\/grenzueberschreitende-erfahrungen\/#primaryimage"},"image":{"@id":"https:\/\/dieter-jenz.de\/lc\/grenzueberschreitende-erfahrungen\/#primaryimage"},"thumbnailUrl":"https:\/\/dieter-jenz.de\/lc\/wp-content\/uploads\/2024\/02\/Beitragsbild-Grenzueberschreitende-Erfahrungen.jpeg","datePublished":"2024-02-02T10:00:00+00:00","dateModified":"2024-03-08T13:58:55+00:00","description":"Grenz\u00fcberschreitende Erfahrungen setzen die Durchl\u00e4ssigkeit der Grenze zwischen Diesseits und Jenseits voraus. Wie durchl\u00e4ssig ist sie?","breadcrumb":{"@id":"https:\/\/dieter-jenz.de\/lc\/grenzueberschreitende-erfahrungen\/#breadcrumb"},"inLanguage":"de","potentialAction":[{"@type":"ReadAction","target":["https:\/\/dieter-jenz.de\/lc\/grenzueberschreitende-erfahrungen\/"]}]},{"@type":"ImageObject","inLanguage":"de","@id":"https:\/\/dieter-jenz.de\/lc\/grenzueberschreitende-erfahrungen\/#primaryimage","url":"https:\/\/dieter-jenz.de\/lc\/wp-content\/uploads\/2024\/02\/Beitragsbild-Grenzueberschreitende-Erfahrungen.jpeg","contentUrl":"https:\/\/dieter-jenz.de\/lc\/wp-content\/uploads\/2024\/02\/Beitragsbild-Grenzueberschreitende-Erfahrungen.jpeg","width":800,"height":800,"caption":"Gestaltung: privat"},{"@type":"BreadcrumbList","@id":"https:\/\/dieter-jenz.de\/lc\/grenzueberschreitende-erfahrungen\/#breadcrumb","itemListElement":[{"@type":"ListItem","position":1,"name":"Home","item":"https:\/\/dieter-jenz.de\/lc\/"},{"@type":"ListItem","position":2,"name":"Lebensfragen","item":"https:\/\/dieter-jenz.de\/lc\/category\/lebensfragen\/"},{"@type":"ListItem","position":3,"name":"Grenz\u00fcberschreitende Erfahrungen \u2013 was ist m\u00f6glich?"}]},{"@type":"WebSite","@id":"https:\/\/dieter-jenz.de\/lc\/#website","url":"https:\/\/dieter-jenz.de\/lc\/","name":"Dieter Jenz, Begleitung und Coaching","description":"Die andere, neue Sichtweise entdecken - auftanken - neue Wege gehen","publisher":{"@id":"https:\/\/dieter-jenz.de\/lc\/#\/schema\/person\/618cfd5c289d0a23930cb258a43679ab"},"potentialAction":[{"@type":"SearchAction","target":{"@type":"EntryPoint","urlTemplate":"https:\/\/dieter-jenz.de\/lc\/?s={search_term_string}"},"query-input":{"@type":"PropertyValueSpecification","valueRequired":true,"valueName":"search_term_string"}}],"inLanguage":"de"},{"@type":["Person","Organization"],"@id":"https:\/\/dieter-jenz.de\/lc\/#\/schema\/person\/618cfd5c289d0a23930cb258a43679ab","name":"Dieter Jenz","image":{"@type":"ImageObject","inLanguage":"de","@id":"https:\/\/dieter-jenz.de\/lc\/#\/schema\/person\/image\/","url":"https:\/\/dieter-jenz.de\/lc\/wp-content\/uploads\/2020\/01\/Logo-Coaching-und-Begleitung.png","contentUrl":"https:\/\/dieter-jenz.de\/lc\/wp-content\/uploads\/2020\/01\/Logo-Coaching-und-Begleitung.png","width":320,"height":240,"caption":"Dieter Jenz"},"logo":{"@id":"https:\/\/dieter-jenz.de\/lc\/#\/schema\/person\/image\/"},"description":"Ich bin Dieter Jenz, Begleiter, Berater und Coach mit Leidenschaft. \u00dcber viele Jahre hinweg habe ich einen reichen Schatz an Kompetenz und Erfahrung erworben. Meine Themen sind die \"4L\": Lebensaufgabe, Lebensplanung, Lebensnavigation und Lebensqualit\u00e4t.","sameAs":["https:\/\/www.facebook.com\/dieter.jenz.inspiration","https:\/\/www.pinterest.de\/dieterjenz\/","https:\/\/x.com\/https:\/\/twitter.com\/dieterjenz"],"url":"https:\/\/dieter-jenz.de\/lc\/author\/dieter\/"}]}},"_links":{"self":[{"href":"https:\/\/dieter-jenz.de\/lc\/wp-json\/wp\/v2\/posts\/11118"}],"collection":[{"href":"https:\/\/dieter-jenz.de\/lc\/wp-json\/wp\/v2\/posts"}],"about":[{"href":"https:\/\/dieter-jenz.de\/lc\/wp-json\/wp\/v2\/types\/post"}],"author":[{"embeddable":true,"href":"https:\/\/dieter-jenz.de\/lc\/wp-json\/wp\/v2\/users\/2"}],"replies":[{"embeddable":true,"href":"https:\/\/dieter-jenz.de\/lc\/wp-json\/wp\/v2\/comments?post=11118"}],"version-history":[{"count":4,"href":"https:\/\/dieter-jenz.de\/lc\/wp-json\/wp\/v2\/posts\/11118\/revisions"}],"predecessor-version":[{"id":11425,"href":"https:\/\/dieter-jenz.de\/lc\/wp-json\/wp\/v2\/posts\/11118\/revisions\/11425"}],"wp:featuredmedia":[{"embeddable":true,"href":"https:\/\/dieter-jenz.de\/lc\/wp-json\/wp\/v2\/media\/11124"}],"wp:attachment":[{"href":"https:\/\/dieter-jenz.de\/lc\/wp-json\/wp\/v2\/media?parent=11118"}],"wp:term":[{"taxonomy":"category","embeddable":true,"href":"https:\/\/dieter-jenz.de\/lc\/wp-json\/wp\/v2\/categories?post=11118"},{"taxonomy":"post_tag","embeddable":true,"href":"https:\/\/dieter-jenz.de\/lc\/wp-json\/wp\/v2\/tags?post=11118"}],"curies":[{"name":"wp","href":"https:\/\/api.w.org\/{rel}","templated":true}]}}