{"id":11239,"date":"2024-02-23T11:00:00","date_gmt":"2024-02-23T10:00:00","guid":{"rendered":"https:\/\/dieter-jenz.de\/lc\/?p=11239"},"modified":"2024-02-26T09:54:45","modified_gmt":"2024-02-26T08:54:45","slug":"wie-erleben-kinder-eine-sterbebettvision","status":"publish","type":"post","link":"https:\/\/dieter-jenz.de\/lc\/wie-erleben-kinder-eine-sterbebettvision\/","title":{"rendered":"Wie erleben Kinder eine Sterbebettvision?"},"content":{"rendered":"<div class=\"yoast-breadcrumbs\"><span><span><a href=\"https:\/\/dieter-jenz.de\/lc\/\">Home<\/a><\/span> \u00bb <span><a href=\"https:\/\/dieter-jenz.de\/lc\/category\/lebensfragen\/\">Lebensfragen<\/a><\/span> \u00bb <span class=\"breadcrumb_last\" aria-current=\"page\"><strong>Wie erleben Kinder eine Sterbebettvision?<\/strong><\/span><\/span><\/div>\n\n\n<div style=\"height:40px\" aria-hidden=\"true\" class=\"wp-block-spacer\"><\/div>\n\n\n\n<p>Wie erleben Kinder Sterbebettvisionen? Gibt es Unterschiede im Vergleich zu den Sterbebettvisionen Erwachsener?<\/p>\n\n\n\n<p><strong>Inhalte:<\/strong><\/p>\n\n\n\n<nav class=\"wp-block-table-of-contents\"><ol><li><a class=\"wp-block-table-of-contents__entry\" href=\"https:\/\/dieter-jenz.de\/lc\/wie-erleben-kinder-eine-sterbebettvision\/#verstandnis-von-sterben-und-tod-bei-kindern\">Verst\u00e4ndnis von Sterben und Tod bei Kindern<\/a><\/li><li><a class=\"wp-block-table-of-contents__entry\" href=\"https:\/\/dieter-jenz.de\/lc\/wie-erleben-kinder-eine-sterbebettvision\/#sterbebettvisionen-in-den-letzten-wochen-vor-dem-tod\">Sterbebettvisionen in den letzten Wochen vor dem Tod<\/a><ol><li><a class=\"wp-block-table-of-contents__entry\" href=\"https:\/\/dieter-jenz.de\/lc\/wie-erleben-kinder-eine-sterbebettvision\/#jessica\">Jessica<\/a><\/li><li><a class=\"wp-block-table-of-contents__entry\" href=\"https:\/\/dieter-jenz.de\/lc\/wie-erleben-kinder-eine-sterbebettvision\/#ginny\">Ginny<\/a><\/li><\/ol><\/li><li><a class=\"wp-block-table-of-contents__entry\" href=\"https:\/\/dieter-jenz.de\/lc\/wie-erleben-kinder-eine-sterbebettvision\/#sterbebettvisionen-unmittelbar-vor-dem-tod\">Sterbebettvisionen unmittelbar vor dem Tod<\/a><ol><li><a class=\"wp-block-table-of-contents__entry\" href=\"https:\/\/dieter-jenz.de\/lc\/wie-erleben-kinder-eine-sterbebettvision\/#abholung-eines-kindes-durch-engel\">Abholung eines Kindes durch Engel<\/a><\/li><li><a class=\"wp-block-table-of-contents__entry\" href=\"https:\/\/dieter-jenz.de\/lc\/wie-erleben-kinder-eine-sterbebettvision\/#begegnung-mit-dem-vater\">Begegnung mit dem Vater<\/a><\/li><\/ol><\/li><li><a class=\"wp-block-table-of-contents__entry\" href=\"https:\/\/dieter-jenz.de\/lc\/wie-erleben-kinder-eine-sterbebettvision\/#folgerungen\">Folgerungen<\/a><\/li><\/ol><\/nav>\n\n\n\n<div class=\"wp-block-media-text is-stacked-on-mobile has-background-background-color has-background\" style=\"grid-template-columns:15% auto\"><figure class=\"wp-block-media-text__media\"><a href=\"https:\/\/dieter-jenz.de\/lc\/was-geschieht-mit-mir-wenn-ich-sterbe\/\"><img loading=\"lazy\" decoding=\"async\" width=\"800\" height=\"800\" src=\"https:\/\/dieter-jenz.de\/lc\/wp-content\/uploads\/2022\/03\/Beitragsbild-Was-geschieht-mit-mir-wenn-ich-sterbe.jpeg\" alt=\"Was geschieht mit mir wenn ich sterbe - Gestaltung: privat\" class=\"wp-image-7029 size-full\" srcset=\"https:\/\/dieter-jenz.de\/lc\/wp-content\/uploads\/2022\/03\/Beitragsbild-Was-geschieht-mit-mir-wenn-ich-sterbe.jpeg 800w, https:\/\/dieter-jenz.de\/lc\/wp-content\/uploads\/2022\/03\/Beitragsbild-Was-geschieht-mit-mir-wenn-ich-sterbe-300x300.jpeg 300w, https:\/\/dieter-jenz.de\/lc\/wp-content\/uploads\/2022\/03\/Beitragsbild-Was-geschieht-mit-mir-wenn-ich-sterbe-150x150.jpeg 150w, https:\/\/dieter-jenz.de\/lc\/wp-content\/uploads\/2022\/03\/Beitragsbild-Was-geschieht-mit-mir-wenn-ich-sterbe-768x768.jpeg 768w, https:\/\/dieter-jenz.de\/lc\/wp-content\/uploads\/2022\/03\/Beitragsbild-Was-geschieht-mit-mir-wenn-ich-sterbe-540x540.jpeg 540w\" sizes=\"(max-width: 800px) 100vw, 800px\" \/><\/a><\/figure><div class=\"wp-block-media-text__content\">\n<p class=\"has-border-background-color has-background has-normal-font-size\">Dieser Beitrag ist Teil der Serie &#8222;<em>Was geschieht mit mir wenn ich sterbe?<\/em>&#8220; <br>Grobes <a href=\"https:\/\/dieter-jenz.de\/lc\/was-geschieht-mit-mir-wenn-ich-sterbe\/\" target=\"_blank\" rel=\"noreferrer noopener\">Inhaltsverzeichnis<\/a><\/p>\n<\/div><\/div>\n\n\n\n<p>Auch im Hinblick auf Sterbevisionen bei Kindern liegen eine Vielzahl von Schilderungen vor. W\u00e4hrend bei Erwachsenen davon ausgegangen werden kann, dass die Auswirkungen von Sterben und Tod bekannt und bewusst sind, kann dies bei Kindern nicht unbedingt vorausgesetzt werden. Zun\u00e4chst stellt sich deshalb die Frage, ab welchem Alter Kinder die Konsequenzen ermessen k\u00f6nnen.<\/p>\n\n\n<div class=\"su-box su-box-style-default\" id=\"\" style=\"border-color:#000000;border-radius:3px;\"><div class=\"su-box-title\" style=\"background-color:#333333;color:#FFFFFF;border-top-left-radius:1px;border-top-right-radius:1px\">Letzte Beitr\u00e4ge <\/div><div class=\"su-box-content su-u-clearfix su-u-trim\" style=\"border-bottom-left-radius:1px;border-bottom-right-radius:1px\"><div class=\"su-expand su-expand-collapsed su-expand-link-style-default\" data-height=\"100\"><div class=\"su-expand-content su-u-trim\" style=\"color:#333333;max-height:100px;overflow:hidden\">\n\n<div class=\"su-posts su-posts-teaser-loop \">\n\n\t\t\t\t\t\t\n\t\t\t\n\t\t\t<div id=\"su-post-12357\" class=\"su-post \">\n\t\t\t\t\t\t\t\t\t<a class=\"su-post-thumbnail\" href=\"https:\/\/dieter-jenz.de\/lc\/die-realitaet-das-individuelle-selbst-befindet-sich-nicht-im-gehirn\/\"><img loading=\"lazy\" decoding=\"async\" width=\"800\" height=\"800\" src=\"https:\/\/dieter-jenz.de\/lc\/wp-content\/uploads\/2024\/11\/Beitragsbild-Realitaet-Individuelles-Selbst-nicht-im-Gehirn.jpeg\" class=\"attachment-post-thumbnail size-post-thumbnail wp-post-image\" alt=\"Realit\u00e4t Das individuelle Selbst befindet sich nicht im Gehirn - Gestaltung: privat\" \/><\/a>\n\t\t\t\t\t\t\t\t<h2 class=\"su-post-title\"><a href=\"https:\/\/dieter-jenz.de\/lc\/die-realitaet-das-individuelle-selbst-befindet-sich-nicht-im-gehirn\/\">Die Realit\u00e4t: Das individuelle Selbst befindet sich nicht im Gehirn<\/a><\/h2>\n\t\t\t<\/div>\n\n\t\t\t\t\t\n\t\t\t\n\t\t\t<div id=\"su-post-12328\" class=\"su-post \">\n\t\t\t\t\t\t\t\t\t<a class=\"su-post-thumbnail\" href=\"https:\/\/dieter-jenz.de\/lc\/verifikation-der-eis-hypothese-ungewoehnliche-erinnerungen\/\"><img loading=\"lazy\" decoding=\"async\" width=\"800\" height=\"800\" src=\"https:\/\/dieter-jenz.de\/lc\/wp-content\/uploads\/2024\/11\/Beitragsbild-Verifikation-EIS-Hypothese-Ungewoehnliche-Erinnerungen.jpeg\" class=\"attachment-post-thumbnail size-post-thumbnail wp-post-image\" alt=\"Verifikation frt EIS-Hypothese: Ungew\u00f6hnliche Erinnerungen - Gestaltung: privat\" \/><\/a>\n\t\t\t\t\t\t\t\t<h2 class=\"su-post-title\"><a href=\"https:\/\/dieter-jenz.de\/lc\/verifikation-der-eis-hypothese-ungewoehnliche-erinnerungen\/\">Verifikation der EIS-Hypothese: Ungew\u00f6hnliche Erinnerungen<\/a><\/h2>\n\t\t\t<\/div>\n\n\t\t\t\t\t\n\t\t\t\n\t\t\t<div id=\"su-post-12313\" class=\"su-post \">\n\t\t\t\t\t\t\t\t\t<a class=\"su-post-thumbnail\" href=\"https:\/\/dieter-jenz.de\/lc\/verifikation-der-eis-hypothese-terminale-geistesklarheit\/\"><img loading=\"lazy\" decoding=\"async\" width=\"800\" height=\"800\" src=\"https:\/\/dieter-jenz.de\/lc\/wp-content\/uploads\/2024\/11\/Beitragsbild-Verifikation-EIS-Hypothese-Terminale-Geistesklarheit.jpeg\" class=\"attachment-post-thumbnail size-post-thumbnail wp-post-image\" alt=\"Verifikation der EIS-Hypothese: Terminale Geistesklarheit - Gestaltung: privat\" \/><\/a>\n\t\t\t\t\t\t\t\t<h2 class=\"su-post-title\"><a href=\"https:\/\/dieter-jenz.de\/lc\/verifikation-der-eis-hypothese-terminale-geistesklarheit\/\">Verifikation der EIS-Hypothese: Terminale Geistesklarheit<\/a><\/h2>\n\t\t\t<\/div>\n\n\t\t\t\t\t\n\t\t\t\n\t\t\t<div id=\"su-post-12248\" class=\"su-post \">\n\t\t\t\t\t\t\t\t\t<a class=\"su-post-thumbnail\" href=\"https:\/\/dieter-jenz.de\/lc\/verifikation-der-eis-hypothese-nahtoderfahrung\/\"><img loading=\"lazy\" decoding=\"async\" width=\"800\" height=\"800\" src=\"https:\/\/dieter-jenz.de\/lc\/wp-content\/uploads\/2024\/10\/Beitragsbild-Verifikation-EIS-Hypothese-Nahtoderfahrung.jpeg\" class=\"attachment-post-thumbnail size-post-thumbnail wp-post-image\" alt=\"Verifikation der EIS-Hypothese: Nahtoderfahrung - Gestaltung: privat\" \/><\/a>\n\t\t\t\t\t\t\t\t<h2 class=\"su-post-title\"><a href=\"https:\/\/dieter-jenz.de\/lc\/verifikation-der-eis-hypothese-nahtoderfahrung\/\">Verifikation der EIS-Hypothese: Nahtoderfahrung<\/a><\/h2>\n\t\t\t<\/div>\n\n\t\t\t\t\t\n\t\t\t\n\t\t\t<div id=\"su-post-12193\" class=\"su-post \">\n\t\t\t\t\t\t\t\t\t<a class=\"su-post-thumbnail\" href=\"https:\/\/dieter-jenz.de\/lc\/das-losloesungsszenario-ist-es-plausibel\/\"><img loading=\"lazy\" decoding=\"async\" width=\"800\" height=\"800\" src=\"https:\/\/dieter-jenz.de\/lc\/wp-content\/uploads\/2024\/09\/Beitragsbild-Losloesungsszenario.jpeg\" class=\"attachment-post-thumbnail size-post-thumbnail wp-post-image\" alt=\"Losl\u00f6sungsszenario - Gestaltung: privat\" \/><\/a>\n\t\t\t\t\t\t\t\t<h2 class=\"su-post-title\"><a href=\"https:\/\/dieter-jenz.de\/lc\/das-losloesungsszenario-ist-es-plausibel\/\">Das Losl\u00f6sungsszenario &#8211; ist es plausibel?<\/a><\/h2>\n\t\t\t<\/div>\n\n\t\t\t\t\t\n\t\t\t\n\t\t\t<div id=\"su-post-12174\" class=\"su-post \">\n\t\t\t\t\t\t\t\t\t<a class=\"su-post-thumbnail\" href=\"https:\/\/dieter-jenz.de\/lc\/das-evakuierungsszenario-ist-es-plausibel\/\"><img loading=\"lazy\" decoding=\"async\" width=\"800\" height=\"800\" src=\"https:\/\/dieter-jenz.de\/lc\/wp-content\/uploads\/2024\/09\/Beitragsbild-Evakuierungsszenario.jpeg\" class=\"attachment-post-thumbnail size-post-thumbnail wp-post-image\" alt=\"Evakuierungsszenario - Gestaltung: privat\" \/><\/a>\n\t\t\t\t\t\t\t\t<h2 class=\"su-post-title\"><a href=\"https:\/\/dieter-jenz.de\/lc\/das-evakuierungsszenario-ist-es-plausibel\/\">Das Evakuierungsszenario &#8211; ist es plausibel?<\/a><\/h2>\n\t\t\t<\/div>\n\n\t\t\t\t\t\n\t\t\t\n\t\t\t<div id=\"su-post-12136\" class=\"su-post \">\n\t\t\t\t\t\t\t\t\t<a class=\"su-post-thumbnail\" href=\"https:\/\/dieter-jenz.de\/lc\/das-erloeschungsszenario-ist-es-plausibel\/\"><img loading=\"lazy\" decoding=\"async\" width=\"800\" height=\"800\" src=\"https:\/\/dieter-jenz.de\/lc\/wp-content\/uploads\/2024\/09\/Beitragsbild-Erloeschungsszenario.jpeg\" class=\"attachment-post-thumbnail size-post-thumbnail wp-post-image\" alt=\"Erl\u00f6schungsszenario - Gestaltung: privat\" \/><\/a>\n\t\t\t\t\t\t\t\t<h2 class=\"su-post-title\"><a href=\"https:\/\/dieter-jenz.de\/lc\/das-erloeschungsszenario-ist-es-plausibel\/\">Das Erl\u00f6schungsszenario &#8211; ist es plausibel?<\/a><\/h2>\n\t\t\t<\/div>\n\n\t\t\t\t\t\n\t\t\t\n\t\t\t<div id=\"su-post-11981\" class=\"su-post \">\n\t\t\t\t\t\t\t\t\t<a class=\"su-post-thumbnail\" href=\"https:\/\/dieter-jenz.de\/lc\/was-sind-nahtoderfahrungenwie-werden-sie-erlebt\/\"><img loading=\"lazy\" decoding=\"async\" width=\"800\" height=\"800\" src=\"https:\/\/dieter-jenz.de\/lc\/wp-content\/uploads\/2024\/07\/Beitragsbild-Was-sind-Nahtoderfahrungen.jpeg\" class=\"attachment-post-thumbnail size-post-thumbnail wp-post-image\" alt=\"Was sind Nahtoderfahrungen - Gestaltung: privat\" \/><\/a>\n\t\t\t\t\t\t\t\t<h2 class=\"su-post-title\"><a href=\"https:\/\/dieter-jenz.de\/lc\/was-sind-nahtoderfahrungenwie-werden-sie-erlebt\/\">Was sind Nahtoderfahrungen? Wie werden sie erlebt?<\/a><\/h2>\n\t\t\t<\/div>\n\n\t\t\t\t\t\n\t\t\t\n\t\t\t<div id=\"su-post-11947\" class=\"su-post \">\n\t\t\t\t\t\t\t\t\t<a class=\"su-post-thumbnail\" href=\"https:\/\/dieter-jenz.de\/lc\/taktile-kommunikation-was-verbirgt-sich-dahinter\/\"><img loading=\"lazy\" decoding=\"async\" width=\"800\" height=\"800\" src=\"https:\/\/dieter-jenz.de\/lc\/wp-content\/uploads\/2024\/07\/Beitragsbild-Taktile-Kommunikation.jpeg\" class=\"attachment-post-thumbnail size-post-thumbnail wp-post-image\" alt=\"Taktile Kommunikation - Gestaltung: privat\" \/><\/a>\n\t\t\t\t\t\t\t\t<h2 class=\"su-post-title\"><a href=\"https:\/\/dieter-jenz.de\/lc\/taktile-kommunikation-was-verbirgt-sich-dahinter\/\">Taktile Kommunikation \u2013 was verbirgt sich dahinter?<\/a><\/h2>\n\t\t\t<\/div>\n\n\t\t\t\t\t\n\t\t\t\n\t\t\t<div id=\"su-post-11943\" class=\"su-post \">\n\t\t\t\t\t\t\t\t\t<a class=\"su-post-thumbnail\" href=\"https:\/\/dieter-jenz.de\/lc\/olfaktorische-kommunikation-was-verbirgt-sich-dahinter\/\"><img loading=\"lazy\" decoding=\"async\" width=\"800\" height=\"800\" src=\"https:\/\/dieter-jenz.de\/lc\/wp-content\/uploads\/2024\/07\/Beitragsbild-Olfaktorische-Kommunikation.jpeg\" class=\"attachment-post-thumbnail size-post-thumbnail wp-post-image\" alt=\"Olfaktorische Kommunikation - Gestaltung: privat\" \/><\/a>\n\t\t\t\t\t\t\t\t<h2 class=\"su-post-title\"><a href=\"https:\/\/dieter-jenz.de\/lc\/olfaktorische-kommunikation-was-verbirgt-sich-dahinter\/\">Olfaktorische Kommunikation \u2013 was verbirgt sich dahinter?<\/a><\/h2>\n\t\t\t<\/div>\n\n\t\t\t\n<\/div>\n  <\/div><div class=\"su-expand-link su-expand-link-more\" style=\"text-align:left\"><a href=\"javascript:;\" style=\"color:#0088FF;border-color:#0088FF\"><span style=\"border-color:#0088FF\">Mehr anzeigen<\/span><\/a><\/div><div class=\"su-expand-link su-expand-link-less\" style=\"text-align:left\"><a href=\"javascript:;\" style=\"color:#0088FF;border-color:#0088FF\"><span style=\"border-color:#0088FF\">Weniger anzeigen<\/span><\/a><\/div><\/div><\/div><\/div>\n\n\n\n<h3 class=\"wp-block-heading\" id=\"verstandnis-von-sterben-und-tod-bei-kindern\"><strong>Verst\u00e4ndnis von Sterben und Tod bei Kindern<\/strong><\/h3>\n\n\n\n<p>Verst\u00e4ndlicherweise haben Kinder je nach Alter ein sehr unterschiedliches Verst\u00e4ndnis von Sterben und Tod. F\u00fcr Kinder im Alter bis drei Jahren sind Sterben und Tod nicht begreifbar. Sie k\u00f6nnen die Endg\u00fcltigkeit kognitiv noch nicht erfassen. Im Alter zwischen drei und sechs Jahren k\u00f6nnen Kinder erste vage Vorstellungen von Sterben und Tod entwickeln. Kinder beziehen Sterben und Tod stets auf andere Personen, k\u00f6nnen noch keinen Bezug zu sich selbst herstellen. Erst im Alter zwischen sechs und neun Jahren ist dies m\u00f6glich. Auch die Endg\u00fcltigkeit des Todes kann in dieser Altersspanne bewusstwerden, obwohl von Begreifen im Allgemeinen noch keine Rede sein kann.<\/p>\n\n\n\n<p>Erst im Lauf der Pubert\u00e4t (innerhalb der etwa im Alter von zehn Jahren beginnenden Adoleszenzphase) k\u00f6nnen Kinder verstehen, dass der Tod etwas Endg\u00fcltiges ist. In diesem Alter besch\u00e4ftigen sich Kinder auch mit Sinnfragen, wie beispielsweise \u201eWelchen Sinn hat mein Leben?\u201c oder \u201eGibt es ein Weiterleben nach dem Tod?\u201c Kinder n\u00e4hern sich in ihrem Verst\u00e4ndnis von Sterben und Tod allm\u00e4hlich den Vorstellungen Erwachsener an. Nunmehr erkennen Kinder ganz realistisch, dass Sterben und Tod auch in ihrem Leben irgendwann Realit\u00e4t werden. Diese Ereignisse werden als unausweichlich und unumkehrbar gesehen.<\/p>\n\n\n\n<p>Kinder nehmen in diesem Alter auch die Auswirkungen von Sterben und Tod auf die Hinterbliebenen wahr. Sie k\u00f6nnen Empathie empfinden und sich in die Trauer der Hinterbliebenen hineindenken. Sie gestalten jedoch auch die Trauer f\u00fcr sich selbst, entwickeln durchaus auch eigene Trauerrituale.<\/p>\n\n\n\n<div class=\"wp-block-group\"><div class=\"wp-block-group__inner-container is-layout-constrained wp-block-group-is-layout-constrained\">\n<figure class=\"wp-block-gallery has-nested-images columns-4 is-cropped wp-block-gallery-1 is-layout-flex wp-block-gallery-is-layout-flex\">\n<figure class=\"wp-block-image size-large\"><a href=\"https:\/\/dieter-jenz.de\/lc\/portal-lebensweisheiten\/\" target=\"_blank\" rel=\"noreferrer noopener\"><img loading=\"lazy\" decoding=\"async\" width=\"800\" height=\"800\" data-id=\"10179\" src=\"https:\/\/dieter-jenz.de\/lc\/wp-content\/uploads\/2023\/12\/Lebensweisheiten.jpeg\" alt=\"Lebensweisheiten - Gestaltung: privat\" class=\"wp-image-10179\" srcset=\"https:\/\/dieter-jenz.de\/lc\/wp-content\/uploads\/2023\/12\/Lebensweisheiten.jpeg 800w, https:\/\/dieter-jenz.de\/lc\/wp-content\/uploads\/2023\/12\/Lebensweisheiten-300x300.jpeg 300w, https:\/\/dieter-jenz.de\/lc\/wp-content\/uploads\/2023\/12\/Lebensweisheiten-150x150.jpeg 150w, https:\/\/dieter-jenz.de\/lc\/wp-content\/uploads\/2023\/12\/Lebensweisheiten-768x768.jpeg 768w, https:\/\/dieter-jenz.de\/lc\/wp-content\/uploads\/2023\/12\/Lebensweisheiten-540x540.jpeg 540w\" sizes=\"(max-width: 800px) 100vw, 800px\" \/><\/a><figcaption class=\"wp-element-caption\">Gestaltung: privat<\/figcaption><\/figure>\n\n\n\n<figure class=\"wp-block-image size-large\"><a href=\"https:\/\/dieter-jenz.de\/lc\/portal-evergreen-themen\/\" target=\"_blank\" rel=\"noreferrer noopener\"><img loading=\"lazy\" decoding=\"async\" width=\"800\" height=\"800\" data-id=\"10200\" src=\"https:\/\/dieter-jenz.de\/lc\/wp-content\/uploads\/2023\/12\/Evergreen-Themen.jpeg\" alt=\"Evergreen-Themen - Gestaltung: privat\" class=\"wp-image-10200\" srcset=\"https:\/\/dieter-jenz.de\/lc\/wp-content\/uploads\/2023\/12\/Evergreen-Themen.jpeg 800w, https:\/\/dieter-jenz.de\/lc\/wp-content\/uploads\/2023\/12\/Evergreen-Themen-300x300.jpeg 300w, https:\/\/dieter-jenz.de\/lc\/wp-content\/uploads\/2023\/12\/Evergreen-Themen-150x150.jpeg 150w, https:\/\/dieter-jenz.de\/lc\/wp-content\/uploads\/2023\/12\/Evergreen-Themen-768x768.jpeg 768w, https:\/\/dieter-jenz.de\/lc\/wp-content\/uploads\/2023\/12\/Evergreen-Themen-540x540.jpeg 540w\" sizes=\"(max-width: 800px) 100vw, 800px\" \/><\/a><figcaption class=\"wp-element-caption\">Gestaltung: privat<\/figcaption><\/figure>\n\n\n\n<figure class=\"wp-block-image size-large\"><a href=\"https:\/\/dieter-jenz.de\/lc\/portal-wissensdurst\/\" target=\"_blank\" rel=\"noreferrer noopener\"><img loading=\"lazy\" decoding=\"async\" width=\"800\" height=\"800\" data-id=\"10177\" src=\"https:\/\/dieter-jenz.de\/lc\/wp-content\/uploads\/2023\/12\/Wissensdurst-Blick-durch-den-Tuerspalt.jpeg\" alt=\"Wissensdurst, Blick durch den T\u00fcrspalt - Gestaltung: privat\" class=\"wp-image-10177\" srcset=\"https:\/\/dieter-jenz.de\/lc\/wp-content\/uploads\/2023\/12\/Wissensdurst-Blick-durch-den-Tuerspalt.jpeg 800w, https:\/\/dieter-jenz.de\/lc\/wp-content\/uploads\/2023\/12\/Wissensdurst-Blick-durch-den-Tuerspalt-300x300.jpeg 300w, https:\/\/dieter-jenz.de\/lc\/wp-content\/uploads\/2023\/12\/Wissensdurst-Blick-durch-den-Tuerspalt-150x150.jpeg 150w, https:\/\/dieter-jenz.de\/lc\/wp-content\/uploads\/2023\/12\/Wissensdurst-Blick-durch-den-Tuerspalt-768x768.jpeg 768w, https:\/\/dieter-jenz.de\/lc\/wp-content\/uploads\/2023\/12\/Wissensdurst-Blick-durch-den-Tuerspalt-540x540.jpeg 540w\" sizes=\"(max-width: 800px) 100vw, 800px\" \/><\/a><figcaption class=\"wp-element-caption\">Gestaltung: privat<\/figcaption><\/figure>\n<\/figure>\n<\/div><\/div>\n\n\n\n<p>Im Jugendalter entwickelt sich ein verst\u00e4rktes Interesse im Hinblick auf Fragen nach dem Jenseits. Unterschiedliche Konzepte (beispielsweise \u201emit dem Tod ist alles vorbei und danach kommt nichts mehr\u201c, \u201edie Seele existiert in einem Jenseits weiter\u201c) werden gedanklich bearbeitet.<\/p>\n\n\n\n<p>Diese groben Klassifizierungen nach Altersspannen k\u00f6nnen nur einen ungef\u00e4hren Anhaltspunkt bieten. Ausschlaggebend f\u00fcr die Vorstellungen eines Kindes ist stets, was es selbst in seinem Umfeld wahrnimmt. Im Unterschied zu Erwachsenen kennen Kinder oft noch keinen Menschen im Familienkreis, der w\u00e4hrend ihres noch kurzen Lebens verstorben ist. Eher von Sterben und Tod betroffen sind Haustiere, die schon vor der Geburt gewisserma\u00dfen zur Familie geh\u00f6rten, und die eine geringere Lebenserwartung als Menschen haben (Hunde, als Beispiel, werden im Durchschnitt 10 bis 15 Jahre alt).<\/p>\n\n\n\n<p>Wenn ein Kind einen Todesfall in seinem engeren Umfeld oder den Tod eines geliebten Haustiers miterlebt, werden dadurch Empfindungen ausgel\u00f6st, die zu einer intensiveren gedanklichen Auseinandersetzung mit Sterben und Tod f\u00fchren. Demgegen\u00fcber wird ein Kind, das beispielsweise Sterben und Tod nur aus Filmen kennt, v\u00f6llig andere Empfindungen erleben. Es mag m\u00f6glicherweise den Eindruck gewinnen, dass Sterben und Tod \u201ereparabel\u201c sind, wenn ein in einem Film gestorbener Schauspieler in einem anderen Film wieder auftaucht.<\/p>\n\n\n\n<p>Wenn Erwachsene in Gegenwart von Kindern \u00fcber Sterben und Tod sprechen, kann dies bei Kindern, abh\u00e4ngig von ihrem Entwicklungsstand, durchaus angstbesetzte Vorstellungen ausl\u00f6sen. Wird beispielsweise davon gesprochen, dass die Seele beim Tod den K\u00f6rper verl\u00e4sst, kann dies zur Vorstellung f\u00fchren, dass eine Austritts\u00f6ffnung f\u00fcr die Seele geschaffen werden muss, und dass dies Schmerzen verursachen kann.<\/p>\n\n\n\n<h3 class=\"wp-block-heading\" id=\"sterbebettvisionen-in-den-letzten-wochen-vor-dem-tod\"><strong>Sterbebettvisionen in den letzten Wochen vor dem Tod<\/strong><\/h3>\n\n\n\n<p>Qualifizierte Aussagen dar\u00fcber, wie Kinder Sterbebettvisionen wahrnehmen, lassen sich am Ehesten treffen, wenn sie \u00fcber einen l\u00e4ngeren Zeitraum hinweg von \u00e4rztlichem Fachpersonal behandelt und begleitet werden. Eine der sehr wenigen Quellen ist das Buch des Hospizarztes Christopher Kerr, der in seinem Buch \u201eDie Tr\u00e4ume der Sterbenden\u201c die Tr\u00e4ume und Visionen einiger seiner jungen Patientinnen schildert. Er behandelte und begleitete mehrere Kinder, die an unheilbaren und lebensverk\u00fcrzenden Krankheiten litten, w\u00e4hrend der letzten Zeit ihres Lebens.<\/p>\n\n\n\n<h4 class=\"wp-block-heading\" id=\"jessica\"><strong><strong>Jessica<\/strong><\/strong><\/h4>\n\n\n\n<p>Christopher Kerrs erste Patientin war die dreizehnj\u00e4hrige Jessica, die an einer seltenen Form von Knochenkrebs erkrankt war. Weder Jessicas Mutter noch sie selbst erkundigten sich nach einer Prognose oder der vermuteten Lebenserwartung. Jessica schien intuitiv zu verstehen, dass sie bald sterben musste. Dieses Wissen um ihr baldiges Lebensende war nach Ansicht von Christopher Kerr auf ihre Tr\u00e4ume und Visionen zur\u00fcckzuf\u00fchren.<\/p>\n\n\n\n<p>Bei seiner ersten Begegnung mit Jessica nahm Christopher Kerr das Kind als im Hier und Jetzt lebend wahr (S.&nbsp;182): \u201e\u2026 <em>ich traf auf ein putzmunteres junges M\u00e4dchen, das es kaum erwarten konnte, mir von seinem Tag, seiner Mutter, seinen Haustieren und Tr\u00e4umen zu erz\u00e4hlen. Jessica hielt sich nicht damit auf, ein Leben zu betrauern, das sie nie w\u00fcrde leben d\u00fcrfen, oder \u00fcber einen Beruf beziehungsweise Kinder zu sprechen, die sie nie haben sollte. Sie bereute nichts, machte sich keinen Kopf \u00fcber ungelegte Eier, verpasste Chancen oder all die anderen Themen, die Erwachsene oft so belasten. Daf\u00fcr lebte sie viel zu sehr im Jetzt, ungeachtet ihrer Schmerzen und der Nebenwirkungen, die die Behandlungen hatten<\/em>.\u201c<\/p>\n\n\n\n<p>In ihren Tr\u00e4umen erlebte Jessica eine himmlische Welt (S. 182&nbsp;f.): \u201e<em>Jessica zeigte sich von der himmlischen Welt fasziniert, in die ihre Tr\u00e4ume sie entf\u00fchrten. Darin war ihr k\u00fcrzlich verstorbener Hund Shadow wieder gesund und tobte nach Lust und Laune herum<\/em>. [\u2026] <em>Dass Shadows Auftauchen in ihren Tr\u00e4umen \u00bbLiebe\u00ab zu bedeuten hatte, war Jessica sofort klar. Der Hund war kein Sargtr\u00e4ger, sondern Botschafter. Und er hatte ebenjene Liebe und Unterst\u00fctzung im Gep\u00e4ck, die sie brauchte, um zur letzten Reise ihres Lebens aufbrechen zu k\u00f6nnen<\/em>.\u201c Shadows gelegentliche \u201eBesuche\u201c waren f\u00fcr Jessica ein Hinweis, dass sie bald sterben w\u00fcrde.<\/p>\n\n\n\n<p>Jessica begegnete in ihren Tr\u00e4umen nicht nur ihrem bereits verstorbenen Hund, sondern auch der ebenfalls verstorbenen Mary, der besten Freundin ihrer Mutter. Auch Jessica mochte Mary sehr. Als Jessica acht Jahre alt war, verstarb Mary 35j\u00e4hrig an Leuk\u00e4mie. Mary nahm in Jessicas Tr\u00e4umen gewisserma\u00dfen die Stelle ihrer Mutter ein und gab ihr eine Sicherheit, dass sie \u201eauf der anderen Seite\u201c von einer ihr vertrauten Person erwartet werden w\u00fcrde. Dadurch wurde ihr die Angst vor der gef\u00fcrchteten Abwesenheit ihrer Mutter genommen. Schlie\u00dflich kannte sie ein Leben ohne ihre alleinerziehende Mutter nicht. Die Beziehung zwischen Mutter und Tochter war w\u00e4hrend der Zeit der Krankheit noch enger geworden.<\/p>\n\n\n<div class=\"su-box su-box-style-default\" id=\"\" style=\"border-color:#000000;border-radius:3px;\"><div class=\"su-box-title\" style=\"background-color:#333333;color:#FFFFFF;border-top-left-radius:1px;border-top-right-radius:1px\">Weitere Informationen und Ressourcen <\/div><div class=\"su-box-content su-u-clearfix su-u-trim\" style=\"border-bottom-left-radius:1px;border-bottom-right-radius:1px\"> <div class=\"su-list\" style=\"margin-left:0px\"> <\/p>\n<ul>\n<li><i class=\"sui sui-info-circle\" style=\"color:#333\"><\/i> <a href=\"https:\/\/dieter-jenz.de\/lc\/ausgangssituation-ziel-vorgehensweise-aktueller-stand\/\" title=\"Ausgangssituation, Ziel, Vorgehensweise\" target=\"_blank\" rel=\"\" class=\"\">Ausgangssituation, Ziel, Vorgehensweise, aktueller Stand<\/a> <\/li>\n<\/ul>\n<p> <\/div> <div class=\"su-list\" style=\"margin-left:0px\"> <\/p>\n<ul>\n<li><i class=\"sui sui-info-circle\" style=\"color:#333\"><\/i> <a href=\"https:\/\/dieter-jenz.de\/lc\/was-kommt-nach-dem-tod-erstes-zwischenfazit\/\" title=\"Erstes Zwischenfazit\" target=\"_blank\" rel=\"\" class=\"\">Was kommt nach dem Tod? &#8211; Erstes Zwischenfazit<\/a> <\/li>\n<\/ul>\n<p> <\/div> <div class=\"su-list\" style=\"margin-left:0px\"> <\/p>\n<ul>\n<li><i class=\"sui sui-info-circle\" style=\"color:#333\"><\/i> <a href=\"https:\/\/dieter-jenz.de\/lc\/ressourcen-wie-geht-es-nach-dem-tod-weiter\/\" title=\"Literatur und sonstige Ressourcen\" target=\"_blank\" rel=\"\" class=\"\">Literatur und sonstige Ressourcen<\/a> <\/li>\n<\/ul>\n<p> <\/div> <div class=\"su-list\" style=\"margin-left:0px\"> <\/p>\n<ul>\n<li><i class=\"sui sui-info-circle\" style=\"color:#333\"><\/i> <a href=\"https:\/\/dieter-jenz.de\/lc\/glossar-begriffe-transzendenzerfahrungen-lebensfragen\/\" title=\"Glossar der Begriffe zu Transzendenzerfahrungen\" target=\"_blank\" rel=\"\" class=\"\">Glossar der Begriffe im Kontext von Transzendenzerfahrungen<\/a> <\/li>\n<\/ul>\n<p> <\/div> <div class=\"su-list\" style=\"margin-left:0px\"> <\/p>\n<ul>\n<li><i class=\"sui sui-info-circle\" style=\"color:#333\"><\/i> <a href=\"https:\/\/dieter-jenz.de\/lc\/faq-haeufig-gestellte-fragen-was-kommt-nach-dem-tod\/\" title=\"FAQ (H\u00e4ufig gestellte Fragen)\" target=\"_blank\" rel=\"\" class=\"\">H\u00e4ufig gestellte Fragen (FAQ) &#8211; Was kommt nach dem Tod?<\/a> <\/li>\n<\/ul>\n<p> <\/div>   <\/div><\/div>\n\n\n\n<h4 class=\"wp-block-heading\" id=\"ginny\"><strong><strong><strong><strong><strong><strong><strong>Ginny<\/strong><\/strong><\/strong><\/strong><\/strong><\/strong><\/strong><\/h4>\n\n\n\n<p>Christopher Kerr schildert des Weiteren Begegnungen mit Ginny, die eigentlich Virginia Rose hie\u00df. Sie war erst vier Jahre alt, als sie an Leuk\u00e4mie erkrankte. Die daraufhin veranlasste Therapie war erfolgreich. Gut zehn Jahre sp\u00e4ter bereitete sich die Familie auf die Zehnjahresfeier ihrer Heilung vor. Doch dann wurde ein b\u00f6sartiger, inoperabler und unheilbarer Hirntumor diagnostiziert.<\/p>\n\n\n\n<p>Auch Ginny hatte Tr\u00e4ume und Visionen. In einer Vision \u2013 sie war w\u00e4hrend einer Kernspintomografie eingeschlafen &#8211; begegnete ihr ihre kurz zuvor verstorbene Tante Mimi. Ginny sah im Traum ihre Tante in einer Burg, die Schutz bietet, einem sicheren Ort. Als sie nach der Untersuchung wieder aufwachte, sagte sie ihrer Mutter, dass alles gut werde und sie nicht alleine sei.<\/p>\n\n\n\n<p>Wie Jessica, so wusste auch die nunmehr 16j\u00e4hrige Ginny aus ihren Tr\u00e4umen, dass sie sterben w\u00fcrde. Ihre Tr\u00e4ume wurden umso zahlreicher, umso mehr die Krankheit voranschritt. \u00dcber die letzten Tage vor ihrem Tod schreibt Christopher Kerr (S.&nbsp;198&nbsp;f.): \u201e<em>In den letzten Tagen vor ihrem Tod rief Ginny ungef\u00e4hr alle f\u00fcnfzehn Minuten nach ihrer Mutter. Einmal war Michele gerade wieder in die K\u00fcche gekommen, wo das Empfangsger\u00e4t des Babyfons stand, das sich im Zimmer der Tochter befand. Pl\u00f6tzlich h\u00f6rte sie, dass Ginny offenbar in eine angeregte Unterhaltung verwickelt war, und ging ins Zimmer des M\u00e4dchens, um sich zu erkundigen, mit wem sie gesprochen hatte. \u00bbMit Gott\u00ab, antwortete Ginny. \u00bbDer ist zwar schon ziemlich alt, aber auch irgendwie s\u00fc\u00df.\u00ab Und wie um die Mutter zu beruhigen, f\u00fcgte sie \u2013 eigentlich bemerkenswert f\u00fcr ein M\u00e4dchen, das nicht religi\u00f6s erzogen war und nie zur Kirche ging \u2013 hinzu: \u00bbWei\u00dft du, da, wo ich hingehe, bin ich nicht mehr krank. Du wei\u00dft schon: in der Burg.\u00ab Nach ihrer Begegnung mit Gott h\u00f6rte Ginny auf, st\u00e4ndig nach ihrer Mutter zu rufen. Von nun an fand sie Trost in ihrer opulenten Innenwelt, in die sie einmal Einblick gew\u00e4hrt hatte, was aber jetzt nicht mehr n\u00f6tig war. Als ich sie am n\u00e4chsten Tag besuchte, war sie ruhig und schien sich recht wohl zu f\u00fchlen. Vier Tage sp\u00e4ter starb sie<\/em>.\u201c<\/p>\n\n\n\n<h3 class=\"wp-block-heading\" id=\"sterbebettvisionen-unmittelbar-vor-dem-tod\"><strong><strong><strong><strong><strong><strong><strong>Sterbebettvisionen unmittelbar vor dem Tod<\/strong><\/strong><\/strong><\/strong><\/strong><\/strong><\/strong><\/h3>\n\n\n\n<p>Wie bei Erwachsenen zu beobachten, k\u00f6nnen auch Kinder unmittelbar vor ihrem Tod bereits verstorbene Menschen oder Wesen sehen, die ihnen gewisserma\u00dfen aus dem Jenseits entgegenkommen. Wenn es sich um Verstorbene handelt, bestand zu deren Lebzeiten eine emotionale Beziehung.<\/p>\n\n\n\n<div class=\"wp-block-group\"><div class=\"wp-block-group__inner-container is-layout-constrained wp-block-group-is-layout-constrained\">\n<div class=\"wp-block-group has-background\" style=\"background:radial-gradient(rgba(252,185,0,0.25) 0%,rgba(255,106,0,0.11) 100%)\"><div class=\"wp-block-group__inner-container is-layout-constrained wp-block-group-is-layout-constrained\">\n<p><strong>Gutes und Sinnvolles  tun &#8211; ganz praktisch<\/strong><\/p>\n\n\n<div class=\"wp-block-image\">\n<figure class=\"aligncenter size-full is-resized\"><a href=\"https:\/\/dieter-jenz.de\/lc\/gutes-tun-ganz-praktisch\/\" target=\"_blank\" rel=\"noreferrer noopener\"><img loading=\"lazy\" decoding=\"async\" width=\"600\" height=\"450\" src=\"https:\/\/dieter-jenz.de\/lc\/wp-content\/uploads\/2023\/11\/Geschenk-mit-Text.jpeg\" alt=\"Geschenk mit Text - Gestaltung: privat\" class=\"wp-image-9969\" style=\"width:300px\" srcset=\"https:\/\/dieter-jenz.de\/lc\/wp-content\/uploads\/2023\/11\/Geschenk-mit-Text.jpeg 600w, https:\/\/dieter-jenz.de\/lc\/wp-content\/uploads\/2023\/11\/Geschenk-mit-Text-300x225.jpeg 300w, https:\/\/dieter-jenz.de\/lc\/wp-content\/uploads\/2023\/11\/Geschenk-mit-Text-540x405.jpeg 540w, https:\/\/dieter-jenz.de\/lc\/wp-content\/uploads\/2023\/11\/Geschenk-mit-Text-150x113.jpeg 150w\" sizes=\"(max-width: 600px) 100vw, 600px\" \/><\/a><figcaption class=\"wp-element-caption\">Gestaltung: privat<\/figcaption><\/figure><\/div>\n\n\n<p>Mit einem Klick auf das Bild gelangen Sie zum zugeh\u00f6rigen Text.<\/p>\n<\/div><\/div>\n<\/div><\/div>\n\n\n\n<h4 class=\"wp-block-heading\" id=\"abholung-eines-kindes-durch-engel\"><strong>Abholung eines Kindes durch Engel<\/strong><\/h4>\n\n\n\n<p>In dem Buch \u201e7 Botschaften des Himmels\u201c gibt die Autorin, Mary C. Neal, die Schilderung einer Frau namens Nancy wieder (S.&nbsp;47): \u201e<em>Meine Mutter wurde 1924 geboren, ihr Bruder einige Jahre davor. Das genaue Jahr wei\u00df ich nicht. Aber als der Kleine zwei Jahre alt war, bekam er Scharlachfieber und lag im Sterben. Seine Mutter wiegte ihn auf der Veranda, als er pl\u00f6tzlich beide Arme hob, wie um von jemandem gehalten zu werden (es war niemand sonst anwesend), und sagte<\/em>: \u00bb<em>Mama, die Engel sind f\u00fcr mich da<\/em>.\u00ab <em>In diesem Moment starb er in ihren Armen<\/em>.\u201c<\/p>\n\n\n\n<p>Der Junge schien bereits eine Vorstellung von Engeln gehabt zu haben. Er konnte die Engel offensichtlich wahrnehmen, die Mutter jedoch nicht.<\/p>\n\n\n\n<h4 class=\"wp-block-heading\" id=\"begegnung-mit-dem-vater\"><strong>Begegnung mit dem Vater<\/strong><\/h4>\n\n\n\n<p>In seinem Buch \u201eDas Sch\u00f6nste kommt noch\u201c gibt Fritz Rienecker das Sterbeerlebnis eines Kindes wieder (S.&nbsp;96): \u201e<em>Ein f\u00fcnfj\u00e4hriges M\u00e4dchen verlor seinen Vater. Er starb jung an Zuckerkrankheit. Als das kleine M\u00e4dchen zehn Jahre alt war, brach die Zuckerkrankheit auch bei ihr aus, und es ging schnell bergab. Als ihre Mutter eines Tages an ihrem Bett sa\u00df und glaubte, ihr Kind w\u00e4re tot, richtete die Kleine sich pl\u00f6tzlich im Bett hoch streckte die Arme aus und rief laut mit jubelnder Freude: <\/em>\u00bb<em>Nun komme ich, mein lieber Vater!<\/em>\u00ab<em> Als sie das gesagt hatte, hauchte sie ihr Leben aus. Die Mutter zweifelte nicht daran, dass das Kind seinen Vater gesehen und wiedererkannt hatte<\/em>.\u201c.<\/p>\n\n\n\n<div class=\"wp-block-media-text is-stacked-on-mobile has-border-background-color has-background\" style=\"grid-template-columns:25% auto\"><figure class=\"wp-block-media-text__media\"><a href=\"https:\/\/dieter-jenz.de\/lc\/wie-erleben-kinder-eine-nahtoderfahrung\/\" target=\"_blank\" rel=\"noreferrer noopener\"><img loading=\"lazy\" decoding=\"async\" width=\"800\" height=\"800\" src=\"https:\/\/dieter-jenz.de\/lc\/wp-content\/uploads\/2022\/07\/Beitragsbild-Wie-erleben-Kinder-eine-Nahtoderfahrung.jpeg\" alt=\"Wie erleben Kinder eine Nahtoderfahrung - Gestaltung: privat\" class=\"wp-image-7279 size-full\" srcset=\"https:\/\/dieter-jenz.de\/lc\/wp-content\/uploads\/2022\/07\/Beitragsbild-Wie-erleben-Kinder-eine-Nahtoderfahrung.jpeg 800w, https:\/\/dieter-jenz.de\/lc\/wp-content\/uploads\/2022\/07\/Beitragsbild-Wie-erleben-Kinder-eine-Nahtoderfahrung-300x300.jpeg 300w, https:\/\/dieter-jenz.de\/lc\/wp-content\/uploads\/2022\/07\/Beitragsbild-Wie-erleben-Kinder-eine-Nahtoderfahrung-150x150.jpeg 150w, https:\/\/dieter-jenz.de\/lc\/wp-content\/uploads\/2022\/07\/Beitragsbild-Wie-erleben-Kinder-eine-Nahtoderfahrung-768x768.jpeg 768w, https:\/\/dieter-jenz.de\/lc\/wp-content\/uploads\/2022\/07\/Beitragsbild-Wie-erleben-Kinder-eine-Nahtoderfahrung-540x540.jpeg 540w\" sizes=\"(max-width: 800px) 100vw, 800px\" \/><\/a><\/figure><div class=\"wp-block-media-text__content\">\n<p><strong>Auch interessant:<\/strong><\/p>\n\n\n\n<p><a href=\"https:\/\/dieter-jenz.de\/lc\/wie-erleben-kinder-eine-nahtoderfahrung\/\" target=\"_blank\" rel=\"noreferrer noopener\">Wie erleben Kinder eine Nahtoderfahrung?<\/a><\/p>\n<\/div><\/div>\n\n\n\n<h3 class=\"wp-block-heading\" id=\"folgerungen\">Folgerunge<strong><strong><strong><strong><strong>n<\/strong><\/strong><\/strong><\/strong><\/strong><\/h3>\n\n\n\n<p>Wie sich aus den hier kurz skizzierten Sterbebettvisionen, die stellvertretend f\u00fcr viele weitere stehen, ableiten l\u00e4sst, erhielten manche Kinder schon in den Wochen vor ihrem Tod durch ihre Tr\u00e4ume und Visionen einen Einblick in den extrauniversalen Existenzraum, das Jenseits. W\u00e4hrend dieser Tr\u00e4ume und Visionen erschienen Diesseits und Jenseits gewisserma\u00dfen vereint. Bereits verstorbene Menschen und Tiere wurden als lebend und gesund bzw. wiederhergestellt wahrgenommen.<\/p>\n\n\n\n<p>Die Frage, ob bzw. inwieweit sich Kinder die Welt in ihren Visionen selbst gestalten oder ob sie gestaltet wird, muss ungekl\u00e4rt bleiben. Jedenfalls haben die Sterbebettvisionen f\u00fcr Kinder etwas Beruhigendes und nehmen ihnen \u00c4ngste. Christopher Kerr dr\u00fcckt es so aus (S.&nbsp;205): \u201e<em>Die \u00c4ngste, die wir haben, sind ihnen <\/em>[den Kindern]<em> fremd. F\u00fcr junge Menschen haftet dem Ende ihres Lebens nichts Unvollendetes an. Wo wir <\/em>[Erwachsene]<em> nur Verluste sehen, sehen sie Burgen, Engel und treue Haustiere, empfinden sie W\u00e4rme und treffen alte Freunde oder h\u00f6ren sch\u00f6ne Musik. Die Sprache, die Kinder f\u00fcr den Tod und das Sterben finden, k\u00f6nnen wir Erwachsenen deshalb nur so schwer verstehen, weil sie auf Akzeptanz beruht, von neuen Hoffnungen spricht sowie von Befreiung und grenzenloser Liebe<\/em>.\u201c<\/p>\n\n\n\n<p>F\u00fcr Kinder scheint es m\u00f6glich zu sein, Gott und auch Engel (Geistwesen) zu erkennen. Ginny konnte Gott erkennen, obwohl es in ihrem bisherigen Leben keine religi\u00f6sen Bindungen gab. Der zweij\u00e4hrige Junge konnte Engel erkennen, obwohl er in seinem Alter und seinem Entwicklungsstand entsprechend noch keine pr\u00e4zise Vorstellung von Geistwesen haben konnte.<\/p>\n","protected":false},"excerpt":{"rendered":"<p>Wie erleben Kinder Sterbebettvisionen? Gibt es Unterschiede im Vergleich zu den Sterbebettvisionen Erwachsener? Auch im Hinblick auf Sterbevisionen bei Kindern liegen eine Vielzahl von Schilderungen vor. W\u00e4hrend bei&hellip;<\/p>\n","protected":false},"author":2,"featured_media":11252,"comment_status":"closed","ping_status":"open","sticky":false,"template":"template-full-width-only-content.php","format":"standard","meta":{"footnotes":""},"categories":[212],"tags":[],"yoast_head":"<!-- This site is optimized with the Yoast SEO plugin v24.5 - https:\/\/yoast.com\/wordpress\/plugins\/seo\/ -->\n<title>Wie erleben Kinder eine Sterbebettvision?<\/title>\n<meta name=\"description\" content=\"Wie erleben Kinder Sterbebettvisionen? Gibt es Unterschiede im Vergleich zu den Sterbebettvisionen Erwachsener?\" \/>\n<meta name=\"robots\" content=\"index, follow, max-snippet:-1, max-image-preview:large, max-video-preview:-1\" \/>\n<link rel=\"canonical\" href=\"https:\/\/dieter-jenz.de\/lc\/wie-erleben-kinder-eine-sterbebettvision\/\" \/>\n<meta property=\"og:locale\" content=\"de_DE\" \/>\n<meta property=\"og:type\" content=\"article\" \/>\n<meta property=\"og:title\" content=\"Wie erleben Kinder eine Sterbebettvision?\" \/>\n<meta property=\"og:description\" content=\"Wie erleben Kinder Sterbebettvisionen? Gibt es Unterschiede im Vergleich zu den Sterbebettvisionen Erwachsener?\" \/>\n<meta property=\"og:url\" content=\"https:\/\/dieter-jenz.de\/lc\/wie-erleben-kinder-eine-sterbebettvision\/\" \/>\n<meta property=\"og:site_name\" content=\"Dieter Jenz, Begleitung und Coaching\" \/>\n<meta property=\"article:publisher\" content=\"https:\/\/www.facebook.com\/dieter.jenz.inspiration\" \/>\n<meta property=\"article:author\" content=\"https:\/\/www.facebook.com\/dieter.jenz.inspiration\" \/>\n<meta property=\"article:published_time\" content=\"2024-02-23T10:00:00+00:00\" \/>\n<meta property=\"article:modified_time\" content=\"2024-02-26T08:54:45+00:00\" \/>\n<meta property=\"og:image\" content=\"https:\/\/dieter-jenz.de\/lc\/wp-content\/uploads\/2024\/02\/Beitragsbild-Wie-erleben-Kinder-eine-Sterbebettvision.jpeg\" \/>\n\t<meta property=\"og:image:width\" content=\"800\" \/>\n\t<meta property=\"og:image:height\" content=\"800\" \/>\n\t<meta property=\"og:image:type\" content=\"image\/jpeg\" \/>\n<meta name=\"author\" content=\"Dieter Jenz\" \/>\n<meta name=\"twitter:card\" content=\"summary_large_image\" \/>\n<meta name=\"twitter:creator\" content=\"@https:\/\/twitter.com\/dieterjenz\" \/>\n<meta name=\"twitter:site\" content=\"@dieterjenz\" \/>\n<meta name=\"twitter:label1\" content=\"Verfasst von\" \/>\n\t<meta name=\"twitter:data1\" content=\"Dieter Jenz\" \/>\n\t<meta name=\"twitter:label2\" content=\"Gesch\u00e4tzte Lesezeit\" \/>\n\t<meta name=\"twitter:data2\" content=\"12\u00a0Minuten\" \/>\n<script type=\"application\/ld+json\" class=\"yoast-schema-graph\">{\"@context\":\"https:\/\/schema.org\",\"@graph\":[{\"@type\":\"Article\",\"@id\":\"https:\/\/dieter-jenz.de\/lc\/wie-erleben-kinder-eine-sterbebettvision\/#article\",\"isPartOf\":{\"@id\":\"https:\/\/dieter-jenz.de\/lc\/wie-erleben-kinder-eine-sterbebettvision\/\"},\"author\":{\"name\":\"Dieter Jenz\",\"@id\":\"https:\/\/dieter-jenz.de\/lc\/#\/schema\/person\/618cfd5c289d0a23930cb258a43679ab\"},\"headline\":\"Wie erleben Kinder eine Sterbebettvision?\",\"datePublished\":\"2024-02-23T10:00:00+00:00\",\"dateModified\":\"2024-02-26T08:54:45+00:00\",\"mainEntityOfPage\":{\"@id\":\"https:\/\/dieter-jenz.de\/lc\/wie-erleben-kinder-eine-sterbebettvision\/\"},\"wordCount\":2037,\"publisher\":{\"@id\":\"https:\/\/dieter-jenz.de\/lc\/#\/schema\/person\/618cfd5c289d0a23930cb258a43679ab\"},\"image\":{\"@id\":\"https:\/\/dieter-jenz.de\/lc\/wie-erleben-kinder-eine-sterbebettvision\/#primaryimage\"},\"thumbnailUrl\":\"https:\/\/dieter-jenz.de\/lc\/wp-content\/uploads\/2024\/02\/Beitragsbild-Wie-erleben-Kinder-eine-Sterbebettvision.jpeg\",\"articleSection\":[\"Lebensfragen\"],\"inLanguage\":\"de\"},{\"@type\":\"WebPage\",\"@id\":\"https:\/\/dieter-jenz.de\/lc\/wie-erleben-kinder-eine-sterbebettvision\/\",\"url\":\"https:\/\/dieter-jenz.de\/lc\/wie-erleben-kinder-eine-sterbebettvision\/\",\"name\":\"Wie erleben Kinder eine Sterbebettvision?\",\"isPartOf\":{\"@id\":\"https:\/\/dieter-jenz.de\/lc\/#website\"},\"primaryImageOfPage\":{\"@id\":\"https:\/\/dieter-jenz.de\/lc\/wie-erleben-kinder-eine-sterbebettvision\/#primaryimage\"},\"image\":{\"@id\":\"https:\/\/dieter-jenz.de\/lc\/wie-erleben-kinder-eine-sterbebettvision\/#primaryimage\"},\"thumbnailUrl\":\"https:\/\/dieter-jenz.de\/lc\/wp-content\/uploads\/2024\/02\/Beitragsbild-Wie-erleben-Kinder-eine-Sterbebettvision.jpeg\",\"datePublished\":\"2024-02-23T10:00:00+00:00\",\"dateModified\":\"2024-02-26T08:54:45+00:00\",\"description\":\"Wie erleben Kinder Sterbebettvisionen? Gibt es Unterschiede im Vergleich zu den Sterbebettvisionen Erwachsener?\",\"breadcrumb\":{\"@id\":\"https:\/\/dieter-jenz.de\/lc\/wie-erleben-kinder-eine-sterbebettvision\/#breadcrumb\"},\"inLanguage\":\"de\",\"potentialAction\":[{\"@type\":\"ReadAction\",\"target\":[\"https:\/\/dieter-jenz.de\/lc\/wie-erleben-kinder-eine-sterbebettvision\/\"]}]},{\"@type\":\"ImageObject\",\"inLanguage\":\"de\",\"@id\":\"https:\/\/dieter-jenz.de\/lc\/wie-erleben-kinder-eine-sterbebettvision\/#primaryimage\",\"url\":\"https:\/\/dieter-jenz.de\/lc\/wp-content\/uploads\/2024\/02\/Beitragsbild-Wie-erleben-Kinder-eine-Sterbebettvision.jpeg\",\"contentUrl\":\"https:\/\/dieter-jenz.de\/lc\/wp-content\/uploads\/2024\/02\/Beitragsbild-Wie-erleben-Kinder-eine-Sterbebettvision.jpeg\",\"width\":800,\"height\":800,\"caption\":\"Gestaltung: privat\"},{\"@type\":\"BreadcrumbList\",\"@id\":\"https:\/\/dieter-jenz.de\/lc\/wie-erleben-kinder-eine-sterbebettvision\/#breadcrumb\",\"itemListElement\":[{\"@type\":\"ListItem\",\"position\":1,\"name\":\"Home\",\"item\":\"https:\/\/dieter-jenz.de\/lc\/\"},{\"@type\":\"ListItem\",\"position\":2,\"name\":\"Lebensfragen\",\"item\":\"https:\/\/dieter-jenz.de\/lc\/category\/lebensfragen\/\"},{\"@type\":\"ListItem\",\"position\":3,\"name\":\"Wie erleben Kinder eine Sterbebettvision?\"}]},{\"@type\":\"WebSite\",\"@id\":\"https:\/\/dieter-jenz.de\/lc\/#website\",\"url\":\"https:\/\/dieter-jenz.de\/lc\/\",\"name\":\"Dieter Jenz, Begleitung und Coaching\",\"description\":\"Die andere, neue Sichtweise entdecken - auftanken - neue Wege gehen\",\"publisher\":{\"@id\":\"https:\/\/dieter-jenz.de\/lc\/#\/schema\/person\/618cfd5c289d0a23930cb258a43679ab\"},\"potentialAction\":[{\"@type\":\"SearchAction\",\"target\":{\"@type\":\"EntryPoint\",\"urlTemplate\":\"https:\/\/dieter-jenz.de\/lc\/?s={search_term_string}\"},\"query-input\":{\"@type\":\"PropertyValueSpecification\",\"valueRequired\":true,\"valueName\":\"search_term_string\"}}],\"inLanguage\":\"de\"},{\"@type\":[\"Person\",\"Organization\"],\"@id\":\"https:\/\/dieter-jenz.de\/lc\/#\/schema\/person\/618cfd5c289d0a23930cb258a43679ab\",\"name\":\"Dieter Jenz\",\"image\":{\"@type\":\"ImageObject\",\"inLanguage\":\"de\",\"@id\":\"https:\/\/dieter-jenz.de\/lc\/#\/schema\/person\/image\/\",\"url\":\"https:\/\/dieter-jenz.de\/lc\/wp-content\/uploads\/2020\/01\/Logo-Coaching-und-Begleitung.png\",\"contentUrl\":\"https:\/\/dieter-jenz.de\/lc\/wp-content\/uploads\/2020\/01\/Logo-Coaching-und-Begleitung.png\",\"width\":320,\"height\":240,\"caption\":\"Dieter Jenz\"},\"logo\":{\"@id\":\"https:\/\/dieter-jenz.de\/lc\/#\/schema\/person\/image\/\"},\"description\":\"Ich bin Dieter Jenz, Begleiter, Berater und Coach mit Leidenschaft. \u00dcber viele Jahre hinweg habe ich einen reichen Schatz an Kompetenz und Erfahrung erworben. Meine Themen sind die \\\"4L\\\": Lebensaufgabe, Lebensplanung, Lebensnavigation und Lebensqualit\u00e4t.\",\"sameAs\":[\"https:\/\/www.facebook.com\/dieter.jenz.inspiration\",\"https:\/\/www.pinterest.de\/dieterjenz\/\",\"https:\/\/x.com\/https:\/\/twitter.com\/dieterjenz\"],\"url\":\"https:\/\/dieter-jenz.de\/lc\/author\/dieter\/\"}]}<\/script>\n<!-- \/ Yoast SEO plugin. -->","yoast_head_json":{"title":"Wie erleben Kinder eine Sterbebettvision?","description":"Wie erleben Kinder Sterbebettvisionen? Gibt es Unterschiede im Vergleich zu den Sterbebettvisionen Erwachsener?","robots":{"index":"index","follow":"follow","max-snippet":"max-snippet:-1","max-image-preview":"max-image-preview:large","max-video-preview":"max-video-preview:-1"},"canonical":"https:\/\/dieter-jenz.de\/lc\/wie-erleben-kinder-eine-sterbebettvision\/","og_locale":"de_DE","og_type":"article","og_title":"Wie erleben Kinder eine Sterbebettvision?","og_description":"Wie erleben Kinder Sterbebettvisionen? Gibt es Unterschiede im Vergleich zu den Sterbebettvisionen Erwachsener?","og_url":"https:\/\/dieter-jenz.de\/lc\/wie-erleben-kinder-eine-sterbebettvision\/","og_site_name":"Dieter Jenz, Begleitung und Coaching","article_publisher":"https:\/\/www.facebook.com\/dieter.jenz.inspiration","article_author":"https:\/\/www.facebook.com\/dieter.jenz.inspiration","article_published_time":"2024-02-23T10:00:00+00:00","article_modified_time":"2024-02-26T08:54:45+00:00","og_image":[{"width":800,"height":800,"url":"https:\/\/dieter-jenz.de\/lc\/wp-content\/uploads\/2024\/02\/Beitragsbild-Wie-erleben-Kinder-eine-Sterbebettvision.jpeg","type":"image\/jpeg"}],"author":"Dieter Jenz","twitter_card":"summary_large_image","twitter_creator":"@https:\/\/twitter.com\/dieterjenz","twitter_site":"@dieterjenz","twitter_misc":{"Verfasst von":"Dieter Jenz","Gesch\u00e4tzte Lesezeit":"12\u00a0Minuten"},"schema":{"@context":"https:\/\/schema.org","@graph":[{"@type":"Article","@id":"https:\/\/dieter-jenz.de\/lc\/wie-erleben-kinder-eine-sterbebettvision\/#article","isPartOf":{"@id":"https:\/\/dieter-jenz.de\/lc\/wie-erleben-kinder-eine-sterbebettvision\/"},"author":{"name":"Dieter Jenz","@id":"https:\/\/dieter-jenz.de\/lc\/#\/schema\/person\/618cfd5c289d0a23930cb258a43679ab"},"headline":"Wie erleben Kinder eine Sterbebettvision?","datePublished":"2024-02-23T10:00:00+00:00","dateModified":"2024-02-26T08:54:45+00:00","mainEntityOfPage":{"@id":"https:\/\/dieter-jenz.de\/lc\/wie-erleben-kinder-eine-sterbebettvision\/"},"wordCount":2037,"publisher":{"@id":"https:\/\/dieter-jenz.de\/lc\/#\/schema\/person\/618cfd5c289d0a23930cb258a43679ab"},"image":{"@id":"https:\/\/dieter-jenz.de\/lc\/wie-erleben-kinder-eine-sterbebettvision\/#primaryimage"},"thumbnailUrl":"https:\/\/dieter-jenz.de\/lc\/wp-content\/uploads\/2024\/02\/Beitragsbild-Wie-erleben-Kinder-eine-Sterbebettvision.jpeg","articleSection":["Lebensfragen"],"inLanguage":"de"},{"@type":"WebPage","@id":"https:\/\/dieter-jenz.de\/lc\/wie-erleben-kinder-eine-sterbebettvision\/","url":"https:\/\/dieter-jenz.de\/lc\/wie-erleben-kinder-eine-sterbebettvision\/","name":"Wie erleben Kinder eine Sterbebettvision?","isPartOf":{"@id":"https:\/\/dieter-jenz.de\/lc\/#website"},"primaryImageOfPage":{"@id":"https:\/\/dieter-jenz.de\/lc\/wie-erleben-kinder-eine-sterbebettvision\/#primaryimage"},"image":{"@id":"https:\/\/dieter-jenz.de\/lc\/wie-erleben-kinder-eine-sterbebettvision\/#primaryimage"},"thumbnailUrl":"https:\/\/dieter-jenz.de\/lc\/wp-content\/uploads\/2024\/02\/Beitragsbild-Wie-erleben-Kinder-eine-Sterbebettvision.jpeg","datePublished":"2024-02-23T10:00:00+00:00","dateModified":"2024-02-26T08:54:45+00:00","description":"Wie erleben Kinder Sterbebettvisionen? Gibt es Unterschiede im Vergleich zu den Sterbebettvisionen Erwachsener?","breadcrumb":{"@id":"https:\/\/dieter-jenz.de\/lc\/wie-erleben-kinder-eine-sterbebettvision\/#breadcrumb"},"inLanguage":"de","potentialAction":[{"@type":"ReadAction","target":["https:\/\/dieter-jenz.de\/lc\/wie-erleben-kinder-eine-sterbebettvision\/"]}]},{"@type":"ImageObject","inLanguage":"de","@id":"https:\/\/dieter-jenz.de\/lc\/wie-erleben-kinder-eine-sterbebettvision\/#primaryimage","url":"https:\/\/dieter-jenz.de\/lc\/wp-content\/uploads\/2024\/02\/Beitragsbild-Wie-erleben-Kinder-eine-Sterbebettvision.jpeg","contentUrl":"https:\/\/dieter-jenz.de\/lc\/wp-content\/uploads\/2024\/02\/Beitragsbild-Wie-erleben-Kinder-eine-Sterbebettvision.jpeg","width":800,"height":800,"caption":"Gestaltung: privat"},{"@type":"BreadcrumbList","@id":"https:\/\/dieter-jenz.de\/lc\/wie-erleben-kinder-eine-sterbebettvision\/#breadcrumb","itemListElement":[{"@type":"ListItem","position":1,"name":"Home","item":"https:\/\/dieter-jenz.de\/lc\/"},{"@type":"ListItem","position":2,"name":"Lebensfragen","item":"https:\/\/dieter-jenz.de\/lc\/category\/lebensfragen\/"},{"@type":"ListItem","position":3,"name":"Wie erleben Kinder eine Sterbebettvision?"}]},{"@type":"WebSite","@id":"https:\/\/dieter-jenz.de\/lc\/#website","url":"https:\/\/dieter-jenz.de\/lc\/","name":"Dieter Jenz, Begleitung und Coaching","description":"Die andere, neue Sichtweise entdecken - auftanken - neue Wege gehen","publisher":{"@id":"https:\/\/dieter-jenz.de\/lc\/#\/schema\/person\/618cfd5c289d0a23930cb258a43679ab"},"potentialAction":[{"@type":"SearchAction","target":{"@type":"EntryPoint","urlTemplate":"https:\/\/dieter-jenz.de\/lc\/?s={search_term_string}"},"query-input":{"@type":"PropertyValueSpecification","valueRequired":true,"valueName":"search_term_string"}}],"inLanguage":"de"},{"@type":["Person","Organization"],"@id":"https:\/\/dieter-jenz.de\/lc\/#\/schema\/person\/618cfd5c289d0a23930cb258a43679ab","name":"Dieter Jenz","image":{"@type":"ImageObject","inLanguage":"de","@id":"https:\/\/dieter-jenz.de\/lc\/#\/schema\/person\/image\/","url":"https:\/\/dieter-jenz.de\/lc\/wp-content\/uploads\/2020\/01\/Logo-Coaching-und-Begleitung.png","contentUrl":"https:\/\/dieter-jenz.de\/lc\/wp-content\/uploads\/2020\/01\/Logo-Coaching-und-Begleitung.png","width":320,"height":240,"caption":"Dieter Jenz"},"logo":{"@id":"https:\/\/dieter-jenz.de\/lc\/#\/schema\/person\/image\/"},"description":"Ich bin Dieter Jenz, Begleiter, Berater und Coach mit Leidenschaft. \u00dcber viele Jahre hinweg habe ich einen reichen Schatz an Kompetenz und Erfahrung erworben. Meine Themen sind die \"4L\": Lebensaufgabe, Lebensplanung, Lebensnavigation und Lebensqualit\u00e4t.","sameAs":["https:\/\/www.facebook.com\/dieter.jenz.inspiration","https:\/\/www.pinterest.de\/dieterjenz\/","https:\/\/x.com\/https:\/\/twitter.com\/dieterjenz"],"url":"https:\/\/dieter-jenz.de\/lc\/author\/dieter\/"}]}},"_links":{"self":[{"href":"https:\/\/dieter-jenz.de\/lc\/wp-json\/wp\/v2\/posts\/11239"}],"collection":[{"href":"https:\/\/dieter-jenz.de\/lc\/wp-json\/wp\/v2\/posts"}],"about":[{"href":"https:\/\/dieter-jenz.de\/lc\/wp-json\/wp\/v2\/types\/post"}],"author":[{"embeddable":true,"href":"https:\/\/dieter-jenz.de\/lc\/wp-json\/wp\/v2\/users\/2"}],"replies":[{"embeddable":true,"href":"https:\/\/dieter-jenz.de\/lc\/wp-json\/wp\/v2\/comments?post=11239"}],"version-history":[{"count":4,"href":"https:\/\/dieter-jenz.de\/lc\/wp-json\/wp\/v2\/posts\/11239\/revisions"}],"predecessor-version":[{"id":11275,"href":"https:\/\/dieter-jenz.de\/lc\/wp-json\/wp\/v2\/posts\/11239\/revisions\/11275"}],"wp:featuredmedia":[{"embeddable":true,"href":"https:\/\/dieter-jenz.de\/lc\/wp-json\/wp\/v2\/media\/11252"}],"wp:attachment":[{"href":"https:\/\/dieter-jenz.de\/lc\/wp-json\/wp\/v2\/media?parent=11239"}],"wp:term":[{"taxonomy":"category","embeddable":true,"href":"https:\/\/dieter-jenz.de\/lc\/wp-json\/wp\/v2\/categories?post=11239"},{"taxonomy":"post_tag","embeddable":true,"href":"https:\/\/dieter-jenz.de\/lc\/wp-json\/wp\/v2\/tags?post=11239"}],"curies":[{"name":"wp","href":"https:\/\/api.w.org\/{rel}","templated":true}]}}