{"id":11461,"date":"2024-03-13T11:00:00","date_gmt":"2024-03-13T10:00:00","guid":{"rendered":"https:\/\/dieter-jenz.de\/lc\/?p=11461"},"modified":"2024-03-13T11:14:03","modified_gmt":"2024-03-13T10:14:03","slug":"koennen-geistwesen-das-leben-im-diesseits-live-mitverfolgen","status":"publish","type":"post","link":"https:\/\/dieter-jenz.de\/lc\/koennen-geistwesen-das-leben-im-diesseits-live-mitverfolgen\/","title":{"rendered":"K\u00f6nnen Geistwesen das Leben im Diesseits live mitverfolgen?"},"content":{"rendered":"<div class=\"yoast-breadcrumbs\"><span><span><a href=\"https:\/\/dieter-jenz.de\/lc\/\">Home<\/a><\/span> \u00bb <span><a href=\"https:\/\/dieter-jenz.de\/lc\/category\/lebensfragen\/\">Lebensfragen<\/a><\/span> \u00bb <span class=\"breadcrumb_last\" aria-current=\"page\"><strong>K\u00f6nnen Geistwesen das Leben im Diesseits live mitverfolgen?<\/strong><\/span><\/span><\/div>\n\n\n<div style=\"height:40px\" aria-hidden=\"true\" class=\"wp-block-spacer\"><\/div>\n\n\n\n<p>K\u00f6nnen Geistwesen das Leben im Diesseits live mitverfolgen? Wie ist es m\u00f6glich, dass Verstorbene (als allochthone Geistwesen) in Nachtodkontakt mit lebenden Menschen gelangen k\u00f6nnen? Unwillk\u00fcrlich schlie\u00dfen sich weitere Fragen an, u.&nbsp;a. diese: K\u00f6nnen Verstorbene erkennen, dass ein Kontakt hilfreich oder gar geboten ist?<\/p>\n\n\n\n<p><strong>Inhalte:<\/strong><\/p>\n\n\n\n<nav class=\"wp-block-table-of-contents\"><ol><li><a class=\"wp-block-table-of-contents__entry\" href=\"https:\/\/dieter-jenz.de\/lc\/koennen-geistwesen-das-leben-im-diesseits-live-mitverfolgen\/#hilfe-und-trost\">Hilfe und Trost<\/a><\/li><li><a class=\"wp-block-table-of-contents__entry\" href=\"https:\/\/dieter-jenz.de\/lc\/koennen-geistwesen-das-leben-im-diesseits-live-mitverfolgen\/#uberblick-uber-vergangenheit-gegenwart-und-zukunft\">\u00dcberblick \u00fcber Vergangenheit, Gegenwart und Zukunft<\/a><\/li><li><a class=\"wp-block-table-of-contents__entry\" href=\"https:\/\/dieter-jenz.de\/lc\/koennen-geistwesen-das-leben-im-diesseits-live-mitverfolgen\/#kausale-zusammenhange\">Kausale Zusammenh\u00e4nge<\/a><ol><li><a class=\"wp-block-table-of-contents__entry\" href=\"https:\/\/dieter-jenz.de\/lc\/koennen-geistwesen-das-leben-im-diesseits-live-mitverfolgen\/#trauer-und-trostender-nachtodkontakt\">Trauer und tr\u00f6stender Nachtodkontakt<\/a><\/li><li><a class=\"wp-block-table-of-contents__entry\" href=\"https:\/\/dieter-jenz.de\/lc\/koennen-geistwesen-das-leben-im-diesseits-live-mitverfolgen\/#sorge-angste-und-trostende-sterbebettvision\">Sorge, \u00c4ngste und tr\u00f6stende Sterbebettvision<\/a><\/li><\/ol><\/li><li><a class=\"wp-block-table-of-contents__entry\" href=\"https:\/\/dieter-jenz.de\/lc\/koennen-geistwesen-das-leben-im-diesseits-live-mitverfolgen\/#wissen-um-die-aktuelle-lebenssituation\">Wissen um die aktuelle Lebenssituation<\/a><ol><li><a class=\"wp-block-table-of-contents__entry\" href=\"https:\/\/dieter-jenz.de\/lc\/koennen-geistwesen-das-leben-im-diesseits-live-mitverfolgen\/#vorausschau-eines-besuchs\">Vorausschau eines Besuchs<\/a><\/li><li><a class=\"wp-block-table-of-contents__entry\" href=\"https:\/\/dieter-jenz.de\/lc\/koennen-geistwesen-das-leben-im-diesseits-live-mitverfolgen\/#diagnose-durch-den-verstorbenen-mann\">Diagnose durch den verstorbenen Mann<\/a><\/li><li><a class=\"wp-block-table-of-contents__entry\" href=\"https:\/\/dieter-jenz.de\/lc\/koennen-geistwesen-das-leben-im-diesseits-live-mitverfolgen\/#warnung-vor-akuter-gefahr\">Warnung vor akuter Gefahr<\/a><\/li><\/ol><\/li><li><a class=\"wp-block-table-of-contents__entry\" href=\"https:\/\/dieter-jenz.de\/lc\/koennen-geistwesen-das-leben-im-diesseits-live-mitverfolgen\/#einblick-jedoch-keine-unterstutzung\">Einblick, jedoch keine Unterst\u00fctzung<\/a><\/li><\/ol><\/nav>\n\n\n\n<div class=\"wp-block-media-text is-stacked-on-mobile has-background-background-color has-background\" style=\"grid-template-columns:15% auto\"><figure class=\"wp-block-media-text__media\"><a href=\"https:\/\/dieter-jenz.de\/lc\/was-geschieht-mit-mir-wenn-ich-sterbe\/\"><img loading=\"lazy\" decoding=\"async\" width=\"800\" height=\"800\" src=\"https:\/\/dieter-jenz.de\/lc\/wp-content\/uploads\/2022\/03\/Beitragsbild-Was-geschieht-mit-mir-wenn-ich-sterbe.jpeg\" alt=\"Was geschieht mit mir wenn ich sterbe - Gestaltung: privat\" class=\"wp-image-7029 size-full\" srcset=\"https:\/\/dieter-jenz.de\/lc\/wp-content\/uploads\/2022\/03\/Beitragsbild-Was-geschieht-mit-mir-wenn-ich-sterbe.jpeg 800w, https:\/\/dieter-jenz.de\/lc\/wp-content\/uploads\/2022\/03\/Beitragsbild-Was-geschieht-mit-mir-wenn-ich-sterbe-300x300.jpeg 300w, https:\/\/dieter-jenz.de\/lc\/wp-content\/uploads\/2022\/03\/Beitragsbild-Was-geschieht-mit-mir-wenn-ich-sterbe-150x150.jpeg 150w, https:\/\/dieter-jenz.de\/lc\/wp-content\/uploads\/2022\/03\/Beitragsbild-Was-geschieht-mit-mir-wenn-ich-sterbe-768x768.jpeg 768w, https:\/\/dieter-jenz.de\/lc\/wp-content\/uploads\/2022\/03\/Beitragsbild-Was-geschieht-mit-mir-wenn-ich-sterbe-540x540.jpeg 540w\" sizes=\"(max-width: 800px) 100vw, 800px\" \/><\/a><\/figure><div class=\"wp-block-media-text__content\">\n<p class=\"has-border-background-color has-background has-normal-font-size\">Dieser Beitrag ist Teil der Serie &#8222;<em>Was geschieht mit mir wenn ich sterbe?<\/em>&#8220; <br>Grobes <a href=\"https:\/\/dieter-jenz.de\/lc\/was-geschieht-mit-mir-wenn-ich-sterbe\/\" target=\"_blank\" rel=\"noreferrer noopener\">Inhaltsverzeichnis<\/a><\/p>\n<\/div><\/div>\n\n\n\n<p>Angenommen, eine verstorbene Person kann tats\u00e4chlich erkennen, dass Kontakt zu einer lebenden Person aufgenommen werden sollte. Bedeutet dies in der Konsequenz, dass eine verstorbene Person das Leben im Diesseits gewisserma\u00dfen live mitverfolgen kann? Bedeutet dies m\u00f6glicherweise auch, dass die verstorbene Person Einblick in intime Situationen hat? W\u00e4re vorstellbar, dass sie beim Sex, unter der Dusche oder in sonstigen Situationen, in der sehr auf die Privatsph\u00e4re geachtet wird, beobachten kann? W\u00e4re dies der Fall, h\u00e4tte eine verstorbene Person als allochthones Geistwesen, anders als in ihrem irdischen Leben, nunmehr gewisserma\u00dfen unbegrenzten Einblick.<\/p>\n\n\n\n<p>Des Weiteren l\u00e4sst sich folgern, dass ein Geistwesen auch Zugang zur Gedankenwelt der betreffenden Person haben m\u00fcsste. Wie sollte sie sonst erkennen k\u00f6nnen, ob die lebende Person gerade psychisch an etwas stark leidet und Hilfe oder Trost braucht?<\/p>\n\n\n<div class=\"su-box su-box-style-default\" id=\"\" style=\"border-color:#000000;border-radius:3px;\"><div class=\"su-box-title\" style=\"background-color:#333333;color:#FFFFFF;border-top-left-radius:1px;border-top-right-radius:1px\">Letzte Beitr\u00e4ge <\/div><div class=\"su-box-content su-u-clearfix su-u-trim\" style=\"border-bottom-left-radius:1px;border-bottom-right-radius:1px\"><div class=\"su-expand su-expand-collapsed su-expand-link-style-default\" data-height=\"100\"><div class=\"su-expand-content su-u-trim\" style=\"color:#333333;max-height:100px;overflow:hidden\">\n\n<div class=\"su-posts su-posts-teaser-loop \">\n\n\t\t\t\t\t\t\n\t\t\t\n\t\t\t<div id=\"su-post-12357\" class=\"su-post \">\n\t\t\t\t\t\t\t\t\t<a class=\"su-post-thumbnail\" href=\"https:\/\/dieter-jenz.de\/lc\/die-realitaet-das-individuelle-selbst-befindet-sich-nicht-im-gehirn\/\"><img loading=\"lazy\" decoding=\"async\" width=\"800\" height=\"800\" src=\"https:\/\/dieter-jenz.de\/lc\/wp-content\/uploads\/2024\/11\/Beitragsbild-Realitaet-Individuelles-Selbst-nicht-im-Gehirn.jpeg\" class=\"attachment-post-thumbnail size-post-thumbnail wp-post-image\" alt=\"Realit\u00e4t Das individuelle Selbst befindet sich nicht im Gehirn - Gestaltung: privat\" \/><\/a>\n\t\t\t\t\t\t\t\t<h2 class=\"su-post-title\"><a href=\"https:\/\/dieter-jenz.de\/lc\/die-realitaet-das-individuelle-selbst-befindet-sich-nicht-im-gehirn\/\">Die Realit\u00e4t: Das individuelle Selbst befindet sich nicht im Gehirn<\/a><\/h2>\n\t\t\t<\/div>\n\n\t\t\t\t\t\n\t\t\t\n\t\t\t<div id=\"su-post-12328\" class=\"su-post \">\n\t\t\t\t\t\t\t\t\t<a class=\"su-post-thumbnail\" href=\"https:\/\/dieter-jenz.de\/lc\/verifikation-der-eis-hypothese-ungewoehnliche-erinnerungen\/\"><img loading=\"lazy\" decoding=\"async\" width=\"800\" height=\"800\" src=\"https:\/\/dieter-jenz.de\/lc\/wp-content\/uploads\/2024\/11\/Beitragsbild-Verifikation-EIS-Hypothese-Ungewoehnliche-Erinnerungen.jpeg\" class=\"attachment-post-thumbnail size-post-thumbnail wp-post-image\" alt=\"Verifikation frt EIS-Hypothese: Ungew\u00f6hnliche Erinnerungen - Gestaltung: privat\" \/><\/a>\n\t\t\t\t\t\t\t\t<h2 class=\"su-post-title\"><a href=\"https:\/\/dieter-jenz.de\/lc\/verifikation-der-eis-hypothese-ungewoehnliche-erinnerungen\/\">Verifikation der EIS-Hypothese: Ungew\u00f6hnliche Erinnerungen<\/a><\/h2>\n\t\t\t<\/div>\n\n\t\t\t\t\t\n\t\t\t\n\t\t\t<div id=\"su-post-12313\" class=\"su-post \">\n\t\t\t\t\t\t\t\t\t<a class=\"su-post-thumbnail\" href=\"https:\/\/dieter-jenz.de\/lc\/verifikation-der-eis-hypothese-terminale-geistesklarheit\/\"><img loading=\"lazy\" decoding=\"async\" width=\"800\" height=\"800\" src=\"https:\/\/dieter-jenz.de\/lc\/wp-content\/uploads\/2024\/11\/Beitragsbild-Verifikation-EIS-Hypothese-Terminale-Geistesklarheit.jpeg\" class=\"attachment-post-thumbnail size-post-thumbnail wp-post-image\" alt=\"Verifikation der EIS-Hypothese: Terminale Geistesklarheit - Gestaltung: privat\" \/><\/a>\n\t\t\t\t\t\t\t\t<h2 class=\"su-post-title\"><a href=\"https:\/\/dieter-jenz.de\/lc\/verifikation-der-eis-hypothese-terminale-geistesklarheit\/\">Verifikation der EIS-Hypothese: Terminale Geistesklarheit<\/a><\/h2>\n\t\t\t<\/div>\n\n\t\t\t\t\t\n\t\t\t\n\t\t\t<div id=\"su-post-12248\" class=\"su-post \">\n\t\t\t\t\t\t\t\t\t<a class=\"su-post-thumbnail\" href=\"https:\/\/dieter-jenz.de\/lc\/verifikation-der-eis-hypothese-nahtoderfahrung\/\"><img loading=\"lazy\" decoding=\"async\" width=\"800\" height=\"800\" src=\"https:\/\/dieter-jenz.de\/lc\/wp-content\/uploads\/2024\/10\/Beitragsbild-Verifikation-EIS-Hypothese-Nahtoderfahrung.jpeg\" class=\"attachment-post-thumbnail size-post-thumbnail wp-post-image\" alt=\"Verifikation der EIS-Hypothese: Nahtoderfahrung - Gestaltung: privat\" \/><\/a>\n\t\t\t\t\t\t\t\t<h2 class=\"su-post-title\"><a href=\"https:\/\/dieter-jenz.de\/lc\/verifikation-der-eis-hypothese-nahtoderfahrung\/\">Verifikation der EIS-Hypothese: Nahtoderfahrung<\/a><\/h2>\n\t\t\t<\/div>\n\n\t\t\t\t\t\n\t\t\t\n\t\t\t<div id=\"su-post-12193\" class=\"su-post \">\n\t\t\t\t\t\t\t\t\t<a class=\"su-post-thumbnail\" href=\"https:\/\/dieter-jenz.de\/lc\/das-losloesungsszenario-ist-es-plausibel\/\"><img loading=\"lazy\" decoding=\"async\" width=\"800\" height=\"800\" src=\"https:\/\/dieter-jenz.de\/lc\/wp-content\/uploads\/2024\/09\/Beitragsbild-Losloesungsszenario.jpeg\" class=\"attachment-post-thumbnail size-post-thumbnail wp-post-image\" alt=\"Losl\u00f6sungsszenario - Gestaltung: privat\" \/><\/a>\n\t\t\t\t\t\t\t\t<h2 class=\"su-post-title\"><a href=\"https:\/\/dieter-jenz.de\/lc\/das-losloesungsszenario-ist-es-plausibel\/\">Das Losl\u00f6sungsszenario &#8211; ist es plausibel?<\/a><\/h2>\n\t\t\t<\/div>\n\n\t\t\t\t\t\n\t\t\t\n\t\t\t<div id=\"su-post-12174\" class=\"su-post \">\n\t\t\t\t\t\t\t\t\t<a class=\"su-post-thumbnail\" href=\"https:\/\/dieter-jenz.de\/lc\/das-evakuierungsszenario-ist-es-plausibel\/\"><img loading=\"lazy\" decoding=\"async\" width=\"800\" height=\"800\" src=\"https:\/\/dieter-jenz.de\/lc\/wp-content\/uploads\/2024\/09\/Beitragsbild-Evakuierungsszenario.jpeg\" class=\"attachment-post-thumbnail size-post-thumbnail wp-post-image\" alt=\"Evakuierungsszenario - Gestaltung: privat\" \/><\/a>\n\t\t\t\t\t\t\t\t<h2 class=\"su-post-title\"><a href=\"https:\/\/dieter-jenz.de\/lc\/das-evakuierungsszenario-ist-es-plausibel\/\">Das Evakuierungsszenario &#8211; ist es plausibel?<\/a><\/h2>\n\t\t\t<\/div>\n\n\t\t\t\t\t\n\t\t\t\n\t\t\t<div id=\"su-post-12136\" class=\"su-post \">\n\t\t\t\t\t\t\t\t\t<a class=\"su-post-thumbnail\" href=\"https:\/\/dieter-jenz.de\/lc\/das-erloeschungsszenario-ist-es-plausibel\/\"><img loading=\"lazy\" decoding=\"async\" width=\"800\" height=\"800\" src=\"https:\/\/dieter-jenz.de\/lc\/wp-content\/uploads\/2024\/09\/Beitragsbild-Erloeschungsszenario.jpeg\" class=\"attachment-post-thumbnail size-post-thumbnail wp-post-image\" alt=\"Erl\u00f6schungsszenario - Gestaltung: privat\" \/><\/a>\n\t\t\t\t\t\t\t\t<h2 class=\"su-post-title\"><a href=\"https:\/\/dieter-jenz.de\/lc\/das-erloeschungsszenario-ist-es-plausibel\/\">Das Erl\u00f6schungsszenario &#8211; ist es plausibel?<\/a><\/h2>\n\t\t\t<\/div>\n\n\t\t\t\t\t\n\t\t\t\n\t\t\t<div id=\"su-post-11981\" class=\"su-post \">\n\t\t\t\t\t\t\t\t\t<a class=\"su-post-thumbnail\" href=\"https:\/\/dieter-jenz.de\/lc\/was-sind-nahtoderfahrungenwie-werden-sie-erlebt\/\"><img loading=\"lazy\" decoding=\"async\" width=\"800\" height=\"800\" src=\"https:\/\/dieter-jenz.de\/lc\/wp-content\/uploads\/2024\/07\/Beitragsbild-Was-sind-Nahtoderfahrungen.jpeg\" class=\"attachment-post-thumbnail size-post-thumbnail wp-post-image\" alt=\"Was sind Nahtoderfahrungen - Gestaltung: privat\" \/><\/a>\n\t\t\t\t\t\t\t\t<h2 class=\"su-post-title\"><a href=\"https:\/\/dieter-jenz.de\/lc\/was-sind-nahtoderfahrungenwie-werden-sie-erlebt\/\">Was sind Nahtoderfahrungen? Wie werden sie erlebt?<\/a><\/h2>\n\t\t\t<\/div>\n\n\t\t\t\t\t\n\t\t\t\n\t\t\t<div id=\"su-post-11947\" class=\"su-post \">\n\t\t\t\t\t\t\t\t\t<a class=\"su-post-thumbnail\" href=\"https:\/\/dieter-jenz.de\/lc\/taktile-kommunikation-was-verbirgt-sich-dahinter\/\"><img loading=\"lazy\" decoding=\"async\" width=\"800\" height=\"800\" src=\"https:\/\/dieter-jenz.de\/lc\/wp-content\/uploads\/2024\/07\/Beitragsbild-Taktile-Kommunikation.jpeg\" class=\"attachment-post-thumbnail size-post-thumbnail wp-post-image\" alt=\"Taktile Kommunikation - Gestaltung: privat\" \/><\/a>\n\t\t\t\t\t\t\t\t<h2 class=\"su-post-title\"><a href=\"https:\/\/dieter-jenz.de\/lc\/taktile-kommunikation-was-verbirgt-sich-dahinter\/\">Taktile Kommunikation \u2013 was verbirgt sich dahinter?<\/a><\/h2>\n\t\t\t<\/div>\n\n\t\t\t\t\t\n\t\t\t\n\t\t\t<div id=\"su-post-11943\" class=\"su-post \">\n\t\t\t\t\t\t\t\t\t<a class=\"su-post-thumbnail\" href=\"https:\/\/dieter-jenz.de\/lc\/olfaktorische-kommunikation-was-verbirgt-sich-dahinter\/\"><img loading=\"lazy\" decoding=\"async\" width=\"800\" height=\"800\" src=\"https:\/\/dieter-jenz.de\/lc\/wp-content\/uploads\/2024\/07\/Beitragsbild-Olfaktorische-Kommunikation.jpeg\" class=\"attachment-post-thumbnail size-post-thumbnail wp-post-image\" alt=\"Olfaktorische Kommunikation - Gestaltung: privat\" \/><\/a>\n\t\t\t\t\t\t\t\t<h2 class=\"su-post-title\"><a href=\"https:\/\/dieter-jenz.de\/lc\/olfaktorische-kommunikation-was-verbirgt-sich-dahinter\/\">Olfaktorische Kommunikation \u2013 was verbirgt sich dahinter?<\/a><\/h2>\n\t\t\t<\/div>\n\n\t\t\t\n<\/div>\n  <\/div><div class=\"su-expand-link su-expand-link-more\" style=\"text-align:left\"><a href=\"javascript:;\" style=\"color:#0088FF;border-color:#0088FF\"><span style=\"border-color:#0088FF\">Mehr anzeigen<\/span><\/a><\/div><div class=\"su-expand-link su-expand-link-less\" style=\"text-align:left\"><a href=\"javascript:;\" style=\"color:#0088FF;border-color:#0088FF\"><span style=\"border-color:#0088FF\">Weniger anzeigen<\/span><\/a><\/div><\/div><\/div><\/div>\n\n\n\n<h3 class=\"wp-block-heading\" id=\"hilfe-und-trost\"><strong>Hilfe und Trost<\/strong><\/h3>\n\n\n\n<p>Die Begegnung mit einer verstorbenen Person kann f\u00fcr einen Lebenden in unterschiedlichen Situationen hilfreich und tr\u00f6stlich sein. Zwei dieser m\u00f6glichen Situationen seien herausgehoben: Trauer nach dem Tod des Verstorbenen und bevorstehender eigener Tod.<\/p>\n\n\n\n<p>Hinterbliebene, die von einer Weiterexistenz nach dem Tod ausgehen, w\u00fcnschen sich oft, dass es dem Verstorbenen an einem sicheren Ort gutgehen m\u00f6ge. Ein Nachtodkontakt w\u00fcrde diese Gewissheit vermitteln k\u00f6nnen. Oft leiden sie auch sehr am Verlust eines geliebten Menschen und w\u00fcnschen sich Trost, den Familienangeh\u00f6rige oder Freunde nicht wirklich geben k\u00f6nnen. Ein Nachtodkontakt direkt mit der verstorbenen Person w\u00fcrde Trost und gleichzeitig Hoffnung auf eine Wiederbegegnung im Jenseits nach dem eigenen Tod geben k\u00f6nnen.<\/p>\n\n\n\n<div class=\"wp-block-group\"><div class=\"wp-block-group__inner-container is-layout-constrained wp-block-group-is-layout-constrained\">\n<figure class=\"wp-block-gallery has-nested-images columns-4 is-cropped wp-block-gallery-1 is-layout-flex wp-block-gallery-is-layout-flex\">\n<figure class=\"wp-block-image size-large\"><a href=\"https:\/\/dieter-jenz.de\/lc\/portal-lebensweisheiten\/\" target=\"_blank\" rel=\"noreferrer noopener\"><img loading=\"lazy\" decoding=\"async\" width=\"800\" height=\"800\" data-id=\"10179\" src=\"https:\/\/dieter-jenz.de\/lc\/wp-content\/uploads\/2023\/12\/Lebensweisheiten.jpeg\" alt=\"Lebensweisheiten - Gestaltung: privat\" class=\"wp-image-10179\" srcset=\"https:\/\/dieter-jenz.de\/lc\/wp-content\/uploads\/2023\/12\/Lebensweisheiten.jpeg 800w, https:\/\/dieter-jenz.de\/lc\/wp-content\/uploads\/2023\/12\/Lebensweisheiten-300x300.jpeg 300w, https:\/\/dieter-jenz.de\/lc\/wp-content\/uploads\/2023\/12\/Lebensweisheiten-150x150.jpeg 150w, https:\/\/dieter-jenz.de\/lc\/wp-content\/uploads\/2023\/12\/Lebensweisheiten-768x768.jpeg 768w, https:\/\/dieter-jenz.de\/lc\/wp-content\/uploads\/2023\/12\/Lebensweisheiten-540x540.jpeg 540w\" sizes=\"(max-width: 800px) 100vw, 800px\" \/><\/a><figcaption class=\"wp-element-caption\">Gestaltung: privat<\/figcaption><\/figure>\n\n\n\n<figure class=\"wp-block-image size-large\"><a href=\"https:\/\/dieter-jenz.de\/lc\/portal-evergreen-themen\/\" target=\"_blank\" rel=\"noreferrer noopener\"><img loading=\"lazy\" decoding=\"async\" width=\"800\" height=\"800\" data-id=\"10200\" src=\"https:\/\/dieter-jenz.de\/lc\/wp-content\/uploads\/2023\/12\/Evergreen-Themen.jpeg\" alt=\"Evergreen-Themen - Gestaltung: privat\" class=\"wp-image-10200\" srcset=\"https:\/\/dieter-jenz.de\/lc\/wp-content\/uploads\/2023\/12\/Evergreen-Themen.jpeg 800w, https:\/\/dieter-jenz.de\/lc\/wp-content\/uploads\/2023\/12\/Evergreen-Themen-300x300.jpeg 300w, https:\/\/dieter-jenz.de\/lc\/wp-content\/uploads\/2023\/12\/Evergreen-Themen-150x150.jpeg 150w, https:\/\/dieter-jenz.de\/lc\/wp-content\/uploads\/2023\/12\/Evergreen-Themen-768x768.jpeg 768w, https:\/\/dieter-jenz.de\/lc\/wp-content\/uploads\/2023\/12\/Evergreen-Themen-540x540.jpeg 540w\" sizes=\"(max-width: 800px) 100vw, 800px\" \/><\/a><figcaption class=\"wp-element-caption\">Gestaltung: privat<\/figcaption><\/figure>\n\n\n\n<figure class=\"wp-block-image size-large\"><a href=\"https:\/\/dieter-jenz.de\/lc\/portal-wissensdurst\/\" target=\"_blank\" rel=\"noreferrer noopener\"><img loading=\"lazy\" decoding=\"async\" width=\"800\" height=\"800\" data-id=\"10177\" src=\"https:\/\/dieter-jenz.de\/lc\/wp-content\/uploads\/2023\/12\/Wissensdurst-Blick-durch-den-Tuerspalt.jpeg\" alt=\"Wissensdurst, Blick durch den T\u00fcrspalt - Gestaltung: privat\" class=\"wp-image-10177\" srcset=\"https:\/\/dieter-jenz.de\/lc\/wp-content\/uploads\/2023\/12\/Wissensdurst-Blick-durch-den-Tuerspalt.jpeg 800w, https:\/\/dieter-jenz.de\/lc\/wp-content\/uploads\/2023\/12\/Wissensdurst-Blick-durch-den-Tuerspalt-300x300.jpeg 300w, https:\/\/dieter-jenz.de\/lc\/wp-content\/uploads\/2023\/12\/Wissensdurst-Blick-durch-den-Tuerspalt-150x150.jpeg 150w, https:\/\/dieter-jenz.de\/lc\/wp-content\/uploads\/2023\/12\/Wissensdurst-Blick-durch-den-Tuerspalt-768x768.jpeg 768w, https:\/\/dieter-jenz.de\/lc\/wp-content\/uploads\/2023\/12\/Wissensdurst-Blick-durch-den-Tuerspalt-540x540.jpeg 540w\" sizes=\"(max-width: 800px) 100vw, 800px\" \/><\/a><figcaption class=\"wp-element-caption\">Gestaltung: privat<\/figcaption><\/figure>\n<\/figure>\n<\/div><\/div>\n\n\n\n<p>Menschen, die wissen, dass sie aufgrund einer unheilbaren und lebensverk\u00fcrzenden Erkrankung bald sterben m\u00fcssen, machen sich verst\u00e4ndlicherweise viele Gedanken \u00fcber das, was f\u00fcr sie nach dem Tod kommt. Oft begleiten Sorge und \u00c4ngste die letzte Lebenszeit. Ein positiver Nachtodkontakt w\u00fcrde Sorge und auch \u00c4ngste nehmen k\u00f6nnen.<\/p>\n\n\n\n<p>Wie bereits erw\u00e4hnt, kommen Untersuchungen (siehe auch \u201e<a href=\"https:\/\/dieter-jenz.de\/lc\/was-sind-sterbevisionen-und-wie-werden-sie-erlebt\/\" target=\"_blank\" rel=\"noreferrer noopener\">Was sind Sterbebettvisionen? Wie werden sie erlebt?<\/a>\u201c) zu dem Ergebnis, dass relativ viele Menschen, die um ihren nahenden Tod wissen, Nachtodkontakte erleben. Schilderungen zufolge werden derartige \u201eBesuche\u201c von bereits Verstorbenen als hilfreich, unterst\u00fctzend und tr\u00f6stlich empfunden.<\/p>\n\n\n\n<p>Auch aus Schilderungen von Geistwesenkontakten l\u00e4sst sich erschlie\u00dfen, dass autochthone Geistwesen lebenden Menschen begegnen k\u00f6nnen, um sie vor einer drohenden Gefahr zu warnen oder zu sch\u00fctzen, um sie aus einer bereits eingetretenen bedrohlichen Situation zu retten oder auch um ihnen eine f\u00fcr sie wichtige Botschaft zu vermitteln.<\/p>\n\n\n\n<h3 class=\"wp-block-heading\" id=\"uberblick-uber-vergangenheit-gegenwart-und-zukunft\"><strong>\u00dcberblick \u00fcber Vergangenheit, Gegenwart und Zukunft<\/strong><\/h3>\n\n\n\n<p>Alle kurz skizzierten Anl\u00e4sse oder Situationen verlangen, dass Geistwesen (autochthone wie allochthone) Einblick in das Leben im Diesseits nehmen und es gewisserma\u00dfen mitverfolgen k\u00f6nnen. Zum einen ben\u00f6tigen Geistwesen dazu einen Einblick in die Zukunft im Diesseits, denn ansonsten w\u00e4re es beispielsweise nicht m\u00f6glich, vor einer drohenden Gefahr zu warnen. Das Ausma\u00df einer Gefahr wird schlie\u00dflich erst deutlich, wenn die Konsequenzen absehbar sind. Zum anderen ben\u00f6tigen sie Einblick in das Denken und die Gef\u00fchlslage lebender Menschen. Ansonsten w\u00e4re es beispielsweise nicht m\u00f6glich, Sorge und \u00c4ngste zu erkennen.<\/p>\n\n\n\n<p>Wenn Geistwesen die Zukunft kennen, hat dies zur Konsequenz, dass die Sichtweise vom Jenseits aus auf das Diesseits gewisserma\u00dfen die Zeit als vierte Dimension eliminiert. Vergangenheit, Gegenwart und Zukunft des Diesseits sind dann gleicherma\u00dfen \u00fcberschaubar.<\/p>\n\n\n\n<h3 class=\"wp-block-heading\" id=\"kausale-zusammenhange\"><strong><strong>Kausale Zusammenh\u00e4nge<\/strong><\/strong><\/h3>\n\n\n\n<p>Bei der Suche nach Indizien, die f\u00fcr oder gegen den Einblick in das diesseitige Leben sprechen, stellt sich zuallererst die Frage, ob sich kausale Zusammenh\u00e4nge feststellen lassen. Zwischen zwei Ereignissen m\u00fcsste ein Zusammenhang dergestalt bestehen, dass ein Ereignis das andere verursacht. Zwei m\u00f6gliche Kausalit\u00e4ten seien herausgegriffen:<\/p>\n\n\n\n<ul>\n<li>Der eingetretene Tod bei einer geliebten Person (Ausl\u00f6seereignis), der bei einer hinterbliebenen Person gro\u00dfe Trauer ausl\u00f6st, und ein darauffolgender Nachtodkontakt (Reaktionsereignis);<\/li>\n\n\n\n<li>Der nahende Tod (Ausl\u00f6seereignis), der bei der bald sterbenden Person Sorge und \u00c4ngste ausl\u00f6st, und ein Nachtod- oder Geistwesenkontakt (Reaktionsereignis).<\/li>\n<\/ul>\n\n\n\n<p>Wenn sich Kausalit\u00e4ten feststellen lassen, ist dies ein starkes Indiz daf\u00fcr, dass Geistwesen Einblick in das diesseitige Leben haben. Dar\u00fcber hinaus muss auch ein enger zeitlicher Zusammenhang zwischen Ausl\u00f6se- und Reaktionsereignis bestehen.<\/p>\n\n\n<div class=\"su-box su-box-style-default\" id=\"\" style=\"border-color:#000000;border-radius:3px;\"><div class=\"su-box-title\" style=\"background-color:#333333;color:#FFFFFF;border-top-left-radius:1px;border-top-right-radius:1px\">Weitere Informationen und Ressourcen <\/div><div class=\"su-box-content su-u-clearfix su-u-trim\" style=\"border-bottom-left-radius:1px;border-bottom-right-radius:1px\"> <div class=\"su-list\" style=\"margin-left:0px\"> <\/p>\n<ul>\n<li><i class=\"sui sui-info-circle\" style=\"color:#333\"><\/i> <a href=\"https:\/\/dieter-jenz.de\/lc\/ausgangssituation-ziel-vorgehensweise-aktueller-stand\/\" title=\"Ausgangssituation, Ziel, Vorgehensweise\" target=\"_blank\" rel=\"\" class=\"\">Ausgangssituation, Ziel, Vorgehensweise, aktueller Stand<\/a> <\/li>\n<\/ul>\n<p> <\/div> <div class=\"su-list\" style=\"margin-left:0px\"> <\/p>\n<ul>\n<li><i class=\"sui sui-info-circle\" style=\"color:#333\"><\/i> <a href=\"https:\/\/dieter-jenz.de\/lc\/was-kommt-nach-dem-tod-erstes-zwischenfazit\/\" title=\"Erstes Zwischenfazit\" target=\"_blank\" rel=\"\" class=\"\">Was kommt nach dem Tod? &#8211; Erstes Zwischenfazit<\/a> <\/li>\n<\/ul>\n<p> <\/div> <div class=\"su-list\" style=\"margin-left:0px\"> <\/p>\n<ul>\n<li><i class=\"sui sui-info-circle\" style=\"color:#333\"><\/i> <a href=\"https:\/\/dieter-jenz.de\/lc\/ressourcen-wie-geht-es-nach-dem-tod-weiter\/\" title=\"Literatur und sonstige Ressourcen\" target=\"_blank\" rel=\"\" class=\"\">Literatur und sonstige Ressourcen<\/a> <\/li>\n<\/ul>\n<p> <\/div> <div class=\"su-list\" style=\"margin-left:0px\"> <\/p>\n<ul>\n<li><i class=\"sui sui-info-circle\" style=\"color:#333\"><\/i> <a href=\"https:\/\/dieter-jenz.de\/lc\/glossar-begriffe-transzendenzerfahrungen-lebensfragen\/\" title=\"Glossar der Begriffe zu Transzendenzerfahrungen\" target=\"_blank\" rel=\"\" class=\"\">Glossar der Begriffe im Kontext von Transzendenzerfahrungen<\/a> <\/li>\n<\/ul>\n<p> <\/div> <div class=\"su-list\" style=\"margin-left:0px\"> <\/p>\n<ul>\n<li><i class=\"sui sui-info-circle\" style=\"color:#333\"><\/i> <a href=\"https:\/\/dieter-jenz.de\/lc\/faq-haeufig-gestellte-fragen-was-kommt-nach-dem-tod\/\" title=\"FAQ (H\u00e4ufig gestellte Fragen)\" target=\"_blank\" rel=\"\" class=\"\">H\u00e4ufig gestellte Fragen (FAQ) &#8211; Was kommt nach dem Tod?<\/a> <\/li>\n<\/ul>\n<p> <\/div>   <\/div><\/div>\n\n\n\n<h4 class=\"wp-block-heading\" id=\"trauer-und-trostender-nachtodkontakt\"><strong>Trauer und tr\u00f6stender Nachtodkontakt<\/strong><\/h4>\n\n\n\n<p>Nach dem Tod eines geliebten Menschen empfinden Hinterbliebene die Trauer am intensivsten. Mit der Zeit wird die Trauer jedoch allm\u00e4hlich als psychisch weniger schmerzhaft empfunden. Die Trauerphase kann durchaus mehrere Jahre lang andauern und auch f\u00fcr den Rest des Lebens bleiben. Trost wird jedoch insbesondere w\u00e4hrend der trauerintensiven Lebensphase ben\u00f6tigt.<\/p>\n\n\n\n<p>Aus den von Bill und Judy Guggenheim in ihrem Buch gesammelten anekdotischen Schilderungen geht hervor, dass sich Nachtodkontakte nicht unbedingt w\u00e4hrend der ersten Wochen nach dem Tod einer geliebten Person ereigneten. Sie k\u00f6nnen durchaus auch noch mehrere Jahre sp\u00e4ter auftreten, schon in einer Zeit, in der typischerweise Trauer als nicht mehr so intensiv empfunden wird. Eine Kausalit\u00e4t, dass das Ereignis intensiver Trauer zeitnah zu einem Nachtodkontakt als Reaktionsereignis f\u00fchrt, kann keinesfalls hergeleitet werden.<\/p>\n\n\n\n<h4 class=\"wp-block-heading\" id=\"sorge-angste-und-trostende-sterbebettvision\"><strong>Sorge, \u00c4ngste und tr\u00f6stende Sterbebettvision<\/strong><\/h4>\n\n\n\n<p>Wenn ein Mensch um seinen bald bevorstehenden Tod wei\u00df, werden verst\u00e4ndlicherweise viele Fragen ausgel\u00f6st. Was wird geschehen, wenn man stirbt? Sorge und \u00c4ngste k\u00f6nnen intensiver werden je n\u00e4her eine Person ihrem Tod kommt. Tr\u00f6stende Sterbebettvisionen m\u00fcssten somit an H\u00e4ufigkeit zunehmen.<\/p>\n\n\n\n<p>Die vom Hospizarzt Christopher Kerr und seinem Team systematisch durchgef\u00fchrten Befragungen von Hospizpatienten ergaben, dass Sterbebettvisionen im Allgemeinen h\u00e4ufiger werden je n\u00e4her der Todeszeitpunkt kommt. Insofern l\u00e4sst sich in der Tat eine Kausalit\u00e4t feststellen.<\/p>\n\n\n\n<h3 class=\"wp-block-heading\" id=\"wissen-um-die-aktuelle-lebenssituation\"><strong>Wissen um die aktuelle Lebenssituation<\/strong><\/h3>\n\n\n\n<p>Anekdotische Schilderungen liefern Indizien daf\u00fcr, dass Geistwesen in der Tat Einblick in das diesseitige Leben und in die Lebenssituation einer kontaktierten Person haben k\u00f6nnen. Drei Schilderungen aus \u201eTrost aus dem Jenseits\u201c seien stellvertretend f\u00fcr viele andere kurz wiedergegeben.<\/p>\n\n\n\n<h4 class=\"wp-block-heading\" id=\"vorausschau-eines-besuchs\"><strong>Vorausschau eines Besuchs<\/strong><\/h4>\n\n\n\n<p>Die erste dieser Schilderungen gibt einen Bericht des 90j\u00e4hrigen Sam wieder, der mehrere Begegnungen mit seiner verstorbenen Frau erlebte (S.&nbsp;47): \u201e<em>Meine Frau Grace hat schon oft Kontakt mit mir aufgenommen. Ich hatte lange Gespr\u00e4che mit ihr. Ich stellte ihr Fragen und ihre Antworten h\u00f6rte ich dann in meinem Kopf. Ich stand zum Beispiel eines Tages am Herd und sp\u00fcrte sie dicht neben mir. Ich fragte sie<\/em>: \u00bb<em>Willst du mir einen Rat geben?<\/em>\u00ab <em>Und sie sagte<\/em>: \u00bb<em>R\u00e4um jetzt gleich das Haus auf<\/em>.\u00ab <em>Es klang wie ein Befehl. Deshalb sagte ich<\/em>: \u00bb<em>Okay, mache ich.<\/em>\u00ab <em>Ich fing an aufzur\u00e4umen, und als ich einigerma\u00dfen fertig war, klingelte es an der Haust\u00fcr. Drei ihrer besten Freundinnen aus Studententagen kamen \u00fcberraschend zu Besuch. Mir war klar, dass Grace gewusst hatte, dass sie kommen w\u00fcrden, und mich vorgewarnt hatte. Ich war vollkommen verbl\u00fcfft!<\/em>\u201c<\/p>\n\n\n\n<h4 class=\"wp-block-heading\" id=\"diagnose-durch-den-verstorbenen-mann\"><strong>Diagnose durch den verstorbenen Mann<\/strong><\/h4>\n\n\n\n<p>Die zweite Schilderung stammt von Martha, einer \u00c4rztin, die von ihrem verstorbenen Mann, einem Augenarzt, einen f\u00fcr sie wichtigen Hinweis erhielt (S.&nbsp;49): \u201e<em>Ungef\u00e4hr zwei Jahre nach Alans Tod hatte ich fast t\u00e4glich starke Kopfschmerzen, was f\u00fcr mich sehr ungew\u00f6hnlich war. Ich war nicht krank \u2013 ich hatte nur dauernd Kopfschmerzen. Eines Tages sa\u00df ich auf dem Sofa und las. Sehr deutlich h\u00f6rte ich im Geist Alans Stimme<\/em>: \u00bb<em>Kein Wunder, dass du Kopfschmerzen hast. Deine Brille taugt nichts! Geh zu Dan King und lass sie korrigieren<\/em>.\u00ab <em>Dan King ist ein sehr guter und kompetenter Optiker und ein pers\u00f6nlicher Freund. Am n\u00e4chsten Tag ging ich in sein Gesch\u00e4ft und erz\u00e4hlte ihm von meinen Kopfschmerzen. Er sah die Brille an und erkannte, dass ein Glas h\u00f6her sa\u00df als das andere, weil der Rahmen verbogen war. Er bog ihn zurecht, und meine Kopfschmerzen verschwanden. Ich war so erleichtert, dass Alan mein Problem gel\u00f6st hatte<\/em>.\u201c<\/p>\n\n\n\n<h4 class=\"wp-block-heading\" id=\"warnung-vor-akuter-gefahr\"><strong>Warnung vor akuter Gefahr<\/strong><\/h4>\n\n\n\n<p>Auch die dritte Schilderung, der Bericht von Debbie, legt den Einblick von Geistwesen in das Diesseits und eine Vorausschau der Zukunft nahe. Sie erhielt von ihrer eine Woche zuvor verstorbenen Mutter eine entschiedene Warnung (S.&nbsp;51): \u201e<em>Ich besuchte in Virginia meine beste Freundin Donna, deren Tochter Chelsea gerade sechs Monate alt war. Donna Hatte ihre Tochter schlafen gelegt und ich wollte schnell zum Supermarkt fahren und Lebensmittel kaufen. Als ich gerade aus dem Haus ging, h\u00f6rte ich Mutters Stimme telepathisch, aber sehr klar<\/em>: \u00bb<em>Du musst nach dem Baby schauen!<\/em>\u00ab <em>Ich glaubte, dass ich mir das alles nur einbildete, und verscheuchte den Gedanken. Ich ging also durch die T\u00fcr, und da h\u00f6rte ich meine Mutter ein zweites Mal<\/em>: \u00bb<em>Du musst nach dem Baby schauen!<\/em>\u00ab <em>Ihre Stimme klang frisch und lebhaft. Ich drehte mich um und ging zur\u00fcck zu Chelseas Kinderzimmer. Als ich die T\u00fcr aufmachte, fiel ich fast in Ohnmacht! Das Baby war schon ganz blau! Sie war v\u00f6llig in ihre Decke eingewickelt und von einer anderen zugedeckt, die sie zu sich heruntergezogen hatte. Ich hob sie hoch und f\u00fcrchtete schon, ich k\u00e4me zu sp\u00e4t. Aber sie holte einmal tief Luft und stie\u00df einen markersch\u00fctternden Schrei aus. Ich wei\u00df noch, dass ich mich in Tr\u00e4nen aufgel\u00f6st mit ihr auf den Boden setzte und sagte<\/em>: \u00bb<em>Mein Gott! Danke, vielen Dank, Mama!<\/em>\u00ab\u201c<\/p>\n\n\n\n<p>Die Frage stellt sich, weshalb nicht ein bereits verstorbenes und Donna nahestehendes Familienmitglied den Warnhinweis Donna direkt geben konnte. M\u00f6glicherweise bestand zwischen Donna und Debbie eine engere emotionale Beziehung.<\/p>\n\n\n\n<div class=\"wp-block-group\"><div class=\"wp-block-group__inner-container is-layout-constrained wp-block-group-is-layout-constrained\">\n<div class=\"wp-block-group has-background\" style=\"background:radial-gradient(rgba(252,185,0,0.25) 0%,rgba(255,106,0,0.11) 100%)\"><div class=\"wp-block-group__inner-container is-layout-constrained wp-block-group-is-layout-constrained\">\n<p><strong>Gutes und Sinnvolles  tun &#8211; ganz praktisch<\/strong><\/p>\n\n\n<div class=\"wp-block-image\">\n<figure class=\"aligncenter size-full is-resized\"><a href=\"https:\/\/dieter-jenz.de\/lc\/gutes-tun-ganz-praktisch\/\" target=\"_blank\" rel=\"noreferrer noopener\"><img loading=\"lazy\" decoding=\"async\" width=\"600\" height=\"450\" src=\"https:\/\/dieter-jenz.de\/lc\/wp-content\/uploads\/2023\/11\/Geschenk-mit-Text.jpeg\" alt=\"Geschenk mit Text - Gestaltung: privat\" class=\"wp-image-9969\" style=\"width:300px\" srcset=\"https:\/\/dieter-jenz.de\/lc\/wp-content\/uploads\/2023\/11\/Geschenk-mit-Text.jpeg 600w, https:\/\/dieter-jenz.de\/lc\/wp-content\/uploads\/2023\/11\/Geschenk-mit-Text-300x225.jpeg 300w, https:\/\/dieter-jenz.de\/lc\/wp-content\/uploads\/2023\/11\/Geschenk-mit-Text-540x405.jpeg 540w, https:\/\/dieter-jenz.de\/lc\/wp-content\/uploads\/2023\/11\/Geschenk-mit-Text-150x113.jpeg 150w\" sizes=\"(max-width: 600px) 100vw, 600px\" \/><\/a><figcaption class=\"wp-element-caption\">Gestaltung: privat<\/figcaption><\/figure><\/div>\n\n\n<p>Mit einem Klick auf das Bild gelangen Sie zum zugeh\u00f6rigen Text.<\/p>\n<\/div><\/div>\n<\/div><\/div>\n\n\n\n<h3 class=\"wp-block-heading\" id=\"einblick-jedoch-keine-unterstutzung\"><strong>Einblick, jedoch keine Unterst\u00fctzung<\/strong><\/h3>\n\n\n\n<p>Es l\u00e4sst sich nicht konkret erschlie\u00dfen, in welchem Ausma\u00df Geistwesen Einblick in das Leben im Diesseits haben. Die beispielhaft geschilderten Nachtodkontakte lassen jedoch vermuten, dass Geistwesen in der Lage sind, das Leben im Diesseits gewisserma\u00dfen live mitzuverfolgen. Bleibt \u00fcberhaupt etwas vor den \u201eAugen\u201c von Geistwesen verborgen? Haben lebende Menschen \u00fcberhaupt eine Privatsph\u00e4re? Diese Fragen m\u00fcssen aus der Perspektive des Diesseits unbeantwortet bleiben.<\/p>\n\n\n\n<p>Bei weitem nicht alle Menschen erleben Nachtod- oder Geistwesenkontakte. Auch wenn beispielsweise bei systematischen Befragungen relativ viele Menschen von Sterbebettvisionen berichten, k\u00f6nnen diese keinesfalls als Normalfall angesehen werden. Somit stellt sich die Frage, woran es liegen k\u00f6nnte, dass Nachtod- oder Geistwesenkontakte nicht der Normalfall sind. Schlie\u00dflich w\u00fcrden sich sicherlich sehr viele Menschen Unterst\u00fctzung in schwierigen oder kritischen Lebenssituationen w\u00fcnschen, erfahren diese jedoch nicht.<\/p>\n\n\n\n<p>Eine Hypothese basiert auf der \u00dcberlegung, dass Geistwesen (autochthone wie allochthone) grunds\u00e4tzlich Kontakt aufnehmen wollen, dies aber aus Gr\u00fcnden nicht k\u00f6nnen, die beim Lebenden zu suchen sind. Ein Grund w\u00e4re beispielsweise im Einzelfall mangelnde Empf\u00e4nglichkeit f\u00fcr Nachtod- oder Geistwesenkontakte.<\/p>\n\n\n\n<p>Eine zweite Hypothese gr\u00fcndet auf der Annahme, dass Geistwesen zwar mit Lebenden Kontakt aufnehmen wollen, dies jedoch nicht d\u00fcrfen, da eine \u00fcbergeordnete Instanz (z.&nbsp;B. Engel, Gott) eine ablehnende Entscheidung trifft. In der Konsequenz w\u00e4ren Nachtod- oder Geistwesenkontakte angeordnet oder zugelassen bzw. toleriert.<\/p>\n\n\n\n<p>Als dritte Hypothese bleibt, dass Geistwesen von sich aus keinen Kontakt aufnehmen wollen, auch wenn dies f\u00fcr eine lebende Person in ihrer aktuellen Situation hilfreich w\u00e4re. Es w\u00e4re eine Entscheidung im Einzelfall.<\/p>\n\n\n\n<p>Alle Lebenden, denen die \u201eGunst\u201c der Kontaktaufnahme nicht gew\u00e4hrt wird, bleiben somit ungetr\u00f6stet, ungewarnt, unbesch\u00fctzt, ungerettet oder ohne eine f\u00fcr sie wichtige Erkenntnis. Letztlich l\u00e4sst sich die Frage, weshalb nicht alle Menschen Nachtod- oder Geistwesenkontakte erleben k\u00f6nnen, aus der Perspektive und mit dem begrenzten Wissensstand des Diesseits nicht beantworten.<\/p>\n\n\n\n<p>Allerdings ist auch noch eine vierte Hypothese denkbar: Es kommt zwar zu einem Kontakt, jedoch erkennt ein Lebender einen Nachtod- oder Geistwesenkontakt nicht als solchen und geht von einer Einbildung oder Sinnest\u00e4uschung aus. In der Konsequenz wird der Kontakt ignoriert.<\/p>\n","protected":false},"excerpt":{"rendered":"<p>K\u00f6nnen Geistwesen das Leben im Diesseits live mitverfolgen? Wie ist es m\u00f6glich, dass Verstorbene (als allochthone Geistwesen) in Nachtodkontakt mit lebenden Menschen gelangen k\u00f6nnen? Unwillk\u00fcrlich schlie\u00dfen sich weitere&hellip;<\/p>\n","protected":false},"author":2,"featured_media":11469,"comment_status":"closed","ping_status":"open","sticky":false,"template":"template-full-width-only-content.php","format":"standard","meta":{"footnotes":""},"categories":[212],"tags":[],"yoast_head":"<!-- This site is optimized with the Yoast SEO plugin v24.5 - https:\/\/yoast.com\/wordpress\/plugins\/seo\/ -->\n<title>K\u00f6nnen Geistwesen das Leben im Diesseits live mitverfolgen?<\/title>\n<meta name=\"description\" content=\"K\u00f6nnen Geistwesen das Leben im Diesseits live mitverfolgen? K\u00f6nnen Nachtodkontakte Reaktionen auf Lebensereignisse sein?\" \/>\n<meta name=\"robots\" content=\"index, follow, max-snippet:-1, max-image-preview:large, max-video-preview:-1\" \/>\n<link rel=\"canonical\" href=\"https:\/\/dieter-jenz.de\/lc\/koennen-geistwesen-das-leben-im-diesseits-live-mitverfolgen\/\" \/>\n<meta property=\"og:locale\" content=\"de_DE\" \/>\n<meta property=\"og:type\" content=\"article\" \/>\n<meta property=\"og:title\" content=\"K\u00f6nnen Geistwesen das Leben im Diesseits live mitverfolgen?\" \/>\n<meta property=\"og:description\" content=\"K\u00f6nnen Geistwesen das Leben im Diesseits live mitverfolgen? K\u00f6nnen Nachtodkontakte Reaktionen auf Lebensereignisse sein?\" \/>\n<meta property=\"og:url\" content=\"https:\/\/dieter-jenz.de\/lc\/koennen-geistwesen-das-leben-im-diesseits-live-mitverfolgen\/\" \/>\n<meta property=\"og:site_name\" content=\"Dieter Jenz, Begleitung und Coaching\" \/>\n<meta property=\"article:publisher\" content=\"https:\/\/www.facebook.com\/dieter.jenz.inspiration\" \/>\n<meta property=\"article:author\" content=\"https:\/\/www.facebook.com\/dieter.jenz.inspiration\" \/>\n<meta property=\"article:published_time\" content=\"2024-03-13T10:00:00+00:00\" \/>\n<meta property=\"article:modified_time\" content=\"2024-03-13T10:14:03+00:00\" \/>\n<meta property=\"og:image\" content=\"https:\/\/dieter-jenz.de\/lc\/wp-content\/uploads\/2024\/03\/Beitragsbild-Koennen-Geistwesen-das-Leben.jpeg\" \/>\n\t<meta property=\"og:image:width\" content=\"800\" \/>\n\t<meta property=\"og:image:height\" content=\"800\" \/>\n\t<meta property=\"og:image:type\" content=\"image\/jpeg\" \/>\n<meta name=\"author\" content=\"Dieter Jenz\" \/>\n<meta name=\"twitter:card\" content=\"summary_large_image\" \/>\n<meta name=\"twitter:creator\" content=\"@https:\/\/twitter.com\/dieterjenz\" \/>\n<meta name=\"twitter:site\" content=\"@dieterjenz\" \/>\n<meta name=\"twitter:label1\" content=\"Verfasst von\" \/>\n\t<meta name=\"twitter:data1\" content=\"Dieter Jenz\" \/>\n\t<meta name=\"twitter:label2\" content=\"Gesch\u00e4tzte Lesezeit\" \/>\n\t<meta name=\"twitter:data2\" content=\"12\u00a0Minuten\" \/>\n<script type=\"application\/ld+json\" class=\"yoast-schema-graph\">{\"@context\":\"https:\/\/schema.org\",\"@graph\":[{\"@type\":\"Article\",\"@id\":\"https:\/\/dieter-jenz.de\/lc\/koennen-geistwesen-das-leben-im-diesseits-live-mitverfolgen\/#article\",\"isPartOf\":{\"@id\":\"https:\/\/dieter-jenz.de\/lc\/koennen-geistwesen-das-leben-im-diesseits-live-mitverfolgen\/\"},\"author\":{\"name\":\"Dieter Jenz\",\"@id\":\"https:\/\/dieter-jenz.de\/lc\/#\/schema\/person\/618cfd5c289d0a23930cb258a43679ab\"},\"headline\":\"K\u00f6nnen Geistwesen das Leben im Diesseits live mitverfolgen?\",\"datePublished\":\"2024-03-13T10:00:00+00:00\",\"dateModified\":\"2024-03-13T10:14:03+00:00\",\"mainEntityOfPage\":{\"@id\":\"https:\/\/dieter-jenz.de\/lc\/koennen-geistwesen-das-leben-im-diesseits-live-mitverfolgen\/\"},\"wordCount\":2013,\"publisher\":{\"@id\":\"https:\/\/dieter-jenz.de\/lc\/#\/schema\/person\/618cfd5c289d0a23930cb258a43679ab\"},\"image\":{\"@id\":\"https:\/\/dieter-jenz.de\/lc\/koennen-geistwesen-das-leben-im-diesseits-live-mitverfolgen\/#primaryimage\"},\"thumbnailUrl\":\"https:\/\/dieter-jenz.de\/lc\/wp-content\/uploads\/2024\/03\/Beitragsbild-Koennen-Geistwesen-das-Leben.jpeg\",\"articleSection\":[\"Lebensfragen\"],\"inLanguage\":\"de\"},{\"@type\":\"WebPage\",\"@id\":\"https:\/\/dieter-jenz.de\/lc\/koennen-geistwesen-das-leben-im-diesseits-live-mitverfolgen\/\",\"url\":\"https:\/\/dieter-jenz.de\/lc\/koennen-geistwesen-das-leben-im-diesseits-live-mitverfolgen\/\",\"name\":\"K\u00f6nnen Geistwesen das Leben im Diesseits live mitverfolgen?\",\"isPartOf\":{\"@id\":\"https:\/\/dieter-jenz.de\/lc\/#website\"},\"primaryImageOfPage\":{\"@id\":\"https:\/\/dieter-jenz.de\/lc\/koennen-geistwesen-das-leben-im-diesseits-live-mitverfolgen\/#primaryimage\"},\"image\":{\"@id\":\"https:\/\/dieter-jenz.de\/lc\/koennen-geistwesen-das-leben-im-diesseits-live-mitverfolgen\/#primaryimage\"},\"thumbnailUrl\":\"https:\/\/dieter-jenz.de\/lc\/wp-content\/uploads\/2024\/03\/Beitragsbild-Koennen-Geistwesen-das-Leben.jpeg\",\"datePublished\":\"2024-03-13T10:00:00+00:00\",\"dateModified\":\"2024-03-13T10:14:03+00:00\",\"description\":\"K\u00f6nnen Geistwesen das Leben im Diesseits live mitverfolgen? K\u00f6nnen Nachtodkontakte Reaktionen auf Lebensereignisse sein?\",\"breadcrumb\":{\"@id\":\"https:\/\/dieter-jenz.de\/lc\/koennen-geistwesen-das-leben-im-diesseits-live-mitverfolgen\/#breadcrumb\"},\"inLanguage\":\"de\",\"potentialAction\":[{\"@type\":\"ReadAction\",\"target\":[\"https:\/\/dieter-jenz.de\/lc\/koennen-geistwesen-das-leben-im-diesseits-live-mitverfolgen\/\"]}]},{\"@type\":\"ImageObject\",\"inLanguage\":\"de\",\"@id\":\"https:\/\/dieter-jenz.de\/lc\/koennen-geistwesen-das-leben-im-diesseits-live-mitverfolgen\/#primaryimage\",\"url\":\"https:\/\/dieter-jenz.de\/lc\/wp-content\/uploads\/2024\/03\/Beitragsbild-Koennen-Geistwesen-das-Leben.jpeg\",\"contentUrl\":\"https:\/\/dieter-jenz.de\/lc\/wp-content\/uploads\/2024\/03\/Beitragsbild-Koennen-Geistwesen-das-Leben.jpeg\",\"width\":800,\"height\":800,\"caption\":\"Gestaltung: privat\"},{\"@type\":\"BreadcrumbList\",\"@id\":\"https:\/\/dieter-jenz.de\/lc\/koennen-geistwesen-das-leben-im-diesseits-live-mitverfolgen\/#breadcrumb\",\"itemListElement\":[{\"@type\":\"ListItem\",\"position\":1,\"name\":\"Home\",\"item\":\"https:\/\/dieter-jenz.de\/lc\/\"},{\"@type\":\"ListItem\",\"position\":2,\"name\":\"Lebensfragen\",\"item\":\"https:\/\/dieter-jenz.de\/lc\/category\/lebensfragen\/\"},{\"@type\":\"ListItem\",\"position\":3,\"name\":\"K\u00f6nnen Geistwesen das Leben im Diesseits live mitverfolgen?\"}]},{\"@type\":\"WebSite\",\"@id\":\"https:\/\/dieter-jenz.de\/lc\/#website\",\"url\":\"https:\/\/dieter-jenz.de\/lc\/\",\"name\":\"Dieter Jenz, Begleitung und Coaching\",\"description\":\"Die andere, neue Sichtweise entdecken - auftanken - neue Wege gehen\",\"publisher\":{\"@id\":\"https:\/\/dieter-jenz.de\/lc\/#\/schema\/person\/618cfd5c289d0a23930cb258a43679ab\"},\"potentialAction\":[{\"@type\":\"SearchAction\",\"target\":{\"@type\":\"EntryPoint\",\"urlTemplate\":\"https:\/\/dieter-jenz.de\/lc\/?s={search_term_string}\"},\"query-input\":{\"@type\":\"PropertyValueSpecification\",\"valueRequired\":true,\"valueName\":\"search_term_string\"}}],\"inLanguage\":\"de\"},{\"@type\":[\"Person\",\"Organization\"],\"@id\":\"https:\/\/dieter-jenz.de\/lc\/#\/schema\/person\/618cfd5c289d0a23930cb258a43679ab\",\"name\":\"Dieter Jenz\",\"image\":{\"@type\":\"ImageObject\",\"inLanguage\":\"de\",\"@id\":\"https:\/\/dieter-jenz.de\/lc\/#\/schema\/person\/image\/\",\"url\":\"https:\/\/dieter-jenz.de\/lc\/wp-content\/uploads\/2020\/01\/Logo-Coaching-und-Begleitung.png\",\"contentUrl\":\"https:\/\/dieter-jenz.de\/lc\/wp-content\/uploads\/2020\/01\/Logo-Coaching-und-Begleitung.png\",\"width\":320,\"height\":240,\"caption\":\"Dieter Jenz\"},\"logo\":{\"@id\":\"https:\/\/dieter-jenz.de\/lc\/#\/schema\/person\/image\/\"},\"description\":\"Ich bin Dieter Jenz, Begleiter, Berater und Coach mit Leidenschaft. \u00dcber viele Jahre hinweg habe ich einen reichen Schatz an Kompetenz und Erfahrung erworben. Meine Themen sind die \\\"4L\\\": Lebensaufgabe, Lebensplanung, Lebensnavigation und Lebensqualit\u00e4t.\",\"sameAs\":[\"https:\/\/www.facebook.com\/dieter.jenz.inspiration\",\"https:\/\/www.pinterest.de\/dieterjenz\/\",\"https:\/\/x.com\/https:\/\/twitter.com\/dieterjenz\"],\"url\":\"https:\/\/dieter-jenz.de\/lc\/author\/dieter\/\"}]}<\/script>\n<!-- \/ Yoast SEO plugin. -->","yoast_head_json":{"title":"K\u00f6nnen Geistwesen das Leben im Diesseits live mitverfolgen?","description":"K\u00f6nnen Geistwesen das Leben im Diesseits live mitverfolgen? K\u00f6nnen Nachtodkontakte Reaktionen auf Lebensereignisse sein?","robots":{"index":"index","follow":"follow","max-snippet":"max-snippet:-1","max-image-preview":"max-image-preview:large","max-video-preview":"max-video-preview:-1"},"canonical":"https:\/\/dieter-jenz.de\/lc\/koennen-geistwesen-das-leben-im-diesseits-live-mitverfolgen\/","og_locale":"de_DE","og_type":"article","og_title":"K\u00f6nnen Geistwesen das Leben im Diesseits live mitverfolgen?","og_description":"K\u00f6nnen Geistwesen das Leben im Diesseits live mitverfolgen? K\u00f6nnen Nachtodkontakte Reaktionen auf Lebensereignisse sein?","og_url":"https:\/\/dieter-jenz.de\/lc\/koennen-geistwesen-das-leben-im-diesseits-live-mitverfolgen\/","og_site_name":"Dieter Jenz, Begleitung und Coaching","article_publisher":"https:\/\/www.facebook.com\/dieter.jenz.inspiration","article_author":"https:\/\/www.facebook.com\/dieter.jenz.inspiration","article_published_time":"2024-03-13T10:00:00+00:00","article_modified_time":"2024-03-13T10:14:03+00:00","og_image":[{"width":800,"height":800,"url":"https:\/\/dieter-jenz.de\/lc\/wp-content\/uploads\/2024\/03\/Beitragsbild-Koennen-Geistwesen-das-Leben.jpeg","type":"image\/jpeg"}],"author":"Dieter Jenz","twitter_card":"summary_large_image","twitter_creator":"@https:\/\/twitter.com\/dieterjenz","twitter_site":"@dieterjenz","twitter_misc":{"Verfasst von":"Dieter Jenz","Gesch\u00e4tzte Lesezeit":"12\u00a0Minuten"},"schema":{"@context":"https:\/\/schema.org","@graph":[{"@type":"Article","@id":"https:\/\/dieter-jenz.de\/lc\/koennen-geistwesen-das-leben-im-diesseits-live-mitverfolgen\/#article","isPartOf":{"@id":"https:\/\/dieter-jenz.de\/lc\/koennen-geistwesen-das-leben-im-diesseits-live-mitverfolgen\/"},"author":{"name":"Dieter Jenz","@id":"https:\/\/dieter-jenz.de\/lc\/#\/schema\/person\/618cfd5c289d0a23930cb258a43679ab"},"headline":"K\u00f6nnen Geistwesen das Leben im Diesseits live mitverfolgen?","datePublished":"2024-03-13T10:00:00+00:00","dateModified":"2024-03-13T10:14:03+00:00","mainEntityOfPage":{"@id":"https:\/\/dieter-jenz.de\/lc\/koennen-geistwesen-das-leben-im-diesseits-live-mitverfolgen\/"},"wordCount":2013,"publisher":{"@id":"https:\/\/dieter-jenz.de\/lc\/#\/schema\/person\/618cfd5c289d0a23930cb258a43679ab"},"image":{"@id":"https:\/\/dieter-jenz.de\/lc\/koennen-geistwesen-das-leben-im-diesseits-live-mitverfolgen\/#primaryimage"},"thumbnailUrl":"https:\/\/dieter-jenz.de\/lc\/wp-content\/uploads\/2024\/03\/Beitragsbild-Koennen-Geistwesen-das-Leben.jpeg","articleSection":["Lebensfragen"],"inLanguage":"de"},{"@type":"WebPage","@id":"https:\/\/dieter-jenz.de\/lc\/koennen-geistwesen-das-leben-im-diesseits-live-mitverfolgen\/","url":"https:\/\/dieter-jenz.de\/lc\/koennen-geistwesen-das-leben-im-diesseits-live-mitverfolgen\/","name":"K\u00f6nnen Geistwesen das Leben im Diesseits live mitverfolgen?","isPartOf":{"@id":"https:\/\/dieter-jenz.de\/lc\/#website"},"primaryImageOfPage":{"@id":"https:\/\/dieter-jenz.de\/lc\/koennen-geistwesen-das-leben-im-diesseits-live-mitverfolgen\/#primaryimage"},"image":{"@id":"https:\/\/dieter-jenz.de\/lc\/koennen-geistwesen-das-leben-im-diesseits-live-mitverfolgen\/#primaryimage"},"thumbnailUrl":"https:\/\/dieter-jenz.de\/lc\/wp-content\/uploads\/2024\/03\/Beitragsbild-Koennen-Geistwesen-das-Leben.jpeg","datePublished":"2024-03-13T10:00:00+00:00","dateModified":"2024-03-13T10:14:03+00:00","description":"K\u00f6nnen Geistwesen das Leben im Diesseits live mitverfolgen? K\u00f6nnen Nachtodkontakte Reaktionen auf Lebensereignisse sein?","breadcrumb":{"@id":"https:\/\/dieter-jenz.de\/lc\/koennen-geistwesen-das-leben-im-diesseits-live-mitverfolgen\/#breadcrumb"},"inLanguage":"de","potentialAction":[{"@type":"ReadAction","target":["https:\/\/dieter-jenz.de\/lc\/koennen-geistwesen-das-leben-im-diesseits-live-mitverfolgen\/"]}]},{"@type":"ImageObject","inLanguage":"de","@id":"https:\/\/dieter-jenz.de\/lc\/koennen-geistwesen-das-leben-im-diesseits-live-mitverfolgen\/#primaryimage","url":"https:\/\/dieter-jenz.de\/lc\/wp-content\/uploads\/2024\/03\/Beitragsbild-Koennen-Geistwesen-das-Leben.jpeg","contentUrl":"https:\/\/dieter-jenz.de\/lc\/wp-content\/uploads\/2024\/03\/Beitragsbild-Koennen-Geistwesen-das-Leben.jpeg","width":800,"height":800,"caption":"Gestaltung: privat"},{"@type":"BreadcrumbList","@id":"https:\/\/dieter-jenz.de\/lc\/koennen-geistwesen-das-leben-im-diesseits-live-mitverfolgen\/#breadcrumb","itemListElement":[{"@type":"ListItem","position":1,"name":"Home","item":"https:\/\/dieter-jenz.de\/lc\/"},{"@type":"ListItem","position":2,"name":"Lebensfragen","item":"https:\/\/dieter-jenz.de\/lc\/category\/lebensfragen\/"},{"@type":"ListItem","position":3,"name":"K\u00f6nnen Geistwesen das Leben im Diesseits live mitverfolgen?"}]},{"@type":"WebSite","@id":"https:\/\/dieter-jenz.de\/lc\/#website","url":"https:\/\/dieter-jenz.de\/lc\/","name":"Dieter Jenz, Begleitung und Coaching","description":"Die andere, neue Sichtweise entdecken - auftanken - neue Wege gehen","publisher":{"@id":"https:\/\/dieter-jenz.de\/lc\/#\/schema\/person\/618cfd5c289d0a23930cb258a43679ab"},"potentialAction":[{"@type":"SearchAction","target":{"@type":"EntryPoint","urlTemplate":"https:\/\/dieter-jenz.de\/lc\/?s={search_term_string}"},"query-input":{"@type":"PropertyValueSpecification","valueRequired":true,"valueName":"search_term_string"}}],"inLanguage":"de"},{"@type":["Person","Organization"],"@id":"https:\/\/dieter-jenz.de\/lc\/#\/schema\/person\/618cfd5c289d0a23930cb258a43679ab","name":"Dieter Jenz","image":{"@type":"ImageObject","inLanguage":"de","@id":"https:\/\/dieter-jenz.de\/lc\/#\/schema\/person\/image\/","url":"https:\/\/dieter-jenz.de\/lc\/wp-content\/uploads\/2020\/01\/Logo-Coaching-und-Begleitung.png","contentUrl":"https:\/\/dieter-jenz.de\/lc\/wp-content\/uploads\/2020\/01\/Logo-Coaching-und-Begleitung.png","width":320,"height":240,"caption":"Dieter Jenz"},"logo":{"@id":"https:\/\/dieter-jenz.de\/lc\/#\/schema\/person\/image\/"},"description":"Ich bin Dieter Jenz, Begleiter, Berater und Coach mit Leidenschaft. \u00dcber viele Jahre hinweg habe ich einen reichen Schatz an Kompetenz und Erfahrung erworben. Meine Themen sind die \"4L\": Lebensaufgabe, Lebensplanung, Lebensnavigation und Lebensqualit\u00e4t.","sameAs":["https:\/\/www.facebook.com\/dieter.jenz.inspiration","https:\/\/www.pinterest.de\/dieterjenz\/","https:\/\/x.com\/https:\/\/twitter.com\/dieterjenz"],"url":"https:\/\/dieter-jenz.de\/lc\/author\/dieter\/"}]}},"_links":{"self":[{"href":"https:\/\/dieter-jenz.de\/lc\/wp-json\/wp\/v2\/posts\/11461"}],"collection":[{"href":"https:\/\/dieter-jenz.de\/lc\/wp-json\/wp\/v2\/posts"}],"about":[{"href":"https:\/\/dieter-jenz.de\/lc\/wp-json\/wp\/v2\/types\/post"}],"author":[{"embeddable":true,"href":"https:\/\/dieter-jenz.de\/lc\/wp-json\/wp\/v2\/users\/2"}],"replies":[{"embeddable":true,"href":"https:\/\/dieter-jenz.de\/lc\/wp-json\/wp\/v2\/comments?post=11461"}],"version-history":[{"count":5,"href":"https:\/\/dieter-jenz.de\/lc\/wp-json\/wp\/v2\/posts\/11461\/revisions"}],"predecessor-version":[{"id":11473,"href":"https:\/\/dieter-jenz.de\/lc\/wp-json\/wp\/v2\/posts\/11461\/revisions\/11473"}],"wp:featuredmedia":[{"embeddable":true,"href":"https:\/\/dieter-jenz.de\/lc\/wp-json\/wp\/v2\/media\/11469"}],"wp:attachment":[{"href":"https:\/\/dieter-jenz.de\/lc\/wp-json\/wp\/v2\/media?parent=11461"}],"wp:term":[{"taxonomy":"category","embeddable":true,"href":"https:\/\/dieter-jenz.de\/lc\/wp-json\/wp\/v2\/categories?post=11461"},{"taxonomy":"post_tag","embeddable":true,"href":"https:\/\/dieter-jenz.de\/lc\/wp-json\/wp\/v2\/tags?post=11461"}],"curies":[{"name":"wp","href":"https:\/\/api.w.org\/{rel}","templated":true}]}}