{"id":11512,"date":"2024-03-26T09:00:00","date_gmt":"2024-03-26T08:00:00","guid":{"rendered":"https:\/\/dieter-jenz.de\/lc\/?p=11512"},"modified":"2024-03-25T18:17:32","modified_gmt":"2024-03-25T17:17:32","slug":"welche-faehigkeiten-und-kompetenzen-besitzen-geistwesen","status":"publish","type":"post","link":"https:\/\/dieter-jenz.de\/lc\/welche-faehigkeiten-und-kompetenzen-besitzen-geistwesen\/","title":{"rendered":"Welche F\u00e4higkeiten und Kompetenzen besitzen Geistwesen?"},"content":{"rendered":"<div class=\"yoast-breadcrumbs\"><span><span><a href=\"https:\/\/dieter-jenz.de\/lc\/\">Home<\/a><\/span> \u00bb <span><a href=\"https:\/\/dieter-jenz.de\/lc\/category\/lebensfragen\/\">Lebensfragen<\/a><\/span> \u00bb <span class=\"breadcrumb_last\" aria-current=\"page\"><strong>Welche F\u00e4higkeiten und Kompetenzen besitzen Geistwesen?<\/strong><\/span><\/span><\/div>\n\n\n<div style=\"height:40px\" aria-hidden=\"true\" class=\"wp-block-spacer\"><\/div>\n\n\n\n<p>Welche F\u00e4higkeiten und Kompetenzen besitzen Geistwesen? Eine spannende Frage, die noch einen weiteren Aspekt ber\u00fchrt: den Aspekt der Willensfreiheit.<\/p>\n\n\n\n<p><strong>Inhalte:<\/strong><\/p>\n\n\n\n<nav class=\"wp-block-table-of-contents\"><ol><li><a class=\"wp-block-table-of-contents__entry\" href=\"https:\/\/dieter-jenz.de\/lc\/welche-faehigkeiten-und-kompetenzen-besitzen-geistwesen\/#fahigkeiten\">F\u00e4higkeiten<\/a><ol><li><a class=\"wp-block-table-of-contents__entry\" href=\"https:\/\/dieter-jenz.de\/lc\/welche-faehigkeiten-und-kompetenzen-besitzen-geistwesen\/#einblick-in-das-diesseits\">Einblick in das Diesseits<\/a><\/li><li><a class=\"wp-block-table-of-contents__entry\" href=\"https:\/\/dieter-jenz.de\/lc\/welche-faehigkeiten-und-kompetenzen-besitzen-geistwesen\/#fahigkeit-zur-transuniversalen-kommunikation\">F\u00e4higkeit zur transuniversalen Kommunikation<\/a><\/li><li><a class=\"wp-block-table-of-contents__entry\" href=\"https:\/\/dieter-jenz.de\/lc\/welche-faehigkeiten-und-kompetenzen-besitzen-geistwesen\/#fahigkeit-zur-materialisierung-und-dematerialisierung\">F\u00e4higkeit zur Materialisierung und Dematerialisierung<\/a><\/li><\/ol><\/li><li><a class=\"wp-block-table-of-contents__entry\" href=\"https:\/\/dieter-jenz.de\/lc\/welche-faehigkeiten-und-kompetenzen-besitzen-geistwesen\/#kompetenzen\">Kompetenzen<\/a><\/li><li><a class=\"wp-block-table-of-contents__entry\" href=\"https:\/\/dieter-jenz.de\/lc\/welche-faehigkeiten-und-kompetenzen-besitzen-geistwesen\/#willensfreiheit\">Willensfreiheit<\/a><ol><li><a class=\"wp-block-table-of-contents__entry\" href=\"https:\/\/dieter-jenz.de\/lc\/welche-faehigkeiten-und-kompetenzen-besitzen-geistwesen\/#mogliches-verbot-der-kontaktaufnahme\">M\u00f6gliches Verbot der Kontaktaufnahme<\/a><\/li><li><a class=\"wp-block-table-of-contents__entry\" href=\"https:\/\/dieter-jenz.de\/lc\/welche-faehigkeiten-und-kompetenzen-besitzen-geistwesen\/#moglicher-freiwilliger-verzicht-auf-kontaktaufnahme\">M\u00f6glicher freiwilliger Verzicht auf Kontaktaufnahme<\/a><\/li><\/ol><\/li><li><a class=\"wp-block-table-of-contents__entry\" href=\"https:\/\/dieter-jenz.de\/lc\/welche-faehigkeiten-und-kompetenzen-besitzen-geistwesen\/#prasenzwahrnehmung-nach-dem-biologischen-tod\">Pr\u00e4senzwahrnehmung nach dem biologischen Tod<\/a><\/li><li><a class=\"wp-block-table-of-contents__entry\" href=\"https:\/\/dieter-jenz.de\/lc\/welche-faehigkeiten-und-kompetenzen-besitzen-geistwesen\/#folgerungen\">Folgerungen<\/a><\/li><\/ol><\/nav>\n\n\n\n<div class=\"wp-block-media-text is-stacked-on-mobile has-background-background-color has-background\" style=\"grid-template-columns:15% auto\"><figure class=\"wp-block-media-text__media\"><a href=\"https:\/\/dieter-jenz.de\/lc\/was-geschieht-mit-mir-wenn-ich-sterbe\/\"><img loading=\"lazy\" decoding=\"async\" width=\"800\" height=\"800\" src=\"https:\/\/dieter-jenz.de\/lc\/wp-content\/uploads\/2022\/03\/Beitragsbild-Was-geschieht-mit-mir-wenn-ich-sterbe.jpeg\" alt=\"Was geschieht mit mir wenn ich sterbe - Gestaltung: privat\" class=\"wp-image-7029 size-full\" srcset=\"https:\/\/dieter-jenz.de\/lc\/wp-content\/uploads\/2022\/03\/Beitragsbild-Was-geschieht-mit-mir-wenn-ich-sterbe.jpeg 800w, https:\/\/dieter-jenz.de\/lc\/wp-content\/uploads\/2022\/03\/Beitragsbild-Was-geschieht-mit-mir-wenn-ich-sterbe-300x300.jpeg 300w, https:\/\/dieter-jenz.de\/lc\/wp-content\/uploads\/2022\/03\/Beitragsbild-Was-geschieht-mit-mir-wenn-ich-sterbe-150x150.jpeg 150w, https:\/\/dieter-jenz.de\/lc\/wp-content\/uploads\/2022\/03\/Beitragsbild-Was-geschieht-mit-mir-wenn-ich-sterbe-768x768.jpeg 768w, https:\/\/dieter-jenz.de\/lc\/wp-content\/uploads\/2022\/03\/Beitragsbild-Was-geschieht-mit-mir-wenn-ich-sterbe-540x540.jpeg 540w\" sizes=\"(max-width: 800px) 100vw, 800px\" \/><\/a><\/figure><div class=\"wp-block-media-text__content\">\n<p class=\"has-border-background-color has-background has-normal-font-size\">Dieser Beitrag ist Teil der Serie &#8222;<em>Was geschieht mit mir wenn ich sterbe?<\/em>&#8220; <br>Grobes <a href=\"https:\/\/dieter-jenz.de\/lc\/was-geschieht-mit-mir-wenn-ich-sterbe\/\" target=\"_blank\" rel=\"noreferrer noopener\">Inhaltsverzeichnis<\/a><\/p>\n<\/div><\/div>\n\n\n\n<p>Verstorbene (allochthone Geistwesen) und autochthone Geistwesen haben, wie bereits erw\u00e4hnt, anekdotischen Schilderungen zu Nachtod- und Geistwesenkontakten zufolge gewissen Einblick in das Leben im Diesseits und k\u00f6nnen auch mit lebenden Personen Kontakt aufnehmen. Welche F\u00e4higkeiten und Kompetenzen ben\u00f6tigen Geistwesen dazu? In weiterer Konsequenz stellt sich die Frage, ob und ggf. welche Grenzen im Hinblick auf deren Einsatz bzw. Nutzung gesetzt sind. Dar\u00fcber hinaus mag es sein, dass Geistwesen zwar F\u00e4higkeiten und Kompetenzen besitzen, diese jedoch aufgrund von Willensentscheidungen nicht nutzen wollen.<\/p>\n\n\n<div class=\"su-box su-box-style-default\" id=\"\" style=\"border-color:#000000;border-radius:3px;\"><div class=\"su-box-title\" style=\"background-color:#333333;color:#FFFFFF;border-top-left-radius:1px;border-top-right-radius:1px\">Letzte Beitr\u00e4ge <\/div><div class=\"su-box-content su-u-clearfix su-u-trim\" style=\"border-bottom-left-radius:1px;border-bottom-right-radius:1px\"><div class=\"su-expand su-expand-collapsed su-expand-link-style-default\" data-height=\"100\"><div class=\"su-expand-content su-u-trim\" style=\"color:#333333;max-height:100px;overflow:hidden\">\n\n<div class=\"su-posts su-posts-teaser-loop \">\n\n\t\t\t\t\t\t\n\t\t\t\n\t\t\t<div id=\"su-post-12357\" class=\"su-post \">\n\t\t\t\t\t\t\t\t\t<a class=\"su-post-thumbnail\" href=\"https:\/\/dieter-jenz.de\/lc\/die-realitaet-das-individuelle-selbst-befindet-sich-nicht-im-gehirn\/\"><img loading=\"lazy\" decoding=\"async\" width=\"800\" height=\"800\" src=\"https:\/\/dieter-jenz.de\/lc\/wp-content\/uploads\/2024\/11\/Beitragsbild-Realitaet-Individuelles-Selbst-nicht-im-Gehirn.jpeg\" class=\"attachment-post-thumbnail size-post-thumbnail wp-post-image\" alt=\"Realit\u00e4t Das individuelle Selbst befindet sich nicht im Gehirn - Gestaltung: privat\" \/><\/a>\n\t\t\t\t\t\t\t\t<h2 class=\"su-post-title\"><a href=\"https:\/\/dieter-jenz.de\/lc\/die-realitaet-das-individuelle-selbst-befindet-sich-nicht-im-gehirn\/\">Die Realit\u00e4t: Das individuelle Selbst befindet sich nicht im Gehirn<\/a><\/h2>\n\t\t\t<\/div>\n\n\t\t\t\t\t\n\t\t\t\n\t\t\t<div id=\"su-post-12328\" class=\"su-post \">\n\t\t\t\t\t\t\t\t\t<a class=\"su-post-thumbnail\" href=\"https:\/\/dieter-jenz.de\/lc\/verifikation-der-eis-hypothese-ungewoehnliche-erinnerungen\/\"><img loading=\"lazy\" decoding=\"async\" width=\"800\" height=\"800\" src=\"https:\/\/dieter-jenz.de\/lc\/wp-content\/uploads\/2024\/11\/Beitragsbild-Verifikation-EIS-Hypothese-Ungewoehnliche-Erinnerungen.jpeg\" class=\"attachment-post-thumbnail size-post-thumbnail wp-post-image\" alt=\"Verifikation frt EIS-Hypothese: Ungew\u00f6hnliche Erinnerungen - Gestaltung: privat\" \/><\/a>\n\t\t\t\t\t\t\t\t<h2 class=\"su-post-title\"><a href=\"https:\/\/dieter-jenz.de\/lc\/verifikation-der-eis-hypothese-ungewoehnliche-erinnerungen\/\">Verifikation der EIS-Hypothese: Ungew\u00f6hnliche Erinnerungen<\/a><\/h2>\n\t\t\t<\/div>\n\n\t\t\t\t\t\n\t\t\t\n\t\t\t<div id=\"su-post-12313\" class=\"su-post \">\n\t\t\t\t\t\t\t\t\t<a class=\"su-post-thumbnail\" href=\"https:\/\/dieter-jenz.de\/lc\/verifikation-der-eis-hypothese-terminale-geistesklarheit\/\"><img loading=\"lazy\" decoding=\"async\" width=\"800\" height=\"800\" src=\"https:\/\/dieter-jenz.de\/lc\/wp-content\/uploads\/2024\/11\/Beitragsbild-Verifikation-EIS-Hypothese-Terminale-Geistesklarheit.jpeg\" class=\"attachment-post-thumbnail size-post-thumbnail wp-post-image\" alt=\"Verifikation der EIS-Hypothese: Terminale Geistesklarheit - Gestaltung: privat\" \/><\/a>\n\t\t\t\t\t\t\t\t<h2 class=\"su-post-title\"><a href=\"https:\/\/dieter-jenz.de\/lc\/verifikation-der-eis-hypothese-terminale-geistesklarheit\/\">Verifikation der EIS-Hypothese: Terminale Geistesklarheit<\/a><\/h2>\n\t\t\t<\/div>\n\n\t\t\t\t\t\n\t\t\t\n\t\t\t<div id=\"su-post-12248\" class=\"su-post \">\n\t\t\t\t\t\t\t\t\t<a class=\"su-post-thumbnail\" href=\"https:\/\/dieter-jenz.de\/lc\/verifikation-der-eis-hypothese-nahtoderfahrung\/\"><img loading=\"lazy\" decoding=\"async\" width=\"800\" height=\"800\" src=\"https:\/\/dieter-jenz.de\/lc\/wp-content\/uploads\/2024\/10\/Beitragsbild-Verifikation-EIS-Hypothese-Nahtoderfahrung.jpeg\" class=\"attachment-post-thumbnail size-post-thumbnail wp-post-image\" alt=\"Verifikation der EIS-Hypothese: Nahtoderfahrung - Gestaltung: privat\" \/><\/a>\n\t\t\t\t\t\t\t\t<h2 class=\"su-post-title\"><a href=\"https:\/\/dieter-jenz.de\/lc\/verifikation-der-eis-hypothese-nahtoderfahrung\/\">Verifikation der EIS-Hypothese: Nahtoderfahrung<\/a><\/h2>\n\t\t\t<\/div>\n\n\t\t\t\t\t\n\t\t\t\n\t\t\t<div id=\"su-post-12193\" class=\"su-post \">\n\t\t\t\t\t\t\t\t\t<a class=\"su-post-thumbnail\" href=\"https:\/\/dieter-jenz.de\/lc\/das-losloesungsszenario-ist-es-plausibel\/\"><img loading=\"lazy\" decoding=\"async\" width=\"800\" height=\"800\" src=\"https:\/\/dieter-jenz.de\/lc\/wp-content\/uploads\/2024\/09\/Beitragsbild-Losloesungsszenario.jpeg\" class=\"attachment-post-thumbnail size-post-thumbnail wp-post-image\" alt=\"Losl\u00f6sungsszenario - Gestaltung: privat\" \/><\/a>\n\t\t\t\t\t\t\t\t<h2 class=\"su-post-title\"><a href=\"https:\/\/dieter-jenz.de\/lc\/das-losloesungsszenario-ist-es-plausibel\/\">Das Losl\u00f6sungsszenario &#8211; ist es plausibel?<\/a><\/h2>\n\t\t\t<\/div>\n\n\t\t\t\t\t\n\t\t\t\n\t\t\t<div id=\"su-post-12174\" class=\"su-post \">\n\t\t\t\t\t\t\t\t\t<a class=\"su-post-thumbnail\" href=\"https:\/\/dieter-jenz.de\/lc\/das-evakuierungsszenario-ist-es-plausibel\/\"><img loading=\"lazy\" decoding=\"async\" width=\"800\" height=\"800\" src=\"https:\/\/dieter-jenz.de\/lc\/wp-content\/uploads\/2024\/09\/Beitragsbild-Evakuierungsszenario.jpeg\" class=\"attachment-post-thumbnail size-post-thumbnail wp-post-image\" alt=\"Evakuierungsszenario - Gestaltung: privat\" \/><\/a>\n\t\t\t\t\t\t\t\t<h2 class=\"su-post-title\"><a href=\"https:\/\/dieter-jenz.de\/lc\/das-evakuierungsszenario-ist-es-plausibel\/\">Das Evakuierungsszenario &#8211; ist es plausibel?<\/a><\/h2>\n\t\t\t<\/div>\n\n\t\t\t\t\t\n\t\t\t\n\t\t\t<div id=\"su-post-12136\" class=\"su-post \">\n\t\t\t\t\t\t\t\t\t<a class=\"su-post-thumbnail\" href=\"https:\/\/dieter-jenz.de\/lc\/das-erloeschungsszenario-ist-es-plausibel\/\"><img loading=\"lazy\" decoding=\"async\" width=\"800\" height=\"800\" src=\"https:\/\/dieter-jenz.de\/lc\/wp-content\/uploads\/2024\/09\/Beitragsbild-Erloeschungsszenario.jpeg\" class=\"attachment-post-thumbnail size-post-thumbnail wp-post-image\" alt=\"Erl\u00f6schungsszenario - Gestaltung: privat\" \/><\/a>\n\t\t\t\t\t\t\t\t<h2 class=\"su-post-title\"><a href=\"https:\/\/dieter-jenz.de\/lc\/das-erloeschungsszenario-ist-es-plausibel\/\">Das Erl\u00f6schungsszenario &#8211; ist es plausibel?<\/a><\/h2>\n\t\t\t<\/div>\n\n\t\t\t\t\t\n\t\t\t\n\t\t\t<div id=\"su-post-11981\" class=\"su-post \">\n\t\t\t\t\t\t\t\t\t<a class=\"su-post-thumbnail\" href=\"https:\/\/dieter-jenz.de\/lc\/was-sind-nahtoderfahrungenwie-werden-sie-erlebt\/\"><img loading=\"lazy\" decoding=\"async\" width=\"800\" height=\"800\" src=\"https:\/\/dieter-jenz.de\/lc\/wp-content\/uploads\/2024\/07\/Beitragsbild-Was-sind-Nahtoderfahrungen.jpeg\" class=\"attachment-post-thumbnail size-post-thumbnail wp-post-image\" alt=\"Was sind Nahtoderfahrungen - Gestaltung: privat\" \/><\/a>\n\t\t\t\t\t\t\t\t<h2 class=\"su-post-title\"><a href=\"https:\/\/dieter-jenz.de\/lc\/was-sind-nahtoderfahrungenwie-werden-sie-erlebt\/\">Was sind Nahtoderfahrungen? Wie werden sie erlebt?<\/a><\/h2>\n\t\t\t<\/div>\n\n\t\t\t\t\t\n\t\t\t\n\t\t\t<div id=\"su-post-11947\" class=\"su-post \">\n\t\t\t\t\t\t\t\t\t<a class=\"su-post-thumbnail\" href=\"https:\/\/dieter-jenz.de\/lc\/taktile-kommunikation-was-verbirgt-sich-dahinter\/\"><img loading=\"lazy\" decoding=\"async\" width=\"800\" height=\"800\" src=\"https:\/\/dieter-jenz.de\/lc\/wp-content\/uploads\/2024\/07\/Beitragsbild-Taktile-Kommunikation.jpeg\" class=\"attachment-post-thumbnail size-post-thumbnail wp-post-image\" alt=\"Taktile Kommunikation - Gestaltung: privat\" \/><\/a>\n\t\t\t\t\t\t\t\t<h2 class=\"su-post-title\"><a href=\"https:\/\/dieter-jenz.de\/lc\/taktile-kommunikation-was-verbirgt-sich-dahinter\/\">Taktile Kommunikation \u2013 was verbirgt sich dahinter?<\/a><\/h2>\n\t\t\t<\/div>\n\n\t\t\t\t\t\n\t\t\t\n\t\t\t<div id=\"su-post-11943\" class=\"su-post \">\n\t\t\t\t\t\t\t\t\t<a class=\"su-post-thumbnail\" href=\"https:\/\/dieter-jenz.de\/lc\/olfaktorische-kommunikation-was-verbirgt-sich-dahinter\/\"><img loading=\"lazy\" decoding=\"async\" width=\"800\" height=\"800\" src=\"https:\/\/dieter-jenz.de\/lc\/wp-content\/uploads\/2024\/07\/Beitragsbild-Olfaktorische-Kommunikation.jpeg\" class=\"attachment-post-thumbnail size-post-thumbnail wp-post-image\" alt=\"Olfaktorische Kommunikation - Gestaltung: privat\" \/><\/a>\n\t\t\t\t\t\t\t\t<h2 class=\"su-post-title\"><a href=\"https:\/\/dieter-jenz.de\/lc\/olfaktorische-kommunikation-was-verbirgt-sich-dahinter\/\">Olfaktorische Kommunikation \u2013 was verbirgt sich dahinter?<\/a><\/h2>\n\t\t\t<\/div>\n\n\t\t\t\n<\/div>\n  <\/div><div class=\"su-expand-link su-expand-link-more\" style=\"text-align:left\"><a href=\"javascript:;\" style=\"color:#0088FF;border-color:#0088FF\"><span style=\"border-color:#0088FF\">Mehr anzeigen<\/span><\/a><\/div><div class=\"su-expand-link su-expand-link-less\" style=\"text-align:left\"><a href=\"javascript:;\" style=\"color:#0088FF;border-color:#0088FF\"><span style=\"border-color:#0088FF\">Weniger anzeigen<\/span><\/a><\/div><\/div><\/div><\/div>\n\n\n\n<h3 class=\"wp-block-heading\" id=\"fahigkeiten\"><strong><strong>F\u00e4higkeiten<\/strong><\/strong><\/h3>\n\n\n\n<p>Geistwesen ben\u00f6tigen besondere F\u00e4higkeiten, um mit lebenden Menschen Kontakt aufnehmen und kommunizieren zu k\u00f6nnen:<\/p>\n\n\n\n<ul>\n<li>Einblick in das Diesseits,<\/li>\n\n\n\n<li>F\u00e4higkeit zur transuniversalen Kommunikation (zwischen Jenseits und Diesseits),<\/li>\n\n\n\n<li>F\u00e4higkeit zur Materialisierung und Dematerialisierung.<\/li>\n<\/ul>\n\n\n\n<p>Welche dieser F\u00e4higkeiten konkret ben\u00f6tigt werden ist von der Art des Kontakts abh\u00e4ngig.<\/p>\n\n\n\n<div class=\"wp-block-group\"><div class=\"wp-block-group__inner-container is-layout-constrained wp-block-group-is-layout-constrained\">\n<figure class=\"wp-block-gallery has-nested-images columns-4 is-cropped wp-block-gallery-1 is-layout-flex wp-block-gallery-is-layout-flex\">\n<figure class=\"wp-block-image size-large\"><a href=\"https:\/\/dieter-jenz.de\/lc\/portal-lebensweisheiten\/\" target=\"_blank\" rel=\"noreferrer noopener\"><img loading=\"lazy\" decoding=\"async\" width=\"800\" height=\"800\" data-id=\"10179\" src=\"https:\/\/dieter-jenz.de\/lc\/wp-content\/uploads\/2023\/12\/Lebensweisheiten.jpeg\" alt=\"Lebensweisheiten - Gestaltung: privat\" class=\"wp-image-10179\" srcset=\"https:\/\/dieter-jenz.de\/lc\/wp-content\/uploads\/2023\/12\/Lebensweisheiten.jpeg 800w, https:\/\/dieter-jenz.de\/lc\/wp-content\/uploads\/2023\/12\/Lebensweisheiten-300x300.jpeg 300w, https:\/\/dieter-jenz.de\/lc\/wp-content\/uploads\/2023\/12\/Lebensweisheiten-150x150.jpeg 150w, https:\/\/dieter-jenz.de\/lc\/wp-content\/uploads\/2023\/12\/Lebensweisheiten-768x768.jpeg 768w, https:\/\/dieter-jenz.de\/lc\/wp-content\/uploads\/2023\/12\/Lebensweisheiten-540x540.jpeg 540w\" sizes=\"(max-width: 800px) 100vw, 800px\" \/><\/a><figcaption class=\"wp-element-caption\">Gestaltung: privat<\/figcaption><\/figure>\n\n\n\n<figure class=\"wp-block-image size-large\"><a href=\"https:\/\/dieter-jenz.de\/lc\/portal-evergreen-themen\/\" target=\"_blank\" rel=\"noreferrer noopener\"><img loading=\"lazy\" decoding=\"async\" width=\"800\" height=\"800\" data-id=\"10200\" src=\"https:\/\/dieter-jenz.de\/lc\/wp-content\/uploads\/2023\/12\/Evergreen-Themen.jpeg\" alt=\"Evergreen-Themen - Gestaltung: privat\" class=\"wp-image-10200\" srcset=\"https:\/\/dieter-jenz.de\/lc\/wp-content\/uploads\/2023\/12\/Evergreen-Themen.jpeg 800w, https:\/\/dieter-jenz.de\/lc\/wp-content\/uploads\/2023\/12\/Evergreen-Themen-300x300.jpeg 300w, https:\/\/dieter-jenz.de\/lc\/wp-content\/uploads\/2023\/12\/Evergreen-Themen-150x150.jpeg 150w, https:\/\/dieter-jenz.de\/lc\/wp-content\/uploads\/2023\/12\/Evergreen-Themen-768x768.jpeg 768w, https:\/\/dieter-jenz.de\/lc\/wp-content\/uploads\/2023\/12\/Evergreen-Themen-540x540.jpeg 540w\" sizes=\"(max-width: 800px) 100vw, 800px\" \/><\/a><figcaption class=\"wp-element-caption\">Gestaltung: privat<\/figcaption><\/figure>\n\n\n\n<figure class=\"wp-block-image size-large\"><a href=\"https:\/\/dieter-jenz.de\/lc\/portal-wissensdurst\/\" target=\"_blank\" rel=\"noreferrer noopener\"><img loading=\"lazy\" decoding=\"async\" width=\"800\" height=\"800\" data-id=\"10177\" src=\"https:\/\/dieter-jenz.de\/lc\/wp-content\/uploads\/2023\/12\/Wissensdurst-Blick-durch-den-Tuerspalt.jpeg\" alt=\"Wissensdurst, Blick durch den T\u00fcrspalt - Gestaltung: privat\" class=\"wp-image-10177\" srcset=\"https:\/\/dieter-jenz.de\/lc\/wp-content\/uploads\/2023\/12\/Wissensdurst-Blick-durch-den-Tuerspalt.jpeg 800w, https:\/\/dieter-jenz.de\/lc\/wp-content\/uploads\/2023\/12\/Wissensdurst-Blick-durch-den-Tuerspalt-300x300.jpeg 300w, https:\/\/dieter-jenz.de\/lc\/wp-content\/uploads\/2023\/12\/Wissensdurst-Blick-durch-den-Tuerspalt-150x150.jpeg 150w, https:\/\/dieter-jenz.de\/lc\/wp-content\/uploads\/2023\/12\/Wissensdurst-Blick-durch-den-Tuerspalt-768x768.jpeg 768w, https:\/\/dieter-jenz.de\/lc\/wp-content\/uploads\/2023\/12\/Wissensdurst-Blick-durch-den-Tuerspalt-540x540.jpeg 540w\" sizes=\"(max-width: 800px) 100vw, 800px\" \/><\/a><figcaption class=\"wp-element-caption\">Gestaltung: privat<\/figcaption><\/figure>\n<\/figure>\n<\/div><\/div>\n\n\n\n<h4 class=\"wp-block-heading\" id=\"einblick-in-das-diesseits\"><strong><strong>Einblick in das Diesseits<\/strong><\/strong><\/h4>\n\n\n\n<p>Vieles spricht, wie bereits erw\u00e4hnt, daf\u00fcr, dass autochthone wie allochthone Geistwesen das Leben im Diesseits gewisserma\u00dfen live mitverfolgen k\u00f6nnen. Sie k\u00f6nnen aktuelle Lebenssituationen wahrnehmen in denen sich lebende Menschen, mit denen sie zu ihren Lebzeiten eine positive emotionale Beziehung verband, befinden. Au\u00dferdem k\u00f6nnen sie schon vorausschauen, was sich in deren zuk\u00fcnftigem Leben ereignen wird. Dar\u00fcber hinaus haben sie m\u00f6glicherweise auch Zugang zur Gedankenwelt. Falls dieser Zugang nicht m\u00f6glich ist, k\u00f6nnen sie das womit sich eine lebende Person gerade besch\u00e4ftigt, zumindest teilweise aus deren Handlungen ableiten.<\/p>\n\n\n\n<h4 class=\"wp-block-heading\" id=\"fahigkeit-zur-transuniversalen-kommunikation\"><strong>F\u00e4higkeit zur transuniversalen Kommunikation<\/strong><\/h4>\n\n\n\n<p>Damit Geistwesen mit lebenden Personen kommunizieren k\u00f6nnen, ben\u00f6tigen sie die F\u00e4higkeit zur transuniversalen Kommunikation. Diese Kommunikation kann auf unterschiedliche Art und Weise geschehen. Aus anekdotischen Schilderungen von Nachtod- und Geistwesenkontakten lassen sich folgende M\u00f6glichkeiten erschlie\u00dfen:<\/p>\n\n\n\n<ul>\n<li>Nonverbale Kommunikation \u00fcber Gegenwartsempfinden. Die allgemeine Stimmungslage und Gef\u00fchle eines Geistwesens sind sp\u00fcrbar;<\/li>\n\n\n\n<li>Taktile Kommunikation in Form von k\u00f6rperlicher Ber\u00fchrung durch ein Geistwesen;<\/li>\n\n\n\n<li>Olfaktorische Kommunikation in Form von Geruchswahrnehmungen mit f\u00fcr ein Geistwesen typischen Ger\u00fcchen (z.&nbsp;B. Parfum);<\/li>\n\n\n\n<li>Verbale Kommunikation mit akustisch h\u00f6rbarer Stimme;<\/li>\n\n\n\n<li>Telepathische Kommunikation in Form einer Stimme im Inneren. F\u00fcr den Erlebenden ist wahrnehmbar, dass diese Stimme von einer Quelle au\u00dferhalb des eigenen K\u00f6rpers stammt.<\/li>\n<\/ul>\n\n\n\n<h4 class=\"wp-block-heading\" id=\"fahigkeit-zur-materialisierung-und-dematerialisierung\"><strong>F\u00e4higkeit zur Materialisierung und Dematerialisierung<\/strong><\/h4>\n\n\n\n<p>Die F\u00e4higkeit zur Materialisierung und Dematerialisierung ist nur notwendig, wenn sich das Geistwesen f\u00fcr eine lebende Person visuell wahrnehmbar zeigt. Wie aus anekdotischen Schilderungen hervorgeht, wird in manchen F\u00e4llen nur ein Teil eines K\u00f6rpers (z.&nbsp;B. das Gesicht oder die obere K\u00f6rperh\u00e4lfte) visuell wahrgenommen. In anderen F\u00e4llen ist das Geistwesen visuell als vollst\u00e4ndige Gestalt wahrnehmbar. Dar\u00fcber hinaus kann das Sichtbare als transparent oder halbtransparent wahrgenommen werden.<\/p>\n\n\n<div class=\"su-box su-box-style-default\" id=\"\" style=\"border-color:#000000;border-radius:3px;\"><div class=\"su-box-title\" style=\"background-color:#333333;color:#FFFFFF;border-top-left-radius:1px;border-top-right-radius:1px\">Weitere Informationen und Ressourcen <\/div><div class=\"su-box-content su-u-clearfix su-u-trim\" style=\"border-bottom-left-radius:1px;border-bottom-right-radius:1px\"> <div class=\"su-list\" style=\"margin-left:0px\"> <\/p>\n<ul>\n<li><i class=\"sui sui-info-circle\" style=\"color:#333\"><\/i> <a href=\"https:\/\/dieter-jenz.de\/lc\/ausgangssituation-ziel-vorgehensweise-aktueller-stand\/\" title=\"Ausgangssituation, Ziel, Vorgehensweise\" target=\"_blank\" rel=\"\" class=\"\">Ausgangssituation, Ziel, Vorgehensweise, aktueller Stand<\/a> <\/li>\n<\/ul>\n<p> <\/div> <div class=\"su-list\" style=\"margin-left:0px\"> <\/p>\n<ul>\n<li><i class=\"sui sui-info-circle\" style=\"color:#333\"><\/i> <a href=\"https:\/\/dieter-jenz.de\/lc\/was-kommt-nach-dem-tod-erstes-zwischenfazit\/\" title=\"Erstes Zwischenfazit\" target=\"_blank\" rel=\"\" class=\"\">Was kommt nach dem Tod? &#8211; Erstes Zwischenfazit<\/a> <\/li>\n<\/ul>\n<p> <\/div> <div class=\"su-list\" style=\"margin-left:0px\"> <\/p>\n<ul>\n<li><i class=\"sui sui-info-circle\" style=\"color:#333\"><\/i> <a href=\"https:\/\/dieter-jenz.de\/lc\/ressourcen-wie-geht-es-nach-dem-tod-weiter\/\" title=\"Literatur und sonstige Ressourcen\" target=\"_blank\" rel=\"\" class=\"\">Literatur und sonstige Ressourcen<\/a> <\/li>\n<\/ul>\n<p> <\/div> <div class=\"su-list\" style=\"margin-left:0px\"> <\/p>\n<ul>\n<li><i class=\"sui sui-info-circle\" style=\"color:#333\"><\/i> <a href=\"https:\/\/dieter-jenz.de\/lc\/glossar-begriffe-transzendenzerfahrungen-lebensfragen\/\" title=\"Glossar der Begriffe zu Transzendenzerfahrungen\" target=\"_blank\" rel=\"\" class=\"\">Glossar der Begriffe im Kontext von Transzendenzerfahrungen<\/a> <\/li>\n<\/ul>\n<p> <\/div> <div class=\"su-list\" style=\"margin-left:0px\"> <\/p>\n<ul>\n<li><i class=\"sui sui-info-circle\" style=\"color:#333\"><\/i> <a href=\"https:\/\/dieter-jenz.de\/lc\/faq-haeufig-gestellte-fragen-was-kommt-nach-dem-tod\/\" title=\"FAQ (H\u00e4ufig gestellte Fragen)\" target=\"_blank\" rel=\"\" class=\"\">H\u00e4ufig gestellte Fragen (FAQ) &#8211; Was kommt nach dem Tod?<\/a> <\/li>\n<\/ul>\n<p> <\/div>   <\/div><\/div>\n\n\n\n<h3 class=\"wp-block-heading\" id=\"kompetenzen\"><strong><strong><strong>Kompetenzen<\/strong><\/strong><\/strong><\/h3>\n\n\n\n<p>In zahlreichen anekdotischen Schilderungen sind diverse Interventionen durch Geistwesen dokumentiert. Sie machten sich den Schilderungen zufolge auf verschiedenste Art und Weise bemerkbar, \u00fcbermittelten Botschaften oder griffen sogar direkt ein das Leben von Menschen ein. Nun stellt sich die Frage, welche Kompetenzen Geistwesen haben. Diese Frage l\u00e4sst sich mit weiteren Fragen konkretisieren: Kann eine verstorbene Person (allochthones Geistwesen) oder ein autochthones Geistwesen eigeninitiativ<\/p>\n\n\n\n<ul>\n<li>mit einer oder mehreren lebenden Personen aufnehmen oder wird dazu eine Art Genehmigung ben\u00f6tigt?<\/li>\n\n\n\n<li>bestimmen, wann dieser Kontakt erfolgt und wie lange er dauert?<\/li>\n\n\n\n<li>w\u00e4hlen, auf welche Art und Weise der Kontakt aufgenommen wird?<\/li>\n\n\n\n<li>entscheiden, wie der Kontakt gestaltet wird (z.&nbsp;B. ob und ggf. wie kommuniziert wird)?<\/li>\n\n\n\n<li>entscheiden, in welcher Form (z.&nbsp;B. k\u00f6rperlos, halbtransparent, materialisiert) sie selbst der lebenden Person gegen\u00fcber erscheint?<\/li>\n\n\n\n<li>bestimmen, f\u00fcr wen sie bei einer Zusammenkunft oder Anwesenheit mehrerer lebender Menschen (z.&nbsp;B. Trauerfeier) wahrnehmbar ist?<\/li>\n<\/ul>\n\n\n\n<p>Aus den anekdotischen Schilderungen von Nachtod- und Geistwesenkontakten l\u00e4sst sich nicht erschlie\u00dfen, welche Kompetenzen Geistwesen besitzen. Konkreter ausgedr\u00fcckt: es ist nicht direkt erkennbar, ob und ggf. in welchem Umfang Geistwesen eigeninitiativ handeln k\u00f6nnen.<\/p>\n\n\n\n<h3 class=\"wp-block-heading\" id=\"willensfreiheit\"><strong><strong><strong>Willensfreiheit<\/strong><\/strong><\/strong><\/h3>\n\n\n\n<p>W\u00e4re ein Geistwesen, beispielsweise eine verstorbene Person, in der Lage, eigeninitiativ zu entscheiden und zu handeln, spr\u00e4che dies eindeutig f\u00fcr Autonomie. Das Geistwesen k\u00f6nnte zumindest prinzipiell nach freiem Willen entscheiden und handeln, wie es auch im Diesseits der Fall ist. Ob man beispielsweise entscheidet, sich eher gesund oder eher ungesund zu ern\u00e4hren, ist eine Angelegenheit des freien Willens. Man <em>muss<\/em> sich nicht ungesund ern\u00e4hren und genauso wenig <em>muss<\/em> man sich gesund ern\u00e4hren, obwohl man es durchaus <em>sollte<\/em>.<\/p>\n\n\n\n<p>Kompetenzen k\u00f6nnen jedoch durchaus eingeschr\u00e4nkt sein. Auch im Diesseits existieren Gesetze und Regeln, die die Entscheidungs- und Handlungsfreiheit des Einzelnen einschr\u00e4nken. Man kann beispielsweise im Diesseits nicht selbst entscheiden, ob man Steuern bezahlt oder nicht. Und man kann auch nicht einfach damit beginnen, irgendwo auf einer freien Fl\u00e4che ein Haus zu bauen. De facto sind Kompetenzen im Diesseits eingeschr\u00e4nkt und es w\u00e4re wenig verwunderlich, wenn es sich im Jenseits ebenso verhielte.<\/p>\n\n\n\n<p>Wenn unterstellt wird, dass Geistwesen eigeninitiativ handeln und bei verschiedenen Wahlm\u00f6glichkeiten eine bewusste Entscheidung treffen k\u00f6nnen (Willensfreiheit), stellt sich die Frage, ob und ggf. welche Gr\u00fcnde es geben k\u00f6nnte, F\u00e4higkeiten und Kompetenzen nicht zu nutzen. Denkbar ist einerseits, dass bestimmte Regeln dies verbieten, und andererseits, dass ein Geistwesen seine F\u00e4higkeiten und Kompetenzen nicht nutzen m\u00f6chte.<\/p>\n\n\n\n<h4 class=\"wp-block-heading\" id=\"mogliches-verbot-der-kontaktaufnahme\"><strong>M\u00f6gliches Verbot der Kontaktaufnahme<\/strong><\/h4>\n\n\n\n<p>Wie bereits angedeutet w\u00e4re durchaus denkbar, dass ein Verstorbener als allochthones Geistwesen Kontakt mit einer oder mehreren lebenden Personen aufnehmen m\u00f6chte, dies jedoch aufgrund eines expliziten Verbots durch eine \u00fcbergeordnete Instanz (z.&nbsp;B. Gott) nicht darf. Ein Hinweis auf eine derartige M\u00f6glichkeit findet sich im Neuen Testament der Bibel. In einer fiktiven Beispielerz\u00e4hlung (Lukas-Evangelium Kap. 16,&nbsp;19-31) wird geschildert, wie ein zu seinen Lebzeiten reicher Mann nach seinem Tod im Hades in der Gottesferne landet. Der Reiche leidet Qualen. Er will Abraham (den Stammvater Israels) dazu bringen, den armen Mann (Lazarus), dessen Bed\u00fcrfnisse er w\u00e4hrend seines Lebens ignorierte, zu seinen noch lebenden f\u00fcnf Br\u00fcdern zu schicken, um ihnen sein Schicksal zu ersparen: [\u2026] <em>ich habe noch f\u00fcnf Br\u00fcder. Er soll sie warnen, damit nicht auch sie an diesen Ort der Qual kommen. Abraham aber sagte: Sie haben Mose und die Propheten, auf die sollen sie h\u00f6ren. Er erwiderte: Nein, Vater Abraham, nur wenn einer von den Toten zu ihnen kommt, werden sie umkehren. Darauf sagte Abraham: Wenn sie auf Mose und die Propheten nicht h\u00f6ren, werden sie sich auch nicht \u00fcberzeugen lassen, wenn einer von den Toten aufersteht<\/em>.\u201c<\/p>\n\n\n\n<p>Es handelt sich um eine Beispielerz\u00e4hlung, keine Schilderung eines geschichtlichen Ereignisses. Gleichwohl besteht die hypothetische M\u00f6glichkeit, dass ein Nachtod- oder Geistwesenkontakt untersagt wird.<\/p>\n\n\n\n<h4 class=\"wp-block-heading\" id=\"moglicher-freiwilliger-verzicht-auf-kontaktaufnahme\"><strong>M\u00f6glicher freiwilliger Verzicht auf Kontaktaufnahme<\/strong><\/h4>\n\n\n\n<p>Die anekdotischen Schilderungen zu Nachtodkontakten lassen ein Muster erkennen: Wenn Verstorbene Kontakt zu lebenden Personen aufnahmen, handelte es sich dabei um Personen, zu denen zu Lebzeiten des Verstorbenen eine positive emotionale Beziehung bestand. Meist handelte es sich um Mutter, Vater, ein sonstiges Familienmitglied oder auch um eine nahestehende Freundin bzw. einen nahestehenden Freund.<\/p>\n\n\n\n<p>Es w\u00e4re durchaus denkbar, dass ein Verstorbener als Geistwesen seine F\u00e4higkeiten und Kompetenzen nutzt, um Kontakt mit Personen aufzunehmen, zu denen zu Lebzeiten des Verstorbenen eine negative emotionale Beziehung bestand und\/oder die dem Verstorbenen willentlich Schaden oder Leid zuf\u00fcgten. Zu denken w\u00e4re beispielsweise an Personen, die die verstorbene Person sexuell missbrauchten und psychische Verletzungen in deren weiterem Leben verursachten.<\/p>\n\n\n\n<p>Ein durchaus vorstellbares Szenario, von Rache motiviert, w\u00e4re beispielsweise ein angstverursachender Nachtodkontakt. In einem derartigen Szenario k\u00f6nnte eine verstorbene Person in das Leben einer von ihr gehassten lebenden Person eingreifen, indem sie Ungl\u00fccksf\u00e4lle verursacht. So k\u00f6nnte sie es gewisserma\u00dfen dem Sch\u00e4diger \u201eheimzahlen\u201c und sich auf diese Weise f\u00fcr allen im zur\u00fcckliegenden Erdenleben erlittenen Schaden und alles Leid r\u00e4chen. Die verstorbene Person k\u00f6nnte als Geistwesen all das nachholen, was ihr zu ihren Lebzeiten im Diesseits nicht (mehr) m\u00f6glich war. Die lebende Person k\u00f6nnte sich gegen diese \u00fcbernat\u00fcrliche Intervention nicht wehren.<\/p>\n\n\n\n<p>Ein Grund daf\u00fcr, dass auf eine Kontaktaufnahme freiwillig verzichtet wird, k\u00f6nnte in der Liebe als Existenzprinzip im Jenseits bestehen. Wenn davon ausgegangen wird, dass Liebe alles erf\u00fcllt und das bereits erw\u00e4hnte universelle Verstehen auch Einblicke in das individuelle Selbst von Leidverursachern und deren eigenes Leid erm\u00f6glicht, liegt nahe, dass Rachegedanken keinen Raum mehr finden. Da Liebe weder Schaden noch Leid verursachen will, fehlt jegliche Motivation f\u00fcr Rache.<\/p>\n\n\n\n<div class=\"wp-block-group\"><div class=\"wp-block-group__inner-container is-layout-constrained wp-block-group-is-layout-constrained\">\n<div class=\"wp-block-group has-background\" style=\"background:radial-gradient(rgba(252,185,0,0.25) 0%,rgba(255,106,0,0.11) 100%)\"><div class=\"wp-block-group__inner-container is-layout-constrained wp-block-group-is-layout-constrained\">\n<p><strong>Gutes und Sinnvolles  tun &#8211; ganz praktisch<\/strong><\/p>\n\n\n<div class=\"wp-block-image\">\n<figure class=\"aligncenter size-full is-resized\"><a href=\"https:\/\/dieter-jenz.de\/lc\/gutes-tun-ganz-praktisch\/\" target=\"_blank\" rel=\"noreferrer noopener\"><img loading=\"lazy\" decoding=\"async\" width=\"600\" height=\"450\" src=\"https:\/\/dieter-jenz.de\/lc\/wp-content\/uploads\/2023\/11\/Geschenk-mit-Text.jpeg\" alt=\"Geschenk mit Text - Gestaltung: privat\" class=\"wp-image-9969\" style=\"width:300px\" srcset=\"https:\/\/dieter-jenz.de\/lc\/wp-content\/uploads\/2023\/11\/Geschenk-mit-Text.jpeg 600w, https:\/\/dieter-jenz.de\/lc\/wp-content\/uploads\/2023\/11\/Geschenk-mit-Text-300x225.jpeg 300w, https:\/\/dieter-jenz.de\/lc\/wp-content\/uploads\/2023\/11\/Geschenk-mit-Text-540x405.jpeg 540w, https:\/\/dieter-jenz.de\/lc\/wp-content\/uploads\/2023\/11\/Geschenk-mit-Text-150x113.jpeg 150w\" sizes=\"(max-width: 600px) 100vw, 600px\" \/><\/a><figcaption class=\"wp-element-caption\">Gestaltung: privat<\/figcaption><\/figure><\/div>\n\n\n<p>Mit einem Klick auf das Bild gelangen Sie zum zugeh\u00f6rigen Text.<\/p>\n<\/div><\/div>\n<\/div><\/div>\n\n\n\n<h3 class=\"wp-block-heading\" id=\"prasenzwahrnehmung-nach-dem-biologischen-tod\"><strong>Pr\u00e4senzwahrnehmung nach dem biologischen Tod<\/strong><\/h3>\n\n\n\n<p>Die kurz skizzierten drei Aspekte &#8211; F\u00e4higkeiten, Kompetenzen und Willensfreiheit &#8211; kommen m\u00f6glicherweise in der Wahrnehmbarkeit der Pr\u00e4senz einer verstorbenen Person nach ihrem biologischen Tod zum Ausdruck. Viele anekdotische Schilderungen zeichnen ein Bild, demzufolge die Pr\u00e4senz einer verstorbenen Person im Raum zu sp\u00fcren ist, obwohl die Migration in den extrauniversalen Existenzraum, das Jenseits, bereits erfolgt sein muss.<\/p>\n\n\n\n<p>Diese nachtodliche Pr\u00e4senz des individuellen Selbst \u00fcber Stunden hinweg bis hin zu Tagen wird durchaus h\u00e4ufig wahrgenommen und berichtet. Auch der Klinikseelsorger Christoph Kreitmeir erlebt dieses Ph\u00e4nomen immer wieder (siehe \u201eWelche Farbe hat der Tod?\u201c, S.&nbsp;80).<\/p>\n\n\n\n<p>Diese Beobachtungen scheinen sich mit Aussagen im Tibetischen Totenbuch zu decken. Dort hei\u00dft es, dass sich die psychische Energie des Verstorbenen erst in den drei oder vier auf den Tod folgenden Tagen v\u00f6llig vom K\u00f6rper l\u00f6st. Deshalb wird der Leichnam noch f\u00fcr einige Tage aufgebahrt.<\/p>\n\n\n\n<p>Andererseits l\u00e4sst sich aus anekdotischen Schilderungen erschlie\u00dfen, dass keine Bindung an den Sterbeort besteht. Stellvertretend sei ein Ausschnitt aus einer solchen Schilderung, des Nachtodkontakts mit dem im Alter von 11 Jahren verstorbenen Trevor, wiedergegeben (\u201eTrost aus dem Jenseits\u201c, S.&nbsp;38&nbsp;f.): \u201e<em>Trevor starb um 4 Uhr morgens. Als meine Frau und ich das Krankenhaus verlie\u00dfen, stieg die Sonne gerade am Horizont auf<\/em>. [\u2026] <em>Gerade als ich zur Sonne aufblickte, h\u00f6rte ich Trevors Stimme. Er sagte<\/em>: \u00bb<em>Es ist alles in Ordnung, Papa.<\/em>\u00ab <em>Es war seine Stimme, vollkommen klar und deutlich. Ich h\u00f6rte sie mit meinen eigenen Ohren, so, als s\u00e4\u00dfe er auf dem R\u00fccksitz<\/em>.\u201c<\/p>\n\n\n\n<p>Unabh\u00e4ngig davon, ob eine Bindung an den Sterbeort besteht oder nicht, hat eine Pr\u00e4senzwahrnehmung f\u00fcr Hinterbliebene den Charakter einer Erfahrung von umfassendem Frieden und Trost. Diese oft als \u00fcberw\u00e4ltigend empfundene Erfahrung gipfelt in dem Gef\u00fchl, den geliebten Menschen nicht wirklich verloren zu haben.<\/p>\n\n\n\n<h3 class=\"wp-block-heading\" id=\"folgerungen\"><strong>Folgerungen<\/strong><\/h3>\n\n\n\n<p>Aus der Perspektive des Diesseits l\u00e4sst sich nicht eindeutig kl\u00e4ren, ob Verstorbene oder auch autochthone Geistwesen eigeninitiativ Kontakt mit Lebenden aufnehmen k\u00f6nnen. Eine Kontaktaufnahme aus eigener Initiative w\u00e4re durchaus denkbar. Ebenso denkbar w\u00e4re jedoch auch, dass die Kontaktaufnahme ausschlie\u00dflich auf Weisung einer \u00fcbergeordneten Instanz geschieht, da diese Instanz die Kontaktaufnahme f\u00fcr die lebende Person als hilfreich erachtet.<\/p>\n\n\n\n<p>Nur die wenigsten anekdotischen Schilderungen von Nachtodkontakten enthalten Hinweise darauf, dass ein derartiger Kontakt explizit erlaubt wurde. Dies bedeutet jedoch nicht, dass keine Erlaubnis oder gar Weisung erforderlich ist. Es k\u00f6nnte durchaus sein, dass derartige Hinweise fehlen, weil die Erlaubnis oder Weisung stillschweigend als selbstverst\u00e4ndlich vorausgesetzt wurde.<\/p>\n\n\n\n<p>In der Summe deuten die Indizien darauf hin, dass Geistwesenkontakten das Motiv der Liebe im weitesten Sinne zugrunde liegt. In diesem Motiv der Liebe finden sie aber auch ihre Beschr\u00e4nkung.<\/p>\n","protected":false},"excerpt":{"rendered":"<p>Welche F\u00e4higkeiten und Kompetenzen besitzen Geistwesen? Eine spannende Frage, die noch einen weiteren Aspekt ber\u00fchrt: den Aspekt der Willensfreiheit. Verstorbene (allochthone Geistwesen) und autochthone Geistwesen haben, wie bereits&hellip;<\/p>\n","protected":false},"author":2,"featured_media":11511,"comment_status":"closed","ping_status":"open","sticky":false,"template":"template-full-width-only-content.php","format":"standard","meta":{"footnotes":""},"categories":[212],"tags":[],"yoast_head":"<!-- This site is optimized with the Yoast SEO plugin v24.5 - https:\/\/yoast.com\/wordpress\/plugins\/seo\/ -->\n<title>Welche F\u00e4higkeiten und Kompetenzen besitzen Geistwesen?<\/title>\n<meta name=\"description\" content=\"Welche F\u00e4higkeiten und Kompetenzen besitzen Geistwesen? Eine spannende Frage, die noch einen weiteren Aspekt ber\u00fchrt: Willensfreiheit.\" \/>\n<meta name=\"robots\" content=\"index, follow, max-snippet:-1, max-image-preview:large, max-video-preview:-1\" \/>\n<link rel=\"canonical\" href=\"https:\/\/dieter-jenz.de\/lc\/welche-faehigkeiten-und-kompetenzen-besitzen-geistwesen\/\" \/>\n<meta property=\"og:locale\" content=\"de_DE\" \/>\n<meta property=\"og:type\" content=\"article\" \/>\n<meta property=\"og:title\" content=\"Welche F\u00e4higkeiten und Kompetenzen besitzen Geistwesen?\" \/>\n<meta property=\"og:description\" content=\"Welche F\u00e4higkeiten und Kompetenzen besitzen Geistwesen? Eine spannende Frage, die noch einen weiteren Aspekt ber\u00fchrt: Willensfreiheit.\" \/>\n<meta property=\"og:url\" content=\"https:\/\/dieter-jenz.de\/lc\/welche-faehigkeiten-und-kompetenzen-besitzen-geistwesen\/\" \/>\n<meta property=\"og:site_name\" content=\"Dieter Jenz, Begleitung und Coaching\" \/>\n<meta property=\"article:publisher\" content=\"https:\/\/www.facebook.com\/dieter.jenz.inspiration\" \/>\n<meta property=\"article:author\" content=\"https:\/\/www.facebook.com\/dieter.jenz.inspiration\" \/>\n<meta property=\"article:published_time\" content=\"2024-03-26T08:00:00+00:00\" \/>\n<meta property=\"og:image\" content=\"https:\/\/dieter-jenz.de\/lc\/wp-content\/uploads\/2024\/03\/Beitragsbild-Faehigkeiten-und-Kompetenzen-von-Geistwesen.jpeg\" \/>\n\t<meta property=\"og:image:width\" content=\"800\" \/>\n\t<meta property=\"og:image:height\" content=\"800\" \/>\n\t<meta property=\"og:image:type\" content=\"image\/jpeg\" \/>\n<meta name=\"author\" content=\"Dieter Jenz\" \/>\n<meta name=\"twitter:card\" content=\"summary_large_image\" \/>\n<meta name=\"twitter:creator\" content=\"@https:\/\/twitter.com\/dieterjenz\" \/>\n<meta name=\"twitter:site\" content=\"@dieterjenz\" \/>\n<meta name=\"twitter:label1\" content=\"Verfasst von\" \/>\n\t<meta name=\"twitter:data1\" content=\"Dieter Jenz\" \/>\n\t<meta name=\"twitter:label2\" content=\"Gesch\u00e4tzte Lesezeit\" \/>\n\t<meta name=\"twitter:data2\" content=\"11\u00a0Minuten\" \/>\n<script type=\"application\/ld+json\" class=\"yoast-schema-graph\">{\"@context\":\"https:\/\/schema.org\",\"@graph\":[{\"@type\":\"Article\",\"@id\":\"https:\/\/dieter-jenz.de\/lc\/welche-faehigkeiten-und-kompetenzen-besitzen-geistwesen\/#article\",\"isPartOf\":{\"@id\":\"https:\/\/dieter-jenz.de\/lc\/welche-faehigkeiten-und-kompetenzen-besitzen-geistwesen\/\"},\"author\":{\"name\":\"Dieter Jenz\",\"@id\":\"https:\/\/dieter-jenz.de\/lc\/#\/schema\/person\/618cfd5c289d0a23930cb258a43679ab\"},\"headline\":\"Welche F\u00e4higkeiten und Kompetenzen besitzen Geistwesen?\",\"datePublished\":\"2024-03-26T08:00:00+00:00\",\"mainEntityOfPage\":{\"@id\":\"https:\/\/dieter-jenz.de\/lc\/welche-faehigkeiten-und-kompetenzen-besitzen-geistwesen\/\"},\"wordCount\":1915,\"publisher\":{\"@id\":\"https:\/\/dieter-jenz.de\/lc\/#\/schema\/person\/618cfd5c289d0a23930cb258a43679ab\"},\"image\":{\"@id\":\"https:\/\/dieter-jenz.de\/lc\/welche-faehigkeiten-und-kompetenzen-besitzen-geistwesen\/#primaryimage\"},\"thumbnailUrl\":\"https:\/\/dieter-jenz.de\/lc\/wp-content\/uploads\/2024\/03\/Beitragsbild-Faehigkeiten-und-Kompetenzen-von-Geistwesen.jpeg\",\"articleSection\":[\"Lebensfragen\"],\"inLanguage\":\"de\"},{\"@type\":\"WebPage\",\"@id\":\"https:\/\/dieter-jenz.de\/lc\/welche-faehigkeiten-und-kompetenzen-besitzen-geistwesen\/\",\"url\":\"https:\/\/dieter-jenz.de\/lc\/welche-faehigkeiten-und-kompetenzen-besitzen-geistwesen\/\",\"name\":\"Welche F\u00e4higkeiten und Kompetenzen besitzen Geistwesen?\",\"isPartOf\":{\"@id\":\"https:\/\/dieter-jenz.de\/lc\/#website\"},\"primaryImageOfPage\":{\"@id\":\"https:\/\/dieter-jenz.de\/lc\/welche-faehigkeiten-und-kompetenzen-besitzen-geistwesen\/#primaryimage\"},\"image\":{\"@id\":\"https:\/\/dieter-jenz.de\/lc\/welche-faehigkeiten-und-kompetenzen-besitzen-geistwesen\/#primaryimage\"},\"thumbnailUrl\":\"https:\/\/dieter-jenz.de\/lc\/wp-content\/uploads\/2024\/03\/Beitragsbild-Faehigkeiten-und-Kompetenzen-von-Geistwesen.jpeg\",\"datePublished\":\"2024-03-26T08:00:00+00:00\",\"description\":\"Welche F\u00e4higkeiten und Kompetenzen besitzen Geistwesen? Eine spannende Frage, die noch einen weiteren Aspekt ber\u00fchrt: Willensfreiheit.\",\"breadcrumb\":{\"@id\":\"https:\/\/dieter-jenz.de\/lc\/welche-faehigkeiten-und-kompetenzen-besitzen-geistwesen\/#breadcrumb\"},\"inLanguage\":\"de\",\"potentialAction\":[{\"@type\":\"ReadAction\",\"target\":[\"https:\/\/dieter-jenz.de\/lc\/welche-faehigkeiten-und-kompetenzen-besitzen-geistwesen\/\"]}]},{\"@type\":\"ImageObject\",\"inLanguage\":\"de\",\"@id\":\"https:\/\/dieter-jenz.de\/lc\/welche-faehigkeiten-und-kompetenzen-besitzen-geistwesen\/#primaryimage\",\"url\":\"https:\/\/dieter-jenz.de\/lc\/wp-content\/uploads\/2024\/03\/Beitragsbild-Faehigkeiten-und-Kompetenzen-von-Geistwesen.jpeg\",\"contentUrl\":\"https:\/\/dieter-jenz.de\/lc\/wp-content\/uploads\/2024\/03\/Beitragsbild-Faehigkeiten-und-Kompetenzen-von-Geistwesen.jpeg\",\"width\":800,\"height\":800,\"caption\":\"Gestaltung: privat\"},{\"@type\":\"BreadcrumbList\",\"@id\":\"https:\/\/dieter-jenz.de\/lc\/welche-faehigkeiten-und-kompetenzen-besitzen-geistwesen\/#breadcrumb\",\"itemListElement\":[{\"@type\":\"ListItem\",\"position\":1,\"name\":\"Home\",\"item\":\"https:\/\/dieter-jenz.de\/lc\/\"},{\"@type\":\"ListItem\",\"position\":2,\"name\":\"Lebensfragen\",\"item\":\"https:\/\/dieter-jenz.de\/lc\/category\/lebensfragen\/\"},{\"@type\":\"ListItem\",\"position\":3,\"name\":\"Welche F\u00e4higkeiten und Kompetenzen besitzen Geistwesen?\"}]},{\"@type\":\"WebSite\",\"@id\":\"https:\/\/dieter-jenz.de\/lc\/#website\",\"url\":\"https:\/\/dieter-jenz.de\/lc\/\",\"name\":\"Dieter Jenz, Begleitung und Coaching\",\"description\":\"Die andere, neue Sichtweise entdecken - auftanken - neue Wege gehen\",\"publisher\":{\"@id\":\"https:\/\/dieter-jenz.de\/lc\/#\/schema\/person\/618cfd5c289d0a23930cb258a43679ab\"},\"potentialAction\":[{\"@type\":\"SearchAction\",\"target\":{\"@type\":\"EntryPoint\",\"urlTemplate\":\"https:\/\/dieter-jenz.de\/lc\/?s={search_term_string}\"},\"query-input\":{\"@type\":\"PropertyValueSpecification\",\"valueRequired\":true,\"valueName\":\"search_term_string\"}}],\"inLanguage\":\"de\"},{\"@type\":[\"Person\",\"Organization\"],\"@id\":\"https:\/\/dieter-jenz.de\/lc\/#\/schema\/person\/618cfd5c289d0a23930cb258a43679ab\",\"name\":\"Dieter Jenz\",\"image\":{\"@type\":\"ImageObject\",\"inLanguage\":\"de\",\"@id\":\"https:\/\/dieter-jenz.de\/lc\/#\/schema\/person\/image\/\",\"url\":\"https:\/\/dieter-jenz.de\/lc\/wp-content\/uploads\/2020\/01\/Logo-Coaching-und-Begleitung.png\",\"contentUrl\":\"https:\/\/dieter-jenz.de\/lc\/wp-content\/uploads\/2020\/01\/Logo-Coaching-und-Begleitung.png\",\"width\":320,\"height\":240,\"caption\":\"Dieter Jenz\"},\"logo\":{\"@id\":\"https:\/\/dieter-jenz.de\/lc\/#\/schema\/person\/image\/\"},\"description\":\"Ich bin Dieter Jenz, Begleiter, Berater und Coach mit Leidenschaft. \u00dcber viele Jahre hinweg habe ich einen reichen Schatz an Kompetenz und Erfahrung erworben. Meine Themen sind die \\\"4L\\\": Lebensaufgabe, Lebensplanung, Lebensnavigation und Lebensqualit\u00e4t.\",\"sameAs\":[\"https:\/\/www.facebook.com\/dieter.jenz.inspiration\",\"https:\/\/www.pinterest.de\/dieterjenz\/\",\"https:\/\/x.com\/https:\/\/twitter.com\/dieterjenz\"],\"url\":\"https:\/\/dieter-jenz.de\/lc\/author\/dieter\/\"}]}<\/script>\n<!-- \/ Yoast SEO plugin. -->","yoast_head_json":{"title":"Welche F\u00e4higkeiten und Kompetenzen besitzen Geistwesen?","description":"Welche F\u00e4higkeiten und Kompetenzen besitzen Geistwesen? Eine spannende Frage, die noch einen weiteren Aspekt ber\u00fchrt: Willensfreiheit.","robots":{"index":"index","follow":"follow","max-snippet":"max-snippet:-1","max-image-preview":"max-image-preview:large","max-video-preview":"max-video-preview:-1"},"canonical":"https:\/\/dieter-jenz.de\/lc\/welche-faehigkeiten-und-kompetenzen-besitzen-geistwesen\/","og_locale":"de_DE","og_type":"article","og_title":"Welche F\u00e4higkeiten und Kompetenzen besitzen Geistwesen?","og_description":"Welche F\u00e4higkeiten und Kompetenzen besitzen Geistwesen? Eine spannende Frage, die noch einen weiteren Aspekt ber\u00fchrt: Willensfreiheit.","og_url":"https:\/\/dieter-jenz.de\/lc\/welche-faehigkeiten-und-kompetenzen-besitzen-geistwesen\/","og_site_name":"Dieter Jenz, Begleitung und Coaching","article_publisher":"https:\/\/www.facebook.com\/dieter.jenz.inspiration","article_author":"https:\/\/www.facebook.com\/dieter.jenz.inspiration","article_published_time":"2024-03-26T08:00:00+00:00","og_image":[{"width":800,"height":800,"url":"https:\/\/dieter-jenz.de\/lc\/wp-content\/uploads\/2024\/03\/Beitragsbild-Faehigkeiten-und-Kompetenzen-von-Geistwesen.jpeg","type":"image\/jpeg"}],"author":"Dieter Jenz","twitter_card":"summary_large_image","twitter_creator":"@https:\/\/twitter.com\/dieterjenz","twitter_site":"@dieterjenz","twitter_misc":{"Verfasst von":"Dieter Jenz","Gesch\u00e4tzte Lesezeit":"11\u00a0Minuten"},"schema":{"@context":"https:\/\/schema.org","@graph":[{"@type":"Article","@id":"https:\/\/dieter-jenz.de\/lc\/welche-faehigkeiten-und-kompetenzen-besitzen-geistwesen\/#article","isPartOf":{"@id":"https:\/\/dieter-jenz.de\/lc\/welche-faehigkeiten-und-kompetenzen-besitzen-geistwesen\/"},"author":{"name":"Dieter Jenz","@id":"https:\/\/dieter-jenz.de\/lc\/#\/schema\/person\/618cfd5c289d0a23930cb258a43679ab"},"headline":"Welche F\u00e4higkeiten und Kompetenzen besitzen Geistwesen?","datePublished":"2024-03-26T08:00:00+00:00","mainEntityOfPage":{"@id":"https:\/\/dieter-jenz.de\/lc\/welche-faehigkeiten-und-kompetenzen-besitzen-geistwesen\/"},"wordCount":1915,"publisher":{"@id":"https:\/\/dieter-jenz.de\/lc\/#\/schema\/person\/618cfd5c289d0a23930cb258a43679ab"},"image":{"@id":"https:\/\/dieter-jenz.de\/lc\/welche-faehigkeiten-und-kompetenzen-besitzen-geistwesen\/#primaryimage"},"thumbnailUrl":"https:\/\/dieter-jenz.de\/lc\/wp-content\/uploads\/2024\/03\/Beitragsbild-Faehigkeiten-und-Kompetenzen-von-Geistwesen.jpeg","articleSection":["Lebensfragen"],"inLanguage":"de"},{"@type":"WebPage","@id":"https:\/\/dieter-jenz.de\/lc\/welche-faehigkeiten-und-kompetenzen-besitzen-geistwesen\/","url":"https:\/\/dieter-jenz.de\/lc\/welche-faehigkeiten-und-kompetenzen-besitzen-geistwesen\/","name":"Welche F\u00e4higkeiten und Kompetenzen besitzen Geistwesen?","isPartOf":{"@id":"https:\/\/dieter-jenz.de\/lc\/#website"},"primaryImageOfPage":{"@id":"https:\/\/dieter-jenz.de\/lc\/welche-faehigkeiten-und-kompetenzen-besitzen-geistwesen\/#primaryimage"},"image":{"@id":"https:\/\/dieter-jenz.de\/lc\/welche-faehigkeiten-und-kompetenzen-besitzen-geistwesen\/#primaryimage"},"thumbnailUrl":"https:\/\/dieter-jenz.de\/lc\/wp-content\/uploads\/2024\/03\/Beitragsbild-Faehigkeiten-und-Kompetenzen-von-Geistwesen.jpeg","datePublished":"2024-03-26T08:00:00+00:00","description":"Welche F\u00e4higkeiten und Kompetenzen besitzen Geistwesen? Eine spannende Frage, die noch einen weiteren Aspekt ber\u00fchrt: Willensfreiheit.","breadcrumb":{"@id":"https:\/\/dieter-jenz.de\/lc\/welche-faehigkeiten-und-kompetenzen-besitzen-geistwesen\/#breadcrumb"},"inLanguage":"de","potentialAction":[{"@type":"ReadAction","target":["https:\/\/dieter-jenz.de\/lc\/welche-faehigkeiten-und-kompetenzen-besitzen-geistwesen\/"]}]},{"@type":"ImageObject","inLanguage":"de","@id":"https:\/\/dieter-jenz.de\/lc\/welche-faehigkeiten-und-kompetenzen-besitzen-geistwesen\/#primaryimage","url":"https:\/\/dieter-jenz.de\/lc\/wp-content\/uploads\/2024\/03\/Beitragsbild-Faehigkeiten-und-Kompetenzen-von-Geistwesen.jpeg","contentUrl":"https:\/\/dieter-jenz.de\/lc\/wp-content\/uploads\/2024\/03\/Beitragsbild-Faehigkeiten-und-Kompetenzen-von-Geistwesen.jpeg","width":800,"height":800,"caption":"Gestaltung: privat"},{"@type":"BreadcrumbList","@id":"https:\/\/dieter-jenz.de\/lc\/welche-faehigkeiten-und-kompetenzen-besitzen-geistwesen\/#breadcrumb","itemListElement":[{"@type":"ListItem","position":1,"name":"Home","item":"https:\/\/dieter-jenz.de\/lc\/"},{"@type":"ListItem","position":2,"name":"Lebensfragen","item":"https:\/\/dieter-jenz.de\/lc\/category\/lebensfragen\/"},{"@type":"ListItem","position":3,"name":"Welche F\u00e4higkeiten und Kompetenzen besitzen Geistwesen?"}]},{"@type":"WebSite","@id":"https:\/\/dieter-jenz.de\/lc\/#website","url":"https:\/\/dieter-jenz.de\/lc\/","name":"Dieter Jenz, Begleitung und Coaching","description":"Die andere, neue Sichtweise entdecken - auftanken - neue Wege gehen","publisher":{"@id":"https:\/\/dieter-jenz.de\/lc\/#\/schema\/person\/618cfd5c289d0a23930cb258a43679ab"},"potentialAction":[{"@type":"SearchAction","target":{"@type":"EntryPoint","urlTemplate":"https:\/\/dieter-jenz.de\/lc\/?s={search_term_string}"},"query-input":{"@type":"PropertyValueSpecification","valueRequired":true,"valueName":"search_term_string"}}],"inLanguage":"de"},{"@type":["Person","Organization"],"@id":"https:\/\/dieter-jenz.de\/lc\/#\/schema\/person\/618cfd5c289d0a23930cb258a43679ab","name":"Dieter Jenz","image":{"@type":"ImageObject","inLanguage":"de","@id":"https:\/\/dieter-jenz.de\/lc\/#\/schema\/person\/image\/","url":"https:\/\/dieter-jenz.de\/lc\/wp-content\/uploads\/2020\/01\/Logo-Coaching-und-Begleitung.png","contentUrl":"https:\/\/dieter-jenz.de\/lc\/wp-content\/uploads\/2020\/01\/Logo-Coaching-und-Begleitung.png","width":320,"height":240,"caption":"Dieter Jenz"},"logo":{"@id":"https:\/\/dieter-jenz.de\/lc\/#\/schema\/person\/image\/"},"description":"Ich bin Dieter Jenz, Begleiter, Berater und Coach mit Leidenschaft. \u00dcber viele Jahre hinweg habe ich einen reichen Schatz an Kompetenz und Erfahrung erworben. Meine Themen sind die \"4L\": Lebensaufgabe, Lebensplanung, Lebensnavigation und Lebensqualit\u00e4t.","sameAs":["https:\/\/www.facebook.com\/dieter.jenz.inspiration","https:\/\/www.pinterest.de\/dieterjenz\/","https:\/\/x.com\/https:\/\/twitter.com\/dieterjenz"],"url":"https:\/\/dieter-jenz.de\/lc\/author\/dieter\/"}]}},"_links":{"self":[{"href":"https:\/\/dieter-jenz.de\/lc\/wp-json\/wp\/v2\/posts\/11512"}],"collection":[{"href":"https:\/\/dieter-jenz.de\/lc\/wp-json\/wp\/v2\/posts"}],"about":[{"href":"https:\/\/dieter-jenz.de\/lc\/wp-json\/wp\/v2\/types\/post"}],"author":[{"embeddable":true,"href":"https:\/\/dieter-jenz.de\/lc\/wp-json\/wp\/v2\/users\/2"}],"replies":[{"embeddable":true,"href":"https:\/\/dieter-jenz.de\/lc\/wp-json\/wp\/v2\/comments?post=11512"}],"version-history":[{"count":4,"href":"https:\/\/dieter-jenz.de\/lc\/wp-json\/wp\/v2\/posts\/11512\/revisions"}],"predecessor-version":[{"id":11520,"href":"https:\/\/dieter-jenz.de\/lc\/wp-json\/wp\/v2\/posts\/11512\/revisions\/11520"}],"wp:featuredmedia":[{"embeddable":true,"href":"https:\/\/dieter-jenz.de\/lc\/wp-json\/wp\/v2\/media\/11511"}],"wp:attachment":[{"href":"https:\/\/dieter-jenz.de\/lc\/wp-json\/wp\/v2\/media?parent=11512"}],"wp:term":[{"taxonomy":"category","embeddable":true,"href":"https:\/\/dieter-jenz.de\/lc\/wp-json\/wp\/v2\/categories?post=11512"},{"taxonomy":"post_tag","embeddable":true,"href":"https:\/\/dieter-jenz.de\/lc\/wp-json\/wp\/v2\/tags?post=11512"}],"curies":[{"name":"wp","href":"https:\/\/api.w.org\/{rel}","templated":true}]}}