{"id":11943,"date":"2024-07-16T09:00:00","date_gmt":"2024-07-16T07:00:00","guid":{"rendered":"https:\/\/dieter-jenz.de\/lc\/?p=11943"},"modified":"2024-07-11T13:38:53","modified_gmt":"2024-07-11T11:38:53","slug":"olfaktorische-kommunikation-was-verbirgt-sich-dahinter","status":"publish","type":"post","link":"https:\/\/dieter-jenz.de\/lc\/olfaktorische-kommunikation-was-verbirgt-sich-dahinter\/","title":{"rendered":"Olfaktorische Kommunikation \u2013 was verbirgt sich dahinter?"},"content":{"rendered":"<div class=\"yoast-breadcrumbs\"><span><span><a href=\"https:\/\/dieter-jenz.de\/lc\/\">Home<\/a><\/span> \u00bb <span><a href=\"https:\/\/dieter-jenz.de\/lc\/category\/lebensfragen\/\">Lebensfragen<\/a><\/span> \u00bb <span class=\"breadcrumb_last\" aria-current=\"page\"><strong>Olfaktorische Kommunikation \u2013 was verbirgt sich dahinter?<\/strong><\/span><\/span><\/div>\n\n\n<div style=\"height:40px\" aria-hidden=\"true\" class=\"wp-block-spacer\"><\/div>\n\n\n\n<p>Olfaktorische Kommunikation \u2013 was verbirgt sich dahinter? K\u00f6nnen sich Verstorbene \u00fcber die Wahrnehmung von Ger\u00fcchen mitteilen?<\/p>\n\n\n\n<p><strong>Inhalte:<\/strong><\/p>\n\n\n\n<nav class=\"wp-block-table-of-contents\"><ol><li><a class=\"wp-block-table-of-contents__entry\" href=\"https:\/\/dieter-jenz.de\/lc\/olfaktorische-kommunikation-was-verbirgt-sich-dahinter\/#plotzliches-geruchsempfinden\">Pl\u00f6tzliches Geruchsempfinden<\/a><\/li><li><a class=\"wp-block-table-of-contents__entry\" href=\"https:\/\/dieter-jenz.de\/lc\/olfaktorische-kommunikation-was-verbirgt-sich-dahinter\/#berichte-in-der-literatur\">Berichte in der Literatur<\/a><ol><li><a class=\"wp-block-table-of-contents__entry\" href=\"https:\/\/dieter-jenz.de\/lc\/olfaktorische-kommunikation-was-verbirgt-sich-dahinter\/#der-unverwechselbare-zigarettenduft\">Der unverwechselbare Zigarettenduft<\/a><\/li><li><a class=\"wp-block-table-of-contents__entry\" href=\"https:\/\/dieter-jenz.de\/lc\/olfaktorische-kommunikation-was-verbirgt-sich-dahinter\/#bestatigungsnachricht-aus-dem-jenseits\">Best\u00e4tigungsnachricht aus dem Jenseits<\/a><\/li><li><a class=\"wp-block-table-of-contents__entry\" href=\"https:\/\/dieter-jenz.de\/lc\/olfaktorische-kommunikation-was-verbirgt-sich-dahinter\/#selektive-geruchswahrnehmung\">Selektive Geruchswahrnehmung<\/a><\/li><li><a class=\"wp-block-table-of-contents__entry\" href=\"https:\/\/dieter-jenz.de\/lc\/olfaktorische-kommunikation-was-verbirgt-sich-dahinter\/#trostende-abschiedsbotschaft\">Tr\u00f6stende Abschiedsbotschaft<\/a><\/li><\/ol><\/li><li><a class=\"wp-block-table-of-contents__entry\" href=\"https:\/\/dieter-jenz.de\/lc\/olfaktorische-kommunikation-was-verbirgt-sich-dahinter\/#folgerungen\">Folgerungen<\/a><\/li><\/ol><\/nav>\n\n\n\n<div class=\"wp-block-media-text is-stacked-on-mobile has-background-background-color has-background\" style=\"grid-template-columns:15% auto\"><figure class=\"wp-block-media-text__media\"><a href=\"https:\/\/dieter-jenz.de\/lc\/was-geschieht-mit-mir-wenn-ich-sterbe\/\"><img loading=\"lazy\" decoding=\"async\" width=\"800\" height=\"800\" src=\"https:\/\/dieter-jenz.de\/lc\/wp-content\/uploads\/2022\/03\/Beitragsbild-Was-geschieht-mit-mir-wenn-ich-sterbe.jpeg\" alt=\"Was geschieht mit mir wenn ich sterbe - Gestaltung: privat\" class=\"wp-image-7029 size-full\" srcset=\"https:\/\/dieter-jenz.de\/lc\/wp-content\/uploads\/2022\/03\/Beitragsbild-Was-geschieht-mit-mir-wenn-ich-sterbe.jpeg 800w, https:\/\/dieter-jenz.de\/lc\/wp-content\/uploads\/2022\/03\/Beitragsbild-Was-geschieht-mit-mir-wenn-ich-sterbe-300x300.jpeg 300w, https:\/\/dieter-jenz.de\/lc\/wp-content\/uploads\/2022\/03\/Beitragsbild-Was-geschieht-mit-mir-wenn-ich-sterbe-150x150.jpeg 150w, https:\/\/dieter-jenz.de\/lc\/wp-content\/uploads\/2022\/03\/Beitragsbild-Was-geschieht-mit-mir-wenn-ich-sterbe-768x768.jpeg 768w, https:\/\/dieter-jenz.de\/lc\/wp-content\/uploads\/2022\/03\/Beitragsbild-Was-geschieht-mit-mir-wenn-ich-sterbe-540x540.jpeg 540w\" sizes=\"(max-width: 800px) 100vw, 800px\" \/><\/a><\/figure><div class=\"wp-block-media-text__content\">\n<p class=\"has-border-background-color has-background has-normal-font-size\">Dieser Beitrag ist Teil der Serie &#8222;<em>Was geschieht mit mir wenn ich sterbe?<\/em>&#8220; <br>Grobes <a href=\"https:\/\/dieter-jenz.de\/lc\/was-geschieht-mit-mir-wenn-ich-sterbe\/\" target=\"_blank\" rel=\"noreferrer noopener\">Inhaltsverzeichnis<\/a><\/p>\n<\/div><\/div>\n\n\n\n<p>Die olfaktorische Kommunikation, abgeleitet vom lateinischen Verb \u201eolfacere\u201c (\u201eriechen\u201c), basiert auf der Riechwahrnehmung, der Wahrnehmung von Ger\u00fcchen. Eine im Diesseits lebende Person oder eine Personengruppe nimmt mit dem Geruchssinn bzw. olfaktorischen Sinn Ger\u00fcche wahr, die f\u00fcr eine verstorbene Person zu deren Lebenszeit typisch waren.<\/p>\n\n\n<div class=\"su-box su-box-style-default\" id=\"\" style=\"border-color:#000000;border-radius:3px;\"><div class=\"su-box-title\" style=\"background-color:#333333;color:#FFFFFF;border-top-left-radius:1px;border-top-right-radius:1px\">Letzte Beitr\u00e4ge <\/div><div class=\"su-box-content su-u-clearfix su-u-trim\" style=\"border-bottom-left-radius:1px;border-bottom-right-radius:1px\"><div class=\"su-expand su-expand-collapsed su-expand-link-style-default\" data-height=\"100\"><div class=\"su-expand-content su-u-trim\" style=\"color:#333333;max-height:100px;overflow:hidden\">\n\n<div class=\"su-posts su-posts-teaser-loop \">\n\n\t\t\t\t\t\t\n\t\t\t\n\t\t\t<div id=\"su-post-12357\" class=\"su-post \">\n\t\t\t\t\t\t\t\t\t<a class=\"su-post-thumbnail\" href=\"https:\/\/dieter-jenz.de\/lc\/die-realitaet-das-individuelle-selbst-befindet-sich-nicht-im-gehirn\/\"><img loading=\"lazy\" decoding=\"async\" width=\"800\" height=\"800\" src=\"https:\/\/dieter-jenz.de\/lc\/wp-content\/uploads\/2024\/11\/Beitragsbild-Realitaet-Individuelles-Selbst-nicht-im-Gehirn.jpeg\" class=\"attachment-post-thumbnail size-post-thumbnail wp-post-image\" alt=\"Realit\u00e4t Das individuelle Selbst befindet sich nicht im Gehirn - Gestaltung: privat\" \/><\/a>\n\t\t\t\t\t\t\t\t<h2 class=\"su-post-title\"><a href=\"https:\/\/dieter-jenz.de\/lc\/die-realitaet-das-individuelle-selbst-befindet-sich-nicht-im-gehirn\/\">Die Realit\u00e4t: Das individuelle Selbst befindet sich nicht im Gehirn<\/a><\/h2>\n\t\t\t<\/div>\n\n\t\t\t\t\t\n\t\t\t\n\t\t\t<div id=\"su-post-12328\" class=\"su-post \">\n\t\t\t\t\t\t\t\t\t<a class=\"su-post-thumbnail\" href=\"https:\/\/dieter-jenz.de\/lc\/verifikation-der-eis-hypothese-ungewoehnliche-erinnerungen\/\"><img loading=\"lazy\" decoding=\"async\" width=\"800\" height=\"800\" src=\"https:\/\/dieter-jenz.de\/lc\/wp-content\/uploads\/2024\/11\/Beitragsbild-Verifikation-EIS-Hypothese-Ungewoehnliche-Erinnerungen.jpeg\" class=\"attachment-post-thumbnail size-post-thumbnail wp-post-image\" alt=\"Verifikation frt EIS-Hypothese: Ungew\u00f6hnliche Erinnerungen - Gestaltung: privat\" \/><\/a>\n\t\t\t\t\t\t\t\t<h2 class=\"su-post-title\"><a href=\"https:\/\/dieter-jenz.de\/lc\/verifikation-der-eis-hypothese-ungewoehnliche-erinnerungen\/\">Verifikation der EIS-Hypothese: Ungew\u00f6hnliche Erinnerungen<\/a><\/h2>\n\t\t\t<\/div>\n\n\t\t\t\t\t\n\t\t\t\n\t\t\t<div id=\"su-post-12313\" class=\"su-post \">\n\t\t\t\t\t\t\t\t\t<a class=\"su-post-thumbnail\" href=\"https:\/\/dieter-jenz.de\/lc\/verifikation-der-eis-hypothese-terminale-geistesklarheit\/\"><img loading=\"lazy\" decoding=\"async\" width=\"800\" height=\"800\" src=\"https:\/\/dieter-jenz.de\/lc\/wp-content\/uploads\/2024\/11\/Beitragsbild-Verifikation-EIS-Hypothese-Terminale-Geistesklarheit.jpeg\" class=\"attachment-post-thumbnail size-post-thumbnail wp-post-image\" alt=\"Verifikation der EIS-Hypothese: Terminale Geistesklarheit - Gestaltung: privat\" \/><\/a>\n\t\t\t\t\t\t\t\t<h2 class=\"su-post-title\"><a href=\"https:\/\/dieter-jenz.de\/lc\/verifikation-der-eis-hypothese-terminale-geistesklarheit\/\">Verifikation der EIS-Hypothese: Terminale Geistesklarheit<\/a><\/h2>\n\t\t\t<\/div>\n\n\t\t\t\t\t\n\t\t\t\n\t\t\t<div id=\"su-post-12248\" class=\"su-post \">\n\t\t\t\t\t\t\t\t\t<a class=\"su-post-thumbnail\" href=\"https:\/\/dieter-jenz.de\/lc\/verifikation-der-eis-hypothese-nahtoderfahrung\/\"><img loading=\"lazy\" decoding=\"async\" width=\"800\" height=\"800\" src=\"https:\/\/dieter-jenz.de\/lc\/wp-content\/uploads\/2024\/10\/Beitragsbild-Verifikation-EIS-Hypothese-Nahtoderfahrung.jpeg\" class=\"attachment-post-thumbnail size-post-thumbnail wp-post-image\" alt=\"Verifikation der EIS-Hypothese: Nahtoderfahrung - Gestaltung: privat\" \/><\/a>\n\t\t\t\t\t\t\t\t<h2 class=\"su-post-title\"><a href=\"https:\/\/dieter-jenz.de\/lc\/verifikation-der-eis-hypothese-nahtoderfahrung\/\">Verifikation der EIS-Hypothese: Nahtoderfahrung<\/a><\/h2>\n\t\t\t<\/div>\n\n\t\t\t\t\t\n\t\t\t\n\t\t\t<div id=\"su-post-12193\" class=\"su-post \">\n\t\t\t\t\t\t\t\t\t<a class=\"su-post-thumbnail\" href=\"https:\/\/dieter-jenz.de\/lc\/das-losloesungsszenario-ist-es-plausibel\/\"><img loading=\"lazy\" decoding=\"async\" width=\"800\" height=\"800\" src=\"https:\/\/dieter-jenz.de\/lc\/wp-content\/uploads\/2024\/09\/Beitragsbild-Losloesungsszenario.jpeg\" class=\"attachment-post-thumbnail size-post-thumbnail wp-post-image\" alt=\"Losl\u00f6sungsszenario - Gestaltung: privat\" \/><\/a>\n\t\t\t\t\t\t\t\t<h2 class=\"su-post-title\"><a href=\"https:\/\/dieter-jenz.de\/lc\/das-losloesungsszenario-ist-es-plausibel\/\">Das Losl\u00f6sungsszenario &#8211; ist es plausibel?<\/a><\/h2>\n\t\t\t<\/div>\n\n\t\t\t\t\t\n\t\t\t\n\t\t\t<div id=\"su-post-12174\" class=\"su-post \">\n\t\t\t\t\t\t\t\t\t<a class=\"su-post-thumbnail\" href=\"https:\/\/dieter-jenz.de\/lc\/das-evakuierungsszenario-ist-es-plausibel\/\"><img loading=\"lazy\" decoding=\"async\" width=\"800\" height=\"800\" src=\"https:\/\/dieter-jenz.de\/lc\/wp-content\/uploads\/2024\/09\/Beitragsbild-Evakuierungsszenario.jpeg\" class=\"attachment-post-thumbnail size-post-thumbnail wp-post-image\" alt=\"Evakuierungsszenario - Gestaltung: privat\" \/><\/a>\n\t\t\t\t\t\t\t\t<h2 class=\"su-post-title\"><a href=\"https:\/\/dieter-jenz.de\/lc\/das-evakuierungsszenario-ist-es-plausibel\/\">Das Evakuierungsszenario &#8211; ist es plausibel?<\/a><\/h2>\n\t\t\t<\/div>\n\n\t\t\t\t\t\n\t\t\t\n\t\t\t<div id=\"su-post-12136\" class=\"su-post \">\n\t\t\t\t\t\t\t\t\t<a class=\"su-post-thumbnail\" href=\"https:\/\/dieter-jenz.de\/lc\/das-erloeschungsszenario-ist-es-plausibel\/\"><img loading=\"lazy\" decoding=\"async\" width=\"800\" height=\"800\" src=\"https:\/\/dieter-jenz.de\/lc\/wp-content\/uploads\/2024\/09\/Beitragsbild-Erloeschungsszenario.jpeg\" class=\"attachment-post-thumbnail size-post-thumbnail wp-post-image\" alt=\"Erl\u00f6schungsszenario - Gestaltung: privat\" \/><\/a>\n\t\t\t\t\t\t\t\t<h2 class=\"su-post-title\"><a href=\"https:\/\/dieter-jenz.de\/lc\/das-erloeschungsszenario-ist-es-plausibel\/\">Das Erl\u00f6schungsszenario &#8211; ist es plausibel?<\/a><\/h2>\n\t\t\t<\/div>\n\n\t\t\t\t\t\n\t\t\t\n\t\t\t<div id=\"su-post-11981\" class=\"su-post \">\n\t\t\t\t\t\t\t\t\t<a class=\"su-post-thumbnail\" href=\"https:\/\/dieter-jenz.de\/lc\/was-sind-nahtoderfahrungenwie-werden-sie-erlebt\/\"><img loading=\"lazy\" decoding=\"async\" width=\"800\" height=\"800\" src=\"https:\/\/dieter-jenz.de\/lc\/wp-content\/uploads\/2024\/07\/Beitragsbild-Was-sind-Nahtoderfahrungen.jpeg\" class=\"attachment-post-thumbnail size-post-thumbnail wp-post-image\" alt=\"Was sind Nahtoderfahrungen - Gestaltung: privat\" \/><\/a>\n\t\t\t\t\t\t\t\t<h2 class=\"su-post-title\"><a href=\"https:\/\/dieter-jenz.de\/lc\/was-sind-nahtoderfahrungenwie-werden-sie-erlebt\/\">Was sind Nahtoderfahrungen? Wie werden sie erlebt?<\/a><\/h2>\n\t\t\t<\/div>\n\n\t\t\t\t\t\n\t\t\t\n\t\t\t<div id=\"su-post-11947\" class=\"su-post \">\n\t\t\t\t\t\t\t\t\t<a class=\"su-post-thumbnail\" href=\"https:\/\/dieter-jenz.de\/lc\/taktile-kommunikation-was-verbirgt-sich-dahinter\/\"><img loading=\"lazy\" decoding=\"async\" width=\"800\" height=\"800\" src=\"https:\/\/dieter-jenz.de\/lc\/wp-content\/uploads\/2024\/07\/Beitragsbild-Taktile-Kommunikation.jpeg\" class=\"attachment-post-thumbnail size-post-thumbnail wp-post-image\" alt=\"Taktile Kommunikation - Gestaltung: privat\" \/><\/a>\n\t\t\t\t\t\t\t\t<h2 class=\"su-post-title\"><a href=\"https:\/\/dieter-jenz.de\/lc\/taktile-kommunikation-was-verbirgt-sich-dahinter\/\">Taktile Kommunikation \u2013 was verbirgt sich dahinter?<\/a><\/h2>\n\t\t\t<\/div>\n\n\t\t\t\t\t\n\t\t\t\n\t\t\t<div id=\"su-post-11943\" class=\"su-post \">\n\t\t\t\t\t\t\t\t\t<a class=\"su-post-thumbnail\" href=\"https:\/\/dieter-jenz.de\/lc\/olfaktorische-kommunikation-was-verbirgt-sich-dahinter\/\"><img loading=\"lazy\" decoding=\"async\" width=\"800\" height=\"800\" src=\"https:\/\/dieter-jenz.de\/lc\/wp-content\/uploads\/2024\/07\/Beitragsbild-Olfaktorische-Kommunikation.jpeg\" class=\"attachment-post-thumbnail size-post-thumbnail wp-post-image\" alt=\"Olfaktorische Kommunikation - Gestaltung: privat\" \/><\/a>\n\t\t\t\t\t\t\t\t<h2 class=\"su-post-title\"><a href=\"https:\/\/dieter-jenz.de\/lc\/olfaktorische-kommunikation-was-verbirgt-sich-dahinter\/\">Olfaktorische Kommunikation \u2013 was verbirgt sich dahinter?<\/a><\/h2>\n\t\t\t<\/div>\n\n\t\t\t\n<\/div>\n  <\/div><div class=\"su-expand-link su-expand-link-more\" style=\"text-align:left\"><a href=\"javascript:;\" style=\"color:#0088FF;border-color:#0088FF\"><span style=\"border-color:#0088FF\">Mehr anzeigen<\/span><\/a><\/div><div class=\"su-expand-link su-expand-link-less\" style=\"text-align:left\"><a href=\"javascript:;\" style=\"color:#0088FF;border-color:#0088FF\"><span style=\"border-color:#0088FF\">Weniger anzeigen<\/span><\/a><\/div><\/div><\/div><\/div>\n\n\n\n<h3 class=\"wp-block-heading\" id=\"plotzliches-geruchsempfinden\"><strong><strong><strong>Pl\u00f6tzliches Geruchsempfinden<\/strong><\/strong><\/strong><\/h3>\n\n\n\n<p>Eine olfaktorische Kommunikation geschieht im Kontext eines Nachtodkontakts. Sie wird von einer verstorbenen Person initiiert, die auf diese Weise mit einer lebenden Person oder einer Personengruppe Kontakt aufnehmen m\u00f6chte. Mit der verstorbenen Person bestand zu deren Lebzeiten typischerweise eine enge und positive emotionale Beziehung.<\/p>\n\n\n\n<p>Der Raum, in dem sich die erlebende Person bzw. Personengruppe befindet, wird pl\u00f6tzlich mit einem ganz bestimmten Geruch erf\u00fcllt, dessen Quelle nicht erkennbar ist. Der Geruch passt weder zur aktuellen Situation noch zur Umgebung. Wenn mehrere Personen im Raum (z.&nbsp;B. einem B\u00fcroraum) anwesend sind, nehmen jedoch nicht unbedingt alle Anwesenden den Geruch wahr.<\/p>\n\n\n\n<p>Auch eine olfaktorische Kommunikation wird von einer erlebenden Person im Wachzustand wahrgenommen. Sie kann, wie auch andere Formen von Kommunikationserfahrungen, auch als Reaktion auf eine verbale unidirektionale Kommunikation einer lebenden Person oder auch auf deren Gedanken geschehen.<\/p>\n\n\n\n<p>Wie bereits angedeutet, m\u00fcssen sich \u201eSender\u201c (die verstorbene Person) und \u201eEmpf\u00e4nger\u201c der olfaktorisch vermittelten Botschaft w\u00e4hrend des irdischen Lebens der verstorbenen Person pers\u00f6nlich sehr gut und \u00fcber l\u00e4ngere Zeit hinweg gekannt haben. Ansonsten w\u00e4re es der Person, welche die olfaktorische Kommunikation erlebt, nicht m\u00f6glich, den hervorgerufenen Geruch der verstorbenen Person eindeutig zuzuordnen.<\/p>\n\n\n\n<p>H\u00e4ufig erfolgt eine olfaktorische Kommunikation um den Todeszeitpunkt einer verstorbenen Person. Sie kann jedoch auch zu einem sehr viel sp\u00e4teren Zeitpunkt und auch wiederholt geschehen. Verstorbene scheinen mit dieser Form der Kommunikation die Absicht zu verfolgen, Hinterbliebene zu tr\u00f6sten.<\/p>\n\n\n\n<div class=\"wp-block-group\"><div class=\"wp-block-group__inner-container is-layout-constrained wp-block-group-is-layout-constrained\">\n<figure class=\"wp-block-gallery has-nested-images columns-4 is-cropped wp-block-gallery-1 is-layout-flex wp-block-gallery-is-layout-flex\">\n<figure class=\"wp-block-image size-large\"><a href=\"https:\/\/dieter-jenz.de\/lc\/portal-lebensweisheiten\/\" target=\"_blank\" rel=\"noreferrer noopener\"><img loading=\"lazy\" decoding=\"async\" width=\"800\" height=\"800\" data-id=\"10179\" src=\"https:\/\/dieter-jenz.de\/lc\/wp-content\/uploads\/2023\/12\/Lebensweisheiten.jpeg\" alt=\"Lebensweisheiten - Gestaltung: privat\" class=\"wp-image-10179\" srcset=\"https:\/\/dieter-jenz.de\/lc\/wp-content\/uploads\/2023\/12\/Lebensweisheiten.jpeg 800w, https:\/\/dieter-jenz.de\/lc\/wp-content\/uploads\/2023\/12\/Lebensweisheiten-300x300.jpeg 300w, https:\/\/dieter-jenz.de\/lc\/wp-content\/uploads\/2023\/12\/Lebensweisheiten-150x150.jpeg 150w, https:\/\/dieter-jenz.de\/lc\/wp-content\/uploads\/2023\/12\/Lebensweisheiten-768x768.jpeg 768w, https:\/\/dieter-jenz.de\/lc\/wp-content\/uploads\/2023\/12\/Lebensweisheiten-540x540.jpeg 540w\" sizes=\"(max-width: 800px) 100vw, 800px\" \/><\/a><figcaption class=\"wp-element-caption\">Gestaltung: privat<\/figcaption><\/figure>\n\n\n\n<figure class=\"wp-block-image size-large\"><a href=\"https:\/\/dieter-jenz.de\/lc\/portal-evergreen-themen\/\" target=\"_blank\" rel=\"noreferrer noopener\"><img loading=\"lazy\" decoding=\"async\" width=\"800\" height=\"800\" data-id=\"10200\" src=\"https:\/\/dieter-jenz.de\/lc\/wp-content\/uploads\/2023\/12\/Evergreen-Themen.jpeg\" alt=\"Evergreen-Themen - Gestaltung: privat\" class=\"wp-image-10200\" srcset=\"https:\/\/dieter-jenz.de\/lc\/wp-content\/uploads\/2023\/12\/Evergreen-Themen.jpeg 800w, https:\/\/dieter-jenz.de\/lc\/wp-content\/uploads\/2023\/12\/Evergreen-Themen-300x300.jpeg 300w, https:\/\/dieter-jenz.de\/lc\/wp-content\/uploads\/2023\/12\/Evergreen-Themen-150x150.jpeg 150w, https:\/\/dieter-jenz.de\/lc\/wp-content\/uploads\/2023\/12\/Evergreen-Themen-768x768.jpeg 768w, https:\/\/dieter-jenz.de\/lc\/wp-content\/uploads\/2023\/12\/Evergreen-Themen-540x540.jpeg 540w\" sizes=\"(max-width: 800px) 100vw, 800px\" \/><\/a><figcaption class=\"wp-element-caption\">Gestaltung: privat<\/figcaption><\/figure>\n\n\n\n<figure class=\"wp-block-image size-large\"><a href=\"https:\/\/dieter-jenz.de\/lc\/portal-wissensdurst\/\" target=\"_blank\" rel=\"noreferrer noopener\"><img loading=\"lazy\" decoding=\"async\" width=\"800\" height=\"800\" data-id=\"10177\" src=\"https:\/\/dieter-jenz.de\/lc\/wp-content\/uploads\/2023\/12\/Wissensdurst-Blick-durch-den-Tuerspalt.jpeg\" alt=\"Wissensdurst, Blick durch den T\u00fcrspalt - Gestaltung: privat\" class=\"wp-image-10177\" srcset=\"https:\/\/dieter-jenz.de\/lc\/wp-content\/uploads\/2023\/12\/Wissensdurst-Blick-durch-den-Tuerspalt.jpeg 800w, https:\/\/dieter-jenz.de\/lc\/wp-content\/uploads\/2023\/12\/Wissensdurst-Blick-durch-den-Tuerspalt-300x300.jpeg 300w, https:\/\/dieter-jenz.de\/lc\/wp-content\/uploads\/2023\/12\/Wissensdurst-Blick-durch-den-Tuerspalt-150x150.jpeg 150w, https:\/\/dieter-jenz.de\/lc\/wp-content\/uploads\/2023\/12\/Wissensdurst-Blick-durch-den-Tuerspalt-768x768.jpeg 768w, https:\/\/dieter-jenz.de\/lc\/wp-content\/uploads\/2023\/12\/Wissensdurst-Blick-durch-den-Tuerspalt-540x540.jpeg 540w\" sizes=\"(max-width: 800px) 100vw, 800px\" \/><\/a><figcaption class=\"wp-element-caption\">Gestaltung: privat<\/figcaption><\/figure>\n<\/figure>\n<\/div><\/div>\n\n\n\n<h3 class=\"wp-block-heading\" id=\"berichte-in-der-literatur\"><strong><strong>Berichte in der Literatur<\/strong><\/strong><\/h3>\n\n\n\n<p>F\u00fcr Verstorbene ist die olfaktorische Kommunikation eine geeignete M\u00f6glichkeit, sich einer oder mehreren erlebenden Personen gegen\u00fcber gewisserma\u00dfen eindeutig zu identifizieren. Im Folgenden werden beispielhaft einige wenige anekdotische Schilderungen wiedergegeben, in denen spezifische Ger\u00fcche die eindeutige Identifikation einer verstorbenen Person erm\u00f6glichten.<\/p>\n\n\n<div class=\"su-box su-box-style-default\" id=\"\" style=\"border-color:#000000;border-radius:3px;\"><div class=\"su-box-title\" style=\"background-color:#333333;color:#FFFFFF;border-top-left-radius:1px;border-top-right-radius:1px\">Weitere Informationen und Ressourcen <\/div><div class=\"su-box-content su-u-clearfix su-u-trim\" style=\"border-bottom-left-radius:1px;border-bottom-right-radius:1px\"> <div class=\"su-list\" style=\"margin-left:0px\"> <\/p>\n<ul>\n<li><i class=\"sui sui-info-circle\" style=\"color:#333\"><\/i> <a href=\"https:\/\/dieter-jenz.de\/lc\/ausgangssituation-ziel-vorgehensweise-aktueller-stand\/\" title=\"Ausgangssituation, Ziel, Vorgehensweise\" target=\"_blank\" rel=\"\" class=\"\">Ausgangssituation, Ziel, Vorgehensweise, aktueller Stand<\/a> <\/li>\n<\/ul>\n<p> <\/div> <div class=\"su-list\" style=\"margin-left:0px\"> <\/p>\n<ul>\n<li><i class=\"sui sui-info-circle\" style=\"color:#333\"><\/i> <a href=\"https:\/\/dieter-jenz.de\/lc\/was-kommt-nach-dem-tod-erstes-zwischenfazit\/\" title=\"Erstes Zwischenfazit\" target=\"_blank\" rel=\"\" class=\"\">Was kommt nach dem Tod? &#8211; Erstes Zwischenfazit<\/a> <\/li>\n<\/ul>\n<p> <\/div> <div class=\"su-list\" style=\"margin-left:0px\"> <\/p>\n<ul>\n<li><i class=\"sui sui-info-circle\" style=\"color:#333\"><\/i> <a href=\"https:\/\/dieter-jenz.de\/lc\/ressourcen-wie-geht-es-nach-dem-tod-weiter\/\" title=\"Literatur und sonstige Ressourcen\" target=\"_blank\" rel=\"\" class=\"\">Literatur und sonstige Ressourcen<\/a> <\/li>\n<\/ul>\n<p> <\/div> <div class=\"su-list\" style=\"margin-left:0px\"> <\/p>\n<ul>\n<li><i class=\"sui sui-info-circle\" style=\"color:#333\"><\/i> <a href=\"https:\/\/dieter-jenz.de\/lc\/glossar-begriffe-transzendenzerfahrungen-lebensfragen\/\" title=\"Glossar der Begriffe zu Transzendenzerfahrungen\" target=\"_blank\" rel=\"\" class=\"\">Glossar der Begriffe im Kontext von Transzendenzerfahrungen<\/a> <\/li>\n<\/ul>\n<p> <\/div> <div class=\"su-list\" style=\"margin-left:0px\"> <\/p>\n<ul>\n<li><i class=\"sui sui-info-circle\" style=\"color:#333\"><\/i> <a href=\"https:\/\/dieter-jenz.de\/lc\/faq-haeufig-gestellte-fragen-was-kommt-nach-dem-tod\/\" title=\"FAQ (H\u00e4ufig gestellte Fragen)\" target=\"_blank\" rel=\"\" class=\"\">H\u00e4ufig gestellte Fragen (FAQ) &#8211; Was kommt nach dem Tod?<\/a> <\/li>\n<\/ul>\n<p> <\/div>   <\/div><\/div>\n\n\n\n<h4 class=\"wp-block-heading\" id=\"der-unverwechselbare-zigarettenduft\"><strong><strong><strong><strong>Der unverwechselbare Zigarettenduft<\/strong><\/strong><\/strong><\/strong><\/h4>\n\n\n\n<p>In \u201eDer Spuk im Grabgew\u00f6lbe\u201c befindet sich die anekdotische Schilderung des Dichters Maximilian Dauthendey (1867-1918), welche die olfaktorische Kommunikation seines Vaters mit ihm darlegt (S.&nbsp;269&nbsp;ff.): \u201e<em>Mit den Zigaretten meines Vaters <\/em>[Carl Albert Dauthendey, Anm. des Autors] <em>hatte es eine eigene Bewandtnis. Diese Zigaretten, die er vom fr\u00fchen Morgen bis sp\u00e4t nach Mitternacht ununterbrochen rauchte, waren weder der Form noch dem Inhalt nach allt\u00e4gliche Zigaretten, und nicht solche, wie man sie in den Zigarettenl\u00e4den kauft. Sie wurden, jede Zigarette einzeln, von meinen Schwestern, von mir oder von einer weiblichen Verwandten f\u00fcr meinen Vater t\u00e4glich frisch angefertigt. Sie waren dick und lang wie ein Zeigefinger, und ihre Papierh\u00fclsen wurden in der Fabrik f\u00fcr meinen Vater eigens angefertigt; den t\u00fcrkischen Tabak erhielten wir in kleinen Kisten aus Konstantinopel<\/em> [heute Istanbul, Anm. des Autors] <em>zugesandt \u2026 Etwas Seltsames ist mir am Todestag meines Vaters passiert, das auch beweisen kann, wie sehr der Duft der Zigarette vom Wesen meines Vaters unzertrennlich war<\/em>.\u201c<\/p>\n\n\n\n<p>Maximilian Dauthendey schildert, dass er am 5. September 1896 um 12:30 Uhr mit seiner Frau in Paris, seinem damaligen Aufenthaltsort, zusammen mit seiner Frau einige Eink\u00e4ufe erledigen wollte. \u201e<em>Meine Frau ging in ihr Zimmer, das neben dem gro\u00dfen Atelier lag; ich trat hinter einen Wandschirm, wo sich eine Wasserleitung befand., und wollte vor dem Ausgehen meine H\u00e4nde waschen. Ich hatte weder geraucht, noch befanden sich Zigaretten im Hause, aber seltsamerweise schien es mir, als ob w\u00e4hrend des Waschens Seife, Wasser und meine H\u00e4nde stark nach bitterem t\u00fcrkischem Tabak rochen. Es war jener, mir von Hause aus so wohlbekannte, aromatische Tabakgeruch, wie ich ihn zeitlebens nur bei meinem Vater in seinem Zimmer und bei seinen Zigaretten eingeatmet hatte. Ich sch\u00fcttete das Wasser fort, wusch meine H\u00e4nde von neuem zwei- dreimal. Aber der Zigarettengeruch haftete durchdringend an der Haut meiner H\u00e4nde, so dass ich sehr erstaunt in das Zimmer meiner Frau eintrat und ihr sagte<\/em>: \u00bb<em>Seit ich vorhin von der Sternenstellung am Geburtstag meines Vaters gesprochen habe, haftet ein aufdringlicher Zigarettengeruch an meinen Fingern, und kein Wasser und keine Seife k\u00f6nnen ihn fortbringen<\/em>.\u00ab <em>Meine Frau, welche meinen Vater nie gesehen hatte und nie in unserem Hause gewesen war, meinte, dass ich mir den Zigarettengeruch einbilde. Sie konnte keinen Tabakgeruch an meinen Fingern bemerken. Wir sprachen dann nicht mehr dar\u00fcber, gingen in die Stadt und kehrten gegen drei Uhr nach Hause zur\u00fcck. Nicht lange danach rief unten im Vorgarten die Hausmeisterin herauf<\/em>: \u00bb<em>Ist Herr Dauthendey zu Hause? Hier ist ein Telegramm<\/em>.\u00ab <em>Nun geschah das Seltsame: meine Frau und ich sahen uns an und sagten uns, wie von einem und demselben Gedanken getroffen: das Telegramm bringt uns eine Todesnachricht! \u2013 Und so war es auch. Mein Vater war an demselben Mittag um halb ein Uhr in W\u00fcrzburg gestorben<\/em>.\u201c<\/p>\n\n\n\n<p>An der Schilderung f\u00e4llt Folgendes besonders auf:<\/p>\n\n\n\n<ul>\n<li>Der Zeitpunkt, zu dem Maximilian Dauthendey den Zigarettengeruch wahrnahm, deckte sich mit dem Todeszeitpunkt seines Vaters,<\/li>\n\n\n\n<li>Seine Frau konnte den Zigarettengeruch nicht wahrnehmen,<\/li>\n\n\n\n<li>Der Zigarettengeruch war charakteristisch und lie\u00df sich eindeutig dem Vater zuordnen,<\/li>\n\n\n\n<li>Der bereits verstorbene Vater wusste offensichtlich, wo sich sein Sohn befand.<\/li>\n<\/ul>\n\n\n\n<h4 class=\"wp-block-heading\" id=\"bestatigungsnachricht-aus-dem-jenseits\"><strong><strong>Best\u00e4tigungsnachricht aus dem Jenseits<\/strong><\/strong><\/h4>\n\n\n\n<p>Im Buch \u201eTrost aus dem Jenseits\u201c wird ein olfaktorisches Kommunikationsereignis geschildert, das sich als Best\u00e4tigungsnachricht aus dem Jenseits verstehen l\u00e4sst (S.&nbsp;68&nbsp;f.): \u201e<em>Mein Cousin Larry und ich wuchsen zusammen auf, wir kannten uns unser ganzes Leben lang. Wir vereinbarten, dass derjenige, der zuerst stirbt, versuchen sollte, sich bei dem anderen zu melden. Wir wussten nat\u00fcrlich nicht wie \u2013 aber auf irgendeine Art w\u00fcrden wir es schon schaffen. Drei Tage nach seinem Tod ging ich in mein Schlafzimmer. Pl\u00f6tzlich sp\u00fcrte ich Larrys Gegenwart! Dann f\u00fcllte sich das Zimmer mit dem Geruch von English Leather \u2013 dem einzigen Eau de Toilette, das er je ben\u00fctzt hatte. Ich habe keine Parf\u00fcms, weil ich gegen sie allergisch bin, und mein Mann benutzt so etwas nicht. Ich sagte<\/em>: \u00bb<em>O mein Gott, das ist Larry!<\/em>\u00ab <em>In mir stiegen viele Gef\u00fchle gleichzeitig auf. Larry hielt tats\u00e4chlich unseren Pakt ein! Ich wusste, er sagte mir, dass es nach dem Tod noch etwas gab. Dann verschwand der Geruch, und ich sp\u00fcrte seine Gegenwart nicht mehr. Aber ich wusste, dass er dagewesen war. Und ich begriff<\/em>: \u00bb<em>Wir haben es geschafft! Er hat sich bei mir gemeldet. Wir haben es wirklich geschafft!<\/em>\u00ab\u201c<\/p>\n\n\n\n<p>An der Schilderung ist Folgendes bemerkenswert:<\/p>\n\n\n\n<ul>\n<li>Larry konnte sich im Jenseits an seine zu seinen Lebzeiten gegebene Zusage erinnern,<\/li>\n\n\n\n<li>Er wusste, wo sich seine Cousine zum Zeitpunkt seiner Botschaft aufhielt,<\/li>\n\n\n\n<li>Tara (die Cousine und Empf\u00e4ngerin der Botschaft) konnte den Geruch eindeutig Larry zuordnen,<\/li>\n\n\n\n<li>Es gab keine M\u00f6glichkeit, den Geruch mit einem selbst genutzten Eau de Toilette zu verwechseln.<\/li>\n<\/ul>\n\n\n\n<h4 class=\"wp-block-heading\" id=\"selektive-geruchswahrnehmung\"><strong><strong>Selektive Geruchswahrnehmung<\/strong><\/strong><\/h4>\n\n\n\n<p>Ebenfalls in \u201eTrost aus dem Jenseits\u201c wird eine Begebenheit geschildert, bei der nur eine Person im Raum den spezifischen Geruch wahrnahm. Brenda schildert die olfaktorische Kommunikation ihres im Alter von 42 Jahren verstorbenen Ehemanns Russell (S.&nbsp;64&nbsp;f.): \u201e<em>Russell und ich hatten immer gesagt: Wer zuerst stirbt, soll einen Weg finden, sich mit dem anderen in Verbindung zu setzen. Und das geschah dann auch! Drei oder vier Wochen nach Russels Tod sa\u00df ich am Schreibtisch und arbeitete. Und auf einmal roch es unglaublich intensiv nach Rosen! Der Duft war so stark, als st\u00fcnde ein Rosenstrau\u00df auf dem Schreibtisch, direkt vor meiner Nase. Ich wusste, das kam von Russell! Ich sah mich im B\u00fcro um, aber es standen nirgends Rosen. Niemand sonst roch sie \u2013 nur ich. Der Duft blieb ziemlich lange in der Luft, und ich f\u00fchlte einen vollkommenen, tiefen Frieden. Russell hatte mir fr\u00fcher zum Geburtstag, zu anderen Anl\u00e4ssen, und manchmal auch ohne Grund Rosen ins B\u00fcro geschickt. Ich wusste intuitiv, dass er sie mir auch diesmal geschickt hatte, um auf diese Weise seine Liebe zu zeigen<\/em>.\u201c<\/p>\n\n\n\n<p>Die Schilderung lenkt die Aufmerksamkeit auf Folgendes:<\/p>\n\n\n\n<ul>\n<li>Russel griff eine bereits w\u00e4hrend seines Lebens bekannte Gewohnheit wieder auf,<\/li>\n\n\n\n<li>Die emotionale Beziehung zwischen Brenda und Russell endete nicht mit Russels Tod,<\/li>\n\n\n\n<li>Russell wusste, wann Brenda im B\u00fcro war,<\/li>\n\n\n\n<li>Andere anwesende Personen nahmen keinen Rosenduft wahr.<\/li>\n<\/ul>\n\n\n\n<h4 class=\"wp-block-heading\" id=\"trostende-abschiedsbotschaft\"><strong><strong>Tr\u00f6stende Abschiedsbotschaft<\/strong><\/strong><\/h4>\n\n\n\n<p>Ein weiteres olfaktorisches Kommunikationsereignis, wiederum in \u201eTrost aus dem Jenseits\u201c zu finden (S.&nbsp;69&nbsp;f.), hebt den tr\u00f6stenden Charakter einer derartigen Erfahrung hervor: \u201e<em>Ich hielt mich damals in Japan auf und schlief in meinem Hotelzimmer. Ungef\u00e4hr um 3 Uhr morgens wachte ich abrupt auf und nahm einen wunderbaren Lilienduft wahr. Der Duft \u00fcberw\u00e4ltigte mich geradezu \u2013 er war im ganzen Zimmer! Ein Gef\u00fchl gro\u00dfer Liebe und W\u00e4rme \u00fcberkam mich, und dann schlief ich wieder ein. Drei Stunden sp\u00e4ter klingelte das Telefon \u2013 es war mein Mann aus den USA. Er sagte, das Pflegeheim habe ihn gerade angerufen, weil meine Mutter drei Stunden zuvor gestorben sei. Als ich den Zeitunterschied ausrechnete, war 3 Uhr morgens in Japan ihre genaue Todeszeit in Connecticut. W\u00e4hrend ich weinte, kam der Lilienduft wieder! Lilien sind die Lieblingsblumen meiner Mutter gewesen. Da verstand ich, dass meine Mutter da war, und sagte<\/em>: \u00bb<em>Mama, du bist das! Es tut mir so leid, dass ich nicht da war, als du gestorben bist.<\/em>\u00ab <em>Sie sagte<\/em>: \u00bb<em>Ich verstehe das. Es ist alles gut. Weine nicht um mich. Es ist besser auf der anderen Seite<\/em>.\u00ab\u201c<\/p>\n\n\n\n<p>An der Schilderung f\u00e4llt Folgendes besonders auf:<\/p>\n\n\n\n<ul>\n<li>Die olfaktorische Kommunikation geschah zweimal in einem Abstand von wenigen Stunden,<\/li>\n\n\n\n<li>Tausende Kilometer zwischen aktuellem Aufenthaltsort und Heimatort sowie unterschiedliche Zeitzonen waren bedeutungslos,<\/li>\n\n\n\n<li>Die verstorbene Mutter wusste, wo sich ihre Tochter aufhielt,<\/li>\n\n\n\n<li>Es l\u00e4sst sich nicht eindeutig erkennen, ob es sich um eine verbale Botschaft (Stimmenh\u00f6ren) oder um eine telepathische Botschaft der Mutter handelte.<\/li>\n<\/ul>\n\n\n\n<div class=\"wp-block-group\"><div class=\"wp-block-group__inner-container is-layout-constrained wp-block-group-is-layout-constrained\">\n<div class=\"wp-block-group has-background\" style=\"background:radial-gradient(rgba(252,185,0,0.25) 0%,rgba(255,106,0,0.11) 100%)\"><div class=\"wp-block-group__inner-container is-layout-constrained wp-block-group-is-layout-constrained\">\n<p><strong>Gutes und Sinnvolles  tun &#8211; ganz praktisch<\/strong><\/p>\n\n\n<div class=\"wp-block-image\">\n<figure class=\"aligncenter size-full is-resized\"><a href=\"https:\/\/dieter-jenz.de\/lc\/gutes-tun-ganz-praktisch\/\" target=\"_blank\" rel=\"noreferrer noopener\"><img loading=\"lazy\" decoding=\"async\" width=\"600\" height=\"450\" src=\"https:\/\/dieter-jenz.de\/lc\/wp-content\/uploads\/2023\/11\/Geschenk-mit-Text.jpeg\" alt=\"Geschenk mit Text - Gestaltung: privat\" class=\"wp-image-9969\" style=\"width:300px\" srcset=\"https:\/\/dieter-jenz.de\/lc\/wp-content\/uploads\/2023\/11\/Geschenk-mit-Text.jpeg 600w, https:\/\/dieter-jenz.de\/lc\/wp-content\/uploads\/2023\/11\/Geschenk-mit-Text-300x225.jpeg 300w, https:\/\/dieter-jenz.de\/lc\/wp-content\/uploads\/2023\/11\/Geschenk-mit-Text-540x405.jpeg 540w, https:\/\/dieter-jenz.de\/lc\/wp-content\/uploads\/2023\/11\/Geschenk-mit-Text-150x113.jpeg 150w\" sizes=\"(max-width: 600px) 100vw, 600px\" \/><\/a><figcaption class=\"wp-element-caption\">Gestaltung: privat<\/figcaption><\/figure><\/div>\n\n\n<p>Mit einem Klick auf das Bild gelangen Sie zum zugeh\u00f6rigen Text.<\/p>\n<\/div><\/div>\n<\/div><\/div>\n\n\n\n<h3 class=\"wp-block-heading\" id=\"folgerungen\"><strong>Folgerungen<\/strong><\/h3>\n\n\n\n<p>Die olfaktorische Kommunikation kommt als unidirektionale Kommunikation auf Initiative eines Geistwesens zustande. Es kann davon ausgegangen werden, dass es sich um eine verstorbene Person (allochthones Geistwesen) handelt, die den bestimmten, ihrer Person eindeutig zuordnungsf\u00e4higen Geruch hervorruft. Dies geschieht an dem Ort, an dem sich die Person, der diese Kommunikation gelten soll, aktuell befindet. Allerdings w\u00e4re auch denkbar, dass ein autochthones Geistwesen (z.&nbsp;B. Engel) diesen Geruch gewisserma\u00dfen im Auftrag erzeugt. Diese Annahme setzt au\u00dferdem voraus, dass eine wie auch immer geartete Kommunikation zwischen allochthonem und autochthonem Geistwesen erfolgt.<\/p>\n\n\n\n<p>Wie auch bei anderen Formen unidirektionaler Geistwesen-initiierter Kommunikation ist dem Geistwesen der aktuelle Aufenthaltsort des Kommunikationspartners bekannt. Dies setzt auch hier voraus, dass das Geistwesen das Leben im Diesseits gewisserma\u00dfen live mitverfolgen kann.<\/p>\n","protected":false},"excerpt":{"rendered":"<p>Olfaktorische Kommunikation \u2013 was verbirgt sich dahinter? K\u00f6nnen sich Verstorbene \u00fcber die Wahrnehmung von Ger\u00fcchen mitteilen? Die olfaktorische Kommunikation, abgeleitet vom lateinischen Verb \u201eolfacere\u201c (\u201eriechen\u201c), basiert auf der&hellip;<\/p>\n","protected":false},"author":2,"featured_media":11927,"comment_status":"closed","ping_status":"open","sticky":false,"template":"template-full-width-only-content.php","format":"standard","meta":{"footnotes":""},"categories":[212],"tags":[],"yoast_head":"<!-- This site is optimized with the Yoast SEO plugin v24.5 - https:\/\/yoast.com\/wordpress\/plugins\/seo\/ -->\n<title>Olfaktorische Kommunikation \u2013 was verbirgt sich dahinter?<\/title>\n<meta name=\"description\" content=\"Olfaktorische Kommunikation \u2013 was verbirgt sich dahinter? K\u00f6nnen sich Verstorbene \u00fcber die Wahrnehmung von Ger\u00fcchen mitteilen?\" \/>\n<meta name=\"robots\" content=\"index, follow, max-snippet:-1, max-image-preview:large, max-video-preview:-1\" \/>\n<link rel=\"canonical\" href=\"https:\/\/dieter-jenz.de\/lc\/olfaktorische-kommunikation-was-verbirgt-sich-dahinter\/\" \/>\n<meta property=\"og:locale\" content=\"de_DE\" \/>\n<meta property=\"og:type\" content=\"article\" \/>\n<meta property=\"og:title\" content=\"Olfaktorische Kommunikation \u2013 was verbirgt sich dahinter?\" \/>\n<meta property=\"og:description\" content=\"Olfaktorische Kommunikation \u2013 was verbirgt sich dahinter? K\u00f6nnen sich Verstorbene \u00fcber die Wahrnehmung von Ger\u00fcchen mitteilen?\" \/>\n<meta property=\"og:url\" content=\"https:\/\/dieter-jenz.de\/lc\/olfaktorische-kommunikation-was-verbirgt-sich-dahinter\/\" \/>\n<meta property=\"og:site_name\" content=\"Dieter Jenz, Begleitung und Coaching\" \/>\n<meta property=\"article:publisher\" content=\"https:\/\/www.facebook.com\/dieter.jenz.inspiration\" \/>\n<meta property=\"article:author\" content=\"https:\/\/www.facebook.com\/dieter.jenz.inspiration\" \/>\n<meta property=\"article:published_time\" content=\"2024-07-16T07:00:00+00:00\" \/>\n<meta property=\"og:image\" content=\"https:\/\/dieter-jenz.de\/lc\/wp-content\/uploads\/2024\/07\/Beitragsbild-Olfaktorische-Kommunikation.jpeg\" \/>\n\t<meta property=\"og:image:width\" content=\"800\" \/>\n\t<meta property=\"og:image:height\" content=\"800\" \/>\n\t<meta property=\"og:image:type\" content=\"image\/jpeg\" \/>\n<meta name=\"author\" content=\"Dieter Jenz\" \/>\n<meta name=\"twitter:card\" content=\"summary_large_image\" \/>\n<meta name=\"twitter:creator\" content=\"@https:\/\/twitter.com\/dieterjenz\" \/>\n<meta name=\"twitter:site\" content=\"@dieterjenz\" \/>\n<meta name=\"twitter:label1\" content=\"Verfasst von\" \/>\n\t<meta name=\"twitter:data1\" content=\"Dieter Jenz\" \/>\n\t<meta name=\"twitter:label2\" content=\"Gesch\u00e4tzte Lesezeit\" \/>\n\t<meta name=\"twitter:data2\" content=\"11\u00a0Minuten\" \/>\n<script type=\"application\/ld+json\" class=\"yoast-schema-graph\">{\"@context\":\"https:\/\/schema.org\",\"@graph\":[{\"@type\":\"Article\",\"@id\":\"https:\/\/dieter-jenz.de\/lc\/olfaktorische-kommunikation-was-verbirgt-sich-dahinter\/#article\",\"isPartOf\":{\"@id\":\"https:\/\/dieter-jenz.de\/lc\/olfaktorische-kommunikation-was-verbirgt-sich-dahinter\/\"},\"author\":{\"name\":\"Dieter Jenz\",\"@id\":\"https:\/\/dieter-jenz.de\/lc\/#\/schema\/person\/618cfd5c289d0a23930cb258a43679ab\"},\"headline\":\"Olfaktorische Kommunikation \u2013 was verbirgt sich dahinter?\",\"datePublished\":\"2024-07-16T07:00:00+00:00\",\"mainEntityOfPage\":{\"@id\":\"https:\/\/dieter-jenz.de\/lc\/olfaktorische-kommunikation-was-verbirgt-sich-dahinter\/\"},\"wordCount\":1795,\"publisher\":{\"@id\":\"https:\/\/dieter-jenz.de\/lc\/#\/schema\/person\/618cfd5c289d0a23930cb258a43679ab\"},\"image\":{\"@id\":\"https:\/\/dieter-jenz.de\/lc\/olfaktorische-kommunikation-was-verbirgt-sich-dahinter\/#primaryimage\"},\"thumbnailUrl\":\"https:\/\/dieter-jenz.de\/lc\/wp-content\/uploads\/2024\/07\/Beitragsbild-Olfaktorische-Kommunikation.jpeg\",\"articleSection\":[\"Lebensfragen\"],\"inLanguage\":\"de\"},{\"@type\":\"WebPage\",\"@id\":\"https:\/\/dieter-jenz.de\/lc\/olfaktorische-kommunikation-was-verbirgt-sich-dahinter\/\",\"url\":\"https:\/\/dieter-jenz.de\/lc\/olfaktorische-kommunikation-was-verbirgt-sich-dahinter\/\",\"name\":\"Olfaktorische Kommunikation \u2013 was verbirgt sich dahinter?\",\"isPartOf\":{\"@id\":\"https:\/\/dieter-jenz.de\/lc\/#website\"},\"primaryImageOfPage\":{\"@id\":\"https:\/\/dieter-jenz.de\/lc\/olfaktorische-kommunikation-was-verbirgt-sich-dahinter\/#primaryimage\"},\"image\":{\"@id\":\"https:\/\/dieter-jenz.de\/lc\/olfaktorische-kommunikation-was-verbirgt-sich-dahinter\/#primaryimage\"},\"thumbnailUrl\":\"https:\/\/dieter-jenz.de\/lc\/wp-content\/uploads\/2024\/07\/Beitragsbild-Olfaktorische-Kommunikation.jpeg\",\"datePublished\":\"2024-07-16T07:00:00+00:00\",\"description\":\"Olfaktorische Kommunikation \u2013 was verbirgt sich dahinter? K\u00f6nnen sich Verstorbene \u00fcber die Wahrnehmung von Ger\u00fcchen mitteilen?\",\"breadcrumb\":{\"@id\":\"https:\/\/dieter-jenz.de\/lc\/olfaktorische-kommunikation-was-verbirgt-sich-dahinter\/#breadcrumb\"},\"inLanguage\":\"de\",\"potentialAction\":[{\"@type\":\"ReadAction\",\"target\":[\"https:\/\/dieter-jenz.de\/lc\/olfaktorische-kommunikation-was-verbirgt-sich-dahinter\/\"]}]},{\"@type\":\"ImageObject\",\"inLanguage\":\"de\",\"@id\":\"https:\/\/dieter-jenz.de\/lc\/olfaktorische-kommunikation-was-verbirgt-sich-dahinter\/#primaryimage\",\"url\":\"https:\/\/dieter-jenz.de\/lc\/wp-content\/uploads\/2024\/07\/Beitragsbild-Olfaktorische-Kommunikation.jpeg\",\"contentUrl\":\"https:\/\/dieter-jenz.de\/lc\/wp-content\/uploads\/2024\/07\/Beitragsbild-Olfaktorische-Kommunikation.jpeg\",\"width\":800,\"height\":800,\"caption\":\"Gestaltung: privat\"},{\"@type\":\"BreadcrumbList\",\"@id\":\"https:\/\/dieter-jenz.de\/lc\/olfaktorische-kommunikation-was-verbirgt-sich-dahinter\/#breadcrumb\",\"itemListElement\":[{\"@type\":\"ListItem\",\"position\":1,\"name\":\"Home\",\"item\":\"https:\/\/dieter-jenz.de\/lc\/\"},{\"@type\":\"ListItem\",\"position\":2,\"name\":\"Lebensfragen\",\"item\":\"https:\/\/dieter-jenz.de\/lc\/category\/lebensfragen\/\"},{\"@type\":\"ListItem\",\"position\":3,\"name\":\"Olfaktorische Kommunikation \u2013 was verbirgt sich dahinter?\"}]},{\"@type\":\"WebSite\",\"@id\":\"https:\/\/dieter-jenz.de\/lc\/#website\",\"url\":\"https:\/\/dieter-jenz.de\/lc\/\",\"name\":\"Dieter Jenz, Begleitung und Coaching\",\"description\":\"Die andere, neue Sichtweise entdecken - auftanken - neue Wege gehen\",\"publisher\":{\"@id\":\"https:\/\/dieter-jenz.de\/lc\/#\/schema\/person\/618cfd5c289d0a23930cb258a43679ab\"},\"potentialAction\":[{\"@type\":\"SearchAction\",\"target\":{\"@type\":\"EntryPoint\",\"urlTemplate\":\"https:\/\/dieter-jenz.de\/lc\/?s={search_term_string}\"},\"query-input\":{\"@type\":\"PropertyValueSpecification\",\"valueRequired\":true,\"valueName\":\"search_term_string\"}}],\"inLanguage\":\"de\"},{\"@type\":[\"Person\",\"Organization\"],\"@id\":\"https:\/\/dieter-jenz.de\/lc\/#\/schema\/person\/618cfd5c289d0a23930cb258a43679ab\",\"name\":\"Dieter Jenz\",\"image\":{\"@type\":\"ImageObject\",\"inLanguage\":\"de\",\"@id\":\"https:\/\/dieter-jenz.de\/lc\/#\/schema\/person\/image\/\",\"url\":\"https:\/\/dieter-jenz.de\/lc\/wp-content\/uploads\/2020\/01\/Logo-Coaching-und-Begleitung.png\",\"contentUrl\":\"https:\/\/dieter-jenz.de\/lc\/wp-content\/uploads\/2020\/01\/Logo-Coaching-und-Begleitung.png\",\"width\":320,\"height\":240,\"caption\":\"Dieter Jenz\"},\"logo\":{\"@id\":\"https:\/\/dieter-jenz.de\/lc\/#\/schema\/person\/image\/\"},\"description\":\"Ich bin Dieter Jenz, Begleiter, Berater und Coach mit Leidenschaft. \u00dcber viele Jahre hinweg habe ich einen reichen Schatz an Kompetenz und Erfahrung erworben. Meine Themen sind die \\\"4L\\\": Lebensaufgabe, Lebensplanung, Lebensnavigation und Lebensqualit\u00e4t.\",\"sameAs\":[\"https:\/\/www.facebook.com\/dieter.jenz.inspiration\",\"https:\/\/www.pinterest.de\/dieterjenz\/\",\"https:\/\/x.com\/https:\/\/twitter.com\/dieterjenz\"],\"url\":\"https:\/\/dieter-jenz.de\/lc\/author\/dieter\/\"}]}<\/script>\n<!-- \/ Yoast SEO plugin. -->","yoast_head_json":{"title":"Olfaktorische Kommunikation \u2013 was verbirgt sich dahinter?","description":"Olfaktorische Kommunikation \u2013 was verbirgt sich dahinter? K\u00f6nnen sich Verstorbene \u00fcber die Wahrnehmung von Ger\u00fcchen mitteilen?","robots":{"index":"index","follow":"follow","max-snippet":"max-snippet:-1","max-image-preview":"max-image-preview:large","max-video-preview":"max-video-preview:-1"},"canonical":"https:\/\/dieter-jenz.de\/lc\/olfaktorische-kommunikation-was-verbirgt-sich-dahinter\/","og_locale":"de_DE","og_type":"article","og_title":"Olfaktorische Kommunikation \u2013 was verbirgt sich dahinter?","og_description":"Olfaktorische Kommunikation \u2013 was verbirgt sich dahinter? K\u00f6nnen sich Verstorbene \u00fcber die Wahrnehmung von Ger\u00fcchen mitteilen?","og_url":"https:\/\/dieter-jenz.de\/lc\/olfaktorische-kommunikation-was-verbirgt-sich-dahinter\/","og_site_name":"Dieter Jenz, Begleitung und Coaching","article_publisher":"https:\/\/www.facebook.com\/dieter.jenz.inspiration","article_author":"https:\/\/www.facebook.com\/dieter.jenz.inspiration","article_published_time":"2024-07-16T07:00:00+00:00","og_image":[{"width":800,"height":800,"url":"https:\/\/dieter-jenz.de\/lc\/wp-content\/uploads\/2024\/07\/Beitragsbild-Olfaktorische-Kommunikation.jpeg","type":"image\/jpeg"}],"author":"Dieter Jenz","twitter_card":"summary_large_image","twitter_creator":"@https:\/\/twitter.com\/dieterjenz","twitter_site":"@dieterjenz","twitter_misc":{"Verfasst von":"Dieter Jenz","Gesch\u00e4tzte Lesezeit":"11\u00a0Minuten"},"schema":{"@context":"https:\/\/schema.org","@graph":[{"@type":"Article","@id":"https:\/\/dieter-jenz.de\/lc\/olfaktorische-kommunikation-was-verbirgt-sich-dahinter\/#article","isPartOf":{"@id":"https:\/\/dieter-jenz.de\/lc\/olfaktorische-kommunikation-was-verbirgt-sich-dahinter\/"},"author":{"name":"Dieter Jenz","@id":"https:\/\/dieter-jenz.de\/lc\/#\/schema\/person\/618cfd5c289d0a23930cb258a43679ab"},"headline":"Olfaktorische Kommunikation \u2013 was verbirgt sich dahinter?","datePublished":"2024-07-16T07:00:00+00:00","mainEntityOfPage":{"@id":"https:\/\/dieter-jenz.de\/lc\/olfaktorische-kommunikation-was-verbirgt-sich-dahinter\/"},"wordCount":1795,"publisher":{"@id":"https:\/\/dieter-jenz.de\/lc\/#\/schema\/person\/618cfd5c289d0a23930cb258a43679ab"},"image":{"@id":"https:\/\/dieter-jenz.de\/lc\/olfaktorische-kommunikation-was-verbirgt-sich-dahinter\/#primaryimage"},"thumbnailUrl":"https:\/\/dieter-jenz.de\/lc\/wp-content\/uploads\/2024\/07\/Beitragsbild-Olfaktorische-Kommunikation.jpeg","articleSection":["Lebensfragen"],"inLanguage":"de"},{"@type":"WebPage","@id":"https:\/\/dieter-jenz.de\/lc\/olfaktorische-kommunikation-was-verbirgt-sich-dahinter\/","url":"https:\/\/dieter-jenz.de\/lc\/olfaktorische-kommunikation-was-verbirgt-sich-dahinter\/","name":"Olfaktorische Kommunikation \u2013 was verbirgt sich dahinter?","isPartOf":{"@id":"https:\/\/dieter-jenz.de\/lc\/#website"},"primaryImageOfPage":{"@id":"https:\/\/dieter-jenz.de\/lc\/olfaktorische-kommunikation-was-verbirgt-sich-dahinter\/#primaryimage"},"image":{"@id":"https:\/\/dieter-jenz.de\/lc\/olfaktorische-kommunikation-was-verbirgt-sich-dahinter\/#primaryimage"},"thumbnailUrl":"https:\/\/dieter-jenz.de\/lc\/wp-content\/uploads\/2024\/07\/Beitragsbild-Olfaktorische-Kommunikation.jpeg","datePublished":"2024-07-16T07:00:00+00:00","description":"Olfaktorische Kommunikation \u2013 was verbirgt sich dahinter? K\u00f6nnen sich Verstorbene \u00fcber die Wahrnehmung von Ger\u00fcchen mitteilen?","breadcrumb":{"@id":"https:\/\/dieter-jenz.de\/lc\/olfaktorische-kommunikation-was-verbirgt-sich-dahinter\/#breadcrumb"},"inLanguage":"de","potentialAction":[{"@type":"ReadAction","target":["https:\/\/dieter-jenz.de\/lc\/olfaktorische-kommunikation-was-verbirgt-sich-dahinter\/"]}]},{"@type":"ImageObject","inLanguage":"de","@id":"https:\/\/dieter-jenz.de\/lc\/olfaktorische-kommunikation-was-verbirgt-sich-dahinter\/#primaryimage","url":"https:\/\/dieter-jenz.de\/lc\/wp-content\/uploads\/2024\/07\/Beitragsbild-Olfaktorische-Kommunikation.jpeg","contentUrl":"https:\/\/dieter-jenz.de\/lc\/wp-content\/uploads\/2024\/07\/Beitragsbild-Olfaktorische-Kommunikation.jpeg","width":800,"height":800,"caption":"Gestaltung: privat"},{"@type":"BreadcrumbList","@id":"https:\/\/dieter-jenz.de\/lc\/olfaktorische-kommunikation-was-verbirgt-sich-dahinter\/#breadcrumb","itemListElement":[{"@type":"ListItem","position":1,"name":"Home","item":"https:\/\/dieter-jenz.de\/lc\/"},{"@type":"ListItem","position":2,"name":"Lebensfragen","item":"https:\/\/dieter-jenz.de\/lc\/category\/lebensfragen\/"},{"@type":"ListItem","position":3,"name":"Olfaktorische Kommunikation \u2013 was verbirgt sich dahinter?"}]},{"@type":"WebSite","@id":"https:\/\/dieter-jenz.de\/lc\/#website","url":"https:\/\/dieter-jenz.de\/lc\/","name":"Dieter Jenz, Begleitung und Coaching","description":"Die andere, neue Sichtweise entdecken - auftanken - neue Wege gehen","publisher":{"@id":"https:\/\/dieter-jenz.de\/lc\/#\/schema\/person\/618cfd5c289d0a23930cb258a43679ab"},"potentialAction":[{"@type":"SearchAction","target":{"@type":"EntryPoint","urlTemplate":"https:\/\/dieter-jenz.de\/lc\/?s={search_term_string}"},"query-input":{"@type":"PropertyValueSpecification","valueRequired":true,"valueName":"search_term_string"}}],"inLanguage":"de"},{"@type":["Person","Organization"],"@id":"https:\/\/dieter-jenz.de\/lc\/#\/schema\/person\/618cfd5c289d0a23930cb258a43679ab","name":"Dieter Jenz","image":{"@type":"ImageObject","inLanguage":"de","@id":"https:\/\/dieter-jenz.de\/lc\/#\/schema\/person\/image\/","url":"https:\/\/dieter-jenz.de\/lc\/wp-content\/uploads\/2020\/01\/Logo-Coaching-und-Begleitung.png","contentUrl":"https:\/\/dieter-jenz.de\/lc\/wp-content\/uploads\/2020\/01\/Logo-Coaching-und-Begleitung.png","width":320,"height":240,"caption":"Dieter Jenz"},"logo":{"@id":"https:\/\/dieter-jenz.de\/lc\/#\/schema\/person\/image\/"},"description":"Ich bin Dieter Jenz, Begleiter, Berater und Coach mit Leidenschaft. \u00dcber viele Jahre hinweg habe ich einen reichen Schatz an Kompetenz und Erfahrung erworben. Meine Themen sind die \"4L\": Lebensaufgabe, Lebensplanung, Lebensnavigation und Lebensqualit\u00e4t.","sameAs":["https:\/\/www.facebook.com\/dieter.jenz.inspiration","https:\/\/www.pinterest.de\/dieterjenz\/","https:\/\/x.com\/https:\/\/twitter.com\/dieterjenz"],"url":"https:\/\/dieter-jenz.de\/lc\/author\/dieter\/"}]}},"_links":{"self":[{"href":"https:\/\/dieter-jenz.de\/lc\/wp-json\/wp\/v2\/posts\/11943"}],"collection":[{"href":"https:\/\/dieter-jenz.de\/lc\/wp-json\/wp\/v2\/posts"}],"about":[{"href":"https:\/\/dieter-jenz.de\/lc\/wp-json\/wp\/v2\/types\/post"}],"author":[{"embeddable":true,"href":"https:\/\/dieter-jenz.de\/lc\/wp-json\/wp\/v2\/users\/2"}],"replies":[{"embeddable":true,"href":"https:\/\/dieter-jenz.de\/lc\/wp-json\/wp\/v2\/comments?post=11943"}],"version-history":[{"count":2,"href":"https:\/\/dieter-jenz.de\/lc\/wp-json\/wp\/v2\/posts\/11943\/revisions"}],"predecessor-version":[{"id":11946,"href":"https:\/\/dieter-jenz.de\/lc\/wp-json\/wp\/v2\/posts\/11943\/revisions\/11946"}],"wp:featuredmedia":[{"embeddable":true,"href":"https:\/\/dieter-jenz.de\/lc\/wp-json\/wp\/v2\/media\/11927"}],"wp:attachment":[{"href":"https:\/\/dieter-jenz.de\/lc\/wp-json\/wp\/v2\/media?parent=11943"}],"wp:term":[{"taxonomy":"category","embeddable":true,"href":"https:\/\/dieter-jenz.de\/lc\/wp-json\/wp\/v2\/categories?post=11943"},{"taxonomy":"post_tag","embeddable":true,"href":"https:\/\/dieter-jenz.de\/lc\/wp-json\/wp\/v2\/tags?post=11943"}],"curies":[{"name":"wp","href":"https:\/\/api.w.org\/{rel}","templated":true}]}}