{"id":11981,"date":"2024-07-22T10:00:00","date_gmt":"2024-07-22T08:00:00","guid":{"rendered":"https:\/\/dieter-jenz.de\/lc\/?p=11981"},"modified":"2024-07-22T11:38:53","modified_gmt":"2024-07-22T09:38:53","slug":"was-sind-nahtoderfahrungenwie-werden-sie-erlebt","status":"publish","type":"post","link":"https:\/\/dieter-jenz.de\/lc\/was-sind-nahtoderfahrungenwie-werden-sie-erlebt\/","title":{"rendered":"Was sind Nahtoderfahrungen? Wie werden sie erlebt?"},"content":{"rendered":"<div class=\"yoast-breadcrumbs\"><span><span><a href=\"https:\/\/dieter-jenz.de\/lc\/\">Home<\/a><\/span> \u00bb <span><a href=\"https:\/\/dieter-jenz.de\/lc\/category\/lebensfragen\/\">Lebensfragen<\/a><\/span> \u00bb <span class=\"breadcrumb_last\" aria-current=\"page\"><strong>Was sind Nahtoderfahrungen? Wie werden sie erlebt?<\/strong><\/span><\/span><\/div>\n\n\n<div style=\"height:40px\" aria-hidden=\"true\" class=\"wp-block-spacer\"><\/div>\n\n\n\n<p>Was sind Nahtoderfahrungen und wie werden sie erlebt? Erlauben sie einen Blick hinter den Vorhang des Diesseits, in das Jenseits?<\/p>\n\n\n\n<p><strong>Inhalte:<\/strong><\/p>\n\n\n\n<nav class=\"wp-block-table-of-contents\"><ol><li><a class=\"wp-block-table-of-contents__entry\" href=\"https:\/\/dieter-jenz.de\/lc\/was-sind-nahtoderfahrungenwie-werden-sie-erlebt\/#unerklarliche-erfahrung\">Unerkl\u00e4rliche Erfahrung<\/a><\/li><li><a class=\"wp-block-table-of-contents__entry\" href=\"https:\/\/dieter-jenz.de\/lc\/was-sind-nahtoderfahrungenwie-werden-sie-erlebt\/#beginn-dauer-und-ende-von-nahtoderfahrungen\">Beginn, Dauer und Ende von Nahtoderfahrungen<\/a><\/li><li><a class=\"wp-block-table-of-contents__entry\" href=\"https:\/\/dieter-jenz.de\/lc\/was-sind-nahtoderfahrungenwie-werden-sie-erlebt\/#typische-elemente-von-nahtoderfahrungen\">Typische Elemente von Nahtoderfahrungen<\/a><ol><li><a class=\"wp-block-table-of-contents__entry\" href=\"https:\/\/dieter-jenz.de\/lc\/was-sind-nahtoderfahrungenwie-werden-sie-erlebt\/#au\u00dferkorperliche-erfahrung\">Au\u00dferk\u00f6rperliche Erfahrung<\/a><\/li><li><a class=\"wp-block-table-of-contents__entry\" href=\"https:\/\/dieter-jenz.de\/lc\/was-sind-nahtoderfahrungenwie-werden-sie-erlebt\/#lebensruckschau\">Lebensr\u00fcckschau<\/a><\/li><li><a class=\"wp-block-table-of-contents__entry\" href=\"https:\/\/dieter-jenz.de\/lc\/was-sind-nahtoderfahrungenwie-werden-sie-erlebt\/#begegnungen-mit-geistwesen\">Begegnungen mit Geistwesen<\/a><\/li><\/ol><\/li><li><a class=\"wp-block-table-of-contents__entry\" href=\"https:\/\/dieter-jenz.de\/lc\/was-sind-nahtoderfahrungenwie-werden-sie-erlebt\/#individualitat-der-erfahrungen\">Individualit\u00e4t der Erfahrungen<\/a><\/li><\/ol><\/nav>\n\n\n\n<div class=\"wp-block-media-text is-stacked-on-mobile has-background-background-color has-background\" style=\"grid-template-columns:15% auto\"><figure class=\"wp-block-media-text__media\"><a href=\"https:\/\/dieter-jenz.de\/lc\/was-geschieht-mit-mir-wenn-ich-sterbe\/\"><img loading=\"lazy\" decoding=\"async\" width=\"800\" height=\"800\" src=\"https:\/\/dieter-jenz.de\/lc\/wp-content\/uploads\/2022\/03\/Beitragsbild-Was-geschieht-mit-mir-wenn-ich-sterbe.jpeg\" alt=\"Was geschieht mit mir wenn ich sterbe - Gestaltung: privat\" class=\"wp-image-7029 size-full\" srcset=\"https:\/\/dieter-jenz.de\/lc\/wp-content\/uploads\/2022\/03\/Beitragsbild-Was-geschieht-mit-mir-wenn-ich-sterbe.jpeg 800w, https:\/\/dieter-jenz.de\/lc\/wp-content\/uploads\/2022\/03\/Beitragsbild-Was-geschieht-mit-mir-wenn-ich-sterbe-300x300.jpeg 300w, https:\/\/dieter-jenz.de\/lc\/wp-content\/uploads\/2022\/03\/Beitragsbild-Was-geschieht-mit-mir-wenn-ich-sterbe-150x150.jpeg 150w, https:\/\/dieter-jenz.de\/lc\/wp-content\/uploads\/2022\/03\/Beitragsbild-Was-geschieht-mit-mir-wenn-ich-sterbe-768x768.jpeg 768w, https:\/\/dieter-jenz.de\/lc\/wp-content\/uploads\/2022\/03\/Beitragsbild-Was-geschieht-mit-mir-wenn-ich-sterbe-540x540.jpeg 540w\" sizes=\"(max-width: 800px) 100vw, 800px\" \/><\/a><\/figure><div class=\"wp-block-media-text__content\">\n<p class=\"has-border-background-color has-background has-normal-font-size\">Dieser Beitrag ist Teil der Serie &#8222;<em>Was geschieht mit mir wenn ich sterbe?<\/em>&#8220; <br>Grobes <a href=\"https:\/\/dieter-jenz.de\/lc\/was-geschieht-mit-mir-wenn-ich-sterbe\/\" target=\"_blank\" rel=\"noreferrer noopener\">Inhaltsverzeichnis<\/a><\/p>\n<\/div><\/div>\n\n\n\n<p>Als Nahtoderfahrung (NTE) oder Nahtoderlebnis wird eine subjektive Erfahrung in einer Grenzsituation, in der das Weiterleben bedroht ist, bezeichnet. Ein Mensch, der eine Nahtoderfahrung durchlebt, befindet sich an der Schwelle des biologischen Todes, \u00fcberschreitet diese Schwelle letztlich jedoch nicht. Eine Losl\u00f6sung des individuellen Selbst vom physischen K\u00f6rper erfolgt nicht, jedenfalls nicht endg\u00fcltig.<\/p>\n\n\n\n<p>Typisch f\u00fcr eine Nahtoderfahrung ist die Erfahrung eines bewussten Seins ohne physischen K\u00f6rper. Empfindungen des physischen K\u00f6rpers sind gewisserma\u00dfen vor\u00fcbergehend \u201eabgeschaltet\u201c. In der Wahrnehmung einer erlebenden Person k\u00f6nnen sich individuelles Selbst und physischer K\u00f6rper an unterschiedlichen Orten befinden.<\/p>\n\n\n<div class=\"su-box su-box-style-default\" id=\"\" style=\"border-color:#000000;border-radius:3px;\"><div class=\"su-box-title\" style=\"background-color:#333333;color:#FFFFFF;border-top-left-radius:1px;border-top-right-radius:1px\">Letzte Beitr\u00e4ge <\/div><div class=\"su-box-content su-u-clearfix su-u-trim\" style=\"border-bottom-left-radius:1px;border-bottom-right-radius:1px\"><div class=\"su-expand su-expand-collapsed su-expand-link-style-default\" data-height=\"100\"><div class=\"su-expand-content su-u-trim\" style=\"color:#333333;max-height:100px;overflow:hidden\">\n\n<div class=\"su-posts su-posts-teaser-loop \">\n\n\t\t\t\t\t\t\n\t\t\t\n\t\t\t<div id=\"su-post-12357\" class=\"su-post \">\n\t\t\t\t\t\t\t\t\t<a class=\"su-post-thumbnail\" href=\"https:\/\/dieter-jenz.de\/lc\/die-realitaet-das-individuelle-selbst-befindet-sich-nicht-im-gehirn\/\"><img loading=\"lazy\" decoding=\"async\" width=\"800\" height=\"800\" src=\"https:\/\/dieter-jenz.de\/lc\/wp-content\/uploads\/2024\/11\/Beitragsbild-Realitaet-Individuelles-Selbst-nicht-im-Gehirn.jpeg\" class=\"attachment-post-thumbnail size-post-thumbnail wp-post-image\" alt=\"Realit\u00e4t Das individuelle Selbst befindet sich nicht im Gehirn - Gestaltung: privat\" \/><\/a>\n\t\t\t\t\t\t\t\t<h2 class=\"su-post-title\"><a href=\"https:\/\/dieter-jenz.de\/lc\/die-realitaet-das-individuelle-selbst-befindet-sich-nicht-im-gehirn\/\">Die Realit\u00e4t: Das individuelle Selbst befindet sich nicht im Gehirn<\/a><\/h2>\n\t\t\t<\/div>\n\n\t\t\t\t\t\n\t\t\t\n\t\t\t<div id=\"su-post-12328\" class=\"su-post \">\n\t\t\t\t\t\t\t\t\t<a class=\"su-post-thumbnail\" href=\"https:\/\/dieter-jenz.de\/lc\/verifikation-der-eis-hypothese-ungewoehnliche-erinnerungen\/\"><img loading=\"lazy\" decoding=\"async\" width=\"800\" height=\"800\" src=\"https:\/\/dieter-jenz.de\/lc\/wp-content\/uploads\/2024\/11\/Beitragsbild-Verifikation-EIS-Hypothese-Ungewoehnliche-Erinnerungen.jpeg\" class=\"attachment-post-thumbnail size-post-thumbnail wp-post-image\" alt=\"Verifikation frt EIS-Hypothese: Ungew\u00f6hnliche Erinnerungen - Gestaltung: privat\" \/><\/a>\n\t\t\t\t\t\t\t\t<h2 class=\"su-post-title\"><a href=\"https:\/\/dieter-jenz.de\/lc\/verifikation-der-eis-hypothese-ungewoehnliche-erinnerungen\/\">Verifikation der EIS-Hypothese: Ungew\u00f6hnliche Erinnerungen<\/a><\/h2>\n\t\t\t<\/div>\n\n\t\t\t\t\t\n\t\t\t\n\t\t\t<div id=\"su-post-12313\" class=\"su-post \">\n\t\t\t\t\t\t\t\t\t<a class=\"su-post-thumbnail\" href=\"https:\/\/dieter-jenz.de\/lc\/verifikation-der-eis-hypothese-terminale-geistesklarheit\/\"><img loading=\"lazy\" decoding=\"async\" width=\"800\" height=\"800\" src=\"https:\/\/dieter-jenz.de\/lc\/wp-content\/uploads\/2024\/11\/Beitragsbild-Verifikation-EIS-Hypothese-Terminale-Geistesklarheit.jpeg\" class=\"attachment-post-thumbnail size-post-thumbnail wp-post-image\" alt=\"Verifikation der EIS-Hypothese: Terminale Geistesklarheit - Gestaltung: privat\" \/><\/a>\n\t\t\t\t\t\t\t\t<h2 class=\"su-post-title\"><a href=\"https:\/\/dieter-jenz.de\/lc\/verifikation-der-eis-hypothese-terminale-geistesklarheit\/\">Verifikation der EIS-Hypothese: Terminale Geistesklarheit<\/a><\/h2>\n\t\t\t<\/div>\n\n\t\t\t\t\t\n\t\t\t\n\t\t\t<div id=\"su-post-12248\" class=\"su-post \">\n\t\t\t\t\t\t\t\t\t<a class=\"su-post-thumbnail\" href=\"https:\/\/dieter-jenz.de\/lc\/verifikation-der-eis-hypothese-nahtoderfahrung\/\"><img loading=\"lazy\" decoding=\"async\" width=\"800\" height=\"800\" src=\"https:\/\/dieter-jenz.de\/lc\/wp-content\/uploads\/2024\/10\/Beitragsbild-Verifikation-EIS-Hypothese-Nahtoderfahrung.jpeg\" class=\"attachment-post-thumbnail size-post-thumbnail wp-post-image\" alt=\"Verifikation der EIS-Hypothese: Nahtoderfahrung - Gestaltung: privat\" \/><\/a>\n\t\t\t\t\t\t\t\t<h2 class=\"su-post-title\"><a href=\"https:\/\/dieter-jenz.de\/lc\/verifikation-der-eis-hypothese-nahtoderfahrung\/\">Verifikation der EIS-Hypothese: Nahtoderfahrung<\/a><\/h2>\n\t\t\t<\/div>\n\n\t\t\t\t\t\n\t\t\t\n\t\t\t<div id=\"su-post-12193\" class=\"su-post \">\n\t\t\t\t\t\t\t\t\t<a class=\"su-post-thumbnail\" href=\"https:\/\/dieter-jenz.de\/lc\/das-losloesungsszenario-ist-es-plausibel\/\"><img loading=\"lazy\" decoding=\"async\" width=\"800\" height=\"800\" src=\"https:\/\/dieter-jenz.de\/lc\/wp-content\/uploads\/2024\/09\/Beitragsbild-Losloesungsszenario.jpeg\" class=\"attachment-post-thumbnail size-post-thumbnail wp-post-image\" alt=\"Losl\u00f6sungsszenario - Gestaltung: privat\" \/><\/a>\n\t\t\t\t\t\t\t\t<h2 class=\"su-post-title\"><a href=\"https:\/\/dieter-jenz.de\/lc\/das-losloesungsszenario-ist-es-plausibel\/\">Das Losl\u00f6sungsszenario &#8211; ist es plausibel?<\/a><\/h2>\n\t\t\t<\/div>\n\n\t\t\t\t\t\n\t\t\t\n\t\t\t<div id=\"su-post-12174\" class=\"su-post \">\n\t\t\t\t\t\t\t\t\t<a class=\"su-post-thumbnail\" href=\"https:\/\/dieter-jenz.de\/lc\/das-evakuierungsszenario-ist-es-plausibel\/\"><img loading=\"lazy\" decoding=\"async\" width=\"800\" height=\"800\" src=\"https:\/\/dieter-jenz.de\/lc\/wp-content\/uploads\/2024\/09\/Beitragsbild-Evakuierungsszenario.jpeg\" class=\"attachment-post-thumbnail size-post-thumbnail wp-post-image\" alt=\"Evakuierungsszenario - Gestaltung: privat\" \/><\/a>\n\t\t\t\t\t\t\t\t<h2 class=\"su-post-title\"><a href=\"https:\/\/dieter-jenz.de\/lc\/das-evakuierungsszenario-ist-es-plausibel\/\">Das Evakuierungsszenario &#8211; ist es plausibel?<\/a><\/h2>\n\t\t\t<\/div>\n\n\t\t\t\t\t\n\t\t\t\n\t\t\t<div id=\"su-post-12136\" class=\"su-post \">\n\t\t\t\t\t\t\t\t\t<a class=\"su-post-thumbnail\" href=\"https:\/\/dieter-jenz.de\/lc\/das-erloeschungsszenario-ist-es-plausibel\/\"><img loading=\"lazy\" decoding=\"async\" width=\"800\" height=\"800\" src=\"https:\/\/dieter-jenz.de\/lc\/wp-content\/uploads\/2024\/09\/Beitragsbild-Erloeschungsszenario.jpeg\" class=\"attachment-post-thumbnail size-post-thumbnail wp-post-image\" alt=\"Erl\u00f6schungsszenario - Gestaltung: privat\" \/><\/a>\n\t\t\t\t\t\t\t\t<h2 class=\"su-post-title\"><a href=\"https:\/\/dieter-jenz.de\/lc\/das-erloeschungsszenario-ist-es-plausibel\/\">Das Erl\u00f6schungsszenario &#8211; ist es plausibel?<\/a><\/h2>\n\t\t\t<\/div>\n\n\t\t\t\t\t\n\t\t\t\n\t\t\t<div id=\"su-post-11981\" class=\"su-post \">\n\t\t\t\t\t\t\t\t\t<a class=\"su-post-thumbnail\" href=\"https:\/\/dieter-jenz.de\/lc\/was-sind-nahtoderfahrungenwie-werden-sie-erlebt\/\"><img loading=\"lazy\" decoding=\"async\" width=\"800\" height=\"800\" src=\"https:\/\/dieter-jenz.de\/lc\/wp-content\/uploads\/2024\/07\/Beitragsbild-Was-sind-Nahtoderfahrungen.jpeg\" class=\"attachment-post-thumbnail size-post-thumbnail wp-post-image\" alt=\"Was sind Nahtoderfahrungen - Gestaltung: privat\" \/><\/a>\n\t\t\t\t\t\t\t\t<h2 class=\"su-post-title\"><a href=\"https:\/\/dieter-jenz.de\/lc\/was-sind-nahtoderfahrungenwie-werden-sie-erlebt\/\">Was sind Nahtoderfahrungen? Wie werden sie erlebt?<\/a><\/h2>\n\t\t\t<\/div>\n\n\t\t\t\t\t\n\t\t\t\n\t\t\t<div id=\"su-post-11947\" class=\"su-post \">\n\t\t\t\t\t\t\t\t\t<a class=\"su-post-thumbnail\" href=\"https:\/\/dieter-jenz.de\/lc\/taktile-kommunikation-was-verbirgt-sich-dahinter\/\"><img loading=\"lazy\" decoding=\"async\" width=\"800\" height=\"800\" src=\"https:\/\/dieter-jenz.de\/lc\/wp-content\/uploads\/2024\/07\/Beitragsbild-Taktile-Kommunikation.jpeg\" class=\"attachment-post-thumbnail size-post-thumbnail wp-post-image\" alt=\"Taktile Kommunikation - Gestaltung: privat\" \/><\/a>\n\t\t\t\t\t\t\t\t<h2 class=\"su-post-title\"><a href=\"https:\/\/dieter-jenz.de\/lc\/taktile-kommunikation-was-verbirgt-sich-dahinter\/\">Taktile Kommunikation \u2013 was verbirgt sich dahinter?<\/a><\/h2>\n\t\t\t<\/div>\n\n\t\t\t\t\t\n\t\t\t\n\t\t\t<div id=\"su-post-11943\" class=\"su-post \">\n\t\t\t\t\t\t\t\t\t<a class=\"su-post-thumbnail\" href=\"https:\/\/dieter-jenz.de\/lc\/olfaktorische-kommunikation-was-verbirgt-sich-dahinter\/\"><img loading=\"lazy\" decoding=\"async\" width=\"800\" height=\"800\" src=\"https:\/\/dieter-jenz.de\/lc\/wp-content\/uploads\/2024\/07\/Beitragsbild-Olfaktorische-Kommunikation.jpeg\" class=\"attachment-post-thumbnail size-post-thumbnail wp-post-image\" alt=\"Olfaktorische Kommunikation - Gestaltung: privat\" \/><\/a>\n\t\t\t\t\t\t\t\t<h2 class=\"su-post-title\"><a href=\"https:\/\/dieter-jenz.de\/lc\/olfaktorische-kommunikation-was-verbirgt-sich-dahinter\/\">Olfaktorische Kommunikation \u2013 was verbirgt sich dahinter?<\/a><\/h2>\n\t\t\t<\/div>\n\n\t\t\t\n<\/div>\n  <\/div><div class=\"su-expand-link su-expand-link-more\" style=\"text-align:left\"><a href=\"javascript:;\" style=\"color:#0088FF;border-color:#0088FF\"><span style=\"border-color:#0088FF\">Mehr anzeigen<\/span><\/a><\/div><div class=\"su-expand-link su-expand-link-less\" style=\"text-align:left\"><a href=\"javascript:;\" style=\"color:#0088FF;border-color:#0088FF\"><span style=\"border-color:#0088FF\">Weniger anzeigen<\/span><\/a><\/div><\/div><\/div><\/div>\n\n\n\n<h3 class=\"wp-block-heading\" id=\"unerklarliche-erfahrung\"><strong><strong><strong><strong><strong>Unerkl\u00e4rliche Erfahrung<\/strong><\/strong><\/strong><\/strong><\/strong><\/h3>\n\n\n\n<p>In seinem Buch \u201eNahtod \u2013 Grenzerfahrungen zwischen den Welten\u201c berichtet der Psychiater Bruce Greyson von einer Studentin namens Holly, die einen misslungenen Suizidversuch hinter sich hatte (S.&nbsp;9&nbsp;ff.). Sie hatte eine \u00dcberdosis des Medikaments Elavil eingenommen, ein Medikament, das zur Behandlung von Depressionen eingesetzt wird, jedoch auch gef\u00e4hrliche Herzrhythmusst\u00f6rungen verursachen kann. Die bewusstlose Holly wurde von ihrer Kommilitonin Susan aufgefunden. Bruce Greyson konnte mit Susan am Abend der Einlieferung Hollys in die Klinik sprechen, um Informationen zu gewinnen, die f\u00fcr die weitere Behandlung Hollys hilfreich sein k\u00f6nnten.<\/p>\n\n\n\n<p>Versuche, Holly aus ihrer Bewusstlosigkeit aufzuwecken, schlugen fehl. Erst am n\u00e4chsten Tag erwachte sie aus ihrer Bewusstlosigkeit und war ansprechbar. Als Bruce Greyson ein Gespr\u00e4ch mit ihr f\u00fchren wollte und sich ihr vorstellte, antwortete sie: \u00bb<em>Ich wei\u00df, wer Sie sind. Ich erinnere mich an Sie von letzter Nacht<\/em>.\u00ab Im weiteren Verlauf des Gespr\u00e4chs konnte Holly Einzelheiten der Begegnung zwischen dem Psychiater und ihrer Kommilitonin wiedergeben, so als w\u00e4re sie im Besucherzimmer anwesend gewesen. Sie beschrieb, welche Krawatte er getragen hatte und dass sich darauf ein roter Fleck befand (der Fleck r\u00fchrte von einem Tropfen Spaghettisauce her). Des Weiteren konnte sie den Verlauf des Gespr\u00e4chs mit Susan korrekt wiedergeben und auch weitere Einzelheiten korrekt benennen.<\/p>\n\n\n\n<p>F\u00fcr den Psychiater war v\u00f6llig unerkl\u00e4rlich, wie Holly w\u00e4hrend ihrer Bewusstlosigkeit Zeuge seines Gespr\u00e4chs mit Susan gewesen sein konnte. Sie konnte objektiv von diesem Gespr\u00e4ch keine Kenntnis haben. Die einzig m\u00f6gliche Erkl\u00e4rung bestand darin, dass \u201e<em>der Teil von Holly, der denkt und sieht und h\u00f6rt und sich irgendwie erinnert, ihren K\u00f6rper verlassen und mir den Flur entlang in die Familienlounge gefolgt war und ohne Augen oder Ohren mein Gespr\u00e4ch mit Susan in sich aufgenommen hatte<\/em>.\u201c (S.&nbsp;20). Ihr individuelles Selbst h\u00e4tte in der Tat ihren K\u00f6rper verlassen m\u00fcssen.<\/p>\n\n\n\n<div class=\"wp-block-group\"><div class=\"wp-block-group__inner-container is-layout-constrained wp-block-group-is-layout-constrained\">\n<figure class=\"wp-block-gallery has-nested-images columns-4 is-cropped wp-block-gallery-1 is-layout-flex wp-block-gallery-is-layout-flex\">\n<figure class=\"wp-block-image size-large\"><a href=\"https:\/\/dieter-jenz.de\/lc\/portal-lebensweisheiten\/\" target=\"_blank\" rel=\"noreferrer noopener\"><img loading=\"lazy\" decoding=\"async\" width=\"800\" height=\"800\" data-id=\"10179\" src=\"https:\/\/dieter-jenz.de\/lc\/wp-content\/uploads\/2023\/12\/Lebensweisheiten.jpeg\" alt=\"Lebensweisheiten - Gestaltung: privat\" class=\"wp-image-10179\" srcset=\"https:\/\/dieter-jenz.de\/lc\/wp-content\/uploads\/2023\/12\/Lebensweisheiten.jpeg 800w, https:\/\/dieter-jenz.de\/lc\/wp-content\/uploads\/2023\/12\/Lebensweisheiten-300x300.jpeg 300w, https:\/\/dieter-jenz.de\/lc\/wp-content\/uploads\/2023\/12\/Lebensweisheiten-150x150.jpeg 150w, https:\/\/dieter-jenz.de\/lc\/wp-content\/uploads\/2023\/12\/Lebensweisheiten-768x768.jpeg 768w, https:\/\/dieter-jenz.de\/lc\/wp-content\/uploads\/2023\/12\/Lebensweisheiten-540x540.jpeg 540w\" sizes=\"(max-width: 800px) 100vw, 800px\" \/><\/a><figcaption class=\"wp-element-caption\">Gestaltung: privat<\/figcaption><\/figure>\n\n\n\n<figure class=\"wp-block-image size-large\"><a href=\"https:\/\/dieter-jenz.de\/lc\/portal-evergreen-themen\/\" target=\"_blank\" rel=\"noreferrer noopener\"><img loading=\"lazy\" decoding=\"async\" width=\"800\" height=\"800\" data-id=\"10200\" src=\"https:\/\/dieter-jenz.de\/lc\/wp-content\/uploads\/2023\/12\/Evergreen-Themen.jpeg\" alt=\"Evergreen-Themen - Gestaltung: privat\" class=\"wp-image-10200\" srcset=\"https:\/\/dieter-jenz.de\/lc\/wp-content\/uploads\/2023\/12\/Evergreen-Themen.jpeg 800w, https:\/\/dieter-jenz.de\/lc\/wp-content\/uploads\/2023\/12\/Evergreen-Themen-300x300.jpeg 300w, https:\/\/dieter-jenz.de\/lc\/wp-content\/uploads\/2023\/12\/Evergreen-Themen-150x150.jpeg 150w, https:\/\/dieter-jenz.de\/lc\/wp-content\/uploads\/2023\/12\/Evergreen-Themen-768x768.jpeg 768w, https:\/\/dieter-jenz.de\/lc\/wp-content\/uploads\/2023\/12\/Evergreen-Themen-540x540.jpeg 540w\" sizes=\"(max-width: 800px) 100vw, 800px\" \/><\/a><figcaption class=\"wp-element-caption\">Gestaltung: privat<\/figcaption><\/figure>\n\n\n\n<figure class=\"wp-block-image size-large\"><a href=\"https:\/\/dieter-jenz.de\/lc\/portal-wissensdurst\/\" target=\"_blank\" rel=\"noreferrer noopener\"><img loading=\"lazy\" decoding=\"async\" width=\"800\" height=\"800\" data-id=\"10177\" src=\"https:\/\/dieter-jenz.de\/lc\/wp-content\/uploads\/2023\/12\/Wissensdurst-Blick-durch-den-Tuerspalt.jpeg\" alt=\"Wissensdurst, Blick durch den T\u00fcrspalt - Gestaltung: privat\" class=\"wp-image-10177\" srcset=\"https:\/\/dieter-jenz.de\/lc\/wp-content\/uploads\/2023\/12\/Wissensdurst-Blick-durch-den-Tuerspalt.jpeg 800w, https:\/\/dieter-jenz.de\/lc\/wp-content\/uploads\/2023\/12\/Wissensdurst-Blick-durch-den-Tuerspalt-300x300.jpeg 300w, https:\/\/dieter-jenz.de\/lc\/wp-content\/uploads\/2023\/12\/Wissensdurst-Blick-durch-den-Tuerspalt-150x150.jpeg 150w, https:\/\/dieter-jenz.de\/lc\/wp-content\/uploads\/2023\/12\/Wissensdurst-Blick-durch-den-Tuerspalt-768x768.jpeg 768w, https:\/\/dieter-jenz.de\/lc\/wp-content\/uploads\/2023\/12\/Wissensdurst-Blick-durch-den-Tuerspalt-540x540.jpeg 540w\" sizes=\"(max-width: 800px) 100vw, 800px\" \/><\/a><figcaption class=\"wp-element-caption\">Gestaltung: privat<\/figcaption><\/figure>\n<\/figure>\n<\/div><\/div>\n\n\n\n<p>Aus nachvollziehbaren Gr\u00fcnden erw\u00e4hnte der Psychiater bei Besprechungen im Psychiatrie-Team nicht, dass Holly alle Einzelheiten seines Gespr\u00e4chs mit ihrer Kommilitonin mitverfolgt hatte. Er erz\u00e4hlte sogar nicht einmal seiner Frau davon. Die Sorge, sich der L\u00e4cherlichkeit preiszugeben, war zu gro\u00df. Erst die sp\u00e4tere Begegnung mit Raymond Moody, der in seinem Buch \u201eLife After Life\u201c (in Deutschland \u201eLeben nach dem Tod\u201c) den Begriff \u201eNahtoderfahrung\u201c verwendete und viele Briefe von Lesern erhielt, die derartige Erfahrungen gemacht hatten, bewog ihn dazu, sich eingehend mit Nahtoderfahrungen zu besch\u00e4ftigen.<\/p>\n\n\n\n<p>Holly war Bruce Greysons erste Patientin, die eine Nahtoderfahrung erlebte. Bei seinen Recherchen stie\u00df er auf viele weitere Berichte \u00fcber Nahtoderfahrungen, die teilweise zeitlich weit zur\u00fcckreichten, unter anderem auch auf das Werk des Schweizer Geologen Albert Heim. Dieser hatte bei einem Absturz eine Nahtoderfahrung selbst erlebt und in der Folge Berichte von Bergsteigern gesammelt, die potenziell t\u00f6dliche Bergunf\u00e4lle \u00fcberlebt hatten. Nach rund 25 Jahren Forschung zum Ph\u00e4nomen der Nahtoderfahrung machte er am 28. Februar 1892 seine Ergebnisse in einem Vortrag bekannt und ver\u00f6ffentlichte die erste gro\u00dfe Sammlung von Nahtoderfahrungen im Jahrbuch des Schweizer Alpenclub. Albert Heim wird heute der Beginn wissenschaftlicher Untersuchungen \u00fcber Nahtoderfahrungen zugeschrieben.<\/p>\n\n\n\n<h3 class=\"wp-block-heading\" id=\"beginn-dauer-und-ende-von-nahtoderfahrungen\"><strong><strong><strong>Beginn, Dauer und Ende von Nahtoderfahrungen<\/strong><\/strong><\/strong><\/h3>\n\n\n\n<p>Es l\u00e4sst sich nicht konkret erschlie\u00dfen, wann eine Nahtoderfahrung beginnt. M\u00f6gliche Zeitpunkte w\u00e4ren der Eintritt der Bewusstlosigkeit oder ein beliebiger Zeitpunkt zwischen Eintritt der Bewusstlosigkeit und Wiedererlangung des Bewusstseins.<\/p>\n\n\n\n<p>Als Ausl\u00f6ser f\u00fcr eine Nahtoderfahrung scheint in erster Linie ein akuter Sauerstoffmangel im Gehirn infrage zu kommen. Dies ist insbesondere nach einem Herzstillstand der Fall. Allerdings scheint Sauerstoffmangel nicht der einzige Ausl\u00f6ser zu sein. Das Gehirn von Holly wurde mit Sauerstoff versorgt und trotzdem erlebte sie eine Nahtoderfahrung. Allerdings kann es auch vorkommen, dass eine Nahtoderfahrung pl\u00f6tzlich und ohne besonderen Gef\u00e4hrdungsanlass im Alltag erlebt wird. Letzten Endes l\u00e4sst sich keine gesicherte Aussage treffen.<\/p>\n\n\n\n<p>W\u00e4hrend des Erlebens einer Nahtoderfahrung ver\u00e4ndert sich die Zeitwahrnehmung. Vergangenheit, Gegenwart und Zukunft scheinen miteinander zu verschmelzen. Das individuelle Selbst unterliegt nicht der Bewusstlosigkeit, sondern scheint sich im \u201eonline\u201c-Zustand zu befinden, anders als das im \u201eoffline\u201c-Zustand befindliche Gehirn der bewusstlosen Person. Der Erlebnishorizont des individuellen Selbst scheint wesentlich weiter gespannt. Es wird geschildert, dass gewisserma\u00dfen \u201ealles\u201c verstanden werden kann, dass T\u00f6ne und Farben wahrgenommen werden k\u00f6nnen, die im Diesseits v\u00f6llig unbekannt sind, und dass eine telepathische Kommunikation mit Geistwesen m\u00f6glich ist.<\/p>\n\n\n\n<p>Wie lange die Erlebnisphase andauert l\u00e4sst sich ebenfalls nicht konkret erschlie\u00dfen. Sie kann wenige Minuten dauern oder auch nur wenige Sekunden. Die maximale Dauer der Erlebnisphase wird durch die Zeit zwischen Beginn der Nahtoderfahrung und Wiederlangen des Bewusstseins bestimmt. Dies gilt unabh\u00e4ngig davon, ob das Gehirn mit Sauerstoff versorgt wird oder nicht. Wird das Gehirn nicht mit Sauerstoff versorgt, bleiben maximal etwa zehn Minuten, bis Gehirnzellen irreversibel gesch\u00e4digt werden und absterben. Damit nicht mit dem unumkehrbaren Ausfall aller Hirnfunktionen der Hirntod eintritt, muss das Gehirn also rechtzeitig wieder mit sauerstoffreichem Blut versorgt werden.<\/p>\n\n\n\n<p>Das zeitlich sp\u00e4teste Ende einer Nahtoderfahrung entspricht dem Zeitpunkt der Wiedererlangung des Bewusstseins. Ob eine Nahtoderfahrung schon vorher endet, muss offenbleiben. Aus Sicht der erlebenden Person endet sie mit der wahrgenommenen R\u00fcckkehr in den physischen K\u00f6rper.<\/p>\n\n\n<div class=\"su-box su-box-style-default\" id=\"\" style=\"border-color:#000000;border-radius:3px;\"><div class=\"su-box-title\" style=\"background-color:#333333;color:#FFFFFF;border-top-left-radius:1px;border-top-right-radius:1px\">Weitere Informationen und Ressourcen <\/div><div class=\"su-box-content su-u-clearfix su-u-trim\" style=\"border-bottom-left-radius:1px;border-bottom-right-radius:1px\"> <div class=\"su-list\" style=\"margin-left:0px\"> <\/p>\n<ul>\n<li><i class=\"sui sui-info-circle\" style=\"color:#333\"><\/i> <a href=\"https:\/\/dieter-jenz.de\/lc\/ausgangssituation-ziel-vorgehensweise-aktueller-stand\/\" title=\"Ausgangssituation, Ziel, Vorgehensweise\" target=\"_blank\" rel=\"\" class=\"\">Ausgangssituation, Ziel, Vorgehensweise, aktueller Stand<\/a> <\/li>\n<\/ul>\n<p> <\/div> <div class=\"su-list\" style=\"margin-left:0px\"> <\/p>\n<ul>\n<li><i class=\"sui sui-info-circle\" style=\"color:#333\"><\/i> <a href=\"https:\/\/dieter-jenz.de\/lc\/was-kommt-nach-dem-tod-erstes-zwischenfazit\/\" title=\"Erstes Zwischenfazit\" target=\"_blank\" rel=\"\" class=\"\">Was kommt nach dem Tod? &#8211; Erstes Zwischenfazit<\/a> <\/li>\n<\/ul>\n<p> <\/div> <div class=\"su-list\" style=\"margin-left:0px\"> <\/p>\n<ul>\n<li><i class=\"sui sui-info-circle\" style=\"color:#333\"><\/i> <a href=\"https:\/\/dieter-jenz.de\/lc\/ressourcen-wie-geht-es-nach-dem-tod-weiter\/\" title=\"Literatur und sonstige Ressourcen\" target=\"_blank\" rel=\"\" class=\"\">Literatur und sonstige Ressourcen<\/a> <\/li>\n<\/ul>\n<p> <\/div> <div class=\"su-list\" style=\"margin-left:0px\"> <\/p>\n<ul>\n<li><i class=\"sui sui-info-circle\" style=\"color:#333\"><\/i> <a href=\"https:\/\/dieter-jenz.de\/lc\/glossar-begriffe-transzendenzerfahrungen-lebensfragen\/\" title=\"Glossar der Begriffe zu Transzendenzerfahrungen\" target=\"_blank\" rel=\"\" class=\"\">Glossar der Begriffe im Kontext von Transzendenzerfahrungen<\/a> <\/li>\n<\/ul>\n<p> <\/div> <div class=\"su-list\" style=\"margin-left:0px\"> <\/p>\n<ul>\n<li><i class=\"sui sui-info-circle\" style=\"color:#333\"><\/i> <a href=\"https:\/\/dieter-jenz.de\/lc\/faq-haeufig-gestellte-fragen-was-kommt-nach-dem-tod\/\" title=\"FAQ (H\u00e4ufig gestellte Fragen)\" target=\"_blank\" rel=\"\" class=\"\">H\u00e4ufig gestellte Fragen (FAQ) &#8211; Was kommt nach dem Tod?<\/a> <\/li>\n<\/ul>\n<p> <\/div>   <\/div><\/div>\n\n\n\n<h3 class=\"wp-block-heading\" id=\"typische-elemente-von-nahtoderfahrungen\"><strong>Typische Elemente von Nahtoderfahrungen<\/strong><\/h3>\n\n\n\n<p>Im Lauf der Zeit wurden viele anekdotische Schilderungen von Nahtoderfahrungen gesammelt und ausgewertet. Es zeigte sich, dass manche Erfahrungsinhalte gewisserma\u00dfen als Elemente von Nahtoderfahrungen \u00f6fters wiederkehrten. Einige dieser Elemente werden kurz skizziert. Eine Nahtoderfahrung kann, muss jedoch nicht eine oder mehrere dieser Elemente beinhalten. Jede Nahtoderfahrung wird individuell und subjektiv wahrgenommen. In der Konsequenz kann nicht von einer Standard-Nahtoderfahrung gesprochen werden.<\/p>\n\n\n\n<p>Erlebenden Personen f\u00e4llt es h\u00e4ufig schwer, ihre Erfahrungen in Worte zu kleiden. Die damit verbundenen Wahrnehmungen reichen schlie\u00dflich \u00fcber die im intrauniversalen Existenzraum, dem Diesseits, bekannten Wahrnehmungsm\u00f6glichkeiten weit hinaus.<\/p>\n\n\n\n<h4 class=\"wp-block-heading\" id=\"au\u00dferkorperliche-erfahrung\"><strong><strong><strong><strong><strong><strong>Au\u00dferk\u00f6rperliche Erfahrung<\/strong><\/strong><\/strong><\/strong><\/strong><\/strong><\/h4>\n\n\n\n<p>Viele Menschen berichten von einer au\u00dferk\u00f6rperlichen Erfahrung: Sie nehmen ihren physischen K\u00f6rper aus einer gewissen Distanz wahr. Wird die Nahtoderfahrung beispielsweise w\u00e4hrend einer Operation erlebt, kann die erlebende Person, gewisserma\u00dfen an der Raumdecke schwebend, ihren physischen K\u00f6rper von oben betrachten. Gleichzeitig kann sie auch, obwohl bewusstlos, die medizinischen Fachpersonen sehen und ihnen zuh\u00f6ren, w\u00e4hrend sich diese um die Wiederbelebung bem\u00fchen.<\/p>\n\n\n\n<p>Mit der au\u00dferk\u00f6rperlichen Erfahrung kann eine \u201eTunnelerfahrung\u201c einhergehen. Die Bezeichnung \u201eTunnel\u201c steht sinnbildlich f\u00fcr eine Enge, durch die ein Mensch hindurchgef\u00fchrt oder \u2011gezogen wird. Auch \u201eH\u00f6hle\u201c, \u201eR\u00f6hre\u201c oder \u201eBrunnenschacht\u201c sind Begriffe, mit denen diese Erfahrung ausgedr\u00fcckt wird. Am Ende des Tunnels bzw. in der Ferne wird oft ein \u00fcberaus helles Licht wahrgenommen, zu dem die erlebende Person hingezogen wird.<\/p>\n\n\n\n<p>Stellvertretend f\u00fcr viele andere Schilderungen sei eine Erfahrung von Bill Hernlund wiedergegeben, die dieser im Jahr 1970 erlebte (\u201eNahtod \u2013 Grenzerfahrungen zwischen den Welten\u201c, S.&nbsp;49): \u201e<em>Das Licht zog mich magisch an. Ich bewegte mich au\u00dfergew\u00f6hnlich schnell durch den Tunnel, und es dauerte \u00fcberhaupt keine Zeit anzukommen. Die Zeit schien dort, wo immer \u203adort\u2039 auch war, anders zu sein oder gar nicht zu existieren. Das Licht ging von einem Wesen aus, das als Teil seiner Essenz ein sehr hell strahlendes Licht ausstrahlte<\/em>.\u201c<\/p>\n\n\n\n<p>W\u00e4hrend einer au\u00dferk\u00f6rperlichen Erfahrung wird das individuelle Selbst als vom physischen K\u00f6rper getrennt und unabh\u00e4ngig wahrgenommen. Die menschlichen Sinne (Sehen, H\u00f6ren usw.) werden als uneingeschr\u00e4nkt funktionsf\u00e4hig und aktiv wahrgenommen. Das Denkverm\u00f6gen wird sogar als weitaus intensiver und umfassender empfunden.<\/p>\n\n\n\n<div class=\"wp-block-media-text is-stacked-on-mobile\" style=\"grid-template-columns:25% auto\"><figure class=\"wp-block-media-text__media\"><a href=\"https:\/\/dieter-jenz.de\/lc\/berichte-individueller-nahtoderfahrungen\/\" target=\"_blank\" rel=\"noreferrer noopener\"><img loading=\"lazy\" decoding=\"async\" width=\"800\" height=\"800\" src=\"https:\/\/dieter-jenz.de\/lc\/wp-content\/uploads\/2022\/05\/Beitragsbild-Berichte-individueller-Nahtoderfahrungen.jpeg\" alt=\"Berichte individueller Nahtoderfahrungen - Gestaltung: privat\" class=\"wp-image-7132 size-full\" srcset=\"https:\/\/dieter-jenz.de\/lc\/wp-content\/uploads\/2022\/05\/Beitragsbild-Berichte-individueller-Nahtoderfahrungen.jpeg 800w, https:\/\/dieter-jenz.de\/lc\/wp-content\/uploads\/2022\/05\/Beitragsbild-Berichte-individueller-Nahtoderfahrungen-300x300.jpeg 300w, https:\/\/dieter-jenz.de\/lc\/wp-content\/uploads\/2022\/05\/Beitragsbild-Berichte-individueller-Nahtoderfahrungen-150x150.jpeg 150w, https:\/\/dieter-jenz.de\/lc\/wp-content\/uploads\/2022\/05\/Beitragsbild-Berichte-individueller-Nahtoderfahrungen-768x768.jpeg 768w, https:\/\/dieter-jenz.de\/lc\/wp-content\/uploads\/2022\/05\/Beitragsbild-Berichte-individueller-Nahtoderfahrungen-540x540.jpeg 540w\" sizes=\"(max-width: 800px) 100vw, 800px\" \/><\/a><\/figure><div class=\"wp-block-media-text__content\">\n<p><strong>Auch interessant:<\/strong><\/p>\n\n\n\n<p><a href=\"https:\/\/dieter-jenz.de\/lc\/berichte-individueller-nahtoderfahrungen\/\" target=\"_blank\" rel=\"noreferrer noopener\">Berichte individueller Nahtoderfahrungen<\/a><\/p>\n<\/div><\/div>\n\n\n\n<h4 class=\"wp-block-heading\" id=\"lebensruckschau\"><strong><strong><strong><strong>Lebensr\u00fcckschau<\/strong><\/strong><\/strong><\/strong><\/h4>\n\n\n\n<p>Die Lebensr\u00fcckschau ist ebenfalls ein h\u00e4ufig berichtetes Element einer Nahtoderfahrung. Szenen aus der Vergangenheit der erlebenden Person laufen gewisserma\u00dfen als Film vor ihr ab. Diese Episoden aus dem bisherigen Leben k\u00f6nnen vom Babyalter bis hinein in die j\u00fcngste Vergangenheit reichen. Die Lebensr\u00fcckschau kann auch scheinbar l\u00e4ngst vergessene Einzelheiten zu Menschen, Dingen und Zust\u00e4nden wieder in die Erinnerung zur\u00fcckrufen.<\/p>\n\n\n\n<p>Oft wird davon berichtet, dass Episoden aus dem bisherigen Leben nicht nur aus der eigenen Perspektive, sondern auch aus der Perspektive von in der Episode beteiligten Menschen erlebt werden. Wenn beispielsweise einer anderen Person Unrecht angetan wurde, kann auch gewisserma\u00dfen nachempfunden werden, was das Unrecht bei der betroffenen Person bewirkte, was sie in der Situation f\u00fchlte und empfand.<\/p>\n\n\n\n<p>In \u201eBeweise f\u00fcr ein Leben nach dem Tod\u201c wird die Lebensr\u00fcckschau einer Frau namens Lisa geschildert (S.&nbsp;174&nbsp;f.), die hier beispielhaft und stellvertretend f\u00fcr viele \u00e4hnlich gelagerte Schilderungen wiedergegeben wird: \u201e<em>Das Lichtwesen wusste alles \u00fcber mich. Es wusste alles, was ich je gedacht, gesagt oder getan hatte und es zeigte mir mein ganzes Leben in einem einzigen kurzen Augenblick. Alle Einzelheiten meines Lebens wurden mir gezeigt, sowohl das, was ich bereits erlebt hatte, als auch alles, was ich noch vor mir h\u00e4tte, wenn ich auf die Erde zur\u00fcckkehren w\u00fcrde. Alles war zugleich da, alle Einzelheiten und alle Zusammenh\u00e4nge von Ursache und Wirkung in meinem Leben, alles, was gut oder negativ gewesen war, alle Folgen, die mein Erdenleben f\u00fcr andere gehabt hatte, und auch alle Folgen, die das Leben anderer, die mit mir in Ber\u00fchrung gekommen waren, f\u00fcr mich gehabt hatte<\/em>.\u201c<\/p>\n\n\n\n<p>Typischerweise wird die Lebensr\u00fcckschau von einem Geistwesen, oft als Gott erkannt, gewisserma\u00dfen moderiert. Das Geistwesen stellt mittels telepathischer Kommunikation Fragen, wie beispielsweise \u201eWie denkst du \u00fcber dein Leben?\u201c oder \u201eWie bist du mit anderen Menschen umgegangen?\u201c.<\/p>\n\n\n\n<p>In der Lebensr\u00fcckschau beurteilt die erlebende Person sich selbst und spricht \u00fcber ihr bisheriges Leben im Diesseits selbst das Urteil. Vor dem Hintergrund der multiperspektivischen Betrachtung scheint keine Unklarheit dar\u00fcber zu bestehen, was \u201erichtig\u201c bzw. \u201egut\u201c und was \u201efalsch\u201c bzw. \u201eb\u00f6se\u201c war.<\/p>\n\n\n\n<div class=\"wp-block-media-text is-stacked-on-mobile is-vertically-aligned-center\" style=\"grid-template-columns:25% auto\"><figure class=\"wp-block-media-text__media\"><a href=\"https:\/\/dieter-jenz.de\/lc\/transzendenzerfahrungen-ein-vergleichender-ueberblick\/\" target=\"_blank\" rel=\"noreferrer noopener\"><img loading=\"lazy\" decoding=\"async\" width=\"800\" height=\"800\" src=\"https:\/\/dieter-jenz.de\/lc\/wp-content\/uploads\/2024\/03\/Beitragsbild-Transzendenzerfahrungen-vergleichender-Ueberblick.jpeg\" alt=\"Transzendenzerfahrungen, vergleichender \u00dcberblick - Gestaltung: privat\" class=\"wp-image-11397 size-full\" srcset=\"https:\/\/dieter-jenz.de\/lc\/wp-content\/uploads\/2024\/03\/Beitragsbild-Transzendenzerfahrungen-vergleichender-Ueberblick.jpeg 800w, https:\/\/dieter-jenz.de\/lc\/wp-content\/uploads\/2024\/03\/Beitragsbild-Transzendenzerfahrungen-vergleichender-Ueberblick-300x300.jpeg 300w, https:\/\/dieter-jenz.de\/lc\/wp-content\/uploads\/2024\/03\/Beitragsbild-Transzendenzerfahrungen-vergleichender-Ueberblick-150x150.jpeg 150w, https:\/\/dieter-jenz.de\/lc\/wp-content\/uploads\/2024\/03\/Beitragsbild-Transzendenzerfahrungen-vergleichender-Ueberblick-768x768.jpeg 768w, https:\/\/dieter-jenz.de\/lc\/wp-content\/uploads\/2024\/03\/Beitragsbild-Transzendenzerfahrungen-vergleichender-Ueberblick-540x540.jpeg 540w\" sizes=\"(max-width: 800px) 100vw, 800px\" \/><\/a><\/figure><div class=\"wp-block-media-text__content\">\n<p><strong>Auch interessant:<\/strong><\/p>\n\n\n\n<p><a href=\"https:\/\/dieter-jenz.de\/lc\/transzendenzerfahrungen-ein-vergleichender-ueberblick\/\" target=\"_blank\" rel=\"noreferrer noopener\">Transzendenzerfahrungen &#8211; ein vergleichender \u00dcberblick<\/a><\/p>\n<\/div><\/div>\n\n\n\n<h4 class=\"wp-block-heading\" id=\"begegnungen-mit-geistwesen\"><strong><strong><strong><strong>Begegnungen mit Geistwesen<\/strong><\/strong><\/strong><\/strong><\/h4>\n\n\n\n<p>W\u00e4hrend einer Nahtoderfahrung wird oft auch das Hineinbewegen in einen extrauniversalen Existenzraum wahrgenommen. In diesem Existenzraum begegnet die erlebende Person Geistwesen, wobei es sich sowohl um allochthone Geistwesen (bereits verstorbene Menschen) als auch um autochthone Geistwesen (z.&nbsp;B.&nbsp;Engel) handeln kann.<\/p>\n\n\n\n<p>Typischerweise werden Begegnungen mit Verstorbenen erlebt, zu denen w\u00e4hrend deren Lebenszeit im Diesseits eine positive emotionale Beziehung bestand. Meist sind es Familienmitglieder, die problemlos wiedererkannt werden. Aber auch vor Geburt der erlebenden Person verstorbene Familienmitglieder werden nicht selten erkannt. Manchmal geschieht dies auch erst nach der Nachtoderfahrung \u00fcber Fotos, beispielsweise in einem Album.<\/p>\n\n\n\n<p>Erlebende Personen nehmen oft eine freudige Begr\u00fc\u00dfung durch die bereits Verstorbenen wahr. W\u00e4hrend der Begegnung kann sich auch eine regelrechte Unterhaltung in Form telepathischer Kommunikation entspinnen.<\/p>\n\n\n\n<p>Oft wird von der erlebenden Person eine Grenze wahrgenommen, die nicht \u00fcberschritten werden kann oder darf. W\u00fcrde dies geschehen, h\u00e4tte dies den physischen Tod zur Folge. Der erlebenden Person wird zu verstehen gegeben, dass daf\u00fcr die Zeit noch nicht gekommen sei. Dies kann durch ein autochthones oder allochthones Geistwesen geschehen, da &#8211; wie sich aus Schilderungen ableiten l\u00e4sst -, aus dem Blickwinkel des extrauniversalen Existenzraums, des Jenseits, keine Trennung von Vergangenheit, Gegenwart und Zukunft besteht.<\/p>\n\n\n\n<p>Die anekdotische Schilderung von Anitta (\u201eBeweise f\u00fcr ein Leben nach dem Tod\u201c, S.&nbsp;184) bietet beispielhaft einen Einblick: \u201e<em>Dann sah ich meinen Vater. Er sah genauso aus wie zu Lebzeiten. Er sagte zu mir<\/em>: \u00bb<em>Komm her, hier ist gut leben<\/em>.\u00ab <em>Ich wollte zu ihm hinlaufen, aber ich konnte nicht, denn zwischen uns war eine Grenze. Ich kann diese Grenze nicht beschreiben. Sie war wie eine Wand, durch die ich hindurchsehen konnte. Dann h\u00f6rte ich eine dunkle Stimme. Es war, als k\u00e4me sie von \u00fcberallher, und sie fragte<\/em>: \u00bb<em>Wer?<\/em>\u00ab <em>Ich war gemeint. Und dann kamen die Worte<\/em>: \u00bb<em>Noch nicht<\/em>.\u00ab \u2026 <em>Dann wurde ich gezwungen zur\u00fcckzukehren, was ich aber nicht wollte, weil ich mich dort so wohl gef\u00fchlt habe. Wieder war ich im Tunnel und flog sehr schnell zur\u00fcck. Zugleich kehrte auch der Schmerz in meinem R\u00fccken wieder. Ich schrie<\/em>: \u00bb<em>Nein, nein<\/em>\u00ab, <em>als ich wieder zu Bewusstsein kam. Danach hatte ich noch tagelang ein seltsames Gef\u00fchl: Wo bin ich? Und mein Vater, den ich gesehen hatte, fehlte mir sehr.<\/em>\u201c<\/p>\n\n\n\n<div class=\"wp-block-group\"><div class=\"wp-block-group__inner-container is-layout-constrained wp-block-group-is-layout-constrained\">\n<div class=\"wp-block-group has-background\" style=\"background:radial-gradient(rgba(252,185,0,0.25) 0%,rgba(255,106,0,0.11) 100%)\"><div class=\"wp-block-group__inner-container is-layout-constrained wp-block-group-is-layout-constrained\">\n<p><strong>Gutes und Sinnvolles  tun &#8211; ganz praktisch<\/strong><\/p>\n\n\n<div class=\"wp-block-image\">\n<figure class=\"aligncenter size-full is-resized\"><a href=\"https:\/\/dieter-jenz.de\/lc\/gutes-tun-ganz-praktisch\/\" target=\"_blank\" rel=\"noreferrer noopener\"><img loading=\"lazy\" decoding=\"async\" width=\"600\" height=\"450\" src=\"https:\/\/dieter-jenz.de\/lc\/wp-content\/uploads\/2023\/11\/Geschenk-mit-Text.jpeg\" alt=\"Geschenk mit Text - Gestaltung: privat\" class=\"wp-image-9969\" style=\"width:300px\" srcset=\"https:\/\/dieter-jenz.de\/lc\/wp-content\/uploads\/2023\/11\/Geschenk-mit-Text.jpeg 600w, https:\/\/dieter-jenz.de\/lc\/wp-content\/uploads\/2023\/11\/Geschenk-mit-Text-300x225.jpeg 300w, https:\/\/dieter-jenz.de\/lc\/wp-content\/uploads\/2023\/11\/Geschenk-mit-Text-540x405.jpeg 540w, https:\/\/dieter-jenz.de\/lc\/wp-content\/uploads\/2023\/11\/Geschenk-mit-Text-150x113.jpeg 150w\" sizes=\"(max-width: 600px) 100vw, 600px\" \/><\/a><figcaption class=\"wp-element-caption\">Gestaltung: privat<\/figcaption><\/figure><\/div>\n\n\n<p>Mit einem Klick auf das Bild gelangen Sie zum zugeh\u00f6rigen Text.<\/p>\n<\/div><\/div>\n<\/div><\/div>\n\n\n\n<h3 class=\"wp-block-heading\" id=\"individualitat-der-erfahrungen\"><strong><strong>Individualit\u00e4t der Erfahrungen<\/strong><\/strong><\/h3>\n\n\n\n<p>Jede Nahtoderfahrung hat ihren ganz individuellen Charakter. Deshalb kann nicht von einer \u201eStandard-Nahtoderfahrung\u201c gesprochen werden. Manche der erlebenden Personen berichten von einem \u201eTunnelerlebnis\u201c, manche nicht. Manche nehmen ein helles Licht, viel heller als die Sonne, wahr, manche nicht. Und manche erleben eine Lebensr\u00fcckschau, manche nicht. Jedenfalls erlebt nicht jede Person unbedingt s\u00e4mtliche Elemente einer Nahtoderfahrung.<\/p>\n\n\n\n<p>Leider enthalten die vielen in der Literatur dokumentierten anekdotischen Schilderungen von Nahtoderfahrungen keine weiteren Informationen zu den Lebenshintergr\u00fcnden der erlebenden Personen. W\u00e4ren derartige Informationen verf\u00fcgbar (beispielsweise zur Beziehung zwischen der erlebenden Person und der bzw. den bereits Verstorbenen, denen sie w\u00e4hrend ihrer Nahtoderfahrung begegnet), lie\u00dfen sich wahrscheinlich weitergehende Schl\u00fcsse ziehen.<\/p>\n\n\n\n<p>Das Bewusstsein, als Individuum eine Nahtoderfahrung zu erleben, ist in jedem Fall vorhanden: \u201eIch bin es, der bzw. die diese Erfahrung macht und das alles erlebt.\u201c Nach der wahrgenommenen \u201eR\u00fcckkehr\u201c und dem Wiedererlangen des Bewusstseins bleibt die Erinnerung an die Nahtoderfahrung erhalten.<\/p>\n","protected":false},"excerpt":{"rendered":"<p>Was sind Nahtoderfahrungen und wie werden sie erlebt? Erlauben sie einen Blick hinter den Vorhang des Diesseits, in das Jenseits? Als Nahtoderfahrung (NTE) oder Nahtoderlebnis wird eine subjektive&hellip;<\/p>\n","protected":false},"author":2,"featured_media":11989,"comment_status":"closed","ping_status":"open","sticky":false,"template":"template-full-width-only-content.php","format":"standard","meta":{"footnotes":""},"categories":[212],"tags":[],"yoast_head":"<!-- This site is optimized with the Yoast SEO plugin v24.5 - https:\/\/yoast.com\/wordpress\/plugins\/seo\/ -->\n<title>Was sind Nahtoderfahrungen? Wie werden sie erlebt?<\/title>\n<meta name=\"description\" content=\"Was sind Nahtoderfahrungen und wie werden sie erlebt? Erlauben sie einen Blick hinter den Vorhang des Diesseits, in das Jenseits?\" \/>\n<meta name=\"robots\" content=\"index, follow, max-snippet:-1, max-image-preview:large, max-video-preview:-1\" \/>\n<link rel=\"canonical\" href=\"https:\/\/dieter-jenz.de\/lc\/was-sind-nahtoderfahrungenwie-werden-sie-erlebt\/\" \/>\n<meta property=\"og:locale\" content=\"de_DE\" \/>\n<meta property=\"og:type\" content=\"article\" \/>\n<meta property=\"og:title\" content=\"Was sind Nahtoderfahrungen? Wie werden sie erlebt?\" \/>\n<meta property=\"og:description\" content=\"Was sind Nahtoderfahrungen und wie werden sie erlebt? Erlauben sie einen Blick hinter den Vorhang des Diesseits, in das Jenseits?\" \/>\n<meta property=\"og:url\" content=\"https:\/\/dieter-jenz.de\/lc\/was-sind-nahtoderfahrungenwie-werden-sie-erlebt\/\" \/>\n<meta property=\"og:site_name\" content=\"Dieter Jenz, Begleitung und Coaching\" \/>\n<meta property=\"article:publisher\" content=\"https:\/\/www.facebook.com\/dieter.jenz.inspiration\" \/>\n<meta property=\"article:author\" content=\"https:\/\/www.facebook.com\/dieter.jenz.inspiration\" \/>\n<meta property=\"article:published_time\" content=\"2024-07-22T08:00:00+00:00\" \/>\n<meta property=\"article:modified_time\" content=\"2024-07-22T09:38:53+00:00\" \/>\n<meta property=\"og:image\" content=\"https:\/\/dieter-jenz.de\/lc\/wp-content\/uploads\/2024\/07\/Beitragsbild-Was-sind-Nahtoderfahrungen.jpeg\" \/>\n\t<meta property=\"og:image:width\" content=\"800\" \/>\n\t<meta property=\"og:image:height\" content=\"800\" \/>\n\t<meta property=\"og:image:type\" content=\"image\/jpeg\" \/>\n<meta name=\"author\" content=\"Dieter Jenz\" \/>\n<meta name=\"twitter:card\" content=\"summary_large_image\" \/>\n<meta name=\"twitter:creator\" content=\"@https:\/\/twitter.com\/dieterjenz\" \/>\n<meta name=\"twitter:site\" content=\"@dieterjenz\" \/>\n<meta name=\"twitter:label1\" content=\"Verfasst von\" \/>\n\t<meta name=\"twitter:data1\" content=\"Dieter Jenz\" \/>\n\t<meta name=\"twitter:label2\" content=\"Gesch\u00e4tzte Lesezeit\" \/>\n\t<meta name=\"twitter:data2\" content=\"14\u00a0Minuten\" \/>\n<script type=\"application\/ld+json\" class=\"yoast-schema-graph\">{\"@context\":\"https:\/\/schema.org\",\"@graph\":[{\"@type\":\"Article\",\"@id\":\"https:\/\/dieter-jenz.de\/lc\/was-sind-nahtoderfahrungenwie-werden-sie-erlebt\/#article\",\"isPartOf\":{\"@id\":\"https:\/\/dieter-jenz.de\/lc\/was-sind-nahtoderfahrungenwie-werden-sie-erlebt\/\"},\"author\":{\"name\":\"Dieter Jenz\",\"@id\":\"https:\/\/dieter-jenz.de\/lc\/#\/schema\/person\/618cfd5c289d0a23930cb258a43679ab\"},\"headline\":\"Was sind Nahtoderfahrungen? Wie werden sie erlebt?\",\"datePublished\":\"2024-07-22T08:00:00+00:00\",\"dateModified\":\"2024-07-22T09:38:53+00:00\",\"mainEntityOfPage\":{\"@id\":\"https:\/\/dieter-jenz.de\/lc\/was-sind-nahtoderfahrungenwie-werden-sie-erlebt\/\"},\"wordCount\":2293,\"publisher\":{\"@id\":\"https:\/\/dieter-jenz.de\/lc\/#\/schema\/person\/618cfd5c289d0a23930cb258a43679ab\"},\"image\":{\"@id\":\"https:\/\/dieter-jenz.de\/lc\/was-sind-nahtoderfahrungenwie-werden-sie-erlebt\/#primaryimage\"},\"thumbnailUrl\":\"https:\/\/dieter-jenz.de\/lc\/wp-content\/uploads\/2024\/07\/Beitragsbild-Was-sind-Nahtoderfahrungen.jpeg\",\"articleSection\":[\"Lebensfragen\"],\"inLanguage\":\"de\"},{\"@type\":\"WebPage\",\"@id\":\"https:\/\/dieter-jenz.de\/lc\/was-sind-nahtoderfahrungenwie-werden-sie-erlebt\/\",\"url\":\"https:\/\/dieter-jenz.de\/lc\/was-sind-nahtoderfahrungenwie-werden-sie-erlebt\/\",\"name\":\"Was sind Nahtoderfahrungen? Wie werden sie erlebt?\",\"isPartOf\":{\"@id\":\"https:\/\/dieter-jenz.de\/lc\/#website\"},\"primaryImageOfPage\":{\"@id\":\"https:\/\/dieter-jenz.de\/lc\/was-sind-nahtoderfahrungenwie-werden-sie-erlebt\/#primaryimage\"},\"image\":{\"@id\":\"https:\/\/dieter-jenz.de\/lc\/was-sind-nahtoderfahrungenwie-werden-sie-erlebt\/#primaryimage\"},\"thumbnailUrl\":\"https:\/\/dieter-jenz.de\/lc\/wp-content\/uploads\/2024\/07\/Beitragsbild-Was-sind-Nahtoderfahrungen.jpeg\",\"datePublished\":\"2024-07-22T08:00:00+00:00\",\"dateModified\":\"2024-07-22T09:38:53+00:00\",\"description\":\"Was sind Nahtoderfahrungen und wie werden sie erlebt? Erlauben sie einen Blick hinter den Vorhang des Diesseits, in das Jenseits?\",\"breadcrumb\":{\"@id\":\"https:\/\/dieter-jenz.de\/lc\/was-sind-nahtoderfahrungenwie-werden-sie-erlebt\/#breadcrumb\"},\"inLanguage\":\"de\",\"potentialAction\":[{\"@type\":\"ReadAction\",\"target\":[\"https:\/\/dieter-jenz.de\/lc\/was-sind-nahtoderfahrungenwie-werden-sie-erlebt\/\"]}]},{\"@type\":\"ImageObject\",\"inLanguage\":\"de\",\"@id\":\"https:\/\/dieter-jenz.de\/lc\/was-sind-nahtoderfahrungenwie-werden-sie-erlebt\/#primaryimage\",\"url\":\"https:\/\/dieter-jenz.de\/lc\/wp-content\/uploads\/2024\/07\/Beitragsbild-Was-sind-Nahtoderfahrungen.jpeg\",\"contentUrl\":\"https:\/\/dieter-jenz.de\/lc\/wp-content\/uploads\/2024\/07\/Beitragsbild-Was-sind-Nahtoderfahrungen.jpeg\",\"width\":800,\"height\":800,\"caption\":\"Gestaltung: privat\"},{\"@type\":\"BreadcrumbList\",\"@id\":\"https:\/\/dieter-jenz.de\/lc\/was-sind-nahtoderfahrungenwie-werden-sie-erlebt\/#breadcrumb\",\"itemListElement\":[{\"@type\":\"ListItem\",\"position\":1,\"name\":\"Home\",\"item\":\"https:\/\/dieter-jenz.de\/lc\/\"},{\"@type\":\"ListItem\",\"position\":2,\"name\":\"Lebensfragen\",\"item\":\"https:\/\/dieter-jenz.de\/lc\/category\/lebensfragen\/\"},{\"@type\":\"ListItem\",\"position\":3,\"name\":\"Was sind Nahtoderfahrungen? Wie werden sie erlebt?\"}]},{\"@type\":\"WebSite\",\"@id\":\"https:\/\/dieter-jenz.de\/lc\/#website\",\"url\":\"https:\/\/dieter-jenz.de\/lc\/\",\"name\":\"Dieter Jenz, Begleitung und Coaching\",\"description\":\"Die andere, neue Sichtweise entdecken - auftanken - neue Wege gehen\",\"publisher\":{\"@id\":\"https:\/\/dieter-jenz.de\/lc\/#\/schema\/person\/618cfd5c289d0a23930cb258a43679ab\"},\"potentialAction\":[{\"@type\":\"SearchAction\",\"target\":{\"@type\":\"EntryPoint\",\"urlTemplate\":\"https:\/\/dieter-jenz.de\/lc\/?s={search_term_string}\"},\"query-input\":{\"@type\":\"PropertyValueSpecification\",\"valueRequired\":true,\"valueName\":\"search_term_string\"}}],\"inLanguage\":\"de\"},{\"@type\":[\"Person\",\"Organization\"],\"@id\":\"https:\/\/dieter-jenz.de\/lc\/#\/schema\/person\/618cfd5c289d0a23930cb258a43679ab\",\"name\":\"Dieter Jenz\",\"image\":{\"@type\":\"ImageObject\",\"inLanguage\":\"de\",\"@id\":\"https:\/\/dieter-jenz.de\/lc\/#\/schema\/person\/image\/\",\"url\":\"https:\/\/dieter-jenz.de\/lc\/wp-content\/uploads\/2020\/01\/Logo-Coaching-und-Begleitung.png\",\"contentUrl\":\"https:\/\/dieter-jenz.de\/lc\/wp-content\/uploads\/2020\/01\/Logo-Coaching-und-Begleitung.png\",\"width\":320,\"height\":240,\"caption\":\"Dieter Jenz\"},\"logo\":{\"@id\":\"https:\/\/dieter-jenz.de\/lc\/#\/schema\/person\/image\/\"},\"description\":\"Ich bin Dieter Jenz, Begleiter, Berater und Coach mit Leidenschaft. \u00dcber viele Jahre hinweg habe ich einen reichen Schatz an Kompetenz und Erfahrung erworben. Meine Themen sind die \\\"4L\\\": Lebensaufgabe, Lebensplanung, Lebensnavigation und Lebensqualit\u00e4t.\",\"sameAs\":[\"https:\/\/www.facebook.com\/dieter.jenz.inspiration\",\"https:\/\/www.pinterest.de\/dieterjenz\/\",\"https:\/\/x.com\/https:\/\/twitter.com\/dieterjenz\"],\"url\":\"https:\/\/dieter-jenz.de\/lc\/author\/dieter\/\"}]}<\/script>\n<!-- \/ Yoast SEO plugin. -->","yoast_head_json":{"title":"Was sind Nahtoderfahrungen? Wie werden sie erlebt?","description":"Was sind Nahtoderfahrungen und wie werden sie erlebt? Erlauben sie einen Blick hinter den Vorhang des Diesseits, in das Jenseits?","robots":{"index":"index","follow":"follow","max-snippet":"max-snippet:-1","max-image-preview":"max-image-preview:large","max-video-preview":"max-video-preview:-1"},"canonical":"https:\/\/dieter-jenz.de\/lc\/was-sind-nahtoderfahrungenwie-werden-sie-erlebt\/","og_locale":"de_DE","og_type":"article","og_title":"Was sind Nahtoderfahrungen? Wie werden sie erlebt?","og_description":"Was sind Nahtoderfahrungen und wie werden sie erlebt? Erlauben sie einen Blick hinter den Vorhang des Diesseits, in das Jenseits?","og_url":"https:\/\/dieter-jenz.de\/lc\/was-sind-nahtoderfahrungenwie-werden-sie-erlebt\/","og_site_name":"Dieter Jenz, Begleitung und Coaching","article_publisher":"https:\/\/www.facebook.com\/dieter.jenz.inspiration","article_author":"https:\/\/www.facebook.com\/dieter.jenz.inspiration","article_published_time":"2024-07-22T08:00:00+00:00","article_modified_time":"2024-07-22T09:38:53+00:00","og_image":[{"width":800,"height":800,"url":"https:\/\/dieter-jenz.de\/lc\/wp-content\/uploads\/2024\/07\/Beitragsbild-Was-sind-Nahtoderfahrungen.jpeg","type":"image\/jpeg"}],"author":"Dieter Jenz","twitter_card":"summary_large_image","twitter_creator":"@https:\/\/twitter.com\/dieterjenz","twitter_site":"@dieterjenz","twitter_misc":{"Verfasst von":"Dieter Jenz","Gesch\u00e4tzte Lesezeit":"14\u00a0Minuten"},"schema":{"@context":"https:\/\/schema.org","@graph":[{"@type":"Article","@id":"https:\/\/dieter-jenz.de\/lc\/was-sind-nahtoderfahrungenwie-werden-sie-erlebt\/#article","isPartOf":{"@id":"https:\/\/dieter-jenz.de\/lc\/was-sind-nahtoderfahrungenwie-werden-sie-erlebt\/"},"author":{"name":"Dieter Jenz","@id":"https:\/\/dieter-jenz.de\/lc\/#\/schema\/person\/618cfd5c289d0a23930cb258a43679ab"},"headline":"Was sind Nahtoderfahrungen? Wie werden sie erlebt?","datePublished":"2024-07-22T08:00:00+00:00","dateModified":"2024-07-22T09:38:53+00:00","mainEntityOfPage":{"@id":"https:\/\/dieter-jenz.de\/lc\/was-sind-nahtoderfahrungenwie-werden-sie-erlebt\/"},"wordCount":2293,"publisher":{"@id":"https:\/\/dieter-jenz.de\/lc\/#\/schema\/person\/618cfd5c289d0a23930cb258a43679ab"},"image":{"@id":"https:\/\/dieter-jenz.de\/lc\/was-sind-nahtoderfahrungenwie-werden-sie-erlebt\/#primaryimage"},"thumbnailUrl":"https:\/\/dieter-jenz.de\/lc\/wp-content\/uploads\/2024\/07\/Beitragsbild-Was-sind-Nahtoderfahrungen.jpeg","articleSection":["Lebensfragen"],"inLanguage":"de"},{"@type":"WebPage","@id":"https:\/\/dieter-jenz.de\/lc\/was-sind-nahtoderfahrungenwie-werden-sie-erlebt\/","url":"https:\/\/dieter-jenz.de\/lc\/was-sind-nahtoderfahrungenwie-werden-sie-erlebt\/","name":"Was sind Nahtoderfahrungen? Wie werden sie erlebt?","isPartOf":{"@id":"https:\/\/dieter-jenz.de\/lc\/#website"},"primaryImageOfPage":{"@id":"https:\/\/dieter-jenz.de\/lc\/was-sind-nahtoderfahrungenwie-werden-sie-erlebt\/#primaryimage"},"image":{"@id":"https:\/\/dieter-jenz.de\/lc\/was-sind-nahtoderfahrungenwie-werden-sie-erlebt\/#primaryimage"},"thumbnailUrl":"https:\/\/dieter-jenz.de\/lc\/wp-content\/uploads\/2024\/07\/Beitragsbild-Was-sind-Nahtoderfahrungen.jpeg","datePublished":"2024-07-22T08:00:00+00:00","dateModified":"2024-07-22T09:38:53+00:00","description":"Was sind Nahtoderfahrungen und wie werden sie erlebt? Erlauben sie einen Blick hinter den Vorhang des Diesseits, in das Jenseits?","breadcrumb":{"@id":"https:\/\/dieter-jenz.de\/lc\/was-sind-nahtoderfahrungenwie-werden-sie-erlebt\/#breadcrumb"},"inLanguage":"de","potentialAction":[{"@type":"ReadAction","target":["https:\/\/dieter-jenz.de\/lc\/was-sind-nahtoderfahrungenwie-werden-sie-erlebt\/"]}]},{"@type":"ImageObject","inLanguage":"de","@id":"https:\/\/dieter-jenz.de\/lc\/was-sind-nahtoderfahrungenwie-werden-sie-erlebt\/#primaryimage","url":"https:\/\/dieter-jenz.de\/lc\/wp-content\/uploads\/2024\/07\/Beitragsbild-Was-sind-Nahtoderfahrungen.jpeg","contentUrl":"https:\/\/dieter-jenz.de\/lc\/wp-content\/uploads\/2024\/07\/Beitragsbild-Was-sind-Nahtoderfahrungen.jpeg","width":800,"height":800,"caption":"Gestaltung: privat"},{"@type":"BreadcrumbList","@id":"https:\/\/dieter-jenz.de\/lc\/was-sind-nahtoderfahrungenwie-werden-sie-erlebt\/#breadcrumb","itemListElement":[{"@type":"ListItem","position":1,"name":"Home","item":"https:\/\/dieter-jenz.de\/lc\/"},{"@type":"ListItem","position":2,"name":"Lebensfragen","item":"https:\/\/dieter-jenz.de\/lc\/category\/lebensfragen\/"},{"@type":"ListItem","position":3,"name":"Was sind Nahtoderfahrungen? Wie werden sie erlebt?"}]},{"@type":"WebSite","@id":"https:\/\/dieter-jenz.de\/lc\/#website","url":"https:\/\/dieter-jenz.de\/lc\/","name":"Dieter Jenz, Begleitung und Coaching","description":"Die andere, neue Sichtweise entdecken - auftanken - neue Wege gehen","publisher":{"@id":"https:\/\/dieter-jenz.de\/lc\/#\/schema\/person\/618cfd5c289d0a23930cb258a43679ab"},"potentialAction":[{"@type":"SearchAction","target":{"@type":"EntryPoint","urlTemplate":"https:\/\/dieter-jenz.de\/lc\/?s={search_term_string}"},"query-input":{"@type":"PropertyValueSpecification","valueRequired":true,"valueName":"search_term_string"}}],"inLanguage":"de"},{"@type":["Person","Organization"],"@id":"https:\/\/dieter-jenz.de\/lc\/#\/schema\/person\/618cfd5c289d0a23930cb258a43679ab","name":"Dieter Jenz","image":{"@type":"ImageObject","inLanguage":"de","@id":"https:\/\/dieter-jenz.de\/lc\/#\/schema\/person\/image\/","url":"https:\/\/dieter-jenz.de\/lc\/wp-content\/uploads\/2020\/01\/Logo-Coaching-und-Begleitung.png","contentUrl":"https:\/\/dieter-jenz.de\/lc\/wp-content\/uploads\/2020\/01\/Logo-Coaching-und-Begleitung.png","width":320,"height":240,"caption":"Dieter Jenz"},"logo":{"@id":"https:\/\/dieter-jenz.de\/lc\/#\/schema\/person\/image\/"},"description":"Ich bin Dieter Jenz, Begleiter, Berater und Coach mit Leidenschaft. \u00dcber viele Jahre hinweg habe ich einen reichen Schatz an Kompetenz und Erfahrung erworben. Meine Themen sind die \"4L\": Lebensaufgabe, Lebensplanung, Lebensnavigation und Lebensqualit\u00e4t.","sameAs":["https:\/\/www.facebook.com\/dieter.jenz.inspiration","https:\/\/www.pinterest.de\/dieterjenz\/","https:\/\/x.com\/https:\/\/twitter.com\/dieterjenz"],"url":"https:\/\/dieter-jenz.de\/lc\/author\/dieter\/"}]}},"_links":{"self":[{"href":"https:\/\/dieter-jenz.de\/lc\/wp-json\/wp\/v2\/posts\/11981"}],"collection":[{"href":"https:\/\/dieter-jenz.de\/lc\/wp-json\/wp\/v2\/posts"}],"about":[{"href":"https:\/\/dieter-jenz.de\/lc\/wp-json\/wp\/v2\/types\/post"}],"author":[{"embeddable":true,"href":"https:\/\/dieter-jenz.de\/lc\/wp-json\/wp\/v2\/users\/2"}],"replies":[{"embeddable":true,"href":"https:\/\/dieter-jenz.de\/lc\/wp-json\/wp\/v2\/comments?post=11981"}],"version-history":[{"count":12,"href":"https:\/\/dieter-jenz.de\/lc\/wp-json\/wp\/v2\/posts\/11981\/revisions"}],"predecessor-version":[{"id":12019,"href":"https:\/\/dieter-jenz.de\/lc\/wp-json\/wp\/v2\/posts\/11981\/revisions\/12019"}],"wp:featuredmedia":[{"embeddable":true,"href":"https:\/\/dieter-jenz.de\/lc\/wp-json\/wp\/v2\/media\/11989"}],"wp:attachment":[{"href":"https:\/\/dieter-jenz.de\/lc\/wp-json\/wp\/v2\/media?parent=11981"}],"wp:term":[{"taxonomy":"category","embeddable":true,"href":"https:\/\/dieter-jenz.de\/lc\/wp-json\/wp\/v2\/categories?post=11981"},{"taxonomy":"post_tag","embeddable":true,"href":"https:\/\/dieter-jenz.de\/lc\/wp-json\/wp\/v2\/tags?post=11981"}],"curies":[{"name":"wp","href":"https:\/\/api.w.org\/{rel}","templated":true}]}}