{"id":2661,"date":"2019-12-27T09:09:53","date_gmt":"2019-12-27T07:09:53","guid":{"rendered":"https:\/\/dieter-jenz.de\/lc\/?p=2661"},"modified":"2023-04-18T17:01:53","modified_gmt":"2023-04-18T15:01:53","slug":"10-inspirierende-zitate-von-carl-gustav-jung","status":"publish","type":"post","link":"https:\/\/dieter-jenz.de\/lc\/10-inspirierende-zitate-von-carl-gustav-jung\/","title":{"rendered":"Inspirierende Zitate von Carl Gustav Jung &#8211; tiefgr\u00fcndig, gehaltvoll"},"content":{"rendered":"\n<p>Inspirierende Zitate von Carl Gustav Jung<\/p>\n\n\n<div class=\"wp-block-image\">\n<figure class=\"aligncenter is-resized\"><a href=\"https:\/\/dieter-jenz.de\/lc\/wp-content\/uploads\/2019\/12\/10-Zitate-Carl-Gustav-Jung.jpeg\"><img loading=\"lazy\" decoding=\"async\" src=\"https:\/\/dieter-jenz.de\/lc\/wp-content\/uploads\/2019\/12\/10-Zitate-Carl-Gustav-Jung-200x300.jpeg\" alt=\"10 inspirierende Zitate von Carl Gustav Jung - Gestaltung: privat\" class=\"wp-image-2659\" width=\"300\" height=\"450\" srcset=\"https:\/\/dieter-jenz.de\/lc\/wp-content\/uploads\/2019\/12\/10-Zitate-Carl-Gustav-Jung-200x300.jpeg 200w, https:\/\/dieter-jenz.de\/lc\/wp-content\/uploads\/2019\/12\/10-Zitate-Carl-Gustav-Jung-683x1024.jpeg 683w, https:\/\/dieter-jenz.de\/lc\/wp-content\/uploads\/2019\/12\/10-Zitate-Carl-Gustav-Jung-100x150.jpeg 100w, https:\/\/dieter-jenz.de\/lc\/wp-content\/uploads\/2019\/12\/10-Zitate-Carl-Gustav-Jung.jpeg 735w\" sizes=\"(max-width: 300px) 100vw, 300px\" \/><\/a><figcaption class=\"wp-element-caption\">Gestaltung: privat<\/figcaption><\/figure><\/div>\n\n\n<p>Carl Gustav Jung (1875-1961), war ein Schweizer Psychiater und der Begr\u00fcnder der analytischen Psychologie. In dieser von ihm begr\u00fcndeten analytischen Psychotherapie ist die Auseinandersetzung mit unbewussten Aspekten der Psyche, wie sie z. B. in den psychischen und somatischen Krankheitssymptomen, in Tr\u00e4umen, Fantasien und Symbolen zum Ausdruck kommen, ein wichtiger Bestandteil.<\/p>\n\n\n\n<!--more-->\n\n\n\n<h3 class=\"wp-block-heading\"><strong>Unbewusste Anteile der menschlichen Psyche ergr\u00fcnden<\/strong><\/h3>\n\n\n\n<p>Carl Gustav Jung betrieb auf dem Gebiet der analytischen Psychologie viel Grundlagenforschung. Die analytische Psychologie besch\u00e4ftigt sich, \u00e4hnlich wie die Psychoanalyse, mit den unbewussten Anteilen der menschlichen Psyche. Dabei wird angenommen, dass das Unbewusste einen wesentlich gr\u00f6\u00dferen Einfluss hat als die bewusste Wahrnehmung.<\/p>\n\n\n\n<p>F\u00fcr Carl Gustav Jung ist das \u201eSelbst\u201c die Ganzheit und der zentrale Begriff der menschlichen Psyche. Dieses \u201eSelbst\u201c umfasst bewusste und unbewusste Pers\u00f6nlichkeitsanteile, wobei lediglich das Ich-Bewusstsein bewusst ist. Allerdings ist das Ich-Bewusstsein \u2013 Sinneswahrnehmung, Denken, F\u00fchlen, Intuition &#8211; jedoch nur ein winziger Teil dessen, was die menschliche Pers\u00f6nlichkeit ausmacht.<\/p>\n\n\n\n<p>Wesentlich umfangreicher als das Ich-Bewusstsein ist der unbewusste Teil des Menschen, der sich aufspaltet in das pers\u00f6nliche Unbewusste und das kollektive Unbewusste. Zum pers\u00f6nlichen Unbewussten geh\u00f6ren un- oder teilbewusste Pers\u00f6nlichkeitsanteile, die h\u00e4ufig verdr\u00e4ngt oder verleugnet werden. Das kollektive Unbewusste ist der \u00fcberpers\u00f6nliche Bereich des Unbewussten, die unbewusste psychische \u201eGrundstruktur\u201c des Menschen.<\/p>\n\n\n\n<p>Ein Merkmal der analytischen Psychologie ist, dass dem psychisch Kranken eine Einsicht in sein psychisches Leiden vermittelt werden soll. Auf dieser Basis k\u00f6nnen Ver\u00e4nderungen bei Erleben und Handeln bewirkt werden.<\/p>\n\n\n\n<p>F\u00fcr Jung hatten Tr\u00e4ume eine wichtige Bedeutung als Ausdruck des Unterbewusstseins. Sie gelten als wichtigster Wegweiser zum Unbewussten. Das Unterbewusstsein ruft gewisserma\u00dfen Tr\u00e4ume hervor, um das mitzuteilen, was der Tr\u00e4umende mit seinem Bewusstsein nicht wahrnehmen kann. Mit therapeutischer Unterst\u00fctzung l\u00e4sst sich Unbewusstes in das Bewusstsein \u00fcberf\u00fchren.<\/p>\n\n\n\n<p>Von Authentizit\u00e4t und Tiefgr\u00fcndigkeit gepr\u00e4gte, inspirierende Zitate von Carl Gustav Jung spiegeln sein Leben und Wirken wider. Sie geben Einblick in sein analytisches Denken und in seine reichhaltige Erfahrungswelt.<\/p>\n\n\n<div class=\"pt-cv-wrapper\"><div class=\"pt-cv-view pt-cv-grid pt-cv-colsys\" id=\"pt-cv-view-c68dceeznf\"><div data-id=\"pt-cv-page-1\" class=\"pt-cv-page\" data-cvc=\"4\"><div class=\"col-md-3 col-sm-6 col-xs-12 pt-cv-content-item pt-cv-1-col\" ><div class='pt-cv-ifield'><a href=\"https:\/\/dieter-jenz.de\/lc\/einsamkeit-kommt-nicht-davon-keine-menschen-jung\/\" class=\"_self pt-cv-href-thumbnail pt-cv-thumb-default\" target=\"_self\" ><img loading=\"lazy\" decoding=\"async\" width=\"200\" height=\"300\" src=\"https:\/\/dieter-jenz.de\/lc\/wp-content\/uploads\/2019\/12\/Einsamkeit-kommt-nicht-davon-C.G.-Jung-200x300.jpeg\" class=\"pt-cv-thumbnail\" alt=\"Einsamkeit kommt nicht davon, C.G. Jung - Gestaltung: privat\" srcset=\"https:\/\/dieter-jenz.de\/lc\/wp-content\/uploads\/2019\/12\/Einsamkeit-kommt-nicht-davon-C.G.-Jung-200x300.jpeg 200w, https:\/\/dieter-jenz.de\/lc\/wp-content\/uploads\/2019\/12\/Einsamkeit-kommt-nicht-davon-C.G.-Jung-683x1024.jpeg 683w, https:\/\/dieter-jenz.de\/lc\/wp-content\/uploads\/2019\/12\/Einsamkeit-kommt-nicht-davon-C.G.-Jung-100x150.jpeg 100w, https:\/\/dieter-jenz.de\/lc\/wp-content\/uploads\/2019\/12\/Einsamkeit-kommt-nicht-davon-C.G.-Jung.jpeg 735w\" sizes=\"(max-width: 200px) 100vw, 200px\" \/><\/a><\/div><\/div>\n<div class=\"col-md-3 col-sm-6 col-xs-12 pt-cv-content-item pt-cv-1-col\" ><div class='pt-cv-ifield'><a href=\"https:\/\/dieter-jenz.de\/lc\/persoenliches-wachstum-heisst-mehr-bewusstheit-jung\/\" class=\"_self pt-cv-href-thumbnail pt-cv-thumb-default\" target=\"_self\" ><img loading=\"lazy\" decoding=\"async\" width=\"200\" height=\"300\" src=\"https:\/\/dieter-jenz.de\/lc\/wp-content\/uploads\/2019\/12\/Pers\u00f6nliches-Wachstum-hei\u00dft-C.G.-Jung-200x300.jpeg\" class=\"pt-cv-thumbnail\" alt=\"Pers\u00f6nliches Wachstum hei\u00dft, C.G. Jung - Gestaltung: privat\" srcset=\"https:\/\/dieter-jenz.de\/lc\/wp-content\/uploads\/2019\/12\/Pers\u00f6nliches-Wachstum-hei\u00dft-C.G.-Jung-200x300.jpeg 200w, https:\/\/dieter-jenz.de\/lc\/wp-content\/uploads\/2019\/12\/Pers\u00f6nliches-Wachstum-hei\u00dft-C.G.-Jung-683x1024.jpeg 683w, https:\/\/dieter-jenz.de\/lc\/wp-content\/uploads\/2019\/12\/Pers\u00f6nliches-Wachstum-hei\u00dft-C.G.-Jung-100x150.jpeg 100w, https:\/\/dieter-jenz.de\/lc\/wp-content\/uploads\/2019\/12\/Pers\u00f6nliches-Wachstum-hei\u00dft-C.G.-Jung.jpeg 735w\" sizes=\"(max-width: 200px) 100vw, 200px\" \/><\/a><\/div><\/div>\n<div class=\"col-md-3 col-sm-6 col-xs-12 pt-cv-content-item pt-cv-1-col\" ><div class='pt-cv-ifield'><a href=\"https:\/\/dieter-jenz.de\/lc\/wogegen-du-dich-wehrst-bleibt-bestehen-jung\/\" class=\"_self pt-cv-href-thumbnail pt-cv-thumb-default\" target=\"_self\" ><img loading=\"lazy\" decoding=\"async\" width=\"200\" height=\"300\" src=\"https:\/\/dieter-jenz.de\/lc\/wp-content\/uploads\/2019\/12\/Wogegen-du-dich-wehrst-C.G.-Jung-200x300.jpeg\" class=\"pt-cv-thumbnail\" alt=\"Wogegen du dich wehrst, C.G. Jung - Gestaltung: privat\" srcset=\"https:\/\/dieter-jenz.de\/lc\/wp-content\/uploads\/2019\/12\/Wogegen-du-dich-wehrst-C.G.-Jung-200x300.jpeg 200w, https:\/\/dieter-jenz.de\/lc\/wp-content\/uploads\/2019\/12\/Wogegen-du-dich-wehrst-C.G.-Jung-683x1024.jpeg 683w, https:\/\/dieter-jenz.de\/lc\/wp-content\/uploads\/2019\/12\/Wogegen-du-dich-wehrst-C.G.-Jung-100x150.jpeg 100w, https:\/\/dieter-jenz.de\/lc\/wp-content\/uploads\/2019\/12\/Wogegen-du-dich-wehrst-C.G.-Jung.jpeg 735w\" sizes=\"(max-width: 200px) 100vw, 200px\" \/><\/a><\/div><\/div>\n<div class=\"col-md-3 col-sm-6 col-xs-12 pt-cv-content-item pt-cv-1-col\" ><div class='pt-cv-ifield'><a href=\"https:\/\/dieter-jenz.de\/lc\/auch-das-gluecklichste-leben-jung\/\" class=\"_self pt-cv-href-thumbnail pt-cv-thumb-default\" target=\"_self\" ><img loading=\"lazy\" decoding=\"async\" width=\"200\" height=\"300\" src=\"https:\/\/dieter-jenz.de\/lc\/wp-content\/uploads\/2019\/12\/Auch-das-gl\u00fccklichste-Leben-C.G.-Jung-200x300.jpeg\" class=\"pt-cv-thumbnail\" alt=\"Auch das gl\u00fccklichste Leben, C.G. Jung - Gestaltung: privat\" srcset=\"https:\/\/dieter-jenz.de\/lc\/wp-content\/uploads\/2019\/12\/Auch-das-gl\u00fccklichste-Leben-C.G.-Jung-200x300.jpeg 200w, https:\/\/dieter-jenz.de\/lc\/wp-content\/uploads\/2019\/12\/Auch-das-gl\u00fccklichste-Leben-C.G.-Jung-683x1024.jpeg 683w, https:\/\/dieter-jenz.de\/lc\/wp-content\/uploads\/2019\/12\/Auch-das-gl\u00fccklichste-Leben-C.G.-Jung-100x150.jpeg 100w, https:\/\/dieter-jenz.de\/lc\/wp-content\/uploads\/2019\/12\/Auch-das-gl\u00fccklichste-Leben-C.G.-Jung.jpeg 735w\" sizes=\"(max-width: 200px) 100vw, 200px\" \/><\/a><\/div><\/div><\/div><\/div>\n<div class=\" pt-cv-pagination-wrapper\"><ul class=\"pt-cv-pagination pt-cv-ajax pagination\" data-totalpages=\"3\" data-currentpage=\"1\" data-sid=\"c68dceeznf\" data-unid=\"\" data-isblock=\"\" data-postid=\"\"><li class=\"active\"><a href=\"#\">1<\/a><\/li>\n\t<li ><a class=\"\" href=\"https:\/\/dieter-jenz.de\/lc\/wp-json\/wp\/v2\/posts\/2661\/?_page=2\">2<\/a><\/li>\n\t<li ><a class=\"\" href=\"https:\/\/dieter-jenz.de\/lc\/wp-json\/wp\/v2\/posts\/2661\/?_page=3\">3<\/a><\/li>\n\t<li ><a class=\" \" href=\"https:\/\/dieter-jenz.de\/lc\/wp-json\/wp\/v2\/posts\/2661\/?_page=2\">&rsaquo;<\/a><\/li>\n\t<\/ul><img loading=\"lazy\" decoding=\"async\" width=\"15\" height=\"15\" class=\"pt-cv-spinner\" alt=\"Wird geladen\u00a0\u2026\" src=\"data:image\/gif;base64,R0lGODlhDwAPALMPAMrKygwMDJOTkz09PZWVla+vr3p6euTk5M7OzuXl5TMzMwAAAJmZmWZmZszMzP\/\/\/yH\/C05FVFNDQVBFMi4wAwEAAAAh+QQFCgAPACwAAAAADwAPAAAEQvDJaZaZOIcV8iQK8VRX4iTYoAwZ4iCYoAjZ4RxejhVNoT+mRGP4cyF4Pp0N98sBGIBMEMOotl6YZ3S61Bmbkm4mAgAh+QQFCgAPACwAAAAADQANAAAENPDJSRSZeA418itN8QiK8BiLITVsFiyBBIoYqnoewAD4xPw9iY4XLGYSjkQR4UAUD45DLwIAIfkEBQoADwAsAAAAAA8ACQAABC\/wyVlamTi3nSdgwFNdhEJgTJoNyoB9ISYoQmdjiZPcj7EYCAeCF1gEDo4Dz2eIAAAh+QQFCgAPACwCAAAADQANAAAEM\/DJBxiYeLKdX3IJZT1FU0iIg2RNKx3OkZVnZ98ToRD4MyiDnkAh6BkNC0MvsAj0kMpHBAAh+QQFCgAPACwGAAAACQAPAAAEMDC59KpFDll73HkAA2wVY5KgiK5b0RRoI6MuzG6EQqCDMlSGheEhUAgqgUUAFRySIgAh+QQFCgAPACwCAAIADQANAAAEM\/DJKZNLND\/kkKaHc3xk+QAMYDKsiaqmZCxGVjSFFCxB1vwy2oOgIDxuucxAMTAJFAJNBAAh+QQFCgAPACwAAAYADwAJAAAEMNAs86q1yaWwwv2Ig0jUZx3OYa4XoRAfwADXoAwfo1+CIjyFRuEho60aSNYlOPxEAAAh+QQFCgAPACwAAAIADQANAAAENPA9s4y8+IUVcqaWJ4qEQozSoAzoIyhCK2NFU2SJk0hNnyEOhKR2AzAAj4Pj4GE4W0bkJQIAOw==\" \/><div class=\"clear pt-cv-clear-pagination\"><\/div><\/div><\/div>\n\n\n<div class=\"su-box su-box-style-default\" id=\"\" style=\"border-color:#000000;border-radius:3px;\"><div class=\"su-box-title\" style=\"background-color:#333333;color:#FFFFFF;border-top-left-radius:1px;border-top-right-radius:1px\">Aktuelles<\/div><div class=\"su-box-content su-u-clearfix su-u-trim\" style=\"border-bottom-left-radius:1px;border-bottom-right-radius:1px\"><ul id=\"menu-post-menue\" class=\"menu\"><li id=\"menu-item-4536\" class=\"menu-item menu-item-type-custom menu-item-object-custom menu-item-home menu-item-4536\"><a href=\"https:\/\/dieter-jenz.de\/lc\/\">Home<\/a><\/li>\n<li id=\"menu-item-5989\" class=\"menu-item menu-item-type-post_type menu-item-object-page menu-item-5989\"><a href=\"https:\/\/dieter-jenz.de\/lc\/zitate-zum-nachdenken-und-neudenken-uebersicht\/\">Alle Zitate &#8211; \u00dcbersicht<\/a><\/li>\n<li id=\"menu-item-4537\" class=\"menu-item menu-item-type-post_type menu-item-object-page menu-item-4537\"><a href=\"https:\/\/dieter-jenz.de\/lc\/zitate-hitlisten\/\">Zitate-Hitlisten \u2013 Beliebte Zitate<\/a><\/li>\n<li id=\"menu-item-5011\" class=\"menu-item menu-item-type-custom menu-item-object-custom menu-item-5011\"><a href=\"https:\/\/dieter-jenz.de\/lc\/?redirect_to=random&#038;cat=68\">\u00dcberraschungs-Zitat<\/a><\/li>\n<li id=\"menu-item-4565\" class=\"menu-item menu-item-type-post_type menu-item-object-page menu-item-4565\"><a href=\"https:\/\/dieter-jenz.de\/lc\/neueste-beitraege\/\">Neueste Beitr\u00e4ge<\/a><\/li>\n<li id=\"menu-item-5925\" class=\"menu-item menu-item-type-post_type menu-item-object-page menu-item-5925\"><a href=\"https:\/\/dieter-jenz.de\/lc\/zitate-kuerzlich-ueberarbeitet\/\">K\u00fcrzlich \u00fcberarbeitet<\/a><\/li>\n<li id=\"menu-item-5836\" class=\"menu-item menu-item-type-post_type menu-item-object-page menu-item-5836\"><a href=\"https:\/\/dieter-jenz.de\/lc\/impulse-zur-inspiration-und-motivation-in-sozialen-medien-dieter-jenz\/\">Links zu sozialen Medien<\/a><\/li>\n<\/ul><\/div><\/div>\n\n\n\n<p>Mensch wird man, so Carl Gustav Jung, nicht nur einmal, sondern drei-, viermal im Laufe eines Lebens. Diese Aussage scheint sich im Hinblick auf sein bewegtes und ereignisreiches Leben zu best\u00e4tigen. Einige seiner wegweisenden Lebensstationen seien kurz angerissen.<\/p>\n\n\n\n<h3 class=\"wp-block-heading\"><strong>Die Langzeitwirkungen eines Traums<\/strong><\/h3>\n\n\n\n<p>Der als introvertiert geltende junge Mensch f\u00fchlte sich alleine, ungeborgen und unverstanden. Der einzige Mensch, dem er sich mitteilen konnte, war seine Mutter. Er schrieb: \u201e\u2026 <em>blieb ich mit meinen Gedanken allein. Das war ich auch am liebsten. Ich habe allein f\u00fcr mich gespielt, bin allein gewandert, habe getr\u00e4umt und hatte eine geheimnisvolle Welt f\u00fcr mich allein<\/em>.\u201c<\/p>\n\n\n\n<p>Schon im Alter von drei Jahren hatte er einen Traum, der ihn sehr beeindruckte und an den er sich viele Jahre sp\u00e4ter noch erinnern konnte. In seinem Buch \u201eErinnerungen, Tr\u00e4ume und Gedanken\u201c hielt er diesen be\u00e4ngstigenden Traum fest. In diesem Traum stieg der junge Carl Gustav in ein Erdloch und gelangte sodann in einen d\u00e4mmrigen Raum mit einem goldenen Thronsessel. Darauf stand \u201e<em>ein riesiges Gebilde, das fast bis an die Decke reichte. Zuerst meinte ich, es sei ein hoher Baumstamm<\/em> [\u2026] <em>es bestand aus Haut und lebendigem Fleisch und obendrauf war eine Art rundkegelf\u00f6rmigen Kopfes ohne Gesicht und ohne Haare; nur ganz oben auf dem Scheitel befand sich ein einziges Auge, das unbewegt nach oben blickte<\/em> [\u2026] <em>Vor Angst war ich wie gel\u00e4hmt. In diesem unertr\u00e4glichen Augenblick h\u00f6rte ich pl\u00f6tzlich meiner Mutter Stimme wie von au\u00dfen und eben, welche rief: \u00bbJam schau ihn dir nur an. Das ist der Menschenfresser!\u00ab Da bekam ich einen H\u00f6llenschrecken und erwachte, schwitzend vor Angst<\/em>.\u201c<\/p>\n\n\n\n<p>Als junger Mensch hatte Carl Gustav Jung das deutliche Gef\u00fchl, zwei Seelen in seinem K\u00f6rper zu beherbergen, welche er als \u201eNr.&nbsp;1\u201c und \u201eNr.&nbsp;2\u201c bezeichnete. Seele Nr.&nbsp;1 ist der Carl Gustav, der sich als Sohn seiner Eltern und im Scho\u00df seiner Familie bem\u00fcht, den Anforderungen des Lebens gerecht zu werden. Seele Nr.&nbsp;2 ist nach seinem Empfinden der weitaus \u00e4ltere Teil seiner Pers\u00f6nlichkeit. Es ist eine Art stiller Beobachter, der einfach nur pr\u00e4sent ist und nicht wertet. Carl Gustav Jung glaubte, in Seele Nr.&nbsp;2 den direkten Zugang zu Gott zu haben. Sp\u00e4ter entwickelte sich der Gedanke, dass jeder Mensch eine ewige und eine zeitliche Gestalt in sich tr\u00e4gt: das unbewusste Selbst und das bewusste Ich<\/p>\n\n\n\n<p>Carl Gustav Jung ging \u2013 wie auch Sigmund Freud &#8211; davon aus, dass es ein pers\u00f6nliches Unbewusstes gibt, das alle Erfahrungen des Menschen speichert. Mit der Behauptung, dass es dar\u00fcber hinaus noch ein kollektives Unbewusstes gibt, geht Jung einen eigenen Weg. Seiner Ansicht nach tr\u00e4gt jeder Mensch ein psychisches Erbe in sich, wenn er auf die Welt kommt. Dieses kollektive Unbewusste dr\u00fcckt sich durch Symbole und Urbilder aus, von Jung als Archetypen bezeichnet. Sie pr\u00e4gen die Beziehungen und beeinflussen die Verhaltensweisen des Einzelnen, dies jedoch ohne dass der Einzelne sie wahrnimmt.<\/p>\n\n\n\n<p>In der von Carl Gustav Jung begr\u00fcndeten Analytischen Therapie gilt, wie schon angedeutet, der Traum als der wichtigste Wegweiser zum Unbewussten. Archetypen sprechen durch Traumbilder zum Menschen. Die sogenannte Individuation, die Selbstwerdung, die Begegnung des \u201eG\u00f6ttlichen mit uns selbst\u201c ist einer der wichtigsten Aspekte jeder Therapie. Wenn die Individuation gelingt, wird ein Mensch zu dem Menschen, der er eigentlich ist.<\/p>\n\n\n\n<p>Im Individuationsprozess kommt die Einzigartigkeit eines Menschen zum Ausdruck. Diese Einzigartigkeit muss in der Konsequenz auch angenommen werden. Diese Selbstannahme mit allen Ecken und Kanten, mit allen M\u00f6glichkeiten einerseits und auch den Schwierigkeiten und Problemen andererseits, ist ein integrales Element des Individuationsprozesses.<\/p>\n\n\n\n<h3 class=\"wp-block-heading\"><strong>Erfahrungen mit der \u201eFrau in schwarz\u201c<\/strong><\/h3>\n\n\n\n<p>Carl Gustav Jung ging ab 1913, damals im Alter von fast 40 Jahren, selbst durch eine mehrere Jahre andauernde tiefe pers\u00f6nliche Krise. Er durchlebte eine Phase der Desorientierung, die manche als eine depressive Episode, manche als eine psychotische Phase und manche als \u00fcberhaupt keine psychische Erkrankung deuteten.<\/p>\n\n\n\n<p>1913 begann er ein Experiment mit sich selbst, das sp\u00e4ter als \u201eAuseinandersetzung mit dem Unbewussten\u201c bekannt wurde. W\u00e4hrend dieser Zeit verwendete er viel Zeit in die Analyse seiner selbst und hielt vieles in seinem sogenannten \u201eRoten Buch\u201c fest, das erst 2009 ver\u00f6ffentlicht wurde. Er versuchte, auf den Grund innerer Vorg\u00e4nge zu gelangen. Innere Erlebnisse bei seiner Konfrontation mit dem Unbewussten waren f\u00fcr die sp\u00e4tere Entwicklung &nbsp;seiner bekannten Theorien richtungweisend.<\/p>\n\n\n\n<p>Es darf vermutet werden, dass Jung die Depression, die \u201eFrau in schwarz\u201c, selbst kannte und erlebte. Wie viele Menschen, die eine depressive Episode durchleben, stand vermutlich auch er vor der Wahl zwischen den Alternativen \u201eRei\u00df\u2018 dich zusammen und k\u00e4mpfe dagegen an\u201c und \u201eWehre dich nicht dagegen, sondern h\u00f6re ihr zu\u201c. Er entschied sich daf\u00fcr, ihr zuzuh\u00f6ren.<\/p>\n\n\n\n<h3 class=\"wp-block-heading\"><strong>Eine einschneidende Erfahrung<\/strong><\/h3>\n\n\n\n<p>Im Jahr 1944, damals 69 Jahre alt, erlebte Carl Gustav Jung nach einem Herzinfarkt eine Nahtoderfahrung. Dar\u00fcber schrieb er in seinem Buch \u201eErinnerungen, Tr\u00e4ume und Gedanken\u201c (S.&nbsp;293): \u201e<em>Gegen Abend schlief ich ein, und mein Schlaf dauerte bis etwa gegen Mitternacht. Dann kam ich zu mir und war vielleicht eine Stunde wach, aber in einem ganz ver\u00e4nderten Zustand. Ich befand mich wie in einer Ekstase oder in einem Zustand gr\u00f6\u00dfter Seligkeit. Ich f\u00fchlte mich, als ob ich in einem Raum schwebte, als ob ich im Scho\u00df des Weltalls geborgen w\u00e4re \u2013 in einer ungeheuerlichen Leere, aber erf\u00fcllt von einem h\u00f6chst m\u00f6glichem Gl\u00fccksgef\u00fchl.<\/em>\u201c<\/p>\n\n\n\n<p>W\u00e4hrend seiner au\u00dferk\u00f6rperlichen Erfahrung, die oft ein Element einer Nahtoderfahrung darstellt, beschrieb er, wie er die Erde aus gro\u00dfer H\u00f6he wahrnehmen konnte. \u201e<em>Sp\u00e4ter habe ich mich erkundigt, wie hoch im Raume man sich befinden m\u00fcsse, um einen Blick von solcher Weite zu haben. Es sind etwa 1500 km! Der Anblick der Erde aus dieser H\u00f6he war das Herrlichste und Zauberhafteste, was ich je erlebt hatte<\/em>.\u201c Sein Bericht lie\u00df sich sp\u00e4ter verifizieren. Er stimmte genau mit dem \u00fcberein, was erst Jahre sp\u00e4ter mit Bildern aus dem Weltraum belegt werden konnte. Die ersten vollst\u00e4ndigen Fotos der Erde in Farbe entstanden erst im Jahr 1967, sechs Jahre nach seinem Tod.<\/p>\n\n\n\n<p>Auch den Blick auf sich selbst erlebte er auf besondere Weise: \u201e<em>Es war, als ob ich alles, was ich je gelebt oder getan h\u00e4tte, alles, was um mich geschehen war, nun bei mir h\u00e4tte. Ich k\u00f6nnte auch sagen: Es war bei mir, und das war ich. Ich bestand sozusagen daraus. Ich bestand aus meiner Geschichte und hatte durchaus das Gef\u00fchl, das sei nun Ich<\/em>.\u201c<\/p>\n\n\n\n<p>F\u00fcr Carl Gustav Jung war diese Nahtoderfahrung derart eindr\u00fccklich und auch begl\u00fcckend, dass es ihm zun\u00e4chst schwerfiel, sein Leben im Diesseits fortzusetzen. Er brauchte gut drei Wochen, bis er ein innerliches \u201eJa\u201c dazu finden konnte. Er war zutiefst entt\u00e4uscht und hegte einen inneren Groll gegen seinen Arzt, der ihn wieder in das Leben zur\u00fcckgebracht hatte. Offensichtlich begegnete er Menschen, die ihm bekannt waren: \u201e\u2026 <em>ich durfte nicht in den Tempel, nicht zu den Menschen, die zu mir geh\u00f6rten<\/em>\u201c. In einen Raum, in dem sich diese Menschen befanden, durfte er zwar blicken, musste aber an der Schwelle wieder umkehren.<\/p>\n\n\n\n<p>F\u00fcr sein Werk war diese Nahtoderfahrung sehr wichtig. Er schrieb: \u201e<em>Nach der Krankheit begann eine fruchtbare Zeit der Arbeit f\u00fcr mich. Viele meiner Hauptwerke sind erst danach entstanden. Die Erkenntnis, oder die Anschauung vom Ende aller Dinge, gaben mir den Mut zu neuen Formulierungen<\/em> [\u2026] <em>Es war aber noch ein anderes, das sich mir aus der Krankheit ergab. Ich k\u00f6nnte es formulieren als ein Jasagen zum Sein. Ein unbedingtes \u201aJa\u2018 zu dem, was ist, ohne subjektive Einw\u00e4nde<\/em>.\u201c<\/p>\n\n\n\n<p>Carl Gustav Jung kam zu dem Schluss, dass das diesseitige Leben lediglich einen zeitlich begrenzten Abschnitt der Existenz des Selbst ausmacht: \u201e<em>Das Leben ist ein Existenzausschnitt, welches sich in einem hierf\u00fcr bereitgestellten dreidimensionalen Weltsystem abspielt<\/em>.\u201c Die Zeit als vierte Dimension im Raum-Zeit-Kontinuum bezog er in diese Betrachtung explizit mit ein.<\/p>\n","protected":false},"excerpt":{"rendered":"<p>Inspirierende Zitate von Carl Gustav Jung Carl Gustav Jung (1875-1961), war ein Schweizer Psychiater und der Begr\u00fcnder der analytischen Psychologie. In dieser von ihm begr\u00fcndeten analytischen Psychotherapie ist&hellip;<\/p>\n","protected":false},"author":2,"featured_media":2659,"comment_status":"closed","ping_status":"open","sticky":false,"template":"template-full-width-only-content.php","format":"standard","meta":{"footnotes":""},"categories":[64,118,115],"tags":[65],"yoast_head":"<!-- This site is optimized with the Yoast SEO plugin v24.5 - https:\/\/yoast.com\/wordpress\/plugins\/seo\/ -->\n<title>Inspirierende Zitate von Carl Gustav Jung - tiefgr\u00fcndig, gehaltvoll<\/title>\n<meta name=\"description\" content=\"Inspirierende Zitate von Carl Gustav Jung, Schweizer Psychiater und der Begr\u00fcnder der analytischen Psychologie. Erfahren Sie mehr.\" \/>\n<meta name=\"robots\" content=\"index, follow, max-snippet:-1, max-image-preview:large, max-video-preview:-1\" \/>\n<link rel=\"canonical\" href=\"https:\/\/dieter-jenz.de\/lc\/10-inspirierende-zitate-von-carl-gustav-jung\/\" \/>\n<meta property=\"og:locale\" content=\"de_DE\" \/>\n<meta property=\"og:type\" content=\"article\" \/>\n<meta property=\"og:title\" content=\"Inspirierende Zitate von Carl Gustav Jung - tiefgr\u00fcndig, gehaltvoll\" \/>\n<meta property=\"og:description\" content=\"Inspirierende Zitate von Carl Gustav Jung, Schweizer Psychiater und der Begr\u00fcnder der analytischen Psychologie. Erfahren Sie mehr.\" \/>\n<meta property=\"og:url\" content=\"https:\/\/dieter-jenz.de\/lc\/10-inspirierende-zitate-von-carl-gustav-jung\/\" \/>\n<meta property=\"og:site_name\" content=\"Dieter Jenz, Begleitung und Coaching\" \/>\n<meta property=\"article:publisher\" content=\"https:\/\/www.facebook.com\/dieter.jenz.inspiration\" \/>\n<meta property=\"article:author\" content=\"https:\/\/www.facebook.com\/dieter.jenz.inspiration\" \/>\n<meta property=\"article:published_time\" content=\"2019-12-27T07:09:53+00:00\" \/>\n<meta property=\"article:modified_time\" content=\"2023-04-18T15:01:53+00:00\" \/>\n<meta property=\"og:image\" content=\"https:\/\/dieter-jenz.de\/lc\/wp-content\/uploads\/2019\/12\/10-Zitate-Carl-Gustav-Jung.jpeg\" \/>\n\t<meta property=\"og:image:width\" content=\"735\" \/>\n\t<meta property=\"og:image:height\" content=\"1102\" \/>\n\t<meta property=\"og:image:type\" content=\"image\/jpeg\" \/>\n<meta name=\"author\" content=\"Dieter Jenz\" \/>\n<meta name=\"twitter:card\" content=\"summary_large_image\" \/>\n<meta name=\"twitter:creator\" content=\"@https:\/\/twitter.com\/dieterjenz\" \/>\n<meta name=\"twitter:site\" content=\"@dieterjenz\" \/>\n<meta name=\"twitter:label1\" content=\"Verfasst von\" \/>\n\t<meta name=\"twitter:data1\" content=\"Dieter Jenz\" \/>\n\t<meta name=\"twitter:label2\" content=\"Gesch\u00e4tzte Lesezeit\" \/>\n\t<meta name=\"twitter:data2\" content=\"9\u00a0Minuten\" \/>\n<script type=\"application\/ld+json\" class=\"yoast-schema-graph\">{\"@context\":\"https:\/\/schema.org\",\"@graph\":[{\"@type\":\"Article\",\"@id\":\"https:\/\/dieter-jenz.de\/lc\/10-inspirierende-zitate-von-carl-gustav-jung\/#article\",\"isPartOf\":{\"@id\":\"https:\/\/dieter-jenz.de\/lc\/10-inspirierende-zitate-von-carl-gustav-jung\/\"},\"author\":{\"name\":\"Dieter Jenz\",\"@id\":\"https:\/\/dieter-jenz.de\/lc\/#\/schema\/person\/618cfd5c289d0a23930cb258a43679ab\"},\"headline\":\"Inspirierende Zitate von Carl Gustav Jung &#8211; tiefgr\u00fcndig, gehaltvoll\",\"datePublished\":\"2019-12-27T07:09:53+00:00\",\"dateModified\":\"2023-04-18T15:01:53+00:00\",\"mainEntityOfPage\":{\"@id\":\"https:\/\/dieter-jenz.de\/lc\/10-inspirierende-zitate-von-carl-gustav-jung\/\"},\"wordCount\":1672,\"publisher\":{\"@id\":\"https:\/\/dieter-jenz.de\/lc\/#\/schema\/person\/618cfd5c289d0a23930cb258a43679ab\"},\"image\":{\"@id\":\"https:\/\/dieter-jenz.de\/lc\/10-inspirierende-zitate-von-carl-gustav-jung\/#primaryimage\"},\"thumbnailUrl\":\"https:\/\/dieter-jenz.de\/lc\/wp-content\/uploads\/2019\/12\/10-Zitate-Carl-Gustav-Jung.jpeg\",\"keywords\":[\"Inspiration\"],\"articleSection\":[\"Ermutigung und Inspiration\",\"Jung, Carl Gustav\",\"Zitatesammlungen (Personen)\"],\"inLanguage\":\"de\"},{\"@type\":\"WebPage\",\"@id\":\"https:\/\/dieter-jenz.de\/lc\/10-inspirierende-zitate-von-carl-gustav-jung\/\",\"url\":\"https:\/\/dieter-jenz.de\/lc\/10-inspirierende-zitate-von-carl-gustav-jung\/\",\"name\":\"Inspirierende Zitate von Carl Gustav Jung - tiefgr\u00fcndig, gehaltvoll\",\"isPartOf\":{\"@id\":\"https:\/\/dieter-jenz.de\/lc\/#website\"},\"primaryImageOfPage\":{\"@id\":\"https:\/\/dieter-jenz.de\/lc\/10-inspirierende-zitate-von-carl-gustav-jung\/#primaryimage\"},\"image\":{\"@id\":\"https:\/\/dieter-jenz.de\/lc\/10-inspirierende-zitate-von-carl-gustav-jung\/#primaryimage\"},\"thumbnailUrl\":\"https:\/\/dieter-jenz.de\/lc\/wp-content\/uploads\/2019\/12\/10-Zitate-Carl-Gustav-Jung.jpeg\",\"datePublished\":\"2019-12-27T07:09:53+00:00\",\"dateModified\":\"2023-04-18T15:01:53+00:00\",\"description\":\"Inspirierende Zitate von Carl Gustav Jung, Schweizer Psychiater und der Begr\u00fcnder der analytischen Psychologie. Erfahren Sie mehr.\",\"breadcrumb\":{\"@id\":\"https:\/\/dieter-jenz.de\/lc\/10-inspirierende-zitate-von-carl-gustav-jung\/#breadcrumb\"},\"inLanguage\":\"de\",\"potentialAction\":[{\"@type\":\"ReadAction\",\"target\":[\"https:\/\/dieter-jenz.de\/lc\/10-inspirierende-zitate-von-carl-gustav-jung\/\"]}]},{\"@type\":\"ImageObject\",\"inLanguage\":\"de\",\"@id\":\"https:\/\/dieter-jenz.de\/lc\/10-inspirierende-zitate-von-carl-gustav-jung\/#primaryimage\",\"url\":\"https:\/\/dieter-jenz.de\/lc\/wp-content\/uploads\/2019\/12\/10-Zitate-Carl-Gustav-Jung.jpeg\",\"contentUrl\":\"https:\/\/dieter-jenz.de\/lc\/wp-content\/uploads\/2019\/12\/10-Zitate-Carl-Gustav-Jung.jpeg\",\"width\":735,\"height\":1102,\"caption\":\"10 inspirierende Zitate von Carl Gustav Jung - Gestaltung: privat\"},{\"@type\":\"BreadcrumbList\",\"@id\":\"https:\/\/dieter-jenz.de\/lc\/10-inspirierende-zitate-von-carl-gustav-jung\/#breadcrumb\",\"itemListElement\":[{\"@type\":\"ListItem\",\"position\":1,\"name\":\"Home\",\"item\":\"https:\/\/dieter-jenz.de\/lc\/\"},{\"@type\":\"ListItem\",\"position\":2,\"name\":\"Ermutigung und Inspiration\",\"item\":\"https:\/\/dieter-jenz.de\/lc\/category\/ermutigung-und-inspiration\/\"},{\"@type\":\"ListItem\",\"position\":3,\"name\":\"Inspirierende Zitate von Carl Gustav Jung &#8211; tiefgr\u00fcndig, gehaltvoll\"}]},{\"@type\":\"WebSite\",\"@id\":\"https:\/\/dieter-jenz.de\/lc\/#website\",\"url\":\"https:\/\/dieter-jenz.de\/lc\/\",\"name\":\"Dieter Jenz, Begleitung und Coaching\",\"description\":\"Die andere, neue Sichtweise entdecken - auftanken - neue Wege gehen\",\"publisher\":{\"@id\":\"https:\/\/dieter-jenz.de\/lc\/#\/schema\/person\/618cfd5c289d0a23930cb258a43679ab\"},\"potentialAction\":[{\"@type\":\"SearchAction\",\"target\":{\"@type\":\"EntryPoint\",\"urlTemplate\":\"https:\/\/dieter-jenz.de\/lc\/?s={search_term_string}\"},\"query-input\":{\"@type\":\"PropertyValueSpecification\",\"valueRequired\":true,\"valueName\":\"search_term_string\"}}],\"inLanguage\":\"de\"},{\"@type\":[\"Person\",\"Organization\"],\"@id\":\"https:\/\/dieter-jenz.de\/lc\/#\/schema\/person\/618cfd5c289d0a23930cb258a43679ab\",\"name\":\"Dieter Jenz\",\"image\":{\"@type\":\"ImageObject\",\"inLanguage\":\"de\",\"@id\":\"https:\/\/dieter-jenz.de\/lc\/#\/schema\/person\/image\/\",\"url\":\"https:\/\/dieter-jenz.de\/lc\/wp-content\/uploads\/2020\/01\/Logo-Coaching-und-Begleitung.png\",\"contentUrl\":\"https:\/\/dieter-jenz.de\/lc\/wp-content\/uploads\/2020\/01\/Logo-Coaching-und-Begleitung.png\",\"width\":320,\"height\":240,\"caption\":\"Dieter Jenz\"},\"logo\":{\"@id\":\"https:\/\/dieter-jenz.de\/lc\/#\/schema\/person\/image\/\"},\"description\":\"Ich bin Dieter Jenz, Begleiter, Berater und Coach mit Leidenschaft. \u00dcber viele Jahre hinweg habe ich einen reichen Schatz an Kompetenz und Erfahrung erworben. Meine Themen sind die \\\"4L\\\": Lebensaufgabe, Lebensplanung, Lebensnavigation und Lebensqualit\u00e4t.\",\"sameAs\":[\"https:\/\/www.facebook.com\/dieter.jenz.inspiration\",\"https:\/\/www.pinterest.de\/dieterjenz\/\",\"https:\/\/x.com\/https:\/\/twitter.com\/dieterjenz\"],\"url\":\"https:\/\/dieter-jenz.de\/lc\/author\/dieter\/\"}]}<\/script>\n<!-- \/ Yoast SEO plugin. -->","yoast_head_json":{"title":"Inspirierende Zitate von Carl Gustav Jung - tiefgr\u00fcndig, gehaltvoll","description":"Inspirierende Zitate von Carl Gustav Jung, Schweizer Psychiater und der Begr\u00fcnder der analytischen Psychologie. Erfahren Sie mehr.","robots":{"index":"index","follow":"follow","max-snippet":"max-snippet:-1","max-image-preview":"max-image-preview:large","max-video-preview":"max-video-preview:-1"},"canonical":"https:\/\/dieter-jenz.de\/lc\/10-inspirierende-zitate-von-carl-gustav-jung\/","og_locale":"de_DE","og_type":"article","og_title":"Inspirierende Zitate von Carl Gustav Jung - tiefgr\u00fcndig, gehaltvoll","og_description":"Inspirierende Zitate von Carl Gustav Jung, Schweizer Psychiater und der Begr\u00fcnder der analytischen Psychologie. Erfahren Sie mehr.","og_url":"https:\/\/dieter-jenz.de\/lc\/10-inspirierende-zitate-von-carl-gustav-jung\/","og_site_name":"Dieter Jenz, Begleitung und Coaching","article_publisher":"https:\/\/www.facebook.com\/dieter.jenz.inspiration","article_author":"https:\/\/www.facebook.com\/dieter.jenz.inspiration","article_published_time":"2019-12-27T07:09:53+00:00","article_modified_time":"2023-04-18T15:01:53+00:00","og_image":[{"width":735,"height":1102,"url":"https:\/\/dieter-jenz.de\/lc\/wp-content\/uploads\/2019\/12\/10-Zitate-Carl-Gustav-Jung.jpeg","type":"image\/jpeg"}],"author":"Dieter Jenz","twitter_card":"summary_large_image","twitter_creator":"@https:\/\/twitter.com\/dieterjenz","twitter_site":"@dieterjenz","twitter_misc":{"Verfasst von":"Dieter Jenz","Gesch\u00e4tzte Lesezeit":"9\u00a0Minuten"},"schema":{"@context":"https:\/\/schema.org","@graph":[{"@type":"Article","@id":"https:\/\/dieter-jenz.de\/lc\/10-inspirierende-zitate-von-carl-gustav-jung\/#article","isPartOf":{"@id":"https:\/\/dieter-jenz.de\/lc\/10-inspirierende-zitate-von-carl-gustav-jung\/"},"author":{"name":"Dieter Jenz","@id":"https:\/\/dieter-jenz.de\/lc\/#\/schema\/person\/618cfd5c289d0a23930cb258a43679ab"},"headline":"Inspirierende Zitate von Carl Gustav Jung &#8211; tiefgr\u00fcndig, gehaltvoll","datePublished":"2019-12-27T07:09:53+00:00","dateModified":"2023-04-18T15:01:53+00:00","mainEntityOfPage":{"@id":"https:\/\/dieter-jenz.de\/lc\/10-inspirierende-zitate-von-carl-gustav-jung\/"},"wordCount":1672,"publisher":{"@id":"https:\/\/dieter-jenz.de\/lc\/#\/schema\/person\/618cfd5c289d0a23930cb258a43679ab"},"image":{"@id":"https:\/\/dieter-jenz.de\/lc\/10-inspirierende-zitate-von-carl-gustav-jung\/#primaryimage"},"thumbnailUrl":"https:\/\/dieter-jenz.de\/lc\/wp-content\/uploads\/2019\/12\/10-Zitate-Carl-Gustav-Jung.jpeg","keywords":["Inspiration"],"articleSection":["Ermutigung und Inspiration","Jung, Carl Gustav","Zitatesammlungen (Personen)"],"inLanguage":"de"},{"@type":"WebPage","@id":"https:\/\/dieter-jenz.de\/lc\/10-inspirierende-zitate-von-carl-gustav-jung\/","url":"https:\/\/dieter-jenz.de\/lc\/10-inspirierende-zitate-von-carl-gustav-jung\/","name":"Inspirierende Zitate von Carl Gustav Jung - tiefgr\u00fcndig, gehaltvoll","isPartOf":{"@id":"https:\/\/dieter-jenz.de\/lc\/#website"},"primaryImageOfPage":{"@id":"https:\/\/dieter-jenz.de\/lc\/10-inspirierende-zitate-von-carl-gustav-jung\/#primaryimage"},"image":{"@id":"https:\/\/dieter-jenz.de\/lc\/10-inspirierende-zitate-von-carl-gustav-jung\/#primaryimage"},"thumbnailUrl":"https:\/\/dieter-jenz.de\/lc\/wp-content\/uploads\/2019\/12\/10-Zitate-Carl-Gustav-Jung.jpeg","datePublished":"2019-12-27T07:09:53+00:00","dateModified":"2023-04-18T15:01:53+00:00","description":"Inspirierende Zitate von Carl Gustav Jung, Schweizer Psychiater und der Begr\u00fcnder der analytischen Psychologie. Erfahren Sie mehr.","breadcrumb":{"@id":"https:\/\/dieter-jenz.de\/lc\/10-inspirierende-zitate-von-carl-gustav-jung\/#breadcrumb"},"inLanguage":"de","potentialAction":[{"@type":"ReadAction","target":["https:\/\/dieter-jenz.de\/lc\/10-inspirierende-zitate-von-carl-gustav-jung\/"]}]},{"@type":"ImageObject","inLanguage":"de","@id":"https:\/\/dieter-jenz.de\/lc\/10-inspirierende-zitate-von-carl-gustav-jung\/#primaryimage","url":"https:\/\/dieter-jenz.de\/lc\/wp-content\/uploads\/2019\/12\/10-Zitate-Carl-Gustav-Jung.jpeg","contentUrl":"https:\/\/dieter-jenz.de\/lc\/wp-content\/uploads\/2019\/12\/10-Zitate-Carl-Gustav-Jung.jpeg","width":735,"height":1102,"caption":"10 inspirierende Zitate von Carl Gustav Jung - Gestaltung: privat"},{"@type":"BreadcrumbList","@id":"https:\/\/dieter-jenz.de\/lc\/10-inspirierende-zitate-von-carl-gustav-jung\/#breadcrumb","itemListElement":[{"@type":"ListItem","position":1,"name":"Home","item":"https:\/\/dieter-jenz.de\/lc\/"},{"@type":"ListItem","position":2,"name":"Ermutigung und Inspiration","item":"https:\/\/dieter-jenz.de\/lc\/category\/ermutigung-und-inspiration\/"},{"@type":"ListItem","position":3,"name":"Inspirierende Zitate von Carl Gustav Jung &#8211; tiefgr\u00fcndig, gehaltvoll"}]},{"@type":"WebSite","@id":"https:\/\/dieter-jenz.de\/lc\/#website","url":"https:\/\/dieter-jenz.de\/lc\/","name":"Dieter Jenz, Begleitung und Coaching","description":"Die andere, neue Sichtweise entdecken - auftanken - neue Wege gehen","publisher":{"@id":"https:\/\/dieter-jenz.de\/lc\/#\/schema\/person\/618cfd5c289d0a23930cb258a43679ab"},"potentialAction":[{"@type":"SearchAction","target":{"@type":"EntryPoint","urlTemplate":"https:\/\/dieter-jenz.de\/lc\/?s={search_term_string}"},"query-input":{"@type":"PropertyValueSpecification","valueRequired":true,"valueName":"search_term_string"}}],"inLanguage":"de"},{"@type":["Person","Organization"],"@id":"https:\/\/dieter-jenz.de\/lc\/#\/schema\/person\/618cfd5c289d0a23930cb258a43679ab","name":"Dieter Jenz","image":{"@type":"ImageObject","inLanguage":"de","@id":"https:\/\/dieter-jenz.de\/lc\/#\/schema\/person\/image\/","url":"https:\/\/dieter-jenz.de\/lc\/wp-content\/uploads\/2020\/01\/Logo-Coaching-und-Begleitung.png","contentUrl":"https:\/\/dieter-jenz.de\/lc\/wp-content\/uploads\/2020\/01\/Logo-Coaching-und-Begleitung.png","width":320,"height":240,"caption":"Dieter Jenz"},"logo":{"@id":"https:\/\/dieter-jenz.de\/lc\/#\/schema\/person\/image\/"},"description":"Ich bin Dieter Jenz, Begleiter, Berater und Coach mit Leidenschaft. \u00dcber viele Jahre hinweg habe ich einen reichen Schatz an Kompetenz und Erfahrung erworben. Meine Themen sind die \"4L\": Lebensaufgabe, Lebensplanung, Lebensnavigation und Lebensqualit\u00e4t.","sameAs":["https:\/\/www.facebook.com\/dieter.jenz.inspiration","https:\/\/www.pinterest.de\/dieterjenz\/","https:\/\/x.com\/https:\/\/twitter.com\/dieterjenz"],"url":"https:\/\/dieter-jenz.de\/lc\/author\/dieter\/"}]}},"_links":{"self":[{"href":"https:\/\/dieter-jenz.de\/lc\/wp-json\/wp\/v2\/posts\/2661"}],"collection":[{"href":"https:\/\/dieter-jenz.de\/lc\/wp-json\/wp\/v2\/posts"}],"about":[{"href":"https:\/\/dieter-jenz.de\/lc\/wp-json\/wp\/v2\/types\/post"}],"author":[{"embeddable":true,"href":"https:\/\/dieter-jenz.de\/lc\/wp-json\/wp\/v2\/users\/2"}],"replies":[{"embeddable":true,"href":"https:\/\/dieter-jenz.de\/lc\/wp-json\/wp\/v2\/comments?post=2661"}],"version-history":[{"count":4,"href":"https:\/\/dieter-jenz.de\/lc\/wp-json\/wp\/v2\/posts\/2661\/revisions"}],"predecessor-version":[{"id":8613,"href":"https:\/\/dieter-jenz.de\/lc\/wp-json\/wp\/v2\/posts\/2661\/revisions\/8613"}],"wp:featuredmedia":[{"embeddable":true,"href":"https:\/\/dieter-jenz.de\/lc\/wp-json\/wp\/v2\/media\/2659"}],"wp:attachment":[{"href":"https:\/\/dieter-jenz.de\/lc\/wp-json\/wp\/v2\/media?parent=2661"}],"wp:term":[{"taxonomy":"category","embeddable":true,"href":"https:\/\/dieter-jenz.de\/lc\/wp-json\/wp\/v2\/categories?post=2661"},{"taxonomy":"post_tag","embeddable":true,"href":"https:\/\/dieter-jenz.de\/lc\/wp-json\/wp\/v2\/tags?post=2661"}],"curies":[{"name":"wp","href":"https:\/\/api.w.org\/{rel}","templated":true}]}}