{"id":3415,"date":"2020-03-31T09:05:21","date_gmt":"2020-03-31T08:05:21","guid":{"rendered":"https:\/\/dieter-jenz.de\/lc\/?p=3415"},"modified":"2020-04-07T07:28:31","modified_gmt":"2020-04-07T06:28:31","slug":"tipp-wie-kann-ich-in-der-krise-das-selbstvertrauen-staerken","status":"publish","type":"post","link":"https:\/\/dieter-jenz.de\/lc\/tipp-wie-kann-ich-in-der-krise-das-selbstvertrauen-staerken\/","title":{"rendered":"Wie kann ich in der Krise das Selbstvertrauen st\u00e4rken?"},"content":{"rendered":"\n<p>In der Krise das Selbstvertrauen st\u00e4rken? Wirtschaftliche und\/oder finanzielle Schwierigkeiten, gesundheitliche Probleme und so vieles mehr k\u00f6nnen einem schwer zusetzen. Wie kann man verhindern, dass man Selbstvertrauen und Selbstwertgef\u00fchl nicht verliert?<\/p>\n\n\n\n<div class=\"wp-block-image\"><figure class=\"aligncenter size-large is-resized\"><img loading=\"lazy\" decoding=\"async\" src=\"https:\/\/dieter-jenz.de\/lc\/wp-content\/uploads\/2020\/03\/Tipp-Etwas-Kreatives-Gestalten-683x1024.jpeg\" alt=\"Tipp: Etwas Kreatives Gestalten - Gestaltung: privat\" class=\"wp-image-3411\" width=\"300\" height=\"450\" srcset=\"https:\/\/dieter-jenz.de\/lc\/wp-content\/uploads\/2020\/03\/Tipp-Etwas-Kreatives-Gestalten-683x1024.jpeg 683w, https:\/\/dieter-jenz.de\/lc\/wp-content\/uploads\/2020\/03\/Tipp-Etwas-Kreatives-Gestalten-200x300.jpeg 200w, https:\/\/dieter-jenz.de\/lc\/wp-content\/uploads\/2020\/03\/Tipp-Etwas-Kreatives-Gestalten-540x810.jpeg 540w, https:\/\/dieter-jenz.de\/lc\/wp-content\/uploads\/2020\/03\/Tipp-Etwas-Kreatives-Gestalten-100x150.jpeg 100w, https:\/\/dieter-jenz.de\/lc\/wp-content\/uploads\/2020\/03\/Tipp-Etwas-Kreatives-Gestalten.jpeg 735w\" sizes=\"(max-width: 300px) 100vw, 300px\" \/><figcaption>Gestaltung: privat<\/figcaption><\/figure><\/div>\n\n\n\n<div class=\"wp-block-group\"><div class=\"wp-block-group__inner-container is-layout-flow wp-block-group-is-layout-flow\">\n<p>Die Coronavirus-Pandemie, die im Fr\u00fchjahr 2020 ihren Anfang nahm, traf die gesamte Bev\u00f6lkerung pl\u00f6tzlich, unvorbereitet und unverschuldet.<\/p>\n\n\n\n<p>Innerhalb weniger Tage ver\u00e4nderte sich die Lage in allen Bereichen der Gesellschaft drastisch. Das Wirtschaftsleben war stark beeintr\u00e4chtigt und dies hinterlie\u00df auch an den Finanzm\u00e4rkten tiefe Spuren.<\/p>\n\n\n\n<p>Schon nach relativ kurzer Zeit befanden sich viele L\u00e4nder mitten in einem Krisenmodus und ein Ende schien nicht abzusehen. Es stellte sich die Frage: Wie kann man eine so schwere Krise wie diese bew\u00e4ltigen?<\/p>\n\n\n\n<p>Die Coronavirus-Pandemie ist, so starke Auswirkungen sie auch mit sich brachte, doch nur eine Krise von vielen. In jeder Krise stehen Politik und Wirtschaft in der Verantwortung, auf ihren jeweiligen Gebieten Wege zur Krisenbew\u00e4ltigung zu finden, aufzuzeigen, verst\u00e4ndlich zu machen und diese Wege kraftvoll zum Wohl der Gesellschaft umzusetzen.<\/p>\n\n\n\n<p>Und dann ist in einer Krise jeder f\u00fcr sich auf ganz individuelle Weise betroffen. Vielleicht ist der Arbeitsplatz bedroht. Vielleicht f\u00e4llt das Einkommen aufgrund von Kurzarbeit geringer aus. Vielleicht hat man auch gar keine Einnahmen. Die Auspr\u00e4gungen der pers\u00f6nlichen Betroffenheit sind ganz unterschiedlich.<\/p>\n\n\n\n<p>Wie geht man mit der Krise auf der pers\u00f6nlichen Ebene um? Wie kann man die Krise bew\u00e4ltigen? Wie kann man gut f\u00fcr sich selbst sorgen?<\/p>\n\n\n\n<p>11 Tipps sollen Antworten auf diese Fragen geben und dabei unterst\u00fctzen, m\u00f6glichst gut durch eine tiefgreifende Krise zu kommen.<\/p>\n<\/div><\/div>\n\n\n\n<p>Dieser Tipp befasst sich mit der Frage, wie man in der Krise Selbstvertrauen und Selbstwertgef\u00fchl st\u00e4rken kann. Eine M\u00f6glichkeit besteht darin, etwas Kreatives zu tun.<\/p>\n\n\n\n<h2 class=\"wp-block-heading\"><strong>Tipp: Etwas Kreatives tun<\/strong><\/h2>\n\n\n\n<p>In der Krise kann man dazu neigen, sich gehen zu lassen. Manchmal f\u00e4llt es schwer, sich zu motivieren, aktiv zu werden und etwas zu unternehmen. Am liebsten m\u00f6chte man nur auf dem Sofa liegen.<\/p>\n\n\n\n<p>Seelische Belastungssituationen, wie sie in einer Krise auftreten, k\u00f6nnen zu einer depressiven Verstimmung f\u00fchren. M\u00fcdigkeit, Antriebslosigkeit, Niedergeschlagenheit, Traurigkeit \u2013 diese Gef\u00fchle und Empfindungen sind in Zeiten eines seelischen Tiefs nicht ungew\u00f6hnlich.<\/p>\n\n\n\n<p>Eine leichte seelische Verstimmung geht wieder vorbei und dauert normalerweise nicht l\u00e4nger als ein bis zwei Wochen. Positive Gef\u00fchle und Empfindungen setzen sich wieder durch. Man empfindet wieder Lebenskraft und Lebensfreude.<\/p>\n\n\n\n<p>Wenn jedoch diese Phase l\u00e4nger anh\u00e4lt und innere Leere und Freudlosigkeit zu dominieren beginnen, wenn man sich aus dem sozialen Netz zur\u00fcckzuziehen beginnt, kann dies auf eine Depression hindeuten. Dann w\u00e4re es sinnvoll, externe Unterst\u00fctzung zu suchen, beispielweise das Gespr\u00e4ch mit einem Psychotherapeuten.<\/p>\n\n\n\n<h3 class=\"wp-block-heading\"><strong>Welche Aktivit\u00e4ten sind zur St\u00e4rkung von Selbstvertrauen und Selbstwertgef\u00fchl geeignet?<\/strong><\/h3>\n\n\n\n<p>Wenn man sich in einer Phase depressiver Verstimmung und (noch) nicht in einer Depression befindet, sollte man gut f\u00fcr sich sorgen. Um die inneren Lebenskr\u00e4fte in einer Krisensituation zu kr\u00e4ftigen, kann man sich vornehmen, etwas Kreatives zu tun, was selbst in der Krise das Selbstvertrauen und auch das <a href=\"https:\/\/dieter-jenz.de\/lc\/das-selbstwertgefuehl-staerken-eine-kleine-anleitung\/\">Selbstwertgef\u00fchl st\u00e4rkt<\/a>. Die folgenden Kriterien k\u00f6nnen bei der Wahl leiten, welche Aktivit\u00e4ten f\u00fcr einen am besten geeignet sind. Sie sollen:<\/p>\n\n\n\n<ul><li>Spa\u00df machen und Freude bereiten,<\/li><li>Leicht und mit wenig Aufwand umsetzbar sein,<\/li><li>Kein besonderes Geschick verlangen,<\/li><li>Kein oder wenig Geld kosten,<\/li><li>Garantiert gelingen,<\/li><li>Etwas hervorbringen, was man brauchen kann,<\/li><li>In guter Erinnerung bleiben.<\/li><\/ul>\n\n\n\n<p>Wenn man sich vornimmt, etwas Kreatives zu tun, nimmt man sich gleichzeitig vor, etwas Neues, vorher noch nie Dagewesenes, zu schaffen. Man gestaltet aktiv etwas und schafft ein Unikat. Und wenn man damit fertig ist, kann man zu sich selbst sagen: \u201eIch habe etwas geschafft!\u201c.<\/p>\n\n\n\n<p>Es mag \u00dcberwindung kosten, sich aufzuraffen und etwas Neues zu beginnen. Meistens stellt man aber sehr schnell fest, dass man Spa\u00df und Freude an einer Sache hat. Und vielleicht ger\u00e4t man sogar in einen \u201eFlow\u201c, in einen Zustand, in dem man gewisserma\u00dfen v\u00f6llig in einer T\u00e4tigkeit aufgeht. Man erlebt eine Schaffenslust, das Zeitgef\u00fchl geht verloren.<\/p>\n\n\n\n<h3 class=\"wp-block-heading\"><strong>Kein Erfolgs- oder Erwartungsdruck<\/strong><\/h3>\n\n\n\n<p>Wichtig ist, dass man sich selbst nicht unter irgendeine Art von Erfolgs- oder Erwartungsdruck setzt. Wenn man das, was man machen m\u00f6chte, als Experiment betrachtet, nimmt man sich diesen Druck. Ein Experiment kann schiefgehen. Jeder wei\u00df das. Wenn das Experiment nicht gelingen sollte, ist es auch nicht weiter schlimm. Man hat schlie\u00dflich keine wertvollen, unersetzlichen Materialien eingesetzt. Und wenn das Experiment gelingt, ist es umso sch\u00f6ner.<\/p>\n\n\n\n<p>Man macht das, was man macht, nur f\u00fcr sich. Deshalb braucht man auch keine Sorge um sein Ansehen zu haben. Was andere dazu sagen oder sagen k\u00f6nnten, ist erst einmal nicht wichtig. In erster Linie muss einem selbst gefallen, was man tut.<\/p>\n\n\n\n<h3 class=\"wp-block-heading\"><strong>Ideen f\u00fcr den Anfang<\/strong><\/h3>\n\n\n\n<p>Jeder hat bestimmte Gaben und F\u00e4higkeiten. Manche Menschen sind handwerklich sehr geschickt, manche weniger. Die Ideen f\u00fcr den Anfang sind hier so gew\u00e4hlt, dass sie keine besondere handwerkliche Begabung erfordern.<\/p>\n\n\n\n<h4 class=\"wp-block-heading\"><strong>Kochen oder Backen<\/strong><\/h4>\n\n\n\n<p>Wenn man kreativ sein und etwas Neues schaffen will, kann ein Koch- und\/oder Backbuch nur ein Ausgangspunkt sein. Man kann sich ein Ausgangsrezept heraussuchen und wandelt es nach Belieben ab. Warum nicht eine oder mehrere neue Zutaten verwenden?<\/p>\n\n\n\n<p>Beim Backen kann man sich beispielsweise neue Formen einfallen lassen. Warum sich nicht eine v\u00f6llig neue, vielleicht bizarre Form ausdenken? Und wie ist es mit der Glasur oder der Verzierung? Hier kann man sich Unkonventionelles einfallen lassen.<\/p>\n\n\n\n<p>Wenn man alleine sein will und vielleicht (noch) nicht soweit ist, andere zum gemeinsamen Verspeisen des fertigen Produkts einzuladen, kann man es auch alleine genie\u00dfen. In jedem Fall hat man etwas f\u00fcr sich geschaffen, was man ohnehin gut brauchen kann. Nahrung ist schlie\u00dflich ein Grundbed\u00fcrfnis.<\/p>\n\n\n\n<h4 class=\"wp-block-heading\"><strong>Skulptur gestalten<\/strong><\/h4>\n\n\n\n<p>Warum nicht eine Skulptur gestalten? Man braucht kein geschickter K\u00fcnstler zu sein, um so etwas hinzubekommen. Es ist ja nur f\u00fcr einen selbst und die Skulptur wird nirgends ausgestellt, au\u00dfer vielleicht im eigenen Garten, auf der Terrasse oder dem Balkon. Und das Urteil anderer, wie gelungen die Skulptur geworden ist, kann einem gleichg\u00fcltig sein.<\/p>\n\n\n\n<p>Wenn man ohne oder mit nur wenig Geld auskommen will, kann man sich auf Gegenst\u00e4nde beschr\u00e4nken, die man schon hat. Irgendwo gibt es sicher irgendwelche Metall-, Kunststoff- oder Holzst\u00fccke, die man nicht ben\u00f6tigt. Diese kann man dann, je nachdem, welche Ausr\u00fcstung man hat, zusammenschrauben, \u2011schwei\u00dfen, \u2011l\u00f6ten oder \u2011kleben. Falls man selbst nichts Geeignetes hat, kann man vielleicht bei Freunden, Bekannten oder bei \u00f6rtlichen Handwerksbetrieben nach Metallschrott oder dergleichen fragen.<\/p>\n\n\n\n<p>Von Komplexit\u00e4t und Umfang her sind einem keine Grenzen gesetzt. Man kann sich eine kleine Skulptur vornehmen, die man an einem Tag fertigstellen kann. Oder man nimmt sich etwas Gr\u00f6\u00dferes vor und arbeitet daran weiter, so wie man eben Zeit hat.<\/p>\n\n\n\n<div class=\"wp-block-image\"><figure class=\"aligncenter size-large\"><img loading=\"lazy\" decoding=\"async\" width=\"672\" height=\"448\" src=\"https:\/\/dieter-jenz.de\/lc\/wp-content\/uploads\/2020\/03\/Kunst-Jen-Theodore-Unsplash.jpg\" alt=\"Skulptur, Foto: Jen Theodore, Unsplash, Selbstvertrauen in der Krise st\u00e4rken\" class=\"wp-image-3413\" srcset=\"https:\/\/dieter-jenz.de\/lc\/wp-content\/uploads\/2020\/03\/Kunst-Jen-Theodore-Unsplash.jpg 672w, https:\/\/dieter-jenz.de\/lc\/wp-content\/uploads\/2020\/03\/Kunst-Jen-Theodore-Unsplash-300x200.jpg 300w, https:\/\/dieter-jenz.de\/lc\/wp-content\/uploads\/2020\/03\/Kunst-Jen-Theodore-Unsplash-540x360.jpg 540w, https:\/\/dieter-jenz.de\/lc\/wp-content\/uploads\/2020\/03\/Kunst-Jen-Theodore-Unsplash-150x100.jpg 150w\" sizes=\"(max-width: 672px) 100vw, 672px\" \/><figcaption>Foto: Jen Theodore, Unsplash<\/figcaption><\/figure><\/div>\n\n\n\n<p>Eine Skulptur ist ein dauerhaftes Erinnerungsst\u00fcck. Sie erinnert einen immer wieder daran, dass man mitten in einer Krise etwas Kreatives zustande gebracht hat, f\u00fcr sein Selbstvertrauen gesorgt hat, und dass man es geschafft und die Krise \u00fcberstanden hat.<\/p>\n\n\n\n<h4 class=\"wp-block-heading\"><strong>Mobile, Blumenvase und Weiteres<\/strong><\/h4>\n\n\n\n<p>Wer sich nicht viel Zeit nehmen kann oder m\u00f6chte, kann sich ein kleines Kreativit\u00e4tsprojekt vornehmen. Warum nicht ein Mobile gestalten? Der Kreativit\u00e4t sind hinsichtlich der Materialien keine Grenzen gesetzt. Alte Besteckteile, Platinen oder Christbaumkugeln eignen sich beispielsweise dazu, das Mobile zu best\u00fccken.?<\/p>\n\n\n\n<div class=\"wp-block-image\"><figure class=\"aligncenter size-large\"><img loading=\"lazy\" decoding=\"async\" width=\"672\" height=\"448\" src=\"https:\/\/dieter-jenz.de\/lc\/wp-content\/uploads\/2020\/03\/Kunst-Sahra-Peterson-Unsplash.jpg\" alt=\"Wurzel, Foto: Sahra Peterson, Unsplash, Selbstvertrauen in der Krise st\u00e4rken\" class=\"wp-image-3414\" srcset=\"https:\/\/dieter-jenz.de\/lc\/wp-content\/uploads\/2020\/03\/Kunst-Sahra-Peterson-Unsplash.jpg 672w, https:\/\/dieter-jenz.de\/lc\/wp-content\/uploads\/2020\/03\/Kunst-Sahra-Peterson-Unsplash-300x200.jpg 300w, https:\/\/dieter-jenz.de\/lc\/wp-content\/uploads\/2020\/03\/Kunst-Sahra-Peterson-Unsplash-540x360.jpg 540w, https:\/\/dieter-jenz.de\/lc\/wp-content\/uploads\/2020\/03\/Kunst-Sahra-Peterson-Unsplash-150x100.jpg 150w\" sizes=\"(max-width: 672px) 100vw, 672px\" \/><figcaption>Foto: Sahra Peterson, Unsplash<\/figcaption><\/figure><\/div>\n\n\n\n<p>Oder wie w\u00e4re es damit, einer alten Blumenvase kreativ ein neues Aussehen zu geben? Oder ausgegrabenes Wurzelwerk zu verzieren? Ein Bild malen, etwas stricken oder h\u00e4keln, \u2026 Die kreativen Gestaltungsm\u00f6glichkeiten sind grenzenlos.<\/p>\n\n\n\n<h3 class=\"wp-block-heading\"><strong>Worauf kommt es an?<\/strong><\/h3>\n\n\n\n<p>In einer Krise oder wenn der gew\u00fcnschte Erfolg ausbleibt, man R\u00fcckschl\u00e4ge erlebt, k\u00f6nnen Selbstwertgef\u00fchl und Selbstvertrauen leiden. In der subjektiven Sicht meint man, man k\u00f6nne weniger als andere, sei weniger wert als andere. Man neigt dazu, sich mit anderen zu vergleichen und sich selbst abzuwerten.<\/p>\n\n\n\n<p>Wenn man etwas Kreatives schafft, arbeitet man aktiv gegen Selbstabwertung und tut etwas f\u00fcr die Selbstaufwertung. Man sieht ein konkretes Ergebnis seines Schaffens, nicht erst wenn das gew\u00fcnschte Produkt fertig ist, sondern auch schon w\u00e4hrend des Gestaltens.<\/p>\n\n\n\n<p>Das, was man dann geschaffen hat, gef\u00e4llt einem selbst. Wenn es einem jedoch nicht gefallen sollte, kann man ja nochmals neu beginnen und etwas anderes schaffen. Man lernt schlie\u00dflich aus Erfahrung und beim n\u00e4chsten Mal macht man es besser oder sch\u00f6ner. Wichtig ist, sich selbst unter keinerlei Druck zu setzen.<\/p>\n\n\n\n<h3 class=\"wp-block-heading\"><strong>Zusammen kreativ sein<\/strong><\/h3>\n\n\n\n<p>In einer Phase depressiver Verstimmung mag es sein, dass man sich, bildlich gesprochen, in seine H\u00f6hle verkriechen m\u00f6chte. Dann setzt man sich aber der Gefahr aus, das seelische Tief noch zu verst\u00e4rken. Deshalb sollte man sich dazu aufraffen, mit Familie, Freunden und Bekannten in Kontakt zu bleiben und das soziale Netz nicht vernachl\u00e4ssigen.<\/p>\n\n\n\n<p>Die M\u00f6glichkeiten der modernen Kommunikation helfen dabei, die eigene Hemmschwelle zu \u00fcberwinden. Wenn man sich mit jemandem treffen m\u00f6chte, muss man sich nicht mehr ins Auto oder ein anderes Verkehrsmittel setzen. \u00dcber Skype, FaceTime und weitere Medien kann man online miteinander kommunizieren, nicht nur zu zweit, sondern auch in einer Gruppe.<\/p>\n\n\n\n<p>Wenn man sich nicht (mehr) pers\u00f6nlich treffen kann, wie in Zeiten eingeschr\u00e4nkter Bewegungsfreiheit (beispielsweise aufgrund der Coronavirus-Pandemie), erweisen sich die modernen Kommunikationsmittel als sehr hilfreich. Das soziale Netzwerk kann bestehen bleiben und man kann sich zu gemeinsamen virtuellen Zusammenk\u00fcnften verabreden. Warum also nicht gemeinsam etwas Kreatives gestalten? Jede(r) kann, den jeweiligen Gaben und F\u00e4higkeiten entsprechend, etwas beitragen und einbringen. Und zum Schluss kann, wenn man denn m\u00f6chte, alles zu einem Gesamtkunstwerk vereinigt werden.<\/p>\n\n\n\n<p>Wenn ein starkes Gemeinschaftsgef\u00fchl vorhanden ist, ohne Konkurrenzdenken und getragen von gegenseitigem Respekt, st\u00e4rkt das gemeinsame kreative Projekt alle Beteiligten. Man hat gemeinsam eine schwierige Zeit durchgestanden und dies verbindet.<\/p>\n\n\n\n<h3 class=\"wp-block-heading\"><strong>Im Tagebuch festhalten<\/strong><\/h3>\n\n\n\n<p>Was man w\u00e4hrend des kreativen Projekts erlebt, kann man in einem Tagebuch festhalten. Es hilft einem in einer schwierigen Zeit seine Gedanken zu sortieren, aber nicht nur. Sp\u00e4ter, wenn man wieder einmal in ein seelisches Tief geraten sollte, kann man darauf zur\u00fcckgreifen. Dann kann man sich sehr viel besser daran erinnern, wie es einem ergangen ist und was man gedacht hat. Au\u00dferdem wird wieder neu bewusst, was man geschafft hat.<\/p>\n\n\n\n<h3 class=\"wp-block-heading\"><strong>Was bleibt?<\/strong><\/h3>\n\n\n\n<p>Vielleicht bleibt nichts \u00fcbrig. Das wird dann so sein, wenn man etwas gekocht oder gebacken hat. Dann hat man es hoffentlich mit Genuss verspeist, vielleicht gemeinsam mit anderen.<\/p>\n\n\n\n<p>Vielleicht steht eine Skulptur im Garten, ein Bild h\u00e4ngt an der Wand, eine sch\u00f6n dekorierte Vase steht auf dem Tisch. Oder hat man eine andere bleibende Erinnerung. Das kreative Projekt, ob klein oder gro\u00df, hat mit dazu beigetragen, das Selbstwertgef\u00fchl zu st\u00e4rken.<\/p>\n\n\n\n<p>M\u00f6glicherweise hat man bei sich etwas Neues entdeckt. Man hat f\u00fcr sich best\u00e4tigt, dass man etwas kann und etwas zustande bringt. Man ist gewachsen, ist nicht stehen geblieben. In der sp\u00e4teren R\u00fcckschau wird man die gemachten Erfahrungen als wertvoll und bereichernd empfinden. Und wenn man sich etwas \u00fcberwinden musste, wird man erkennen, dass es sich gelohnt hat.<\/p>\n\n\n\n<p>Eine Krisensituation w\u00e4hrt nicht f\u00fcr immer. Sie wird zu einem Ende kommen. man seine Chancen, gut durch die Krise zu kommen, wenn es gelingt, dass man mitten in einer Krisensituation gut f\u00fcr sich sorgen und sein Selbstvertrauen und Selbstwertgef\u00fchl durch kreative Aktivit\u00e4ten st\u00e4rken kann.<\/p>\n\n\n\n<div class=\"wp-block-buttons aligncenter is-layout-flex wp-block-buttons-is-layout-flex\">\n<div class=\"wp-block-button\"><a class=\"wp-block-button__link\" href=\"https:\/\/dieter-jenz.de\/lc\/category\/tipps\/\" target=\"_blank\" rel=\"noreferrer noopener\">Alle Tipps f\u00fcr die Krise<\/a><\/div>\n<\/div>\n","protected":false},"excerpt":{"rendered":"<p>In der Krise das Selbstvertrauen st\u00e4rken? Wirtschaftliche und\/oder finanzielle Schwierigkeiten, gesundheitliche Probleme und so vieles mehr k\u00f6nnen einem schwer zusetzen. Wie kann man verhindern, dass man Selbstvertrauen und&hellip;<\/p>\n","protected":false},"author":2,"featured_media":3411,"comment_status":"closed","ping_status":"open","sticky":false,"template":"template-full-width-only-content.php","format":"standard","meta":{"footnotes":""},"categories":[80],"tags":[13],"yoast_head":"<!-- This site is optimized with the Yoast SEO plugin v24.5 - https:\/\/yoast.com\/wordpress\/plugins\/seo\/ -->\n<title>Wie kann ich in der Krise das Selbstvertrauen st\u00e4rken?<\/title>\n<meta name=\"description\" content=\"In der Krise das Selbstvertrauen st\u00e4rken? Wie kann man etwas f\u00fcr sein Selbstvertrauen tun und es sogar in der Krise st\u00e4rken?\" \/>\n<meta name=\"robots\" content=\"index, follow, max-snippet:-1, max-image-preview:large, max-video-preview:-1\" \/>\n<link rel=\"canonical\" href=\"https:\/\/dieter-jenz.de\/lc\/tipp-wie-kann-ich-in-der-krise-das-selbstvertrauen-staerken\/\" \/>\n<meta property=\"og:locale\" content=\"de_DE\" \/>\n<meta property=\"og:type\" content=\"article\" \/>\n<meta property=\"og:title\" content=\"Wie kann ich in der Krise das Selbstvertrauen st\u00e4rken?\" \/>\n<meta property=\"og:description\" content=\"In der Krise das Selbstvertrauen st\u00e4rken? Wie kann man etwas f\u00fcr sein Selbstvertrauen tun und es sogar in der Krise st\u00e4rken?\" \/>\n<meta property=\"og:url\" content=\"https:\/\/dieter-jenz.de\/lc\/tipp-wie-kann-ich-in-der-krise-das-selbstvertrauen-staerken\/\" \/>\n<meta property=\"og:site_name\" content=\"Dieter Jenz, Begleitung und Coaching\" \/>\n<meta property=\"article:publisher\" content=\"https:\/\/www.facebook.com\/dieter.jenz.inspiration\" \/>\n<meta property=\"article:author\" content=\"https:\/\/www.facebook.com\/dieter.jenz.inspiration\" \/>\n<meta property=\"article:published_time\" content=\"2020-03-31T08:05:21+00:00\" \/>\n<meta property=\"article:modified_time\" content=\"2020-04-07T06:28:31+00:00\" \/>\n<meta property=\"og:image\" content=\"https:\/\/dieter-jenz.de\/lc\/wp-content\/uploads\/2020\/03\/Tipp-Etwas-Kreatives-Gestalten.jpeg\" \/>\n\t<meta property=\"og:image:width\" content=\"735\" \/>\n\t<meta property=\"og:image:height\" content=\"1102\" \/>\n\t<meta property=\"og:image:type\" content=\"image\/jpeg\" \/>\n<meta name=\"author\" content=\"Dieter Jenz\" \/>\n<meta name=\"twitter:card\" content=\"summary_large_image\" \/>\n<meta name=\"twitter:creator\" content=\"@https:\/\/twitter.com\/dieterjenz\" \/>\n<meta name=\"twitter:site\" content=\"@dieterjenz\" \/>\n<meta name=\"twitter:label1\" content=\"Verfasst von\" \/>\n\t<meta name=\"twitter:data1\" content=\"Dieter Jenz\" \/>\n\t<meta name=\"twitter:label2\" content=\"Gesch\u00e4tzte Lesezeit\" \/>\n\t<meta name=\"twitter:data2\" content=\"8\u00a0Minuten\" \/>\n<script type=\"application\/ld+json\" class=\"yoast-schema-graph\">{\"@context\":\"https:\/\/schema.org\",\"@graph\":[{\"@type\":\"Article\",\"@id\":\"https:\/\/dieter-jenz.de\/lc\/tipp-wie-kann-ich-in-der-krise-das-selbstvertrauen-staerken\/#article\",\"isPartOf\":{\"@id\":\"https:\/\/dieter-jenz.de\/lc\/tipp-wie-kann-ich-in-der-krise-das-selbstvertrauen-staerken\/\"},\"author\":{\"name\":\"Dieter Jenz\",\"@id\":\"https:\/\/dieter-jenz.de\/lc\/#\/schema\/person\/618cfd5c289d0a23930cb258a43679ab\"},\"headline\":\"Wie kann ich in der Krise das Selbstvertrauen st\u00e4rken?\",\"datePublished\":\"2020-03-31T08:05:21+00:00\",\"dateModified\":\"2020-04-07T06:28:31+00:00\",\"mainEntityOfPage\":{\"@id\":\"https:\/\/dieter-jenz.de\/lc\/tipp-wie-kann-ich-in-der-krise-das-selbstvertrauen-staerken\/\"},\"wordCount\":1692,\"publisher\":{\"@id\":\"https:\/\/dieter-jenz.de\/lc\/#\/schema\/person\/618cfd5c289d0a23930cb258a43679ab\"},\"image\":{\"@id\":\"https:\/\/dieter-jenz.de\/lc\/tipp-wie-kann-ich-in-der-krise-das-selbstvertrauen-staerken\/#primaryimage\"},\"thumbnailUrl\":\"https:\/\/dieter-jenz.de\/lc\/wp-content\/uploads\/2020\/03\/Tipp-Etwas-Kreatives-Gestalten.jpeg\",\"keywords\":[\"Seele\"],\"articleSection\":[\"Tipps f\u00fcr die Krise\"],\"inLanguage\":\"de\"},{\"@type\":\"WebPage\",\"@id\":\"https:\/\/dieter-jenz.de\/lc\/tipp-wie-kann-ich-in-der-krise-das-selbstvertrauen-staerken\/\",\"url\":\"https:\/\/dieter-jenz.de\/lc\/tipp-wie-kann-ich-in-der-krise-das-selbstvertrauen-staerken\/\",\"name\":\"Wie kann ich in der Krise das Selbstvertrauen st\u00e4rken?\",\"isPartOf\":{\"@id\":\"https:\/\/dieter-jenz.de\/lc\/#website\"},\"primaryImageOfPage\":{\"@id\":\"https:\/\/dieter-jenz.de\/lc\/tipp-wie-kann-ich-in-der-krise-das-selbstvertrauen-staerken\/#primaryimage\"},\"image\":{\"@id\":\"https:\/\/dieter-jenz.de\/lc\/tipp-wie-kann-ich-in-der-krise-das-selbstvertrauen-staerken\/#primaryimage\"},\"thumbnailUrl\":\"https:\/\/dieter-jenz.de\/lc\/wp-content\/uploads\/2020\/03\/Tipp-Etwas-Kreatives-Gestalten.jpeg\",\"datePublished\":\"2020-03-31T08:05:21+00:00\",\"dateModified\":\"2020-04-07T06:28:31+00:00\",\"description\":\"In der Krise das Selbstvertrauen st\u00e4rken? Wie kann man etwas f\u00fcr sein Selbstvertrauen tun und es sogar in der Krise st\u00e4rken?\",\"breadcrumb\":{\"@id\":\"https:\/\/dieter-jenz.de\/lc\/tipp-wie-kann-ich-in-der-krise-das-selbstvertrauen-staerken\/#breadcrumb\"},\"inLanguage\":\"de\",\"potentialAction\":[{\"@type\":\"ReadAction\",\"target\":[\"https:\/\/dieter-jenz.de\/lc\/tipp-wie-kann-ich-in-der-krise-das-selbstvertrauen-staerken\/\"]}]},{\"@type\":\"ImageObject\",\"inLanguage\":\"de\",\"@id\":\"https:\/\/dieter-jenz.de\/lc\/tipp-wie-kann-ich-in-der-krise-das-selbstvertrauen-staerken\/#primaryimage\",\"url\":\"https:\/\/dieter-jenz.de\/lc\/wp-content\/uploads\/2020\/03\/Tipp-Etwas-Kreatives-Gestalten.jpeg\",\"contentUrl\":\"https:\/\/dieter-jenz.de\/lc\/wp-content\/uploads\/2020\/03\/Tipp-Etwas-Kreatives-Gestalten.jpeg\",\"width\":735,\"height\":1102,\"caption\":\"Tipp: Etwas Kreatives Gestalten - Gestaltung: privat\"},{\"@type\":\"BreadcrumbList\",\"@id\":\"https:\/\/dieter-jenz.de\/lc\/tipp-wie-kann-ich-in-der-krise-das-selbstvertrauen-staerken\/#breadcrumb\",\"itemListElement\":[{\"@type\":\"ListItem\",\"position\":1,\"name\":\"Home\",\"item\":\"https:\/\/dieter-jenz.de\/lc\/\"},{\"@type\":\"ListItem\",\"position\":2,\"name\":\"Tipps f\u00fcr die Krise\",\"item\":\"https:\/\/dieter-jenz.de\/lc\/category\/tipps\/\"},{\"@type\":\"ListItem\",\"position\":3,\"name\":\"Wie kann ich in der Krise das Selbstvertrauen st\u00e4rken?\"}]},{\"@type\":\"WebSite\",\"@id\":\"https:\/\/dieter-jenz.de\/lc\/#website\",\"url\":\"https:\/\/dieter-jenz.de\/lc\/\",\"name\":\"Dieter Jenz, Begleitung und Coaching\",\"description\":\"Die andere, neue Sichtweise entdecken - auftanken - neue Wege gehen\",\"publisher\":{\"@id\":\"https:\/\/dieter-jenz.de\/lc\/#\/schema\/person\/618cfd5c289d0a23930cb258a43679ab\"},\"potentialAction\":[{\"@type\":\"SearchAction\",\"target\":{\"@type\":\"EntryPoint\",\"urlTemplate\":\"https:\/\/dieter-jenz.de\/lc\/?s={search_term_string}\"},\"query-input\":{\"@type\":\"PropertyValueSpecification\",\"valueRequired\":true,\"valueName\":\"search_term_string\"}}],\"inLanguage\":\"de\"},{\"@type\":[\"Person\",\"Organization\"],\"@id\":\"https:\/\/dieter-jenz.de\/lc\/#\/schema\/person\/618cfd5c289d0a23930cb258a43679ab\",\"name\":\"Dieter Jenz\",\"image\":{\"@type\":\"ImageObject\",\"inLanguage\":\"de\",\"@id\":\"https:\/\/dieter-jenz.de\/lc\/#\/schema\/person\/image\/\",\"url\":\"https:\/\/dieter-jenz.de\/lc\/wp-content\/uploads\/2020\/01\/Logo-Coaching-und-Begleitung.png\",\"contentUrl\":\"https:\/\/dieter-jenz.de\/lc\/wp-content\/uploads\/2020\/01\/Logo-Coaching-und-Begleitung.png\",\"width\":320,\"height\":240,\"caption\":\"Dieter Jenz\"},\"logo\":{\"@id\":\"https:\/\/dieter-jenz.de\/lc\/#\/schema\/person\/image\/\"},\"description\":\"Ich bin Dieter Jenz, Begleiter, Berater und Coach mit Leidenschaft. \u00dcber viele Jahre hinweg habe ich einen reichen Schatz an Kompetenz und Erfahrung erworben. Meine Themen sind die \\\"4L\\\": Lebensaufgabe, Lebensplanung, Lebensnavigation und Lebensqualit\u00e4t.\",\"sameAs\":[\"https:\/\/www.facebook.com\/dieter.jenz.inspiration\",\"https:\/\/www.pinterest.de\/dieterjenz\/\",\"https:\/\/x.com\/https:\/\/twitter.com\/dieterjenz\"],\"url\":\"https:\/\/dieter-jenz.de\/lc\/author\/dieter\/\"}]}<\/script>\n<!-- \/ Yoast SEO plugin. -->","yoast_head_json":{"title":"Wie kann ich in der Krise das Selbstvertrauen st\u00e4rken?","description":"In der Krise das Selbstvertrauen st\u00e4rken? Wie kann man etwas f\u00fcr sein Selbstvertrauen tun und es sogar in der Krise st\u00e4rken?","robots":{"index":"index","follow":"follow","max-snippet":"max-snippet:-1","max-image-preview":"max-image-preview:large","max-video-preview":"max-video-preview:-1"},"canonical":"https:\/\/dieter-jenz.de\/lc\/tipp-wie-kann-ich-in-der-krise-das-selbstvertrauen-staerken\/","og_locale":"de_DE","og_type":"article","og_title":"Wie kann ich in der Krise das Selbstvertrauen st\u00e4rken?","og_description":"In der Krise das Selbstvertrauen st\u00e4rken? Wie kann man etwas f\u00fcr sein Selbstvertrauen tun und es sogar in der Krise st\u00e4rken?","og_url":"https:\/\/dieter-jenz.de\/lc\/tipp-wie-kann-ich-in-der-krise-das-selbstvertrauen-staerken\/","og_site_name":"Dieter Jenz, Begleitung und Coaching","article_publisher":"https:\/\/www.facebook.com\/dieter.jenz.inspiration","article_author":"https:\/\/www.facebook.com\/dieter.jenz.inspiration","article_published_time":"2020-03-31T08:05:21+00:00","article_modified_time":"2020-04-07T06:28:31+00:00","og_image":[{"width":735,"height":1102,"url":"https:\/\/dieter-jenz.de\/lc\/wp-content\/uploads\/2020\/03\/Tipp-Etwas-Kreatives-Gestalten.jpeg","type":"image\/jpeg"}],"author":"Dieter Jenz","twitter_card":"summary_large_image","twitter_creator":"@https:\/\/twitter.com\/dieterjenz","twitter_site":"@dieterjenz","twitter_misc":{"Verfasst von":"Dieter Jenz","Gesch\u00e4tzte Lesezeit":"8\u00a0Minuten"},"schema":{"@context":"https:\/\/schema.org","@graph":[{"@type":"Article","@id":"https:\/\/dieter-jenz.de\/lc\/tipp-wie-kann-ich-in-der-krise-das-selbstvertrauen-staerken\/#article","isPartOf":{"@id":"https:\/\/dieter-jenz.de\/lc\/tipp-wie-kann-ich-in-der-krise-das-selbstvertrauen-staerken\/"},"author":{"name":"Dieter Jenz","@id":"https:\/\/dieter-jenz.de\/lc\/#\/schema\/person\/618cfd5c289d0a23930cb258a43679ab"},"headline":"Wie kann ich in der Krise das Selbstvertrauen st\u00e4rken?","datePublished":"2020-03-31T08:05:21+00:00","dateModified":"2020-04-07T06:28:31+00:00","mainEntityOfPage":{"@id":"https:\/\/dieter-jenz.de\/lc\/tipp-wie-kann-ich-in-der-krise-das-selbstvertrauen-staerken\/"},"wordCount":1692,"publisher":{"@id":"https:\/\/dieter-jenz.de\/lc\/#\/schema\/person\/618cfd5c289d0a23930cb258a43679ab"},"image":{"@id":"https:\/\/dieter-jenz.de\/lc\/tipp-wie-kann-ich-in-der-krise-das-selbstvertrauen-staerken\/#primaryimage"},"thumbnailUrl":"https:\/\/dieter-jenz.de\/lc\/wp-content\/uploads\/2020\/03\/Tipp-Etwas-Kreatives-Gestalten.jpeg","keywords":["Seele"],"articleSection":["Tipps f\u00fcr die Krise"],"inLanguage":"de"},{"@type":"WebPage","@id":"https:\/\/dieter-jenz.de\/lc\/tipp-wie-kann-ich-in-der-krise-das-selbstvertrauen-staerken\/","url":"https:\/\/dieter-jenz.de\/lc\/tipp-wie-kann-ich-in-der-krise-das-selbstvertrauen-staerken\/","name":"Wie kann ich in der Krise das Selbstvertrauen st\u00e4rken?","isPartOf":{"@id":"https:\/\/dieter-jenz.de\/lc\/#website"},"primaryImageOfPage":{"@id":"https:\/\/dieter-jenz.de\/lc\/tipp-wie-kann-ich-in-der-krise-das-selbstvertrauen-staerken\/#primaryimage"},"image":{"@id":"https:\/\/dieter-jenz.de\/lc\/tipp-wie-kann-ich-in-der-krise-das-selbstvertrauen-staerken\/#primaryimage"},"thumbnailUrl":"https:\/\/dieter-jenz.de\/lc\/wp-content\/uploads\/2020\/03\/Tipp-Etwas-Kreatives-Gestalten.jpeg","datePublished":"2020-03-31T08:05:21+00:00","dateModified":"2020-04-07T06:28:31+00:00","description":"In der Krise das Selbstvertrauen st\u00e4rken? Wie kann man etwas f\u00fcr sein Selbstvertrauen tun und es sogar in der Krise st\u00e4rken?","breadcrumb":{"@id":"https:\/\/dieter-jenz.de\/lc\/tipp-wie-kann-ich-in-der-krise-das-selbstvertrauen-staerken\/#breadcrumb"},"inLanguage":"de","potentialAction":[{"@type":"ReadAction","target":["https:\/\/dieter-jenz.de\/lc\/tipp-wie-kann-ich-in-der-krise-das-selbstvertrauen-staerken\/"]}]},{"@type":"ImageObject","inLanguage":"de","@id":"https:\/\/dieter-jenz.de\/lc\/tipp-wie-kann-ich-in-der-krise-das-selbstvertrauen-staerken\/#primaryimage","url":"https:\/\/dieter-jenz.de\/lc\/wp-content\/uploads\/2020\/03\/Tipp-Etwas-Kreatives-Gestalten.jpeg","contentUrl":"https:\/\/dieter-jenz.de\/lc\/wp-content\/uploads\/2020\/03\/Tipp-Etwas-Kreatives-Gestalten.jpeg","width":735,"height":1102,"caption":"Tipp: Etwas Kreatives Gestalten - Gestaltung: privat"},{"@type":"BreadcrumbList","@id":"https:\/\/dieter-jenz.de\/lc\/tipp-wie-kann-ich-in-der-krise-das-selbstvertrauen-staerken\/#breadcrumb","itemListElement":[{"@type":"ListItem","position":1,"name":"Home","item":"https:\/\/dieter-jenz.de\/lc\/"},{"@type":"ListItem","position":2,"name":"Tipps f\u00fcr die Krise","item":"https:\/\/dieter-jenz.de\/lc\/category\/tipps\/"},{"@type":"ListItem","position":3,"name":"Wie kann ich in der Krise das Selbstvertrauen st\u00e4rken?"}]},{"@type":"WebSite","@id":"https:\/\/dieter-jenz.de\/lc\/#website","url":"https:\/\/dieter-jenz.de\/lc\/","name":"Dieter Jenz, Begleitung und Coaching","description":"Die andere, neue Sichtweise entdecken - auftanken - neue Wege gehen","publisher":{"@id":"https:\/\/dieter-jenz.de\/lc\/#\/schema\/person\/618cfd5c289d0a23930cb258a43679ab"},"potentialAction":[{"@type":"SearchAction","target":{"@type":"EntryPoint","urlTemplate":"https:\/\/dieter-jenz.de\/lc\/?s={search_term_string}"},"query-input":{"@type":"PropertyValueSpecification","valueRequired":true,"valueName":"search_term_string"}}],"inLanguage":"de"},{"@type":["Person","Organization"],"@id":"https:\/\/dieter-jenz.de\/lc\/#\/schema\/person\/618cfd5c289d0a23930cb258a43679ab","name":"Dieter Jenz","image":{"@type":"ImageObject","inLanguage":"de","@id":"https:\/\/dieter-jenz.de\/lc\/#\/schema\/person\/image\/","url":"https:\/\/dieter-jenz.de\/lc\/wp-content\/uploads\/2020\/01\/Logo-Coaching-und-Begleitung.png","contentUrl":"https:\/\/dieter-jenz.de\/lc\/wp-content\/uploads\/2020\/01\/Logo-Coaching-und-Begleitung.png","width":320,"height":240,"caption":"Dieter Jenz"},"logo":{"@id":"https:\/\/dieter-jenz.de\/lc\/#\/schema\/person\/image\/"},"description":"Ich bin Dieter Jenz, Begleiter, Berater und Coach mit Leidenschaft. \u00dcber viele Jahre hinweg habe ich einen reichen Schatz an Kompetenz und Erfahrung erworben. Meine Themen sind die \"4L\": Lebensaufgabe, Lebensplanung, Lebensnavigation und Lebensqualit\u00e4t.","sameAs":["https:\/\/www.facebook.com\/dieter.jenz.inspiration","https:\/\/www.pinterest.de\/dieterjenz\/","https:\/\/x.com\/https:\/\/twitter.com\/dieterjenz"],"url":"https:\/\/dieter-jenz.de\/lc\/author\/dieter\/"}]}},"_links":{"self":[{"href":"https:\/\/dieter-jenz.de\/lc\/wp-json\/wp\/v2\/posts\/3415"}],"collection":[{"href":"https:\/\/dieter-jenz.de\/lc\/wp-json\/wp\/v2\/posts"}],"about":[{"href":"https:\/\/dieter-jenz.de\/lc\/wp-json\/wp\/v2\/types\/post"}],"author":[{"embeddable":true,"href":"https:\/\/dieter-jenz.de\/lc\/wp-json\/wp\/v2\/users\/2"}],"replies":[{"embeddable":true,"href":"https:\/\/dieter-jenz.de\/lc\/wp-json\/wp\/v2\/comments?post=3415"}],"version-history":[{"count":1,"href":"https:\/\/dieter-jenz.de\/lc\/wp-json\/wp\/v2\/posts\/3415\/revisions"}],"predecessor-version":[{"id":3421,"href":"https:\/\/dieter-jenz.de\/lc\/wp-json\/wp\/v2\/posts\/3415\/revisions\/3421"}],"wp:featuredmedia":[{"embeddable":true,"href":"https:\/\/dieter-jenz.de\/lc\/wp-json\/wp\/v2\/media\/3411"}],"wp:attachment":[{"href":"https:\/\/dieter-jenz.de\/lc\/wp-json\/wp\/v2\/media?parent=3415"}],"wp:term":[{"taxonomy":"category","embeddable":true,"href":"https:\/\/dieter-jenz.de\/lc\/wp-json\/wp\/v2\/categories?post=3415"},{"taxonomy":"post_tag","embeddable":true,"href":"https:\/\/dieter-jenz.de\/lc\/wp-json\/wp\/v2\/tags?post=3415"}],"curies":[{"name":"wp","href":"https:\/\/api.w.org\/{rel}","templated":true}]}}