{"id":3465,"date":"2020-04-07T11:20:41","date_gmt":"2020-04-07T10:20:41","guid":{"rendered":"https:\/\/dieter-jenz.de\/lc\/?p=3465"},"modified":"2024-06-17T11:32:42","modified_gmt":"2024-06-17T09:32:42","slug":"tipp-wie-kann-ich-in-der-krise-durchatmen","status":"publish","type":"post","link":"https:\/\/dieter-jenz.de\/lc\/tipp-wie-kann-ich-in-der-krise-durchatmen\/","title":{"rendered":"Wie kann ich in der Krise durchatmen und auftanken?"},"content":{"rendered":"\n<p>In der Krise meint man, keine Zeit f\u00fcr irgendetwas anderes zu haben. Die Gedanken sind st\u00e4ndig damit besch\u00e4ftigt, einen Weg aus der Krise zu finden und sie zu \u00fcberwinden. Wie kann man in der Krise durchatmen, auftanken und gut f\u00fcr sich selbst sorgen?<\/p>\n\n\n<div class=\"wp-block-image is-resized\">\n<figure class=\"aligncenter size-large\"><img loading=\"lazy\" decoding=\"async\" width=\"683\" height=\"1024\" src=\"https:\/\/dieter-jenz.de\/lc\/wp-content\/uploads\/2020\/04\/Tipp-In-der-Natur-bewegen-683x1024.jpeg\" alt=\"Tipp: Sich in der Krise in der Natur bewegen und durchatmen - Gestaltung: privat\" class=\"wp-image-3464\" style=\"object-fit:cover;width:300px;height:450px\" srcset=\"https:\/\/dieter-jenz.de\/lc\/wp-content\/uploads\/2020\/04\/Tipp-In-der-Natur-bewegen-683x1024.jpeg 683w, https:\/\/dieter-jenz.de\/lc\/wp-content\/uploads\/2020\/04\/Tipp-In-der-Natur-bewegen-200x300.jpeg 200w, https:\/\/dieter-jenz.de\/lc\/wp-content\/uploads\/2020\/04\/Tipp-In-der-Natur-bewegen-540x810.jpeg 540w, https:\/\/dieter-jenz.de\/lc\/wp-content\/uploads\/2020\/04\/Tipp-In-der-Natur-bewegen-100x150.jpeg 100w, https:\/\/dieter-jenz.de\/lc\/wp-content\/uploads\/2020\/04\/Tipp-In-der-Natur-bewegen.jpeg 735w\" sizes=\"(max-width: 683px) 100vw, 683px\" \/><figcaption class=\"wp-element-caption\">Gestaltung: privat<\/figcaption><\/figure><\/div>\n\n\n<div class=\"wp-block-group\"><div class=\"wp-block-group__inner-container is-layout-flow wp-block-group-is-layout-flow\">\n<p>Die Coronavirus-Pandemie, die im Fr\u00fchjahr 2020 ihren Anfang nahm, traf die gesamte Bev\u00f6lkerung pl\u00f6tzlich, unvorbereitet und unverschuldet.<\/p>\n\n\n\n<p>Innerhalb weniger Tage ver\u00e4nderte sich die Lage in allen Bereichen der Gesellschaft drastisch. Das Wirtschaftsleben war stark beeintr\u00e4chtigt und dies hinterlie\u00df auch an den Finanzm\u00e4rkten tiefe Spuren.<\/p>\n\n\n\n<p>Schon nach relativ kurzer Zeit befanden sich viele L\u00e4nder mitten in einem Krisenmodus und ein Ende schien nicht abzusehen. Es stellte sich die Frage: Wie kann man eine so schwere Krise wie diese bew\u00e4ltigen?<\/p>\n\n\n\n<p>Die Coronavirus-Pandemie ist, so starke Auswirkungen sie auch mit sich brachte, doch nur eine Krise von vielen. In jeder Krise stehen Politik und Wirtschaft in der Verantwortung, auf ihren jeweiligen Gebieten Wege zur Krisenbew\u00e4ltigung zu finden, aufzuzeigen, verst\u00e4ndlich zu machen und diese Wege kraftvoll zum Wohl der Gesellschaft umzusetzen.<\/p>\n\n\n\n<p>Und dann ist in einer Krise jeder f\u00fcr sich auf ganz individuelle Weise betroffen. Vielleicht ist der Arbeitsplatz bedroht. Vielleicht f\u00e4llt das Einkommen aufgrund von Kurzarbeit geringer aus. Vielleicht hat man auch gar keine Einnahmen. Die Auspr\u00e4gungen der pers\u00f6nlichen Betroffenheit sind ganz unterschiedlich.<\/p>\n\n\n\n<p>Wie geht man mit der Krise auf der pers\u00f6nlichen Ebene um? Wie kann man die Krise bew\u00e4ltigen? Wie kann man gut f\u00fcr sich selbst sorgen?<\/p>\n\n\n\n<p>11 Tipps sollen Antworten auf diese Fragen geben und dabei unterst\u00fctzen, m\u00f6glichst gut durch eine tiefgreifende Krise zu kommen.<\/p>\n<\/div><\/div>\n\n\n\n<p>Dieser Tipp befasst sich mit der Frage, wie man in der Krise durchatmen und auftanken kann, um wieder einen klaren Kopf zu bekommen und sinnvoll mit seinen Kr\u00e4ften zu haushalten.<\/p>\n\n\n\n<!--more-->\n\n\n\n<h2 class=\"wp-block-heading\"><strong>Tipp: Sich in der Natur bewegen<\/strong><\/h2>\n\n\n\n<p>Wie sollte man in der Krise die Zeit f\u00fcr Bewegung in der Natur finden? Vielleicht ist gerade \u00e4u\u00dferst viel zu tun. Man k\u00e4mpft um das wirtschaftliche \u00dcberleben. Gespr\u00e4che und Verhandlungen mit Kreditgebern, mit Besch\u00e4ftigten, mit Beh\u00f6rden und wem auch immer sind zu f\u00fchren. Papierkram ist zu erledigen. Der Terminkalender ist ausgef\u00fcllt, vielleicht sogar bis in den sp\u00e4ten Abend. Da ist nun f\u00fcr eine Stunde Bewegung in der Natur wirklich keine Zeit, oder?<\/p>\n\n\n\n<h3 class=\"wp-block-heading\"><strong>Sprint oder Marathon?<\/strong><\/h3>\n\n\n\n<p>Ist eine Krise eher mit einem Sprint oder einem Marathon zu vergleichen? Weltwirtschaftskrisen erstrecken sich typischerweise \u00fcber mindestens ein oder zwei Jahre. Und auch pers\u00f6nliche Krisen dauern meistens l\u00e4nger. Meistens ist es also wohl eher ein Marathon.<\/p>\n\n\n\n<p>W\u00fcrde es Sinn ergeben, einen Marathon im H\u00f6chsttempo zu beginnen und das Tempo dauerhaft hochzuhalten? Dies kann und wird nicht gelingen. Angenommen, ein Marathonl\u00e4ufer w\u00fcrde es schaffen, 100&nbsp;m in 10&nbsp;Sekunden zu laufen und dies \u00fcber die ganze Marathondistanz hinweg durchzuhalten. Dann w\u00e4re er nach etwa 70&nbsp;Minuten im Ziel. Der Weltrekord im Marathon liegt jedoch bei etwas \u00fcber 2&nbsp;Stunden.<\/p>\n\n\n\n<p>Wenn man ein H\u00f6chsttempo nicht auf Dauer durchhalten kann, muss man sich die Strecke klug einteilen. Tut man dies nicht, macht man irgendwann garantiert schlapp. Einem Marathonl\u00e4ufer, der es wider alle Vernunft trotzdem versucht, w\u00e4re der Spott sicher. \u201eDas konnte ja nicht gutgehen\u201c, w\u00fcrde es hei\u00dfen.<\/p>\n\n\n\n<p>Ganz \u00e4hnlich verh\u00e4lt es sich in der Krise. Es ist sinnvoll, kurze Pausen f\u00fcr sich einzuplanen. Sp\u00e4ter stellt man dann meistens fest, dass man in Wirklichkeit keine Zeit verloren hat. Im Gegenteil: man hatte vielleicht sogar w\u00e4hrend seiner Pause eine Art \u201eErleuchtung\u201c, einen Gedanken, der einem in der Hektik nicht kam. Derartige \u201eErleuchtungsmomente\u201c sind sogar nicht einmal selten.<\/p>\n\n\n\n<h3 class=\"wp-block-heading\"><strong>Bewegung in der Natur tut in vielerlei Hinsicht gut<\/strong><\/h3>\n\n\n\n<p>Mancherlei Studien und psychologische Untersuchungen best\u00e4tigen, dass der Aufenthalt in der Natur guttut. Schon wenn man beispielsweise im Wald eine kurze Weile auf einer Bank sitzt, hat dies eine positive Wirkung. Bewegung in der Natur ist allerdings noch besser.<\/p>\n\n\n\n<p>Die Natur eignet sich ganz hervorragend als R\u00fcckzugsort, um f\u00fcr sich zur Ruhe zu kommen. Auf m\u00f6gliche Ablenkungen, wie beispielsweise das Smartphone, sollte bewusst und konsequent verzichtet werden. Ein Anruf kann einen aus produktiven Gedanken rei\u00dfen oder eine Erholungsphase gravierend st\u00f6ren. Wenn man sich von Ablenkungsm\u00f6glichkeiten konsequent fernh\u00e4lt, kann man sich auch die positiven Wirkungen zunutze machen und sie genie\u00dfen.<\/p>\n\n\n\n<h4 class=\"wp-block-heading\"><strong>Das Immunsystem wird gest\u00e4rkt<\/strong><\/h4>\n\n\n\n<p>Die Erkenntnis, dass man seltener krank wird, wenn man sich h\u00e4ufiger drau\u00dfen in der Natur bewegt, ist nicht neu. Bewegung st\u00e4rkt das Herz, den Kreislauf und das Immunsystem. Letzteres wird auch durch die Anpassung an wechselnde Temperaturen angeregt. Dar\u00fcber hinaus erh\u00f6ht sich die Lungenkapazit\u00e4t und der Blutdruck sowie das Risiko der Arterienverkalkung sinken.<\/p>\n\n\n\n<h4 class=\"wp-block-heading\"><strong>Die Muskulatur wird gest\u00e4rkt, ebenso Knochen und Gelenke<\/strong><\/h4>\n\n\n\n<p>Die Sonne sorgt mithilfe der UV-B-Strahlen f\u00fcr die Bildung von Vitamin&nbsp;D in der Haut. Vitamin D spielt bei der Regulierung des Calcium-Spiegels im Blut und beim Knochenaufbau durch F\u00f6rderung der Bildung und Reifung der Knochenstammzellen eine wesentliche Rolle.<\/p>\n\n\n\n<p>Durch die Bewegung werden Muskeln mit Sauerstoff sowie mit N\u00e4hrstoffen versorgt. Die Muskulatur wird gekr\u00e4ftigt.<\/p>\n\n\n\n<h4 class=\"wp-block-heading\"><strong>Das Stressniveau sinkt<\/strong><\/h4>\n\n\n\n<p>Naturger\u00e4usche haben einen beruhigenden Einfluss und eine entspannende Wirkung. Bedingt durch eine geringere Herzfrequenz und Adrenalin-Aussch\u00fcttung sinkt das Stressniveau. Zum Entspannen reichen sogar schon f\u00fcnf Minuten aus. Au\u00dferdem verbessert sich w\u00e4hrend dieser Zeit auch die Laune. Allerdings muss man Entspannung auch zulassen, indem man sich von Ablenkungen fernh\u00e4lt.<\/p>\n\n\n\n<h4 class=\"wp-block-heading\"><strong>Ged\u00e4chtnis und Konzentration verbessern sich<\/strong><\/h4>\n\n\n\n<p>Durch die Bewegung in der frischen Luft wird das Gehirn mit Sauerstoff versorgt und die Durchblutung wird gesteigert. Als Konsequenz steigt auch die Gehirnleistung. Wenig \u00fcberraschend konnten Studien auch zeigen, dass die Bewegung in der Natur die Konzentration f\u00f6rdert.<\/p>\n\n\n\n<h4 class=\"wp-block-heading\"><strong>Depressionen k\u00f6nnen gelindert werden<\/strong><\/h4>\n\n\n\n<p>Bedingt durch den positiven Einfluss von Bewegung in der Natur auf das Wohlbefinden k\u00f6nnen auch Depressionen gelindert werden. Wenn man sich regelm\u00e4\u00dfig in der Natur bewegt, kann dies sogar eine vergleichbar stimmungsaufhellende Wirkung wie die alleinige Behandlung mit Antidepressiva haben.<\/p>\n\n\n\n<h3 class=\"wp-block-heading\"><strong>Achtsamkeit nicht vergessen!<\/strong><\/h3>\n\n\n\n<p>Wenn die Natur ein idealer Ort f\u00fcr Bewegung und Entspannung ist, w\u00e4re es schade, wenn man sie nicht mit allen Sinnen genie\u00dfen w\u00fcrde. Man w\u00fcrde sich selbst etwas vorenthalten, wenn man Ger\u00e4usche, Ger\u00fcche, Windstr\u00f6mungen, Sonnenstrahlen, Farben und Bewegungen nicht ganz bewusst wahrn\u00e4hme.<\/p>\n\n\n\n<p>Denkt man jedoch an das n\u00e4chste Gespr\u00e4ch mit der Bank, das n\u00e4chste Meeting oder den Bestellungseingang, blockiert man zu einem gro\u00dfen Teil die vielen positiven Wirkungen der Bewegung in der Natur. Die Bewegung in der Natur ist nicht immer automatisch entspannend.<\/p>\n\n\n\n<h3 class=\"wp-block-heading\"><strong>Bewegung in der Natur \u2013 sinnvoll investierte Zeit<\/strong><\/h3>\n\n\n\n<p>Den Marathon einer Krise kann man besser \u00fcberstehen, wenn man sich seine Kr\u00e4fte klug einteilt. Dazu geh\u00f6ren auch kurze Auszeiten mit Bewegung in der Natur. Schon f\u00fcnf Minuten ohne Ablenkung haben eine positive Wirkung. Mehr Zeit ist nat\u00fcrlich besser.<\/p>\n\n\n\n<p>Die Kosten-Nutzen-Abw\u00e4gung f\u00e4llt eindeutig pro Bewegung in der Natur aus. Es ist sehr sinnvoll investierte Zeit. Und vielleicht \u201etrifft\u201c einen ja unverhofft ein \u201eGeistesblitz\u201c, durch den man sich an anderer Stelle viel leichter tut und dadurch wiederum viel Zeit spart.<\/p>\n\n\n\n<div class=\"wp-block-buttons aligncenter is-layout-flex wp-block-buttons-is-layout-flex\">\n<div class=\"wp-block-button\"><a class=\"wp-block-button__link\" href=\"https:\/\/dieter-jenz.de\/lc\/category\/tipps\/\" target=\"_blank\" rel=\"noreferrer noopener\">Alle Tipps f\u00fcr die Krise<\/a><\/div>\n<\/div>\n","protected":false},"excerpt":{"rendered":"<p>In der Krise meint man, keine Zeit f\u00fcr irgendetwas anderes zu haben. Die Gedanken sind st\u00e4ndig damit besch\u00e4ftigt, einen Weg aus der Krise zu finden und sie zu&hellip;<\/p>\n","protected":false},"author":2,"featured_media":3464,"comment_status":"closed","ping_status":"open","sticky":false,"template":"template-full-width-only-content.php","format":"standard","meta":{"footnotes":""},"categories":[80],"tags":[13],"yoast_head":"<!-- This site is optimized with the Yoast SEO plugin v24.5 - https:\/\/yoast.com\/wordpress\/plugins\/seo\/ -->\n<title>Wie kann ich in der Krise durchatmen und auftanken?<\/title>\n<meta name=\"description\" content=\"In der Krise meint man, keine Zeit f\u00fcr irgendetwas anderes zu haben. Wie kann man in der Krise durchatmen, auftanken und gut f\u00fcr sich selbst sorgen?\" \/>\n<meta name=\"robots\" content=\"index, follow, max-snippet:-1, max-image-preview:large, max-video-preview:-1\" \/>\n<link rel=\"canonical\" href=\"https:\/\/dieter-jenz.de\/lc\/tipp-wie-kann-ich-in-der-krise-durchatmen\/\" \/>\n<meta property=\"og:locale\" content=\"de_DE\" \/>\n<meta property=\"og:type\" content=\"article\" \/>\n<meta property=\"og:title\" content=\"Wie kann ich in der Krise durchatmen und auftanken?\" \/>\n<meta property=\"og:description\" content=\"In der Krise meint man, keine Zeit f\u00fcr irgendetwas anderes zu haben. Wie kann man in der Krise durchatmen, auftanken und gut f\u00fcr sich selbst sorgen?\" \/>\n<meta property=\"og:url\" content=\"https:\/\/dieter-jenz.de\/lc\/tipp-wie-kann-ich-in-der-krise-durchatmen\/\" \/>\n<meta property=\"og:site_name\" content=\"Dieter Jenz, Begleitung und Coaching\" \/>\n<meta property=\"article:publisher\" content=\"https:\/\/www.facebook.com\/dieter.jenz.inspiration\" \/>\n<meta property=\"article:author\" content=\"https:\/\/www.facebook.com\/dieter.jenz.inspiration\" \/>\n<meta property=\"article:published_time\" content=\"2020-04-07T10:20:41+00:00\" \/>\n<meta property=\"article:modified_time\" content=\"2024-06-17T09:32:42+00:00\" \/>\n<meta property=\"og:image\" content=\"https:\/\/dieter-jenz.de\/lc\/wp-content\/uploads\/2020\/04\/Tipp-In-der-Natur-bewegen.jpeg\" \/>\n\t<meta property=\"og:image:width\" content=\"735\" \/>\n\t<meta property=\"og:image:height\" content=\"1102\" \/>\n\t<meta property=\"og:image:type\" content=\"image\/jpeg\" \/>\n<meta name=\"author\" content=\"Dieter Jenz\" \/>\n<meta name=\"twitter:card\" content=\"summary_large_image\" \/>\n<meta name=\"twitter:creator\" content=\"@https:\/\/twitter.com\/dieterjenz\" \/>\n<meta name=\"twitter:site\" content=\"@dieterjenz\" \/>\n<meta name=\"twitter:label1\" content=\"Verfasst von\" \/>\n\t<meta name=\"twitter:data1\" content=\"Dieter Jenz\" \/>\n\t<meta name=\"twitter:label2\" content=\"Gesch\u00e4tzte Lesezeit\" \/>\n\t<meta name=\"twitter:data2\" content=\"7\u00a0Minuten\" \/>\n<script type=\"application\/ld+json\" class=\"yoast-schema-graph\">{\"@context\":\"https:\/\/schema.org\",\"@graph\":[{\"@type\":\"Article\",\"@id\":\"https:\/\/dieter-jenz.de\/lc\/tipp-wie-kann-ich-in-der-krise-durchatmen\/#article\",\"isPartOf\":{\"@id\":\"https:\/\/dieter-jenz.de\/lc\/tipp-wie-kann-ich-in-der-krise-durchatmen\/\"},\"author\":{\"name\":\"Dieter Jenz\",\"@id\":\"https:\/\/dieter-jenz.de\/lc\/#\/schema\/person\/618cfd5c289d0a23930cb258a43679ab\"},\"headline\":\"Wie kann ich in der Krise durchatmen und auftanken?\",\"datePublished\":\"2020-04-07T10:20:41+00:00\",\"dateModified\":\"2024-06-17T09:32:42+00:00\",\"mainEntityOfPage\":{\"@id\":\"https:\/\/dieter-jenz.de\/lc\/tipp-wie-kann-ich-in-der-krise-durchatmen\/\"},\"wordCount\":989,\"publisher\":{\"@id\":\"https:\/\/dieter-jenz.de\/lc\/#\/schema\/person\/618cfd5c289d0a23930cb258a43679ab\"},\"image\":{\"@id\":\"https:\/\/dieter-jenz.de\/lc\/tipp-wie-kann-ich-in-der-krise-durchatmen\/#primaryimage\"},\"thumbnailUrl\":\"https:\/\/dieter-jenz.de\/lc\/wp-content\/uploads\/2020\/04\/Tipp-In-der-Natur-bewegen.jpeg\",\"keywords\":[\"Seele\"],\"articleSection\":[\"Tipps f\u00fcr die Krise\"],\"inLanguage\":\"de\"},{\"@type\":\"WebPage\",\"@id\":\"https:\/\/dieter-jenz.de\/lc\/tipp-wie-kann-ich-in-der-krise-durchatmen\/\",\"url\":\"https:\/\/dieter-jenz.de\/lc\/tipp-wie-kann-ich-in-der-krise-durchatmen\/\",\"name\":\"Wie kann ich in der Krise durchatmen und auftanken?\",\"isPartOf\":{\"@id\":\"https:\/\/dieter-jenz.de\/lc\/#website\"},\"primaryImageOfPage\":{\"@id\":\"https:\/\/dieter-jenz.de\/lc\/tipp-wie-kann-ich-in-der-krise-durchatmen\/#primaryimage\"},\"image\":{\"@id\":\"https:\/\/dieter-jenz.de\/lc\/tipp-wie-kann-ich-in-der-krise-durchatmen\/#primaryimage\"},\"thumbnailUrl\":\"https:\/\/dieter-jenz.de\/lc\/wp-content\/uploads\/2020\/04\/Tipp-In-der-Natur-bewegen.jpeg\",\"datePublished\":\"2020-04-07T10:20:41+00:00\",\"dateModified\":\"2024-06-17T09:32:42+00:00\",\"description\":\"In der Krise meint man, keine Zeit f\u00fcr irgendetwas anderes zu haben. Wie kann man in der Krise durchatmen, auftanken und gut f\u00fcr sich selbst sorgen?\",\"breadcrumb\":{\"@id\":\"https:\/\/dieter-jenz.de\/lc\/tipp-wie-kann-ich-in-der-krise-durchatmen\/#breadcrumb\"},\"inLanguage\":\"de\",\"potentialAction\":[{\"@type\":\"ReadAction\",\"target\":[\"https:\/\/dieter-jenz.de\/lc\/tipp-wie-kann-ich-in-der-krise-durchatmen\/\"]}]},{\"@type\":\"ImageObject\",\"inLanguage\":\"de\",\"@id\":\"https:\/\/dieter-jenz.de\/lc\/tipp-wie-kann-ich-in-der-krise-durchatmen\/#primaryimage\",\"url\":\"https:\/\/dieter-jenz.de\/lc\/wp-content\/uploads\/2020\/04\/Tipp-In-der-Natur-bewegen.jpeg\",\"contentUrl\":\"https:\/\/dieter-jenz.de\/lc\/wp-content\/uploads\/2020\/04\/Tipp-In-der-Natur-bewegen.jpeg\",\"width\":735,\"height\":1102,\"caption\":\"Tipp: Sich in der Natur bewegen - Gestaltung: privat\"},{\"@type\":\"BreadcrumbList\",\"@id\":\"https:\/\/dieter-jenz.de\/lc\/tipp-wie-kann-ich-in-der-krise-durchatmen\/#breadcrumb\",\"itemListElement\":[{\"@type\":\"ListItem\",\"position\":1,\"name\":\"Home\",\"item\":\"https:\/\/dieter-jenz.de\/lc\/\"},{\"@type\":\"ListItem\",\"position\":2,\"name\":\"Tipps f\u00fcr die Krise\",\"item\":\"https:\/\/dieter-jenz.de\/lc\/category\/tipps\/\"},{\"@type\":\"ListItem\",\"position\":3,\"name\":\"Wie kann ich in der Krise durchatmen und auftanken?\"}]},{\"@type\":\"WebSite\",\"@id\":\"https:\/\/dieter-jenz.de\/lc\/#website\",\"url\":\"https:\/\/dieter-jenz.de\/lc\/\",\"name\":\"Dieter Jenz, Begleitung und Coaching\",\"description\":\"Die andere, neue Sichtweise entdecken - auftanken - neue Wege gehen\",\"publisher\":{\"@id\":\"https:\/\/dieter-jenz.de\/lc\/#\/schema\/person\/618cfd5c289d0a23930cb258a43679ab\"},\"potentialAction\":[{\"@type\":\"SearchAction\",\"target\":{\"@type\":\"EntryPoint\",\"urlTemplate\":\"https:\/\/dieter-jenz.de\/lc\/?s={search_term_string}\"},\"query-input\":{\"@type\":\"PropertyValueSpecification\",\"valueRequired\":true,\"valueName\":\"search_term_string\"}}],\"inLanguage\":\"de\"},{\"@type\":[\"Person\",\"Organization\"],\"@id\":\"https:\/\/dieter-jenz.de\/lc\/#\/schema\/person\/618cfd5c289d0a23930cb258a43679ab\",\"name\":\"Dieter Jenz\",\"image\":{\"@type\":\"ImageObject\",\"inLanguage\":\"de\",\"@id\":\"https:\/\/dieter-jenz.de\/lc\/#\/schema\/person\/image\/\",\"url\":\"https:\/\/dieter-jenz.de\/lc\/wp-content\/uploads\/2020\/01\/Logo-Coaching-und-Begleitung.png\",\"contentUrl\":\"https:\/\/dieter-jenz.de\/lc\/wp-content\/uploads\/2020\/01\/Logo-Coaching-und-Begleitung.png\",\"width\":320,\"height\":240,\"caption\":\"Dieter Jenz\"},\"logo\":{\"@id\":\"https:\/\/dieter-jenz.de\/lc\/#\/schema\/person\/image\/\"},\"description\":\"Ich bin Dieter Jenz, Begleiter, Berater und Coach mit Leidenschaft. \u00dcber viele Jahre hinweg habe ich einen reichen Schatz an Kompetenz und Erfahrung erworben. Meine Themen sind die \\\"4L\\\": Lebensaufgabe, Lebensplanung, Lebensnavigation und Lebensqualit\u00e4t.\",\"sameAs\":[\"https:\/\/www.facebook.com\/dieter.jenz.inspiration\",\"https:\/\/www.pinterest.de\/dieterjenz\/\",\"https:\/\/x.com\/https:\/\/twitter.com\/dieterjenz\"],\"url\":\"https:\/\/dieter-jenz.de\/lc\/author\/dieter\/\"}]}<\/script>\n<!-- \/ Yoast SEO plugin. -->","yoast_head_json":{"title":"Wie kann ich in der Krise durchatmen und auftanken?","description":"In der Krise meint man, keine Zeit f\u00fcr irgendetwas anderes zu haben. Wie kann man in der Krise durchatmen, auftanken und gut f\u00fcr sich selbst sorgen?","robots":{"index":"index","follow":"follow","max-snippet":"max-snippet:-1","max-image-preview":"max-image-preview:large","max-video-preview":"max-video-preview:-1"},"canonical":"https:\/\/dieter-jenz.de\/lc\/tipp-wie-kann-ich-in-der-krise-durchatmen\/","og_locale":"de_DE","og_type":"article","og_title":"Wie kann ich in der Krise durchatmen und auftanken?","og_description":"In der Krise meint man, keine Zeit f\u00fcr irgendetwas anderes zu haben. Wie kann man in der Krise durchatmen, auftanken und gut f\u00fcr sich selbst sorgen?","og_url":"https:\/\/dieter-jenz.de\/lc\/tipp-wie-kann-ich-in-der-krise-durchatmen\/","og_site_name":"Dieter Jenz, Begleitung und Coaching","article_publisher":"https:\/\/www.facebook.com\/dieter.jenz.inspiration","article_author":"https:\/\/www.facebook.com\/dieter.jenz.inspiration","article_published_time":"2020-04-07T10:20:41+00:00","article_modified_time":"2024-06-17T09:32:42+00:00","og_image":[{"width":735,"height":1102,"url":"https:\/\/dieter-jenz.de\/lc\/wp-content\/uploads\/2020\/04\/Tipp-In-der-Natur-bewegen.jpeg","type":"image\/jpeg"}],"author":"Dieter Jenz","twitter_card":"summary_large_image","twitter_creator":"@https:\/\/twitter.com\/dieterjenz","twitter_site":"@dieterjenz","twitter_misc":{"Verfasst von":"Dieter Jenz","Gesch\u00e4tzte Lesezeit":"7\u00a0Minuten"},"schema":{"@context":"https:\/\/schema.org","@graph":[{"@type":"Article","@id":"https:\/\/dieter-jenz.de\/lc\/tipp-wie-kann-ich-in-der-krise-durchatmen\/#article","isPartOf":{"@id":"https:\/\/dieter-jenz.de\/lc\/tipp-wie-kann-ich-in-der-krise-durchatmen\/"},"author":{"name":"Dieter Jenz","@id":"https:\/\/dieter-jenz.de\/lc\/#\/schema\/person\/618cfd5c289d0a23930cb258a43679ab"},"headline":"Wie kann ich in der Krise durchatmen und auftanken?","datePublished":"2020-04-07T10:20:41+00:00","dateModified":"2024-06-17T09:32:42+00:00","mainEntityOfPage":{"@id":"https:\/\/dieter-jenz.de\/lc\/tipp-wie-kann-ich-in-der-krise-durchatmen\/"},"wordCount":989,"publisher":{"@id":"https:\/\/dieter-jenz.de\/lc\/#\/schema\/person\/618cfd5c289d0a23930cb258a43679ab"},"image":{"@id":"https:\/\/dieter-jenz.de\/lc\/tipp-wie-kann-ich-in-der-krise-durchatmen\/#primaryimage"},"thumbnailUrl":"https:\/\/dieter-jenz.de\/lc\/wp-content\/uploads\/2020\/04\/Tipp-In-der-Natur-bewegen.jpeg","keywords":["Seele"],"articleSection":["Tipps f\u00fcr die Krise"],"inLanguage":"de"},{"@type":"WebPage","@id":"https:\/\/dieter-jenz.de\/lc\/tipp-wie-kann-ich-in-der-krise-durchatmen\/","url":"https:\/\/dieter-jenz.de\/lc\/tipp-wie-kann-ich-in-der-krise-durchatmen\/","name":"Wie kann ich in der Krise durchatmen und auftanken?","isPartOf":{"@id":"https:\/\/dieter-jenz.de\/lc\/#website"},"primaryImageOfPage":{"@id":"https:\/\/dieter-jenz.de\/lc\/tipp-wie-kann-ich-in-der-krise-durchatmen\/#primaryimage"},"image":{"@id":"https:\/\/dieter-jenz.de\/lc\/tipp-wie-kann-ich-in-der-krise-durchatmen\/#primaryimage"},"thumbnailUrl":"https:\/\/dieter-jenz.de\/lc\/wp-content\/uploads\/2020\/04\/Tipp-In-der-Natur-bewegen.jpeg","datePublished":"2020-04-07T10:20:41+00:00","dateModified":"2024-06-17T09:32:42+00:00","description":"In der Krise meint man, keine Zeit f\u00fcr irgendetwas anderes zu haben. Wie kann man in der Krise durchatmen, auftanken und gut f\u00fcr sich selbst sorgen?","breadcrumb":{"@id":"https:\/\/dieter-jenz.de\/lc\/tipp-wie-kann-ich-in-der-krise-durchatmen\/#breadcrumb"},"inLanguage":"de","potentialAction":[{"@type":"ReadAction","target":["https:\/\/dieter-jenz.de\/lc\/tipp-wie-kann-ich-in-der-krise-durchatmen\/"]}]},{"@type":"ImageObject","inLanguage":"de","@id":"https:\/\/dieter-jenz.de\/lc\/tipp-wie-kann-ich-in-der-krise-durchatmen\/#primaryimage","url":"https:\/\/dieter-jenz.de\/lc\/wp-content\/uploads\/2020\/04\/Tipp-In-der-Natur-bewegen.jpeg","contentUrl":"https:\/\/dieter-jenz.de\/lc\/wp-content\/uploads\/2020\/04\/Tipp-In-der-Natur-bewegen.jpeg","width":735,"height":1102,"caption":"Tipp: Sich in der Natur bewegen - Gestaltung: privat"},{"@type":"BreadcrumbList","@id":"https:\/\/dieter-jenz.de\/lc\/tipp-wie-kann-ich-in-der-krise-durchatmen\/#breadcrumb","itemListElement":[{"@type":"ListItem","position":1,"name":"Home","item":"https:\/\/dieter-jenz.de\/lc\/"},{"@type":"ListItem","position":2,"name":"Tipps f\u00fcr die Krise","item":"https:\/\/dieter-jenz.de\/lc\/category\/tipps\/"},{"@type":"ListItem","position":3,"name":"Wie kann ich in der Krise durchatmen und auftanken?"}]},{"@type":"WebSite","@id":"https:\/\/dieter-jenz.de\/lc\/#website","url":"https:\/\/dieter-jenz.de\/lc\/","name":"Dieter Jenz, Begleitung und Coaching","description":"Die andere, neue Sichtweise entdecken - auftanken - neue Wege gehen","publisher":{"@id":"https:\/\/dieter-jenz.de\/lc\/#\/schema\/person\/618cfd5c289d0a23930cb258a43679ab"},"potentialAction":[{"@type":"SearchAction","target":{"@type":"EntryPoint","urlTemplate":"https:\/\/dieter-jenz.de\/lc\/?s={search_term_string}"},"query-input":{"@type":"PropertyValueSpecification","valueRequired":true,"valueName":"search_term_string"}}],"inLanguage":"de"},{"@type":["Person","Organization"],"@id":"https:\/\/dieter-jenz.de\/lc\/#\/schema\/person\/618cfd5c289d0a23930cb258a43679ab","name":"Dieter Jenz","image":{"@type":"ImageObject","inLanguage":"de","@id":"https:\/\/dieter-jenz.de\/lc\/#\/schema\/person\/image\/","url":"https:\/\/dieter-jenz.de\/lc\/wp-content\/uploads\/2020\/01\/Logo-Coaching-und-Begleitung.png","contentUrl":"https:\/\/dieter-jenz.de\/lc\/wp-content\/uploads\/2020\/01\/Logo-Coaching-und-Begleitung.png","width":320,"height":240,"caption":"Dieter Jenz"},"logo":{"@id":"https:\/\/dieter-jenz.de\/lc\/#\/schema\/person\/image\/"},"description":"Ich bin Dieter Jenz, Begleiter, Berater und Coach mit Leidenschaft. \u00dcber viele Jahre hinweg habe ich einen reichen Schatz an Kompetenz und Erfahrung erworben. Meine Themen sind die \"4L\": Lebensaufgabe, Lebensplanung, Lebensnavigation und Lebensqualit\u00e4t.","sameAs":["https:\/\/www.facebook.com\/dieter.jenz.inspiration","https:\/\/www.pinterest.de\/dieterjenz\/","https:\/\/x.com\/https:\/\/twitter.com\/dieterjenz"],"url":"https:\/\/dieter-jenz.de\/lc\/author\/dieter\/"}]}},"_links":{"self":[{"href":"https:\/\/dieter-jenz.de\/lc\/wp-json\/wp\/v2\/posts\/3465"}],"collection":[{"href":"https:\/\/dieter-jenz.de\/lc\/wp-json\/wp\/v2\/posts"}],"about":[{"href":"https:\/\/dieter-jenz.de\/lc\/wp-json\/wp\/v2\/types\/post"}],"author":[{"embeddable":true,"href":"https:\/\/dieter-jenz.de\/lc\/wp-json\/wp\/v2\/users\/2"}],"replies":[{"embeddable":true,"href":"https:\/\/dieter-jenz.de\/lc\/wp-json\/wp\/v2\/comments?post=3465"}],"version-history":[{"count":3,"href":"https:\/\/dieter-jenz.de\/lc\/wp-json\/wp\/v2\/posts\/3465\/revisions"}],"predecessor-version":[{"id":11822,"href":"https:\/\/dieter-jenz.de\/lc\/wp-json\/wp\/v2\/posts\/3465\/revisions\/11822"}],"wp:featuredmedia":[{"embeddable":true,"href":"https:\/\/dieter-jenz.de\/lc\/wp-json\/wp\/v2\/media\/3464"}],"wp:attachment":[{"href":"https:\/\/dieter-jenz.de\/lc\/wp-json\/wp\/v2\/media?parent=3465"}],"wp:term":[{"taxonomy":"category","embeddable":true,"href":"https:\/\/dieter-jenz.de\/lc\/wp-json\/wp\/v2\/categories?post=3465"},{"taxonomy":"post_tag","embeddable":true,"href":"https:\/\/dieter-jenz.de\/lc\/wp-json\/wp\/v2\/tags?post=3465"}],"curies":[{"name":"wp","href":"https:\/\/api.w.org\/{rel}","templated":true}]}}