{"id":4192,"date":"2020-08-25T08:40:45","date_gmt":"2020-08-25T06:40:45","guid":{"rendered":"https:\/\/dieter-jenz.de\/lc\/?p=4192"},"modified":"2024-06-12T09:06:23","modified_gmt":"2024-06-12T07:06:23","slug":"10-inspirierende-zitate-von-johann-wolfgang-von-goethe","status":"publish","type":"post","link":"https:\/\/dieter-jenz.de\/lc\/10-inspirierende-zitate-von-johann-wolfgang-von-goethe\/","title":{"rendered":"Inspirierende Zitate von Johann Wolfgang von Goethe"},"content":{"rendered":"\n<p>Inspirierende Zitate von Johann Wolfgang von Goethe.<\/p>\n\n\n<div class=\"wp-block-image is-resized\">\n<figure class=\"aligncenter size-large\"><img loading=\"lazy\" decoding=\"async\" width=\"683\" height=\"1024\" src=\"https:\/\/dieter-jenz.de\/lc\/wp-content\/uploads\/2020\/08\/10-Zitate-J.W.-v.-Goethe-683x1024.jpeg\" alt=\"10 inspirierende Zitate Johann Wolfgang von Goethe - Gestaltung: privat\" class=\"wp-image-4195\" style=\"object-fit:cover;width:300px;height:400px\" srcset=\"https:\/\/dieter-jenz.de\/lc\/wp-content\/uploads\/2020\/08\/10-Zitate-J.W.-v.-Goethe-683x1024.jpeg 683w, https:\/\/dieter-jenz.de\/lc\/wp-content\/uploads\/2020\/08\/10-Zitate-J.W.-v.-Goethe-200x300.jpeg 200w, https:\/\/dieter-jenz.de\/lc\/wp-content\/uploads\/2020\/08\/10-Zitate-J.W.-v.-Goethe-540x810.jpeg 540w, https:\/\/dieter-jenz.de\/lc\/wp-content\/uploads\/2020\/08\/10-Zitate-J.W.-v.-Goethe-100x150.jpeg 100w, https:\/\/dieter-jenz.de\/lc\/wp-content\/uploads\/2020\/08\/10-Zitate-J.W.-v.-Goethe.jpeg 735w\" sizes=\"(max-width: 683px) 100vw, 683px\" \/><figcaption class=\"wp-element-caption\">Gestaltung: privat<\/figcaption><\/figure><\/div>\n\n\n<p>Johann Wolfgang von Goethe (1749-1832) war ein deutscher Dichter, Naturforscher und Politiker. Nicht nur in Deutschland gilt er als einer der bedeutendsten Sch\u00f6pfer deutschsprachiger Dichtung.<\/p>\n\n\n\n<h3 class=\"wp-block-heading\"><strong>Das Genie mit vielen Gesichtern<\/strong><\/h3>\n\n\n\n<p>Johann Wolfgang von Goethe galt schon zu seinen Lebzeiten als Genie mit vielen Gesichtern. Den meisten Menschen ist er als Dichter und Schriftsteller bekannt. Beispielhaft sei sein Werk \u201eFaust\u201c genannt, das als eines der bedeutendsten und meistzitierten Werke der deutschsprachigen Literatur gilt. Doch Johann Wolfgang von Goethe war auch Politiker und Naturforscher, besch\u00e4ftigte sich mit Physik, Chemie, Botanik, Anatomie und Mineralogie.<\/p>\n\n\n\n<p>Das Fundament f\u00fcr das vielf\u00e4ltige Ausleben seiner Begabungen wurde schon fr\u00fch durch seine umfassende Bildung gelegt. Nur drei Jahre lang, von 1756 bis 1758, besuchte der junge Johann Wolfgang Goethe eine \u00f6ffentliche Schule. Anschlie\u00dfend wurde er und seine Schwester Cornelia (vier Geschwister \u00fcberlebten das Kindesalter nicht) privat vom Vater sowie von insgesamt acht Hauslehrern unterrichtet. Johann Wolfgang erlernte Latein, Griechisch und Hebr\u00e4isch als klassische Bildungssprachen sowie die lebenden Sprachen Franz\u00f6sisch, Italienisch, Englisch und au\u00dferdem das in seiner Geburtsstadt Frankfurt verbreitet gesprochene \u201eJudendeutsch\u201c. Die lebenden Sprachen wurden von muttersprachlichen Lehrern unterrichtet. Au\u00dferdem fanden sich naturwissenschaftliche F\u00e4cher und kulturelle Bildung auf dem Stundenplan wieder.<\/p>\n\n\n\n<p>Schon mit 16 Jahren wurde Johann Wolfgang Goethe von seinem Vater zum Jurastudium nach Leipzig geschickt. Jura war jedoch nicht seine erste Wahl. Er h\u00e4tte lieber Geschichte und klassische Philologie studiert, f\u00fcgte sich jedoch dem v\u00e4terlichen Wunsch. Eine schwere Tuberkuloseerkrankung zwang ihn, 19-j\u00e4hrig, zum Abbruch des Studiums.<\/p>\n\n\n\n<p>Die nach seiner Genesung fortgesetzte juristische Karriere Goethes wurde ma\u00dfgeblich vom Vater gef\u00f6rdert und bestimmt. Goethe war jedoch eher halbherzig bei der Sache. Er interessierte sich auch f\u00fcr andere wissenschaftliche Bereiche. Um die menschliche Anatomie besser zu verstehen, besuchte er auch medizinische Seminare und nahm an einem Sezierkurs teil. Vor allem aber widmete er sich mehr seiner Literaturleidenschaft.<\/p>\n\n\n\n<p>Goethe verliebte sich, jedoch war die Dame seines Herzens, Charlotte Buff, bereits vergeben. Seinen Liebeskummer brachte er in dem 1774 erschienenen Briefroman \u201eDie Leiden des jungen Werther\u201c zum Ausdruck. Mit der Geschichte einer ungl\u00fccklichen Liebe feierte er mit 25 Jahren einen Publikumserfolg auf nationaler und europ\u00e4ischer Ebene und wurde zu einem anerkannten und gefragten Schriftsteller. Bereits 1773 feierte er mit dem Drama \u201eG\u00f6tz von Berlichingen\u201c einen nationalen Erfolg.<\/p>\n\n\n\n<p>In Weimar \u00fcbernahm Goethe politische Aufgaben. Diesen widmete er sich einige Jahre, bet\u00e4tigte sich dar\u00fcber hinaus aber auch als Forscher auf naturwissenschaftlichem Gebiet. Seine anatomischen Forschungen f\u00fchrten 1784 zu einer bemerkenswerten Entdeckung des Zwischenkieferknochens beim Menschen, der bei anderen S\u00e4ugetierarten schon fr\u00fcher nachgewiesen worden war.<\/p>\n\n\n\n<p>In den Bereichen Philosophie, Theologie und Naturwissenschaft eignete sich Goethe mit den Jahren ein enormes Wissen an. Mit Recht kann er als ein Universalgenie und Universalgelehrter bezeichnet werden.<\/p>\n\n\n\n<p>Goethe hinterlie\u00df ein sehr umfangreiches literarisches Werk. Es umfasst Lyrik, Dramen, Epik, autobiografische, kunst- und literaturtheoretische sowie naturwissenschaftliche Schriften. Auch sein umfangreicher Briefwechsel ist von literarischer Bedeutung.<\/p>\n\n\n\n<p>Von Goethe sind sehr viele Zitate \u00fcberliefert. Von Authentizit\u00e4t gepr\u00e4gte, inspirierende Zitate von Johann Wolfgang von Goethe spiegeln sein Leben und Wirken wider. Sie geben Einblick in sein Denken und in seinen reichhaltigen Erfahrungsschatz.<\/p>\n\n\n<div class=\"pt-cv-wrapper\"><div class=\"pt-cv-view pt-cv-grid pt-cv-colsys\" id=\"pt-cv-view-153fcfcdgy\"><div data-id=\"pt-cv-page-1\" class=\"pt-cv-page\" data-cvc=\"4\"><div class=\"col-md-3 col-sm-6 col-xs-12 pt-cv-content-item pt-cv-1-col\" ><div class='pt-cv-ifield'><a href=\"https:\/\/dieter-jenz.de\/lc\/wer-nichts-fuer-andere-tut-der-tut-nichts-fuer-sich-goethe\/\" class=\"_self pt-cv-href-thumbnail pt-cv-thumb-default\" target=\"_self\" ><img loading=\"lazy\" decoding=\"async\" width=\"200\" height=\"300\" src=\"https:\/\/dieter-jenz.de\/lc\/wp-content\/uploads\/2020\/08\/Wer-nichts-fuer-andere-tut-J.W.-v.-Goethe-200x300.jpeg\" class=\"pt-cv-thumbnail\" alt=\"Wer nichts f\u00fcr andere tut, J.W. v. Goethe - Gestaltung: privat\" srcset=\"https:\/\/dieter-jenz.de\/lc\/wp-content\/uploads\/2020\/08\/Wer-nichts-fuer-andere-tut-J.W.-v.-Goethe-200x300.jpeg 200w, https:\/\/dieter-jenz.de\/lc\/wp-content\/uploads\/2020\/08\/Wer-nichts-fuer-andere-tut-J.W.-v.-Goethe-683x1024.jpeg 683w, https:\/\/dieter-jenz.de\/lc\/wp-content\/uploads\/2020\/08\/Wer-nichts-fuer-andere-tut-J.W.-v.-Goethe-540x810.jpeg 540w, https:\/\/dieter-jenz.de\/lc\/wp-content\/uploads\/2020\/08\/Wer-nichts-fuer-andere-tut-J.W.-v.-Goethe-100x150.jpeg 100w, https:\/\/dieter-jenz.de\/lc\/wp-content\/uploads\/2020\/08\/Wer-nichts-fuer-andere-tut-J.W.-v.-Goethe.jpeg 735w\" sizes=\"(max-width: 200px) 100vw, 200px\" \/><\/a><\/div><\/div>\n<div class=\"col-md-3 col-sm-6 col-xs-12 pt-cv-content-item pt-cv-1-col\" ><div class='pt-cv-ifield'><a href=\"https:\/\/dieter-jenz.de\/lc\/das-gleiche-laesst-uns-in-ruhe-aber-der-widerspruch-ist-es-produktiv-macht-goethe\/\" class=\"_self pt-cv-href-thumbnail pt-cv-thumb-default\" target=\"_self\" ><img loading=\"lazy\" decoding=\"async\" width=\"200\" height=\"300\" src=\"https:\/\/dieter-jenz.de\/lc\/wp-content\/uploads\/2020\/08\/Das-Gleiche-laesst-uns-in-Ruhe-J.W.-v.-Goethe-200x300.jpeg\" class=\"pt-cv-thumbnail\" alt=\"Das Gleiche l\u00e4sst uns in Ruhe, aber der Widerspruch, J.W. v. Goethe - Gestaltung: privat\" srcset=\"https:\/\/dieter-jenz.de\/lc\/wp-content\/uploads\/2020\/08\/Das-Gleiche-laesst-uns-in-Ruhe-J.W.-v.-Goethe-200x300.jpeg 200w, https:\/\/dieter-jenz.de\/lc\/wp-content\/uploads\/2020\/08\/Das-Gleiche-laesst-uns-in-Ruhe-J.W.-v.-Goethe-683x1024.jpeg 683w, https:\/\/dieter-jenz.de\/lc\/wp-content\/uploads\/2020\/08\/Das-Gleiche-laesst-uns-in-Ruhe-J.W.-v.-Goethe-540x810.jpeg 540w, https:\/\/dieter-jenz.de\/lc\/wp-content\/uploads\/2020\/08\/Das-Gleiche-laesst-uns-in-Ruhe-J.W.-v.-Goethe-100x150.jpeg 100w, https:\/\/dieter-jenz.de\/lc\/wp-content\/uploads\/2020\/08\/Das-Gleiche-laesst-uns-in-Ruhe-J.W.-v.-Goethe.jpeg 735w\" sizes=\"(max-width: 200px) 100vw, 200px\" \/><\/a><\/div><\/div>\n<div class=\"col-md-3 col-sm-6 col-xs-12 pt-cv-content-item pt-cv-1-col\" ><div class='pt-cv-ifield'><a href=\"https:\/\/dieter-jenz.de\/lc\/hast-du-nach-innen-das-moegliche-getan-gestaltet-sich-das-aeussere-von-selbst-goethe\/\" class=\"_self pt-cv-href-thumbnail pt-cv-thumb-default\" target=\"_self\" ><img loading=\"lazy\" decoding=\"async\" width=\"200\" height=\"300\" src=\"https:\/\/dieter-jenz.de\/lc\/wp-content\/uploads\/2020\/08\/Hast-Du-nach-innen-das-Moegliche-getan-J.W.-v.-Goethe-200x300.jpeg\" class=\"pt-cv-thumbnail\" alt=\"Hast Du nach innen das M\u00f6gliche getan, J.W. v. Goethe - Gestaltung: privat\" srcset=\"https:\/\/dieter-jenz.de\/lc\/wp-content\/uploads\/2020\/08\/Hast-Du-nach-innen-das-Moegliche-getan-J.W.-v.-Goethe-200x300.jpeg 200w, https:\/\/dieter-jenz.de\/lc\/wp-content\/uploads\/2020\/08\/Hast-Du-nach-innen-das-Moegliche-getan-J.W.-v.-Goethe-683x1024.jpeg 683w, https:\/\/dieter-jenz.de\/lc\/wp-content\/uploads\/2020\/08\/Hast-Du-nach-innen-das-Moegliche-getan-J.W.-v.-Goethe-540x810.jpeg 540w, https:\/\/dieter-jenz.de\/lc\/wp-content\/uploads\/2020\/08\/Hast-Du-nach-innen-das-Moegliche-getan-J.W.-v.-Goethe-100x150.jpeg 100w, https:\/\/dieter-jenz.de\/lc\/wp-content\/uploads\/2020\/08\/Hast-Du-nach-innen-das-Moegliche-getan-J.W.-v.-Goethe.jpeg 735w\" sizes=\"(max-width: 200px) 100vw, 200px\" \/><\/a><\/div><\/div>\n<div class=\"col-md-3 col-sm-6 col-xs-12 pt-cv-content-item pt-cv-1-col\" ><div class='pt-cv-ifield'><a href=\"https:\/\/dieter-jenz.de\/lc\/man-kann-die-erfahrung-nicht-frueh-genug-machen-wie-entbehrlich-goethe\/\" class=\"_self pt-cv-href-thumbnail pt-cv-thumb-default\" target=\"_self\" ><img loading=\"lazy\" decoding=\"async\" width=\"200\" height=\"300\" src=\"https:\/\/dieter-jenz.de\/lc\/wp-content\/uploads\/2020\/08\/Man-kann-die-Erfahrung-nicht-J.W.-v.-Goethe-200x300.jpeg\" class=\"pt-cv-thumbnail\" alt=\"Man kann die Erfahrung nicht fr\u00fch genug machen, J.W. v. Goethe - Gestaltung: privat\" srcset=\"https:\/\/dieter-jenz.de\/lc\/wp-content\/uploads\/2020\/08\/Man-kann-die-Erfahrung-nicht-J.W.-v.-Goethe-200x300.jpeg 200w, https:\/\/dieter-jenz.de\/lc\/wp-content\/uploads\/2020\/08\/Man-kann-die-Erfahrung-nicht-J.W.-v.-Goethe-683x1024.jpeg 683w, https:\/\/dieter-jenz.de\/lc\/wp-content\/uploads\/2020\/08\/Man-kann-die-Erfahrung-nicht-J.W.-v.-Goethe-540x810.jpeg 540w, https:\/\/dieter-jenz.de\/lc\/wp-content\/uploads\/2020\/08\/Man-kann-die-Erfahrung-nicht-J.W.-v.-Goethe-100x150.jpeg 100w, https:\/\/dieter-jenz.de\/lc\/wp-content\/uploads\/2020\/08\/Man-kann-die-Erfahrung-nicht-J.W.-v.-Goethe.jpeg 735w\" sizes=\"(max-width: 200px) 100vw, 200px\" \/><\/a><\/div><\/div><\/div><\/div>\n<div class=\" pt-cv-pagination-wrapper\"><ul class=\"pt-cv-pagination pt-cv-ajax pagination\" data-totalpages=\"3\" data-currentpage=\"1\" data-sid=\"153fcfcdgy\" data-unid=\"\" data-isblock=\"\" data-postid=\"\"><li class=\"active\"><a href=\"#\">1<\/a><\/li>\n\t<li ><a class=\"\" href=\"https:\/\/dieter-jenz.de\/lc\/wp-json\/wp\/v2\/posts\/4192\/?_page=2\">2<\/a><\/li>\n\t<li ><a class=\"\" href=\"https:\/\/dieter-jenz.de\/lc\/wp-json\/wp\/v2\/posts\/4192\/?_page=3\">3<\/a><\/li>\n\t<li ><a class=\" \" href=\"https:\/\/dieter-jenz.de\/lc\/wp-json\/wp\/v2\/posts\/4192\/?_page=2\">&rsaquo;<\/a><\/li>\n\t<\/ul><img loading=\"lazy\" decoding=\"async\" width=\"15\" height=\"15\" class=\"pt-cv-spinner\" alt=\"Wird geladen\u00a0\u2026\" src=\"data:image\/gif;base64,R0lGODlhDwAPALMPAMrKygwMDJOTkz09PZWVla+vr3p6euTk5M7OzuXl5TMzMwAAAJmZmWZmZszMzP\/\/\/yH\/C05FVFNDQVBFMi4wAwEAAAAh+QQFCgAPACwAAAAADwAPAAAEQvDJaZaZOIcV8iQK8VRX4iTYoAwZ4iCYoAjZ4RxejhVNoT+mRGP4cyF4Pp0N98sBGIBMEMOotl6YZ3S61Bmbkm4mAgAh+QQFCgAPACwAAAAADQANAAAENPDJSRSZeA418itN8QiK8BiLITVsFiyBBIoYqnoewAD4xPw9iY4XLGYSjkQR4UAUD45DLwIAIfkEBQoADwAsAAAAAA8ACQAABC\/wyVlamTi3nSdgwFNdhEJgTJoNyoB9ISYoQmdjiZPcj7EYCAeCF1gEDo4Dz2eIAAAh+QQFCgAPACwCAAAADQANAAAEM\/DJBxiYeLKdX3IJZT1FU0iIg2RNKx3OkZVnZ98ToRD4MyiDnkAh6BkNC0MvsAj0kMpHBAAh+QQFCgAPACwGAAAACQAPAAAEMDC59KpFDll73HkAA2wVY5KgiK5b0RRoI6MuzG6EQqCDMlSGheEhUAgqgUUAFRySIgAh+QQFCgAPACwCAAIADQANAAAEM\/DJKZNLND\/kkKaHc3xk+QAMYDKsiaqmZCxGVjSFFCxB1vwy2oOgIDxuucxAMTAJFAJNBAAh+QQFCgAPACwAAAYADwAJAAAEMNAs86q1yaWwwv2Ig0jUZx3OYa4XoRAfwADXoAwfo1+CIjyFRuEho60aSNYlOPxEAAAh+QQFCgAPACwAAAIADQANAAAENPA9s4y8+IUVcqaWJ4qEQozSoAzoIyhCK2NFU2SJk0hNnyEOhKR2AzAAj4Pj4GE4W0bkJQIAOw==\" \/><div class=\"clear pt-cv-clear-pagination\"><\/div><\/div><\/div>\n\n\n<div class=\"su-box su-box-style-default\" id=\"\" style=\"border-color:#000000;border-radius:3px;\"><div class=\"su-box-title\" style=\"background-color:#333333;color:#FFFFFF;border-top-left-radius:1px;border-top-right-radius:1px\">Aktuelles<\/div><div class=\"su-box-content su-u-clearfix su-u-trim\" style=\"border-bottom-left-radius:1px;border-bottom-right-radius:1px\"><ul id=\"menu-post-menue\" class=\"menu\"><li id=\"menu-item-4536\" class=\"menu-item menu-item-type-custom menu-item-object-custom menu-item-home menu-item-4536\"><a href=\"https:\/\/dieter-jenz.de\/lc\/\">Home<\/a><\/li>\n<li id=\"menu-item-5989\" class=\"menu-item menu-item-type-post_type menu-item-object-page menu-item-5989\"><a href=\"https:\/\/dieter-jenz.de\/lc\/zitate-zum-nachdenken-und-neudenken-uebersicht\/\">Alle Zitate &#8211; \u00dcbersicht<\/a><\/li>\n<li id=\"menu-item-4537\" class=\"menu-item menu-item-type-post_type menu-item-object-page menu-item-4537\"><a href=\"https:\/\/dieter-jenz.de\/lc\/zitate-hitlisten\/\">Zitate-Hitlisten \u2013 Beliebte Zitate<\/a><\/li>\n<li id=\"menu-item-5011\" class=\"menu-item menu-item-type-custom menu-item-object-custom menu-item-5011\"><a href=\"https:\/\/dieter-jenz.de\/lc\/?redirect_to=random&#038;cat=68\">\u00dcberraschungs-Zitat<\/a><\/li>\n<li id=\"menu-item-4565\" class=\"menu-item menu-item-type-post_type menu-item-object-page menu-item-4565\"><a href=\"https:\/\/dieter-jenz.de\/lc\/neueste-beitraege\/\">Neueste Beitr\u00e4ge<\/a><\/li>\n<li id=\"menu-item-5925\" class=\"menu-item menu-item-type-post_type menu-item-object-page menu-item-5925\"><a href=\"https:\/\/dieter-jenz.de\/lc\/zitate-kuerzlich-ueberarbeitet\/\">K\u00fcrzlich \u00fcberarbeitet<\/a><\/li>\n<li id=\"menu-item-5836\" class=\"menu-item menu-item-type-post_type menu-item-object-page menu-item-5836\"><a href=\"https:\/\/dieter-jenz.de\/lc\/impulse-zur-inspiration-und-motivation-in-sozialen-medien-dieter-jenz\/\">Links zu sozialen Medien<\/a><\/li>\n<\/ul><\/div><\/div>\n\n\n\n<h3 class=\"wp-block-heading\"><strong>Goethes Wesen<\/strong><\/h3>\n\n\n\n<p>Der Blick auf das Leben Goethes ist vor allem durch sein umfangreiches Lebenswerk in Literatur, Politik und Naturwissenschaft gepr\u00e4gt. Doch um sein Wesen st\u00e4rker zum Vorschein zu bringen, ist ein Blick darauf hilfreich, wie sich Goethe selbst wahrnahm und wie er von anderen Menschen als Person wahrgenommen wurde.<\/p>\n\n\n\n<p>Goethe scheint schon sehr fr\u00fch im Leben ein Bewusstsein f\u00fcr seine Wirkung auf Mitmenschen entwickelt zu haben. Ihm war bewusst, dass er in Gegenwart anderer Mitmenschen einen Eindruck hinterlie\u00df und durch sein Wesen eine gewisse Wirkung auf sie aus\u00fcbte. Diesem Bewusstsein entsprechend handelnd verhielt er sich anderen Menschen gegen\u00fcber so, wie er gesehen und wahrgenommen werden wollte. Goethe verf\u00fcgte gewisserma\u00dfen \u00fcber ein besonderes Ma\u00df an Inszenierungsf\u00e4higkeit, die er zeitlebens situationsgem\u00e4\u00df einsetzte.<\/p>\n\n\n\n<p>Die Wahrnehmung Goethes wurde nicht nur durch das Bild gepr\u00e4gt, das er von sich selbst vermitteln wollte. Sie formte sich auch durch den Umgang Goethes mit seinen Mitmenschen in ganz realen Lebenssituationen. Stellvertretend f\u00fcr die Beziehungen zu Mitmenschen seien die Beziehung zu seiner Geliebten und sp\u00e4teren Ehefrau Christiane Vulpius und zu seinem Dichterkollegen Friedrich Schiller kurz charakterisiert.<\/p>\n\n\n\n<h4 class=\"wp-block-heading\"><strong>Beziehung zu Christiane Vulpius<\/strong><\/h4>\n\n\n\n<p>Im Juli 1788 lernte der damals schon europaweit bekannte und ber\u00fchmte Goethe seine sp\u00e4tere Ehefrau Christiane Vulpius in Weimar im Park an der Ilm kennen. Die Putzmacherin (heute Modistin), die in einer Manufaktur zur Herstellung k\u00fcnstlicher Blumen arbeitete, war damals 23 Jahre alt. Goethe war bereits 38 Jahre alt und war kurze Zeit zuvor von seinem mehrj\u00e4hrigen Aufenthalt in Italien zur\u00fcckgekehrt.<\/p>\n\n\n\n<p>Anlass f\u00fcr die Begegnung der beiden war eine Bittschrift, die Christiane Vulpius f\u00fcr ihren Bruder, den arbeitslos gewordenen Christian August Vulpius, \u00fcberreichte. Wahrscheinlich wurde Christiane Vulpius schon an diesem Tag oder nur kurze Zeit darauf Goethes Geliebte. Sie zog bei Goethe ein und lebte mit Goethe als seine Haush\u00e4lterin.<\/p>\n\n\n\n<p>Ihre Vorg\u00e4ngerin in Sachen Liebesbeziehungen Goethes war die Hofdame Charlotte von Stein. An die sieben Jahre \u00e4ltere verheiratete Frau richtete Goethe insgesamt 1770 Briefe, Gedichte usw., Zeugnisse einer au\u00dfergew\u00f6hnlich innigen Beziehung. Goethes heimliche Abreise nach Italien im Jahr 1786 ersch\u00fctterte das Verh\u00e4ltnis. Nachdem Goethe Christiane Vulpius kennen- und lieben gelernt hatte, beendete er die Beziehung k\u00fchl. Charlotte von Stein sah in der Beziehung mit Christiane Vulpius einen Treuebruch, der sie tief verletzte und den sie Goethe nie verzieh. Sie forderte ihre Briefe an Goethe zur\u00fcck.<\/p>\n\n\n\n<p>Am 25.12.1789 brachte Christiane Vulpius ihr erstes gemeinsames Kind, den Sohn August Walter Julius, zur Welt. Anl\u00e4sslich der Taufe bekannte sich Goethe zwar nicht formal zu seiner Vaterschaft, doch wurde das Kind auch nicht als unehelich gef\u00fchrt. Vier weitere gemeinsame Kinder wurden tot geboren oder starben kurze Zeit nach der Geburt (1791, 1793, 1795 und 1802).<\/p>\n\n\n\n<p>Seiner Mutter gegen\u00fcber verschwieg Goethe die Beziehung mit Christiane Vulpius mehrere Jahre lang. Demzufolge konnte sie nicht wissen, dass sie Gro\u00dfmutter geworden war. Erst w\u00e4hrend eines Besuchs im Jahr 1793 erz\u00e4hlte Goethe ihr von der Verbindung und dem bereits dreieinhalb Jahre alten Enkel.<\/p>\n\n\n\n<p>Nach der Geburt von August lernte Goethe auf seiner Schlesienreise im Jahr 1790 die damals 21j\u00e4hrige Henriette von L\u00fcttwitz kennen und wohl auch lieben. Der bereits Vater gewordene Goethe machte ihr einen Heiratsantrag, den ihr adeliger Vater jedoch ablehnte.<\/p>\n\n\n\n<p>Bereits 1782 wurde Goethe durch Kaiser Josef II. in den Adelstand erhoben. Der Weimarer Hof und die Gesellschaft lehnten die illegitime und unstandesgem\u00e4\u00dfe Beziehung mit Christiane Vulpius ab. Auf Anraten des Herzogs Carl August von Sachsen-Weimar-Eisenach musste Goethe das Haus am Frauenplan im Zentrum Weimars verlassen und vor\u00fcbergehend ins \u201eJ\u00e4gerhaus\u201c in der Marienstra\u00dfe umziehen. Erst im Jahr 1806, nach rund 18j\u00e4hriger Beziehung, wurde Christiane Vulpius seine Ehefrau und hie\u00df von nun an Christiane von Goethe. Ihre gesellschaftliche Stellung verbesserte sich.<\/p>\n\n\n\n<p>Goethe war nicht gerade als besonders f\u00fcrsorglicher Familienvater bekannt. Er lie\u00df Christiane regelm\u00e4\u00dfig monatelang mit dem gemeinsamen Sohn alleine. Auch an Christianes intellektueller Entwicklung war er dem Vernehmen nach wenig interessiert.<\/p>\n\n\n\n<p>W\u00e4hrend eines Kuraufenthalts in Wiesbaden (ohne seine Frau Christiane) lernte Goethe im Jahr 1814 Marianne von Willemer (1784-1860), Frau des Bankiers Johann Jacob Willemer, kennen. Beide verliebten sich ineinander und verbrachten die Sommermonate des Jahres 1815 auf dem Landsitz der Willemers. Ihre Liebe ist gewisserma\u00dfen als Hatem und Suleika in einem poetischen Dialog (\u201eSuleika-Lieder\u201c) im \u201eWest-\u00f6stlichen Diwan\u201c (die umfangreichste Gedichtsammlung von Goethe) verewigt.<\/p>\n\n\n\n<p>Im Jahr 1816 starb Christiane von Goethe nach einer Woche qualvollen Leidens. Weder an ihrem Sterbebett noch bei ihrer Beerdigung war Goethe anwesend. Der Sohn August k\u00fcmmerte sich um das Begr\u00e4bnis. Goethe wurde in den letzten Lebenstagen seiner Frau krank. Er war in seinem Leben relativ oft krank gewesen, wahrscheinlich h\u00e4ufig auch aus psychischen Gr\u00fcnden. Christiane nahm an ihm auch hypochondrische Z\u00fcge wahr. Krankheiten waren wahrscheinlich f\u00fcr Goethe eine Fluchtm\u00f6glichkeit, wenn er Unangenehmem in seinem Umfeld entgehen wollte.<\/p>\n\n\n\n<h4 class=\"wp-block-heading\"><strong>Beziehung zu Friedrich von Schiller<\/strong><\/h4>\n\n\n\n<p>Johann Wolfgang von Goethe und Friedrich von Schiller (1759-1805) begegneten sich erstmals pers\u00f6nlich im Herbst 1788 im th\u00fcringischen Rudolstadt. Beide kannten sich jedoch schon zuvor.<\/p>\n\n\n\n<p>Auf Betreiben Goethes erhielt Schiller eine zun\u00e4chst unbesoldete Professur in Geschichte in Jena. Im Jahr 1794 bat Schiller den zehn Jahre \u00e4lteren Goethe darum, dem Herausgeberkreis einer von ihm geplanten Zeitschrift f\u00fcr Kultur und Kunst, \u201eHoren\u201c, beizutreten. Goethe sagte zu. In der Folgezeit entwickelte sich zwischen den beiden eine Freundschaft. Sie besuchten sich h\u00e4ufig wechselseitig.<\/p>\n\n\n\n<p>Goethe ver\u00f6ffentlichte zahlreiche Werke in den \u201eHoren\u201c und dem ebenfalls von Schiller herausgegebenen \u201eMusen-Almanach\u201c.<\/p>\n\n\n\n<p>Goethe verlangte von seinen Verlegern hohe Honorare. Auch bei Schiller machte er f\u00fcr seine Beitr\u00e4ge in den \u201eHoren\u201c keine Ausnahme. Schiller lebte zuweilen in knappen finanziellen Verh\u00e4ltnissen. Von Goethe erhielt er keine Unterst\u00fctzung, obwohl ihm diese m\u00f6glich gewesen w\u00e4re. Schiller nannte Goethe mehrfach einen \u201egef\u00fchlskalten Egoisten\u201c<\/p>\n\n\n\n<p>Im Jahr 1805 starb Friedrich von Schiller. Auch seiner Beerdigung blieb Goethe fern. Um diese Zeit litt er an verschiedenen Krankheiten.<\/p>\n\n\n\n<h3 class=\"wp-block-heading\"><strong>Ein differenziertes Bild<\/strong><\/h3>\n\n\n\n<p>In der Gesamtschau ergibt sich ein differenziertes Bild. Johann Wolfgang von Goethe war einerseits der bewunderte und geachtete Universalgelehrte, hatte andererseits auch seine weniger bewundernswerten Seiten. Sein lockeres Verh\u00e4ltnis zu Treue, die sich auch in seinen Beziehungen zu Frauen niederschlug, mag daf\u00fcr als Beispiel dienen. Seine Empfindlichkeit gegen\u00fcber Krankheit und Tod ist ein weiteres Beispiel. Seine Werke zeichnen andererseits zuweilen ein Bild hoher idealistischer Ebenen des Seins. Vielleicht dringt darin eine Wunschvorstellung durch, wie er gerne sein wollte.<\/p>\n","protected":false},"excerpt":{"rendered":"<p>Inspirierende Zitate von Johann Wolfgang von Goethe. Das Genie mit vielen Gesichtern Johann Wolfgang von Goethe galt schon zu seinen Lebzeiten als Genie mit vielen Gesichtern. Den meisten&hellip;<\/p>\n","protected":false},"author":2,"featured_media":4195,"comment_status":"closed","ping_status":"open","sticky":false,"template":"template-full-width-only-content.php","format":"standard","meta":{"footnotes":""},"categories":[64,141,115],"tags":[65],"yoast_head":"<!-- This site is optimized with the Yoast SEO plugin v24.5 - https:\/\/yoast.com\/wordpress\/plugins\/seo\/ -->\n<title>Inspirierende Zitate von Johann Wolfgang von Goethe<\/title>\n<meta name=\"description\" content=\"Inspirierende Zitate von Johann Wolfgang von Goethe, deutscher Dichter, Naturforscher und Politiker. Nachdenkenswerte Zitate.\" \/>\n<meta name=\"robots\" content=\"index, follow, max-snippet:-1, max-image-preview:large, max-video-preview:-1\" \/>\n<link rel=\"canonical\" href=\"https:\/\/dieter-jenz.de\/lc\/10-inspirierende-zitate-von-johann-wolfgang-von-goethe\/\" \/>\n<meta property=\"og:locale\" content=\"de_DE\" \/>\n<meta property=\"og:type\" content=\"article\" \/>\n<meta property=\"og:title\" content=\"Inspirierende Zitate von Johann Wolfgang von Goethe\" \/>\n<meta property=\"og:description\" content=\"Inspirierende Zitate von Johann Wolfgang von Goethe, deutscher Dichter, Naturforscher und Politiker. Nachdenkenswerte Zitate.\" \/>\n<meta property=\"og:url\" content=\"https:\/\/dieter-jenz.de\/lc\/10-inspirierende-zitate-von-johann-wolfgang-von-goethe\/\" \/>\n<meta property=\"og:site_name\" content=\"Dieter Jenz, Begleitung und Coaching\" \/>\n<meta property=\"article:publisher\" content=\"https:\/\/www.facebook.com\/dieter.jenz.inspiration\" \/>\n<meta property=\"article:author\" content=\"https:\/\/www.facebook.com\/dieter.jenz.inspiration\" \/>\n<meta property=\"article:published_time\" content=\"2020-08-25T06:40:45+00:00\" \/>\n<meta property=\"article:modified_time\" content=\"2024-06-12T07:06:23+00:00\" \/>\n<meta property=\"og:image\" content=\"https:\/\/dieter-jenz.de\/lc\/wp-content\/uploads\/2020\/08\/10-Zitate-J.W.-v.-Goethe.jpeg\" \/>\n\t<meta property=\"og:image:width\" content=\"735\" \/>\n\t<meta property=\"og:image:height\" content=\"1102\" \/>\n\t<meta property=\"og:image:type\" content=\"image\/jpeg\" \/>\n<meta name=\"author\" content=\"Dieter Jenz\" \/>\n<meta name=\"twitter:card\" content=\"summary_large_image\" \/>\n<meta name=\"twitter:creator\" content=\"@https:\/\/twitter.com\/dieterjenz\" \/>\n<meta name=\"twitter:site\" content=\"@dieterjenz\" \/>\n<meta name=\"twitter:label1\" content=\"Verfasst von\" \/>\n\t<meta name=\"twitter:data1\" content=\"Dieter Jenz\" \/>\n\t<meta name=\"twitter:label2\" content=\"Gesch\u00e4tzte Lesezeit\" \/>\n\t<meta name=\"twitter:data2\" content=\"9\u00a0Minuten\" \/>\n<script type=\"application\/ld+json\" class=\"yoast-schema-graph\">{\"@context\":\"https:\/\/schema.org\",\"@graph\":[{\"@type\":\"Article\",\"@id\":\"https:\/\/dieter-jenz.de\/lc\/10-inspirierende-zitate-von-johann-wolfgang-von-goethe\/#article\",\"isPartOf\":{\"@id\":\"https:\/\/dieter-jenz.de\/lc\/10-inspirierende-zitate-von-johann-wolfgang-von-goethe\/\"},\"author\":{\"name\":\"Dieter Jenz\",\"@id\":\"https:\/\/dieter-jenz.de\/lc\/#\/schema\/person\/618cfd5c289d0a23930cb258a43679ab\"},\"headline\":\"Inspirierende Zitate von Johann Wolfgang von Goethe\",\"datePublished\":\"2020-08-25T06:40:45+00:00\",\"dateModified\":\"2024-06-12T07:06:23+00:00\",\"mainEntityOfPage\":{\"@id\":\"https:\/\/dieter-jenz.de\/lc\/10-inspirierende-zitate-von-johann-wolfgang-von-goethe\/\"},\"wordCount\":1577,\"publisher\":{\"@id\":\"https:\/\/dieter-jenz.de\/lc\/#\/schema\/person\/618cfd5c289d0a23930cb258a43679ab\"},\"image\":{\"@id\":\"https:\/\/dieter-jenz.de\/lc\/10-inspirierende-zitate-von-johann-wolfgang-von-goethe\/#primaryimage\"},\"thumbnailUrl\":\"https:\/\/dieter-jenz.de\/lc\/wp-content\/uploads\/2020\/08\/10-Zitate-J.W.-v.-Goethe.jpeg\",\"keywords\":[\"Inspiration\"],\"articleSection\":[\"Ermutigung und Inspiration\",\"Goethe, Johann Wolfgang von\",\"Zitatesammlungen (Personen)\"],\"inLanguage\":\"de\"},{\"@type\":\"WebPage\",\"@id\":\"https:\/\/dieter-jenz.de\/lc\/10-inspirierende-zitate-von-johann-wolfgang-von-goethe\/\",\"url\":\"https:\/\/dieter-jenz.de\/lc\/10-inspirierende-zitate-von-johann-wolfgang-von-goethe\/\",\"name\":\"Inspirierende Zitate von Johann Wolfgang von Goethe\",\"isPartOf\":{\"@id\":\"https:\/\/dieter-jenz.de\/lc\/#website\"},\"primaryImageOfPage\":{\"@id\":\"https:\/\/dieter-jenz.de\/lc\/10-inspirierende-zitate-von-johann-wolfgang-von-goethe\/#primaryimage\"},\"image\":{\"@id\":\"https:\/\/dieter-jenz.de\/lc\/10-inspirierende-zitate-von-johann-wolfgang-von-goethe\/#primaryimage\"},\"thumbnailUrl\":\"https:\/\/dieter-jenz.de\/lc\/wp-content\/uploads\/2020\/08\/10-Zitate-J.W.-v.-Goethe.jpeg\",\"datePublished\":\"2020-08-25T06:40:45+00:00\",\"dateModified\":\"2024-06-12T07:06:23+00:00\",\"description\":\"Inspirierende Zitate von Johann Wolfgang von Goethe, deutscher Dichter, Naturforscher und Politiker. Nachdenkenswerte Zitate.\",\"breadcrumb\":{\"@id\":\"https:\/\/dieter-jenz.de\/lc\/10-inspirierende-zitate-von-johann-wolfgang-von-goethe\/#breadcrumb\"},\"inLanguage\":\"de\",\"potentialAction\":[{\"@type\":\"ReadAction\",\"target\":[\"https:\/\/dieter-jenz.de\/lc\/10-inspirierende-zitate-von-johann-wolfgang-von-goethe\/\"]}]},{\"@type\":\"ImageObject\",\"inLanguage\":\"de\",\"@id\":\"https:\/\/dieter-jenz.de\/lc\/10-inspirierende-zitate-von-johann-wolfgang-von-goethe\/#primaryimage\",\"url\":\"https:\/\/dieter-jenz.de\/lc\/wp-content\/uploads\/2020\/08\/10-Zitate-J.W.-v.-Goethe.jpeg\",\"contentUrl\":\"https:\/\/dieter-jenz.de\/lc\/wp-content\/uploads\/2020\/08\/10-Zitate-J.W.-v.-Goethe.jpeg\",\"width\":735,\"height\":1102,\"caption\":\"10 inspirierende Zitate J.W. v. Goethe - Gestaltung: privat\"},{\"@type\":\"BreadcrumbList\",\"@id\":\"https:\/\/dieter-jenz.de\/lc\/10-inspirierende-zitate-von-johann-wolfgang-von-goethe\/#breadcrumb\",\"itemListElement\":[{\"@type\":\"ListItem\",\"position\":1,\"name\":\"Home\",\"item\":\"https:\/\/dieter-jenz.de\/lc\/\"},{\"@type\":\"ListItem\",\"position\":2,\"name\":\"Ermutigung und Inspiration\",\"item\":\"https:\/\/dieter-jenz.de\/lc\/category\/ermutigung-und-inspiration\/\"},{\"@type\":\"ListItem\",\"position\":3,\"name\":\"Inspirierende Zitate von Johann Wolfgang von Goethe\"}]},{\"@type\":\"WebSite\",\"@id\":\"https:\/\/dieter-jenz.de\/lc\/#website\",\"url\":\"https:\/\/dieter-jenz.de\/lc\/\",\"name\":\"Dieter Jenz, Begleitung und Coaching\",\"description\":\"Die andere, neue Sichtweise entdecken - auftanken - neue Wege gehen\",\"publisher\":{\"@id\":\"https:\/\/dieter-jenz.de\/lc\/#\/schema\/person\/618cfd5c289d0a23930cb258a43679ab\"},\"potentialAction\":[{\"@type\":\"SearchAction\",\"target\":{\"@type\":\"EntryPoint\",\"urlTemplate\":\"https:\/\/dieter-jenz.de\/lc\/?s={search_term_string}\"},\"query-input\":{\"@type\":\"PropertyValueSpecification\",\"valueRequired\":true,\"valueName\":\"search_term_string\"}}],\"inLanguage\":\"de\"},{\"@type\":[\"Person\",\"Organization\"],\"@id\":\"https:\/\/dieter-jenz.de\/lc\/#\/schema\/person\/618cfd5c289d0a23930cb258a43679ab\",\"name\":\"Dieter Jenz\",\"image\":{\"@type\":\"ImageObject\",\"inLanguage\":\"de\",\"@id\":\"https:\/\/dieter-jenz.de\/lc\/#\/schema\/person\/image\/\",\"url\":\"https:\/\/dieter-jenz.de\/lc\/wp-content\/uploads\/2020\/01\/Logo-Coaching-und-Begleitung.png\",\"contentUrl\":\"https:\/\/dieter-jenz.de\/lc\/wp-content\/uploads\/2020\/01\/Logo-Coaching-und-Begleitung.png\",\"width\":320,\"height\":240,\"caption\":\"Dieter Jenz\"},\"logo\":{\"@id\":\"https:\/\/dieter-jenz.de\/lc\/#\/schema\/person\/image\/\"},\"description\":\"Ich bin Dieter Jenz, Begleiter, Berater und Coach mit Leidenschaft. \u00dcber viele Jahre hinweg habe ich einen reichen Schatz an Kompetenz und Erfahrung erworben. Meine Themen sind die \\\"4L\\\": Lebensaufgabe, Lebensplanung, Lebensnavigation und Lebensqualit\u00e4t.\",\"sameAs\":[\"https:\/\/www.facebook.com\/dieter.jenz.inspiration\",\"https:\/\/www.pinterest.de\/dieterjenz\/\",\"https:\/\/x.com\/https:\/\/twitter.com\/dieterjenz\"],\"url\":\"https:\/\/dieter-jenz.de\/lc\/author\/dieter\/\"}]}<\/script>\n<!-- \/ Yoast SEO plugin. -->","yoast_head_json":{"title":"Inspirierende Zitate von Johann Wolfgang von Goethe","description":"Inspirierende Zitate von Johann Wolfgang von Goethe, deutscher Dichter, Naturforscher und Politiker. Nachdenkenswerte Zitate.","robots":{"index":"index","follow":"follow","max-snippet":"max-snippet:-1","max-image-preview":"max-image-preview:large","max-video-preview":"max-video-preview:-1"},"canonical":"https:\/\/dieter-jenz.de\/lc\/10-inspirierende-zitate-von-johann-wolfgang-von-goethe\/","og_locale":"de_DE","og_type":"article","og_title":"Inspirierende Zitate von Johann Wolfgang von Goethe","og_description":"Inspirierende Zitate von Johann Wolfgang von Goethe, deutscher Dichter, Naturforscher und Politiker. Nachdenkenswerte Zitate.","og_url":"https:\/\/dieter-jenz.de\/lc\/10-inspirierende-zitate-von-johann-wolfgang-von-goethe\/","og_site_name":"Dieter Jenz, Begleitung und Coaching","article_publisher":"https:\/\/www.facebook.com\/dieter.jenz.inspiration","article_author":"https:\/\/www.facebook.com\/dieter.jenz.inspiration","article_published_time":"2020-08-25T06:40:45+00:00","article_modified_time":"2024-06-12T07:06:23+00:00","og_image":[{"width":735,"height":1102,"url":"https:\/\/dieter-jenz.de\/lc\/wp-content\/uploads\/2020\/08\/10-Zitate-J.W.-v.-Goethe.jpeg","type":"image\/jpeg"}],"author":"Dieter Jenz","twitter_card":"summary_large_image","twitter_creator":"@https:\/\/twitter.com\/dieterjenz","twitter_site":"@dieterjenz","twitter_misc":{"Verfasst von":"Dieter Jenz","Gesch\u00e4tzte Lesezeit":"9\u00a0Minuten"},"schema":{"@context":"https:\/\/schema.org","@graph":[{"@type":"Article","@id":"https:\/\/dieter-jenz.de\/lc\/10-inspirierende-zitate-von-johann-wolfgang-von-goethe\/#article","isPartOf":{"@id":"https:\/\/dieter-jenz.de\/lc\/10-inspirierende-zitate-von-johann-wolfgang-von-goethe\/"},"author":{"name":"Dieter Jenz","@id":"https:\/\/dieter-jenz.de\/lc\/#\/schema\/person\/618cfd5c289d0a23930cb258a43679ab"},"headline":"Inspirierende Zitate von Johann Wolfgang von Goethe","datePublished":"2020-08-25T06:40:45+00:00","dateModified":"2024-06-12T07:06:23+00:00","mainEntityOfPage":{"@id":"https:\/\/dieter-jenz.de\/lc\/10-inspirierende-zitate-von-johann-wolfgang-von-goethe\/"},"wordCount":1577,"publisher":{"@id":"https:\/\/dieter-jenz.de\/lc\/#\/schema\/person\/618cfd5c289d0a23930cb258a43679ab"},"image":{"@id":"https:\/\/dieter-jenz.de\/lc\/10-inspirierende-zitate-von-johann-wolfgang-von-goethe\/#primaryimage"},"thumbnailUrl":"https:\/\/dieter-jenz.de\/lc\/wp-content\/uploads\/2020\/08\/10-Zitate-J.W.-v.-Goethe.jpeg","keywords":["Inspiration"],"articleSection":["Ermutigung und Inspiration","Goethe, Johann Wolfgang von","Zitatesammlungen (Personen)"],"inLanguage":"de"},{"@type":"WebPage","@id":"https:\/\/dieter-jenz.de\/lc\/10-inspirierende-zitate-von-johann-wolfgang-von-goethe\/","url":"https:\/\/dieter-jenz.de\/lc\/10-inspirierende-zitate-von-johann-wolfgang-von-goethe\/","name":"Inspirierende Zitate von Johann Wolfgang von Goethe","isPartOf":{"@id":"https:\/\/dieter-jenz.de\/lc\/#website"},"primaryImageOfPage":{"@id":"https:\/\/dieter-jenz.de\/lc\/10-inspirierende-zitate-von-johann-wolfgang-von-goethe\/#primaryimage"},"image":{"@id":"https:\/\/dieter-jenz.de\/lc\/10-inspirierende-zitate-von-johann-wolfgang-von-goethe\/#primaryimage"},"thumbnailUrl":"https:\/\/dieter-jenz.de\/lc\/wp-content\/uploads\/2020\/08\/10-Zitate-J.W.-v.-Goethe.jpeg","datePublished":"2020-08-25T06:40:45+00:00","dateModified":"2024-06-12T07:06:23+00:00","description":"Inspirierende Zitate von Johann Wolfgang von Goethe, deutscher Dichter, Naturforscher und Politiker. Nachdenkenswerte Zitate.","breadcrumb":{"@id":"https:\/\/dieter-jenz.de\/lc\/10-inspirierende-zitate-von-johann-wolfgang-von-goethe\/#breadcrumb"},"inLanguage":"de","potentialAction":[{"@type":"ReadAction","target":["https:\/\/dieter-jenz.de\/lc\/10-inspirierende-zitate-von-johann-wolfgang-von-goethe\/"]}]},{"@type":"ImageObject","inLanguage":"de","@id":"https:\/\/dieter-jenz.de\/lc\/10-inspirierende-zitate-von-johann-wolfgang-von-goethe\/#primaryimage","url":"https:\/\/dieter-jenz.de\/lc\/wp-content\/uploads\/2020\/08\/10-Zitate-J.W.-v.-Goethe.jpeg","contentUrl":"https:\/\/dieter-jenz.de\/lc\/wp-content\/uploads\/2020\/08\/10-Zitate-J.W.-v.-Goethe.jpeg","width":735,"height":1102,"caption":"10 inspirierende Zitate J.W. v. Goethe - Gestaltung: privat"},{"@type":"BreadcrumbList","@id":"https:\/\/dieter-jenz.de\/lc\/10-inspirierende-zitate-von-johann-wolfgang-von-goethe\/#breadcrumb","itemListElement":[{"@type":"ListItem","position":1,"name":"Home","item":"https:\/\/dieter-jenz.de\/lc\/"},{"@type":"ListItem","position":2,"name":"Ermutigung und Inspiration","item":"https:\/\/dieter-jenz.de\/lc\/category\/ermutigung-und-inspiration\/"},{"@type":"ListItem","position":3,"name":"Inspirierende Zitate von Johann Wolfgang von Goethe"}]},{"@type":"WebSite","@id":"https:\/\/dieter-jenz.de\/lc\/#website","url":"https:\/\/dieter-jenz.de\/lc\/","name":"Dieter Jenz, Begleitung und Coaching","description":"Die andere, neue Sichtweise entdecken - auftanken - neue Wege gehen","publisher":{"@id":"https:\/\/dieter-jenz.de\/lc\/#\/schema\/person\/618cfd5c289d0a23930cb258a43679ab"},"potentialAction":[{"@type":"SearchAction","target":{"@type":"EntryPoint","urlTemplate":"https:\/\/dieter-jenz.de\/lc\/?s={search_term_string}"},"query-input":{"@type":"PropertyValueSpecification","valueRequired":true,"valueName":"search_term_string"}}],"inLanguage":"de"},{"@type":["Person","Organization"],"@id":"https:\/\/dieter-jenz.de\/lc\/#\/schema\/person\/618cfd5c289d0a23930cb258a43679ab","name":"Dieter Jenz","image":{"@type":"ImageObject","inLanguage":"de","@id":"https:\/\/dieter-jenz.de\/lc\/#\/schema\/person\/image\/","url":"https:\/\/dieter-jenz.de\/lc\/wp-content\/uploads\/2020\/01\/Logo-Coaching-und-Begleitung.png","contentUrl":"https:\/\/dieter-jenz.de\/lc\/wp-content\/uploads\/2020\/01\/Logo-Coaching-und-Begleitung.png","width":320,"height":240,"caption":"Dieter Jenz"},"logo":{"@id":"https:\/\/dieter-jenz.de\/lc\/#\/schema\/person\/image\/"},"description":"Ich bin Dieter Jenz, Begleiter, Berater und Coach mit Leidenschaft. \u00dcber viele Jahre hinweg habe ich einen reichen Schatz an Kompetenz und Erfahrung erworben. Meine Themen sind die \"4L\": Lebensaufgabe, Lebensplanung, Lebensnavigation und Lebensqualit\u00e4t.","sameAs":["https:\/\/www.facebook.com\/dieter.jenz.inspiration","https:\/\/www.pinterest.de\/dieterjenz\/","https:\/\/x.com\/https:\/\/twitter.com\/dieterjenz"],"url":"https:\/\/dieter-jenz.de\/lc\/author\/dieter\/"}]}},"_links":{"self":[{"href":"https:\/\/dieter-jenz.de\/lc\/wp-json\/wp\/v2\/posts\/4192"}],"collection":[{"href":"https:\/\/dieter-jenz.de\/lc\/wp-json\/wp\/v2\/posts"}],"about":[{"href":"https:\/\/dieter-jenz.de\/lc\/wp-json\/wp\/v2\/types\/post"}],"author":[{"embeddable":true,"href":"https:\/\/dieter-jenz.de\/lc\/wp-json\/wp\/v2\/users\/2"}],"replies":[{"embeddable":true,"href":"https:\/\/dieter-jenz.de\/lc\/wp-json\/wp\/v2\/comments?post=4192"}],"version-history":[{"count":9,"href":"https:\/\/dieter-jenz.de\/lc\/wp-json\/wp\/v2\/posts\/4192\/revisions"}],"predecessor-version":[{"id":11812,"href":"https:\/\/dieter-jenz.de\/lc\/wp-json\/wp\/v2\/posts\/4192\/revisions\/11812"}],"wp:featuredmedia":[{"embeddable":true,"href":"https:\/\/dieter-jenz.de\/lc\/wp-json\/wp\/v2\/media\/4195"}],"wp:attachment":[{"href":"https:\/\/dieter-jenz.de\/lc\/wp-json\/wp\/v2\/media?parent=4192"}],"wp:term":[{"taxonomy":"category","embeddable":true,"href":"https:\/\/dieter-jenz.de\/lc\/wp-json\/wp\/v2\/categories?post=4192"},{"taxonomy":"post_tag","embeddable":true,"href":"https:\/\/dieter-jenz.de\/lc\/wp-json\/wp\/v2\/tags?post=4192"}],"curies":[{"name":"wp","href":"https:\/\/api.w.org\/{rel}","templated":true}]}}