{"id":7237,"date":"2022-07-05T10:00:00","date_gmt":"2022-07-05T08:00:00","guid":{"rendered":"https:\/\/dieter-jenz.de\/lc\/?p=7237"},"modified":"2022-12-27T09:24:30","modified_gmt":"2022-12-27T08:24:30","slug":"widersprueche-loesungsansaetze-und-konsequenzen","status":"publish","type":"post","link":"https:\/\/dieter-jenz.de\/lc\/widersprueche-loesungsansaetze-und-konsequenzen\/","title":{"rendered":"Widerspr\u00fcche, L\u00f6sungsans\u00e4tze und Konsequenzen"},"content":{"rendered":"<div class=\"yoast-breadcrumbs\"><span><span><a href=\"https:\/\/dieter-jenz.de\/lc\/\">Home<\/a><\/span> \u00bb <span><a href=\"https:\/\/dieter-jenz.de\/lc\/category\/lebensfragen\/\">Lebensfragen<\/a><\/span> \u00bb <span class=\"breadcrumb_last\" aria-current=\"page\"><strong>Widerspr\u00fcche, L\u00f6sungsans\u00e4tze und Konsequenzen<\/strong><\/span><\/span><\/div>\n\n\n<div style=\"height:50px\" aria-hidden=\"true\" class=\"wp-block-spacer\"><\/div>\n\n\n\n<p>Wurde das Universum und alles Leben von Gott erschaffen? Gibt es eine einfache Antwort? Oder st\u00f6\u00dft man auf viele Widerspr\u00fcche?<\/p>\n\n\n\n<p><strong>Inhalte:<\/strong><\/p>\n\n\n\n<nav class=\"wp-block-table-of-contents\"><ol><li><a class=\"wp-block-table-of-contents__entry\" href=\"https:\/\/dieter-jenz.de\/lc\/widersprueche-loesungsansaetze-und-konsequenzen\/#datierungsprobleme-eine-mogliche-losung\">Datierungsprobleme \u2013 eine m\u00f6gliche L\u00f6sung<\/a><\/li><li><a class=\"wp-block-table-of-contents__entry\" href=\"https:\/\/dieter-jenz.de\/lc\/widersprueche-loesungsansaetze-und-konsequenzen\/#gottebenbildlichkeit-kontra-evolutionsbiologie\">Gottebenbildlichkeit kontra Evolutionsbiologie<\/a><\/li><li><a class=\"wp-block-table-of-contents__entry\" href=\"https:\/\/dieter-jenz.de\/lc\/widersprueche-loesungsansaetze-und-konsequenzen\/#der-sundenfall-mit-oder-ohne-konsequenzen\">Der \u201eS\u00fcndenfall\u201c \u2013 mit oder ohne Konsequenzen<\/a><\/li><li><a class=\"wp-block-table-of-contents__entry\" href=\"https:\/\/dieter-jenz.de\/lc\/widersprueche-loesungsansaetze-und-konsequenzen\/#offenbarungen-kontra-wissenschaft\">Offenbarungen kontra Wissenschaft<\/a><\/li><li><a class=\"wp-block-table-of-contents__entry\" href=\"https:\/\/dieter-jenz.de\/lc\/widersprueche-loesungsansaetze-und-konsequenzen\/#konsequenzen-im-hinblick-auf-schopfung-und-sintflut-narrative\">Konsequenzen im Hinblick auf Sch\u00f6pfung- und Sintflut-Narrative<\/a><ol><li><a class=\"wp-block-table-of-contents__entry\" href=\"https:\/\/dieter-jenz.de\/lc\/widersprueche-loesungsansaetze-und-konsequenzen\/#historizitat-der-narrative\">Historizit\u00e4t der Narrative<\/a><\/li><li><a class=\"wp-block-table-of-contents__entry\" href=\"https:\/\/dieter-jenz.de\/lc\/widersprueche-loesungsansaetze-und-konsequenzen\/#die-wissenschaft-hat-recht\">Die Wissenschaft hat recht<\/a><\/li><li><a class=\"wp-block-table-of-contents__entry\" href=\"https:\/\/dieter-jenz.de\/lc\/widersprueche-loesungsansaetze-und-konsequenzen\/#eine-personliche-entscheidung\">Eine pers\u00f6nliche Entscheidung<\/a><\/li><\/ol><\/li><\/ol><\/nav>\n\n\n\n<div class=\"wp-block-media-text is-stacked-on-mobile has-background-background-color has-background\" style=\"grid-template-columns:15% auto\"><figure class=\"wp-block-media-text__media\"><a href=\"https:\/\/dieter-jenz.de\/lc\/was-geschieht-mit-mir-wenn-ich-sterbe\/\"><img loading=\"lazy\" decoding=\"async\" width=\"800\" height=\"800\" src=\"https:\/\/dieter-jenz.de\/lc\/wp-content\/uploads\/2022\/03\/Beitragsbild-Was-geschieht-mit-mir-wenn-ich-sterbe.jpeg\" alt=\"Was geschieht mit mir wenn ich sterbe - Gestaltung: privat\" class=\"wp-image-7029 size-full\" srcset=\"https:\/\/dieter-jenz.de\/lc\/wp-content\/uploads\/2022\/03\/Beitragsbild-Was-geschieht-mit-mir-wenn-ich-sterbe.jpeg 800w, https:\/\/dieter-jenz.de\/lc\/wp-content\/uploads\/2022\/03\/Beitragsbild-Was-geschieht-mit-mir-wenn-ich-sterbe-300x300.jpeg 300w, https:\/\/dieter-jenz.de\/lc\/wp-content\/uploads\/2022\/03\/Beitragsbild-Was-geschieht-mit-mir-wenn-ich-sterbe-150x150.jpeg 150w, https:\/\/dieter-jenz.de\/lc\/wp-content\/uploads\/2022\/03\/Beitragsbild-Was-geschieht-mit-mir-wenn-ich-sterbe-768x768.jpeg 768w, https:\/\/dieter-jenz.de\/lc\/wp-content\/uploads\/2022\/03\/Beitragsbild-Was-geschieht-mit-mir-wenn-ich-sterbe-540x540.jpeg 540w\" sizes=\"(max-width: 800px) 100vw, 800px\" \/><\/a><\/figure><div class=\"wp-block-media-text__content\">\n<p class=\"has-border-background-color has-background has-normal-font-size\">Dieser Beitrag ist Teil der Serie &#8222;<em>Was geschieht mit mir wenn ich sterbe?<\/em>&#8220; <br>Grobes <a href=\"https:\/\/dieter-jenz.de\/lc\/was-geschieht-mit-mir-wenn-ich-sterbe\/\" target=\"_blank\" rel=\"noreferrer noopener\">Inhaltsverzeichnis<\/a><\/p>\n<\/div><\/div>\n\n\n\n<p>Die Frage nach dem Ursprung des beobachtbaren Universums und allen Lebens auf unserem Heimatplaneten Erde sind Fragen, die sich wohl jeder Mensch schon fr\u00fch im Leben stellt und die auch das Leben begleiten. Die verschiedenen Religionen versuchen, diese Fragen entsprechend ihrer jeweiligen Tradition zu beantworten.<\/p>\n\n\n\n<p>Aus der Perspektive der geschichtlichen Entwicklung betrachtet konnten Narrative des Ursprungs von beobachtbarem Universum und allem Leben zun\u00e4chst nur m\u00fcndlich von Generation zu Generation weitergegeben werden. Erst mit der Etablierung von Schriftsystemen und der breiteren Verf\u00fcgbarkeit von l\u00e4nger haltbaren Schrifttr\u00e4gern konnten m\u00fcndliche \u00dcberlieferungen dauerhaft schriftlich festgehalten werden. Dies war erst im 4.&nbsp;Jahrtausend v.&nbsp;Chr. m\u00f6glich. Die sehr wahrscheinlich \u00e4ltesten Schriftfunde stammen von dem Fundort Uruk (Mesopotamien) aus Abfallschichten unter der sogenannten Uruk-III-Schicht. Sie werden in das 4. Jahrtausend v.&nbsp;Chr. datiert.<\/p>\n\n\n<div class=\"su-box su-box-style-default\" id=\"\" style=\"border-color:#000000;border-radius:3px;\"><div class=\"su-box-title\" style=\"background-color:#333333;color:#FFFFFF;border-top-left-radius:1px;border-top-right-radius:1px\">Letzte Beitr\u00e4ge <\/div><div class=\"su-box-content su-u-clearfix su-u-trim\" style=\"border-bottom-left-radius:1px;border-bottom-right-radius:1px\"><div class=\"su-expand su-expand-collapsed su-expand-link-style-default\" data-height=\"100\"><div class=\"su-expand-content su-u-trim\" style=\"color:#333333;max-height:100px;overflow:hidden\">\n\n<div class=\"su-posts su-posts-teaser-loop \">\n\n\t\t\t\t\t\t\n\t\t\t\n\t\t\t<div id=\"su-post-12357\" class=\"su-post \">\n\t\t\t\t\t\t\t\t\t<a class=\"su-post-thumbnail\" href=\"https:\/\/dieter-jenz.de\/lc\/die-realitaet-das-individuelle-selbst-befindet-sich-nicht-im-gehirn\/\"><img loading=\"lazy\" decoding=\"async\" width=\"800\" height=\"800\" src=\"https:\/\/dieter-jenz.de\/lc\/wp-content\/uploads\/2024\/11\/Beitragsbild-Realitaet-Individuelles-Selbst-nicht-im-Gehirn.jpeg\" class=\"attachment-post-thumbnail size-post-thumbnail wp-post-image\" alt=\"Realit\u00e4t Das individuelle Selbst befindet sich nicht im Gehirn - Gestaltung: privat\" \/><\/a>\n\t\t\t\t\t\t\t\t<h2 class=\"su-post-title\"><a href=\"https:\/\/dieter-jenz.de\/lc\/die-realitaet-das-individuelle-selbst-befindet-sich-nicht-im-gehirn\/\">Die Realit\u00e4t: Das individuelle Selbst befindet sich nicht im Gehirn<\/a><\/h2>\n\t\t\t<\/div>\n\n\t\t\t\t\t\n\t\t\t\n\t\t\t<div id=\"su-post-12328\" class=\"su-post \">\n\t\t\t\t\t\t\t\t\t<a class=\"su-post-thumbnail\" href=\"https:\/\/dieter-jenz.de\/lc\/verifikation-der-eis-hypothese-ungewoehnliche-erinnerungen\/\"><img loading=\"lazy\" decoding=\"async\" width=\"800\" height=\"800\" src=\"https:\/\/dieter-jenz.de\/lc\/wp-content\/uploads\/2024\/11\/Beitragsbild-Verifikation-EIS-Hypothese-Ungewoehnliche-Erinnerungen.jpeg\" class=\"attachment-post-thumbnail size-post-thumbnail wp-post-image\" alt=\"Verifikation frt EIS-Hypothese: Ungew\u00f6hnliche Erinnerungen - Gestaltung: privat\" \/><\/a>\n\t\t\t\t\t\t\t\t<h2 class=\"su-post-title\"><a href=\"https:\/\/dieter-jenz.de\/lc\/verifikation-der-eis-hypothese-ungewoehnliche-erinnerungen\/\">Verifikation der EIS-Hypothese: Ungew\u00f6hnliche Erinnerungen<\/a><\/h2>\n\t\t\t<\/div>\n\n\t\t\t\t\t\n\t\t\t\n\t\t\t<div id=\"su-post-12313\" class=\"su-post \">\n\t\t\t\t\t\t\t\t\t<a class=\"su-post-thumbnail\" href=\"https:\/\/dieter-jenz.de\/lc\/verifikation-der-eis-hypothese-terminale-geistesklarheit\/\"><img loading=\"lazy\" decoding=\"async\" width=\"800\" height=\"800\" src=\"https:\/\/dieter-jenz.de\/lc\/wp-content\/uploads\/2024\/11\/Beitragsbild-Verifikation-EIS-Hypothese-Terminale-Geistesklarheit.jpeg\" class=\"attachment-post-thumbnail size-post-thumbnail wp-post-image\" alt=\"Verifikation der EIS-Hypothese: Terminale Geistesklarheit - Gestaltung: privat\" \/><\/a>\n\t\t\t\t\t\t\t\t<h2 class=\"su-post-title\"><a href=\"https:\/\/dieter-jenz.de\/lc\/verifikation-der-eis-hypothese-terminale-geistesklarheit\/\">Verifikation der EIS-Hypothese: Terminale Geistesklarheit<\/a><\/h2>\n\t\t\t<\/div>\n\n\t\t\t\t\t\n\t\t\t\n\t\t\t<div id=\"su-post-12248\" class=\"su-post \">\n\t\t\t\t\t\t\t\t\t<a class=\"su-post-thumbnail\" href=\"https:\/\/dieter-jenz.de\/lc\/verifikation-der-eis-hypothese-nahtoderfahrung\/\"><img loading=\"lazy\" decoding=\"async\" width=\"800\" height=\"800\" src=\"https:\/\/dieter-jenz.de\/lc\/wp-content\/uploads\/2024\/10\/Beitragsbild-Verifikation-EIS-Hypothese-Nahtoderfahrung.jpeg\" class=\"attachment-post-thumbnail size-post-thumbnail wp-post-image\" alt=\"Verifikation der EIS-Hypothese: Nahtoderfahrung - Gestaltung: privat\" \/><\/a>\n\t\t\t\t\t\t\t\t<h2 class=\"su-post-title\"><a href=\"https:\/\/dieter-jenz.de\/lc\/verifikation-der-eis-hypothese-nahtoderfahrung\/\">Verifikation der EIS-Hypothese: Nahtoderfahrung<\/a><\/h2>\n\t\t\t<\/div>\n\n\t\t\t\t\t\n\t\t\t\n\t\t\t<div id=\"su-post-12193\" class=\"su-post \">\n\t\t\t\t\t\t\t\t\t<a class=\"su-post-thumbnail\" href=\"https:\/\/dieter-jenz.de\/lc\/das-losloesungsszenario-ist-es-plausibel\/\"><img loading=\"lazy\" decoding=\"async\" width=\"800\" height=\"800\" src=\"https:\/\/dieter-jenz.de\/lc\/wp-content\/uploads\/2024\/09\/Beitragsbild-Losloesungsszenario.jpeg\" class=\"attachment-post-thumbnail size-post-thumbnail wp-post-image\" alt=\"Losl\u00f6sungsszenario - Gestaltung: privat\" \/><\/a>\n\t\t\t\t\t\t\t\t<h2 class=\"su-post-title\"><a href=\"https:\/\/dieter-jenz.de\/lc\/das-losloesungsszenario-ist-es-plausibel\/\">Das Losl\u00f6sungsszenario &#8211; ist es plausibel?<\/a><\/h2>\n\t\t\t<\/div>\n\n\t\t\t\t\t\n\t\t\t\n\t\t\t<div id=\"su-post-12174\" class=\"su-post \">\n\t\t\t\t\t\t\t\t\t<a class=\"su-post-thumbnail\" href=\"https:\/\/dieter-jenz.de\/lc\/das-evakuierungsszenario-ist-es-plausibel\/\"><img loading=\"lazy\" decoding=\"async\" width=\"800\" height=\"800\" src=\"https:\/\/dieter-jenz.de\/lc\/wp-content\/uploads\/2024\/09\/Beitragsbild-Evakuierungsszenario.jpeg\" class=\"attachment-post-thumbnail size-post-thumbnail wp-post-image\" alt=\"Evakuierungsszenario - Gestaltung: privat\" \/><\/a>\n\t\t\t\t\t\t\t\t<h2 class=\"su-post-title\"><a href=\"https:\/\/dieter-jenz.de\/lc\/das-evakuierungsszenario-ist-es-plausibel\/\">Das Evakuierungsszenario &#8211; ist es plausibel?<\/a><\/h2>\n\t\t\t<\/div>\n\n\t\t\t\t\t\n\t\t\t\n\t\t\t<div id=\"su-post-12136\" class=\"su-post \">\n\t\t\t\t\t\t\t\t\t<a class=\"su-post-thumbnail\" href=\"https:\/\/dieter-jenz.de\/lc\/das-erloeschungsszenario-ist-es-plausibel\/\"><img loading=\"lazy\" decoding=\"async\" width=\"800\" height=\"800\" src=\"https:\/\/dieter-jenz.de\/lc\/wp-content\/uploads\/2024\/09\/Beitragsbild-Erloeschungsszenario.jpeg\" class=\"attachment-post-thumbnail size-post-thumbnail wp-post-image\" alt=\"Erl\u00f6schungsszenario - Gestaltung: privat\" \/><\/a>\n\t\t\t\t\t\t\t\t<h2 class=\"su-post-title\"><a href=\"https:\/\/dieter-jenz.de\/lc\/das-erloeschungsszenario-ist-es-plausibel\/\">Das Erl\u00f6schungsszenario &#8211; ist es plausibel?<\/a><\/h2>\n\t\t\t<\/div>\n\n\t\t\t\t\t\n\t\t\t\n\t\t\t<div id=\"su-post-11981\" class=\"su-post \">\n\t\t\t\t\t\t\t\t\t<a class=\"su-post-thumbnail\" href=\"https:\/\/dieter-jenz.de\/lc\/was-sind-nahtoderfahrungenwie-werden-sie-erlebt\/\"><img loading=\"lazy\" decoding=\"async\" width=\"800\" height=\"800\" src=\"https:\/\/dieter-jenz.de\/lc\/wp-content\/uploads\/2024\/07\/Beitragsbild-Was-sind-Nahtoderfahrungen.jpeg\" class=\"attachment-post-thumbnail size-post-thumbnail wp-post-image\" alt=\"Was sind Nahtoderfahrungen - Gestaltung: privat\" \/><\/a>\n\t\t\t\t\t\t\t\t<h2 class=\"su-post-title\"><a href=\"https:\/\/dieter-jenz.de\/lc\/was-sind-nahtoderfahrungenwie-werden-sie-erlebt\/\">Was sind Nahtoderfahrungen? Wie werden sie erlebt?<\/a><\/h2>\n\t\t\t<\/div>\n\n\t\t\t\t\t\n\t\t\t\n\t\t\t<div id=\"su-post-11947\" class=\"su-post \">\n\t\t\t\t\t\t\t\t\t<a class=\"su-post-thumbnail\" href=\"https:\/\/dieter-jenz.de\/lc\/taktile-kommunikation-was-verbirgt-sich-dahinter\/\"><img loading=\"lazy\" decoding=\"async\" width=\"800\" height=\"800\" src=\"https:\/\/dieter-jenz.de\/lc\/wp-content\/uploads\/2024\/07\/Beitragsbild-Taktile-Kommunikation.jpeg\" class=\"attachment-post-thumbnail size-post-thumbnail wp-post-image\" alt=\"Taktile Kommunikation - Gestaltung: privat\" \/><\/a>\n\t\t\t\t\t\t\t\t<h2 class=\"su-post-title\"><a href=\"https:\/\/dieter-jenz.de\/lc\/taktile-kommunikation-was-verbirgt-sich-dahinter\/\">Taktile Kommunikation \u2013 was verbirgt sich dahinter?<\/a><\/h2>\n\t\t\t<\/div>\n\n\t\t\t\t\t\n\t\t\t\n\t\t\t<div id=\"su-post-11943\" class=\"su-post \">\n\t\t\t\t\t\t\t\t\t<a class=\"su-post-thumbnail\" href=\"https:\/\/dieter-jenz.de\/lc\/olfaktorische-kommunikation-was-verbirgt-sich-dahinter\/\"><img loading=\"lazy\" decoding=\"async\" width=\"800\" height=\"800\" src=\"https:\/\/dieter-jenz.de\/lc\/wp-content\/uploads\/2024\/07\/Beitragsbild-Olfaktorische-Kommunikation.jpeg\" class=\"attachment-post-thumbnail size-post-thumbnail wp-post-image\" alt=\"Olfaktorische Kommunikation - Gestaltung: privat\" \/><\/a>\n\t\t\t\t\t\t\t\t<h2 class=\"su-post-title\"><a href=\"https:\/\/dieter-jenz.de\/lc\/olfaktorische-kommunikation-was-verbirgt-sich-dahinter\/\">Olfaktorische Kommunikation \u2013 was verbirgt sich dahinter?<\/a><\/h2>\n\t\t\t<\/div>\n\n\t\t\t\n<\/div>\n  <\/div><div class=\"su-expand-link su-expand-link-more\" style=\"text-align:left\"><a href=\"javascript:;\" style=\"color:#0088FF;border-color:#0088FF\"><span style=\"border-color:#0088FF\">Mehr anzeigen<\/span><\/a><\/div><div class=\"su-expand-link su-expand-link-less\" style=\"text-align:left\"><a href=\"javascript:;\" style=\"color:#0088FF;border-color:#0088FF\"><span style=\"border-color:#0088FF\">Weniger anzeigen<\/span><\/a><\/div><\/div><\/div><\/div>\n\n\n\n<p>Von den religi\u00f6sen \u00dcberlieferungen, insbesondere von den vor der Zeitenwende entstandenen, kann aufgrund von deren Entstehungsgeschichte nicht erwartet werden, einen Abriss der Weltgeschichte zu vermitteln. Noch weniger kann eine \u00fcberzeugende naturwissenschaftliche Erkl\u00e4rung zu den Grundfragen nach der Existenz des Universums, der Herkunft des Menschen usw. erwartet werden. \u00dcberlieferungen mussten auch relativ kurz und einpr\u00e4gsam gehalten werden. Vielmehr scheint bei diesen \u00dcberlieferungen eine Art ethische Botschaft im Vordergrund zu stehen.<\/p>\n\n\n\n<p>Die religi\u00f6sen \u00dcberlieferungen der f\u00fcnf gro\u00dfen Weltreligionen unterscheiden sich in ihren Welt- und Menschenbildern nicht nur fundamental, sondern sie widersprechen sich auch. Die sogenannten Erfahrungsreligionen (Hinduismus, Buddhismus) positionieren sich v\u00f6llig anders als die sogenannten Offenbarungsreligionen (Judentum, Christentum, Islam). W\u00e4hrend Hinduismus und Buddhismus ein zyklisches Existenzkonzept vertreten, basieren Judentum, Christentum und Islam auf dem Konzept einer einmaligen, von einem Gott bewerkstelligten Sch\u00f6pfung von Universum und Leben.<\/p>\n\n\n\n<h3 class=\"wp-block-heading\" id=\"datierungsprobleme-eine-mogliche-losung\"><strong>Datierungsprobleme \u2013 eine m\u00f6gliche L\u00f6sung<\/strong><\/h3>\n\n\n\n<p>S\u00e4mtliche \u00dcberlieferungen enthalten sich einer Zeitangabe hinsichtlich des Alters des beobachtbaren Universums einschlie\u00dflich der Erde. Die Schriften der Offenbarungsreligionen weisen auf einen Sch\u00f6pfungsakt eines Gottes hin, der zeitlich nicht direkt bestimmt wird. Der hebr\u00e4ische Tanach erm\u00f6glicht jedoch auf Basis der linearen Genealogie von Adam bis Noah (Genesis 5,1-32) und weiterer Genealogien (u.&nbsp;a. Genesis 10) eine indirekte Zeitbestimmung. Im Neuen Testament der Bibel gibt das Geschlechtsregister Jesu Christi (Matth. 1) weitere Hinweise. Dadurch werden Sch\u00f6pfungszeitpunkt und wichtige weltgeschichtliche Ereignisse, wie insbesondere die Sintflut, zeitlich ann\u00e4hernd berechenbar.<\/p>\n\n\n\n<p>Durch diese Berechenbarkeit macht sich die Bibel angreifbar. H\u00e4tte sie sich, wie beispielsweise der Buddhismus, jeglicher Zeitabgaben enthalten, h\u00e4tte sie dieses Dilemma umschifft. Insofern bleibt die Frage, wie sich Erkenntnisse der Planetologie zum Alter des Universums und auch zum Alter unseres Heimatplanten Erde mit dem Narrativ der biblischen Sch\u00f6pfungsgeschichte vereinbaren lassen.<\/p>\n\n\n\n<p>Allerdings ist der Einwand m\u00f6glich, dass nach hebr\u00e4ischem Verst\u00e4ndnis die Aussage \u201eA zeugte B\u201c bedeuten kann, dass A eine Generationenlinie hervorbrachte, in der sp\u00e4ter B vorkam (siehe Ludwig Neidhart, Chronologie des Alten Testaments, S.&nbsp;84). Der Begriff \u201eVater\u201c hat die Bedeutung von \u201eVorfahre\u201c. In der Konsequenz sind L\u00fccken in Generationenlisten m\u00f6glich. Auch im Matth\u00e4us-Evangelium wird von dieser M\u00f6glichkeit Gebrauch gemacht. Dort ist zu lesen, dass Joram Usija (Asarja) zeugte. Allerdings zeugte Joram Usija nicht direkt, sondern die \u201eZeugungslinie\u201c verlief \u00fcber Ahasja, Joasch und Amazja. Usija war also nicht der Sohn Jorams, sondern dessen Urenkel. Dennoch ist nach hebr\u00e4ischem Verst\u00e4ndnis die Aussage \u201eJoram zeugte Usija\u201c korrekt. Matth\u00e4us erkl\u00e4rte (Matth.&nbsp;1,17): \u201eIm Ganzen sind es also von Abraham bis David vierzehn Generationen, von David bis zur Babylonischen Gefangenschaft vierzehn Generationen und von der Babylonischen Gefangenschaft bis zu Christus vierzehn Generationen.\u201c Diese Aussage ist faktisch falsch, nach hebr\u00e4ischem Verst\u00e4ndnis jedoch durchaus keine \u201eSchummelei\u201c. Der Verfasser bezog sich wohl auf <em>nennenswerte<\/em> Geschlechter, nicht aber auf <em>faktische<\/em> Geschlechter.<\/p>\n\n\n\n<p>Dass in den biblischen Geschlechterfolgen faktische L\u00fccken auftauchen ist im Tanach kein Einzelfall. Wird der Deutungslinie gefolgt, dass zuweilen nicht nennenswerte Geschlechter ausgelassen worden sein k\u00f6nnen, ergeben sich zwangsl\u00e4ufig Unsch\u00e4rfen, wenn kein intrabiblischer Vergleich m\u00f6glich ist. Dies ist beispielsweise bei der Geschlechterfolge von Adam bis Noah der Fall. Es gibt daf\u00fcr nur eine Quelle im Tanach. In der Konsequenz k\u00f6nnen beliebig viele weitere Geschlechter zwischen Adam und Noah ungenannt geblieben sein. Dies lie\u00dfe es beispielsweise theoretisch sogar m\u00f6glich erscheinen, dass Adam schon mehrere hunderttausend Jahre v.&nbsp;Chr. lebte.<\/p>\n\n\n\n<p>Wenn angenommen wird, dass Adam tats\u00e4chlich schon sehr viel fr\u00fcher lebte, erg\u00e4be sich eine unbekannte Zahl von Generationen zwischen Adam und Noah. Bei weiterer vereinfachter Annahme, dass jede Generation 500 Jahre w\u00e4hrte, resultierte daraus eine Geschlechterfolge mit wahrscheinlich weit mehr als 100 Gliedern. Es w\u00e4re verst\u00e4ndlich, dass die m\u00fcndliche \u00dcberlieferung \u00fcberfordert w\u00e4re, zumal die Menschen sich geografisch in verschiedene Gebiete ausbreiteten und damit zwangsl\u00e4ufig mangels schriftlicher Aufzeichnungen irgendwann auch der Gesamt\u00fcberblick verloren gehen musste. Dass im Tanach zwischen Adam und Noah nur 8 <em>nennenswerte<\/em> Geschlechter genannt wurden, erscheint vor diesem Hintergrund nachvollziehbar.<\/p>\n\n\n\n<p>Unter der Pr\u00e4misse, dass auch die Sintflut sehr viel fr\u00fcher stattfand, lie\u00dfe sich \u00fcber die Genetik ann\u00e4hernd erschlie\u00dfen, wann Noah lebte. Noah w\u00e4re der gemeinsame Stammvater aller zu einem bestimmten Zeitpunkt lebenden M\u00e4nner. Die Y-Chromosomen aller nach ihm lebenden M\u00e4nner stammen von ihm ab. In einem in der Fachzeitschrift \u201eScience\u201c erschienenen <a href=\"https:\/\/www.science.org\/doi\/10.1126\/science.1237619\">Beitrag<\/a> wurde postuliert, dass der \u201eAdam des Y-Chromosoms\u201c (eigentlich \u201eNoah des Y-Chromosoms\u201c) vor etwa 120&nbsp;000 bis 156&nbsp;000 Jahren lebte. Die Sintflut h\u00e4tte also in diesem Zeitraum stattgefunden.<\/p>\n\n\n\n<p>Das genetische Gegenst\u00fcck des \u201eAdam des Y-Chromosoms\u201c ist die \u201emitochondriale Eva\u201c, eine Frau, aus deren mitochondrialer DNA die mitochondriale DNA aller heute lebenden Menschen durch eine direkte Abstammungslinie hervorging. Nach dem in \u201eScience\u201c erschienenen Beitrag (siehe oben) lebte die \u201eUrmutter\u201c vor etwa 99&nbsp;000 bis 148&nbsp;000 Jahren.<\/p>\n\n\n\n<p>Wird unterstellt, dass die Sch\u00f6pfung schon sehr viel fr\u00fcher erfolgte, lassen sich Sch\u00f6pfungsnarrative sehr viel leichter mit den aktuellen Erkenntnissen der Wissenschaft (z.&nbsp;B. Genetik) vereinbaren. Dar\u00fcber hinaus wird auch nachvollziehbar, weshalb sich der Polytheismus verbreiten und dominant werden konnte. Dass sich \u00fcber einen langen Zeitraum hinweg (m\u00f6glicherweise mehr als 100&nbsp;000 Jahre) und bedingt durch die geografische Ausbreitung der Menschen das \u201eWissen\u201c \u00fcber den Sch\u00f6pfergott, zumindest in manchen Gebieten der Erde, stetig verlor, erscheint sogar als nahezu zwingend.<\/p>\n\n\n\n<p>Der genaue Zeitpunkt der Erschaffung des Universums und des Lebens muss unbestimmt bleiben. Schlie\u00dflich ist unbekannt, wie viele Geschlechter zwischen Adam und Noah ausgelassen wurden. Im Prinzip kann jede genannte Person f\u00fcr ein ganzes Zeitalter der Menschheitsgeschichte stehen. Eine wirklich fundierte Chronologie ist \u00fcber Abraham, dem Stammvater Israels, hinaus nicht m\u00f6glich. Die Menschheitsgeschichte vor Abraham (etwa 1900&nbsp;v.&nbsp;Chr.) muss \u2013 aus der Perspektive des Tanach &#8211; im Dunkeln bleiben.<\/p>\n\n\n\n<h3 class=\"wp-block-heading\" id=\"gottebenbildlichkeit-kontra-evolutionsbiologie\"><strong>Gottebenbildlichkeit kontra Evolutionsbiologie<\/strong><\/h3>\n\n\n\n<p>Auch die im hebr\u00e4ischen Tanach explizit deklarierte Gottebenbildlichkeit des Menschen steht im Widerspruch zu den Erkenntnissen der Evolutionsbiologie. Diese betrachtet den Menschen, gemeinsam mit Gorillas, Orang-Utans und Schimpansen, als der Familie der Menschenaffen (Hominiden) zugeh\u00f6rig. Nach dem Sch\u00f6pfungsnarrativ erschuf Gott zwar Tiere und Menschen an demselben Sch\u00f6pfungstag, jedoch zeitlich voneinander getrennt.<\/p>\n\n\n\n<p>Die Sch\u00f6pfungsnarrative der Weltreligionen sind im Verh\u00e4ltnis zum Gesamtumfang der Schriften relativ kurzgehalten. Dies l\u00e4sst darauf schlie\u00dfen, dass es den Autoren nicht wichtig war, sch\u00f6pfungs- und\/oder entwicklungsgeschichtliche Sachverhalte darzulegen. Wie bereits angedeutet, stand eine Art ethische Botschaft im Vordergrund, die sich auch mit dem Sinn einer Sch\u00f6pfung oder eines Werdens vereinbaren l\u00e4sst.<\/p>\n\n\n\n<p>Das im Buch Genesis zu findende biblische Sch\u00f6pfungsnarrativ l\u00e4sst den Schluss zu, dass Gott das beobachtbare Universum urspr\u00fcnglich als einen Lebensraum von Menschen und allen weiteren Lebewesen ansah, in dem auch Gott pr\u00e4sent war. Gott \u00fcbergab den geschaffenen Lebensraum den Menschen zur Entwicklung und Pflege. Gott als Sch\u00f6pfer und Herrscher und die geschaffenen Wesen bildeten eine Art Urgemeinschaft.<\/p>\n\n\n\n<p>Im Judentum wie im Christentum ist das Konzept der \u201eGottebenbildlichkeit\u201c von zentraler Bedeutung. Nach dem im Tanach, der hebr\u00e4ischen Bibel, im Hinblick auf den Menschen geschilderten Sch\u00f6pfungsgeschehen Gottes (Genesis 1,27), wird der Mensch als Ebenbild Gottes gesehen. Diese Vorstellung gilt auch f\u00fcr das Christentum. Im Islam wird dem Menschen die Gottebenbildlichkeit hingegen nicht zugesprochen.<\/p>\n\n\n\n<p>In der Bibelwissenschaft bestehen unterschiedliche Auffassungen zur Semantik des Begriffs \u201eGottebenbildlichkeit\u201c. Was ist wirklich gemeint? Ist das Wesen im Verh\u00e4ltnis von Gott und Mensch gemeint? Ist die Gott-Mensch-Beziehung gemeint? Oder geht es um eine funktionale Aussage? Zu den vielerlei Deutungsans\u00e4tzen z\u00e4hlt beispielsweise die, dass die Gottebenbildlichkeit dem Menschen die F\u00e4higkeit zur Erkenntnis von Gut und B\u00f6se sowie die M\u00f6glichkeit zum ethischen Leben verleiht. Ein weiterer Ansatz sieht die Gottebenbildlichkeit als theologische Begr\u00fcndung der Menschenw\u00fcrde. Schlie\u00dflich ist auch eine funktional orientierte Deutung verbreitet, die den Menschen als Repr\u00e4sentanten Gottes und seinen ihm verantwortlichen Stellvertreter in der geschaffenen Welt sieht. Die Deutungen des Begriffs ver\u00e4nderten sich im Lauf der Geschichte immer wieder.<\/p>\n\n\n\n<p>Nach den Erkenntnissen der Evolutionsbiologie sind die DNA-Sequenzen von Mensch und Schimpanse (gemeiner Schimpanse (Pan troglodytes) und Bonobo (Pan paniscus), dem engsten lebenden Verwandten des Menschen, zu etwa 98,8&nbsp;% identisch. Allerdings unterscheiden sich Mensch und Schimpanse hinsichtlich dreier neuronaler Netzwerke, die auf wesentliche Aspekte menschlicher Kreativit\u00e4t und Innovationsf\u00e4higkeit wirken. Bei zwei dieser neuronalen Netzwerke (Selbstkontrolle und Selbstbewusstsein) ist die genetische Basis bei Schimpansen kaum vorhanden.<\/p>\n\n\n\n<p>Ist die F\u00e4higkeit zur Selbstkontrolle einschlie\u00dflich der F\u00e4higkeit zum bewussten und zielstrebigen Planen und Probleml\u00f6sen ein ausschlaggebendes Kriterium f\u00fcr die Gottebenbildlichkeit? Sind die F\u00e4higkeiten zu Selbsterkenntnis und Selbstbewusstsein ein weiteres ausschlaggebendes Kriterium? W\u00e4re dies der Fall, w\u00e4re evolutionsbiologisch gesehen der Zustand der Gottebenbildlichkeit erreicht. Allerdings tr\u00e4te ein eklatanter Widerspruch zutage. Da die Evolutionsbiologie keine Intervention eines Gottes erfordert und auch das Konzept \u201eGott\u201c nicht kennt, kann die Evolutionsbiologie auch kein Konzept der \u201eGottebenbildlichkeit\u201c kennen. Das sch\u00f6pferische Handeln eines Gottes, der Gottebenbildlichkeit im Menschen anlegt, steht im Widerspruch zur non-deterministischen evolution\u00e4ren Entwicklung.<\/p>\n\n\n\n<p>Aus dem Blickwinkel der Ph\u00e4nomenologie und des beobachtbaren Verhaltens der Menschen im R\u00fcckblick auf die erschlie\u00dfbare Menschheitsgeschichte mit ihrer evolutionsbiologischen Komponente kann der Versuch eines R\u00fcckschlusses unternommen werden. Auf Basis der dem Menschen zugeschriebenen Gottebenbildlichkeit, so der Ansatz, lie\u00dfe sich auf Gott, sein Wesen und sein Verhalten, r\u00fcckschlie\u00dfen. Die durchaus blutige Menschheitsgeschichte und das oft irrationale Handeln des Menschen in Vergangenheit und Gegenwart lassen jedoch den Versuch eines derartigen R\u00fcckschlusses von vornherein als aberwitzig erscheinen. Wohl niemand w\u00fcrde sich Gott als lediglich \u201eetwas bessere\u201c Version des Menschen vorstellen wollen.<\/p>\n\n\n\n<p>Die Frage der Plausibilit\u00e4t der Gottebenbildlichkeit erscheint aus der Perspektive des Menschen nicht beantwortbar. Die Gottebenbildlichkeit als Konzept, mit welcher Semantik auch immer, kann nicht einfach negiert werden. Schlie\u00dflich ist sie im Schrifttum des Juden- und Christentums verankert. Wird das Konzept auf beobachtbare Verhaltensweisen der Menschen angelegt, erscheint es allerdings implausibel.<\/p>\n\n\n\n<h3 class=\"wp-block-heading\" id=\"der-sundenfall-mit-oder-ohne-konsequenzen\"><strong>Der \u201eS\u00fcndenfall\u201c \u2013 mit oder ohne Konsequenzen<\/strong><\/h3>\n\n\n\n<p>Der ebenfalls im biblischen Buch Genesis erz\u00e4hlte \u201eS\u00fcndenfall\u201c (Kap.&nbsp;3), wonach Adam und Eva gegen ein g\u00f6ttliches Gebot verstie\u00dfen, f\u00fchrte zur Vertreibung beider aus dem Paradies, verbunden mit dem Verlust der Urgemeinschaft und der direkten Wahrnehmbarkeit der Pr\u00e4senz Gottes. Es l\u00e4sst sich nur spekulieren, wie sich die Geschichte der Lebewesen weiterentwickelt h\u00e4tte, h\u00e4tte ein S\u00fcndenfall nie stattgefunden. Adam, Eva und ihre Nachkommen h\u00e4tten vermutlich weiterhin in liebevoller Beziehung und vertrauensvoller Gemeinschaft gelebt und h\u00e4tten die Pr\u00e4senz Gottes wahrgenommen. Die Menschheit h\u00e4tte sich entlang der Linie dieser Urgemeinschaft entwickelt.<\/p>\n\n\n\n<p>Nach dem Narrativ des Buches Genesis hatte der S\u00fcndenfall, der Versto\u00df gegen Gottes Gebot, die Vertreibung aus dem Paradies und den Verlust der Pr\u00e4senz Gottes zur Folge. Eine R\u00fcckkehr in das Paradies war nicht mehr m\u00f6glich. Der Mensch war von Gott getrennt. Um diese Trennung wieder aufzuheben, muss die \u201eS\u00fcnde\u201c von Gott entweder sofort oder sp\u00e4ter vergeben werden. Wenn sie nicht sofort vergeben wird, stellt sich die Frage, ob Schuld, der \u201eUnheilszustand\u201c des Menschen vererbbar ist. Das Judentum kennt keine \u201evererbbare\u201c Schuld, w\u00e4hrend das Christentum deren Vererbbarkeit postuliert.<\/p>\n\n\n\n<p>Auch der Islam kennt einen \u201eS\u00fcndenfall\u201c, f\u00fcr den Adam und Eva gleicherma\u00dfen verantwortlich gemacht werden, da sie beide das g\u00f6ttliche Gebot \u00fcbertraten. Gott verzieh jedoch nach der \u00dcberlieferung des Koran den Menschen. Deshalb wird jeder Mensch aufgrund dieses Verzeihens frei von Schuld gegen Gott (S\u00fcnde) geboren.<\/p>\n\n\n\n<p>Nach christlichem Verst\u00e4ndnis ist ein \u201eErl\u00f6ser\u201c erforderlich, um die Trennung von Gott wieder aufzuheben und den Zugang zum Paradies und der Welt Gottes wieder zu erm\u00f6glichen. Im Christentum ist Jesus Christus der Messias, der Gesalbte Gottes, der als Sohn Gottes und Vers\u00f6hner zwischen Gott und den Menschen und als Erl\u00f6ser der ganzen Welt gilt. Jesus Christus stellt den Zugang zu Gott wieder her und erm\u00f6glicht nach christlichem Verst\u00e4ndnis den an ihn Gl\u00e4ubigen und von ihm Erl\u00f6sten eine Weiterexistenz nach dem physischen Tod im Paradies.<\/p>\n\n\n\n<p>In Judentum und Christentum entwickelten sich v\u00f6llig unterschiedliche Konzepte. Auch das Judentum kennt einen Messias als Gesalbten Gottes und endzeitlichen Heilsbringer und wartet noch heute auf diese Rettergestalt. Dieses Warten auf den Messias ist jedoch nicht mit der Erwartung einer Erl\u00f6sung verkn\u00fcpft. Wenn der Messias erscheint, ist dies das Zeichen f\u00fcr den Beginn der \u201eKommenden Welt\u201c. Alle Juden werden dieser Erwartung zufolge von den \u201evier Enden der Erde\u201c gesammelt.<\/p>\n\n\n\n<p>W\u00e4hrend die Sch\u00f6pfungsnarrative der Offenbarungsreligionen in ihren kurzen Schilderungen eine gro\u00dfe \u00c4hnlichkeit aufweisen, unterscheiden sich die Interpretationen fundamental. Judentum und Islam kennen den Begriff einer \u201eErbs\u00fcnde\u201c nicht. Nach dem Verst\u00e4ndnis des Christentums konnte Gott die Schuld des Versto\u00dfes gegen Gottes Gebot anl\u00e4sslich des S\u00fcndenfalls nicht direkt und sofort vergeben. Zur Vergebung dieser vererbten Schuld bedarf es eines Erl\u00f6sers, wobei dieser Erl\u00f6ser kein Mensch sein kann, sondern ein g\u00f6ttliches Wesen sein muss. Jesus Christus erf\u00fcllt als Sohn Gottes diese Anforderung und stellte durch seinen Tod am Kreuz die M\u00f6glichkeit der Gemeinschaft von Gott und Menschen wieder her.<\/p>\n\n\n\n<p>In der Konsequenz entscheidet nach christlichem Verst\u00e4ndnis der Mensch selbst \u00fcber seinen Zugang zum Paradies, indem er die Erl\u00f6sungstat durch Jesus Christus f\u00fcr sich in Anspruch nimmt. Im Islam entscheidet letzten Endes Allah im Wesentlichen auf Grundlage der \u201eTaten\u201c, ob der Zugang zum Paradies gew\u00e4hrt wird.<\/p>\n\n\n\n<h3 class=\"wp-block-heading\" id=\"offenbarungen-kontra-wissenschaft\"><strong>Offenbarungen kontra Wissenschaft<\/strong><\/h3>\n\n\n\n<p>Bibel und Koran sind, wie bereits angedeutet, als Offenbarungen, jedoch nicht als Geschichtsb\u00fccher zu verstehen. Sie transportieren in erster Linie eine ethische Botschaft. Dennoch enthalten sie Aussagen zu Ereignissen, Personen und Ortsangaben, die von der Wissenschaft als widerlegt gelten k\u00f6nnen. In der Konsequenz befinden sich Juden, Christen und Muslime in einem Dilemma. Kann dem jeweiligen Sch\u00f6pfungsnarrativ gr\u00f6\u00dferes Vertrauen zugemessen werden als den Erkenntnissen verschiedenster wissenschaftlichen Disziplinen?<\/p>\n\n\n\n<p>F\u00fcr das Christentum ergibt sich eine weitere Komplikation. Im Neuen Testament der Bibel (2.&nbsp;Tim.&nbsp;3,16) werden biblische Schriften als direkt von Gott \u201eeingehaucht\u201c bezeichnet: \u201eJede Schrift ist, als von Gott eingegeben, auch n\u00fctzlich zur Belehrung, zur Widerlegung, zur Besserung, zur Erziehung in der Gerechtigkeit\u201c. Der im griechischen Text verwendete Begriff \u201e<em>theopneustos<\/em>\u201c hat die Bedeutung \u201evon Gott eingehaucht\u201c. Die Frage stellt sich jedoch, auf welche biblischen Schriften sich diese Aussage bezieht. Der 2.&nbsp;Timotheusbrief entstand wahrscheinlich zwischen den Jahren 62 und 64&nbsp;n.&nbsp;Chr. Zu dieser Zeit lag der Kanon des Alten Testaments (hebr\u00e4ischer Tanach mit Tora, Propheten, Schriften) vor. Es liegt nahe, aus dem Kontext herzuleiten, dass die im hebr\u00e4ischen Tanach enthaltene Sch\u00f6pfungsgeschichte als von Gott eingehaucht anzusehen ist. Aufgrund mangelnder Hinweise l\u00e4sst sich ebenfalls annehmen, dass das \u201eF\u00fcr-wahr-halten\u201c oder \u201eNicht-f\u00fcr-wahr-halten\u201c des biblischen Sch\u00f6pfungsnarrativs nicht als heilsentscheidend und auch \u2013 im Negativfall &#8211; nicht als \u201eS\u00fcnde\u201c einzustufen ist.<\/p>\n\n\n\n<p>Wenn beispielsweise das Buch Genesis, wie von der Bibelwissenschaft postuliert, nicht von einem einzigen Autor (Mose) verfasst und auch sp\u00e4ter erg\u00e4nzt wurde, stellt sich die Frage, ob alle beteiligten Autoren bzw. Redakteure vom Geist Gottes beseelt waren, um \u201evon Gott eingehauchten\u201c Inhalt zu erstellen. Nach gegenw\u00e4rtigem Forschungsstand wird davon ausgegangen, dass der Pentateuch (die f\u00fcnf B\u00fccher Mose: Genesis, Exodus, Levicticus, Numeri, Deuteronomium) erst um das Jahr 400&nbsp;v.&nbsp;Chr. in der Endfassung vorlag. Noch gibt es eine Reihe ungel\u00f6ster Fragen, die durchaus kontrovers diskutiert werden.<\/p>\n\n\n\n<p>Hat das \u201eeingehaucht sein\u201c zur Folge, dass wissenschaftliche Erkenntnisse gewisserma\u00dfen automatisch invalidiert werden, wenn sie Aussagen oder dem Verst\u00e4ndnis religi\u00f6ser \u00dcberlieferungen entgegenstehen? Die Konsequenzen einer derartigen Folgerung lassen sich aus der Geschichte erkennen. Stellvertretend genannt sei Galileo Galilei, der von der katholischen Kirche verurteilt und unter Hausarrest gestellt wurde, weil einige seiner Theorien (er vertrat u.&nbsp;a. das kopernikanische Weltbild) der damaligen kirchlichen Weltsicht widersprachen. Gl\u00fccklicherweise endet heutzutage auch niemand mehr auf einem Scheiterhaufen (wie etwa Giordano Bruno), wenn Ansichten nicht im Einklang mit der Interpretation religi\u00f6ser \u00dcberlieferungen stehen.<\/p>\n\n\n\n<p>Galileo Galilei und auch Giordano Bruno wurde schweres Unrecht zugef\u00fcgt, weil ein bestimmtes Verst\u00e4ndnis religi\u00f6ser \u00dcberlieferungen als unver\u00e4nderlich und f\u00fcr alle Zeiten g\u00fcltig unterstellt wurde. Wie sich herausstellte, war dieses Verst\u00e4ndnis vonseiten der katholischen Kirche rundweg falsch. Wer kann sicher sein, dass ein Verst\u00e4ndnis bestimmter religi\u00f6ser \u00dcberlieferungen f\u00fcr immer konstant bleibt? Inhalte biblischer Schriften m\u00f6gen von Gott \u201eeingehaucht\u201c sein, doch ist auch der menschliche Geist entsprechend \u201eerleuchtet\u201c, um den Gehalt richtig zu interpretieren?<\/p>\n\n\n\n<h3 class=\"wp-block-heading\" id=\"konsequenzen-im-hinblick-auf-schopfung-und-sintflut-narrative\"><strong>Konsequenzen im Hinblick auf Sch\u00f6pfung- und Sintflut-Narrative<\/strong><\/h3>\n\n\n\n<p>Wenn sich Narrative der Offenbarungsreligionen nicht mit den Erkenntnissen der modernen Wissenschaft vereinbaren lassen, stellt sich die Frage, wie auf der pers\u00f6nlichen Ebene mit diesen Konflikten und Widerspr\u00fcchen umgegangen werden kann. Schlie\u00dflich steht viel auf dem Spiel. Wenn die Sch\u00f6pfung durch Gott, den Sch\u00f6pfer, keine geschichtliche Tatsache ist, ist den Offenbarungsreligionen das Fundament entzogen. S\u00e4mtliche daraus hergeleiteten Konzepte, vor allem das der Gottebenbildlichkeit und \u2013 spezifisch f\u00fcr das Christentum \u2013 der Erl\u00f6sungsbed\u00fcrftigkeit, verlieren ihren Anker. Das religi\u00f6se Schrifttum von Judentum, Christentum und Islam h\u00e4tte den Charakter einer Fiktion.<\/p>\n\n\n\n<p>Im Wesentlichen bieten sich zwei M\u00f6glichkeiten an: die Historizit\u00e4t der Narrative wird nicht infrage gestellt oder sie wird infrage gestellt. Wird sie nicht infrage gestellt, bedeutet dies, den religi\u00f6sen Erz\u00e4hlungen das Primat einzur\u00e4umen. Wenn wissenschaftliche Erkenntnisse entgegenstehen, werden diese gewisserma\u00dfen ausgeblendet. Die zweite Alternative f\u00fchrt zu einer Integration von religi\u00f6sen Erz\u00e4hlungen und wissenschaftlichen Erkenntnissen. Narrative der Offenbarungsreligionen werden vornehmlich als ethische Botschaft verstanden. Wissenschaftliche Erkenntnisse werden als Fakten akzeptiert und entsprechend gewichtet.<\/p>\n\n\n\n<h4 class=\"wp-block-heading\" id=\"historizitat-der-narrative\"><strong>Historizit\u00e4t der Narrative<\/strong><\/h4>\n\n\n\n<p>Angenommen, der Begriff \u201e<em>theopneustos<\/em>\u201c (\u201evon Gott eingehaucht\u201c) wird eng ausgelegt und es wird sogar davon ausgegangen, dass der Tanach w\u00f6rtlich inspiriert wurde. Dann l\u00e4sst sich die Erschaffung des Universums und aller Lebewesen auf ungef\u00e4hr auf das Jahr 4000&nbsp;v.&nbsp;Chr. datieren. Mit anderen Worten: der biblische Sch\u00f6pfungsbericht und auch die Sintflutgeschichte werden w\u00f6rtlich verstanden. Diese, als Kreationismus bezeichnete religi\u00f6se Auffassung, postuliert, dass das Universum, das pflanzliche und tierische Leben und der Mensch buchst\u00e4blich so entstanden sind, wie es in den Heiligen Schriften der Offenbarungsreligionen und insbesondere im alttestamentlichen Buch Genesis geschildert wird.<\/p>\n\n\n\n<p>Dem Einwand, dass die Sch\u00f6pfung zu einem derartigen Zeitpunkt unter wissenschaftlichen Gesichtspunkten gesehen keinesfalls stattgefunden haben kann, wird zuweilen entgegnet, der Sch\u00f6pfer habe das Universum \u201ealt\u201c erschaffen. Zum besseren Verst\u00e4ndnis dieses Konzepts ist eine Analogie hilfreich.<\/p>\n\n\n\n<p>Angenommen, ein Konstrukteur h\u00e4tte \u201eSch\u00f6pfungspotenz\u201c und w\u00e4re in der Lage, eine komplexe Maschine aus seinen Gedanken heraus zu erschaffen. Er k\u00f6nnte sich abends, nachdem alle Mitarbeiter den Betrieb verlassen haben, an seinen Schreibtisch setzen, gewisserma\u00dfen mit \u201edem Finger schnippen\u201c und seine in Gedanken bereits vorhandene Konstruktion in Materie umsetzen. Die Maschine k\u00f6nnte aus neuen Teilen bestehen, aber auch aus \u00e4lteren Teilen, die im Betrieb bereits auf Lager vorhanden sind. Am anderen Morgen f\u00e4nden die Mitarbeiter eine Maschine vor, die am Vortag noch nicht da war. Ein neuer Mitarbeiter, der an seinem ersten Arbeitstag diese Maschine erblickt, w\u00fcsste hingegen nichts von diesem \u201eSch\u00f6pfungsakt\u201c. F\u00fcr ihn w\u00fcrde die Maschine einfach dazugeh\u00f6ren und w\u00e4re gewisserma\u00dfen schon immer dagewesen.<\/p>\n\n\n\n<p>Die Annahme, dass das Universum \u201ealt\u201c erschaffen wurde, wirft einige Fragen auf. Weshalb sollte Gott beispielsweise Skelette niemals existierender Tiere oder H\u00f6hlenmalereien von niemals lebenden Menschen erschaffen? Dies erschiene widersinnig und w\u00fcrde in der Konsequenz lediglich dem Ziel dienen, die Menschen zu verwirren und einen falschen Anschein zu erwecken. Gott w\u00fcrde sich selbst zum L\u00fcgner degradieren.<\/p>\n\n\n\n<p>Wird dem Kreationismus gefolgt, sind die in den verschiedensten wissenschaftlichen Disziplinen gesammelten Erkenntnisse allesamt falsch, insofern sie sich nicht mit den biblischen Narrativen vereinbaren lassen. Insbesondere werden die Untersuchungsmethoden der Arch\u00e4ogenetik, der Arch\u00e4ologie, der Pal\u00e4ontologie und vielen weiteren wissenschaftlichen Disziplinen quasi ex cathedra und pauschal f\u00fcr ungeeignet erkl\u00e4rt.<\/p>\n\n\n\n<p>Der Kreationismus kann und darf sich jedoch nicht nur gegen Erkenntnisse der Wissenschaft aussprechen, sondern muss auch seinerseits in der Lage sein, eine Vielzahl von Fragen vollkommen plausibel (d.&nbsp;h. einleuchtend, nachvollziehbar, glaubw\u00fcrdig, schl\u00fcssig, unwiderlegbar) beantworten zu k\u00f6nnen. Stellvertretend seien lediglich und in aller K\u00fcrze drei genannt:<\/p>\n\n\n\n<ul>\n<li>Fr\u00fche Besiedelungsspuren abseits des Alten Orient: Indien z\u00e4hlt zu den fr\u00fchen Hochkulturen dieser Erde und beherbergt historische Relikte, die teilweise \u00fcber 7&nbsp;000 Jahre alt sind. Wie kann dies sein, wenn das Universum erst sp\u00e4ter entstand?<\/li>\n\n\n\n<li>Tropische Pflanzen in der Grube Messel bei Darmstadt: Die Grube wurde 1995 aufgrund der Vielzahl dort entdeckter Fossilien zum UNESCO-Weltnaturerbe ernannt. Dort existierten Tiere (z.&nbsp;B. Krokodile) und Pflanzen (z.&nbsp;B. Lianen) im tropischen Regenwald. In den vergangenen 6&nbsp;000 Jahren geh\u00f6rte Deutschland bekanntlich nicht zur tropischen Klimazone. Wie konnten diese Tiere und Pflanzen dorthin gelangen?<\/li>\n\n\n\n<li>Genetische Untersuchungen: Diese auf Basis des Y-Chromosoms durchgef\u00fchrten Untersuchungen weisen darauf hin, dass die Vorfahren der heutigen Amerikaner den Kontinent fr\u00fchestens vor nicht mehr als 15&nbsp;000 Jahren erreicht haben. Wie kann dies sein, zumal es vor 6&nbsp;000 Jahren zwischen Sibirien und Alaska keine Landbr\u00fccke mehr gab?<\/li>\n<\/ul>\n\n\n\n<h4 class=\"wp-block-heading\" id=\"die-wissenschaft-hat-recht\"><strong>Die Wissenschaft hat recht<\/strong><\/h4>\n\n\n\n<p>Wenn vor dem Hintergrund, dass sich manche wissenschaftlichen Erkenntnisse und biblischen Narrative nicht zur Deckung bringen lassen, der Wissenschaft jedoch zugebilligt wird, die zumindest bisher wissenschaftlich gekl\u00e4rten Grundfragen korrekt zu beantworten, sind konsequenterweise die biblischen Narrative falsch. Ihnen kann keine Historizit\u00e4t zugeschrieben werden. Dem Glaubensgeb\u00e4ude der Offenbarungsreligionen w\u00e4re der Boden entzogen, zumindest wenn die Auffassung des Kreationismus bejaht wird.<\/p>\n\n\n\n<h4 class=\"wp-block-heading\" id=\"eine-personliche-entscheidung\"><strong>Eine pers\u00f6nliche Entscheidung<\/strong><\/h4>\n\n\n\n<p>Anh\u00e4nger der Offenbarungsreligionen betrachten den Tanach (Judentum), das Alte Testament (Christentum) bzw. den Koran (Islam) als g\u00f6ttliche Offenbarung. Jesus Christus, im Christentum der Sohn Gottes, nimmt auf Noah Bezug und best\u00e4tigt damit dessen Historizit\u00e4t. Da, wie schon angedeutet, im Neuen Testament der Bibel alle Schrift als von Gott eingehaucht angesehen wird, ergibt sich ein Dilemma. Alle Erkenntnisse der modernen Wissenschaft sind konsequenterweise null und nichtig, sofern sie den Aussagen der g\u00f6ttlichen Offenbarungsquellen widersprechen. Dies w\u00fcrde sodann, etwas salopp ausgedr\u00fcckt, in so manchen F\u00e4llen allerdings bedeuten, zu akzeptieren, dass \u201e2 mal 2 = 5\u201c ist.<\/p>\n\n\n\n<p>Eine weitere Komplikation ergibt sich dadurch, dass Schriftquellen im Tanach durchaus nicht eindeutig interpretiert werden. Es gibt beispielsweise unterschiedliche Auffassungen hinsichtlich der Echtheit von Quellen, deren Datierung, deren Autorenschaft, deren theologische Aussage usw. So ist etwa die Antwort auf die Frage, wann die Endredaktion des Buches Genesis erfolgte, sehr umstritten und wird folglich auch sehr unterschiedlich beantwortet.<\/p>\n\n\n\n<p>Die Frage, welche L\u00f6sung in diesem Dilemma gefunden werden kann, l\u00e4sst sich nur individuell beantworten. Bisherige wissenschaftliche Erkenntnisse, sowohl in den Naturwissenschaften als auch in der Bibelwissenschaft, sind nicht \u201ein Stein gemei\u00dfelt\u201c. Sie gelten immer nur vorl\u00e4ufig. So kann beispielsweise ein neuer Skelettfund einen bisherigen Erkenntnisstand infrage stellen und zu v\u00f6llig neuen Erkenntnissen f\u00fchren. Ebenso mag es sein, dass der Fund eines bisher unbekannten Schriftzeugnisses ein v\u00f6llig anderes Licht auf Erkenntnisse der Bibelwissenschaft wirft. Lehrmeinungen mussten im Verlauf der Geschichte immer wieder revidiert werden. Es ist davon auszugehen, dass dies auch zuk\u00fcnftig so sein wird.<\/p>\n\n\n\n<p>Die Frage, wie plausibel und glaubhaft die Narrative \u00fcber die Erschaffung des Universums und des Lebens eingesch\u00e4tzt werden, strahlt auf die Zukunft aus. Sie verbindet sich mit der Frage, f\u00fcr wie plausibel und glaubhaft die Aussagen in den religi\u00f6sen \u00dcberlieferungen zu einer Weiterexistenz des individuellen Selbst nach dem physischen Tod erachtet werden.<\/p>\n\n\n\n<p>Angenommen, die Narrative \u00fcber die Erschaffung des Universums und des Lebens werden als unglaubw\u00fcrdig eingesch\u00e4tzt. In der Konsequenz g\u00e4be es keinen Anlass, den Aussagen zu einer zuk\u00fcnftigen Weiterexistenz des individuellen Selbst zu vertrauen. Wird jedoch der Anfang als glaubw\u00fcrdig erachtet, f\u00e4llt es leichter, den Aussagen zum \u201eEnde\u201c bzw. \u201eNicht-Ende\u201c zu vertrauen.<\/p>\n","protected":false},"excerpt":{"rendered":"<p>Wurde das Universum und alles Leben von Gott erschaffen? Gibt es eine einfache Antwort? Oder st\u00f6\u00dft man auf viele Widerspr\u00fcche? Die Frage nach dem Ursprung des beobachtbaren Universums&hellip;<\/p>\n","protected":false},"author":2,"featured_media":7232,"comment_status":"closed","ping_status":"open","sticky":false,"template":"template-full-width-only-content.php","format":"standard","meta":{"footnotes":""},"categories":[212],"tags":[],"yoast_head":"<!-- This site is optimized with the Yoast SEO plugin v24.5 - https:\/\/yoast.com\/wordpress\/plugins\/seo\/ -->\n<title>Widerspr\u00fcche, L\u00f6sungsans\u00e4tze und Konsequenzen<\/title>\n<meta name=\"description\" content=\"Wurde das Universum und alles Leben von Gott erschaffen? Gibt es eine einfache Antwort? Oder st\u00f6\u00dft man auf viele Widerspr\u00fcche?\" \/>\n<meta name=\"robots\" content=\"index, follow, max-snippet:-1, max-image-preview:large, max-video-preview:-1\" \/>\n<link rel=\"canonical\" href=\"https:\/\/dieter-jenz.de\/lc\/widersprueche-loesungsansaetze-und-konsequenzen\/\" \/>\n<meta property=\"og:locale\" content=\"de_DE\" \/>\n<meta property=\"og:type\" content=\"article\" \/>\n<meta property=\"og:title\" content=\"Widerspr\u00fcche, L\u00f6sungsans\u00e4tze und Konsequenzen\" \/>\n<meta property=\"og:description\" content=\"Wurde das Universum und alles Leben von Gott erschaffen? Gibt es eine einfache Antwort? Oder st\u00f6\u00dft man auf viele Widerspr\u00fcche?\" \/>\n<meta property=\"og:url\" content=\"https:\/\/dieter-jenz.de\/lc\/widersprueche-loesungsansaetze-und-konsequenzen\/\" \/>\n<meta property=\"og:site_name\" content=\"Dieter Jenz, Begleitung und Coaching\" \/>\n<meta property=\"article:publisher\" content=\"https:\/\/www.facebook.com\/dieter.jenz.inspiration\" \/>\n<meta property=\"article:author\" content=\"https:\/\/www.facebook.com\/dieter.jenz.inspiration\" \/>\n<meta property=\"article:published_time\" content=\"2022-07-05T08:00:00+00:00\" \/>\n<meta property=\"article:modified_time\" content=\"2022-12-27T08:24:30+00:00\" \/>\n<meta property=\"og:image\" content=\"https:\/\/dieter-jenz.de\/lc\/wp-content\/uploads\/2022\/07\/Beitragsbild-Widersprueche-Loesungsansaetze-Konsequenzen.jpeg\" \/>\n\t<meta property=\"og:image:width\" content=\"800\" \/>\n\t<meta property=\"og:image:height\" content=\"800\" \/>\n\t<meta property=\"og:image:type\" content=\"image\/jpeg\" \/>\n<meta name=\"author\" content=\"Dieter Jenz\" \/>\n<meta name=\"twitter:card\" content=\"summary_large_image\" \/>\n<meta name=\"twitter:creator\" content=\"@https:\/\/twitter.com\/dieterjenz\" \/>\n<meta name=\"twitter:site\" content=\"@dieterjenz\" \/>\n<meta name=\"twitter:label1\" content=\"Verfasst von\" \/>\n\t<meta name=\"twitter:data1\" content=\"Dieter Jenz\" \/>\n\t<meta name=\"twitter:label2\" content=\"Gesch\u00e4tzte Lesezeit\" \/>\n\t<meta name=\"twitter:data2\" content=\"22\u00a0Minuten\" \/>\n<script type=\"application\/ld+json\" class=\"yoast-schema-graph\">{\"@context\":\"https:\/\/schema.org\",\"@graph\":[{\"@type\":\"Article\",\"@id\":\"https:\/\/dieter-jenz.de\/lc\/widersprueche-loesungsansaetze-und-konsequenzen\/#article\",\"isPartOf\":{\"@id\":\"https:\/\/dieter-jenz.de\/lc\/widersprueche-loesungsansaetze-und-konsequenzen\/\"},\"author\":{\"name\":\"Dieter Jenz\",\"@id\":\"https:\/\/dieter-jenz.de\/lc\/#\/schema\/person\/618cfd5c289d0a23930cb258a43679ab\"},\"headline\":\"Widerspr\u00fcche, L\u00f6sungsans\u00e4tze und Konsequenzen\",\"datePublished\":\"2022-07-05T08:00:00+00:00\",\"dateModified\":\"2022-12-27T08:24:30+00:00\",\"mainEntityOfPage\":{\"@id\":\"https:\/\/dieter-jenz.de\/lc\/widersprueche-loesungsansaetze-und-konsequenzen\/\"},\"wordCount\":4134,\"publisher\":{\"@id\":\"https:\/\/dieter-jenz.de\/lc\/#\/schema\/person\/618cfd5c289d0a23930cb258a43679ab\"},\"image\":{\"@id\":\"https:\/\/dieter-jenz.de\/lc\/widersprueche-loesungsansaetze-und-konsequenzen\/#primaryimage\"},\"thumbnailUrl\":\"https:\/\/dieter-jenz.de\/lc\/wp-content\/uploads\/2022\/07\/Beitragsbild-Widersprueche-Loesungsansaetze-Konsequenzen.jpeg\",\"articleSection\":[\"Lebensfragen\"],\"inLanguage\":\"de\"},{\"@type\":\"WebPage\",\"@id\":\"https:\/\/dieter-jenz.de\/lc\/widersprueche-loesungsansaetze-und-konsequenzen\/\",\"url\":\"https:\/\/dieter-jenz.de\/lc\/widersprueche-loesungsansaetze-und-konsequenzen\/\",\"name\":\"Widerspr\u00fcche, L\u00f6sungsans\u00e4tze und Konsequenzen\",\"isPartOf\":{\"@id\":\"https:\/\/dieter-jenz.de\/lc\/#website\"},\"primaryImageOfPage\":{\"@id\":\"https:\/\/dieter-jenz.de\/lc\/widersprueche-loesungsansaetze-und-konsequenzen\/#primaryimage\"},\"image\":{\"@id\":\"https:\/\/dieter-jenz.de\/lc\/widersprueche-loesungsansaetze-und-konsequenzen\/#primaryimage\"},\"thumbnailUrl\":\"https:\/\/dieter-jenz.de\/lc\/wp-content\/uploads\/2022\/07\/Beitragsbild-Widersprueche-Loesungsansaetze-Konsequenzen.jpeg\",\"datePublished\":\"2022-07-05T08:00:00+00:00\",\"dateModified\":\"2022-12-27T08:24:30+00:00\",\"description\":\"Wurde das Universum und alles Leben von Gott erschaffen? Gibt es eine einfache Antwort? Oder st\u00f6\u00dft man auf viele Widerspr\u00fcche?\",\"breadcrumb\":{\"@id\":\"https:\/\/dieter-jenz.de\/lc\/widersprueche-loesungsansaetze-und-konsequenzen\/#breadcrumb\"},\"inLanguage\":\"de\",\"potentialAction\":[{\"@type\":\"ReadAction\",\"target\":[\"https:\/\/dieter-jenz.de\/lc\/widersprueche-loesungsansaetze-und-konsequenzen\/\"]}]},{\"@type\":\"ImageObject\",\"inLanguage\":\"de\",\"@id\":\"https:\/\/dieter-jenz.de\/lc\/widersprueche-loesungsansaetze-und-konsequenzen\/#primaryimage\",\"url\":\"https:\/\/dieter-jenz.de\/lc\/wp-content\/uploads\/2022\/07\/Beitragsbild-Widersprueche-Loesungsansaetze-Konsequenzen.jpeg\",\"contentUrl\":\"https:\/\/dieter-jenz.de\/lc\/wp-content\/uploads\/2022\/07\/Beitragsbild-Widersprueche-Loesungsansaetze-Konsequenzen.jpeg\",\"width\":800,\"height\":800,\"caption\":\"Gestaltung: privat\"},{\"@type\":\"BreadcrumbList\",\"@id\":\"https:\/\/dieter-jenz.de\/lc\/widersprueche-loesungsansaetze-und-konsequenzen\/#breadcrumb\",\"itemListElement\":[{\"@type\":\"ListItem\",\"position\":1,\"name\":\"Home\",\"item\":\"https:\/\/dieter-jenz.de\/lc\/\"},{\"@type\":\"ListItem\",\"position\":2,\"name\":\"Lebensfragen\",\"item\":\"https:\/\/dieter-jenz.de\/lc\/category\/lebensfragen\/\"},{\"@type\":\"ListItem\",\"position\":3,\"name\":\"Widerspr\u00fcche, L\u00f6sungsans\u00e4tze und Konsequenzen\"}]},{\"@type\":\"WebSite\",\"@id\":\"https:\/\/dieter-jenz.de\/lc\/#website\",\"url\":\"https:\/\/dieter-jenz.de\/lc\/\",\"name\":\"Dieter Jenz, Begleitung und Coaching\",\"description\":\"Die andere, neue Sichtweise entdecken - auftanken - neue Wege gehen\",\"publisher\":{\"@id\":\"https:\/\/dieter-jenz.de\/lc\/#\/schema\/person\/618cfd5c289d0a23930cb258a43679ab\"},\"potentialAction\":[{\"@type\":\"SearchAction\",\"target\":{\"@type\":\"EntryPoint\",\"urlTemplate\":\"https:\/\/dieter-jenz.de\/lc\/?s={search_term_string}\"},\"query-input\":{\"@type\":\"PropertyValueSpecification\",\"valueRequired\":true,\"valueName\":\"search_term_string\"}}],\"inLanguage\":\"de\"},{\"@type\":[\"Person\",\"Organization\"],\"@id\":\"https:\/\/dieter-jenz.de\/lc\/#\/schema\/person\/618cfd5c289d0a23930cb258a43679ab\",\"name\":\"Dieter Jenz\",\"image\":{\"@type\":\"ImageObject\",\"inLanguage\":\"de\",\"@id\":\"https:\/\/dieter-jenz.de\/lc\/#\/schema\/person\/image\/\",\"url\":\"https:\/\/dieter-jenz.de\/lc\/wp-content\/uploads\/2020\/01\/Logo-Coaching-und-Begleitung.png\",\"contentUrl\":\"https:\/\/dieter-jenz.de\/lc\/wp-content\/uploads\/2020\/01\/Logo-Coaching-und-Begleitung.png\",\"width\":320,\"height\":240,\"caption\":\"Dieter Jenz\"},\"logo\":{\"@id\":\"https:\/\/dieter-jenz.de\/lc\/#\/schema\/person\/image\/\"},\"description\":\"Ich bin Dieter Jenz, Begleiter, Berater und Coach mit Leidenschaft. \u00dcber viele Jahre hinweg habe ich einen reichen Schatz an Kompetenz und Erfahrung erworben. Meine Themen sind die \\\"4L\\\": Lebensaufgabe, Lebensplanung, Lebensnavigation und Lebensqualit\u00e4t.\",\"sameAs\":[\"https:\/\/www.facebook.com\/dieter.jenz.inspiration\",\"https:\/\/www.pinterest.de\/dieterjenz\/\",\"https:\/\/x.com\/https:\/\/twitter.com\/dieterjenz\"],\"url\":\"https:\/\/dieter-jenz.de\/lc\/author\/dieter\/\"}]}<\/script>\n<!-- \/ Yoast SEO plugin. -->","yoast_head_json":{"title":"Widerspr\u00fcche, L\u00f6sungsans\u00e4tze und Konsequenzen","description":"Wurde das Universum und alles Leben von Gott erschaffen? Gibt es eine einfache Antwort? Oder st\u00f6\u00dft man auf viele Widerspr\u00fcche?","robots":{"index":"index","follow":"follow","max-snippet":"max-snippet:-1","max-image-preview":"max-image-preview:large","max-video-preview":"max-video-preview:-1"},"canonical":"https:\/\/dieter-jenz.de\/lc\/widersprueche-loesungsansaetze-und-konsequenzen\/","og_locale":"de_DE","og_type":"article","og_title":"Widerspr\u00fcche, L\u00f6sungsans\u00e4tze und Konsequenzen","og_description":"Wurde das Universum und alles Leben von Gott erschaffen? Gibt es eine einfache Antwort? Oder st\u00f6\u00dft man auf viele Widerspr\u00fcche?","og_url":"https:\/\/dieter-jenz.de\/lc\/widersprueche-loesungsansaetze-und-konsequenzen\/","og_site_name":"Dieter Jenz, Begleitung und Coaching","article_publisher":"https:\/\/www.facebook.com\/dieter.jenz.inspiration","article_author":"https:\/\/www.facebook.com\/dieter.jenz.inspiration","article_published_time":"2022-07-05T08:00:00+00:00","article_modified_time":"2022-12-27T08:24:30+00:00","og_image":[{"width":800,"height":800,"url":"https:\/\/dieter-jenz.de\/lc\/wp-content\/uploads\/2022\/07\/Beitragsbild-Widersprueche-Loesungsansaetze-Konsequenzen.jpeg","type":"image\/jpeg"}],"author":"Dieter Jenz","twitter_card":"summary_large_image","twitter_creator":"@https:\/\/twitter.com\/dieterjenz","twitter_site":"@dieterjenz","twitter_misc":{"Verfasst von":"Dieter Jenz","Gesch\u00e4tzte Lesezeit":"22\u00a0Minuten"},"schema":{"@context":"https:\/\/schema.org","@graph":[{"@type":"Article","@id":"https:\/\/dieter-jenz.de\/lc\/widersprueche-loesungsansaetze-und-konsequenzen\/#article","isPartOf":{"@id":"https:\/\/dieter-jenz.de\/lc\/widersprueche-loesungsansaetze-und-konsequenzen\/"},"author":{"name":"Dieter Jenz","@id":"https:\/\/dieter-jenz.de\/lc\/#\/schema\/person\/618cfd5c289d0a23930cb258a43679ab"},"headline":"Widerspr\u00fcche, L\u00f6sungsans\u00e4tze und Konsequenzen","datePublished":"2022-07-05T08:00:00+00:00","dateModified":"2022-12-27T08:24:30+00:00","mainEntityOfPage":{"@id":"https:\/\/dieter-jenz.de\/lc\/widersprueche-loesungsansaetze-und-konsequenzen\/"},"wordCount":4134,"publisher":{"@id":"https:\/\/dieter-jenz.de\/lc\/#\/schema\/person\/618cfd5c289d0a23930cb258a43679ab"},"image":{"@id":"https:\/\/dieter-jenz.de\/lc\/widersprueche-loesungsansaetze-und-konsequenzen\/#primaryimage"},"thumbnailUrl":"https:\/\/dieter-jenz.de\/lc\/wp-content\/uploads\/2022\/07\/Beitragsbild-Widersprueche-Loesungsansaetze-Konsequenzen.jpeg","articleSection":["Lebensfragen"],"inLanguage":"de"},{"@type":"WebPage","@id":"https:\/\/dieter-jenz.de\/lc\/widersprueche-loesungsansaetze-und-konsequenzen\/","url":"https:\/\/dieter-jenz.de\/lc\/widersprueche-loesungsansaetze-und-konsequenzen\/","name":"Widerspr\u00fcche, L\u00f6sungsans\u00e4tze und Konsequenzen","isPartOf":{"@id":"https:\/\/dieter-jenz.de\/lc\/#website"},"primaryImageOfPage":{"@id":"https:\/\/dieter-jenz.de\/lc\/widersprueche-loesungsansaetze-und-konsequenzen\/#primaryimage"},"image":{"@id":"https:\/\/dieter-jenz.de\/lc\/widersprueche-loesungsansaetze-und-konsequenzen\/#primaryimage"},"thumbnailUrl":"https:\/\/dieter-jenz.de\/lc\/wp-content\/uploads\/2022\/07\/Beitragsbild-Widersprueche-Loesungsansaetze-Konsequenzen.jpeg","datePublished":"2022-07-05T08:00:00+00:00","dateModified":"2022-12-27T08:24:30+00:00","description":"Wurde das Universum und alles Leben von Gott erschaffen? Gibt es eine einfache Antwort? Oder st\u00f6\u00dft man auf viele Widerspr\u00fcche?","breadcrumb":{"@id":"https:\/\/dieter-jenz.de\/lc\/widersprueche-loesungsansaetze-und-konsequenzen\/#breadcrumb"},"inLanguage":"de","potentialAction":[{"@type":"ReadAction","target":["https:\/\/dieter-jenz.de\/lc\/widersprueche-loesungsansaetze-und-konsequenzen\/"]}]},{"@type":"ImageObject","inLanguage":"de","@id":"https:\/\/dieter-jenz.de\/lc\/widersprueche-loesungsansaetze-und-konsequenzen\/#primaryimage","url":"https:\/\/dieter-jenz.de\/lc\/wp-content\/uploads\/2022\/07\/Beitragsbild-Widersprueche-Loesungsansaetze-Konsequenzen.jpeg","contentUrl":"https:\/\/dieter-jenz.de\/lc\/wp-content\/uploads\/2022\/07\/Beitragsbild-Widersprueche-Loesungsansaetze-Konsequenzen.jpeg","width":800,"height":800,"caption":"Gestaltung: privat"},{"@type":"BreadcrumbList","@id":"https:\/\/dieter-jenz.de\/lc\/widersprueche-loesungsansaetze-und-konsequenzen\/#breadcrumb","itemListElement":[{"@type":"ListItem","position":1,"name":"Home","item":"https:\/\/dieter-jenz.de\/lc\/"},{"@type":"ListItem","position":2,"name":"Lebensfragen","item":"https:\/\/dieter-jenz.de\/lc\/category\/lebensfragen\/"},{"@type":"ListItem","position":3,"name":"Widerspr\u00fcche, L\u00f6sungsans\u00e4tze und Konsequenzen"}]},{"@type":"WebSite","@id":"https:\/\/dieter-jenz.de\/lc\/#website","url":"https:\/\/dieter-jenz.de\/lc\/","name":"Dieter Jenz, Begleitung und Coaching","description":"Die andere, neue Sichtweise entdecken - auftanken - neue Wege gehen","publisher":{"@id":"https:\/\/dieter-jenz.de\/lc\/#\/schema\/person\/618cfd5c289d0a23930cb258a43679ab"},"potentialAction":[{"@type":"SearchAction","target":{"@type":"EntryPoint","urlTemplate":"https:\/\/dieter-jenz.de\/lc\/?s={search_term_string}"},"query-input":{"@type":"PropertyValueSpecification","valueRequired":true,"valueName":"search_term_string"}}],"inLanguage":"de"},{"@type":["Person","Organization"],"@id":"https:\/\/dieter-jenz.de\/lc\/#\/schema\/person\/618cfd5c289d0a23930cb258a43679ab","name":"Dieter Jenz","image":{"@type":"ImageObject","inLanguage":"de","@id":"https:\/\/dieter-jenz.de\/lc\/#\/schema\/person\/image\/","url":"https:\/\/dieter-jenz.de\/lc\/wp-content\/uploads\/2020\/01\/Logo-Coaching-und-Begleitung.png","contentUrl":"https:\/\/dieter-jenz.de\/lc\/wp-content\/uploads\/2020\/01\/Logo-Coaching-und-Begleitung.png","width":320,"height":240,"caption":"Dieter Jenz"},"logo":{"@id":"https:\/\/dieter-jenz.de\/lc\/#\/schema\/person\/image\/"},"description":"Ich bin Dieter Jenz, Begleiter, Berater und Coach mit Leidenschaft. \u00dcber viele Jahre hinweg habe ich einen reichen Schatz an Kompetenz und Erfahrung erworben. Meine Themen sind die \"4L\": Lebensaufgabe, Lebensplanung, Lebensnavigation und Lebensqualit\u00e4t.","sameAs":["https:\/\/www.facebook.com\/dieter.jenz.inspiration","https:\/\/www.pinterest.de\/dieterjenz\/","https:\/\/x.com\/https:\/\/twitter.com\/dieterjenz"],"url":"https:\/\/dieter-jenz.de\/lc\/author\/dieter\/"}]}},"_links":{"self":[{"href":"https:\/\/dieter-jenz.de\/lc\/wp-json\/wp\/v2\/posts\/7237"}],"collection":[{"href":"https:\/\/dieter-jenz.de\/lc\/wp-json\/wp\/v2\/posts"}],"about":[{"href":"https:\/\/dieter-jenz.de\/lc\/wp-json\/wp\/v2\/types\/post"}],"author":[{"embeddable":true,"href":"https:\/\/dieter-jenz.de\/lc\/wp-json\/wp\/v2\/users\/2"}],"replies":[{"embeddable":true,"href":"https:\/\/dieter-jenz.de\/lc\/wp-json\/wp\/v2\/comments?post=7237"}],"version-history":[{"count":4,"href":"https:\/\/dieter-jenz.de\/lc\/wp-json\/wp\/v2\/posts\/7237\/revisions"}],"predecessor-version":[{"id":7909,"href":"https:\/\/dieter-jenz.de\/lc\/wp-json\/wp\/v2\/posts\/7237\/revisions\/7909"}],"wp:featuredmedia":[{"embeddable":true,"href":"https:\/\/dieter-jenz.de\/lc\/wp-json\/wp\/v2\/media\/7232"}],"wp:attachment":[{"href":"https:\/\/dieter-jenz.de\/lc\/wp-json\/wp\/v2\/media?parent=7237"}],"wp:term":[{"taxonomy":"category","embeddable":true,"href":"https:\/\/dieter-jenz.de\/lc\/wp-json\/wp\/v2\/categories?post=7237"},{"taxonomy":"post_tag","embeddable":true,"href":"https:\/\/dieter-jenz.de\/lc\/wp-json\/wp\/v2\/tags?post=7237"}],"curies":[{"name":"wp","href":"https:\/\/api.w.org\/{rel}","templated":true}]}}