{"id":7315,"date":"2022-07-28T10:45:00","date_gmt":"2022-07-28T08:45:00","guid":{"rendered":"https:\/\/dieter-jenz.de\/lc\/?p=7315"},"modified":"2024-07-11T14:07:57","modified_gmt":"2024-07-11T12:07:57","slug":"stimmenhoeren-was-steckt-hinter-diesem-phaenomen","status":"publish","type":"post","link":"https:\/\/dieter-jenz.de\/lc\/stimmenhoeren-was-steckt-hinter-diesem-phaenomen\/","title":{"rendered":"Stimmenh\u00f6ren \u2013 was steckt hinter diesem Ph\u00e4nomen?"},"content":{"rendered":"<div class=\"yoast-breadcrumbs\"><span><span><a href=\"https:\/\/dieter-jenz.de\/lc\/\">Home<\/a><\/span> \u00bb <span><a href=\"https:\/\/dieter-jenz.de\/lc\/category\/lebensfragen\/\">Lebensfragen<\/a><\/span> \u00bb <span class=\"breadcrumb_last\" aria-current=\"page\"><strong>Stimmenh\u00f6ren \u2013 was steckt hinter diesem Ph\u00e4nomen?<\/strong><\/span><\/span><\/div>\n\n\n<div style=\"height:49px\" aria-hidden=\"true\" class=\"wp-block-spacer\"><\/div>\n\n\n\n<p>Was hat es mit dem Ph\u00e4nomen des Stimmenh\u00f6rens auf sich? Handelt es sich zwingend um eine Halluzination? Ist es ein Anzeichen f\u00fcr eine psychische St\u00f6rung? Oder gibt es Situationen, in denen sich das Stimmenh\u00f6ren als f\u00fcr den H\u00f6renden wertvoll oder sogar lebensrettend erweist?<\/p>\n\n\n\n<p><strong>Inhalte:<\/strong><\/p>\n\n\n\n<nav class=\"wp-block-table-of-contents\"><ol><li><a class=\"wp-block-table-of-contents__entry\" href=\"https:\/\/dieter-jenz.de\/lc\/stimmenhoeren-was-steckt-hinter-diesem-phaenomen\/#berichte-in-der-literatur\">Berichte in der Literatur<\/a><ol><li><a class=\"wp-block-table-of-contents__entry\" href=\"https:\/\/dieter-jenz.de\/lc\/stimmenhoeren-was-steckt-hinter-diesem-phaenomen\/#vor-gefahr-warnende-stimme\">Vor Gefahr warnende Stimme<\/a><\/li><li><a class=\"wp-block-table-of-contents__entry\" href=\"https:\/\/dieter-jenz.de\/lc\/stimmenhoeren-was-steckt-hinter-diesem-phaenomen\/#von-mehreren-personen-gehorte-stimme\">Von mehreren Personen geh\u00f6rte Stimme<\/a><\/li><li><a class=\"wp-block-table-of-contents__entry\" href=\"https:\/\/dieter-jenz.de\/lc\/stimmenhoeren-was-steckt-hinter-diesem-phaenomen\/#die-vermeintliche-stimme-der-gro\u00dfmutter\">Die vermeintliche Stimme der Gro\u00dfmutter<\/a><\/li><li><a class=\"wp-block-table-of-contents__entry\" href=\"https:\/\/dieter-jenz.de\/lc\/stimmenhoeren-was-steckt-hinter-diesem-phaenomen\/#ruf-an-die-ehefrau\">Ruf an die Ehefrau<\/a><\/li><li><a class=\"wp-block-table-of-contents__entry\" href=\"https:\/\/dieter-jenz.de\/lc\/stimmenhoeren-was-steckt-hinter-diesem-phaenomen\/#mitteilung-an-einen-freund\">Mitteilung an einen Freund<\/a><\/li><li><a class=\"wp-block-table-of-contents__entry\" href=\"https:\/\/dieter-jenz.de\/lc\/stimmenhoeren-was-steckt-hinter-diesem-phaenomen\/#langere-mitteilung-uber-telefon\">L\u00e4ngere Mitteilung \u00fcber Telefon<\/a><\/li><li><a class=\"wp-block-table-of-contents__entry\" href=\"https:\/\/dieter-jenz.de\/lc\/stimmenhoeren-was-steckt-hinter-diesem-phaenomen\/#vorausschau-kunftiger-ereignisse\">Vorausschau k\u00fcnftiger Ereignisse<\/a><\/li><li><a class=\"wp-block-table-of-contents__entry\" href=\"https:\/\/dieter-jenz.de\/lc\/stimmenhoeren-was-steckt-hinter-diesem-phaenomen\/#zuversicht-vermittelnde-stimme\">Zuversicht vermittelnde Stimme<\/a><\/li><\/ol><\/li><li><a class=\"wp-block-table-of-contents__entry\" href=\"https:\/\/dieter-jenz.de\/lc\/stimmenhoeren-was-steckt-hinter-diesem-phaenomen\/#folgerungen\">Folgerungen<\/a><\/li><\/ol><\/nav>\n\n\n\n<div class=\"wp-block-media-text is-stacked-on-mobile has-background-background-color has-background\" style=\"grid-template-columns:15% auto\"><figure class=\"wp-block-media-text__media\"><a href=\"https:\/\/dieter-jenz.de\/lc\/was-geschieht-mit-mir-wenn-ich-sterbe\/\"><img loading=\"lazy\" decoding=\"async\" width=\"800\" height=\"800\" src=\"https:\/\/dieter-jenz.de\/lc\/wp-content\/uploads\/2022\/03\/Beitragsbild-Was-geschieht-mit-mir-wenn-ich-sterbe.jpeg\" alt=\"Was geschieht mit mir wenn ich sterbe - Gestaltung: privat\" class=\"wp-image-7029 size-full\" srcset=\"https:\/\/dieter-jenz.de\/lc\/wp-content\/uploads\/2022\/03\/Beitragsbild-Was-geschieht-mit-mir-wenn-ich-sterbe.jpeg 800w, https:\/\/dieter-jenz.de\/lc\/wp-content\/uploads\/2022\/03\/Beitragsbild-Was-geschieht-mit-mir-wenn-ich-sterbe-300x300.jpeg 300w, https:\/\/dieter-jenz.de\/lc\/wp-content\/uploads\/2022\/03\/Beitragsbild-Was-geschieht-mit-mir-wenn-ich-sterbe-150x150.jpeg 150w, https:\/\/dieter-jenz.de\/lc\/wp-content\/uploads\/2022\/03\/Beitragsbild-Was-geschieht-mit-mir-wenn-ich-sterbe-768x768.jpeg 768w, https:\/\/dieter-jenz.de\/lc\/wp-content\/uploads\/2022\/03\/Beitragsbild-Was-geschieht-mit-mir-wenn-ich-sterbe-540x540.jpeg 540w\" sizes=\"(max-width: 800px) 100vw, 800px\" \/><\/a><\/figure><div class=\"wp-block-media-text__content\">\n<p class=\"has-border-background-color has-background has-normal-font-size\">Dieser Beitrag ist Teil der Serie &#8222;<em>Was geschieht mit mir wenn ich sterbe?<\/em>&#8220; <br>Grobes <a href=\"https:\/\/dieter-jenz.de\/lc\/was-geschieht-mit-mir-wenn-ich-sterbe\/\" target=\"_blank\" rel=\"noreferrer noopener\">Inhaltsverzeichnis<\/a><\/p>\n<\/div><\/div>\n\n\n\n<p>Das Stimmenh\u00f6ren bezieht sich auf die unerwartete akustische Wahrnehmung einer menschlichen Stimme, wobei die zugeh\u00f6rige Person nirgends zu entdecken ist. Die Stimme wird im Wachzustand und nicht etwa im Traum wahrgenommen. Sie ist gewisserma\u00dfen aus dem Nichts zu h\u00f6ren. Die geh\u00f6rte Stimme kann dem bzw. den H\u00f6renden bekannt vorkommen oder auch v\u00f6llig unbekannt sein. Dar\u00fcber hinaus ist sie zumindest hinreichend verst\u00e4ndlich und nicht undeutlich h\u00f6rbar.<\/p>\n\n\n\n<p>Beim Stimmenh\u00f6ren handelt es sich, da menschliche Wesen au\u00dfer Rufweite sind, um eine von einem Geistwesen initiierte Botschaft. In der <a href=\"https:\/\/dieter-jenz.de\/lc\/taxonomie-der-kommunikationserfahrungen\/\">Taxonomie der Kommunikationserfahrungen<\/a> ist das Stimmenh\u00f6ren eine verbale Geistwesen-initiierte Botschaft und somit auch eine unidirektionale Kommunikationserfahrung.<\/p>\n\n\n\n<p>Es wird oft davon berichtet, dass pl\u00f6tzlich und unerwartet geh\u00f6rte Stimmen den H\u00f6renden auf eine bestimmte Gefahr hinwiesen. Doch auch von Stimmen des Zuspruchs wird gelegentlich berichtet, die dem H\u00f6renden in einer verzweifelten oder gar aussichtslos erscheinenden Lage offensichtlich Zuversicht vermitteln, auf eine k\u00fcnftige Aufgabe hindeuten oder auch die Aufmerksamkeit auf etwas Bestimmtes lenken sollen.<\/p>\n\n\n<div class=\"su-box su-box-style-default\" id=\"\" style=\"border-color:#000000;border-radius:3px;\"><div class=\"su-box-title\" style=\"background-color:#333333;color:#FFFFFF;border-top-left-radius:1px;border-top-right-radius:1px\">Letzte Beitr\u00e4ge <\/div><div class=\"su-box-content su-u-clearfix su-u-trim\" style=\"border-bottom-left-radius:1px;border-bottom-right-radius:1px\"><div class=\"su-expand su-expand-collapsed su-expand-link-style-default\" data-height=\"100\"><div class=\"su-expand-content su-u-trim\" style=\"color:#333333;max-height:100px;overflow:hidden\">\n\n<div class=\"su-posts su-posts-teaser-loop \">\n\n\t\t\t\t\t\t\n\t\t\t\n\t\t\t<div id=\"su-post-12357\" class=\"su-post \">\n\t\t\t\t\t\t\t\t\t<a class=\"su-post-thumbnail\" href=\"https:\/\/dieter-jenz.de\/lc\/die-realitaet-das-individuelle-selbst-befindet-sich-nicht-im-gehirn\/\"><img loading=\"lazy\" decoding=\"async\" width=\"800\" height=\"800\" src=\"https:\/\/dieter-jenz.de\/lc\/wp-content\/uploads\/2024\/11\/Beitragsbild-Realitaet-Individuelles-Selbst-nicht-im-Gehirn.jpeg\" class=\"attachment-post-thumbnail size-post-thumbnail wp-post-image\" alt=\"Realit\u00e4t Das individuelle Selbst befindet sich nicht im Gehirn - Gestaltung: privat\" \/><\/a>\n\t\t\t\t\t\t\t\t<h2 class=\"su-post-title\"><a href=\"https:\/\/dieter-jenz.de\/lc\/die-realitaet-das-individuelle-selbst-befindet-sich-nicht-im-gehirn\/\">Die Realit\u00e4t: Das individuelle Selbst befindet sich nicht im Gehirn<\/a><\/h2>\n\t\t\t<\/div>\n\n\t\t\t\t\t\n\t\t\t\n\t\t\t<div id=\"su-post-12328\" class=\"su-post \">\n\t\t\t\t\t\t\t\t\t<a class=\"su-post-thumbnail\" href=\"https:\/\/dieter-jenz.de\/lc\/verifikation-der-eis-hypothese-ungewoehnliche-erinnerungen\/\"><img loading=\"lazy\" decoding=\"async\" width=\"800\" height=\"800\" src=\"https:\/\/dieter-jenz.de\/lc\/wp-content\/uploads\/2024\/11\/Beitragsbild-Verifikation-EIS-Hypothese-Ungewoehnliche-Erinnerungen.jpeg\" class=\"attachment-post-thumbnail size-post-thumbnail wp-post-image\" alt=\"Verifikation frt EIS-Hypothese: Ungew\u00f6hnliche Erinnerungen - Gestaltung: privat\" \/><\/a>\n\t\t\t\t\t\t\t\t<h2 class=\"su-post-title\"><a href=\"https:\/\/dieter-jenz.de\/lc\/verifikation-der-eis-hypothese-ungewoehnliche-erinnerungen\/\">Verifikation der EIS-Hypothese: Ungew\u00f6hnliche Erinnerungen<\/a><\/h2>\n\t\t\t<\/div>\n\n\t\t\t\t\t\n\t\t\t\n\t\t\t<div id=\"su-post-12313\" class=\"su-post \">\n\t\t\t\t\t\t\t\t\t<a class=\"su-post-thumbnail\" href=\"https:\/\/dieter-jenz.de\/lc\/verifikation-der-eis-hypothese-terminale-geistesklarheit\/\"><img loading=\"lazy\" decoding=\"async\" width=\"800\" height=\"800\" src=\"https:\/\/dieter-jenz.de\/lc\/wp-content\/uploads\/2024\/11\/Beitragsbild-Verifikation-EIS-Hypothese-Terminale-Geistesklarheit.jpeg\" class=\"attachment-post-thumbnail size-post-thumbnail wp-post-image\" alt=\"Verifikation der EIS-Hypothese: Terminale Geistesklarheit - Gestaltung: privat\" \/><\/a>\n\t\t\t\t\t\t\t\t<h2 class=\"su-post-title\"><a href=\"https:\/\/dieter-jenz.de\/lc\/verifikation-der-eis-hypothese-terminale-geistesklarheit\/\">Verifikation der EIS-Hypothese: Terminale Geistesklarheit<\/a><\/h2>\n\t\t\t<\/div>\n\n\t\t\t\t\t\n\t\t\t\n\t\t\t<div id=\"su-post-12248\" class=\"su-post \">\n\t\t\t\t\t\t\t\t\t<a class=\"su-post-thumbnail\" href=\"https:\/\/dieter-jenz.de\/lc\/verifikation-der-eis-hypothese-nahtoderfahrung\/\"><img loading=\"lazy\" decoding=\"async\" width=\"800\" height=\"800\" src=\"https:\/\/dieter-jenz.de\/lc\/wp-content\/uploads\/2024\/10\/Beitragsbild-Verifikation-EIS-Hypothese-Nahtoderfahrung.jpeg\" class=\"attachment-post-thumbnail size-post-thumbnail wp-post-image\" alt=\"Verifikation der EIS-Hypothese: Nahtoderfahrung - Gestaltung: privat\" \/><\/a>\n\t\t\t\t\t\t\t\t<h2 class=\"su-post-title\"><a href=\"https:\/\/dieter-jenz.de\/lc\/verifikation-der-eis-hypothese-nahtoderfahrung\/\">Verifikation der EIS-Hypothese: Nahtoderfahrung<\/a><\/h2>\n\t\t\t<\/div>\n\n\t\t\t\t\t\n\t\t\t\n\t\t\t<div id=\"su-post-12193\" class=\"su-post \">\n\t\t\t\t\t\t\t\t\t<a class=\"su-post-thumbnail\" href=\"https:\/\/dieter-jenz.de\/lc\/das-losloesungsszenario-ist-es-plausibel\/\"><img loading=\"lazy\" decoding=\"async\" width=\"800\" height=\"800\" src=\"https:\/\/dieter-jenz.de\/lc\/wp-content\/uploads\/2024\/09\/Beitragsbild-Losloesungsszenario.jpeg\" class=\"attachment-post-thumbnail size-post-thumbnail wp-post-image\" alt=\"Losl\u00f6sungsszenario - Gestaltung: privat\" \/><\/a>\n\t\t\t\t\t\t\t\t<h2 class=\"su-post-title\"><a href=\"https:\/\/dieter-jenz.de\/lc\/das-losloesungsszenario-ist-es-plausibel\/\">Das Losl\u00f6sungsszenario &#8211; ist es plausibel?<\/a><\/h2>\n\t\t\t<\/div>\n\n\t\t\t\t\t\n\t\t\t\n\t\t\t<div id=\"su-post-12174\" class=\"su-post \">\n\t\t\t\t\t\t\t\t\t<a class=\"su-post-thumbnail\" href=\"https:\/\/dieter-jenz.de\/lc\/das-evakuierungsszenario-ist-es-plausibel\/\"><img loading=\"lazy\" decoding=\"async\" width=\"800\" height=\"800\" src=\"https:\/\/dieter-jenz.de\/lc\/wp-content\/uploads\/2024\/09\/Beitragsbild-Evakuierungsszenario.jpeg\" class=\"attachment-post-thumbnail size-post-thumbnail wp-post-image\" alt=\"Evakuierungsszenario - Gestaltung: privat\" \/><\/a>\n\t\t\t\t\t\t\t\t<h2 class=\"su-post-title\"><a href=\"https:\/\/dieter-jenz.de\/lc\/das-evakuierungsszenario-ist-es-plausibel\/\">Das Evakuierungsszenario &#8211; ist es plausibel?<\/a><\/h2>\n\t\t\t<\/div>\n\n\t\t\t\t\t\n\t\t\t\n\t\t\t<div id=\"su-post-12136\" class=\"su-post \">\n\t\t\t\t\t\t\t\t\t<a class=\"su-post-thumbnail\" href=\"https:\/\/dieter-jenz.de\/lc\/das-erloeschungsszenario-ist-es-plausibel\/\"><img loading=\"lazy\" decoding=\"async\" width=\"800\" height=\"800\" src=\"https:\/\/dieter-jenz.de\/lc\/wp-content\/uploads\/2024\/09\/Beitragsbild-Erloeschungsszenario.jpeg\" class=\"attachment-post-thumbnail size-post-thumbnail wp-post-image\" alt=\"Erl\u00f6schungsszenario - Gestaltung: privat\" \/><\/a>\n\t\t\t\t\t\t\t\t<h2 class=\"su-post-title\"><a href=\"https:\/\/dieter-jenz.de\/lc\/das-erloeschungsszenario-ist-es-plausibel\/\">Das Erl\u00f6schungsszenario &#8211; ist es plausibel?<\/a><\/h2>\n\t\t\t<\/div>\n\n\t\t\t\t\t\n\t\t\t\n\t\t\t<div id=\"su-post-11981\" class=\"su-post \">\n\t\t\t\t\t\t\t\t\t<a class=\"su-post-thumbnail\" href=\"https:\/\/dieter-jenz.de\/lc\/was-sind-nahtoderfahrungenwie-werden-sie-erlebt\/\"><img loading=\"lazy\" decoding=\"async\" width=\"800\" height=\"800\" src=\"https:\/\/dieter-jenz.de\/lc\/wp-content\/uploads\/2024\/07\/Beitragsbild-Was-sind-Nahtoderfahrungen.jpeg\" class=\"attachment-post-thumbnail size-post-thumbnail wp-post-image\" alt=\"Was sind Nahtoderfahrungen - Gestaltung: privat\" \/><\/a>\n\t\t\t\t\t\t\t\t<h2 class=\"su-post-title\"><a href=\"https:\/\/dieter-jenz.de\/lc\/was-sind-nahtoderfahrungenwie-werden-sie-erlebt\/\">Was sind Nahtoderfahrungen? Wie werden sie erlebt?<\/a><\/h2>\n\t\t\t<\/div>\n\n\t\t\t\t\t\n\t\t\t\n\t\t\t<div id=\"su-post-11947\" class=\"su-post \">\n\t\t\t\t\t\t\t\t\t<a class=\"su-post-thumbnail\" href=\"https:\/\/dieter-jenz.de\/lc\/taktile-kommunikation-was-verbirgt-sich-dahinter\/\"><img loading=\"lazy\" decoding=\"async\" width=\"800\" height=\"800\" src=\"https:\/\/dieter-jenz.de\/lc\/wp-content\/uploads\/2024\/07\/Beitragsbild-Taktile-Kommunikation.jpeg\" class=\"attachment-post-thumbnail size-post-thumbnail wp-post-image\" alt=\"Taktile Kommunikation - Gestaltung: privat\" \/><\/a>\n\t\t\t\t\t\t\t\t<h2 class=\"su-post-title\"><a href=\"https:\/\/dieter-jenz.de\/lc\/taktile-kommunikation-was-verbirgt-sich-dahinter\/\">Taktile Kommunikation \u2013 was verbirgt sich dahinter?<\/a><\/h2>\n\t\t\t<\/div>\n\n\t\t\t\t\t\n\t\t\t\n\t\t\t<div id=\"su-post-11943\" class=\"su-post \">\n\t\t\t\t\t\t\t\t\t<a class=\"su-post-thumbnail\" href=\"https:\/\/dieter-jenz.de\/lc\/olfaktorische-kommunikation-was-verbirgt-sich-dahinter\/\"><img loading=\"lazy\" decoding=\"async\" width=\"800\" height=\"800\" src=\"https:\/\/dieter-jenz.de\/lc\/wp-content\/uploads\/2024\/07\/Beitragsbild-Olfaktorische-Kommunikation.jpeg\" class=\"attachment-post-thumbnail size-post-thumbnail wp-post-image\" alt=\"Olfaktorische Kommunikation - Gestaltung: privat\" \/><\/a>\n\t\t\t\t\t\t\t\t<h2 class=\"su-post-title\"><a href=\"https:\/\/dieter-jenz.de\/lc\/olfaktorische-kommunikation-was-verbirgt-sich-dahinter\/\">Olfaktorische Kommunikation \u2013 was verbirgt sich dahinter?<\/a><\/h2>\n\t\t\t<\/div>\n\n\t\t\t\n<\/div>\n  <\/div><div class=\"su-expand-link su-expand-link-more\" style=\"text-align:left\"><a href=\"javascript:;\" style=\"color:#0088FF;border-color:#0088FF\"><span style=\"border-color:#0088FF\">Mehr anzeigen<\/span><\/a><\/div><div class=\"su-expand-link su-expand-link-less\" style=\"text-align:left\"><a href=\"javascript:;\" style=\"color:#0088FF;border-color:#0088FF\"><span style=\"border-color:#0088FF\">Weniger anzeigen<\/span><\/a><\/div><\/div><\/div><\/div>\n\n\n\n<p>Durchaus h\u00e4ufig sind Berichte \u00fcber geh\u00f6rte Stimmen, wobei ein oder mehrere H\u00f6rende die Stimme als die eines ihnen bekannten Menschen erkannten. Der Zeitpunkt, zu dem die Stimme geh\u00f6rt wurde, korrespondierte auffallend oft mit dem ungef\u00e4hren Todeszeitpunkt jenes Menschen. Es l\u00e4sst sich nicht eindeutig erschlie\u00dfen, ob sich der Verstorbene noch vor seinem Tod, w\u00e4hrend des Sterbens oder nach seinem Tod artikulierte.<\/p>\n\n\n\n<p>Wie bei verschiedenen anderen Ph\u00e4nomenen kann es sich auch beim Stimmenh\u00f6ren um eine Halluzination handeln. Verbale Halluzinationen k\u00f6nnen in verschiedenen Situationen, u.&nbsp;a. bei Stress, \u00dcberlastung, Schlafentzug oder Drogenkonsum auftreten. Das Stimmenh\u00f6ren kann aber auch auf eine psychische St\u00f6rung, insbesondere eine Psychose, hinweisen. Bei einer Psychose z\u00e4hlt es mit einem Anteil von etwa 70&nbsp;% sogar zu den typischen Symptomen. Deshalb ist bei Berichten \u00fcber derartige Wahrnehmungen eine \u201egesunde\u201c Skepsis angebracht.<\/p>\n\n\n\n<figure class=\"wp-block-gallery has-nested-images columns-4 is-cropped wp-block-gallery-1 is-layout-flex wp-block-gallery-is-layout-flex\">\n<figure class=\"wp-block-image size-large\"><a href=\"https:\/\/dieter-jenz.de\/lc\/portal-lebensweisheiten\/\" target=\"_blank\" rel=\"noreferrer noopener\"><img loading=\"lazy\" decoding=\"async\" width=\"800\" height=\"800\" data-id=\"10179\" src=\"https:\/\/dieter-jenz.de\/lc\/wp-content\/uploads\/2023\/12\/Lebensweisheiten.jpeg\" alt=\"Lebensweisheiten - Gestaltung: privat\" class=\"wp-image-10179\" srcset=\"https:\/\/dieter-jenz.de\/lc\/wp-content\/uploads\/2023\/12\/Lebensweisheiten.jpeg 800w, https:\/\/dieter-jenz.de\/lc\/wp-content\/uploads\/2023\/12\/Lebensweisheiten-300x300.jpeg 300w, https:\/\/dieter-jenz.de\/lc\/wp-content\/uploads\/2023\/12\/Lebensweisheiten-150x150.jpeg 150w, https:\/\/dieter-jenz.de\/lc\/wp-content\/uploads\/2023\/12\/Lebensweisheiten-768x768.jpeg 768w, https:\/\/dieter-jenz.de\/lc\/wp-content\/uploads\/2023\/12\/Lebensweisheiten-540x540.jpeg 540w\" sizes=\"(max-width: 800px) 100vw, 800px\" \/><\/a><figcaption class=\"wp-element-caption\">Gestaltung: privat<\/figcaption><\/figure>\n\n\n\n<figure class=\"wp-block-image size-large\"><a href=\"https:\/\/dieter-jenz.de\/lc\/portal-evergreen-themen\/\" target=\"_blank\" rel=\"noreferrer noopener\"><img loading=\"lazy\" decoding=\"async\" width=\"800\" height=\"800\" data-id=\"10200\" src=\"https:\/\/dieter-jenz.de\/lc\/wp-content\/uploads\/2023\/12\/Evergreen-Themen.jpeg\" alt=\"Evergreen-Themen - Gestaltung: privat\" class=\"wp-image-10200\" srcset=\"https:\/\/dieter-jenz.de\/lc\/wp-content\/uploads\/2023\/12\/Evergreen-Themen.jpeg 800w, https:\/\/dieter-jenz.de\/lc\/wp-content\/uploads\/2023\/12\/Evergreen-Themen-300x300.jpeg 300w, https:\/\/dieter-jenz.de\/lc\/wp-content\/uploads\/2023\/12\/Evergreen-Themen-150x150.jpeg 150w, https:\/\/dieter-jenz.de\/lc\/wp-content\/uploads\/2023\/12\/Evergreen-Themen-768x768.jpeg 768w, https:\/\/dieter-jenz.de\/lc\/wp-content\/uploads\/2023\/12\/Evergreen-Themen-540x540.jpeg 540w\" sizes=\"(max-width: 800px) 100vw, 800px\" \/><\/a><figcaption class=\"wp-element-caption\">Gestaltung: privat<\/figcaption><\/figure>\n\n\n\n<figure class=\"wp-block-image size-large\"><a href=\"https:\/\/dieter-jenz.de\/lc\/portal-wissensdurst\/\" target=\"_blank\" rel=\"noreferrer noopener\"><img loading=\"lazy\" decoding=\"async\" width=\"800\" height=\"800\" data-id=\"10177\" src=\"https:\/\/dieter-jenz.de\/lc\/wp-content\/uploads\/2023\/12\/Wissensdurst-Blick-durch-den-Tuerspalt.jpeg\" alt=\"Wissensdurst, Blick durch den T\u00fcrspalt - Gestaltung: privat\" class=\"wp-image-10177\" srcset=\"https:\/\/dieter-jenz.de\/lc\/wp-content\/uploads\/2023\/12\/Wissensdurst-Blick-durch-den-Tuerspalt.jpeg 800w, https:\/\/dieter-jenz.de\/lc\/wp-content\/uploads\/2023\/12\/Wissensdurst-Blick-durch-den-Tuerspalt-300x300.jpeg 300w, https:\/\/dieter-jenz.de\/lc\/wp-content\/uploads\/2023\/12\/Wissensdurst-Blick-durch-den-Tuerspalt-150x150.jpeg 150w, https:\/\/dieter-jenz.de\/lc\/wp-content\/uploads\/2023\/12\/Wissensdurst-Blick-durch-den-Tuerspalt-768x768.jpeg 768w, https:\/\/dieter-jenz.de\/lc\/wp-content\/uploads\/2023\/12\/Wissensdurst-Blick-durch-den-Tuerspalt-540x540.jpeg 540w\" sizes=\"(max-width: 800px) 100vw, 800px\" \/><\/a><figcaption class=\"wp-element-caption\">Gestaltung: privat<\/figcaption><\/figure>\n<\/figure>\n\n\n\n<h3 class=\"wp-block-heading\" id=\"berichte-in-der-literatur\"><strong>Berichte in der Literatur<\/strong><\/h3>\n\n\n\n<p>\u00dcber die vergangenen Jahrhunderte hinweg wurden zahlreiche anekdotische Schilderungen \u00fcber akustisch wahrgenommene Stimmen \u201eaus dem Nichts\u201c gesammelt. Die folgenden Beispiele repr\u00e4sentieren nur eine \u00e4u\u00dferst kleine Auswahl.<\/p>\n\n\n\n<h4 class=\"wp-block-heading\" id=\"vor-gefahr-warnende-stimme\"><strong>Vor Gefahr warnende Stimme<\/strong><\/h4>\n\n\n\n<p>Die folgende, im Buch \u201eDer Spuk im Grabgew\u00f6lbe\u201c wiedergegebene Schilderung (S.&nbsp;302&nbsp;f.) erschien im \u201eM\u00e4rkischen Volksblatt\u201c vom 16.&nbsp;M\u00e4rz 1916. Dort schildert ein Soldat ein eindr\u00fcckliches Erlebnis:<\/p>\n\n\n\n<p>\u201e<em>Eines Tages erhalten wird den Befehl, im nahen Geh\u00f6lz eine Anzahl B\u00e4ume zu f\u00e4llen, die f\u00fcr den Bau von Unterst\u00e4nden verwendet werden sollen. Unser Trupp, acht Mann und ein Unteroffizier, r\u00fcckt also ab. Es war ein tr\u00fcber, regnerischer Tag. Darum war auch die Arbeit im nassen Buschwerk nicht angenehm. Aber wir waren doch froh, endlich einmal wieder frei aufatmen und die im Sch\u00fctzengraben steifgewordenen Glieder ausstrecken zu k\u00f6nnen. Wir befanden uns hinter der Front, standen aber noch im Bereich des feindlichen Artilleriefeuers. Ab und zu pfiff ein Gescho\u00df heulend durch die Luft. Nicht weit von unserer Arbeitsst\u00e4tte platzte sogar eine Granate; aber an ernstliche Gefahr dachte wohl niemand von uns<\/em>.<\/p>\n\n\n\n<p><em>Am Rande des Geh\u00f6lzes stand ein verfallenes, windschiefes H\u00e4uschen mit zerbrochenen Fenstern und herabh\u00e4ngenden L\u00e4den, worin vielleicht fr\u00fcher ein Waldh\u00fcter gewohnt hatte. Als nun die Fr\u00fchst\u00fcckszeit gekommen war, suchten wir dieses verlassene Haus auf, um f\u00fcr einige Minuten ein Dach \u00fcber uns zu haben; denn der Regen war inzwischen st\u00e4rker geworden. Im Innern des H\u00e4uschens fanden wir einen Tisch und einige roh zugehauene B\u00e4nke vor, die wir freudig in Beschlag nahmen. Wir sitzen also und essen unser Brot; hin und wieder f\u00e4llt ein Wort. Drau\u00dfen rauscht der Regen. Ich sitze mit dem R\u00fccken nach einem der zerbrochenen Fenster hin und denke an Frau und Kind in der Heimat. Da h\u00f6re ich pl\u00f6tzlich, wie hinter mir eine leise Stimme, die mir seltsam bekannt vorkommt, meinen Vornamen ruft. \u00dcberrascht drehe ich mich um und schaue hinaus; aber da ist niemand zu sehen.<\/em> \u00bb<em>Nanu<\/em>\u00ab, <em>denke ich und sch\u00fcttele den Kopf. Aber ich muss doch erschrocken ausgesehen haben, denn der Unteroffizier, der mir gegen\u00fcbersitzt, schaut mich scharf an. Von den \u00fcbrigen scheint niemand etwas Auff\u00e4lliges bemerkt zu haben. Einige Minuten vergehen. Gerade denke ich dar\u00fcber nach, wem die Stimme, die mir so seltsam bekannt vorkommt, wohl angeh\u00f6ren k\u00f6nne. Und da h\u00f6re ich wieder hinter mir, aber lauter und deutlicher als soeben:<\/em> \u00bb<em>Johannes!<\/em>\u00ab &#8211; \u00bb<em>Ja?<\/em>\u00ab <em>antworte ich und springe auf; aber ich f\u00fchle, wie mir\u2019s pl\u00f6tzlich eiskalt \u00fcbers Gesicht zieht und mein Herz wie ein Hammer klopft. Diese Stimme \u2013 Herrgott bin ich denn von Sinnen? \u2013 diese Stimme drau\u00dfen ist die Stimme meiner verstorbenen Mutter<\/em> \u2026<\/p>\n\n\n\n<p><em>Hat denn keiner der Kameraden den Ruf vernommen? Sie sehen mich nur erstaunt an. Einer lacht und macht eine scherzhafte Bemerkung. Nur der Unteroffizier steht hastig auf und fasst meinen Arm<\/em>. \u00bb<em>Was ist los, Hagemann?<\/em>\u00ab, fragt er, \u00bb<em>sind Sie krank?<\/em>\u00ab &#8211; \u00bb<em>Herr Unteroffizier<\/em>\u00ab, <em>stammele ich<\/em>, \u00bbi<em>ch bitte hinausgehen zu d\u00fcrfen \u2026 Ich wei\u00df nicht, was mir ist: mich hat drau\u00dfen jemand gerufen, aber die Stimme klang genauso wie die meiner verstorbenen Mutter<\/em>.\u00ab &#8211; \u00bb<em>Mann, reden Sie doch keinen Unsinn!<\/em>\u00ab, <em>sagte er beruhigend, aber ich sehe, dass er blass geworden ist und unsicher. Als ich meine Bitte, hinausgehen zu d\u00fcrfen, wiederhole, nickt er und f\u00fcgt hinzu:<\/em> \u00bb<em>Aber \u2013 um Himmels willen \u2013 wer sollte denn in dieser verlassenen Gegend Ihren Namen rufen? Es scheint, Sie leiden an Sinnest\u00e4uschungen. Aber kommen Sie, ich will mit Ihnen hinausgehen, damit Sie sich \u00fcberzeugen<\/em>.\u00ab <em>Beim Hinausschreiten sehe ich noch, dass meine Kameraden sorglos hinter uns dreinblicken und ihr Brot verzehren<\/em>.<\/p>\n\n\n\n<p><em>Was dann geschah, werde ich nie vergessen. Wir stehen also vor der H\u00fctte. Kein Mensch ist zu sehen. Das Fenster, an dem ich gesessen hatte, ging nach einer grasigen Lichtung hinaus, die wir nun betraten, um vielleicht eine Fu\u00dfspur zu finden. Dabei entfernten wir uns von dem H\u00e4uschen, aber ohne etwas zu entdecken<\/em>. \u00bb<em>Nun, Hagemann, wollen Sie jetzt noch<\/em> \u2026\u00ab. <em>Ein Heulen in der Luft, ein Prasseln in den Baumgipfeln: vor unseren Blicken, die dem H\u00e4uschen zugewendet sind, scheint ein schwarzer Strich blitzschnell niederzufallen. Und dann bricht es los, wie wenn die Welt in Nacht und Tr\u00fcmmer versinken sollte. Es kracht und splittert rings um uns. Die Luft wird von emporgeschleuderten Erdmassen verfinstert. Ein harter Gegenstand fliegt mir gegen den Kopf und wirft mich nieder. Als ich wieder zu mir komme, liegt der Unteroffizier nicht weit von mir mit eingedr\u00fcckter Brust. Das Haus ist verschwunden, der Erdboden da, wo es stand, metertief aufgerissen. Was ich von meinen Kameraden wiederfand, kann ich nicht erz\u00e4hlen<\/em> \u2026\u201c<\/p>\n\n\n\n<p>An der Schilderung ist Folgendes bemerkenswert:<\/p>\n\n\n\n<ul>\n<li>Der Soldat h\u00f6rte lediglich seinen Vornamen, keine explizite und spezifische Warnung vor Bevorstehendem,<\/li>\n\n\n\n<li>Mehrere Minuten vergingen, bis er die Stimme erneut und diesmal lauter h\u00f6rte,<\/li>\n\n\n\n<li>Alle anderen Anwesenden konnten die Stimme offensichtlich nicht h\u00f6ren,<\/li>\n\n\n\n<li>Die verstorbene Mutter kannte wohl das bevorstehende Ereignis schon.<\/li>\n<\/ul>\n\n\n\n<h4 class=\"wp-block-heading\" id=\"von-mehreren-personen-gehorte-stimme\"><strong>Von mehreren Personen geh\u00f6rte Stimme<\/strong><\/h4>\n\n\n\n<p>Im Buch \u201eDer Spuk im Grabgew\u00f6lbe\u201c wird mit Bezug auf einen Artikel im \u201eHohenstaufen\u201c (G\u00f6ppinger Tagblatt) vom 9. Dezember 1916 Folgendes wiedergegeben:<\/p>\n\n\n\n<p><em>\u201eEs war am 31. Oktober 1914, da sa\u00df in einem etwas abseits gelegenen Hause eines Dorfes im Bezirk G\u00f6ppingen (W\u00fcrttemberg) ein Ehepaar sp\u00e4t abends noch in der Stube. Nebenan in der Kammer schliefen die Kinder schon lange. Im Haus und au\u00dferhalb des Hauses herrschte die tiefe Stille der Nacht. Die Frau sa\u00df in der N\u00e4he des Fensters, mit einer Handarbeit besch\u00e4ftigt, der Mann einige Schritte von ihr am Tische. Da wurde die Stille durch einen Ruf unterbrochen, der vor dem Hause drau\u00dfen erscholl. Eine Stimme rief den abgek\u00fcrzten Namen der Frau. Diese war \u00fcberrascht, stand aber nicht auf, weil sie glaubte, sie k\u00f6nne sich get\u00e4uscht haben. Doch wenige Augenblicke darauf erscholl der Ruf zum zweiten Mal, diesmal viel lauter und deutlicher. Der Mann h\u00f6rte ihn auch und sagte: \u00bbDu, man hat dich gerufen!<\/em>\u00ab<em> Als sich daraufhin die Frau erhob, um das Fenster zu \u00f6ffnen, erscholl der Ruf zum dritten Mal mit sehr gro\u00dfer Sch\u00e4rfe und Klarheit. Aber vor dem Fenster war niemand, auch in dem einzigen Nachbarhause l\u00e4ngst alles zur Ruhe gegangen. Mann und Frau visitierten<\/em> <em>die ganze Umgebung aufs Genaueste \u2013 nirgends war ein Mensch zu entdecken. Die Frau wurde von gro\u00dfer Unruhe ergriffen. Es war ihr gewesen, als habe sie in dem Ruf die Stimme ihres Bruders erkannt, der im Felde stand. \u2013 Am Morgen kam die Schw\u00e4gerin, die Frau dieses Bruders, und erz\u00e4hlte mit innerer Erregung, sie sei heute Nacht, als sie schon zu Bett gegangen, mit ihrem Namen gerufen worden. Auch habe in ihrem Hausgang diese Nacht eine eigent\u00fcmliche Unruhe geherrscht, die auch ihr Vater von seinem Zimmer aus geh\u00f6rt habe. \u2013 Die Erregung der Beteiligten war umso gr\u00f6\u00dfer, als auch die Schw\u00e4gerin in der geheimnisvollen Stimme die ihres Mannes erkannt zu haben glaubte. Wenige Tage sp\u00e4ter traf die schriftliche Nachricht ein, dass der, dessen Stimme die beiden Frauen geh\u00f6rt, in der Nacht vom 31. Oktober zum 1. November gefallen sei.\u201c<\/em><\/p>\n\n\n\n<p>An der Schilderung f\u00e4llt Folgendes besonders auf:<\/p>\n\n\n\n<ul>\n<li>Mehrere Personen h\u00f6rten die Stimme des Verstorbenen an unterschiedlichen Orten,<\/li>\n\n\n\n<li>Die h\u00f6rbare Stimme war als die des Ehemanns bzw. Bruders erkennbar,<\/li>\n\n\n\n<li>Der Verstorbene rief lediglich die Namen seiner Ehefrau und seiner Schwester und teilte ansonsten nichts Weiteres mit.<\/li>\n<\/ul>\n\n\n<div class=\"su-box su-box-style-default\" id=\"\" style=\"border-color:#000000;border-radius:3px;\"><div class=\"su-box-title\" style=\"background-color:#333333;color:#FFFFFF;border-top-left-radius:1px;border-top-right-radius:1px\">Weitere Informationen und Ressourcen <\/div><div class=\"su-box-content su-u-clearfix su-u-trim\" style=\"border-bottom-left-radius:1px;border-bottom-right-radius:1px\"> <div class=\"su-list\" style=\"margin-left:0px\"> <\/p>\n<ul>\n<li><i class=\"sui sui-info-circle\" style=\"color:#333\"><\/i> <a href=\"https:\/\/dieter-jenz.de\/lc\/ausgangssituation-ziel-vorgehensweise-aktueller-stand\/\" title=\"Ausgangssituation, Ziel, Vorgehensweise\" target=\"_blank\" rel=\"\" class=\"\">Ausgangssituation, Ziel, Vorgehensweise, aktueller Stand<\/a> <\/li>\n<\/ul>\n<p> <\/div> <div class=\"su-list\" style=\"margin-left:0px\"> <\/p>\n<ul>\n<li><i class=\"sui sui-info-circle\" style=\"color:#333\"><\/i> <a href=\"https:\/\/dieter-jenz.de\/lc\/was-kommt-nach-dem-tod-erstes-zwischenfazit\/\" title=\"Erstes Zwischenfazit\" target=\"_blank\" rel=\"\" class=\"\">Was kommt nach dem Tod? &#8211; Erstes Zwischenfazit<\/a> <\/li>\n<\/ul>\n<p> <\/div> <div class=\"su-list\" style=\"margin-left:0px\"> <\/p>\n<ul>\n<li><i class=\"sui sui-info-circle\" style=\"color:#333\"><\/i> <a href=\"https:\/\/dieter-jenz.de\/lc\/ressourcen-wie-geht-es-nach-dem-tod-weiter\/\" title=\"Literatur und sonstige Ressourcen\" target=\"_blank\" rel=\"\" class=\"\">Literatur und sonstige Ressourcen<\/a> <\/li>\n<\/ul>\n<p> <\/div> <div class=\"su-list\" style=\"margin-left:0px\"> <\/p>\n<ul>\n<li><i class=\"sui sui-info-circle\" style=\"color:#333\"><\/i> <a href=\"https:\/\/dieter-jenz.de\/lc\/glossar-begriffe-transzendenzerfahrungen-lebensfragen\/\" title=\"Glossar der Begriffe zu Transzendenzerfahrungen\" target=\"_blank\" rel=\"\" class=\"\">Glossar der Begriffe im Kontext von Transzendenzerfahrungen<\/a> <\/li>\n<\/ul>\n<p> <\/div> <div class=\"su-list\" style=\"margin-left:0px\"> <\/p>\n<ul>\n<li><i class=\"sui sui-info-circle\" style=\"color:#333\"><\/i> <a href=\"https:\/\/dieter-jenz.de\/lc\/faq-haeufig-gestellte-fragen-was-kommt-nach-dem-tod\/\" title=\"FAQ (H\u00e4ufig gestellte Fragen)\" target=\"_blank\" rel=\"\" class=\"\">H\u00e4ufig gestellte Fragen (FAQ) &#8211; Was kommt nach dem Tod?<\/a> <\/li>\n<\/ul>\n<p> <\/div>   <\/div><\/div>\n\n\n\n<h4 class=\"wp-block-heading\" id=\"die-vermeintliche-stimme-der-gro\u00dfmutter\"><strong>Die vermeintliche Stimme der Gro\u00dfmutter<\/strong><\/h4>\n\n\n\n<p>Eine au\u00dfergew\u00f6hnliche Begebenheit wird im Buch \u201eBotschaft von dr\u00fcben?\u201c geschildert (S.&nbsp;33):<\/p>\n\n\n\n<p>\u201e<em>Als zw\u00f6lfj\u00e4hriges M\u00e4dchen weilte ich bei meiner Gro\u00dfmutter in Baden in der Wohnung meines Onkels, eines Arztes. Einmal war ich allein. Gro\u00dfmutter war fr\u00fch nach Ulm gefahren und sollte erst abends zur\u00fcckkommen. Mittags ging ich in das Studierzimmer des Onkels. Dort wollte ich einen Bleistift holen. An der Zimmert\u00fcr angelangt, h\u00f6rte ich pl\u00f6tzlich meine Gro\u00dfmutter deutlich rufen<\/em>: \u00bb<em>Franzele<\/em>!\u00ab <em>Ich glaubte, mich get\u00e4uscht zu haben, und wollte weitergehen. Da rief es noch einmal deutlicher<\/em>: \u00bb<em>Franzele<\/em>!\u00ab <em>Und als ich den Fu\u00df \u00fcber die Schwelle setzen wollte, rief es zum dritten Mal und so scharf, wie es Gro\u00dfmutter nur im Zorn sagte<\/em>: \u00bb<em>Franziska<\/em>!!\u00ab. <em>Wie gebannt blieb ich stehen. In diesem Augenblick st\u00fcrzte der mittlere Teil der Zimmerdecke ein und \u00fcbersch\u00fcttete mit seinen Tr\u00fcmmern den Schreibtisch des Onkels. Gro\u00dfmutter kehrte heim; sie war sehr betroffen von meiner Erz\u00e4hlung und hatte tags\u00fcber keine Ahnung von der Gefahr, in der ich schwebte, gehabt<\/em> (1962).\u201c<\/p>\n\n\n\n<p>Die Schilderung verdeutlicht gleich mehrere ungew\u00f6hnliche Ph\u00e4nomene:<\/p>\n\n\n\n<ul>\n<li>Die Gro\u00dfmutter wusste nichts von der Gefahr, dennoch war die h\u00f6rbare Stimme als die der Gro\u00dfmutter erkennbar,<\/li>\n\n\n\n<li>Die Gro\u00dfmutter wusste nichts von ihrem Warnruf und sp\u00fcrte w\u00e4hrend ihrer Abwesenheit, da sie keine Ahnung von der Gefahr hatte, vermutlich auch keine innere Unruhe,<\/li>\n\n\n\n<li>Das M\u00e4dchen h\u00f6rte lediglich ihren Vornamen und keinen weiteren Hinweis,<\/li>\n\n\n\n<li>Der Kosename \u201eFranzele\u201c war sicher nur wenigen Personen bekannt. Der Ruf konnte also nur von einer Person oder einem Wesen kommen, die bzw. das diesen Kosenamen kannte.<\/li>\n<\/ul>\n\n\n\n<h4 class=\"wp-block-heading\" id=\"ruf-an-die-ehefrau\"><strong>Ruf an die Ehefrau<\/strong><\/h4>\n\n\n\n<p>In seinem Buch \u201eGeheimnisse des Seelenlebens\u201c berichtet der deutsch-brasilianische Pfarrer Gustav Stutzer von einer Begebenheit, bei der \u201eFernh\u00f6ren\u201c erlebt wurde (wiedergegeben in \u201eDer Spuk im Grabgew\u00f6lbe\u201c (S.&nbsp;198&nbsp;f.)):<\/p>\n\n\n\n<p>\u201e<em>Auf dem Bahnhofe in Remilly bei Metz traf zwei Tage nach der Schlacht von Gorze im August 1870 ein Zug von Saarbr\u00fccken ein, den ich dienstlich zu erwarten hatte. Eine Dame entstieg dem Zuge, trat zu mir und fragte, auf mein Rotes Kreuz weisend<\/em>: \u00bb<em>Wissen Sie, ob ein Major von Soundso noch lebt<\/em>?\u00ab \u00bb<em>Ja<\/em>\u00ab, <em>erwiderte ich<\/em>, \u00bb<em>er lebt.<\/em>\u00ab. <em>Da fasste sie erbebend meinen Arm<\/em>: \u00bb<em>Wo finde ich ihn<\/em>? <em>Seine Verwundung erfuhr ich erst unterwegs von Berlin her; aber er hat in der vorletzten Nacht nach mir gerufen<\/em>!\u00ab <em>Ich verstand diese sonderbaren Worte nicht und sagte<\/em>: \u00bb<em>Er liegt seit gestern hier, ist aber noch nicht transportf\u00e4hig; ich werde mir sofort vom Regimentsarzt die Erlaubnis erbitten, Sie zu ihm zu f\u00fchren, wenn Sie mir versprechen, sich aufs \u00c4u\u00dferste zusammenzunehmen, denn er ist schwer verwundet<\/em>.\u00ab &#8211; <em>Bald kniete die tapfere Frau am Lager ihres Mannes. Nach einigen Stunden kam ich wieder in das Zimmer, setzte mich zu den beiden und h\u00f6rte Folgendes: Der Adjutant des Majors war gefallen, mehrere Offiziere waren gefallen oder verwundet; so schlich er selbst mit einer Ordonnanz in der Nacht zu den Vorposten, ging in der Dunkelheit zu weit und bekam von den feindlichen Vorposten mehrere Kugeln, die ihm das linke Bein und die Kniescheibe zerschmetterten. Mit dem Rufe<\/em>: \u00bb<em>Anna, meine liebe Anna<\/em>!\u00ab <em>fiel er zu Boden<\/em>. \u2013 <em>Und seine Frau hatte genau zu derselben Minute dieselben Worte mit der deutlichen Stimme ihres Mannes geh\u00f6rt, sie ihren Angeh\u00f6rigen mitgeteilt und war sofort abgereist<\/em>. \u2013 <em>Kritisch, wie ich allen solchen dunklen Dingen gegen\u00fcberstehe, erfuhr ich, dass die Ordonnanz mit einer Fu\u00dfverwundung vor wenigen Stunden in das Lazarett gebracht worden w\u00e4re; und ich erhielt von dem einfachen Manne die w\u00f6rtliche Best\u00e4tigung jenes Vorganges und Ausrufes<\/em>.\u201c<\/p>\n\n\n\n<p>An der Schilderung erscheint Folgendes bemerkenswert:<\/p>\n\n\n\n<ul>\n<li>Die Ehefrau h\u00f6rte zeitgleich die Worte ihres Ehemanns,<\/li>\n\n\n\n<li>Die h\u00f6rbare Stimme war eindeutig als die des Ehemanns erkennbar,<\/li>\n\n\n\n<li>Der Rufende war bei seinem Ruf eindeutig am Leben,<\/li>\n\n\n\n<li>Zwischen beiden lag eine Distanz von mehreren hundert Kilometern.<\/li>\n<\/ul>\n\n\n\n<h4 class=\"wp-block-heading\" id=\"mitteilung-an-einen-freund\"><strong>Mitteilung an einen Freund<\/strong><\/h4>\n\n\n\n<p>Es stellt sich die Frage, welche Rolle die Art der Beziehung zwischen Menschen spielt, wenn sich das Ph\u00e4nomen des Stimmenh\u00f6rens ereignet. In den zuvor geschilderten F\u00e4llen bestanden enge famili\u00e4re Beziehungen. Im Buch \u201eDer Spuk im Grabgew\u00f6lbe\u201c ist ein Bericht von einer freundschaftlichen Beziehung zu finden (S.&nbsp;189):<\/p>\n\n\n\n<p>\u201e<em>Als der deutsche Assyriologe Dr. Friedrich Delitzsch, geboren 1850, der sp\u00e4ter haupts\u00e4chlich durch seine Schriften \u201aBabel und Bibel\u2018 und \u201aDie gro\u00dfe T\u00e4uschung\u2018 weit \u00fcber die Kreise der Wissenschaft hinaus bekannt wurde, am 19. August 1876 gegen sechs Uhr abends in London auf der Stra\u00dfe Crogsland Road am Hause seines abwesenden Freundes und Mitforschers George Smith, geboren 1840, vor\u00fcberging, h\u00f6rte er sich pl\u00f6tzlich mit durchdringender Stimme bei Namen gerufen. Die Stimme drang so unmittelbar und so grell an sein Ohr, dass er zun\u00e4chst von einem der zahlreichen, tags\u00fcber am British Museum herumlungernden, deutschsprechenden Bettler sich erkannt glaubte und unwillk\u00fcrlich der anderen Stra\u00dfenseite zueilte. \u2013 Auch zu Hause fand er keine Ruhe. Einige Tage sp\u00e4ter erhielt er die Nachricht, dass George Smith um ebendieselbe Stunde zu Aleppo in Syrien pl\u00f6tzlich gestorben war.\u201c<\/em><\/p>\n\n\n\n<p>Folgendes ist an der Schilderung bemerkenswert:<\/p>\n\n\n\n<ul>\n<li>Der Freund, George Smith, schien zu Hause zu sein, war es jedoch in Wirklichkeit nicht,<\/li>\n\n\n\n<li>Aus der Schilderung ist nicht eindeutig zu erschlie\u00dfen, ob der Gerufene die Stimme als die seines Freundes erkannte,<\/li>\n\n\n\n<li>Der Name wurde lediglich einmalig gerufen. Weitere Mitteilungen erfolgten offenkundig nicht.<\/li>\n<\/ul>\n\n\n\n<h4 class=\"wp-block-heading\" id=\"langere-mitteilung-uber-telefon\"><strong>L\u00e4ngere Mitteilung \u00fcber Telefon<\/strong><\/h4>\n\n\n\n<p>Im Buch \u201eBotschaft von dr\u00fcben?\u201c befindet sich eine Schilderung (S.&nbsp;146), die geradezu widersinnig anmutet. Dort ist zu lesen:<\/p>\n\n\n\n<p>\u201e<em>In einem Forsthaus lebte eine F\u00f6rstersgattin, die ein immer kr\u00e4nkelndes Kind ihrer Freundin zu sich genommen hatte, da auch die Mutter des Kindes oft krank war. Das Kind wurde immer schw\u00e4cher, so dass der hinzugezogene Arzt mit seinem baldigen Sterben rechnete. Die Frau, die das Kind bis zum Tode zu pflegen entschlossen war, stand nun einige Tage in schwerem innerem Ringen. Sollte sie die Lebensgefahr des Kindes der Mutter mitteilen, wo sie doch wusste, dass gleichzeitig auch diese wieder ernster erkrankt darniederlag? Sollte sie ihr diese Aufregung ersparen, da ja ein Wiedersehen zwischen Mutter und Kind unm\u00f6glich geworden war? Sollte sie auf ein Wunder der Genesung warten, das vielleicht noch der Mutter oder dem Kind zuteilwerden k\u00f6nnte? Sollte sie erst nach dem Tod des Kindes die Mutter anrufen?<\/em><\/p>\n\n\n\n<p><em>So ging sie eines Tages zweifelnd und bedr\u00e4ngt vor ihrem Fernsprecher hin und her, neben sich das sterbende Kind. Aber sie f\u00fcrchtete sich, anzurufen. In diesen Augenblicken aber wird bei ihr angerufen! Die ferne Mutter des Kindes l\u00e4sst sich vernehmen und fragt h\u00f6chst erregt an, ob ihr Kind wirklich im Sterben liege \u2013 es h\u00e4tte soeben bei ihr gel\u00e4utet und sie h\u00e4tte diese Nachricht im Fernsprecher geh\u00f6rt! \u2013 Die Untersuchungen ergaben, dass weit und breit niemand<\/em> (<em>auch nicht der Arzt<\/em>) <em>angerufen hatte<\/em>.\u201c<\/p>\n\n\n\n<p>Basierend auf der Schilderung l\u00e4sst sich Folgendes festhalten:<\/p>\n\n\n\n<ul>\n<li>Eine f\u00fcr die Mutter verst\u00e4ndliche Stimme teilte ihr in f\u00fcr sie verst\u00e4ndlicher Sprache etwas mit, was sie aufgrund der r\u00e4umlichen Distanz nicht wissen konnte,<\/li>\n\n\n\n<li>\u201eJemand\u201c wusste von der Situation des Kindes, der erkrankten Mutter und den inneren Auseinandersetzungen der pflegenden Freundin,<\/li>\n\n\n\n<li>Der Ruf eines Namens reichte nicht aus, um der Mutter Klarheit \u00fcber die Situation ihres Kindes zu verschaffen (m\u00f6glicherweise stand der Tod des Kindes unmittelbar bevor),<\/li>\n\n\n\n<li>Dieser \u201eJemand\u201c, sehr wahrscheinlich ein Geistwesen, konnte offenkundig ein Telefon dazu nutzen, um der Mutter das mitzuteilen, was sie h\u00f6ren sollte.<\/li>\n<\/ul>\n\n\n\n<h4 class=\"wp-block-heading\" id=\"vorausschau-kunftiger-ereignisse\"><strong>Vorausschau k\u00fcnftiger Ereignisse<\/strong><\/h4>\n\n\n\n<p>Im \u201eS\u00fcddeutschen Monatsheft\u201c vom Juni 1913, erz\u00e4hlend wiedergegeben in dem Buch \u201eDer Spuk im Grabgew\u00f6lbe\u201c (S.&nbsp;258&nbsp;f.), wird vom Historien- und Portr\u00e4tmaler Lorenz Clasen (1812-1899) berichtet. Dort hei\u00dft es:<\/p>\n\n\n\n<p>\u201e<em>Clasen befand sich einst in Begleitung eines Freundes auf einem Spaziergang durch die Stra\u00dfen Leipzigs, als er einen ihm bekannten Architekten, der Erbauer der Petrikirche, traf. Der Architekt schloss sich den beiden an, um sich nach einer Weile wieder zu verabschieden. Nach seinem Weggang \u00e4u\u00dferte Clasen<\/em>: <em>\u00bbSeltsam, heut in sieben Jahren wird er sterben.<\/em>\u00ab <em>Es traf auf den Tag zu<\/em>.<\/p>\n\n\n\n<p><em>W\u00e4hrend eines Zeitraums von ungef\u00e4hr drei\u00dfig Jahren pflegte ein Dresdner Regierungsbaumeister jeden Sonntag den ihm befreundeten Clasen zu besuchen, mit dem er seine Pl\u00e4ne durchsprach. Eines Sonntags begleitete wie gew\u00f6hnlich das Ehepaar Clasen den Scheidenden bis zur T\u00fcr. Als dieser hinter der Biegung der Treppe verschwunden war, wandte sich Clasen an seine Frau mit den Worten<\/em>: <em>\u00bbHeut haben wir ihn zum letzten Mal gesehen.<\/em>\u00ab <em>Am darauffolgenden Mittwoch erhielten sie die Todesnachricht<\/em>.<\/p>\n\n\n\n<p><em>Als Clasen selbst 1899 an einem Herzschlag gestorben war, zeigte mir seine Frau einen von seiner Hand geschriebenen Zettel, den sie in seinem Portemonnaie gefunden hatte: auf dem stand: \u00bbIch werde mit sechsundachtzig Jahren am Herzschlag sterben<\/em>.\u00ab<\/p>\n\n\n\n[\u2026] <em>Von mir<\/em> [Peter Jerusalem] <em>befragt, auf welche Weise er diese Dinge wahrnehme, entgegnete er, dass es ihm stets sei, als fl\u00fcstere eine fremde Person ihm die Dinge ins Ohr. Meistens seien ihm diese Mitteilungen sehr unangenehm, doch k\u00f6nne er leider nichts dagegen tun<\/em>.\u201c<\/p>\n\n\n\n<p>Auff\u00e4llig an der Schilderung ist Folgendes:<\/p>\n\n\n\n<ul>\n<li>Die Zukunftsschau lag nicht in der F\u00e4higkeit von Clasen selbst,<\/li>\n\n\n\n<li>Clasen fungierte offensichtlich als \u201eSprachrohr\u201c einer unbekannten Person, der die Zukunft bereits bekannt war,<\/li>\n\n\n\n<li>Clasen schien keine Kontrolle \u00fcber die fremde Person zu haben und fungierte gewisserma\u00dfen als deren Medium.<\/li>\n<\/ul>\n\n\n\n<h4 class=\"wp-block-heading\" id=\"zuversicht-vermittelnde-stimme\"><strong>Zuversicht vermittelnde Stimme<\/strong><\/h4>\n\n\n\n<p>In seinem Buch \u201eIch habe Gott gesehen: Diospi Suyana \u2013 Hospital der Hoffnung\u201c schildert Klaus-Dieter John, wie es dazu kam, dass sich Tove H. f\u00fcr das Hospital \u201eDiospi Suyana in den peruanischen Anden zu engagieren begann (S.&nbsp;252). Mehr als zwei Jahre lang arbeitete sie dort als An\u00e4sthesistin.<\/p>\n\n\n\n<p>\u201e<em>Tove wuchs in Westdeutschland unter schwierigen Verh\u00e4ltnissen auf. Ihr Vater verlie\u00df die Familie und zahlte keine Alimente, obwohl er als Arzt gut verdiente. Toves Mutter musste hart arbeiten, um Tove und ihren Bruder durchzubringen. Die Lage zu Hause war oft angespannt. Es fehlte an Geld und manchmal sogar an Lebensmitteln im K\u00fchlschrank. Tove litt aber auch unter dem Trauma, dass ihr eigener Vater sie im Stich gelassen hatte.<\/em><\/p>\n\n\n\n<p><em>Als Tove zehn Jahre alt war, kam es daheim zu einer gro\u00dfen Auseinandersetzung. Dieser Streit war wohl der Tropfen, der das Fass zum \u00dcberlaufen brachte. Tove verlie\u00df fluchtartig die Wohnung, um ihrem Leben auf der Stra\u00dfe vor dem n\u00e4chsten Auto ein Ende zu setzen. In diesem Augenblick h\u00f6rte die kleine Tove hinter sich eine laute und klare Stimme: <\/em>\u00bb<em>Ich habe dich lieb und brauche dich noch<\/em>!\u00ab <em>Tove riss ihren Kopf herum, konnte aber niemanden entdecken. Doch die Botschaft hatte sie verstanden. Wenn es jemanden auf dieser Welt gab, der sie liebte, dann lohnte es sich weiterzuleben<\/em>.\u201c<\/p>\n\n\n\n<p>Folgendes l\u00e4sst sich kurz festhalten:<\/p>\n\n\n\n<ul>\n<li>Die Stimme erreichte Tove in einer besonders kritischen Lebenssituation, in der sie als Kind offenkundig nur den Selbstmord als L\u00f6sung sah,<\/li>\n\n\n\n<li>Die Stimme war die eines Unbekannten und es war unklar, wer sich hinter der Stimme verbarg,<\/li>\n\n\n\n<li>Tove wurde nicht mit ihrem Namen angesprochen,<\/li>\n\n\n\n<li>Die Stimme sprach ihr individuelles Defizit an: sie f\u00fchlte sich nicht geliebt und nicht gesehen.<\/li>\n<\/ul>\n\n\n\n<div class=\"wp-block-group\"><div class=\"wp-block-group__inner-container is-layout-constrained wp-block-group-is-layout-constrained\">\n<div class=\"wp-block-group has-background\" style=\"background:radial-gradient(rgba(252,185,0,0.25) 0%,rgba(255,106,0,0.11) 100%)\"><div class=\"wp-block-group__inner-container is-layout-constrained wp-block-group-is-layout-constrained\">\n<p><strong>Gutes und Sinnvolles  tun &#8211; ganz praktisch<\/strong><\/p>\n\n\n<div class=\"wp-block-image\">\n<figure class=\"aligncenter size-full is-resized\"><a href=\"https:\/\/dieter-jenz.de\/lc\/gutes-tun-ganz-praktisch\/\" target=\"_blank\" rel=\"noreferrer noopener\"><img loading=\"lazy\" decoding=\"async\" width=\"600\" height=\"450\" src=\"https:\/\/dieter-jenz.de\/lc\/wp-content\/uploads\/2023\/11\/Geschenk-mit-Text.jpeg\" alt=\"Geschenk mit Text - Gestaltung: privat\" class=\"wp-image-9969\" style=\"width:300px\" srcset=\"https:\/\/dieter-jenz.de\/lc\/wp-content\/uploads\/2023\/11\/Geschenk-mit-Text.jpeg 600w, https:\/\/dieter-jenz.de\/lc\/wp-content\/uploads\/2023\/11\/Geschenk-mit-Text-300x225.jpeg 300w, https:\/\/dieter-jenz.de\/lc\/wp-content\/uploads\/2023\/11\/Geschenk-mit-Text-540x405.jpeg 540w, https:\/\/dieter-jenz.de\/lc\/wp-content\/uploads\/2023\/11\/Geschenk-mit-Text-150x113.jpeg 150w\" sizes=\"(max-width: 600px) 100vw, 600px\" \/><\/a><figcaption class=\"wp-element-caption\">Gestaltung: privat<\/figcaption><\/figure><\/div>\n\n\n<p>Mit einem Klick auf das Bild gelangen Sie zum zugeh\u00f6rigen Text.<\/p>\n<\/div><\/div>\n<\/div><\/div>\n\n\n\n<h3 class=\"wp-block-heading\" id=\"folgerungen\"><strong>Folgerungen<\/strong><\/h3>\n\n\n\n<p>Die diversen Schilderungen deuten darauf hin, dass eine sprechende oder rufende Person in der Lage ist, sich mit ihrer dem H\u00f6renden bekannten Stimme zu artikulieren. Die Stimme ist wiedererkennbar. Ist eine Stimme nicht wiedererkennbar, wie im Fall von Tove, ist dies ein Indiz daf\u00fcr, dass es sich bei der Sprachquelle um Geistwesen (z.&nbsp;B. Engel) handeln k\u00f6nnte.<\/p>\n\n\n\n<p>Die Reichweite einer menschlichen Stimme ist begrenzt. Selbst bei lautem Rufen ist eine Stimme, auch abh\u00e4ngig von den Witterungsbedingungen, kaum \u00fcber etwa hundert Meter hinaus verst\u00e4ndlich h\u00f6rbar. Die sprechende oder rufende Person muss nat\u00fcrlich wissen, wo sich die \u201eZielperson\u201c aufh\u00e4lt, um sich in Richtung des bzw. der H\u00f6renden artikulieren zu k\u00f6nnen. Wenn sich eine \u201eZielperson\u201c au\u00dfer H\u00f6rweite befindet, einen Ruf aber dennoch h\u00f6ren kann, laufen die Erkl\u00e4rungsmodelle der klassischen Physik ins Leere.<\/p>\n\n\n\n<p>Im Fall des schwerverletzten Majors war dieser bei seinem Ruf nach seiner Ehefrau eindeutig noch am Leben. Sie konnte trotz der gro\u00dfen Entfernung seine Stimme h\u00f6ren. Auch Franziska, das zw\u00f6lfj\u00e4hrige M\u00e4dchen, konnte die Stimme ihrer Gro\u00dfmutter h\u00f6ren, obwohl sie sich eindeutig au\u00dfer H\u00f6rweite befand.<\/p>\n\n\n\n<p>Wenn sich eine \u201eZielperson\u201c au\u00dfer H\u00f6rweite befindet, er\u00f6ffnet dies zwei hypothetische M\u00f6glichkeiten. Die eine M\u00f6glichkeit besteht darin, dass ein Geistwesen als \u00dcbermittler den Sprechenden bzw. Rufenden f\u00fcr den H\u00f6renden nicht unterscheidbar nachahmt. Die zweite M\u00f6glichkeit schreibt dem Sprechenden bzw. Rufenden die F\u00e4higkeit zu, sich bewusst oder unbewusst au\u00dferhalb der physikalischen Gesetze zu artikulieren, und sie schreibt dem H\u00f6renden die F\u00e4higkeit zu, etwas au\u00dferhalb der physikalischen Gesetze zu h\u00f6ren. Rein hypothetisch w\u00e4re dies m\u00f6glich, wenn das individuelles Selbst einer jeden der an der Kommunikation beteiligten Personen nicht-lokal (d.&nbsp;h. auf das jeweils eigene Gehirn beschr\u00e4nkt) ausgepr\u00e4gt w\u00e4re. Dann w\u00e4re beispielsweise denkbar, dass Menschen miteinander in einer Art globaler Kommunikationsraum miteinander kommunizieren k\u00f6nnen.<\/p>\n\n\n\n<p>In manchen F\u00e4llen wird berichtet, dass mehrere Personen auf engem Raum anwesend sind und folglich alle in der Lage w\u00e4ren, eine Stimme zu h\u00f6ren. Allerdings nimmt nur eine Person, die \u201eZielperson\u201c, diese tats\u00e4chlich akustisch wahr. Dies l\u00e4sst den Schluss zu, dass es sich letztlich wahrscheinlich um eine \u201einnere\u201c Stimme gehandelt haben k\u00f6nnte, die f\u00fcr den H\u00f6renden jedoch als Stimme \u201evon au\u00dfen\u201c wahrnehmbar war.<\/p>\n\n\n\n<p>Die diversen Schilderungen lassen den Schluss zu, dass sich sowohl bereits verstorbene als auch noch lebende Menschen \u00fcber eine f\u00fcr den bzw. die H\u00f6renden akustisch wahrnehmbare und der jeweiligen \u201eQuellperson\u201c zuordnungsf\u00e4hige Stimme mitteilen k\u00f6nnen. Im zuvor geschilderten Fall des nach seiner Schwester und seiner Ehefrau rufenden, letztlich verstorbenen, Soldaten ist nicht erschlie\u00dfbar, ob er noch zu Lebzeiten oder als bereits Verstorbener rief.<\/p>\n\n\n\n<p>Die M\u00f6glichkeit, Stimmen zu h\u00f6ren, die aufgrund physikalischer Gesetze unm\u00f6glich geh\u00f6rt werden k\u00f6nnen, erscheint als ein \u00e4u\u00dferst r\u00e4tselhaftes Ph\u00e4nomen. Im Teil \u201eQueranalyse\u201c wird dieses Ph\u00e4nomen weiter untersucht.<\/p>\n\n\n\n<div class=\"wp-block-buttons is-layout-flex wp-block-buttons-is-layout-flex\">\n<div class=\"wp-block-button\"><a class=\"wp-block-button__link wp-element-button\" href=\"https:\/\/dieter-jenz.de\/lc\/die-innere-stimme-nur-eine-intuition-oder-mehr\/\">N\u00e4chster Beitrag<\/a><\/div>\n<\/div>\n","protected":false},"excerpt":{"rendered":"<p>Was hat es mit dem Ph\u00e4nomen des Stimmenh\u00f6rens auf sich? Handelt es sich zwingend um eine Halluzination? Ist es ein Anzeichen f\u00fcr eine psychische St\u00f6rung? Oder gibt es&hellip;<\/p>\n","protected":false},"author":2,"featured_media":7314,"comment_status":"closed","ping_status":"open","sticky":false,"template":"template-full-width-only-content.php","format":"standard","meta":{"footnotes":""},"categories":[212],"tags":[],"yoast_head":"<!-- This site is optimized with the Yoast SEO plugin v24.5 - https:\/\/yoast.com\/wordpress\/plugins\/seo\/ -->\n<title>Stimmenh\u00f6ren \u2013 was steckt hinter diesem Ph\u00e4nomen?<\/title>\n<meta name=\"description\" content=\"Stimmenh\u00f6ren - Was hat es mit diesem Ph\u00e4nomen auf sich? Handelt es sich zwingend um eine Halluzination? Erfahren Sie mehr!\" \/>\n<meta name=\"robots\" content=\"index, follow, max-snippet:-1, max-image-preview:large, max-video-preview:-1\" \/>\n<link rel=\"canonical\" href=\"https:\/\/dieter-jenz.de\/lc\/stimmenhoeren-was-steckt-hinter-diesem-phaenomen\/\" \/>\n<meta property=\"og:locale\" content=\"de_DE\" \/>\n<meta property=\"og:type\" content=\"article\" \/>\n<meta property=\"og:title\" content=\"Stimmenh\u00f6ren \u2013 was steckt hinter diesem Ph\u00e4nomen?\" \/>\n<meta property=\"og:description\" content=\"Stimmenh\u00f6ren - Was hat es mit diesem Ph\u00e4nomen auf sich? Handelt es sich zwingend um eine Halluzination? Erfahren Sie mehr!\" \/>\n<meta property=\"og:url\" content=\"https:\/\/dieter-jenz.de\/lc\/stimmenhoeren-was-steckt-hinter-diesem-phaenomen\/\" \/>\n<meta property=\"og:site_name\" content=\"Dieter Jenz, Begleitung und Coaching\" \/>\n<meta property=\"article:publisher\" content=\"https:\/\/www.facebook.com\/dieter.jenz.inspiration\" \/>\n<meta property=\"article:author\" content=\"https:\/\/www.facebook.com\/dieter.jenz.inspiration\" \/>\n<meta property=\"article:published_time\" content=\"2022-07-28T08:45:00+00:00\" \/>\n<meta property=\"article:modified_time\" content=\"2024-07-11T12:07:57+00:00\" \/>\n<meta property=\"og:image\" content=\"https:\/\/dieter-jenz.de\/lc\/wp-content\/uploads\/2022\/07\/Beitragsbild-Stimmenhoeren.jpeg\" \/>\n\t<meta property=\"og:image:width\" content=\"800\" \/>\n\t<meta property=\"og:image:height\" content=\"800\" \/>\n\t<meta property=\"og:image:type\" content=\"image\/jpeg\" \/>\n<meta name=\"author\" content=\"Dieter Jenz\" \/>\n<meta name=\"twitter:card\" content=\"summary_large_image\" \/>\n<meta name=\"twitter:creator\" content=\"@https:\/\/twitter.com\/dieterjenz\" \/>\n<meta name=\"twitter:site\" content=\"@dieterjenz\" \/>\n<meta name=\"twitter:label1\" content=\"Verfasst von\" \/>\n\t<meta name=\"twitter:data1\" content=\"Dieter Jenz\" \/>\n\t<meta name=\"twitter:label2\" content=\"Gesch\u00e4tzte Lesezeit\" \/>\n\t<meta name=\"twitter:data2\" content=\"23\u00a0Minuten\" \/>\n<script type=\"application\/ld+json\" class=\"yoast-schema-graph\">{\"@context\":\"https:\/\/schema.org\",\"@graph\":[{\"@type\":\"Article\",\"@id\":\"https:\/\/dieter-jenz.de\/lc\/stimmenhoeren-was-steckt-hinter-diesem-phaenomen\/#article\",\"isPartOf\":{\"@id\":\"https:\/\/dieter-jenz.de\/lc\/stimmenhoeren-was-steckt-hinter-diesem-phaenomen\/\"},\"author\":{\"name\":\"Dieter Jenz\",\"@id\":\"https:\/\/dieter-jenz.de\/lc\/#\/schema\/person\/618cfd5c289d0a23930cb258a43679ab\"},\"headline\":\"Stimmenh\u00f6ren \u2013 was steckt hinter diesem Ph\u00e4nomen?\",\"datePublished\":\"2022-07-28T08:45:00+00:00\",\"dateModified\":\"2024-07-11T12:07:57+00:00\",\"mainEntityOfPage\":{\"@id\":\"https:\/\/dieter-jenz.de\/lc\/stimmenhoeren-was-steckt-hinter-diesem-phaenomen\/\"},\"wordCount\":4026,\"publisher\":{\"@id\":\"https:\/\/dieter-jenz.de\/lc\/#\/schema\/person\/618cfd5c289d0a23930cb258a43679ab\"},\"image\":{\"@id\":\"https:\/\/dieter-jenz.de\/lc\/stimmenhoeren-was-steckt-hinter-diesem-phaenomen\/#primaryimage\"},\"thumbnailUrl\":\"https:\/\/dieter-jenz.de\/lc\/wp-content\/uploads\/2022\/07\/Beitragsbild-Stimmenhoeren.jpeg\",\"articleSection\":[\"Lebensfragen\"],\"inLanguage\":\"de\"},{\"@type\":\"WebPage\",\"@id\":\"https:\/\/dieter-jenz.de\/lc\/stimmenhoeren-was-steckt-hinter-diesem-phaenomen\/\",\"url\":\"https:\/\/dieter-jenz.de\/lc\/stimmenhoeren-was-steckt-hinter-diesem-phaenomen\/\",\"name\":\"Stimmenh\u00f6ren \u2013 was steckt hinter diesem Ph\u00e4nomen?\",\"isPartOf\":{\"@id\":\"https:\/\/dieter-jenz.de\/lc\/#website\"},\"primaryImageOfPage\":{\"@id\":\"https:\/\/dieter-jenz.de\/lc\/stimmenhoeren-was-steckt-hinter-diesem-phaenomen\/#primaryimage\"},\"image\":{\"@id\":\"https:\/\/dieter-jenz.de\/lc\/stimmenhoeren-was-steckt-hinter-diesem-phaenomen\/#primaryimage\"},\"thumbnailUrl\":\"https:\/\/dieter-jenz.de\/lc\/wp-content\/uploads\/2022\/07\/Beitragsbild-Stimmenhoeren.jpeg\",\"datePublished\":\"2022-07-28T08:45:00+00:00\",\"dateModified\":\"2024-07-11T12:07:57+00:00\",\"description\":\"Stimmenh\u00f6ren - Was hat es mit diesem Ph\u00e4nomen auf sich? Handelt es sich zwingend um eine Halluzination? Erfahren Sie mehr!\",\"breadcrumb\":{\"@id\":\"https:\/\/dieter-jenz.de\/lc\/stimmenhoeren-was-steckt-hinter-diesem-phaenomen\/#breadcrumb\"},\"inLanguage\":\"de\",\"potentialAction\":[{\"@type\":\"ReadAction\",\"target\":[\"https:\/\/dieter-jenz.de\/lc\/stimmenhoeren-was-steckt-hinter-diesem-phaenomen\/\"]}]},{\"@type\":\"ImageObject\",\"inLanguage\":\"de\",\"@id\":\"https:\/\/dieter-jenz.de\/lc\/stimmenhoeren-was-steckt-hinter-diesem-phaenomen\/#primaryimage\",\"url\":\"https:\/\/dieter-jenz.de\/lc\/wp-content\/uploads\/2022\/07\/Beitragsbild-Stimmenhoeren.jpeg\",\"contentUrl\":\"https:\/\/dieter-jenz.de\/lc\/wp-content\/uploads\/2022\/07\/Beitragsbild-Stimmenhoeren.jpeg\",\"width\":800,\"height\":800,\"caption\":\"Gestaltung: privat\"},{\"@type\":\"BreadcrumbList\",\"@id\":\"https:\/\/dieter-jenz.de\/lc\/stimmenhoeren-was-steckt-hinter-diesem-phaenomen\/#breadcrumb\",\"itemListElement\":[{\"@type\":\"ListItem\",\"position\":1,\"name\":\"Home\",\"item\":\"https:\/\/dieter-jenz.de\/lc\/\"},{\"@type\":\"ListItem\",\"position\":2,\"name\":\"Lebensfragen\",\"item\":\"https:\/\/dieter-jenz.de\/lc\/category\/lebensfragen\/\"},{\"@type\":\"ListItem\",\"position\":3,\"name\":\"Stimmenh\u00f6ren \u2013 was steckt hinter diesem Ph\u00e4nomen?\"}]},{\"@type\":\"WebSite\",\"@id\":\"https:\/\/dieter-jenz.de\/lc\/#website\",\"url\":\"https:\/\/dieter-jenz.de\/lc\/\",\"name\":\"Dieter Jenz, Begleitung und Coaching\",\"description\":\"Die andere, neue Sichtweise entdecken - auftanken - neue Wege gehen\",\"publisher\":{\"@id\":\"https:\/\/dieter-jenz.de\/lc\/#\/schema\/person\/618cfd5c289d0a23930cb258a43679ab\"},\"potentialAction\":[{\"@type\":\"SearchAction\",\"target\":{\"@type\":\"EntryPoint\",\"urlTemplate\":\"https:\/\/dieter-jenz.de\/lc\/?s={search_term_string}\"},\"query-input\":{\"@type\":\"PropertyValueSpecification\",\"valueRequired\":true,\"valueName\":\"search_term_string\"}}],\"inLanguage\":\"de\"},{\"@type\":[\"Person\",\"Organization\"],\"@id\":\"https:\/\/dieter-jenz.de\/lc\/#\/schema\/person\/618cfd5c289d0a23930cb258a43679ab\",\"name\":\"Dieter Jenz\",\"image\":{\"@type\":\"ImageObject\",\"inLanguage\":\"de\",\"@id\":\"https:\/\/dieter-jenz.de\/lc\/#\/schema\/person\/image\/\",\"url\":\"https:\/\/dieter-jenz.de\/lc\/wp-content\/uploads\/2020\/01\/Logo-Coaching-und-Begleitung.png\",\"contentUrl\":\"https:\/\/dieter-jenz.de\/lc\/wp-content\/uploads\/2020\/01\/Logo-Coaching-und-Begleitung.png\",\"width\":320,\"height\":240,\"caption\":\"Dieter Jenz\"},\"logo\":{\"@id\":\"https:\/\/dieter-jenz.de\/lc\/#\/schema\/person\/image\/\"},\"description\":\"Ich bin Dieter Jenz, Begleiter, Berater und Coach mit Leidenschaft. \u00dcber viele Jahre hinweg habe ich einen reichen Schatz an Kompetenz und Erfahrung erworben. Meine Themen sind die \\\"4L\\\": Lebensaufgabe, Lebensplanung, Lebensnavigation und Lebensqualit\u00e4t.\",\"sameAs\":[\"https:\/\/www.facebook.com\/dieter.jenz.inspiration\",\"https:\/\/www.pinterest.de\/dieterjenz\/\",\"https:\/\/x.com\/https:\/\/twitter.com\/dieterjenz\"],\"url\":\"https:\/\/dieter-jenz.de\/lc\/author\/dieter\/\"}]}<\/script>\n<!-- \/ Yoast SEO plugin. -->","yoast_head_json":{"title":"Stimmenh\u00f6ren \u2013 was steckt hinter diesem Ph\u00e4nomen?","description":"Stimmenh\u00f6ren - Was hat es mit diesem Ph\u00e4nomen auf sich? Handelt es sich zwingend um eine Halluzination? Erfahren Sie mehr!","robots":{"index":"index","follow":"follow","max-snippet":"max-snippet:-1","max-image-preview":"max-image-preview:large","max-video-preview":"max-video-preview:-1"},"canonical":"https:\/\/dieter-jenz.de\/lc\/stimmenhoeren-was-steckt-hinter-diesem-phaenomen\/","og_locale":"de_DE","og_type":"article","og_title":"Stimmenh\u00f6ren \u2013 was steckt hinter diesem Ph\u00e4nomen?","og_description":"Stimmenh\u00f6ren - Was hat es mit diesem Ph\u00e4nomen auf sich? Handelt es sich zwingend um eine Halluzination? Erfahren Sie mehr!","og_url":"https:\/\/dieter-jenz.de\/lc\/stimmenhoeren-was-steckt-hinter-diesem-phaenomen\/","og_site_name":"Dieter Jenz, Begleitung und Coaching","article_publisher":"https:\/\/www.facebook.com\/dieter.jenz.inspiration","article_author":"https:\/\/www.facebook.com\/dieter.jenz.inspiration","article_published_time":"2022-07-28T08:45:00+00:00","article_modified_time":"2024-07-11T12:07:57+00:00","og_image":[{"width":800,"height":800,"url":"https:\/\/dieter-jenz.de\/lc\/wp-content\/uploads\/2022\/07\/Beitragsbild-Stimmenhoeren.jpeg","type":"image\/jpeg"}],"author":"Dieter Jenz","twitter_card":"summary_large_image","twitter_creator":"@https:\/\/twitter.com\/dieterjenz","twitter_site":"@dieterjenz","twitter_misc":{"Verfasst von":"Dieter Jenz","Gesch\u00e4tzte Lesezeit":"23\u00a0Minuten"},"schema":{"@context":"https:\/\/schema.org","@graph":[{"@type":"Article","@id":"https:\/\/dieter-jenz.de\/lc\/stimmenhoeren-was-steckt-hinter-diesem-phaenomen\/#article","isPartOf":{"@id":"https:\/\/dieter-jenz.de\/lc\/stimmenhoeren-was-steckt-hinter-diesem-phaenomen\/"},"author":{"name":"Dieter Jenz","@id":"https:\/\/dieter-jenz.de\/lc\/#\/schema\/person\/618cfd5c289d0a23930cb258a43679ab"},"headline":"Stimmenh\u00f6ren \u2013 was steckt hinter diesem Ph\u00e4nomen?","datePublished":"2022-07-28T08:45:00+00:00","dateModified":"2024-07-11T12:07:57+00:00","mainEntityOfPage":{"@id":"https:\/\/dieter-jenz.de\/lc\/stimmenhoeren-was-steckt-hinter-diesem-phaenomen\/"},"wordCount":4026,"publisher":{"@id":"https:\/\/dieter-jenz.de\/lc\/#\/schema\/person\/618cfd5c289d0a23930cb258a43679ab"},"image":{"@id":"https:\/\/dieter-jenz.de\/lc\/stimmenhoeren-was-steckt-hinter-diesem-phaenomen\/#primaryimage"},"thumbnailUrl":"https:\/\/dieter-jenz.de\/lc\/wp-content\/uploads\/2022\/07\/Beitragsbild-Stimmenhoeren.jpeg","articleSection":["Lebensfragen"],"inLanguage":"de"},{"@type":"WebPage","@id":"https:\/\/dieter-jenz.de\/lc\/stimmenhoeren-was-steckt-hinter-diesem-phaenomen\/","url":"https:\/\/dieter-jenz.de\/lc\/stimmenhoeren-was-steckt-hinter-diesem-phaenomen\/","name":"Stimmenh\u00f6ren \u2013 was steckt hinter diesem Ph\u00e4nomen?","isPartOf":{"@id":"https:\/\/dieter-jenz.de\/lc\/#website"},"primaryImageOfPage":{"@id":"https:\/\/dieter-jenz.de\/lc\/stimmenhoeren-was-steckt-hinter-diesem-phaenomen\/#primaryimage"},"image":{"@id":"https:\/\/dieter-jenz.de\/lc\/stimmenhoeren-was-steckt-hinter-diesem-phaenomen\/#primaryimage"},"thumbnailUrl":"https:\/\/dieter-jenz.de\/lc\/wp-content\/uploads\/2022\/07\/Beitragsbild-Stimmenhoeren.jpeg","datePublished":"2022-07-28T08:45:00+00:00","dateModified":"2024-07-11T12:07:57+00:00","description":"Stimmenh\u00f6ren - Was hat es mit diesem Ph\u00e4nomen auf sich? Handelt es sich zwingend um eine Halluzination? Erfahren Sie mehr!","breadcrumb":{"@id":"https:\/\/dieter-jenz.de\/lc\/stimmenhoeren-was-steckt-hinter-diesem-phaenomen\/#breadcrumb"},"inLanguage":"de","potentialAction":[{"@type":"ReadAction","target":["https:\/\/dieter-jenz.de\/lc\/stimmenhoeren-was-steckt-hinter-diesem-phaenomen\/"]}]},{"@type":"ImageObject","inLanguage":"de","@id":"https:\/\/dieter-jenz.de\/lc\/stimmenhoeren-was-steckt-hinter-diesem-phaenomen\/#primaryimage","url":"https:\/\/dieter-jenz.de\/lc\/wp-content\/uploads\/2022\/07\/Beitragsbild-Stimmenhoeren.jpeg","contentUrl":"https:\/\/dieter-jenz.de\/lc\/wp-content\/uploads\/2022\/07\/Beitragsbild-Stimmenhoeren.jpeg","width":800,"height":800,"caption":"Gestaltung: privat"},{"@type":"BreadcrumbList","@id":"https:\/\/dieter-jenz.de\/lc\/stimmenhoeren-was-steckt-hinter-diesem-phaenomen\/#breadcrumb","itemListElement":[{"@type":"ListItem","position":1,"name":"Home","item":"https:\/\/dieter-jenz.de\/lc\/"},{"@type":"ListItem","position":2,"name":"Lebensfragen","item":"https:\/\/dieter-jenz.de\/lc\/category\/lebensfragen\/"},{"@type":"ListItem","position":3,"name":"Stimmenh\u00f6ren \u2013 was steckt hinter diesem Ph\u00e4nomen?"}]},{"@type":"WebSite","@id":"https:\/\/dieter-jenz.de\/lc\/#website","url":"https:\/\/dieter-jenz.de\/lc\/","name":"Dieter Jenz, Begleitung und Coaching","description":"Die andere, neue Sichtweise entdecken - auftanken - neue Wege gehen","publisher":{"@id":"https:\/\/dieter-jenz.de\/lc\/#\/schema\/person\/618cfd5c289d0a23930cb258a43679ab"},"potentialAction":[{"@type":"SearchAction","target":{"@type":"EntryPoint","urlTemplate":"https:\/\/dieter-jenz.de\/lc\/?s={search_term_string}"},"query-input":{"@type":"PropertyValueSpecification","valueRequired":true,"valueName":"search_term_string"}}],"inLanguage":"de"},{"@type":["Person","Organization"],"@id":"https:\/\/dieter-jenz.de\/lc\/#\/schema\/person\/618cfd5c289d0a23930cb258a43679ab","name":"Dieter Jenz","image":{"@type":"ImageObject","inLanguage":"de","@id":"https:\/\/dieter-jenz.de\/lc\/#\/schema\/person\/image\/","url":"https:\/\/dieter-jenz.de\/lc\/wp-content\/uploads\/2020\/01\/Logo-Coaching-und-Begleitung.png","contentUrl":"https:\/\/dieter-jenz.de\/lc\/wp-content\/uploads\/2020\/01\/Logo-Coaching-und-Begleitung.png","width":320,"height":240,"caption":"Dieter Jenz"},"logo":{"@id":"https:\/\/dieter-jenz.de\/lc\/#\/schema\/person\/image\/"},"description":"Ich bin Dieter Jenz, Begleiter, Berater und Coach mit Leidenschaft. \u00dcber viele Jahre hinweg habe ich einen reichen Schatz an Kompetenz und Erfahrung erworben. Meine Themen sind die \"4L\": Lebensaufgabe, Lebensplanung, Lebensnavigation und Lebensqualit\u00e4t.","sameAs":["https:\/\/www.facebook.com\/dieter.jenz.inspiration","https:\/\/www.pinterest.de\/dieterjenz\/","https:\/\/x.com\/https:\/\/twitter.com\/dieterjenz"],"url":"https:\/\/dieter-jenz.de\/lc\/author\/dieter\/"}]}},"_links":{"self":[{"href":"https:\/\/dieter-jenz.de\/lc\/wp-json\/wp\/v2\/posts\/7315"}],"collection":[{"href":"https:\/\/dieter-jenz.de\/lc\/wp-json\/wp\/v2\/posts"}],"about":[{"href":"https:\/\/dieter-jenz.de\/lc\/wp-json\/wp\/v2\/types\/post"}],"author":[{"embeddable":true,"href":"https:\/\/dieter-jenz.de\/lc\/wp-json\/wp\/v2\/users\/2"}],"replies":[{"embeddable":true,"href":"https:\/\/dieter-jenz.de\/lc\/wp-json\/wp\/v2\/comments?post=7315"}],"version-history":[{"count":5,"href":"https:\/\/dieter-jenz.de\/lc\/wp-json\/wp\/v2\/posts\/7315\/revisions"}],"predecessor-version":[{"id":11962,"href":"https:\/\/dieter-jenz.de\/lc\/wp-json\/wp\/v2\/posts\/7315\/revisions\/11962"}],"wp:featuredmedia":[{"embeddable":true,"href":"https:\/\/dieter-jenz.de\/lc\/wp-json\/wp\/v2\/media\/7314"}],"wp:attachment":[{"href":"https:\/\/dieter-jenz.de\/lc\/wp-json\/wp\/v2\/media?parent=7315"}],"wp:term":[{"taxonomy":"category","embeddable":true,"href":"https:\/\/dieter-jenz.de\/lc\/wp-json\/wp\/v2\/categories?post=7315"},{"taxonomy":"post_tag","embeddable":true,"href":"https:\/\/dieter-jenz.de\/lc\/wp-json\/wp\/v2\/tags?post=7315"}],"curies":[{"name":"wp","href":"https:\/\/api.w.org\/{rel}","templated":true}]}}