{"id":7360,"date":"2022-08-03T11:00:00","date_gmt":"2022-08-03T09:00:00","guid":{"rendered":"https:\/\/dieter-jenz.de\/lc\/?p=7360"},"modified":"2022-12-27T11:22:37","modified_gmt":"2022-12-27T10:22:37","slug":"die-innere-stimme-nur-eine-intuition-oder-mehr","status":"publish","type":"post","link":"https:\/\/dieter-jenz.de\/lc\/die-innere-stimme-nur-eine-intuition-oder-mehr\/","title":{"rendered":"Die innere Stimme \u2013 nur eine Intuition oder mehr?"},"content":{"rendered":"<div class=\"yoast-breadcrumbs\"><span><span><a href=\"https:\/\/dieter-jenz.de\/lc\/\">Home<\/a><\/span> \u00bb <span><a href=\"https:\/\/dieter-jenz.de\/lc\/category\/lebensfragen\/\">Lebensfragen<\/a><\/span> \u00bb <span class=\"breadcrumb_last\" aria-current=\"page\"><strong>Die innere Stimme \u2013 nur eine Intuition oder mehr?<\/strong><\/span><\/span><\/div>\n\n\n<div style=\"height:50px\" aria-hidden=\"true\" class=\"wp-block-spacer\"><\/div>\n\n\n\n<p>Soll man auf die innere Stimme h\u00f6ren oder lieber nicht? Was steckt \u00fcberhaupt hinter der inneren Stimme? Kommt sie wirklich ausschlie\u00dflich aus einem selbst oder vielleicht sogar zumindest manchmal auch von woanders?<\/p>\n\n\n\n<p><strong>Inhalte:<\/strong><\/p>\n\n\n\n<nav class=\"wp-block-table-of-contents\"><ol><li><a class=\"wp-block-table-of-contents__entry\" href=\"https:\/\/dieter-jenz.de\/lc\/die-innere-stimme-nur-eine-intuition-oder-mehr\/#was-ist-die-innere-stimme\">Was ist die innere Stimme?<\/a><\/li><li><a class=\"wp-block-table-of-contents__entry\" href=\"https:\/\/dieter-jenz.de\/lc\/die-innere-stimme-nur-eine-intuition-oder-mehr\/#berichte-aus-offentlichen-quellen\">Berichte aus \u00f6ffentlichen Quellen<\/a><ol><li><a class=\"wp-block-table-of-contents__entry\" href=\"https:\/\/dieter-jenz.de\/lc\/die-innere-stimme-nur-eine-intuition-oder-mehr\/#eine-geschichte-aus-dem-cockpit\">Eine Geschichte aus dem Cockpit<\/a><\/li><li><a class=\"wp-block-table-of-contents__entry\" href=\"https:\/\/dieter-jenz.de\/lc\/die-innere-stimme-nur-eine-intuition-oder-mehr\/#die-innere-stimme-als-vorsehung\">Die innere Stimme als Vorsehung<\/a><\/li><li><a class=\"wp-block-table-of-contents__entry\" href=\"https:\/\/dieter-jenz.de\/lc\/die-innere-stimme-nur-eine-intuition-oder-mehr\/#die-ubersteuerte-innere-stimme\">Die \u00fcbersteuerte innere Stimme<\/a><\/li><\/ol><\/li><li><a class=\"wp-block-table-of-contents__entry\" href=\"https:\/\/dieter-jenz.de\/lc\/die-innere-stimme-nur-eine-intuition-oder-mehr\/#folgerungen\">Folgerungen<\/a><\/li><\/ol><\/nav>\n\n\n\n<div class=\"wp-block-media-text is-stacked-on-mobile has-background-background-color has-background\" style=\"grid-template-columns:15% auto\"><figure class=\"wp-block-media-text__media\"><a href=\"https:\/\/dieter-jenz.de\/lc\/was-geschieht-mit-mir-wenn-ich-sterbe\/\"><img loading=\"lazy\" decoding=\"async\" width=\"800\" height=\"800\" src=\"https:\/\/dieter-jenz.de\/lc\/wp-content\/uploads\/2022\/03\/Beitragsbild-Was-geschieht-mit-mir-wenn-ich-sterbe.jpeg\" alt=\"Was geschieht mit mir wenn ich sterbe - Gestaltung: privat\" class=\"wp-image-7029 size-full\" srcset=\"https:\/\/dieter-jenz.de\/lc\/wp-content\/uploads\/2022\/03\/Beitragsbild-Was-geschieht-mit-mir-wenn-ich-sterbe.jpeg 800w, https:\/\/dieter-jenz.de\/lc\/wp-content\/uploads\/2022\/03\/Beitragsbild-Was-geschieht-mit-mir-wenn-ich-sterbe-300x300.jpeg 300w, https:\/\/dieter-jenz.de\/lc\/wp-content\/uploads\/2022\/03\/Beitragsbild-Was-geschieht-mit-mir-wenn-ich-sterbe-150x150.jpeg 150w, https:\/\/dieter-jenz.de\/lc\/wp-content\/uploads\/2022\/03\/Beitragsbild-Was-geschieht-mit-mir-wenn-ich-sterbe-768x768.jpeg 768w, https:\/\/dieter-jenz.de\/lc\/wp-content\/uploads\/2022\/03\/Beitragsbild-Was-geschieht-mit-mir-wenn-ich-sterbe-540x540.jpeg 540w\" sizes=\"(max-width: 800px) 100vw, 800px\" \/><\/a><\/figure><div class=\"wp-block-media-text__content\">\n<p class=\"has-border-background-color has-background has-normal-font-size\">Dieser Beitrag ist Teil der Serie &#8222;<em>Was geschieht mit mir wenn ich sterbe?<\/em>&#8220; <br>Grobes <a href=\"https:\/\/dieter-jenz.de\/lc\/was-geschieht-mit-mir-wenn-ich-sterbe\/\" target=\"_blank\" rel=\"noreferrer noopener\">Inhaltsverzeichnis<\/a><\/p>\n<\/div><\/div>\n\n\n\n<p>Wohl jeder Mensch hat schon Erfahrungen mit der inneren Stimme gemacht, gute und vielleicht auch schlechte. Um ein besseres Gef\u00fchl daf\u00fcr zu bekommen, wie sich die innere Stimme \u00e4u\u00dfern kann, lohnt es sich, sich intensiver mit diesem Ph\u00e4nomen zu besch\u00e4ftigen.<\/p>\n\n\n<div class=\"su-box su-box-style-default\" id=\"\" style=\"border-color:#000000;border-radius:3px;\"><div class=\"su-box-title\" style=\"background-color:#333333;color:#FFFFFF;border-top-left-radius:1px;border-top-right-radius:1px\">Letzte Beitr\u00e4ge <\/div><div class=\"su-box-content su-u-clearfix su-u-trim\" style=\"border-bottom-left-radius:1px;border-bottom-right-radius:1px\"><div class=\"su-expand su-expand-collapsed su-expand-link-style-default\" data-height=\"100\"><div class=\"su-expand-content su-u-trim\" style=\"color:#333333;max-height:100px;overflow:hidden\">\n\n<div class=\"su-posts su-posts-teaser-loop \">\n\n\t\t\t\t\t\t\n\t\t\t\n\t\t\t<div id=\"su-post-12357\" class=\"su-post \">\n\t\t\t\t\t\t\t\t\t<a class=\"su-post-thumbnail\" href=\"https:\/\/dieter-jenz.de\/lc\/die-realitaet-das-individuelle-selbst-befindet-sich-nicht-im-gehirn\/\"><img loading=\"lazy\" decoding=\"async\" width=\"800\" height=\"800\" src=\"https:\/\/dieter-jenz.de\/lc\/wp-content\/uploads\/2024\/11\/Beitragsbild-Realitaet-Individuelles-Selbst-nicht-im-Gehirn.jpeg\" class=\"attachment-post-thumbnail size-post-thumbnail wp-post-image\" alt=\"Realit\u00e4t Das individuelle Selbst befindet sich nicht im Gehirn - Gestaltung: privat\" \/><\/a>\n\t\t\t\t\t\t\t\t<h2 class=\"su-post-title\"><a href=\"https:\/\/dieter-jenz.de\/lc\/die-realitaet-das-individuelle-selbst-befindet-sich-nicht-im-gehirn\/\">Die Realit\u00e4t: Das individuelle Selbst befindet sich nicht im Gehirn<\/a><\/h2>\n\t\t\t<\/div>\n\n\t\t\t\t\t\n\t\t\t\n\t\t\t<div id=\"su-post-12328\" class=\"su-post \">\n\t\t\t\t\t\t\t\t\t<a class=\"su-post-thumbnail\" href=\"https:\/\/dieter-jenz.de\/lc\/verifikation-der-eis-hypothese-ungewoehnliche-erinnerungen\/\"><img loading=\"lazy\" decoding=\"async\" width=\"800\" height=\"800\" src=\"https:\/\/dieter-jenz.de\/lc\/wp-content\/uploads\/2024\/11\/Beitragsbild-Verifikation-EIS-Hypothese-Ungewoehnliche-Erinnerungen.jpeg\" class=\"attachment-post-thumbnail size-post-thumbnail wp-post-image\" alt=\"Verifikation frt EIS-Hypothese: Ungew\u00f6hnliche Erinnerungen - Gestaltung: privat\" \/><\/a>\n\t\t\t\t\t\t\t\t<h2 class=\"su-post-title\"><a href=\"https:\/\/dieter-jenz.de\/lc\/verifikation-der-eis-hypothese-ungewoehnliche-erinnerungen\/\">Verifikation der EIS-Hypothese: Ungew\u00f6hnliche Erinnerungen<\/a><\/h2>\n\t\t\t<\/div>\n\n\t\t\t\t\t\n\t\t\t\n\t\t\t<div id=\"su-post-12313\" class=\"su-post \">\n\t\t\t\t\t\t\t\t\t<a class=\"su-post-thumbnail\" href=\"https:\/\/dieter-jenz.de\/lc\/verifikation-der-eis-hypothese-terminale-geistesklarheit\/\"><img loading=\"lazy\" decoding=\"async\" width=\"800\" height=\"800\" src=\"https:\/\/dieter-jenz.de\/lc\/wp-content\/uploads\/2024\/11\/Beitragsbild-Verifikation-EIS-Hypothese-Terminale-Geistesklarheit.jpeg\" class=\"attachment-post-thumbnail size-post-thumbnail wp-post-image\" alt=\"Verifikation der EIS-Hypothese: Terminale Geistesklarheit - Gestaltung: privat\" \/><\/a>\n\t\t\t\t\t\t\t\t<h2 class=\"su-post-title\"><a href=\"https:\/\/dieter-jenz.de\/lc\/verifikation-der-eis-hypothese-terminale-geistesklarheit\/\">Verifikation der EIS-Hypothese: Terminale Geistesklarheit<\/a><\/h2>\n\t\t\t<\/div>\n\n\t\t\t\t\t\n\t\t\t\n\t\t\t<div id=\"su-post-12248\" class=\"su-post \">\n\t\t\t\t\t\t\t\t\t<a class=\"su-post-thumbnail\" href=\"https:\/\/dieter-jenz.de\/lc\/verifikation-der-eis-hypothese-nahtoderfahrung\/\"><img loading=\"lazy\" decoding=\"async\" width=\"800\" height=\"800\" src=\"https:\/\/dieter-jenz.de\/lc\/wp-content\/uploads\/2024\/10\/Beitragsbild-Verifikation-EIS-Hypothese-Nahtoderfahrung.jpeg\" class=\"attachment-post-thumbnail size-post-thumbnail wp-post-image\" alt=\"Verifikation der EIS-Hypothese: Nahtoderfahrung - Gestaltung: privat\" \/><\/a>\n\t\t\t\t\t\t\t\t<h2 class=\"su-post-title\"><a href=\"https:\/\/dieter-jenz.de\/lc\/verifikation-der-eis-hypothese-nahtoderfahrung\/\">Verifikation der EIS-Hypothese: Nahtoderfahrung<\/a><\/h2>\n\t\t\t<\/div>\n\n\t\t\t\t\t\n\t\t\t\n\t\t\t<div id=\"su-post-12193\" class=\"su-post \">\n\t\t\t\t\t\t\t\t\t<a class=\"su-post-thumbnail\" href=\"https:\/\/dieter-jenz.de\/lc\/das-losloesungsszenario-ist-es-plausibel\/\"><img loading=\"lazy\" decoding=\"async\" width=\"800\" height=\"800\" src=\"https:\/\/dieter-jenz.de\/lc\/wp-content\/uploads\/2024\/09\/Beitragsbild-Losloesungsszenario.jpeg\" class=\"attachment-post-thumbnail size-post-thumbnail wp-post-image\" alt=\"Losl\u00f6sungsszenario - Gestaltung: privat\" \/><\/a>\n\t\t\t\t\t\t\t\t<h2 class=\"su-post-title\"><a href=\"https:\/\/dieter-jenz.de\/lc\/das-losloesungsszenario-ist-es-plausibel\/\">Das Losl\u00f6sungsszenario &#8211; ist es plausibel?<\/a><\/h2>\n\t\t\t<\/div>\n\n\t\t\t\t\t\n\t\t\t\n\t\t\t<div id=\"su-post-12174\" class=\"su-post \">\n\t\t\t\t\t\t\t\t\t<a class=\"su-post-thumbnail\" href=\"https:\/\/dieter-jenz.de\/lc\/das-evakuierungsszenario-ist-es-plausibel\/\"><img loading=\"lazy\" decoding=\"async\" width=\"800\" height=\"800\" src=\"https:\/\/dieter-jenz.de\/lc\/wp-content\/uploads\/2024\/09\/Beitragsbild-Evakuierungsszenario.jpeg\" class=\"attachment-post-thumbnail size-post-thumbnail wp-post-image\" alt=\"Evakuierungsszenario - Gestaltung: privat\" \/><\/a>\n\t\t\t\t\t\t\t\t<h2 class=\"su-post-title\"><a href=\"https:\/\/dieter-jenz.de\/lc\/das-evakuierungsszenario-ist-es-plausibel\/\">Das Evakuierungsszenario &#8211; ist es plausibel?<\/a><\/h2>\n\t\t\t<\/div>\n\n\t\t\t\t\t\n\t\t\t\n\t\t\t<div id=\"su-post-12136\" class=\"su-post \">\n\t\t\t\t\t\t\t\t\t<a class=\"su-post-thumbnail\" href=\"https:\/\/dieter-jenz.de\/lc\/das-erloeschungsszenario-ist-es-plausibel\/\"><img loading=\"lazy\" decoding=\"async\" width=\"800\" height=\"800\" src=\"https:\/\/dieter-jenz.de\/lc\/wp-content\/uploads\/2024\/09\/Beitragsbild-Erloeschungsszenario.jpeg\" class=\"attachment-post-thumbnail size-post-thumbnail wp-post-image\" alt=\"Erl\u00f6schungsszenario - Gestaltung: privat\" \/><\/a>\n\t\t\t\t\t\t\t\t<h2 class=\"su-post-title\"><a href=\"https:\/\/dieter-jenz.de\/lc\/das-erloeschungsszenario-ist-es-plausibel\/\">Das Erl\u00f6schungsszenario &#8211; ist es plausibel?<\/a><\/h2>\n\t\t\t<\/div>\n\n\t\t\t\t\t\n\t\t\t\n\t\t\t<div id=\"su-post-11981\" class=\"su-post \">\n\t\t\t\t\t\t\t\t\t<a class=\"su-post-thumbnail\" href=\"https:\/\/dieter-jenz.de\/lc\/was-sind-nahtoderfahrungenwie-werden-sie-erlebt\/\"><img loading=\"lazy\" decoding=\"async\" width=\"800\" height=\"800\" src=\"https:\/\/dieter-jenz.de\/lc\/wp-content\/uploads\/2024\/07\/Beitragsbild-Was-sind-Nahtoderfahrungen.jpeg\" class=\"attachment-post-thumbnail size-post-thumbnail wp-post-image\" alt=\"Was sind Nahtoderfahrungen - Gestaltung: privat\" \/><\/a>\n\t\t\t\t\t\t\t\t<h2 class=\"su-post-title\"><a href=\"https:\/\/dieter-jenz.de\/lc\/was-sind-nahtoderfahrungenwie-werden-sie-erlebt\/\">Was sind Nahtoderfahrungen? Wie werden sie erlebt?<\/a><\/h2>\n\t\t\t<\/div>\n\n\t\t\t\t\t\n\t\t\t\n\t\t\t<div id=\"su-post-11947\" class=\"su-post \">\n\t\t\t\t\t\t\t\t\t<a class=\"su-post-thumbnail\" href=\"https:\/\/dieter-jenz.de\/lc\/taktile-kommunikation-was-verbirgt-sich-dahinter\/\"><img loading=\"lazy\" decoding=\"async\" width=\"800\" height=\"800\" src=\"https:\/\/dieter-jenz.de\/lc\/wp-content\/uploads\/2024\/07\/Beitragsbild-Taktile-Kommunikation.jpeg\" class=\"attachment-post-thumbnail size-post-thumbnail wp-post-image\" alt=\"Taktile Kommunikation - Gestaltung: privat\" \/><\/a>\n\t\t\t\t\t\t\t\t<h2 class=\"su-post-title\"><a href=\"https:\/\/dieter-jenz.de\/lc\/taktile-kommunikation-was-verbirgt-sich-dahinter\/\">Taktile Kommunikation \u2013 was verbirgt sich dahinter?<\/a><\/h2>\n\t\t\t<\/div>\n\n\t\t\t\t\t\n\t\t\t\n\t\t\t<div id=\"su-post-11943\" class=\"su-post \">\n\t\t\t\t\t\t\t\t\t<a class=\"su-post-thumbnail\" href=\"https:\/\/dieter-jenz.de\/lc\/olfaktorische-kommunikation-was-verbirgt-sich-dahinter\/\"><img loading=\"lazy\" decoding=\"async\" width=\"800\" height=\"800\" src=\"https:\/\/dieter-jenz.de\/lc\/wp-content\/uploads\/2024\/07\/Beitragsbild-Olfaktorische-Kommunikation.jpeg\" class=\"attachment-post-thumbnail size-post-thumbnail wp-post-image\" alt=\"Olfaktorische Kommunikation - Gestaltung: privat\" \/><\/a>\n\t\t\t\t\t\t\t\t<h2 class=\"su-post-title\"><a href=\"https:\/\/dieter-jenz.de\/lc\/olfaktorische-kommunikation-was-verbirgt-sich-dahinter\/\">Olfaktorische Kommunikation \u2013 was verbirgt sich dahinter?<\/a><\/h2>\n\t\t\t<\/div>\n\n\t\t\t\n<\/div>\n  <\/div><div class=\"su-expand-link su-expand-link-more\" style=\"text-align:left\"><a href=\"javascript:;\" style=\"color:#0088FF;border-color:#0088FF\"><span style=\"border-color:#0088FF\">Mehr anzeigen<\/span><\/a><\/div><div class=\"su-expand-link su-expand-link-less\" style=\"text-align:left\"><a href=\"javascript:;\" style=\"color:#0088FF;border-color:#0088FF\"><span style=\"border-color:#0088FF\">Weniger anzeigen<\/span><\/a><\/div><\/div><\/div><\/div>\n\n\n\n<h3 class=\"wp-block-heading\" id=\"was-ist-die-innere-stimme\"><strong>Was ist die innere Stimme?<\/strong><\/h3>\n\n\n\n<p>Die innere Stimme wird gemeinhin als eine Regung des Unterbewusstseins verstanden, die einen auf etwas hinweisen, m\u00f6glicherweise auch vor etwas warnen m\u00f6chte. Pl\u00f6tzlich tauchen Gedanken auf, die sich festsetzen und nicht gleich wieder verschwinden. Die innere Stimme wird auch mit dem \u201eBauchgef\u00fchl\u201c, der Intuition, assoziiert.<\/p>\n\n\n\n<p>Menschliches Denken, F\u00fchlen und Handeln wird bei weitem nicht nur von bewussten Entscheidungen und Vorg\u00e4ngen bestimmt. Auch Erfahrungen der Vergangenheit, die sich auch in Erinnerungen an Gef\u00fchle im Unterbewusstsein \u201eablagern\u201c, Bed\u00fcrfnisse, Triebimpulse usw., die dem Bewusstsein grunds\u00e4tzlich oder zeitweise verborgen sind, spielen eine wichtige Rolle.<\/p>\n\n\n\n<p>Einer inneren Stimme wird oft nicht einfach nur vertraut und gefolgt. Schlie\u00dflich kennt wahrscheinlich jeder Mensch auch Situationen, in denen die innere Stimme trog. Vielleicht \u00fcberreagierte die innere Stimme aufgrund einer vorausgegangenen \u00fcberaus schlechten Erfahrung. Vielleicht steht eine warnende innere Stimme in einer bestimmten Situation in Konflikt mit einem besonderen, schon lange gehegten Wunsch. Deshalb wird die innere Stimme zuweilen auch bewusst \u00fcbersteuert.<\/p>\n\n\n\n<p>Es w\u00fcrde an der Realit\u00e4t vorbeigehen, die innere Stimme auf das \u201eSprachrohr\u201c des Unterbewusstseins zu reduzieren. Die innere Stimme kann auch den Charakter einer inneren Eingebung annehmen. Insofern korrespondiert dieses Verst\u00e4ndnis der inneren Stimme mit dem <a href=\"https:\/\/dieter-jenz.de\/lc\/stimmenhoeren-was-steckt-hinter-diesem-phaenomen\/\">Stimmenh\u00f6ren<\/a>. Der Unterschied zum Stimmenh\u00f6ren besteht jedoch darin, dass eine Stimme nicht akustisch mit dem Geh\u00f6r wahrgenommen wird, sondern \u00fcber eine besonders eindr\u00fcckliche innere Wahrnehmung. Auf dieses Verst\u00e4ndnis st\u00fctzen sich auch die folgenden Ausf\u00fchrungen.<\/p>\n\n\n\n<p>Auch bei der inneren Stimme gilt es, eine gewisse Vorsicht nicht zu vernachl\u00e4ssigen. Wie das akustisch wahrnehmbare Stimmenh\u00f6ren kann auch das \u201elautlose\u201c H\u00f6ren einer inneren Stimme Ausdruck einer psychischen St\u00f6rung, insbesondere einer Psychose, sein. In den Medien sind beispielsweise immer wieder Berichte \u00fcber T\u00f6tungsdelikte zu finden, die auf Gehei\u00df der inneren Stimme ver\u00fcbt wurden. Die innere Stimme ist in diesem Fall Ausdruck einer schwerwiegenden psychischen St\u00f6rung. Dennoch darf dadurch nicht der Blick auf die vielen Situationen verstellt werden, in denen die innere Stimme Schlimmes verhinderte.<\/p>\n\n\n\n<h3 class=\"wp-block-heading\" id=\"berichte-aus-offentlichen-quellen\"><strong>Berichte aus \u00f6ffentlichen Quellen<\/strong><\/h3>\n\n\n\n<p>\u00d6ffentlichen Quellen, insbesondere Literatur und Internet, bieten einen Fundus an anekdotischen Schilderungen \u00fcber innere Stimmen. Im Vergleich zu akustisch wahrgenommenen Stimmen \u201eaus dem Nichts\u201c scheint deren Zahl jedoch geringer zu sein. Die folgenden Beispiele repr\u00e4sentieren eine Auswahl.<\/p>\n\n\n\n<h4 class=\"wp-block-heading\" id=\"eine-geschichte-aus-dem-cockpit\"><strong>Eine Geschichte aus dem Cockpit<\/strong><\/h4>\n\n\n\n<p>In der Rubrik \u201eGeschichten aus dem Cockpit\u201c <a href=\"https:\/\/clearedtoland.ch\/wp-content\/uploads\/2020\/05\/clearedtoland-consulting-Cockpit_Editorial_2_CLEAREDTOLAND_DE.pdf\">berichtete <\/a>die Ausbildungsleiterin Anne Hennig von einer gef\u00e4hrlichen Situation beim Landeanflug und wie sie ihrer inneren Stimme folgte:<\/p>\n\n\n\n<p>\u201e<em>Vor ein paar Jahren erlebte ich eine pr\u00e4gende Situation im Cockpit. Meine Reaktion hat damals nicht nur mir, sondern drei weiteren Piloten wahrscheinlich das Leben gerettet. Ich war mit einem unserer Flugsch\u00fcler zum Landetraining in unserer Robin 400 in der Luft. Dies sollte die Abschlusslandung werden. Hinter uns waren zwei Flugzeuge, die sich bereits im Endanflug befanden. Nach dem Aufsetzen wollte der Flugsch\u00fcler sofort bremsen, um die Piste schnell frei zu machen. Ich forderte ihn auf, von der Bremse zu gehen, damit wir nicht mit durchgebremsten Reifen die Piste blockieren. Wir hatten den n\u00e4chsten Abrollweg schon anvisiert, da h\u00f6rte ich pl\u00f6tzlich meine innere Stimme sagen<\/em>: \u00bb<em>Dir sitzt was im Nacken<\/em>!\u00ab<\/p>\n\n\n\n<p><em>Nat\u00fcrlich dachte ich an die zwei Flugzeuge, von denen wir ja wussten, dass sie hinter uns im Final Approach waren. Der erste Pilot meldete aber just in dem Moment das<\/em> \u00bb<em>going around<\/em>\u00ab. <em>Ich drehte mich um und sah ein drittes Flugzeug mit 130 km\/h auf uns zurasen. Der Pilot hatte beim Rollhalt am Boden gewartet und war unbemerkt von uns auf die Piste gerollt. DAS war es, was mir<\/em> \u00bb<em>gef\u00fchlt<\/em>\u00ab <em>im Nacken gesessen hatte<\/em>! <em>Sofort rief ich<\/em> \u00bb<em>my control<\/em>!\u00ab <em>und trat kr\u00e4ftig ins linke Seitenruder, um seitlich von der Piste zu rollen. Im gleichen Moment, in dem wir abbogen, hob das startende Flugzeug direkt neben uns ab. Eine potenziell fatale Situation ging glimpflich aus<\/em>.\u201c<\/p>\n\n\n\n<p>Folgendes l\u00e4sst sich kurz festhalten:<\/p>\n\n\n\n<ul>\n<li>Die Situation beim Anflug schien v\u00f6llig normal zu sein, nichts deutete auf ein au\u00dfergew\u00f6hnliches Ereignis hin,<\/li>\n\n\n\n<li>Mit den Sinnesorganen konnte die von hinten sich ergebende Gefahr nicht erkannt werden.<\/li>\n<\/ul>\n\n\n\n<h4 class=\"wp-block-heading\" id=\"die-innere-stimme-als-vorsehung\"><strong>Die innere Stimme als Vorsehung<\/strong><\/h4>\n\n\n\n<p>Am 28.&nbsp;August 1988 ereignete sich auf der Ramstein Air Base in Rheinland-Pfalz w\u00e4hrend einer milit\u00e4rischen Flugschau, deren Besucherzahl auf mehr als 300&nbsp;000 gesch\u00e4tzt wurde, ein tragisches Ungl\u00fcck. Nach einer Kollision in der Luft st\u00fcrzten drei Kunstflug-\u00adMaschinen \u00fcber der Air Base ab. Eines der Flugzeuge rutschte brennend ins Publikum. Nach offiziellen Angaben forderte das Ungl\u00fcck 70 Todesopfer und etwa 1000 Verletzte. Bis heute z\u00e4hlt es zu den folgenschwersten Katastrophen dieser Art weltweit.<\/p>\n\n\n\n<p>&nbsp;In einem <a href=\"https:\/\/www.rheinpfalz.de\/politik\/rheinland-pfalz_artikel,-ramstein-der-30-jahrestag-des-grauens-_arid,1248373.html\">Artikel <\/a>der Zeitung \u201eDie Rheinpfalz\u201c zum Gedenken an den 30.&nbsp;Jahrestag der Katastrophe kam auch Klaus Hellriegel zu Wort, der an diesem Tag entgegen seiner Gewohnheit diese Veranstaltung nicht besuchte. Er erz\u00e4hlte aus seiner Erinnerung:<\/p>\n\n\n\n<p>\u201e<em>Als begeisterter Modellflieger haben mich Flugzeuge schon immer fasziniert, so dass ich bei fast jeder Air-Show in Ramstein mit meiner Familie zugegen war. An diesem verh\u00e4ngnisvollen 28. August 1988 wollte aber meine Frau lieber auf ein gleichzeitig stattfindendes Feuerwehrfest gehen und hat mir den Vorschlag gemacht, dass ich diesmal alleine nach Ramstein fahren sollte. Doch eine innere Stimme hat mir gesagt, geh mit deiner Familie zu dem Feuerwehrfest, denn ein Flugtagsfest gibt es immer wieder. Durch diesen Entschluss ist meiner Familie wahrscheinlich viel Elend erspart geblieben und ich habe vermutlich meinen zweiten Geburtstag erlebt. Denn in diesem Bereich, wo sich die Katastrophe abgespielt hat, war urspr\u00fcnglich immer mein Standplatz<\/em>.\u201c<\/p>\n\n\n\n<p>Die kurze Schilderung l\u00e4sst vermuten, dass nichts auf eine Gefahr hindeutete. Das H\u00f6ren auf die innere Stimme, deren Intensit\u00e4t sich aus dem Artikel nicht erschlie\u00dfen l\u00e4sst, bewahrte vor dem Ungl\u00fcck und einem m\u00f6glichen fr\u00fchzeitigen Tod.<\/p>\n\n\n\n<p>An der kurzen Schilderung ist Folgendes bemerkenswert:<\/p>\n\n\n\n<ul>\n<li>Die Intensit\u00e4t der inneren Stimme l\u00e4sst sich aus dem Artikel nicht erschlie\u00dfen,<\/li>\n\n\n\n<li>Erfahrungen bei fr\u00fcheren Veranstaltungen in Ramstein scheinen durchwegs positiv gewesen zu sein und boten keinen Anhaltspunkt, auf den Besuch in Ramstein diesmal zu verzichten.<\/li>\n<\/ul>\n\n\n\n<h4 class=\"wp-block-heading\" id=\"die-ubersteuerte-innere-stimme\"><strong>Die \u00fcbersteuerte innere Stimme<\/strong><\/h4>\n\n\n\n<p>Im Buch \u201eZeichen des Himmels\u201c wird eine Begebenheit aus dem Leben des Immobilienmaklers Franz R. geschildert (S.&nbsp;129&nbsp;ff.). Diesem war es gelungen, eine wundersch\u00f6ne, allerdings renovierungsbed\u00fcrftige Villa in einem Laubwald mit einem uralten Baumbestand zu erwerben. Nun wollte er sein \u201eReich\u201c vom Balkon aus \u00fcberschauen.<\/p>\n\n\n\n<p>\u201e<em>Doch was war das? Er sp\u00fcrte eine innere Stimme, Sie sagte ihm, dass er von diesem Balkon wegbleiben solle. Das k\u00fcmmerte ihn aber nicht. Vielmehr ging er ins zweite Stockwerk und von dort aus durch einen sehr gro\u00dfen Rum in Richtung auf die hohe und breite Balkont\u00fcr zu. Der Balkon befand sich wegen der hohen R\u00e4ume und durch das voll ausgebaute Erdgescho\u00df in einer H\u00f6he von etwa acht Metern \u00fcber der gepflasterten Terrasse vor der Villa<\/em>.<\/p>\n\n\n\n<p><em>Das vernahm er wieder diese innere Stimme, die nun noch viel intensiver warnte und ihn dr\u00e4ngte, nur ja nicht diesen Balkon zu betreten. Franz R. hielt zun\u00e4chst kurz inne, wie um zu \u00fcberlegen, ob er tats\u00e4chlich vom Balkon wegbleiben sollte. Doch da sp\u00fcrte er eine umso gr\u00f6\u00dfere Neugier. Ihn reizte ganz besonders der Blick vom Balkon auf die Waldwiese und die uralten B\u00e4ume. Welch eine wundersch\u00f6ne Aussicht! Und dies geh\u00f6rte nun alles ihm, dem erfolgreichen Immobilienkaufmann Franz R<\/em>.<\/p>\n\n\n\n<p><em>Als er die gro\u00dfe Balkont\u00fcr \u00f6ffnete, h\u00e4mmerte ihm die innere Stimme mit kaum zu \u00fcberbietender Intensit\u00e4t ein, nur ja nicht nach drau\u00dfen auf den Balkon zu gehen. Doch beachtete er sie nicht und trat auf den Boden des ausladenden Anbaus des Hauses.<\/em><\/p>\n\n\n\n<p><em>Gerade wollte er beim wundersch\u00f6nen Blick nach drau\u00dfen in Jubel ausbrechen. Doch da h\u00f6rte er, wie es zu seinen F\u00fc\u00dfen knackte und krachte: Der Balkonboden hielt seinem K\u00f6rpergewicht nicht stand und gab nach. Und ehe Franz R. noch richtig begriff, was jetzt wohl passierte, st\u00fcrzte der Balkon schon nach unten und riss den neuen Hausbesitzer mit.<\/em> [\u2026] <em>Der schwerverletzte Verungl\u00fcckte wurde zun\u00e4chst not\u00e4rztlich behandelt und dann unverz\u00fcglich ins Krankenhaus gebracht. Er war bewusstlos und wurde im Krankenhaus einer speziellen Intensivbehandlung unterzogen, um sein Leben zu retten.<\/em><\/p>\n\n\n\n<p><em>Nachdem er<\/em> [nach einigen Tagen, Anm. des Autors] <em>aus der Bewusstlosigkeit aufgewacht war, kam er seiner Frau irgendwie ver\u00e4ndert vor<\/em>. [\u2026] <em>Schlie\u00dflich berichtete er ihr, was er seit dem Absturz erlebt hatte<\/em>:<\/p>\n\n\n\n<p>\u00bb<em>Das h\u00e4ltst du nicht f\u00fcr m\u00f6glich, Wilma, was ich erlebt habe<\/em>.\u00ab<\/p>\n\n\n\n<p>\u00bb<em>Meinst du den Absturz? Das habe ich ja gesehen und sofort den Rettungswagen gerufen<\/em>.\u00ab<\/p>\n\n\n\n<p>\u00bb<em>Ja, ich danke dir daf\u00fcr. Aber das meine ich nicht. Den Sturz mit dem Balkon habe ich kaum richtig wahrgenommen. Da schlug ich auch schon unten auf und verlor sofort das Bewusstsein<\/em>.\u00ab<\/p>\n\n\n\n<p>\u00bb<em>Was hast du denn dann erlebt<\/em>?\u00ab<\/p>\n\n\n\n<p>\u00bb<em>Ich hatte ein ganz merkw\u00fcrdiges Gespr\u00e4ch mit einem Unbekannten. Das war jemand, der sich als mein st\u00e4ndiger Begleiter vorstellte<\/em>.\u00ab<\/p>\n\n\n\n<p>\u00bb<em>K\u00f6nnte das ein Geist oder so etwas wie ein Engel gewesen sein<\/em>?\u00ab<\/p>\n\n\n\n<p>\u00bb<em>Ja, ich glaube, so kann man meinen Gespr\u00e4chspartner bezeichnen<\/em>.\u00ab<\/p>\n\n\n\n<p>\u00bb<em>Und was habt ihr miteinander gesprochen<\/em>?\u00ab<\/p>\n\n\n\n<p>\u00bb<em>Das ist h\u00f6chst eigent\u00fcmlich. Aber immerhin. Er sagte mir, er f\u00e4nde es nicht gut, dass ich auf seinen Rat nicht geh\u00f6rt h\u00e4tte<\/em>.\u00ab<\/p>\n\n\n\n<p>\u00bb<em>Wieso<\/em>? <em>Hat er dir denn einen Rat gegeben<\/em>?\u00ab<\/p>\n\n\n\n<p>\u00bb<em>Ja \u2013 in Form der inneren Stimme. Das sagte er mir auch<\/em>.\u00ab<\/p>\n\n\n\n<p>\u00bb<em>Und was hat er alles gesagt<\/em>?\u00ab<\/p>\n\n\n\n<p>\u00bb<em>Also da war ich unglaublich \u00fcberrascht und bin es auch jetzt noch. Denn dieser Unbekannte wusste einfach alles \u00fcber mich, sogar Einzelheiten aus meiner Vergangenheit, die ich l\u00e4ngst schon vergessen hatte. Er ermahnte mich auch, bei den Vermittlungsgesch\u00e4ften keine \u00fcberh\u00f6hten Preise zu fordern<\/em>.\u00ab<\/p>\n\n\n\n<p>Das Gespr\u00e4ch zwischen Franz und Wilma R. setzt sich noch fort. Schlie\u00dflich \u00e4u\u00dfert Wilma R: \u00bb<em>Aber ich h\u00e4tte nie gedacht, dass es so etwas wie Engel gibt<\/em>.\u00ab<\/p>\n\n\n\n<p>\u00bb<em>Doch, die gibt es tats\u00e4chlich. Ich habe es ja selbst erlebt. Das habe ich fr\u00fcher auch nicht f\u00fcr m\u00f6glich gehalten. Inzwischen bin ich aber eines Besseren belehrt worden<\/em>.\u00ab<\/p>\n\n\n\n<p>Von dieser eigent\u00fcmlichen Schilderung l\u00e4sst sich Folgendes festhalten:<\/p>\n\n\n\n<ul>\n<li>Bei dem Warnenden handelte es sich offensichtlich um ein Geistwesen, da Franz R. vor seinem Absturz au\u00dfer seiner Frau niemand in seiner N\u00e4he wahrnahm,<\/li>\n\n\n\n<li>Das Geistwesen rief ihn nicht mit akustisch h\u00f6rbarer Stimme an, sondern w\u00e4hlte seine innere Stimme als vehemente innere Eingebung,<\/li>\n\n\n\n<li>Das Geistwesen gab sich als st\u00e4ndiger Begleiter aus,<\/li>\n\n\n\n<li>Die innere Stimme meldete sich mehrmals, wobei deren Intensit\u00e4t immer mehr zunahm,<\/li>\n\n\n\n<li>Franz R. konnte nach seinem freien Willen handeln, war nicht gezwungen, der inneren Stimme zu folgen,<\/li>\n\n\n\n<li>Das \u00dcberh\u00f6ren der inneren Stimme f\u00fchrte zu unangenehmen Folgen,<\/li>\n\n\n\n<li>Das Geistwesen hatte der Schilderung zufolge tiefen Einblick in das Leben von Franz R.<\/li>\n<\/ul>\n\n\n\n<h3 class=\"wp-block-heading\" id=\"folgerungen\"><strong>Folgerungen<\/strong><\/h3>\n\n\n\n<p>Die innere Stimme erwies sich in allen kurz geschilderten F\u00e4llen nicht als subjektiv erlebte Halluzination. Die Folgen des Beachtens bzw. Nichtbeachtens der inneren Stimme waren objektiv wahrnehmbar. Jeder der Betroffenen konnte f\u00fcr sich die Konsequenzen des H\u00f6rens bzw. Nichth\u00f6rens auf die innere Stimme direkt und zweifelsfrei erkennen.<\/p>\n\n\n\n<p>Aus der Schilderung des Sturzes vom Balkon geht explizit hervor, dass dem H\u00f6ren der Stimme eine unbestimmte Zeit sp\u00e4ter eine \u201eUnterhaltung\u201c mit einem Geistwesen folgte, aus dem der Betroffene weitere Informationen gewinnen konnte. Die innere Stimme war nach seiner Erkenntnis in Wirklichkeit die Stimme eines Geistwesens, das ihn zu seinem Schutz vor der immanenten Gefahr warnen wollte. Es war wohl nicht das Unterbewusstsein von Franz R., das ihm die Gefahr signalisierte, denn es hatte keine einschl\u00e4gigen Vorerfahrungen aus seiner eigenen Vergangenheit. Es h\u00e4tte sich nur auf die allgemeine Erfahrung, dass ein Balkon abst\u00fcrzen kann, st\u00fctzen k\u00f6nnen<\/p>\n\n\n\n<p>Wenn es zutrifft, dass sich in der inneren Stimme eine Eingebung durch eine externe Instanz ausdr\u00fcckt \u2013 in den anderen Schilderungen war von einer derartigen Instanz (z.&nbsp;B. Geistwesen) nicht explizit die Rede \u2013 stellt sich dir Frage, wie die Kommunikation zwischen Mensch und externer Instanz m\u00f6glich sein k\u00f6nnte.<\/p>\n\n\n\n<p>Rein technisch betrachtet wird, wie bereits in anderem Zusammenhang angesprochen, auf der Empf\u00e4ngerseite die F\u00e4higkeit ben\u00f6tigt, \u00fcbertragene Nachrichten zu verstehen. Der Empf\u00e4nger muss jedoch zun\u00e4chst in der Lage sein, zu erkennen, wann eine Nachricht eintrifft. Mit anderen Worten: er muss empfangsbereit sein. Bildlich gesprochen muss ein Empfangsger\u00e4t nicht nur eingeschaltet sein, sondern es muss auch auf die Frequenz, auf der Nachrichten gesendet werden, eingestellt sein. Ein praktisches Beispiel ist die Kommunikation zwischen Pilot und Lotse im Tower. Sobald eine Nachricht gesendet wird, muss der Empf\u00e4nger deren Beginn erkennen und dann die Nachricht interpretieren.<\/p>\n\n\n\n<p>In weiterer Konsequenz l\u00e4sst sich folgern, dass die \u201eFrequenz\u201c, auf der sich eine externe Instanz in Form einer Eingebung bemerkbar macht, bereits von Geburt an im Gehirn des Menschen fest \u201everdrahtet\u201c sein muss. Aus den vorhergehenden Schilderungen geht nicht hervor, dass das H\u00f6ren auf die innere Stimme irgendwann im Lauf des Lebens gewisserma\u00dfen erlernt wurde. Davon abgesehen gibt es auch keinerlei Verzeichnis, aus dem sich die \u201eFrequenzen\u201c externer Instanzen erschlie\u00dfen lie\u00dfen.<\/p>\n\n\n\n<p>Im Teil \u201eQueranalyse\u201c wird auf die Frage, wie die Kommunikation zwischen Mensch und externer Instanz m\u00f6glich sein k\u00f6nnte, n\u00e4her eingegangen.<\/p>\n\n\n\n<div class=\"wp-block-buttons is-layout-flex wp-block-buttons-is-layout-flex\">\n<div class=\"wp-block-button\"><a class=\"wp-block-button__link wp-element-button\" href=\"https:\/\/dieter-jenz.de\/lc\/stimmenhoeren-was-steckt-hinter-diesem-phaenomen\/\">Vorhergehender Beitrag<\/a><\/div>\n\n\n\n<div class=\"wp-block-button\"><a class=\"wp-block-button__link wp-element-button\" href=\"https:\/\/dieter-jenz.de\/lc\/der-innere-film-traum-oder-wachzustand\/\">N\u00e4chster Beitrag<\/a><\/div>\n<\/div>\n","protected":false},"excerpt":{"rendered":"<p>Soll man auf die innere Stimme h\u00f6ren oder lieber nicht? Was steckt \u00fcberhaupt hinter der inneren Stimme? Kommt sie wirklich ausschlie\u00dflich aus einem selbst oder vielleicht sogar zumindest&hellip;<\/p>\n","protected":false},"author":2,"featured_media":7359,"comment_status":"closed","ping_status":"open","sticky":false,"template":"template-full-width-only-content.php","format":"standard","meta":{"footnotes":""},"categories":[212],"tags":[],"yoast_head":"<!-- This site is optimized with the Yoast SEO plugin v24.5 - https:\/\/yoast.com\/wordpress\/plugins\/seo\/ -->\n<title>Die innere Stimme \u2013 nur eine Intuition oder mehr?<\/title>\n<meta name=\"description\" content=\"Soll man auf die innere Stimme h\u00f6ren oder lieber nicht? Was steckt \u00fcberhaupt hinter der inneren Stimme? Erfahren Sie mehr!\" \/>\n<meta name=\"robots\" content=\"index, follow, max-snippet:-1, max-image-preview:large, max-video-preview:-1\" \/>\n<link rel=\"canonical\" href=\"https:\/\/dieter-jenz.de\/lc\/die-innere-stimme-nur-eine-intuition-oder-mehr\/\" \/>\n<meta property=\"og:locale\" content=\"de_DE\" \/>\n<meta property=\"og:type\" content=\"article\" \/>\n<meta property=\"og:title\" content=\"Die innere Stimme \u2013 nur eine Intuition oder mehr?\" \/>\n<meta property=\"og:description\" content=\"Soll man auf die innere Stimme h\u00f6ren oder lieber nicht? Was steckt \u00fcberhaupt hinter der inneren Stimme? Erfahren Sie mehr!\" \/>\n<meta property=\"og:url\" content=\"https:\/\/dieter-jenz.de\/lc\/die-innere-stimme-nur-eine-intuition-oder-mehr\/\" \/>\n<meta property=\"og:site_name\" content=\"Dieter Jenz, Begleitung und Coaching\" \/>\n<meta property=\"article:publisher\" content=\"https:\/\/www.facebook.com\/dieter.jenz.inspiration\" \/>\n<meta property=\"article:author\" content=\"https:\/\/www.facebook.com\/dieter.jenz.inspiration\" \/>\n<meta property=\"article:published_time\" content=\"2022-08-03T09:00:00+00:00\" \/>\n<meta property=\"article:modified_time\" content=\"2022-12-27T10:22:37+00:00\" \/>\n<meta property=\"og:image\" content=\"https:\/\/dieter-jenz.de\/lc\/wp-content\/uploads\/2022\/08\/Beitragsbild-Innere-Stimme.jpeg\" \/>\n\t<meta property=\"og:image:width\" content=\"800\" \/>\n\t<meta property=\"og:image:height\" content=\"800\" \/>\n\t<meta property=\"og:image:type\" content=\"image\/jpeg\" \/>\n<meta name=\"author\" content=\"Dieter Jenz\" \/>\n<meta name=\"twitter:card\" content=\"summary_large_image\" \/>\n<meta name=\"twitter:creator\" content=\"@https:\/\/twitter.com\/dieterjenz\" \/>\n<meta name=\"twitter:site\" content=\"@dieterjenz\" \/>\n<meta name=\"twitter:label1\" content=\"Verfasst von\" \/>\n\t<meta name=\"twitter:data1\" content=\"Dieter Jenz\" \/>\n\t<meta name=\"twitter:label2\" content=\"Gesch\u00e4tzte Lesezeit\" \/>\n\t<meta name=\"twitter:data2\" content=\"12\u00a0Minuten\" \/>\n<script type=\"application\/ld+json\" class=\"yoast-schema-graph\">{\"@context\":\"https:\/\/schema.org\",\"@graph\":[{\"@type\":\"Article\",\"@id\":\"https:\/\/dieter-jenz.de\/lc\/die-innere-stimme-nur-eine-intuition-oder-mehr\/#article\",\"isPartOf\":{\"@id\":\"https:\/\/dieter-jenz.de\/lc\/die-innere-stimme-nur-eine-intuition-oder-mehr\/\"},\"author\":{\"name\":\"Dieter Jenz\",\"@id\":\"https:\/\/dieter-jenz.de\/lc\/#\/schema\/person\/618cfd5c289d0a23930cb258a43679ab\"},\"headline\":\"Die innere Stimme \u2013 nur eine Intuition oder mehr?\",\"datePublished\":\"2022-08-03T09:00:00+00:00\",\"dateModified\":\"2022-12-27T10:22:37+00:00\",\"mainEntityOfPage\":{\"@id\":\"https:\/\/dieter-jenz.de\/lc\/die-innere-stimme-nur-eine-intuition-oder-mehr\/\"},\"wordCount\":2319,\"publisher\":{\"@id\":\"https:\/\/dieter-jenz.de\/lc\/#\/schema\/person\/618cfd5c289d0a23930cb258a43679ab\"},\"image\":{\"@id\":\"https:\/\/dieter-jenz.de\/lc\/die-innere-stimme-nur-eine-intuition-oder-mehr\/#primaryimage\"},\"thumbnailUrl\":\"https:\/\/dieter-jenz.de\/lc\/wp-content\/uploads\/2022\/08\/Beitragsbild-Innere-Stimme.jpeg\",\"articleSection\":[\"Lebensfragen\"],\"inLanguage\":\"de\"},{\"@type\":\"WebPage\",\"@id\":\"https:\/\/dieter-jenz.de\/lc\/die-innere-stimme-nur-eine-intuition-oder-mehr\/\",\"url\":\"https:\/\/dieter-jenz.de\/lc\/die-innere-stimme-nur-eine-intuition-oder-mehr\/\",\"name\":\"Die innere Stimme \u2013 nur eine Intuition oder mehr?\",\"isPartOf\":{\"@id\":\"https:\/\/dieter-jenz.de\/lc\/#website\"},\"primaryImageOfPage\":{\"@id\":\"https:\/\/dieter-jenz.de\/lc\/die-innere-stimme-nur-eine-intuition-oder-mehr\/#primaryimage\"},\"image\":{\"@id\":\"https:\/\/dieter-jenz.de\/lc\/die-innere-stimme-nur-eine-intuition-oder-mehr\/#primaryimage\"},\"thumbnailUrl\":\"https:\/\/dieter-jenz.de\/lc\/wp-content\/uploads\/2022\/08\/Beitragsbild-Innere-Stimme.jpeg\",\"datePublished\":\"2022-08-03T09:00:00+00:00\",\"dateModified\":\"2022-12-27T10:22:37+00:00\",\"description\":\"Soll man auf die innere Stimme h\u00f6ren oder lieber nicht? Was steckt \u00fcberhaupt hinter der inneren Stimme? Erfahren Sie mehr!\",\"breadcrumb\":{\"@id\":\"https:\/\/dieter-jenz.de\/lc\/die-innere-stimme-nur-eine-intuition-oder-mehr\/#breadcrumb\"},\"inLanguage\":\"de\",\"potentialAction\":[{\"@type\":\"ReadAction\",\"target\":[\"https:\/\/dieter-jenz.de\/lc\/die-innere-stimme-nur-eine-intuition-oder-mehr\/\"]}]},{\"@type\":\"ImageObject\",\"inLanguage\":\"de\",\"@id\":\"https:\/\/dieter-jenz.de\/lc\/die-innere-stimme-nur-eine-intuition-oder-mehr\/#primaryimage\",\"url\":\"https:\/\/dieter-jenz.de\/lc\/wp-content\/uploads\/2022\/08\/Beitragsbild-Innere-Stimme.jpeg\",\"contentUrl\":\"https:\/\/dieter-jenz.de\/lc\/wp-content\/uploads\/2022\/08\/Beitragsbild-Innere-Stimme.jpeg\",\"width\":800,\"height\":800,\"caption\":\"Gestaltung: privat\"},{\"@type\":\"BreadcrumbList\",\"@id\":\"https:\/\/dieter-jenz.de\/lc\/die-innere-stimme-nur-eine-intuition-oder-mehr\/#breadcrumb\",\"itemListElement\":[{\"@type\":\"ListItem\",\"position\":1,\"name\":\"Home\",\"item\":\"https:\/\/dieter-jenz.de\/lc\/\"},{\"@type\":\"ListItem\",\"position\":2,\"name\":\"Lebensfragen\",\"item\":\"https:\/\/dieter-jenz.de\/lc\/category\/lebensfragen\/\"},{\"@type\":\"ListItem\",\"position\":3,\"name\":\"Die innere Stimme \u2013 nur eine Intuition oder mehr?\"}]},{\"@type\":\"WebSite\",\"@id\":\"https:\/\/dieter-jenz.de\/lc\/#website\",\"url\":\"https:\/\/dieter-jenz.de\/lc\/\",\"name\":\"Dieter Jenz, Begleitung und Coaching\",\"description\":\"Die andere, neue Sichtweise entdecken - auftanken - neue Wege gehen\",\"publisher\":{\"@id\":\"https:\/\/dieter-jenz.de\/lc\/#\/schema\/person\/618cfd5c289d0a23930cb258a43679ab\"},\"potentialAction\":[{\"@type\":\"SearchAction\",\"target\":{\"@type\":\"EntryPoint\",\"urlTemplate\":\"https:\/\/dieter-jenz.de\/lc\/?s={search_term_string}\"},\"query-input\":{\"@type\":\"PropertyValueSpecification\",\"valueRequired\":true,\"valueName\":\"search_term_string\"}}],\"inLanguage\":\"de\"},{\"@type\":[\"Person\",\"Organization\"],\"@id\":\"https:\/\/dieter-jenz.de\/lc\/#\/schema\/person\/618cfd5c289d0a23930cb258a43679ab\",\"name\":\"Dieter Jenz\",\"image\":{\"@type\":\"ImageObject\",\"inLanguage\":\"de\",\"@id\":\"https:\/\/dieter-jenz.de\/lc\/#\/schema\/person\/image\/\",\"url\":\"https:\/\/dieter-jenz.de\/lc\/wp-content\/uploads\/2020\/01\/Logo-Coaching-und-Begleitung.png\",\"contentUrl\":\"https:\/\/dieter-jenz.de\/lc\/wp-content\/uploads\/2020\/01\/Logo-Coaching-und-Begleitung.png\",\"width\":320,\"height\":240,\"caption\":\"Dieter Jenz\"},\"logo\":{\"@id\":\"https:\/\/dieter-jenz.de\/lc\/#\/schema\/person\/image\/\"},\"description\":\"Ich bin Dieter Jenz, Begleiter, Berater und Coach mit Leidenschaft. \u00dcber viele Jahre hinweg habe ich einen reichen Schatz an Kompetenz und Erfahrung erworben. Meine Themen sind die \\\"4L\\\": Lebensaufgabe, Lebensplanung, Lebensnavigation und Lebensqualit\u00e4t.\",\"sameAs\":[\"https:\/\/www.facebook.com\/dieter.jenz.inspiration\",\"https:\/\/www.pinterest.de\/dieterjenz\/\",\"https:\/\/x.com\/https:\/\/twitter.com\/dieterjenz\"],\"url\":\"https:\/\/dieter-jenz.de\/lc\/author\/dieter\/\"}]}<\/script>\n<!-- \/ Yoast SEO plugin. -->","yoast_head_json":{"title":"Die innere Stimme \u2013 nur eine Intuition oder mehr?","description":"Soll man auf die innere Stimme h\u00f6ren oder lieber nicht? Was steckt \u00fcberhaupt hinter der inneren Stimme? Erfahren Sie mehr!","robots":{"index":"index","follow":"follow","max-snippet":"max-snippet:-1","max-image-preview":"max-image-preview:large","max-video-preview":"max-video-preview:-1"},"canonical":"https:\/\/dieter-jenz.de\/lc\/die-innere-stimme-nur-eine-intuition-oder-mehr\/","og_locale":"de_DE","og_type":"article","og_title":"Die innere Stimme \u2013 nur eine Intuition oder mehr?","og_description":"Soll man auf die innere Stimme h\u00f6ren oder lieber nicht? Was steckt \u00fcberhaupt hinter der inneren Stimme? Erfahren Sie mehr!","og_url":"https:\/\/dieter-jenz.de\/lc\/die-innere-stimme-nur-eine-intuition-oder-mehr\/","og_site_name":"Dieter Jenz, Begleitung und Coaching","article_publisher":"https:\/\/www.facebook.com\/dieter.jenz.inspiration","article_author":"https:\/\/www.facebook.com\/dieter.jenz.inspiration","article_published_time":"2022-08-03T09:00:00+00:00","article_modified_time":"2022-12-27T10:22:37+00:00","og_image":[{"width":800,"height":800,"url":"https:\/\/dieter-jenz.de\/lc\/wp-content\/uploads\/2022\/08\/Beitragsbild-Innere-Stimme.jpeg","type":"image\/jpeg"}],"author":"Dieter Jenz","twitter_card":"summary_large_image","twitter_creator":"@https:\/\/twitter.com\/dieterjenz","twitter_site":"@dieterjenz","twitter_misc":{"Verfasst von":"Dieter Jenz","Gesch\u00e4tzte Lesezeit":"12\u00a0Minuten"},"schema":{"@context":"https:\/\/schema.org","@graph":[{"@type":"Article","@id":"https:\/\/dieter-jenz.de\/lc\/die-innere-stimme-nur-eine-intuition-oder-mehr\/#article","isPartOf":{"@id":"https:\/\/dieter-jenz.de\/lc\/die-innere-stimme-nur-eine-intuition-oder-mehr\/"},"author":{"name":"Dieter Jenz","@id":"https:\/\/dieter-jenz.de\/lc\/#\/schema\/person\/618cfd5c289d0a23930cb258a43679ab"},"headline":"Die innere Stimme \u2013 nur eine Intuition oder mehr?","datePublished":"2022-08-03T09:00:00+00:00","dateModified":"2022-12-27T10:22:37+00:00","mainEntityOfPage":{"@id":"https:\/\/dieter-jenz.de\/lc\/die-innere-stimme-nur-eine-intuition-oder-mehr\/"},"wordCount":2319,"publisher":{"@id":"https:\/\/dieter-jenz.de\/lc\/#\/schema\/person\/618cfd5c289d0a23930cb258a43679ab"},"image":{"@id":"https:\/\/dieter-jenz.de\/lc\/die-innere-stimme-nur-eine-intuition-oder-mehr\/#primaryimage"},"thumbnailUrl":"https:\/\/dieter-jenz.de\/lc\/wp-content\/uploads\/2022\/08\/Beitragsbild-Innere-Stimme.jpeg","articleSection":["Lebensfragen"],"inLanguage":"de"},{"@type":"WebPage","@id":"https:\/\/dieter-jenz.de\/lc\/die-innere-stimme-nur-eine-intuition-oder-mehr\/","url":"https:\/\/dieter-jenz.de\/lc\/die-innere-stimme-nur-eine-intuition-oder-mehr\/","name":"Die innere Stimme \u2013 nur eine Intuition oder mehr?","isPartOf":{"@id":"https:\/\/dieter-jenz.de\/lc\/#website"},"primaryImageOfPage":{"@id":"https:\/\/dieter-jenz.de\/lc\/die-innere-stimme-nur-eine-intuition-oder-mehr\/#primaryimage"},"image":{"@id":"https:\/\/dieter-jenz.de\/lc\/die-innere-stimme-nur-eine-intuition-oder-mehr\/#primaryimage"},"thumbnailUrl":"https:\/\/dieter-jenz.de\/lc\/wp-content\/uploads\/2022\/08\/Beitragsbild-Innere-Stimme.jpeg","datePublished":"2022-08-03T09:00:00+00:00","dateModified":"2022-12-27T10:22:37+00:00","description":"Soll man auf die innere Stimme h\u00f6ren oder lieber nicht? Was steckt \u00fcberhaupt hinter der inneren Stimme? Erfahren Sie mehr!","breadcrumb":{"@id":"https:\/\/dieter-jenz.de\/lc\/die-innere-stimme-nur-eine-intuition-oder-mehr\/#breadcrumb"},"inLanguage":"de","potentialAction":[{"@type":"ReadAction","target":["https:\/\/dieter-jenz.de\/lc\/die-innere-stimme-nur-eine-intuition-oder-mehr\/"]}]},{"@type":"ImageObject","inLanguage":"de","@id":"https:\/\/dieter-jenz.de\/lc\/die-innere-stimme-nur-eine-intuition-oder-mehr\/#primaryimage","url":"https:\/\/dieter-jenz.de\/lc\/wp-content\/uploads\/2022\/08\/Beitragsbild-Innere-Stimme.jpeg","contentUrl":"https:\/\/dieter-jenz.de\/lc\/wp-content\/uploads\/2022\/08\/Beitragsbild-Innere-Stimme.jpeg","width":800,"height":800,"caption":"Gestaltung: privat"},{"@type":"BreadcrumbList","@id":"https:\/\/dieter-jenz.de\/lc\/die-innere-stimme-nur-eine-intuition-oder-mehr\/#breadcrumb","itemListElement":[{"@type":"ListItem","position":1,"name":"Home","item":"https:\/\/dieter-jenz.de\/lc\/"},{"@type":"ListItem","position":2,"name":"Lebensfragen","item":"https:\/\/dieter-jenz.de\/lc\/category\/lebensfragen\/"},{"@type":"ListItem","position":3,"name":"Die innere Stimme \u2013 nur eine Intuition oder mehr?"}]},{"@type":"WebSite","@id":"https:\/\/dieter-jenz.de\/lc\/#website","url":"https:\/\/dieter-jenz.de\/lc\/","name":"Dieter Jenz, Begleitung und Coaching","description":"Die andere, neue Sichtweise entdecken - auftanken - neue Wege gehen","publisher":{"@id":"https:\/\/dieter-jenz.de\/lc\/#\/schema\/person\/618cfd5c289d0a23930cb258a43679ab"},"potentialAction":[{"@type":"SearchAction","target":{"@type":"EntryPoint","urlTemplate":"https:\/\/dieter-jenz.de\/lc\/?s={search_term_string}"},"query-input":{"@type":"PropertyValueSpecification","valueRequired":true,"valueName":"search_term_string"}}],"inLanguage":"de"},{"@type":["Person","Organization"],"@id":"https:\/\/dieter-jenz.de\/lc\/#\/schema\/person\/618cfd5c289d0a23930cb258a43679ab","name":"Dieter Jenz","image":{"@type":"ImageObject","inLanguage":"de","@id":"https:\/\/dieter-jenz.de\/lc\/#\/schema\/person\/image\/","url":"https:\/\/dieter-jenz.de\/lc\/wp-content\/uploads\/2020\/01\/Logo-Coaching-und-Begleitung.png","contentUrl":"https:\/\/dieter-jenz.de\/lc\/wp-content\/uploads\/2020\/01\/Logo-Coaching-und-Begleitung.png","width":320,"height":240,"caption":"Dieter Jenz"},"logo":{"@id":"https:\/\/dieter-jenz.de\/lc\/#\/schema\/person\/image\/"},"description":"Ich bin Dieter Jenz, Begleiter, Berater und Coach mit Leidenschaft. \u00dcber viele Jahre hinweg habe ich einen reichen Schatz an Kompetenz und Erfahrung erworben. Meine Themen sind die \"4L\": Lebensaufgabe, Lebensplanung, Lebensnavigation und Lebensqualit\u00e4t.","sameAs":["https:\/\/www.facebook.com\/dieter.jenz.inspiration","https:\/\/www.pinterest.de\/dieterjenz\/","https:\/\/x.com\/https:\/\/twitter.com\/dieterjenz"],"url":"https:\/\/dieter-jenz.de\/lc\/author\/dieter\/"}]}},"_links":{"self":[{"href":"https:\/\/dieter-jenz.de\/lc\/wp-json\/wp\/v2\/posts\/7360"}],"collection":[{"href":"https:\/\/dieter-jenz.de\/lc\/wp-json\/wp\/v2\/posts"}],"about":[{"href":"https:\/\/dieter-jenz.de\/lc\/wp-json\/wp\/v2\/types\/post"}],"author":[{"embeddable":true,"href":"https:\/\/dieter-jenz.de\/lc\/wp-json\/wp\/v2\/users\/2"}],"replies":[{"embeddable":true,"href":"https:\/\/dieter-jenz.de\/lc\/wp-json\/wp\/v2\/comments?post=7360"}],"version-history":[{"count":4,"href":"https:\/\/dieter-jenz.de\/lc\/wp-json\/wp\/v2\/posts\/7360\/revisions"}],"predecessor-version":[{"id":7913,"href":"https:\/\/dieter-jenz.de\/lc\/wp-json\/wp\/v2\/posts\/7360\/revisions\/7913"}],"wp:featuredmedia":[{"embeddable":true,"href":"https:\/\/dieter-jenz.de\/lc\/wp-json\/wp\/v2\/media\/7359"}],"wp:attachment":[{"href":"https:\/\/dieter-jenz.de\/lc\/wp-json\/wp\/v2\/media?parent=7360"}],"wp:term":[{"taxonomy":"category","embeddable":true,"href":"https:\/\/dieter-jenz.de\/lc\/wp-json\/wp\/v2\/categories?post=7360"},{"taxonomy":"post_tag","embeddable":true,"href":"https:\/\/dieter-jenz.de\/lc\/wp-json\/wp\/v2\/tags?post=7360"}],"curies":[{"name":"wp","href":"https:\/\/api.w.org\/{rel}","templated":true}]}}