{"id":7401,"date":"2022-08-25T16:45:00","date_gmt":"2022-08-25T14:45:00","guid":{"rendered":"https:\/\/dieter-jenz.de\/lc\/?p=7401"},"modified":"2022-12-21T10:06:46","modified_gmt":"2022-12-21T09:06:46","slug":"kommunikation-mit-gott-sind-gebete-wirksam","status":"publish","type":"post","link":"https:\/\/dieter-jenz.de\/lc\/kommunikation-mit-gott-sind-gebete-wirksam\/","title":{"rendered":"Kommunikation mit Gott \u2013 Sind Gebete wirksam?"},"content":{"rendered":"<div class=\"yoast-breadcrumbs\"><span><span><a href=\"https:\/\/dieter-jenz.de\/lc\/\">Home<\/a><\/span> \u00bb <span><a href=\"https:\/\/dieter-jenz.de\/lc\/category\/lebensfragen\/\">Lebensfragen<\/a><\/span> \u00bb <span class=\"breadcrumb_last\" aria-current=\"page\"><strong>Kommunikation mit Gott \u2013 Sind Gebete wirksam?<\/strong><\/span><\/span><\/div>\n\n\n<div style=\"height:50px\" aria-hidden=\"true\" class=\"wp-block-spacer\"><\/div>\n\n\n\n<p>Sind Gebete wirksam? Diese Frage stellen sich viele Menschen, insbesondere jene, die einer Religion angeh\u00f6ren. Gebet bedeutet vom Menschen ausgehende Kommunikation, die mit der Erwartung auf Geh\u00f6r und ggf. eine Reaktion verbunden ist.<\/p>\n\n\n\n<p><strong>Inhalte:<\/strong><\/p>\n\n\n\n<nav class=\"wp-block-table-of-contents\"><ol><li><a class=\"wp-block-table-of-contents__entry\" href=\"https:\/\/dieter-jenz.de\/lc\/kommunikation-mit-gott-sind-gebete-wirksam\/#kommunikation-ist-der-normalfall\">Kommunikation ist der Normalfall<\/a><\/li><li><a class=\"wp-block-table-of-contents__entry\" href=\"https:\/\/dieter-jenz.de\/lc\/kommunikation-mit-gott-sind-gebete-wirksam\/#bittgebete-in-notlagen\">Bittgebete in Notlagen<\/a><\/li><li><a class=\"wp-block-table-of-contents__entry\" href=\"https:\/\/dieter-jenz.de\/lc\/kommunikation-mit-gott-sind-gebete-wirksam\/#wissenschaftliche-untersuchung-der-wirksamkeit-von-gebeten\">Wissenschaftliche Untersuchung der Wirksamkeit von Gebeten<\/a><ol><li><a class=\"wp-block-table-of-contents__entry\" href=\"https:\/\/dieter-jenz.de\/lc\/kommunikation-mit-gott-sind-gebete-wirksam\/#ergebnisse-der-studie\">Ergebnisse der Studie<\/a><\/li><li><a class=\"wp-block-table-of-contents__entry\" href=\"https:\/\/dieter-jenz.de\/lc\/kommunikation-mit-gott-sind-gebete-wirksam\/#skepsis-und-kritik\">Skepsis und Kritik<\/a><\/li><\/ol><\/li><\/ol><\/nav>\n\n\n\n<div class=\"wp-block-media-text is-stacked-on-mobile has-background-background-color has-background\" style=\"grid-template-columns:15% auto\"><figure class=\"wp-block-media-text__media\"><a href=\"https:\/\/dieter-jenz.de\/lc\/was-geschieht-mit-mir-wenn-ich-sterbe\/\"><img loading=\"lazy\" decoding=\"async\" width=\"800\" height=\"800\" src=\"https:\/\/dieter-jenz.de\/lc\/wp-content\/uploads\/2022\/03\/Beitragsbild-Was-geschieht-mit-mir-wenn-ich-sterbe.jpeg\" alt=\"Was geschieht mit mir wenn ich sterbe - Gestaltung: privat\" class=\"wp-image-7029 size-full\" srcset=\"https:\/\/dieter-jenz.de\/lc\/wp-content\/uploads\/2022\/03\/Beitragsbild-Was-geschieht-mit-mir-wenn-ich-sterbe.jpeg 800w, https:\/\/dieter-jenz.de\/lc\/wp-content\/uploads\/2022\/03\/Beitragsbild-Was-geschieht-mit-mir-wenn-ich-sterbe-300x300.jpeg 300w, https:\/\/dieter-jenz.de\/lc\/wp-content\/uploads\/2022\/03\/Beitragsbild-Was-geschieht-mit-mir-wenn-ich-sterbe-150x150.jpeg 150w, https:\/\/dieter-jenz.de\/lc\/wp-content\/uploads\/2022\/03\/Beitragsbild-Was-geschieht-mit-mir-wenn-ich-sterbe-768x768.jpeg 768w, https:\/\/dieter-jenz.de\/lc\/wp-content\/uploads\/2022\/03\/Beitragsbild-Was-geschieht-mit-mir-wenn-ich-sterbe-540x540.jpeg 540w\" sizes=\"(max-width: 800px) 100vw, 800px\" \/><\/a><\/figure><div class=\"wp-block-media-text__content\">\n<p class=\"has-border-background-color has-background has-normal-font-size\">Dieser Beitrag ist Teil der Serie &#8222;<em>Was geschieht mit mir wenn ich sterbe?<\/em>&#8220; <br>Grobes <a href=\"https:\/\/dieter-jenz.de\/lc\/was-geschieht-mit-mir-wenn-ich-sterbe\/\" target=\"_blank\" rel=\"noreferrer noopener\">Inhaltsverzeichnis<\/a><\/p>\n<\/div><\/div>\n\n\n\n<p>Die monotheistischen Offenbarungsreligionen (Judentum, Christentum, Islam) postulieren einen Gott, der als \u00fcbernat\u00fcrliches Wesen, Sch\u00f6pfer des Universums und allen Lebens offenbart wird. F\u00fcr die Menschen unsichtbar lebt er in einem extrauniversalen Existenzraum, der landl\u00e4ufig als \u201eHimmel\u201c bezeichnet wird. Dort, in der \u201eHimmelswelt\u201c, existieren au\u00dferdem Geistwesen (Engel, D\u00e4monen).<\/p>\n\n\n\n<h3 class=\"wp-block-heading\" id=\"kommunikation-ist-der-normalfall\"><strong>Kommunikation ist der Normalfall<\/strong><\/h3>\n\n\n\n<p>Neben seiner Eigenschaft als Sch\u00f6pfer wird Gott in allen Offenbarungsreligionen auch Empf\u00e4nglichkeit f\u00fcr menschliche Bitten zugeschrieben. Diese Bitten k\u00f6nnen sowohl im rituellen Gebet in allgemeiner Form als auch im Rahmen des individuellen Gebets vorgetragen werden. Als Gebet wird eine verbale oder nonverbale Zuwendung zu einem Gott bzw. einer Gottheit verstanden.<\/p>\n\n\n\n<p>Im Judentum ist das rituelle Gebet sehr stark verankert. Zum t\u00e4glichen Gebet geh\u00f6ren f\u00fcr religi\u00f6se Juden \u2013 M\u00e4nner wie Frauen \u2013 drei Gebete: das Morgen-, das Nachmittags- und das Abendgebet. Gebete sind fester Teil des Alltags. Das individuelle, auch in freier Wortwahl formulierte Bittgebet tritt allerdings keineswegs in den Hintergrund. Im Alten Testament der Bibel finden sich viele individuelle Gebete, insbesondere im Buch der Psalmen.<\/p>\n\n\n<div class=\"su-box su-box-style-default\" id=\"\" style=\"border-color:#000000;border-radius:3px;\"><div class=\"su-box-title\" style=\"background-color:#333333;color:#FFFFFF;border-top-left-radius:1px;border-top-right-radius:1px\">Letzte Beitr\u00e4ge <\/div><div class=\"su-box-content su-u-clearfix su-u-trim\" style=\"border-bottom-left-radius:1px;border-bottom-right-radius:1px\"><div class=\"su-expand su-expand-collapsed su-expand-link-style-default\" data-height=\"100\"><div class=\"su-expand-content su-u-trim\" style=\"color:#333333;max-height:100px;overflow:hidden\">\n\n<div class=\"su-posts su-posts-teaser-loop \">\n\n\t\t\t\t\t\t\n\t\t\t\n\t\t\t<div id=\"su-post-12357\" class=\"su-post \">\n\t\t\t\t\t\t\t\t\t<a class=\"su-post-thumbnail\" href=\"https:\/\/dieter-jenz.de\/lc\/die-realitaet-das-individuelle-selbst-befindet-sich-nicht-im-gehirn\/\"><img loading=\"lazy\" decoding=\"async\" width=\"800\" height=\"800\" src=\"https:\/\/dieter-jenz.de\/lc\/wp-content\/uploads\/2024\/11\/Beitragsbild-Realitaet-Individuelles-Selbst-nicht-im-Gehirn.jpeg\" class=\"attachment-post-thumbnail size-post-thumbnail wp-post-image\" alt=\"Realit\u00e4t Das individuelle Selbst befindet sich nicht im Gehirn - Gestaltung: privat\" \/><\/a>\n\t\t\t\t\t\t\t\t<h2 class=\"su-post-title\"><a href=\"https:\/\/dieter-jenz.de\/lc\/die-realitaet-das-individuelle-selbst-befindet-sich-nicht-im-gehirn\/\">Die Realit\u00e4t: Das individuelle Selbst befindet sich nicht im Gehirn<\/a><\/h2>\n\t\t\t<\/div>\n\n\t\t\t\t\t\n\t\t\t\n\t\t\t<div id=\"su-post-12328\" class=\"su-post \">\n\t\t\t\t\t\t\t\t\t<a class=\"su-post-thumbnail\" href=\"https:\/\/dieter-jenz.de\/lc\/verifikation-der-eis-hypothese-ungewoehnliche-erinnerungen\/\"><img loading=\"lazy\" decoding=\"async\" width=\"800\" height=\"800\" src=\"https:\/\/dieter-jenz.de\/lc\/wp-content\/uploads\/2024\/11\/Beitragsbild-Verifikation-EIS-Hypothese-Ungewoehnliche-Erinnerungen.jpeg\" class=\"attachment-post-thumbnail size-post-thumbnail wp-post-image\" alt=\"Verifikation frt EIS-Hypothese: Ungew\u00f6hnliche Erinnerungen - Gestaltung: privat\" \/><\/a>\n\t\t\t\t\t\t\t\t<h2 class=\"su-post-title\"><a href=\"https:\/\/dieter-jenz.de\/lc\/verifikation-der-eis-hypothese-ungewoehnliche-erinnerungen\/\">Verifikation der EIS-Hypothese: Ungew\u00f6hnliche Erinnerungen<\/a><\/h2>\n\t\t\t<\/div>\n\n\t\t\t\t\t\n\t\t\t\n\t\t\t<div id=\"su-post-12313\" class=\"su-post \">\n\t\t\t\t\t\t\t\t\t<a class=\"su-post-thumbnail\" href=\"https:\/\/dieter-jenz.de\/lc\/verifikation-der-eis-hypothese-terminale-geistesklarheit\/\"><img loading=\"lazy\" decoding=\"async\" width=\"800\" height=\"800\" src=\"https:\/\/dieter-jenz.de\/lc\/wp-content\/uploads\/2024\/11\/Beitragsbild-Verifikation-EIS-Hypothese-Terminale-Geistesklarheit.jpeg\" class=\"attachment-post-thumbnail size-post-thumbnail wp-post-image\" alt=\"Verifikation der EIS-Hypothese: Terminale Geistesklarheit - Gestaltung: privat\" \/><\/a>\n\t\t\t\t\t\t\t\t<h2 class=\"su-post-title\"><a href=\"https:\/\/dieter-jenz.de\/lc\/verifikation-der-eis-hypothese-terminale-geistesklarheit\/\">Verifikation der EIS-Hypothese: Terminale Geistesklarheit<\/a><\/h2>\n\t\t\t<\/div>\n\n\t\t\t\t\t\n\t\t\t\n\t\t\t<div id=\"su-post-12248\" class=\"su-post \">\n\t\t\t\t\t\t\t\t\t<a class=\"su-post-thumbnail\" href=\"https:\/\/dieter-jenz.de\/lc\/verifikation-der-eis-hypothese-nahtoderfahrung\/\"><img loading=\"lazy\" decoding=\"async\" width=\"800\" height=\"800\" src=\"https:\/\/dieter-jenz.de\/lc\/wp-content\/uploads\/2024\/10\/Beitragsbild-Verifikation-EIS-Hypothese-Nahtoderfahrung.jpeg\" class=\"attachment-post-thumbnail size-post-thumbnail wp-post-image\" alt=\"Verifikation der EIS-Hypothese: Nahtoderfahrung - Gestaltung: privat\" \/><\/a>\n\t\t\t\t\t\t\t\t<h2 class=\"su-post-title\"><a href=\"https:\/\/dieter-jenz.de\/lc\/verifikation-der-eis-hypothese-nahtoderfahrung\/\">Verifikation der EIS-Hypothese: Nahtoderfahrung<\/a><\/h2>\n\t\t\t<\/div>\n\n\t\t\t\t\t\n\t\t\t\n\t\t\t<div id=\"su-post-12193\" class=\"su-post \">\n\t\t\t\t\t\t\t\t\t<a class=\"su-post-thumbnail\" href=\"https:\/\/dieter-jenz.de\/lc\/das-losloesungsszenario-ist-es-plausibel\/\"><img loading=\"lazy\" decoding=\"async\" width=\"800\" height=\"800\" src=\"https:\/\/dieter-jenz.de\/lc\/wp-content\/uploads\/2024\/09\/Beitragsbild-Losloesungsszenario.jpeg\" class=\"attachment-post-thumbnail size-post-thumbnail wp-post-image\" alt=\"Losl\u00f6sungsszenario - Gestaltung: privat\" \/><\/a>\n\t\t\t\t\t\t\t\t<h2 class=\"su-post-title\"><a href=\"https:\/\/dieter-jenz.de\/lc\/das-losloesungsszenario-ist-es-plausibel\/\">Das Losl\u00f6sungsszenario &#8211; ist es plausibel?<\/a><\/h2>\n\t\t\t<\/div>\n\n\t\t\t\t\t\n\t\t\t\n\t\t\t<div id=\"su-post-12174\" class=\"su-post \">\n\t\t\t\t\t\t\t\t\t<a class=\"su-post-thumbnail\" href=\"https:\/\/dieter-jenz.de\/lc\/das-evakuierungsszenario-ist-es-plausibel\/\"><img loading=\"lazy\" decoding=\"async\" width=\"800\" height=\"800\" src=\"https:\/\/dieter-jenz.de\/lc\/wp-content\/uploads\/2024\/09\/Beitragsbild-Evakuierungsszenario.jpeg\" class=\"attachment-post-thumbnail size-post-thumbnail wp-post-image\" alt=\"Evakuierungsszenario - Gestaltung: privat\" \/><\/a>\n\t\t\t\t\t\t\t\t<h2 class=\"su-post-title\"><a href=\"https:\/\/dieter-jenz.de\/lc\/das-evakuierungsszenario-ist-es-plausibel\/\">Das Evakuierungsszenario &#8211; ist es plausibel?<\/a><\/h2>\n\t\t\t<\/div>\n\n\t\t\t\t\t\n\t\t\t\n\t\t\t<div id=\"su-post-12136\" class=\"su-post \">\n\t\t\t\t\t\t\t\t\t<a class=\"su-post-thumbnail\" href=\"https:\/\/dieter-jenz.de\/lc\/das-erloeschungsszenario-ist-es-plausibel\/\"><img loading=\"lazy\" decoding=\"async\" width=\"800\" height=\"800\" src=\"https:\/\/dieter-jenz.de\/lc\/wp-content\/uploads\/2024\/09\/Beitragsbild-Erloeschungsszenario.jpeg\" class=\"attachment-post-thumbnail size-post-thumbnail wp-post-image\" alt=\"Erl\u00f6schungsszenario - Gestaltung: privat\" \/><\/a>\n\t\t\t\t\t\t\t\t<h2 class=\"su-post-title\"><a href=\"https:\/\/dieter-jenz.de\/lc\/das-erloeschungsszenario-ist-es-plausibel\/\">Das Erl\u00f6schungsszenario &#8211; ist es plausibel?<\/a><\/h2>\n\t\t\t<\/div>\n\n\t\t\t\t\t\n\t\t\t\n\t\t\t<div id=\"su-post-11981\" class=\"su-post \">\n\t\t\t\t\t\t\t\t\t<a class=\"su-post-thumbnail\" href=\"https:\/\/dieter-jenz.de\/lc\/was-sind-nahtoderfahrungenwie-werden-sie-erlebt\/\"><img loading=\"lazy\" decoding=\"async\" width=\"800\" height=\"800\" src=\"https:\/\/dieter-jenz.de\/lc\/wp-content\/uploads\/2024\/07\/Beitragsbild-Was-sind-Nahtoderfahrungen.jpeg\" class=\"attachment-post-thumbnail size-post-thumbnail wp-post-image\" alt=\"Was sind Nahtoderfahrungen - Gestaltung: privat\" \/><\/a>\n\t\t\t\t\t\t\t\t<h2 class=\"su-post-title\"><a href=\"https:\/\/dieter-jenz.de\/lc\/was-sind-nahtoderfahrungenwie-werden-sie-erlebt\/\">Was sind Nahtoderfahrungen? Wie werden sie erlebt?<\/a><\/h2>\n\t\t\t<\/div>\n\n\t\t\t\t\t\n\t\t\t\n\t\t\t<div id=\"su-post-11947\" class=\"su-post \">\n\t\t\t\t\t\t\t\t\t<a class=\"su-post-thumbnail\" href=\"https:\/\/dieter-jenz.de\/lc\/taktile-kommunikation-was-verbirgt-sich-dahinter\/\"><img loading=\"lazy\" decoding=\"async\" width=\"800\" height=\"800\" src=\"https:\/\/dieter-jenz.de\/lc\/wp-content\/uploads\/2024\/07\/Beitragsbild-Taktile-Kommunikation.jpeg\" class=\"attachment-post-thumbnail size-post-thumbnail wp-post-image\" alt=\"Taktile Kommunikation - Gestaltung: privat\" \/><\/a>\n\t\t\t\t\t\t\t\t<h2 class=\"su-post-title\"><a href=\"https:\/\/dieter-jenz.de\/lc\/taktile-kommunikation-was-verbirgt-sich-dahinter\/\">Taktile Kommunikation \u2013 was verbirgt sich dahinter?<\/a><\/h2>\n\t\t\t<\/div>\n\n\t\t\t\t\t\n\t\t\t\n\t\t\t<div id=\"su-post-11943\" class=\"su-post \">\n\t\t\t\t\t\t\t\t\t<a class=\"su-post-thumbnail\" href=\"https:\/\/dieter-jenz.de\/lc\/olfaktorische-kommunikation-was-verbirgt-sich-dahinter\/\"><img loading=\"lazy\" decoding=\"async\" width=\"800\" height=\"800\" src=\"https:\/\/dieter-jenz.de\/lc\/wp-content\/uploads\/2024\/07\/Beitragsbild-Olfaktorische-Kommunikation.jpeg\" class=\"attachment-post-thumbnail size-post-thumbnail wp-post-image\" alt=\"Olfaktorische Kommunikation - Gestaltung: privat\" \/><\/a>\n\t\t\t\t\t\t\t\t<h2 class=\"su-post-title\"><a href=\"https:\/\/dieter-jenz.de\/lc\/olfaktorische-kommunikation-was-verbirgt-sich-dahinter\/\">Olfaktorische Kommunikation \u2013 was verbirgt sich dahinter?<\/a><\/h2>\n\t\t\t<\/div>\n\n\t\t\t\n<\/div>\n  <\/div><div class=\"su-expand-link su-expand-link-more\" style=\"text-align:left\"><a href=\"javascript:;\" style=\"color:#0088FF;border-color:#0088FF\"><span style=\"border-color:#0088FF\">Mehr anzeigen<\/span><\/a><\/div><div class=\"su-expand-link su-expand-link-less\" style=\"text-align:left\"><a href=\"javascript:;\" style=\"color:#0088FF;border-color:#0088FF\"><span style=\"border-color:#0088FF\">Weniger anzeigen<\/span><\/a><\/div><\/div><\/div><\/div>\n\n\n\n<p>Im Neuen Testament der Bibel, Grundlage f\u00fcr das Christentum und dessen Ausbreitung, wird dem Gebet ein hoher Stellenwert zugewiesen. Besonders bekannt ist das im Matth\u00e4us-Evangelium (Kap.&nbsp;6,9\u201313) und im Lukas-Evangelium (Kap.&nbsp;11,2\u20134) genannte \u201eVaterunser\u201c. Die vom Evangelisten Lukas \u00fcberlieferte Version wird meist als die urspr\u00fcnglichere Version angesehen.<\/p>\n\n\n\n<p>Zum individuellen Bittgebet wird im Neuen Testament geradezu ermuntert. Dies kommt insbesondere in folgender Passage des Matth\u00e4us-Evangeliums zum Ausdruck: \u201eBittet, dann wird euch gegeben; sucht, dann werdet ihr finden; klopft an, dann wird euch ge\u00f6ffnet. Denn wer bittet, der empf\u00e4ngt; wer sucht, der findet; und wer anklopft, dem wird ge\u00f6ffnet. Oder ist einer unter euch, der seinem Sohn einen Stein gibt, wenn er um Brot bittet, oder eine Schlange, wenn er um einen Fisch bittet? Wenn nun schon ihr, die ihr b\u00f6se seid, euren Kindern gebt, was gut ist, wie viel mehr wird euer Vater im Himmel denen Gutes geben, die ihn bitten.\u201c (Kap.&nbsp;7,7-11).<\/p>\n\n\n\n<p>Der Islam kennt neben den Ritualgebeten, die zu festgelegten Zeiten vorgeschrieben sind, auch das individuelle Bitt- oder Dankgebet. Die Wortwahl ist dem Betenden selbst \u00fcberlassen. Im Koran sagt Allah \u00fcber sich selbst: \u201eIch erh\u00f6re die Bitte des Bittenden, wenn er mich bittet\u201c (Sure 2:186).<\/p>\n\n\n\n<p>Was liegt unter diesem Vorzeichen der Ansprechbarkeit Gottes n\u00e4her als mit Gott Kontakt aufzunehmen und ihm seine pers\u00f6nlichen Anliegen vorzutragen? Immer wieder geraten Menschen in Not und Bedr\u00e4ngnis und sehen keinen anderen Ausweg mehr als eine g\u00f6ttliche Intervention. Andererseits sehen viele Menschen ihr Wohlergehen nicht als eigenes Verdienst und wenden sich mit Dankbarkeit an Gott. Dieses Vorbringen von Dank und\/oder Bitten \u2013 \u00fcberhaupt all dessen, was Menschen \u201eauf dem Herzen liegt\u201c -, mit dem Begriff \u201eGebet\u201c zusammengefasst, konstituiert eine unidirektionale Kommunikation des Menschen mit Gott.<\/p>\n\n\n\n<p>Neben dem Bittgebet (f\u00fcr sich selbst) und dem Dankgebet (Dank f\u00fcr etwas Erlebtes oder Erfahrenes) lassen sich noch weitere Gebetsarten benennen: F\u00fcrbittegebet (Bitte f\u00fcr andere), Klagegebet (Klage \u00fcber Verh\u00e4ltnisse), Bu\u00dfgebet (Bitte um Vergebung), Lobpreisgebet (f\u00fcr die Sch\u00f6pfung, an den Sch\u00f6pfer), und Sto\u00dfgebet (kurzes, pr\u00e4gnantes Gebet in einer akuten Notlage). Mit all diesen Gebetsarten kann der Mensch mit Gott in Kontakt treten und sich ihm gegen\u00fcber individuell ausdr\u00fccken.<\/p>\n\n\n\n<p>Beim Gebet geht die Aktivit\u00e4t vom Menschen aus. Der Mensch wird initiativ und tritt mit Gott in Kontakt. Bei manchen Gebetsarten (insbesondere Bittgebet, F\u00fcrbittegebet und Sto\u00dfgebet) beinhaltet das Gebet die Erwartung eine Reaktion Gottes. Diese Reaktion kann direkt oder \u00fcber Geistwesen als Folge einer Beauftragung von Gott geschehen.<\/p>\n\n\n\n<h3 class=\"wp-block-heading\" id=\"bittgebete-in-notlagen\"><strong>Bittgebete in Notlagen<\/strong><\/h3>\n\n\n\n<p>Gerade wenn sich ein Mensch in einer Bedr\u00e4ngnis oder gar Notlage befindet, liegt es nahe, sich mit Hilfe des Gebets an Gott zu wenden. Inhalt des Gebets mag beispielsweise die Bitte um Heilung von einer lebensbedrohlichen Krankheit, um Heilung zwischenmenschlicher Beziehungen oder um Abwendung einer akuten oder akut bevorstehenden Notlage sein.<\/p>\n\n\n\n<p>In Vergangenheit und Gegenwart wurde und wird immer wieder von der Erh\u00f6rung von Gebeten berichtet. Insbesondere an Wallfahrtsorten, wie beispielsweise Fatima und Lourdes, werden Gebetserh\u00f6rungen mit Danktafeln bezeugt. Dar\u00fcber hinaus werden in der Literatur und in anderen \u00f6ffentlichen Quellen Gott zugeschriebene Reaktionen auf Gebete geschildert. Eine der besonders beeindruckenden Schilderungen, die Rettung aus einem Sumpfgebiet als Reaktion auf das Gebet eines Soldaten, findet sich im Beitrag \u201e<a href=\"https:\/\/dieter-jenz.de\/lc\/koennen-sich-geistwesen-materialisieren\/\">K\u00f6nnen sich Geistwesen materialisieren?<\/a>\u201c. Demgegen\u00fcber stehen jedoch auch viele Entt\u00e4uschungen als Reaktion auf unerh\u00f6rte Gebete, dies zumindest nach Auffassung der Betenden.<\/p>\n\n\n\n<p>Es darf davon ausgegangen werden, dass in vergangenen Notzeiten viele Bittgebete an Gott gerichtet wurden. Zu denken w\u00e4re beispielsweise an die Zeit der sogenannten Jahrtausendd\u00fcrre im Jahr 1540, w\u00e4hrend der es historischen Aufzeichnungen zufolge etwa elf Monate lang in gro\u00dfen Teilen Europas nur sp\u00e4rlich oder so gut wie \u00fcberhaupt nicht regnete. In einem <a href=\"https:\/\/www.spektrum.de\/news\/europas-vernichtende-jahrtausendduerre\/1584414\">Beitrag<\/a> in \u201eSpektrum der Wissenschaft\u201c werden die N\u00f6te dieser Zeit skizziert: \u201e<em>Der Juli brachte eine solche f\u00fcrchterliche Gluthitze, dass die Kirchen Bittgebete aussandten, w\u00e4hrend Rhein, Elbe und Seine trockenen Fu\u00dfes durchwatet werden konnten. Dort, wo noch Wasser floss, f\u00e4rbte sich die warme Br\u00fche gr\u00fcn, Fische trieben darin kieloben. Der Bodenseepegel sank auf Rekordniveau, Lindau war sogar mit dem Festland verbunden. Bald verdunstete das Oberfl\u00e4chenwasser vollst\u00e4ndig, die B\u00f6den platzten auf, manche Trockenrisse waren so gro\u00df, dass ein Fu\u00df darin Platz fand.<\/em>\u201c Die Auswirkungen gingen sogar so weit, dass Wein mancherorts billiger war als Wasser. Erst im Dezember 1540 fand diese Periode extremer D\u00fcrre, die mit Hunger und Krankheit einherging, ihr Ende.<\/p>\n\n\n\n<p>Zu denken w\u00e4re auch an die Zeit des NS-Regimes und des Zweiten Weltkriegs, unter der Millionen Menschen zu leiden hatten. Wahrscheinlich beteten viele Menschen f\u00fcr einen Sturz des NS-Regimes, der aber bis Kriegsende nicht eintrat. \u00d6ffentliche Gebete f\u00fcr einen Regierungswechsel oder eine Beendigung des Krieges waren aufgrund der Unterdr\u00fcckungsma\u00dfnahmen des Regimes nicht m\u00f6glich. Gleichwohl beteten wahrscheinlich sehr viele Menschen in privatem Rahmen oder in gesch\u00fctzten Kleingruppen f\u00fcr solche Anliegen. Diese Gebete wurden offensichtlich nicht erh\u00f6rt.<\/p>\n\n\n\n<p>Eine Aufz\u00e4hlung der in der Vergangenheit durchlebten Zeiten schwerer Not w\u00fcrde sehr lang. Auch in der Gegenwart werden nahezu t\u00e4glich Meldungen \u00fcber Naturkatastrophen, Ernteausf\u00e4lle, Krankheiten usw. verbreitet. Viele Menschen beten f\u00fcr eine Befreiung von akuten N\u00f6ten. Doch viele Gebete scheinen unerh\u00f6rt zu bleiben.<\/p>\n\n\n\n<p>Den von Medien verbreiteten Meldungen zu Notlagen aller Art stehen Notlagen gegen\u00fcber, die von einzelnen Menschen, Familien oder kleinen Gruppen erlebt werden und keine mediale Aufmerksamkeit finden. Vielleicht ist ein Kind zu fr\u00fch geboren und die \u00c4rzte k\u00e4mpfen um sein Leben. Vielleicht ging die Arbeitsstelle und mit ihr die Einkommensquelle verloren; man sieht aus Altersgr\u00fcnden keine M\u00f6glichkeit mehr, wieder eine ad\u00e4quate Stelle zu finden, und man wei\u00df nicht, wie man k\u00fcnftig finanziell \u201e\u00fcber die Runden kommen\u201c soll. Oder vielleicht ist man an einer lebensbedrohlichen Krankheit erkrankt und hofft auf Heilung.<\/p>\n\n\n\n<p>Es wird gebetet, oft sehr intensiv. Trotzdem scheint das Gebet nicht erh\u00f6rt zu werden. Das fr\u00fchgeborene Kind stirbt, eine neue Arbeitsstelle l\u00e4sst sich nicht finden, die lebensbedrohliche Krankheit schreitet voran. Der Eindruck entsteht: \u201eIch habe um etwas gebeten und habe anstatt Brot eben doch einen Stein bekommen\u201c (in Anlehnung an die zuvor zitierte Passage aus dem Matth\u00e4us-Evangelium).<\/p>\n\n\n\n<h3 class=\"wp-block-heading\" id=\"wissenschaftliche-untersuchung-der-wirksamkeit-von-gebeten\"><strong>Wissenschaftliche Untersuchung der Wirksamkeit von Gebeten<\/strong><\/h3>\n\n\n\n<p>Es verwundert kaum, dass die Wirksamkeit des Gebets infrage gestellt wurde und wird. Um die Wirksamkeit von Gebeten n\u00e4her zu untersuchen, wurde eine wissenschaftlich fundierte Studie durchgef\u00fchrt, deren <a href=\"https:\/\/pubmed.ncbi.nlm.nih.gov\/16569567\/\">Ergebnisse<\/a> im Jahr 2006 unter dem Titel \u201eStudy of the Therapeutic Effects of Intercessory Prayer\u201c (deutsch: \u201eStudie \u00fcber die therapeutischen Wirkungen des F\u00fcrbittgebetes\u201c) ver\u00f6ffentlicht wurden.<\/p>\n\n\n\n<p>Der Zweck der mit der Kurzbezeichnung \u201eSTEP\u201c versehenen Studie bestand darin, zu untersuchen, welchen Nutzen Gebete f\u00fcr Patienten nach einer Bypass-Operation an der Koronararterie haben. An der Studie nahmen insgesamt 1802 Patienten an sechs US-amerikanischen Kliniken teil. Leiter der Studie war Professor Herbert Benson, Kardiologe an der Harvard-Universit\u00e4t in Boston.<\/p>\n\n\n\n<p>Die Patienten wurden nach dem Zufallsprinzip einer von drei Gruppen zugeordnet. Den Patienten der Gruppen 1 und 2 wurde mitgeteilt, dass m\u00f6glicherweise f\u00fcr sie gebetet w\u00fcrde. Tats\u00e4chlich wurde nur f\u00fcr die Patienten der Gruppe 1 gebetet. Patienten der Gruppe 3 wurden dar\u00fcber informiert, dass f\u00fcr sie gebetet w\u00fcrde, und dies geschah auch.<\/p>\n\n\n\n<p>Dem Konzept der Studie zufolge sprachen die Patienten die Gebete nicht selbst. Vielmehr wurden die Gebete von anderen Menschen f\u00fcr Patienten gesprochen. Weitere Rahmenbedingung f\u00fcr die Durchf\u00fchrung der Studie war, dass Betende und Patienten einander nicht kennen durften.<\/p>\n\n\n\n<p>Den Betenden, Katholiken und Mitglieder der New Thought Church Silent Unity, wurden nur Vor- und Nachnamen der Patienten mitgeteilt. Fotos der Patienten erhielten sie nicht. Die Gebetsmethode wurde teilweise standardisiert. Die Betenden durften auf die ihnen jeweils eigene Art und Weise beten. Sie wurden jedoch angewiesen, einen bestimmten Satz in ihre Gebete mit einzuschlie\u00dfen, der sich so \u00fcbersetzen l\u00e4sst: \u201ef\u00fcr eine erfolgreiche Operation mit einer schnellen, guten Genesung und ohne Komplikationen\u201c.<\/p>\n\n\n\n<p>Die Gebete begannen am Vorabend des Operationstags und dauerten zwei Wochen an. Als prim\u00e4res Kriterium f\u00fcr die Beurteilung der Wirksamkeit der Gebete galt, ob innerhalb eines Zeitraums von 30 Tagen nach der Operation Komplikationen aufgetreten waren.<\/p>\n\n\n\n<h4 class=\"wp-block-heading\" id=\"ergebnisse-der-studie\"><strong>Ergebnisse der Studie<\/strong><\/h4>\n\n\n\n<p>Die Auswertung ergab, dass bei 52&nbsp;% der Patienten, f\u00fcr die gebetet wurde (Gruppe 1) Komplikationen bei der Operation auftraten. Bei den Patienten der Gruppe 2, f\u00fcr die nicht gebetet wurde, traten bei 51&nbsp;% der Patienten Komplikationen auf. Bei Patienten der Gruppe 3, denen im Unterschied zu den Patienten der beiden anderen Gruppen bekannt war, dass f\u00fcr sie gebetet wurde, traten in 59&nbsp;% der F\u00e4lle Komplikationen auf. Der h\u00f6here Anteil an Patienten mit Komplikationen in Gruppe 3 f\u00fchrte zu der Vermutung, dass die Zusage des unterst\u00fctzenden Gebets bei diesen Patienten Unruhe ausl\u00f6ste, etwa so: \u201eIst es bei mir so schlimm, dass f\u00fcr mich gebetet werden muss?\u201c.<\/p>\n\n\n\n<p>Aus den Ergebnissen dieser wissenschaftlich fundierten Studie l\u00e4sst sich schlie\u00dfen, dass die wenigsten Komplikationen bei Patienten auftraten, f\u00fcr die nicht gebetet wurde und die auch keine Kenntnis von ihrer Beteiligung an der Studie hatten. L\u00e4sst sich im Weiteren folgern, dass f\u00fcr kranke Menschen nicht gebetet werden sollte? Sollten die Menschen, f\u00fcr die dennoch gebetet wird, wenigstens davon nicht informiert werden?<\/p>\n\n\n\n<h4 class=\"wp-block-heading\" id=\"skepsis-und-kritik\"><strong>Skepsis und Kritik<\/strong><\/h4>\n\n\n\n<p>Wie nicht anders zu erwarten stie\u00dfen die Ergebnisse dieser weltweit beachteten Studie auf Skepsis. Schlie\u00dflich wurde die Intensit\u00e4t, mit der die Gebete gesprochen wurden, nicht ber\u00fccksichtigt und ebenso wenig die Glaubensst\u00e4rke der Betenden. Das \u201emechanische\u201c Beten gen\u00fcgte offenkundig.<\/p>\n\n\n\n<p>Dem Konzept der Studie lag das mechanistische Ursache-Wirkung-Prinzip zugrunde: Einer bestimmten Ursache (in diesem Fall das Gebet) folgt wiederholbar ein bestimmtes Ergebnis (eine Operation ohne Komplikationen im Beobachtungszeitraum). Wenn postuliert werden kann, dass bestimmte Gebete stets zu bestimmten Wirkungen f\u00fchren, ist Gott in der Konsequenz in seinem Handeln nicht mehr frei. Gott w\u00e4re gewisserma\u00dfen zu einem Automaten degradiert. Er w\u00e4re nicht allm\u00e4chtig.<\/p>\n\n\n\n<p>Neben der STEP-Studie sind einige weitere Studien bekannt, die ebenfalls das Ziel verfolgten, die Wirksamkeit von Gebeten zu ergr\u00fcnden. Grunds\u00e4tzlich muss allerdings die Frage gestellt werden, ob es \u00fcberhaupt m\u00f6glich ist, dieses Ziel zu erreichen. Ein Gott als von Menschen bedienbarer \u201eAutomat\u201c l\u00e4sst sich prinzipiell nicht mit dem Geist der Bibel und den Aussagen Gottes \u00fcber sich selbst vereinbaren.<\/p>\n\n\n\n<p>Eine Beziehungsreligion, zu der auch Judentum und Christentum z\u00e4hlen, setzt zudem Akzente, die sich mit dem mechanistischen Ursache-Wirkung-Prinzip nicht vereinbaren lassen. In der m\u00f6glichen Beziehung zwischen Gott und Mensch verf\u00fcgt jeder der beteiligten Partner \u00fcber einen freien Willen. Der Mensch ist zum Gebet nicht gezwungen. Es liegt an ihm, ob er die Beziehung zu Gott sucht und wie er sie von seiner Seite aus gestaltet. Ebenso ist Gott in seiner Gestaltung der Beziehung frei. In der Konsequenz ist der Betende keine \u201eGebetsmaschine\u201c und Gott keine \u201eErh\u00f6rungs- oder Erf\u00fcllungsmaschine\u201c. Teresa von Avila (1515-1582), Nonne und Mystikerin, dr\u00fcckte den Beziehungsaspekt beispielhaft aus: \u201eEin Gebet, bei dem man nicht bedenkt, mit wem man redet, um was man bittet, wer der ist, der bittet, und wer derjenige, zu dem man betet, nenne ich gar nicht Gebet, wie gesch\u00e4ftig man auch dabei die Lippen bewegt.\u201c<\/p>\n","protected":false},"excerpt":{"rendered":"<p>Sind Gebete wirksam? Diese Frage stellen sich viele Menschen, insbesondere jene, die einer Religion angeh\u00f6ren. Gebet bedeutet vom Menschen ausgehende Kommunikation, die mit der Erwartung auf Geh\u00f6r und&hellip;<\/p>\n","protected":false},"author":2,"featured_media":7400,"comment_status":"closed","ping_status":"open","sticky":false,"template":"template-full-width-only-content.php","format":"standard","meta":{"footnotes":""},"categories":[212],"tags":[],"yoast_head":"<!-- This site is optimized with the Yoast SEO plugin v24.5 - https:\/\/yoast.com\/wordpress\/plugins\/seo\/ -->\n<title>Kommunikation mit Gott \u2013 Sind Gebete wirksam?<\/title>\n<meta name=\"description\" content=\"Sind Gebete wirksam? Diese Frage stellen sich viele Menschen, insbesondere jene, die einer Religion angeh\u00f6ren. Erfahren Sie mehr dar\u00fcber!\" \/>\n<meta name=\"robots\" content=\"index, follow, max-snippet:-1, max-image-preview:large, max-video-preview:-1\" \/>\n<link rel=\"canonical\" href=\"https:\/\/dieter-jenz.de\/lc\/kommunikation-mit-gott-sind-gebete-wirksam\/\" \/>\n<meta property=\"og:locale\" content=\"de_DE\" \/>\n<meta property=\"og:type\" content=\"article\" \/>\n<meta property=\"og:title\" content=\"Kommunikation mit Gott \u2013 Sind Gebete wirksam?\" \/>\n<meta property=\"og:description\" content=\"Sind Gebete wirksam? Diese Frage stellen sich viele Menschen, insbesondere jene, die einer Religion angeh\u00f6ren. Erfahren Sie mehr dar\u00fcber!\" \/>\n<meta property=\"og:url\" content=\"https:\/\/dieter-jenz.de\/lc\/kommunikation-mit-gott-sind-gebete-wirksam\/\" \/>\n<meta property=\"og:site_name\" content=\"Dieter Jenz, Begleitung und Coaching\" \/>\n<meta property=\"article:publisher\" content=\"https:\/\/www.facebook.com\/dieter.jenz.inspiration\" \/>\n<meta property=\"article:author\" content=\"https:\/\/www.facebook.com\/dieter.jenz.inspiration\" \/>\n<meta property=\"article:published_time\" content=\"2022-08-25T14:45:00+00:00\" \/>\n<meta property=\"article:modified_time\" content=\"2022-12-21T09:06:46+00:00\" \/>\n<meta property=\"og:image\" content=\"https:\/\/dieter-jenz.de\/lc\/wp-content\/uploads\/2022\/08\/Beitragsbild-Kommunikation-mit-Gott-\u2013-Sind-Gebete-wirksam.jpeg\" \/>\n\t<meta property=\"og:image:width\" content=\"800\" \/>\n\t<meta property=\"og:image:height\" content=\"800\" \/>\n\t<meta property=\"og:image:type\" content=\"image\/jpeg\" \/>\n<meta name=\"author\" content=\"Dieter Jenz\" \/>\n<meta name=\"twitter:card\" content=\"summary_large_image\" \/>\n<meta name=\"twitter:creator\" content=\"@https:\/\/twitter.com\/dieterjenz\" \/>\n<meta name=\"twitter:site\" content=\"@dieterjenz\" \/>\n<meta name=\"twitter:label1\" content=\"Verfasst von\" \/>\n\t<meta name=\"twitter:data1\" content=\"Dieter Jenz\" \/>\n\t<meta name=\"twitter:label2\" content=\"Gesch\u00e4tzte Lesezeit\" \/>\n\t<meta name=\"twitter:data2\" content=\"11\u00a0Minuten\" \/>\n<script type=\"application\/ld+json\" class=\"yoast-schema-graph\">{\"@context\":\"https:\/\/schema.org\",\"@graph\":[{\"@type\":\"Article\",\"@id\":\"https:\/\/dieter-jenz.de\/lc\/kommunikation-mit-gott-sind-gebete-wirksam\/#article\",\"isPartOf\":{\"@id\":\"https:\/\/dieter-jenz.de\/lc\/kommunikation-mit-gott-sind-gebete-wirksam\/\"},\"author\":{\"name\":\"Dieter Jenz\",\"@id\":\"https:\/\/dieter-jenz.de\/lc\/#\/schema\/person\/618cfd5c289d0a23930cb258a43679ab\"},\"headline\":\"Kommunikation mit Gott \u2013 Sind Gebete wirksam?\",\"datePublished\":\"2022-08-25T14:45:00+00:00\",\"dateModified\":\"2022-12-21T09:06:46+00:00\",\"mainEntityOfPage\":{\"@id\":\"https:\/\/dieter-jenz.de\/lc\/kommunikation-mit-gott-sind-gebete-wirksam\/\"},\"wordCount\":2105,\"publisher\":{\"@id\":\"https:\/\/dieter-jenz.de\/lc\/#\/schema\/person\/618cfd5c289d0a23930cb258a43679ab\"},\"image\":{\"@id\":\"https:\/\/dieter-jenz.de\/lc\/kommunikation-mit-gott-sind-gebete-wirksam\/#primaryimage\"},\"thumbnailUrl\":\"https:\/\/dieter-jenz.de\/lc\/wp-content\/uploads\/2022\/08\/Beitragsbild-Kommunikation-mit-Gott-\u2013-Sind-Gebete-wirksam.jpeg\",\"articleSection\":[\"Lebensfragen\"],\"inLanguage\":\"de\"},{\"@type\":\"WebPage\",\"@id\":\"https:\/\/dieter-jenz.de\/lc\/kommunikation-mit-gott-sind-gebete-wirksam\/\",\"url\":\"https:\/\/dieter-jenz.de\/lc\/kommunikation-mit-gott-sind-gebete-wirksam\/\",\"name\":\"Kommunikation mit Gott \u2013 Sind Gebete wirksam?\",\"isPartOf\":{\"@id\":\"https:\/\/dieter-jenz.de\/lc\/#website\"},\"primaryImageOfPage\":{\"@id\":\"https:\/\/dieter-jenz.de\/lc\/kommunikation-mit-gott-sind-gebete-wirksam\/#primaryimage\"},\"image\":{\"@id\":\"https:\/\/dieter-jenz.de\/lc\/kommunikation-mit-gott-sind-gebete-wirksam\/#primaryimage\"},\"thumbnailUrl\":\"https:\/\/dieter-jenz.de\/lc\/wp-content\/uploads\/2022\/08\/Beitragsbild-Kommunikation-mit-Gott-\u2013-Sind-Gebete-wirksam.jpeg\",\"datePublished\":\"2022-08-25T14:45:00+00:00\",\"dateModified\":\"2022-12-21T09:06:46+00:00\",\"description\":\"Sind Gebete wirksam? Diese Frage stellen sich viele Menschen, insbesondere jene, die einer Religion angeh\u00f6ren. Erfahren Sie mehr dar\u00fcber!\",\"breadcrumb\":{\"@id\":\"https:\/\/dieter-jenz.de\/lc\/kommunikation-mit-gott-sind-gebete-wirksam\/#breadcrumb\"},\"inLanguage\":\"de\",\"potentialAction\":[{\"@type\":\"ReadAction\",\"target\":[\"https:\/\/dieter-jenz.de\/lc\/kommunikation-mit-gott-sind-gebete-wirksam\/\"]}]},{\"@type\":\"ImageObject\",\"inLanguage\":\"de\",\"@id\":\"https:\/\/dieter-jenz.de\/lc\/kommunikation-mit-gott-sind-gebete-wirksam\/#primaryimage\",\"url\":\"https:\/\/dieter-jenz.de\/lc\/wp-content\/uploads\/2022\/08\/Beitragsbild-Kommunikation-mit-Gott-\u2013-Sind-Gebete-wirksam.jpeg\",\"contentUrl\":\"https:\/\/dieter-jenz.de\/lc\/wp-content\/uploads\/2022\/08\/Beitragsbild-Kommunikation-mit-Gott-\u2013-Sind-Gebete-wirksam.jpeg\",\"width\":800,\"height\":800,\"caption\":\"Gestaltung: privat\"},{\"@type\":\"BreadcrumbList\",\"@id\":\"https:\/\/dieter-jenz.de\/lc\/kommunikation-mit-gott-sind-gebete-wirksam\/#breadcrumb\",\"itemListElement\":[{\"@type\":\"ListItem\",\"position\":1,\"name\":\"Home\",\"item\":\"https:\/\/dieter-jenz.de\/lc\/\"},{\"@type\":\"ListItem\",\"position\":2,\"name\":\"Lebensfragen\",\"item\":\"https:\/\/dieter-jenz.de\/lc\/category\/lebensfragen\/\"},{\"@type\":\"ListItem\",\"position\":3,\"name\":\"Kommunikation mit Gott \u2013 Sind Gebete wirksam?\"}]},{\"@type\":\"WebSite\",\"@id\":\"https:\/\/dieter-jenz.de\/lc\/#website\",\"url\":\"https:\/\/dieter-jenz.de\/lc\/\",\"name\":\"Dieter Jenz, Begleitung und Coaching\",\"description\":\"Die andere, neue Sichtweise entdecken - auftanken - neue Wege gehen\",\"publisher\":{\"@id\":\"https:\/\/dieter-jenz.de\/lc\/#\/schema\/person\/618cfd5c289d0a23930cb258a43679ab\"},\"potentialAction\":[{\"@type\":\"SearchAction\",\"target\":{\"@type\":\"EntryPoint\",\"urlTemplate\":\"https:\/\/dieter-jenz.de\/lc\/?s={search_term_string}\"},\"query-input\":{\"@type\":\"PropertyValueSpecification\",\"valueRequired\":true,\"valueName\":\"search_term_string\"}}],\"inLanguage\":\"de\"},{\"@type\":[\"Person\",\"Organization\"],\"@id\":\"https:\/\/dieter-jenz.de\/lc\/#\/schema\/person\/618cfd5c289d0a23930cb258a43679ab\",\"name\":\"Dieter Jenz\",\"image\":{\"@type\":\"ImageObject\",\"inLanguage\":\"de\",\"@id\":\"https:\/\/dieter-jenz.de\/lc\/#\/schema\/person\/image\/\",\"url\":\"https:\/\/dieter-jenz.de\/lc\/wp-content\/uploads\/2020\/01\/Logo-Coaching-und-Begleitung.png\",\"contentUrl\":\"https:\/\/dieter-jenz.de\/lc\/wp-content\/uploads\/2020\/01\/Logo-Coaching-und-Begleitung.png\",\"width\":320,\"height\":240,\"caption\":\"Dieter Jenz\"},\"logo\":{\"@id\":\"https:\/\/dieter-jenz.de\/lc\/#\/schema\/person\/image\/\"},\"description\":\"Ich bin Dieter Jenz, Begleiter, Berater und Coach mit Leidenschaft. \u00dcber viele Jahre hinweg habe ich einen reichen Schatz an Kompetenz und Erfahrung erworben. Meine Themen sind die \\\"4L\\\": Lebensaufgabe, Lebensplanung, Lebensnavigation und Lebensqualit\u00e4t.\",\"sameAs\":[\"https:\/\/www.facebook.com\/dieter.jenz.inspiration\",\"https:\/\/www.pinterest.de\/dieterjenz\/\",\"https:\/\/x.com\/https:\/\/twitter.com\/dieterjenz\"],\"url\":\"https:\/\/dieter-jenz.de\/lc\/author\/dieter\/\"}]}<\/script>\n<!-- \/ Yoast SEO plugin. -->","yoast_head_json":{"title":"Kommunikation mit Gott \u2013 Sind Gebete wirksam?","description":"Sind Gebete wirksam? Diese Frage stellen sich viele Menschen, insbesondere jene, die einer Religion angeh\u00f6ren. Erfahren Sie mehr dar\u00fcber!","robots":{"index":"index","follow":"follow","max-snippet":"max-snippet:-1","max-image-preview":"max-image-preview:large","max-video-preview":"max-video-preview:-1"},"canonical":"https:\/\/dieter-jenz.de\/lc\/kommunikation-mit-gott-sind-gebete-wirksam\/","og_locale":"de_DE","og_type":"article","og_title":"Kommunikation mit Gott \u2013 Sind Gebete wirksam?","og_description":"Sind Gebete wirksam? Diese Frage stellen sich viele Menschen, insbesondere jene, die einer Religion angeh\u00f6ren. Erfahren Sie mehr dar\u00fcber!","og_url":"https:\/\/dieter-jenz.de\/lc\/kommunikation-mit-gott-sind-gebete-wirksam\/","og_site_name":"Dieter Jenz, Begleitung und Coaching","article_publisher":"https:\/\/www.facebook.com\/dieter.jenz.inspiration","article_author":"https:\/\/www.facebook.com\/dieter.jenz.inspiration","article_published_time":"2022-08-25T14:45:00+00:00","article_modified_time":"2022-12-21T09:06:46+00:00","og_image":[{"width":800,"height":800,"url":"https:\/\/dieter-jenz.de\/lc\/wp-content\/uploads\/2022\/08\/Beitragsbild-Kommunikation-mit-Gott-\u2013-Sind-Gebete-wirksam.jpeg","type":"image\/jpeg"}],"author":"Dieter Jenz","twitter_card":"summary_large_image","twitter_creator":"@https:\/\/twitter.com\/dieterjenz","twitter_site":"@dieterjenz","twitter_misc":{"Verfasst von":"Dieter Jenz","Gesch\u00e4tzte Lesezeit":"11\u00a0Minuten"},"schema":{"@context":"https:\/\/schema.org","@graph":[{"@type":"Article","@id":"https:\/\/dieter-jenz.de\/lc\/kommunikation-mit-gott-sind-gebete-wirksam\/#article","isPartOf":{"@id":"https:\/\/dieter-jenz.de\/lc\/kommunikation-mit-gott-sind-gebete-wirksam\/"},"author":{"name":"Dieter Jenz","@id":"https:\/\/dieter-jenz.de\/lc\/#\/schema\/person\/618cfd5c289d0a23930cb258a43679ab"},"headline":"Kommunikation mit Gott \u2013 Sind Gebete wirksam?","datePublished":"2022-08-25T14:45:00+00:00","dateModified":"2022-12-21T09:06:46+00:00","mainEntityOfPage":{"@id":"https:\/\/dieter-jenz.de\/lc\/kommunikation-mit-gott-sind-gebete-wirksam\/"},"wordCount":2105,"publisher":{"@id":"https:\/\/dieter-jenz.de\/lc\/#\/schema\/person\/618cfd5c289d0a23930cb258a43679ab"},"image":{"@id":"https:\/\/dieter-jenz.de\/lc\/kommunikation-mit-gott-sind-gebete-wirksam\/#primaryimage"},"thumbnailUrl":"https:\/\/dieter-jenz.de\/lc\/wp-content\/uploads\/2022\/08\/Beitragsbild-Kommunikation-mit-Gott-\u2013-Sind-Gebete-wirksam.jpeg","articleSection":["Lebensfragen"],"inLanguage":"de"},{"@type":"WebPage","@id":"https:\/\/dieter-jenz.de\/lc\/kommunikation-mit-gott-sind-gebete-wirksam\/","url":"https:\/\/dieter-jenz.de\/lc\/kommunikation-mit-gott-sind-gebete-wirksam\/","name":"Kommunikation mit Gott \u2013 Sind Gebete wirksam?","isPartOf":{"@id":"https:\/\/dieter-jenz.de\/lc\/#website"},"primaryImageOfPage":{"@id":"https:\/\/dieter-jenz.de\/lc\/kommunikation-mit-gott-sind-gebete-wirksam\/#primaryimage"},"image":{"@id":"https:\/\/dieter-jenz.de\/lc\/kommunikation-mit-gott-sind-gebete-wirksam\/#primaryimage"},"thumbnailUrl":"https:\/\/dieter-jenz.de\/lc\/wp-content\/uploads\/2022\/08\/Beitragsbild-Kommunikation-mit-Gott-\u2013-Sind-Gebete-wirksam.jpeg","datePublished":"2022-08-25T14:45:00+00:00","dateModified":"2022-12-21T09:06:46+00:00","description":"Sind Gebete wirksam? Diese Frage stellen sich viele Menschen, insbesondere jene, die einer Religion angeh\u00f6ren. Erfahren Sie mehr dar\u00fcber!","breadcrumb":{"@id":"https:\/\/dieter-jenz.de\/lc\/kommunikation-mit-gott-sind-gebete-wirksam\/#breadcrumb"},"inLanguage":"de","potentialAction":[{"@type":"ReadAction","target":["https:\/\/dieter-jenz.de\/lc\/kommunikation-mit-gott-sind-gebete-wirksam\/"]}]},{"@type":"ImageObject","inLanguage":"de","@id":"https:\/\/dieter-jenz.de\/lc\/kommunikation-mit-gott-sind-gebete-wirksam\/#primaryimage","url":"https:\/\/dieter-jenz.de\/lc\/wp-content\/uploads\/2022\/08\/Beitragsbild-Kommunikation-mit-Gott-\u2013-Sind-Gebete-wirksam.jpeg","contentUrl":"https:\/\/dieter-jenz.de\/lc\/wp-content\/uploads\/2022\/08\/Beitragsbild-Kommunikation-mit-Gott-\u2013-Sind-Gebete-wirksam.jpeg","width":800,"height":800,"caption":"Gestaltung: privat"},{"@type":"BreadcrumbList","@id":"https:\/\/dieter-jenz.de\/lc\/kommunikation-mit-gott-sind-gebete-wirksam\/#breadcrumb","itemListElement":[{"@type":"ListItem","position":1,"name":"Home","item":"https:\/\/dieter-jenz.de\/lc\/"},{"@type":"ListItem","position":2,"name":"Lebensfragen","item":"https:\/\/dieter-jenz.de\/lc\/category\/lebensfragen\/"},{"@type":"ListItem","position":3,"name":"Kommunikation mit Gott \u2013 Sind Gebete wirksam?"}]},{"@type":"WebSite","@id":"https:\/\/dieter-jenz.de\/lc\/#website","url":"https:\/\/dieter-jenz.de\/lc\/","name":"Dieter Jenz, Begleitung und Coaching","description":"Die andere, neue Sichtweise entdecken - auftanken - neue Wege gehen","publisher":{"@id":"https:\/\/dieter-jenz.de\/lc\/#\/schema\/person\/618cfd5c289d0a23930cb258a43679ab"},"potentialAction":[{"@type":"SearchAction","target":{"@type":"EntryPoint","urlTemplate":"https:\/\/dieter-jenz.de\/lc\/?s={search_term_string}"},"query-input":{"@type":"PropertyValueSpecification","valueRequired":true,"valueName":"search_term_string"}}],"inLanguage":"de"},{"@type":["Person","Organization"],"@id":"https:\/\/dieter-jenz.de\/lc\/#\/schema\/person\/618cfd5c289d0a23930cb258a43679ab","name":"Dieter Jenz","image":{"@type":"ImageObject","inLanguage":"de","@id":"https:\/\/dieter-jenz.de\/lc\/#\/schema\/person\/image\/","url":"https:\/\/dieter-jenz.de\/lc\/wp-content\/uploads\/2020\/01\/Logo-Coaching-und-Begleitung.png","contentUrl":"https:\/\/dieter-jenz.de\/lc\/wp-content\/uploads\/2020\/01\/Logo-Coaching-und-Begleitung.png","width":320,"height":240,"caption":"Dieter Jenz"},"logo":{"@id":"https:\/\/dieter-jenz.de\/lc\/#\/schema\/person\/image\/"},"description":"Ich bin Dieter Jenz, Begleiter, Berater und Coach mit Leidenschaft. \u00dcber viele Jahre hinweg habe ich einen reichen Schatz an Kompetenz und Erfahrung erworben. Meine Themen sind die \"4L\": Lebensaufgabe, Lebensplanung, Lebensnavigation und Lebensqualit\u00e4t.","sameAs":["https:\/\/www.facebook.com\/dieter.jenz.inspiration","https:\/\/www.pinterest.de\/dieterjenz\/","https:\/\/x.com\/https:\/\/twitter.com\/dieterjenz"],"url":"https:\/\/dieter-jenz.de\/lc\/author\/dieter\/"}]}},"_links":{"self":[{"href":"https:\/\/dieter-jenz.de\/lc\/wp-json\/wp\/v2\/posts\/7401"}],"collection":[{"href":"https:\/\/dieter-jenz.de\/lc\/wp-json\/wp\/v2\/posts"}],"about":[{"href":"https:\/\/dieter-jenz.de\/lc\/wp-json\/wp\/v2\/types\/post"}],"author":[{"embeddable":true,"href":"https:\/\/dieter-jenz.de\/lc\/wp-json\/wp\/v2\/users\/2"}],"replies":[{"embeddable":true,"href":"https:\/\/dieter-jenz.de\/lc\/wp-json\/wp\/v2\/comments?post=7401"}],"version-history":[{"count":4,"href":"https:\/\/dieter-jenz.de\/lc\/wp-json\/wp\/v2\/posts\/7401\/revisions"}],"predecessor-version":[{"id":7881,"href":"https:\/\/dieter-jenz.de\/lc\/wp-json\/wp\/v2\/posts\/7401\/revisions\/7881"}],"wp:featuredmedia":[{"embeddable":true,"href":"https:\/\/dieter-jenz.de\/lc\/wp-json\/wp\/v2\/media\/7400"}],"wp:attachment":[{"href":"https:\/\/dieter-jenz.de\/lc\/wp-json\/wp\/v2\/media?parent=7401"}],"wp:term":[{"taxonomy":"category","embeddable":true,"href":"https:\/\/dieter-jenz.de\/lc\/wp-json\/wp\/v2\/categories?post=7401"},{"taxonomy":"post_tag","embeddable":true,"href":"https:\/\/dieter-jenz.de\/lc\/wp-json\/wp\/v2\/tags?post=7401"}],"curies":[{"name":"wp","href":"https:\/\/api.w.org\/{rel}","templated":true}]}}