{"id":7537,"date":"2022-10-10T12:00:00","date_gmt":"2022-10-10T10:00:00","guid":{"rendered":"https:\/\/dieter-jenz.de\/lc\/?p=7537"},"modified":"2022-10-10T12:08:18","modified_gmt":"2022-10-10T10:08:18","slug":"multiversum-oder-zusaetzliche-dimensionen","status":"publish","type":"post","link":"https:\/\/dieter-jenz.de\/lc\/multiversum-oder-zusaetzliche-dimensionen\/","title":{"rendered":"Multiversum oder zus\u00e4tzliche Dimensionen?"},"content":{"rendered":"<div class=\"yoast-breadcrumbs\"><span><span><a href=\"https:\/\/dieter-jenz.de\/lc\/\">Home<\/a><\/span> \u00bb <span><a href=\"https:\/\/dieter-jenz.de\/lc\/category\/lebensfragen\/\">Lebensfragen<\/a><\/span> \u00bb <span class=\"breadcrumb_last\" aria-current=\"page\"><strong>Multiversum oder zus\u00e4tzliche Dimensionen?<\/strong><\/span><\/span><\/div>\n\n\n<div style=\"height:50px\" aria-hidden=\"true\" class=\"wp-block-spacer\"><\/div>\n\n\n\n<p>Gibt es ein Multiversum oder gibt es im beobachtbaren Universum weitere noch unbekannte Dimensionen?<\/p>\n\n\n\n<div class=\"wp-block-group\"><div class=\"wp-block-group__inner-container is-layout-constrained wp-block-group-is-layout-constrained\">\n<p><strong>Inhalte:<\/strong><\/p>\n<\/div><\/div>\n\n\n\n<nav class=\"wp-block-table-of-contents\"><ol><li><a class=\"wp-block-table-of-contents__entry\" href=\"https:\/\/dieter-jenz.de\/lc\/multiversum-oder-zusaetzliche-dimensionen\/#unterscheidungskriterien\">Unterscheidungskriterien<\/a><ol><li><a class=\"wp-block-table-of-contents__entry\" href=\"https:\/\/dieter-jenz.de\/lc\/multiversum-oder-zusaetzliche-dimensionen\/#ubernaturliches-sehen\">\u00dcbernat\u00fcrliches Sehen<\/a><\/li><li><a class=\"wp-block-table-of-contents__entry\" href=\"https:\/\/dieter-jenz.de\/lc\/multiversum-oder-zusaetzliche-dimensionen\/#ubernaturliches-verstehen\">\u00dcbernat\u00fcrliches Verstehen<\/a><\/li><li><a class=\"wp-block-table-of-contents__entry\" href=\"https:\/\/dieter-jenz.de\/lc\/multiversum-oder-zusaetzliche-dimensionen\/#unabhangigkeit-von-physikalischen-gesetzen\">Unabh\u00e4ngigkeit von physikalischen Gesetzen<\/a><\/li><li><a class=\"wp-block-table-of-contents__entry\" href=\"https:\/\/dieter-jenz.de\/lc\/multiversum-oder-zusaetzliche-dimensionen\/#zeitungebundenheit\">Zeitungebundenheit<\/a><\/li><\/ol><\/li><li><a class=\"wp-block-table-of-contents__entry\" href=\"https:\/\/dieter-jenz.de\/lc\/multiversum-oder-zusaetzliche-dimensionen\/#folgerungen\">Folgerungen<\/a><\/li><\/ol><\/nav>\n\n\n\n<div class=\"wp-block-media-text is-stacked-on-mobile has-background-background-color has-background\" style=\"grid-template-columns:15% auto\"><figure class=\"wp-block-media-text__media\"><a href=\"https:\/\/dieter-jenz.de\/lc\/was-geschieht-mit-mir-wenn-ich-sterbe\/\"><img loading=\"lazy\" decoding=\"async\" width=\"800\" height=\"800\" src=\"https:\/\/dieter-jenz.de\/lc\/wp-content\/uploads\/2022\/03\/Beitragsbild-Was-geschieht-mit-mir-wenn-ich-sterbe.jpeg\" alt=\"Was geschieht mit mir wenn ich sterbe - Gestaltung: privat\" class=\"wp-image-7029 size-full\" srcset=\"https:\/\/dieter-jenz.de\/lc\/wp-content\/uploads\/2022\/03\/Beitragsbild-Was-geschieht-mit-mir-wenn-ich-sterbe.jpeg 800w, https:\/\/dieter-jenz.de\/lc\/wp-content\/uploads\/2022\/03\/Beitragsbild-Was-geschieht-mit-mir-wenn-ich-sterbe-300x300.jpeg 300w, https:\/\/dieter-jenz.de\/lc\/wp-content\/uploads\/2022\/03\/Beitragsbild-Was-geschieht-mit-mir-wenn-ich-sterbe-150x150.jpeg 150w, https:\/\/dieter-jenz.de\/lc\/wp-content\/uploads\/2022\/03\/Beitragsbild-Was-geschieht-mit-mir-wenn-ich-sterbe-768x768.jpeg 768w, https:\/\/dieter-jenz.de\/lc\/wp-content\/uploads\/2022\/03\/Beitragsbild-Was-geschieht-mit-mir-wenn-ich-sterbe-540x540.jpeg 540w\" sizes=\"(max-width: 800px) 100vw, 800px\" \/><\/a><\/figure><div class=\"wp-block-media-text__content\">\n<p class=\"has-border-background-color has-background has-normal-font-size\">Dieser Beitrag ist Teil der Serie &#8222;<em>Was geschieht mit mir wenn ich sterbe?<\/em>&#8220; <br>Grobes <a href=\"https:\/\/dieter-jenz.de\/lc\/was-geschieht-mit-mir-wenn-ich-sterbe\/\" target=\"_blank\" rel=\"noreferrer noopener\">Inhaltsverzeichnis<\/a><\/p>\n<\/div><\/div>\n\n\n\n<p>Der Gedanke, ob der extrauniversale Existenzraum, das Jenseits, lediglich den intrauniversalen Existenzraum, das Diesseits, um zus\u00e4tzliche Dimensionen erweitert, liegt zweifellos nahe. Diesem Gedanken folgend w\u00e4ren alle im Diesseits lebenden Menschen an die drei Raumdimensionen und die Zeitdimension gebunden. Mit dem \u00dcbergang in den extrauniversalen Existenzraum w\u00fcrde diese Beschr\u00e4nkung entfallen.<\/p>\n\n\n\n<p>Allerdings bleibt derzeit noch wissenschaftlich ungekl\u00e4rt, mit wie vielen Dimensionen sich das beobachtbare Universum beschreiben l\u00e4sst. Manche Theorien gehen von wesentlich mehr Dimensionen aus. So erfordert beispielsweise die String-Theorie eine 26-dimensionale Raumzeit, w\u00e4hrend die Superstring-Theorie mit einer 10-dimensionalen Raumzeit auskommt.<\/p>\n\n\n\n<p>In seinem Buch \u201eThe Fourth Dimension: Toward a Geometry of Higher Reality\u201c illustriert der Mathematiker Rudy Rucker anschaulich, welche F\u00e4higkeiten vierdimensionale Wesen im beobachtbaren Universum h\u00e4tten. Ihnen w\u00e4re es beispielsweise m\u00f6glich, in ein Haus einzudringen oder es zu verlassen, ohne eine T\u00fcr zu \u00f6ffnen.<\/p>\n\n\n<div class=\"su-box su-box-style-default\" id=\"\" style=\"border-color:#000000;border-radius:3px;\"><div class=\"su-box-title\" style=\"background-color:#333333;color:#FFFFFF;border-top-left-radius:1px;border-top-right-radius:1px\">Letzte Beitr\u00e4ge <\/div><div class=\"su-box-content su-u-clearfix su-u-trim\" style=\"border-bottom-left-radius:1px;border-bottom-right-radius:1px\"><div class=\"su-expand su-expand-collapsed su-expand-link-style-default\" data-height=\"100\"><div class=\"su-expand-content su-u-trim\" style=\"color:#333333;max-height:100px;overflow:hidden\">\n\n<div class=\"su-posts su-posts-teaser-loop \">\n\n\t\t\t\t\t\t\n\t\t\t\n\t\t\t<div id=\"su-post-12357\" class=\"su-post \">\n\t\t\t\t\t\t\t\t\t<a class=\"su-post-thumbnail\" href=\"https:\/\/dieter-jenz.de\/lc\/die-realitaet-das-individuelle-selbst-befindet-sich-nicht-im-gehirn\/\"><img loading=\"lazy\" decoding=\"async\" width=\"800\" height=\"800\" src=\"https:\/\/dieter-jenz.de\/lc\/wp-content\/uploads\/2024\/11\/Beitragsbild-Realitaet-Individuelles-Selbst-nicht-im-Gehirn.jpeg\" class=\"attachment-post-thumbnail size-post-thumbnail wp-post-image\" alt=\"Realit\u00e4t Das individuelle Selbst befindet sich nicht im Gehirn - Gestaltung: privat\" \/><\/a>\n\t\t\t\t\t\t\t\t<h2 class=\"su-post-title\"><a href=\"https:\/\/dieter-jenz.de\/lc\/die-realitaet-das-individuelle-selbst-befindet-sich-nicht-im-gehirn\/\">Die Realit\u00e4t: Das individuelle Selbst befindet sich nicht im Gehirn<\/a><\/h2>\n\t\t\t<\/div>\n\n\t\t\t\t\t\n\t\t\t\n\t\t\t<div id=\"su-post-12328\" class=\"su-post \">\n\t\t\t\t\t\t\t\t\t<a class=\"su-post-thumbnail\" href=\"https:\/\/dieter-jenz.de\/lc\/verifikation-der-eis-hypothese-ungewoehnliche-erinnerungen\/\"><img loading=\"lazy\" decoding=\"async\" width=\"800\" height=\"800\" src=\"https:\/\/dieter-jenz.de\/lc\/wp-content\/uploads\/2024\/11\/Beitragsbild-Verifikation-EIS-Hypothese-Ungewoehnliche-Erinnerungen.jpeg\" class=\"attachment-post-thumbnail size-post-thumbnail wp-post-image\" alt=\"Verifikation frt EIS-Hypothese: Ungew\u00f6hnliche Erinnerungen - Gestaltung: privat\" \/><\/a>\n\t\t\t\t\t\t\t\t<h2 class=\"su-post-title\"><a href=\"https:\/\/dieter-jenz.de\/lc\/verifikation-der-eis-hypothese-ungewoehnliche-erinnerungen\/\">Verifikation der EIS-Hypothese: Ungew\u00f6hnliche Erinnerungen<\/a><\/h2>\n\t\t\t<\/div>\n\n\t\t\t\t\t\n\t\t\t\n\t\t\t<div id=\"su-post-12313\" class=\"su-post \">\n\t\t\t\t\t\t\t\t\t<a class=\"su-post-thumbnail\" href=\"https:\/\/dieter-jenz.de\/lc\/verifikation-der-eis-hypothese-terminale-geistesklarheit\/\"><img loading=\"lazy\" decoding=\"async\" width=\"800\" height=\"800\" src=\"https:\/\/dieter-jenz.de\/lc\/wp-content\/uploads\/2024\/11\/Beitragsbild-Verifikation-EIS-Hypothese-Terminale-Geistesklarheit.jpeg\" class=\"attachment-post-thumbnail size-post-thumbnail wp-post-image\" alt=\"Verifikation der EIS-Hypothese: Terminale Geistesklarheit - Gestaltung: privat\" \/><\/a>\n\t\t\t\t\t\t\t\t<h2 class=\"su-post-title\"><a href=\"https:\/\/dieter-jenz.de\/lc\/verifikation-der-eis-hypothese-terminale-geistesklarheit\/\">Verifikation der EIS-Hypothese: Terminale Geistesklarheit<\/a><\/h2>\n\t\t\t<\/div>\n\n\t\t\t\t\t\n\t\t\t\n\t\t\t<div id=\"su-post-12248\" class=\"su-post \">\n\t\t\t\t\t\t\t\t\t<a class=\"su-post-thumbnail\" href=\"https:\/\/dieter-jenz.de\/lc\/verifikation-der-eis-hypothese-nahtoderfahrung\/\"><img loading=\"lazy\" decoding=\"async\" width=\"800\" height=\"800\" src=\"https:\/\/dieter-jenz.de\/lc\/wp-content\/uploads\/2024\/10\/Beitragsbild-Verifikation-EIS-Hypothese-Nahtoderfahrung.jpeg\" class=\"attachment-post-thumbnail size-post-thumbnail wp-post-image\" alt=\"Verifikation der EIS-Hypothese: Nahtoderfahrung - Gestaltung: privat\" \/><\/a>\n\t\t\t\t\t\t\t\t<h2 class=\"su-post-title\"><a href=\"https:\/\/dieter-jenz.de\/lc\/verifikation-der-eis-hypothese-nahtoderfahrung\/\">Verifikation der EIS-Hypothese: Nahtoderfahrung<\/a><\/h2>\n\t\t\t<\/div>\n\n\t\t\t\t\t\n\t\t\t\n\t\t\t<div id=\"su-post-12193\" class=\"su-post \">\n\t\t\t\t\t\t\t\t\t<a class=\"su-post-thumbnail\" href=\"https:\/\/dieter-jenz.de\/lc\/das-losloesungsszenario-ist-es-plausibel\/\"><img loading=\"lazy\" decoding=\"async\" width=\"800\" height=\"800\" src=\"https:\/\/dieter-jenz.de\/lc\/wp-content\/uploads\/2024\/09\/Beitragsbild-Losloesungsszenario.jpeg\" class=\"attachment-post-thumbnail size-post-thumbnail wp-post-image\" alt=\"Losl\u00f6sungsszenario - Gestaltung: privat\" \/><\/a>\n\t\t\t\t\t\t\t\t<h2 class=\"su-post-title\"><a href=\"https:\/\/dieter-jenz.de\/lc\/das-losloesungsszenario-ist-es-plausibel\/\">Das Losl\u00f6sungsszenario &#8211; ist es plausibel?<\/a><\/h2>\n\t\t\t<\/div>\n\n\t\t\t\t\t\n\t\t\t\n\t\t\t<div id=\"su-post-12174\" class=\"su-post \">\n\t\t\t\t\t\t\t\t\t<a class=\"su-post-thumbnail\" href=\"https:\/\/dieter-jenz.de\/lc\/das-evakuierungsszenario-ist-es-plausibel\/\"><img loading=\"lazy\" decoding=\"async\" width=\"800\" height=\"800\" src=\"https:\/\/dieter-jenz.de\/lc\/wp-content\/uploads\/2024\/09\/Beitragsbild-Evakuierungsszenario.jpeg\" class=\"attachment-post-thumbnail size-post-thumbnail wp-post-image\" alt=\"Evakuierungsszenario - Gestaltung: privat\" \/><\/a>\n\t\t\t\t\t\t\t\t<h2 class=\"su-post-title\"><a href=\"https:\/\/dieter-jenz.de\/lc\/das-evakuierungsszenario-ist-es-plausibel\/\">Das Evakuierungsszenario &#8211; ist es plausibel?<\/a><\/h2>\n\t\t\t<\/div>\n\n\t\t\t\t\t\n\t\t\t\n\t\t\t<div id=\"su-post-12136\" class=\"su-post \">\n\t\t\t\t\t\t\t\t\t<a class=\"su-post-thumbnail\" href=\"https:\/\/dieter-jenz.de\/lc\/das-erloeschungsszenario-ist-es-plausibel\/\"><img loading=\"lazy\" decoding=\"async\" width=\"800\" height=\"800\" src=\"https:\/\/dieter-jenz.de\/lc\/wp-content\/uploads\/2024\/09\/Beitragsbild-Erloeschungsszenario.jpeg\" class=\"attachment-post-thumbnail size-post-thumbnail wp-post-image\" alt=\"Erl\u00f6schungsszenario - Gestaltung: privat\" \/><\/a>\n\t\t\t\t\t\t\t\t<h2 class=\"su-post-title\"><a href=\"https:\/\/dieter-jenz.de\/lc\/das-erloeschungsszenario-ist-es-plausibel\/\">Das Erl\u00f6schungsszenario &#8211; ist es plausibel?<\/a><\/h2>\n\t\t\t<\/div>\n\n\t\t\t\t\t\n\t\t\t\n\t\t\t<div id=\"su-post-11981\" class=\"su-post \">\n\t\t\t\t\t\t\t\t\t<a class=\"su-post-thumbnail\" href=\"https:\/\/dieter-jenz.de\/lc\/was-sind-nahtoderfahrungenwie-werden-sie-erlebt\/\"><img loading=\"lazy\" decoding=\"async\" width=\"800\" height=\"800\" src=\"https:\/\/dieter-jenz.de\/lc\/wp-content\/uploads\/2024\/07\/Beitragsbild-Was-sind-Nahtoderfahrungen.jpeg\" class=\"attachment-post-thumbnail size-post-thumbnail wp-post-image\" alt=\"Was sind Nahtoderfahrungen - Gestaltung: privat\" \/><\/a>\n\t\t\t\t\t\t\t\t<h2 class=\"su-post-title\"><a href=\"https:\/\/dieter-jenz.de\/lc\/was-sind-nahtoderfahrungenwie-werden-sie-erlebt\/\">Was sind Nahtoderfahrungen? Wie werden sie erlebt?<\/a><\/h2>\n\t\t\t<\/div>\n\n\t\t\t\t\t\n\t\t\t\n\t\t\t<div id=\"su-post-11947\" class=\"su-post \">\n\t\t\t\t\t\t\t\t\t<a class=\"su-post-thumbnail\" href=\"https:\/\/dieter-jenz.de\/lc\/taktile-kommunikation-was-verbirgt-sich-dahinter\/\"><img loading=\"lazy\" decoding=\"async\" width=\"800\" height=\"800\" src=\"https:\/\/dieter-jenz.de\/lc\/wp-content\/uploads\/2024\/07\/Beitragsbild-Taktile-Kommunikation.jpeg\" class=\"attachment-post-thumbnail size-post-thumbnail wp-post-image\" alt=\"Taktile Kommunikation - Gestaltung: privat\" \/><\/a>\n\t\t\t\t\t\t\t\t<h2 class=\"su-post-title\"><a href=\"https:\/\/dieter-jenz.de\/lc\/taktile-kommunikation-was-verbirgt-sich-dahinter\/\">Taktile Kommunikation \u2013 was verbirgt sich dahinter?<\/a><\/h2>\n\t\t\t<\/div>\n\n\t\t\t\t\t\n\t\t\t\n\t\t\t<div id=\"su-post-11943\" class=\"su-post \">\n\t\t\t\t\t\t\t\t\t<a class=\"su-post-thumbnail\" href=\"https:\/\/dieter-jenz.de\/lc\/olfaktorische-kommunikation-was-verbirgt-sich-dahinter\/\"><img loading=\"lazy\" decoding=\"async\" width=\"800\" height=\"800\" src=\"https:\/\/dieter-jenz.de\/lc\/wp-content\/uploads\/2024\/07\/Beitragsbild-Olfaktorische-Kommunikation.jpeg\" class=\"attachment-post-thumbnail size-post-thumbnail wp-post-image\" alt=\"Olfaktorische Kommunikation - Gestaltung: privat\" \/><\/a>\n\t\t\t\t\t\t\t\t<h2 class=\"su-post-title\"><a href=\"https:\/\/dieter-jenz.de\/lc\/olfaktorische-kommunikation-was-verbirgt-sich-dahinter\/\">Olfaktorische Kommunikation \u2013 was verbirgt sich dahinter?<\/a><\/h2>\n\t\t\t<\/div>\n\n\t\t\t\n<\/div>\n  <\/div><div class=\"su-expand-link su-expand-link-more\" style=\"text-align:left\"><a href=\"javascript:;\" style=\"color:#0088FF;border-color:#0088FF\"><span style=\"border-color:#0088FF\">Mehr anzeigen<\/span><\/a><\/div><div class=\"su-expand-link su-expand-link-less\" style=\"text-align:left\"><a href=\"javascript:;\" style=\"color:#0088FF;border-color:#0088FF\"><span style=\"border-color:#0088FF\">Weniger anzeigen<\/span><\/a><\/div><\/div><\/div><\/div>\n\n\n\n<h3 class=\"wp-block-heading\" id=\"unterscheidungskriterien\"><strong>Unterscheidungskriterien<\/strong><\/h3>\n\n\n\n<p>Ist der bisher so bezeichnete extrauniversale Existenzraum in Wirklichkeit doch nicht extrauniversal? Gibt es am Ende doch nur einen intrauniversalen Existenzraum, der in Wirklichkeit weitere Dimensionen umfasst? W\u00fcrden lediglich tempor\u00e4r weitere Dimensionen \u201efreigeschaltet\u201c? Um der Antwort auf diese Fragen n\u00e4her zu kommen, erscheint es sinnvoll, Kriterien zu definieren, anhand derer Klarheit geschaffen werden kann.<\/p>\n\n\n\n<h4 class=\"wp-block-heading\" id=\"ubernaturliches-sehen\"><strong>\u00dcbernat\u00fcrliches Sehen<\/strong><\/h4>\n\n\n\n<p>Anekdotische Schilderungen geben wieder, dass Menschen offensichtlich in sehr unterschiedlichen Situationen andere Menschen wahrnehmen und mit ihren Augen sehen k\u00f6nnen, wobei dies anderen gleichzeitig anwesenden Menschen nicht m\u00f6glich ist.<\/p>\n\n\n\n<p>Prominentes Beispiel f\u00fcr \u00fcbernat\u00fcrliches Sehen sind Sterbevisionen bzw. Sterbebettvisionen. Ein Sterbender erkennt einen oder mehrere bereits Verstorbene in unmittelbarer N\u00e4he und kann sich mit diesem bzw. diesen auch verbal verst\u00e4ndigen. Anwesende, beispielsweise Angeh\u00f6rige, sehen hingegen au\u00dfer dem Sterbenden keine weiteren Personen im Raum.<\/p>\n\n\n\n<p>Auch von besonderen Gefahrensituationen liegen Schilderungen vor, bei denen eine gef\u00e4hrdete Person f\u00fcr den bzw. die Angreifer sichtbar von Begleitern umgeben war. Die gef\u00e4hrdete Person konnte den bzw. die Begleiter selbst jedoch nicht sehen.<\/p>\n\n\n\n<p>Interessanterweise finden sich auch im Alten wie Neuen Testament der Bibel Schilderungen \u00fcbernat\u00fcrlichen Sehens. Stellvertretend sei die Wahrnehmung des Dieners des Propheten Elischa angef\u00fchrt, die sich mehrere Jahrhunderte vor Chr. zugetragen haben soll. Dieser Diener w\u00e4hnte sich in gro\u00dfer Angst und Bedr\u00e4ngnis, da eine feindliche Truppe die Stadt umstellt hatte. Auf das Gebet des Propheten hin, der wohl etwas seinem Diener Verborgenes sehen konnte, wurden dem Diener der Schilderung zufolge die Augen ge\u00f6ffnet (2.&nbsp;K\u00f6n&nbsp;6,15-17): \u201eAls der Diener des Gottesmannes am n\u00e4chsten Morgen aufstand und hinaustrat, hatte die Truppe die Stadt mit Pferden und Wagen umstellt. Da sagte der Diener zu seinem Herrn: Wehe, mein Herr, was sollen wir tun? Doch dieser sagte: F\u00fcrchte dich nicht! Bei uns sind mehr als bei ihnen. Dann betete Elischa: Herr, \u00f6ffne ihm die Augen, damit er sieht. Und der Herr \u00f6ffnete dem Diener die Augen: Er sah den Berg rings um Elischa voll von feurigen Pferden und Wagen.\u201c<\/p>\n\n\n\n<p>Es stellt sich, wie bereits angedeutet, die Frage, ob bei Sehenden tempor\u00e4r eine oder gar mehrere weitere Dimensionen \u201eaktiviert\u201c wurden, die ihnen einen \u00fcbernat\u00fcrlichen Blick auf bzw. in das beobachtbare Universum erm\u00f6glichten. In allen F\u00e4llen wurden Gesehene jedoch offenkundig als dreidimensionale Wesen wahrgenommen. Sie f\u00fcgten sich gewisserma\u00dfen in die Umgebung ein. Die diversen Schilderungen enthalten schlie\u00dflich keinen Hinweis darauf, dass beobachtete Personen eine au\u00dfergew\u00f6hnliche vier- oder gar h\u00f6herdimensionale Gestalt angenommen h\u00e4tten. Die Sehenden selbst blieben k\u00f6rperlich in Raum und Zeit unver\u00e4ndert.<\/p>\n\n\n\n<h4 class=\"wp-block-heading\" id=\"ubernaturliches-verstehen\"><strong>\u00dcbernat\u00fcrliches Verstehen<\/strong><\/h4>\n\n\n\n<p>Bei vielen Nahtoderfahrungen wird der Aspekt des Einblicks in die Gedankenwelt anderer hervorgehoben. Es ist u.&nbsp;a. gewisserma\u00dfen m\u00f6glich, bei zugef\u00fcgten seelischen Verletzungen die Motive des Verletzenden zu erkennen und auf diese Weise ein Verst\u00e4ndnis f\u00fcr dessen Verhaltensweise zu gewinnen.<\/p>\n\n\n\n<p>Die US-amerikanische orthop\u00e4dische Chirurgin Mary C. Neal schildert in ihrem Buch \u201e7 Botschaften des Himmels\u201c den Aspekt des \u00fcbernat\u00fcrlichen Verstehens, als sie Szenen ihres bisherigen Lebens betrachtete (S.&nbsp;37): \u201e<em>Als ich jeden Augenblick eines Ereignisses betrachtete, konnte ich im Nu die Lebensgeschichte der beteiligten Personen erkennen. Ich begriff vollkommen ihre Gem\u00fctszust\u00e4nde, Motivationen und Stimmungen. Ich erfasste ihren Standpunkt, was sie zur Situation beitrugen und wie dadurch ein jeder von uns ver\u00e4ndert wurde<\/em>. [\u2026] <em>Wut und Verwirrung, die ich angesichts k\u00f6rperlicher Gewalt als Kind empfunden hatte, wurden ersetzt durch Mitgef\u00fchl, w\u00e4hrend ich mit ansah, wie die betreffenden Personen infolge ihrer Verletzungen, Erwartungen und Hoffnungen zu einer solchen Tat getrieben worden waren<\/em>. &nbsp;[\u2026] <em>Wieder und wieder verwandelte die Einsicht in die Vorgeschichte eines Menschen- seine Erfahrungen, Lebensumst\u00e4nde, K\u00fcmmernisse \u2013 meine Auffassung von ihm, worauf ich nun mit unbedingtem Wohlwollen reagierte<\/em>.\u201c<\/p>\n\n\n\n<p>Dieses \u00fcbernat\u00fcrliche Verstehen von Gem\u00fctszust\u00e4nden und Beweggr\u00fcnden anderer Menschen wurde w\u00e4hrend der Nahtoderfahrung im Jenseits erlebt. In ihrem Lebensraum im intrauniversalen Existenzraum war diese F\u00e4higkeit nicht gegeben.<\/p>\n\n\n\n<p>Andererseits finden sich in der Literatur auch anekdotische Schilderungen von Menschen, die durchaus im intrauniversalen Existenzraum einen Einblick in die Lebensgeschichte anderer Menschen gewinnen konnten. Stellvertretend sei der Schriftsteller und P\u00e4dagoge Heinrich Zschokke (1771\u22121848) genannt, \u00fcber den im Buch \u201eDer Spuk im Grabgew\u00f6lbe\u201c mit Bezug auf seine 1842 ver\u00f6ffentlichte Publikation \u201eSelbstschau\u201c Folgendes zu lesen ist (S.&nbsp;36&nbsp;f.): \u201e<em>Bei der ersten Begegnung mit einem mir v\u00f6llig Fremden ist es mir, wenn ich seiner Unterhaltung schweigend lauschte, \u00f6fters widerfahren, dass ein Bild seines vergangenen Lebens bis zum gegenw\u00e4rtigen Augenblicke mit vielen einzelnen, der einen oder andern besonderen Begebenheiten desselben angeh\u00f6renden Umst\u00e4nden, einem Traume gleich, aber deutlich zusammenh\u00e4ngend und ungesucht, einige Minuten dauernd, an mir vor\u00fcberzog. W\u00e4hrend dieser Zeit bin ich in die Darstellung von des Fremden Leben gew\u00f6hnlich so versunken, dass ich zuletzt sowohl sein Gesicht nicht mehr deutlich wahrnehme, obgleich ich es, wenn auch vergeblich, anblicke, als auch seine Stimme nicht mehr deutlich vernehme, die ich doch anfangs als einen Kommentar zu dem Texte seiner Physiognomie benutzte. Lange Zeit war ich geneigt, diese verschwimmenden Visionen als ein Spiel meiner Phantasie zu betrachten; umso mehr als mein Traumgesicht mir die Kleidung und Bewegungen des Handelnden, das Aussehen der Zimmer, die Ausstattung und andere Nebendinge des Schauplatzes vorf\u00fchrte<\/em>. [\u2026] <em>So oft es die Schicklichkeit erlaubte, erz\u00e4hlte ich denen, deren Leben in dieser Weise an mir vor\u00fcbergegangen war, den Inhalt meiner Traumgesichte, damit sie dieselben L\u00fcgen strafen oder best\u00e4tigen m\u00f6chten. Bei jeder Gelegenheit erfolgte die Best\u00e4tigung, nicht ohne Staunen, vonseiten derer, die sie gaben. Am allerwenigsten konnte ich selbst diesen Spielen meiner Phantasie Glauben schenken. Jedes Mal, wenn ich irgendjemand ein auf ihn Bezug habendes Traumgesicht beschrieb, erwartete ich zuversichtlich die Antwort, dass es falsch sei. Immer ergriff mich ein ganz geheimer Schauder, wenn der Zuh\u00f6rer erwiderte<\/em>: \u00bb<em>Es war alles ganz so, wie Sie sagen<\/em>\u00ab\u201c.<\/p>\n\n\n\n<p>Manche Menschen scheinen im intrauniversalen Existenzraum durchaus Einblicke in die Lebensgeschichte anderer Menschen haben zu k\u00f6nnen. Bei diesen \u00fcbernat\u00fcrlichen Einblicken steht die Lebensgeschichte im Vordergrund. \u00dcbernat\u00fcrliches Verstehen bezieht sich hingegen in erster Linie auf zwischenmenschliche Aspekte.<\/p>\n\n\n\n<h4 class=\"wp-block-heading\" id=\"unabhangigkeit-von-physikalischen-gesetzen\"><strong>Unabh\u00e4ngigkeit von physikalischen Gesetzen<\/strong><\/h4>\n\n\n\n<p>W\u00e4hrend einer Nahtoderfahrung erleben manche Betroffene die Aufhebung physikalischer Gesetze. Sie nehmen sich beispielsweise in einem Operationssaal unter der Decke schwebend wahr. Die Gravitation scheint au\u00dfer Kraft gesetzt zu sein. Wie schon angedeutet, k\u00f6nnen sie bei v\u00f6lliger Bewusstlosigkeit sehen und h\u00f6ren, was aus medizinischer Sicht v\u00f6llig unm\u00f6glich und folglich unerkl\u00e4rlich ist. Sp\u00e4ter k\u00f6nnen sie durchaus wiedergeben, was sich unter ihnen ereignete und was im Raum Anwesende miteinander besprachen.<\/p>\n\n\n\n<p>Das individuelle Selbst scheint den K\u00f6rper tempor\u00e4r zu verlassen. Der K\u00f6rper wird visuell wahrgenommen, jedoch besteht eine r\u00e4umliche Distanz zwischen individuellem Selbst und physischem K\u00f6rper. Zum Ende einer Nahtoderfahrung hin wird, sofern der biologische Tod nicht eintritt, wahrgenommen, dass das individuelle Selbst wieder in den physischen K\u00f6rper zur\u00fcckkehrt, sich gewisserma\u00dfen wieder mit ihm vereinigt.<\/p>\n\n\n\n<p>Wenn physikalische Gesetzm\u00e4\u00dfigkeiten au\u00dfer Kraft gesetzt sind, spricht dies daf\u00fcr, dass sich Menschen w\u00e4hrend einer Nahtoderfahrung tats\u00e4chlich in einem extrauniversalen Existenzraum aufhalten. Es w\u00e4re schwer zu verstehen, dass weitere Dimensionen physikalische Gesetze unwirksam werden lassen. Wie sollte beispielsweise Gravitation in einem vierdimensionalen Universum (ohne Ber\u00fccksichtigung der Zeit als Dimension) unwirksam sein k\u00f6nnen?<\/p>\n\n\n\n<h4 class=\"wp-block-heading\" id=\"zeitungebundenheit\"><strong>Zeitungebundenheit<\/strong><\/h4>\n\n\n\n<p>Menschen l\u00f6sen sich w\u00e4hrend einer Nahtoderfahrung von der Gebundenheit an die Zeit. In ihrem Buch \u201e7 Botschaften des Himmels\u201c schilderte Mary C. Neal dies so (S.&nbsp;32&nbsp;f.): \u201e<em>Die Reise zum Himmel und zur\u00fcck hat mein Zeitverst\u00e4ndnis v\u00f6llig auf den Kopf gestellt. Die Zeit, wie ich sie immer gekannt hatte, endete in dem Moment, da ich von meinem irdischen Leben in das Leben nach dem Tod \u00fcberwechselte. Was vorher in Sekunden oder Minuten, Tagen oder Jahren gez\u00e4hlt worden war \u2013 stets auf einer geraden Linie von der Vergangenheit in die Zukunft -, verwandelte sich in etwas anderes. Es f\u00fchlte sich an wie ein riesiges Netz, worin Zeit und Raum miteinander verkn\u00fcpft waren. Die Zeit zu messen, machte keinen Sinn mehr. Alles Fr\u00fchere, Heutige und K\u00fcnftige schien im Hier und Jetzt zu geschehen<\/em>. [\u2026] <em>Die ganze Zeit \u2013 Vergangenheit, Gegenwart und Zukunft \u2013 ist direkt hier, genau jetzt<\/em>. [\u2026] <em>So erlebte ich in jedem einzelnen Augenblick die gesamte Ewigkeit. Blitzartig f\u00fchlte ich mich als Teil von allem und nichts<\/em>.\u201c<\/p>\n\n\n\n<p>Von den Offenbarungsreligionen kennen insbesondere Christentum und Islam das Konzept der Ewigkeit, ohne jedoch genau zu spezifizieren, wie Ewigkeit zu verstehen ist. Ist Ewigkeit als gewisserma\u00dfen endlose Folge von Zeiteinheiten zu verstehen? Dann w\u00e4re Zeit auch im extrauniversalen Existenzraum ein Faktor. Oder ist Ewigkeit als Zeitlosigkeit zu verstehen, wie es Nahtoderfahrungen implizieren?<\/p>\n\n\n\n<p>Nat\u00fcrlich kann nicht davon ausgegangen werden, dass die damaligen Autoren religi\u00f6ser Schriften ein Interesse daran hatten oder hinreichend gebildet waren, eine naturwissenschaftlich fundierte Erkl\u00e4rung des Konzepts der Ewigkeit darzulegen. Ihnen kam es wohl eher auf den Beziehungsaspekt zwischen Gott und Mensch an.<\/p>\n\n\n\n<h3 class=\"wp-block-heading\" id=\"folgerungen\"><strong>Folgerungen<\/strong><\/h3>\n\n\n\n<p>In der Gesamtschau spricht vieles daf\u00fcr, von der Existenz eines Multiversums auszugehen. Eine Erweiterung des beobachtbaren Universums um eine oder mehrere zus\u00e4tzliche Dimensionen erscheint nicht plausibel. Zudem ist das beobachtbare Universum der Entropie unterworfen, w\u00e4hrend f\u00fcr das unsichtbare Universum keine sichere Aussage getroffen werden kann.<\/p>\n\n\n\n<p>Anekdotische Schilderungen von Nahtoderfahrungen und das religi\u00f6se Schrifttum der Offenbarungsreligionen legen den Schluss nahe, dass das unsichtbare Universum v\u00f6llig anders beschaffen ist als das beobachtbare Universum. Es gibt beispielsweise keinerlei Hinweise darauf, dass im unsichtbaren Universum Himmelsk\u00f6rper existieren.<\/p>\n\n\n\n<p>Die bisher kurz diskutierten Ph\u00e4nomene f\u00fchren zu einem Bild, in dem beobachtbares und unsichtbares Universum eng miteinander verwoben sind. Zwischen den Universen besteht eine bidirektionale Durchl\u00e4ssigkeit. Menschen k\u00f6nnen, diesem Bild folgend, tempor\u00e4r, insbesondere bei einer Nahtoderfahrung, oder dauerhaft, mit dem biologischen Tod, in den extrauniversalen Existenzraum migrieren. Ebenso k\u00f6nnen Verstorbene oder auch im extrauniversalen Existenzraum beheimatete Geistwesen in das beobachtbare Universum wechseln, dies jedoch nur tempor\u00e4r.<\/p>\n\n\n\n<p>Wie bereits anhand diverser Schilderungen erkennbar wurde, wurden bzw. werden in Vergangenheit und Gegenwart Ph\u00e4nomene erlebt, die sich bei Begrenzung auf das beobachtbare Universum, das Diesseits, nicht erkl\u00e4ren lassen. Zu diesen Ph\u00e4nomenen z\u00e4hlen beispielsweise das Wiedererscheinen bereits verstorbener Menschen, die Materialisierung von Geistwesen sowie Sterbebettvisionen bzw. Sterbevisionen, bei denen sich Sterbende beispielsweise in ihrem Zimmer mit bereits verstorbenen Familienmitgliedern \u201eunterhalten\u201c.<\/p>\n\n\n\n<p>Wenn nur von einem Universum ausgegangen w\u00fcrde, w\u00e4re beispielsweise nicht zu erkl\u00e4ren, wie ein bereits verstorbener Mensch oder ein Wesen in Menschengestalt pl\u00f6tzlich \u201eaus dem Nichts\u201c auftauchen und auf ebenso unerkl\u00e4rliche Weise wieder verschwinden kann (siehe auch Beitr\u00e4ge \u201e<a href=\"https:\/\/dieter-jenz.de\/lc\/koennen-verstorbene-wieder-erscheinen\/\">K\u00f6nnen Verstorbene wieder erscheinen?<\/a>\u201c und \u201e<a href=\"https:\/\/dieter-jenz.de\/lc\/koennen-sich-geistwesen-materialisieren\/\">K\u00f6nnen sich Geistwesen materialisieren?<\/a>\u201c. Die Erkl\u00e4rung wunschinduzierter Halluzination greift, wie bereits erw\u00e4hnt, zu kurz.<\/p>\n\n\n\n<p>K\u00f6nnen s\u00e4mtliche Ph\u00e4nomene, die im beobachtbaren Universum nicht erkl\u00e4rbar sind, ausgeblendet und unbeachtet bleiben? Dies w\u00fcrde der Realit\u00e4t nach Lage der Indizien nicht entsprechen. Es liegt vielmehr nahe, von einem Multiversum auszugehen. &nbsp;<\/p>\n","protected":false},"excerpt":{"rendered":"<p>Gibt es ein Multiversum oder gibt es im beobachtbaren Universum weitere noch unbekannte Dimensionen? Der Gedanke, ob der extrauniversale Existenzraum, das Jenseits, lediglich den intrauniversalen Existenzraum, das Diesseits,&hellip;<\/p>\n","protected":false},"author":2,"featured_media":7536,"comment_status":"closed","ping_status":"open","sticky":false,"template":"template-full-width-only-content.php","format":"standard","meta":{"footnotes":""},"categories":[212],"tags":[],"yoast_head":"<!-- This site is optimized with the Yoast SEO plugin v24.5 - https:\/\/yoast.com\/wordpress\/plugins\/seo\/ -->\n<title>Multiversum oder zus\u00e4tzliche Dimensionen?<\/title>\n<meta name=\"description\" content=\"Gibt es ein Multiversum oder gibt es im beobachtbaren Universum weitere noch unbekannte Dimensionen? Eine spannende Frage!\" \/>\n<meta name=\"robots\" content=\"index, follow, max-snippet:-1, max-image-preview:large, max-video-preview:-1\" \/>\n<link rel=\"canonical\" href=\"https:\/\/dieter-jenz.de\/lc\/multiversum-oder-zusaetzliche-dimensionen\/\" \/>\n<meta property=\"og:locale\" content=\"de_DE\" \/>\n<meta property=\"og:type\" content=\"article\" \/>\n<meta property=\"og:title\" content=\"Multiversum oder zus\u00e4tzliche Dimensionen?\" \/>\n<meta property=\"og:description\" content=\"Gibt es ein Multiversum oder gibt es im beobachtbaren Universum weitere noch unbekannte Dimensionen? Eine spannende Frage!\" \/>\n<meta property=\"og:url\" content=\"https:\/\/dieter-jenz.de\/lc\/multiversum-oder-zusaetzliche-dimensionen\/\" \/>\n<meta property=\"og:site_name\" content=\"Dieter Jenz, Begleitung und Coaching\" \/>\n<meta property=\"article:publisher\" content=\"https:\/\/www.facebook.com\/dieter.jenz.inspiration\" \/>\n<meta property=\"article:author\" content=\"https:\/\/www.facebook.com\/dieter.jenz.inspiration\" \/>\n<meta property=\"article:published_time\" content=\"2022-10-10T10:00:00+00:00\" \/>\n<meta property=\"article:modified_time\" content=\"2022-10-10T10:08:18+00:00\" \/>\n<meta property=\"og:image\" content=\"https:\/\/dieter-jenz.de\/lc\/wp-content\/uploads\/2022\/10\/Beitragsbild-Multiversum-oder-zusaetzliche-Dimensionen.jpeg\" \/>\n\t<meta property=\"og:image:width\" content=\"800\" \/>\n\t<meta property=\"og:image:height\" content=\"800\" \/>\n\t<meta property=\"og:image:type\" content=\"image\/jpeg\" \/>\n<meta name=\"author\" content=\"Dieter Jenz\" \/>\n<meta name=\"twitter:card\" content=\"summary_large_image\" \/>\n<meta name=\"twitter:creator\" content=\"@https:\/\/twitter.com\/dieterjenz\" \/>\n<meta name=\"twitter:site\" content=\"@dieterjenz\" \/>\n<meta name=\"twitter:label1\" content=\"Verfasst von\" \/>\n\t<meta name=\"twitter:data1\" content=\"Dieter Jenz\" \/>\n\t<meta name=\"twitter:label2\" content=\"Gesch\u00e4tzte Lesezeit\" \/>\n\t<meta name=\"twitter:data2\" content=\"11\u00a0Minuten\" \/>\n<script type=\"application\/ld+json\" class=\"yoast-schema-graph\">{\"@context\":\"https:\/\/schema.org\",\"@graph\":[{\"@type\":\"Article\",\"@id\":\"https:\/\/dieter-jenz.de\/lc\/multiversum-oder-zusaetzliche-dimensionen\/#article\",\"isPartOf\":{\"@id\":\"https:\/\/dieter-jenz.de\/lc\/multiversum-oder-zusaetzliche-dimensionen\/\"},\"author\":{\"name\":\"Dieter Jenz\",\"@id\":\"https:\/\/dieter-jenz.de\/lc\/#\/schema\/person\/618cfd5c289d0a23930cb258a43679ab\"},\"headline\":\"Multiversum oder zus\u00e4tzliche Dimensionen?\",\"datePublished\":\"2022-10-10T10:00:00+00:00\",\"dateModified\":\"2022-10-10T10:08:18+00:00\",\"mainEntityOfPage\":{\"@id\":\"https:\/\/dieter-jenz.de\/lc\/multiversum-oder-zusaetzliche-dimensionen\/\"},\"wordCount\":2014,\"publisher\":{\"@id\":\"https:\/\/dieter-jenz.de\/lc\/#\/schema\/person\/618cfd5c289d0a23930cb258a43679ab\"},\"image\":{\"@id\":\"https:\/\/dieter-jenz.de\/lc\/multiversum-oder-zusaetzliche-dimensionen\/#primaryimage\"},\"thumbnailUrl\":\"https:\/\/dieter-jenz.de\/lc\/wp-content\/uploads\/2022\/10\/Beitragsbild-Multiversum-oder-zusaetzliche-Dimensionen.jpeg\",\"articleSection\":[\"Lebensfragen\"],\"inLanguage\":\"de\"},{\"@type\":\"WebPage\",\"@id\":\"https:\/\/dieter-jenz.de\/lc\/multiversum-oder-zusaetzliche-dimensionen\/\",\"url\":\"https:\/\/dieter-jenz.de\/lc\/multiversum-oder-zusaetzliche-dimensionen\/\",\"name\":\"Multiversum oder zus\u00e4tzliche Dimensionen?\",\"isPartOf\":{\"@id\":\"https:\/\/dieter-jenz.de\/lc\/#website\"},\"primaryImageOfPage\":{\"@id\":\"https:\/\/dieter-jenz.de\/lc\/multiversum-oder-zusaetzliche-dimensionen\/#primaryimage\"},\"image\":{\"@id\":\"https:\/\/dieter-jenz.de\/lc\/multiversum-oder-zusaetzliche-dimensionen\/#primaryimage\"},\"thumbnailUrl\":\"https:\/\/dieter-jenz.de\/lc\/wp-content\/uploads\/2022\/10\/Beitragsbild-Multiversum-oder-zusaetzliche-Dimensionen.jpeg\",\"datePublished\":\"2022-10-10T10:00:00+00:00\",\"dateModified\":\"2022-10-10T10:08:18+00:00\",\"description\":\"Gibt es ein Multiversum oder gibt es im beobachtbaren Universum weitere noch unbekannte Dimensionen? Eine spannende Frage!\",\"breadcrumb\":{\"@id\":\"https:\/\/dieter-jenz.de\/lc\/multiversum-oder-zusaetzliche-dimensionen\/#breadcrumb\"},\"inLanguage\":\"de\",\"potentialAction\":[{\"@type\":\"ReadAction\",\"target\":[\"https:\/\/dieter-jenz.de\/lc\/multiversum-oder-zusaetzliche-dimensionen\/\"]}]},{\"@type\":\"ImageObject\",\"inLanguage\":\"de\",\"@id\":\"https:\/\/dieter-jenz.de\/lc\/multiversum-oder-zusaetzliche-dimensionen\/#primaryimage\",\"url\":\"https:\/\/dieter-jenz.de\/lc\/wp-content\/uploads\/2022\/10\/Beitragsbild-Multiversum-oder-zusaetzliche-Dimensionen.jpeg\",\"contentUrl\":\"https:\/\/dieter-jenz.de\/lc\/wp-content\/uploads\/2022\/10\/Beitragsbild-Multiversum-oder-zusaetzliche-Dimensionen.jpeg\",\"width\":800,\"height\":800,\"caption\":\"Gestaltung: privat\"},{\"@type\":\"BreadcrumbList\",\"@id\":\"https:\/\/dieter-jenz.de\/lc\/multiversum-oder-zusaetzliche-dimensionen\/#breadcrumb\",\"itemListElement\":[{\"@type\":\"ListItem\",\"position\":1,\"name\":\"Home\",\"item\":\"https:\/\/dieter-jenz.de\/lc\/\"},{\"@type\":\"ListItem\",\"position\":2,\"name\":\"Lebensfragen\",\"item\":\"https:\/\/dieter-jenz.de\/lc\/category\/lebensfragen\/\"},{\"@type\":\"ListItem\",\"position\":3,\"name\":\"Multiversum oder zus\u00e4tzliche Dimensionen?\"}]},{\"@type\":\"WebSite\",\"@id\":\"https:\/\/dieter-jenz.de\/lc\/#website\",\"url\":\"https:\/\/dieter-jenz.de\/lc\/\",\"name\":\"Dieter Jenz, Begleitung und Coaching\",\"description\":\"Die andere, neue Sichtweise entdecken - auftanken - neue Wege gehen\",\"publisher\":{\"@id\":\"https:\/\/dieter-jenz.de\/lc\/#\/schema\/person\/618cfd5c289d0a23930cb258a43679ab\"},\"potentialAction\":[{\"@type\":\"SearchAction\",\"target\":{\"@type\":\"EntryPoint\",\"urlTemplate\":\"https:\/\/dieter-jenz.de\/lc\/?s={search_term_string}\"},\"query-input\":{\"@type\":\"PropertyValueSpecification\",\"valueRequired\":true,\"valueName\":\"search_term_string\"}}],\"inLanguage\":\"de\"},{\"@type\":[\"Person\",\"Organization\"],\"@id\":\"https:\/\/dieter-jenz.de\/lc\/#\/schema\/person\/618cfd5c289d0a23930cb258a43679ab\",\"name\":\"Dieter Jenz\",\"image\":{\"@type\":\"ImageObject\",\"inLanguage\":\"de\",\"@id\":\"https:\/\/dieter-jenz.de\/lc\/#\/schema\/person\/image\/\",\"url\":\"https:\/\/dieter-jenz.de\/lc\/wp-content\/uploads\/2020\/01\/Logo-Coaching-und-Begleitung.png\",\"contentUrl\":\"https:\/\/dieter-jenz.de\/lc\/wp-content\/uploads\/2020\/01\/Logo-Coaching-und-Begleitung.png\",\"width\":320,\"height\":240,\"caption\":\"Dieter Jenz\"},\"logo\":{\"@id\":\"https:\/\/dieter-jenz.de\/lc\/#\/schema\/person\/image\/\"},\"description\":\"Ich bin Dieter Jenz, Begleiter, Berater und Coach mit Leidenschaft. \u00dcber viele Jahre hinweg habe ich einen reichen Schatz an Kompetenz und Erfahrung erworben. Meine Themen sind die \\\"4L\\\": Lebensaufgabe, Lebensplanung, Lebensnavigation und Lebensqualit\u00e4t.\",\"sameAs\":[\"https:\/\/www.facebook.com\/dieter.jenz.inspiration\",\"https:\/\/www.pinterest.de\/dieterjenz\/\",\"https:\/\/x.com\/https:\/\/twitter.com\/dieterjenz\"],\"url\":\"https:\/\/dieter-jenz.de\/lc\/author\/dieter\/\"}]}<\/script>\n<!-- \/ Yoast SEO plugin. -->","yoast_head_json":{"title":"Multiversum oder zus\u00e4tzliche Dimensionen?","description":"Gibt es ein Multiversum oder gibt es im beobachtbaren Universum weitere noch unbekannte Dimensionen? Eine spannende Frage!","robots":{"index":"index","follow":"follow","max-snippet":"max-snippet:-1","max-image-preview":"max-image-preview:large","max-video-preview":"max-video-preview:-1"},"canonical":"https:\/\/dieter-jenz.de\/lc\/multiversum-oder-zusaetzliche-dimensionen\/","og_locale":"de_DE","og_type":"article","og_title":"Multiversum oder zus\u00e4tzliche Dimensionen?","og_description":"Gibt es ein Multiversum oder gibt es im beobachtbaren Universum weitere noch unbekannte Dimensionen? Eine spannende Frage!","og_url":"https:\/\/dieter-jenz.de\/lc\/multiversum-oder-zusaetzliche-dimensionen\/","og_site_name":"Dieter Jenz, Begleitung und Coaching","article_publisher":"https:\/\/www.facebook.com\/dieter.jenz.inspiration","article_author":"https:\/\/www.facebook.com\/dieter.jenz.inspiration","article_published_time":"2022-10-10T10:00:00+00:00","article_modified_time":"2022-10-10T10:08:18+00:00","og_image":[{"width":800,"height":800,"url":"https:\/\/dieter-jenz.de\/lc\/wp-content\/uploads\/2022\/10\/Beitragsbild-Multiversum-oder-zusaetzliche-Dimensionen.jpeg","type":"image\/jpeg"}],"author":"Dieter Jenz","twitter_card":"summary_large_image","twitter_creator":"@https:\/\/twitter.com\/dieterjenz","twitter_site":"@dieterjenz","twitter_misc":{"Verfasst von":"Dieter Jenz","Gesch\u00e4tzte Lesezeit":"11\u00a0Minuten"},"schema":{"@context":"https:\/\/schema.org","@graph":[{"@type":"Article","@id":"https:\/\/dieter-jenz.de\/lc\/multiversum-oder-zusaetzliche-dimensionen\/#article","isPartOf":{"@id":"https:\/\/dieter-jenz.de\/lc\/multiversum-oder-zusaetzliche-dimensionen\/"},"author":{"name":"Dieter Jenz","@id":"https:\/\/dieter-jenz.de\/lc\/#\/schema\/person\/618cfd5c289d0a23930cb258a43679ab"},"headline":"Multiversum oder zus\u00e4tzliche Dimensionen?","datePublished":"2022-10-10T10:00:00+00:00","dateModified":"2022-10-10T10:08:18+00:00","mainEntityOfPage":{"@id":"https:\/\/dieter-jenz.de\/lc\/multiversum-oder-zusaetzliche-dimensionen\/"},"wordCount":2014,"publisher":{"@id":"https:\/\/dieter-jenz.de\/lc\/#\/schema\/person\/618cfd5c289d0a23930cb258a43679ab"},"image":{"@id":"https:\/\/dieter-jenz.de\/lc\/multiversum-oder-zusaetzliche-dimensionen\/#primaryimage"},"thumbnailUrl":"https:\/\/dieter-jenz.de\/lc\/wp-content\/uploads\/2022\/10\/Beitragsbild-Multiversum-oder-zusaetzliche-Dimensionen.jpeg","articleSection":["Lebensfragen"],"inLanguage":"de"},{"@type":"WebPage","@id":"https:\/\/dieter-jenz.de\/lc\/multiversum-oder-zusaetzliche-dimensionen\/","url":"https:\/\/dieter-jenz.de\/lc\/multiversum-oder-zusaetzliche-dimensionen\/","name":"Multiversum oder zus\u00e4tzliche Dimensionen?","isPartOf":{"@id":"https:\/\/dieter-jenz.de\/lc\/#website"},"primaryImageOfPage":{"@id":"https:\/\/dieter-jenz.de\/lc\/multiversum-oder-zusaetzliche-dimensionen\/#primaryimage"},"image":{"@id":"https:\/\/dieter-jenz.de\/lc\/multiversum-oder-zusaetzliche-dimensionen\/#primaryimage"},"thumbnailUrl":"https:\/\/dieter-jenz.de\/lc\/wp-content\/uploads\/2022\/10\/Beitragsbild-Multiversum-oder-zusaetzliche-Dimensionen.jpeg","datePublished":"2022-10-10T10:00:00+00:00","dateModified":"2022-10-10T10:08:18+00:00","description":"Gibt es ein Multiversum oder gibt es im beobachtbaren Universum weitere noch unbekannte Dimensionen? Eine spannende Frage!","breadcrumb":{"@id":"https:\/\/dieter-jenz.de\/lc\/multiversum-oder-zusaetzliche-dimensionen\/#breadcrumb"},"inLanguage":"de","potentialAction":[{"@type":"ReadAction","target":["https:\/\/dieter-jenz.de\/lc\/multiversum-oder-zusaetzliche-dimensionen\/"]}]},{"@type":"ImageObject","inLanguage":"de","@id":"https:\/\/dieter-jenz.de\/lc\/multiversum-oder-zusaetzliche-dimensionen\/#primaryimage","url":"https:\/\/dieter-jenz.de\/lc\/wp-content\/uploads\/2022\/10\/Beitragsbild-Multiversum-oder-zusaetzliche-Dimensionen.jpeg","contentUrl":"https:\/\/dieter-jenz.de\/lc\/wp-content\/uploads\/2022\/10\/Beitragsbild-Multiversum-oder-zusaetzliche-Dimensionen.jpeg","width":800,"height":800,"caption":"Gestaltung: privat"},{"@type":"BreadcrumbList","@id":"https:\/\/dieter-jenz.de\/lc\/multiversum-oder-zusaetzliche-dimensionen\/#breadcrumb","itemListElement":[{"@type":"ListItem","position":1,"name":"Home","item":"https:\/\/dieter-jenz.de\/lc\/"},{"@type":"ListItem","position":2,"name":"Lebensfragen","item":"https:\/\/dieter-jenz.de\/lc\/category\/lebensfragen\/"},{"@type":"ListItem","position":3,"name":"Multiversum oder zus\u00e4tzliche Dimensionen?"}]},{"@type":"WebSite","@id":"https:\/\/dieter-jenz.de\/lc\/#website","url":"https:\/\/dieter-jenz.de\/lc\/","name":"Dieter Jenz, Begleitung und Coaching","description":"Die andere, neue Sichtweise entdecken - auftanken - neue Wege gehen","publisher":{"@id":"https:\/\/dieter-jenz.de\/lc\/#\/schema\/person\/618cfd5c289d0a23930cb258a43679ab"},"potentialAction":[{"@type":"SearchAction","target":{"@type":"EntryPoint","urlTemplate":"https:\/\/dieter-jenz.de\/lc\/?s={search_term_string}"},"query-input":{"@type":"PropertyValueSpecification","valueRequired":true,"valueName":"search_term_string"}}],"inLanguage":"de"},{"@type":["Person","Organization"],"@id":"https:\/\/dieter-jenz.de\/lc\/#\/schema\/person\/618cfd5c289d0a23930cb258a43679ab","name":"Dieter Jenz","image":{"@type":"ImageObject","inLanguage":"de","@id":"https:\/\/dieter-jenz.de\/lc\/#\/schema\/person\/image\/","url":"https:\/\/dieter-jenz.de\/lc\/wp-content\/uploads\/2020\/01\/Logo-Coaching-und-Begleitung.png","contentUrl":"https:\/\/dieter-jenz.de\/lc\/wp-content\/uploads\/2020\/01\/Logo-Coaching-und-Begleitung.png","width":320,"height":240,"caption":"Dieter Jenz"},"logo":{"@id":"https:\/\/dieter-jenz.de\/lc\/#\/schema\/person\/image\/"},"description":"Ich bin Dieter Jenz, Begleiter, Berater und Coach mit Leidenschaft. \u00dcber viele Jahre hinweg habe ich einen reichen Schatz an Kompetenz und Erfahrung erworben. Meine Themen sind die \"4L\": Lebensaufgabe, Lebensplanung, Lebensnavigation und Lebensqualit\u00e4t.","sameAs":["https:\/\/www.facebook.com\/dieter.jenz.inspiration","https:\/\/www.pinterest.de\/dieterjenz\/","https:\/\/x.com\/https:\/\/twitter.com\/dieterjenz"],"url":"https:\/\/dieter-jenz.de\/lc\/author\/dieter\/"}]}},"_links":{"self":[{"href":"https:\/\/dieter-jenz.de\/lc\/wp-json\/wp\/v2\/posts\/7537"}],"collection":[{"href":"https:\/\/dieter-jenz.de\/lc\/wp-json\/wp\/v2\/posts"}],"about":[{"href":"https:\/\/dieter-jenz.de\/lc\/wp-json\/wp\/v2\/types\/post"}],"author":[{"embeddable":true,"href":"https:\/\/dieter-jenz.de\/lc\/wp-json\/wp\/v2\/users\/2"}],"replies":[{"embeddable":true,"href":"https:\/\/dieter-jenz.de\/lc\/wp-json\/wp\/v2\/comments?post=7537"}],"version-history":[{"count":5,"href":"https:\/\/dieter-jenz.de\/lc\/wp-json\/wp\/v2\/posts\/7537\/revisions"}],"predecessor-version":[{"id":7547,"href":"https:\/\/dieter-jenz.de\/lc\/wp-json\/wp\/v2\/posts\/7537\/revisions\/7547"}],"wp:featuredmedia":[{"embeddable":true,"href":"https:\/\/dieter-jenz.de\/lc\/wp-json\/wp\/v2\/media\/7536"}],"wp:attachment":[{"href":"https:\/\/dieter-jenz.de\/lc\/wp-json\/wp\/v2\/media?parent=7537"}],"wp:term":[{"taxonomy":"category","embeddable":true,"href":"https:\/\/dieter-jenz.de\/lc\/wp-json\/wp\/v2\/categories?post=7537"},{"taxonomy":"post_tag","embeddable":true,"href":"https:\/\/dieter-jenz.de\/lc\/wp-json\/wp\/v2\/tags?post=7537"}],"curies":[{"name":"wp","href":"https:\/\/api.w.org\/{rel}","templated":true}]}}