{"id":7573,"date":"2022-10-20T11:30:00","date_gmt":"2022-10-20T09:30:00","guid":{"rendered":"https:\/\/dieter-jenz.de\/lc\/?p=7573"},"modified":"2022-11-14T09:19:27","modified_gmt":"2022-11-14T08:19:27","slug":"beweis-oder-beste-plausible-erklaerung","status":"publish","type":"post","link":"https:\/\/dieter-jenz.de\/lc\/beweis-oder-beste-plausible-erklaerung\/","title":{"rendered":"Beweis \u2013 oder beste plausible Erkl\u00e4rung?"},"content":{"rendered":"<div class=\"yoast-breadcrumbs\"><span><span><a href=\"https:\/\/dieter-jenz.de\/lc\/\">Home<\/a><\/span> \u00bb <span><a href=\"https:\/\/dieter-jenz.de\/lc\/category\/lebensfragen\/\">Lebensfragen<\/a><\/span> \u00bb <span class=\"breadcrumb_last\" aria-current=\"page\"><strong>Beweis \u2013 oder beste plausible Erkl\u00e4rung?<\/strong><\/span><\/span><\/div>\n\n\n<div style=\"height:50px\" aria-hidden=\"true\" class=\"wp-block-spacer\"><\/div>\n\n\n\n<p>Kann ein Beweis f\u00fcr die Weiterexistenz nach dem Tod erbracht werden? Wie sind die bisher dargelegten Ph\u00e4nomene mit ihren als real wahrgenommenen Erfahrungen zu beurteilen?<\/p>\n\n\n\n<p><strong>Inhalte:<\/strong><\/p>\n\n\n\n<nav class=\"wp-block-table-of-contents\"><ol><li><a class=\"wp-block-table-of-contents__entry\" href=\"https:\/\/dieter-jenz.de\/lc\/beweis-oder-beste-plausible-erklaerung\/#induktion-und-deduktion\">Induktion und Deduktion<\/a><ol><li><a class=\"wp-block-table-of-contents__entry\" href=\"https:\/\/dieter-jenz.de\/lc\/beweis-oder-beste-plausible-erklaerung\/#induktion-folgerung-vom-besonderen-auf-das-allgemeine\">Induktion \u2013 Folgerung vom Besonderen auf das Allgemeine<\/a><\/li><li><a class=\"wp-block-table-of-contents__entry\" href=\"https:\/\/dieter-jenz.de\/lc\/beweis-oder-beste-plausible-erklaerung\/#deduktion-folgerung-vom-allgemeinen-auf-das-besondere\">Deduktion \u2013 Folgerung vom Allgemeinen auf das Besondere<\/a><\/li><\/ol><\/li><li><a class=\"wp-block-table-of-contents__entry\" href=\"https:\/\/dieter-jenz.de\/lc\/beweis-oder-beste-plausible-erklaerung\/#indizien-und-die-beste-plausible-erklarung\">Indizien und die beste plausible Erkl\u00e4rung<\/a><ol><li><a class=\"wp-block-table-of-contents__entry\" href=\"https:\/\/dieter-jenz.de\/lc\/beweis-oder-beste-plausible-erklaerung\/#indizien-und-kontext\">Indizien und Kontext<\/a><\/li><li><a class=\"wp-block-table-of-contents__entry\" href=\"https:\/\/dieter-jenz.de\/lc\/beweis-oder-beste-plausible-erklaerung\/#faktenbasierung-und-unvoreingenommenheit\">Faktenbasierung und Unvoreingenommenheit<\/a><\/li><\/ol><\/li><\/ol><\/nav>\n\n\n\n<div class=\"wp-block-media-text is-stacked-on-mobile has-background-background-color has-background\" style=\"grid-template-columns:15% auto\"><figure class=\"wp-block-media-text__media\"><a href=\"https:\/\/dieter-jenz.de\/lc\/was-geschieht-mit-mir-wenn-ich-sterbe\/\"><img loading=\"lazy\" decoding=\"async\" width=\"800\" height=\"800\" src=\"https:\/\/dieter-jenz.de\/lc\/wp-content\/uploads\/2022\/03\/Beitragsbild-Was-geschieht-mit-mir-wenn-ich-sterbe.jpeg\" alt=\"Was geschieht mit mir wenn ich sterbe - Gestaltung: privat\" class=\"wp-image-7029 size-full\" srcset=\"https:\/\/dieter-jenz.de\/lc\/wp-content\/uploads\/2022\/03\/Beitragsbild-Was-geschieht-mit-mir-wenn-ich-sterbe.jpeg 800w, https:\/\/dieter-jenz.de\/lc\/wp-content\/uploads\/2022\/03\/Beitragsbild-Was-geschieht-mit-mir-wenn-ich-sterbe-300x300.jpeg 300w, https:\/\/dieter-jenz.de\/lc\/wp-content\/uploads\/2022\/03\/Beitragsbild-Was-geschieht-mit-mir-wenn-ich-sterbe-150x150.jpeg 150w, https:\/\/dieter-jenz.de\/lc\/wp-content\/uploads\/2022\/03\/Beitragsbild-Was-geschieht-mit-mir-wenn-ich-sterbe-768x768.jpeg 768w, https:\/\/dieter-jenz.de\/lc\/wp-content\/uploads\/2022\/03\/Beitragsbild-Was-geschieht-mit-mir-wenn-ich-sterbe-540x540.jpeg 540w\" sizes=\"(max-width: 800px) 100vw, 800px\" \/><\/a><\/figure><div class=\"wp-block-media-text__content\">\n<p class=\"has-border-background-color has-background has-normal-font-size\">Dieser Beitrag ist Teil der Serie &#8222;<em>Was geschieht mit mir wenn ich sterbe?<\/em>&#8220; <br>Grobes <a href=\"https:\/\/dieter-jenz.de\/lc\/was-geschieht-mit-mir-wenn-ich-sterbe\/\" target=\"_blank\" rel=\"noreferrer noopener\">Inhaltsverzeichnis<\/a><\/p>\n<\/div><\/div>\n\n\n\n<p>In Anbetracht der Vielzahl und des unterschiedlichen Charakters der hier dargelegten Ph\u00e4nomene stellt sich die Frage nach dem Beweis. Lassen sich derartige Ph\u00e4nomene, wie beispielsweise das Ph\u00e4nomen des \u201einneren Films\u201c beweisen? Welche Anforderungen werden an einen Beweis gestellt?<\/p>\n\n\n\n<p>Der Duden definiert einen Beweis allgemeiner erstens als \u201eNachweis daf\u00fcr, dass etwas zu Recht behauptet, angenommen wird; Gesamtheit von best\u00e4tigenden Umst\u00e4nden, Sachverhalten, Schlussfolgerungen\u201c und zweitens als \u201esichtbarer Ausdruck von etwas; Zeichen, das etwas offenbar macht\u201c.<\/p>\n\n\n<div class=\"su-box su-box-style-default\" id=\"\" style=\"border-color:#000000;border-radius:3px;\"><div class=\"su-box-title\" style=\"background-color:#333333;color:#FFFFFF;border-top-left-radius:1px;border-top-right-radius:1px\">Letzte Beitr\u00e4ge <\/div><div class=\"su-box-content su-u-clearfix su-u-trim\" style=\"border-bottom-left-radius:1px;border-bottom-right-radius:1px\"><div class=\"su-expand su-expand-collapsed su-expand-link-style-default\" data-height=\"100\"><div class=\"su-expand-content su-u-trim\" style=\"color:#333333;max-height:100px;overflow:hidden\">\n\n<div class=\"su-posts su-posts-teaser-loop \">\n\n\t\t\t\t\t\t\n\t\t\t\n\t\t\t<div id=\"su-post-12357\" class=\"su-post \">\n\t\t\t\t\t\t\t\t\t<a class=\"su-post-thumbnail\" href=\"https:\/\/dieter-jenz.de\/lc\/die-realitaet-das-individuelle-selbst-befindet-sich-nicht-im-gehirn\/\"><img loading=\"lazy\" decoding=\"async\" width=\"800\" height=\"800\" src=\"https:\/\/dieter-jenz.de\/lc\/wp-content\/uploads\/2024\/11\/Beitragsbild-Realitaet-Individuelles-Selbst-nicht-im-Gehirn.jpeg\" class=\"attachment-post-thumbnail size-post-thumbnail wp-post-image\" alt=\"Realit\u00e4t Das individuelle Selbst befindet sich nicht im Gehirn - Gestaltung: privat\" \/><\/a>\n\t\t\t\t\t\t\t\t<h2 class=\"su-post-title\"><a href=\"https:\/\/dieter-jenz.de\/lc\/die-realitaet-das-individuelle-selbst-befindet-sich-nicht-im-gehirn\/\">Die Realit\u00e4t: Das individuelle Selbst befindet sich nicht im Gehirn<\/a><\/h2>\n\t\t\t<\/div>\n\n\t\t\t\t\t\n\t\t\t\n\t\t\t<div id=\"su-post-12328\" class=\"su-post \">\n\t\t\t\t\t\t\t\t\t<a class=\"su-post-thumbnail\" href=\"https:\/\/dieter-jenz.de\/lc\/verifikation-der-eis-hypothese-ungewoehnliche-erinnerungen\/\"><img loading=\"lazy\" decoding=\"async\" width=\"800\" height=\"800\" src=\"https:\/\/dieter-jenz.de\/lc\/wp-content\/uploads\/2024\/11\/Beitragsbild-Verifikation-EIS-Hypothese-Ungewoehnliche-Erinnerungen.jpeg\" class=\"attachment-post-thumbnail size-post-thumbnail wp-post-image\" alt=\"Verifikation frt EIS-Hypothese: Ungew\u00f6hnliche Erinnerungen - Gestaltung: privat\" \/><\/a>\n\t\t\t\t\t\t\t\t<h2 class=\"su-post-title\"><a href=\"https:\/\/dieter-jenz.de\/lc\/verifikation-der-eis-hypothese-ungewoehnliche-erinnerungen\/\">Verifikation der EIS-Hypothese: Ungew\u00f6hnliche Erinnerungen<\/a><\/h2>\n\t\t\t<\/div>\n\n\t\t\t\t\t\n\t\t\t\n\t\t\t<div id=\"su-post-12313\" class=\"su-post \">\n\t\t\t\t\t\t\t\t\t<a class=\"su-post-thumbnail\" href=\"https:\/\/dieter-jenz.de\/lc\/verifikation-der-eis-hypothese-terminale-geistesklarheit\/\"><img loading=\"lazy\" decoding=\"async\" width=\"800\" height=\"800\" src=\"https:\/\/dieter-jenz.de\/lc\/wp-content\/uploads\/2024\/11\/Beitragsbild-Verifikation-EIS-Hypothese-Terminale-Geistesklarheit.jpeg\" class=\"attachment-post-thumbnail size-post-thumbnail wp-post-image\" alt=\"Verifikation der EIS-Hypothese: Terminale Geistesklarheit - Gestaltung: privat\" \/><\/a>\n\t\t\t\t\t\t\t\t<h2 class=\"su-post-title\"><a href=\"https:\/\/dieter-jenz.de\/lc\/verifikation-der-eis-hypothese-terminale-geistesklarheit\/\">Verifikation der EIS-Hypothese: Terminale Geistesklarheit<\/a><\/h2>\n\t\t\t<\/div>\n\n\t\t\t\t\t\n\t\t\t\n\t\t\t<div id=\"su-post-12248\" class=\"su-post \">\n\t\t\t\t\t\t\t\t\t<a class=\"su-post-thumbnail\" href=\"https:\/\/dieter-jenz.de\/lc\/verifikation-der-eis-hypothese-nahtoderfahrung\/\"><img loading=\"lazy\" decoding=\"async\" width=\"800\" height=\"800\" src=\"https:\/\/dieter-jenz.de\/lc\/wp-content\/uploads\/2024\/10\/Beitragsbild-Verifikation-EIS-Hypothese-Nahtoderfahrung.jpeg\" class=\"attachment-post-thumbnail size-post-thumbnail wp-post-image\" alt=\"Verifikation der EIS-Hypothese: Nahtoderfahrung - Gestaltung: privat\" \/><\/a>\n\t\t\t\t\t\t\t\t<h2 class=\"su-post-title\"><a href=\"https:\/\/dieter-jenz.de\/lc\/verifikation-der-eis-hypothese-nahtoderfahrung\/\">Verifikation der EIS-Hypothese: Nahtoderfahrung<\/a><\/h2>\n\t\t\t<\/div>\n\n\t\t\t\t\t\n\t\t\t\n\t\t\t<div id=\"su-post-12193\" class=\"su-post \">\n\t\t\t\t\t\t\t\t\t<a class=\"su-post-thumbnail\" href=\"https:\/\/dieter-jenz.de\/lc\/das-losloesungsszenario-ist-es-plausibel\/\"><img loading=\"lazy\" decoding=\"async\" width=\"800\" height=\"800\" src=\"https:\/\/dieter-jenz.de\/lc\/wp-content\/uploads\/2024\/09\/Beitragsbild-Losloesungsszenario.jpeg\" class=\"attachment-post-thumbnail size-post-thumbnail wp-post-image\" alt=\"Losl\u00f6sungsszenario - Gestaltung: privat\" \/><\/a>\n\t\t\t\t\t\t\t\t<h2 class=\"su-post-title\"><a href=\"https:\/\/dieter-jenz.de\/lc\/das-losloesungsszenario-ist-es-plausibel\/\">Das Losl\u00f6sungsszenario &#8211; ist es plausibel?<\/a><\/h2>\n\t\t\t<\/div>\n\n\t\t\t\t\t\n\t\t\t\n\t\t\t<div id=\"su-post-12174\" class=\"su-post \">\n\t\t\t\t\t\t\t\t\t<a class=\"su-post-thumbnail\" href=\"https:\/\/dieter-jenz.de\/lc\/das-evakuierungsszenario-ist-es-plausibel\/\"><img loading=\"lazy\" decoding=\"async\" width=\"800\" height=\"800\" src=\"https:\/\/dieter-jenz.de\/lc\/wp-content\/uploads\/2024\/09\/Beitragsbild-Evakuierungsszenario.jpeg\" class=\"attachment-post-thumbnail size-post-thumbnail wp-post-image\" alt=\"Evakuierungsszenario - Gestaltung: privat\" \/><\/a>\n\t\t\t\t\t\t\t\t<h2 class=\"su-post-title\"><a href=\"https:\/\/dieter-jenz.de\/lc\/das-evakuierungsszenario-ist-es-plausibel\/\">Das Evakuierungsszenario &#8211; ist es plausibel?<\/a><\/h2>\n\t\t\t<\/div>\n\n\t\t\t\t\t\n\t\t\t\n\t\t\t<div id=\"su-post-12136\" class=\"su-post \">\n\t\t\t\t\t\t\t\t\t<a class=\"su-post-thumbnail\" href=\"https:\/\/dieter-jenz.de\/lc\/das-erloeschungsszenario-ist-es-plausibel\/\"><img loading=\"lazy\" decoding=\"async\" width=\"800\" height=\"800\" src=\"https:\/\/dieter-jenz.de\/lc\/wp-content\/uploads\/2024\/09\/Beitragsbild-Erloeschungsszenario.jpeg\" class=\"attachment-post-thumbnail size-post-thumbnail wp-post-image\" alt=\"Erl\u00f6schungsszenario - Gestaltung: privat\" \/><\/a>\n\t\t\t\t\t\t\t\t<h2 class=\"su-post-title\"><a href=\"https:\/\/dieter-jenz.de\/lc\/das-erloeschungsszenario-ist-es-plausibel\/\">Das Erl\u00f6schungsszenario &#8211; ist es plausibel?<\/a><\/h2>\n\t\t\t<\/div>\n\n\t\t\t\t\t\n\t\t\t\n\t\t\t<div id=\"su-post-11981\" class=\"su-post \">\n\t\t\t\t\t\t\t\t\t<a class=\"su-post-thumbnail\" href=\"https:\/\/dieter-jenz.de\/lc\/was-sind-nahtoderfahrungenwie-werden-sie-erlebt\/\"><img loading=\"lazy\" decoding=\"async\" width=\"800\" height=\"800\" src=\"https:\/\/dieter-jenz.de\/lc\/wp-content\/uploads\/2024\/07\/Beitragsbild-Was-sind-Nahtoderfahrungen.jpeg\" class=\"attachment-post-thumbnail size-post-thumbnail wp-post-image\" alt=\"Was sind Nahtoderfahrungen - Gestaltung: privat\" \/><\/a>\n\t\t\t\t\t\t\t\t<h2 class=\"su-post-title\"><a href=\"https:\/\/dieter-jenz.de\/lc\/was-sind-nahtoderfahrungenwie-werden-sie-erlebt\/\">Was sind Nahtoderfahrungen? Wie werden sie erlebt?<\/a><\/h2>\n\t\t\t<\/div>\n\n\t\t\t\t\t\n\t\t\t\n\t\t\t<div id=\"su-post-11947\" class=\"su-post \">\n\t\t\t\t\t\t\t\t\t<a class=\"su-post-thumbnail\" href=\"https:\/\/dieter-jenz.de\/lc\/taktile-kommunikation-was-verbirgt-sich-dahinter\/\"><img loading=\"lazy\" decoding=\"async\" width=\"800\" height=\"800\" src=\"https:\/\/dieter-jenz.de\/lc\/wp-content\/uploads\/2024\/07\/Beitragsbild-Taktile-Kommunikation.jpeg\" class=\"attachment-post-thumbnail size-post-thumbnail wp-post-image\" alt=\"Taktile Kommunikation - Gestaltung: privat\" \/><\/a>\n\t\t\t\t\t\t\t\t<h2 class=\"su-post-title\"><a href=\"https:\/\/dieter-jenz.de\/lc\/taktile-kommunikation-was-verbirgt-sich-dahinter\/\">Taktile Kommunikation \u2013 was verbirgt sich dahinter?<\/a><\/h2>\n\t\t\t<\/div>\n\n\t\t\t\t\t\n\t\t\t\n\t\t\t<div id=\"su-post-11943\" class=\"su-post \">\n\t\t\t\t\t\t\t\t\t<a class=\"su-post-thumbnail\" href=\"https:\/\/dieter-jenz.de\/lc\/olfaktorische-kommunikation-was-verbirgt-sich-dahinter\/\"><img loading=\"lazy\" decoding=\"async\" width=\"800\" height=\"800\" src=\"https:\/\/dieter-jenz.de\/lc\/wp-content\/uploads\/2024\/07\/Beitragsbild-Olfaktorische-Kommunikation.jpeg\" class=\"attachment-post-thumbnail size-post-thumbnail wp-post-image\" alt=\"Olfaktorische Kommunikation - Gestaltung: privat\" \/><\/a>\n\t\t\t\t\t\t\t\t<h2 class=\"su-post-title\"><a href=\"https:\/\/dieter-jenz.de\/lc\/olfaktorische-kommunikation-was-verbirgt-sich-dahinter\/\">Olfaktorische Kommunikation \u2013 was verbirgt sich dahinter?<\/a><\/h2>\n\t\t\t<\/div>\n\n\t\t\t\n<\/div>\n  <\/div><div class=\"su-expand-link su-expand-link-more\" style=\"text-align:left\"><a href=\"javascript:;\" style=\"color:#0088FF;border-color:#0088FF\"><span style=\"border-color:#0088FF\">Mehr anzeigen<\/span><\/a><\/div><div class=\"su-expand-link su-expand-link-less\" style=\"text-align:left\"><a href=\"javascript:;\" style=\"color:#0088FF;border-color:#0088FF\"><span style=\"border-color:#0088FF\">Weniger anzeigen<\/span><\/a><\/div><\/div><\/div><\/div>\n\n\n\n<p>In der Mathematik gilt die als fehlerfrei anerkannte Herleitung der Richtigkeit bzw. der Unrichtigkeit einer Aussage aus einer Menge von Axiomen, die als wahr vorausgesetzt werden, und anderen Aussagen, die bereits bewiesen sind, als Beweis. In der Logik ist ein Beweis als eine Reihe von logischen Schlussfolgerungen, die die Wahrheit eines Satzes auf als wahr Angenommenes zur\u00fcckf\u00fchren soll, definiert.<\/p>\n\n\n\n<p>Im juristischen Sinne ist ein Beweis das (positive) Ergebnis eines auf die Feststellung von Tatsachen gerichteten Beweisverfahrens. Dieses umfasst die Feststellung, was bewiesen werden soll, die Beweisaufnahme und die Beweisw\u00fcrdigung. Dabei geht es, etwas lapidar ausgedr\u00fcckt, um die Frage ob ein Beweis auch als Beweis angesehen werden kann.<\/p>\n\n\n\n<h3 class=\"wp-block-heading\" id=\"induktion-und-deduktion\"><strong>Induktion und Deduktion<\/strong><\/h3>\n\n\n\n<p>In den Naturwissenschaften ist ein Beweis nicht m\u00f6glich. Die Natur ist, im Unterschied zu Mathematik und Logik, kein geschlossenes, sondern ein offenes System. Die Natur ist \u00e4u\u00dferst komplex, wobei niemand das genaue Ausma\u00df dieser Komplexit\u00e4t kennt. Vielerlei Einfl\u00fcsse und Wechselwirkungen treten gleichzeitig auf, wobei auch deren genaues Ausma\u00df unbekannt ist.<\/p>\n\n\n\n<p>Wenn etwas untersucht werden soll, m\u00fcssen alle zu diesem Zeitpunkt vorhandenen Einfl\u00fcsse und Wechselwirkungen bekannt sein. Dann ist es m\u00f6glich, die Bedingungen und Zust\u00e4nde zu benennen, unter denen ein Untersuchungsergebnis zustande kam. Doch k\u00f6nnen zuverl\u00e4ssig alle Einfl\u00fcsse und Wechselwirkungen ausgeschlossen werden, die nicht mit der Untersuchung in direktem Zusammenhang stehen? Unter Laborbedingungen mag dies m\u00f6glich sein, in der freien Natur jedoch so gut wie nie. Wenn nicht sicher sein kann, dass Einfl\u00fcsse und Wechselwirkungen ausgeschlossen sind, ist kein sicherer Beweis m\u00f6glich.<\/p>\n\n\n\n<p>Unter diesem Vorzeichen k\u00f6nnen die Methoden der Induktion und Deduktion unterst\u00fctzen. Unter Induktion wird seit dem griechischen Philosophen Aristoteles der abstrahierende Schluss aus beobachteten Ph\u00e4nomenen auf eine allgemeinere Erkenntnis, etwa einen allgemeinen Begriff, ein Muster, eine Regel oder ein Naturgesetz, verstanden. Wahrnehmbare Anzeichen bzw. Indizien deuten auf eine allgemeinere Erkenntnis hin. Im Unterschied zur Induktion schlie\u00dft eine Deduktion aus gegebenen Voraussetzungen auf einen speziellen Fall. Ausgangspunkt ist die Formulierung einer Erkenntnis als Regel, die dann bei der Untersuchung experimentell auf ihre Richtigkeit hin \u00fcberpr\u00fcft wird. Dadurch kann sie entweder best\u00e4tigt oder widerlegt werden.<\/p>\n\n\n\n<h4 class=\"wp-block-heading\" id=\"induktion-folgerung-vom-besonderen-auf-das-allgemeine\"><strong>Induktion \u2013 Folgerung vom Besonderen auf das Allgemeine<\/strong><\/h4>\n\n\n\n<p>Ein Beispiel f\u00fcr die Induktion, die Folgerung von etwas Besonderem auf das Allgemeine, ist die durch Untersuchen des Gehirns m\u00f6gliche Beobachtung, dass sich im menschlichen Gehirn das Kleinhirn (Cerebellum) befindet. Wenn die Gehirne von tausend Menschen untersucht w\u00fcrden, w\u00e4re die Wahrscheinlichkeit \u00e4u\u00dferst hoch, dass in jedem davon ein Kleinhirn zu finden ist. Daraus lie\u00dfe sich die Regel ableiten, dass jeder Mensch ein Kleinhirn hat und daraus eine entsprechende Hypothese formulieren, beispielsweise so: \u201eImmer, wenn das Gehirn eines Menschen untersucht wird, wird darin ein Kleinhirn gefunden\u201c. Sehr wahrscheinlich w\u00fcrde die Hypothese best\u00e4tigt und die Regel (\u201eJeder Mensch hat ein Kleinhirn\u201c) gest\u00e4rkt, wenn weitere tausend Gehirne untersucht werden.<\/p>\n\n\n\n<p>Irgendwann \u2013 statistisch gesehen nach mehreren hundert Millionen Untersuchungen &#8211; wird jedoch bei einer Untersuchung des Gehirns festgestellt, dass das Kleinhirn fehlt. In der Tat gibt es Menschen, wenn auch im Verh\u00e4ltnis zu den derzeit rund acht Milliarden auf der Erde lebenden Menschen eine verschwindend geringe Zahl, die ohne Kleinhirn geboren wurden und leben. Dies hat zur Folge, dass die Hypothese widerlegt ist und die genannte Regel nicht gilt. Die Aussage \u201eJeder Mensch hat ein Kleinhirn\u201c ist demnach falsch.<\/p>\n\n\n\n<p>Weiteres Beispiel ist die seit Jahrhunderten m\u00f6gliche Beobachtung, dass sich die Erde einmal pro Tag (genauer: in 23 Stunden und gut 56 Minuten) um ihre Achse dreht. Mit jedem vergangenen Tag, an dem sich dieses Muster wiederholt, wird die Hypothese best\u00e4tigt und die Regel gest\u00e4rkt. Dennoch k\u00f6nnte es sein, dass irgendwann in der Erdgeschichte ein singul\u00e4res astronomisches Ereignis auftrat, in dessen Folge sich die Erde nicht einmal pro Tag um ihre Achse drehte. Wenn sich diese M\u00f6glichkeit nicht ausschlie\u00dfen l\u00e4sst, ist die Hypothese widerlegt.<\/p>\n\n\n\n<p>Mittels Induktion lie\u00dfe sich als Hypothese auch die Regel aufzustellen, dass es auch in Zukunft so sein wird, dass sich die Erde einmal pro Tag um ihre Achse dreht. Allerdings ist eine in die Zukunft gerichtete Induktion nicht m\u00f6glich. Es ist schlie\u00dflich nicht auszuschlie\u00dfen, dass beispielsweise irgendwann in der Zukunft ein gro\u00dfer Meteorit auf die Erde trifft, sie aus ihrer Bahn dr\u00e4ngt und damit die bisherige Regel au\u00dfer Kraft setzt. Es l\u00e4sst sich lediglich formulieren, dass die Wahrscheinlichkeit \u00e4u\u00dferst hoch ist, dass sich die Erde auch weiterhin einmal pro Tag um ihre Achse dreht.<\/p>\n\n\n\n<p>In der Wissenschaft ist Induktion eine g\u00e4ngige Methode. Ein Beispiel daf\u00fcr ist die von Albert Einstein begr\u00fcndete Relativit\u00e4tstheorie, die sich mit der Struktur von Raum und Zeit sowie mit dem Wesen der Gravitation befasst. Seit nunmehr \u00fcber hundert Jahren wird sie mit unterschiedlichsten Experimenten mit immer gr\u00f6\u00dferer Pr\u00e4zision best\u00e4tigt.<\/p>\n\n\n\n<h4 class=\"wp-block-heading\" id=\"deduktion-folgerung-vom-allgemeinen-auf-das-besondere\"><strong>Deduktion \u2013 Folgerung vom Allgemeinen auf das Besondere<\/strong><\/h4>\n\n\n\n<p>Die Deduktion schlie\u00dft vom Allgemeinen auf das Besondere, basierend auf folgender Logik: Wenn a = b ist und b = c ist, dann ist a = c. Ein Beispiel daf\u00fcr ist die folgende Aussage: \u201eAlle Forellen (a) geh\u00f6ren in der Systematik der Biologie zur Familie der Lachsfische (b)\u201c, \u201eAlle Lachsfische (b) haben Kiemen (c)\u201c, \u201eDeshalb haben alle Forellen (a) Kiemen (c)\u201c. Das Beispiel illustriert eine zul\u00e4ssige Deduktion.<\/p>\n\n\n\n<p>Wenn bei Untersuchungen bei einer statistisch signifikanten Zahl an Forellen herausgefunden wird, dass bei jeder Forelle Kiemen vorhanden sind, l\u00e4sst sich die Aussage deduktiv best\u00e4tigen. Nat\u00fcrlich muss zuvor bei der Formulierung der Logik darauf geachtet werden, dass ein Ursache-Wirkung-Zusammenhang besteht. Die folgende Aussage w\u00e4re deshalb ung\u00fcltig: \u201eAlle Forellen (a) haben einen Kopf (b)\u201c, \u201eBello (c) hat einen Kopf (b)\u201c, \u201eDeshalb ist Bello (c) eine Forelle (a)\u201c.<\/p>\n\n\n\n<h3 class=\"wp-block-heading\" id=\"indizien-und-die-beste-plausible-erklarung\"><strong>Indizien und die beste plausible Erkl\u00e4rung<\/strong><\/h3>\n\n\n\n<p>Oft l\u00e4sst sich eine Hypothese nicht schl\u00fcssig best\u00e4tigen. Dies ist sogar ausnahmslos der Fall, wenn Erlebnisse und Erfahrungen von Menschen die Quelle f\u00fcr Einsch\u00e4tzungen und Bewertungen sind. Nur wenige Menschen erleben beispielsweise eine Nahtoderfahrung, eine Sterbebettvision bzw. Sterbevision, oder einen Traum, bei dem sich sp\u00e4ter das im inneren Film Gesehene exakt so vollzieht.<\/p>\n\n\n\n<p>Wenn sich keine allgemeing\u00fcltige Regel formulieren l\u00e4sst, m\u00fcssen Indizien bestimmt werden, um dann zu einer oder mehreren m\u00f6glichen Erkl\u00e4rungen f\u00fcr einen Sachverhalt zu gelangen. Nicht selten bieten sich mehrere alternative Erkl\u00e4rungen f\u00fcr ein Ph\u00e4nomen an. Dann ist aus den vorliegenden Erkl\u00e4rungen diejenige auszuw\u00e4hlen, die am besten zu den Beobachtungen und\/oder Berechnungen passt. Dies entspricht dann dem \u201eStand der Wissenschaft\u201c bzw.&nbsp; \u2013 au\u00dferhalb der Wissenschaft &#8211; dem \u201eStand der Erkenntnis\u201c. Es mag jedoch durchaus Uneinigkeit dar\u00fcber bestehen, was als beste plausible Erkl\u00e4rung angesehen werden kann.<\/p>\n\n\n\n<h4 class=\"wp-block-heading\" id=\"indizien-und-kontext\">Indizien und Kontext<\/h4>\n\n\n\n<p>Selbstverst\u00e4ndlich gilt als Rahmenbedingung, dass sich aus der Beobachtung ergebende Indizien zu den Eigenschaften und dem Verhalten eines Objekts passen m\u00fcssen. Ein Beispiel aus der Verhaltensforschung bei Tieren mag dieses Prinzip verdeutlichen. Der Primatologe und Verhaltensforscher Frans de Waal beschrieb in seinem Buch \u201eAre We Smart Enough to Know How Smart Animals Are?\u201d, wie ein Test kognitiver F\u00e4higkeiten bei Gibbons zu falschen Schl\u00fcssen f\u00fchrte (S.&nbsp;14&nbsp;f.).<\/p>\n\n\n\n<p>Gibbons wurden mit Aufgaben konfrontiert, die von ihnen eine Auswahl unter verschiedenen Bechern, Schn\u00fcren und St\u00f6cken verlangte. Test auf Test wurde jedes Mal festgestellt, dass diese Primaten im Vergleich zu anderen Spezies schlecht abschnitten. Beispielsweise wurde die Werkzeugnutzung dadurch getestet, dass eine Banane au\u00dferhalb ihres K\u00e4figs fallen gelassen und in deren N\u00e4he ein Stock platziert wurde. Das Einzige, was die getesteten Gibbons tun mussten, um an die Banane zu gelangen, war: den Stock aufheben, um die Banane n\u00e4her heranzubewegen. Schimpansen w\u00fcrden dies ohne Z\u00f6gern so bewerkstelligen, nicht jedoch Gibbons. Vor dem Hintergrund, dass Gibbons zu derselben Familie mit gro\u00dfen Gehirnen geh\u00f6ren wie Menschen und Menschenaffen, erschien dies einigerma\u00dfen seltsam.<\/p>\n\n\n\n<p>Bei diesen Tests wurde nicht bedacht, dass Gibbons Baumbewohner sind und sich \u00fcberwiegend auf und in B\u00e4umen bewegen. Ihre H\u00e4nde weisen nur sehr kurze Daumen auf, daf\u00fcr aber verl\u00e4ngerte Finger. Ihre H\u00e4nde sind f\u00fcr ihre einmalige Bewegungsart, das Schwinghangeln (Brachiation), spezialisiert und wirken im Vergleich zu den vielseitigen Greif- und F\u00fchlorganen der meisten anderen Primaten mehr als \u201eFanghaken\u201c. Als festgestellt wurde, dass der Test nicht zu den Eigenschaften von Gibbonh\u00e4nden und dem Verhalten von Gibbons passte \u2013 Gibbons ist es praktisch unm\u00f6glich, Objekte von einem flachen Boden aufzuheben \u2013, wurde der Test ver\u00e4ndert. Der Stock wurde auf Schulterh\u00f6he angebracht, wodurch Gibbons ihn leichter greifen konnten. Auf einmal erwiesen sich Gibbons als genauso intelligent wie andere Primaten. Ihr schlechtes Abschneiden bei Tests war mehr der jeweiligen Testmethode geschuldet als ihren geistigen F\u00e4higkeiten.<\/p>\n\n\n\n<h4 class=\"wp-block-heading\" id=\"faktenbasierung-und-unvoreingenommenheit\">Faktenbasierung und Unvoreingenommenheit<\/h4>\n\n\n\n<p>Im Optimalfall wird die beste plausible Erkl\u00e4rung mittels rein auf Fakten basierenden Indizien ermittelt, gest\u00fctzt von stimmigen Argumenten. Pers\u00f6nliche Voreingenommenheiten, \u201eideologische Scheuklappen\u201c, Pr\u00e4ferenzen und Ziele eines Beurteilenden spielen keine Rolle. Wie ein Blick in die Geschichte der Wissenschaft allerdings zeigt, lassen sich derartige pers\u00f6nliche Faktoren oft nicht ausschlie\u00dfen.<\/p>\n","protected":false},"excerpt":{"rendered":"<p>Kann ein Beweis f\u00fcr die Weiterexistenz nach dem Tod erbracht werden? Wie sind die bisher dargelegten Ph\u00e4nomene mit ihren als real wahrgenommenen Erfahrungen zu beurteilen? In Anbetracht der&hellip;<\/p>\n","protected":false},"author":2,"featured_media":7572,"comment_status":"closed","ping_status":"open","sticky":false,"template":"template-full-width-only-content.php","format":"standard","meta":{"footnotes":""},"categories":[212],"tags":[],"yoast_head":"<!-- This site is optimized with the Yoast SEO plugin v24.5 - https:\/\/yoast.com\/wordpress\/plugins\/seo\/ -->\n<title>Beweis \u2013 oder beste plausible Erkl\u00e4rung?<\/title>\n<meta name=\"description\" content=\"Kann ein Beweis f\u00fcr die Weiterexistenz nach dem Tod erbracht werden? Wie sind die bisher dargelegten Ph\u00e4nomene zu beurteilen?\" \/>\n<meta name=\"robots\" content=\"index, follow, max-snippet:-1, max-image-preview:large, max-video-preview:-1\" \/>\n<link rel=\"canonical\" href=\"https:\/\/dieter-jenz.de\/lc\/beweis-oder-beste-plausible-erklaerung\/\" \/>\n<meta property=\"og:locale\" content=\"de_DE\" \/>\n<meta property=\"og:type\" content=\"article\" \/>\n<meta property=\"og:title\" content=\"Beweis \u2013 oder beste plausible Erkl\u00e4rung?\" \/>\n<meta property=\"og:description\" content=\"Kann ein Beweis f\u00fcr die Weiterexistenz nach dem Tod erbracht werden? Wie sind die bisher dargelegten Ph\u00e4nomene zu beurteilen?\" \/>\n<meta property=\"og:url\" content=\"https:\/\/dieter-jenz.de\/lc\/beweis-oder-beste-plausible-erklaerung\/\" \/>\n<meta property=\"og:site_name\" content=\"Dieter Jenz, Begleitung und Coaching\" \/>\n<meta property=\"article:publisher\" content=\"https:\/\/www.facebook.com\/dieter.jenz.inspiration\" \/>\n<meta property=\"article:author\" content=\"https:\/\/www.facebook.com\/dieter.jenz.inspiration\" \/>\n<meta property=\"article:published_time\" content=\"2022-10-20T09:30:00+00:00\" \/>\n<meta property=\"article:modified_time\" content=\"2022-11-14T08:19:27+00:00\" \/>\n<meta property=\"og:image\" content=\"https:\/\/dieter-jenz.de\/lc\/wp-content\/uploads\/2022\/10\/Beitragsbild-Beweis-oder-beste-Erklaerung.jpeg\" \/>\n\t<meta property=\"og:image:width\" content=\"800\" \/>\n\t<meta property=\"og:image:height\" content=\"800\" \/>\n\t<meta property=\"og:image:type\" content=\"image\/jpeg\" \/>\n<meta name=\"author\" content=\"Dieter Jenz\" \/>\n<meta name=\"twitter:card\" content=\"summary_large_image\" \/>\n<meta name=\"twitter:creator\" content=\"@https:\/\/twitter.com\/dieterjenz\" \/>\n<meta name=\"twitter:site\" content=\"@dieterjenz\" \/>\n<meta name=\"twitter:label1\" content=\"Verfasst von\" \/>\n\t<meta name=\"twitter:data1\" content=\"Dieter Jenz\" \/>\n\t<meta name=\"twitter:label2\" content=\"Gesch\u00e4tzte Lesezeit\" \/>\n\t<meta name=\"twitter:data2\" content=\"9\u00a0Minuten\" \/>\n<script type=\"application\/ld+json\" class=\"yoast-schema-graph\">{\"@context\":\"https:\/\/schema.org\",\"@graph\":[{\"@type\":\"Article\",\"@id\":\"https:\/\/dieter-jenz.de\/lc\/beweis-oder-beste-plausible-erklaerung\/#article\",\"isPartOf\":{\"@id\":\"https:\/\/dieter-jenz.de\/lc\/beweis-oder-beste-plausible-erklaerung\/\"},\"author\":{\"name\":\"Dieter Jenz\",\"@id\":\"https:\/\/dieter-jenz.de\/lc\/#\/schema\/person\/618cfd5c289d0a23930cb258a43679ab\"},\"headline\":\"Beweis \u2013 oder beste plausible Erkl\u00e4rung?\",\"datePublished\":\"2022-10-20T09:30:00+00:00\",\"dateModified\":\"2022-11-14T08:19:27+00:00\",\"mainEntityOfPage\":{\"@id\":\"https:\/\/dieter-jenz.de\/lc\/beweis-oder-beste-plausible-erklaerung\/\"},\"wordCount\":1655,\"publisher\":{\"@id\":\"https:\/\/dieter-jenz.de\/lc\/#\/schema\/person\/618cfd5c289d0a23930cb258a43679ab\"},\"image\":{\"@id\":\"https:\/\/dieter-jenz.de\/lc\/beweis-oder-beste-plausible-erklaerung\/#primaryimage\"},\"thumbnailUrl\":\"https:\/\/dieter-jenz.de\/lc\/wp-content\/uploads\/2022\/10\/Beitragsbild-Beweis-oder-beste-Erklaerung.jpeg\",\"articleSection\":[\"Lebensfragen\"],\"inLanguage\":\"de\"},{\"@type\":\"WebPage\",\"@id\":\"https:\/\/dieter-jenz.de\/lc\/beweis-oder-beste-plausible-erklaerung\/\",\"url\":\"https:\/\/dieter-jenz.de\/lc\/beweis-oder-beste-plausible-erklaerung\/\",\"name\":\"Beweis \u2013 oder beste plausible Erkl\u00e4rung?\",\"isPartOf\":{\"@id\":\"https:\/\/dieter-jenz.de\/lc\/#website\"},\"primaryImageOfPage\":{\"@id\":\"https:\/\/dieter-jenz.de\/lc\/beweis-oder-beste-plausible-erklaerung\/#primaryimage\"},\"image\":{\"@id\":\"https:\/\/dieter-jenz.de\/lc\/beweis-oder-beste-plausible-erklaerung\/#primaryimage\"},\"thumbnailUrl\":\"https:\/\/dieter-jenz.de\/lc\/wp-content\/uploads\/2022\/10\/Beitragsbild-Beweis-oder-beste-Erklaerung.jpeg\",\"datePublished\":\"2022-10-20T09:30:00+00:00\",\"dateModified\":\"2022-11-14T08:19:27+00:00\",\"description\":\"Kann ein Beweis f\u00fcr die Weiterexistenz nach dem Tod erbracht werden? Wie sind die bisher dargelegten Ph\u00e4nomene zu beurteilen?\",\"breadcrumb\":{\"@id\":\"https:\/\/dieter-jenz.de\/lc\/beweis-oder-beste-plausible-erklaerung\/#breadcrumb\"},\"inLanguage\":\"de\",\"potentialAction\":[{\"@type\":\"ReadAction\",\"target\":[\"https:\/\/dieter-jenz.de\/lc\/beweis-oder-beste-plausible-erklaerung\/\"]}]},{\"@type\":\"ImageObject\",\"inLanguage\":\"de\",\"@id\":\"https:\/\/dieter-jenz.de\/lc\/beweis-oder-beste-plausible-erklaerung\/#primaryimage\",\"url\":\"https:\/\/dieter-jenz.de\/lc\/wp-content\/uploads\/2022\/10\/Beitragsbild-Beweis-oder-beste-Erklaerung.jpeg\",\"contentUrl\":\"https:\/\/dieter-jenz.de\/lc\/wp-content\/uploads\/2022\/10\/Beitragsbild-Beweis-oder-beste-Erklaerung.jpeg\",\"width\":800,\"height\":800,\"caption\":\"Gestaltung: privat\"},{\"@type\":\"BreadcrumbList\",\"@id\":\"https:\/\/dieter-jenz.de\/lc\/beweis-oder-beste-plausible-erklaerung\/#breadcrumb\",\"itemListElement\":[{\"@type\":\"ListItem\",\"position\":1,\"name\":\"Home\",\"item\":\"https:\/\/dieter-jenz.de\/lc\/\"},{\"@type\":\"ListItem\",\"position\":2,\"name\":\"Lebensfragen\",\"item\":\"https:\/\/dieter-jenz.de\/lc\/category\/lebensfragen\/\"},{\"@type\":\"ListItem\",\"position\":3,\"name\":\"Beweis \u2013 oder beste plausible Erkl\u00e4rung?\"}]},{\"@type\":\"WebSite\",\"@id\":\"https:\/\/dieter-jenz.de\/lc\/#website\",\"url\":\"https:\/\/dieter-jenz.de\/lc\/\",\"name\":\"Dieter Jenz, Begleitung und Coaching\",\"description\":\"Die andere, neue Sichtweise entdecken - auftanken - neue Wege gehen\",\"publisher\":{\"@id\":\"https:\/\/dieter-jenz.de\/lc\/#\/schema\/person\/618cfd5c289d0a23930cb258a43679ab\"},\"potentialAction\":[{\"@type\":\"SearchAction\",\"target\":{\"@type\":\"EntryPoint\",\"urlTemplate\":\"https:\/\/dieter-jenz.de\/lc\/?s={search_term_string}\"},\"query-input\":{\"@type\":\"PropertyValueSpecification\",\"valueRequired\":true,\"valueName\":\"search_term_string\"}}],\"inLanguage\":\"de\"},{\"@type\":[\"Person\",\"Organization\"],\"@id\":\"https:\/\/dieter-jenz.de\/lc\/#\/schema\/person\/618cfd5c289d0a23930cb258a43679ab\",\"name\":\"Dieter Jenz\",\"image\":{\"@type\":\"ImageObject\",\"inLanguage\":\"de\",\"@id\":\"https:\/\/dieter-jenz.de\/lc\/#\/schema\/person\/image\/\",\"url\":\"https:\/\/dieter-jenz.de\/lc\/wp-content\/uploads\/2020\/01\/Logo-Coaching-und-Begleitung.png\",\"contentUrl\":\"https:\/\/dieter-jenz.de\/lc\/wp-content\/uploads\/2020\/01\/Logo-Coaching-und-Begleitung.png\",\"width\":320,\"height\":240,\"caption\":\"Dieter Jenz\"},\"logo\":{\"@id\":\"https:\/\/dieter-jenz.de\/lc\/#\/schema\/person\/image\/\"},\"description\":\"Ich bin Dieter Jenz, Begleiter, Berater und Coach mit Leidenschaft. \u00dcber viele Jahre hinweg habe ich einen reichen Schatz an Kompetenz und Erfahrung erworben. Meine Themen sind die \\\"4L\\\": Lebensaufgabe, Lebensplanung, Lebensnavigation und Lebensqualit\u00e4t.\",\"sameAs\":[\"https:\/\/www.facebook.com\/dieter.jenz.inspiration\",\"https:\/\/www.pinterest.de\/dieterjenz\/\",\"https:\/\/x.com\/https:\/\/twitter.com\/dieterjenz\"],\"url\":\"https:\/\/dieter-jenz.de\/lc\/author\/dieter\/\"}]}<\/script>\n<!-- \/ Yoast SEO plugin. -->","yoast_head_json":{"title":"Beweis \u2013 oder beste plausible Erkl\u00e4rung?","description":"Kann ein Beweis f\u00fcr die Weiterexistenz nach dem Tod erbracht werden? Wie sind die bisher dargelegten Ph\u00e4nomene zu beurteilen?","robots":{"index":"index","follow":"follow","max-snippet":"max-snippet:-1","max-image-preview":"max-image-preview:large","max-video-preview":"max-video-preview:-1"},"canonical":"https:\/\/dieter-jenz.de\/lc\/beweis-oder-beste-plausible-erklaerung\/","og_locale":"de_DE","og_type":"article","og_title":"Beweis \u2013 oder beste plausible Erkl\u00e4rung?","og_description":"Kann ein Beweis f\u00fcr die Weiterexistenz nach dem Tod erbracht werden? Wie sind die bisher dargelegten Ph\u00e4nomene zu beurteilen?","og_url":"https:\/\/dieter-jenz.de\/lc\/beweis-oder-beste-plausible-erklaerung\/","og_site_name":"Dieter Jenz, Begleitung und Coaching","article_publisher":"https:\/\/www.facebook.com\/dieter.jenz.inspiration","article_author":"https:\/\/www.facebook.com\/dieter.jenz.inspiration","article_published_time":"2022-10-20T09:30:00+00:00","article_modified_time":"2022-11-14T08:19:27+00:00","og_image":[{"width":800,"height":800,"url":"https:\/\/dieter-jenz.de\/lc\/wp-content\/uploads\/2022\/10\/Beitragsbild-Beweis-oder-beste-Erklaerung.jpeg","type":"image\/jpeg"}],"author":"Dieter Jenz","twitter_card":"summary_large_image","twitter_creator":"@https:\/\/twitter.com\/dieterjenz","twitter_site":"@dieterjenz","twitter_misc":{"Verfasst von":"Dieter Jenz","Gesch\u00e4tzte Lesezeit":"9\u00a0Minuten"},"schema":{"@context":"https:\/\/schema.org","@graph":[{"@type":"Article","@id":"https:\/\/dieter-jenz.de\/lc\/beweis-oder-beste-plausible-erklaerung\/#article","isPartOf":{"@id":"https:\/\/dieter-jenz.de\/lc\/beweis-oder-beste-plausible-erklaerung\/"},"author":{"name":"Dieter Jenz","@id":"https:\/\/dieter-jenz.de\/lc\/#\/schema\/person\/618cfd5c289d0a23930cb258a43679ab"},"headline":"Beweis \u2013 oder beste plausible Erkl\u00e4rung?","datePublished":"2022-10-20T09:30:00+00:00","dateModified":"2022-11-14T08:19:27+00:00","mainEntityOfPage":{"@id":"https:\/\/dieter-jenz.de\/lc\/beweis-oder-beste-plausible-erklaerung\/"},"wordCount":1655,"publisher":{"@id":"https:\/\/dieter-jenz.de\/lc\/#\/schema\/person\/618cfd5c289d0a23930cb258a43679ab"},"image":{"@id":"https:\/\/dieter-jenz.de\/lc\/beweis-oder-beste-plausible-erklaerung\/#primaryimage"},"thumbnailUrl":"https:\/\/dieter-jenz.de\/lc\/wp-content\/uploads\/2022\/10\/Beitragsbild-Beweis-oder-beste-Erklaerung.jpeg","articleSection":["Lebensfragen"],"inLanguage":"de"},{"@type":"WebPage","@id":"https:\/\/dieter-jenz.de\/lc\/beweis-oder-beste-plausible-erklaerung\/","url":"https:\/\/dieter-jenz.de\/lc\/beweis-oder-beste-plausible-erklaerung\/","name":"Beweis \u2013 oder beste plausible Erkl\u00e4rung?","isPartOf":{"@id":"https:\/\/dieter-jenz.de\/lc\/#website"},"primaryImageOfPage":{"@id":"https:\/\/dieter-jenz.de\/lc\/beweis-oder-beste-plausible-erklaerung\/#primaryimage"},"image":{"@id":"https:\/\/dieter-jenz.de\/lc\/beweis-oder-beste-plausible-erklaerung\/#primaryimage"},"thumbnailUrl":"https:\/\/dieter-jenz.de\/lc\/wp-content\/uploads\/2022\/10\/Beitragsbild-Beweis-oder-beste-Erklaerung.jpeg","datePublished":"2022-10-20T09:30:00+00:00","dateModified":"2022-11-14T08:19:27+00:00","description":"Kann ein Beweis f\u00fcr die Weiterexistenz nach dem Tod erbracht werden? Wie sind die bisher dargelegten Ph\u00e4nomene zu beurteilen?","breadcrumb":{"@id":"https:\/\/dieter-jenz.de\/lc\/beweis-oder-beste-plausible-erklaerung\/#breadcrumb"},"inLanguage":"de","potentialAction":[{"@type":"ReadAction","target":["https:\/\/dieter-jenz.de\/lc\/beweis-oder-beste-plausible-erklaerung\/"]}]},{"@type":"ImageObject","inLanguage":"de","@id":"https:\/\/dieter-jenz.de\/lc\/beweis-oder-beste-plausible-erklaerung\/#primaryimage","url":"https:\/\/dieter-jenz.de\/lc\/wp-content\/uploads\/2022\/10\/Beitragsbild-Beweis-oder-beste-Erklaerung.jpeg","contentUrl":"https:\/\/dieter-jenz.de\/lc\/wp-content\/uploads\/2022\/10\/Beitragsbild-Beweis-oder-beste-Erklaerung.jpeg","width":800,"height":800,"caption":"Gestaltung: privat"},{"@type":"BreadcrumbList","@id":"https:\/\/dieter-jenz.de\/lc\/beweis-oder-beste-plausible-erklaerung\/#breadcrumb","itemListElement":[{"@type":"ListItem","position":1,"name":"Home","item":"https:\/\/dieter-jenz.de\/lc\/"},{"@type":"ListItem","position":2,"name":"Lebensfragen","item":"https:\/\/dieter-jenz.de\/lc\/category\/lebensfragen\/"},{"@type":"ListItem","position":3,"name":"Beweis \u2013 oder beste plausible Erkl\u00e4rung?"}]},{"@type":"WebSite","@id":"https:\/\/dieter-jenz.de\/lc\/#website","url":"https:\/\/dieter-jenz.de\/lc\/","name":"Dieter Jenz, Begleitung und Coaching","description":"Die andere, neue Sichtweise entdecken - auftanken - neue Wege gehen","publisher":{"@id":"https:\/\/dieter-jenz.de\/lc\/#\/schema\/person\/618cfd5c289d0a23930cb258a43679ab"},"potentialAction":[{"@type":"SearchAction","target":{"@type":"EntryPoint","urlTemplate":"https:\/\/dieter-jenz.de\/lc\/?s={search_term_string}"},"query-input":{"@type":"PropertyValueSpecification","valueRequired":true,"valueName":"search_term_string"}}],"inLanguage":"de"},{"@type":["Person","Organization"],"@id":"https:\/\/dieter-jenz.de\/lc\/#\/schema\/person\/618cfd5c289d0a23930cb258a43679ab","name":"Dieter Jenz","image":{"@type":"ImageObject","inLanguage":"de","@id":"https:\/\/dieter-jenz.de\/lc\/#\/schema\/person\/image\/","url":"https:\/\/dieter-jenz.de\/lc\/wp-content\/uploads\/2020\/01\/Logo-Coaching-und-Begleitung.png","contentUrl":"https:\/\/dieter-jenz.de\/lc\/wp-content\/uploads\/2020\/01\/Logo-Coaching-und-Begleitung.png","width":320,"height":240,"caption":"Dieter Jenz"},"logo":{"@id":"https:\/\/dieter-jenz.de\/lc\/#\/schema\/person\/image\/"},"description":"Ich bin Dieter Jenz, Begleiter, Berater und Coach mit Leidenschaft. \u00dcber viele Jahre hinweg habe ich einen reichen Schatz an Kompetenz und Erfahrung erworben. Meine Themen sind die \"4L\": Lebensaufgabe, Lebensplanung, Lebensnavigation und Lebensqualit\u00e4t.","sameAs":["https:\/\/www.facebook.com\/dieter.jenz.inspiration","https:\/\/www.pinterest.de\/dieterjenz\/","https:\/\/x.com\/https:\/\/twitter.com\/dieterjenz"],"url":"https:\/\/dieter-jenz.de\/lc\/author\/dieter\/"}]}},"_links":{"self":[{"href":"https:\/\/dieter-jenz.de\/lc\/wp-json\/wp\/v2\/posts\/7573"}],"collection":[{"href":"https:\/\/dieter-jenz.de\/lc\/wp-json\/wp\/v2\/posts"}],"about":[{"href":"https:\/\/dieter-jenz.de\/lc\/wp-json\/wp\/v2\/types\/post"}],"author":[{"embeddable":true,"href":"https:\/\/dieter-jenz.de\/lc\/wp-json\/wp\/v2\/users\/2"}],"replies":[{"embeddable":true,"href":"https:\/\/dieter-jenz.de\/lc\/wp-json\/wp\/v2\/comments?post=7573"}],"version-history":[{"count":4,"href":"https:\/\/dieter-jenz.de\/lc\/wp-json\/wp\/v2\/posts\/7573\/revisions"}],"predecessor-version":[{"id":7644,"href":"https:\/\/dieter-jenz.de\/lc\/wp-json\/wp\/v2\/posts\/7573\/revisions\/7644"}],"wp:featuredmedia":[{"embeddable":true,"href":"https:\/\/dieter-jenz.de\/lc\/wp-json\/wp\/v2\/media\/7572"}],"wp:attachment":[{"href":"https:\/\/dieter-jenz.de\/lc\/wp-json\/wp\/v2\/media?parent=7573"}],"wp:term":[{"taxonomy":"category","embeddable":true,"href":"https:\/\/dieter-jenz.de\/lc\/wp-json\/wp\/v2\/categories?post=7573"},{"taxonomy":"post_tag","embeddable":true,"href":"https:\/\/dieter-jenz.de\/lc\/wp-json\/wp\/v2\/tags?post=7573"}],"curies":[{"name":"wp","href":"https:\/\/api.w.org\/{rel}","templated":true}]}}