{"id":7703,"date":"2022-11-22T11:30:00","date_gmt":"2022-11-22T10:30:00","guid":{"rendered":"https:\/\/dieter-jenz.de\/lc\/?p=7703"},"modified":"2023-03-20T09:55:56","modified_gmt":"2023-03-20T08:55:56","slug":"der-zyklische-reinkarnationsprozess-wie-ist-er-vorstellbar","status":"publish","type":"post","link":"https:\/\/dieter-jenz.de\/lc\/der-zyklische-reinkarnationsprozess-wie-ist-er-vorstellbar\/","title":{"rendered":"Der zyklische Reinkarnationsprozess \u2013 wie ist er vorstellbar?"},"content":{"rendered":"<div class=\"yoast-breadcrumbs\"><span><span><a href=\"https:\/\/dieter-jenz.de\/lc\/\">Home<\/a><\/span> \u00bb <span><a href=\"https:\/\/dieter-jenz.de\/lc\/category\/lebensfragen\/\">Lebensfragen<\/a><\/span> \u00bb <span class=\"breadcrumb_last\" aria-current=\"page\"><strong>Der zyklische Reinkarnationsprozess \u2013 wie ist er vorstellbar?<\/strong><\/span><\/span><\/div>\n\n\n<div style=\"height:50px\" aria-hidden=\"true\" class=\"wp-block-spacer\"><\/div>\n\n\n\n<p>Wie kann man sich den Reinkarnationsprozess vorstellen? Und wer kann dar\u00fcber autoritativ Auskunft geben?<\/p>\n\n\n\n<p>Bei der Recherche f\u00e4llt ein wahres Sammelsurium an unterschiedlichen Quellen auf. Von einer einheitlichen Semantik der dargelegten Konzepte kann keine Rede sein. Auf der einen Seite stehen verschiedenste Literaturquellen, auf der anderen Seite Verlautbarungen mit gewissem Offenbarungscharakter durch Menschen mit ganz unterschiedlichem Hintergrund.<\/p>\n\n\n\n<p>Mein Ansatz unterscheidet sich, sicherlich auch durch meine berufliche Vergangenheit bedingt. Aus einer \u201etechnisch\u201c orientierten Perspektive und aus der Position des m\u00f6glichst neutralen Analytikers heraus versuche ich eine prozessorientierte Beschreibung. Daraus ergeben sich diverse Fragestellungen, die in diesem und folgenden Beitr\u00e4gen aufgegriffen werden.<\/p>\n\n\n\n<p><strong>Inhalte:<\/strong><\/p>\n\n\n\n<nav class=\"wp-block-table-of-contents\"><ol><li><a class=\"wp-block-table-of-contents__entry\" href=\"https:\/\/dieter-jenz.de\/lc\/der-zyklische-reinkarnationsprozess-wie-ist-er-vorstellbar\/#das-konzept-der-zyklischen-existenz\">Das Konzept der zyklischen Existenz<\/a><\/li><li><a class=\"wp-block-table-of-contents__entry\" href=\"https:\/\/dieter-jenz.de\/lc\/der-zyklische-reinkarnationsprozess-wie-ist-er-vorstellbar\/#der-reinkarnationsprozess\">Der Reinkarnationsprozess<\/a><ol><li><a class=\"wp-block-table-of-contents__entry\" href=\"https:\/\/dieter-jenz.de\/lc\/der-zyklische-reinkarnationsprozess-wie-ist-er-vorstellbar\/#rollen\">Rollen<\/a><\/li><li><a class=\"wp-block-table-of-contents__entry\" href=\"https:\/\/dieter-jenz.de\/lc\/der-zyklische-reinkarnationsprozess-wie-ist-er-vorstellbar\/#ereignisse\">Ereignisse<\/a><\/li><li><a class=\"wp-block-table-of-contents__entry\" href=\"https:\/\/dieter-jenz.de\/lc\/der-zyklische-reinkarnationsprozess-wie-ist-er-vorstellbar\/#aktivitaten\">Aktivit\u00e4ten<\/a><\/li><li><a class=\"wp-block-table-of-contents__entry\" href=\"https:\/\/dieter-jenz.de\/lc\/der-zyklische-reinkarnationsprozess-wie-ist-er-vorstellbar\/#zustande\">Zust\u00e4nde<\/a><\/li><li><a class=\"wp-block-table-of-contents__entry\" href=\"https:\/\/dieter-jenz.de\/lc\/der-zyklische-reinkarnationsprozess-wie-ist-er-vorstellbar\/#prozesszyklen\">Prozesszyklen<\/a><ol><li><a class=\"wp-block-table-of-contents__entry\" href=\"https:\/\/dieter-jenz.de\/lc\/der-zyklische-reinkarnationsprozess-wie-ist-er-vorstellbar\/#erster-zyklus\">Erster Zyklus<\/a><ol><li><a class=\"wp-block-table-of-contents__entry\" href=\"https:\/\/dieter-jenz.de\/lc\/der-zyklische-reinkarnationsprozess-wie-ist-er-vorstellbar\/#denkmoglichkeit-1\">Denkm\u00f6glichkeit 1<\/a><\/li><li><a class=\"wp-block-table-of-contents__entry\" href=\"https:\/\/dieter-jenz.de\/lc\/der-zyklische-reinkarnationsprozess-wie-ist-er-vorstellbar\/#denkmoglichkeit-2\">Denkm\u00f6glichkeit 2<\/a><\/li><li><a class=\"wp-block-table-of-contents__entry\" href=\"https:\/\/dieter-jenz.de\/lc\/der-zyklische-reinkarnationsprozess-wie-ist-er-vorstellbar\/#weitere-denkmoglichkeiten\">Weitere Denkm\u00f6glichkeiten<\/a><\/li><\/ol><\/li><li><a class=\"wp-block-table-of-contents__entry\" href=\"https:\/\/dieter-jenz.de\/lc\/der-zyklische-reinkarnationsprozess-wie-ist-er-vorstellbar\/#wiederholte-zyklen\">Wiederholte Zyklen<\/a><\/li><li><a class=\"wp-block-table-of-contents__entry\" href=\"https:\/\/dieter-jenz.de\/lc\/der-zyklische-reinkarnationsprozess-wie-ist-er-vorstellbar\/#letzter-zyklus\">Letzter Zyklus<\/a><\/li><\/ol><\/li><\/ol><\/li><\/ol><\/nav>\n\n\n\n<div class=\"wp-block-media-text is-stacked-on-mobile has-background-background-color has-background\" style=\"grid-template-columns:15% auto\"><figure class=\"wp-block-media-text__media\"><a href=\"https:\/\/dieter-jenz.de\/lc\/was-geschieht-mit-mir-wenn-ich-sterbe\/\"><img loading=\"lazy\" decoding=\"async\" width=\"800\" height=\"800\" src=\"https:\/\/dieter-jenz.de\/lc\/wp-content\/uploads\/2022\/03\/Beitragsbild-Was-geschieht-mit-mir-wenn-ich-sterbe.jpeg\" alt=\"Was geschieht mit mir wenn ich sterbe - Gestaltung: privat\" class=\"wp-image-7029 size-full\" srcset=\"https:\/\/dieter-jenz.de\/lc\/wp-content\/uploads\/2022\/03\/Beitragsbild-Was-geschieht-mit-mir-wenn-ich-sterbe.jpeg 800w, https:\/\/dieter-jenz.de\/lc\/wp-content\/uploads\/2022\/03\/Beitragsbild-Was-geschieht-mit-mir-wenn-ich-sterbe-300x300.jpeg 300w, https:\/\/dieter-jenz.de\/lc\/wp-content\/uploads\/2022\/03\/Beitragsbild-Was-geschieht-mit-mir-wenn-ich-sterbe-150x150.jpeg 150w, https:\/\/dieter-jenz.de\/lc\/wp-content\/uploads\/2022\/03\/Beitragsbild-Was-geschieht-mit-mir-wenn-ich-sterbe-768x768.jpeg 768w, https:\/\/dieter-jenz.de\/lc\/wp-content\/uploads\/2022\/03\/Beitragsbild-Was-geschieht-mit-mir-wenn-ich-sterbe-540x540.jpeg 540w\" sizes=\"(max-width: 800px) 100vw, 800px\" \/><\/a><\/figure><div class=\"wp-block-media-text__content\">\n<p class=\"has-border-background-color has-background has-normal-font-size\">Dieser Beitrag ist Teil der Serie &#8222;<em>Was geschieht mit mir wenn ich sterbe?<\/em>&#8220; <br>Grobes <a href=\"https:\/\/dieter-jenz.de\/lc\/was-geschieht-mit-mir-wenn-ich-sterbe\/\" target=\"_blank\" rel=\"noreferrer noopener\">Inhaltsverzeichnis<\/a><\/p>\n<\/div><\/div>\n\n\n\n<h3 class=\"wp-block-heading\" id=\"das-konzept-der-zyklischen-existenz\"><strong>Das Konzept der zyklischen Existenz<\/strong><\/h3>\n\n\n\n<p>Die Erfahrungsreligionen (Hinduismus, Buddhismus) und auch verschiedene weltanschauliche Bewegungen, wie insbesondere die Esoterik, propagieren das Konzept der zyklischen Existenz. Die Semantik der Reinkarnationskonzepte ist keineswegs deckungsgleich. Hinduismus und Buddhismus unterscheiden sich und im Bereich der Esoterik setzt beispielsweise die Anthroposophie ihre eigenen Akzente. An dieser Stelle wird auf kleinere semantische Unterschiede nicht weiter eingegangen, da sie f\u00fcr die beabsichtigte Betrachtung nicht weiter relevant sind. Schlie\u00dflich ist es nicht das Ziel, Reinkarnationskonzepte miteinander zu vergleichen, sondern Konsequenzen eines allgemeinen Reinkarnationskonzepts aufzuzeigen.<\/p>\n\n\n\n<p>Mit dem biologischen Tod l\u00f6st sich das individuelle Selbst vom K\u00f6rper (Hinduismus, Esoterik) und bewegt sich in einen extrauniversalen Existenzraum. Der Buddhismus geht hingegen davon aus, dass ein karmischer Impuls weitergegeben wird. Irgendwann sp\u00e4ter reinkarniert sich das individuelle Selbst in einem neuen K\u00f6rper und eine neue Instanz einer Existenz beginnt. Ein Leben wird gelebt und endet. Das individuelle Selbst bzw. ein karmischer Impuls bewegt sich wieder in den extrauniversalen Existenzraum und wartet gewisserma\u00dfen wieder auf eine neue Reinkarnation. Wiederholte Reinkarnationen dienen dem Ziel, einen Lernprozess voranzubringen und zur Vollkommenheit zu gelangen.<\/p>\n\n\n\n<p>Das Konzept der zyklischen Existenz wird in der \u00fcberwiegend christlich gepr\u00e4gten westlichen Welt mit gro\u00dfer Skepsis betrachtet. Um zu einer Einsch\u00e4tzung zu gelangen, erscheint eine umfassendere Analyse, die Erkenntnisse verschiedener wissenschaftlicher Disziplinen geb\u00fchrend ber\u00fccksichtigt, unbedingt geboten.<\/p>\n\n\n<div class=\"su-box su-box-style-default\" id=\"\" style=\"border-color:#000000;border-radius:3px;\"><div class=\"su-box-title\" style=\"background-color:#333333;color:#FFFFFF;border-top-left-radius:1px;border-top-right-radius:1px\">Letzte Beitr\u00e4ge <\/div><div class=\"su-box-content su-u-clearfix su-u-trim\" style=\"border-bottom-left-radius:1px;border-bottom-right-radius:1px\"><div class=\"su-expand su-expand-collapsed su-expand-link-style-default\" data-height=\"100\"><div class=\"su-expand-content su-u-trim\" style=\"color:#333333;max-height:100px;overflow:hidden\">\n\n<div class=\"su-posts su-posts-teaser-loop \">\n\n\t\t\t\t\t\t\n\t\t\t\n\t\t\t<div id=\"su-post-12357\" class=\"su-post \">\n\t\t\t\t\t\t\t\t\t<a class=\"su-post-thumbnail\" href=\"https:\/\/dieter-jenz.de\/lc\/die-realitaet-das-individuelle-selbst-befindet-sich-nicht-im-gehirn\/\"><img loading=\"lazy\" decoding=\"async\" width=\"800\" height=\"800\" src=\"https:\/\/dieter-jenz.de\/lc\/wp-content\/uploads\/2024\/11\/Beitragsbild-Realitaet-Individuelles-Selbst-nicht-im-Gehirn.jpeg\" class=\"attachment-post-thumbnail size-post-thumbnail wp-post-image\" alt=\"Realit\u00e4t Das individuelle Selbst befindet sich nicht im Gehirn - Gestaltung: privat\" \/><\/a>\n\t\t\t\t\t\t\t\t<h2 class=\"su-post-title\"><a href=\"https:\/\/dieter-jenz.de\/lc\/die-realitaet-das-individuelle-selbst-befindet-sich-nicht-im-gehirn\/\">Die Realit\u00e4t: Das individuelle Selbst befindet sich nicht im Gehirn<\/a><\/h2>\n\t\t\t<\/div>\n\n\t\t\t\t\t\n\t\t\t\n\t\t\t<div id=\"su-post-12328\" class=\"su-post \">\n\t\t\t\t\t\t\t\t\t<a class=\"su-post-thumbnail\" href=\"https:\/\/dieter-jenz.de\/lc\/verifikation-der-eis-hypothese-ungewoehnliche-erinnerungen\/\"><img loading=\"lazy\" decoding=\"async\" width=\"800\" height=\"800\" src=\"https:\/\/dieter-jenz.de\/lc\/wp-content\/uploads\/2024\/11\/Beitragsbild-Verifikation-EIS-Hypothese-Ungewoehnliche-Erinnerungen.jpeg\" class=\"attachment-post-thumbnail size-post-thumbnail wp-post-image\" alt=\"Verifikation frt EIS-Hypothese: Ungew\u00f6hnliche Erinnerungen - Gestaltung: privat\" \/><\/a>\n\t\t\t\t\t\t\t\t<h2 class=\"su-post-title\"><a href=\"https:\/\/dieter-jenz.de\/lc\/verifikation-der-eis-hypothese-ungewoehnliche-erinnerungen\/\">Verifikation der EIS-Hypothese: Ungew\u00f6hnliche Erinnerungen<\/a><\/h2>\n\t\t\t<\/div>\n\n\t\t\t\t\t\n\t\t\t\n\t\t\t<div id=\"su-post-12313\" class=\"su-post \">\n\t\t\t\t\t\t\t\t\t<a class=\"su-post-thumbnail\" href=\"https:\/\/dieter-jenz.de\/lc\/verifikation-der-eis-hypothese-terminale-geistesklarheit\/\"><img loading=\"lazy\" decoding=\"async\" width=\"800\" height=\"800\" src=\"https:\/\/dieter-jenz.de\/lc\/wp-content\/uploads\/2024\/11\/Beitragsbild-Verifikation-EIS-Hypothese-Terminale-Geistesklarheit.jpeg\" class=\"attachment-post-thumbnail size-post-thumbnail wp-post-image\" alt=\"Verifikation der EIS-Hypothese: Terminale Geistesklarheit - Gestaltung: privat\" \/><\/a>\n\t\t\t\t\t\t\t\t<h2 class=\"su-post-title\"><a href=\"https:\/\/dieter-jenz.de\/lc\/verifikation-der-eis-hypothese-terminale-geistesklarheit\/\">Verifikation der EIS-Hypothese: Terminale Geistesklarheit<\/a><\/h2>\n\t\t\t<\/div>\n\n\t\t\t\t\t\n\t\t\t\n\t\t\t<div id=\"su-post-12248\" class=\"su-post \">\n\t\t\t\t\t\t\t\t\t<a class=\"su-post-thumbnail\" href=\"https:\/\/dieter-jenz.de\/lc\/verifikation-der-eis-hypothese-nahtoderfahrung\/\"><img loading=\"lazy\" decoding=\"async\" width=\"800\" height=\"800\" src=\"https:\/\/dieter-jenz.de\/lc\/wp-content\/uploads\/2024\/10\/Beitragsbild-Verifikation-EIS-Hypothese-Nahtoderfahrung.jpeg\" class=\"attachment-post-thumbnail size-post-thumbnail wp-post-image\" alt=\"Verifikation der EIS-Hypothese: Nahtoderfahrung - Gestaltung: privat\" \/><\/a>\n\t\t\t\t\t\t\t\t<h2 class=\"su-post-title\"><a href=\"https:\/\/dieter-jenz.de\/lc\/verifikation-der-eis-hypothese-nahtoderfahrung\/\">Verifikation der EIS-Hypothese: Nahtoderfahrung<\/a><\/h2>\n\t\t\t<\/div>\n\n\t\t\t\t\t\n\t\t\t\n\t\t\t<div id=\"su-post-12193\" class=\"su-post \">\n\t\t\t\t\t\t\t\t\t<a class=\"su-post-thumbnail\" href=\"https:\/\/dieter-jenz.de\/lc\/das-losloesungsszenario-ist-es-plausibel\/\"><img loading=\"lazy\" decoding=\"async\" width=\"800\" height=\"800\" src=\"https:\/\/dieter-jenz.de\/lc\/wp-content\/uploads\/2024\/09\/Beitragsbild-Losloesungsszenario.jpeg\" class=\"attachment-post-thumbnail size-post-thumbnail wp-post-image\" alt=\"Losl\u00f6sungsszenario - Gestaltung: privat\" \/><\/a>\n\t\t\t\t\t\t\t\t<h2 class=\"su-post-title\"><a href=\"https:\/\/dieter-jenz.de\/lc\/das-losloesungsszenario-ist-es-plausibel\/\">Das Losl\u00f6sungsszenario &#8211; ist es plausibel?<\/a><\/h2>\n\t\t\t<\/div>\n\n\t\t\t\t\t\n\t\t\t\n\t\t\t<div id=\"su-post-12174\" class=\"su-post \">\n\t\t\t\t\t\t\t\t\t<a class=\"su-post-thumbnail\" href=\"https:\/\/dieter-jenz.de\/lc\/das-evakuierungsszenario-ist-es-plausibel\/\"><img loading=\"lazy\" decoding=\"async\" width=\"800\" height=\"800\" src=\"https:\/\/dieter-jenz.de\/lc\/wp-content\/uploads\/2024\/09\/Beitragsbild-Evakuierungsszenario.jpeg\" class=\"attachment-post-thumbnail size-post-thumbnail wp-post-image\" alt=\"Evakuierungsszenario - Gestaltung: privat\" \/><\/a>\n\t\t\t\t\t\t\t\t<h2 class=\"su-post-title\"><a href=\"https:\/\/dieter-jenz.de\/lc\/das-evakuierungsszenario-ist-es-plausibel\/\">Das Evakuierungsszenario &#8211; ist es plausibel?<\/a><\/h2>\n\t\t\t<\/div>\n\n\t\t\t\t\t\n\t\t\t\n\t\t\t<div id=\"su-post-12136\" class=\"su-post \">\n\t\t\t\t\t\t\t\t\t<a class=\"su-post-thumbnail\" href=\"https:\/\/dieter-jenz.de\/lc\/das-erloeschungsszenario-ist-es-plausibel\/\"><img loading=\"lazy\" decoding=\"async\" width=\"800\" height=\"800\" src=\"https:\/\/dieter-jenz.de\/lc\/wp-content\/uploads\/2024\/09\/Beitragsbild-Erloeschungsszenario.jpeg\" class=\"attachment-post-thumbnail size-post-thumbnail wp-post-image\" alt=\"Erl\u00f6schungsszenario - Gestaltung: privat\" \/><\/a>\n\t\t\t\t\t\t\t\t<h2 class=\"su-post-title\"><a href=\"https:\/\/dieter-jenz.de\/lc\/das-erloeschungsszenario-ist-es-plausibel\/\">Das Erl\u00f6schungsszenario &#8211; ist es plausibel?<\/a><\/h2>\n\t\t\t<\/div>\n\n\t\t\t\t\t\n\t\t\t\n\t\t\t<div id=\"su-post-11981\" class=\"su-post \">\n\t\t\t\t\t\t\t\t\t<a class=\"su-post-thumbnail\" href=\"https:\/\/dieter-jenz.de\/lc\/was-sind-nahtoderfahrungenwie-werden-sie-erlebt\/\"><img loading=\"lazy\" decoding=\"async\" width=\"800\" height=\"800\" src=\"https:\/\/dieter-jenz.de\/lc\/wp-content\/uploads\/2024\/07\/Beitragsbild-Was-sind-Nahtoderfahrungen.jpeg\" class=\"attachment-post-thumbnail size-post-thumbnail wp-post-image\" alt=\"Was sind Nahtoderfahrungen - Gestaltung: privat\" \/><\/a>\n\t\t\t\t\t\t\t\t<h2 class=\"su-post-title\"><a href=\"https:\/\/dieter-jenz.de\/lc\/was-sind-nahtoderfahrungenwie-werden-sie-erlebt\/\">Was sind Nahtoderfahrungen? Wie werden sie erlebt?<\/a><\/h2>\n\t\t\t<\/div>\n\n\t\t\t\t\t\n\t\t\t\n\t\t\t<div id=\"su-post-11947\" class=\"su-post \">\n\t\t\t\t\t\t\t\t\t<a class=\"su-post-thumbnail\" href=\"https:\/\/dieter-jenz.de\/lc\/taktile-kommunikation-was-verbirgt-sich-dahinter\/\"><img loading=\"lazy\" decoding=\"async\" width=\"800\" height=\"800\" src=\"https:\/\/dieter-jenz.de\/lc\/wp-content\/uploads\/2024\/07\/Beitragsbild-Taktile-Kommunikation.jpeg\" class=\"attachment-post-thumbnail size-post-thumbnail wp-post-image\" alt=\"Taktile Kommunikation - Gestaltung: privat\" \/><\/a>\n\t\t\t\t\t\t\t\t<h2 class=\"su-post-title\"><a href=\"https:\/\/dieter-jenz.de\/lc\/taktile-kommunikation-was-verbirgt-sich-dahinter\/\">Taktile Kommunikation \u2013 was verbirgt sich dahinter?<\/a><\/h2>\n\t\t\t<\/div>\n\n\t\t\t\t\t\n\t\t\t\n\t\t\t<div id=\"su-post-11943\" class=\"su-post \">\n\t\t\t\t\t\t\t\t\t<a class=\"su-post-thumbnail\" href=\"https:\/\/dieter-jenz.de\/lc\/olfaktorische-kommunikation-was-verbirgt-sich-dahinter\/\"><img loading=\"lazy\" decoding=\"async\" width=\"800\" height=\"800\" src=\"https:\/\/dieter-jenz.de\/lc\/wp-content\/uploads\/2024\/07\/Beitragsbild-Olfaktorische-Kommunikation.jpeg\" class=\"attachment-post-thumbnail size-post-thumbnail wp-post-image\" alt=\"Olfaktorische Kommunikation - Gestaltung: privat\" \/><\/a>\n\t\t\t\t\t\t\t\t<h2 class=\"su-post-title\"><a href=\"https:\/\/dieter-jenz.de\/lc\/olfaktorische-kommunikation-was-verbirgt-sich-dahinter\/\">Olfaktorische Kommunikation \u2013 was verbirgt sich dahinter?<\/a><\/h2>\n\t\t\t<\/div>\n\n\t\t\t\n<\/div>\n  <\/div><div class=\"su-expand-link su-expand-link-more\" style=\"text-align:left\"><a href=\"javascript:;\" style=\"color:#0088FF;border-color:#0088FF\"><span style=\"border-color:#0088FF\">Mehr anzeigen<\/span><\/a><\/div><div class=\"su-expand-link su-expand-link-less\" style=\"text-align:left\"><a href=\"javascript:;\" style=\"color:#0088FF;border-color:#0088FF\"><span style=\"border-color:#0088FF\">Weniger anzeigen<\/span><\/a><\/div><\/div><\/div><\/div>\n\n\n\n<h3 class=\"wp-block-heading\" id=\"der-reinkarnationsprozess\"><strong>Der Reinkarnationsprozess<\/strong><\/h3>\n\n\n\n<p>Naturgem\u00e4\u00df stellt sich die Frage, was den Reinkarnationsprozess ausmacht und wie er abl\u00e4uft. Es tr\u00e4gt zur Klarheit bei, wenn zun\u00e4chst eine \u201etechnische\u201c Perspektive eingenommen wird. Auf nahezu nat\u00fcrliche Weise stellen sich Fragen, wie der Prozess in Gang kommt, wie er in Gang gehalten wird und wie er schlie\u00dflich beendet wird.<\/p>\n\n\n\n<p>Um diese Fragen beantworten zu k\u00f6nnen, ist zun\u00e4chst sinnvoll, den Reinkarnationsprozess eingehender zu betrachten. Wichtig sind insbesondere die am Prozess beteiligten Rollen, Ereignisse mit ihren Ausl\u00f6sern, Zust\u00e4nde und Aktivit\u00e4ten. Vorausgesetzt wird, dass ein intrauniversaler Existenzraum, das Diesseits, in dem (re)inkarnierte Menschen leben, bereits existiert. Ebenfalls vorausgesetzt wird die Existenz eines extrauniversalen Existenzraums, des Jenseits, in dem uninkarnierte Individualit\u00e4ten existieren.<\/p>\n\n\n\n<p>Der hier kurz skizzierte Reinkarnationsprozess orientiert sich im Wesentlichen am Weltbild des Hinduismus und der Esoterik. Im Weltbild des Buddhismus wird, wie bereits erw\u00e4hnt, lediglich ein \u201ekarmischer Impuls\u201c an die folgende Reinkarnation weitergegeben.<\/p>\n\n\n<div class=\"su-box su-box-style-default\" id=\"\" style=\"border-color:#000000;border-radius:3px;\"><div class=\"su-box-title\" style=\"background-color:#333333;color:#FFFFFF;border-top-left-radius:1px;border-top-right-radius:1px\">Weitere Informationen und Ressourcen <\/div><div class=\"su-box-content su-u-clearfix su-u-trim\" style=\"border-bottom-left-radius:1px;border-bottom-right-radius:1px\"> <div class=\"su-list\" style=\"margin-left:0px\"> <\/p>\n<ul>\n<li><i class=\"sui sui-info-circle\" style=\"color:#333\"><\/i> <a href=\"https:\/\/dieter-jenz.de\/lc\/ausgangssituation-ziel-vorgehensweise-aktueller-stand\/\" title=\"Ausgangssituation, Ziel, Vorgehensweise\" target=\"_blank\" rel=\"\" class=\"\">Ausgangssituation, Ziel, Vorgehensweise, aktueller Stand<\/a> <\/li>\n<\/ul>\n<p> <\/div> <div class=\"su-list\" style=\"margin-left:0px\"> <\/p>\n<ul>\n<li><i class=\"sui sui-info-circle\" style=\"color:#333\"><\/i> <a href=\"https:\/\/dieter-jenz.de\/lc\/was-kommt-nach-dem-tod-erstes-zwischenfazit\/\" title=\"Erstes Zwischenfazit\" target=\"_blank\" rel=\"\" class=\"\">Was kommt nach dem Tod? &#8211; Erstes Zwischenfazit<\/a> <\/li>\n<\/ul>\n<p> <\/div> <div class=\"su-list\" style=\"margin-left:0px\"> <\/p>\n<ul>\n<li><i class=\"sui sui-info-circle\" style=\"color:#333\"><\/i> <a href=\"https:\/\/dieter-jenz.de\/lc\/ressourcen-wie-geht-es-nach-dem-tod-weiter\/\" title=\"Literatur und sonstige Ressourcen\" target=\"_blank\" rel=\"\" class=\"\">Literatur und sonstige Ressourcen<\/a> <\/li>\n<\/ul>\n<p> <\/div> <div class=\"su-list\" style=\"margin-left:0px\"> <\/p>\n<ul>\n<li><i class=\"sui sui-info-circle\" style=\"color:#333\"><\/i> <a href=\"https:\/\/dieter-jenz.de\/lc\/glossar-begriffe-transzendenzerfahrungen-lebensfragen\/\" title=\"Glossar der Begriffe zu Transzendenzerfahrungen\" target=\"_blank\" rel=\"\" class=\"\">Glossar der Begriffe im Kontext von Transzendenzerfahrungen<\/a> <\/li>\n<\/ul>\n<p> <\/div> <div class=\"su-list\" style=\"margin-left:0px\"> <\/p>\n<ul>\n<li><i class=\"sui sui-info-circle\" style=\"color:#333\"><\/i> <a href=\"https:\/\/dieter-jenz.de\/lc\/faq-haeufig-gestellte-fragen-was-kommt-nach-dem-tod\/\" title=\"FAQ (H\u00e4ufig gestellte Fragen)\" target=\"_blank\" rel=\"\" class=\"\">H\u00e4ufig gestellte Fragen (FAQ) &#8211; Was kommt nach dem Tod?<\/a> <\/li>\n<\/ul>\n<p> <\/div>   <\/div><\/div>\n\n\n\n<h4 class=\"wp-block-heading\" id=\"rollen\"><strong>Rollen<\/strong><\/h4>\n\n\n\n<p>F\u00fcr den Reinkarnationsprozess lassen sich abstrakte Rollen definieren, die im weitesten Sinne \u201eFunktionen\u201c \u00fcbernehmen. Eine Rolle ist mit Aufgaben und Verantwortungen verbunden. Jede Rolle ist f\u00fcr die Zwecke dieser Betrachtung mit einem Subjekt (verstanden als mit Bewusstsein ausgestattetes, denkendes, erkennendes, handelndes Wesen) verkn\u00fcpft. Ein Subjekt kann mehrere Rollen \u00fcbernehmen. Im Wesentlichen sind folgende Rollen beteiligt:<\/p>\n\n\n\n<ul>\n<li>Das uninkarnierte individuelle Selbst (die unverg\u00e4ngliche zeitlose Individualit\u00e4t in der Terminologie der Esoterik), in der Folge zu \u201eZIS\u201c verk\u00fcrzt,<\/li>\n\n\n\n<li>Das (re)inkarnierte individuelle Selbst (die Pers\u00f6nlichkeit in der Terminologie der Esoterik), in der Folge zu \u201eIIS\u201c verk\u00fcrzt,<\/li>\n\n\n\n<li>Beurteilungsinstanz (beurteilt, wann eine Reinkarnation eingeleitet werden und als was die (Re)Inkarnation erfolgen soll), in der Folge zu \u201eBI\u201c verk\u00fcrzt.<\/li>\n<\/ul>\n\n\n\n<p>Als Beispiel \u00fcbernimmt das Subjekt Max Mustermann w\u00e4hrend seines Erdenlebens die Rolle des \u201eIIS\u201c. Mit dem physischen Tod gibt er diese Rolle auf und \u00fcbernimmt die Rolle des \u201eZIS\u201c.<\/p>\n\n\n\n<h4 class=\"wp-block-heading\" id=\"ereignisse\"><strong>Ereignisse<\/strong><\/h4>\n\n\n\n<p>Im Reinkarnationsprozess treten diverse Ereignisse auf, die mit Ausl\u00f6sern verkn\u00fcpft sind. Die f\u00fcr den Prozess wichtigen Ereignisse sind insbesondere:<\/p>\n\n\n\n<ul>\n<li>Physischer Tod, ausgel\u00f6st durch eine irreversible Beendigung der Vitalfunktionen,<\/li>\n\n\n\n<li>Reinkarnationsentscheidung, ausgel\u00f6st durch eine Beurteilungsinstanz,<\/li>\n\n\n\n<li>Empf\u00e4ngnis, ausgel\u00f6st durch Verschmelzung von Eizelle und Spermium zu einer neuen Zelle (Zygote).<\/li>\n<\/ul>\n\n\n\n<p>Zur Illustration wird das Beispiel wieder aufgegriffen. Max Mustermann erleidet einen Herzstillstand. \u00c4rztliche Hilfe kommt zu sp\u00e4t. Er stirbt und erleidet den physischen Tod, da seine Vitalfunktionen irreversibel versagen. Im extrauniversalen Raum angelangt ist irgendwann zu entscheiden, ob der Zyklus der Reinkarnationen noch fortgesetzt werden muss oder nicht. Es wird davon ausgegangen, dass die Beurteilungsinstanz initiativ wird und eine Entscheidung trifft. Ist eine Reinkarnation erforderlich, wird das Ereignis der Empf\u00e4ngnis ausgel\u00f6st.<\/p>\n\n\n\n<h4 class=\"wp-block-heading\" id=\"aktivitaten\"><strong>Aktivit\u00e4ten<\/strong><\/h4>\n\n\n\n<p>Aktivit\u00e4ten verk\u00f6rpern Handlungen, die \u2013 im Sinne dieser Betrachtung \u2013 von Rollen ausgef\u00fchrt werden. Jede Rolle ist, wie bereits erw\u00e4hnt, mit einem Subjekt verkn\u00fcpft. Die wesentlichen Aktivit\u00e4ten sind:<\/p>\n\n\n\n<ul>\n<li>Inkarnation,<\/li>\n\n\n\n<li>Beurteilung,<\/li>\n\n\n\n<li>Selektion,<\/li>\n\n\n\n<li>Suche nach Wirtseltern,<\/li>\n\n\n\n<li>R\u00fcckkehr (ausgel\u00f6st durch den physischen Tod).<\/li>\n<\/ul>\n\n\n\n<p>Im Beispiel kehrt Max Mustermann nach dem physischen Tod in den extrauniversalen Existenzraum zur\u00fcck. Als n\u00e4chste Aktivit\u00e4t steht die Beurteilung der zur\u00fcckliegenden Inkarnation durch die Rolle \u201eBeurteilungsinstanz\u201c, verk\u00f6rpert durch ein beurteilendes Subjekt, an. Abh\u00e4ngig davon, ob eine Reinkarnation erforderlich ist, ist m\u00f6glicherweise eine Selektion erforderlich. Dies wird dann der Fall sein, wenn mehr inkarnationsbed\u00fcrftige \u201eZIS\u201c als potentielle Wirtseltern vorhanden sind (mit anderen Worten: es entsteht ein Engpass, der die Frage bedingt: \u201eWer darf zuerst reinkarnieren?\u201c). Besteht eine Wahlm\u00f6glichkeit, sind als n\u00e4chste Aktivit\u00e4t geeignete Wirtseltern zu ermitteln. Die Ermittlung entf\u00e4llt, wenn genau ein Wirtselternpaar vorhanden ist.<\/p>\n\n\n\n<p>Wie das Beispiel zeigt, k\u00f6nnen Aktivit\u00e4ten an Bedingungen gekn\u00fcpft sein. Die Selektionsaktivit\u00e4t ist nur bei einer Engpasssituation erforderlich.<\/p>\n\n\n\n<h4 class=\"wp-block-heading\" id=\"zustande\"><strong>Zust\u00e4nde<\/strong><\/h4>\n\n\n\n<p>Jede Aktivit\u00e4t f\u00fchrt zu einem bestimmten Zustand. Im Kontext des Reinkarnationsprozesses sind insbesondere folgende Zust\u00e4nde relevant:<\/p>\n\n\n\n<ul>\n<li>Inkarniert,<\/li>\n\n\n\n<li>Uninkarniert, vor Reinkarnationsentscheidung,<\/li>\n\n\n\n<li>Uninkarniert, nach Reinkarnationsentscheidung.<\/li>\n<\/ul>\n\n\n\n<p>In der Weiterf\u00fchrung des Beispiels befindet sich Max Mustermann w\u00e4hrend seines Erdenlebens im Zustand \u201einkarniert\u201c. Wenn er mit dem physischen Tod in den extrauniversalen Existenzraum \u00fcbergeht, wechselt er in den Zustand \u201euninkarniert vor Reinkarnationsentscheidung\u201c. Nach der Reinkarnationsentscheidung wechselt er in den Zustand \u201euninkarniert nach Reinkarnationsentscheidung\u201c.<\/p>\n\n\n\n<h4 class=\"wp-block-heading\" id=\"prozesszyklen\"><strong>Prozesszyklen<\/strong><\/h4>\n\n\n\n<p>Der Reinkarnationsprozess wird zyklisch wiederholt ausgef\u00fchrt. Dabei sind, bezogen auf ein Subjekt, drei unterschiedliche Zyklustypen zu unterscheiden. Der erste und der letzte Zyklus sind keine vollst\u00e4ndigen Zyklen. Bei den dazwischen liegenden Zyklen handelt es sich um vollst\u00e4ndige Zyklen.<\/p>\n\n\n\n<h5 class=\"wp-block-heading\" id=\"erster-zyklus\"><strong>Erster Zyklus<\/strong><\/h5>\n\n\n\n<p>Jeder Prozess beginnt mit einem definierten Ereignis. Die Frage lautet sodann: Welcher Ausl\u00f6ser setzte den Reinkarnationsprozess in Gang? Anschlie\u00dfend stellt sich die Frage, mit wie vielen inkarnationsf\u00e4higen Subjekten dieser begann. Schon diese Fragen sind nicht leicht zu beantworten. Deshalb erscheint es sinnvoll zu sein, mehrere M\u00f6glichkeiten in Betracht zu ziehen.<\/p>\n\n\n\n<p>F\u00fcr den ersten Zyklus w\u00e4re anzunehmen, dass im extrauniversalen Existenzraum, im Jenseits, noch keine \u201eZIS\u201c existieren. Allerdings muss dort schon mindestens eine \u201eBI\u201c existieren, bevor das erste \u201eIIS\u201c in den extrauniversalen Existenzraum migriert. Die \u201eBI\u201c muss f\u00fcr im Jenseits ankommende \u201eIIS\u201c beurteilen und entscheiden k\u00f6nnen, ob das \u201eLernziel\u201c einer zur\u00fcckliegenden Inkarnation erreicht wurde oder nicht und ob eine weitere Inkarnation erforderlich ist.<\/p>\n\n\n\n<p>Die \u201eBI\u201c muss zwingend einen h\u00f6heren Entwicklungstand aufweisen als ein beurteiltes \u201eZIS\u201c (ein \u201eIIS\u201c vollzieht mit dem \u00dcbergang in das Jenseits eine Zustands\u00fcbergang und wird zum \u201eZIS\u201c), da sich ein \u201eZIS\u201c nicht selbst objektiv beurteilen kann. In einer Analogie kann sich ein Sch\u00fcler, bildlich gesprochen, nicht selbst das Erreichen seiner Lernziele bescheinigen und sich in die n\u00e4chste Klasse versetzen. Eine \u201eBI\u201c, in der Analogie einem Lehrer entsprechend, mag mit einer Art Gottheit gleichgesetzt werden.<\/p>\n\n\n\n<h6 class=\"wp-block-heading\" id=\"denkmoglichkeit-1\"><strong>Denkm\u00f6glichkeit 1<\/strong><\/h6>\n\n\n\n<p>Eine M\u00f6glichkeit besteht darin, dass im ersten Zyklus im extrauniversalen Existenzraum (Jenseits) noch keine \u201eZIS\u201c existieren. Dann stellt sich die Frage, mit wie vielen inkarnationsbed\u00fcrftigen Subjekten der Zyklus beginnt. Ist es das erste Paar im Diesseits, Mann und Frau (nach der biologischen Systematik aus der Art der Gattung Homo aus der Familie der Menschenaffen, die zur Ordnung der Primaten geh\u00f6rt), die ein Kind zeugen? Falls dies nicht in dieser Weise geschah, w\u00e4re zu kl\u00e4ren, woher die Subjekte kamen und wie viele es waren, die am ersten Zyklus des Reinkarnationsprozesses beteiligt waren.<\/p>\n\n\n\n<p>Diese erste Denkm\u00f6glichkeit basiert auf folgenden Annahmen:<\/p>\n\n\n\n<ul>\n<li>das individuelle Selbst ist unsterblich,<\/li>\n\n\n\n<li>jeder Mensch wird wieder als Mensch wiedergeboren,<\/li>\n\n\n\n<li>anf\u00e4nglich leben Menschen im intrauniversalen Existenzraum (Diesseits).<\/li>\n<\/ul>\n\n\n\n<p>Diese Denkm\u00f6glichkeit geht ferner davon aus, dass eine Reinkarnationsentscheidung nach einer zur\u00fcckliegenden Inkarnation zu treffen ist. Dazu muss notwendigerweise hinter jedem Subjekt bereits ein Erdenleben liegen.<\/p>\n\n\n\n<p>Unweigerlich stellt sich die Frage, wie sich ein individuelles Selbst als \u201eZIS\u201c mit einem individuellen Selbst, das durch Empf\u00e4ngnis entsteht, verbinden kann. Jedes \u201eZIS\u201c m\u00fcsste irgendwo im Diesseits existieren und sich bei der Empf\u00e4ngnis auf biologisch unerkl\u00e4rliche Weise in die Zygote \u201eeinpflanzen\u201c.<\/p>\n\n\n\n<h6 class=\"wp-block-heading\" id=\"denkmoglichkeit-2\"><strong>Denkm\u00f6glichkeit 2<\/strong><\/h6>\n\n\n\n<p>Eine alternative M\u00f6glichkeit besteht darin, dass im ersten Zyklus im extrauniversalen Existenzraum (Jenseits) bereits alle \u201eZIS\u201c existieren. Diese Denkm\u00f6glichkeit basiert sodann auf folgenden Annahmen:<\/p>\n\n\n\n<ul>\n<li>das individuelle Selbst ist unsterblich,<\/li>\n\n\n\n<li>jeder Mensch wird wieder als Mensch wiedergeboren,<\/li>\n\n\n\n<li>anf\u00e4nglich leben Individualit\u00e4ten im extrauniversalen Existenzraum (Jenseits),<\/li>\n\n\n\n<li>der Zyklus beginnt mit der Empf\u00e4ngnis.<\/li>\n<\/ul>\n\n\n\n<p>Bei diesem Denkmodell wird davon ausgegangen, dass zumindest manche Individualit\u00e4ten inkarnationsbed\u00fcrftig sind. Folglich befinden sich manche \u201eZIS\u201c anf\u00e4nglich im Zustand der Unvollkommenheit. Ansonsten best\u00fcnde keine Inkarnationsnotwendigkeit.<\/p>\n\n\n\n<p>Die Gesamtzahl der zu einem bestimmten Zeitpunkt auf der Erde lebenden, nicht nur fortpflanzungsf\u00e4higen, sondern auch \u2011willigen, Paare muss mindestens gleich der Gesamtzahl inkarnationsbed\u00fcrftiger Individualit\u00e4ten sein. Dann k\u00f6nnte sich jedes \u201eZIS\u201c inkarnieren, wobei jedoch unterstellt wird, dass ausnahmslos alle \u201eZIS\u201c geeignete Wirtseltern finden.<\/p>\n\n\n\n<p>Wird jedoch davon ausgegangen, dass zu einem bestimmten Zeitpunkt nicht f\u00fcr alle \u201eZIS\u201c geeignete Wirtseltern zu finden sind, hat dies zur Folge, dass im extrauniversalen Existenzraum noch \u201eZIS\u201c existieren, die noch auf eine Inkarnation mit geeigneten Wirtseltern warten. Die Anzahl der \u201eZIS\u201c ist dann gr\u00f6\u00dfer als die Gesamtzahl der fortpflanzungsf\u00e4higen und \u2011willigen Paare. Je h\u00f6her die Differenz, desto intensiver entwickelt sich eine Konkurrenzsituation, d.&nbsp;h. inkarnationsbed\u00fcrftige \u201eZIS\u201c konkurrieren um knappe Inkarnationsressourcen.<\/p>\n\n\n\n<p>Der Vollst\u00e4ndigkeit halber sei noch die dritte M\u00f6glichkeit kurz skizziert: die Anzahl fortpflanzungsf\u00e4higer und \u2011williger Paare ist gr\u00f6\u00dfer als die Zahl inkarnationsbed\u00fcrftiger \u201eZIS\u201c. Je gr\u00f6\u00dfer die Differenz ausf\u00e4llt, desto gr\u00f6\u00dfer sind auch die Chancen auf eine verz\u00f6gerungsfreie Inkarnation, da das Angebot an Inkarnationsressourcen entsprechend gr\u00f6\u00dfer ausf\u00e4llt.<\/p>\n\n\n\n<p>Wenn unterstellt wird, dass die Menschheitsgeschichte mit einem fortpflanzungsf\u00e4higen Paar begann, konnte sich zun\u00e4chst nur eine Individualit\u00e4t inkarnieren. Mit jedem weiteren Kind erhielt eine weitere \u201eZIS\u201c die M\u00f6glichkeit zur Inkarnation. Dadurch bedingt ergeben sich anf\u00e4nglich sehr lange Wartezeiten auf eine Inkarnation.<\/p>\n\n\n\n<p>Wie bereits erw\u00e4hnt, l\u00e4sst sich dank der Erkenntnisse der Arch\u00e4ogenetik, die sich mit der Untersuchung von Erbmaterial der Menschen sowie der Tiere und Pflanzen befasst, ein zeitlicher Anhaltspunkt f\u00fcr den Ursprung der Menschheit finden. Die sogenannte \u201emitochondriale Eva\u201c, die Urmutter und gemeinsame Stammmutter aller zu einem bestimmten Zeitpunkt lebenden Menschen, lebte den Forschungserkenntnissen zufolge vor nur etwa 175&nbsp;000 \u00b1 50&nbsp;000 Jahren. Wird vereinfacht unterstellt, dass sich das erste Menschenpaar vor 175&nbsp;000 Jahren fortpflanzte, l\u00e4sst sich bei dieser Denkm\u00f6glichkeit rein rechnerisch nicht nachvollziehen, wie die Erdbev\u00f6lkerung bis heute auf rund acht Milliarden Menschen angewachsen sein kann.<\/p>\n\n\n\n<h6 class=\"wp-block-heading\" id=\"weitere-denkmoglichkeiten\"><strong>Weitere Denkm\u00f6glichkeiten<\/strong><\/h6>\n\n\n\n<p>Weitere Denkm\u00f6glichkeiten ergeben sich, wenn angenommen wird, dass sich manche \u201eZIS\u201c nicht als Mensch, sondern als Tier, Pflanze usw. reinkarnieren. Diese M\u00f6glichkeiten werden jedoch an dieser Stelle nicht weiter er\u00f6rtert.<\/p>\n\n\n\n<h5 class=\"wp-block-heading\" id=\"wiederholte-zyklen\"><strong>Wiederholte Zyklen<\/strong><\/h5>\n\n\n\n<p>Jeder Zyklus in einer Anzahl von Zyklen, die von einer \u201eBI\u201c bestimmt wird, beginnt mit der \u201eEinpflanzung\u201c eines \u201eIIS\u201c in einen Mutterleib als \u201eWirt\u201c. Dies geschieht bei der Empf\u00e4ngnis, dem Verschmelzen von Spermium und Eizelle. Im Unterbewusstsein besitzt das \u201eIIS\u201c die Erinnerung an fr\u00fchere Inkarnationen. Ansonsten w\u00e4re es einem Menschen unter oder ohne Hypnose nicht m\u00f6glich, sich an fr\u00fchere Inkarnationen zu erinnern (siehe Beitrag \u201eReinkarnationserfahrungen\u201c).<\/p>\n\n\n\n<p>In jedem Zyklus vollzieht ein materielles und zeitlich begrenztes \u201eIIS\u201c mit dem physischen Tod einen Zustands\u00fcbergang zum zeitlosen \u201eZIS\u201c, der eine Wiedervereinigung von \u201eIIS\u201c mit dem \u201eZIS\u201c einschlie\u00dft. Danach erfolgt eine Beurteilung durch eine \u201eBI\u201c und, sofern eine weitere Inkarnation erforderlich ist, wird diese initiiert.<\/p>\n\n\n\n<p>Der Gedanke einer Wiedervereinigung impliziert, dass das \u201eZIS\u201c nicht in den intrauniversalen Existenzraum migriert, sondern im extrauniversalen Existenzraum verbleibt. In diesem Fall m\u00fcsste das \u201eZIS\u201c im Jenseits in eine Art Schlaf- oder Wartezustand \u00fcbergehen. W\u00e4re dies nicht der Fall, w\u00fcrden \u201eIIS\u201c und \u201eZIS\u201c als zwei voneinander losgel\u00f6ste Subjekte existieren und sich unabh\u00e4ngig voneinander entwickeln.<\/p>\n\n\n\n<p>Das Synchronisationsproblem wird vermieden, wenn das \u201eZIS\u201c mit der Inkarnation in den intrauniversalen Existenzraum migriert. In diesem Fall decken sich \u201eZIS\u201c und \u201eIIS\u201c w\u00e4hrend der Zeit einer Inkarnation.<\/p>\n\n\n\n<p>Auch hier stellt sich die Frage, wie sich die wachsende und zuk\u00fcnftig wieder abnehmende Zahl der auf der Erde lebenden Menschen mit dem Reinkarnationsprozess vereinbaren l\u00e4sst. Diese Frage wird sp\u00e4ter wieder aufgegriffen.<\/p>\n\n\n\n<h5 class=\"wp-block-heading\" id=\"letzter-zyklus\"><strong>Letzter Zyklus<\/strong><\/h5>\n\n\n\n<p>Der letzte Zyklus endet, wenn der intrauniversale Existenzraum, das Diesseits, zerst\u00f6rt wird und alle gleichzeitig ablaufenden Reinkarnationsprozesse somit beendet werden. Auf der individuellen Ebene endet der Reinkarnationsprozess, wenn die \u201eBI\u201c entscheidet, dass keine weitere Inkarnation mehr erforderlich ist. Dies wird der Fall sein, wenn ein Zustand der \u201eVollkommenheit\u201c erreicht ist.<\/p>\n\n\n\n<div class=\"wp-block-buttons is-layout-flex wp-block-buttons-is-layout-flex\">\n<div class=\"wp-block-button\"><a class=\"wp-block-button__link wp-element-button\" href=\"https:\/\/dieter-jenz.de\/lc\/reinkarnation-irrige-vorstellung-oder-plausibel\/\">N\u00e4chster Beitrag<\/a><\/div>\n<\/div>\n","protected":false},"excerpt":{"rendered":"<p>Wie kann man sich den Reinkarnationsprozess vorstellen? Und wer kann dar\u00fcber autoritativ Auskunft geben? Bei der Recherche f\u00e4llt ein wahres Sammelsurium an unterschiedlichen Quellen auf. Von einer einheitlichen&hellip;<\/p>\n","protected":false},"author":2,"featured_media":7701,"comment_status":"closed","ping_status":"open","sticky":false,"template":"template-full-width-only-content.php","format":"standard","meta":{"footnotes":""},"categories":[212],"tags":[],"yoast_head":"<!-- This site is optimized with the Yoast SEO plugin v24.5 - https:\/\/yoast.com\/wordpress\/plugins\/seo\/ -->\n<title>Der zyklische Reinkarnationsprozess \u2013 wie ist er vorstellbar?<\/title>\n<meta name=\"description\" content=\"Wie kann man sich den Reinkarnationsprozess vorstellen? Eine prozessorientierte Beschreibung vermittelt mehr Klarheit. Erfahren Sie mehr!\" \/>\n<meta name=\"robots\" content=\"index, follow, max-snippet:-1, max-image-preview:large, max-video-preview:-1\" \/>\n<link rel=\"canonical\" href=\"https:\/\/dieter-jenz.de\/lc\/der-zyklische-reinkarnationsprozess-wie-ist-er-vorstellbar\/\" \/>\n<meta property=\"og:locale\" content=\"de_DE\" \/>\n<meta property=\"og:type\" content=\"article\" \/>\n<meta property=\"og:title\" content=\"Der zyklische Reinkarnationsprozess \u2013 wie ist er vorstellbar?\" \/>\n<meta property=\"og:description\" content=\"Wie kann man sich den Reinkarnationsprozess vorstellen? Eine prozessorientierte Beschreibung vermittelt mehr Klarheit. Erfahren Sie mehr!\" \/>\n<meta property=\"og:url\" content=\"https:\/\/dieter-jenz.de\/lc\/der-zyklische-reinkarnationsprozess-wie-ist-er-vorstellbar\/\" \/>\n<meta property=\"og:site_name\" content=\"Dieter Jenz, Begleitung und Coaching\" \/>\n<meta property=\"article:publisher\" content=\"https:\/\/www.facebook.com\/dieter.jenz.inspiration\" \/>\n<meta property=\"article:author\" content=\"https:\/\/www.facebook.com\/dieter.jenz.inspiration\" \/>\n<meta property=\"article:published_time\" content=\"2022-11-22T10:30:00+00:00\" \/>\n<meta property=\"article:modified_time\" content=\"2023-03-20T08:55:56+00:00\" \/>\n<meta property=\"og:image\" content=\"https:\/\/dieter-jenz.de\/lc\/wp-content\/uploads\/2022\/11\/Beitragsbild-Reinkarnationsprozess.jpeg\" \/>\n\t<meta property=\"og:image:width\" content=\"800\" \/>\n\t<meta property=\"og:image:height\" content=\"800\" \/>\n\t<meta property=\"og:image:type\" content=\"image\/jpeg\" \/>\n<meta name=\"author\" content=\"Dieter Jenz\" \/>\n<meta name=\"twitter:card\" content=\"summary_large_image\" \/>\n<meta name=\"twitter:creator\" content=\"@https:\/\/twitter.com\/dieterjenz\" \/>\n<meta name=\"twitter:site\" content=\"@dieterjenz\" \/>\n<meta name=\"twitter:label1\" content=\"Verfasst von\" \/>\n\t<meta name=\"twitter:data1\" content=\"Dieter Jenz\" \/>\n\t<meta name=\"twitter:label2\" content=\"Gesch\u00e4tzte Lesezeit\" \/>\n\t<meta name=\"twitter:data2\" content=\"12\u00a0Minuten\" \/>\n<script type=\"application\/ld+json\" class=\"yoast-schema-graph\">{\"@context\":\"https:\/\/schema.org\",\"@graph\":[{\"@type\":\"Article\",\"@id\":\"https:\/\/dieter-jenz.de\/lc\/der-zyklische-reinkarnationsprozess-wie-ist-er-vorstellbar\/#article\",\"isPartOf\":{\"@id\":\"https:\/\/dieter-jenz.de\/lc\/der-zyklische-reinkarnationsprozess-wie-ist-er-vorstellbar\/\"},\"author\":{\"name\":\"Dieter Jenz\",\"@id\":\"https:\/\/dieter-jenz.de\/lc\/#\/schema\/person\/618cfd5c289d0a23930cb258a43679ab\"},\"headline\":\"Der zyklische Reinkarnationsprozess \u2013 wie ist er vorstellbar?\",\"datePublished\":\"2022-11-22T10:30:00+00:00\",\"dateModified\":\"2023-03-20T08:55:56+00:00\",\"mainEntityOfPage\":{\"@id\":\"https:\/\/dieter-jenz.de\/lc\/der-zyklische-reinkarnationsprozess-wie-ist-er-vorstellbar\/\"},\"wordCount\":2243,\"publisher\":{\"@id\":\"https:\/\/dieter-jenz.de\/lc\/#\/schema\/person\/618cfd5c289d0a23930cb258a43679ab\"},\"image\":{\"@id\":\"https:\/\/dieter-jenz.de\/lc\/der-zyklische-reinkarnationsprozess-wie-ist-er-vorstellbar\/#primaryimage\"},\"thumbnailUrl\":\"https:\/\/dieter-jenz.de\/lc\/wp-content\/uploads\/2022\/11\/Beitragsbild-Reinkarnationsprozess.jpeg\",\"articleSection\":[\"Lebensfragen\"],\"inLanguage\":\"de\"},{\"@type\":\"WebPage\",\"@id\":\"https:\/\/dieter-jenz.de\/lc\/der-zyklische-reinkarnationsprozess-wie-ist-er-vorstellbar\/\",\"url\":\"https:\/\/dieter-jenz.de\/lc\/der-zyklische-reinkarnationsprozess-wie-ist-er-vorstellbar\/\",\"name\":\"Der zyklische Reinkarnationsprozess \u2013 wie ist er vorstellbar?\",\"isPartOf\":{\"@id\":\"https:\/\/dieter-jenz.de\/lc\/#website\"},\"primaryImageOfPage\":{\"@id\":\"https:\/\/dieter-jenz.de\/lc\/der-zyklische-reinkarnationsprozess-wie-ist-er-vorstellbar\/#primaryimage\"},\"image\":{\"@id\":\"https:\/\/dieter-jenz.de\/lc\/der-zyklische-reinkarnationsprozess-wie-ist-er-vorstellbar\/#primaryimage\"},\"thumbnailUrl\":\"https:\/\/dieter-jenz.de\/lc\/wp-content\/uploads\/2022\/11\/Beitragsbild-Reinkarnationsprozess.jpeg\",\"datePublished\":\"2022-11-22T10:30:00+00:00\",\"dateModified\":\"2023-03-20T08:55:56+00:00\",\"description\":\"Wie kann man sich den Reinkarnationsprozess vorstellen? Eine prozessorientierte Beschreibung vermittelt mehr Klarheit. Erfahren Sie mehr!\",\"breadcrumb\":{\"@id\":\"https:\/\/dieter-jenz.de\/lc\/der-zyklische-reinkarnationsprozess-wie-ist-er-vorstellbar\/#breadcrumb\"},\"inLanguage\":\"de\",\"potentialAction\":[{\"@type\":\"ReadAction\",\"target\":[\"https:\/\/dieter-jenz.de\/lc\/der-zyklische-reinkarnationsprozess-wie-ist-er-vorstellbar\/\"]}]},{\"@type\":\"ImageObject\",\"inLanguage\":\"de\",\"@id\":\"https:\/\/dieter-jenz.de\/lc\/der-zyklische-reinkarnationsprozess-wie-ist-er-vorstellbar\/#primaryimage\",\"url\":\"https:\/\/dieter-jenz.de\/lc\/wp-content\/uploads\/2022\/11\/Beitragsbild-Reinkarnationsprozess.jpeg\",\"contentUrl\":\"https:\/\/dieter-jenz.de\/lc\/wp-content\/uploads\/2022\/11\/Beitragsbild-Reinkarnationsprozess.jpeg\",\"width\":800,\"height\":800,\"caption\":\"Gestaltung: privat\"},{\"@type\":\"BreadcrumbList\",\"@id\":\"https:\/\/dieter-jenz.de\/lc\/der-zyklische-reinkarnationsprozess-wie-ist-er-vorstellbar\/#breadcrumb\",\"itemListElement\":[{\"@type\":\"ListItem\",\"position\":1,\"name\":\"Home\",\"item\":\"https:\/\/dieter-jenz.de\/lc\/\"},{\"@type\":\"ListItem\",\"position\":2,\"name\":\"Lebensfragen\",\"item\":\"https:\/\/dieter-jenz.de\/lc\/category\/lebensfragen\/\"},{\"@type\":\"ListItem\",\"position\":3,\"name\":\"Der zyklische Reinkarnationsprozess \u2013 wie ist er vorstellbar?\"}]},{\"@type\":\"WebSite\",\"@id\":\"https:\/\/dieter-jenz.de\/lc\/#website\",\"url\":\"https:\/\/dieter-jenz.de\/lc\/\",\"name\":\"Dieter Jenz, Begleitung und Coaching\",\"description\":\"Die andere, neue Sichtweise entdecken - auftanken - neue Wege gehen\",\"publisher\":{\"@id\":\"https:\/\/dieter-jenz.de\/lc\/#\/schema\/person\/618cfd5c289d0a23930cb258a43679ab\"},\"potentialAction\":[{\"@type\":\"SearchAction\",\"target\":{\"@type\":\"EntryPoint\",\"urlTemplate\":\"https:\/\/dieter-jenz.de\/lc\/?s={search_term_string}\"},\"query-input\":{\"@type\":\"PropertyValueSpecification\",\"valueRequired\":true,\"valueName\":\"search_term_string\"}}],\"inLanguage\":\"de\"},{\"@type\":[\"Person\",\"Organization\"],\"@id\":\"https:\/\/dieter-jenz.de\/lc\/#\/schema\/person\/618cfd5c289d0a23930cb258a43679ab\",\"name\":\"Dieter Jenz\",\"image\":{\"@type\":\"ImageObject\",\"inLanguage\":\"de\",\"@id\":\"https:\/\/dieter-jenz.de\/lc\/#\/schema\/person\/image\/\",\"url\":\"https:\/\/dieter-jenz.de\/lc\/wp-content\/uploads\/2020\/01\/Logo-Coaching-und-Begleitung.png\",\"contentUrl\":\"https:\/\/dieter-jenz.de\/lc\/wp-content\/uploads\/2020\/01\/Logo-Coaching-und-Begleitung.png\",\"width\":320,\"height\":240,\"caption\":\"Dieter Jenz\"},\"logo\":{\"@id\":\"https:\/\/dieter-jenz.de\/lc\/#\/schema\/person\/image\/\"},\"description\":\"Ich bin Dieter Jenz, Begleiter, Berater und Coach mit Leidenschaft. \u00dcber viele Jahre hinweg habe ich einen reichen Schatz an Kompetenz und Erfahrung erworben. Meine Themen sind die \\\"4L\\\": Lebensaufgabe, Lebensplanung, Lebensnavigation und Lebensqualit\u00e4t.\",\"sameAs\":[\"https:\/\/www.facebook.com\/dieter.jenz.inspiration\",\"https:\/\/www.pinterest.de\/dieterjenz\/\",\"https:\/\/x.com\/https:\/\/twitter.com\/dieterjenz\"],\"url\":\"https:\/\/dieter-jenz.de\/lc\/author\/dieter\/\"}]}<\/script>\n<!-- \/ Yoast SEO plugin. -->","yoast_head_json":{"title":"Der zyklische Reinkarnationsprozess \u2013 wie ist er vorstellbar?","description":"Wie kann man sich den Reinkarnationsprozess vorstellen? Eine prozessorientierte Beschreibung vermittelt mehr Klarheit. Erfahren Sie mehr!","robots":{"index":"index","follow":"follow","max-snippet":"max-snippet:-1","max-image-preview":"max-image-preview:large","max-video-preview":"max-video-preview:-1"},"canonical":"https:\/\/dieter-jenz.de\/lc\/der-zyklische-reinkarnationsprozess-wie-ist-er-vorstellbar\/","og_locale":"de_DE","og_type":"article","og_title":"Der zyklische Reinkarnationsprozess \u2013 wie ist er vorstellbar?","og_description":"Wie kann man sich den Reinkarnationsprozess vorstellen? Eine prozessorientierte Beschreibung vermittelt mehr Klarheit. Erfahren Sie mehr!","og_url":"https:\/\/dieter-jenz.de\/lc\/der-zyklische-reinkarnationsprozess-wie-ist-er-vorstellbar\/","og_site_name":"Dieter Jenz, Begleitung und Coaching","article_publisher":"https:\/\/www.facebook.com\/dieter.jenz.inspiration","article_author":"https:\/\/www.facebook.com\/dieter.jenz.inspiration","article_published_time":"2022-11-22T10:30:00+00:00","article_modified_time":"2023-03-20T08:55:56+00:00","og_image":[{"width":800,"height":800,"url":"https:\/\/dieter-jenz.de\/lc\/wp-content\/uploads\/2022\/11\/Beitragsbild-Reinkarnationsprozess.jpeg","type":"image\/jpeg"}],"author":"Dieter Jenz","twitter_card":"summary_large_image","twitter_creator":"@https:\/\/twitter.com\/dieterjenz","twitter_site":"@dieterjenz","twitter_misc":{"Verfasst von":"Dieter Jenz","Gesch\u00e4tzte Lesezeit":"12\u00a0Minuten"},"schema":{"@context":"https:\/\/schema.org","@graph":[{"@type":"Article","@id":"https:\/\/dieter-jenz.de\/lc\/der-zyklische-reinkarnationsprozess-wie-ist-er-vorstellbar\/#article","isPartOf":{"@id":"https:\/\/dieter-jenz.de\/lc\/der-zyklische-reinkarnationsprozess-wie-ist-er-vorstellbar\/"},"author":{"name":"Dieter Jenz","@id":"https:\/\/dieter-jenz.de\/lc\/#\/schema\/person\/618cfd5c289d0a23930cb258a43679ab"},"headline":"Der zyklische Reinkarnationsprozess \u2013 wie ist er vorstellbar?","datePublished":"2022-11-22T10:30:00+00:00","dateModified":"2023-03-20T08:55:56+00:00","mainEntityOfPage":{"@id":"https:\/\/dieter-jenz.de\/lc\/der-zyklische-reinkarnationsprozess-wie-ist-er-vorstellbar\/"},"wordCount":2243,"publisher":{"@id":"https:\/\/dieter-jenz.de\/lc\/#\/schema\/person\/618cfd5c289d0a23930cb258a43679ab"},"image":{"@id":"https:\/\/dieter-jenz.de\/lc\/der-zyklische-reinkarnationsprozess-wie-ist-er-vorstellbar\/#primaryimage"},"thumbnailUrl":"https:\/\/dieter-jenz.de\/lc\/wp-content\/uploads\/2022\/11\/Beitragsbild-Reinkarnationsprozess.jpeg","articleSection":["Lebensfragen"],"inLanguage":"de"},{"@type":"WebPage","@id":"https:\/\/dieter-jenz.de\/lc\/der-zyklische-reinkarnationsprozess-wie-ist-er-vorstellbar\/","url":"https:\/\/dieter-jenz.de\/lc\/der-zyklische-reinkarnationsprozess-wie-ist-er-vorstellbar\/","name":"Der zyklische Reinkarnationsprozess \u2013 wie ist er vorstellbar?","isPartOf":{"@id":"https:\/\/dieter-jenz.de\/lc\/#website"},"primaryImageOfPage":{"@id":"https:\/\/dieter-jenz.de\/lc\/der-zyklische-reinkarnationsprozess-wie-ist-er-vorstellbar\/#primaryimage"},"image":{"@id":"https:\/\/dieter-jenz.de\/lc\/der-zyklische-reinkarnationsprozess-wie-ist-er-vorstellbar\/#primaryimage"},"thumbnailUrl":"https:\/\/dieter-jenz.de\/lc\/wp-content\/uploads\/2022\/11\/Beitragsbild-Reinkarnationsprozess.jpeg","datePublished":"2022-11-22T10:30:00+00:00","dateModified":"2023-03-20T08:55:56+00:00","description":"Wie kann man sich den Reinkarnationsprozess vorstellen? Eine prozessorientierte Beschreibung vermittelt mehr Klarheit. Erfahren Sie mehr!","breadcrumb":{"@id":"https:\/\/dieter-jenz.de\/lc\/der-zyklische-reinkarnationsprozess-wie-ist-er-vorstellbar\/#breadcrumb"},"inLanguage":"de","potentialAction":[{"@type":"ReadAction","target":["https:\/\/dieter-jenz.de\/lc\/der-zyklische-reinkarnationsprozess-wie-ist-er-vorstellbar\/"]}]},{"@type":"ImageObject","inLanguage":"de","@id":"https:\/\/dieter-jenz.de\/lc\/der-zyklische-reinkarnationsprozess-wie-ist-er-vorstellbar\/#primaryimage","url":"https:\/\/dieter-jenz.de\/lc\/wp-content\/uploads\/2022\/11\/Beitragsbild-Reinkarnationsprozess.jpeg","contentUrl":"https:\/\/dieter-jenz.de\/lc\/wp-content\/uploads\/2022\/11\/Beitragsbild-Reinkarnationsprozess.jpeg","width":800,"height":800,"caption":"Gestaltung: privat"},{"@type":"BreadcrumbList","@id":"https:\/\/dieter-jenz.de\/lc\/der-zyklische-reinkarnationsprozess-wie-ist-er-vorstellbar\/#breadcrumb","itemListElement":[{"@type":"ListItem","position":1,"name":"Home","item":"https:\/\/dieter-jenz.de\/lc\/"},{"@type":"ListItem","position":2,"name":"Lebensfragen","item":"https:\/\/dieter-jenz.de\/lc\/category\/lebensfragen\/"},{"@type":"ListItem","position":3,"name":"Der zyklische Reinkarnationsprozess \u2013 wie ist er vorstellbar?"}]},{"@type":"WebSite","@id":"https:\/\/dieter-jenz.de\/lc\/#website","url":"https:\/\/dieter-jenz.de\/lc\/","name":"Dieter Jenz, Begleitung und Coaching","description":"Die andere, neue Sichtweise entdecken - auftanken - neue Wege gehen","publisher":{"@id":"https:\/\/dieter-jenz.de\/lc\/#\/schema\/person\/618cfd5c289d0a23930cb258a43679ab"},"potentialAction":[{"@type":"SearchAction","target":{"@type":"EntryPoint","urlTemplate":"https:\/\/dieter-jenz.de\/lc\/?s={search_term_string}"},"query-input":{"@type":"PropertyValueSpecification","valueRequired":true,"valueName":"search_term_string"}}],"inLanguage":"de"},{"@type":["Person","Organization"],"@id":"https:\/\/dieter-jenz.de\/lc\/#\/schema\/person\/618cfd5c289d0a23930cb258a43679ab","name":"Dieter Jenz","image":{"@type":"ImageObject","inLanguage":"de","@id":"https:\/\/dieter-jenz.de\/lc\/#\/schema\/person\/image\/","url":"https:\/\/dieter-jenz.de\/lc\/wp-content\/uploads\/2020\/01\/Logo-Coaching-und-Begleitung.png","contentUrl":"https:\/\/dieter-jenz.de\/lc\/wp-content\/uploads\/2020\/01\/Logo-Coaching-und-Begleitung.png","width":320,"height":240,"caption":"Dieter Jenz"},"logo":{"@id":"https:\/\/dieter-jenz.de\/lc\/#\/schema\/person\/image\/"},"description":"Ich bin Dieter Jenz, Begleiter, Berater und Coach mit Leidenschaft. \u00dcber viele Jahre hinweg habe ich einen reichen Schatz an Kompetenz und Erfahrung erworben. Meine Themen sind die \"4L\": Lebensaufgabe, Lebensplanung, Lebensnavigation und Lebensqualit\u00e4t.","sameAs":["https:\/\/www.facebook.com\/dieter.jenz.inspiration","https:\/\/www.pinterest.de\/dieterjenz\/","https:\/\/x.com\/https:\/\/twitter.com\/dieterjenz"],"url":"https:\/\/dieter-jenz.de\/lc\/author\/dieter\/"}]}},"_links":{"self":[{"href":"https:\/\/dieter-jenz.de\/lc\/wp-json\/wp\/v2\/posts\/7703"}],"collection":[{"href":"https:\/\/dieter-jenz.de\/lc\/wp-json\/wp\/v2\/posts"}],"about":[{"href":"https:\/\/dieter-jenz.de\/lc\/wp-json\/wp\/v2\/types\/post"}],"author":[{"embeddable":true,"href":"https:\/\/dieter-jenz.de\/lc\/wp-json\/wp\/v2\/users\/2"}],"replies":[{"embeddable":true,"href":"https:\/\/dieter-jenz.de\/lc\/wp-json\/wp\/v2\/comments?post=7703"}],"version-history":[{"count":4,"href":"https:\/\/dieter-jenz.de\/lc\/wp-json\/wp\/v2\/posts\/7703\/revisions"}],"predecessor-version":[{"id":8467,"href":"https:\/\/dieter-jenz.de\/lc\/wp-json\/wp\/v2\/posts\/7703\/revisions\/8467"}],"wp:featuredmedia":[{"embeddable":true,"href":"https:\/\/dieter-jenz.de\/lc\/wp-json\/wp\/v2\/media\/7701"}],"wp:attachment":[{"href":"https:\/\/dieter-jenz.de\/lc\/wp-json\/wp\/v2\/media?parent=7703"}],"wp:term":[{"taxonomy":"category","embeddable":true,"href":"https:\/\/dieter-jenz.de\/lc\/wp-json\/wp\/v2\/categories?post=7703"},{"taxonomy":"post_tag","embeddable":true,"href":"https:\/\/dieter-jenz.de\/lc\/wp-json\/wp\/v2\/tags?post=7703"}],"curies":[{"name":"wp","href":"https:\/\/api.w.org\/{rel}","templated":true}]}}