{"id":8151,"date":"2023-02-16T12:00:00","date_gmt":"2023-02-16T11:00:00","guid":{"rendered":"https:\/\/dieter-jenz.de\/lc\/?p=8151"},"modified":"2024-07-19T11:47:34","modified_gmt":"2024-07-19T09:47:34","slug":"taxonomie-der-kommunikationserfahrungen","status":"publish","type":"post","link":"https:\/\/dieter-jenz.de\/lc\/taxonomie-der-kommunikationserfahrungen\/","title":{"rendered":"Taxonomie der Kommunikationserfahrungen"},"content":{"rendered":"<div class=\"yoast-breadcrumbs\"><span><span><a href=\"https:\/\/dieter-jenz.de\/lc\/\">Home<\/a><\/span> \u00bb <span><a href=\"https:\/\/dieter-jenz.de\/lc\/category\/lebensfragen\/\">Lebensfragen<\/a><\/span> \u00bb <span class=\"breadcrumb_last\" aria-current=\"page\"><strong>Taxonomie der Kommunikationserfahrungen<\/strong><\/span><\/span><\/div>\n\n\n<div style=\"height:50px\" aria-hidden=\"true\" class=\"wp-block-spacer\"><\/div>\n\n\n\n<p>Eine Taxonomie der Kommunikationserfahrungen schafft Klarheit hinsichtlich der Arten von Kommunikationserfahrungen und der Begrifflichkeit.<\/p>\n\n\n\n<p><strong>Inhalte:<\/strong><\/p>\n\n\n\n<nav class=\"wp-block-table-of-contents\"><ol><li><a class=\"wp-block-table-of-contents__entry\" href=\"https:\/\/dieter-jenz.de\/lc\/taxonomie-der-kommunikationserfahrungen\/#kommunikationserfahrungen\">Kommunikationserfahrungen<\/a><\/li><li><a class=\"wp-block-table-of-contents__entry\" href=\"https:\/\/dieter-jenz.de\/lc\/taxonomie-der-kommunikationserfahrungen\/#begriffe-in-der-begriffshierarchie\">Begriffe in der Begriffshierarchie<\/a><ol><li><a class=\"wp-block-table-of-contents__entry\" href=\"https:\/\/dieter-jenz.de\/lc\/taxonomie-der-kommunikationserfahrungen\/#unidirektionale-kommunikationserfahrung\">Unidirektionale Kommunikationserfahrung<\/a><ol><li><a class=\"wp-block-table-of-contents__entry\" href=\"https:\/\/dieter-jenz.de\/lc\/taxonomie-der-kommunikationserfahrungen\/#lebewesen-initiierte-kommunikationserfahrung\">Lebewesen-initiierte Kommunikationserfahrung<\/a><\/li><li><a class=\"wp-block-table-of-contents__entry\" href=\"https:\/\/dieter-jenz.de\/lc\/taxonomie-der-kommunikationserfahrungen\/#geistwesen-initiierte-kommunikationserfahrung\">Geistwesen-initiierte Kommunikationserfahrung<\/a><\/li><\/ol><\/li><li><a class=\"wp-block-table-of-contents__entry\" href=\"https:\/\/dieter-jenz.de\/lc\/taxonomie-der-kommunikationserfahrungen\/#bidirektionale-kommunikationserfahrung\">Bidirektionale Kommunikationserfahrung<\/a><\/li><\/ol><\/li><li><a class=\"wp-block-table-of-contents__entry\" href=\"https:\/\/dieter-jenz.de\/lc\/taxonomie-der-kommunikationserfahrungen\/#kommunikationserfahrungen-und-wahrnehmungen\">Kommunikationserfahrungen und Wahrnehmungen<\/a><\/li><\/ol><\/nav>\n\n\n\n<div class=\"wp-block-media-text is-stacked-on-mobile has-background-background-color has-background\" style=\"grid-template-columns:15% auto\"><figure class=\"wp-block-media-text__media\"><a href=\"https:\/\/dieter-jenz.de\/lc\/was-geschieht-mit-mir-wenn-ich-sterbe\/\"><img loading=\"lazy\" decoding=\"async\" width=\"800\" height=\"800\" src=\"https:\/\/dieter-jenz.de\/lc\/wp-content\/uploads\/2022\/03\/Beitragsbild-Was-geschieht-mit-mir-wenn-ich-sterbe.jpeg\" alt=\"Was geschieht mit mir wenn ich sterbe - Gestaltung: privat\" class=\"wp-image-7029 size-full\" srcset=\"https:\/\/dieter-jenz.de\/lc\/wp-content\/uploads\/2022\/03\/Beitragsbild-Was-geschieht-mit-mir-wenn-ich-sterbe.jpeg 800w, https:\/\/dieter-jenz.de\/lc\/wp-content\/uploads\/2022\/03\/Beitragsbild-Was-geschieht-mit-mir-wenn-ich-sterbe-300x300.jpeg 300w, https:\/\/dieter-jenz.de\/lc\/wp-content\/uploads\/2022\/03\/Beitragsbild-Was-geschieht-mit-mir-wenn-ich-sterbe-150x150.jpeg 150w, https:\/\/dieter-jenz.de\/lc\/wp-content\/uploads\/2022\/03\/Beitragsbild-Was-geschieht-mit-mir-wenn-ich-sterbe-768x768.jpeg 768w, https:\/\/dieter-jenz.de\/lc\/wp-content\/uploads\/2022\/03\/Beitragsbild-Was-geschieht-mit-mir-wenn-ich-sterbe-540x540.jpeg 540w\" sizes=\"(max-width: 800px) 100vw, 800px\" \/><\/a><\/figure><div class=\"wp-block-media-text__content\">\n<p class=\"has-border-background-color has-background has-normal-font-size\">Dieser Beitrag ist Teil der Serie &#8222;<em>Was geschieht mit mir wenn ich sterbe?<\/em>&#8220; <br>Grobes <a href=\"https:\/\/dieter-jenz.de\/lc\/was-geschieht-mit-mir-wenn-ich-sterbe\/\" target=\"_blank\" rel=\"noreferrer noopener\">Inhaltsverzeichnis<\/a><\/p>\n<\/div><\/div>\n\n\n\n<p>Kommunikation bezeichnet die \u00dcbertragung oder den Austausch von Informationen, wobei Informationen als eine zusammenfassende Bezeichnung f\u00fcr Wissen, Erkenntnis, Erfahrung oder Empathie verstanden werden. Informationen k\u00f6nnen auf verschiedene Arten (verbal, nonverbal, paraverbal und telepathisch) \u00fcbermittelt werden.<\/p>\n\n\n\n<p>Eine Kommunikationserfahrung kann, muss jedoch nicht, Element einer Transzendenzerfahrung sein. Bei Nahtoderfahrungen, als Beispiel, ist es durchaus m\u00f6glich, lediglich zu beobachten und keine Kommunikationserfahrung zu erleben. Alle weiteren Transzendenzerfahrungen (Sterbebettvisionen, Nachtodkontakte und Geistwesenkontakte) bedingen jedoch mindestens eine Kommunikationserfahrung.<\/p>\n\n\n\n<p>Im Kontext dieser Untersuchung bezieht sich eine Kommunikation auf den Informationsaustausch im weitesten Sinne zwischen Sender und Empf\u00e4nger. Die Sender- und Empf\u00e4ngerrolle kann von lebenden Menschen oder Geistwesen \u00fcbernommen werden.<\/p>\n\n\n<div class=\"su-box su-box-style-default\" id=\"\" style=\"border-color:#000000;border-radius:3px;\"><div class=\"su-box-title\" style=\"background-color:#333333;color:#FFFFFF;border-top-left-radius:1px;border-top-right-radius:1px\">Letzte Beitr\u00e4ge <\/div><div class=\"su-box-content su-u-clearfix su-u-trim\" style=\"border-bottom-left-radius:1px;border-bottom-right-radius:1px\"><div class=\"su-expand su-expand-collapsed su-expand-link-style-default\" data-height=\"100\"><div class=\"su-expand-content su-u-trim\" style=\"color:#333333;max-height:100px;overflow:hidden\">\n\n<div class=\"su-posts su-posts-teaser-loop \">\n\n\t\t\t\t\t\t\n\t\t\t\n\t\t\t<div id=\"su-post-12357\" class=\"su-post \">\n\t\t\t\t\t\t\t\t\t<a class=\"su-post-thumbnail\" href=\"https:\/\/dieter-jenz.de\/lc\/die-realitaet-das-individuelle-selbst-befindet-sich-nicht-im-gehirn\/\"><img loading=\"lazy\" decoding=\"async\" width=\"800\" height=\"800\" src=\"https:\/\/dieter-jenz.de\/lc\/wp-content\/uploads\/2024\/11\/Beitragsbild-Realitaet-Individuelles-Selbst-nicht-im-Gehirn.jpeg\" class=\"attachment-post-thumbnail size-post-thumbnail wp-post-image\" alt=\"Realit\u00e4t Das individuelle Selbst befindet sich nicht im Gehirn - Gestaltung: privat\" \/><\/a>\n\t\t\t\t\t\t\t\t<h2 class=\"su-post-title\"><a href=\"https:\/\/dieter-jenz.de\/lc\/die-realitaet-das-individuelle-selbst-befindet-sich-nicht-im-gehirn\/\">Die Realit\u00e4t: Das individuelle Selbst befindet sich nicht im Gehirn<\/a><\/h2>\n\t\t\t<\/div>\n\n\t\t\t\t\t\n\t\t\t\n\t\t\t<div id=\"su-post-12328\" class=\"su-post \">\n\t\t\t\t\t\t\t\t\t<a class=\"su-post-thumbnail\" href=\"https:\/\/dieter-jenz.de\/lc\/verifikation-der-eis-hypothese-ungewoehnliche-erinnerungen\/\"><img loading=\"lazy\" decoding=\"async\" width=\"800\" height=\"800\" src=\"https:\/\/dieter-jenz.de\/lc\/wp-content\/uploads\/2024\/11\/Beitragsbild-Verifikation-EIS-Hypothese-Ungewoehnliche-Erinnerungen.jpeg\" class=\"attachment-post-thumbnail size-post-thumbnail wp-post-image\" alt=\"Verifikation frt EIS-Hypothese: Ungew\u00f6hnliche Erinnerungen - Gestaltung: privat\" \/><\/a>\n\t\t\t\t\t\t\t\t<h2 class=\"su-post-title\"><a href=\"https:\/\/dieter-jenz.de\/lc\/verifikation-der-eis-hypothese-ungewoehnliche-erinnerungen\/\">Verifikation der EIS-Hypothese: Ungew\u00f6hnliche Erinnerungen<\/a><\/h2>\n\t\t\t<\/div>\n\n\t\t\t\t\t\n\t\t\t\n\t\t\t<div id=\"su-post-12313\" class=\"su-post \">\n\t\t\t\t\t\t\t\t\t<a class=\"su-post-thumbnail\" href=\"https:\/\/dieter-jenz.de\/lc\/verifikation-der-eis-hypothese-terminale-geistesklarheit\/\"><img loading=\"lazy\" decoding=\"async\" width=\"800\" height=\"800\" src=\"https:\/\/dieter-jenz.de\/lc\/wp-content\/uploads\/2024\/11\/Beitragsbild-Verifikation-EIS-Hypothese-Terminale-Geistesklarheit.jpeg\" class=\"attachment-post-thumbnail size-post-thumbnail wp-post-image\" alt=\"Verifikation der EIS-Hypothese: Terminale Geistesklarheit - Gestaltung: privat\" \/><\/a>\n\t\t\t\t\t\t\t\t<h2 class=\"su-post-title\"><a href=\"https:\/\/dieter-jenz.de\/lc\/verifikation-der-eis-hypothese-terminale-geistesklarheit\/\">Verifikation der EIS-Hypothese: Terminale Geistesklarheit<\/a><\/h2>\n\t\t\t<\/div>\n\n\t\t\t\t\t\n\t\t\t\n\t\t\t<div id=\"su-post-12248\" class=\"su-post \">\n\t\t\t\t\t\t\t\t\t<a class=\"su-post-thumbnail\" href=\"https:\/\/dieter-jenz.de\/lc\/verifikation-der-eis-hypothese-nahtoderfahrung\/\"><img loading=\"lazy\" decoding=\"async\" width=\"800\" height=\"800\" src=\"https:\/\/dieter-jenz.de\/lc\/wp-content\/uploads\/2024\/10\/Beitragsbild-Verifikation-EIS-Hypothese-Nahtoderfahrung.jpeg\" class=\"attachment-post-thumbnail size-post-thumbnail wp-post-image\" alt=\"Verifikation der EIS-Hypothese: Nahtoderfahrung - Gestaltung: privat\" \/><\/a>\n\t\t\t\t\t\t\t\t<h2 class=\"su-post-title\"><a href=\"https:\/\/dieter-jenz.de\/lc\/verifikation-der-eis-hypothese-nahtoderfahrung\/\">Verifikation der EIS-Hypothese: Nahtoderfahrung<\/a><\/h2>\n\t\t\t<\/div>\n\n\t\t\t\t\t\n\t\t\t\n\t\t\t<div id=\"su-post-12193\" class=\"su-post \">\n\t\t\t\t\t\t\t\t\t<a class=\"su-post-thumbnail\" href=\"https:\/\/dieter-jenz.de\/lc\/das-losloesungsszenario-ist-es-plausibel\/\"><img loading=\"lazy\" decoding=\"async\" width=\"800\" height=\"800\" src=\"https:\/\/dieter-jenz.de\/lc\/wp-content\/uploads\/2024\/09\/Beitragsbild-Losloesungsszenario.jpeg\" class=\"attachment-post-thumbnail size-post-thumbnail wp-post-image\" alt=\"Losl\u00f6sungsszenario - Gestaltung: privat\" \/><\/a>\n\t\t\t\t\t\t\t\t<h2 class=\"su-post-title\"><a href=\"https:\/\/dieter-jenz.de\/lc\/das-losloesungsszenario-ist-es-plausibel\/\">Das Losl\u00f6sungsszenario &#8211; ist es plausibel?<\/a><\/h2>\n\t\t\t<\/div>\n\n\t\t\t\t\t\n\t\t\t\n\t\t\t<div id=\"su-post-12174\" class=\"su-post \">\n\t\t\t\t\t\t\t\t\t<a class=\"su-post-thumbnail\" href=\"https:\/\/dieter-jenz.de\/lc\/das-evakuierungsszenario-ist-es-plausibel\/\"><img loading=\"lazy\" decoding=\"async\" width=\"800\" height=\"800\" src=\"https:\/\/dieter-jenz.de\/lc\/wp-content\/uploads\/2024\/09\/Beitragsbild-Evakuierungsszenario.jpeg\" class=\"attachment-post-thumbnail size-post-thumbnail wp-post-image\" alt=\"Evakuierungsszenario - Gestaltung: privat\" \/><\/a>\n\t\t\t\t\t\t\t\t<h2 class=\"su-post-title\"><a href=\"https:\/\/dieter-jenz.de\/lc\/das-evakuierungsszenario-ist-es-plausibel\/\">Das Evakuierungsszenario &#8211; ist es plausibel?<\/a><\/h2>\n\t\t\t<\/div>\n\n\t\t\t\t\t\n\t\t\t\n\t\t\t<div id=\"su-post-12136\" class=\"su-post \">\n\t\t\t\t\t\t\t\t\t<a class=\"su-post-thumbnail\" href=\"https:\/\/dieter-jenz.de\/lc\/das-erloeschungsszenario-ist-es-plausibel\/\"><img loading=\"lazy\" decoding=\"async\" width=\"800\" height=\"800\" src=\"https:\/\/dieter-jenz.de\/lc\/wp-content\/uploads\/2024\/09\/Beitragsbild-Erloeschungsszenario.jpeg\" class=\"attachment-post-thumbnail size-post-thumbnail wp-post-image\" alt=\"Erl\u00f6schungsszenario - Gestaltung: privat\" \/><\/a>\n\t\t\t\t\t\t\t\t<h2 class=\"su-post-title\"><a href=\"https:\/\/dieter-jenz.de\/lc\/das-erloeschungsszenario-ist-es-plausibel\/\">Das Erl\u00f6schungsszenario &#8211; ist es plausibel?<\/a><\/h2>\n\t\t\t<\/div>\n\n\t\t\t\t\t\n\t\t\t\n\t\t\t<div id=\"su-post-11981\" class=\"su-post \">\n\t\t\t\t\t\t\t\t\t<a class=\"su-post-thumbnail\" href=\"https:\/\/dieter-jenz.de\/lc\/was-sind-nahtoderfahrungenwie-werden-sie-erlebt\/\"><img loading=\"lazy\" decoding=\"async\" width=\"800\" height=\"800\" src=\"https:\/\/dieter-jenz.de\/lc\/wp-content\/uploads\/2024\/07\/Beitragsbild-Was-sind-Nahtoderfahrungen.jpeg\" class=\"attachment-post-thumbnail size-post-thumbnail wp-post-image\" alt=\"Was sind Nahtoderfahrungen - Gestaltung: privat\" \/><\/a>\n\t\t\t\t\t\t\t\t<h2 class=\"su-post-title\"><a href=\"https:\/\/dieter-jenz.de\/lc\/was-sind-nahtoderfahrungenwie-werden-sie-erlebt\/\">Was sind Nahtoderfahrungen? Wie werden sie erlebt?<\/a><\/h2>\n\t\t\t<\/div>\n\n\t\t\t\t\t\n\t\t\t\n\t\t\t<div id=\"su-post-11947\" class=\"su-post \">\n\t\t\t\t\t\t\t\t\t<a class=\"su-post-thumbnail\" href=\"https:\/\/dieter-jenz.de\/lc\/taktile-kommunikation-was-verbirgt-sich-dahinter\/\"><img loading=\"lazy\" decoding=\"async\" width=\"800\" height=\"800\" src=\"https:\/\/dieter-jenz.de\/lc\/wp-content\/uploads\/2024\/07\/Beitragsbild-Taktile-Kommunikation.jpeg\" class=\"attachment-post-thumbnail size-post-thumbnail wp-post-image\" alt=\"Taktile Kommunikation - Gestaltung: privat\" \/><\/a>\n\t\t\t\t\t\t\t\t<h2 class=\"su-post-title\"><a href=\"https:\/\/dieter-jenz.de\/lc\/taktile-kommunikation-was-verbirgt-sich-dahinter\/\">Taktile Kommunikation \u2013 was verbirgt sich dahinter?<\/a><\/h2>\n\t\t\t<\/div>\n\n\t\t\t\t\t\n\t\t\t\n\t\t\t<div id=\"su-post-11943\" class=\"su-post \">\n\t\t\t\t\t\t\t\t\t<a class=\"su-post-thumbnail\" href=\"https:\/\/dieter-jenz.de\/lc\/olfaktorische-kommunikation-was-verbirgt-sich-dahinter\/\"><img loading=\"lazy\" decoding=\"async\" width=\"800\" height=\"800\" src=\"https:\/\/dieter-jenz.de\/lc\/wp-content\/uploads\/2024\/07\/Beitragsbild-Olfaktorische-Kommunikation.jpeg\" class=\"attachment-post-thumbnail size-post-thumbnail wp-post-image\" alt=\"Olfaktorische Kommunikation - Gestaltung: privat\" \/><\/a>\n\t\t\t\t\t\t\t\t<h2 class=\"su-post-title\"><a href=\"https:\/\/dieter-jenz.de\/lc\/olfaktorische-kommunikation-was-verbirgt-sich-dahinter\/\">Olfaktorische Kommunikation \u2013 was verbirgt sich dahinter?<\/a><\/h2>\n\t\t\t<\/div>\n\n\t\t\t\n<\/div>\n  <\/div><div class=\"su-expand-link su-expand-link-more\" style=\"text-align:left\"><a href=\"javascript:;\" style=\"color:#0088FF;border-color:#0088FF\"><span style=\"border-color:#0088FF\">Mehr anzeigen<\/span><\/a><\/div><div class=\"su-expand-link su-expand-link-less\" style=\"text-align:left\"><a href=\"javascript:;\" style=\"color:#0088FF;border-color:#0088FF\"><span style=\"border-color:#0088FF\">Weniger anzeigen<\/span><\/a><\/div><\/div><\/div><\/div>\n\n\n\n<h3 class=\"wp-block-heading\" id=\"kommunikationserfahrungen\"><strong>Kommunikationserfahrungen<\/strong><\/h3>\n\n\n\n<p>Eine erlebte Kommunikation wird als Kommunikationserfahrung bezeichnet. Eine Kommunikationserfahrung kann intrauniversal, extrauniversal oder interuniversal erlebt werden. Eine intrauniversale Kommunikation erfolgt innerhalb des intrauniversalen, eine extrauniversale Kommunikation innerhalb des extrauniversalen Existenzraums, d.&nbsp;h. innerhalb des Diesseits oder innerhalb des Jenseits. Eine interuniversale Kommunikation geschieht zwischen den Existenzr\u00e4umen, d.&nbsp;h. zwischen Diesseits und Jenseits.<\/p>\n\n\n\n<p>Die meisten Transzendenzerfahrungen erfordern eine interuniversale Kommunikation. Als Beispiel sei der Nachtodkontakt als Transzendenzerfahrung genannt, der stets mit einer interuniversalen Kommunikation einhergeht. Ein Verstorbener, als allochthones Geistwesen, sendet eine Botschaft aus dem extrauniversalen Existenzraum an eine lebende Person im intrauniversalen Existenzraum, die von dieser empfangen und anschlie\u00dfend interpretiert wird.<\/p>\n\n\n\n<p>Die Kommunikation zwischen Menschen erfolgt verbal, paraverbal und nonverbal. Die verbale Kommunikation geschieht \u00fcber das gesprochene oder geschriebene Wort. Wird Sprache genutzt, kann sie um paraverbale Ausdrucksmittel, die Art der Artikulation (Tonfall, Lautst\u00e4rke, Sprechtempo usw.), gewisserma\u00dfen angereichert werden. Die nonverbale Kommunikation umfasst Gestik (Bewegungen au\u00dferhalb des Gesichts, beispielsweise Schulterzucken), Mimik (Bewegungen im Gesicht, beispielsweise Lachen), K\u00f6rperhaltung sowie Bewegung im Raum.<\/p>\n\n\n\n<p>Insbesondere in der interuniversalen Kommunikation reichen die genannten Arten der Kommunikation nicht aus. Deshalb muss eine weitere Art der Kommunikation als m\u00f6glich vorausgesetzt werden: die Telepathie. Unter Telepathie wird landl\u00e4ufig die Gedanken\u00fcbertragung verstanden.<\/p>\n\n\n\n<p>Im Kontext der interuniversalen Kommunikation kommunizieren Wesen miteinander ohne irgendwelche technischen Hilfsmittel, alleine \u00fcber Gedanken\u00fcbertragung. Insofern handelt es sich gewisserma\u00dfen um eine \u201edrahtlose\u201c Kommunikation zwischen Wesen \u00fcber die Grenze der Existenzr\u00e4ume hinweg.<\/p>\n\n\n\n<p>Die klassische Physik schlie\u00dft die M\u00f6glichkeit der Telepathie aus nachvollziehbaren Gr\u00fcnden aus. Schlie\u00dflich ist die \u201eSendeleistung\u201c des menschlichen Gehirns viel zu gering. In der Konsequenz verwundert nicht, dass sich eine F\u00e4higkeit zur Telepathie unter Laborbedingungen nicht nachweisen l\u00e4sst. Die Wiederholbarkeit von Versuchen mit stets vorhersehbarem Ergebnis ist nicht gegeben. Zudem wurde eine Art \u201eTelepathie-Gen\u201c beim Menschen bisher nicht entdeckt.<\/p>\n\n\n\n<p>Trotz aller begr\u00fcndeten Einw\u00e4nde muss die F\u00e4higkeit zur interuniversalen Telepathie zumindest bei manchen Menschen gegeben sein. Ansonsten lie\u00dfen sich Ph\u00e4nomene, wie beispielsweise Sterbebettvisionen oder Nachtodkontakte, bei denen eine interuniversale Kommunikation zwingend involviert ist, nicht erkl\u00e4ren.<\/p>\n\n\n\n<figure class=\"wp-block-gallery has-nested-images columns-4 is-cropped wp-block-gallery-1 is-layout-flex wp-block-gallery-is-layout-flex\">\n<figure class=\"wp-block-image size-large\"><a href=\"https:\/\/dieter-jenz.de\/lc\/portal-lebensweisheiten\/\" target=\"_blank\" rel=\"noreferrer noopener\"><img loading=\"lazy\" decoding=\"async\" width=\"800\" height=\"800\" data-id=\"10179\" src=\"https:\/\/dieter-jenz.de\/lc\/wp-content\/uploads\/2023\/12\/Lebensweisheiten.jpeg\" alt=\"Lebensweisheiten - Gestaltung: privat\" class=\"wp-image-10179\" srcset=\"https:\/\/dieter-jenz.de\/lc\/wp-content\/uploads\/2023\/12\/Lebensweisheiten.jpeg 800w, https:\/\/dieter-jenz.de\/lc\/wp-content\/uploads\/2023\/12\/Lebensweisheiten-300x300.jpeg 300w, https:\/\/dieter-jenz.de\/lc\/wp-content\/uploads\/2023\/12\/Lebensweisheiten-150x150.jpeg 150w, https:\/\/dieter-jenz.de\/lc\/wp-content\/uploads\/2023\/12\/Lebensweisheiten-768x768.jpeg 768w, https:\/\/dieter-jenz.de\/lc\/wp-content\/uploads\/2023\/12\/Lebensweisheiten-540x540.jpeg 540w\" sizes=\"(max-width: 800px) 100vw, 800px\" \/><\/a><figcaption class=\"wp-element-caption\">Gestaltung: privat<\/figcaption><\/figure>\n\n\n\n<figure class=\"wp-block-image size-large\"><a href=\"https:\/\/dieter-jenz.de\/lc\/portal-evergreen-themen\/\" target=\"_blank\" rel=\"noreferrer noopener\"><img loading=\"lazy\" decoding=\"async\" width=\"800\" height=\"800\" data-id=\"10200\" src=\"https:\/\/dieter-jenz.de\/lc\/wp-content\/uploads\/2023\/12\/Evergreen-Themen.jpeg\" alt=\"Evergreen-Themen - Gestaltung: privat\" class=\"wp-image-10200\" srcset=\"https:\/\/dieter-jenz.de\/lc\/wp-content\/uploads\/2023\/12\/Evergreen-Themen.jpeg 800w, https:\/\/dieter-jenz.de\/lc\/wp-content\/uploads\/2023\/12\/Evergreen-Themen-300x300.jpeg 300w, https:\/\/dieter-jenz.de\/lc\/wp-content\/uploads\/2023\/12\/Evergreen-Themen-150x150.jpeg 150w, https:\/\/dieter-jenz.de\/lc\/wp-content\/uploads\/2023\/12\/Evergreen-Themen-768x768.jpeg 768w, https:\/\/dieter-jenz.de\/lc\/wp-content\/uploads\/2023\/12\/Evergreen-Themen-540x540.jpeg 540w\" sizes=\"(max-width: 800px) 100vw, 800px\" \/><\/a><figcaption class=\"wp-element-caption\">Gestaltung: privat<\/figcaption><\/figure>\n\n\n\n<figure class=\"wp-block-image size-large\"><a href=\"https:\/\/dieter-jenz.de\/lc\/portal-wissensdurst\/\" target=\"_blank\" rel=\"noreferrer noopener\"><img loading=\"lazy\" decoding=\"async\" width=\"800\" height=\"800\" data-id=\"10177\" src=\"https:\/\/dieter-jenz.de\/lc\/wp-content\/uploads\/2023\/12\/Wissensdurst-Blick-durch-den-Tuerspalt.jpeg\" alt=\"Wissensdurst, Blick durch den T\u00fcrspalt - Gestaltung: privat\" class=\"wp-image-10177\" srcset=\"https:\/\/dieter-jenz.de\/lc\/wp-content\/uploads\/2023\/12\/Wissensdurst-Blick-durch-den-Tuerspalt.jpeg 800w, https:\/\/dieter-jenz.de\/lc\/wp-content\/uploads\/2023\/12\/Wissensdurst-Blick-durch-den-Tuerspalt-300x300.jpeg 300w, https:\/\/dieter-jenz.de\/lc\/wp-content\/uploads\/2023\/12\/Wissensdurst-Blick-durch-den-Tuerspalt-150x150.jpeg 150w, https:\/\/dieter-jenz.de\/lc\/wp-content\/uploads\/2023\/12\/Wissensdurst-Blick-durch-den-Tuerspalt-768x768.jpeg 768w, https:\/\/dieter-jenz.de\/lc\/wp-content\/uploads\/2023\/12\/Wissensdurst-Blick-durch-den-Tuerspalt-540x540.jpeg 540w\" sizes=\"(max-width: 800px) 100vw, 800px\" \/><\/a><figcaption class=\"wp-element-caption\">Gestaltung: privat<\/figcaption><\/figure>\n<\/figure>\n\n\n\n<h3 class=\"wp-block-heading\" id=\"begriffe-in-der-begriffshierarchie\"><strong>Begriffe in der Begriffshierarchie<\/strong><\/h3>\n\n\n\n<p>Die hier dargestellte Taxonomie ber\u00fccksichtigt bekannte Arten von Kommunikationserfahrungen. Sie erhebt keinerlei Anspruch auf Vollst\u00e4ndigkeit. Zudem werden nicht alle in der Taxonomie enthaltenen Kommunikationserfahrungen in dieser Untersuchung ber\u00fccksichtigt.<\/p>\n\n\n<div class=\"wp-block-image\">\n<figure class=\"aligncenter size-full is-resized\"><a href=\"https:\/\/dieter-jenz.de\/lc\/wp-content\/uploads\/2024\/07\/Taxonomie-Kommunikationserfahrungen-V02.jpg\"><img loading=\"lazy\" decoding=\"async\" width=\"572\" height=\"466\" src=\"https:\/\/dieter-jenz.de\/lc\/wp-content\/uploads\/2024\/07\/Taxonomie-Kommunikationserfahrungen-V02.jpg\" alt=\"Taxonomie Kommunikationserfahrungen - Quelle: Dieter Jenz\" class=\"wp-image-11926\" style=\"width:441px;height:415px\" srcset=\"https:\/\/dieter-jenz.de\/lc\/wp-content\/uploads\/2024\/07\/Taxonomie-Kommunikationserfahrungen-V02.jpg 572w, https:\/\/dieter-jenz.de\/lc\/wp-content\/uploads\/2024\/07\/Taxonomie-Kommunikationserfahrungen-V02-300x244.jpg 300w, https:\/\/dieter-jenz.de\/lc\/wp-content\/uploads\/2024\/07\/Taxonomie-Kommunikationserfahrungen-V02-540x440.jpg 540w, https:\/\/dieter-jenz.de\/lc\/wp-content\/uploads\/2024\/07\/Taxonomie-Kommunikationserfahrungen-V02-150x122.jpg 150w\" sizes=\"(max-width: 572px) 100vw, 572px\" \/><\/a><figcaption class=\"wp-element-caption\">Quelle: Dieter Jenz<\/figcaption><\/figure><\/div>\n\n\n<p>Hinweis: Diese Taxonomie wurde mit Hilfe eines Ontologie-Editors erstellt. Die Termini sind in der \u201eCamelCase\u201c-Schreibweise dargestellt. Bei dieser Schreibweise werden mehrere W\u00f6rter aneinandergereiht. Anstatt Leerzeichen zwischen die W\u00f6rter zu setzen, wird der Anfangsbuchstabe eines jeden neuen Wortes gro\u00dfgeschrieben. Die Gro\u00dfbuchstaben ragen wie die H\u00f6cker eines Kamels aus dem Wort heraus.<\/p>\n\n\n\n<h4 class=\"wp-block-heading\" id=\"unidirektionale-kommunikationserfahrung\"><strong>Unidirektionale Kommunikationserfahrung<\/strong><\/h4>\n\n\n\n<p>Eine unidirektionale Kommunikationserfahrung bezeichnet die \u00dcbermittlung einer Botschaft in einer Richtung von einem Sender zu einem Empf\u00e4nger. Eine unmittelbare Antwort des Empf\u00e4ngers wird nicht erwartet.<\/p>\n\n\n\n<h5 class=\"wp-block-heading\" id=\"lebewesen-initiierte-kommunikationserfahrung\"><strong>Lebewesen-initiierte Kommunikationserfahrung<\/strong><\/h5>\n\n\n\n<p>Eine Lebewesen-initiierte Kommunikationserfahrung bezeichnet eine von einem im intrauniversalen Existenzraum, dem Diesseits, existierenden Lebewesen (Mensch, Tier) in der Rolle des Senders initiierte Kommunikation. Die interuniversale Kommunikation richtet sich prinzipiell an autochthone oder allochthone Geistwesen in der Rolle des Empf\u00e4ngers. Die Kommunikation beginnt und endet zu einem vom Lebewesen bestimmten Zeitpunkt.<\/p>\n\n\n\n<p>In Abgrenzung zum Spiritismus wird in dieser Untersuchung lediglich die interuniversale Lebewesen-initiierte Kommunikation mit Gott als autochthonem Geistwesen thematisiert. Gleichwohl ist die Beschreibung neutral gehalten.<\/p>\n\n\n\n<p><strong>Verbale Lebewesen-initiierte <\/strong><strong>Botschaft<\/strong><\/p>\n\n\n\n<p>Eine verbale Botschaft bezeichnet eine mittels Sprache gebildete Mitteilung mit Informationsgehalt an einen oder mehrere Empf\u00e4nger. Der Einfachheit halber werden auch paraverbale Ausdrucksmittel als zu einer verbalen Botschaft geh\u00f6rig verstanden.<\/p>\n\n\n\n<p><strong>Nonverbale Lebewesen-initiierte <\/strong><strong>Botschaft<\/strong><\/p>\n\n\n\n<p>Eine nonverbale Botschaft bezeichnet eine mit Hilfe von nonverbalen Ausdrucksmitteln (Mimik, Gestik usw.) gebildete Mitteilung mit Informationsgehalt an einen oder mehrere Empf\u00e4nger. Zur Kategorie der nonverbalen Botschaften z\u00e4hlen auch telepathische Botschaften. Beispiele f\u00fcr Lebewesen-initiierte telepathische Botschaften sind:<\/p>\n\n\n\n<ul>\n<li>Stilles Gebet: bezeichnet eine in Gedanken geformte Botschaft an ein Geistwesen, das \u00fcber eine gro\u00dfe und nicht naturwissenschaftlich beschreibbare transzendente Macht verf\u00fcgt, und das als g\u00f6ttlich oder heilig gilt. Damit ist bei den Offenbarungsreligionen (Judentum, Christentum, Islam) Gott gemeint. In polytheistischen Religionen kann auch eine Gottheit unter mehreren gemeint sein;<\/li>\n\n\n\n<li>Stille Gedanken: bezeichnen eine in Gedanken geformte Botschaft an ein Lebewesen oder ein Geistwesen. Die Gedanken k\u00f6nnen Gef\u00fchle, W\u00fcnsche oder Aufforderungen ausdr\u00fccken.<\/li>\n<\/ul>\n\n\n\n<h5 class=\"wp-block-heading\" id=\"geistwesen-initiierte-kommunikationserfahrung\"><strong>Geistwesen-initiierte Kommunikationserfahrung<\/strong><\/h5>\n\n\n\n<p>Eine Geistwesen-initiierte Kommunikationserfahrung bezeichnet eine von einem im extrauniversalen Existenzraum, dem Jenseits, existierenden Geistwesen initiierte Kommunikation. Die Kommunikation beginnt und endet zu einem vom autochthonen Geistwesen (z.&nbsp;B. Gott, Engel) oder allochthonen Geistwesen (verstorbene Person) bestimmten Zeitpunkt.<\/p>\n\n\n\n<p><strong>Verbale Geistwesen-initiierte <\/strong><strong>Botschaft<\/strong><\/p>\n\n\n\n<p>Eine verbale Botschaft bezeichnet eine mittels Sprache gebildete Mitteilung mit Informationsgehalt an einen oder mehrere Empf\u00e4nger. Der Einfachheit halber werden auch paraverbale Ausdrucksmittel als zu einer verbalen Botschaft geh\u00f6rig verstanden. Der bzw. die Lebewesen als Empf\u00e4nger nehmen eine akustisch h\u00f6rbare Stimme wahr.<\/p>\n\n\n\n<p><strong>Nonverbale Geistwesen-initiierte <\/strong><strong>Botschaft<\/strong><\/p>\n\n\n\n<p>Eine nonverbale Botschaft bezeichnet eine mit Hilfe von nonverbalen Ausdrucksmitteln (Mimik, Gestik usw.) gebildete Mitteilung mit Informationsgehalt an einen oder mehrere Empf\u00e4nger. Der bzw. die Lebewesen als Empf\u00e4nger nehmen die Botschaft mit ihren Sinnen wahr (beispielsweise bei einer Nahtoderfahrung durch Gesten der Zur\u00fcckweisung an der Grenze zum extrauniversalen Existenzraum).<\/p>\n\n\n\n<p>Vier der klassischen f\u00fcnf Sinne des Menschen k\u00f6nnen durch eine nonverbale Botschaft angesprochen werden: Sehen (visuelle Wahrnehmung mit den Augen), H\u00f6ren (auditive Wahrnehmung mit den Ohren), Riechen (olfaktorische Wahrnehmung mit der Nase) und Tasten (taktile Wahrnehmung mit der Haut). Der f\u00fcnfte Sinn, Schmecken (die gustatorische Wahrnehmung mit der Zunge), scheidet als Empf\u00e4nger einer Botschaft nachvollziehbar aus.<\/p>\n\n\n\n<p>Jeder der genannten vier klassischen Sinne l\u00e4sst sich auch als Kommunikationselement verstehen, das sowohl einzeln als auch in Kombination auftreten kann. Eine nonverbale Botschaft kann beispielsweise \u00fcber visuelle und auditive Kommunikation vermittelt werden. Sie kann, als weiteres Beispiel, auch nur aus olfaktorischer Kommunikation bestehen. Im Allgemeinen gilt: Je mehr Sinne die nonverbale Botschaft beim Empf\u00e4nger anspricht, desto eher und sicherer l\u00e4sst sie sich einem bestimmten Wesen zuordnen.<\/p>\n\n\n\n<p>Die den vier klassischen Sinnen entsprechenden Kommunikationselemente werden um zwei weitere erg\u00e4nzt: die kinetische Kommunikation und die telepathische Kommunikation.<\/p>\n\n\n\n<p>In der Gesamtschau lassen sich folgende Kommunikationsarten unterscheiden:<\/p>\n\n\n\n<ul>\n<li><a href=\"https:\/\/dieter-jenz.de\/lc\/visuelle-kommunikation-was-verbirgt-sich-dahinter\/\" target=\"_blank\" rel=\"noreferrer noopener\">Visuelle Kommunikation<\/a>: die Botschaft wird \u00fcber das menschliche Auge mit seiner F\u00e4higkeit zum Sehen vermittelt;<\/li>\n\n\n\n<li><a href=\"https:\/\/dieter-jenz.de\/lc\/auditive-kommunikation-was-verbirgt-sich-dahinter\/\" target=\"_blank\" rel=\"noreferrer noopener\">Auditive Kommunikation<\/a>: die Botschaft wird \u00fcber die menschlichen Ohren mit ihrer F\u00e4higkeit zum H\u00f6ren vermittelt;<\/li>\n\n\n\n<li><a href=\"https:\/\/dieter-jenz.de\/lc\/olfaktorische-kommunikation-was-verbirgt-sich-dahinter\/\" target=\"_blank\" rel=\"noreferrer noopener\">Olfaktorische Kommunikation<\/a>: die Botschaft wird \u00fcber die menschliche Nase mit ihrer F\u00e4higkeit zum Riechen vermittelt;<\/li>\n\n\n\n<li><a href=\"https:\/\/dieter-jenz.de\/lc\/taktile-kommunikation-was-verbirgt-sich-dahinter\/\" target=\"_blank\" rel=\"noreferrer noopener\">Taktile Kommunikation<\/a>: die Botschaft wird \u00fcber die menschliche Haut mit ihrer F\u00e4higkeit zum F\u00fchlen vermittelt;<\/li>\n\n\n\n<li><a href=\"https:\/\/dieter-jenz.de\/lc\/kinetische-kommunikation-was-verbirgt-sich-dahinter\/\" target=\"_blank\" rel=\"noreferrer noopener\">Kinetische Kommunikation<\/a>: die Botschaft wird \u00fcber die Geistwesen-initiierte Bewegung von Objekten vermittelt. Die Bewegung ist f\u00fcr den Empf\u00e4nger wahrnehmbar: visuell oder auditiv, oder in Kombination;<\/li>\n\n\n\n<li><a href=\"https:\/\/dieter-jenz.de\/lc\/telepathische-kommunikation-was-verbirgt-sich-dahinter\/\" target=\"_blank\" rel=\"noreferrer noopener\">Telepathische Kommunikation<\/a>: die vom Geistwesen als Sender mit Hilfe von Gedanken gebildete Botschaft mit Informationsgehalt wird der Gedankenwelt des Empf\u00e4ngers vermittelt. Beispiele f\u00fcr telepathische Kommunikation sind:\n<ul>\n<li><a href=\"https:\/\/dieter-jenz.de\/lc\/die-innere-stimme-nur-eine-intuition-oder-mehr\/\" target=\"_blank\" rel=\"noreferrer noopener\">Innere Stimme<\/a>: wird gemeinhin als eine Regung des Unterbewusstseins (oft n\u00e4herungsweise auch als \u201eBauchgef\u00fchl\u201c bezeichnet) verstanden, die eine Person auf etwas hinweisen, m\u00f6glicherweise auch vor etwas warnen m\u00f6chte;<\/li>\n\n\n\n<li><a href=\"https:\/\/dieter-jenz.de\/lc\/der-innere-film-traum-oder-wachzustand\/\" target=\"_blank\" rel=\"noreferrer noopener\">Innerer Film<\/a>: ein zeitlich zur\u00fcckliegendes, gegenw\u00e4rtiges oder zuk\u00fcnftiges Ereignis wird gewisserma\u00dfen als Film \u201egesehen\u201c;<\/li>\n\n\n\n<li><a href=\"https:\/\/dieter-jenz.de\/lc\/intensive-gewissheit-aus-dem-nichts\/\" target=\"_blank\" rel=\"noreferrer noopener\">Innere Gewissheit<\/a>: \u00e4u\u00dfert sich als sichere \u00dcberzeugung, die nicht (mehr) infrage zu stellen ist. Sie kann sich auf Ereignisse oder Zust\u00e4nde in Vergangenheit, Gegenwart und Zukunft beziehen.<\/li>\n<\/ul>\n<\/li>\n<\/ul>\n\n\n<div class=\"su-box su-box-style-default\" id=\"\" style=\"border-color:#000000;border-radius:3px;\"><div class=\"su-box-title\" style=\"background-color:#333333;color:#FFFFFF;border-top-left-radius:1px;border-top-right-radius:1px\">Weitere Informationen und Ressourcen <\/div><div class=\"su-box-content su-u-clearfix su-u-trim\" style=\"border-bottom-left-radius:1px;border-bottom-right-radius:1px\"> <div class=\"su-list\" style=\"margin-left:0px\"> <\/p>\n<ul>\n<li><i class=\"sui sui-info-circle\" style=\"color:#333\"><\/i> <a href=\"https:\/\/dieter-jenz.de\/lc\/ausgangssituation-ziel-vorgehensweise-aktueller-stand\/\" title=\"Ausgangssituation, Ziel, Vorgehensweise\" target=\"_blank\" rel=\"\" class=\"\">Ausgangssituation, Ziel, Vorgehensweise, aktueller Stand<\/a> <\/li>\n<\/ul>\n<p> <\/div> <div class=\"su-list\" style=\"margin-left:0px\"> <\/p>\n<ul>\n<li><i class=\"sui sui-info-circle\" style=\"color:#333\"><\/i> <a href=\"https:\/\/dieter-jenz.de\/lc\/was-kommt-nach-dem-tod-erstes-zwischenfazit\/\" title=\"Erstes Zwischenfazit\" target=\"_blank\" rel=\"\" class=\"\">Was kommt nach dem Tod? &#8211; Erstes Zwischenfazit<\/a> <\/li>\n<\/ul>\n<p> <\/div> <div class=\"su-list\" style=\"margin-left:0px\"> <\/p>\n<ul>\n<li><i class=\"sui sui-info-circle\" style=\"color:#333\"><\/i> <a href=\"https:\/\/dieter-jenz.de\/lc\/ressourcen-wie-geht-es-nach-dem-tod-weiter\/\" title=\"Literatur und sonstige Ressourcen\" target=\"_blank\" rel=\"\" class=\"\">Literatur und sonstige Ressourcen<\/a> <\/li>\n<\/ul>\n<p> <\/div> <div class=\"su-list\" style=\"margin-left:0px\"> <\/p>\n<ul>\n<li><i class=\"sui sui-info-circle\" style=\"color:#333\"><\/i> <a href=\"https:\/\/dieter-jenz.de\/lc\/glossar-begriffe-transzendenzerfahrungen-lebensfragen\/\" title=\"Glossar der Begriffe zu Transzendenzerfahrungen\" target=\"_blank\" rel=\"\" class=\"\">Glossar der Begriffe im Kontext von Transzendenzerfahrungen<\/a> <\/li>\n<\/ul>\n<p> <\/div> <div class=\"su-list\" style=\"margin-left:0px\"> <\/p>\n<ul>\n<li><i class=\"sui sui-info-circle\" style=\"color:#333\"><\/i> <a href=\"https:\/\/dieter-jenz.de\/lc\/faq-haeufig-gestellte-fragen-was-kommt-nach-dem-tod\/\" title=\"FAQ (H\u00e4ufig gestellte Fragen)\" target=\"_blank\" rel=\"\" class=\"\">H\u00e4ufig gestellte Fragen (FAQ) &#8211; Was kommt nach dem Tod?<\/a> <\/li>\n<\/ul>\n<p> <\/div>   <\/div><\/div>\n\n\n\n<h4 class=\"wp-block-heading\" id=\"bidirektionale-kommunikationserfahrung\"><strong>Bidirektionale Kommunikationserfahrung<\/strong><\/h4>\n\n\n\n<p>Eine bidirektionale Kommunikationserfahrung bezeichnet die wechselseitige \u00dcbermittlung von Botschaften zwischen Sender und Empf\u00e4nger. Die an der Kommunikation beteiligten Partner \u00fcbernehmen sowohl die Sender- als auch die Empf\u00e4ngerrolle. Im Rahmen des Kommunikationsprozesses tauschen die Kommunikationspartner immer wieder ihre Rollen. Einer der beteiligten Kommunikationspartner beginnt und\/oder beendet den Kommunikationsprozess.<\/p>\n\n\n\n<p><strong>Telepathische Interaktion<\/strong><\/p>\n\n\n\n<p>Eine telepathische Interaktion bezeichnet im Kontext dieser Untersuchung einen Austausch von Gedanken zwischen Lebewesen im intrauniversalen Existenzraum, dem Diesseits, und Geistwesen im extrauniversalen Existenzraum, dem Jenseits. Es handelt sich um interuniversale Kommunikation im Sinne einer Konversation.<\/p>\n\n\n\n<div class=\"wp-block-group\"><div class=\"wp-block-group__inner-container is-layout-constrained wp-block-group-is-layout-constrained\">\n<div class=\"wp-block-group has-background\" style=\"background:radial-gradient(rgba(252,185,0,0.25) 0%,rgba(255,106,0,0.11) 100%)\"><div class=\"wp-block-group__inner-container is-layout-constrained wp-block-group-is-layout-constrained\">\n<p><strong>Gutes und Sinnvolles  tun &#8211; ganz praktisch<\/strong><\/p>\n\n\n<div class=\"wp-block-image\">\n<figure class=\"aligncenter size-full is-resized\"><a href=\"https:\/\/dieter-jenz.de\/lc\/gutes-tun-ganz-praktisch\/\" target=\"_blank\" rel=\"noreferrer noopener\"><img loading=\"lazy\" decoding=\"async\" width=\"600\" height=\"450\" src=\"https:\/\/dieter-jenz.de\/lc\/wp-content\/uploads\/2023\/11\/Geschenk-mit-Text.jpeg\" alt=\"Geschenk mit Text - Gestaltung: privat\" class=\"wp-image-9969\" style=\"width:300px\" srcset=\"https:\/\/dieter-jenz.de\/lc\/wp-content\/uploads\/2023\/11\/Geschenk-mit-Text.jpeg 600w, https:\/\/dieter-jenz.de\/lc\/wp-content\/uploads\/2023\/11\/Geschenk-mit-Text-300x225.jpeg 300w, https:\/\/dieter-jenz.de\/lc\/wp-content\/uploads\/2023\/11\/Geschenk-mit-Text-540x405.jpeg 540w, https:\/\/dieter-jenz.de\/lc\/wp-content\/uploads\/2023\/11\/Geschenk-mit-Text-150x113.jpeg 150w\" sizes=\"(max-width: 600px) 100vw, 600px\" \/><\/a><figcaption class=\"wp-element-caption\">Gestaltung: privat<\/figcaption><\/figure><\/div>\n\n\n<p>Mit einem Klick auf das Bild gelangen Sie zum zugeh\u00f6rigen Text.<\/p>\n<\/div><\/div>\n<\/div><\/div>\n\n\n\n<h3 class=\"wp-block-heading\" id=\"kommunikationserfahrungen-und-wahrnehmungen\"><strong>Kommunikationserfahrungen und Wahrnehmungen<\/strong><\/h3>\n\n\n\n<p>Jede Kommunikationserfahrung ist mit Wahrnehmungen verbunden, die als starke Sinneseindr\u00fccke erlebt werden. Beispiele daf\u00fcr sind ausgepr\u00e4gte Zust\u00e4nde innerer Unruhe oder die akustische Wahrnehmung von Stimmen. Insofern etwas \u201egesehen\u201c wird, handelt es sich um Wahrnehmungen mit dem sogenannten \u201eAuge des Geistes\u201c. Dadurch unterscheiden sie sich von den visuellen Wahrnehmungen bereits Verstorbener, Engel oder anderer Wesen aus einem extrauniversalen Existenzraum im Kontext von Geistwesenkontakten. Bei diesen Geistwesenkontakten wird das \u201eSehen\u201c im Raum-Zeit-Kontinuum als real erlebt. So wird beispielsweise eine bereits verstorbene Person, nunmehr ein allochthones Geistwesen, wie eine lebende Person wahrgenommen.<\/p>\n\n\n\n<p>Aus der medizinischen Perspektive betrachtet, handelt es sich um Halluzinationen, wenn etwas wahrgenommen wird, f\u00fcr das keine nachweisbare externe Reizgrundlage vorliegt. Die nachweisbare externe Reizgrundlage ist bei Geistwesen-initiierten Botschaften generell nicht erkennbar \u2013 sie ist lediglich f\u00fcr den Empf\u00e4nger wahrnehmbar. Die Vermutung einer psychischen St\u00f6rung ist vor diesem Hintergrund nachvollziehbar.<\/p>\n\n\n\n<p>Eine Halluzination bzw. generell eine psychische St\u00f6rung ist wohl auszuschlie\u00dfen, wenn einer Wahrnehmung das Eintreten des mit der Wahrnehmung verkn\u00fcpften Ereignisses gegen\u00fcbersteht. Dies ist beispielsweise der Fall, wenn eine vor Gefahr warnende Stimme h\u00f6rbar wahrgenommen wird und das mit der Gefahr verkn\u00fcpfte Ereignis (z.&nbsp;B. Zerst\u00f6rung eines Geb\u00e4udes) tats\u00e4chlich und objektiv betrachtet eintritt. Dies gilt auch dann, wenn die Warnung zun\u00e4chst unspezifisch ist (es wird beispielsweise nur der Ruf des eigenen Vornamens geh\u00f6rt), sich die Gefahr aber sp\u00e4ter aus dem Kontext eindeutig ergibt.<\/p>\n\n\n\n<p>Bei den nachfolgend n\u00e4her ausgef\u00fchrten Ph\u00e4nomenen handelt es sich um solche, deren Erleben nicht aktiv angestrebt wurde. Die interuniversale Kommunikation wird in solchen F\u00e4llen von einem im extrauniversalen Existenzraum, dem Jenseits, existierenden Geistwesen initiiert. Insofern unterscheiden sich diese Ph\u00e4nomene beispielsweise von spiritistischen Sitzungen, bei denen der Kontakt mit extrauniversalen Geistwesen aktiv gesucht wird, die interuniversale Kommunikation also von einem Menschen initiiert wird.<\/p>\n","protected":false},"excerpt":{"rendered":"<p>Eine Taxonomie der Kommunikationserfahrungen schafft Klarheit hinsichtlich der Arten von Kommunikationserfahrungen und der Begrifflichkeit. Kommunikation bezeichnet die \u00dcbertragung oder den Austausch von Informationen, wobei Informationen als eine zusammenfassende&hellip;<\/p>\n","protected":false},"author":2,"featured_media":8150,"comment_status":"closed","ping_status":"open","sticky":false,"template":"template-full-width-only-content.php","format":"standard","meta":{"footnotes":""},"categories":[212],"tags":[],"yoast_head":"<!-- This site is optimized with the Yoast SEO plugin v24.5 - https:\/\/yoast.com\/wordpress\/plugins\/seo\/ -->\n<title>Taxonomie der Kommunikationserfahrungen<\/title>\n<meta name=\"description\" content=\"Eine Taxonomie der Kommunikationserfahrungen schafft Klarheit hinsichtlich der Arten von Kommunikationserfahrungen und der Begrifflichkeit.\" \/>\n<meta name=\"robots\" content=\"index, follow, max-snippet:-1, max-image-preview:large, max-video-preview:-1\" \/>\n<link rel=\"canonical\" href=\"https:\/\/dieter-jenz.de\/lc\/taxonomie-der-kommunikationserfahrungen\/\" \/>\n<meta property=\"og:locale\" content=\"de_DE\" \/>\n<meta property=\"og:type\" content=\"article\" \/>\n<meta property=\"og:title\" content=\"Taxonomie der Kommunikationserfahrungen\" \/>\n<meta property=\"og:description\" content=\"Eine Taxonomie der Kommunikationserfahrungen schafft Klarheit hinsichtlich der Arten von Kommunikationserfahrungen und der Begrifflichkeit.\" \/>\n<meta property=\"og:url\" content=\"https:\/\/dieter-jenz.de\/lc\/taxonomie-der-kommunikationserfahrungen\/\" \/>\n<meta property=\"og:site_name\" content=\"Dieter Jenz, Begleitung und Coaching\" \/>\n<meta property=\"article:publisher\" content=\"https:\/\/www.facebook.com\/dieter.jenz.inspiration\" \/>\n<meta property=\"article:author\" content=\"https:\/\/www.facebook.com\/dieter.jenz.inspiration\" \/>\n<meta property=\"article:published_time\" content=\"2023-02-16T11:00:00+00:00\" \/>\n<meta property=\"article:modified_time\" content=\"2024-07-19T09:47:34+00:00\" \/>\n<meta property=\"og:image\" content=\"https:\/\/dieter-jenz.de\/lc\/wp-content\/uploads\/2023\/02\/Beitragsbild-Taxonomie-der-Kommunikationserfahrungen.jpeg\" \/>\n\t<meta property=\"og:image:width\" content=\"800\" \/>\n\t<meta property=\"og:image:height\" content=\"800\" \/>\n\t<meta property=\"og:image:type\" content=\"image\/jpeg\" \/>\n<meta name=\"author\" content=\"Dieter Jenz\" \/>\n<meta name=\"twitter:card\" content=\"summary_large_image\" \/>\n<meta name=\"twitter:creator\" content=\"@https:\/\/twitter.com\/dieterjenz\" \/>\n<meta name=\"twitter:site\" content=\"@dieterjenz\" \/>\n<meta name=\"twitter:label1\" content=\"Verfasst von\" \/>\n\t<meta name=\"twitter:data1\" content=\"Dieter Jenz\" \/>\n\t<meta name=\"twitter:label2\" content=\"Gesch\u00e4tzte Lesezeit\" \/>\n\t<meta name=\"twitter:data2\" content=\"12\u00a0Minuten\" \/>\n<script type=\"application\/ld+json\" class=\"yoast-schema-graph\">{\"@context\":\"https:\/\/schema.org\",\"@graph\":[{\"@type\":\"Article\",\"@id\":\"https:\/\/dieter-jenz.de\/lc\/taxonomie-der-kommunikationserfahrungen\/#article\",\"isPartOf\":{\"@id\":\"https:\/\/dieter-jenz.de\/lc\/taxonomie-der-kommunikationserfahrungen\/\"},\"author\":{\"name\":\"Dieter Jenz\",\"@id\":\"https:\/\/dieter-jenz.de\/lc\/#\/schema\/person\/618cfd5c289d0a23930cb258a43679ab\"},\"headline\":\"Taxonomie der Kommunikationserfahrungen\",\"datePublished\":\"2023-02-16T11:00:00+00:00\",\"dateModified\":\"2024-07-19T09:47:34+00:00\",\"mainEntityOfPage\":{\"@id\":\"https:\/\/dieter-jenz.de\/lc\/taxonomie-der-kommunikationserfahrungen\/\"},\"wordCount\":1751,\"publisher\":{\"@id\":\"https:\/\/dieter-jenz.de\/lc\/#\/schema\/person\/618cfd5c289d0a23930cb258a43679ab\"},\"image\":{\"@id\":\"https:\/\/dieter-jenz.de\/lc\/taxonomie-der-kommunikationserfahrungen\/#primaryimage\"},\"thumbnailUrl\":\"https:\/\/dieter-jenz.de\/lc\/wp-content\/uploads\/2023\/02\/Beitragsbild-Taxonomie-der-Kommunikationserfahrungen.jpeg\",\"articleSection\":[\"Lebensfragen\"],\"inLanguage\":\"de\"},{\"@type\":\"WebPage\",\"@id\":\"https:\/\/dieter-jenz.de\/lc\/taxonomie-der-kommunikationserfahrungen\/\",\"url\":\"https:\/\/dieter-jenz.de\/lc\/taxonomie-der-kommunikationserfahrungen\/\",\"name\":\"Taxonomie der Kommunikationserfahrungen\",\"isPartOf\":{\"@id\":\"https:\/\/dieter-jenz.de\/lc\/#website\"},\"primaryImageOfPage\":{\"@id\":\"https:\/\/dieter-jenz.de\/lc\/taxonomie-der-kommunikationserfahrungen\/#primaryimage\"},\"image\":{\"@id\":\"https:\/\/dieter-jenz.de\/lc\/taxonomie-der-kommunikationserfahrungen\/#primaryimage\"},\"thumbnailUrl\":\"https:\/\/dieter-jenz.de\/lc\/wp-content\/uploads\/2023\/02\/Beitragsbild-Taxonomie-der-Kommunikationserfahrungen.jpeg\",\"datePublished\":\"2023-02-16T11:00:00+00:00\",\"dateModified\":\"2024-07-19T09:47:34+00:00\",\"description\":\"Eine Taxonomie der Kommunikationserfahrungen schafft Klarheit hinsichtlich der Arten von Kommunikationserfahrungen und der Begrifflichkeit.\",\"breadcrumb\":{\"@id\":\"https:\/\/dieter-jenz.de\/lc\/taxonomie-der-kommunikationserfahrungen\/#breadcrumb\"},\"inLanguage\":\"de\",\"potentialAction\":[{\"@type\":\"ReadAction\",\"target\":[\"https:\/\/dieter-jenz.de\/lc\/taxonomie-der-kommunikationserfahrungen\/\"]}]},{\"@type\":\"ImageObject\",\"inLanguage\":\"de\",\"@id\":\"https:\/\/dieter-jenz.de\/lc\/taxonomie-der-kommunikationserfahrungen\/#primaryimage\",\"url\":\"https:\/\/dieter-jenz.de\/lc\/wp-content\/uploads\/2023\/02\/Beitragsbild-Taxonomie-der-Kommunikationserfahrungen.jpeg\",\"contentUrl\":\"https:\/\/dieter-jenz.de\/lc\/wp-content\/uploads\/2023\/02\/Beitragsbild-Taxonomie-der-Kommunikationserfahrungen.jpeg\",\"width\":800,\"height\":800,\"caption\":\"Gestaltung: privat\"},{\"@type\":\"BreadcrumbList\",\"@id\":\"https:\/\/dieter-jenz.de\/lc\/taxonomie-der-kommunikationserfahrungen\/#breadcrumb\",\"itemListElement\":[{\"@type\":\"ListItem\",\"position\":1,\"name\":\"Home\",\"item\":\"https:\/\/dieter-jenz.de\/lc\/\"},{\"@type\":\"ListItem\",\"position\":2,\"name\":\"Lebensfragen\",\"item\":\"https:\/\/dieter-jenz.de\/lc\/category\/lebensfragen\/\"},{\"@type\":\"ListItem\",\"position\":3,\"name\":\"Taxonomie der Kommunikationserfahrungen\"}]},{\"@type\":\"WebSite\",\"@id\":\"https:\/\/dieter-jenz.de\/lc\/#website\",\"url\":\"https:\/\/dieter-jenz.de\/lc\/\",\"name\":\"Dieter Jenz, Begleitung und Coaching\",\"description\":\"Die andere, neue Sichtweise entdecken - auftanken - neue Wege gehen\",\"publisher\":{\"@id\":\"https:\/\/dieter-jenz.de\/lc\/#\/schema\/person\/618cfd5c289d0a23930cb258a43679ab\"},\"potentialAction\":[{\"@type\":\"SearchAction\",\"target\":{\"@type\":\"EntryPoint\",\"urlTemplate\":\"https:\/\/dieter-jenz.de\/lc\/?s={search_term_string}\"},\"query-input\":{\"@type\":\"PropertyValueSpecification\",\"valueRequired\":true,\"valueName\":\"search_term_string\"}}],\"inLanguage\":\"de\"},{\"@type\":[\"Person\",\"Organization\"],\"@id\":\"https:\/\/dieter-jenz.de\/lc\/#\/schema\/person\/618cfd5c289d0a23930cb258a43679ab\",\"name\":\"Dieter Jenz\",\"image\":{\"@type\":\"ImageObject\",\"inLanguage\":\"de\",\"@id\":\"https:\/\/dieter-jenz.de\/lc\/#\/schema\/person\/image\/\",\"url\":\"https:\/\/dieter-jenz.de\/lc\/wp-content\/uploads\/2020\/01\/Logo-Coaching-und-Begleitung.png\",\"contentUrl\":\"https:\/\/dieter-jenz.de\/lc\/wp-content\/uploads\/2020\/01\/Logo-Coaching-und-Begleitung.png\",\"width\":320,\"height\":240,\"caption\":\"Dieter Jenz\"},\"logo\":{\"@id\":\"https:\/\/dieter-jenz.de\/lc\/#\/schema\/person\/image\/\"},\"description\":\"Ich bin Dieter Jenz, Begleiter, Berater und Coach mit Leidenschaft. \u00dcber viele Jahre hinweg habe ich einen reichen Schatz an Kompetenz und Erfahrung erworben. Meine Themen sind die \\\"4L\\\": Lebensaufgabe, Lebensplanung, Lebensnavigation und Lebensqualit\u00e4t.\",\"sameAs\":[\"https:\/\/www.facebook.com\/dieter.jenz.inspiration\",\"https:\/\/www.pinterest.de\/dieterjenz\/\",\"https:\/\/x.com\/https:\/\/twitter.com\/dieterjenz\"],\"url\":\"https:\/\/dieter-jenz.de\/lc\/author\/dieter\/\"}]}<\/script>\n<!-- \/ Yoast SEO plugin. -->","yoast_head_json":{"title":"Taxonomie der Kommunikationserfahrungen","description":"Eine Taxonomie der Kommunikationserfahrungen schafft Klarheit hinsichtlich der Arten von Kommunikationserfahrungen und der Begrifflichkeit.","robots":{"index":"index","follow":"follow","max-snippet":"max-snippet:-1","max-image-preview":"max-image-preview:large","max-video-preview":"max-video-preview:-1"},"canonical":"https:\/\/dieter-jenz.de\/lc\/taxonomie-der-kommunikationserfahrungen\/","og_locale":"de_DE","og_type":"article","og_title":"Taxonomie der Kommunikationserfahrungen","og_description":"Eine Taxonomie der Kommunikationserfahrungen schafft Klarheit hinsichtlich der Arten von Kommunikationserfahrungen und der Begrifflichkeit.","og_url":"https:\/\/dieter-jenz.de\/lc\/taxonomie-der-kommunikationserfahrungen\/","og_site_name":"Dieter Jenz, Begleitung und Coaching","article_publisher":"https:\/\/www.facebook.com\/dieter.jenz.inspiration","article_author":"https:\/\/www.facebook.com\/dieter.jenz.inspiration","article_published_time":"2023-02-16T11:00:00+00:00","article_modified_time":"2024-07-19T09:47:34+00:00","og_image":[{"width":800,"height":800,"url":"https:\/\/dieter-jenz.de\/lc\/wp-content\/uploads\/2023\/02\/Beitragsbild-Taxonomie-der-Kommunikationserfahrungen.jpeg","type":"image\/jpeg"}],"author":"Dieter Jenz","twitter_card":"summary_large_image","twitter_creator":"@https:\/\/twitter.com\/dieterjenz","twitter_site":"@dieterjenz","twitter_misc":{"Verfasst von":"Dieter Jenz","Gesch\u00e4tzte Lesezeit":"12\u00a0Minuten"},"schema":{"@context":"https:\/\/schema.org","@graph":[{"@type":"Article","@id":"https:\/\/dieter-jenz.de\/lc\/taxonomie-der-kommunikationserfahrungen\/#article","isPartOf":{"@id":"https:\/\/dieter-jenz.de\/lc\/taxonomie-der-kommunikationserfahrungen\/"},"author":{"name":"Dieter Jenz","@id":"https:\/\/dieter-jenz.de\/lc\/#\/schema\/person\/618cfd5c289d0a23930cb258a43679ab"},"headline":"Taxonomie der Kommunikationserfahrungen","datePublished":"2023-02-16T11:00:00+00:00","dateModified":"2024-07-19T09:47:34+00:00","mainEntityOfPage":{"@id":"https:\/\/dieter-jenz.de\/lc\/taxonomie-der-kommunikationserfahrungen\/"},"wordCount":1751,"publisher":{"@id":"https:\/\/dieter-jenz.de\/lc\/#\/schema\/person\/618cfd5c289d0a23930cb258a43679ab"},"image":{"@id":"https:\/\/dieter-jenz.de\/lc\/taxonomie-der-kommunikationserfahrungen\/#primaryimage"},"thumbnailUrl":"https:\/\/dieter-jenz.de\/lc\/wp-content\/uploads\/2023\/02\/Beitragsbild-Taxonomie-der-Kommunikationserfahrungen.jpeg","articleSection":["Lebensfragen"],"inLanguage":"de"},{"@type":"WebPage","@id":"https:\/\/dieter-jenz.de\/lc\/taxonomie-der-kommunikationserfahrungen\/","url":"https:\/\/dieter-jenz.de\/lc\/taxonomie-der-kommunikationserfahrungen\/","name":"Taxonomie der Kommunikationserfahrungen","isPartOf":{"@id":"https:\/\/dieter-jenz.de\/lc\/#website"},"primaryImageOfPage":{"@id":"https:\/\/dieter-jenz.de\/lc\/taxonomie-der-kommunikationserfahrungen\/#primaryimage"},"image":{"@id":"https:\/\/dieter-jenz.de\/lc\/taxonomie-der-kommunikationserfahrungen\/#primaryimage"},"thumbnailUrl":"https:\/\/dieter-jenz.de\/lc\/wp-content\/uploads\/2023\/02\/Beitragsbild-Taxonomie-der-Kommunikationserfahrungen.jpeg","datePublished":"2023-02-16T11:00:00+00:00","dateModified":"2024-07-19T09:47:34+00:00","description":"Eine Taxonomie der Kommunikationserfahrungen schafft Klarheit hinsichtlich der Arten von Kommunikationserfahrungen und der Begrifflichkeit.","breadcrumb":{"@id":"https:\/\/dieter-jenz.de\/lc\/taxonomie-der-kommunikationserfahrungen\/#breadcrumb"},"inLanguage":"de","potentialAction":[{"@type":"ReadAction","target":["https:\/\/dieter-jenz.de\/lc\/taxonomie-der-kommunikationserfahrungen\/"]}]},{"@type":"ImageObject","inLanguage":"de","@id":"https:\/\/dieter-jenz.de\/lc\/taxonomie-der-kommunikationserfahrungen\/#primaryimage","url":"https:\/\/dieter-jenz.de\/lc\/wp-content\/uploads\/2023\/02\/Beitragsbild-Taxonomie-der-Kommunikationserfahrungen.jpeg","contentUrl":"https:\/\/dieter-jenz.de\/lc\/wp-content\/uploads\/2023\/02\/Beitragsbild-Taxonomie-der-Kommunikationserfahrungen.jpeg","width":800,"height":800,"caption":"Gestaltung: privat"},{"@type":"BreadcrumbList","@id":"https:\/\/dieter-jenz.de\/lc\/taxonomie-der-kommunikationserfahrungen\/#breadcrumb","itemListElement":[{"@type":"ListItem","position":1,"name":"Home","item":"https:\/\/dieter-jenz.de\/lc\/"},{"@type":"ListItem","position":2,"name":"Lebensfragen","item":"https:\/\/dieter-jenz.de\/lc\/category\/lebensfragen\/"},{"@type":"ListItem","position":3,"name":"Taxonomie der Kommunikationserfahrungen"}]},{"@type":"WebSite","@id":"https:\/\/dieter-jenz.de\/lc\/#website","url":"https:\/\/dieter-jenz.de\/lc\/","name":"Dieter Jenz, Begleitung und Coaching","description":"Die andere, neue Sichtweise entdecken - auftanken - neue Wege gehen","publisher":{"@id":"https:\/\/dieter-jenz.de\/lc\/#\/schema\/person\/618cfd5c289d0a23930cb258a43679ab"},"potentialAction":[{"@type":"SearchAction","target":{"@type":"EntryPoint","urlTemplate":"https:\/\/dieter-jenz.de\/lc\/?s={search_term_string}"},"query-input":{"@type":"PropertyValueSpecification","valueRequired":true,"valueName":"search_term_string"}}],"inLanguage":"de"},{"@type":["Person","Organization"],"@id":"https:\/\/dieter-jenz.de\/lc\/#\/schema\/person\/618cfd5c289d0a23930cb258a43679ab","name":"Dieter Jenz","image":{"@type":"ImageObject","inLanguage":"de","@id":"https:\/\/dieter-jenz.de\/lc\/#\/schema\/person\/image\/","url":"https:\/\/dieter-jenz.de\/lc\/wp-content\/uploads\/2020\/01\/Logo-Coaching-und-Begleitung.png","contentUrl":"https:\/\/dieter-jenz.de\/lc\/wp-content\/uploads\/2020\/01\/Logo-Coaching-und-Begleitung.png","width":320,"height":240,"caption":"Dieter Jenz"},"logo":{"@id":"https:\/\/dieter-jenz.de\/lc\/#\/schema\/person\/image\/"},"description":"Ich bin Dieter Jenz, Begleiter, Berater und Coach mit Leidenschaft. \u00dcber viele Jahre hinweg habe ich einen reichen Schatz an Kompetenz und Erfahrung erworben. Meine Themen sind die \"4L\": Lebensaufgabe, Lebensplanung, Lebensnavigation und Lebensqualit\u00e4t.","sameAs":["https:\/\/www.facebook.com\/dieter.jenz.inspiration","https:\/\/www.pinterest.de\/dieterjenz\/","https:\/\/x.com\/https:\/\/twitter.com\/dieterjenz"],"url":"https:\/\/dieter-jenz.de\/lc\/author\/dieter\/"}]}},"_links":{"self":[{"href":"https:\/\/dieter-jenz.de\/lc\/wp-json\/wp\/v2\/posts\/8151"}],"collection":[{"href":"https:\/\/dieter-jenz.de\/lc\/wp-json\/wp\/v2\/posts"}],"about":[{"href":"https:\/\/dieter-jenz.de\/lc\/wp-json\/wp\/v2\/types\/post"}],"author":[{"embeddable":true,"href":"https:\/\/dieter-jenz.de\/lc\/wp-json\/wp\/v2\/users\/2"}],"replies":[{"embeddable":true,"href":"https:\/\/dieter-jenz.de\/lc\/wp-json\/wp\/v2\/comments?post=8151"}],"version-history":[{"count":8,"href":"https:\/\/dieter-jenz.de\/lc\/wp-json\/wp\/v2\/posts\/8151\/revisions"}],"predecessor-version":[{"id":12008,"href":"https:\/\/dieter-jenz.de\/lc\/wp-json\/wp\/v2\/posts\/8151\/revisions\/12008"}],"wp:featuredmedia":[{"embeddable":true,"href":"https:\/\/dieter-jenz.de\/lc\/wp-json\/wp\/v2\/media\/8150"}],"wp:attachment":[{"href":"https:\/\/dieter-jenz.de\/lc\/wp-json\/wp\/v2\/media?parent=8151"}],"wp:term":[{"taxonomy":"category","embeddable":true,"href":"https:\/\/dieter-jenz.de\/lc\/wp-json\/wp\/v2\/categories?post=8151"},{"taxonomy":"post_tag","embeddable":true,"href":"https:\/\/dieter-jenz.de\/lc\/wp-json\/wp\/v2\/tags?post=8151"}],"curies":[{"name":"wp","href":"https:\/\/api.w.org\/{rel}","templated":true}]}}