{"id":8455,"date":"2023-03-16T08:00:00","date_gmt":"2023-03-16T07:00:00","guid":{"rendered":"https:\/\/dieter-jenz.de\/lc\/?p=8455"},"modified":"2023-03-20T10:05:26","modified_gmt":"2023-03-20T09:05:26","slug":"reinkarnation-irrige-vorstellung-oder-plausibel","status":"publish","type":"post","link":"https:\/\/dieter-jenz.de\/lc\/reinkarnation-irrige-vorstellung-oder-plausibel\/","title":{"rendered":"Reinkarnation \u2013 Irrige Vorstellung oder plausibel?"},"content":{"rendered":"<div class=\"yoast-breadcrumbs\"><span><span><a href=\"https:\/\/dieter-jenz.de\/lc\/\">Home<\/a><\/span> \u00bb <span><a href=\"https:\/\/dieter-jenz.de\/lc\/category\/lebensfragen\/\">Lebensfragen<\/a><\/span> \u00bb <span class=\"breadcrumb_last\" aria-current=\"page\"><strong>Reinkarnation \u2013 Irrige Vorstellung oder plausibel?<\/strong><\/span><\/span><\/div>\n\n\n<div style=\"height:50px\" aria-hidden=\"true\" class=\"wp-block-spacer\"><\/div>\n\n\n\n<p>Folgt das Konzept der Reinkarnation einer irrigen Vorstellung oder erweist es sich bei kritischer \u00dcberpr\u00fcfung als plausibel? Als plausibel erscheint das Konzept dann, wenn es sich als widerspruchsfrei, schl\u00fcssig, \u00fcberzeugend und nachvollziehbar erweist.<\/p>\n\n\n\n<p><strong>Inhalte:<\/strong><\/p>\n\n\n\n<nav class=\"wp-block-table-of-contents\"><ol><li><a class=\"wp-block-table-of-contents__entry\" href=\"https:\/\/dieter-jenz.de\/lc\/reinkarnation-irrige-vorstellung-oder-plausibel\/#einflussfaktoren\">Einflussfaktoren<\/a><ol><li><a class=\"wp-block-table-of-contents__entry\" href=\"https:\/\/dieter-jenz.de\/lc\/reinkarnation-irrige-vorstellung-oder-plausibel\/#genetik\">Genetik<\/a><\/li><li><a class=\"wp-block-table-of-contents__entry\" href=\"https:\/\/dieter-jenz.de\/lc\/reinkarnation-irrige-vorstellung-oder-plausibel\/#einflusse-wahrend-der-fruhen-kindheit\">Einfl\u00fcsse w\u00e4hrend der fr\u00fchen Kindheit<\/a><\/li><li><a class=\"wp-block-table-of-contents__entry\" href=\"https:\/\/dieter-jenz.de\/lc\/reinkarnation-irrige-vorstellung-oder-plausibel\/#demografische-entwicklung\">Demografische Entwicklung<\/a><ol><li><a class=\"wp-block-table-of-contents__entry\" href=\"https:\/\/dieter-jenz.de\/lc\/reinkarnation-irrige-vorstellung-oder-plausibel\/#bevolkerungswachstum-und-ruckgang\">Bev\u00f6lkerungswachstum und \u2011r\u00fcckgang<\/a><\/li><li><a class=\"wp-block-table-of-contents__entry\" href=\"https:\/\/dieter-jenz.de\/lc\/reinkarnation-irrige-vorstellung-oder-plausibel\/#bevolkerungsverteilung-nach-weltregionen\">Bev\u00f6lkerungsverteilung nach Weltregionen<\/a><\/li><\/ol><\/li><\/ol><\/li><li><a class=\"wp-block-table-of-contents__entry\" href=\"https:\/\/dieter-jenz.de\/lc\/reinkarnation-irrige-vorstellung-oder-plausibel\/#notwendige-bedingungen\">Notwendige Bedingungen<\/a><ol><li><a class=\"wp-block-table-of-contents__entry\" href=\"https:\/\/dieter-jenz.de\/lc\/reinkarnation-irrige-vorstellung-oder-plausibel\/#geeignete-wirtseltern\">Geeignete Wirtseltern<\/a><\/li><li><a class=\"wp-block-table-of-contents__entry\" href=\"https:\/\/dieter-jenz.de\/lc\/reinkarnation-irrige-vorstellung-oder-plausibel\/#vermittlung-der-lernziele\">Vermittlung der Lernziele<\/a><\/li><\/ol><\/li><li><a class=\"wp-block-table-of-contents__entry\" href=\"https:\/\/dieter-jenz.de\/lc\/reinkarnation-irrige-vorstellung-oder-plausibel\/#erinnerung-an-vergangene-inkarnationen\">Erinnerung an vergangene Inkarnationen<\/a><ol><li><a class=\"wp-block-table-of-contents__entry\" href=\"https:\/\/dieter-jenz.de\/lc\/reinkarnation-irrige-vorstellung-oder-plausibel\/#argumente-gegen-ein-lokales-gedachtnis\">Argumente gegen ein lokales Ged\u00e4chtnis<\/a><ol><li><a class=\"wp-block-table-of-contents__entry\" href=\"https:\/\/dieter-jenz.de\/lc\/reinkarnation-irrige-vorstellung-oder-plausibel\/#funktionsstorungen-im-gehirn\">Funktionsst\u00f6rungen im Gehirn<\/a><\/li><li><a class=\"wp-block-table-of-contents__entry\" href=\"https:\/\/dieter-jenz.de\/lc\/reinkarnation-irrige-vorstellung-oder-plausibel\/#zugang-zum-bewusstsein\">Zugang zum Bewusstsein<\/a><\/li><\/ol><\/li><li><a class=\"wp-block-table-of-contents__entry\" href=\"https:\/\/dieter-jenz.de\/lc\/reinkarnation-irrige-vorstellung-oder-plausibel\/#konzept-des-aggregierten-nichtlokalen-gedachtnisses\">Konzept des aggregierten nichtlokalen Ged\u00e4chtnisses<\/a><\/li><\/ol><\/li><li><a class=\"wp-block-table-of-contents__entry\" href=\"https:\/\/dieter-jenz.de\/lc\/reinkarnation-irrige-vorstellung-oder-plausibel\/#hoherentwicklung-ein-realitatscheck\">H\u00f6herentwicklung? \u2013 ein Realit\u00e4tscheck<\/a><ol><li><a class=\"wp-block-table-of-contents__entry\" href=\"https:\/\/dieter-jenz.de\/lc\/reinkarnation-irrige-vorstellung-oder-plausibel\/#gesellschaftliche-entwicklung\">Gesellschaftliche Entwicklung<\/a><\/li><li><a class=\"wp-block-table-of-contents__entry\" href=\"https:\/\/dieter-jenz.de\/lc\/reinkarnation-irrige-vorstellung-oder-plausibel\/#wertigkeit-des-lebens\">Wertigkeit des Lebens<\/a><\/li><\/ol><\/li><li><a class=\"wp-block-table-of-contents__entry\" href=\"https:\/\/dieter-jenz.de\/lc\/reinkarnation-irrige-vorstellung-oder-plausibel\/#folgerungen\">Folgerungen<\/a><\/li><\/ol><\/nav>\n\n\n\n<div class=\"wp-block-media-text is-stacked-on-mobile has-background-background-color has-background\" style=\"grid-template-columns:15% auto\"><figure class=\"wp-block-media-text__media\"><a href=\"https:\/\/dieter-jenz.de\/lc\/was-geschieht-mit-mir-wenn-ich-sterbe\/\"><img loading=\"lazy\" decoding=\"async\" width=\"800\" height=\"800\" src=\"https:\/\/dieter-jenz.de\/lc\/wp-content\/uploads\/2022\/03\/Beitragsbild-Was-geschieht-mit-mir-wenn-ich-sterbe.jpeg\" alt=\"Was geschieht mit mir wenn ich sterbe - Gestaltung: privat\" class=\"wp-image-7029 size-full\" srcset=\"https:\/\/dieter-jenz.de\/lc\/wp-content\/uploads\/2022\/03\/Beitragsbild-Was-geschieht-mit-mir-wenn-ich-sterbe.jpeg 800w, https:\/\/dieter-jenz.de\/lc\/wp-content\/uploads\/2022\/03\/Beitragsbild-Was-geschieht-mit-mir-wenn-ich-sterbe-300x300.jpeg 300w, https:\/\/dieter-jenz.de\/lc\/wp-content\/uploads\/2022\/03\/Beitragsbild-Was-geschieht-mit-mir-wenn-ich-sterbe-150x150.jpeg 150w, https:\/\/dieter-jenz.de\/lc\/wp-content\/uploads\/2022\/03\/Beitragsbild-Was-geschieht-mit-mir-wenn-ich-sterbe-768x768.jpeg 768w, https:\/\/dieter-jenz.de\/lc\/wp-content\/uploads\/2022\/03\/Beitragsbild-Was-geschieht-mit-mir-wenn-ich-sterbe-540x540.jpeg 540w\" sizes=\"(max-width: 800px) 100vw, 800px\" \/><\/a><\/figure><div class=\"wp-block-media-text__content\">\n<p class=\"has-border-background-color has-background has-normal-font-size\">Dieser Beitrag ist Teil der Serie &#8222;<em>Was geschieht mit mir wenn ich sterbe?<\/em>&#8220; <br>Grobes <a href=\"https:\/\/dieter-jenz.de\/lc\/was-geschieht-mit-mir-wenn-ich-sterbe\/\" target=\"_blank\" rel=\"noreferrer noopener\">Inhaltsverzeichnis<\/a><\/p>\n<\/div><\/div>\n\n\n\n<p class=\"has-border-background-color has-background\">Die in diesem Beitrag verwendeten Akronyme werden im <a href=\"https:\/\/dieter-jenz.de\/lc\/der-zyklische-reinkarnationsprozess-wie-ist-er-vorstellbar\/\">vorhergehenden Beitrag<\/a> definiert und erl\u00e4utert.<\/p>\n\n\n\n<h3 class=\"wp-block-heading\" id=\"einflussfaktoren\"><strong>Einflussfaktoren<\/strong><\/h3>\n\n\n\n<p>Auf den Reinkarnationsprozess wirken einige Einflussfaktoren, die bei dessen Betrachtung keinesfalls unber\u00fccksichtigt bleiben d\u00fcrfen. Insbesondere die Genetik, die fr\u00fchkindliche Entwicklung und die weltweite demografische Entwicklung spielen wichtige Rollen.<\/p>\n\n\n<div class=\"su-box su-box-style-default\" id=\"\" style=\"border-color:#000000;border-radius:3px;\"><div class=\"su-box-title\" style=\"background-color:#333333;color:#FFFFFF;border-top-left-radius:1px;border-top-right-radius:1px\">Letzte Beitr\u00e4ge <\/div><div class=\"su-box-content su-u-clearfix su-u-trim\" style=\"border-bottom-left-radius:1px;border-bottom-right-radius:1px\"><div class=\"su-expand su-expand-collapsed su-expand-link-style-default\" data-height=\"100\"><div class=\"su-expand-content su-u-trim\" style=\"color:#333333;max-height:100px;overflow:hidden\">\n\n<div class=\"su-posts su-posts-teaser-loop \">\n\n\t\t\t\t\t\t\n\t\t\t\n\t\t\t<div id=\"su-post-12357\" class=\"su-post \">\n\t\t\t\t\t\t\t\t\t<a class=\"su-post-thumbnail\" href=\"https:\/\/dieter-jenz.de\/lc\/die-realitaet-das-individuelle-selbst-befindet-sich-nicht-im-gehirn\/\"><img loading=\"lazy\" decoding=\"async\" width=\"800\" height=\"800\" src=\"https:\/\/dieter-jenz.de\/lc\/wp-content\/uploads\/2024\/11\/Beitragsbild-Realitaet-Individuelles-Selbst-nicht-im-Gehirn.jpeg\" class=\"attachment-post-thumbnail size-post-thumbnail wp-post-image\" alt=\"Realit\u00e4t Das individuelle Selbst befindet sich nicht im Gehirn - Gestaltung: privat\" \/><\/a>\n\t\t\t\t\t\t\t\t<h2 class=\"su-post-title\"><a href=\"https:\/\/dieter-jenz.de\/lc\/die-realitaet-das-individuelle-selbst-befindet-sich-nicht-im-gehirn\/\">Die Realit\u00e4t: Das individuelle Selbst befindet sich nicht im Gehirn<\/a><\/h2>\n\t\t\t<\/div>\n\n\t\t\t\t\t\n\t\t\t\n\t\t\t<div id=\"su-post-12328\" class=\"su-post \">\n\t\t\t\t\t\t\t\t\t<a class=\"su-post-thumbnail\" href=\"https:\/\/dieter-jenz.de\/lc\/verifikation-der-eis-hypothese-ungewoehnliche-erinnerungen\/\"><img loading=\"lazy\" decoding=\"async\" width=\"800\" height=\"800\" src=\"https:\/\/dieter-jenz.de\/lc\/wp-content\/uploads\/2024\/11\/Beitragsbild-Verifikation-EIS-Hypothese-Ungewoehnliche-Erinnerungen.jpeg\" class=\"attachment-post-thumbnail size-post-thumbnail wp-post-image\" alt=\"Verifikation frt EIS-Hypothese: Ungew\u00f6hnliche Erinnerungen - Gestaltung: privat\" \/><\/a>\n\t\t\t\t\t\t\t\t<h2 class=\"su-post-title\"><a href=\"https:\/\/dieter-jenz.de\/lc\/verifikation-der-eis-hypothese-ungewoehnliche-erinnerungen\/\">Verifikation der EIS-Hypothese: Ungew\u00f6hnliche Erinnerungen<\/a><\/h2>\n\t\t\t<\/div>\n\n\t\t\t\t\t\n\t\t\t\n\t\t\t<div id=\"su-post-12313\" class=\"su-post \">\n\t\t\t\t\t\t\t\t\t<a class=\"su-post-thumbnail\" href=\"https:\/\/dieter-jenz.de\/lc\/verifikation-der-eis-hypothese-terminale-geistesklarheit\/\"><img loading=\"lazy\" decoding=\"async\" width=\"800\" height=\"800\" src=\"https:\/\/dieter-jenz.de\/lc\/wp-content\/uploads\/2024\/11\/Beitragsbild-Verifikation-EIS-Hypothese-Terminale-Geistesklarheit.jpeg\" class=\"attachment-post-thumbnail size-post-thumbnail wp-post-image\" alt=\"Verifikation der EIS-Hypothese: Terminale Geistesklarheit - Gestaltung: privat\" \/><\/a>\n\t\t\t\t\t\t\t\t<h2 class=\"su-post-title\"><a href=\"https:\/\/dieter-jenz.de\/lc\/verifikation-der-eis-hypothese-terminale-geistesklarheit\/\">Verifikation der EIS-Hypothese: Terminale Geistesklarheit<\/a><\/h2>\n\t\t\t<\/div>\n\n\t\t\t\t\t\n\t\t\t\n\t\t\t<div id=\"su-post-12248\" class=\"su-post \">\n\t\t\t\t\t\t\t\t\t<a class=\"su-post-thumbnail\" href=\"https:\/\/dieter-jenz.de\/lc\/verifikation-der-eis-hypothese-nahtoderfahrung\/\"><img loading=\"lazy\" decoding=\"async\" width=\"800\" height=\"800\" src=\"https:\/\/dieter-jenz.de\/lc\/wp-content\/uploads\/2024\/10\/Beitragsbild-Verifikation-EIS-Hypothese-Nahtoderfahrung.jpeg\" class=\"attachment-post-thumbnail size-post-thumbnail wp-post-image\" alt=\"Verifikation der EIS-Hypothese: Nahtoderfahrung - Gestaltung: privat\" \/><\/a>\n\t\t\t\t\t\t\t\t<h2 class=\"su-post-title\"><a href=\"https:\/\/dieter-jenz.de\/lc\/verifikation-der-eis-hypothese-nahtoderfahrung\/\">Verifikation der EIS-Hypothese: Nahtoderfahrung<\/a><\/h2>\n\t\t\t<\/div>\n\n\t\t\t\t\t\n\t\t\t\n\t\t\t<div id=\"su-post-12193\" class=\"su-post \">\n\t\t\t\t\t\t\t\t\t<a class=\"su-post-thumbnail\" href=\"https:\/\/dieter-jenz.de\/lc\/das-losloesungsszenario-ist-es-plausibel\/\"><img loading=\"lazy\" decoding=\"async\" width=\"800\" height=\"800\" src=\"https:\/\/dieter-jenz.de\/lc\/wp-content\/uploads\/2024\/09\/Beitragsbild-Losloesungsszenario.jpeg\" class=\"attachment-post-thumbnail size-post-thumbnail wp-post-image\" alt=\"Losl\u00f6sungsszenario - Gestaltung: privat\" \/><\/a>\n\t\t\t\t\t\t\t\t<h2 class=\"su-post-title\"><a href=\"https:\/\/dieter-jenz.de\/lc\/das-losloesungsszenario-ist-es-plausibel\/\">Das Losl\u00f6sungsszenario &#8211; ist es plausibel?<\/a><\/h2>\n\t\t\t<\/div>\n\n\t\t\t\t\t\n\t\t\t\n\t\t\t<div id=\"su-post-12174\" class=\"su-post \">\n\t\t\t\t\t\t\t\t\t<a class=\"su-post-thumbnail\" href=\"https:\/\/dieter-jenz.de\/lc\/das-evakuierungsszenario-ist-es-plausibel\/\"><img loading=\"lazy\" decoding=\"async\" width=\"800\" height=\"800\" src=\"https:\/\/dieter-jenz.de\/lc\/wp-content\/uploads\/2024\/09\/Beitragsbild-Evakuierungsszenario.jpeg\" class=\"attachment-post-thumbnail size-post-thumbnail wp-post-image\" alt=\"Evakuierungsszenario - Gestaltung: privat\" \/><\/a>\n\t\t\t\t\t\t\t\t<h2 class=\"su-post-title\"><a href=\"https:\/\/dieter-jenz.de\/lc\/das-evakuierungsszenario-ist-es-plausibel\/\">Das Evakuierungsszenario &#8211; ist es plausibel?<\/a><\/h2>\n\t\t\t<\/div>\n\n\t\t\t\t\t\n\t\t\t\n\t\t\t<div id=\"su-post-12136\" class=\"su-post \">\n\t\t\t\t\t\t\t\t\t<a class=\"su-post-thumbnail\" href=\"https:\/\/dieter-jenz.de\/lc\/das-erloeschungsszenario-ist-es-plausibel\/\"><img loading=\"lazy\" decoding=\"async\" width=\"800\" height=\"800\" src=\"https:\/\/dieter-jenz.de\/lc\/wp-content\/uploads\/2024\/09\/Beitragsbild-Erloeschungsszenario.jpeg\" class=\"attachment-post-thumbnail size-post-thumbnail wp-post-image\" alt=\"Erl\u00f6schungsszenario - Gestaltung: privat\" \/><\/a>\n\t\t\t\t\t\t\t\t<h2 class=\"su-post-title\"><a href=\"https:\/\/dieter-jenz.de\/lc\/das-erloeschungsszenario-ist-es-plausibel\/\">Das Erl\u00f6schungsszenario &#8211; ist es plausibel?<\/a><\/h2>\n\t\t\t<\/div>\n\n\t\t\t\t\t\n\t\t\t\n\t\t\t<div id=\"su-post-11981\" class=\"su-post \">\n\t\t\t\t\t\t\t\t\t<a class=\"su-post-thumbnail\" href=\"https:\/\/dieter-jenz.de\/lc\/was-sind-nahtoderfahrungenwie-werden-sie-erlebt\/\"><img loading=\"lazy\" decoding=\"async\" width=\"800\" height=\"800\" src=\"https:\/\/dieter-jenz.de\/lc\/wp-content\/uploads\/2024\/07\/Beitragsbild-Was-sind-Nahtoderfahrungen.jpeg\" class=\"attachment-post-thumbnail size-post-thumbnail wp-post-image\" alt=\"Was sind Nahtoderfahrungen - Gestaltung: privat\" \/><\/a>\n\t\t\t\t\t\t\t\t<h2 class=\"su-post-title\"><a href=\"https:\/\/dieter-jenz.de\/lc\/was-sind-nahtoderfahrungenwie-werden-sie-erlebt\/\">Was sind Nahtoderfahrungen? Wie werden sie erlebt?<\/a><\/h2>\n\t\t\t<\/div>\n\n\t\t\t\t\t\n\t\t\t\n\t\t\t<div id=\"su-post-11947\" class=\"su-post \">\n\t\t\t\t\t\t\t\t\t<a class=\"su-post-thumbnail\" href=\"https:\/\/dieter-jenz.de\/lc\/taktile-kommunikation-was-verbirgt-sich-dahinter\/\"><img loading=\"lazy\" decoding=\"async\" width=\"800\" height=\"800\" src=\"https:\/\/dieter-jenz.de\/lc\/wp-content\/uploads\/2024\/07\/Beitragsbild-Taktile-Kommunikation.jpeg\" class=\"attachment-post-thumbnail size-post-thumbnail wp-post-image\" alt=\"Taktile Kommunikation - Gestaltung: privat\" \/><\/a>\n\t\t\t\t\t\t\t\t<h2 class=\"su-post-title\"><a href=\"https:\/\/dieter-jenz.de\/lc\/taktile-kommunikation-was-verbirgt-sich-dahinter\/\">Taktile Kommunikation \u2013 was verbirgt sich dahinter?<\/a><\/h2>\n\t\t\t<\/div>\n\n\t\t\t\t\t\n\t\t\t\n\t\t\t<div id=\"su-post-11943\" class=\"su-post \">\n\t\t\t\t\t\t\t\t\t<a class=\"su-post-thumbnail\" href=\"https:\/\/dieter-jenz.de\/lc\/olfaktorische-kommunikation-was-verbirgt-sich-dahinter\/\"><img loading=\"lazy\" decoding=\"async\" width=\"800\" height=\"800\" src=\"https:\/\/dieter-jenz.de\/lc\/wp-content\/uploads\/2024\/07\/Beitragsbild-Olfaktorische-Kommunikation.jpeg\" class=\"attachment-post-thumbnail size-post-thumbnail wp-post-image\" alt=\"Olfaktorische Kommunikation - Gestaltung: privat\" \/><\/a>\n\t\t\t\t\t\t\t\t<h2 class=\"su-post-title\"><a href=\"https:\/\/dieter-jenz.de\/lc\/olfaktorische-kommunikation-was-verbirgt-sich-dahinter\/\">Olfaktorische Kommunikation \u2013 was verbirgt sich dahinter?<\/a><\/h2>\n\t\t\t<\/div>\n\n\t\t\t\n<\/div>\n  <\/div><div class=\"su-expand-link su-expand-link-more\" style=\"text-align:left\"><a href=\"javascript:;\" style=\"color:#0088FF;border-color:#0088FF\"><span style=\"border-color:#0088FF\">Mehr anzeigen<\/span><\/a><\/div><div class=\"su-expand-link su-expand-link-less\" style=\"text-align:left\"><a href=\"javascript:;\" style=\"color:#0088FF;border-color:#0088FF\"><span style=\"border-color:#0088FF\">Weniger anzeigen<\/span><\/a><\/div><\/div><\/div><\/div>\n\n\n\n<h4 class=\"wp-block-heading\" id=\"genetik\"><strong>Genetik<\/strong><\/h4>\n\n\n\n<p>Bei der Zeugung wird bekannterma\u00dfen der Bauplan des Lebens, der in den Chromosomen liegt, von den Eltern weitergegeben. Die Chromosomen sind die Strukturen in den Zellen, die die Gene enthalten. Menschen \u201ebesitzen\u201c 46 Chromosomen, die sich in zwei Paare mit jeweils 23 Chromosomen aufspalten. Jedes Elternteil gibt 23 Chromosomen an das entstehende Kind mit, wobei sich jedes Chromosom aus einem langen DNS-Faden zusammensetzt (DNS steht f\u00fcr Desoxyribonukleins\u00e4ure und ist die deutschsprachige Bezeichnung f\u00fcr deoxyribonucleic acid (DNA)), der in Form eines Doppelstrangs (Doppelhelix) fein verdrillt im Zellkern liegt.<\/p>\n\n\n\n<p>Das menschliche Genom, d.h. die Gesamtheit der materiellen Tr\u00e4ger der vererbbaren Informationen einer Zelle, umfasst um die 20&nbsp;000 Gene. Bei vielen dieser Gene ist derzeit noch unbekannt, welche Funktion sie haben.<\/p>\n\n\n\n<p>Wie ein entstehendes Kind beschaffen sein wird, liegt in den Genen, vereinfacht als Merkmalsanlagen bezeichnet. Jedes Gen \u00fcbernimmt als Tr\u00e4ger der Erbinformationen eine bestimmte Funktion, beispielsweise die Auspr\u00e4gung der Haarfarbe. Als gesichert kann gelten, dass Gene nicht nur rein k\u00f6rperliche Anlagen, sondern auch zu einem wesentlichen Teil die Pers\u00f6nlichkeit bestimmen. Dem Hirnforscher Gerhard Roth zufolge bestimmen die Gene zwischen 20 und 50 Prozent der Pers\u00f6nlichkeit eines Menschen.<\/p>\n\n\n\n<p>Eltern vererben somit nicht nur k\u00f6rperliche, sondern auch seelische Anlagen an ihr Kind. Wie die Erkenntnisse der Psychoneuroimmunologie zeigen, werden von den Eltern auch Veranlagungen ihrer eigenen Vorg\u00e4ngergenerationen an eine oder mehrere nachfolgende Generationen weitergegeben. Ein heranwachsendes Kind tr\u00e4gt somit auch in gewisser Weise die Erlebnisse der Vorg\u00e4ngergenerationen mit, ohne dass ihm dies bewusst ist. Seinerseits gibt es seine Erlebnisse an seine Nachkommen weiter.<\/p>\n\n\n\n<p>Dass seelische Dispositionen epigenetisch vererbt werden k\u00f6nnen, zeigen durchgef\u00fchrte Untersuchungen. So zeigten beispielsweise die Enkel von Juden, die w\u00e4hrend des Holocaust in die USA geflohen waren, eine h\u00f6here Anf\u00e4lligkeit gegen\u00fcber Angstneurosen als die Enkel der damals bereits in den USA lebenden Juden.<\/p>\n\n\n\n<p>In der Konsequenz ist ein \u201eIIS\u201c eine modifizierte Auspr\u00e4gung des \u201eZIS\u201c. Die Modifikation erfolgt durch die Erbanlagen der Eltern, die jedoch f\u00fcr die Bewerkstelligung der Reinkarnation unverzichtbar sind.<\/p>\n\n\n<div class=\"su-box su-box-style-default\" id=\"\" style=\"border-color:#000000;border-radius:3px;\"><div class=\"su-box-title\" style=\"background-color:#333333;color:#FFFFFF;border-top-left-radius:1px;border-top-right-radius:1px\">Weitere Informationen und Ressourcen <\/div><div class=\"su-box-content su-u-clearfix su-u-trim\" style=\"border-bottom-left-radius:1px;border-bottom-right-radius:1px\"> <div class=\"su-list\" style=\"margin-left:0px\"> <\/p>\n<ul>\n<li><i class=\"sui sui-info-circle\" style=\"color:#333\"><\/i> <a href=\"https:\/\/dieter-jenz.de\/lc\/ausgangssituation-ziel-vorgehensweise-aktueller-stand\/\" title=\"Ausgangssituation, Ziel, Vorgehensweise\" target=\"_blank\" rel=\"\" class=\"\">Ausgangssituation, Ziel, Vorgehensweise, aktueller Stand<\/a> <\/li>\n<\/ul>\n<p> <\/div> <div class=\"su-list\" style=\"margin-left:0px\"> <\/p>\n<ul>\n<li><i class=\"sui sui-info-circle\" style=\"color:#333\"><\/i> <a href=\"https:\/\/dieter-jenz.de\/lc\/was-kommt-nach-dem-tod-erstes-zwischenfazit\/\" title=\"Erstes Zwischenfazit\" target=\"_blank\" rel=\"\" class=\"\">Was kommt nach dem Tod? &#8211; Erstes Zwischenfazit<\/a> <\/li>\n<\/ul>\n<p> <\/div> <div class=\"su-list\" style=\"margin-left:0px\"> <\/p>\n<ul>\n<li><i class=\"sui sui-info-circle\" style=\"color:#333\"><\/i> <a href=\"https:\/\/dieter-jenz.de\/lc\/ressourcen-wie-geht-es-nach-dem-tod-weiter\/\" title=\"Literatur und sonstige Ressourcen\" target=\"_blank\" rel=\"\" class=\"\">Literatur und sonstige Ressourcen<\/a> <\/li>\n<\/ul>\n<p> <\/div> <div class=\"su-list\" style=\"margin-left:0px\"> <\/p>\n<ul>\n<li><i class=\"sui sui-info-circle\" style=\"color:#333\"><\/i> <a href=\"https:\/\/dieter-jenz.de\/lc\/glossar-begriffe-transzendenzerfahrungen-lebensfragen\/\" title=\"Glossar der Begriffe zu Transzendenzerfahrungen\" target=\"_blank\" rel=\"\" class=\"\">Glossar der Begriffe im Kontext von Transzendenzerfahrungen<\/a> <\/li>\n<\/ul>\n<p> <\/div> <div class=\"su-list\" style=\"margin-left:0px\"> <\/p>\n<ul>\n<li><i class=\"sui sui-info-circle\" style=\"color:#333\"><\/i> <a href=\"https:\/\/dieter-jenz.de\/lc\/faq-haeufig-gestellte-fragen-was-kommt-nach-dem-tod\/\" title=\"FAQ (H\u00e4ufig gestellte Fragen)\" target=\"_blank\" rel=\"\" class=\"\">H\u00e4ufig gestellte Fragen (FAQ) &#8211; Was kommt nach dem Tod?<\/a> <\/li>\n<\/ul>\n<p> <\/div>   <\/div><\/div>\n\n\n\n<h4 class=\"wp-block-heading\" id=\"einflusse-wahrend-der-fruhen-kindheit\"><strong>Einfl\u00fcsse w\u00e4hrend der fr\u00fchen Kindheit<\/strong><\/h4>\n\n\n\n<p>Nicht nur von den Eltern vererbte Anlagen bestimmen wesentlich dar\u00fcber mit, wie ein Kind sein Erdenleben beginnt. Auch die Beziehung des Kindes zu seinen Eltern w\u00e4hrend seiner ersten Lebensjahre hat einen wesentlichen Einfluss auf seine Entwicklung. In seinem Buch \u201eDas Ged\u00e4chtnis des K\u00f6rpers\u201c fasst Joachim Bauer die wissenschaftlichen Erkenntnisse kurz zusammen (S.&nbsp;177): \u201e<em>Wir wissen aufgrund gesicherter wissenschaftlicher Erkenntnisse, dass Erfahrungen der fr\u00fchen Kinderjahre sp\u00e4tere seelische und k\u00f6rperliche Abl\u00e4ufe \u00bbbahnen\u00ab, das hei\u00dft auf ein bestimmtes<\/em> \u00bb<em>Gleis<\/em>\u00ab <em>bringen<\/em>. [\u2026] <em>In der Kindheit und Jugend werden im Gehirn die Nervenzell-Netzwerke angelegt, die sp\u00e4ter dar\u00fcber entscheiden, wie eine Person ihre Umwelt einsch\u00e4tzt und interpretiert, wie sie Beziehungen gestaltet und wie sie mit den Herausforderungen umgeht, die das Leben bereith\u00e4lt. Die \u00bbKonstruktion\u00ab dieser Nervenzell-Netzwerke h\u00e4ngt von den Erfahrungen ab, die das Kind in seinen Beziehungen w\u00e4hrend der ersten Lebensjahre macht<\/em>.\u201c<\/p>\n\n\n\n<p>Zumindest in der fr\u00fchen Kindheit kann sich ein Kind nicht wehren. Alles was es erlebt erscheint f\u00fcr das Kind als \u201enormal\u201c. Wie sollte ein Kind beispielsweise wissen, dass der Alkoholismus des Vaters nicht \u201enormal\u201c ist? Schlie\u00dflich hat es keine Vergleichsm\u00f6glichkeiten. Wie sollte es wissen, dass k\u00f6rperliche Gewalt nicht \u201enormal\u201c ist?<\/p>\n\n\n\n<p>Verhalten und Handlungen der Eltern oder naher Angeh\u00f6riger k\u00f6nnen Ursache seelischer Gesundheitsst\u00f6rungen sein. In seinem bereits erw\u00e4hnten Buch verweist Joachim Bauer auf eine bei \u00fcber 2&nbsp;000 Jugendlichen in Deutschland durchgef\u00fchrte Untersuchung (S. &nbsp;191). Diese ergab, dass in Deutschland \u2013 je nach Region \u2013 zwischen 10&nbsp;% und 15&nbsp;% der M\u00e4dchen und knapp 6&nbsp;% der Jungen in der Kindheit sexuell missbraucht wurden bzw. werden. Bekannterma\u00dfen geschehen die meisten Missbrauchsf\u00e4lle in der Familie bzw. in der Verwandtschaft oder Bekanntschaft.<\/p>\n\n\n\n<p>Seelische Gesundheitsst\u00f6rungen gleich welcher Art in der fr\u00fchen Kindheit widersprechen ebenfalls dem Konzept, eine neue Inkarnation unbelastet zu beginnen. Da sich ein Kind, wie bereits erw\u00e4hnt, nicht wehren kann, entwickelt sich eine Belastung ohne seinen Willen. Allerdings lie\u00dfe sich von Bef\u00fcrwortern der Reinkarnationslehre argumentieren, dass diese Belastungen von einer \u201eBI\u201c vorgeplant seien und die Bew\u00e4ltigung der Belastung(en) bereits zum Lernziel der aktuellen Inkarnation geh\u00f6re. Eine derartige Argumentation kann sich jedoch nur auf Vermutungen st\u00fctzen und erscheint \u2013 insbesondere bei erlebten F\u00e4llen sexuellen Missbrauchs \u2013 durchaus zynisch.<\/p>\n\n\n\n<h4 class=\"wp-block-heading\" id=\"demografische-entwicklung\"><strong>Demografische Entwicklung<\/strong><\/h4>\n\n\n\n<p>Das Population Reference Bureau geht in seinen Modellrechnungen davon aus, dass um das Jahr Null rund 300 Millionen Menschen auf der Erde lebten. Im Lauf der Jahrhunderte stieg die Weltbev\u00f6lkerung immer st\u00e4rker an, obwohl Katastrophen- und Kriegsereignisse, Epidemien usw. die Bev\u00f6lkerung in manchen Teilen der Welt immer wieder dezimierten.<\/p>\n\n\n\n<h5 class=\"wp-block-heading\" id=\"bevolkerungswachstum-und-ruckgang\"><strong>Bev\u00f6lkerungswachstum und \u2011r\u00fcckgang<\/strong><\/h5>\n\n\n\n<p>Zu Beginn der 1950-er Jahre lebten rund 2,7 Milliarden Menschen auf der Erde. Im Jahr 2020 waren es bereits rund 7,8 Milliarden Menschen. Die UN-Bev\u00f6lkerungsprojektion geht davon aus, dass im Jahr 2100 rund 10,9 Milliarden Menschen auf der Erde leben werden.<\/p>\n\n\n\n<p>Eine alternative Prognose geht davon aus, dass die Bev\u00f6lkerungszahl der Erde im Jahr 2064 einen H\u00f6hepunkt erreicht und ab diesem Zeitpunkt bis auf rund 8,8 Milliarden Menschen im Jahr 2100 sinken wird. Diese Prognose geht von einer deutlich geringeren Geburtenrate pro Frau aus. Zur Begr\u00fcndung wird angenommen, dass vor allem Frauen in Entwicklungsl\u00e4ndern einen besseren Zugang zu Bildung erhalten und in h\u00f6herem Ma\u00df selbst \u00fcber Nachwuchs entscheiden k\u00f6nnen.<\/p>\n\n\n\n<p>F\u00fcr das Bev\u00f6lkerungswachstum ist die Geburtenrate pro Frau entscheidend. Bei etwa zwei Kindern pro Frau w\u00e4re die sogenannte \u201eErhaltungsrate\u201c erreicht. Die Bev\u00f6lkerungszahl der Erde w\u00fcrde stagnieren. Liegt die Geburtenrate unter diesem Wert, sinkt die Bev\u00f6lkerungszahl.<\/p>\n\n\n\n<p>Wenn angenommen wird, dass die Erdbev\u00f6lkerung irgendwann in der n\u00e4heren Zukunft einen H\u00f6hepunkt erreicht und dann wieder abnimmt, k\u00f6nnte sich mindestens ein Mensch nie reinkarnieren. In der Konsequenz w\u00e4re eine Inkarnation von Menschen- zu Menschenwelt nicht mehr m\u00f6glich. Somit m\u00fcsste zwingend eine Inkarnation in einer anderen \u201eWelt\u201c, beispielsweise der Tierwelt, erfolgen. Dies k\u00e4me jedoch einem R\u00fcckfall in eine niedrigere Evolutionsstufe gleich. W\u00e4re eine Reinkarnation nur innerhalb der Menschenwelt m\u00f6glich, m\u00fcsste der Reinkarnationsprozess zwangsweise gehemmt werden. Ein oder mehrere \u201eZIS\u201c w\u00fcrden in ihrem aktuell erreichten Entwicklungsstand verbleiben.<\/p>\n\n\n\n<h5 class=\"wp-block-heading\" id=\"bevolkerungsverteilung-nach-weltregionen\"><strong>Bev\u00f6lkerungsverteilung nach Weltregionen<\/strong><\/h5>\n\n\n\n<p>Nach Berechnungen der \u201eDeutsche Stiftung Weltbev\u00f6lkerung\u201c (DSW) kamen im Jahr 2020, wenn die Welt ein Dorf mit nur 100 Einwohnern w\u00e4re, 59 davon aus Asien, 17 aus Afrika, zehn aus Europa, acht aus Lateinamerika, f\u00fcnf aus Nordamerika und einer aus Ozeanien. Im Jahr 2050 werden sich die Anteile aufgrund unterschiedlich hoher Geburtenraten in den verschiedenen Teilen der Erde verschoben haben. Nur noch etwas mehr als die H\u00e4lfte der Dorfbewohner kommen aus Asien. Ein Viertel der Dorfbewohner sind Afrikaner. Die beiden amerikanischen Kontinente haben kaum Zuwachs bekommen. Die Zahl der Europ\u00e4er und Ozeanier ist in etwa gleichgeblieben.<\/p>\n\n\n\n<p>Verl\u00e4uft die Entwicklung der Weltbev\u00f6lkerung in etwa in den prognostizierten Bahnen, ergibt sich die Frage, ob ein \u201eZIS\u201c hinsichtlich des Ortes seiner Reinkarnation eingeschr\u00e4nkt ist. Der Reinkarnationslehre zufolge hat jede Inkarnation ihr Lernziel, das mithilfe von Lektionen und Lernaufgaben zu erreichen ist. Aufgrund der erw\u00e4hnten Bev\u00f6lkerungsverschiebungen h\u00e4tte beispielsweise ein \u201eZIS\u201c m\u00f6glicherweise keine Gelegenheit, sich erneut in Asien zu reinkarnieren. Es m\u00fcsste m\u00f6glicherweise nach Afrika ausweichen.<\/p>\n\n\n\n<h3 class=\"wp-block-heading\" id=\"notwendige-bedingungen\"><strong>Notwendige Bedingungen<\/strong><\/h3>\n\n\n\n<p>Eine \u201eBI\u201c muss zwangsl\u00e4ufig in einem extrauniversalen Existenzraum beheimatet sein, in dem Zeit kein Faktor ist. Ferner muss eine \u201eBI\u201c zum Einblick in den intrauniversalen Existenzraum, in das Diesseits, in der Lage sein. Schlie\u00dflich muss f\u00fcr ein \u201eZIS\u201c ein oder mehrere geeignete Wirtselternpaare gesucht und gefunden werden, aus denen eines \u2013 so zumindest das Reinkarnationskonzept der Esoterik \u2013 f\u00fcr die Reinkarnation ausgesucht wird.<\/p>\n\n\n\n<h4 class=\"wp-block-heading\" id=\"geeignete-wirtseltern\"><strong>Geeignete Wirtseltern<\/strong><\/h4>\n\n\n\n<p>Der Findungsprozess eines Wirtselternpaars erfordert im Prinzip einen Einblick in die Lebensverh\u00e4ltnisse von mehreren Milliarden aktuell auf der Erde lebender Paare. Aus einem etwas anderen Blickwinkel betrachtet lautet die Aufgabe: aus mehreren Milliarden Paaren eines oder einige wenige herausfinden, die als m\u00f6gliche Kandidaten infrage kommen.<\/p>\n\n\n\n<p>Es stellt sich die ganz praktische Frage, ob und in welchem Umfang die weitere Entwicklung geeigneter Paare in die Vorauswahl mit einbezogen wird. Dies w\u00fcrde zus\u00e4tzlich einen Blick in die Zukunft erfordern. Wie verhielte es sich beispielsweise, wenn ein als \u201eWirtseltern\u201c geeignetes Paar vorh\u00e4tte, ein gerade gezeugtes Kind aus Gr\u00fcnden wirtschaftlicher Not w\u00e4hrend der ersten Schwangerschaftswochen abzutreiben und damit zu t\u00f6ten? W\u00e4re diese Absicht w\u00e4hrend des Findungsprozesses bereits bekannt? Alternativ w\u00e4re zumindest denkbar, dass es dem bereits inkarnierten \u201eIIS\u201c als \u201eLernziel\u201c aufgetragen ist, einen fr\u00fchzeitigen Tod durch Abtreibung zu erleben. Eine derartige Vorstellung erscheint jedoch absurd und menschenverachtend, zumindest f\u00fcr in der westlichen Hemisph\u00e4re lebende Menschen.<\/p>\n\n\n\n<h4 class=\"wp-block-heading\" id=\"vermittlung-der-lernziele\"><strong>Vermittlung der Lernziele<\/strong><\/h4>\n\n\n\n<p>Der Reinkarnationsprozess ist auf eine H\u00f6herentwicklung eines individuellen Selbst ausgelegt. Wie bereits erw\u00e4hnt, soll in jeder Inkarnation ein individuelles Lernziel erreicht werden. Damit ein Mensch in seinem Leben daran arbeiten kann, dieses Lernziel zu erreichen, muss es ihm bekannt sein. Doch wie erf\u00e4hrt ein Mensch von seinem Lernziel?<\/p>\n\n\n\n<p>Leider fehlt zu dieser doch entscheidend wichtigen Frage eine konkrete Antwort. Denkbar w\u00e4re, dass diese Information \u00fcber Tr\u00e4ume vermittelt wird. Dazu w\u00e4re erforderlich, dass eine \u201eBI\u201c mit dem \u201eIIS\u201c Kontakt aufnimmt und kommuniziert. Eine \u201eBI\u201c, die auch als eine Art \u201eBegleitengel\u201c betrachtet werden k\u00f6nnte, muss das Lernziel zumindest einmalig vermitteln und dies auch zu einem Zeitpunkt, zu dem ein \u201eIIS\u201c die geistigen F\u00e4higkeiten besitzt, die Semantik des Lernziels zu erfassen. Im S\u00e4uglings- und Kleinkindalter d\u00fcrfte dies noch nicht m\u00f6glich sein.<\/p>\n\n\n\n<p>Alternativ w\u00e4re denkbar, dass das Lernziel bereits bei der Empf\u00e4ngnis vermittelt wird. Dann m\u00fcsste das Lernziel im sp\u00e4teren Leben derart in Erinnerung gerufen werden, dass es von einem \u201eIIS\u201c auch explizit als Lernziel verstanden wird.<\/p>\n\n\n\n<p>Anekdotische Schilderungen, wie Menschen \u00fcber ihr Lernziel f\u00fcr die aktuelle Inkarnation konkret informiert wurden, fehlen. Wie soll unter diesem Vorzeichen ein Lernziel erreicht werden, wenn es nicht bekannt und klar bewusst ist?<\/p>\n\n\n\n<h3 class=\"wp-block-heading\" id=\"erinnerung-an-vergangene-inkarnationen\"><strong>Erinnerung an vergangene Inkarnationen<\/strong><\/h3>\n\n\n\n<p>In der j\u00fcngeren Vergangenheit wurden mehrere F\u00e4lle berichtet, in denen Menschen sich, teilweise unter Hypnose, an eine oder mehrere fr\u00fchere Inkarnationen erinnern konnten. Wenn eine derartige R\u00fcckerinnerung, vielleicht sogar \u00fcber mehr als zehn zur\u00fcckliegende Inkarnationen bzw. Erdenleben hinweg, m\u00f6glich sein soll, stellt sich die Frage, wo dieses Ged\u00e4chtnis lokalisiert ist. Befindet sich dieses aggregierte Ged\u00e4chtnis im Gehirn des aktuell auf der Erde lebenden Menschen oder befindet es sich au\u00dferhalb des menschlichen Gehirns?<\/p>\n\n\n\n<h4 class=\"wp-block-heading\" id=\"argumente-gegen-ein-lokales-gedachtnis\"><strong>Argumente gegen ein lokales Ged\u00e4chtnis<\/strong><\/h4>\n\n\n\n<p>Unter der Annahme, dass das aggregierte Ged\u00e4chtnis im Gehirn des aktuell lebenden Menschen lokalisiert ist, w\u00e4re ein im Verlauf der Menschheitsgeschichte tendenziell anwachsendes Gehirnvolumen anzunehmen. Die Ged\u00e4chtnisinhalte m\u00fcssen schlie\u00dflich, vereinfacht ausgedr\u00fcckt, in Nervenzellen gespeichert werden.<\/p>\n\n\n\n<p>Ein Forschungsteam untersuchte im Rahmen einer Analyse von fast tausend fossilen Sch\u00e4deln moderner Menschen Ver\u00e4nderungen im menschlichen Gehirn. Im Ergebnis wurde ermittelt, dass das menschliche Gehirn vor etwa 3&nbsp;000 Jahren an Masse zu verlieren begann. In ihrem Beitrag \u201c<a href=\"https:\/\/www.frontiersin.org\/articles\/10.3389\/fevo.2021.742639\/full\">When and Why Did Human Brains Decrease in Size? A New Change-Point Analysis and Insights From Brain Evolution in Ants<\/a>\u201d im Fachmagazin \u201eFrontiers in Ecology and Evolution\u201c legen die Forschenden den Schluss nahe, dass evolution\u00e4re Prozesse bestrebt sind, den Energieumsatz des Gehirns zu senken. Das Gehirn macht etwa 2&nbsp;% des K\u00f6rpergewichts eines Menschen aus, ben\u00f6tigt jedoch etwa 20&nbsp;% des Energieumsatzes. Wenn unterstellt wird, dass kollektive Intelligenz, das Zusammenwirken bei der Erf\u00fcllung von Aufgaben, Arbeitsteilung und die M\u00f6glichkeit des R\u00fcckgriffs auf Informationsquellen es erm\u00f6glichen, sich weniger merken zu m\u00fcssen, k\u00f6nnte der Energieumsatz des Gehirns tats\u00e4chlich gesenkt werden.<\/p>\n\n\n\n<h5 class=\"wp-block-heading\" id=\"funktionsstorungen-im-gehirn\"><strong>Funktionsst\u00f6rungen im Gehirn<\/strong><\/h5>\n\n\n\n<p>Im Verlauf des Lebens kann es zu Funktionsst\u00f6rungen im Gehirn kommen, die die Ged\u00e4chtnisleistung mehr oder weniger stark beeintr\u00e4chtigen k\u00f6nnen. Zu denken w\u00e4re insbesondere an diverse Auspr\u00e4gungen von Demenzerkrankungen oder an eine schwere Hirnverletzung, die zu einer irreversiblen globalen Amnesie f\u00fchrt. Von einer globalen Amnesie Betroffene k\u00f6nnen Erinnerungen an Jahre oder Jahrzehnte zur\u00fcckliegende Ereignisse, Erlebnisse und Erfahrungen nicht mehr aus dem Ged\u00e4chtnis abrufen. Auch neue Inhalte k\u00f6nnen nicht mehr im Ged\u00e4chtnis gespeichert werden.<\/p>\n\n\n\n<p>Bef\u00e4nde sich das aggregierte Ged\u00e4chtnis im lokalen Gehirn und es k\u00e4me zu einem irreversiblen Ged\u00e4chtnisverlust, gingen dadurch mit einem Schlag auch Erinnerungen an s\u00e4mtliche zur\u00fcckliegende Inkarnationen verloren. In diesem Fall bedarf es nach der Migration in den extrauniversalen Existenzraum als Folge des physischen Todes einer Synchronisation mit dem \u201eZIS\u201c. In der darauffolgenden Inkarnation w\u00e4re dann wieder der Zugriff auf das \u201eGesamtged\u00e4chtnis\u201c m\u00f6glich, allerdings mit Ausnahme des vom Ged\u00e4chtnisverlust betroffenen Zeitraums. M\u00f6glicherweise w\u00e4re dies sogar der gesamte Zeitraum einer Inkarnation, eines Erdenlebens.<\/p>\n\n\n\n<h5 class=\"wp-block-heading\" id=\"zugang-zum-bewusstsein\"><strong>Zugang zum Bewusstsein<\/strong><\/h5>\n\n\n\n<p>Wie bereits erw\u00e4hnt, finden sich anekdotische Schilderungen zu Erlebnissen im Mutterleib. Dar\u00fcber hinaus wurde sogar berichtet, dass Zeugung und Empf\u00e4ngnis bewusst miterlebt werden konnten. Kinder, die eine Nahtoderfahrung erlebten, berichteten davon, aber auch Erwachsene, die in Hypnose versetzt und von Hypnotherapeuten in ihre Vergangenheit r\u00fcckgef\u00fchrt wurden.<\/p>\n\n\n\n<p>Bei einem F\u00f6tus sind Gehirnaktivit\u00e4ten erst zwischen der 20. bis 24. Schwangerschaftswoche messbar. Zun\u00e4chst muss sich die Grundstruktur des Gehirns mit dem Thalamus, der gr\u00f6\u00dften Struktur des Zwischenhirns, und seinen Verbindungen zum Gro\u00dfhirn bereits relativ weit entwickelt haben. Der Thalamus gilt als \u201eTor zum Bewusstsein\u201c.<\/p>\n\n\n\n<p>Bei diesen Gegebenheiten ist unerheblich, ab welchem Zeitpunkt in seiner Entwicklung einem Menschen ein Bewusstsein zugesprochen werden kann. Jedenfalls ist es nach dem aktuellen Erkenntnisstand der Neurowissenschaften v\u00f6llig unm\u00f6glich, dass sich ein Mensch an seine Empf\u00e4ngnis erinnern kann.<\/p>\n\n\n\n<h4 class=\"wp-block-heading\" id=\"konzept-des-aggregierten-nichtlokalen-gedachtnisses\"><strong><strong>Konzept des aggregierten nichtlokalen Ged\u00e4chtnisses<\/strong><\/strong><\/h4>\n\n\n\n<p>Eine l\u00fcckenlose Erinnerung an vergangene Inkarnationen ist nur dann m\u00f6glich, wenn das Ged\u00e4chtnis nicht ausschlie\u00dflich im Gehirn des sterblichen, krankheits- und verletzungsanf\u00e4lligen Menschen lokalisiert ist. Wie bereits angedeutet, best\u00fcnde die Gefahr des Ged\u00e4chtnisverlusts, verbunden mit dem m\u00f6glichen Verlust von Erinnerungen an fr\u00fchere Inkarnationen.<\/p>\n\n\n\n<p>Vorstellbar w\u00e4re, dass das Ged\u00e4chtnis gespiegelt ist. Die lokale Instanz des Ged\u00e4chtnisses spiegelt in Realzeit kontinuierlich s\u00e4mtliche Ereignisse, Erlebnisse und Erfahrungen im Ged\u00e4chtnisanteil des \u201eZIS\u201c. Das Verfahren gleicht, vereinfacht dargestellt, konzeptionell dem Spiegeln einer Festplatte in einem Computer. Immer wenn auf der lokalen Festplatte etwas gespeichert wird, wird die gespeicherte Information sofort an eine zweite Festplatte \u00fcbertragen und dort zus\u00e4tzlich gespeichert. F\u00e4llt die lokale Festplatte aufgrund eines Defekts aus, kann die zweite Festplatte eingesetzt werden. Ein Informationsverlust ist nicht eingetreten.<\/p>\n\n\n\n<p>Da eine Individualit\u00e4t im Regelfall mehrere Reinkarnationen durchl\u00e4uft, ist das Konzept etwas zu modifizieren. Die Gesamtheit der Ged\u00e4chtnisinhalte aller Inkarnationen bildet, bildlich gesprochen, gewisserma\u00dfen eine gigantische Festplatte. Alle w\u00e4hrend einer Inkarnation anfallenden Informationen und alle zwischen Inkarnationen anfallenden Informationen werden in diesem nichtlokalen Ged\u00e4chtnis festgehalten. Dieses nichtlokale Ged\u00e4chtnis ist Teil des \u201eZIS\u201c im extrauniversalen Existenzraum.<\/p>\n\n\n\n<p>Wenn das Ged\u00e4chtnis gespiegelt wird, erfordert dies eine st\u00e4ndige Kommunikationsverbindung zwischen \u201eIIS\u201c im intrauniversalen Existenzraum und \u201eZIS\u201c im extrauniversalen Existenzraum. Informationen \u00fcber fr\u00fchere Inkarnationen werden dann in Wirklichkeit vom \u201eZIS\u201c abgerufen. Wenn Menschen mit oder ohne Hypnose von fr\u00fcheren Inkarnationen oder von der ersten Zeit im Mutterleib berichten, k\u00f6nnen diese Informationen folglich nicht vom lokalen Ged\u00e4chtnis stammen.<\/p>\n\n\n\n<h3 class=\"wp-block-heading\" id=\"hoherentwicklung-ein-realitatscheck\"><strong>H\u00f6herentwicklung? \u2013 ein Realit\u00e4tscheck<\/strong><\/h3>\n\n\n\n<p>Das Reinkarnationskonzept verfolgt das Ziel einer fortschreitenden H\u00f6herentwicklung. Diese H\u00f6herentwicklung erfolgt in erster Linie auf der individuellen Ebene. Macht ein Individuum in seiner H\u00f6herentwicklung Fortschritte, strahlt dies unweigerlich auch in die Umgebung aus. Folglich w\u00e4re zu erwarten, dass sich auf der gesamtgesellschaftlichen Ebene Auswirkungen zeigen, die allen lebenden Menschen zugutekommen. Frieden statt Krieg, Gemeinwohl statt kompromissloser Durchsetzung eigener Ziele, Verzicht auf Ausbeutung und Verzicht auf Machtstreben w\u00e4ren einige der erstrebenswerten Auswirkungen. Im Optimalzustand w\u00fcrden Menschen gleich welcher Herkunft und Hautfarbe in einem irdischen Paradies in Frieden und Eintracht miteinander leben.<\/p>\n\n\n\n<p>Nicht nur Anh\u00e4nger des Hinduismus oder Buddhismus oder auch der Esoterik sind einer fortw\u00e4hrenden Reinkarnation unterworfen, sondern sie muss sich in der Konsequenz auf die gesamte Weltbev\u00f6lkerung erstrecken. Positive Auswirkungen m\u00fcssten sich jedoch in erster Linie in den L\u00e4ndern zeigen, in denen Hinduismus und Buddhismus stark verbreitet sind und die entsprechenden Lehren auch in der Gesellschaft bekannt und verankert sind.<\/p>\n\n\n\n<h4 class=\"wp-block-heading\" id=\"gesellschaftliche-entwicklung\"><strong>Gesellschaftliche Entwicklung<\/strong><\/h4>\n\n\n\n<p>Dass ein irdisches Paradies nicht existiert ist dem unterschiedlichen Entwicklungsstand der Individuen geschuldet. Schon eine nur sehr oberfl\u00e4chliche Betrachtung des Verlaufs der Weltgeschichte zeigt, dass eine H\u00f6herentwicklung der Gesellschaft auf globaler Ebene nicht erkennbar ist.<\/p>\n\n\n\n<p>Nach wie vor pr\u00e4gen kriegerische Auseinandersetzungen das Bild auf dem Erdball. Konflikte beschr\u00e4nken sich bei weitem nicht nur auf Regionen, in denen der Hinduismus nicht verbreitet ist. Auch in den L\u00e4ndern, in denen Hinduismus und Buddhismus in der Gesellschaft stark verwurzelt sind, wird immer wieder von Spannungen und Konflikten berichtet.<\/p>\n\n\n\n<p>Auch die gesellschaftliche Entwicklung gilt als ein Indikator, insbesondere dann, wenn eine Religion eine wichtige Rolle einnimmt. Beispielhaft sei Indien herausgegriffen. In diesem Land, der bev\u00f6lkerungsreichsten Demokratie der Welt, ist der Hinduismus die am weitesten verbreitete Religion. \u00dcber 80&nbsp;% der Inder geh\u00f6ren dieser Religionsgruppe an.<\/p>\n\n\n\n<p>Beim L\u00e4ndervergleich des Index der menschlichen Entwicklung lag Indien im Jahr 2021 auf Rang 132 von 191 weltweit. Wirtschaftlich z\u00e4hlt Indien zur Gruppe der Schwellenl\u00e4nder. Gro\u00dfe Teile der Bev\u00f6lkerung m\u00fcssen ihr Leben in bitterer Armut fristen, ohne Aussicht auf signifikante Verbesserungen. Dem Bericht zur menschlichen Entwicklung der Vereinten Nationen von 2013 zufolge leben in Indien 28,6 Prozent der Bev\u00f6lkerung in extremer Armut und weitere 16,4 Prozent sind armutsgef\u00e4hrdet.<\/p>\n\n\n\n<p>Das Karma, die Art, wie man gelebt hat, bedingt auf der individuellen Ebene einen Ursache-Wirkung-Zusammenhang. Wie man gelebt hat, wirkt sich auf die n\u00e4chste Inkarnation aus, es sei denn, das Stadium der Vollkommenheit bzw. Erl\u00f6sung wurde erreicht. Was f\u00fcr das Individuum gilt, strahlt unweigerlich auch auf das Zusammenleben in einer Gesellschaft aus. Wenn, wie von Krishna (eine hinduistische Form des G\u00f6ttlichen und eine der popul\u00e4rsten Gottheiten des Hinduismus) propagiert, das Handeln aus Liebe und Verbundenheit heraus geschieht, m\u00fcsste sich auch die Gesellschaft immer h\u00f6her entwickeln.<\/p>\n\n\n\n<p>Mahatma Gandhi, indischer Rechtsanwalt, Publizist, Morallehrer, Asket und Pazifist, der zum geistigen und politischen Anf\u00fchrer der indischen Unabh\u00e4ngigkeitsbewegung wurde, formulierte so: \u201eDas wahre Ma\u00df einer jeden Gesellschaft l\u00e4sst sich daran finden, wie sie mit ihren schutzbed\u00fcrftigsten Gliedern umgeht\u201c (\u201eThe true measure of any society can be found in how it treats its most vulnerable members\u201c). Wenn an diesem Ma\u00dfstab gemessen wird, besteht in der indischen Gesellschaft erkennbar noch \u201eLuft nach oben\u201c.<\/p>\n\n\n\n<p>Nat\u00fcrlich mag eingewendet werden, dass zu einem bestimmten Zeitpunkt nicht alle Individuen einen fortgeschrittenen Entwicklungsstand erreicht haben k\u00f6nnen. Dem mag entgegengehalten werden, dass die Geschichte der Menschheit schon vor langer Zeit begann und w\u00e4hrend dieses Zeitraums durchaus eine H\u00f6herentwicklung h\u00e4tte beobachtbar sein m\u00fcssen.<\/p>\n\n\n\n<h4 class=\"wp-block-heading\" id=\"wertigkeit-des-lebens\"><strong>Wertigkeit des Lebens<\/strong><\/h4>\n\n\n\n<p>Wenn eine Inkarnation lediglich eine einzelne Episode in einer Vielzahl von Reinkarnationen darstellt, besteht in der Konsequenz nur ein relativ geringer Anreiz, das Leben zu sch\u00fctzen. In seinem Buch \u201eDas Buch der Mitte\u201c nimmt Vishal Mangalwadi Bezug auf die Bhagavad Gita, eine der zentralen Schriften des Hinduismus. In dem vermutlich zwischen dem 5. und dem 2. Jahrhundert v.&nbsp;Chr. entstandenen Text bildet sich ein Zwiegespr\u00e4ch zwischen Krishna, einer irdischen Erscheinungsform von Vishnu, dem Lehrer, und Arjuna, dem Sch\u00fcler, ab. Arjuna ist eine der wichtigsten Heldengestalten im indischen Epos Mahabharata, dem bekanntesten indischen Epos. Mangalwadi schreibt (S.&nbsp;104&nbsp;f.): \u201e<em>In den bekannten hinduistischen Schriften, der Bhagavad Gita, ermutigt der Gott Krishna den Arjuna, seine Cousins und Lehrer zu t\u00f6ten, da der Tod der Seele angesichts der Reinkarnation nur einem Kleiderwechsel gleichk\u00e4me<\/em>. \u00bb<em>Wie ein Mensch ein altes Gewand ablegt und ein neues anzieht, verl\u00e4sst der Geist seinen sterblichen K\u00f6rper und bekleidet sich mit einem neuen<\/em>.\u00ab<\/p>\n\n\n\n<p><em>Meister Krishna wies Arjuna an, kein Mitleid f\u00fcr die zu empfinden, die er t\u00f6ten sollte, da die Seele ohnehin nie geboren worden sei und niemals sterbe<\/em>. \u00bb<em>Du empfindest Mitleid, wo Mitleid keinen Platz hat. Weise M\u00e4nner empfinden kein Mitleid f\u00fcr das Sterbende und auch nicht f\u00fcr das Lebende. Es gab keinen Zeitpunkt, an dem du oder ich wie auch alle diese F\u00fcrsten nicht existierten \u2013 und solch einen Tag, an dem wir alle aufh\u00f6ren zu sein, wird es auch in Zukunft nicht geben<\/em>.\u00ab\u201c<\/p>\n\n\n\n<h3 class=\"wp-block-heading\" id=\"folgerungen\"><strong>Folgerungen<\/strong><\/h3>\n\n\n\n<p>Reinkarnation als globales Konzept muss \u2013 sofern es sich als plausibel erweist &#8211; zwangsl\u00e4ufig f\u00fcr alle Menschen gelten, unabh\u00e4ngig davon, ob sie sich zum Hinduismus, Buddhismus oder zur Esoterik bekennen. Es w\u00e4re beispielsweise schwer vorstellbar, dass Atheisten, Agnostiker, Juden, Christen und Moslems der Reinkarnation lediglich aufgrund ihres Glaubens oder Nichtglaubens nicht unterworfen sind. W\u00e4ren manche Menschen der Reinkarnation tats\u00e4chlich nicht unterworfen, erg\u00e4be sich zwangsl\u00e4ufig eine Spaltung der Menschheit in zwei Gruppen: der Reinkarnation unterworfene und der Reinkarnation nicht unterworfene Menschen.<\/p>\n\n\n\n<p>In der Fortsetzung dieses Gedankens w\u00e4re auch die Frage zu kl\u00e4ren, welche Auswirkung ein Religionswechsel h\u00e4tte. Wie verhielte es sich beispielsweise konkret, wenn ein Hindu zum Christentum konvertiert oder \u2013 umgekehrt \u2013 ein Christ zum Hinduismus?<\/p>\n\n\n\n<p>Angenommen, ein Hindu konvertiert zum Christentum. Mit diesem Schritt w\u00fcrde er entweder eine totale Unkenntnis der Inhalte der Reinkarnationslehre, eine Gleichg\u00fcltigkeit diesen gegen\u00fcber oder eine bewusste Ablehnung dieser Inhalte und gleichzeitig eine Abkehr von der Reinkarnationslehre dokumentieren. W\u00fcrde er damit auch aus dem Zyklus der Reinkarnationen ausbrechen? W\u00fcrde andererseits ein Christ, der zum Hinduismus konvertiert, in diesen Zyklus eintreten?<\/p>\n\n\n\n<p>Angeh\u00f6rige der Offenbarungsreligionen, Atheisten und auch Agnostiker w\u00fcrden nach ihrem physischen Tod eine Art b\u00f6ses Erwachen erleben. Ihnen w\u00fcrden anstelle der erwarteten zeitlich unbegrenzten Existenz im extrauniversalen Existenzraum, idealerweise im Paradies bei Gott, eine neue Inkarnation bevorstehen. Gleichzeitig w\u00fcrde dadurch untermauert, dass sie keine Kenntnis \u00fcber eine fr\u00fchere Inkarnation haben. H\u00e4tten sie diese, w\u00e4re ihnen die Inkompatibilit\u00e4t ihrer bisherigen \u00dcberzeugung mit der Reinkarnationslehre bewusst. K\u00f6nnte sich andererseits ein Mensch an eine fr\u00fchere Inkarnation erinnern, w\u00fcrde er beispielsweise nicht zum Christentum konvertieren wollen, da die Inkompatibilit\u00e4t bewusst ist.<\/p>\n\n\n\n<p>In der Konsequenz m\u00fcsste sich die Reinkarnationslehre auch im Rechtssystem niederschlagen. Angenommen, ein Mensch wird betrogen. Entspr\u00e4che es seinem Karma, betrogen zu werden? Falls ja, liegt es nicht fern, anzunehmen, dass er in seiner vorhergehenden Inkarnation selbst ein Betr\u00fcger war und die Rolle des Betrugsopfers die Kompensation darstellt. W\u00fcrde dies nahelegen, dass dem T\u00e4ter mildernde Umst\u00e4nde zu gew\u00e4hren sind, weil er dazu beitr\u00e4gt, das Karma des Betrogenen zu \u201eerf\u00fcllen\u201c? Derartige Gedanken erscheinen allerdings absurd.<\/p>\n\n\n\n<p>Um zu einer H\u00f6herentwicklung in Richtung Vollkommenheit gelangen zu k\u00f6nnen, m\u00fcsste das individuelle \u201eLernziel\u201c einer Inkarnation leicht erschlie\u00dfbar sein. Es gibt jedoch verschwindend wenige anekdotische Berichte von Menschen, wie ein Lernziel f\u00fcr eine Inkarnation erkannt, bewusst und verstanden wurde. Wenn das \u201eLernziel\u201c eine derart \u00fcberragende Bedeutung f\u00fcr eine Inkarnation hat, w\u00e4re zu erwarten, dass es sich eindeutig und ohne Gefahr einer T\u00e4uschung oder eines Missverst\u00e4ndnisses erkennen, bewusstmachen und verstehen l\u00e4sst.<\/p>\n\n\n\n<p>Nicht zuletzt wecken \u201eharte\u201c Fakten im Hinblick auf Genetik und Demografie erhebliche Zweifel an dem Konzept, eine Inkarnation gewisserma\u00dfen unbelastet beginnen zu k\u00f6nnen. Wie bereits erw\u00e4hnt, bestimmen die Gene die Pers\u00f6nlichkeit eines Menschen in nicht unerheblichem Ma\u00df mit. Das individuelle Selbst eines Menschen entwickelt sich somit keinesfalls im wertfreien Raum.<\/p>\n\n\n\n<p>In der Summe bestehen erhebliche Zweifel an der Plausibilit\u00e4t des Konzepts der zyklischen Existenz. Allerdings sind durchaus einige wenige F\u00e4lle zu ber\u00fccksichtigen, bei denen sich Menschen unter Hypnose an vorhergehende Reinkarnationen erinnern konnten \u2013 im Widerspruch zum Prinzip, eine Inkarnation \u201eunbelastet\u201c, bildlich gesprochen auf einem leeren Blatt, beginnen zu k\u00f6nnen. Aus einer fr\u00fcheren Inkarnation berichtete Fakten lie\u00dfen sich nachpr\u00fcfen und best\u00e4tigen. F\u00fcr dieses Ph\u00e4nomen gibt es keine stichhaltige Erkl\u00e4rung.<\/p>\n\n\n\n<p>Anekdotische Schilderungen von Reinkarnationserfahrungen weisen auffallend oft den Charakter besonderer Todesumst\u00e4nde auf. Die meisten Menschen sterben jedoch eines gew\u00f6hnlichen Todes. Aussagen wie beispielsweise \u201e\u2026 dann bin ich gestorben, weil mein Herz aufgeh\u00f6rt hat zu schlagen\u201c finden sich in einschl\u00e4gigen anekdotischen Schilderungen so gut wie nie.<\/p>\n\n\n\n<div class=\"wp-block-buttons is-layout-flex wp-block-buttons-is-layout-flex\">\n<div class=\"wp-block-button\"><a class=\"wp-block-button__link wp-element-button\" href=\"https:\/\/dieter-jenz.de\/lc\/der-zyklische-reinkarnationsprozess-wie-ist-er-vorstellbar\/\">Vorhergehender Beitrag<\/a><\/div>\n<\/div>\n","protected":false},"excerpt":{"rendered":"<p>Folgt das Konzept der Reinkarnation einer irrigen Vorstellung oder erweist es sich bei kritischer \u00dcberpr\u00fcfung als plausibel? Als plausibel erscheint das Konzept dann, wenn es sich als widerspruchsfrei,&hellip;<\/p>\n","protected":false},"author":2,"featured_media":8454,"comment_status":"closed","ping_status":"open","sticky":false,"template":"template-full-width-only-content.php","format":"standard","meta":{"footnotes":""},"categories":[212],"tags":[],"yoast_head":"<!-- This site is optimized with the Yoast SEO plugin v24.5 - https:\/\/yoast.com\/wordpress\/plugins\/seo\/ -->\n<title>Reinkarnation \u2013 Irrige Vorstellung oder plausibel?<\/title>\n<meta name=\"description\" content=\"Folgt das Konzept der Reinkarnation einer irrigen Vorstellung oder erweist es sich bei kritischer \u00dcberpr\u00fcfung als plausibel?\" \/>\n<meta name=\"robots\" content=\"index, follow, max-snippet:-1, max-image-preview:large, max-video-preview:-1\" \/>\n<link rel=\"canonical\" href=\"https:\/\/dieter-jenz.de\/lc\/reinkarnation-irrige-vorstellung-oder-plausibel\/\" \/>\n<meta property=\"og:locale\" content=\"de_DE\" \/>\n<meta property=\"og:type\" content=\"article\" \/>\n<meta property=\"og:title\" content=\"Reinkarnation \u2013 Irrige Vorstellung oder plausibel?\" \/>\n<meta property=\"og:description\" content=\"Folgt das Konzept der Reinkarnation einer irrigen Vorstellung oder erweist es sich bei kritischer \u00dcberpr\u00fcfung als plausibel?\" \/>\n<meta property=\"og:url\" content=\"https:\/\/dieter-jenz.de\/lc\/reinkarnation-irrige-vorstellung-oder-plausibel\/\" \/>\n<meta property=\"og:site_name\" content=\"Dieter Jenz, Begleitung und Coaching\" \/>\n<meta property=\"article:publisher\" content=\"https:\/\/www.facebook.com\/dieter.jenz.inspiration\" \/>\n<meta property=\"article:author\" content=\"https:\/\/www.facebook.com\/dieter.jenz.inspiration\" \/>\n<meta property=\"article:published_time\" content=\"2023-03-16T07:00:00+00:00\" \/>\n<meta property=\"article:modified_time\" content=\"2023-03-20T09:05:26+00:00\" \/>\n<meta property=\"og:image\" content=\"https:\/\/dieter-jenz.de\/lc\/wp-content\/uploads\/2023\/03\/Beitragsbild-Reinkarnation-Irrige-Vorstellung-oder-plausibel.jpeg\" \/>\n\t<meta property=\"og:image:width\" content=\"800\" \/>\n\t<meta property=\"og:image:height\" content=\"800\" \/>\n\t<meta property=\"og:image:type\" content=\"image\/jpeg\" \/>\n<meta name=\"author\" content=\"Dieter Jenz\" \/>\n<meta name=\"twitter:card\" content=\"summary_large_image\" \/>\n<meta name=\"twitter:creator\" content=\"@https:\/\/twitter.com\/dieterjenz\" \/>\n<meta name=\"twitter:site\" content=\"@dieterjenz\" \/>\n<meta name=\"twitter:label1\" content=\"Verfasst von\" \/>\n\t<meta name=\"twitter:data1\" content=\"Dieter Jenz\" \/>\n\t<meta name=\"twitter:label2\" content=\"Gesch\u00e4tzte Lesezeit\" \/>\n\t<meta name=\"twitter:data2\" content=\"22\u00a0Minuten\" \/>\n<script type=\"application\/ld+json\" class=\"yoast-schema-graph\">{\"@context\":\"https:\/\/schema.org\",\"@graph\":[{\"@type\":\"Article\",\"@id\":\"https:\/\/dieter-jenz.de\/lc\/reinkarnation-irrige-vorstellung-oder-plausibel\/#article\",\"isPartOf\":{\"@id\":\"https:\/\/dieter-jenz.de\/lc\/reinkarnation-irrige-vorstellung-oder-plausibel\/\"},\"author\":{\"name\":\"Dieter Jenz\",\"@id\":\"https:\/\/dieter-jenz.de\/lc\/#\/schema\/person\/618cfd5c289d0a23930cb258a43679ab\"},\"headline\":\"Reinkarnation \u2013 Irrige Vorstellung oder plausibel?\",\"datePublished\":\"2023-03-16T07:00:00+00:00\",\"dateModified\":\"2023-03-20T09:05:26+00:00\",\"mainEntityOfPage\":{\"@id\":\"https:\/\/dieter-jenz.de\/lc\/reinkarnation-irrige-vorstellung-oder-plausibel\/\"},\"wordCount\":4155,\"publisher\":{\"@id\":\"https:\/\/dieter-jenz.de\/lc\/#\/schema\/person\/618cfd5c289d0a23930cb258a43679ab\"},\"image\":{\"@id\":\"https:\/\/dieter-jenz.de\/lc\/reinkarnation-irrige-vorstellung-oder-plausibel\/#primaryimage\"},\"thumbnailUrl\":\"https:\/\/dieter-jenz.de\/lc\/wp-content\/uploads\/2023\/03\/Beitragsbild-Reinkarnation-Irrige-Vorstellung-oder-plausibel.jpeg\",\"articleSection\":[\"Lebensfragen\"],\"inLanguage\":\"de\"},{\"@type\":\"WebPage\",\"@id\":\"https:\/\/dieter-jenz.de\/lc\/reinkarnation-irrige-vorstellung-oder-plausibel\/\",\"url\":\"https:\/\/dieter-jenz.de\/lc\/reinkarnation-irrige-vorstellung-oder-plausibel\/\",\"name\":\"Reinkarnation \u2013 Irrige Vorstellung oder plausibel?\",\"isPartOf\":{\"@id\":\"https:\/\/dieter-jenz.de\/lc\/#website\"},\"primaryImageOfPage\":{\"@id\":\"https:\/\/dieter-jenz.de\/lc\/reinkarnation-irrige-vorstellung-oder-plausibel\/#primaryimage\"},\"image\":{\"@id\":\"https:\/\/dieter-jenz.de\/lc\/reinkarnation-irrige-vorstellung-oder-plausibel\/#primaryimage\"},\"thumbnailUrl\":\"https:\/\/dieter-jenz.de\/lc\/wp-content\/uploads\/2023\/03\/Beitragsbild-Reinkarnation-Irrige-Vorstellung-oder-plausibel.jpeg\",\"datePublished\":\"2023-03-16T07:00:00+00:00\",\"dateModified\":\"2023-03-20T09:05:26+00:00\",\"description\":\"Folgt das Konzept der Reinkarnation einer irrigen Vorstellung oder erweist es sich bei kritischer \u00dcberpr\u00fcfung als plausibel?\",\"breadcrumb\":{\"@id\":\"https:\/\/dieter-jenz.de\/lc\/reinkarnation-irrige-vorstellung-oder-plausibel\/#breadcrumb\"},\"inLanguage\":\"de\",\"potentialAction\":[{\"@type\":\"ReadAction\",\"target\":[\"https:\/\/dieter-jenz.de\/lc\/reinkarnation-irrige-vorstellung-oder-plausibel\/\"]}]},{\"@type\":\"ImageObject\",\"inLanguage\":\"de\",\"@id\":\"https:\/\/dieter-jenz.de\/lc\/reinkarnation-irrige-vorstellung-oder-plausibel\/#primaryimage\",\"url\":\"https:\/\/dieter-jenz.de\/lc\/wp-content\/uploads\/2023\/03\/Beitragsbild-Reinkarnation-Irrige-Vorstellung-oder-plausibel.jpeg\",\"contentUrl\":\"https:\/\/dieter-jenz.de\/lc\/wp-content\/uploads\/2023\/03\/Beitragsbild-Reinkarnation-Irrige-Vorstellung-oder-plausibel.jpeg\",\"width\":800,\"height\":800,\"caption\":\"Gestaltung: privat\"},{\"@type\":\"BreadcrumbList\",\"@id\":\"https:\/\/dieter-jenz.de\/lc\/reinkarnation-irrige-vorstellung-oder-plausibel\/#breadcrumb\",\"itemListElement\":[{\"@type\":\"ListItem\",\"position\":1,\"name\":\"Home\",\"item\":\"https:\/\/dieter-jenz.de\/lc\/\"},{\"@type\":\"ListItem\",\"position\":2,\"name\":\"Lebensfragen\",\"item\":\"https:\/\/dieter-jenz.de\/lc\/category\/lebensfragen\/\"},{\"@type\":\"ListItem\",\"position\":3,\"name\":\"Reinkarnation \u2013 Irrige Vorstellung oder plausibel?\"}]},{\"@type\":\"WebSite\",\"@id\":\"https:\/\/dieter-jenz.de\/lc\/#website\",\"url\":\"https:\/\/dieter-jenz.de\/lc\/\",\"name\":\"Dieter Jenz, Begleitung und Coaching\",\"description\":\"Die andere, neue Sichtweise entdecken - auftanken - neue Wege gehen\",\"publisher\":{\"@id\":\"https:\/\/dieter-jenz.de\/lc\/#\/schema\/person\/618cfd5c289d0a23930cb258a43679ab\"},\"potentialAction\":[{\"@type\":\"SearchAction\",\"target\":{\"@type\":\"EntryPoint\",\"urlTemplate\":\"https:\/\/dieter-jenz.de\/lc\/?s={search_term_string}\"},\"query-input\":{\"@type\":\"PropertyValueSpecification\",\"valueRequired\":true,\"valueName\":\"search_term_string\"}}],\"inLanguage\":\"de\"},{\"@type\":[\"Person\",\"Organization\"],\"@id\":\"https:\/\/dieter-jenz.de\/lc\/#\/schema\/person\/618cfd5c289d0a23930cb258a43679ab\",\"name\":\"Dieter Jenz\",\"image\":{\"@type\":\"ImageObject\",\"inLanguage\":\"de\",\"@id\":\"https:\/\/dieter-jenz.de\/lc\/#\/schema\/person\/image\/\",\"url\":\"https:\/\/dieter-jenz.de\/lc\/wp-content\/uploads\/2020\/01\/Logo-Coaching-und-Begleitung.png\",\"contentUrl\":\"https:\/\/dieter-jenz.de\/lc\/wp-content\/uploads\/2020\/01\/Logo-Coaching-und-Begleitung.png\",\"width\":320,\"height\":240,\"caption\":\"Dieter Jenz\"},\"logo\":{\"@id\":\"https:\/\/dieter-jenz.de\/lc\/#\/schema\/person\/image\/\"},\"description\":\"Ich bin Dieter Jenz, Begleiter, Berater und Coach mit Leidenschaft. \u00dcber viele Jahre hinweg habe ich einen reichen Schatz an Kompetenz und Erfahrung erworben. Meine Themen sind die \\\"4L\\\": Lebensaufgabe, Lebensplanung, Lebensnavigation und Lebensqualit\u00e4t.\",\"sameAs\":[\"https:\/\/www.facebook.com\/dieter.jenz.inspiration\",\"https:\/\/www.pinterest.de\/dieterjenz\/\",\"https:\/\/x.com\/https:\/\/twitter.com\/dieterjenz\"],\"url\":\"https:\/\/dieter-jenz.de\/lc\/author\/dieter\/\"}]}<\/script>\n<!-- \/ Yoast SEO plugin. -->","yoast_head_json":{"title":"Reinkarnation \u2013 Irrige Vorstellung oder plausibel?","description":"Folgt das Konzept der Reinkarnation einer irrigen Vorstellung oder erweist es sich bei kritischer \u00dcberpr\u00fcfung als plausibel?","robots":{"index":"index","follow":"follow","max-snippet":"max-snippet:-1","max-image-preview":"max-image-preview:large","max-video-preview":"max-video-preview:-1"},"canonical":"https:\/\/dieter-jenz.de\/lc\/reinkarnation-irrige-vorstellung-oder-plausibel\/","og_locale":"de_DE","og_type":"article","og_title":"Reinkarnation \u2013 Irrige Vorstellung oder plausibel?","og_description":"Folgt das Konzept der Reinkarnation einer irrigen Vorstellung oder erweist es sich bei kritischer \u00dcberpr\u00fcfung als plausibel?","og_url":"https:\/\/dieter-jenz.de\/lc\/reinkarnation-irrige-vorstellung-oder-plausibel\/","og_site_name":"Dieter Jenz, Begleitung und Coaching","article_publisher":"https:\/\/www.facebook.com\/dieter.jenz.inspiration","article_author":"https:\/\/www.facebook.com\/dieter.jenz.inspiration","article_published_time":"2023-03-16T07:00:00+00:00","article_modified_time":"2023-03-20T09:05:26+00:00","og_image":[{"width":800,"height":800,"url":"https:\/\/dieter-jenz.de\/lc\/wp-content\/uploads\/2023\/03\/Beitragsbild-Reinkarnation-Irrige-Vorstellung-oder-plausibel.jpeg","type":"image\/jpeg"}],"author":"Dieter Jenz","twitter_card":"summary_large_image","twitter_creator":"@https:\/\/twitter.com\/dieterjenz","twitter_site":"@dieterjenz","twitter_misc":{"Verfasst von":"Dieter Jenz","Gesch\u00e4tzte Lesezeit":"22\u00a0Minuten"},"schema":{"@context":"https:\/\/schema.org","@graph":[{"@type":"Article","@id":"https:\/\/dieter-jenz.de\/lc\/reinkarnation-irrige-vorstellung-oder-plausibel\/#article","isPartOf":{"@id":"https:\/\/dieter-jenz.de\/lc\/reinkarnation-irrige-vorstellung-oder-plausibel\/"},"author":{"name":"Dieter Jenz","@id":"https:\/\/dieter-jenz.de\/lc\/#\/schema\/person\/618cfd5c289d0a23930cb258a43679ab"},"headline":"Reinkarnation \u2013 Irrige Vorstellung oder plausibel?","datePublished":"2023-03-16T07:00:00+00:00","dateModified":"2023-03-20T09:05:26+00:00","mainEntityOfPage":{"@id":"https:\/\/dieter-jenz.de\/lc\/reinkarnation-irrige-vorstellung-oder-plausibel\/"},"wordCount":4155,"publisher":{"@id":"https:\/\/dieter-jenz.de\/lc\/#\/schema\/person\/618cfd5c289d0a23930cb258a43679ab"},"image":{"@id":"https:\/\/dieter-jenz.de\/lc\/reinkarnation-irrige-vorstellung-oder-plausibel\/#primaryimage"},"thumbnailUrl":"https:\/\/dieter-jenz.de\/lc\/wp-content\/uploads\/2023\/03\/Beitragsbild-Reinkarnation-Irrige-Vorstellung-oder-plausibel.jpeg","articleSection":["Lebensfragen"],"inLanguage":"de"},{"@type":"WebPage","@id":"https:\/\/dieter-jenz.de\/lc\/reinkarnation-irrige-vorstellung-oder-plausibel\/","url":"https:\/\/dieter-jenz.de\/lc\/reinkarnation-irrige-vorstellung-oder-plausibel\/","name":"Reinkarnation \u2013 Irrige Vorstellung oder plausibel?","isPartOf":{"@id":"https:\/\/dieter-jenz.de\/lc\/#website"},"primaryImageOfPage":{"@id":"https:\/\/dieter-jenz.de\/lc\/reinkarnation-irrige-vorstellung-oder-plausibel\/#primaryimage"},"image":{"@id":"https:\/\/dieter-jenz.de\/lc\/reinkarnation-irrige-vorstellung-oder-plausibel\/#primaryimage"},"thumbnailUrl":"https:\/\/dieter-jenz.de\/lc\/wp-content\/uploads\/2023\/03\/Beitragsbild-Reinkarnation-Irrige-Vorstellung-oder-plausibel.jpeg","datePublished":"2023-03-16T07:00:00+00:00","dateModified":"2023-03-20T09:05:26+00:00","description":"Folgt das Konzept der Reinkarnation einer irrigen Vorstellung oder erweist es sich bei kritischer \u00dcberpr\u00fcfung als plausibel?","breadcrumb":{"@id":"https:\/\/dieter-jenz.de\/lc\/reinkarnation-irrige-vorstellung-oder-plausibel\/#breadcrumb"},"inLanguage":"de","potentialAction":[{"@type":"ReadAction","target":["https:\/\/dieter-jenz.de\/lc\/reinkarnation-irrige-vorstellung-oder-plausibel\/"]}]},{"@type":"ImageObject","inLanguage":"de","@id":"https:\/\/dieter-jenz.de\/lc\/reinkarnation-irrige-vorstellung-oder-plausibel\/#primaryimage","url":"https:\/\/dieter-jenz.de\/lc\/wp-content\/uploads\/2023\/03\/Beitragsbild-Reinkarnation-Irrige-Vorstellung-oder-plausibel.jpeg","contentUrl":"https:\/\/dieter-jenz.de\/lc\/wp-content\/uploads\/2023\/03\/Beitragsbild-Reinkarnation-Irrige-Vorstellung-oder-plausibel.jpeg","width":800,"height":800,"caption":"Gestaltung: privat"},{"@type":"BreadcrumbList","@id":"https:\/\/dieter-jenz.de\/lc\/reinkarnation-irrige-vorstellung-oder-plausibel\/#breadcrumb","itemListElement":[{"@type":"ListItem","position":1,"name":"Home","item":"https:\/\/dieter-jenz.de\/lc\/"},{"@type":"ListItem","position":2,"name":"Lebensfragen","item":"https:\/\/dieter-jenz.de\/lc\/category\/lebensfragen\/"},{"@type":"ListItem","position":3,"name":"Reinkarnation \u2013 Irrige Vorstellung oder plausibel?"}]},{"@type":"WebSite","@id":"https:\/\/dieter-jenz.de\/lc\/#website","url":"https:\/\/dieter-jenz.de\/lc\/","name":"Dieter Jenz, Begleitung und Coaching","description":"Die andere, neue Sichtweise entdecken - auftanken - neue Wege gehen","publisher":{"@id":"https:\/\/dieter-jenz.de\/lc\/#\/schema\/person\/618cfd5c289d0a23930cb258a43679ab"},"potentialAction":[{"@type":"SearchAction","target":{"@type":"EntryPoint","urlTemplate":"https:\/\/dieter-jenz.de\/lc\/?s={search_term_string}"},"query-input":{"@type":"PropertyValueSpecification","valueRequired":true,"valueName":"search_term_string"}}],"inLanguage":"de"},{"@type":["Person","Organization"],"@id":"https:\/\/dieter-jenz.de\/lc\/#\/schema\/person\/618cfd5c289d0a23930cb258a43679ab","name":"Dieter Jenz","image":{"@type":"ImageObject","inLanguage":"de","@id":"https:\/\/dieter-jenz.de\/lc\/#\/schema\/person\/image\/","url":"https:\/\/dieter-jenz.de\/lc\/wp-content\/uploads\/2020\/01\/Logo-Coaching-und-Begleitung.png","contentUrl":"https:\/\/dieter-jenz.de\/lc\/wp-content\/uploads\/2020\/01\/Logo-Coaching-und-Begleitung.png","width":320,"height":240,"caption":"Dieter Jenz"},"logo":{"@id":"https:\/\/dieter-jenz.de\/lc\/#\/schema\/person\/image\/"},"description":"Ich bin Dieter Jenz, Begleiter, Berater und Coach mit Leidenschaft. \u00dcber viele Jahre hinweg habe ich einen reichen Schatz an Kompetenz und Erfahrung erworben. Meine Themen sind die \"4L\": Lebensaufgabe, Lebensplanung, Lebensnavigation und Lebensqualit\u00e4t.","sameAs":["https:\/\/www.facebook.com\/dieter.jenz.inspiration","https:\/\/www.pinterest.de\/dieterjenz\/","https:\/\/x.com\/https:\/\/twitter.com\/dieterjenz"],"url":"https:\/\/dieter-jenz.de\/lc\/author\/dieter\/"}]}},"_links":{"self":[{"href":"https:\/\/dieter-jenz.de\/lc\/wp-json\/wp\/v2\/posts\/8455"}],"collection":[{"href":"https:\/\/dieter-jenz.de\/lc\/wp-json\/wp\/v2\/posts"}],"about":[{"href":"https:\/\/dieter-jenz.de\/lc\/wp-json\/wp\/v2\/types\/post"}],"author":[{"embeddable":true,"href":"https:\/\/dieter-jenz.de\/lc\/wp-json\/wp\/v2\/users\/2"}],"replies":[{"embeddable":true,"href":"https:\/\/dieter-jenz.de\/lc\/wp-json\/wp\/v2\/comments?post=8455"}],"version-history":[{"count":4,"href":"https:\/\/dieter-jenz.de\/lc\/wp-json\/wp\/v2\/posts\/8455\/revisions"}],"predecessor-version":[{"id":8471,"href":"https:\/\/dieter-jenz.de\/lc\/wp-json\/wp\/v2\/posts\/8455\/revisions\/8471"}],"wp:featuredmedia":[{"embeddable":true,"href":"https:\/\/dieter-jenz.de\/lc\/wp-json\/wp\/v2\/media\/8454"}],"wp:attachment":[{"href":"https:\/\/dieter-jenz.de\/lc\/wp-json\/wp\/v2\/media?parent=8455"}],"wp:term":[{"taxonomy":"category","embeddable":true,"href":"https:\/\/dieter-jenz.de\/lc\/wp-json\/wp\/v2\/categories?post=8455"},{"taxonomy":"post_tag","embeddable":true,"href":"https:\/\/dieter-jenz.de\/lc\/wp-json\/wp\/v2\/tags?post=8455"}],"curies":[{"name":"wp","href":"https:\/\/api.w.org\/{rel}","templated":true}]}}