{"id":8686,"date":"2023-05-23T11:00:00","date_gmt":"2023-05-23T09:00:00","guid":{"rendered":"https:\/\/dieter-jenz.de\/lc\/?p=8686"},"modified":"2023-05-24T16:26:45","modified_gmt":"2023-05-24T14:26:45","slug":"wie-glaubwuerdig-sind-berichte-zu-transzendenzerfahrungen","status":"publish","type":"post","link":"https:\/\/dieter-jenz.de\/lc\/wie-glaubwuerdig-sind-berichte-zu-transzendenzerfahrungen\/","title":{"rendered":"Wie glaubw\u00fcrdig sind Berichte zu Transzendenzerfahrungen?"},"content":{"rendered":"<div class=\"yoast-breadcrumbs\"><span><span><a href=\"https:\/\/dieter-jenz.de\/lc\/\">Home<\/a><\/span> \u00bb <span><a href=\"https:\/\/dieter-jenz.de\/lc\/category\/lebensfragen\/\">Lebensfragen<\/a><\/span> \u00bb <span class=\"breadcrumb_last\" aria-current=\"page\"><strong>Wie glaubw\u00fcrdig sind Berichte zu Transzendenzerfahrungen?<\/strong><\/span><\/span><\/div>\n\n\n<div style=\"height:50px\" aria-hidden=\"true\" class=\"wp-block-spacer\"><\/div>\n\n\n\n<p>Wie glaubw\u00fcrdig sind Berichte zu Transzendenzerfahrungen (Nahtoderfahrungen, Sterbebettvisionen usw.)? Eine spannende Frage!<\/p>\n\n\n\n<p><strong>Inhalte:<\/strong><\/p>\n\n\n\n<nav class=\"wp-block-table-of-contents\"><ol><li><a class=\"wp-block-table-of-contents__entry\" href=\"https:\/\/dieter-jenz.de\/lc\/wie-glaubwuerdig-sind-berichte-zu-transzendenzerfahrungen\/#einflussfaktoren-auf-die-art-und-weise-von-schilderungen\">Einflussfaktoren auf die Art und Weise von Schilderungen<\/a><ol><li><a class=\"wp-block-table-of-contents__entry\" href=\"https:\/\/dieter-jenz.de\/lc\/wie-glaubwuerdig-sind-berichte-zu-transzendenzerfahrungen\/#beschreibbarkeit\">Beschreibbarkeit<\/a><\/li><li><a class=\"wp-block-table-of-contents__entry\" href=\"https:\/\/dieter-jenz.de\/lc\/wie-glaubwuerdig-sind-berichte-zu-transzendenzerfahrungen\/#subjektive-deutung\">Subjektive Deutung<\/a><\/li><li><a class=\"wp-block-table-of-contents__entry\" href=\"https:\/\/dieter-jenz.de\/lc\/wie-glaubwuerdig-sind-berichte-zu-transzendenzerfahrungen\/#soziokultureller-kontext\">Soziokultureller Kontext<\/a><\/li><\/ol><\/li><li><a class=\"wp-block-table-of-contents__entry\" href=\"https:\/\/dieter-jenz.de\/lc\/wie-glaubwuerdig-sind-berichte-zu-transzendenzerfahrungen\/#erkenntnisgewinn-auf-basis-von-referenzkriterien\">Erkenntnisgewinn auf Basis von Referenzkriterien<\/a><ol><li><a class=\"wp-block-table-of-contents__entry\" href=\"https:\/\/dieter-jenz.de\/lc\/wie-glaubwuerdig-sind-berichte-zu-transzendenzerfahrungen\/#semantische-differenzen-und-widerspruche\">Semantische Differenzen und Widerspr\u00fcche<\/a><\/li><li><a class=\"wp-block-table-of-contents__entry\" href=\"https:\/\/dieter-jenz.de\/lc\/wie-glaubwuerdig-sind-berichte-zu-transzendenzerfahrungen\/#begrenzter-einblick\">Begrenzter Einblick<\/a><\/li><\/ol><\/li><li><a class=\"wp-block-table-of-contents__entry\" href=\"https:\/\/dieter-jenz.de\/lc\/wie-glaubwuerdig-sind-berichte-zu-transzendenzerfahrungen\/#folgerungen\">Folgerungen<\/a><\/li><\/ol><\/nav>\n\n\n\n<div class=\"wp-block-media-text is-stacked-on-mobile has-background-background-color has-background\" style=\"grid-template-columns:15% auto\"><figure class=\"wp-block-media-text__media\"><a href=\"https:\/\/dieter-jenz.de\/lc\/was-geschieht-mit-mir-wenn-ich-sterbe\/\"><img loading=\"lazy\" decoding=\"async\" width=\"800\" height=\"800\" src=\"https:\/\/dieter-jenz.de\/lc\/wp-content\/uploads\/2022\/03\/Beitragsbild-Was-geschieht-mit-mir-wenn-ich-sterbe.jpeg\" alt=\"Was geschieht mit mir wenn ich sterbe - Gestaltung: privat\" class=\"wp-image-7029 size-full\" srcset=\"https:\/\/dieter-jenz.de\/lc\/wp-content\/uploads\/2022\/03\/Beitragsbild-Was-geschieht-mit-mir-wenn-ich-sterbe.jpeg 800w, https:\/\/dieter-jenz.de\/lc\/wp-content\/uploads\/2022\/03\/Beitragsbild-Was-geschieht-mit-mir-wenn-ich-sterbe-300x300.jpeg 300w, https:\/\/dieter-jenz.de\/lc\/wp-content\/uploads\/2022\/03\/Beitragsbild-Was-geschieht-mit-mir-wenn-ich-sterbe-150x150.jpeg 150w, https:\/\/dieter-jenz.de\/lc\/wp-content\/uploads\/2022\/03\/Beitragsbild-Was-geschieht-mit-mir-wenn-ich-sterbe-768x768.jpeg 768w, https:\/\/dieter-jenz.de\/lc\/wp-content\/uploads\/2022\/03\/Beitragsbild-Was-geschieht-mit-mir-wenn-ich-sterbe-540x540.jpeg 540w\" sizes=\"(max-width: 800px) 100vw, 800px\" \/><\/a><\/figure><div class=\"wp-block-media-text__content\">\n<p class=\"has-border-background-color has-background has-normal-font-size\">Dieser Beitrag ist Teil der Serie &#8222;<em>Was geschieht mit mir wenn ich sterbe?<\/em>&#8220; <br>Grobes <a href=\"https:\/\/dieter-jenz.de\/lc\/was-geschieht-mit-mir-wenn-ich-sterbe\/\" target=\"_blank\" rel=\"noreferrer noopener\">Inhaltsverzeichnis<\/a><\/p>\n<\/div><\/div>\n\n\n\n<p>Im Lauf der Geschichte wurden eine Vielzahl von Transzendenzerfahrungen (Nahtoderfahrungen, Sterbebettvisionen, Nachtodkontakte usw.) aus nahezu allen Regionen der Erde berichtet. Wie bereits deutlich wurde, ist das Spektrum berichteter Transzendenzerfahrungen \u00fcberaus breit. In einer gesamtheitlichen Betrachtung stellt sich nunmehr die Frage, welche Glaubw\u00fcrdigkeit derartigen Schilderungen zugemessen werden kann.<\/p>\n\n\n\n<p>Einige Schilderungen von Transzendenzerfahrungen lie\u00dfen sich im Nachhinein verifizieren. Wenn weder Berichtender noch Zuh\u00f6rer objektiv Kenntnis von einem geschilderten Umstand haben k\u00f6nnen, sich dieser aber als nachpr\u00fcfbar zutreffend erweist, gilt eine Schilderung als verifiziert (s.&nbsp;a. \u201ePeak in Darien\u201c-Ph\u00e4nomen). Dies ist beispielsweise der Fall, wenn ein Sterbender in einer Sterbebettvision einem Verstorbenen begegnet, dessen k\u00fcrzlicher Tod objektiv noch niemand, also weder dem Sterbenden selbst noch anwesenden Personen, bekannt sein kann.<\/p>\n\n\n\n<p>Die weitaus meisten Schilderungen von Transzendenzerfahrungen lassen sich nicht verifizieren. Es handelt sich um subjektive Schilderungen individueller Erfahrungen, wobei es dem Berichtenden \u00fcberlassen bleibt, ob eine Transzendenzerfahrung vollst\u00e4ndig und exakt so wie sie erlebt wurde geschildert wird. Dem Berichtenden bleibt es ebenfalls \u00fcberlassen, wie eine Schilderung mit verbalen, nonverbalen und paraverbalen Ausdrucksm\u00f6glichkeiten wiedergegeben wird. Somit bleibt stets auch ein gewisses Risiko einer Fehlinterpretation durch einen Zuh\u00f6rer oder Leser, wenn beispielsweise die Kommunikationspartner Begriffe unterschiedlich interpretieren.<\/p>\n\n\n<div class=\"su-box su-box-style-default\" id=\"\" style=\"border-color:#000000;border-radius:3px;\"><div class=\"su-box-title\" style=\"background-color:#333333;color:#FFFFFF;border-top-left-radius:1px;border-top-right-radius:1px\">Letzte Beitr\u00e4ge <\/div><div class=\"su-box-content su-u-clearfix su-u-trim\" style=\"border-bottom-left-radius:1px;border-bottom-right-radius:1px\"><div class=\"su-expand su-expand-collapsed su-expand-link-style-default\" data-height=\"100\"><div class=\"su-expand-content su-u-trim\" style=\"color:#333333;max-height:100px;overflow:hidden\">\n\n<div class=\"su-posts su-posts-teaser-loop \">\n\n\t\t\t\t\t\t\n\t\t\t\n\t\t\t<div id=\"su-post-12357\" class=\"su-post \">\n\t\t\t\t\t\t\t\t\t<a class=\"su-post-thumbnail\" href=\"https:\/\/dieter-jenz.de\/lc\/die-realitaet-das-individuelle-selbst-befindet-sich-nicht-im-gehirn\/\"><img loading=\"lazy\" decoding=\"async\" width=\"800\" height=\"800\" src=\"https:\/\/dieter-jenz.de\/lc\/wp-content\/uploads\/2024\/11\/Beitragsbild-Realitaet-Individuelles-Selbst-nicht-im-Gehirn.jpeg\" class=\"attachment-post-thumbnail size-post-thumbnail wp-post-image\" alt=\"Realit\u00e4t Das individuelle Selbst befindet sich nicht im Gehirn - Gestaltung: privat\" \/><\/a>\n\t\t\t\t\t\t\t\t<h2 class=\"su-post-title\"><a href=\"https:\/\/dieter-jenz.de\/lc\/die-realitaet-das-individuelle-selbst-befindet-sich-nicht-im-gehirn\/\">Die Realit\u00e4t: Das individuelle Selbst befindet sich nicht im Gehirn<\/a><\/h2>\n\t\t\t<\/div>\n\n\t\t\t\t\t\n\t\t\t\n\t\t\t<div id=\"su-post-12328\" class=\"su-post \">\n\t\t\t\t\t\t\t\t\t<a class=\"su-post-thumbnail\" href=\"https:\/\/dieter-jenz.de\/lc\/verifikation-der-eis-hypothese-ungewoehnliche-erinnerungen\/\"><img loading=\"lazy\" decoding=\"async\" width=\"800\" height=\"800\" src=\"https:\/\/dieter-jenz.de\/lc\/wp-content\/uploads\/2024\/11\/Beitragsbild-Verifikation-EIS-Hypothese-Ungewoehnliche-Erinnerungen.jpeg\" class=\"attachment-post-thumbnail size-post-thumbnail wp-post-image\" alt=\"Verifikation frt EIS-Hypothese: Ungew\u00f6hnliche Erinnerungen - Gestaltung: privat\" \/><\/a>\n\t\t\t\t\t\t\t\t<h2 class=\"su-post-title\"><a href=\"https:\/\/dieter-jenz.de\/lc\/verifikation-der-eis-hypothese-ungewoehnliche-erinnerungen\/\">Verifikation der EIS-Hypothese: Ungew\u00f6hnliche Erinnerungen<\/a><\/h2>\n\t\t\t<\/div>\n\n\t\t\t\t\t\n\t\t\t\n\t\t\t<div id=\"su-post-12313\" class=\"su-post \">\n\t\t\t\t\t\t\t\t\t<a class=\"su-post-thumbnail\" href=\"https:\/\/dieter-jenz.de\/lc\/verifikation-der-eis-hypothese-terminale-geistesklarheit\/\"><img loading=\"lazy\" decoding=\"async\" width=\"800\" height=\"800\" src=\"https:\/\/dieter-jenz.de\/lc\/wp-content\/uploads\/2024\/11\/Beitragsbild-Verifikation-EIS-Hypothese-Terminale-Geistesklarheit.jpeg\" class=\"attachment-post-thumbnail size-post-thumbnail wp-post-image\" alt=\"Verifikation der EIS-Hypothese: Terminale Geistesklarheit - Gestaltung: privat\" \/><\/a>\n\t\t\t\t\t\t\t\t<h2 class=\"su-post-title\"><a href=\"https:\/\/dieter-jenz.de\/lc\/verifikation-der-eis-hypothese-terminale-geistesklarheit\/\">Verifikation der EIS-Hypothese: Terminale Geistesklarheit<\/a><\/h2>\n\t\t\t<\/div>\n\n\t\t\t\t\t\n\t\t\t\n\t\t\t<div id=\"su-post-12248\" class=\"su-post \">\n\t\t\t\t\t\t\t\t\t<a class=\"su-post-thumbnail\" href=\"https:\/\/dieter-jenz.de\/lc\/verifikation-der-eis-hypothese-nahtoderfahrung\/\"><img loading=\"lazy\" decoding=\"async\" width=\"800\" height=\"800\" src=\"https:\/\/dieter-jenz.de\/lc\/wp-content\/uploads\/2024\/10\/Beitragsbild-Verifikation-EIS-Hypothese-Nahtoderfahrung.jpeg\" class=\"attachment-post-thumbnail size-post-thumbnail wp-post-image\" alt=\"Verifikation der EIS-Hypothese: Nahtoderfahrung - Gestaltung: privat\" \/><\/a>\n\t\t\t\t\t\t\t\t<h2 class=\"su-post-title\"><a href=\"https:\/\/dieter-jenz.de\/lc\/verifikation-der-eis-hypothese-nahtoderfahrung\/\">Verifikation der EIS-Hypothese: Nahtoderfahrung<\/a><\/h2>\n\t\t\t<\/div>\n\n\t\t\t\t\t\n\t\t\t\n\t\t\t<div id=\"su-post-12193\" class=\"su-post \">\n\t\t\t\t\t\t\t\t\t<a class=\"su-post-thumbnail\" href=\"https:\/\/dieter-jenz.de\/lc\/das-losloesungsszenario-ist-es-plausibel\/\"><img loading=\"lazy\" decoding=\"async\" width=\"800\" height=\"800\" src=\"https:\/\/dieter-jenz.de\/lc\/wp-content\/uploads\/2024\/09\/Beitragsbild-Losloesungsszenario.jpeg\" class=\"attachment-post-thumbnail size-post-thumbnail wp-post-image\" alt=\"Losl\u00f6sungsszenario - Gestaltung: privat\" \/><\/a>\n\t\t\t\t\t\t\t\t<h2 class=\"su-post-title\"><a href=\"https:\/\/dieter-jenz.de\/lc\/das-losloesungsszenario-ist-es-plausibel\/\">Das Losl\u00f6sungsszenario &#8211; ist es plausibel?<\/a><\/h2>\n\t\t\t<\/div>\n\n\t\t\t\t\t\n\t\t\t\n\t\t\t<div id=\"su-post-12174\" class=\"su-post \">\n\t\t\t\t\t\t\t\t\t<a class=\"su-post-thumbnail\" href=\"https:\/\/dieter-jenz.de\/lc\/das-evakuierungsszenario-ist-es-plausibel\/\"><img loading=\"lazy\" decoding=\"async\" width=\"800\" height=\"800\" src=\"https:\/\/dieter-jenz.de\/lc\/wp-content\/uploads\/2024\/09\/Beitragsbild-Evakuierungsszenario.jpeg\" class=\"attachment-post-thumbnail size-post-thumbnail wp-post-image\" alt=\"Evakuierungsszenario - Gestaltung: privat\" \/><\/a>\n\t\t\t\t\t\t\t\t<h2 class=\"su-post-title\"><a href=\"https:\/\/dieter-jenz.de\/lc\/das-evakuierungsszenario-ist-es-plausibel\/\">Das Evakuierungsszenario &#8211; ist es plausibel?<\/a><\/h2>\n\t\t\t<\/div>\n\n\t\t\t\t\t\n\t\t\t\n\t\t\t<div id=\"su-post-12136\" class=\"su-post \">\n\t\t\t\t\t\t\t\t\t<a class=\"su-post-thumbnail\" href=\"https:\/\/dieter-jenz.de\/lc\/das-erloeschungsszenario-ist-es-plausibel\/\"><img loading=\"lazy\" decoding=\"async\" width=\"800\" height=\"800\" src=\"https:\/\/dieter-jenz.de\/lc\/wp-content\/uploads\/2024\/09\/Beitragsbild-Erloeschungsszenario.jpeg\" class=\"attachment-post-thumbnail size-post-thumbnail wp-post-image\" alt=\"Erl\u00f6schungsszenario - Gestaltung: privat\" \/><\/a>\n\t\t\t\t\t\t\t\t<h2 class=\"su-post-title\"><a href=\"https:\/\/dieter-jenz.de\/lc\/das-erloeschungsszenario-ist-es-plausibel\/\">Das Erl\u00f6schungsszenario &#8211; ist es plausibel?<\/a><\/h2>\n\t\t\t<\/div>\n\n\t\t\t\t\t\n\t\t\t\n\t\t\t<div id=\"su-post-11981\" class=\"su-post \">\n\t\t\t\t\t\t\t\t\t<a class=\"su-post-thumbnail\" href=\"https:\/\/dieter-jenz.de\/lc\/was-sind-nahtoderfahrungenwie-werden-sie-erlebt\/\"><img loading=\"lazy\" decoding=\"async\" width=\"800\" height=\"800\" src=\"https:\/\/dieter-jenz.de\/lc\/wp-content\/uploads\/2024\/07\/Beitragsbild-Was-sind-Nahtoderfahrungen.jpeg\" class=\"attachment-post-thumbnail size-post-thumbnail wp-post-image\" alt=\"Was sind Nahtoderfahrungen - Gestaltung: privat\" \/><\/a>\n\t\t\t\t\t\t\t\t<h2 class=\"su-post-title\"><a href=\"https:\/\/dieter-jenz.de\/lc\/was-sind-nahtoderfahrungenwie-werden-sie-erlebt\/\">Was sind Nahtoderfahrungen? Wie werden sie erlebt?<\/a><\/h2>\n\t\t\t<\/div>\n\n\t\t\t\t\t\n\t\t\t\n\t\t\t<div id=\"su-post-11947\" class=\"su-post \">\n\t\t\t\t\t\t\t\t\t<a class=\"su-post-thumbnail\" href=\"https:\/\/dieter-jenz.de\/lc\/taktile-kommunikation-was-verbirgt-sich-dahinter\/\"><img loading=\"lazy\" decoding=\"async\" width=\"800\" height=\"800\" src=\"https:\/\/dieter-jenz.de\/lc\/wp-content\/uploads\/2024\/07\/Beitragsbild-Taktile-Kommunikation.jpeg\" class=\"attachment-post-thumbnail size-post-thumbnail wp-post-image\" alt=\"Taktile Kommunikation - Gestaltung: privat\" \/><\/a>\n\t\t\t\t\t\t\t\t<h2 class=\"su-post-title\"><a href=\"https:\/\/dieter-jenz.de\/lc\/taktile-kommunikation-was-verbirgt-sich-dahinter\/\">Taktile Kommunikation \u2013 was verbirgt sich dahinter?<\/a><\/h2>\n\t\t\t<\/div>\n\n\t\t\t\t\t\n\t\t\t\n\t\t\t<div id=\"su-post-11943\" class=\"su-post \">\n\t\t\t\t\t\t\t\t\t<a class=\"su-post-thumbnail\" href=\"https:\/\/dieter-jenz.de\/lc\/olfaktorische-kommunikation-was-verbirgt-sich-dahinter\/\"><img loading=\"lazy\" decoding=\"async\" width=\"800\" height=\"800\" src=\"https:\/\/dieter-jenz.de\/lc\/wp-content\/uploads\/2024\/07\/Beitragsbild-Olfaktorische-Kommunikation.jpeg\" class=\"attachment-post-thumbnail size-post-thumbnail wp-post-image\" alt=\"Olfaktorische Kommunikation - Gestaltung: privat\" \/><\/a>\n\t\t\t\t\t\t\t\t<h2 class=\"su-post-title\"><a href=\"https:\/\/dieter-jenz.de\/lc\/olfaktorische-kommunikation-was-verbirgt-sich-dahinter\/\">Olfaktorische Kommunikation \u2013 was verbirgt sich dahinter?<\/a><\/h2>\n\t\t\t<\/div>\n\n\t\t\t\n<\/div>\n  <\/div><div class=\"su-expand-link su-expand-link-more\" style=\"text-align:left\"><a href=\"javascript:;\" style=\"color:#0088FF;border-color:#0088FF\"><span style=\"border-color:#0088FF\">Mehr anzeigen<\/span><\/a><\/div><div class=\"su-expand-link su-expand-link-less\" style=\"text-align:left\"><a href=\"javascript:;\" style=\"color:#0088FF;border-color:#0088FF\"><span style=\"border-color:#0088FF\">Weniger anzeigen<\/span><\/a><\/div><\/div><\/div><\/div>\n\n\n\n<h3 class=\"wp-block-heading\" id=\"einflussfaktoren-auf-die-art-und-weise-von-schilderungen\"><strong>Einflussfaktoren auf die Art und Weise von Schilderungen<\/strong><\/h3>\n\n\n\n<p>Vor dem Hintergrund, dass die meisten Transzendenzerfahrungen nicht durch belegbare Fakten objektiv verifiziert werden k\u00f6nnen, stellt sich die entscheidende Frage: Wie glaubw\u00fcrdig sind nicht verifizierbare Transzendenzerfahrungen? Um einer Antwort n\u00e4her zu kommen, ist eine Betrachtung m\u00f6glicher Einflussfaktoren hilfreich.<\/p>\n\n\n\n<h4 class=\"wp-block-heading\" id=\"beschreibbarkeit\"><strong>Beschreibbarkeit<\/strong><\/h4>\n\n\n\n<p>Jede Transzendenzerfahrung ist in Raum und Zeit einzigartig und nicht exakt identisch wiederholbar. Fast ausnahmslos handelt es sich um eine in jeder Hinsicht \u00fcberw\u00e4ltigende Erfahrung, die \u2013 mit Ausnahme intentionaler Transzendenzerfahrungen (siehe <a href=\"https:\/\/dieter-jenz.de\/lc\/taxonomie-der-transzendenzerfahrungen\/\" target=\"_blank\" rel=\"noreferrer noopener\">Taxonomie der Transzendenzerfahrungen<\/a>) \u2013 \u00fcberraschend geschieht und den Erlebenden v\u00f6llig unvorbereitet trifft. Die Nahtoderfahrung ist daf\u00fcr ein typisches Beispiel.<\/p>\n\n\n\n<p>Die meisten Transzendenzerfahrungen lassen sich mit den Mitteln der Sprache nicht wirklich ausdr\u00fccken. Wie sollte etwas treffend beschrieben werden, das im intrauniversalen Existenzraum, dem Diesseits, nicht existiert? Menschen, die eine Nahtoderfahrung erlebten, berichten beispielsweise von \u00fcberw\u00e4ltigenden visuellen und akustischen Wahrnehmungen, telepathischer Kommunikation mit Wesen, denen sie begegneten, und Losl\u00f6sung vom Raum-Zeit-Kontinuum des Diesseits \u2013 allesamt Wahrnehmungen, die im Diesseits nicht erlebbar sind.<\/p>\n\n\n\n<p>Im Grunde muss eine Transzendenzerfahrung in Worte gefasst werden, die etwas Erlebtes so \u00fcbersetzen, dass es f\u00fcr Menschen ohne einen derartigen Erfahrungshintergrund einigerma\u00dfen verst\u00e4ndlich wird. Dies wird abh\u00e4ngig von den Ausdrucksm\u00f6glichkeiten eines Betroffenen mehr oder weniger gut gelingen. Zudem besteht, wie bereits angedeutet, die Gefahr von semantischen Missverst\u00e4ndnissen zwischen Berichtendem und H\u00f6rer bzw. Leser.<\/p>\n\n\n\n<div class=\"wp-block-group\"><div class=\"wp-block-group__inner-container is-layout-constrained wp-block-group-is-layout-constrained\">\n<figure class=\"wp-block-gallery has-nested-images columns-4 is-cropped wp-block-gallery-1 is-layout-flex wp-block-gallery-is-layout-flex\">\n<figure class=\"wp-block-image size-large\"><a href=\"https:\/\/dieter-jenz.de\/lc\/portal-lebensweisheiten\/\" target=\"_blank\" rel=\"noreferrer noopener\"><img loading=\"lazy\" decoding=\"async\" width=\"800\" height=\"800\" data-id=\"10179\" src=\"https:\/\/dieter-jenz.de\/lc\/wp-content\/uploads\/2023\/12\/Lebensweisheiten.jpeg\" alt=\"Lebensweisheiten - Gestaltung: privat\" class=\"wp-image-10179\" srcset=\"https:\/\/dieter-jenz.de\/lc\/wp-content\/uploads\/2023\/12\/Lebensweisheiten.jpeg 800w, https:\/\/dieter-jenz.de\/lc\/wp-content\/uploads\/2023\/12\/Lebensweisheiten-300x300.jpeg 300w, https:\/\/dieter-jenz.de\/lc\/wp-content\/uploads\/2023\/12\/Lebensweisheiten-150x150.jpeg 150w, https:\/\/dieter-jenz.de\/lc\/wp-content\/uploads\/2023\/12\/Lebensweisheiten-768x768.jpeg 768w, https:\/\/dieter-jenz.de\/lc\/wp-content\/uploads\/2023\/12\/Lebensweisheiten-540x540.jpeg 540w\" sizes=\"(max-width: 800px) 100vw, 800px\" \/><\/a><figcaption class=\"wp-element-caption\">Gestaltung: privat<\/figcaption><\/figure>\n\n\n\n<figure class=\"wp-block-image size-large\"><a href=\"https:\/\/dieter-jenz.de\/lc\/portal-evergreen-themen\/\" target=\"_blank\" rel=\"noreferrer noopener\"><img loading=\"lazy\" decoding=\"async\" width=\"800\" height=\"800\" data-id=\"10200\" src=\"https:\/\/dieter-jenz.de\/lc\/wp-content\/uploads\/2023\/12\/Evergreen-Themen.jpeg\" alt=\"Evergreen-Themen - Gestaltung: privat\" class=\"wp-image-10200\" srcset=\"https:\/\/dieter-jenz.de\/lc\/wp-content\/uploads\/2023\/12\/Evergreen-Themen.jpeg 800w, https:\/\/dieter-jenz.de\/lc\/wp-content\/uploads\/2023\/12\/Evergreen-Themen-300x300.jpeg 300w, https:\/\/dieter-jenz.de\/lc\/wp-content\/uploads\/2023\/12\/Evergreen-Themen-150x150.jpeg 150w, https:\/\/dieter-jenz.de\/lc\/wp-content\/uploads\/2023\/12\/Evergreen-Themen-768x768.jpeg 768w, https:\/\/dieter-jenz.de\/lc\/wp-content\/uploads\/2023\/12\/Evergreen-Themen-540x540.jpeg 540w\" sizes=\"(max-width: 800px) 100vw, 800px\" \/><\/a><figcaption class=\"wp-element-caption\">Gestaltung: privat<\/figcaption><\/figure>\n\n\n\n<figure class=\"wp-block-image size-large\"><a href=\"https:\/\/dieter-jenz.de\/lc\/portal-wissensdurst\/\" target=\"_blank\" rel=\"noreferrer noopener\"><img loading=\"lazy\" decoding=\"async\" width=\"800\" height=\"800\" data-id=\"10177\" src=\"https:\/\/dieter-jenz.de\/lc\/wp-content\/uploads\/2023\/12\/Wissensdurst-Blick-durch-den-Tuerspalt.jpeg\" alt=\"Wissensdurst, Blick durch den T\u00fcrspalt - Gestaltung: privat\" class=\"wp-image-10177\" srcset=\"https:\/\/dieter-jenz.de\/lc\/wp-content\/uploads\/2023\/12\/Wissensdurst-Blick-durch-den-Tuerspalt.jpeg 800w, https:\/\/dieter-jenz.de\/lc\/wp-content\/uploads\/2023\/12\/Wissensdurst-Blick-durch-den-Tuerspalt-300x300.jpeg 300w, https:\/\/dieter-jenz.de\/lc\/wp-content\/uploads\/2023\/12\/Wissensdurst-Blick-durch-den-Tuerspalt-150x150.jpeg 150w, https:\/\/dieter-jenz.de\/lc\/wp-content\/uploads\/2023\/12\/Wissensdurst-Blick-durch-den-Tuerspalt-768x768.jpeg 768w, https:\/\/dieter-jenz.de\/lc\/wp-content\/uploads\/2023\/12\/Wissensdurst-Blick-durch-den-Tuerspalt-540x540.jpeg 540w\" sizes=\"(max-width: 800px) 100vw, 800px\" \/><\/a><figcaption class=\"wp-element-caption\">Gestaltung: privat<\/figcaption><\/figure>\n<\/figure>\n<\/div><\/div>\n\n\n\n<h4 class=\"wp-block-heading\" id=\"subjektive-deutung\"><strong>Subjektive Deutung<\/strong><\/h4>\n\n\n\n<p>Eine ohnehin einzigartige Transzendenzerfahrung verbindet sich mit dem einzigartigen individuellen Selbst des Erlebenden. Im individuellen Selbst finden u.&nbsp;a. pers\u00f6nliche Pr\u00e4gungen, Einstellungen und \u00dcberzeugungen ihren Ausdruck. Diese ebenfalls einzigartige Konstellation kann nicht ohne Einfluss auf Deutung und Beschreibung einer Transzendenzerfahrung bleiben.<\/p>\n\n\n\n<p>Angenommen, ein bisher vom Materialismus \u00fcberzeugter Mensch erlebt eine Nahtoderfahrung, w\u00e4hrend der er im extrauniversalen Existenzraum Gott oder einem g\u00f6ttlichen Wesen begegnet. In der Konsequenz entsteht ein eklatanter Konflikt mit der bisherigen \u00dcberzeugung. Schlie\u00dflich spiegelt der Materialismus eine philosophische Vorstellung wider, die alle Vorg\u00e4nge und Ph\u00e4nomene der Welt auf Materie und deren Gesetzm\u00e4\u00dfigkeiten und Verh\u00e4ltnisse zur\u00fcckf\u00fchrt. Selbst Gedanken, Gef\u00fchle oder das Bewusstsein k\u00f6nnen auf Materie zur\u00fcckgef\u00fchrt werden. Etwas das nicht Materie ist, wie beispielsweise Gott, findet im Materialismus keinen Raum.<\/p>\n\n\n\n<p>Nun stellt sich die Frage, wie der Betroffene die Nahtoderfahrung deutet und schildert. Wird er versuchen, sein bisheriges Weltbild zu bewahren und seine Transzendenzerfahrung so schildern, dass sie mit ihm in \u00dcbereinstimmung zu bringen ist? Oder wird er mit seiner bisherigen \u00dcberzeugung brechen? Oder versucht er eine Art Mittelweg zu finden, der darin bestehen k\u00f6nnte, seine Transzendenzerfahrung als eine Art Halluzination zu erkl\u00e4ren.<\/p>\n\n\n\n<p>Auch im entgegengesetzten Fall stellt sich das Problem. Angenommen, ein nomineller Christ erlebt w\u00e4hrend einer Nahtoderfahrung einen Lebensr\u00fcckblick, der f\u00fcr ihn nicht positiv ausf\u00e4llt. Ein g\u00f6ttliches Wesen, von dessen Existenz er bisher ausging, ist f\u00fcr ihn nicht wahrnehmbar. Wie wird er seine Nahtoderfahrung deuten und schildern? M\u00f6glicherweise wird er all dies, was sich mit seiner bisherigen \u00dcberzeugung nicht vereinbaren l\u00e4sst, in seiner Schilderung nicht erw\u00e4hnen.<\/p>\n\n\n<div class=\"su-box su-box-style-default\" id=\"\" style=\"border-color:#000000;border-radius:3px;\"><div class=\"su-box-title\" style=\"background-color:#333333;color:#FFFFFF;border-top-left-radius:1px;border-top-right-radius:1px\">Weitere Informationen und Ressourcen <\/div><div class=\"su-box-content su-u-clearfix su-u-trim\" style=\"border-bottom-left-radius:1px;border-bottom-right-radius:1px\"> <div class=\"su-list\" style=\"margin-left:0px\"> <\/p>\n<ul>\n<li><i class=\"sui sui-info-circle\" style=\"color:#333\"><\/i> <a href=\"https:\/\/dieter-jenz.de\/lc\/ausgangssituation-ziel-vorgehensweise-aktueller-stand\/\" title=\"Ausgangssituation, Ziel, Vorgehensweise\" target=\"_blank\" rel=\"\" class=\"\">Ausgangssituation, Ziel, Vorgehensweise, aktueller Stand<\/a> <\/li>\n<\/ul>\n<p> <\/div> <div class=\"su-list\" style=\"margin-left:0px\"> <\/p>\n<ul>\n<li><i class=\"sui sui-info-circle\" style=\"color:#333\"><\/i> <a href=\"https:\/\/dieter-jenz.de\/lc\/was-kommt-nach-dem-tod-erstes-zwischenfazit\/\" title=\"Erstes Zwischenfazit\" target=\"_blank\" rel=\"\" class=\"\">Was kommt nach dem Tod? &#8211; Erstes Zwischenfazit<\/a> <\/li>\n<\/ul>\n<p> <\/div> <div class=\"su-list\" style=\"margin-left:0px\"> <\/p>\n<ul>\n<li><i class=\"sui sui-info-circle\" style=\"color:#333\"><\/i> <a href=\"https:\/\/dieter-jenz.de\/lc\/ressourcen-wie-geht-es-nach-dem-tod-weiter\/\" title=\"Literatur und sonstige Ressourcen\" target=\"_blank\" rel=\"\" class=\"\">Literatur und sonstige Ressourcen<\/a> <\/li>\n<\/ul>\n<p> <\/div> <div class=\"su-list\" style=\"margin-left:0px\"> <\/p>\n<ul>\n<li><i class=\"sui sui-info-circle\" style=\"color:#333\"><\/i> <a href=\"https:\/\/dieter-jenz.de\/lc\/glossar-begriffe-transzendenzerfahrungen-lebensfragen\/\" title=\"Glossar der Begriffe zu Transzendenzerfahrungen\" target=\"_blank\" rel=\"\" class=\"\">Glossar der Begriffe im Kontext von Transzendenzerfahrungen<\/a> <\/li>\n<\/ul>\n<p> <\/div> <div class=\"su-list\" style=\"margin-left:0px\"> <\/p>\n<ul>\n<li><i class=\"sui sui-info-circle\" style=\"color:#333\"><\/i> <a href=\"https:\/\/dieter-jenz.de\/lc\/faq-haeufig-gestellte-fragen-was-kommt-nach-dem-tod\/\" title=\"FAQ (H\u00e4ufig gestellte Fragen)\" target=\"_blank\" rel=\"\" class=\"\">H\u00e4ufig gestellte Fragen (FAQ) &#8211; Was kommt nach dem Tod?<\/a> <\/li>\n<\/ul>\n<p> <\/div>   <\/div><\/div>\n\n\n\n<h4 class=\"wp-block-heading\" id=\"soziokultureller-kontext\"><strong>Soziokultureller Kontext<\/strong><\/h4>\n\n\n\n<p>Eine Transzendenzerfahrung l\u00e4sst sich dar\u00fcber hinaus, wie bereits an anderer Stelle deutlich wurde, nicht von ihrem soziokulturellen Kontext trennen. Eine Nahtoderfahrung in S\u00fcdostasien mag anders erlebt und mit kulturspezifisch anderen sprachlichen Beschreibungsformen geschildert werden als eine in Westeuropa. Insofern ist eine semantische Vergleichbarkeit nicht gegeben.<\/p>\n\n\n\n<p>In keiner Konstellation l\u00e4sst sich \u00fcberpr\u00fcfen, ob eine Schilderung einer Transzendenzerfahrung das Erlebte vollst\u00e4ndig und erlebnisgetreu wiedergibt. Immer wenn das individuelle Selbst ber\u00fchrt wird, kommt auch die Frage, wie das Geschilderte von anderen wahrgenommen und bewertet wird, ins Spiel. In Westeuropa, als Beispiel, werden Schilderungen von Transzendenzerfahrungen vergleichsweise mit einem wesentlich h\u00f6heren Ma\u00df an Skepsis aufgenommen als in S\u00fcdostasien.<\/p>\n\n\n\n<p>Auch im diesseitigen Leben l\u00f6st beispielsweise die im Alltagsleben h\u00e4ufige, jedoch das individuelle Selbst ber\u00fchrende Frage \u201eWie geht es dir?\u201c, \u00dcberlegungen aus, wie die Antwort vom H\u00f6renden wahrgenommen und bewertet wird. Wird wahrheitsgetreu geantwortet, beispielsweise mit \u201eMir geht\u2019s schlecht, weil ich die ganze Nacht kein Auge zudr\u00fccken konnte. Ich wei\u00df nicht, wie ich \u2026 verkraften soll.\u201c? Oder wird einfach mit \u201eAlles bestens\u201c geantwortet, um einen Anschein zu wahren und weiterf\u00fchrende Fragen zu vermeiden? Oder wird eine Antwort gew\u00e4hlt, die weiten Interpretationsspielraum l\u00e4sst, wie beispielsweise \u201eIch kann nicht besser klagen\u201c oder \u201eDu wei\u00dft ja, es ist immer Luft nach oben\u201c?<\/p>\n\n\n\n<p>Ausschlaggebend ist nat\u00fcrlich auch, wem etwas berichtet wird. Menschen, mit denen eine positive emotionale und gleichzeitig vertrauensvolle Beziehung besteht, werden eine andere Schilderung h\u00f6ren als Menschen, zu denen ein Gelegenheitskontakt besteht. Wenn also Menschen schon bei allt\u00e4glichen Fragen, wie der Frage nach dem pers\u00f6nlichen Befinden, Sachverhalte sch\u00f6nen oder einfach nur anders darstellen (oder auch l\u00fcgen), wieso sollten sie sich anders verhalten, wenn sie \u00fcber eine Transzendenzerfahrung berichten?<\/p>\n\n\n\n<p>Damit wird keinesfalls generell unterstellt, dass Schilderungen von Transzendenzerfahrungen unglaubw\u00fcrdig sind. Die M\u00f6glichkeit, dass sie im Einzelfall das Erlebte nicht vollst\u00e4ndig und erlebnisgetreu wiedergeben, ist jedoch nicht von der Hand zu weisen.<\/p>\n\n\n\n<h3 class=\"wp-block-heading\" id=\"erkenntnisgewinn-auf-basis-von-referenzkriterien\"><strong>Erkenntnisgewinn auf Basis von Referenzkriterien<\/strong><\/h3>\n\n\n\n<p>Um eine allgemeine Aussage zum Gehalt von Transzendenzerfahrungen treffen zu k\u00f6nnen, bietet es sich an, ein oder mehrere Kriterien zu definieren, die im Jenseits erwartbare Ereignisse und\/oder Zust\u00e4nde widerspiegeln. Aus dem intrauniversalen Existenzraum, dem Diesseits, l\u00e4sst sich jedoch nicht erschlie\u00dfen, wie der extrauniversale Existenzraum, das Jenseits, beschaffen sein k\u00f6nnte und welche Wesen dort existieren k\u00f6nnten. Lediglich das religi\u00f6se Schriftgut der Weltreligionen liefert diesbez\u00fcglich mehr oder weniger konkrete Hinweise.<\/p>\n\n\n\n<p>Vor diesem Hintergrund bietet es sich an, auf diesen Aussagen aufbauend Kriterien zu definieren, die in s\u00e4mtlichen Kulturkreisen bekannt sind und diskutiert werden. F\u00fcr diese Untersuchung werden in Fortf\u00fchrung dieses Gedankens zwei Referenzkriterien bestimmt, die in die geistig-spirituelle Dom\u00e4ne fallen: das Wesen Gottes und Reinkarnation.<\/p>\n\n\n\n<p>Das Wesen Gottes erschlie\u00dft sich aus dem jeweiligen Schrifttum der Weltreligionen. Wie bereits erw\u00e4hnt, sind die Gottesbilder der Weltreligionen jedoch keineswegs semantisch deckungsgleich. Die Frage der Reinkarnation ist etwas anders gelagert, da sie insbesondere in den Erfahrungsreligionen (Hinduismus, Buddhismus) und der Esoterik im weiteren Sinne verankert ist, nicht jedoch in den Offenbarungsreligionen (Judentum, Christentum, Islam).<\/p>\n\n\n\n<p>Von der Warte des intrauniversalen Existenzraums, des Diesseits, aus betrachtet lassen sich beide Fragen nicht eindeutig kl\u00e4ren. Das religi\u00f6se Schrifttum der Weltreligionen liefert, gesamtheitlich betrachtet, widerspr\u00fcchliche Antworten. Zur eindeutigen und endg\u00fcltigen Kl\u00e4rung bedarf es deshalb einer konkreten Offenbarung aus dem extrauniversalen Existenzraum, dem Jenseits. Transzendenzerfahrungen, insbesondere Nahtoderfahrungen, k\u00f6nnten zu dieser Kl\u00e4rung beitragen.<\/p>\n\n\n\n<p>Wie das sehr breite Spektrum der Erfahrungselement allerdings zeigt, schr\u00e4nken insbesondere zwei Faktoren den Erkenntnisgewinn von Transzendenzerfahrungen ein: semantische Differenzen und Widerspr\u00fcche sowie ein begrenzter Einblick.<\/p>\n\n\n\n<h4 class=\"wp-block-heading\" id=\"semantische-differenzen-und-widerspruche\"><strong>Semantische Differenzen und Widerspr\u00fcche<\/strong><\/h4>\n\n\n\n<p>Hinsichtlich der Referenzkriterien zeigen sich in geschilderten Transzendenzerfahrungen semantische Differenzen und Widerspr\u00fcche. Dadurch bedingt kommen erhebliche Zweifel an der Glaubw\u00fcrdigkeit der Schilderungen auf.<\/p>\n\n\n\n<p>Nach den Gesetzen der Logik reicht eine einzige semantische Differenz (z.&nbsp;B. welches Subjekt bestimmt, ob eine Reinkarnation erforderlich ist) oder Widerspruch (z.&nbsp;B. eine Reinkarnation ist m\u00f6glich bzw. nicht m\u00f6glich), um allen damit in Beziehung stehenden Berichten von Transzendenzerfahrungen die Aussagekraft abzusprechen. Kein einziger Bericht k\u00f6nnte als glaubw\u00fcrdig gelten; die Glaubw\u00fcrdigkeit w\u00e4re \u201eunbekannt\u201c.<\/p>\n\n\n\n<p>Diese \u201eharte\u201c Folgerung ber\u00fccksichtigt jedoch nicht unterschiedliche Gegebenheiten und Situationen. Im realen Leben mag sich beispielsweise ein Verkehrsunfall ereignen. Mehrere Zeugen melden sich. Doch ihre Aussagen sind nicht deckungsgleich, sondern weichen voneinander ab. Ein Grund daf\u00fcr mag sein, dass sich die Zeugen an unterschiedlichen Stellen befanden und somit das Geschehen aus unterschiedlichen Blickwinkeln beobachteten. Was ein Zeuge von seinem Ort aus sehen konnte, war einem anderen m\u00f6glicherweise verborgen, da von einem Objekt verdeckt. Voneinander abweichende Aussagen sind f\u00fcr Ermittler der Normalfall, nicht die Ausnahme. Im Gegenteil: W\u00fcrden sich die Aussagen aller Zeugen bis ins Detail decken, w\u00e4re dies ein Anlass f\u00fcr den Verdacht, dass sich Zeugen abgesprochen haben.<\/p>\n\n\n\n<p>Sinnentsprechend d\u00fcrfen semantische Differenzen und Widerspr\u00fcche nicht unmittelbar zum Anlass genommen werden, alle Schilderungen von Transzendenzerfahrungen pauschal f\u00fcr unglaubw\u00fcrdig zu erkl\u00e4ren. Vielmehr gilt es m\u00f6gliche und nachvollziehbare Gr\u00fcnde daf\u00fcr zu finden, wie es zu semantischen Differenzen und Widerspr\u00fcchen kommen kann. Im Optimalfall lassen sich alle semantischen Differenzen und Widerspr\u00fcche rational erkl\u00e4ren. Wenn dies gelingt, ergibt sich ein besseres Gesamtverst\u00e4ndnis, das wiederum wertvolle Hinweise auf die Art und Weise der menschlichen Lebensgestaltung im Diesseits vermitteln kann.<\/p>\n\n\n\n<h4 class=\"wp-block-heading\" id=\"begrenzter-einblick\"><strong>Begrenzter Einblick<\/strong><\/h4>\n\n\n\n<p>Wie bereits erkennbar wurde, sind Transzendenzerfahrungen durch eine gro\u00dfe Vielfalt von Erfahrungsmustern gepr\u00e4gt. Manche Erlebende von Nahtoderfahrungen k\u00f6nnen Gott, Jesus Christus oder ein anderes g\u00f6ttliches Wesen w\u00e4hrend ihrer Erfahrung eindeutig identifizieren, andere wiederum erleben eine derartige Begegnung nicht. Manche nehmen Gott als personales Wesen wahr, andere wiederum als Energie (z.&nbsp;B. als Licht).<\/p>\n\n\n\n<p>Die im bereits kurz skizzierten Beispiel angesprochenen unterschiedlichen Zeugenaussagen nach einem Verkehrsunfall lassen sich durch unterschiedliche Blickwinkel der Zeugen erkl\u00e4ren. Im Hinblick auf die Gegebenheiten im Jenseits w\u00fcrde dies in der Analogie bedeuten, dass Erlebende nicht die gesamte Realit\u00e4t des extrauniversalen Existenzraums, des Jenseits, erfassen oder dazu \u00fcberhaupt in der Lage sind.<\/p>\n\n\n\n<p>Ein bekanntes Gleichnis, das buddhistische Elefantengleichnis, illustriert die begrenze Wahrnehmung sehr anschaulich. Dieses Gleichnis schildert, wie eine Gruppe blinder Menschen einen Elefanten abtastet. Jeder einzelne nimmt etwas anderes wahr (Fu\u00df, R\u00fcssel, Ohr usw.) und h\u00e4lt dieses Teilst\u00fcck irrigerweise f\u00fcr das Ganze. In der Konsequenz widersprechen sich die verschiedenen begrenzten Wahrnehmungen zumindest teilweise. Die sich ergebende Auseinandersetzung zwischen den Wahrnehmenden hinsichtlich Teilwahrheiten ist in der Konsequenz sinnlos, da keiner ein Gesamtbild gewinnen kann und die ganze Realit\u00e4t den Wahrnehmenden letztlich verborgen bleibt.<\/p>\n\n\n\n<p>Auch im Diesseits ist es keinem Menschen m\u00f6glich, die ganze Realit\u00e4t des beobachtbaren Universums zu erfassen. Niemand verf\u00fcgt \u00fcber universales Wissen in allen Bereichen von Wissenschaft, Technik usw. Stets bleibt der Einblick auf einen mehr oder weniger gro\u00dfen Ausschnitt der Realit\u00e4t begrenzt. Vor diesem Hintergrund erscheint es aus dem Blickwinkel des Diesseits erst recht v\u00f6llig unm\u00f6glich, die ganze Realit\u00e4t des Jenseits erfassen zu k\u00f6nnen.<\/p>\n\n\n\n<h3 class=\"wp-block-heading\" id=\"folgerungen\"><strong>Folgerungen<\/strong><\/h3>\n\n\n\n<p>In der Gesamtschau besteht kein Anlass, von Vornherein und generell an der Glaubw\u00fcrdigkeit nicht verifizierbarer Transzendenzerfahrungen zu zweifeln. Gleichwohl mag es in Einzelf\u00e4llen vorkommen, dass aus unterschiedlichsten Motiven heraus (z.&nbsp;B. Geltungsdrang) eine Schilderung einer Transzendenzerfahrung frei erfunden oder verf\u00e4lscht wiedergegeben wird.<\/p>\n\n\n\n<p>Unter dem Vorzeichen, dass wohl jeder Erlebende eine Transzendenzerfahrung als subjektiv einzigartig und \u00fcberw\u00e4ltigend wahrnimmt, sind damit gleichzeitig auch Grenzen gesetzt. Ein Einblick in das Jenseits l\u00e4sst sich vom Subjekt nicht trennen. Selbst wenn behauptet wird, in einem Augenblick gewisserma\u00dfen universales Wissen erlangt zu haben, ist nicht sichergestellt, dass \u201euniversal\u201c mit \u201eabsolut universal\u201c gleichgesetzt werden kann.<\/p>\n\n\n\n<p>In der Konsequenz erscheint angeraten, einzelne Schilderungen individueller Transzendenzerfahrungen mit gewisser Zur\u00fcckhaltung zu betrachten und sie nicht \u00fcberzubewerten. Jede einzelne Schilderung repr\u00e4sentiert schlie\u00dflich lediglich einen begrenzten Einblick in das Jenseits vor dem Hintergrund eines individuellen Selbst mit pers\u00f6nlicher Geschichte, Einstellungen und \u00dcberzeugungen.<\/p>\n\n\n\n<p>Wenn \u00fcber eine Vielzahl von Schilderungen hinweg semantisch identische Elemente (z.&nbsp;B. Lebensr\u00fcckblick und dessen Beurteilung) erkennbar werden, ergibt sich ein verl\u00e4sslicheres, wenn auch noch immer relativ unscharfes Bild hinsichtlich der Verh\u00e4ltnisse im Jenseits. Um sich einem Gesamtbild anzun\u00e4hern erscheint es als sinnvoll, Gemeinsamkeiten in den anekdotischen Schilderungen von Transzendenzerfahrungen st\u00e4rker zu gewichten als die vielleicht sogar spektakul\u00e4re Einzelerfahrung.<\/p>\n","protected":false},"excerpt":{"rendered":"<p>Wie glaubw\u00fcrdig sind Berichte zu Transzendenzerfahrungen (Nahtoderfahrungen, Sterbebettvisionen usw.)? Eine spannende Frage! Im Lauf der Geschichte wurden eine Vielzahl von Transzendenzerfahrungen (Nahtoderfahrungen, Sterbebettvisionen, Nachtodkontakte usw.) aus nahezu allen&hellip;<\/p>\n","protected":false},"author":2,"featured_media":8617,"comment_status":"closed","ping_status":"open","sticky":false,"template":"template-full-width-only-content.php","format":"standard","meta":{"footnotes":""},"categories":[212],"tags":[],"yoast_head":"<!-- This site is optimized with the Yoast SEO plugin v24.5 - https:\/\/yoast.com\/wordpress\/plugins\/seo\/ -->\n<title>Wie glaubw\u00fcrdig sind Berichte zu Transzendenzerfahrungen?<\/title>\n<meta name=\"description\" content=\"Wie glaubw\u00fcrdig sind Berichte zu Transzendenzerfahrungen (Nahtoderfahrungen, Sterbebettvisionen usw.)? Eine spannende Frage!\" \/>\n<meta name=\"robots\" content=\"index, follow, max-snippet:-1, max-image-preview:large, max-video-preview:-1\" \/>\n<link rel=\"canonical\" href=\"https:\/\/dieter-jenz.de\/lc\/wie-glaubwuerdig-sind-berichte-zu-transzendenzerfahrungen\/\" \/>\n<meta property=\"og:locale\" content=\"de_DE\" \/>\n<meta property=\"og:type\" content=\"article\" \/>\n<meta property=\"og:title\" content=\"Wie glaubw\u00fcrdig sind Berichte zu Transzendenzerfahrungen?\" \/>\n<meta property=\"og:description\" content=\"Wie glaubw\u00fcrdig sind Berichte zu Transzendenzerfahrungen (Nahtoderfahrungen, Sterbebettvisionen usw.)? Eine spannende Frage!\" \/>\n<meta property=\"og:url\" content=\"https:\/\/dieter-jenz.de\/lc\/wie-glaubwuerdig-sind-berichte-zu-transzendenzerfahrungen\/\" \/>\n<meta property=\"og:site_name\" content=\"Dieter Jenz, Begleitung und Coaching\" \/>\n<meta property=\"article:publisher\" content=\"https:\/\/www.facebook.com\/dieter.jenz.inspiration\" \/>\n<meta property=\"article:author\" content=\"https:\/\/www.facebook.com\/dieter.jenz.inspiration\" \/>\n<meta property=\"article:published_time\" content=\"2023-05-23T09:00:00+00:00\" \/>\n<meta property=\"article:modified_time\" content=\"2023-05-24T14:26:45+00:00\" \/>\n<meta property=\"og:image\" content=\"https:\/\/dieter-jenz.de\/lc\/wp-content\/uploads\/2023\/04\/Beitragsbild-Berichte-Transzendenzerfahrungen-Glaubwuerdigkeit.jpeg\" \/>\n\t<meta property=\"og:image:width\" content=\"800\" \/>\n\t<meta property=\"og:image:height\" content=\"800\" \/>\n\t<meta property=\"og:image:type\" content=\"image\/jpeg\" \/>\n<meta name=\"author\" content=\"Dieter Jenz\" \/>\n<meta name=\"twitter:card\" content=\"summary_large_image\" \/>\n<meta name=\"twitter:creator\" content=\"@https:\/\/twitter.com\/dieterjenz\" \/>\n<meta name=\"twitter:site\" content=\"@dieterjenz\" \/>\n<meta name=\"twitter:label1\" content=\"Verfasst von\" \/>\n\t<meta name=\"twitter:data1\" content=\"Dieter Jenz\" \/>\n\t<meta name=\"twitter:label2\" content=\"Gesch\u00e4tzte Lesezeit\" \/>\n\t<meta name=\"twitter:data2\" content=\"11\u00a0Minuten\" \/>\n<script type=\"application\/ld+json\" class=\"yoast-schema-graph\">{\"@context\":\"https:\/\/schema.org\",\"@graph\":[{\"@type\":\"Article\",\"@id\":\"https:\/\/dieter-jenz.de\/lc\/wie-glaubwuerdig-sind-berichte-zu-transzendenzerfahrungen\/#article\",\"isPartOf\":{\"@id\":\"https:\/\/dieter-jenz.de\/lc\/wie-glaubwuerdig-sind-berichte-zu-transzendenzerfahrungen\/\"},\"author\":{\"name\":\"Dieter Jenz\",\"@id\":\"https:\/\/dieter-jenz.de\/lc\/#\/schema\/person\/618cfd5c289d0a23930cb258a43679ab\"},\"headline\":\"Wie glaubw\u00fcrdig sind Berichte zu Transzendenzerfahrungen?\",\"datePublished\":\"2023-05-23T09:00:00+00:00\",\"dateModified\":\"2023-05-24T14:26:45+00:00\",\"mainEntityOfPage\":{\"@id\":\"https:\/\/dieter-jenz.de\/lc\/wie-glaubwuerdig-sind-berichte-zu-transzendenzerfahrungen\/\"},\"wordCount\":2149,\"publisher\":{\"@id\":\"https:\/\/dieter-jenz.de\/lc\/#\/schema\/person\/618cfd5c289d0a23930cb258a43679ab\"},\"image\":{\"@id\":\"https:\/\/dieter-jenz.de\/lc\/wie-glaubwuerdig-sind-berichte-zu-transzendenzerfahrungen\/#primaryimage\"},\"thumbnailUrl\":\"https:\/\/dieter-jenz.de\/lc\/wp-content\/uploads\/2023\/04\/Beitragsbild-Berichte-Transzendenzerfahrungen-Glaubwuerdigkeit.jpeg\",\"articleSection\":[\"Lebensfragen\"],\"inLanguage\":\"de\"},{\"@type\":\"WebPage\",\"@id\":\"https:\/\/dieter-jenz.de\/lc\/wie-glaubwuerdig-sind-berichte-zu-transzendenzerfahrungen\/\",\"url\":\"https:\/\/dieter-jenz.de\/lc\/wie-glaubwuerdig-sind-berichte-zu-transzendenzerfahrungen\/\",\"name\":\"Wie glaubw\u00fcrdig sind Berichte zu Transzendenzerfahrungen?\",\"isPartOf\":{\"@id\":\"https:\/\/dieter-jenz.de\/lc\/#website\"},\"primaryImageOfPage\":{\"@id\":\"https:\/\/dieter-jenz.de\/lc\/wie-glaubwuerdig-sind-berichte-zu-transzendenzerfahrungen\/#primaryimage\"},\"image\":{\"@id\":\"https:\/\/dieter-jenz.de\/lc\/wie-glaubwuerdig-sind-berichte-zu-transzendenzerfahrungen\/#primaryimage\"},\"thumbnailUrl\":\"https:\/\/dieter-jenz.de\/lc\/wp-content\/uploads\/2023\/04\/Beitragsbild-Berichte-Transzendenzerfahrungen-Glaubwuerdigkeit.jpeg\",\"datePublished\":\"2023-05-23T09:00:00+00:00\",\"dateModified\":\"2023-05-24T14:26:45+00:00\",\"description\":\"Wie glaubw\u00fcrdig sind Berichte zu Transzendenzerfahrungen (Nahtoderfahrungen, Sterbebettvisionen usw.)? Eine spannende Frage!\",\"breadcrumb\":{\"@id\":\"https:\/\/dieter-jenz.de\/lc\/wie-glaubwuerdig-sind-berichte-zu-transzendenzerfahrungen\/#breadcrumb\"},\"inLanguage\":\"de\",\"potentialAction\":[{\"@type\":\"ReadAction\",\"target\":[\"https:\/\/dieter-jenz.de\/lc\/wie-glaubwuerdig-sind-berichte-zu-transzendenzerfahrungen\/\"]}]},{\"@type\":\"ImageObject\",\"inLanguage\":\"de\",\"@id\":\"https:\/\/dieter-jenz.de\/lc\/wie-glaubwuerdig-sind-berichte-zu-transzendenzerfahrungen\/#primaryimage\",\"url\":\"https:\/\/dieter-jenz.de\/lc\/wp-content\/uploads\/2023\/04\/Beitragsbild-Berichte-Transzendenzerfahrungen-Glaubwuerdigkeit.jpeg\",\"contentUrl\":\"https:\/\/dieter-jenz.de\/lc\/wp-content\/uploads\/2023\/04\/Beitragsbild-Berichte-Transzendenzerfahrungen-Glaubwuerdigkeit.jpeg\",\"width\":800,\"height\":800,\"caption\":\"Gestaltung: privat\"},{\"@type\":\"BreadcrumbList\",\"@id\":\"https:\/\/dieter-jenz.de\/lc\/wie-glaubwuerdig-sind-berichte-zu-transzendenzerfahrungen\/#breadcrumb\",\"itemListElement\":[{\"@type\":\"ListItem\",\"position\":1,\"name\":\"Home\",\"item\":\"https:\/\/dieter-jenz.de\/lc\/\"},{\"@type\":\"ListItem\",\"position\":2,\"name\":\"Lebensfragen\",\"item\":\"https:\/\/dieter-jenz.de\/lc\/category\/lebensfragen\/\"},{\"@type\":\"ListItem\",\"position\":3,\"name\":\"Wie glaubw\u00fcrdig sind Berichte zu Transzendenzerfahrungen?\"}]},{\"@type\":\"WebSite\",\"@id\":\"https:\/\/dieter-jenz.de\/lc\/#website\",\"url\":\"https:\/\/dieter-jenz.de\/lc\/\",\"name\":\"Dieter Jenz, Begleitung und Coaching\",\"description\":\"Die andere, neue Sichtweise entdecken - auftanken - neue Wege gehen\",\"publisher\":{\"@id\":\"https:\/\/dieter-jenz.de\/lc\/#\/schema\/person\/618cfd5c289d0a23930cb258a43679ab\"},\"potentialAction\":[{\"@type\":\"SearchAction\",\"target\":{\"@type\":\"EntryPoint\",\"urlTemplate\":\"https:\/\/dieter-jenz.de\/lc\/?s={search_term_string}\"},\"query-input\":{\"@type\":\"PropertyValueSpecification\",\"valueRequired\":true,\"valueName\":\"search_term_string\"}}],\"inLanguage\":\"de\"},{\"@type\":[\"Person\",\"Organization\"],\"@id\":\"https:\/\/dieter-jenz.de\/lc\/#\/schema\/person\/618cfd5c289d0a23930cb258a43679ab\",\"name\":\"Dieter Jenz\",\"image\":{\"@type\":\"ImageObject\",\"inLanguage\":\"de\",\"@id\":\"https:\/\/dieter-jenz.de\/lc\/#\/schema\/person\/image\/\",\"url\":\"https:\/\/dieter-jenz.de\/lc\/wp-content\/uploads\/2020\/01\/Logo-Coaching-und-Begleitung.png\",\"contentUrl\":\"https:\/\/dieter-jenz.de\/lc\/wp-content\/uploads\/2020\/01\/Logo-Coaching-und-Begleitung.png\",\"width\":320,\"height\":240,\"caption\":\"Dieter Jenz\"},\"logo\":{\"@id\":\"https:\/\/dieter-jenz.de\/lc\/#\/schema\/person\/image\/\"},\"description\":\"Ich bin Dieter Jenz, Begleiter, Berater und Coach mit Leidenschaft. \u00dcber viele Jahre hinweg habe ich einen reichen Schatz an Kompetenz und Erfahrung erworben. Meine Themen sind die \\\"4L\\\": Lebensaufgabe, Lebensplanung, Lebensnavigation und Lebensqualit\u00e4t.\",\"sameAs\":[\"https:\/\/www.facebook.com\/dieter.jenz.inspiration\",\"https:\/\/www.pinterest.de\/dieterjenz\/\",\"https:\/\/x.com\/https:\/\/twitter.com\/dieterjenz\"],\"url\":\"https:\/\/dieter-jenz.de\/lc\/author\/dieter\/\"}]}<\/script>\n<!-- \/ Yoast SEO plugin. -->","yoast_head_json":{"title":"Wie glaubw\u00fcrdig sind Berichte zu Transzendenzerfahrungen?","description":"Wie glaubw\u00fcrdig sind Berichte zu Transzendenzerfahrungen (Nahtoderfahrungen, Sterbebettvisionen usw.)? Eine spannende Frage!","robots":{"index":"index","follow":"follow","max-snippet":"max-snippet:-1","max-image-preview":"max-image-preview:large","max-video-preview":"max-video-preview:-1"},"canonical":"https:\/\/dieter-jenz.de\/lc\/wie-glaubwuerdig-sind-berichte-zu-transzendenzerfahrungen\/","og_locale":"de_DE","og_type":"article","og_title":"Wie glaubw\u00fcrdig sind Berichte zu Transzendenzerfahrungen?","og_description":"Wie glaubw\u00fcrdig sind Berichte zu Transzendenzerfahrungen (Nahtoderfahrungen, Sterbebettvisionen usw.)? Eine spannende Frage!","og_url":"https:\/\/dieter-jenz.de\/lc\/wie-glaubwuerdig-sind-berichte-zu-transzendenzerfahrungen\/","og_site_name":"Dieter Jenz, Begleitung und Coaching","article_publisher":"https:\/\/www.facebook.com\/dieter.jenz.inspiration","article_author":"https:\/\/www.facebook.com\/dieter.jenz.inspiration","article_published_time":"2023-05-23T09:00:00+00:00","article_modified_time":"2023-05-24T14:26:45+00:00","og_image":[{"width":800,"height":800,"url":"https:\/\/dieter-jenz.de\/lc\/wp-content\/uploads\/2023\/04\/Beitragsbild-Berichte-Transzendenzerfahrungen-Glaubwuerdigkeit.jpeg","type":"image\/jpeg"}],"author":"Dieter Jenz","twitter_card":"summary_large_image","twitter_creator":"@https:\/\/twitter.com\/dieterjenz","twitter_site":"@dieterjenz","twitter_misc":{"Verfasst von":"Dieter Jenz","Gesch\u00e4tzte Lesezeit":"11\u00a0Minuten"},"schema":{"@context":"https:\/\/schema.org","@graph":[{"@type":"Article","@id":"https:\/\/dieter-jenz.de\/lc\/wie-glaubwuerdig-sind-berichte-zu-transzendenzerfahrungen\/#article","isPartOf":{"@id":"https:\/\/dieter-jenz.de\/lc\/wie-glaubwuerdig-sind-berichte-zu-transzendenzerfahrungen\/"},"author":{"name":"Dieter Jenz","@id":"https:\/\/dieter-jenz.de\/lc\/#\/schema\/person\/618cfd5c289d0a23930cb258a43679ab"},"headline":"Wie glaubw\u00fcrdig sind Berichte zu Transzendenzerfahrungen?","datePublished":"2023-05-23T09:00:00+00:00","dateModified":"2023-05-24T14:26:45+00:00","mainEntityOfPage":{"@id":"https:\/\/dieter-jenz.de\/lc\/wie-glaubwuerdig-sind-berichte-zu-transzendenzerfahrungen\/"},"wordCount":2149,"publisher":{"@id":"https:\/\/dieter-jenz.de\/lc\/#\/schema\/person\/618cfd5c289d0a23930cb258a43679ab"},"image":{"@id":"https:\/\/dieter-jenz.de\/lc\/wie-glaubwuerdig-sind-berichte-zu-transzendenzerfahrungen\/#primaryimage"},"thumbnailUrl":"https:\/\/dieter-jenz.de\/lc\/wp-content\/uploads\/2023\/04\/Beitragsbild-Berichte-Transzendenzerfahrungen-Glaubwuerdigkeit.jpeg","articleSection":["Lebensfragen"],"inLanguage":"de"},{"@type":"WebPage","@id":"https:\/\/dieter-jenz.de\/lc\/wie-glaubwuerdig-sind-berichte-zu-transzendenzerfahrungen\/","url":"https:\/\/dieter-jenz.de\/lc\/wie-glaubwuerdig-sind-berichte-zu-transzendenzerfahrungen\/","name":"Wie glaubw\u00fcrdig sind Berichte zu Transzendenzerfahrungen?","isPartOf":{"@id":"https:\/\/dieter-jenz.de\/lc\/#website"},"primaryImageOfPage":{"@id":"https:\/\/dieter-jenz.de\/lc\/wie-glaubwuerdig-sind-berichte-zu-transzendenzerfahrungen\/#primaryimage"},"image":{"@id":"https:\/\/dieter-jenz.de\/lc\/wie-glaubwuerdig-sind-berichte-zu-transzendenzerfahrungen\/#primaryimage"},"thumbnailUrl":"https:\/\/dieter-jenz.de\/lc\/wp-content\/uploads\/2023\/04\/Beitragsbild-Berichte-Transzendenzerfahrungen-Glaubwuerdigkeit.jpeg","datePublished":"2023-05-23T09:00:00+00:00","dateModified":"2023-05-24T14:26:45+00:00","description":"Wie glaubw\u00fcrdig sind Berichte zu Transzendenzerfahrungen (Nahtoderfahrungen, Sterbebettvisionen usw.)? Eine spannende Frage!","breadcrumb":{"@id":"https:\/\/dieter-jenz.de\/lc\/wie-glaubwuerdig-sind-berichte-zu-transzendenzerfahrungen\/#breadcrumb"},"inLanguage":"de","potentialAction":[{"@type":"ReadAction","target":["https:\/\/dieter-jenz.de\/lc\/wie-glaubwuerdig-sind-berichte-zu-transzendenzerfahrungen\/"]}]},{"@type":"ImageObject","inLanguage":"de","@id":"https:\/\/dieter-jenz.de\/lc\/wie-glaubwuerdig-sind-berichte-zu-transzendenzerfahrungen\/#primaryimage","url":"https:\/\/dieter-jenz.de\/lc\/wp-content\/uploads\/2023\/04\/Beitragsbild-Berichte-Transzendenzerfahrungen-Glaubwuerdigkeit.jpeg","contentUrl":"https:\/\/dieter-jenz.de\/lc\/wp-content\/uploads\/2023\/04\/Beitragsbild-Berichte-Transzendenzerfahrungen-Glaubwuerdigkeit.jpeg","width":800,"height":800,"caption":"Gestaltung: privat"},{"@type":"BreadcrumbList","@id":"https:\/\/dieter-jenz.de\/lc\/wie-glaubwuerdig-sind-berichte-zu-transzendenzerfahrungen\/#breadcrumb","itemListElement":[{"@type":"ListItem","position":1,"name":"Home","item":"https:\/\/dieter-jenz.de\/lc\/"},{"@type":"ListItem","position":2,"name":"Lebensfragen","item":"https:\/\/dieter-jenz.de\/lc\/category\/lebensfragen\/"},{"@type":"ListItem","position":3,"name":"Wie glaubw\u00fcrdig sind Berichte zu Transzendenzerfahrungen?"}]},{"@type":"WebSite","@id":"https:\/\/dieter-jenz.de\/lc\/#website","url":"https:\/\/dieter-jenz.de\/lc\/","name":"Dieter Jenz, Begleitung und Coaching","description":"Die andere, neue Sichtweise entdecken - auftanken - neue Wege gehen","publisher":{"@id":"https:\/\/dieter-jenz.de\/lc\/#\/schema\/person\/618cfd5c289d0a23930cb258a43679ab"},"potentialAction":[{"@type":"SearchAction","target":{"@type":"EntryPoint","urlTemplate":"https:\/\/dieter-jenz.de\/lc\/?s={search_term_string}"},"query-input":{"@type":"PropertyValueSpecification","valueRequired":true,"valueName":"search_term_string"}}],"inLanguage":"de"},{"@type":["Person","Organization"],"@id":"https:\/\/dieter-jenz.de\/lc\/#\/schema\/person\/618cfd5c289d0a23930cb258a43679ab","name":"Dieter Jenz","image":{"@type":"ImageObject","inLanguage":"de","@id":"https:\/\/dieter-jenz.de\/lc\/#\/schema\/person\/image\/","url":"https:\/\/dieter-jenz.de\/lc\/wp-content\/uploads\/2020\/01\/Logo-Coaching-und-Begleitung.png","contentUrl":"https:\/\/dieter-jenz.de\/lc\/wp-content\/uploads\/2020\/01\/Logo-Coaching-und-Begleitung.png","width":320,"height":240,"caption":"Dieter Jenz"},"logo":{"@id":"https:\/\/dieter-jenz.de\/lc\/#\/schema\/person\/image\/"},"description":"Ich bin Dieter Jenz, Begleiter, Berater und Coach mit Leidenschaft. \u00dcber viele Jahre hinweg habe ich einen reichen Schatz an Kompetenz und Erfahrung erworben. Meine Themen sind die \"4L\": Lebensaufgabe, Lebensplanung, Lebensnavigation und Lebensqualit\u00e4t.","sameAs":["https:\/\/www.facebook.com\/dieter.jenz.inspiration","https:\/\/www.pinterest.de\/dieterjenz\/","https:\/\/x.com\/https:\/\/twitter.com\/dieterjenz"],"url":"https:\/\/dieter-jenz.de\/lc\/author\/dieter\/"}]}},"_links":{"self":[{"href":"https:\/\/dieter-jenz.de\/lc\/wp-json\/wp\/v2\/posts\/8686"}],"collection":[{"href":"https:\/\/dieter-jenz.de\/lc\/wp-json\/wp\/v2\/posts"}],"about":[{"href":"https:\/\/dieter-jenz.de\/lc\/wp-json\/wp\/v2\/types\/post"}],"author":[{"embeddable":true,"href":"https:\/\/dieter-jenz.de\/lc\/wp-json\/wp\/v2\/users\/2"}],"replies":[{"embeddable":true,"href":"https:\/\/dieter-jenz.de\/lc\/wp-json\/wp\/v2\/comments?post=8686"}],"version-history":[{"count":4,"href":"https:\/\/dieter-jenz.de\/lc\/wp-json\/wp\/v2\/posts\/8686\/revisions"}],"predecessor-version":[{"id":8708,"href":"https:\/\/dieter-jenz.de\/lc\/wp-json\/wp\/v2\/posts\/8686\/revisions\/8708"}],"wp:featuredmedia":[{"embeddable":true,"href":"https:\/\/dieter-jenz.de\/lc\/wp-json\/wp\/v2\/media\/8617"}],"wp:attachment":[{"href":"https:\/\/dieter-jenz.de\/lc\/wp-json\/wp\/v2\/media?parent=8686"}],"wp:term":[{"taxonomy":"category","embeddable":true,"href":"https:\/\/dieter-jenz.de\/lc\/wp-json\/wp\/v2\/categories?post=8686"},{"taxonomy":"post_tag","embeddable":true,"href":"https:\/\/dieter-jenz.de\/lc\/wp-json\/wp\/v2\/tags?post=8686"}],"curies":[{"name":"wp","href":"https:\/\/api.w.org\/{rel}","templated":true}]}}