{"id":8748,"date":"2023-06-12T16:00:00","date_gmt":"2023-06-12T14:00:00","guid":{"rendered":"https:\/\/dieter-jenz.de\/lc\/?p=8748"},"modified":"2023-08-08T12:10:50","modified_gmt":"2023-08-08T10:10:50","slug":"transzendenzerfahrungen-und-evolution-miteinander-vereinbar","status":"publish","type":"post","link":"https:\/\/dieter-jenz.de\/lc\/transzendenzerfahrungen-und-evolution-miteinander-vereinbar\/","title":{"rendered":"Transzendenzerfahrungen und Evolution \u2013 miteinander vereinbar?"},"content":{"rendered":"<div class=\"yoast-breadcrumbs\"><span><span><a href=\"https:\/\/dieter-jenz.de\/lc\/\">Home<\/a><\/span> \u00bb <span><a href=\"https:\/\/dieter-jenz.de\/lc\/category\/lebensfragen\/\">Lebensfragen<\/a><\/span> \u00bb <span class=\"breadcrumb_last\" aria-current=\"page\"><strong>Transzendenzerfahrungen und Evolution \u2013 miteinander vereinbar?<\/strong><\/span><\/span><\/div>\n\n\n<div style=\"height:40px\" aria-hidden=\"true\" class=\"wp-block-spacer\"><\/div>\n\n\n\n<p>Transzendenzerfahrungen und Evolution \u2013 ein Spannungsfeld! L\u00e4sst sich beides miteinander vereinbaren?<\/p>\n\n\n\n<p><strong>Inhalte:<\/strong><\/p>\n\n\n\n<nav class=\"wp-block-table-of-contents\"><ol><li><a class=\"wp-block-table-of-contents__entry\" href=\"https:\/\/dieter-jenz.de\/lc\/transzendenzerfahrungen-und-evolution-miteinander-vereinbar\/#hauptgedanken-der-evolutionstheorie\">Hauptgedanken der Evolutionstheorie<\/a><\/li><li><a class=\"wp-block-table-of-contents__entry\" href=\"https:\/\/dieter-jenz.de\/lc\/transzendenzerfahrungen-und-evolution-miteinander-vereinbar\/#vererbung-von-genen\">Vererbung von Genen<\/a><\/li><li><a class=\"wp-block-table-of-contents__entry\" href=\"https:\/\/dieter-jenz.de\/lc\/transzendenzerfahrungen-und-evolution-miteinander-vereinbar\/#fragestellungen-im-kontext-von-transzendenzerfahrungen\">Fragestellungen im Kontext von Transzendenzerfahrungen<\/a><ol><li><a class=\"wp-block-table-of-contents__entry\" href=\"https:\/\/dieter-jenz.de\/lc\/transzendenzerfahrungen-und-evolution-miteinander-vereinbar\/#telepathische-kommunikation\">Telepathische Kommunikation<\/a><\/li><li><a class=\"wp-block-table-of-contents__entry\" href=\"https:\/\/dieter-jenz.de\/lc\/transzendenzerfahrungen-und-evolution-miteinander-vereinbar\/#beziehung-zu-einem-ereignis\">Beziehung zu einem Ereignis<\/a><\/li><\/ol><\/li><li><a class=\"wp-block-table-of-contents__entry\" href=\"https:\/\/dieter-jenz.de\/lc\/transzendenzerfahrungen-und-evolution-miteinander-vereinbar\/#folgerungen\">Folgerungen<\/a><\/li><\/ol><\/nav>\n\n\n\n<div class=\"wp-block-media-text is-stacked-on-mobile has-background-background-color has-background\" style=\"grid-template-columns:15% auto\"><figure class=\"wp-block-media-text__media\"><a href=\"https:\/\/dieter-jenz.de\/lc\/was-geschieht-mit-mir-wenn-ich-sterbe\/\"><img loading=\"lazy\" decoding=\"async\" width=\"800\" height=\"800\" src=\"https:\/\/dieter-jenz.de\/lc\/wp-content\/uploads\/2022\/03\/Beitragsbild-Was-geschieht-mit-mir-wenn-ich-sterbe.jpeg\" alt=\"Was geschieht mit mir wenn ich sterbe - Gestaltung: privat\" class=\"wp-image-7029 size-full\" srcset=\"https:\/\/dieter-jenz.de\/lc\/wp-content\/uploads\/2022\/03\/Beitragsbild-Was-geschieht-mit-mir-wenn-ich-sterbe.jpeg 800w, https:\/\/dieter-jenz.de\/lc\/wp-content\/uploads\/2022\/03\/Beitragsbild-Was-geschieht-mit-mir-wenn-ich-sterbe-300x300.jpeg 300w, https:\/\/dieter-jenz.de\/lc\/wp-content\/uploads\/2022\/03\/Beitragsbild-Was-geschieht-mit-mir-wenn-ich-sterbe-150x150.jpeg 150w, https:\/\/dieter-jenz.de\/lc\/wp-content\/uploads\/2022\/03\/Beitragsbild-Was-geschieht-mit-mir-wenn-ich-sterbe-768x768.jpeg 768w, https:\/\/dieter-jenz.de\/lc\/wp-content\/uploads\/2022\/03\/Beitragsbild-Was-geschieht-mit-mir-wenn-ich-sterbe-540x540.jpeg 540w\" sizes=\"(max-width: 800px) 100vw, 800px\" \/><\/a><\/figure><div class=\"wp-block-media-text__content\">\n<p class=\"has-border-background-color has-background has-normal-font-size\">Dieser Beitrag ist Teil der Serie &#8222;<em>Was geschieht mit mir wenn ich sterbe?<\/em>&#8220; <br>Grobes <a href=\"https:\/\/dieter-jenz.de\/lc\/was-geschieht-mit-mir-wenn-ich-sterbe\/\" target=\"_blank\" rel=\"noreferrer noopener\">Inhaltsverzeichnis<\/a><\/p>\n<\/div><\/div>\n\n\n\n<p>Dem evolutionsbiologischen Ansatz zufolge ist der Mensch das Produkt einer sich \u00fcber viele Millionen Jahre erstreckende Entwicklung. W\u00e4hrend dieser Entwicklung formte sich der K\u00f6rperbau und pr\u00e4gte sich das Verhalten. Im Gegensatz dazu postulieren die Offenbarungsreligionen (Judentum, Christentum, Islam), dass der Mensch das Ergebnis eines souver\u00e4nen Sch\u00f6pfungsaktes Gottes ist.<\/p>\n\n\n\n<p>Seit mehreren hundert Jahren werden auch Denkm\u00f6glichkeiten diskutiert, wie diese sich diametral entgegenstehenden Positionen mehr miteinander in Einklang gebracht werden k\u00f6nnen. Der Oberbegriff \u201eTheistische Evolution\u201c fasst einige dieser Denkm\u00f6glichkeiten zusammen. An dieser Stelle kann auf die damit verbundenen, teilweise tiefgreifenden Diskussionen nicht eingegangen werden. Vielmehr steht die ph\u00e4nomenologische Betrachtung im Vordergrund.<\/p>\n\n\n<div class=\"su-box su-box-style-default\" id=\"\" style=\"border-color:#000000;border-radius:3px;\"><div class=\"su-box-title\" style=\"background-color:#333333;color:#FFFFFF;border-top-left-radius:1px;border-top-right-radius:1px\">Letzte Beitr\u00e4ge <\/div><div class=\"su-box-content su-u-clearfix su-u-trim\" style=\"border-bottom-left-radius:1px;border-bottom-right-radius:1px\"><div class=\"su-expand su-expand-collapsed su-expand-link-style-default\" data-height=\"100\"><div class=\"su-expand-content su-u-trim\" style=\"color:#333333;max-height:100px;overflow:hidden\">\n\n<div class=\"su-posts su-posts-teaser-loop \">\n\n\t\t\t\t\t\t\n\t\t\t\n\t\t\t<div id=\"su-post-12357\" class=\"su-post \">\n\t\t\t\t\t\t\t\t\t<a class=\"su-post-thumbnail\" href=\"https:\/\/dieter-jenz.de\/lc\/die-realitaet-das-individuelle-selbst-befindet-sich-nicht-im-gehirn\/\"><img loading=\"lazy\" decoding=\"async\" width=\"800\" height=\"800\" src=\"https:\/\/dieter-jenz.de\/lc\/wp-content\/uploads\/2024\/11\/Beitragsbild-Realitaet-Individuelles-Selbst-nicht-im-Gehirn.jpeg\" class=\"attachment-post-thumbnail size-post-thumbnail wp-post-image\" alt=\"Realit\u00e4t Das individuelle Selbst befindet sich nicht im Gehirn - Gestaltung: privat\" \/><\/a>\n\t\t\t\t\t\t\t\t<h2 class=\"su-post-title\"><a href=\"https:\/\/dieter-jenz.de\/lc\/die-realitaet-das-individuelle-selbst-befindet-sich-nicht-im-gehirn\/\">Die Realit\u00e4t: Das individuelle Selbst befindet sich nicht im Gehirn<\/a><\/h2>\n\t\t\t<\/div>\n\n\t\t\t\t\t\n\t\t\t\n\t\t\t<div id=\"su-post-12328\" class=\"su-post \">\n\t\t\t\t\t\t\t\t\t<a class=\"su-post-thumbnail\" href=\"https:\/\/dieter-jenz.de\/lc\/verifikation-der-eis-hypothese-ungewoehnliche-erinnerungen\/\"><img loading=\"lazy\" decoding=\"async\" width=\"800\" height=\"800\" src=\"https:\/\/dieter-jenz.de\/lc\/wp-content\/uploads\/2024\/11\/Beitragsbild-Verifikation-EIS-Hypothese-Ungewoehnliche-Erinnerungen.jpeg\" class=\"attachment-post-thumbnail size-post-thumbnail wp-post-image\" alt=\"Verifikation frt EIS-Hypothese: Ungew\u00f6hnliche Erinnerungen - Gestaltung: privat\" \/><\/a>\n\t\t\t\t\t\t\t\t<h2 class=\"su-post-title\"><a href=\"https:\/\/dieter-jenz.de\/lc\/verifikation-der-eis-hypothese-ungewoehnliche-erinnerungen\/\">Verifikation der EIS-Hypothese: Ungew\u00f6hnliche Erinnerungen<\/a><\/h2>\n\t\t\t<\/div>\n\n\t\t\t\t\t\n\t\t\t\n\t\t\t<div id=\"su-post-12313\" class=\"su-post \">\n\t\t\t\t\t\t\t\t\t<a class=\"su-post-thumbnail\" href=\"https:\/\/dieter-jenz.de\/lc\/verifikation-der-eis-hypothese-terminale-geistesklarheit\/\"><img loading=\"lazy\" decoding=\"async\" width=\"800\" height=\"800\" src=\"https:\/\/dieter-jenz.de\/lc\/wp-content\/uploads\/2024\/11\/Beitragsbild-Verifikation-EIS-Hypothese-Terminale-Geistesklarheit.jpeg\" class=\"attachment-post-thumbnail size-post-thumbnail wp-post-image\" alt=\"Verifikation der EIS-Hypothese: Terminale Geistesklarheit - Gestaltung: privat\" \/><\/a>\n\t\t\t\t\t\t\t\t<h2 class=\"su-post-title\"><a href=\"https:\/\/dieter-jenz.de\/lc\/verifikation-der-eis-hypothese-terminale-geistesklarheit\/\">Verifikation der EIS-Hypothese: Terminale Geistesklarheit<\/a><\/h2>\n\t\t\t<\/div>\n\n\t\t\t\t\t\n\t\t\t\n\t\t\t<div id=\"su-post-12248\" class=\"su-post \">\n\t\t\t\t\t\t\t\t\t<a class=\"su-post-thumbnail\" href=\"https:\/\/dieter-jenz.de\/lc\/verifikation-der-eis-hypothese-nahtoderfahrung\/\"><img loading=\"lazy\" decoding=\"async\" width=\"800\" height=\"800\" src=\"https:\/\/dieter-jenz.de\/lc\/wp-content\/uploads\/2024\/10\/Beitragsbild-Verifikation-EIS-Hypothese-Nahtoderfahrung.jpeg\" class=\"attachment-post-thumbnail size-post-thumbnail wp-post-image\" alt=\"Verifikation der EIS-Hypothese: Nahtoderfahrung - Gestaltung: privat\" \/><\/a>\n\t\t\t\t\t\t\t\t<h2 class=\"su-post-title\"><a href=\"https:\/\/dieter-jenz.de\/lc\/verifikation-der-eis-hypothese-nahtoderfahrung\/\">Verifikation der EIS-Hypothese: Nahtoderfahrung<\/a><\/h2>\n\t\t\t<\/div>\n\n\t\t\t\t\t\n\t\t\t\n\t\t\t<div id=\"su-post-12193\" class=\"su-post \">\n\t\t\t\t\t\t\t\t\t<a class=\"su-post-thumbnail\" href=\"https:\/\/dieter-jenz.de\/lc\/das-losloesungsszenario-ist-es-plausibel\/\"><img loading=\"lazy\" decoding=\"async\" width=\"800\" height=\"800\" src=\"https:\/\/dieter-jenz.de\/lc\/wp-content\/uploads\/2024\/09\/Beitragsbild-Losloesungsszenario.jpeg\" class=\"attachment-post-thumbnail size-post-thumbnail wp-post-image\" alt=\"Losl\u00f6sungsszenario - Gestaltung: privat\" \/><\/a>\n\t\t\t\t\t\t\t\t<h2 class=\"su-post-title\"><a href=\"https:\/\/dieter-jenz.de\/lc\/das-losloesungsszenario-ist-es-plausibel\/\">Das Losl\u00f6sungsszenario &#8211; ist es plausibel?<\/a><\/h2>\n\t\t\t<\/div>\n\n\t\t\t\t\t\n\t\t\t\n\t\t\t<div id=\"su-post-12174\" class=\"su-post \">\n\t\t\t\t\t\t\t\t\t<a class=\"su-post-thumbnail\" href=\"https:\/\/dieter-jenz.de\/lc\/das-evakuierungsszenario-ist-es-plausibel\/\"><img loading=\"lazy\" decoding=\"async\" width=\"800\" height=\"800\" src=\"https:\/\/dieter-jenz.de\/lc\/wp-content\/uploads\/2024\/09\/Beitragsbild-Evakuierungsszenario.jpeg\" class=\"attachment-post-thumbnail size-post-thumbnail wp-post-image\" alt=\"Evakuierungsszenario - Gestaltung: privat\" \/><\/a>\n\t\t\t\t\t\t\t\t<h2 class=\"su-post-title\"><a href=\"https:\/\/dieter-jenz.de\/lc\/das-evakuierungsszenario-ist-es-plausibel\/\">Das Evakuierungsszenario &#8211; ist es plausibel?<\/a><\/h2>\n\t\t\t<\/div>\n\n\t\t\t\t\t\n\t\t\t\n\t\t\t<div id=\"su-post-12136\" class=\"su-post \">\n\t\t\t\t\t\t\t\t\t<a class=\"su-post-thumbnail\" href=\"https:\/\/dieter-jenz.de\/lc\/das-erloeschungsszenario-ist-es-plausibel\/\"><img loading=\"lazy\" decoding=\"async\" width=\"800\" height=\"800\" src=\"https:\/\/dieter-jenz.de\/lc\/wp-content\/uploads\/2024\/09\/Beitragsbild-Erloeschungsszenario.jpeg\" class=\"attachment-post-thumbnail size-post-thumbnail wp-post-image\" alt=\"Erl\u00f6schungsszenario - Gestaltung: privat\" \/><\/a>\n\t\t\t\t\t\t\t\t<h2 class=\"su-post-title\"><a href=\"https:\/\/dieter-jenz.de\/lc\/das-erloeschungsszenario-ist-es-plausibel\/\">Das Erl\u00f6schungsszenario &#8211; ist es plausibel?<\/a><\/h2>\n\t\t\t<\/div>\n\n\t\t\t\t\t\n\t\t\t\n\t\t\t<div id=\"su-post-11981\" class=\"su-post \">\n\t\t\t\t\t\t\t\t\t<a class=\"su-post-thumbnail\" href=\"https:\/\/dieter-jenz.de\/lc\/was-sind-nahtoderfahrungenwie-werden-sie-erlebt\/\"><img loading=\"lazy\" decoding=\"async\" width=\"800\" height=\"800\" src=\"https:\/\/dieter-jenz.de\/lc\/wp-content\/uploads\/2024\/07\/Beitragsbild-Was-sind-Nahtoderfahrungen.jpeg\" class=\"attachment-post-thumbnail size-post-thumbnail wp-post-image\" alt=\"Was sind Nahtoderfahrungen - Gestaltung: privat\" \/><\/a>\n\t\t\t\t\t\t\t\t<h2 class=\"su-post-title\"><a href=\"https:\/\/dieter-jenz.de\/lc\/was-sind-nahtoderfahrungenwie-werden-sie-erlebt\/\">Was sind Nahtoderfahrungen? Wie werden sie erlebt?<\/a><\/h2>\n\t\t\t<\/div>\n\n\t\t\t\t\t\n\t\t\t\n\t\t\t<div id=\"su-post-11947\" class=\"su-post \">\n\t\t\t\t\t\t\t\t\t<a class=\"su-post-thumbnail\" href=\"https:\/\/dieter-jenz.de\/lc\/taktile-kommunikation-was-verbirgt-sich-dahinter\/\"><img loading=\"lazy\" decoding=\"async\" width=\"800\" height=\"800\" src=\"https:\/\/dieter-jenz.de\/lc\/wp-content\/uploads\/2024\/07\/Beitragsbild-Taktile-Kommunikation.jpeg\" class=\"attachment-post-thumbnail size-post-thumbnail wp-post-image\" alt=\"Taktile Kommunikation - Gestaltung: privat\" \/><\/a>\n\t\t\t\t\t\t\t\t<h2 class=\"su-post-title\"><a href=\"https:\/\/dieter-jenz.de\/lc\/taktile-kommunikation-was-verbirgt-sich-dahinter\/\">Taktile Kommunikation \u2013 was verbirgt sich dahinter?<\/a><\/h2>\n\t\t\t<\/div>\n\n\t\t\t\t\t\n\t\t\t\n\t\t\t<div id=\"su-post-11943\" class=\"su-post \">\n\t\t\t\t\t\t\t\t\t<a class=\"su-post-thumbnail\" href=\"https:\/\/dieter-jenz.de\/lc\/olfaktorische-kommunikation-was-verbirgt-sich-dahinter\/\"><img loading=\"lazy\" decoding=\"async\" width=\"800\" height=\"800\" src=\"https:\/\/dieter-jenz.de\/lc\/wp-content\/uploads\/2024\/07\/Beitragsbild-Olfaktorische-Kommunikation.jpeg\" class=\"attachment-post-thumbnail size-post-thumbnail wp-post-image\" alt=\"Olfaktorische Kommunikation - Gestaltung: privat\" \/><\/a>\n\t\t\t\t\t\t\t\t<h2 class=\"su-post-title\"><a href=\"https:\/\/dieter-jenz.de\/lc\/olfaktorische-kommunikation-was-verbirgt-sich-dahinter\/\">Olfaktorische Kommunikation \u2013 was verbirgt sich dahinter?<\/a><\/h2>\n\t\t\t<\/div>\n\n\t\t\t\n<\/div>\n  <\/div><div class=\"su-expand-link su-expand-link-more\" style=\"text-align:left\"><a href=\"javascript:;\" style=\"color:#0088FF;border-color:#0088FF\"><span style=\"border-color:#0088FF\">Mehr anzeigen<\/span><\/a><\/div><div class=\"su-expand-link su-expand-link-less\" style=\"text-align:left\"><a href=\"javascript:;\" style=\"color:#0088FF;border-color:#0088FF\"><span style=\"border-color:#0088FF\">Weniger anzeigen<\/span><\/a><\/div><\/div><\/div><\/div>\n\n\n\n<h3 class=\"wp-block-heading\" id=\"hauptgedanken-der-evolutionstheorie\"><strong>Hauptgedanken der Evolutionstheorie<\/strong><\/h3>\n\n\n\n<p>Die von Charles Darwin begr\u00fcndete Theorie zur Entstehung der Arten, dargelegt in seinem im Jahr 1859 ver\u00f6ffentlichten Werk \u201eOn the Origin of Species by Means of Natural Selection, or the Preservation of Favoured Races in the Struggle for Life\u201c (Deutsch: \u201eVon der Entstehung der Arten mit Hilfe der nat\u00fcrlichen Auslese (Zuchtwahl) oder Die Erhaltung von bevorzugten Rassen im Lebenskampf\u201c), bricht mit der Vorstellung, dass die Natur durch einen einmaligen Sch\u00f6pfungsakt entstand. Vielmehr folgerte er aus seinen Untersuchungen und Experimenten, dass sich alles Leben auf der Erde aus verschiedenen Urformen entwickelt habe.<\/p>\n\n\n\n<p>&nbsp;Weitere Folgerungen f\u00fchrten zur These der kontinuierlichen Ver\u00e4nderung, wobei diese Ver\u00e4nderung das Ergebnis nat\u00fcrlicher Auslese, bedingt durch den Kampf ums Dasein, ist. W\u00e4hrend einerseits alles Leben danach strebt sich zu vermehren, bietet andererseits jeder Lebensraum nur begrenzte Ressourcen. In diesem Kampf um das Dasein, um ihr \u00dcberleben zu sichern, produzieren die einzelnen Arten deutlich mehr Nachkommen als eigentlich erforderlich. Indem die Nachkommen \u2013 mehr oder weniger nach dem Zufallsprinzip &#8211; mit etwas unterschiedlichen Merkmalen (Eigenschaften und Verhalten) ausgestattet sind, sind einzelne Exemplare dadurch besser an ihre Umwelt angepasst als andere. Die am besten angepassten Exemplare \u00fcberleben, k\u00f6nnen sich vermehren und ihre angepassten Merkmale an die n\u00e4chste Generation vererben. Gewisserma\u00dfen nebenbei setzen sich die vorteilhaften Merkmale automatisch durch.<\/p>\n\n\n\n<div class=\"wp-block-group\"><div class=\"wp-block-group__inner-container is-layout-constrained wp-block-group-is-layout-constrained\">\n<figure class=\"wp-block-gallery has-nested-images columns-4 is-cropped wp-block-gallery-1 is-layout-flex wp-block-gallery-is-layout-flex\">\n<figure class=\"wp-block-image size-large\"><a href=\"https:\/\/dieter-jenz.de\/lc\/portal-lebensweisheiten\/\" target=\"_blank\" rel=\"noreferrer noopener\"><img loading=\"lazy\" decoding=\"async\" width=\"800\" height=\"800\" data-id=\"10179\" src=\"https:\/\/dieter-jenz.de\/lc\/wp-content\/uploads\/2023\/12\/Lebensweisheiten.jpeg\" alt=\"Lebensweisheiten - Gestaltung: privat\" class=\"wp-image-10179\" srcset=\"https:\/\/dieter-jenz.de\/lc\/wp-content\/uploads\/2023\/12\/Lebensweisheiten.jpeg 800w, https:\/\/dieter-jenz.de\/lc\/wp-content\/uploads\/2023\/12\/Lebensweisheiten-300x300.jpeg 300w, https:\/\/dieter-jenz.de\/lc\/wp-content\/uploads\/2023\/12\/Lebensweisheiten-150x150.jpeg 150w, https:\/\/dieter-jenz.de\/lc\/wp-content\/uploads\/2023\/12\/Lebensweisheiten-768x768.jpeg 768w, https:\/\/dieter-jenz.de\/lc\/wp-content\/uploads\/2023\/12\/Lebensweisheiten-540x540.jpeg 540w\" sizes=\"(max-width: 800px) 100vw, 800px\" \/><\/a><figcaption class=\"wp-element-caption\">Gestaltung: privat<\/figcaption><\/figure>\n\n\n\n<figure class=\"wp-block-image size-large\"><a href=\"https:\/\/dieter-jenz.de\/lc\/portal-evergreen-themen\/\" target=\"_blank\" rel=\"noreferrer noopener\"><img loading=\"lazy\" decoding=\"async\" width=\"800\" height=\"800\" data-id=\"10200\" src=\"https:\/\/dieter-jenz.de\/lc\/wp-content\/uploads\/2023\/12\/Evergreen-Themen.jpeg\" alt=\"Evergreen-Themen - Gestaltung: privat\" class=\"wp-image-10200\" srcset=\"https:\/\/dieter-jenz.de\/lc\/wp-content\/uploads\/2023\/12\/Evergreen-Themen.jpeg 800w, https:\/\/dieter-jenz.de\/lc\/wp-content\/uploads\/2023\/12\/Evergreen-Themen-300x300.jpeg 300w, https:\/\/dieter-jenz.de\/lc\/wp-content\/uploads\/2023\/12\/Evergreen-Themen-150x150.jpeg 150w, https:\/\/dieter-jenz.de\/lc\/wp-content\/uploads\/2023\/12\/Evergreen-Themen-768x768.jpeg 768w, https:\/\/dieter-jenz.de\/lc\/wp-content\/uploads\/2023\/12\/Evergreen-Themen-540x540.jpeg 540w\" sizes=\"(max-width: 800px) 100vw, 800px\" \/><\/a><figcaption class=\"wp-element-caption\">Gestaltung: privat<\/figcaption><\/figure>\n\n\n\n<figure class=\"wp-block-image size-large\"><a href=\"https:\/\/dieter-jenz.de\/lc\/portal-wissensdurst\/\" target=\"_blank\" rel=\"noreferrer noopener\"><img loading=\"lazy\" decoding=\"async\" width=\"800\" height=\"800\" data-id=\"10177\" src=\"https:\/\/dieter-jenz.de\/lc\/wp-content\/uploads\/2023\/12\/Wissensdurst-Blick-durch-den-Tuerspalt.jpeg\" alt=\"Wissensdurst, Blick durch den T\u00fcrspalt - Gestaltung: privat\" class=\"wp-image-10177\" srcset=\"https:\/\/dieter-jenz.de\/lc\/wp-content\/uploads\/2023\/12\/Wissensdurst-Blick-durch-den-Tuerspalt.jpeg 800w, https:\/\/dieter-jenz.de\/lc\/wp-content\/uploads\/2023\/12\/Wissensdurst-Blick-durch-den-Tuerspalt-300x300.jpeg 300w, https:\/\/dieter-jenz.de\/lc\/wp-content\/uploads\/2023\/12\/Wissensdurst-Blick-durch-den-Tuerspalt-150x150.jpeg 150w, https:\/\/dieter-jenz.de\/lc\/wp-content\/uploads\/2023\/12\/Wissensdurst-Blick-durch-den-Tuerspalt-768x768.jpeg 768w, https:\/\/dieter-jenz.de\/lc\/wp-content\/uploads\/2023\/12\/Wissensdurst-Blick-durch-den-Tuerspalt-540x540.jpeg 540w\" sizes=\"(max-width: 800px) 100vw, 800px\" \/><\/a><figcaption class=\"wp-element-caption\">Gestaltung: privat<\/figcaption><\/figure>\n<\/figure>\n<\/div><\/div>\n\n\n\n<p>Mit seinen Erkenntnissen begr\u00fcndete Charles Darwin die Evolutionstheorie, die Beschreibung der Entstehung und Ver\u00e4nderung biologischer Einheiten. Durch Einbeziehung weiterer Erkenntnisse&nbsp;der Genetik, \u00d6kologie und Pal\u00e4ontologie entwickelte sich die synthetische Evolutionstheorie, die heute die Grundlage f\u00fcr das Verst\u00e4ndnis der Evolutionsmechanismen repr\u00e4sentiert. Von den sechs Evolutionsfaktoren (Selektion, Mutation, Gendrift, Migration, Isolation und Rekombination) sind sicherlich die Evolutionsfaktoren \u201eSelektion\u201c und \u201eMutation\u201c die bekanntesten.<\/p>\n\n\n\n<p>Der Faktor \u201eSelektion\u201c beschreibt, dass nur gut angepasste Exemplare (Individuen) \u00fcberleben. Individuen, die nicht gut angepasst sind, sterben aus, da sie sich nicht fortpflanzen k\u00f6nnen. Im R\u00fcckblick l\u00e4sst sich erkennen, dass Individuen, die als \u201e\u00fcberlebenst\u00fcchtiger\u201c erkennbar waren, sich st\u00e4rker vermehren konnten. Neben dieser nat\u00fcrlichen Selektion werden auch die sexuelle Selektion als Sonderfall der nat\u00fcrlichen Selektion (sie ergibt sich aus der Konkurrenz der Geschlechter um Fortpflanzungspartner des anderen Geschlechts innerhalb einer Art) und die k\u00fcnstliche Selektion als Spezialfall der Selektion (die Selektion durch den Menschen) unterschieden.<\/p>\n\n\n\n<p>Unter einer Mutation wird eine dauerhafte Ver\u00e4nderung der genetischen Ausstattung eines Lebewesens verstanden. F\u00fcr ein Individuum kann eine Mutation nachteilig, vorteilhaft oder auch unbedeutend sein. Nachteilig w\u00e4re eine Mutation zum Beispiel dann, wenn sie eine Erkrankung ausl\u00f6st, wie etwa Mukoviszidose, eine Stoffwechselerkrankung. Von Vorteil w\u00e4re eine Mutation beispielsweise bei einer erh\u00f6hten Laktosetoleranz, d.&nbsp;h., vereinfacht ausgedr\u00fcckt, der Vertr\u00e4glichkeit von Milchprodukten im Erwachsenenalter. Nat\u00fcrlicherweise kommen S\u00e4ugetiere, zu denen auch Menschen z\u00e4hlen, nur durch die Muttermilch in Kontakt mit Milch, danach nicht mehr. Grob zwei Drittel der Menschen haben, gewisserma\u00dfen dem Normalzustand entsprechend, eine Laktoseunvertr\u00e4glichkeit. Das restliche Drittel vertr\u00e4gt Milch auch im Erwachsenenalter. Zwischen den Weltregionen zeigen sich gro\u00dfe Unterschiede. In Nordeuropa sind, als Beispiel, etwa 90&nbsp;% aller Menschen laktosetolerant, in Asien hingegen nur etwa 10&nbsp;%.<\/p>\n\n\n\n<p>Bei einer vorteilhaften Mutation ist ein Individuum gegen\u00fcber anderen Individuen, bei denen diese Mutation nicht stattfand, im Vorteil. Normalerweise wird sich diese Mutation innerhalb der Population durch Vererbung verbreiten und dadurch die \u00dcberlebensf\u00e4higkeit verbessern.<\/p>\n\n\n<div class=\"su-box su-box-style-default\" id=\"\" style=\"border-color:#000000;border-radius:3px;\"><div class=\"su-box-title\" style=\"background-color:#333333;color:#FFFFFF;border-top-left-radius:1px;border-top-right-radius:1px\">Weitere Informationen und Ressourcen <\/div><div class=\"su-box-content su-u-clearfix su-u-trim\" style=\"border-bottom-left-radius:1px;border-bottom-right-radius:1px\"> <div class=\"su-list\" style=\"margin-left:0px\"> <\/p>\n<ul>\n<li><i class=\"sui sui-info-circle\" style=\"color:#333\"><\/i> <a href=\"https:\/\/dieter-jenz.de\/lc\/ausgangssituation-ziel-vorgehensweise-aktueller-stand\/\" title=\"Ausgangssituation, Ziel, Vorgehensweise\" target=\"_blank\" rel=\"\" class=\"\">Ausgangssituation, Ziel, Vorgehensweise, aktueller Stand<\/a> <\/li>\n<\/ul>\n<p> <\/div> <div class=\"su-list\" style=\"margin-left:0px\"> <\/p>\n<ul>\n<li><i class=\"sui sui-info-circle\" style=\"color:#333\"><\/i> <a href=\"https:\/\/dieter-jenz.de\/lc\/was-kommt-nach-dem-tod-erstes-zwischenfazit\/\" title=\"Erstes Zwischenfazit\" target=\"_blank\" rel=\"\" class=\"\">Was kommt nach dem Tod? &#8211; Erstes Zwischenfazit<\/a> <\/li>\n<\/ul>\n<p> <\/div> <div class=\"su-list\" style=\"margin-left:0px\"> <\/p>\n<ul>\n<li><i class=\"sui sui-info-circle\" style=\"color:#333\"><\/i> <a href=\"https:\/\/dieter-jenz.de\/lc\/ressourcen-wie-geht-es-nach-dem-tod-weiter\/\" title=\"Literatur und sonstige Ressourcen\" target=\"_blank\" rel=\"\" class=\"\">Literatur und sonstige Ressourcen<\/a> <\/li>\n<\/ul>\n<p> <\/div> <div class=\"su-list\" style=\"margin-left:0px\"> <\/p>\n<ul>\n<li><i class=\"sui sui-info-circle\" style=\"color:#333\"><\/i> <a href=\"https:\/\/dieter-jenz.de\/lc\/glossar-begriffe-transzendenzerfahrungen-lebensfragen\/\" title=\"Glossar der Begriffe zu Transzendenzerfahrungen\" target=\"_blank\" rel=\"\" class=\"\">Glossar der Begriffe im Kontext von Transzendenzerfahrungen<\/a> <\/li>\n<\/ul>\n<p> <\/div> <div class=\"su-list\" style=\"margin-left:0px\"> <\/p>\n<ul>\n<li><i class=\"sui sui-info-circle\" style=\"color:#333\"><\/i> <a href=\"https:\/\/dieter-jenz.de\/lc\/faq-haeufig-gestellte-fragen-was-kommt-nach-dem-tod\/\" title=\"FAQ (H\u00e4ufig gestellte Fragen)\" target=\"_blank\" rel=\"\" class=\"\">H\u00e4ufig gestellte Fragen (FAQ) &#8211; Was kommt nach dem Tod?<\/a> <\/li>\n<\/ul>\n<p> <\/div>   <\/div><\/div>\n\n\n\n<h3 class=\"wp-block-heading\" id=\"vererbung-von-genen\"><strong>Vererbung von Genen<\/strong><\/h3>\n\n\n\n<p>Aus dem Blickwinkel der Evolutionstheorie endet die menschliche Existenz mit dem biologischen Tod. Eine Weiterexistenz ist nicht denkbar.<\/p>\n\n\n\n<p>Menschen k\u00f6nnen ihre Gene, solange sie fortpflanzungsf\u00e4hig sind, an ihre gezeugten Kinder weitergeben. Bei Frauen bestimmen biologische Vorg\u00e4nge den Zeitraum der Fortpflanzungsf\u00e4higkeit. Nach der letzten Regelblutung, dem Eintreten der Menopause, k\u00f6nnen Frauen nicht mehr schwanger werden. Im Durchschnitt haben Frauen ihre letzte Regelblutung mit etwa 51 Jahren. Bei M\u00e4nnern gibt es keine vergleichbaren biologischen Vorg\u00e4nge, die der Zeugungsf\u00e4higkeit ein Ende setzen. Mit zunehmendem Alter, ab etwa dem 50. Lebensjahr, steigt allerdings bei M\u00e4nnern das Risiko von Chromosomenst\u00f6rungen in den Samenzellen. Das Risiko f\u00fcr genetische Defekte ist erh\u00f6ht. Diese gelten als Ursache f\u00fcr einige seltene, genetisch bedingte Entwicklungsst\u00f6rungen des Kindes.<\/p>\n\n\n\n<p>W\u00e4hrend der Fortpflanzungsf\u00e4higkeit kann der Mensch durch seine Denk- und Verhaltensweisen Einfluss auf seine Gene nehmen. Nachdem jedoch die Gene durch Zeugung und Empf\u00e4ngnis an ein Kind weitergegeben wurden, wirken sich weitere Genver\u00e4nderungen bei den Eltern nicht mehr auf das Kind aus. Aus dem Blickwinkel der Evolutionsbiologie sind die Eltern bei rein biologischer Betrachtung nach der Weitergabe ihrer Gene praktisch nutzlos geworden. Dieser Linie folgend w\u00e4ren alle nicht mehr fortpflanzungsf\u00e4higen oder \u2011willigen Menschen nutzlos.<\/p>\n\n\n\n<p>Wenn Menschen eine genetische Disposition f\u00fcr Transzendenzerfahrungen aufweisen w\u00fcrden, k\u00f6nnten sie in der Konsequenz die entsprechenden Gene w\u00e4hrend der Zeit ihrer Fortpflanzungsf\u00e4higkeit weitergeben. Bis heute konnten jedoch keine mit Transzendenzerfahrungen in direkter Beziehung stehende Gene nachgewiesen werden. Dies bedeutet nach der Logik des \u201eOpen World Reasoning\u201c allerdings nicht, dass keine f\u00fcr Transzendenzerfahrungen zust\u00e4ndigen Gene existieren, sondern dass sie m\u00f6glicherweise existieren, jedoch noch nicht entdeckt wurden.<\/p>\n\n\n\n<h3 class=\"wp-block-heading\" id=\"fragestellungen-im-kontext-von-transzendenzerfahrungen\"><strong>Fragestellungen im Kontext von Transzendenzerfahrungen<\/strong><\/h3>\n\n\n\n<p>Erlebte Transzendenzerfahrungen, wie insbesondere Nahtoderfahrungen, Nachtodkontakte und Sterbebettvisionen, werfen die Frage auf, ob und gegebenenfalls wie sich diese mit evolutionsbiologischen Prozessen vereinbaren lassen. Im Positivfall stellt sich die weitere Frage, wie sich derartige Ph\u00e4nomene auf evolutionsbiologische Prozesse auswirken und ob sie m\u00f6glicherweise f\u00fcr die Evolution von Vorteil sind.<\/p>\n\n\n\n<p>Zun\u00e4chst l\u00e4sst sich festhalten, dass evolutionsbiologische Prozesse auf das beobachtbare Universum, das Diesseits, beschr\u00e4nkt sind. Auswirkungen auf evolution\u00e4re Prozesse auf der Erde durch galaktische Dynamiken (z.&nbsp;B. Dynamik schwarzer L\u00f6cher) sind hierin eingeschlossen. Eine wie auch immer geartete interuniversale Interaktion zwischen einem beobachtbaren Universum (intrauniversaler Existenzraum bzw. Diesseits) und einem nicht beobachtbaren Universum (extrauniversaler Existenzraum bzw. Jenseits) wird von der Evolutionsbiologie nicht thematisiert.<\/p>\n\n\n\n<h4 class=\"wp-block-heading\" id=\"telepathische-kommunikation\"><strong>Telepathische Kommunikation<\/strong><\/h4>\n\n\n\n<p>Viele, jedoch durchaus nicht alle, Erlebenden von Nahtoderfahrungen, Nachtodkontakten und Sterbebettvisionen berichten von der F\u00e4higkeit zur telepathischen Kommunikation. Sie seien in der Lage gewesen, sich mit im Jenseits existierenden Wesen (bereits Verstorbenen, Engeln, Gott bzw. g\u00f6ttlichen Wesen) \u00fcber Telepathie zu verst\u00e4ndigen.<\/p>\n\n\n\n<p>Kommunikation muss erlernt werden. Jeder Mensch durchl\u00e4uft im fr\u00fchen Kindesalter einen Lernprozess, der im Idealfall zum Beherrschen verbaler Kommunikation f\u00fchrt. Die im Gehirn angelegten Sprachzentren (insbesondere das Wernicke- und das Broca-Areal) \u00fcbernehmen hierbei wichtige Funktionen.<\/p>\n\n\n\n<p>Im Unterschied zur verbalen Kommunikation kann die telepathische Kommunikation nicht erlernt werden. Zumindest l\u00e4sst sich die Erlernbarkeit nicht durch in der Vergangenheit durchgef\u00fchrte wissenschaftliche Untersuchungen belegen. Telepathische Kommunikation scheint, wie einschl\u00e4gige Versuche zeigten, lediglich ansatzweise m\u00f6glich zu sein. Vor diesem Hintergrund stellt sich die Frage, wie Menschen \u201evollwertig\u201c telepathisch kommunizieren k\u00f6nnen. Unterschiedliche Sprachen, die bei verbaler Kommunikation oft die Verst\u00e4ndigung erschweren (beispielsweise spricht ein Kommunikationspartner Englisch, der andere Deutsch), sind bei telepathischer Kommunikation offenbar nicht mehr von Bedeutung.<\/p>\n\n\n\n<p>Die telepathische Kommunikation erfordert, wie auch die Kommunikation \u00fcber Verbalsprache, bei Sender und Empf\u00e4nger jeweils eine \u201eSende\u201c- und eine \u201eEmpfangseinrichtung\u201c. \u201eSende\u201c- und \u201eEmpfangseinrichtung\u201c kommunizieren \u00fcber eine Schnittstelle und ein Protokoll. Ein Protokoll definiert, wie bereits erw\u00e4hnt, eine Menge von Regeln, die Syntax, Semantik und Synchronisation der Kommunikation. Eine \u201eEmpfangseinrichtung\u201c wird ben\u00f6tigt, um telepathisch \u00fcbermittelte Botschaften erkennen und deren Sinn und Bedeutung verstehen zu k\u00f6nnen. Eine \u201eSendeeinrichtung\u201c wird ben\u00f6tigt, um Kommunikationspartnern telepathische Botschaften zu \u00fcbermitteln.<\/p>\n\n\n\n<p>Wie jedoch kann eine telepathische Kommunikation zustande kommen, wenn sich die Voraussetzungen daf\u00fcr, die \u201eSende\u201c- und \u201eEmpfangseinrichtung\u201c, im Lauf der Menschheitsgeschichte \u00fcberhaupt nicht entwickeln konnten? Wenn ein extrauniversaler Existenzraum als nicht vorhanden angenommen wird, kann schlie\u00dflich auch kein Kommunikationspartner existieren. Zumindest der interuniversalen telepathischen Kommunikation zwischen Diesseits und Jenseits fehlt dauerhaft jegliche Grundlage.<\/p>\n\n\n\n<p>Selbst im intrauniversalen Existenzraum, dem Diesseits, w\u00e4re die F\u00e4higkeit zur telepathischen Kommunikation durchaus vorteilhaft. Wenn beispielsweise zwischen Kommunikationspartner gro\u00dfe Entfernungen liegen, k\u00f6nnte telepathische Kommunikation die Nutzung technischer Einrichtungen und Hilfsmittel (z.&nbsp;B. Telefon, E-Mail) sowie Dienstleistungen (z.&nbsp;B. \u00dcbersetzung) \u00fcberfl\u00fcssig machen. Im Verlauf der bisherigen Menschheitsgeschichte ist jedoch nicht erkennbar, dass sich die F\u00e4higkeit zur telepathischen Kommunikation beim Menschen entwickelt.<\/p>\n\n\n\n<p>Die F\u00e4higkeit zur telepathischen Kommunikation ist allerdings essentiell, wenn von der Existenz eines mit kommunikationsf\u00e4higen und \u2011willigen Wesen bev\u00f6lkerten extrauniversalen Existenzraums, dem Jenseits, ausgegangen wird. Als Kommunikationspartner kommen bereits Verstorbene, im Jenseits beheimatete Geistwesen (z.&nbsp;B. Engel) und Gott infrage.<\/p>\n\n\n\n<p>Eine von vielen Millionen, wenn nicht sogar Milliarden von Menschen ge\u00fcbte Praxis der telepathischen Kommunikation ist das in Gedanken gesprochene und an Gott gerichtete Gebet. Die Kommunikation basiert auf der Voraussetzung, dass Gott in der Lage ist, zumindest die Sprache des Betenden zu verstehen. Gott steht es sodann frei, auf das Gebet zu antworten. Dies kann wiederum durch telepathische Kommunikation und\/oder auf andere Art und Weise, beispielsweise durch Ver\u00e4nderung einer bedrohlichen Situation, geschehen. Im Hinblick auf Judentum und Christentum enth\u00e4lt die Bibel sowohl im Alten Testament wie auch im Neuen Testament Aussagen, dass Gott dazu in der Lage ist, durch seinen Geist mit Menschen zu kommunizieren.<\/p>\n\n\n\n<p>Dass von Menschen telepathisch kommunizierte Gebete von Gott empfangen, verstanden und auch beantwortet werden, wurde im Lauf der Menschheitsgeschichte immer wieder bezeugt. Die Vielzahl an Schilderungen zu beantworteten Gebeten ist durchaus beachtlich.<\/p>\n\n\n\n<h4 class=\"wp-block-heading\" id=\"beziehung-zu-einem-ereignis\"><strong>Beziehung zu einem Ereignis<\/strong><\/h4>\n\n\n\n<p>Die wohl meisten Transzendenzerfahrungen und die damit oft einhergehenden Kommunikationserfahrungen geschehen unbeabsichtigt. Typische Beispiele sind Nahtoderfahrungen mit medizinischer Ursache (z.&nbsp;B. Herzstillstand), Nachtodkontakte und Sterbebettvisionen. Manche Kommunikationserfahrungen weisen eine direkte Beziehung zu einem Ereignis auf.<\/p>\n\n\n\n<p>Bei Sterbebettvisionen l\u00e4sst sich ein geh\u00e4uftes Auftreten ab etwa zwei Wochen vor dem Tod des Erlebenden feststellen. Die zahlenm\u00e4\u00dfig meisten Visionen ereignen sich innerhalb von etwa 24 Stunden vor dem Tod.<\/p>\n\n\n\n<p>Unweigerlich stellt sich die Frage, wie es zu diesem Ph\u00e4nomen kommen kann. Der Mensch, dessen Tod bevorsteht, m\u00fcsste seinen Todeszeitpunkt kennen, wenn er selbst in Todesn\u00e4he Sterbebettvisionen hervorrufen wollte. Gleichzeitig w\u00fcrde damit auch ein h\u00e4ufig vorgebrachtes Argument, bei Sterbebettvisionen handele es sich um Delirzust\u00e4nde oder Halluzinationen, hinf\u00e4llig. Es ist kaum anzunehmen, dass ein Sterbender w\u00e4hrend eines Delirzustands eine Sterbebettvision initiiert. Ist der Zeitpunkt des eigenen Todes dem Sterbenden nicht bekannt, ist davon auszugehen, dass er keine M\u00f6glichkeiten besitzt, Zeitpunkt und H\u00e4ufigkeit von Sterbebettvisionen aktiv zu steuern und deren H\u00e4ufigkeit noch zu intensivieren, je n\u00e4her der Todeszeitpunkt r\u00fcckt. Die Hypothese, dass es im extrauniversalen Existenzraum existierende Individuen sind, die eine Sterbebettvision initiieren und die \u201eEmpfangseinrichtung\u201c des Sterbenden aktivieren, wie auch immer dies geschehen mag, liegt n\u00e4her.<\/p>\n\n\n\n<p>Im Hinblick auf das Wesen der Evolution, Anpassung an externe Gegebenheiten zu bewerkstelligen, ist durch das Erleben von Sterbebettvisionen kein evolution\u00e4rer Vorteil erkennbar. Zudem gab ein Sterbender seine Gene an seine Nachkommen bereits eine mehr oder weniger lange Zeit vor seinem Tod weiter. Sterbebettvisionen haben somit, evolutionsbiologisch betrachtet, keinerlei Auswirkungen.<\/p>\n\n\n\n<p>Nahtoderfahrungen treffen einen Erlebenden unvorbereitet. Damit w\u00e4hrend einer Nahtoderfahrung eine Kommunikationserfahrung mit im Jenseits existierenden Individuen m\u00f6glich sind, muss die \u201eEmpfangseinrichtung\u201c des Erlebenden aktiviert werden. Erst dann kann eine Kommunikationserfahrung erfolgen. Wie diese Aktivierung erfolgt, l\u00e4sst sich nicht erschlie\u00dfen.<\/p>\n\n\n\n<p>Auch Nachtodkontakte lassen sich aus Sicht des Erlebenden nicht planen. Ein bereits Verstorbener scheint die M\u00f6glichkeit zu haben, die \u201eEmpfangseinrichtung\u201c des Erlebenden entweder selbst zu aktivieren oder diese von einer dazu bef\u00e4higten Instanz aktivieren zu lassen. Wiederum l\u00e4sst sich nicht erschlie\u00dfen, wie diese Aktivierung erfolgt.<\/p>\n\n\n\n<h3 class=\"wp-block-heading\" id=\"folgerungen\"><strong>Folgerungen<\/strong><\/h3>\n\n\n\n<p>Wenn Menschen zur telepathischen Kommunikation in der Lage sind, sich diese F\u00e4higkeit im Verlauf der Menschheitsgeschichte jedoch nicht entwickeln konnte, muss eine plausible Erkl\u00e4rung daf\u00fcr gefunden werden, wie telepathische Kommunikation dennoch m\u00f6glich werden konnte. Es handelt sich durchaus nicht um ein zu vernachl\u00e4ssigendes Ph\u00e4nomen, denn die telepathische Kommunikation zur Verst\u00e4ndigung \u00fcber die Grenzen von Diesseits und Jenseits hinweg ist keineswegs eine Ausnahmeerscheinung. In absoluten Zahlen ausgedr\u00fcckt d\u00fcrften im Lauf der Menschheit viele Millionen derartiger Kommunikationserfahrungen (insbesondere im Kontext von Nahtoderfahrungen, Sterbebettvisionen und Nachtodkontakten) erlebt worden sein.<\/p>\n\n\n\n<p>Da die Entwicklung telepathischer Kommunikation durch Fortpflanzung \u00fcber Selektion und Mutation nicht nachvollziehbar ist, bleibt nur die M\u00f6glichkeit, dass diese F\u00e4higkeit durch eine extrauniversale Instanz verliehen wurde. Diese Instanz muss in der Lage sein, entweder den Menschen als Ganzes zu erschaffen (inklusive dieser F\u00e4higkeit) oder ihm diese F\u00e4higkeit im Verlauf der menschlichen Entwicklungsgeschichte, bildlich ausgedr\u00fcckt, zu \u201eimplantieren\u201c.<\/p>\n\n\n\n<p>Bei beiden Denkm\u00f6glichkeiten w\u00e4re in erster Linie bei dieser Instanz an Gott zu denken. Im religi\u00f6sen Schrifttum der Offenbarungsreligionen (Judentum, Christentum, Islam) wird Gott als Sch\u00f6pfer des beobachtbaren Universums und allen Lebens beschrieben. Gott wird als zug\u00e4nglich dargestellt, dem das weitere Schicksal der Sch\u00f6pfung nicht gleichg\u00fcltig ist. Die M\u00f6glichkeit zur Kommunikation zwischen Mensch und Gott, beispielsweise durch das Gebet, geh\u00f6rt zum innersten Wesen der Offenbarungsreligionen.<\/p>\n\n\n\n<p>Besonders ausgepr\u00e4gt ist die M\u00f6glichkeit der Mensch-Gott-Kommunikation im Christentum, das auch als Beziehungsreligion bezeichnet wird. Die F\u00e4higkeit zur telepathischen Kommunikation ist unbedingt erforderlich, wenn Gebete in Gedanken an Gott gerichtet werden und auch, wenn Gott entweder direkt oder \u00fcber von ihm beauftragte Geistwesen (z.&nbsp;B. Engel) akustisch nicht vernehmbar mit Menschen kommuniziert. Insofern w\u00e4re naheliegend, dass die F\u00e4higkeit zur telepathischen Kommunikation durch g\u00f6ttliche Intervention bei der Erschaffung des Menschen vermittelt wurde.<\/p>\n\n\n\n<p>In der Gesamtschau l\u00e4sst sich festhalten, dass Vorstellungen einer evolution\u00e4ren Entwicklung einer interuniversalen Kommunikationsf\u00e4higkeit des Menschen jegliche Grundlage fehlt. Wenn trotzdem interuniversale Kommunikationserfahrungen im Kontext von Transzendenzerfahrungen m\u00f6glich sind \u2013 wie in unz\u00e4hligen anekdotischen Schilderungen dokumentiert -, spricht dies eindeutig f\u00fcr einen Sch\u00f6pfungsakt. Gleichzeitig wird auch die Existenz einer Instanz postuliert, die zum Sch\u00f6pfungsakt in der Lage ist.<\/p>\n\n\n\n<p>Die Voraussetzung eines Sch\u00f6pfungsakts schlie\u00dft eine evolution\u00e4re Entwicklung des Menschen nicht aus. Allerdings schlie\u00dft sie evolutionsbiologische Prozesse als alleinige Erkl\u00e4rung aus. Dar\u00fcber hinaus ergibt sich in der Konsequenz, dass der \u201eSch\u00f6pfungsanteil\u201c nicht unbetr\u00e4chtlich ist. In jedem Fall sind jedoch Materialismus und Naturalismus der Boden entzogen.<\/p>\n","protected":false},"excerpt":{"rendered":"<p>Transzendenzerfahrungen und Evolution \u2013 ein Spannungsfeld! L\u00e4sst sich beides miteinander vereinbaren? Dem evolutionsbiologischen Ansatz zufolge ist der Mensch das Produkt einer sich \u00fcber viele Millionen Jahre erstreckende Entwicklung.&hellip;<\/p>\n","protected":false},"author":2,"featured_media":8747,"comment_status":"closed","ping_status":"open","sticky":false,"template":"template-full-width-only-content.php","format":"standard","meta":{"footnotes":""},"categories":[212],"tags":[],"yoast_head":"<!-- This site is optimized with the Yoast SEO plugin v24.5 - https:\/\/yoast.com\/wordpress\/plugins\/seo\/ -->\n<title>Transzendenzerfahrungen und Evolution \u2013 miteinander vereinbar?<\/title>\n<meta name=\"description\" content=\"Transzendenzerfahrungen und Evolution \u2013 ein Spannungsfeld! L\u00e4sst sich beides miteinander vereinbaren? Oder ist dies nicht m\u00f6glich?\" \/>\n<meta name=\"robots\" content=\"index, follow, max-snippet:-1, max-image-preview:large, max-video-preview:-1\" \/>\n<link rel=\"canonical\" href=\"https:\/\/dieter-jenz.de\/lc\/transzendenzerfahrungen-und-evolution-miteinander-vereinbar\/\" \/>\n<meta property=\"og:locale\" content=\"de_DE\" \/>\n<meta property=\"og:type\" content=\"article\" \/>\n<meta property=\"og:title\" content=\"Transzendenzerfahrungen und Evolution \u2013 miteinander vereinbar?\" \/>\n<meta property=\"og:description\" content=\"Transzendenzerfahrungen und Evolution \u2013 ein Spannungsfeld! L\u00e4sst sich beides miteinander vereinbaren? Oder ist dies nicht m\u00f6glich?\" \/>\n<meta property=\"og:url\" content=\"https:\/\/dieter-jenz.de\/lc\/transzendenzerfahrungen-und-evolution-miteinander-vereinbar\/\" \/>\n<meta property=\"og:site_name\" content=\"Dieter Jenz, Begleitung und Coaching\" \/>\n<meta property=\"article:publisher\" content=\"https:\/\/www.facebook.com\/dieter.jenz.inspiration\" \/>\n<meta property=\"article:author\" content=\"https:\/\/www.facebook.com\/dieter.jenz.inspiration\" \/>\n<meta property=\"article:published_time\" content=\"2023-06-12T14:00:00+00:00\" \/>\n<meta property=\"article:modified_time\" content=\"2023-08-08T10:10:50+00:00\" \/>\n<meta property=\"og:image\" content=\"https:\/\/dieter-jenz.de\/lc\/wp-content\/uploads\/2023\/06\/Beitragsbild-Transzendenzerfahrungen-und-Evolution.jpeg\" \/>\n\t<meta property=\"og:image:width\" content=\"800\" \/>\n\t<meta property=\"og:image:height\" content=\"800\" \/>\n\t<meta property=\"og:image:type\" content=\"image\/jpeg\" \/>\n<meta name=\"author\" content=\"Dieter Jenz\" \/>\n<meta name=\"twitter:card\" content=\"summary_large_image\" \/>\n<meta name=\"twitter:creator\" content=\"@https:\/\/twitter.com\/dieterjenz\" \/>\n<meta name=\"twitter:site\" content=\"@dieterjenz\" \/>\n<meta name=\"twitter:label1\" content=\"Verfasst von\" \/>\n\t<meta name=\"twitter:data1\" content=\"Dieter Jenz\" \/>\n\t<meta name=\"twitter:label2\" content=\"Gesch\u00e4tzte Lesezeit\" \/>\n\t<meta name=\"twitter:data2\" content=\"13\u00a0Minuten\" \/>\n<script type=\"application\/ld+json\" class=\"yoast-schema-graph\">{\"@context\":\"https:\/\/schema.org\",\"@graph\":[{\"@type\":\"Article\",\"@id\":\"https:\/\/dieter-jenz.de\/lc\/transzendenzerfahrungen-und-evolution-miteinander-vereinbar\/#article\",\"isPartOf\":{\"@id\":\"https:\/\/dieter-jenz.de\/lc\/transzendenzerfahrungen-und-evolution-miteinander-vereinbar\/\"},\"author\":{\"name\":\"Dieter Jenz\",\"@id\":\"https:\/\/dieter-jenz.de\/lc\/#\/schema\/person\/618cfd5c289d0a23930cb258a43679ab\"},\"headline\":\"Transzendenzerfahrungen und Evolution \u2013 miteinander vereinbar?\",\"datePublished\":\"2023-06-12T14:00:00+00:00\",\"dateModified\":\"2023-08-08T10:10:50+00:00\",\"mainEntityOfPage\":{\"@id\":\"https:\/\/dieter-jenz.de\/lc\/transzendenzerfahrungen-und-evolution-miteinander-vereinbar\/\"},\"wordCount\":2452,\"publisher\":{\"@id\":\"https:\/\/dieter-jenz.de\/lc\/#\/schema\/person\/618cfd5c289d0a23930cb258a43679ab\"},\"image\":{\"@id\":\"https:\/\/dieter-jenz.de\/lc\/transzendenzerfahrungen-und-evolution-miteinander-vereinbar\/#primaryimage\"},\"thumbnailUrl\":\"https:\/\/dieter-jenz.de\/lc\/wp-content\/uploads\/2023\/06\/Beitragsbild-Transzendenzerfahrungen-und-Evolution.jpeg\",\"articleSection\":[\"Lebensfragen\"],\"inLanguage\":\"de\"},{\"@type\":\"WebPage\",\"@id\":\"https:\/\/dieter-jenz.de\/lc\/transzendenzerfahrungen-und-evolution-miteinander-vereinbar\/\",\"url\":\"https:\/\/dieter-jenz.de\/lc\/transzendenzerfahrungen-und-evolution-miteinander-vereinbar\/\",\"name\":\"Transzendenzerfahrungen und Evolution \u2013 miteinander vereinbar?\",\"isPartOf\":{\"@id\":\"https:\/\/dieter-jenz.de\/lc\/#website\"},\"primaryImageOfPage\":{\"@id\":\"https:\/\/dieter-jenz.de\/lc\/transzendenzerfahrungen-und-evolution-miteinander-vereinbar\/#primaryimage\"},\"image\":{\"@id\":\"https:\/\/dieter-jenz.de\/lc\/transzendenzerfahrungen-und-evolution-miteinander-vereinbar\/#primaryimage\"},\"thumbnailUrl\":\"https:\/\/dieter-jenz.de\/lc\/wp-content\/uploads\/2023\/06\/Beitragsbild-Transzendenzerfahrungen-und-Evolution.jpeg\",\"datePublished\":\"2023-06-12T14:00:00+00:00\",\"dateModified\":\"2023-08-08T10:10:50+00:00\",\"description\":\"Transzendenzerfahrungen und Evolution \u2013 ein Spannungsfeld! L\u00e4sst sich beides miteinander vereinbaren? Oder ist dies nicht m\u00f6glich?\",\"breadcrumb\":{\"@id\":\"https:\/\/dieter-jenz.de\/lc\/transzendenzerfahrungen-und-evolution-miteinander-vereinbar\/#breadcrumb\"},\"inLanguage\":\"de\",\"potentialAction\":[{\"@type\":\"ReadAction\",\"target\":[\"https:\/\/dieter-jenz.de\/lc\/transzendenzerfahrungen-und-evolution-miteinander-vereinbar\/\"]}]},{\"@type\":\"ImageObject\",\"inLanguage\":\"de\",\"@id\":\"https:\/\/dieter-jenz.de\/lc\/transzendenzerfahrungen-und-evolution-miteinander-vereinbar\/#primaryimage\",\"url\":\"https:\/\/dieter-jenz.de\/lc\/wp-content\/uploads\/2023\/06\/Beitragsbild-Transzendenzerfahrungen-und-Evolution.jpeg\",\"contentUrl\":\"https:\/\/dieter-jenz.de\/lc\/wp-content\/uploads\/2023\/06\/Beitragsbild-Transzendenzerfahrungen-und-Evolution.jpeg\",\"width\":800,\"height\":800,\"caption\":\"Gestaltung: privat\"},{\"@type\":\"BreadcrumbList\",\"@id\":\"https:\/\/dieter-jenz.de\/lc\/transzendenzerfahrungen-und-evolution-miteinander-vereinbar\/#breadcrumb\",\"itemListElement\":[{\"@type\":\"ListItem\",\"position\":1,\"name\":\"Home\",\"item\":\"https:\/\/dieter-jenz.de\/lc\/\"},{\"@type\":\"ListItem\",\"position\":2,\"name\":\"Lebensfragen\",\"item\":\"https:\/\/dieter-jenz.de\/lc\/category\/lebensfragen\/\"},{\"@type\":\"ListItem\",\"position\":3,\"name\":\"Transzendenzerfahrungen und Evolution \u2013 miteinander vereinbar?\"}]},{\"@type\":\"WebSite\",\"@id\":\"https:\/\/dieter-jenz.de\/lc\/#website\",\"url\":\"https:\/\/dieter-jenz.de\/lc\/\",\"name\":\"Dieter Jenz, Begleitung und Coaching\",\"description\":\"Die andere, neue Sichtweise entdecken - auftanken - neue Wege gehen\",\"publisher\":{\"@id\":\"https:\/\/dieter-jenz.de\/lc\/#\/schema\/person\/618cfd5c289d0a23930cb258a43679ab\"},\"potentialAction\":[{\"@type\":\"SearchAction\",\"target\":{\"@type\":\"EntryPoint\",\"urlTemplate\":\"https:\/\/dieter-jenz.de\/lc\/?s={search_term_string}\"},\"query-input\":{\"@type\":\"PropertyValueSpecification\",\"valueRequired\":true,\"valueName\":\"search_term_string\"}}],\"inLanguage\":\"de\"},{\"@type\":[\"Person\",\"Organization\"],\"@id\":\"https:\/\/dieter-jenz.de\/lc\/#\/schema\/person\/618cfd5c289d0a23930cb258a43679ab\",\"name\":\"Dieter Jenz\",\"image\":{\"@type\":\"ImageObject\",\"inLanguage\":\"de\",\"@id\":\"https:\/\/dieter-jenz.de\/lc\/#\/schema\/person\/image\/\",\"url\":\"https:\/\/dieter-jenz.de\/lc\/wp-content\/uploads\/2020\/01\/Logo-Coaching-und-Begleitung.png\",\"contentUrl\":\"https:\/\/dieter-jenz.de\/lc\/wp-content\/uploads\/2020\/01\/Logo-Coaching-und-Begleitung.png\",\"width\":320,\"height\":240,\"caption\":\"Dieter Jenz\"},\"logo\":{\"@id\":\"https:\/\/dieter-jenz.de\/lc\/#\/schema\/person\/image\/\"},\"description\":\"Ich bin Dieter Jenz, Begleiter, Berater und Coach mit Leidenschaft. \u00dcber viele Jahre hinweg habe ich einen reichen Schatz an Kompetenz und Erfahrung erworben. Meine Themen sind die \\\"4L\\\": Lebensaufgabe, Lebensplanung, Lebensnavigation und Lebensqualit\u00e4t.\",\"sameAs\":[\"https:\/\/www.facebook.com\/dieter.jenz.inspiration\",\"https:\/\/www.pinterest.de\/dieterjenz\/\",\"https:\/\/x.com\/https:\/\/twitter.com\/dieterjenz\"],\"url\":\"https:\/\/dieter-jenz.de\/lc\/author\/dieter\/\"}]}<\/script>\n<!-- \/ Yoast SEO plugin. -->","yoast_head_json":{"title":"Transzendenzerfahrungen und Evolution \u2013 miteinander vereinbar?","description":"Transzendenzerfahrungen und Evolution \u2013 ein Spannungsfeld! L\u00e4sst sich beides miteinander vereinbaren? Oder ist dies nicht m\u00f6glich?","robots":{"index":"index","follow":"follow","max-snippet":"max-snippet:-1","max-image-preview":"max-image-preview:large","max-video-preview":"max-video-preview:-1"},"canonical":"https:\/\/dieter-jenz.de\/lc\/transzendenzerfahrungen-und-evolution-miteinander-vereinbar\/","og_locale":"de_DE","og_type":"article","og_title":"Transzendenzerfahrungen und Evolution \u2013 miteinander vereinbar?","og_description":"Transzendenzerfahrungen und Evolution \u2013 ein Spannungsfeld! L\u00e4sst sich beides miteinander vereinbaren? Oder ist dies nicht m\u00f6glich?","og_url":"https:\/\/dieter-jenz.de\/lc\/transzendenzerfahrungen-und-evolution-miteinander-vereinbar\/","og_site_name":"Dieter Jenz, Begleitung und Coaching","article_publisher":"https:\/\/www.facebook.com\/dieter.jenz.inspiration","article_author":"https:\/\/www.facebook.com\/dieter.jenz.inspiration","article_published_time":"2023-06-12T14:00:00+00:00","article_modified_time":"2023-08-08T10:10:50+00:00","og_image":[{"width":800,"height":800,"url":"https:\/\/dieter-jenz.de\/lc\/wp-content\/uploads\/2023\/06\/Beitragsbild-Transzendenzerfahrungen-und-Evolution.jpeg","type":"image\/jpeg"}],"author":"Dieter Jenz","twitter_card":"summary_large_image","twitter_creator":"@https:\/\/twitter.com\/dieterjenz","twitter_site":"@dieterjenz","twitter_misc":{"Verfasst von":"Dieter Jenz","Gesch\u00e4tzte Lesezeit":"13\u00a0Minuten"},"schema":{"@context":"https:\/\/schema.org","@graph":[{"@type":"Article","@id":"https:\/\/dieter-jenz.de\/lc\/transzendenzerfahrungen-und-evolution-miteinander-vereinbar\/#article","isPartOf":{"@id":"https:\/\/dieter-jenz.de\/lc\/transzendenzerfahrungen-und-evolution-miteinander-vereinbar\/"},"author":{"name":"Dieter Jenz","@id":"https:\/\/dieter-jenz.de\/lc\/#\/schema\/person\/618cfd5c289d0a23930cb258a43679ab"},"headline":"Transzendenzerfahrungen und Evolution \u2013 miteinander vereinbar?","datePublished":"2023-06-12T14:00:00+00:00","dateModified":"2023-08-08T10:10:50+00:00","mainEntityOfPage":{"@id":"https:\/\/dieter-jenz.de\/lc\/transzendenzerfahrungen-und-evolution-miteinander-vereinbar\/"},"wordCount":2452,"publisher":{"@id":"https:\/\/dieter-jenz.de\/lc\/#\/schema\/person\/618cfd5c289d0a23930cb258a43679ab"},"image":{"@id":"https:\/\/dieter-jenz.de\/lc\/transzendenzerfahrungen-und-evolution-miteinander-vereinbar\/#primaryimage"},"thumbnailUrl":"https:\/\/dieter-jenz.de\/lc\/wp-content\/uploads\/2023\/06\/Beitragsbild-Transzendenzerfahrungen-und-Evolution.jpeg","articleSection":["Lebensfragen"],"inLanguage":"de"},{"@type":"WebPage","@id":"https:\/\/dieter-jenz.de\/lc\/transzendenzerfahrungen-und-evolution-miteinander-vereinbar\/","url":"https:\/\/dieter-jenz.de\/lc\/transzendenzerfahrungen-und-evolution-miteinander-vereinbar\/","name":"Transzendenzerfahrungen und Evolution \u2013 miteinander vereinbar?","isPartOf":{"@id":"https:\/\/dieter-jenz.de\/lc\/#website"},"primaryImageOfPage":{"@id":"https:\/\/dieter-jenz.de\/lc\/transzendenzerfahrungen-und-evolution-miteinander-vereinbar\/#primaryimage"},"image":{"@id":"https:\/\/dieter-jenz.de\/lc\/transzendenzerfahrungen-und-evolution-miteinander-vereinbar\/#primaryimage"},"thumbnailUrl":"https:\/\/dieter-jenz.de\/lc\/wp-content\/uploads\/2023\/06\/Beitragsbild-Transzendenzerfahrungen-und-Evolution.jpeg","datePublished":"2023-06-12T14:00:00+00:00","dateModified":"2023-08-08T10:10:50+00:00","description":"Transzendenzerfahrungen und Evolution \u2013 ein Spannungsfeld! L\u00e4sst sich beides miteinander vereinbaren? Oder ist dies nicht m\u00f6glich?","breadcrumb":{"@id":"https:\/\/dieter-jenz.de\/lc\/transzendenzerfahrungen-und-evolution-miteinander-vereinbar\/#breadcrumb"},"inLanguage":"de","potentialAction":[{"@type":"ReadAction","target":["https:\/\/dieter-jenz.de\/lc\/transzendenzerfahrungen-und-evolution-miteinander-vereinbar\/"]}]},{"@type":"ImageObject","inLanguage":"de","@id":"https:\/\/dieter-jenz.de\/lc\/transzendenzerfahrungen-und-evolution-miteinander-vereinbar\/#primaryimage","url":"https:\/\/dieter-jenz.de\/lc\/wp-content\/uploads\/2023\/06\/Beitragsbild-Transzendenzerfahrungen-und-Evolution.jpeg","contentUrl":"https:\/\/dieter-jenz.de\/lc\/wp-content\/uploads\/2023\/06\/Beitragsbild-Transzendenzerfahrungen-und-Evolution.jpeg","width":800,"height":800,"caption":"Gestaltung: privat"},{"@type":"BreadcrumbList","@id":"https:\/\/dieter-jenz.de\/lc\/transzendenzerfahrungen-und-evolution-miteinander-vereinbar\/#breadcrumb","itemListElement":[{"@type":"ListItem","position":1,"name":"Home","item":"https:\/\/dieter-jenz.de\/lc\/"},{"@type":"ListItem","position":2,"name":"Lebensfragen","item":"https:\/\/dieter-jenz.de\/lc\/category\/lebensfragen\/"},{"@type":"ListItem","position":3,"name":"Transzendenzerfahrungen und Evolution \u2013 miteinander vereinbar?"}]},{"@type":"WebSite","@id":"https:\/\/dieter-jenz.de\/lc\/#website","url":"https:\/\/dieter-jenz.de\/lc\/","name":"Dieter Jenz, Begleitung und Coaching","description":"Die andere, neue Sichtweise entdecken - auftanken - neue Wege gehen","publisher":{"@id":"https:\/\/dieter-jenz.de\/lc\/#\/schema\/person\/618cfd5c289d0a23930cb258a43679ab"},"potentialAction":[{"@type":"SearchAction","target":{"@type":"EntryPoint","urlTemplate":"https:\/\/dieter-jenz.de\/lc\/?s={search_term_string}"},"query-input":{"@type":"PropertyValueSpecification","valueRequired":true,"valueName":"search_term_string"}}],"inLanguage":"de"},{"@type":["Person","Organization"],"@id":"https:\/\/dieter-jenz.de\/lc\/#\/schema\/person\/618cfd5c289d0a23930cb258a43679ab","name":"Dieter Jenz","image":{"@type":"ImageObject","inLanguage":"de","@id":"https:\/\/dieter-jenz.de\/lc\/#\/schema\/person\/image\/","url":"https:\/\/dieter-jenz.de\/lc\/wp-content\/uploads\/2020\/01\/Logo-Coaching-und-Begleitung.png","contentUrl":"https:\/\/dieter-jenz.de\/lc\/wp-content\/uploads\/2020\/01\/Logo-Coaching-und-Begleitung.png","width":320,"height":240,"caption":"Dieter Jenz"},"logo":{"@id":"https:\/\/dieter-jenz.de\/lc\/#\/schema\/person\/image\/"},"description":"Ich bin Dieter Jenz, Begleiter, Berater und Coach mit Leidenschaft. \u00dcber viele Jahre hinweg habe ich einen reichen Schatz an Kompetenz und Erfahrung erworben. Meine Themen sind die \"4L\": Lebensaufgabe, Lebensplanung, Lebensnavigation und Lebensqualit\u00e4t.","sameAs":["https:\/\/www.facebook.com\/dieter.jenz.inspiration","https:\/\/www.pinterest.de\/dieterjenz\/","https:\/\/x.com\/https:\/\/twitter.com\/dieterjenz"],"url":"https:\/\/dieter-jenz.de\/lc\/author\/dieter\/"}]}},"_links":{"self":[{"href":"https:\/\/dieter-jenz.de\/lc\/wp-json\/wp\/v2\/posts\/8748"}],"collection":[{"href":"https:\/\/dieter-jenz.de\/lc\/wp-json\/wp\/v2\/posts"}],"about":[{"href":"https:\/\/dieter-jenz.de\/lc\/wp-json\/wp\/v2\/types\/post"}],"author":[{"embeddable":true,"href":"https:\/\/dieter-jenz.de\/lc\/wp-json\/wp\/v2\/users\/2"}],"replies":[{"embeddable":true,"href":"https:\/\/dieter-jenz.de\/lc\/wp-json\/wp\/v2\/comments?post=8748"}],"version-history":[{"count":4,"href":"https:\/\/dieter-jenz.de\/lc\/wp-json\/wp\/v2\/posts\/8748\/revisions"}],"predecessor-version":[{"id":8980,"href":"https:\/\/dieter-jenz.de\/lc\/wp-json\/wp\/v2\/posts\/8748\/revisions\/8980"}],"wp:featuredmedia":[{"embeddable":true,"href":"https:\/\/dieter-jenz.de\/lc\/wp-json\/wp\/v2\/media\/8747"}],"wp:attachment":[{"href":"https:\/\/dieter-jenz.de\/lc\/wp-json\/wp\/v2\/media?parent=8748"}],"wp:term":[{"taxonomy":"category","embeddable":true,"href":"https:\/\/dieter-jenz.de\/lc\/wp-json\/wp\/v2\/categories?post=8748"},{"taxonomy":"post_tag","embeddable":true,"href":"https:\/\/dieter-jenz.de\/lc\/wp-json\/wp\/v2\/tags?post=8748"}],"curies":[{"name":"wp","href":"https:\/\/api.w.org\/{rel}","templated":true}]}}