{"id":9945,"date":"2023-11-03T15:00:00","date_gmt":"2023-11-03T14:00:00","guid":{"rendered":"https:\/\/dieter-jenz.de\/lc\/?p=9945"},"modified":"2023-11-10T07:53:47","modified_gmt":"2023-11-10T06:53:47","slug":"kraftgedanken-dankbarkeit-lebensveraendernd","status":"publish","type":"post","link":"https:\/\/dieter-jenz.de\/lc\/kraftgedanken-dankbarkeit-lebensveraendernd\/","title":{"rendered":"Kraftgedanken: Dankbarkeit \u2013 wirkm\u00e4chtig, lebensver\u00e4ndernd"},"content":{"rendered":"<div class=\"yoast-breadcrumbs\"><span><span><a href=\"https:\/\/dieter-jenz.de\/lc\/\">Home<\/a><\/span> \u00bb <span><a href=\"https:\/\/dieter-jenz.de\/lc\/category\/kraftgedanken\/\">Kraftgedanken<\/a><\/span> \u00bb <span class=\"breadcrumb_last\" aria-current=\"page\"><strong>Kraftgedanken: Dankbarkeit \u2013 wirkm\u00e4chtig, lebensver\u00e4ndernd<\/strong><\/span><\/span><\/div>\n\n\n<div style=\"height:50px\" aria-hidden=\"true\" class=\"wp-block-spacer\"><\/div>\n\n\n\n\n\n<p>\u201eDank und Liebe sind die gro\u00dfen M\u00e4chte der Welt.\u201c Dieses Zitat stammt von Friedrich von Bodelschwingh. Er musste es wissen, denn sein Leben verlief alles andere als problemlos. Zusammen mit seiner Frau musste er u.&nbsp;a. den Tod von vier Kindern verkraften, die innerhalb von nur zwei Wochen an Diphterie starben. Damals gab es noch keine Impfung gegen diese Krankheit.<\/p>\n\n\n\n<figure class=\"wp-block-pullquote has-small-font-size\"><blockquote><p>\u201eDank und Liebe sind die gro\u00dfen M\u00e4chte der Welt.\u201c<\/p><cite>Friedrich von Bodelschwingh (der \u00c4ltere)<\/cite><\/blockquote><\/figure>\n\n\n\n<p>Trotz seines keineswegs einfachen Lebens kam Friedrich von Bodelschwingh zu der Erkenntnis, dass Dank bzw. Dankbarkeit eine der gro\u00dfen M\u00e4chte sind. Mit dieser Erkenntnis stand er durchaus nicht alleine. Viele andere Menschen \u00e4u\u00dferten sich dem Sinn nach sehr \u00e4hnlich.<\/p>\n\n\n\n<p>Wenn Dank eine gro\u00dfe Macht ist, dann kann und wird Dank bzw. Dankbarkeit auch positiv lebensver\u00e4ndernd wirken. Demgegen\u00fcber scheint die Macht der Dankbarkeit ziemlich unbekannt zu sein. In den Medien ist nicht sonderlich viel dar\u00fcber zu h\u00f6ren, zu sehen oder zu lesen. Doch ist die geringe Popularit\u00e4t von Dankbarkeit ein Indiz daf\u00fcr, dass Dankbarkeit eben doch keine lebensver\u00e4ndernde Kraft hat?<\/p>\n\n\n\n<h3 class=\"wp-block-heading\"><strong>Gibt es \u00fcberhaupt einen Grund f\u00fcr Dankbarkeit?<\/strong><\/h3>\n\n\n\n<p>\u201eIch wei\u00df gerade nicht so recht, wof\u00fcr ich eigentlich dankbar sein soll\u201c \u2013 \u201eMir ist gerade \u00fcberhaupt nicht nach Dankbarkeit zumute\u201c &#8211; \u201eDanke f\u00fcr nichts\u201c &#8230; Ist nicht nachvollziehbar und verst\u00e4ndlich, wenn einem nach einer pers\u00f6nlichen Entt\u00e4uschung, einem Scheitern oder einer schlechten Nachricht der Gedanke an Dankbarkeit \u00fcberhaupt nicht in den Sinn kommt?<\/p>\n\n\n\n<p>Viele Menschen gehen irgendwann in ihrem Leben, bildlich ausgedr\u00fcckt, durch ein tiefes Tal. Sollten sie daf\u00fcr auch noch dankbar sein? W\u00e4re das nicht viel zu viel verlangt? Oder kann man selbst in einer schwierigen Situation oder Lebenslage trotzdem noch f\u00fcr irgendetwas dankbar sein?<\/p>\n\n\n\n<p>Manche Situationen k\u00f6nnen einen in der Tat dazu bringen, die Dinge nur noch schwarz zu sehen. Alles erscheint bedrohlich, vielleicht sogar aussichtslos. Doch ist wirklich alles nur noch schwarz? Oder kann man das, was (noch) gut ist, gerade einfach nicht (mehr) sehen? Es gibt immer noch etwas Gutes &#8211; und es ist da, auch wenn man es gerade nicht wahrnehmen kann. Zumindest f\u00fcr dieses Gute k\u00f6nnte man dankbar sein.<\/p>\n\n\n\n<p>Ein anderer Zugang zu einer Antwort f\u00fchrt zu der Frage, ob nicht einfach alles selbstverst\u00e4ndlich ist. Wenn alles selbstverst\u00e4ndlich ist, gibt es keinen Grund f\u00fcr Dankbarkeit. Genauso wenig gibt es einen Grund f\u00fcr Dankbarkeit, wenn man einen Anspruch auf etwas hat. Wenn man beispielsweise einen Anspruch auf ein unbeschwertes und gl\u00fcckliches Leben h\u00e4tte, br\u00e4uchte man f\u00fcr das Gute im Leben nicht dankbar sein.<\/p>\n\n\n\n<p>Ein kurzes Nachdenken f\u00fchrt jedoch zu dem Schluss, dass so gut wie \u00fcberhaupt nichts selbstverst\u00e4ndlich ist. Und man hat auch auf so gut wie \u00fcberhaupt nichts einen Anspruch. Also gibt es einen Grund f\u00fcr Dankbarkeit.<\/p>\n\n\n\n<div class=\"wp-block-group\"><div class=\"wp-block-group__inner-container is-layout-constrained wp-block-group-is-layout-constrained\">\n<figure class=\"wp-block-gallery has-nested-images columns-4 is-cropped wp-block-gallery-1 is-layout-flex wp-block-gallery-is-layout-flex\">\n<figure class=\"wp-block-image size-large\"><a href=\"https:\/\/dieter-jenz.de\/lc\/portal-lebensweisheiten\/\" target=\"_blank\" rel=\"noreferrer noopener\"><img loading=\"lazy\" decoding=\"async\" width=\"800\" height=\"800\" data-id=\"10179\" src=\"https:\/\/dieter-jenz.de\/lc\/wp-content\/uploads\/2023\/12\/Lebensweisheiten.jpeg\" alt=\"Lebensweisheiten - Gestaltung: privat\" class=\"wp-image-10179\" srcset=\"https:\/\/dieter-jenz.de\/lc\/wp-content\/uploads\/2023\/12\/Lebensweisheiten.jpeg 800w, https:\/\/dieter-jenz.de\/lc\/wp-content\/uploads\/2023\/12\/Lebensweisheiten-300x300.jpeg 300w, https:\/\/dieter-jenz.de\/lc\/wp-content\/uploads\/2023\/12\/Lebensweisheiten-150x150.jpeg 150w, https:\/\/dieter-jenz.de\/lc\/wp-content\/uploads\/2023\/12\/Lebensweisheiten-768x768.jpeg 768w, https:\/\/dieter-jenz.de\/lc\/wp-content\/uploads\/2023\/12\/Lebensweisheiten-540x540.jpeg 540w\" sizes=\"(max-width: 800px) 100vw, 800px\" \/><\/a><figcaption class=\"wp-element-caption\">Gestaltung: privat<\/figcaption><\/figure>\n\n\n\n<figure class=\"wp-block-image size-large\"><a href=\"https:\/\/dieter-jenz.de\/lc\/portal-evergreen-themen\/\" target=\"_blank\" rel=\"noreferrer noopener\"><img loading=\"lazy\" decoding=\"async\" width=\"800\" height=\"800\" data-id=\"10200\" src=\"https:\/\/dieter-jenz.de\/lc\/wp-content\/uploads\/2023\/12\/Evergreen-Themen.jpeg\" alt=\"Evergreen-Themen - Gestaltung: privat\" class=\"wp-image-10200\" srcset=\"https:\/\/dieter-jenz.de\/lc\/wp-content\/uploads\/2023\/12\/Evergreen-Themen.jpeg 800w, https:\/\/dieter-jenz.de\/lc\/wp-content\/uploads\/2023\/12\/Evergreen-Themen-300x300.jpeg 300w, https:\/\/dieter-jenz.de\/lc\/wp-content\/uploads\/2023\/12\/Evergreen-Themen-150x150.jpeg 150w, https:\/\/dieter-jenz.de\/lc\/wp-content\/uploads\/2023\/12\/Evergreen-Themen-768x768.jpeg 768w, https:\/\/dieter-jenz.de\/lc\/wp-content\/uploads\/2023\/12\/Evergreen-Themen-540x540.jpeg 540w\" sizes=\"(max-width: 800px) 100vw, 800px\" \/><\/a><figcaption class=\"wp-element-caption\">Gestaltung: privat<\/figcaption><\/figure>\n\n\n\n<figure class=\"wp-block-image size-large\"><a href=\"https:\/\/dieter-jenz.de\/lc\/portal-wissensdurst\/\" target=\"_blank\" rel=\"noreferrer noopener\"><img loading=\"lazy\" decoding=\"async\" width=\"800\" height=\"800\" data-id=\"10177\" src=\"https:\/\/dieter-jenz.de\/lc\/wp-content\/uploads\/2023\/12\/Wissensdurst-Blick-durch-den-Tuerspalt.jpeg\" alt=\"Wissensdurst, Blick durch den T\u00fcrspalt - Gestaltung: privat\" class=\"wp-image-10177\" srcset=\"https:\/\/dieter-jenz.de\/lc\/wp-content\/uploads\/2023\/12\/Wissensdurst-Blick-durch-den-Tuerspalt.jpeg 800w, https:\/\/dieter-jenz.de\/lc\/wp-content\/uploads\/2023\/12\/Wissensdurst-Blick-durch-den-Tuerspalt-300x300.jpeg 300w, https:\/\/dieter-jenz.de\/lc\/wp-content\/uploads\/2023\/12\/Wissensdurst-Blick-durch-den-Tuerspalt-150x150.jpeg 150w, https:\/\/dieter-jenz.de\/lc\/wp-content\/uploads\/2023\/12\/Wissensdurst-Blick-durch-den-Tuerspalt-768x768.jpeg 768w, https:\/\/dieter-jenz.de\/lc\/wp-content\/uploads\/2023\/12\/Wissensdurst-Blick-durch-den-Tuerspalt-540x540.jpeg 540w\" sizes=\"(max-width: 800px) 100vw, 800px\" \/><\/a><figcaption class=\"wp-element-caption\">Gestaltung: privat<\/figcaption><\/figure>\n<\/figure>\n<\/div><\/div>\n\n\n\n<h3 class=\"wp-block-heading\"><strong>Wof\u00fcr k\u00f6nnte man dankbar sein?<\/strong><\/h3>\n\n\n\n<p>Wenn man sich etwas Zeit nimmt und dar\u00fcber nachdenkt, was im Leben alles nicht selbstverst\u00e4ndlich ist und worauf man keinen Anspruch hat, f\u00e4llt einem bestimmt vieles ein. Geht man in einem weiteren Schritt daran, inhaltliche Schwerpunkte zu bilden, bieten sich Folgende an: Dinge, Beziehungen und immaterieller Reichtum.<\/p>\n\n\n\n<h4 class=\"wp-block-heading\"><strong>Dankbarkeit f\u00fcr Dinge<\/strong><\/h4>\n\n\n\n<p>Zu den so vielen Dingen, f\u00fcr die man dankbar sein kann, z\u00e4hlen beispielsweise das Dach \u00fcber dem Kopf, Lebensmittel und die Infrastruktur (Energieversorgung, Verkehr, Gesundheit usw.). Nichts davon ist selbstverst\u00e4ndlich. Jederzeit k\u00f6nnen Umst\u00e4nde, wie beispielsweise Naturkatastrophen, eintreten, die bisher Gewohntes von einem Augenblick zum anderen zerst\u00f6ren.<\/p>\n\n\n\n<p>Zur Veranschaulichung sei das Trinkwasser, das wichtigste und unersetzbare Lebensmittel, herausgegriffen. Wenn die Trinkwasserversorgung pl\u00f6tzlich zusammenbrechen w\u00fcrde, h\u00e4tte dies gravierende Folgen, denn selbst unter g\u00fcnstigen Bedingungen kann der Mensch nur etwa f\u00fcnf Tage ohne Wasser \u00fcberleben. Viele Organe, insbesondere das Gehirn, leiden jedoch bei Fl\u00fcssigkeitsentzug schon nach relativ kurzer Zeit.<\/p>\n\n\n\n<p>In anderen Teilen der Erde zeigt sich sehr viel konkreter, dass Zugang zu Trinkwasser keine Selbstverst\u00e4ndlichkeit ist. Rund zwei Milliarden Menschen weltweit haben keinen regelm\u00e4\u00dfigen Zugang zu Trinkwasser, weil vor\u00fcbergehende Wasserknappheit herrscht. Rund 770 Millionen Menschen haben noch nicht einmal eine Grundversorgung, d.&nbsp;h. es gibt auf dem Grundst\u00fcck keine Wasserversorgung.<\/p>\n\n\n\n<p>Wenn der Bogen weiter gespannt wird, erschlie\u00dft sich, dass fast alle Dinge im t\u00e4glichen Leben in Wirklichkeit nicht selbstverst\u00e4ndlich sind. Sie werden zwar als selbstverst\u00e4ndlich betrachtet, sind es aber bei genauerem Hinsehen nicht. In der Konsequenz kann man somit auch f\u00fcr die scheinbar selbstverst\u00e4ndlichen Dinge dankbar sein.<\/p>\n\n\n\n<h4 class=\"wp-block-heading\"><strong>Dankbarkeit f\u00fcr Menschen<\/strong><\/h4>\n\n\n\n<p>Gibt es auch nur einen einzigen Menschen, der keinen einzigen Grund findet, anderen Menschen gegen\u00fcber dankbar zu sein? Wohl kaum! Sicherlich kann niemand ernsthaft behaupten, im bisherigen Leben alles ohne Unterst\u00fctzung anderer Menschen geschafft zu haben.<\/p>\n\n\n\n<p>Den Erfolg im Leben, wie auch immer man diesen beschreibt, kann man nicht nur auf das eigene Konto buchen. Man hat Grund anzuerkennen, dass auch andere ihren Anteil daran haben. Vielleicht denkt man zuerst an das Familienumfeld, in dem man aufgewachsen ist. \u201eMeine Eltern haben mir diese M\u00f6glichkeiten geboten.\u201c oder \u201eMeine Gro\u00dfmutter hat mich immer wieder getr\u00f6stet, wenn ich mit einer schlechten Note nach Hause kam, und mir geholfen, nicht aufzugeben\u201c, so oder so \u00e4hnlich mag man vielleicht in der R\u00fcckschau empfinden.<\/p>\n\n\n\n<p>Doch da waren mit Sicherheit noch viele weitere Personen, die im Lauf des Lebens auf die ein oder andere Art und Weise Gutes f\u00fcr einen getan haben: Lehrer, Arbeitskollegen, Freunde, um nur einige zu nennen. Sie haben ihr Vertrauen geschenkt, haben \u201eein Ohr\u201c f\u00fcr einen gehabt, haben einem in ganz praktischen Dingen geholfen. Kurzum: Sie alle haben das Leben auf ihre ganz eigene Art und Weise bereichert.<\/p>\n\n\n\n<p>Zwischenmenschliche Beziehungen bereichern das Leben. Manche Beziehungen sind nur kurzlebig, auf eine bestimmte Situation begrenzt. Da ist vielleicht der hilfsbereite Mensch, der einem den schweren Koffer in den Bus hebt, und dem man nie wieder begegnet. Manche Beziehungen wiederum halten ein Leben lang. Sie \u00fcberstehen auch die Tiefen des Lebens.<\/p>\n\n\n\n<p>Ist es selbstverst\u00e4ndlich, dass einem andere Menschen unterst\u00fctzend zur Seite stehen? Falls nicht, besteht ein Grund zur Dankbarkeit.<\/p>\n\n\n\n<h4 class=\"wp-block-heading\"><strong>Dankbarkeit f\u00fcr immateriellen Reichtum<\/strong><\/h4>\n\n\n\n<p>Wenn man auf sich selbst schaut, st\u00f6\u00dft man auf die Begabungen, F\u00e4higkeiten und Kompetenzen, die man besitzt. Sie sind durch genetische Veranlagung ins Leben mitgegeben worden. Man musste sie nicht erst erwerben. Man konnte und kann sie schulen und ausbauen. Im Lauf der Zeit sind vielleicht auch neue hinzugekommen. Dies alles sind Ressourcen. Um sie sich bewusst zu machen, lohnt es sich, sie zu benennen und aufzuschreiben.<\/p>\n\n\n\n<p>Handwerkliches Geschick, sprachliche Begabung, Organisationstalent, Kreativit\u00e4t, Durchhalteverm\u00f6gen, Sorgfalt, analytisches Denken \u2026 sind nur einige wenige aus der langen Liste m\u00f6glicher Ressourcen. Jeder Mensch verf\u00fcgt \u00fcber Ressourcen, der eine mehr, der andere weniger \u2013 aber niemand besitzt keine einzige Ressource. Wenn man sich etwas Zeit nimmt und \u00fcber die eigenen Ressourcen nachdenkt, wird die Liste sicherlich nicht kurz bleiben.<\/p>\n\n\n\n<p>Wie sind beispielsweise Gesundheit, k\u00f6rperliche Fitness, Lebenszeit, zu bewerten? Es l\u00e4sst sich argumentieren, dass auch dies Ressourcen sind, die zum immateriellen Reichtum z\u00e4hlen.<\/p>\n\n\n\n<p>Dass man \u00fcber immateriellen Reichtum verf\u00fcgt und ihn weiter vermehren kann, beispielsweise durch Weiterbildung, ist ein Grund f\u00fcr Dankbarkeit. Man hat Gestaltungsmacht \u00fcber das eigene Leben. Manche haben sie mehr, andere weniger, aber niemand hat keine Macht, sein Leben zu gestalten.<\/p>\n\n\n\n<h3 class=\"wp-block-heading\"><strong><strong>Wie wirkt sich die lebensver\u00e4ndernde Kraft der Dankbarkeit konkret aus?<\/strong><\/strong><\/h3>\n\n\n\n<p>Welche konkreten Auswirkungen hat Dankbarkeit auf das praktische Leben im Alltag? Eine spannende Frage. Was sagen die Ergebnisse und Erkenntnisse aus wissenschaftlichen Untersuchungen und Studien aus?<\/p>\n\n\n\n<p>Der US-amerikanische Psychologe Robert Emmons erforschte zusammen mit weiteren Kollegen in mehr als zehnj\u00e4hriger wissenschaftlicher Arbeit die Auswirkungen von Dankbarkeit auf die k\u00f6rperliche Gesundheit und das seelische Wohlbefinden. An den verschiedenen Studien nahmen Personen vom Kindes- bis zum fortgeschrittenen Seniorenalter teil.<\/p>\n\n\n\n<p>Was die k\u00f6rperliche Gesundheit anbelangt, lie\u00dfen sich nicht unerhebliche positive Effekte feststellen. Zu den wichtigsten z\u00e4hlen: St\u00e4rkung des Immunsystems, niedrigerer Blutdruck, l\u00e4ngerer Schlaf, h\u00f6here Bereitschaft f\u00fcr regelm\u00e4\u00dfige Bewegung, und geringere Neigung zum Rauchen und Alkoholmissbrauch.<\/p>\n\n\n\n<p>Bemerkenswert sind auch die positiven Auswirkungen auf die Psyche. In Dankbarkeit ge\u00fcbte Menschen erleben ein h\u00f6heres Niveau an positiven Gef\u00fchlen. Sie sind dem Leben mehr zugewandt, erleben \u00f6fters Freude, sind optimistischer und gl\u00fccklicher. Au\u00dferdem vermindert Dankbarkeit durch h\u00f6here psychische Widerstandsf\u00e4higkeit das Risiko, irgendwann im Leben an einer Depression zu erkranken. Davon abgesehen blockiert Dankbarkeit selbstsch\u00e4digende Gef\u00fchle wie Neid oder Feindseligkeit. Es ist schlicht unm\u00f6glich Dankbarkeit und Neid gleichzeitig zu empfinden.<\/p>\n\n\n\n<p>Wenn positive Auswirkungen objektiv feststellbar sind \u2013 und dies ist der Fall -, dann ist Dankbarkeit ein Schl\u00fcssel f\u00fcr ein gl\u00fccklich(er)es und zufrieden(er)es Leben. Dann lohnt es sich, Dankbarkeit im t\u00e4glichen Leben wichtig zu nehmen und Dankbarkeitsrituale in den Tagesablauf einzubauen.<\/p>\n\n\n\n<p>Das Ein\u00fcben von Dankbarkeit selbst f\u00fcr vermeintlich Unbedeutendes (beispielsweise, wenn man an der Kasse im Supermarkt vorgelassen wird) erweist sich als ein hochwirksames und dar\u00fcber hinaus v\u00f6llig kostenloses Mittel zur Verbesserung sowohl der k\u00f6rperlichen Gesundheit als auch des seelischen Wohlbefindens. Dankbarkeit ist aktive Selbstf\u00fcrsorge!<\/p>\n\n\n\n<h3 class=\"wp-block-heading\"><strong>Kraftgedanken formulieren<\/strong><\/h3>\n\n\n\n<p>Als Startpunkt kann man einige allgemeine Kraftgedanken formulieren, die einem dabei helfen, im Hinblick auf Dankbarkeit aufmerksam zu bleiben. Beispiele sind:<\/p>\n\n\n\n<figure class=\"wp-block-pullquote\" style=\"font-size:11px;font-style:italic;font-weight:100\"><blockquote><p>\u201eIch bin dankbar f\u00fcr all die Dinge in meinem Leben, die ich besitzen und nutzen darf.\u201c<\/p><\/blockquote><\/figure>\n\n\n\n<figure class=\"wp-block-pullquote\" style=\"font-size:11px;font-style:italic;font-weight:100\"><blockquote><p>\u201eIch bin dankbar f\u00fcr alle Menschen, die mir im Leben begegnen und die mich auf die eine oder andere Art unterst\u00fctzen.\u201c<\/p><\/blockquote><\/figure>\n\n\n\n<figure class=\"wp-block-pullquote\" style=\"font-size:11px;font-style:italic;font-weight:100\"><blockquote><p>\u201eIch bin dankbar f\u00fcr alles, was mir an F\u00e4higkeiten und Kompetenzen ins Leben mitgegeben wurde. Und ich bin dankbar, dass ich diese Ressourcen vermehren kann.\u201c<\/p><\/blockquote><\/figure>\n\n\n\n<p>Diese Kraftgedanken k\u00f6nnen und sollten auf die individuellen Lebensumst\u00e4nde angepasst werden. Ein Beispiel w\u00e4re: \u201eIch bin dankbar f\u00fcr meine Freundin \u2026, mit der ich \u00fcber \u2026 sprechen konnte.\u201c<\/p>\n\n\n\n<p>Durch regelm\u00e4\u00dfiges Wiederholen stellt sich mit der Zeit eine positive Grundstimmung der Dankbarkeit ein. Sie ist nachhaltig und wirkt sich konkret im praktischen Leben aus.<\/p>\n\n\n\n<h3 class=\"wp-block-heading\">Zitate zum Thema Dankbarkeit<\/h3>\n\n\n<div class=\"pt-cv-wrapper\"><div class=\"pt-cv-view pt-cv-grid pt-cv-colsys\" id=\"pt-cv-view-2188dffc4j\"><div data-id=\"pt-cv-page-1\" class=\"pt-cv-page\" data-cvc=\"4\"><div class=\"col-md-3 col-sm-6 col-xs-12 pt-cv-content-item pt-cv-1-col\" ><div class='pt-cv-ifield'><a href=\"https:\/\/dieter-jenz.de\/lc\/du-denkst-du-bist-nicht-reich-aber-du-bist-es-doch-sei-dankbar-jenz\/\" class=\"_self pt-cv-href-thumbnail pt-cv-thumb-default\" target=\"_self\" ><img loading=\"lazy\" decoding=\"async\" width=\"200\" height=\"300\" src=\"https:\/\/dieter-jenz.de\/lc\/wp-content\/uploads\/2023\/07\/Du-denkst-du-bist-nicht-reich-D.-Jenz-200x300.jpeg\" class=\"pt-cv-thumbnail\" alt=\"Du denkst du bist nicht reich, D. Jenz - Gestaltung: privat\" srcset=\"https:\/\/dieter-jenz.de\/lc\/wp-content\/uploads\/2023\/07\/Du-denkst-du-bist-nicht-reich-D.-Jenz-200x300.jpeg 200w, https:\/\/dieter-jenz.de\/lc\/wp-content\/uploads\/2023\/07\/Du-denkst-du-bist-nicht-reich-D.-Jenz-683x1024.jpeg 683w, https:\/\/dieter-jenz.de\/lc\/wp-content\/uploads\/2023\/07\/Du-denkst-du-bist-nicht-reich-D.-Jenz-768x1152.jpeg 768w, https:\/\/dieter-jenz.de\/lc\/wp-content\/uploads\/2023\/07\/Du-denkst-du-bist-nicht-reich-D.-Jenz-540x810.jpeg 540w, https:\/\/dieter-jenz.de\/lc\/wp-content\/uploads\/2023\/07\/Du-denkst-du-bist-nicht-reich-D.-Jenz-100x150.jpeg 100w, https:\/\/dieter-jenz.de\/lc\/wp-content\/uploads\/2023\/07\/Du-denkst-du-bist-nicht-reich-D.-Jenz.jpeg 1000w\" sizes=\"(max-width: 200px) 100vw, 200px\" \/><\/a><\/div><\/div>\n<div class=\"col-md-3 col-sm-6 col-xs-12 pt-cv-content-item pt-cv-1-col\" ><div class='pt-cv-ifield'><a href=\"https:\/\/dieter-jenz.de\/lc\/dankbarkeit-ist-das-gefuehl-des-staunens-und-der-feier-des-lebens-emmons\/\" class=\"_self pt-cv-href-thumbnail pt-cv-thumb-default\" target=\"_self\" ><img loading=\"lazy\" decoding=\"async\" width=\"200\" height=\"300\" src=\"https:\/\/dieter-jenz.de\/lc\/wp-content\/uploads\/2023\/07\/Dankbarkeit-ist-das-Gefuehl-des-Staunens-R.-Emmons-200x300.jpeg\" class=\"pt-cv-thumbnail\" alt=\"Dankbarkeit ist das Gef\u00fchl des Staunens , R. Emmons - Gestaltung: privat\" srcset=\"https:\/\/dieter-jenz.de\/lc\/wp-content\/uploads\/2023\/07\/Dankbarkeit-ist-das-Gefuehl-des-Staunens-R.-Emmons-200x300.jpeg 200w, https:\/\/dieter-jenz.de\/lc\/wp-content\/uploads\/2023\/07\/Dankbarkeit-ist-das-Gefuehl-des-Staunens-R.-Emmons-683x1024.jpeg 683w, https:\/\/dieter-jenz.de\/lc\/wp-content\/uploads\/2023\/07\/Dankbarkeit-ist-das-Gefuehl-des-Staunens-R.-Emmons-768x1152.jpeg 768w, https:\/\/dieter-jenz.de\/lc\/wp-content\/uploads\/2023\/07\/Dankbarkeit-ist-das-Gefuehl-des-Staunens-R.-Emmons-540x810.jpeg 540w, https:\/\/dieter-jenz.de\/lc\/wp-content\/uploads\/2023\/07\/Dankbarkeit-ist-das-Gefuehl-des-Staunens-R.-Emmons-100x150.jpeg 100w, https:\/\/dieter-jenz.de\/lc\/wp-content\/uploads\/2023\/07\/Dankbarkeit-ist-das-Gefuehl-des-Staunens-R.-Emmons.jpeg 1000w\" sizes=\"(max-width: 200px) 100vw, 200px\" \/><\/a><\/div><\/div>\n<div class=\"col-md-3 col-sm-6 col-xs-12 pt-cv-content-item pt-cv-1-col\" ><div class='pt-cv-ifield'><a href=\"https:\/\/dieter-jenz.de\/lc\/dankbarkeit-beinhaltet-demut-eine-erkenntnis-dass-wir-emmons\/\" class=\"_self pt-cv-href-thumbnail pt-cv-thumb-default\" target=\"_self\" ><img loading=\"lazy\" decoding=\"async\" width=\"200\" height=\"300\" src=\"https:\/\/dieter-jenz.de\/lc\/wp-content\/uploads\/2023\/07\/Dankbarkeit-beinhaltet-Demut-R.-Emmons-200x300.jpeg\" class=\"pt-cv-thumbnail\" alt=\"Dankbarkeit beinhaltet Demut, R. Emmons - Gestaltung: privat\" srcset=\"https:\/\/dieter-jenz.de\/lc\/wp-content\/uploads\/2023\/07\/Dankbarkeit-beinhaltet-Demut-R.-Emmons-200x300.jpeg 200w, https:\/\/dieter-jenz.de\/lc\/wp-content\/uploads\/2023\/07\/Dankbarkeit-beinhaltet-Demut-R.-Emmons-683x1024.jpeg 683w, https:\/\/dieter-jenz.de\/lc\/wp-content\/uploads\/2023\/07\/Dankbarkeit-beinhaltet-Demut-R.-Emmons-768x1152.jpeg 768w, https:\/\/dieter-jenz.de\/lc\/wp-content\/uploads\/2023\/07\/Dankbarkeit-beinhaltet-Demut-R.-Emmons-540x810.jpeg 540w, https:\/\/dieter-jenz.de\/lc\/wp-content\/uploads\/2023\/07\/Dankbarkeit-beinhaltet-Demut-R.-Emmons-100x150.jpeg 100w, https:\/\/dieter-jenz.de\/lc\/wp-content\/uploads\/2023\/07\/Dankbarkeit-beinhaltet-Demut-R.-Emmons.jpeg 1000w\" sizes=\"(max-width: 200px) 100vw, 200px\" \/><\/a><\/div><\/div>\n<div class=\"col-md-3 col-sm-6 col-xs-12 pt-cv-content-item pt-cv-1-col\" ><div class='pt-cv-ifield'><a href=\"https:\/\/dieter-jenz.de\/lc\/dankbar-zu-leben-macht-das-leben-bedeutungsvoll-steindl-rast\/\" class=\"_self pt-cv-href-thumbnail pt-cv-thumb-default\" target=\"_self\" ><img loading=\"lazy\" decoding=\"async\" width=\"200\" height=\"300\" src=\"https:\/\/dieter-jenz.de\/lc\/wp-content\/uploads\/2023\/07\/Dankbar-zu-leben-macht-das-Leben-D.-Steindl-Rast-200x300.jpeg\" class=\"pt-cv-thumbnail\" alt=\"Dankbar zu leben macht das Leben, D. Steindl-Rast - Gestaltung: privat\" srcset=\"https:\/\/dieter-jenz.de\/lc\/wp-content\/uploads\/2023\/07\/Dankbar-zu-leben-macht-das-Leben-D.-Steindl-Rast-200x300.jpeg 200w, https:\/\/dieter-jenz.de\/lc\/wp-content\/uploads\/2023\/07\/Dankbar-zu-leben-macht-das-Leben-D.-Steindl-Rast-683x1024.jpeg 683w, https:\/\/dieter-jenz.de\/lc\/wp-content\/uploads\/2023\/07\/Dankbar-zu-leben-macht-das-Leben-D.-Steindl-Rast-768x1152.jpeg 768w, https:\/\/dieter-jenz.de\/lc\/wp-content\/uploads\/2023\/07\/Dankbar-zu-leben-macht-das-Leben-D.-Steindl-Rast-540x810.jpeg 540w, https:\/\/dieter-jenz.de\/lc\/wp-content\/uploads\/2023\/07\/Dankbar-zu-leben-macht-das-Leben-D.-Steindl-Rast-100x150.jpeg 100w, https:\/\/dieter-jenz.de\/lc\/wp-content\/uploads\/2023\/07\/Dankbar-zu-leben-macht-das-Leben-D.-Steindl-Rast.jpeg 1000w\" sizes=\"(max-width: 200px) 100vw, 200px\" \/><\/a><\/div><\/div>\n<div class=\"col-md-3 col-sm-6 col-xs-12 pt-cv-content-item pt-cv-1-col\" ><div class='pt-cv-ifield'><a href=\"https:\/\/dieter-jenz.de\/lc\/schau-genau-hin-und-du-wirst-feststellen-dass-die-menschen-steindl-rast\/\" class=\"_self pt-cv-href-thumbnail pt-cv-thumb-default\" target=\"_self\" ><img loading=\"lazy\" decoding=\"async\" width=\"200\" height=\"300\" src=\"https:\/\/dieter-jenz.de\/lc\/wp-content\/uploads\/2023\/07\/Schau-genau-hin-und-du-wirst-feststellen-D.-Steindl-Rast-200x300.jpeg\" class=\"pt-cv-thumbnail\" alt=\"Schau genau hin und du wirst feststellen, D. Steindl-Rast - Gestaltung: privat\" srcset=\"https:\/\/dieter-jenz.de\/lc\/wp-content\/uploads\/2023\/07\/Schau-genau-hin-und-du-wirst-feststellen-D.-Steindl-Rast-200x300.jpeg 200w, https:\/\/dieter-jenz.de\/lc\/wp-content\/uploads\/2023\/07\/Schau-genau-hin-und-du-wirst-feststellen-D.-Steindl-Rast-683x1024.jpeg 683w, https:\/\/dieter-jenz.de\/lc\/wp-content\/uploads\/2023\/07\/Schau-genau-hin-und-du-wirst-feststellen-D.-Steindl-Rast-768x1152.jpeg 768w, https:\/\/dieter-jenz.de\/lc\/wp-content\/uploads\/2023\/07\/Schau-genau-hin-und-du-wirst-feststellen-D.-Steindl-Rast-540x810.jpeg 540w, https:\/\/dieter-jenz.de\/lc\/wp-content\/uploads\/2023\/07\/Schau-genau-hin-und-du-wirst-feststellen-D.-Steindl-Rast-100x150.jpeg 100w, https:\/\/dieter-jenz.de\/lc\/wp-content\/uploads\/2023\/07\/Schau-genau-hin-und-du-wirst-feststellen-D.-Steindl-Rast.jpeg 1000w\" sizes=\"(max-width: 200px) 100vw, 200px\" \/><\/a><\/div><\/div><\/div><\/div>\n<div class=\" pt-cv-pagination-wrapper\"><ul class=\"pt-cv-pagination pt-cv-ajax pagination\" data-totalpages=\"3\" data-currentpage=\"1\" data-sid=\"2188dffc4j\" data-unid=\"\" data-isblock=\"\" data-postid=\"\"><li class=\"active\"><a href=\"#\">1<\/a><\/li>\n\t<li ><a class=\"\" href=\"https:\/\/dieter-jenz.de\/lc\/wp-json\/wp\/v2\/posts\/9945\/?_page=2\">2<\/a><\/li>\n\t<li ><a class=\"\" href=\"https:\/\/dieter-jenz.de\/lc\/wp-json\/wp\/v2\/posts\/9945\/?_page=3\">3<\/a><\/li>\n\t<li ><a class=\" \" href=\"https:\/\/dieter-jenz.de\/lc\/wp-json\/wp\/v2\/posts\/9945\/?_page=2\">&rsaquo;<\/a><\/li>\n\t<\/ul><img loading=\"lazy\" decoding=\"async\" width=\"15\" height=\"15\" class=\"pt-cv-spinner\" alt=\"Wird geladen\u00a0\u2026\" src=\"data:image\/gif;base64,R0lGODlhDwAPALMPAMrKygwMDJOTkz09PZWVla+vr3p6euTk5M7OzuXl5TMzMwAAAJmZmWZmZszMzP\/\/\/yH\/C05FVFNDQVBFMi4wAwEAAAAh+QQFCgAPACwAAAAADwAPAAAEQvDJaZaZOIcV8iQK8VRX4iTYoAwZ4iCYoAjZ4RxejhVNoT+mRGP4cyF4Pp0N98sBGIBMEMOotl6YZ3S61Bmbkm4mAgAh+QQFCgAPACwAAAAADQANAAAENPDJSRSZeA418itN8QiK8BiLITVsFiyBBIoYqnoewAD4xPw9iY4XLGYSjkQR4UAUD45DLwIAIfkEBQoADwAsAAAAAA8ACQAABC\/wyVlamTi3nSdgwFNdhEJgTJoNyoB9ISYoQmdjiZPcj7EYCAeCF1gEDo4Dz2eIAAAh+QQFCgAPACwCAAAADQANAAAEM\/DJBxiYeLKdX3IJZT1FU0iIg2RNKx3OkZVnZ98ToRD4MyiDnkAh6BkNC0MvsAj0kMpHBAAh+QQFCgAPACwGAAAACQAPAAAEMDC59KpFDll73HkAA2wVY5KgiK5b0RRoI6MuzG6EQqCDMlSGheEhUAgqgUUAFRySIgAh+QQFCgAPACwCAAIADQANAAAEM\/DJKZNLND\/kkKaHc3xk+QAMYDKsiaqmZCxGVjSFFCxB1vwy2oOgIDxuucxAMTAJFAJNBAAh+QQFCgAPACwAAAYADwAJAAAEMNAs86q1yaWwwv2Ig0jUZx3OYa4XoRAfwADXoAwfo1+CIjyFRuEho60aSNYlOPxEAAAh+QQFCgAPACwAAAIADQANAAAENPA9s4y8+IUVcqaWJ4qEQozSoAzoIyhCK2NFU2SJk0hNnyEOhKR2AzAAj4Pj4GE4W0bkJQIAOw==\" \/><div class=\"clear pt-cv-clear-pagination\"><\/div><\/div><\/div>\n","protected":false},"excerpt":{"rendered":"<p>\u201eDank und Liebe sind die gro\u00dfen M\u00e4chte der Welt.\u201c Dieses Zitat stammt von Friedrich von Bodelschwingh. Er musste es wissen, denn sein Leben verlief alles andere als problemlos.&hellip;<\/p>\n","protected":false},"author":2,"featured_media":9540,"comment_status":"closed","ping_status":"open","sticky":false,"template":"template-full-width-only-content.php","format":"standard","meta":{"footnotes":""},"categories":[58],"tags":[104,110,23,53,32,31],"yoast_head":"<!-- This site is optimized with the Yoast SEO plugin v24.5 - https:\/\/yoast.com\/wordpress\/plugins\/seo\/ -->\n<title>Kraftgedanken: Dankbarkeit \u2013 wirkm\u00e4chtig, lebensver\u00e4ndernd<\/title>\n<meta name=\"description\" content=\"Dankbarkeit als Schl\u00fcssel f\u00fcr Fl\u00fcck und Zufrierdenheit. Wie k\u00f6nnen Kraftgedanken der Dankbarkeit lebensver\u00e4ndernd wirken? Erfahren Sie mehr!\" \/>\n<meta name=\"robots\" content=\"index, follow, max-snippet:-1, max-image-preview:large, max-video-preview:-1\" \/>\n<link rel=\"canonical\" href=\"https:\/\/dieter-jenz.de\/lc\/kraftgedanken-dankbarkeit-lebensveraendernd\/\" \/>\n<meta property=\"og:locale\" content=\"de_DE\" \/>\n<meta property=\"og:type\" content=\"article\" \/>\n<meta property=\"og:title\" content=\"Kraftgedanken: Dankbarkeit \u2013 wirkm\u00e4chtig, lebensver\u00e4ndernd\" \/>\n<meta property=\"og:description\" content=\"Dankbarkeit als Schl\u00fcssel f\u00fcr Fl\u00fcck und Zufrierdenheit. Wie k\u00f6nnen Kraftgedanken der Dankbarkeit lebensver\u00e4ndernd wirken? Erfahren Sie mehr!\" \/>\n<meta property=\"og:url\" content=\"https:\/\/dieter-jenz.de\/lc\/kraftgedanken-dankbarkeit-lebensveraendernd\/\" \/>\n<meta property=\"og:site_name\" content=\"Dieter Jenz, Begleitung und Coaching\" \/>\n<meta property=\"article:publisher\" content=\"https:\/\/www.facebook.com\/dieter.jenz.inspiration\" \/>\n<meta property=\"article:author\" content=\"https:\/\/www.facebook.com\/dieter.jenz.inspiration\" \/>\n<meta property=\"article:published_time\" content=\"2023-11-03T14:00:00+00:00\" \/>\n<meta property=\"article:modified_time\" content=\"2023-11-10T06:53:47+00:00\" \/>\n<meta property=\"og:image\" content=\"https:\/\/dieter-jenz.de\/lc\/wp-content\/uploads\/2023\/09\/Kraftgedanken.jpeg\" \/>\n\t<meta property=\"og:image:width\" content=\"800\" \/>\n\t<meta property=\"og:image:height\" content=\"800\" \/>\n\t<meta property=\"og:image:type\" content=\"image\/jpeg\" \/>\n<meta name=\"author\" content=\"Dieter Jenz\" \/>\n<meta name=\"twitter:card\" content=\"summary_large_image\" \/>\n<meta name=\"twitter:creator\" content=\"@https:\/\/twitter.com\/dieterjenz\" \/>\n<meta name=\"twitter:site\" content=\"@dieterjenz\" \/>\n<meta name=\"twitter:label1\" content=\"Verfasst von\" \/>\n\t<meta name=\"twitter:data1\" content=\"Dieter Jenz\" \/>\n\t<meta name=\"twitter:label2\" content=\"Gesch\u00e4tzte Lesezeit\" \/>\n\t<meta name=\"twitter:data2\" content=\"9\u00a0Minuten\" \/>\n<script type=\"application\/ld+json\" class=\"yoast-schema-graph\">{\"@context\":\"https:\/\/schema.org\",\"@graph\":[{\"@type\":\"Article\",\"@id\":\"https:\/\/dieter-jenz.de\/lc\/kraftgedanken-dankbarkeit-lebensveraendernd\/#article\",\"isPartOf\":{\"@id\":\"https:\/\/dieter-jenz.de\/lc\/kraftgedanken-dankbarkeit-lebensveraendernd\/\"},\"author\":{\"name\":\"Dieter Jenz\",\"@id\":\"https:\/\/dieter-jenz.de\/lc\/#\/schema\/person\/618cfd5c289d0a23930cb258a43679ab\"},\"headline\":\"Kraftgedanken: Dankbarkeit \u2013 wirkm\u00e4chtig, lebensver\u00e4ndernd\",\"datePublished\":\"2023-11-03T14:00:00+00:00\",\"dateModified\":\"2023-11-10T06:53:47+00:00\",\"mainEntityOfPage\":{\"@id\":\"https:\/\/dieter-jenz.de\/lc\/kraftgedanken-dankbarkeit-lebensveraendernd\/\"},\"wordCount\":1691,\"publisher\":{\"@id\":\"https:\/\/dieter-jenz.de\/lc\/#\/schema\/person\/618cfd5c289d0a23930cb258a43679ab\"},\"image\":{\"@id\":\"https:\/\/dieter-jenz.de\/lc\/kraftgedanken-dankbarkeit-lebensveraendernd\/#primaryimage\"},\"thumbnailUrl\":\"https:\/\/dieter-jenz.de\/lc\/wp-content\/uploads\/2023\/09\/Kraftgedanken.jpeg\",\"keywords\":[\"Gl\u00fcck\",\"Lebensgestaltung\",\"Lebenskraft\",\"Lebensqualit\u00e4t\",\"Wohlbefinden\",\"Zufriedenheit\"],\"articleSection\":[\"Kraftgedanken\"],\"inLanguage\":\"de\"},{\"@type\":\"WebPage\",\"@id\":\"https:\/\/dieter-jenz.de\/lc\/kraftgedanken-dankbarkeit-lebensveraendernd\/\",\"url\":\"https:\/\/dieter-jenz.de\/lc\/kraftgedanken-dankbarkeit-lebensveraendernd\/\",\"name\":\"Kraftgedanken: Dankbarkeit \u2013 wirkm\u00e4chtig, lebensver\u00e4ndernd\",\"isPartOf\":{\"@id\":\"https:\/\/dieter-jenz.de\/lc\/#website\"},\"primaryImageOfPage\":{\"@id\":\"https:\/\/dieter-jenz.de\/lc\/kraftgedanken-dankbarkeit-lebensveraendernd\/#primaryimage\"},\"image\":{\"@id\":\"https:\/\/dieter-jenz.de\/lc\/kraftgedanken-dankbarkeit-lebensveraendernd\/#primaryimage\"},\"thumbnailUrl\":\"https:\/\/dieter-jenz.de\/lc\/wp-content\/uploads\/2023\/09\/Kraftgedanken.jpeg\",\"datePublished\":\"2023-11-03T14:00:00+00:00\",\"dateModified\":\"2023-11-10T06:53:47+00:00\",\"description\":\"Dankbarkeit als Schl\u00fcssel f\u00fcr Fl\u00fcck und Zufrierdenheit. Wie k\u00f6nnen Kraftgedanken der Dankbarkeit lebensver\u00e4ndernd wirken? Erfahren Sie mehr!\",\"breadcrumb\":{\"@id\":\"https:\/\/dieter-jenz.de\/lc\/kraftgedanken-dankbarkeit-lebensveraendernd\/#breadcrumb\"},\"inLanguage\":\"de\",\"potentialAction\":[{\"@type\":\"ReadAction\",\"target\":[\"https:\/\/dieter-jenz.de\/lc\/kraftgedanken-dankbarkeit-lebensveraendernd\/\"]}]},{\"@type\":\"ImageObject\",\"inLanguage\":\"de\",\"@id\":\"https:\/\/dieter-jenz.de\/lc\/kraftgedanken-dankbarkeit-lebensveraendernd\/#primaryimage\",\"url\":\"https:\/\/dieter-jenz.de\/lc\/wp-content\/uploads\/2023\/09\/Kraftgedanken.jpeg\",\"contentUrl\":\"https:\/\/dieter-jenz.de\/lc\/wp-content\/uploads\/2023\/09\/Kraftgedanken.jpeg\",\"width\":800,\"height\":800,\"caption\":\"Gestaltung: privat\"},{\"@type\":\"BreadcrumbList\",\"@id\":\"https:\/\/dieter-jenz.de\/lc\/kraftgedanken-dankbarkeit-lebensveraendernd\/#breadcrumb\",\"itemListElement\":[{\"@type\":\"ListItem\",\"position\":1,\"name\":\"Home\",\"item\":\"https:\/\/dieter-jenz.de\/lc\/\"},{\"@type\":\"ListItem\",\"position\":2,\"name\":\"Kraftgedanken\",\"item\":\"https:\/\/dieter-jenz.de\/lc\/category\/kraftgedanken\/\"},{\"@type\":\"ListItem\",\"position\":3,\"name\":\"Kraftgedanken: Dankbarkeit \u2013 wirkm\u00e4chtig, lebensver\u00e4ndernd\"}]},{\"@type\":\"WebSite\",\"@id\":\"https:\/\/dieter-jenz.de\/lc\/#website\",\"url\":\"https:\/\/dieter-jenz.de\/lc\/\",\"name\":\"Dieter Jenz, Begleitung und Coaching\",\"description\":\"Die andere, neue Sichtweise entdecken - auftanken - neue Wege gehen\",\"publisher\":{\"@id\":\"https:\/\/dieter-jenz.de\/lc\/#\/schema\/person\/618cfd5c289d0a23930cb258a43679ab\"},\"potentialAction\":[{\"@type\":\"SearchAction\",\"target\":{\"@type\":\"EntryPoint\",\"urlTemplate\":\"https:\/\/dieter-jenz.de\/lc\/?s={search_term_string}\"},\"query-input\":{\"@type\":\"PropertyValueSpecification\",\"valueRequired\":true,\"valueName\":\"search_term_string\"}}],\"inLanguage\":\"de\"},{\"@type\":[\"Person\",\"Organization\"],\"@id\":\"https:\/\/dieter-jenz.de\/lc\/#\/schema\/person\/618cfd5c289d0a23930cb258a43679ab\",\"name\":\"Dieter Jenz\",\"image\":{\"@type\":\"ImageObject\",\"inLanguage\":\"de\",\"@id\":\"https:\/\/dieter-jenz.de\/lc\/#\/schema\/person\/image\/\",\"url\":\"https:\/\/dieter-jenz.de\/lc\/wp-content\/uploads\/2020\/01\/Logo-Coaching-und-Begleitung.png\",\"contentUrl\":\"https:\/\/dieter-jenz.de\/lc\/wp-content\/uploads\/2020\/01\/Logo-Coaching-und-Begleitung.png\",\"width\":320,\"height\":240,\"caption\":\"Dieter Jenz\"},\"logo\":{\"@id\":\"https:\/\/dieter-jenz.de\/lc\/#\/schema\/person\/image\/\"},\"description\":\"Ich bin Dieter Jenz, Begleiter, Berater und Coach mit Leidenschaft. \u00dcber viele Jahre hinweg habe ich einen reichen Schatz an Kompetenz und Erfahrung erworben. Meine Themen sind die \\\"4L\\\": Lebensaufgabe, Lebensplanung, Lebensnavigation und Lebensqualit\u00e4t.\",\"sameAs\":[\"https:\/\/www.facebook.com\/dieter.jenz.inspiration\",\"https:\/\/www.pinterest.de\/dieterjenz\/\",\"https:\/\/x.com\/https:\/\/twitter.com\/dieterjenz\"],\"url\":\"https:\/\/dieter-jenz.de\/lc\/author\/dieter\/\"}]}<\/script>\n<!-- \/ Yoast SEO plugin. -->","yoast_head_json":{"title":"Kraftgedanken: Dankbarkeit \u2013 wirkm\u00e4chtig, lebensver\u00e4ndernd","description":"Dankbarkeit als Schl\u00fcssel f\u00fcr Fl\u00fcck und Zufrierdenheit. Wie k\u00f6nnen Kraftgedanken der Dankbarkeit lebensver\u00e4ndernd wirken? Erfahren Sie mehr!","robots":{"index":"index","follow":"follow","max-snippet":"max-snippet:-1","max-image-preview":"max-image-preview:large","max-video-preview":"max-video-preview:-1"},"canonical":"https:\/\/dieter-jenz.de\/lc\/kraftgedanken-dankbarkeit-lebensveraendernd\/","og_locale":"de_DE","og_type":"article","og_title":"Kraftgedanken: Dankbarkeit \u2013 wirkm\u00e4chtig, lebensver\u00e4ndernd","og_description":"Dankbarkeit als Schl\u00fcssel f\u00fcr Fl\u00fcck und Zufrierdenheit. Wie k\u00f6nnen Kraftgedanken der Dankbarkeit lebensver\u00e4ndernd wirken? Erfahren Sie mehr!","og_url":"https:\/\/dieter-jenz.de\/lc\/kraftgedanken-dankbarkeit-lebensveraendernd\/","og_site_name":"Dieter Jenz, Begleitung und Coaching","article_publisher":"https:\/\/www.facebook.com\/dieter.jenz.inspiration","article_author":"https:\/\/www.facebook.com\/dieter.jenz.inspiration","article_published_time":"2023-11-03T14:00:00+00:00","article_modified_time":"2023-11-10T06:53:47+00:00","og_image":[{"width":800,"height":800,"url":"https:\/\/dieter-jenz.de\/lc\/wp-content\/uploads\/2023\/09\/Kraftgedanken.jpeg","type":"image\/jpeg"}],"author":"Dieter Jenz","twitter_card":"summary_large_image","twitter_creator":"@https:\/\/twitter.com\/dieterjenz","twitter_site":"@dieterjenz","twitter_misc":{"Verfasst von":"Dieter Jenz","Gesch\u00e4tzte Lesezeit":"9\u00a0Minuten"},"schema":{"@context":"https:\/\/schema.org","@graph":[{"@type":"Article","@id":"https:\/\/dieter-jenz.de\/lc\/kraftgedanken-dankbarkeit-lebensveraendernd\/#article","isPartOf":{"@id":"https:\/\/dieter-jenz.de\/lc\/kraftgedanken-dankbarkeit-lebensveraendernd\/"},"author":{"name":"Dieter Jenz","@id":"https:\/\/dieter-jenz.de\/lc\/#\/schema\/person\/618cfd5c289d0a23930cb258a43679ab"},"headline":"Kraftgedanken: Dankbarkeit \u2013 wirkm\u00e4chtig, lebensver\u00e4ndernd","datePublished":"2023-11-03T14:00:00+00:00","dateModified":"2023-11-10T06:53:47+00:00","mainEntityOfPage":{"@id":"https:\/\/dieter-jenz.de\/lc\/kraftgedanken-dankbarkeit-lebensveraendernd\/"},"wordCount":1691,"publisher":{"@id":"https:\/\/dieter-jenz.de\/lc\/#\/schema\/person\/618cfd5c289d0a23930cb258a43679ab"},"image":{"@id":"https:\/\/dieter-jenz.de\/lc\/kraftgedanken-dankbarkeit-lebensveraendernd\/#primaryimage"},"thumbnailUrl":"https:\/\/dieter-jenz.de\/lc\/wp-content\/uploads\/2023\/09\/Kraftgedanken.jpeg","keywords":["Gl\u00fcck","Lebensgestaltung","Lebenskraft","Lebensqualit\u00e4t","Wohlbefinden","Zufriedenheit"],"articleSection":["Kraftgedanken"],"inLanguage":"de"},{"@type":"WebPage","@id":"https:\/\/dieter-jenz.de\/lc\/kraftgedanken-dankbarkeit-lebensveraendernd\/","url":"https:\/\/dieter-jenz.de\/lc\/kraftgedanken-dankbarkeit-lebensveraendernd\/","name":"Kraftgedanken: Dankbarkeit \u2013 wirkm\u00e4chtig, lebensver\u00e4ndernd","isPartOf":{"@id":"https:\/\/dieter-jenz.de\/lc\/#website"},"primaryImageOfPage":{"@id":"https:\/\/dieter-jenz.de\/lc\/kraftgedanken-dankbarkeit-lebensveraendernd\/#primaryimage"},"image":{"@id":"https:\/\/dieter-jenz.de\/lc\/kraftgedanken-dankbarkeit-lebensveraendernd\/#primaryimage"},"thumbnailUrl":"https:\/\/dieter-jenz.de\/lc\/wp-content\/uploads\/2023\/09\/Kraftgedanken.jpeg","datePublished":"2023-11-03T14:00:00+00:00","dateModified":"2023-11-10T06:53:47+00:00","description":"Dankbarkeit als Schl\u00fcssel f\u00fcr Fl\u00fcck und Zufrierdenheit. Wie k\u00f6nnen Kraftgedanken der Dankbarkeit lebensver\u00e4ndernd wirken? Erfahren Sie mehr!","breadcrumb":{"@id":"https:\/\/dieter-jenz.de\/lc\/kraftgedanken-dankbarkeit-lebensveraendernd\/#breadcrumb"},"inLanguage":"de","potentialAction":[{"@type":"ReadAction","target":["https:\/\/dieter-jenz.de\/lc\/kraftgedanken-dankbarkeit-lebensveraendernd\/"]}]},{"@type":"ImageObject","inLanguage":"de","@id":"https:\/\/dieter-jenz.de\/lc\/kraftgedanken-dankbarkeit-lebensveraendernd\/#primaryimage","url":"https:\/\/dieter-jenz.de\/lc\/wp-content\/uploads\/2023\/09\/Kraftgedanken.jpeg","contentUrl":"https:\/\/dieter-jenz.de\/lc\/wp-content\/uploads\/2023\/09\/Kraftgedanken.jpeg","width":800,"height":800,"caption":"Gestaltung: privat"},{"@type":"BreadcrumbList","@id":"https:\/\/dieter-jenz.de\/lc\/kraftgedanken-dankbarkeit-lebensveraendernd\/#breadcrumb","itemListElement":[{"@type":"ListItem","position":1,"name":"Home","item":"https:\/\/dieter-jenz.de\/lc\/"},{"@type":"ListItem","position":2,"name":"Kraftgedanken","item":"https:\/\/dieter-jenz.de\/lc\/category\/kraftgedanken\/"},{"@type":"ListItem","position":3,"name":"Kraftgedanken: Dankbarkeit \u2013 wirkm\u00e4chtig, lebensver\u00e4ndernd"}]},{"@type":"WebSite","@id":"https:\/\/dieter-jenz.de\/lc\/#website","url":"https:\/\/dieter-jenz.de\/lc\/","name":"Dieter Jenz, Begleitung und Coaching","description":"Die andere, neue Sichtweise entdecken - auftanken - neue Wege gehen","publisher":{"@id":"https:\/\/dieter-jenz.de\/lc\/#\/schema\/person\/618cfd5c289d0a23930cb258a43679ab"},"potentialAction":[{"@type":"SearchAction","target":{"@type":"EntryPoint","urlTemplate":"https:\/\/dieter-jenz.de\/lc\/?s={search_term_string}"},"query-input":{"@type":"PropertyValueSpecification","valueRequired":true,"valueName":"search_term_string"}}],"inLanguage":"de"},{"@type":["Person","Organization"],"@id":"https:\/\/dieter-jenz.de\/lc\/#\/schema\/person\/618cfd5c289d0a23930cb258a43679ab","name":"Dieter Jenz","image":{"@type":"ImageObject","inLanguage":"de","@id":"https:\/\/dieter-jenz.de\/lc\/#\/schema\/person\/image\/","url":"https:\/\/dieter-jenz.de\/lc\/wp-content\/uploads\/2020\/01\/Logo-Coaching-und-Begleitung.png","contentUrl":"https:\/\/dieter-jenz.de\/lc\/wp-content\/uploads\/2020\/01\/Logo-Coaching-und-Begleitung.png","width":320,"height":240,"caption":"Dieter Jenz"},"logo":{"@id":"https:\/\/dieter-jenz.de\/lc\/#\/schema\/person\/image\/"},"description":"Ich bin Dieter Jenz, Begleiter, Berater und Coach mit Leidenschaft. \u00dcber viele Jahre hinweg habe ich einen reichen Schatz an Kompetenz und Erfahrung erworben. Meine Themen sind die \"4L\": Lebensaufgabe, Lebensplanung, Lebensnavigation und Lebensqualit\u00e4t.","sameAs":["https:\/\/www.facebook.com\/dieter.jenz.inspiration","https:\/\/www.pinterest.de\/dieterjenz\/","https:\/\/x.com\/https:\/\/twitter.com\/dieterjenz"],"url":"https:\/\/dieter-jenz.de\/lc\/author\/dieter\/"}]}},"_links":{"self":[{"href":"https:\/\/dieter-jenz.de\/lc\/wp-json\/wp\/v2\/posts\/9945"}],"collection":[{"href":"https:\/\/dieter-jenz.de\/lc\/wp-json\/wp\/v2\/posts"}],"about":[{"href":"https:\/\/dieter-jenz.de\/lc\/wp-json\/wp\/v2\/types\/post"}],"author":[{"embeddable":true,"href":"https:\/\/dieter-jenz.de\/lc\/wp-json\/wp\/v2\/users\/2"}],"replies":[{"embeddable":true,"href":"https:\/\/dieter-jenz.de\/lc\/wp-json\/wp\/v2\/comments?post=9945"}],"version-history":[{"count":4,"href":"https:\/\/dieter-jenz.de\/lc\/wp-json\/wp\/v2\/posts\/9945\/revisions"}],"predecessor-version":[{"id":10012,"href":"https:\/\/dieter-jenz.de\/lc\/wp-json\/wp\/v2\/posts\/9945\/revisions\/10012"}],"wp:featuredmedia":[{"embeddable":true,"href":"https:\/\/dieter-jenz.de\/lc\/wp-json\/wp\/v2\/media\/9540"}],"wp:attachment":[{"href":"https:\/\/dieter-jenz.de\/lc\/wp-json\/wp\/v2\/media?parent=9945"}],"wp:term":[{"taxonomy":"category","embeddable":true,"href":"https:\/\/dieter-jenz.de\/lc\/wp-json\/wp\/v2\/categories?post=9945"},{"taxonomy":"post_tag","embeddable":true,"href":"https:\/\/dieter-jenz.de\/lc\/wp-json\/wp\/v2\/tags?post=9945"}],"curies":[{"name":"wp","href":"https:\/\/api.w.org\/{rel}","templated":true}]}}